{"id":54772,"date":"2021-10-04T05:55:14","date_gmt":"2021-10-04T08:55:14","guid":{"rendered":"http:\/\/vocesdelacomuna15.com.ar\/wordpress\/?p=54772"},"modified":"2021-10-04T11:24:14","modified_gmt":"2021-10-04T14:24:14","slug":"ba-multiplica-abrio-la-nueva-convocatoria-del-programa-de-jovenes-por-jovenes","status":"publish","type":"post","link":"https:\/\/vocesdelacomuna15.com.ar\/press\/ba-multiplica-abrio-la-nueva-convocatoria-del-programa-de-jovenes-por-jovenes\/","title":{"rendered":"BA Multiplica: abri\u00f3 la nueva convocatoria del programa de j\u00f3venes por j\u00f3venes"},"content":{"rendered":"\n<p>Comenz\u00f3 la inscripci\u00f3n a la \u00faltima edici\u00f3n del a\u00f1o del curso online que ayudar\u00e1 a multiplicar el conocimiento y adquirir habilidades para potenciar las condiciones de empleabilidad de los j\u00f3venes de la Ciudad. Fuente: Buenosaires.gob.ar<\/p>\n\n\n\n<p>Link a nota original: <a href=\"https:\/\/www.buenosaires.gob.ar\/desarrolloeconomico\/bajoven\/noticias\/llego-ba-multiplica-el-programa-de-jovenes-para-jovenes\">https:\/\/www.buenosaires.gob.ar\/desarrolloeconomico\/bajoven\/noticias\/llego-ba-multiplica-el-programa-de-jovenes-para-jovenes<\/a><\/p>\n\n\n\n<p>Presentamos la cuarta\nedici\u00f3n de&nbsp;<strong>BA Multiplica, el programa de formaci\u00f3n virtual de\n\u00abj\u00f3venes por j\u00f3venes\u00bb<\/strong>, una iniciativa del Ministerio de Desarrollo Econ\u00f3mico\ny Producci\u00f3n a trav\u00e9s de la Direcci\u00f3n General Pol\u00edticas de Juventud de la\nCiudad. Consiste en un curso virtual y sin costo presentado por j\u00f3venes\npromotores que capacitar\u00e1n a sus pares para que puedan desarrollar habilidades\nblandas y digitales que fortalezcan sus condiciones de empleabilidad.<\/p>\n\n\n\n<p>Entre las tem\u00e1ticas\nabordadas se destacan: herramientas digitales, trabajo colaborativo,\npensamiento creativo, an\u00e1lisis de datos, programaci\u00f3n, dise\u00f1o web, pensamiento\nl\u00f3gico formal, perspectiva de g\u00e9nero en \u00e1mbitos laborales, consumo responsable,\nempleo verde y sustentabilidad, empleabilidad, entre otras.<\/p>\n\n\n\n<p>BA Multiplica tiene por\nobjetivo&nbsp;<strong>promover la inclusi\u00f3n y la participaci\u00f3n en el \u00e1mbito\nlaboral, educativo, social y comunitario<\/strong>, ya que ofrece conocimientos\ny herramientas tecnol\u00f3gicas requeridas en el mercado y para la acci\u00f3n\nciudadana. Pueden participar&nbsp;<strong>j\u00f3venes de todo el pa\u00eds de entre 16 y\n35 a\u00f1os<\/strong>&nbsp;que quieran capacitarse y transformarse en agentes de\ncambio en futuros \u00e1mbitos laborales. El cuarto curso del a\u00f1o comienza el 1 de\nnoviembre, se cursa los d\u00edas martes y jueves y hay turnos tanto ma\u00f1ana como\ntarde en la siguiente franja horaria: de 9 a 11 o de 11 a 13 horas \/ de 17 a 19\nde 18 a 20 horas.Para sumarte s\u00f3lo es necesario completar el formulario de inscripci\u00f3n.<\/p>\n\n\n\n<p>Inscribite: <a href=\"https:\/\/www.formulariosgcba.gob.ar\/EMwNoXRBOdrR1gVerp34\/canal\/web\">https:\/\/www.formulariosgcba.gob.ar\/EMwNoXRBOdrR1gVerp34\/canal\/web<\/a><\/p>\n\n\n\n<p>La capacitaci\u00f3n busca\nresolver inquietudes puntuales y ofrece espacios de debate e incentiva el\nfeedback entre todos los j\u00f3venes participantes. Tiene una&nbsp;<strong>duraci\u00f3n\nde 6 semanas y est\u00e1 conformada por 8 m\u00f3dulos.<\/strong>&nbsp;Al finalizar un\ncurso comenzar\u00e1 el siguiente; este formato se repetir\u00e1 en el transcurso de todo\nel a\u00f1o 2021. Gran parte de las clases se va a dictar de forma online y en vivo\nen encuentros de 2 horas a trav\u00e9s de Microsoft Teams, pero tambi\u00e9n habr\u00e1\nclases, din\u00e1micas y material asincr\u00f3nico disponibles en la plataforma Community\nTraining en el Campus BA Joven. Quienes completen el programa recibir\u00e1n un\ncertificado emitido por el Gobierno de la Ciudad.<\/p>\n\n\n\n<p>BA Multiplica cuenta con\nel respaldo y acompa\u00f1amiento de prestigiosas organizaciones tales como&nbsp;<strong>Microsoft,\nAIESEC, EIDOS GLOBAL, Asociaci\u00f3n Civil Conocer y Prevenir, Federaci\u00f3n\nUniversitaria de Buenos Aires y la Facultad de Psicolog\u00eda de la Universidad de\nBuenos Aires.<\/strong>&nbsp;Dichas instituciones est\u00e1n a cargo de la selecci\u00f3n,\npreparaci\u00f3n y formaci\u00f3n de los j\u00f3venes promotores que brindan el curso\nofreciendo herramientas, material y conocimientos para cada una de las\ntem\u00e1ticas espec\u00edficas que este aborda.<\/p>\n\n\n\n<p>A continuaci\u00f3n\npresentamos los m\u00f3dulos y un resumen de las tem\u00e1ticas a dictar.<\/p>\n\n\n\n<p><strong>Tem\u00e1ticas relacionadas con\nherramientas digitales y de empleabilidad:<\/strong><\/p>\n\n\n\n<p>\u2022 Microsoft Teams y\ntrabajo colaborativo: Presenta conocimientos para iniciar sesi\u00f3n en Microsoft\nTeams, aprender a descargar y subir archivos en la nube (Microsoft OneDrive),\nc\u00f3mo colaborar en equipos y canales, nociones para realizar videollamadas y\nconocimientos para utilizar el chat.<\/p>\n\n\n\n<p>\u2022 Microsoft Powerpoint y\ndesarrollo del pensamiento creativo: Acerca datos sobre diapositivas, dise\u00f1o,\ntextos y tablas. Ense\u00f1a a insertar im\u00e1genes y gr\u00e1ficos. Tambi\u00e9n ayuda a\nrealizar presentaciones de diapositivas, animaciones con audio y video. Permite\naprender a compartir y trabajar en co-autor\u00eda.<\/p>\n\n\n\n<p>\u2022 Microsoft Excel y\nan\u00e1lisis de datos: Presenta conocimientos sobre hojas de c\u00e1lculo, filas,\ncolumnas, celdas, formato, f\u00f3rmulas, funciones, tablas, gr\u00e1ficos y m\u00e1s.\nProgramaci\u00f3n, dise\u00f1o Web y pensamiento l\u00f3gico formal: Permite aprender a\nconfigurar el entorno de desarrollo, a usar Visual Studio Code, a crear\narchivos para un sitio web y a escribir en c\u00f3digo HTML, CSS y Javascript.<\/p>\n\n\n\n<p>\u2022 Linkedin y b\u00fasqueda de\nempleo (contenido asincr\u00f3nico): Permite aprender a crear un CV y perfil de\nLinkedIn eficaz para la b\u00fasqueda de empleo a trav\u00e9s de Internet.<\/p>\n\n\n\n<p><strong>Tem\u00e1ticas relacionadas con g\u00e9nero:<\/strong><\/p>\n\n\n\n<p>\u2022 Igualdad de g\u00e9nero en\n\u00e1mbitos laborales: aborda conceptos y definiciones fundamentales. Facilita\nnociones sobre contexto actual y el marco legal. Presenta las diferentes redes\ncomunitarias y estatales que promueven la igualdad de derechos hacia mujeres,\nlas diversidades y la lucha contra la violencia de g\u00e9nero.<\/p>\n\n\n\n<p><strong>Tem\u00e1ticas relacionadas con el\nconsumo responsable:<\/strong><\/p>\n\n\n\n<p>\u2022 Taller de reflexi\u00f3n\nsobre la construcci\u00f3n social de la problem\u00e1tica del consumo: acerca nociones\npara la deconstrucci\u00f3n de falsas creencias y prejuicios del consumo de\nsustancias psicoactivas. Ofrece un espacio para la reflexi\u00f3n y la interacci\u00f3n\nde los participantes.<\/p>\n\n\n\n<p><strong>Tem\u00e1ticas relacionadas con el\nambiente:<\/strong><\/p>\n\n\n\n<p>\u2022 Empleo verde y\nsustentabilidad en el \u00e1mbito laboral (contenido asincr\u00f3nico): aborda\nconocimientos sobre las buenas pr\u00e1cticas ambientales dentro de las empresas.\nPresenta la importancia y sostenibilidad de pol\u00edticas p\u00fablicas que prioricen pr\u00e1cticas\nambientales activas.<\/p>\n\n\n\n<p>Inscribite ahora: <a href=\"https:\/\/www.formulariosgcba.gob.ar\/EMwNoXRBOdrR1gVerp34\/canal\/web\">https:\/\/www.formulariosgcba.gob.ar\/EMwNoXRBOdrR1gVerp34\/canal\/web<\/a><\/p>\n\n\n\n<p><strong>Per\u00edodo de Inscripci\u00f3n cuarta\nedici\u00f3n:<\/strong><strong><\/strong><\/p>\n\n\n\n<p>Comienza el d\u00eda&nbsp;<strong>29\nde septiembre y finaliza el 17 de octubre de 2021 a las 23:59 h.<\/strong><\/p>\n\n\n\n<p>Para m\u00e1s informaci\u00f3n\nsobre&nbsp;<strong>BA Multiplica<\/strong>, visit\u00e1 nuestro&nbsp;<a href=\"https:\/\/www.instagram.com\/bajoven\/\">Instagram<\/a>&nbsp;o descarg\u00e1\nel&nbsp;<a href=\"https:\/\/drive.google.com\/file\/d\/1xC8jQabivgrlysiY8Cj_t86pm1XM3_uL\/view\">dossier<\/a>&nbsp;del programa.<\/p>\n\n\n\n<p>Caracteres: 5.244<\/p>\n\n\n\n<p>Foto: Buenosaires.gob.ar<\/p>\n<div class=\"pvc_clear\"><\/div><p id=\"pvc_stats_54772\" class=\"pvc_stats all  \" data-element-id=\"54772\" style=\"\"><i class=\"pvc-stats-icon small\" aria-hidden=\"true\"><svg aria-hidden=\"true\" focusable=\"false\" data-prefix=\"far\" data-icon=\"chart-bar\" role=\"img\" xmlns=\"http:\/\/www.w3.org\/2000\/svg\" viewBox=\"0 0 512 512\" class=\"svg-inline--fa fa-chart-bar fa-w-16 fa-2x\"><path fill=\"currentColor\" d=\"M396.8 352h22.4c6.4 0 12.8-6.4 12.8-12.8V108.8c0-6.4-6.4-12.8-12.8-12.8h-22.4c-6.4 0-12.8 6.4-12.8 12.8v230.4c0 6.4 6.4 12.8 12.8 12.8zm-192 0h22.4c6.4 0 12.8-6.4 12.8-12.8V140.8c0-6.4-6.4-12.8-12.8-12.8h-22.4c-6.4 0-12.8 6.4-12.8 12.8v198.4c0 6.4 6.4 12.8 12.8 12.8zm96 0h22.4c6.4 0 12.8-6.4 12.8-12.8V204.8c0-6.4-6.4-12.8-12.8-12.8h-22.4c-6.4 0-12.8 6.4-12.8 12.8v134.4c0 6.4 6.4 12.8 12.8 12.8zM496 400H48V80c0-8.84-7.16-16-16-16H16C7.16 64 0 71.16 0 80v336c0 17.67 14.33 32 32 32h464c8.84 0 16-7.16 16-16v-16c0-8.84-7.16-16-16-16zm-387.2-48h22.4c6.4 0 12.8-6.4 12.8-12.8v-70.4c0-6.4-6.4-12.8-12.8-12.8h-22.4c-6.4 0-12.8 6.4-12.8 12.8v70.4c0 6.4 6.4 12.8 12.8 12.8z\" class=\"\"><\/path><\/svg><\/i> <img loading=\"lazy\" decoding=\"async\" width=\"16\" height=\"16\" alt=\"Loading\" src=\"https:\/\/vocesdelacomuna15.com.ar\/wp-content\/plugins\/page-views-count\/ajax-loader-2x.gif\" border=0 \/><\/p><div class=\"pvc_clear\"><\/div>","protected":false},"excerpt":{"rendered":"<p>Comenz\u00f3 la inscripci\u00f3n a la \u00faltima edici\u00f3n del a\u00f1o del curso online que ayudar\u00e1 a multiplicar el conocimiento y adquirir habilidades para potenciar las condiciones de empleabilidad de los j\u00f3venes de la Ciudad. Fuente: Buenosaires.gob.ar Link a nota original: https:\/\/www.buenosaires.gob.ar\/desarrolloeconomico\/bajoven\/noticias\/llego-ba-multiplica-el-programa-de-jovenes-para-jovenes Presentamos la cuarta edici\u00f3n de&nbsp;BA Multiplica, el programa de formaci\u00f3n virtual de \u00abj\u00f3venes por j\u00f3venes\u00bb, [&hellip;]<\/p>\n<div class=\"pvc_clear\"><\/div>\n<p id=\"pvc_stats_54772\" class=\"pvc_stats all  \" data-element-id=\"54772\" style=\"\"><i class=\"pvc-stats-icon small\" aria-hidden=\"true\"><svg aria-hidden=\"true\" focusable=\"false\" data-prefix=\"far\" data-icon=\"chart-bar\" role=\"img\" xmlns=\"http:\/\/www.w3.org\/2000\/svg\" viewBox=\"0 0 512 512\" class=\"svg-inline--fa fa-chart-bar fa-w-16 fa-2x\"><path fill=\"currentColor\" d=\"M396.8 352h22.4c6.4 0 12.8-6.4 12.8-12.8V108.8c0-6.4-6.4-12.8-12.8-12.8h-22.4c-6.4 0-12.8 6.4-12.8 12.8v230.4c0 6.4 6.4 12.8 12.8 12.8zm-192 0h22.4c6.4 0 12.8-6.4 12.8-12.8V140.8c0-6.4-6.4-12.8-12.8-12.8h-22.4c-6.4 0-12.8 6.4-12.8 12.8v198.4c0 6.4 6.4 12.8 12.8 12.8zm96 0h22.4c6.4 0 12.8-6.4 12.8-12.8V204.8c0-6.4-6.4-12.8-12.8-12.8h-22.4c-6.4 0-12.8 6.4-12.8 12.8v134.4c0 6.4 6.4 12.8 12.8 12.8zM496 400H48V80c0-8.84-7.16-16-16-16H16C7.16 64 0 71.16 0 80v336c0 17.67 14.33 32 32 32h464c8.84 0 16-7.16 16-16v-16c0-8.84-7.16-16-16-16zm-387.2-48h22.4c6.4 0 12.8-6.4 12.8-12.8v-70.4c0-6.4-6.4-12.8-12.8-12.8h-22.4c-6.4 0-12.8 6.4-12.8 12.8v70.4c0 6.4 6.4 12.8 12.8 12.8z\" class=\"\"><\/path><\/svg><\/i> <img loading=\"lazy\" decoding=\"async\" width=\"16\" height=\"16\" alt=\"Loading\" src=\"https:\/\/vocesdelacomuna15.com.ar\/wp-content\/plugins\/page-views-count\/ajax-loader-2x.gif\" border=0 \/><\/p>\n<div class=\"pvc_clear\"><\/div>\n","protected":false},"author":2,"featured_media":54773,"comment_status":"open","ping_status":"open","sticky":false,"template":"","format":"standard","meta":{"_et_pb_use_builder":"off","_et_pb_old_content":"","_et_gb_content_width":"","footnotes":""},"categories":[26],"tags":[],"class_list":["post-54772","post","type-post","status-publish","format-standard","has-post-thumbnail","hentry","category-ciudad","et-has-post-format-content","et_post_format-et-post-format-standard"],"a3_pvc":{"activated":true,"total_views":231,"today_views":0},"yoast_head":"<!-- This site is optimized with the Yoast SEO plugin v27.5 - https:\/\/yoast.com\/product\/yoast-seo-wordpress\/ -->\n<title>BA Multiplica: abri\u00f3 la nueva convocatoria del programa de j\u00f3venes por j\u00f3venes - Voces de la Comuna 15<\/title>\n<meta name=\"description\" content=\"Voces de la Comuna 15\" \/>\n<meta name=\"robots\" content=\"index, follow, max-snippet:-1, max-image-preview:large, max-video-preview:-1\" \/>\n<link rel=\"canonical\" href=\"https:\/\/vocesdelacomuna15.com.ar\/press\/ba-multiplica-abrio-la-nueva-convocatoria-del-programa-de-jovenes-por-jovenes\/\" \/>\n<meta property=\"og:locale\" content=\"es_ES\" \/>\n<meta property=\"og:type\" content=\"article\" \/>\n<meta property=\"og:title\" content=\"BA Multiplica: abri\u00f3 la nueva convocatoria del programa de j\u00f3venes por j\u00f3venes - Voces de la Comuna 15\" \/>\n<meta property=\"og:description\" content=\"Voces de la Comuna 15\" \/>\n<meta property=\"og:url\" content=\"https:\/\/vocesdelacomuna15.com.ar\/press\/ba-multiplica-abrio-la-nueva-convocatoria-del-programa-de-jovenes-por-jovenes\/\" \/>\n<meta property=\"og:site_name\" content=\"Voces de la Comuna 15\" \/>\n<meta property=\"article:publisher\" content=\"https:\/\/www.facebook.com\/VocesComuna15\/\" \/>\n<meta property=\"article:published_time\" content=\"2021-10-04T08:55:14+00:00\" \/>\n<meta property=\"article:modified_time\" content=\"2021-10-04T14:24:14+00:00\" \/>\n<meta property=\"og:image\" content=\"https:\/\/vocesdelacomuna15.com.ar\/wp-content\/uploads\/2021\/10\/foto-bamultiplica.jpg\" \/>\n\t<meta property=\"og:image:width\" content=\"700\" \/>\n\t<meta property=\"og:image:height\" content=\"467\" \/>\n\t<meta property=\"og:image:type\" content=\"image\/jpeg\" \/>\n<meta name=\"author\" content=\"Federico Arguto\" \/>\n<meta name=\"twitter:card\" content=\"summary_large_image\" \/>\n<meta name=\"twitter:creator\" content=\"@vocescomuna15\" \/>\n<meta name=\"twitter:site\" content=\"@vocescomuna15\" \/>\n<meta name=\"twitter:label1\" content=\"Escrito por\" \/>\n\t<meta name=\"twitter:data1\" content=\"Federico Arguto\" \/>\n\t<meta name=\"twitter:label2\" content=\"Tiempo de lectura\" \/>\n\t<meta name=\"twitter:data2\" content=\"5 minutos\" \/>\n<script type=\"application\/ld+json\" class=\"yoast-schema-graph\">{\"@context\":\"https:\\\/\\\/schema.org\",\"@graph\":[{\"@type\":\"Article\",\"@id\":\"https:\\\/\\\/vocesdelacomuna15.com.ar\\\/press\\\/ba-multiplica-abrio-la-nueva-convocatoria-del-programa-de-jovenes-por-jovenes\\\/#article\",\"isPartOf\":{\"@id\":\"https:\\\/\\\/vocesdelacomuna15.com.ar\\\/press\\\/ba-multiplica-abrio-la-nueva-convocatoria-del-programa-de-jovenes-por-jovenes\\\/\"},\"author\":{\"name\":\"Federico Arguto\",\"@id\":\"https:\\\/\\\/vocesdelacomuna15.com.ar\\\/press\\\/#\\\/schema\\\/person\\\/4739e109db25d799cd3d139eeb509e43\"},\"headline\":\"BA Multiplica: abri\u00f3 la nueva convocatoria del programa de j\u00f3venes por j\u00f3venes\",\"datePublished\":\"2021-10-04T08:55:14+00:00\",\"dateModified\":\"2021-10-04T14:24:14+00:00\",\"mainEntityOfPage\":{\"@id\":\"https:\\\/\\\/vocesdelacomuna15.com.ar\\\/press\\\/ba-multiplica-abrio-la-nueva-convocatoria-del-programa-de-jovenes-por-jovenes\\\/\"},\"wordCount\":949,\"commentCount\":0,\"publisher\":{\"@id\":\"https:\\\/\\\/vocesdelacomuna15.com.ar\\\/press\\\/#organization\"},\"image\":{\"@id\":\"https:\\\/\\\/vocesdelacomuna15.com.ar\\\/press\\\/ba-multiplica-abrio-la-nueva-convocatoria-del-programa-de-jovenes-por-jovenes\\\/#primaryimage\"},\"thumbnailUrl\":\"https:\\\/\\\/vocesdelacomuna15.com.ar\\\/wp-content\\\/uploads\\\/2021\\\/10\\\/foto-bamultiplica.jpg\",\"articleSection\":[\"Ciudad\"],\"inLanguage\":\"es-AR\",\"potentialAction\":[{\"@type\":\"CommentAction\",\"name\":\"Comment\",\"target\":[\"https:\\\/\\\/vocesdelacomuna15.com.ar\\\/press\\\/ba-multiplica-abrio-la-nueva-convocatoria-del-programa-de-jovenes-por-jovenes\\\/#respond\"]}]},{\"@type\":\"WebPage\",\"@id\":\"https:\\\/\\\/vocesdelacomuna15.com.ar\\\/press\\\/ba-multiplica-abrio-la-nueva-convocatoria-del-programa-de-jovenes-por-jovenes\\\/\",\"url\":\"https:\\\/\\\/vocesdelacomuna15.com.ar\\\/press\\\/ba-multiplica-abrio-la-nueva-convocatoria-del-programa-de-jovenes-por-jovenes\\\/\",\"name\":\"BA Multiplica: abri\u00f3 la nueva convocatoria del programa de j\u00f3venes por j\u00f3venes - Voces de la Comuna 15\",\"isPartOf\":{\"@id\":\"https:\\\/\\\/vocesdelacomuna15.com.ar\\\/press\\\/#website\"},\"primaryImageOfPage\":{\"@id\":\"https:\\\/\\\/vocesdelacomuna15.com.ar\\\/press\\\/ba-multiplica-abrio-la-nueva-convocatoria-del-programa-de-jovenes-por-jovenes\\\/#primaryimage\"},\"image\":{\"@id\":\"https:\\\/\\\/vocesdelacomuna15.com.ar\\\/press\\\/ba-multiplica-abrio-la-nueva-convocatoria-del-programa-de-jovenes-por-jovenes\\\/#primaryimage\"},\"thumbnailUrl\":\"https:\\\/\\\/vocesdelacomuna15.com.ar\\\/wp-content\\\/uploads\\\/2021\\\/10\\\/foto-bamultiplica.jpg\",\"datePublished\":\"2021-10-04T08:55:14+00:00\",\"dateModified\":\"2021-10-04T14:24:14+00:00\",\"description\":\"Voces de la Comuna 15\",\"breadcrumb\":{\"@id\":\"https:\\\/\\\/vocesdelacomuna15.com.ar\\\/press\\\/ba-multiplica-abrio-la-nueva-convocatoria-del-programa-de-jovenes-por-jovenes\\\/#breadcrumb\"},\"inLanguage\":\"es-AR\",\"potentialAction\":[{\"@type\":\"ReadAction\",\"target\":[\"https:\\\/\\\/vocesdelacomuna15.com.ar\\\/press\\\/ba-multiplica-abrio-la-nueva-convocatoria-del-programa-de-jovenes-por-jovenes\\\/\"]}]},{\"@type\":\"ImageObject\",\"inLanguage\":\"es-AR\",\"@id\":\"https:\\\/\\\/vocesdelacomuna15.com.ar\\\/press\\\/ba-multiplica-abrio-la-nueva-convocatoria-del-programa-de-jovenes-por-jovenes\\\/#primaryimage\",\"url\":\"https:\\\/\\\/vocesdelacomuna15.com.ar\\\/wp-content\\\/uploads\\\/2021\\\/10\\\/foto-bamultiplica.jpg\",\"contentUrl\":\"https:\\\/\\\/vocesdelacomuna15.com.ar\\\/wp-content\\\/uploads\\\/2021\\\/10\\\/foto-bamultiplica.jpg\",\"width\":700,\"height\":467},{\"@type\":\"BreadcrumbList\",\"@id\":\"https:\\\/\\\/vocesdelacomuna15.com.ar\\\/press\\\/ba-multiplica-abrio-la-nueva-convocatoria-del-programa-de-jovenes-por-jovenes\\\/#breadcrumb\",\"itemListElement\":[{\"@type\":\"ListItem\",\"position\":1,\"name\":\"Inicio\",\"item\":\"https:\\\/\\\/vocesdelacomuna15.com.ar\\\/press\\\/\"},{\"@type\":\"ListItem\",\"position\":2,\"name\":\"BA Multiplica: abri\u00f3 la nueva convocatoria del programa de j\u00f3venes por j\u00f3venes\"}]},{\"@type\":\"WebSite\",\"@id\":\"https:\\\/\\\/vocesdelacomuna15.com.ar\\\/press\\\/#website\",\"url\":\"https:\\\/\\\/vocesdelacomuna15.com.ar\\\/press\\\/\",\"name\":\"Voces de la Comuna 15\",\"description\":\"Sitio web de noticias\",\"publisher\":{\"@id\":\"https:\\\/\\\/vocesdelacomuna15.com.ar\\\/press\\\/#organization\"},\"potentialAction\":[{\"@type\":\"SearchAction\",\"target\":{\"@type\":\"EntryPoint\",\"urlTemplate\":\"https:\\\/\\\/vocesdelacomuna15.com.ar\\\/press\\\/?s={search_term_string}\"},\"query-input\":{\"@type\":\"PropertyValueSpecification\",\"valueRequired\":true,\"valueName\":\"search_term_string\"}}],\"inLanguage\":\"es-AR\"},{\"@type\":\"Organization\",\"@id\":\"https:\\\/\\\/vocesdelacomuna15.com.ar\\\/press\\\/#organization\",\"name\":\"Voces de la Comuna 15\",\"url\":\"https:\\\/\\\/vocesdelacomuna15.com.ar\\\/press\\\/\",\"logo\":{\"@type\":\"ImageObject\",\"inLanguage\":\"es-AR\",\"@id\":\"https:\\\/\\\/vocesdelacomuna15.com.ar\\\/press\\\/#\\\/schema\\\/logo\\\/image\\\/\",\"url\":\"https:\\\/\\\/vocesdelacomuna15.com.ar\\\/wp-content\\\/uploads\\\/2024\\\/12\\\/cropped-logo_voces.jpg\",\"contentUrl\":\"https:\\\/\\\/vocesdelacomuna15.com.ar\\\/wp-content\\\/uploads\\\/2024\\\/12\\\/cropped-logo_voces.jpg\",\"width\":512,\"height\":512,\"caption\":\"Voces de la Comuna 15\"},\"image\":{\"@id\":\"https:\\\/\\\/vocesdelacomuna15.com.ar\\\/press\\\/#\\\/schema\\\/logo\\\/image\\\/\"},\"sameAs\":[\"https:\\\/\\\/www.facebook.com\\\/VocesComuna15\\\/\",\"https:\\\/\\\/x.com\\\/vocescomuna15\"]},{\"@type\":\"Person\",\"@id\":\"https:\\\/\\\/vocesdelacomuna15.com.ar\\\/press\\\/#\\\/schema\\\/person\\\/4739e109db25d799cd3d139eeb509e43\",\"name\":\"Federico Arguto\",\"image\":{\"@type\":\"ImageObject\",\"inLanguage\":\"es-AR\",\"@id\":\"https:\\\/\\\/vocesdelacomuna15.com.ar\\\/wp-content\\\/litespeed\\\/avatar\\\/82faf979976f1bae889b8b71f8a0a7e5.jpg?ver=1777419741\",\"url\":\"https:\\\/\\\/vocesdelacomuna15.com.ar\\\/wp-content\\\/litespeed\\\/avatar\\\/82faf979976f1bae889b8b71f8a0a7e5.jpg?ver=1777419741\",\"contentUrl\":\"https:\\\/\\\/vocesdelacomuna15.com.ar\\\/wp-content\\\/litespeed\\\/avatar\\\/82faf979976f1bae889b8b71f8a0a7e5.jpg?ver=1777419741\",\"caption\":\"Federico Arguto\"},\"url\":\"https:\\\/\\\/vocesdelacomuna15.com.ar\\\/press\\\/author\\\/fede\\\/\"}]}<\/script>\n<!-- \/ Yoast SEO plugin. -->","yoast_head_json":{"title":"BA Multiplica: abri\u00f3 la nueva convocatoria del programa de j\u00f3venes por j\u00f3venes - Voces de la Comuna 15","description":"Voces de la Comuna 15","robots":{"index":"index","follow":"follow","max-snippet":"max-snippet:-1","max-image-preview":"max-image-preview:large","max-video-preview":"max-video-preview:-1"},"canonical":"https:\/\/vocesdelacomuna15.com.ar\/press\/ba-multiplica-abrio-la-nueva-convocatoria-del-programa-de-jovenes-por-jovenes\/","og_locale":"es_ES","og_type":"article","og_title":"BA Multiplica: abri\u00f3 la nueva convocatoria del programa de j\u00f3venes por j\u00f3venes - Voces de la Comuna 15","og_description":"Voces de la Comuna 15","og_url":"https:\/\/vocesdelacomuna15.com.ar\/press\/ba-multiplica-abrio-la-nueva-convocatoria-del-programa-de-jovenes-por-jovenes\/","og_site_name":"Voces de la Comuna 15","article_publisher":"https:\/\/www.facebook.com\/VocesComuna15\/","article_published_time":"2021-10-04T08:55:14+00:00","article_modified_time":"2021-10-04T14:24:14+00:00","og_image":[{"width":700,"height":467,"url":"https:\/\/vocesdelacomuna15.com.ar\/wp-content\/uploads\/2021\/10\/foto-bamultiplica.jpg","type":"image\/jpeg"}],"author":"Federico Arguto","twitter_card":"summary_large_image","twitter_creator":"@vocescomuna15","twitter_site":"@vocescomuna15","twitter_misc":{"Escrito por":"Federico Arguto","Tiempo de lectura":"5 minutos"},"schema":{"@context":"https:\/\/schema.org","@graph":[{"@type":"Article","@id":"https:\/\/vocesdelacomuna15.com.ar\/press\/ba-multiplica-abrio-la-nueva-convocatoria-del-programa-de-jovenes-por-jovenes\/#article","isPartOf":{"@id":"https:\/\/vocesdelacomuna15.com.ar\/press\/ba-multiplica-abrio-la-nueva-convocatoria-del-programa-de-jovenes-por-jovenes\/"},"author":{"name":"Federico Arguto","@id":"https:\/\/vocesdelacomuna15.com.ar\/press\/#\/schema\/person\/4739e109db25d799cd3d139eeb509e43"},"headline":"BA Multiplica: abri\u00f3 la nueva convocatoria del programa de j\u00f3venes por j\u00f3venes","datePublished":"2021-10-04T08:55:14+00:00","dateModified":"2021-10-04T14:24:14+00:00","mainEntityOfPage":{"@id":"https:\/\/vocesdelacomuna15.com.ar\/press\/ba-multiplica-abrio-la-nueva-convocatoria-del-programa-de-jovenes-por-jovenes\/"},"wordCount":949,"commentCount":0,"publisher":{"@id":"https:\/\/vocesdelacomuna15.com.ar\/press\/#organization"},"image":{"@id":"https:\/\/vocesdelacomuna15.com.ar\/press\/ba-multiplica-abrio-la-nueva-convocatoria-del-programa-de-jovenes-por-jovenes\/#primaryimage"},"thumbnailUrl":"https:\/\/vocesdelacomuna15.com.ar\/wp-content\/uploads\/2021\/10\/foto-bamultiplica.jpg","articleSection":["Ciudad"],"inLanguage":"es-AR","potentialAction":[{"@type":"CommentAction","name":"Comment","target":["https:\/\/vocesdelacomuna15.com.ar\/press\/ba-multiplica-abrio-la-nueva-convocatoria-del-programa-de-jovenes-por-jovenes\/#respond"]}]},{"@type":"WebPage","@id":"https:\/\/vocesdelacomuna15.com.ar\/press\/ba-multiplica-abrio-la-nueva-convocatoria-del-programa-de-jovenes-por-jovenes\/","url":"https:\/\/vocesdelacomuna15.com.ar\/press\/ba-multiplica-abrio-la-nueva-convocatoria-del-programa-de-jovenes-por-jovenes\/","name":"BA Multiplica: abri\u00f3 la nueva convocatoria del programa de j\u00f3venes por j\u00f3venes - Voces de la Comuna 15","isPartOf":{"@id":"https:\/\/vocesdelacomuna15.com.ar\/press\/#website"},"primaryImageOfPage":{"@id":"https:\/\/vocesdelacomuna15.com.ar\/press\/ba-multiplica-abrio-la-nueva-convocatoria-del-programa-de-jovenes-por-jovenes\/#primaryimage"},"image":{"@id":"https:\/\/vocesdelacomuna15.com.ar\/press\/ba-multiplica-abrio-la-nueva-convocatoria-del-programa-de-jovenes-por-jovenes\/#primaryimage"},"thumbnailUrl":"https:\/\/vocesdelacomuna15.com.ar\/wp-content\/uploads\/2021\/10\/foto-bamultiplica.jpg","datePublished":"2021-10-04T08:55:14+00:00","dateModified":"2021-10-04T14:24:14+00:00","description":"Voces de la Comuna 15","breadcrumb":{"@id":"https:\/\/vocesdelacomuna15.com.ar\/press\/ba-multiplica-abrio-la-nueva-convocatoria-del-programa-de-jovenes-por-jovenes\/#breadcrumb"},"inLanguage":"es-AR","potentialAction":[{"@type":"ReadAction","target":["https:\/\/vocesdelacomuna15.com.ar\/press\/ba-multiplica-abrio-la-nueva-convocatoria-del-programa-de-jovenes-por-jovenes\/"]}]},{"@type":"ImageObject","inLanguage":"es-AR","@id":"https:\/\/vocesdelacomuna15.com.ar\/press\/ba-multiplica-abrio-la-nueva-convocatoria-del-programa-de-jovenes-por-jovenes\/#primaryimage","url":"https:\/\/vocesdelacomuna15.com.ar\/wp-content\/uploads\/2021\/10\/foto-bamultiplica.jpg","contentUrl":"https:\/\/vocesdelacomuna15.com.ar\/wp-content\/uploads\/2021\/10\/foto-bamultiplica.jpg","width":700,"height":467},{"@type":"BreadcrumbList","@id":"https:\/\/vocesdelacomuna15.com.ar\/press\/ba-multiplica-abrio-la-nueva-convocatoria-del-programa-de-jovenes-por-jovenes\/#breadcrumb","itemListElement":[{"@type":"ListItem","position":1,"name":"Inicio","item":"https:\/\/vocesdelacomuna15.com.ar\/press\/"},{"@type":"ListItem","position":2,"name":"BA Multiplica: abri\u00f3 la nueva convocatoria del programa de j\u00f3venes por j\u00f3venes"}]},{"@type":"WebSite","@id":"https:\/\/vocesdelacomuna15.com.ar\/press\/#website","url":"https:\/\/vocesdelacomuna15.com.ar\/press\/","name":"Voces de la Comuna 15","description":"Sitio web de noticias","publisher":{"@id":"https:\/\/vocesdelacomuna15.com.ar\/press\/#organization"},"potentialAction":[{"@type":"SearchAction","target":{"@type":"EntryPoint","urlTemplate":"https:\/\/vocesdelacomuna15.com.ar\/press\/?s={search_term_string}"},"query-input":{"@type":"PropertyValueSpecification","valueRequired":true,"valueName":"search_term_string"}}],"inLanguage":"es-AR"},{"@type":"Organization","@id":"https:\/\/vocesdelacomuna15.com.ar\/press\/#organization","name":"Voces de la Comuna 15","url":"https:\/\/vocesdelacomuna15.com.ar\/press\/","logo":{"@type":"ImageObject","inLanguage":"es-AR","@id":"https:\/\/vocesdelacomuna15.com.ar\/press\/#\/schema\/logo\/image\/","url":"https:\/\/vocesdelacomuna15.com.ar\/wp-content\/uploads\/2024\/12\/cropped-logo_voces.jpg","contentUrl":"https:\/\/vocesdelacomuna15.com.ar\/wp-content\/uploads\/2024\/12\/cropped-logo_voces.jpg","width":512,"height":512,"caption":"Voces de la Comuna 15"},"image":{"@id":"https:\/\/vocesdelacomuna15.com.ar\/press\/#\/schema\/logo\/image\/"},"sameAs":["https:\/\/www.facebook.com\/VocesComuna15\/","https:\/\/x.com\/vocescomuna15"]},{"@type":"Person","@id":"https:\/\/vocesdelacomuna15.com.ar\/press\/#\/schema\/person\/4739e109db25d799cd3d139eeb509e43","name":"Federico Arguto","image":{"@type":"ImageObject","inLanguage":"es-AR","@id":"https:\/\/vocesdelacomuna15.com.ar\/wp-content\/litespeed\/avatar\/82faf979976f1bae889b8b71f8a0a7e5.jpg?ver=1777419741","url":"https:\/\/vocesdelacomuna15.com.ar\/wp-content\/litespeed\/avatar\/82faf979976f1bae889b8b71f8a0a7e5.jpg?ver=1777419741","contentUrl":"https:\/\/vocesdelacomuna15.com.ar\/wp-content\/litespeed\/avatar\/82faf979976f1bae889b8b71f8a0a7e5.jpg?ver=1777419741","caption":"Federico Arguto"},"url":"https:\/\/vocesdelacomuna15.com.ar\/press\/author\/fede\/"}]}},"_links":{"self":[{"href":"https:\/\/vocesdelacomuna15.com.ar\/press\/wp-json\/wp\/v2\/posts\/54772","targetHints":{"allow":["GET"]}}],"collection":[{"href":"https:\/\/vocesdelacomuna15.com.ar\/press\/wp-json\/wp\/v2\/posts"}],"about":[{"href":"https:\/\/vocesdelacomuna15.com.ar\/press\/wp-json\/wp\/v2\/types\/post"}],"author":[{"embeddable":true,"href":"https:\/\/vocesdelacomuna15.com.ar\/press\/wp-json\/wp\/v2\/users\/2"}],"replies":[{"embeddable":true,"href":"https:\/\/vocesdelacomuna15.com.ar\/press\/wp-json\/wp\/v2\/comments?post=54772"}],"version-history":[{"count":1,"href":"https:\/\/vocesdelacomuna15.com.ar\/press\/wp-json\/wp\/v2\/posts\/54772\/revisions"}],"predecessor-version":[{"id":54774,"href":"https:\/\/vocesdelacomuna15.com.ar\/press\/wp-json\/wp\/v2\/posts\/54772\/revisions\/54774"}],"wp:featuredmedia":[{"embeddable":true,"href":"https:\/\/vocesdelacomuna15.com.ar\/press\/wp-json\/wp\/v2\/media\/54773"}],"wp:attachment":[{"href":"https:\/\/vocesdelacomuna15.com.ar\/press\/wp-json\/wp\/v2\/media?parent=54772"}],"wp:term":[{"taxonomy":"category","embeddable":true,"href":"https:\/\/vocesdelacomuna15.com.ar\/press\/wp-json\/wp\/v2\/categories?post=54772"},{"taxonomy":"post_tag","embeddable":true,"href":"https:\/\/vocesdelacomuna15.com.ar\/press\/wp-json\/wp\/v2\/tags?post=54772"}],"curies":[{"name":"wp","href":"https:\/\/api.w.org\/{rel}","templated":true}]}}