{"id":54769,"date":"2021-10-04T05:24:07","date_gmt":"2021-10-04T08:24:07","guid":{"rendered":"http:\/\/vocesdelacomuna15.com.ar\/wordpress\/?p=54769"},"modified":"2021-10-04T11:22:49","modified_gmt":"2021-10-04T14:22:49","slug":"coronavirus-aprobaron-la-vacuna-sinopharm-para-ninos-de-entre-3-y-11-anos","status":"publish","type":"post","link":"https:\/\/vocesdelacomuna15.com.ar\/press\/coronavirus-aprobaron-la-vacuna-sinopharm-para-ninos-de-entre-3-y-11-anos\/","title":{"rendered":"Coronavirus: aprobaron la vacuna Sinopharm para ni\u00f1os de entre 3 y 11 a\u00f1os"},"content":{"rendered":"\n<p>Fuente: Redacci\u00f3n V\u00eda Pa\u00eds (Publicada el viernes 1\u00ba de octubre)<\/p>\n\n\n\n<p>El Gobierno nacional anunci\u00f3 la autorizaci\u00f3n para&nbsp;<strong>vacunar contra el&nbsp;<\/strong><a href=\"https:\/\/viapais.com.ar\/argentina\/coronavirus-en-argentina-46-muertes-y-1564-nuevos-casos-en-las-ultimas-24-horas\/\" target=\"_blank\" rel=\"noreferrer noopener\"><strong>coronavirus&nbsp;<\/strong><\/a><strong>a los ni\u00f1os y ni\u00f1as de entre 3 y 11 a\u00f1os con la\nvacuna de la china Sinopharm<\/strong>. El objetivo es completar la\ninmunizaci\u00f3n de esa franja etaria de la poblaci\u00f3n antes de fin de a\u00f1o. As\u00ed lo\nanunci\u00f3 esta tarde (por la del viernes 1\u00ba de octubre) en la Casa Rosada la\nministra de Salud,<strong>&nbsp;Carla Vizzotti<\/strong>,\nquien ofreci\u00f3 una conferencia de prensa con su par de Educaci\u00f3n,<strong>&nbsp;Jaime Perczyk<\/strong>.<\/p>\n\n\n\n<p>\u201cDespu\u00e9s de numerosos contactos con Emiratos\nArabes, con Sinopharm, y tambi\u00e9n con la entidad regulatoria de Emiratos, nos\nconfirma hoy la ANMAT que estamos en condiciones de avanzar para la\nautorizaci\u00f3n del uso de la vacuna Sinopharm en pediatr\u00eda, en ni\u00f1os y ni\u00f1as de\nentre 3 y 11 a\u00f1os. Es un paso enorme en nuestra campa\u00f1a de vacunaci\u00f3n\u201d, evalu\u00f3\nla ministra Vizzotti.<\/p>\n\n\n\n<p>\u201cEsto se suma a la escalada de vacunaci\u00f3n en adolescentes\nque tenemos planeada para el mes de octubre, ya que entre el 4 y el 27, nos\ninform\u00f3 el laboratorio Pfizer que est\u00e1n llegando casi 7 millones 200 mil\ndosis\u201d, agreg\u00f3 la funcionaria.<\/p>\n\n\n\n<p>Vizzotti precis\u00f3 que completar\u00e1 los esquemas de\nvacunaci\u00f3n de ni\u00f1os y adolescentes con vacunas Sinopharm y Pfizer. En el caso\nde las vacunas Sinopharm, explic\u00f3 que su utilizaci\u00f3n fue&nbsp;<strong>autorizada por la ANMAT<\/strong>&nbsp;tras haberse\nrealizado ensayos cl\u00ednicos de las fases 1 y 2, y dijo que la Argentina ya\ncuenta con un stock de \u201c10 millones\u201d, a las que se sumar\u00e1n \u201centre el 4 y el 11\nde octubre un lote de 1,5 mill\u00f3n m\u00e1s y otro de 1,6 millones, con lo que\ncompletar\u00e1 12 millones de dosis a fin de este mes\u201d.<\/p>\n\n\n\n<p>La ministra dijo que&nbsp;<strong>el\nlunes se reunir\u00e1 el Consejo Federal de Salud para evaluar c\u00f3mo siguen los pasos\npara la vacunaci\u00f3n de ni\u00f1os y j\u00f3venes contra el coronavirus<\/strong>. Sobre la\nestrategia de vacunaci\u00f3n, dijo que se eval\u00faa combinar que sea en las escuelas,\nen los vacunatorios Covid y en los vacunatorios de calendario. Vizzotti dijo\nque tras la reuni\u00f3n del CoFeSa se distribuir\u00e1n las vacunas en todos los\ndistritos.<\/p>\n\n\n\n<p>\u201cArgentina termina el 2021 con toda su poblaci\u00f3n de\nm\u00e1s de tres a\u00f1os cubierta y protegida; contamos con el stock para esa\nvacunaci\u00f3n y completar los esquemas\u201d, afirm\u00f3 la ministra.<\/p>\n\n\n\n<p>El titular de Educaci\u00f3n rescat\u00f3 que la vacunaci\u00f3n en\nchicos permitir\u00e1 \u201crecuperar tiempos y normalidad creciente en el sistema\neducativo\u201d.<\/p>\n\n\n\n<p>\u201cEsta noticia va en l\u00ednea con eso, por la protecci\u00f3n\nsanitaria de todos los chicos y las chicas, de los docentes, pero tambi\u00e9n\napunta a recuperar a los chicos que se nos fueron del sistema educativo\u201d, dijo\nel ministro que ingres\u00f3 al Gabinete de ministros en remplazo de Nicol\u00e1s Trotta.<\/p>\n\n\n\n<p>La ministra Vizzotti remarc\u00f3 la seguridad de la vacuna&nbsp;<strong>Sinopharm<\/strong>: \u201cLos estudios de fase 1 y fase 2\nson justamente los estudios de seguridad en relaci\u00f3n a esta vacuna; ya se est\u00e1\nusando en China, con m\u00e1s de 500 millones de ni\u00f1os y adolescentes; tambi\u00e9n en\nEmiratos Arabes y Barhein; es muy similar a la que se est\u00e1 usando en Chile, la\nmisma plataforma; es de las m\u00e1s seguras\u201d, explic\u00f3.<\/p>\n\n\n\n<p>Tambi\u00e9n dijo que por ahora \u201cno es un problema\u201d el n\u00famero\nde personas que no se quieren vacunar. \u201cLa demanda de vacunaci\u00f3n que tenemos es alt\u00edsima\u201d,\nsostuvo.<\/p>\n\n\n\n<p>\u201cQueda un porcentaje muy chico de la poblaci\u00f3n que como\nsiempre pasa con las vacunas, se va a beneficiar gracias a los que nos\nvacunamos\u201d, dijo.<\/p>\n\n\n\n<p>La ministra tambi\u00e9n explic\u00f3 que \u201c<strong>la\nvacuna de Sinopharm es la \u00fanica autorizada para entre 3 y 11 a\u00f1os<\/strong>\u201d,\nmientras que para la poblaci\u00f3n de entre 12 y 17 a\u00f1os las \u00fanicas autorizadas son&nbsp;<strong>Sinopharm&nbsp;<\/strong>y&nbsp;<strong>Pfizer<\/strong>.\nVizzotti dijo que el a\u00f1o pr\u00f3ximo se evaluar\u00e1 si se agrega la vacuna contra el\nCovid 19 al calendario de vacunaci\u00f3n obligatorio.<\/p>\n\n\n\n<p>Perczyk fue preguntado sobre los\nchicos que dejaron la escuela durante la pandemia. \u201cEl Consejo Federal de\nEducaci\u00f3n tambi\u00e9n acord\u00f3 la creaci\u00f3n de un fondo que se llama \u2018Volv\u00e9 a la\nescuela\u2019 de cinco mil millones de pesos para distribuir en todas las\nprovincias:&nbsp;<strong>para aprender m\u00e1s hacen\nfalta m\u00e1s d\u00edas y m\u00e1s horas de clase, y eso ya viene ocurriendo con clases a\ncontraturno, los s\u00e1bados, escuelas de verano, clases de apoyo, tutor\u00edas<\/strong>.\nCada provincia tiene su estrategia\u201d, dijo.<\/p>\n\n\n\n<p>\u201cLa cifra es elevada; hay once provincias que tienen\nnominalizados los chicos que se desvincularon o tuvieron una vinculaci\u00f3n\nintermitente. Son un mill\u00f3n de chicos en esta situaci\u00f3n. La tarea es buscarlos\nuno por uno a la casa para que puedan tener una integraci\u00f3n plena a la escuela;\nes un derecho ir a la escuela y vamos a trabajar para que lo puedan ejercer\u201d,\nafirm\u00f3 el ministro.<\/p>\n\n\n\n<p>\u201cEl c\u00e1lculo de adolescentes entre 12 y 17 a\u00f1os es de\nalrededor de cinco millones. Casi 700 mil han recibido la primera dosis y 250\nmil su segunda dosis.&nbsp;<strong>La poblaci\u00f3n entre\n3 y 11 a\u00f1os es de entre 5.5 y 6 millones, por eso se van a necesitar 12\nmillones de dosis que para fin de mes la vamos a tener en stock<\/strong>\u201d, dijo\nVizzotti.<\/p>\n\n\n\n<p><strong>\u201cArgentina est\u00e1\nvacunando entre 9 y 10 millones de personas por mes<\/strong>. Tenemos el 85\npor ciento de cobertura en la poblaci\u00f3n mayor de 50 a\u00f1os, y casi llegando al 50\npor ciento de la poblaci\u00f3n vacunada\u201d. inform\u00f3 la ministra de Salud.<\/p>\n\n\n\n<p><em>Por la corresponsal\u00eda de Buenos Aires.<\/em><\/p>\n\n\n\n<p>Foto: Los Andes- Ignacio Blanco<\/p>\n\n\n\n<p>Caracteres: 4.995<\/p>\n<div class=\"pvc_clear\"><\/div><p id=\"pvc_stats_54769\" class=\"pvc_stats all  \" data-element-id=\"54769\" style=\"\"><i class=\"pvc-stats-icon small\" aria-hidden=\"true\"><svg aria-hidden=\"true\" focusable=\"false\" data-prefix=\"far\" data-icon=\"chart-bar\" role=\"img\" xmlns=\"http:\/\/www.w3.org\/2000\/svg\" viewBox=\"0 0 512 512\" class=\"svg-inline--fa fa-chart-bar fa-w-16 fa-2x\"><path fill=\"currentColor\" d=\"M396.8 352h22.4c6.4 0 12.8-6.4 12.8-12.8V108.8c0-6.4-6.4-12.8-12.8-12.8h-22.4c-6.4 0-12.8 6.4-12.8 12.8v230.4c0 6.4 6.4 12.8 12.8 12.8zm-192 0h22.4c6.4 0 12.8-6.4 12.8-12.8V140.8c0-6.4-6.4-12.8-12.8-12.8h-22.4c-6.4 0-12.8 6.4-12.8 12.8v198.4c0 6.4 6.4 12.8 12.8 12.8zm96 0h22.4c6.4 0 12.8-6.4 12.8-12.8V204.8c0-6.4-6.4-12.8-12.8-12.8h-22.4c-6.4 0-12.8 6.4-12.8 12.8v134.4c0 6.4 6.4 12.8 12.8 12.8zM496 400H48V80c0-8.84-7.16-16-16-16H16C7.16 64 0 71.16 0 80v336c0 17.67 14.33 32 32 32h464c8.84 0 16-7.16 16-16v-16c0-8.84-7.16-16-16-16zm-387.2-48h22.4c6.4 0 12.8-6.4 12.8-12.8v-70.4c0-6.4-6.4-12.8-12.8-12.8h-22.4c-6.4 0-12.8 6.4-12.8 12.8v70.4c0 6.4 6.4 12.8 12.8 12.8z\" class=\"\"><\/path><\/svg><\/i> <img loading=\"lazy\" decoding=\"async\" width=\"16\" height=\"16\" alt=\"Loading\" src=\"https:\/\/vocesdelacomuna15.com.ar\/wp-content\/plugins\/page-views-count\/ajax-loader-2x.gif\" border=0 \/><\/p><div class=\"pvc_clear\"><\/div>","protected":false},"excerpt":{"rendered":"<p>Fuente: Redacci\u00f3n V\u00eda Pa\u00eds (Publicada el viernes 1\u00ba de octubre) El Gobierno nacional anunci\u00f3 la autorizaci\u00f3n para&nbsp;vacunar contra el&nbsp;coronavirus&nbsp;a los ni\u00f1os y ni\u00f1as de entre 3 y 11 a\u00f1os con la vacuna de la china Sinopharm. El objetivo es completar la inmunizaci\u00f3n de esa franja etaria de la poblaci\u00f3n antes de fin de a\u00f1o. As\u00ed [&hellip;]<\/p>\n<div class=\"pvc_clear\"><\/div>\n<p id=\"pvc_stats_54769\" class=\"pvc_stats all  \" data-element-id=\"54769\" style=\"\"><i class=\"pvc-stats-icon small\" aria-hidden=\"true\"><svg aria-hidden=\"true\" focusable=\"false\" data-prefix=\"far\" data-icon=\"chart-bar\" role=\"img\" xmlns=\"http:\/\/www.w3.org\/2000\/svg\" viewBox=\"0 0 512 512\" class=\"svg-inline--fa fa-chart-bar fa-w-16 fa-2x\"><path fill=\"currentColor\" d=\"M396.8 352h22.4c6.4 0 12.8-6.4 12.8-12.8V108.8c0-6.4-6.4-12.8-12.8-12.8h-22.4c-6.4 0-12.8 6.4-12.8 12.8v230.4c0 6.4 6.4 12.8 12.8 12.8zm-192 0h22.4c6.4 0 12.8-6.4 12.8-12.8V140.8c0-6.4-6.4-12.8-12.8-12.8h-22.4c-6.4 0-12.8 6.4-12.8 12.8v198.4c0 6.4 6.4 12.8 12.8 12.8zm96 0h22.4c6.4 0 12.8-6.4 12.8-12.8V204.8c0-6.4-6.4-12.8-12.8-12.8h-22.4c-6.4 0-12.8 6.4-12.8 12.8v134.4c0 6.4 6.4 12.8 12.8 12.8zM496 400H48V80c0-8.84-7.16-16-16-16H16C7.16 64 0 71.16 0 80v336c0 17.67 14.33 32 32 32h464c8.84 0 16-7.16 16-16v-16c0-8.84-7.16-16-16-16zm-387.2-48h22.4c6.4 0 12.8-6.4 12.8-12.8v-70.4c0-6.4-6.4-12.8-12.8-12.8h-22.4c-6.4 0-12.8 6.4-12.8 12.8v70.4c0 6.4 6.4 12.8 12.8 12.8z\" class=\"\"><\/path><\/svg><\/i> <img loading=\"lazy\" decoding=\"async\" width=\"16\" height=\"16\" alt=\"Loading\" src=\"https:\/\/vocesdelacomuna15.com.ar\/wp-content\/plugins\/page-views-count\/ajax-loader-2x.gif\" border=0 \/><\/p>\n<div class=\"pvc_clear\"><\/div>\n","protected":false},"author":2,"featured_media":54770,"comment_status":"open","ping_status":"open","sticky":false,"template":"","format":"standard","meta":{"_et_pb_use_builder":"off","_et_pb_old_content":"","_et_gb_content_width":"","footnotes":""},"categories":[8],"tags":[],"class_list":["post-54769","post","type-post","status-publish","format-standard","has-post-thumbnail","hentry","category-sociedad","et-has-post-format-content","et_post_format-et-post-format-standard"],"a3_pvc":{"activated":true,"total_views":198,"today_views":0},"yoast_head":"<!-- This site is optimized with the Yoast SEO plugin v27.5 - https:\/\/yoast.com\/product\/yoast-seo-wordpress\/ -->\n<title>Coronavirus: aprobaron la vacuna Sinopharm para ni\u00f1os de entre 3 y 11 a\u00f1os - Voces de la Comuna 15<\/title>\n<meta name=\"description\" content=\"Voces de la Comuna 15\" \/>\n<meta name=\"robots\" content=\"index, follow, max-snippet:-1, max-image-preview:large, max-video-preview:-1\" \/>\n<link rel=\"canonical\" href=\"https:\/\/vocesdelacomuna15.com.ar\/press\/coronavirus-aprobaron-la-vacuna-sinopharm-para-ninos-de-entre-3-y-11-anos\/\" \/>\n<meta property=\"og:locale\" content=\"es_ES\" \/>\n<meta property=\"og:type\" content=\"article\" \/>\n<meta property=\"og:title\" content=\"Coronavirus: aprobaron la vacuna Sinopharm para ni\u00f1os de entre 3 y 11 a\u00f1os - Voces de la Comuna 15\" \/>\n<meta property=\"og:description\" content=\"Voces de la Comuna 15\" \/>\n<meta property=\"og:url\" content=\"https:\/\/vocesdelacomuna15.com.ar\/press\/coronavirus-aprobaron-la-vacuna-sinopharm-para-ninos-de-entre-3-y-11-anos\/\" \/>\n<meta property=\"og:site_name\" content=\"Voces de la Comuna 15\" \/>\n<meta property=\"article:publisher\" content=\"https:\/\/www.facebook.com\/VocesComuna15\/\" \/>\n<meta property=\"article:published_time\" content=\"2021-10-04T08:24:07+00:00\" \/>\n<meta property=\"article:modified_time\" content=\"2021-10-04T14:22:49+00:00\" \/>\n<meta property=\"og:image\" content=\"https:\/\/vocesdelacomuna15.com.ar\/wp-content\/uploads\/2021\/10\/los-andes-ignacio-blanco.jpg\" \/>\n\t<meta property=\"og:image:width\" content=\"799\" \/>\n\t<meta property=\"og:image:height\" content=\"533\" \/>\n\t<meta property=\"og:image:type\" content=\"image\/jpeg\" \/>\n<meta name=\"author\" content=\"Federico Arguto\" \/>\n<meta name=\"twitter:card\" content=\"summary_large_image\" \/>\n<meta name=\"twitter:creator\" content=\"@vocescomuna15\" \/>\n<meta name=\"twitter:site\" content=\"@vocescomuna15\" \/>\n<meta name=\"twitter:label1\" content=\"Escrito por\" \/>\n\t<meta name=\"twitter:data1\" content=\"Federico Arguto\" \/>\n\t<meta name=\"twitter:label2\" content=\"Tiempo de lectura\" \/>\n\t<meta name=\"twitter:data2\" content=\"5 minutos\" \/>\n<script type=\"application\/ld+json\" class=\"yoast-schema-graph\">{\"@context\":\"https:\\\/\\\/schema.org\",\"@graph\":[{\"@type\":\"Article\",\"@id\":\"https:\\\/\\\/vocesdelacomuna15.com.ar\\\/press\\\/coronavirus-aprobaron-la-vacuna-sinopharm-para-ninos-de-entre-3-y-11-anos\\\/#article\",\"isPartOf\":{\"@id\":\"https:\\\/\\\/vocesdelacomuna15.com.ar\\\/press\\\/coronavirus-aprobaron-la-vacuna-sinopharm-para-ninos-de-entre-3-y-11-anos\\\/\"},\"author\":{\"name\":\"Federico Arguto\",\"@id\":\"https:\\\/\\\/vocesdelacomuna15.com.ar\\\/press\\\/#\\\/schema\\\/person\\\/4739e109db25d799cd3d139eeb509e43\"},\"headline\":\"Coronavirus: aprobaron la vacuna Sinopharm para ni\u00f1os de entre 3 y 11 a\u00f1os\",\"datePublished\":\"2021-10-04T08:24:07+00:00\",\"dateModified\":\"2021-10-04T14:22:49+00:00\",\"mainEntityOfPage\":{\"@id\":\"https:\\\/\\\/vocesdelacomuna15.com.ar\\\/press\\\/coronavirus-aprobaron-la-vacuna-sinopharm-para-ninos-de-entre-3-y-11-anos\\\/\"},\"wordCount\":981,\"commentCount\":0,\"publisher\":{\"@id\":\"https:\\\/\\\/vocesdelacomuna15.com.ar\\\/press\\\/#organization\"},\"image\":{\"@id\":\"https:\\\/\\\/vocesdelacomuna15.com.ar\\\/press\\\/coronavirus-aprobaron-la-vacuna-sinopharm-para-ninos-de-entre-3-y-11-anos\\\/#primaryimage\"},\"thumbnailUrl\":\"https:\\\/\\\/vocesdelacomuna15.com.ar\\\/wp-content\\\/uploads\\\/2021\\\/10\\\/los-andes-ignacio-blanco.jpg\",\"articleSection\":[\"Sociedad\"],\"inLanguage\":\"es-AR\",\"potentialAction\":[{\"@type\":\"CommentAction\",\"name\":\"Comment\",\"target\":[\"https:\\\/\\\/vocesdelacomuna15.com.ar\\\/press\\\/coronavirus-aprobaron-la-vacuna-sinopharm-para-ninos-de-entre-3-y-11-anos\\\/#respond\"]}]},{\"@type\":\"WebPage\",\"@id\":\"https:\\\/\\\/vocesdelacomuna15.com.ar\\\/press\\\/coronavirus-aprobaron-la-vacuna-sinopharm-para-ninos-de-entre-3-y-11-anos\\\/\",\"url\":\"https:\\\/\\\/vocesdelacomuna15.com.ar\\\/press\\\/coronavirus-aprobaron-la-vacuna-sinopharm-para-ninos-de-entre-3-y-11-anos\\\/\",\"name\":\"Coronavirus: aprobaron la vacuna Sinopharm para ni\u00f1os de entre 3 y 11 a\u00f1os - Voces de la Comuna 15\",\"isPartOf\":{\"@id\":\"https:\\\/\\\/vocesdelacomuna15.com.ar\\\/press\\\/#website\"},\"primaryImageOfPage\":{\"@id\":\"https:\\\/\\\/vocesdelacomuna15.com.ar\\\/press\\\/coronavirus-aprobaron-la-vacuna-sinopharm-para-ninos-de-entre-3-y-11-anos\\\/#primaryimage\"},\"image\":{\"@id\":\"https:\\\/\\\/vocesdelacomuna15.com.ar\\\/press\\\/coronavirus-aprobaron-la-vacuna-sinopharm-para-ninos-de-entre-3-y-11-anos\\\/#primaryimage\"},\"thumbnailUrl\":\"https:\\\/\\\/vocesdelacomuna15.com.ar\\\/wp-content\\\/uploads\\\/2021\\\/10\\\/los-andes-ignacio-blanco.jpg\",\"datePublished\":\"2021-10-04T08:24:07+00:00\",\"dateModified\":\"2021-10-04T14:22:49+00:00\",\"description\":\"Voces de la Comuna 15\",\"breadcrumb\":{\"@id\":\"https:\\\/\\\/vocesdelacomuna15.com.ar\\\/press\\\/coronavirus-aprobaron-la-vacuna-sinopharm-para-ninos-de-entre-3-y-11-anos\\\/#breadcrumb\"},\"inLanguage\":\"es-AR\",\"potentialAction\":[{\"@type\":\"ReadAction\",\"target\":[\"https:\\\/\\\/vocesdelacomuna15.com.ar\\\/press\\\/coronavirus-aprobaron-la-vacuna-sinopharm-para-ninos-de-entre-3-y-11-anos\\\/\"]}]},{\"@type\":\"ImageObject\",\"inLanguage\":\"es-AR\",\"@id\":\"https:\\\/\\\/vocesdelacomuna15.com.ar\\\/press\\\/coronavirus-aprobaron-la-vacuna-sinopharm-para-ninos-de-entre-3-y-11-anos\\\/#primaryimage\",\"url\":\"https:\\\/\\\/vocesdelacomuna15.com.ar\\\/wp-content\\\/uploads\\\/2021\\\/10\\\/los-andes-ignacio-blanco.jpg\",\"contentUrl\":\"https:\\\/\\\/vocesdelacomuna15.com.ar\\\/wp-content\\\/uploads\\\/2021\\\/10\\\/los-andes-ignacio-blanco.jpg\",\"width\":799,\"height\":533},{\"@type\":\"BreadcrumbList\",\"@id\":\"https:\\\/\\\/vocesdelacomuna15.com.ar\\\/press\\\/coronavirus-aprobaron-la-vacuna-sinopharm-para-ninos-de-entre-3-y-11-anos\\\/#breadcrumb\",\"itemListElement\":[{\"@type\":\"ListItem\",\"position\":1,\"name\":\"Inicio\",\"item\":\"https:\\\/\\\/vocesdelacomuna15.com.ar\\\/press\\\/\"},{\"@type\":\"ListItem\",\"position\":2,\"name\":\"Coronavirus: aprobaron la vacuna Sinopharm para ni\u00f1os de entre 3 y 11 a\u00f1os\"}]},{\"@type\":\"WebSite\",\"@id\":\"https:\\\/\\\/vocesdelacomuna15.com.ar\\\/press\\\/#website\",\"url\":\"https:\\\/\\\/vocesdelacomuna15.com.ar\\\/press\\\/\",\"name\":\"Voces de la Comuna 15\",\"description\":\"Sitio web de noticias\",\"publisher\":{\"@id\":\"https:\\\/\\\/vocesdelacomuna15.com.ar\\\/press\\\/#organization\"},\"potentialAction\":[{\"@type\":\"SearchAction\",\"target\":{\"@type\":\"EntryPoint\",\"urlTemplate\":\"https:\\\/\\\/vocesdelacomuna15.com.ar\\\/press\\\/?s={search_term_string}\"},\"query-input\":{\"@type\":\"PropertyValueSpecification\",\"valueRequired\":true,\"valueName\":\"search_term_string\"}}],\"inLanguage\":\"es-AR\"},{\"@type\":\"Organization\",\"@id\":\"https:\\\/\\\/vocesdelacomuna15.com.ar\\\/press\\\/#organization\",\"name\":\"Voces de la Comuna 15\",\"url\":\"https:\\\/\\\/vocesdelacomuna15.com.ar\\\/press\\\/\",\"logo\":{\"@type\":\"ImageObject\",\"inLanguage\":\"es-AR\",\"@id\":\"https:\\\/\\\/vocesdelacomuna15.com.ar\\\/press\\\/#\\\/schema\\\/logo\\\/image\\\/\",\"url\":\"https:\\\/\\\/vocesdelacomuna15.com.ar\\\/wp-content\\\/uploads\\\/2024\\\/12\\\/cropped-logo_voces.jpg\",\"contentUrl\":\"https:\\\/\\\/vocesdelacomuna15.com.ar\\\/wp-content\\\/uploads\\\/2024\\\/12\\\/cropped-logo_voces.jpg\",\"width\":512,\"height\":512,\"caption\":\"Voces de la Comuna 15\"},\"image\":{\"@id\":\"https:\\\/\\\/vocesdelacomuna15.com.ar\\\/press\\\/#\\\/schema\\\/logo\\\/image\\\/\"},\"sameAs\":[\"https:\\\/\\\/www.facebook.com\\\/VocesComuna15\\\/\",\"https:\\\/\\\/x.com\\\/vocescomuna15\"]},{\"@type\":\"Person\",\"@id\":\"https:\\\/\\\/vocesdelacomuna15.com.ar\\\/press\\\/#\\\/schema\\\/person\\\/4739e109db25d799cd3d139eeb509e43\",\"name\":\"Federico Arguto\",\"image\":{\"@type\":\"ImageObject\",\"inLanguage\":\"es-AR\",\"@id\":\"https:\\\/\\\/vocesdelacomuna15.com.ar\\\/wp-content\\\/litespeed\\\/avatar\\\/82faf979976f1bae889b8b71f8a0a7e5.jpg?ver=1777419741\",\"url\":\"https:\\\/\\\/vocesdelacomuna15.com.ar\\\/wp-content\\\/litespeed\\\/avatar\\\/82faf979976f1bae889b8b71f8a0a7e5.jpg?ver=1777419741\",\"contentUrl\":\"https:\\\/\\\/vocesdelacomuna15.com.ar\\\/wp-content\\\/litespeed\\\/avatar\\\/82faf979976f1bae889b8b71f8a0a7e5.jpg?ver=1777419741\",\"caption\":\"Federico Arguto\"},\"url\":\"https:\\\/\\\/vocesdelacomuna15.com.ar\\\/press\\\/author\\\/fede\\\/\"}]}<\/script>\n<!-- \/ Yoast SEO plugin. -->","yoast_head_json":{"title":"Coronavirus: aprobaron la vacuna Sinopharm para ni\u00f1os de entre 3 y 11 a\u00f1os - Voces de la Comuna 15","description":"Voces de la Comuna 15","robots":{"index":"index","follow":"follow","max-snippet":"max-snippet:-1","max-image-preview":"max-image-preview:large","max-video-preview":"max-video-preview:-1"},"canonical":"https:\/\/vocesdelacomuna15.com.ar\/press\/coronavirus-aprobaron-la-vacuna-sinopharm-para-ninos-de-entre-3-y-11-anos\/","og_locale":"es_ES","og_type":"article","og_title":"Coronavirus: aprobaron la vacuna Sinopharm para ni\u00f1os de entre 3 y 11 a\u00f1os - Voces de la Comuna 15","og_description":"Voces de la Comuna 15","og_url":"https:\/\/vocesdelacomuna15.com.ar\/press\/coronavirus-aprobaron-la-vacuna-sinopharm-para-ninos-de-entre-3-y-11-anos\/","og_site_name":"Voces de la Comuna 15","article_publisher":"https:\/\/www.facebook.com\/VocesComuna15\/","article_published_time":"2021-10-04T08:24:07+00:00","article_modified_time":"2021-10-04T14:22:49+00:00","og_image":[{"width":799,"height":533,"url":"https:\/\/vocesdelacomuna15.com.ar\/wp-content\/uploads\/2021\/10\/los-andes-ignacio-blanco.jpg","type":"image\/jpeg"}],"author":"Federico Arguto","twitter_card":"summary_large_image","twitter_creator":"@vocescomuna15","twitter_site":"@vocescomuna15","twitter_misc":{"Escrito por":"Federico Arguto","Tiempo de lectura":"5 minutos"},"schema":{"@context":"https:\/\/schema.org","@graph":[{"@type":"Article","@id":"https:\/\/vocesdelacomuna15.com.ar\/press\/coronavirus-aprobaron-la-vacuna-sinopharm-para-ninos-de-entre-3-y-11-anos\/#article","isPartOf":{"@id":"https:\/\/vocesdelacomuna15.com.ar\/press\/coronavirus-aprobaron-la-vacuna-sinopharm-para-ninos-de-entre-3-y-11-anos\/"},"author":{"name":"Federico Arguto","@id":"https:\/\/vocesdelacomuna15.com.ar\/press\/#\/schema\/person\/4739e109db25d799cd3d139eeb509e43"},"headline":"Coronavirus: aprobaron la vacuna Sinopharm para ni\u00f1os de entre 3 y 11 a\u00f1os","datePublished":"2021-10-04T08:24:07+00:00","dateModified":"2021-10-04T14:22:49+00:00","mainEntityOfPage":{"@id":"https:\/\/vocesdelacomuna15.com.ar\/press\/coronavirus-aprobaron-la-vacuna-sinopharm-para-ninos-de-entre-3-y-11-anos\/"},"wordCount":981,"commentCount":0,"publisher":{"@id":"https:\/\/vocesdelacomuna15.com.ar\/press\/#organization"},"image":{"@id":"https:\/\/vocesdelacomuna15.com.ar\/press\/coronavirus-aprobaron-la-vacuna-sinopharm-para-ninos-de-entre-3-y-11-anos\/#primaryimage"},"thumbnailUrl":"https:\/\/vocesdelacomuna15.com.ar\/wp-content\/uploads\/2021\/10\/los-andes-ignacio-blanco.jpg","articleSection":["Sociedad"],"inLanguage":"es-AR","potentialAction":[{"@type":"CommentAction","name":"Comment","target":["https:\/\/vocesdelacomuna15.com.ar\/press\/coronavirus-aprobaron-la-vacuna-sinopharm-para-ninos-de-entre-3-y-11-anos\/#respond"]}]},{"@type":"WebPage","@id":"https:\/\/vocesdelacomuna15.com.ar\/press\/coronavirus-aprobaron-la-vacuna-sinopharm-para-ninos-de-entre-3-y-11-anos\/","url":"https:\/\/vocesdelacomuna15.com.ar\/press\/coronavirus-aprobaron-la-vacuna-sinopharm-para-ninos-de-entre-3-y-11-anos\/","name":"Coronavirus: aprobaron la vacuna Sinopharm para ni\u00f1os de entre 3 y 11 a\u00f1os - Voces de la Comuna 15","isPartOf":{"@id":"https:\/\/vocesdelacomuna15.com.ar\/press\/#website"},"primaryImageOfPage":{"@id":"https:\/\/vocesdelacomuna15.com.ar\/press\/coronavirus-aprobaron-la-vacuna-sinopharm-para-ninos-de-entre-3-y-11-anos\/#primaryimage"},"image":{"@id":"https:\/\/vocesdelacomuna15.com.ar\/press\/coronavirus-aprobaron-la-vacuna-sinopharm-para-ninos-de-entre-3-y-11-anos\/#primaryimage"},"thumbnailUrl":"https:\/\/vocesdelacomuna15.com.ar\/wp-content\/uploads\/2021\/10\/los-andes-ignacio-blanco.jpg","datePublished":"2021-10-04T08:24:07+00:00","dateModified":"2021-10-04T14:22:49+00:00","description":"Voces de la Comuna 15","breadcrumb":{"@id":"https:\/\/vocesdelacomuna15.com.ar\/press\/coronavirus-aprobaron-la-vacuna-sinopharm-para-ninos-de-entre-3-y-11-anos\/#breadcrumb"},"inLanguage":"es-AR","potentialAction":[{"@type":"ReadAction","target":["https:\/\/vocesdelacomuna15.com.ar\/press\/coronavirus-aprobaron-la-vacuna-sinopharm-para-ninos-de-entre-3-y-11-anos\/"]}]},{"@type":"ImageObject","inLanguage":"es-AR","@id":"https:\/\/vocesdelacomuna15.com.ar\/press\/coronavirus-aprobaron-la-vacuna-sinopharm-para-ninos-de-entre-3-y-11-anos\/#primaryimage","url":"https:\/\/vocesdelacomuna15.com.ar\/wp-content\/uploads\/2021\/10\/los-andes-ignacio-blanco.jpg","contentUrl":"https:\/\/vocesdelacomuna15.com.ar\/wp-content\/uploads\/2021\/10\/los-andes-ignacio-blanco.jpg","width":799,"height":533},{"@type":"BreadcrumbList","@id":"https:\/\/vocesdelacomuna15.com.ar\/press\/coronavirus-aprobaron-la-vacuna-sinopharm-para-ninos-de-entre-3-y-11-anos\/#breadcrumb","itemListElement":[{"@type":"ListItem","position":1,"name":"Inicio","item":"https:\/\/vocesdelacomuna15.com.ar\/press\/"},{"@type":"ListItem","position":2,"name":"Coronavirus: aprobaron la vacuna Sinopharm para ni\u00f1os de entre 3 y 11 a\u00f1os"}]},{"@type":"WebSite","@id":"https:\/\/vocesdelacomuna15.com.ar\/press\/#website","url":"https:\/\/vocesdelacomuna15.com.ar\/press\/","name":"Voces de la Comuna 15","description":"Sitio web de noticias","publisher":{"@id":"https:\/\/vocesdelacomuna15.com.ar\/press\/#organization"},"potentialAction":[{"@type":"SearchAction","target":{"@type":"EntryPoint","urlTemplate":"https:\/\/vocesdelacomuna15.com.ar\/press\/?s={search_term_string}"},"query-input":{"@type":"PropertyValueSpecification","valueRequired":true,"valueName":"search_term_string"}}],"inLanguage":"es-AR"},{"@type":"Organization","@id":"https:\/\/vocesdelacomuna15.com.ar\/press\/#organization","name":"Voces de la Comuna 15","url":"https:\/\/vocesdelacomuna15.com.ar\/press\/","logo":{"@type":"ImageObject","inLanguage":"es-AR","@id":"https:\/\/vocesdelacomuna15.com.ar\/press\/#\/schema\/logo\/image\/","url":"https:\/\/vocesdelacomuna15.com.ar\/wp-content\/uploads\/2024\/12\/cropped-logo_voces.jpg","contentUrl":"https:\/\/vocesdelacomuna15.com.ar\/wp-content\/uploads\/2024\/12\/cropped-logo_voces.jpg","width":512,"height":512,"caption":"Voces de la Comuna 15"},"image":{"@id":"https:\/\/vocesdelacomuna15.com.ar\/press\/#\/schema\/logo\/image\/"},"sameAs":["https:\/\/www.facebook.com\/VocesComuna15\/","https:\/\/x.com\/vocescomuna15"]},{"@type":"Person","@id":"https:\/\/vocesdelacomuna15.com.ar\/press\/#\/schema\/person\/4739e109db25d799cd3d139eeb509e43","name":"Federico Arguto","image":{"@type":"ImageObject","inLanguage":"es-AR","@id":"https:\/\/vocesdelacomuna15.com.ar\/wp-content\/litespeed\/avatar\/82faf979976f1bae889b8b71f8a0a7e5.jpg?ver=1777419741","url":"https:\/\/vocesdelacomuna15.com.ar\/wp-content\/litespeed\/avatar\/82faf979976f1bae889b8b71f8a0a7e5.jpg?ver=1777419741","contentUrl":"https:\/\/vocesdelacomuna15.com.ar\/wp-content\/litespeed\/avatar\/82faf979976f1bae889b8b71f8a0a7e5.jpg?ver=1777419741","caption":"Federico Arguto"},"url":"https:\/\/vocesdelacomuna15.com.ar\/press\/author\/fede\/"}]}},"_links":{"self":[{"href":"https:\/\/vocesdelacomuna15.com.ar\/press\/wp-json\/wp\/v2\/posts\/54769","targetHints":{"allow":["GET"]}}],"collection":[{"href":"https:\/\/vocesdelacomuna15.com.ar\/press\/wp-json\/wp\/v2\/posts"}],"about":[{"href":"https:\/\/vocesdelacomuna15.com.ar\/press\/wp-json\/wp\/v2\/types\/post"}],"author":[{"embeddable":true,"href":"https:\/\/vocesdelacomuna15.com.ar\/press\/wp-json\/wp\/v2\/users\/2"}],"replies":[{"embeddable":true,"href":"https:\/\/vocesdelacomuna15.com.ar\/press\/wp-json\/wp\/v2\/comments?post=54769"}],"version-history":[{"count":1,"href":"https:\/\/vocesdelacomuna15.com.ar\/press\/wp-json\/wp\/v2\/posts\/54769\/revisions"}],"predecessor-version":[{"id":54771,"href":"https:\/\/vocesdelacomuna15.com.ar\/press\/wp-json\/wp\/v2\/posts\/54769\/revisions\/54771"}],"wp:featuredmedia":[{"embeddable":true,"href":"https:\/\/vocesdelacomuna15.com.ar\/press\/wp-json\/wp\/v2\/media\/54770"}],"wp:attachment":[{"href":"https:\/\/vocesdelacomuna15.com.ar\/press\/wp-json\/wp\/v2\/media?parent=54769"}],"wp:term":[{"taxonomy":"category","embeddable":true,"href":"https:\/\/vocesdelacomuna15.com.ar\/press\/wp-json\/wp\/v2\/categories?post=54769"},{"taxonomy":"post_tag","embeddable":true,"href":"https:\/\/vocesdelacomuna15.com.ar\/press\/wp-json\/wp\/v2\/tags?post=54769"}],"curies":[{"name":"wp","href":"https:\/\/api.w.org\/{rel}","templated":true}]}}