{"id":54735,"date":"2021-09-29T12:58:51","date_gmt":"2021-09-29T15:58:51","guid":{"rendered":"http:\/\/vocesdelacomuna15.com.ar\/wordpress\/?p=54735"},"modified":"2021-09-30T09:42:08","modified_gmt":"2021-09-30T12:42:08","slug":"el-tren-pasa-pero-no-para-banderazo-y-radio-abierta-en-la-estacion-villa-crespo","status":"publish","type":"post","link":"https:\/\/vocesdelacomuna15.com.ar\/press\/el-tren-pasa-pero-no-para-banderazo-y-radio-abierta-en-la-estacion-villa-crespo\/","title":{"rendered":"\u201cEl tren pasa pero no para\u201d: Banderazo y radio abierta en la estaci\u00f3n Villa Crespo"},"content":{"rendered":"\n<p>Se cumplen 4 a\u00f1os con las estaciones Villa Crespo y La Paternal cerradas. La protesta ser\u00e1 el viernes 1\u00ba de octubre a las 18 horas en Avenida Corrientes entre Dorrego y Humboldt<\/p>\n\n\n\n<p>Bajo los lemas \u201cLa peor obra es la que no se termina\u201d &nbsp;y \u201cEl tren pasa pero no para\u201d habr\u00e1 este viernes 1\u00ba de octubre a las 18 horas un banderazo y radio abierta en la estaci\u00f3n Villa Crespo (en Avenida Corrientes entre Dorrego y Humboldt). Se cumplen 4 a\u00f1os con las estaciones Villa Crespo y La Paternal cerradas. Vecinos y usuarios mientras tanto, se quedan sin tren debido a las obras inconclusas que iniciaron Horacio Rodr\u00edguez Larreta y Mauricio Macri, en aquel entonces Jefe de Gobierno de CABA y Presidente de la Naci\u00f3n, respectivamente, por el partido Cambiemos. <\/p>\n\n\n\n<p>Dafne Strobino Niedermaier nos envi\u00f3 esta gacetilla con el detalle de la actividad del viernes junto con algunas fotos de la inconclusa estaci\u00f3n Villa Crespo que aqu\u00ed adjuntamos:<\/p>\n\n\n\n<p><strong>anderazo para reclamar por la terminaci\u00f3n de la estaci\u00f3n Villa Crespo\ndel San Mart\u00edn<\/strong><br><\/p>\n\n\n\n<p><em>El viernes por la\ntarde, vecinos y vecinas de Villa Crespo y Chacarita realizar\u00e1n un banderazo\ncon radio abierta para reclamar por las obras inconclusas por parte del\nGobierno de la Ciudad de la estaci\u00f3n Villa Crespo del Ferrocarril San Mart\u00edn. <\/em><\/p>\n\n\n\n<p>La finalizaci\u00f3n de las obras del Viaducto San Mart\u00edn y de las estaciones La Paternal y Villa Crespo\/Chacarita contin\u00faa demor\u00e1ndose. El s\u00e1bado pasado, 25 de septiembre, se cumplieron cuatro a\u00f1os de que el tren pasa, pero no para. A dos a\u00f1os de las promesas de campa\u00f1a del actual jefe de Gobierno, Horacio Rodr\u00edguez Larreta, los y las vecinas siguen esperando que se finalicen las obras y se reabran las estaciones inconclusas.<\/p>\n\n\n\n<figure class=\"wp-block-image\"><img loading=\"lazy\" decoding=\"async\" width=\"740\" height=\"493\" src=\"http:\/\/vocesdelacomuna15.com.ar\/wordpress\/wp-content\/uploads\/2021\/09\/Viaducto-San-Mart\u00edn-Av-Corrientes.jpg\" alt=\"\" class=\"wp-image-54748\" srcset=\"https:\/\/vocesdelacomuna15.com.ar\/wp-content\/uploads\/2021\/09\/Viaducto-San-Mart\u00edn-Av-Corrientes.jpg 740w, https:\/\/vocesdelacomuna15.com.ar\/wp-content\/uploads\/2021\/09\/Viaducto-San-Mart\u00edn-Av-Corrientes-300x200.jpg 300w, https:\/\/vocesdelacomuna15.com.ar\/wp-content\/uploads\/2021\/09\/Viaducto-San-Mart\u00edn-Av-Corrientes-600x400.jpg 600w\" sizes=\"(max-width: 740px) 100vw, 740px\" \/><figcaption>Viaducto San Mart\u00edn altura Av. Corrientes<\/figcaption><\/figure>\n\n\n\n<p>Es por eso que este viernes 1\u00b0 de octubre a las 18 horas, vecinos y vecinas de los barrios de Chacarita y Villa Crespo realizar\u00e1n un banderazo y radio abierta sobre la avenida Corrientes entre Dorrego y Humboldt para visibilizar esta situaci\u00f3n: a la Comuna 15 la dejaron sin tren. <\/p>\n\n\n\n<figure class=\"wp-block-image\"><img loading=\"lazy\" decoding=\"async\" width=\"1024\" height=\"698\" src=\"http:\/\/vocesdelacomuna15.com.ar\/wordpress\/wp-content\/uploads\/2021\/09\/Obras-Estaci\u00f3n-VC-1024x698.jpeg\" alt=\"\" class=\"wp-image-54749\" srcset=\"https:\/\/vocesdelacomuna15.com.ar\/wp-content\/uploads\/2021\/09\/Obras-Estaci\u00f3n-VC-1024x698.jpeg 1024w, https:\/\/vocesdelacomuna15.com.ar\/wp-content\/uploads\/2021\/09\/Obras-Estaci\u00f3n-VC-300x204.jpeg 300w, https:\/\/vocesdelacomuna15.com.ar\/wp-content\/uploads\/2021\/09\/Obras-Estaci\u00f3n-VC-768x523.jpeg 768w, https:\/\/vocesdelacomuna15.com.ar\/wp-content\/uploads\/2021\/09\/Obras-Estaci\u00f3n-VC-600x409.jpeg 600w, https:\/\/vocesdelacomuna15.com.ar\/wp-content\/uploads\/2021\/09\/Obras-Estaci\u00f3n-VC.jpeg 1048w\" sizes=\"(max-width: 1024px) 100vw, 1024px\" \/><figcaption>Escaleras de los andenes de la estaci\u00f3n Villa Crespo<\/figcaption><\/figure>\n\n\n\n<p>Todo comenz\u00f3 durante el\ngobierno de Mauricio Macri cuando Naci\u00f3n traspas\u00f3 las obras de los viaductos de\nlos trenes Mitre y San Mart\u00edn a la Ciudad. La elevaci\u00f3n de las v\u00edas fue, junto\nal Paseo del Bajo, una parte central de la campa\u00f1a electoral de 2019. <\/p>\n\n\n\n<p>El Viaducto San Mart\u00edn se inaugur\u00f3 con bombos y platillos el 10 de julio de 2019 durante la campa\u00f1a para las PASO. Sin embargo, la postal que se ve ahora son calles cortadas, obradores abandonados, carteles que anuncian la obra, estructuras de gr\u00faas, escombros y basura. Lo que sucedi\u00f3 fue que la Ciudad tom\u00f3 la pol\u00e9mica decisi\u00f3n de suspender los trabajos.<\/p>\n\n\n\n<figure class=\"wp-block-image\"><img loading=\"lazy\" decoding=\"async\" width=\"1024\" height=\"659\" src=\"http:\/\/vocesdelacomuna15.com.ar\/wordpress\/wp-content\/uploads\/2021\/09\/Obras-Estaci\u00f3n-VC-5-1024x659.jpeg\" alt=\"\" class=\"wp-image-54750\" srcset=\"https:\/\/vocesdelacomuna15.com.ar\/wp-content\/uploads\/2021\/09\/Obras-Estaci\u00f3n-VC-5-1024x659.jpeg 1024w, https:\/\/vocesdelacomuna15.com.ar\/wp-content\/uploads\/2021\/09\/Obras-Estaci\u00f3n-VC-5-300x193.jpeg 300w, https:\/\/vocesdelacomuna15.com.ar\/wp-content\/uploads\/2021\/09\/Obras-Estaci\u00f3n-VC-5-768x494.jpeg 768w, https:\/\/vocesdelacomuna15.com.ar\/wp-content\/uploads\/2021\/09\/Obras-Estaci\u00f3n-VC-5-1080x695.jpeg 1080w, https:\/\/vocesdelacomuna15.com.ar\/wp-content\/uploads\/2021\/09\/Obras-Estaci\u00f3n-VC-5-600x386.jpeg 600w, https:\/\/vocesdelacomuna15.com.ar\/wp-content\/uploads\/2021\/09\/Obras-Estaci\u00f3n-VC-5.jpeg 1119w\" sizes=\"(max-width: 1024px) 100vw, 1024px\" \/><figcaption>Obras inconclusas en la estaci\u00f3n Villa Crespo<\/figcaption><\/figure>\n\n\n\n<p>La UTE Green-Rottio comenz\u00f3\ncon problemas financieros a pesar de los pagos puntuales que realizaba el\ngobierno de Rodr\u00edguez Larreta. El concurso preventivo no tard\u00f3 en llegar\ndejando una deuda de m\u00e1s de $400 millones (a septiembre 2019), perjudicando a\n50 PyMEs que Green-Rottio subcontrataba para la realizaci\u00f3n de las obras.<\/p>\n\n\n\n<p>Al comienzo de las obras el\nGobierno porte\u00f1o contrat\u00f3 colectivos para que los pasajeros puedan hacer el\ntramo que les faltaba, part\u00eda de Villa del Parque y llegaban hasta Palermo,\npero, tras la ficticia inauguraci\u00f3n, este servicio se dio de baja. <\/p>\n\n\n\n<p>En 2020, desde el Gobierno de la Ciudad aseguraron que \u201cno se considera prioritario terminar las obras de las estaciones Villa Crespo y La Paternal\u201d. La excusa esta vez fue por la quita del 1.8 de la Coparticipaci\u00f3n Federal y por la pandemia de Covid-19. <\/p>\n\n\n\n<figure class=\"wp-block-image\"><img loading=\"lazy\" decoding=\"async\" width=\"815\" height=\"720\" src=\"http:\/\/vocesdelacomuna15.com.ar\/wordpress\/wp-content\/uploads\/2021\/09\/Obras-Estaci\u00f3n-VC-4.jpeg\" alt=\"\" class=\"wp-image-54751\" srcset=\"https:\/\/vocesdelacomuna15.com.ar\/wp-content\/uploads\/2021\/09\/Obras-Estaci\u00f3n-VC-4.jpeg 815w, https:\/\/vocesdelacomuna15.com.ar\/wp-content\/uploads\/2021\/09\/Obras-Estaci\u00f3n-VC-4-300x265.jpeg 300w, https:\/\/vocesdelacomuna15.com.ar\/wp-content\/uploads\/2021\/09\/Obras-Estaci\u00f3n-VC-4-768x678.jpeg 768w, https:\/\/vocesdelacomuna15.com.ar\/wp-content\/uploads\/2021\/09\/Obras-Estaci\u00f3n-VC-4-600x530.jpeg 600w\" sizes=\"(max-width: 815px) 100vw, 815px\" \/><figcaption>And\u00e9n y carteler\u00eda sin terminar en la estaci\u00f3n Villa Crespo<\/figcaption><\/figure>\n\n\n\n<p>Lo cierto es que mucho antes de la pandemia de coronavirus las obras estaban abandonadas. Y ante este abandono, el Gobierno de la Ciudad decidi\u00f3 este a\u00f1o que le devolver\u00eda las obras al Estado nacional para que termine lo que Rodr\u00edguez Larreta no pudo. &#8220;M\u00e1s all\u00e1 de lo que corresponda la gente necesita usar esas estaciones y nuestra prioridad es que se termine, por eso estamos evaluando qu\u00e9 hacer&#8221;, dijeron desde Naci\u00f3n.<\/p>\n\n\n\n<figure class=\"wp-block-image\"><img loading=\"lazy\" decoding=\"async\" width=\"1022\" height=\"718\" src=\"http:\/\/vocesdelacomuna15.com.ar\/wordpress\/wp-content\/uploads\/2021\/09\/Obras-Estaci\u00f3n-VC-3.jpeg\" alt=\"\" class=\"wp-image-54752\" srcset=\"https:\/\/vocesdelacomuna15.com.ar\/wp-content\/uploads\/2021\/09\/Obras-Estaci\u00f3n-VC-3.jpeg 1022w, https:\/\/vocesdelacomuna15.com.ar\/wp-content\/uploads\/2021\/09\/Obras-Estaci\u00f3n-VC-3-300x211.jpeg 300w, https:\/\/vocesdelacomuna15.com.ar\/wp-content\/uploads\/2021\/09\/Obras-Estaci\u00f3n-VC-3-768x540.jpeg 768w, https:\/\/vocesdelacomuna15.com.ar\/wp-content\/uploads\/2021\/09\/Obras-Estaci\u00f3n-VC-3-600x422.jpeg 600w\" sizes=\"(max-width: 1022px) 100vw, 1022px\" \/><figcaption>Los materiales se van acumulando en la estaci\u00f3n Villa Crespo<\/figcaption><\/figure>\n\n\n\n<p>La Ciudad no quiere el dinero\npara terminar las obras, sino que directamente la Naci\u00f3n se haga cargo de\nlicitarlas, un proceso que puede llevar varios meses. Desde el Ministerio de\nTransporte que conduce Alexis Guerrera explicaron que estuvieron evaluando el\nestado de las obras en Villa Crespo y La Paternal y se encontraron que est\u00e1n en\nestado de abandono, algo que se repite en otras paradas del San Mart\u00edn.<\/p>\n\n\n\n<p>En las estaciones La Paternal\ny Villa Crespo-Chacarita queda pendiente completar la construcci\u00f3n de escaleras\ny losas de and\u00e9n, instalaciones (sanitarias, el\u00e9ctricas de iluminaci\u00f3n, de\nincendio, de calefacci\u00f3n), mobiliario urbano, provisi\u00f3n de cubiertas, y puesta\nen servicio y habilitaci\u00f3n de ascensores y escaleras mec\u00e1nicas. Adem\u00e1s, falta\nterminar reparaciones de muros, ejecuci\u00f3n de descargas pluviales, colocaci\u00f3n de\npaneles ac\u00fasticos, reparaciones de vigas, columnas y dinteles, y demolici\u00f3n de\nestructuras provisorias relacionadas con la posterior desmovilizaci\u00f3n de obra\nque comenz\u00f3 en junio de 2017.<\/p>\n\n\n\n<p><strong>Dafne Strobino Niedermaier<\/strong> Cel. 15-5037-6918 <a rel=\"noreferrer noopener\" href=\"http:\/\/www.agendacultural15.com\" target=\"_blank\">www.agendacultural15.com<\/a><br> <a rel=\"noreferrer noopener\" href=\"http:\/\/www.nueva-ciudad.com.ar\" target=\"_blank\">www.nueva-ciudad.com.ar<\/a><a rel=\"noreferrer noopener\" href=\"http:\/\/www.comunicacionlocal.com.ar\/\" target=\"_blank\"> www.comunicacionlocal.com.ar<\/a><a rel=\"noreferrer noopener\" href=\"http:\/\/www.nuestrobarrioweb.com.ar\" target=\"_blank\"> www.nuestrobarrioweb.com.ar<\/a><\/p>\n<div class=\"pvc_clear\"><\/div><p id=\"pvc_stats_54735\" class=\"pvc_stats all  \" data-element-id=\"54735\" style=\"\"><i class=\"pvc-stats-icon small\" aria-hidden=\"true\"><svg aria-hidden=\"true\" focusable=\"false\" data-prefix=\"far\" data-icon=\"chart-bar\" role=\"img\" xmlns=\"http:\/\/www.w3.org\/2000\/svg\" viewBox=\"0 0 512 512\" class=\"svg-inline--fa fa-chart-bar fa-w-16 fa-2x\"><path fill=\"currentColor\" d=\"M396.8 352h22.4c6.4 0 12.8-6.4 12.8-12.8V108.8c0-6.4-6.4-12.8-12.8-12.8h-22.4c-6.4 0-12.8 6.4-12.8 12.8v230.4c0 6.4 6.4 12.8 12.8 12.8zm-192 0h22.4c6.4 0 12.8-6.4 12.8-12.8V140.8c0-6.4-6.4-12.8-12.8-12.8h-22.4c-6.4 0-12.8 6.4-12.8 12.8v198.4c0 6.4 6.4 12.8 12.8 12.8zm96 0h22.4c6.4 0 12.8-6.4 12.8-12.8V204.8c0-6.4-6.4-12.8-12.8-12.8h-22.4c-6.4 0-12.8 6.4-12.8 12.8v134.4c0 6.4 6.4 12.8 12.8 12.8zM496 400H48V80c0-8.84-7.16-16-16-16H16C7.16 64 0 71.16 0 80v336c0 17.67 14.33 32 32 32h464c8.84 0 16-7.16 16-16v-16c0-8.84-7.16-16-16-16zm-387.2-48h22.4c6.4 0 12.8-6.4 12.8-12.8v-70.4c0-6.4-6.4-12.8-12.8-12.8h-22.4c-6.4 0-12.8 6.4-12.8 12.8v70.4c0 6.4 6.4 12.8 12.8 12.8z\" class=\"\"><\/path><\/svg><\/i> <img loading=\"lazy\" decoding=\"async\" width=\"16\" height=\"16\" alt=\"Loading\" src=\"https:\/\/vocesdelacomuna15.com.ar\/wp-content\/plugins\/page-views-count\/ajax-loader-2x.gif\" border=0 \/><\/p><div class=\"pvc_clear\"><\/div>","protected":false},"excerpt":{"rendered":"<p>Se cumplen 4 a\u00f1os con las estaciones Villa Crespo y La Paternal cerradas. La protesta ser\u00e1 el viernes 1\u00ba de octubre a las 18 horas en Avenida Corrientes entre Dorrego y Humboldt Bajo los lemas \u201cLa peor obra es la que no se termina\u201d &nbsp;y \u201cEl tren pasa pero no para\u201d habr\u00e1 este viernes 1\u00ba [&hellip;]<\/p>\n<div class=\"pvc_clear\"><\/div>\n<p id=\"pvc_stats_54735\" class=\"pvc_stats all  \" data-element-id=\"54735\" style=\"\"><i class=\"pvc-stats-icon small\" aria-hidden=\"true\"><svg aria-hidden=\"true\" focusable=\"false\" data-prefix=\"far\" data-icon=\"chart-bar\" role=\"img\" xmlns=\"http:\/\/www.w3.org\/2000\/svg\" viewBox=\"0 0 512 512\" class=\"svg-inline--fa fa-chart-bar fa-w-16 fa-2x\"><path fill=\"currentColor\" d=\"M396.8 352h22.4c6.4 0 12.8-6.4 12.8-12.8V108.8c0-6.4-6.4-12.8-12.8-12.8h-22.4c-6.4 0-12.8 6.4-12.8 12.8v230.4c0 6.4 6.4 12.8 12.8 12.8zm-192 0h22.4c6.4 0 12.8-6.4 12.8-12.8V140.8c0-6.4-6.4-12.8-12.8-12.8h-22.4c-6.4 0-12.8 6.4-12.8 12.8v198.4c0 6.4 6.4 12.8 12.8 12.8zm96 0h22.4c6.4 0 12.8-6.4 12.8-12.8V204.8c0-6.4-6.4-12.8-12.8-12.8h-22.4c-6.4 0-12.8 6.4-12.8 12.8v134.4c0 6.4 6.4 12.8 12.8 12.8zM496 400H48V80c0-8.84-7.16-16-16-16H16C7.16 64 0 71.16 0 80v336c0 17.67 14.33 32 32 32h464c8.84 0 16-7.16 16-16v-16c0-8.84-7.16-16-16-16zm-387.2-48h22.4c6.4 0 12.8-6.4 12.8-12.8v-70.4c0-6.4-6.4-12.8-12.8-12.8h-22.4c-6.4 0-12.8 6.4-12.8 12.8v70.4c0 6.4 6.4 12.8 12.8 12.8z\" class=\"\"><\/path><\/svg><\/i> <img loading=\"lazy\" decoding=\"async\" width=\"16\" height=\"16\" alt=\"Loading\" src=\"https:\/\/vocesdelacomuna15.com.ar\/wp-content\/plugins\/page-views-count\/ajax-loader-2x.gif\" border=0 \/><\/p>\n<div class=\"pvc_clear\"><\/div>\n","protected":false},"author":2,"featured_media":54739,"comment_status":"open","ping_status":"open","sticky":false,"template":"","format":"standard","meta":{"_et_pb_use_builder":"off","_et_pb_old_content":"","_et_gb_content_width":"","footnotes":""},"categories":[8,32],"tags":[],"class_list":["post-54735","post","type-post","status-publish","format-standard","has-post-thumbnail","hentry","category-sociedad","category-vcre","et-has-post-format-content","et_post_format-et-post-format-standard"],"a3_pvc":{"activated":true,"total_views":272,"today_views":0},"yoast_head":"<!-- This site is optimized with the Yoast SEO plugin v27.5 - https:\/\/yoast.com\/product\/yoast-seo-wordpress\/ -->\n<title>\u201cEl tren pasa pero no para\u201d: Banderazo y radio abierta en la estaci\u00f3n Villa Crespo - Voces de la Comuna 15<\/title>\n<meta name=\"description\" content=\"Voces de la Comuna 15\" \/>\n<meta name=\"robots\" content=\"index, follow, max-snippet:-1, max-image-preview:large, max-video-preview:-1\" \/>\n<link rel=\"canonical\" href=\"https:\/\/vocesdelacomuna15.com.ar\/press\/el-tren-pasa-pero-no-para-banderazo-y-radio-abierta-en-la-estacion-villa-crespo\/\" \/>\n<meta property=\"og:locale\" content=\"es_ES\" \/>\n<meta property=\"og:type\" content=\"article\" \/>\n<meta property=\"og:title\" content=\"\u201cEl tren pasa pero no para\u201d: Banderazo y radio abierta en la estaci\u00f3n Villa Crespo - Voces de la Comuna 15\" \/>\n<meta property=\"og:description\" content=\"Voces de la Comuna 15\" \/>\n<meta property=\"og:url\" content=\"https:\/\/vocesdelacomuna15.com.ar\/press\/el-tren-pasa-pero-no-para-banderazo-y-radio-abierta-en-la-estacion-villa-crespo\/\" \/>\n<meta property=\"og:site_name\" content=\"Voces de la Comuna 15\" \/>\n<meta property=\"article:publisher\" content=\"https:\/\/www.facebook.com\/VocesComuna15\/\" \/>\n<meta property=\"article:published_time\" content=\"2021-09-29T15:58:51+00:00\" \/>\n<meta property=\"article:modified_time\" content=\"2021-09-30T12:42:08+00:00\" \/>\n<meta property=\"og:image\" content=\"https:\/\/vocesdelacomuna15.com.ar\/wp-content\/uploads\/2021\/09\/tren2909chica.png\" \/>\n\t<meta property=\"og:image:width\" content=\"374\" \/>\n\t<meta property=\"og:image:height\" content=\"617\" \/>\n\t<meta property=\"og:image:type\" content=\"image\/png\" \/>\n<meta name=\"author\" content=\"Federico Arguto\" \/>\n<meta name=\"twitter:card\" content=\"summary_large_image\" \/>\n<meta name=\"twitter:creator\" content=\"@vocescomuna15\" \/>\n<meta name=\"twitter:site\" content=\"@vocescomuna15\" \/>\n<meta name=\"twitter:label1\" content=\"Escrito por\" \/>\n\t<meta name=\"twitter:data1\" content=\"Federico Arguto\" \/>\n\t<meta name=\"twitter:label2\" content=\"Tiempo de lectura\" \/>\n\t<meta name=\"twitter:data2\" content=\"5 minutos\" \/>\n<script type=\"application\/ld+json\" class=\"yoast-schema-graph\">{\"@context\":\"https:\\\/\\\/schema.org\",\"@graph\":[{\"@type\":\"Article\",\"@id\":\"https:\\\/\\\/vocesdelacomuna15.com.ar\\\/press\\\/el-tren-pasa-pero-no-para-banderazo-y-radio-abierta-en-la-estacion-villa-crespo\\\/#article\",\"isPartOf\":{\"@id\":\"https:\\\/\\\/vocesdelacomuna15.com.ar\\\/press\\\/el-tren-pasa-pero-no-para-banderazo-y-radio-abierta-en-la-estacion-villa-crespo\\\/\"},\"author\":{\"name\":\"Federico Arguto\",\"@id\":\"https:\\\/\\\/vocesdelacomuna15.com.ar\\\/press\\\/#\\\/schema\\\/person\\\/4739e109db25d799cd3d139eeb509e43\"},\"headline\":\"\u201cEl tren pasa pero no para\u201d: Banderazo y radio abierta en la estaci\u00f3n Villa Crespo\",\"datePublished\":\"2021-09-29T15:58:51+00:00\",\"dateModified\":\"2021-09-30T12:42:08+00:00\",\"mainEntityOfPage\":{\"@id\":\"https:\\\/\\\/vocesdelacomuna15.com.ar\\\/press\\\/el-tren-pasa-pero-no-para-banderazo-y-radio-abierta-en-la-estacion-villa-crespo\\\/\"},\"wordCount\":934,\"commentCount\":0,\"publisher\":{\"@id\":\"https:\\\/\\\/vocesdelacomuna15.com.ar\\\/press\\\/#organization\"},\"image\":{\"@id\":\"https:\\\/\\\/vocesdelacomuna15.com.ar\\\/press\\\/el-tren-pasa-pero-no-para-banderazo-y-radio-abierta-en-la-estacion-villa-crespo\\\/#primaryimage\"},\"thumbnailUrl\":\"https:\\\/\\\/vocesdelacomuna15.com.ar\\\/wp-content\\\/uploads\\\/2021\\\/09\\\/tren2909chica.png\",\"articleSection\":[\"Sociedad\",\"Villa Crespo\"],\"inLanguage\":\"es-AR\",\"potentialAction\":[{\"@type\":\"CommentAction\",\"name\":\"Comment\",\"target\":[\"https:\\\/\\\/vocesdelacomuna15.com.ar\\\/press\\\/el-tren-pasa-pero-no-para-banderazo-y-radio-abierta-en-la-estacion-villa-crespo\\\/#respond\"]}]},{\"@type\":\"WebPage\",\"@id\":\"https:\\\/\\\/vocesdelacomuna15.com.ar\\\/press\\\/el-tren-pasa-pero-no-para-banderazo-y-radio-abierta-en-la-estacion-villa-crespo\\\/\",\"url\":\"https:\\\/\\\/vocesdelacomuna15.com.ar\\\/press\\\/el-tren-pasa-pero-no-para-banderazo-y-radio-abierta-en-la-estacion-villa-crespo\\\/\",\"name\":\"\u201cEl tren pasa pero no para\u201d: Banderazo y radio abierta en la estaci\u00f3n Villa Crespo - Voces de la Comuna 15\",\"isPartOf\":{\"@id\":\"https:\\\/\\\/vocesdelacomuna15.com.ar\\\/press\\\/#website\"},\"primaryImageOfPage\":{\"@id\":\"https:\\\/\\\/vocesdelacomuna15.com.ar\\\/press\\\/el-tren-pasa-pero-no-para-banderazo-y-radio-abierta-en-la-estacion-villa-crespo\\\/#primaryimage\"},\"image\":{\"@id\":\"https:\\\/\\\/vocesdelacomuna15.com.ar\\\/press\\\/el-tren-pasa-pero-no-para-banderazo-y-radio-abierta-en-la-estacion-villa-crespo\\\/#primaryimage\"},\"thumbnailUrl\":\"https:\\\/\\\/vocesdelacomuna15.com.ar\\\/wp-content\\\/uploads\\\/2021\\\/09\\\/tren2909chica.png\",\"datePublished\":\"2021-09-29T15:58:51+00:00\",\"dateModified\":\"2021-09-30T12:42:08+00:00\",\"description\":\"Voces de la Comuna 15\",\"breadcrumb\":{\"@id\":\"https:\\\/\\\/vocesdelacomuna15.com.ar\\\/press\\\/el-tren-pasa-pero-no-para-banderazo-y-radio-abierta-en-la-estacion-villa-crespo\\\/#breadcrumb\"},\"inLanguage\":\"es-AR\",\"potentialAction\":[{\"@type\":\"ReadAction\",\"target\":[\"https:\\\/\\\/vocesdelacomuna15.com.ar\\\/press\\\/el-tren-pasa-pero-no-para-banderazo-y-radio-abierta-en-la-estacion-villa-crespo\\\/\"]}]},{\"@type\":\"ImageObject\",\"inLanguage\":\"es-AR\",\"@id\":\"https:\\\/\\\/vocesdelacomuna15.com.ar\\\/press\\\/el-tren-pasa-pero-no-para-banderazo-y-radio-abierta-en-la-estacion-villa-crespo\\\/#primaryimage\",\"url\":\"https:\\\/\\\/vocesdelacomuna15.com.ar\\\/wp-content\\\/uploads\\\/2021\\\/09\\\/tren2909chica.png\",\"contentUrl\":\"https:\\\/\\\/vocesdelacomuna15.com.ar\\\/wp-content\\\/uploads\\\/2021\\\/09\\\/tren2909chica.png\",\"width\":374,\"height\":617},{\"@type\":\"BreadcrumbList\",\"@id\":\"https:\\\/\\\/vocesdelacomuna15.com.ar\\\/press\\\/el-tren-pasa-pero-no-para-banderazo-y-radio-abierta-en-la-estacion-villa-crespo\\\/#breadcrumb\",\"itemListElement\":[{\"@type\":\"ListItem\",\"position\":1,\"name\":\"Inicio\",\"item\":\"https:\\\/\\\/vocesdelacomuna15.com.ar\\\/press\\\/\"},{\"@type\":\"ListItem\",\"position\":2,\"name\":\"\u201cEl tren pasa pero no para\u201d: Banderazo y radio abierta en la estaci\u00f3n Villa Crespo\"}]},{\"@type\":\"WebSite\",\"@id\":\"https:\\\/\\\/vocesdelacomuna15.com.ar\\\/press\\\/#website\",\"url\":\"https:\\\/\\\/vocesdelacomuna15.com.ar\\\/press\\\/\",\"name\":\"Voces de la Comuna 15\",\"description\":\"Sitio web de noticias\",\"publisher\":{\"@id\":\"https:\\\/\\\/vocesdelacomuna15.com.ar\\\/press\\\/#organization\"},\"potentialAction\":[{\"@type\":\"SearchAction\",\"target\":{\"@type\":\"EntryPoint\",\"urlTemplate\":\"https:\\\/\\\/vocesdelacomuna15.com.ar\\\/press\\\/?s={search_term_string}\"},\"query-input\":{\"@type\":\"PropertyValueSpecification\",\"valueRequired\":true,\"valueName\":\"search_term_string\"}}],\"inLanguage\":\"es-AR\"},{\"@type\":\"Organization\",\"@id\":\"https:\\\/\\\/vocesdelacomuna15.com.ar\\\/press\\\/#organization\",\"name\":\"Voces de la Comuna 15\",\"url\":\"https:\\\/\\\/vocesdelacomuna15.com.ar\\\/press\\\/\",\"logo\":{\"@type\":\"ImageObject\",\"inLanguage\":\"es-AR\",\"@id\":\"https:\\\/\\\/vocesdelacomuna15.com.ar\\\/press\\\/#\\\/schema\\\/logo\\\/image\\\/\",\"url\":\"https:\\\/\\\/vocesdelacomuna15.com.ar\\\/wp-content\\\/uploads\\\/2024\\\/12\\\/cropped-logo_voces.jpg\",\"contentUrl\":\"https:\\\/\\\/vocesdelacomuna15.com.ar\\\/wp-content\\\/uploads\\\/2024\\\/12\\\/cropped-logo_voces.jpg\",\"width\":512,\"height\":512,\"caption\":\"Voces de la Comuna 15\"},\"image\":{\"@id\":\"https:\\\/\\\/vocesdelacomuna15.com.ar\\\/press\\\/#\\\/schema\\\/logo\\\/image\\\/\"},\"sameAs\":[\"https:\\\/\\\/www.facebook.com\\\/VocesComuna15\\\/\",\"https:\\\/\\\/x.com\\\/vocescomuna15\"]},{\"@type\":\"Person\",\"@id\":\"https:\\\/\\\/vocesdelacomuna15.com.ar\\\/press\\\/#\\\/schema\\\/person\\\/4739e109db25d799cd3d139eeb509e43\",\"name\":\"Federico Arguto\",\"image\":{\"@type\":\"ImageObject\",\"inLanguage\":\"es-AR\",\"@id\":\"https:\\\/\\\/vocesdelacomuna15.com.ar\\\/wp-content\\\/litespeed\\\/avatar\\\/82faf979976f1bae889b8b71f8a0a7e5.jpg?ver=1777419741\",\"url\":\"https:\\\/\\\/vocesdelacomuna15.com.ar\\\/wp-content\\\/litespeed\\\/avatar\\\/82faf979976f1bae889b8b71f8a0a7e5.jpg?ver=1777419741\",\"contentUrl\":\"https:\\\/\\\/vocesdelacomuna15.com.ar\\\/wp-content\\\/litespeed\\\/avatar\\\/82faf979976f1bae889b8b71f8a0a7e5.jpg?ver=1777419741\",\"caption\":\"Federico Arguto\"},\"url\":\"https:\\\/\\\/vocesdelacomuna15.com.ar\\\/press\\\/author\\\/fede\\\/\"}]}<\/script>\n<!-- \/ Yoast SEO plugin. -->","yoast_head_json":{"title":"\u201cEl tren pasa pero no para\u201d: Banderazo y radio abierta en la estaci\u00f3n Villa Crespo - Voces de la Comuna 15","description":"Voces de la Comuna 15","robots":{"index":"index","follow":"follow","max-snippet":"max-snippet:-1","max-image-preview":"max-image-preview:large","max-video-preview":"max-video-preview:-1"},"canonical":"https:\/\/vocesdelacomuna15.com.ar\/press\/el-tren-pasa-pero-no-para-banderazo-y-radio-abierta-en-la-estacion-villa-crespo\/","og_locale":"es_ES","og_type":"article","og_title":"\u201cEl tren pasa pero no para\u201d: Banderazo y radio abierta en la estaci\u00f3n Villa Crespo - Voces de la Comuna 15","og_description":"Voces de la Comuna 15","og_url":"https:\/\/vocesdelacomuna15.com.ar\/press\/el-tren-pasa-pero-no-para-banderazo-y-radio-abierta-en-la-estacion-villa-crespo\/","og_site_name":"Voces de la Comuna 15","article_publisher":"https:\/\/www.facebook.com\/VocesComuna15\/","article_published_time":"2021-09-29T15:58:51+00:00","article_modified_time":"2021-09-30T12:42:08+00:00","og_image":[{"width":374,"height":617,"url":"https:\/\/vocesdelacomuna15.com.ar\/wp-content\/uploads\/2021\/09\/tren2909chica.png","type":"image\/png"}],"author":"Federico Arguto","twitter_card":"summary_large_image","twitter_creator":"@vocescomuna15","twitter_site":"@vocescomuna15","twitter_misc":{"Escrito por":"Federico Arguto","Tiempo de lectura":"5 minutos"},"schema":{"@context":"https:\/\/schema.org","@graph":[{"@type":"Article","@id":"https:\/\/vocesdelacomuna15.com.ar\/press\/el-tren-pasa-pero-no-para-banderazo-y-radio-abierta-en-la-estacion-villa-crespo\/#article","isPartOf":{"@id":"https:\/\/vocesdelacomuna15.com.ar\/press\/el-tren-pasa-pero-no-para-banderazo-y-radio-abierta-en-la-estacion-villa-crespo\/"},"author":{"name":"Federico Arguto","@id":"https:\/\/vocesdelacomuna15.com.ar\/press\/#\/schema\/person\/4739e109db25d799cd3d139eeb509e43"},"headline":"\u201cEl tren pasa pero no para\u201d: Banderazo y radio abierta en la estaci\u00f3n Villa Crespo","datePublished":"2021-09-29T15:58:51+00:00","dateModified":"2021-09-30T12:42:08+00:00","mainEntityOfPage":{"@id":"https:\/\/vocesdelacomuna15.com.ar\/press\/el-tren-pasa-pero-no-para-banderazo-y-radio-abierta-en-la-estacion-villa-crespo\/"},"wordCount":934,"commentCount":0,"publisher":{"@id":"https:\/\/vocesdelacomuna15.com.ar\/press\/#organization"},"image":{"@id":"https:\/\/vocesdelacomuna15.com.ar\/press\/el-tren-pasa-pero-no-para-banderazo-y-radio-abierta-en-la-estacion-villa-crespo\/#primaryimage"},"thumbnailUrl":"https:\/\/vocesdelacomuna15.com.ar\/wp-content\/uploads\/2021\/09\/tren2909chica.png","articleSection":["Sociedad","Villa Crespo"],"inLanguage":"es-AR","potentialAction":[{"@type":"CommentAction","name":"Comment","target":["https:\/\/vocesdelacomuna15.com.ar\/press\/el-tren-pasa-pero-no-para-banderazo-y-radio-abierta-en-la-estacion-villa-crespo\/#respond"]}]},{"@type":"WebPage","@id":"https:\/\/vocesdelacomuna15.com.ar\/press\/el-tren-pasa-pero-no-para-banderazo-y-radio-abierta-en-la-estacion-villa-crespo\/","url":"https:\/\/vocesdelacomuna15.com.ar\/press\/el-tren-pasa-pero-no-para-banderazo-y-radio-abierta-en-la-estacion-villa-crespo\/","name":"\u201cEl tren pasa pero no para\u201d: Banderazo y radio abierta en la estaci\u00f3n Villa Crespo - Voces de la Comuna 15","isPartOf":{"@id":"https:\/\/vocesdelacomuna15.com.ar\/press\/#website"},"primaryImageOfPage":{"@id":"https:\/\/vocesdelacomuna15.com.ar\/press\/el-tren-pasa-pero-no-para-banderazo-y-radio-abierta-en-la-estacion-villa-crespo\/#primaryimage"},"image":{"@id":"https:\/\/vocesdelacomuna15.com.ar\/press\/el-tren-pasa-pero-no-para-banderazo-y-radio-abierta-en-la-estacion-villa-crespo\/#primaryimage"},"thumbnailUrl":"https:\/\/vocesdelacomuna15.com.ar\/wp-content\/uploads\/2021\/09\/tren2909chica.png","datePublished":"2021-09-29T15:58:51+00:00","dateModified":"2021-09-30T12:42:08+00:00","description":"Voces de la Comuna 15","breadcrumb":{"@id":"https:\/\/vocesdelacomuna15.com.ar\/press\/el-tren-pasa-pero-no-para-banderazo-y-radio-abierta-en-la-estacion-villa-crespo\/#breadcrumb"},"inLanguage":"es-AR","potentialAction":[{"@type":"ReadAction","target":["https:\/\/vocesdelacomuna15.com.ar\/press\/el-tren-pasa-pero-no-para-banderazo-y-radio-abierta-en-la-estacion-villa-crespo\/"]}]},{"@type":"ImageObject","inLanguage":"es-AR","@id":"https:\/\/vocesdelacomuna15.com.ar\/press\/el-tren-pasa-pero-no-para-banderazo-y-radio-abierta-en-la-estacion-villa-crespo\/#primaryimage","url":"https:\/\/vocesdelacomuna15.com.ar\/wp-content\/uploads\/2021\/09\/tren2909chica.png","contentUrl":"https:\/\/vocesdelacomuna15.com.ar\/wp-content\/uploads\/2021\/09\/tren2909chica.png","width":374,"height":617},{"@type":"BreadcrumbList","@id":"https:\/\/vocesdelacomuna15.com.ar\/press\/el-tren-pasa-pero-no-para-banderazo-y-radio-abierta-en-la-estacion-villa-crespo\/#breadcrumb","itemListElement":[{"@type":"ListItem","position":1,"name":"Inicio","item":"https:\/\/vocesdelacomuna15.com.ar\/press\/"},{"@type":"ListItem","position":2,"name":"\u201cEl tren pasa pero no para\u201d: Banderazo y radio abierta en la estaci\u00f3n Villa Crespo"}]},{"@type":"WebSite","@id":"https:\/\/vocesdelacomuna15.com.ar\/press\/#website","url":"https:\/\/vocesdelacomuna15.com.ar\/press\/","name":"Voces de la Comuna 15","description":"Sitio web de noticias","publisher":{"@id":"https:\/\/vocesdelacomuna15.com.ar\/press\/#organization"},"potentialAction":[{"@type":"SearchAction","target":{"@type":"EntryPoint","urlTemplate":"https:\/\/vocesdelacomuna15.com.ar\/press\/?s={search_term_string}"},"query-input":{"@type":"PropertyValueSpecification","valueRequired":true,"valueName":"search_term_string"}}],"inLanguage":"es-AR"},{"@type":"Organization","@id":"https:\/\/vocesdelacomuna15.com.ar\/press\/#organization","name":"Voces de la Comuna 15","url":"https:\/\/vocesdelacomuna15.com.ar\/press\/","logo":{"@type":"ImageObject","inLanguage":"es-AR","@id":"https:\/\/vocesdelacomuna15.com.ar\/press\/#\/schema\/logo\/image\/","url":"https:\/\/vocesdelacomuna15.com.ar\/wp-content\/uploads\/2024\/12\/cropped-logo_voces.jpg","contentUrl":"https:\/\/vocesdelacomuna15.com.ar\/wp-content\/uploads\/2024\/12\/cropped-logo_voces.jpg","width":512,"height":512,"caption":"Voces de la Comuna 15"},"image":{"@id":"https:\/\/vocesdelacomuna15.com.ar\/press\/#\/schema\/logo\/image\/"},"sameAs":["https:\/\/www.facebook.com\/VocesComuna15\/","https:\/\/x.com\/vocescomuna15"]},{"@type":"Person","@id":"https:\/\/vocesdelacomuna15.com.ar\/press\/#\/schema\/person\/4739e109db25d799cd3d139eeb509e43","name":"Federico Arguto","image":{"@type":"ImageObject","inLanguage":"es-AR","@id":"https:\/\/vocesdelacomuna15.com.ar\/wp-content\/litespeed\/avatar\/82faf979976f1bae889b8b71f8a0a7e5.jpg?ver=1777419741","url":"https:\/\/vocesdelacomuna15.com.ar\/wp-content\/litespeed\/avatar\/82faf979976f1bae889b8b71f8a0a7e5.jpg?ver=1777419741","contentUrl":"https:\/\/vocesdelacomuna15.com.ar\/wp-content\/litespeed\/avatar\/82faf979976f1bae889b8b71f8a0a7e5.jpg?ver=1777419741","caption":"Federico Arguto"},"url":"https:\/\/vocesdelacomuna15.com.ar\/press\/author\/fede\/"}]}},"_links":{"self":[{"href":"https:\/\/vocesdelacomuna15.com.ar\/press\/wp-json\/wp\/v2\/posts\/54735","targetHints":{"allow":["GET"]}}],"collection":[{"href":"https:\/\/vocesdelacomuna15.com.ar\/press\/wp-json\/wp\/v2\/posts"}],"about":[{"href":"https:\/\/vocesdelacomuna15.com.ar\/press\/wp-json\/wp\/v2\/types\/post"}],"author":[{"embeddable":true,"href":"https:\/\/vocesdelacomuna15.com.ar\/press\/wp-json\/wp\/v2\/users\/2"}],"replies":[{"embeddable":true,"href":"https:\/\/vocesdelacomuna15.com.ar\/press\/wp-json\/wp\/v2\/comments?post=54735"}],"version-history":[{"count":3,"href":"https:\/\/vocesdelacomuna15.com.ar\/press\/wp-json\/wp\/v2\/posts\/54735\/revisions"}],"predecessor-version":[{"id":54754,"href":"https:\/\/vocesdelacomuna15.com.ar\/press\/wp-json\/wp\/v2\/posts\/54735\/revisions\/54754"}],"wp:featuredmedia":[{"embeddable":true,"href":"https:\/\/vocesdelacomuna15.com.ar\/press\/wp-json\/wp\/v2\/media\/54739"}],"wp:attachment":[{"href":"https:\/\/vocesdelacomuna15.com.ar\/press\/wp-json\/wp\/v2\/media?parent=54735"}],"wp:term":[{"taxonomy":"category","embeddable":true,"href":"https:\/\/vocesdelacomuna15.com.ar\/press\/wp-json\/wp\/v2\/categories?post=54735"},{"taxonomy":"post_tag","embeddable":true,"href":"https:\/\/vocesdelacomuna15.com.ar\/press\/wp-json\/wp\/v2\/tags?post=54735"}],"curies":[{"name":"wp","href":"https:\/\/api.w.org\/{rel}","templated":true}]}}