{"id":54708,"date":"2021-09-27T10:26:33","date_gmt":"2021-09-27T13:26:33","guid":{"rendered":"http:\/\/vocesdelacomuna15.com.ar\/wordpress\/?p=54708"},"modified":"2021-09-20T10:40:57","modified_gmt":"2021-09-20T13:40:57","slug":"entre-las-ciudades-mas-caras-de-la-region-para-comprar-una-propiedad-que-lugar-ocupa-buenos-aires","status":"publish","type":"post","link":"https:\/\/vocesdelacomuna15.com.ar\/press\/entre-las-ciudades-mas-caras-de-la-region-para-comprar-una-propiedad-que-lugar-ocupa-buenos-aires\/","title":{"rendered":"Entre las ciudades m\u00e1s caras de la regi\u00f3n para comprar una propiedad, \u00bfqu\u00e9 lugar ocupa Buenos Aires?"},"content":{"rendered":"\n<p>El valor del metro cuadrado se ubica solo por debajo del que se registra en Monterrey, en M\u00e9xico. Fuente: La Naci\u00f3n<\/p>\n\n\n\n<p>Link a nota original: <a href=\"https:\/\/www.lanacion.com.ar\/propiedades\/casas-y-departamentos\/entre-las-ciudades-mas-caras-de-la-region-para-comprar-una-propiedad-que-lugar-ocupa-buenos-aires-nid20092021\/\">https:\/\/www.lanacion.com.ar\/propiedades\/casas-y-departamentos\/entre-las-ciudades-mas-caras-de-la-region-para-comprar-una-propiedad-que-lugar-ocupa-buenos-aires-nid20092021\/<\/a><\/p>\n\n\n\n<p>Convertirse en due\u00f1o de un inmueble es un sue\u00f1o que cada\nvez queda m\u00e1s lejos para muchas personas. Aunque el valor del metro cuadrado no\nresiste el complejo escenario que atraviesa el mercado inmobiliario y registra\nuna ca\u00edda de m\u00e1s del 8% en un a\u00f1o, <strong>la Ciudad Aut\u00f3noma de<\/strong> <strong>Buenos\nAires (CABA) es la segunda ciudad m\u00e1s cara de Latinoam\u00e9rica para comprar una\npropiedad.<\/strong><\/p>\n\n\n\n<p>El\ndato se desprende de un estudio regional realizado por ZonaProp, que se\u00f1ala que\nel distrito porte\u00f1o <strong>registra un valor promedio de US$2413\/m\u00b2,<\/strong>\nlo que la posiciona segunda en la lista de las ciudades m\u00e1s costosas, incluso\nen comparaci\u00f3n con otras locaciones de la Argentina. Sin embargo, el primer\npuesto<strong> lo ocupa Monterrey, en M\u00e9xico, con una diferencia m\u00ednima: un\ncosto de US$2422\/m\u00b2. <\/strong>Le siguen a Buenos Aires la capital de Panam\u00e1 y\nCiudad de M\u00e9xico. En concreto, as\u00ed queda el ranking de ciudades:<\/p>\n\n\n\n<p>1. Monterrey, M\u00e9xico (US$2422\/m\u00b2)<\/p>\n\n\n\n<p>2. Ciudad Aut\u00f3noma de Buenos Aires, Argentina\n(US$2413\/m\u00b2)<\/p>\n\n\n\n<p>3. Ciudad de Panam\u00e1, Panam\u00e1 (US$2062\/m\u00b2)<\/p>\n\n\n\n<p>4. Ciudad de M\u00e9xico, M\u00e9xico (US$1922\/m\u00b2)<\/p>\n\n\n\n<p>5. Guadalajara, M\u00e9xico (US$1897\/m\u00b2)<\/p>\n\n\n\n<p>6. San Pablo, Brasil (US$1789\/m\u00b2)<\/p>\n\n\n\n<p>7. R\u00edo de Janeiro, Brasil (US$1652\/m\u00b2)<\/p>\n\n\n\n<p>8. Rosario, Argentina (US$1620\/m\u00b2)<\/p>\n\n\n\n<p>9. Lima, Per\u00fa (US$1609\/m\u00b2)<\/p>\n\n\n\n<p>10. Curitiba, Brasil (US$1372\/m\u00b2)<\/p>\n\n\n\n<p>11. Quito, Ecuador (US$1284\/m\u00b2)<\/p>\n\n\n\n<p>12. C\u00f3rdoba, Argentina (US$1204\/m\u00b2)<\/p>\n\n\n\n<p>13. Belo Horizonte, Brasil (US$1016\/m\u00b2)<\/p>\n\n\n\n<p>De\nacuerdo al an\u00e1lisis de la variaci\u00f3n en moneda original del aviso inmobiliario\nen las distintas ciudades, <strong>Curitiba es la que registr\u00f3 la mayor suba\ndel valor de las propiedades (16%)<\/strong> entre diciembre de 2019 y julio de 2021.\nLe siguen en los incrementos Lima (15%), Guadalajara (13%) y Monterrey (10%).\nS\u00e3o Paulo (6%), Belo Horizonte (2%) y R\u00edo de Janeiro (2%), en Brasil, tambi\u00e9n\nregistraron incrementos.<\/p>\n\n\n\n<p>En\nla Argentina, en cambio, la ciudad de C\u00f3rdoba es la que sufri\u00f3 la mayor ca\u00edda\nde precio a nivel latinoamericano (18%) a ra\u00edz de la pandemia. Asimismo, CABA\n(12%) y Rosario (9%) mostraron un descenso, seguidas por Panam\u00e1 (5%), Quito\n(4%) y Ciudad de M\u00e9xico (3%). Un dato importante que expone el funcionamiento\nde las econom\u00edas regionales es que, a excepci\u00f3n de la capital mexicana, todas\nlas plazas que nominan los valores de sus inmuebles en moneda local, como\nBrasil, Per\u00fa y M\u00e9xico, registraron un incremento de precio nominal durante este\nper\u00edodo.<\/p>\n\n\n\n<p>Por\nel contrario, \u00bfc\u00f3mo evolucionaron los precios de venta en d\u00f3lares? Al medir los\nvalores en moneda estadounidense de las unidades en venta, seg\u00fan los tipos de\ncambio correspondientes a cada pa\u00eds, el informe de ZonaProp indica que las\nciudades mexicanas de Guadalajara (23%), Monterrey (20%) y Ciudad de M\u00e9xico\n(6%) son las que registran un mayor incremento en los \u00faltimos 19 meses. Adem\u00e1s,\nse trata de las \u00fanicas locaciones que actualmente reflejan precios en d\u00f3lares\npor encima de los niveles prepandemia.<\/p>\n\n\n\n<p>Sin\nembargo, el resto de las plazas en Latinoam\u00e9rica demuestran un descenso de sus\ncostos en d\u00f3lares. En este sentido, <strong>R\u00edo de Janeiro es la capital con la\nmayor baja en su valor (21%), <\/strong>seguida por Belo Horizonte (20%),\nC\u00f3rdoba (18%), San Pablo (17%), Ciudad de Buenos Aires (12%), Rosario (9%) y\nCuritiba (9%). En la zona media de esta clasificaci\u00f3n se encuentran Lima (6%),\nPanam\u00e1 (5%) y Quito (4%).<\/p>\n\n\n\n<p>Caracteres: 3.210<\/p>\n\n\n\n<p>Ep\u00edgrafe de la foto: Pese a la ca\u00edda\ndel metro cuadrado, Buenos Aires sigue posicionada arriba en el ranking de\nciudades m\u00e1s costosas. Shutterstock<\/p>\n<div class=\"pvc_clear\"><\/div><p id=\"pvc_stats_54708\" class=\"pvc_stats all  \" data-element-id=\"54708\" style=\"\"><i class=\"pvc-stats-icon small\" aria-hidden=\"true\"><svg aria-hidden=\"true\" focusable=\"false\" data-prefix=\"far\" data-icon=\"chart-bar\" role=\"img\" xmlns=\"http:\/\/www.w3.org\/2000\/svg\" viewBox=\"0 0 512 512\" class=\"svg-inline--fa fa-chart-bar fa-w-16 fa-2x\"><path fill=\"currentColor\" d=\"M396.8 352h22.4c6.4 0 12.8-6.4 12.8-12.8V108.8c0-6.4-6.4-12.8-12.8-12.8h-22.4c-6.4 0-12.8 6.4-12.8 12.8v230.4c0 6.4 6.4 12.8 12.8 12.8zm-192 0h22.4c6.4 0 12.8-6.4 12.8-12.8V140.8c0-6.4-6.4-12.8-12.8-12.8h-22.4c-6.4 0-12.8 6.4-12.8 12.8v198.4c0 6.4 6.4 12.8 12.8 12.8zm96 0h22.4c6.4 0 12.8-6.4 12.8-12.8V204.8c0-6.4-6.4-12.8-12.8-12.8h-22.4c-6.4 0-12.8 6.4-12.8 12.8v134.4c0 6.4 6.4 12.8 12.8 12.8zM496 400H48V80c0-8.84-7.16-16-16-16H16C7.16 64 0 71.16 0 80v336c0 17.67 14.33 32 32 32h464c8.84 0 16-7.16 16-16v-16c0-8.84-7.16-16-16-16zm-387.2-48h22.4c6.4 0 12.8-6.4 12.8-12.8v-70.4c0-6.4-6.4-12.8-12.8-12.8h-22.4c-6.4 0-12.8 6.4-12.8 12.8v70.4c0 6.4 6.4 12.8 12.8 12.8z\" class=\"\"><\/path><\/svg><\/i> <img loading=\"lazy\" decoding=\"async\" width=\"16\" height=\"16\" alt=\"Loading\" src=\"https:\/\/vocesdelacomuna15.com.ar\/wp-content\/plugins\/page-views-count\/ajax-loader-2x.gif\" border=0 \/><\/p><div class=\"pvc_clear\"><\/div>","protected":false},"excerpt":{"rendered":"<p>El valor del metro cuadrado se ubica solo por debajo del que se registra en Monterrey, en M\u00e9xico. Fuente: La Naci\u00f3n Link a nota original: https:\/\/www.lanacion.com.ar\/propiedades\/casas-y-departamentos\/entre-las-ciudades-mas-caras-de-la-region-para-comprar-una-propiedad-que-lugar-ocupa-buenos-aires-nid20092021\/ Convertirse en due\u00f1o de un inmueble es un sue\u00f1o que cada vez queda m\u00e1s lejos para muchas personas. Aunque el valor del metro cuadrado no resiste el complejo escenario [&hellip;]<\/p>\n<div class=\"pvc_clear\"><\/div>\n<p id=\"pvc_stats_54708\" class=\"pvc_stats all  \" data-element-id=\"54708\" style=\"\"><i class=\"pvc-stats-icon small\" aria-hidden=\"true\"><svg aria-hidden=\"true\" focusable=\"false\" data-prefix=\"far\" data-icon=\"chart-bar\" role=\"img\" xmlns=\"http:\/\/www.w3.org\/2000\/svg\" viewBox=\"0 0 512 512\" class=\"svg-inline--fa fa-chart-bar fa-w-16 fa-2x\"><path fill=\"currentColor\" d=\"M396.8 352h22.4c6.4 0 12.8-6.4 12.8-12.8V108.8c0-6.4-6.4-12.8-12.8-12.8h-22.4c-6.4 0-12.8 6.4-12.8 12.8v230.4c0 6.4 6.4 12.8 12.8 12.8zm-192 0h22.4c6.4 0 12.8-6.4 12.8-12.8V140.8c0-6.4-6.4-12.8-12.8-12.8h-22.4c-6.4 0-12.8 6.4-12.8 12.8v198.4c0 6.4 6.4 12.8 12.8 12.8zm96 0h22.4c6.4 0 12.8-6.4 12.8-12.8V204.8c0-6.4-6.4-12.8-12.8-12.8h-22.4c-6.4 0-12.8 6.4-12.8 12.8v134.4c0 6.4 6.4 12.8 12.8 12.8zM496 400H48V80c0-8.84-7.16-16-16-16H16C7.16 64 0 71.16 0 80v336c0 17.67 14.33 32 32 32h464c8.84 0 16-7.16 16-16v-16c0-8.84-7.16-16-16-16zm-387.2-48h22.4c6.4 0 12.8-6.4 12.8-12.8v-70.4c0-6.4-6.4-12.8-12.8-12.8h-22.4c-6.4 0-12.8 6.4-12.8 12.8v70.4c0 6.4 6.4 12.8 12.8 12.8z\" class=\"\"><\/path><\/svg><\/i> <img loading=\"lazy\" decoding=\"async\" width=\"16\" height=\"16\" alt=\"Loading\" src=\"https:\/\/vocesdelacomuna15.com.ar\/wp-content\/plugins\/page-views-count\/ajax-loader-2x.gif\" border=0 \/><\/p>\n<div class=\"pvc_clear\"><\/div>\n","protected":false},"author":2,"featured_media":54709,"comment_status":"open","ping_status":"open","sticky":false,"template":"","format":"standard","meta":{"_et_pb_use_builder":"off","_et_pb_old_content":"","_et_gb_content_width":"","footnotes":""},"categories":[26],"tags":[],"class_list":["post-54708","post","type-post","status-publish","format-standard","has-post-thumbnail","hentry","category-ciudad","et-has-post-format-content","et_post_format-et-post-format-standard"],"a3_pvc":{"activated":true,"total_views":186,"today_views":0},"yoast_head":"<!-- This site is optimized with the Yoast SEO plugin v27.5 - https:\/\/yoast.com\/product\/yoast-seo-wordpress\/ -->\n<title>Entre las ciudades m\u00e1s caras de la regi\u00f3n para comprar una propiedad, \u00bfqu\u00e9 lugar ocupa Buenos Aires? - Voces de la Comuna 15<\/title>\n<meta name=\"description\" content=\"Voces de la Comuna 15\" \/>\n<meta name=\"robots\" content=\"index, follow, max-snippet:-1, max-image-preview:large, max-video-preview:-1\" \/>\n<link rel=\"canonical\" href=\"https:\/\/vocesdelacomuna15.com.ar\/press\/entre-las-ciudades-mas-caras-de-la-region-para-comprar-una-propiedad-que-lugar-ocupa-buenos-aires\/\" \/>\n<meta property=\"og:locale\" content=\"es_ES\" \/>\n<meta property=\"og:type\" content=\"article\" \/>\n<meta property=\"og:title\" content=\"Entre las ciudades m\u00e1s caras de la regi\u00f3n para comprar una propiedad, \u00bfqu\u00e9 lugar ocupa Buenos Aires? - Voces de la Comuna 15\" \/>\n<meta property=\"og:description\" content=\"Voces de la Comuna 15\" \/>\n<meta property=\"og:url\" content=\"https:\/\/vocesdelacomuna15.com.ar\/press\/entre-las-ciudades-mas-caras-de-la-region-para-comprar-una-propiedad-que-lugar-ocupa-buenos-aires\/\" \/>\n<meta property=\"og:site_name\" content=\"Voces de la Comuna 15\" \/>\n<meta property=\"article:publisher\" content=\"https:\/\/www.facebook.com\/VocesComuna15\/\" \/>\n<meta property=\"article:published_time\" content=\"2021-09-27T13:26:33+00:00\" \/>\n<meta property=\"og:image\" content=\"https:\/\/vocesdelacomuna15.com.ar\/wp-content\/uploads\/2021\/09\/ln2009.jpg\" \/>\n\t<meta property=\"og:image:width\" content=\"879\" \/>\n\t<meta property=\"og:image:height\" content=\"586\" \/>\n\t<meta property=\"og:image:type\" content=\"image\/jpeg\" \/>\n<meta name=\"author\" content=\"Federico Arguto\" \/>\n<meta name=\"twitter:card\" content=\"summary_large_image\" \/>\n<meta name=\"twitter:creator\" content=\"@vocescomuna15\" \/>\n<meta name=\"twitter:site\" content=\"@vocescomuna15\" \/>\n<meta name=\"twitter:label1\" content=\"Escrito por\" \/>\n\t<meta name=\"twitter:data1\" content=\"Federico Arguto\" \/>\n\t<meta name=\"twitter:label2\" content=\"Tiempo de lectura\" \/>\n\t<meta name=\"twitter:data2\" content=\"3 minutos\" \/>\n<script type=\"application\/ld+json\" class=\"yoast-schema-graph\">{\"@context\":\"https:\\\/\\\/schema.org\",\"@graph\":[{\"@type\":\"Article\",\"@id\":\"https:\\\/\\\/vocesdelacomuna15.com.ar\\\/press\\\/entre-las-ciudades-mas-caras-de-la-region-para-comprar-una-propiedad-que-lugar-ocupa-buenos-aires\\\/#article\",\"isPartOf\":{\"@id\":\"https:\\\/\\\/vocesdelacomuna15.com.ar\\\/press\\\/entre-las-ciudades-mas-caras-de-la-region-para-comprar-una-propiedad-que-lugar-ocupa-buenos-aires\\\/\"},\"author\":{\"name\":\"Federico Arguto\",\"@id\":\"https:\\\/\\\/vocesdelacomuna15.com.ar\\\/press\\\/#\\\/schema\\\/person\\\/4739e109db25d799cd3d139eeb509e43\"},\"headline\":\"Entre las ciudades m\u00e1s caras de la regi\u00f3n para comprar una propiedad, \u00bfqu\u00e9 lugar ocupa Buenos Aires?\",\"datePublished\":\"2021-09-27T13:26:33+00:00\",\"mainEntityOfPage\":{\"@id\":\"https:\\\/\\\/vocesdelacomuna15.com.ar\\\/press\\\/entre-las-ciudades-mas-caras-de-la-region-para-comprar-una-propiedad-que-lugar-ocupa-buenos-aires\\\/\"},\"wordCount\":626,\"commentCount\":0,\"publisher\":{\"@id\":\"https:\\\/\\\/vocesdelacomuna15.com.ar\\\/press\\\/#organization\"},\"image\":{\"@id\":\"https:\\\/\\\/vocesdelacomuna15.com.ar\\\/press\\\/entre-las-ciudades-mas-caras-de-la-region-para-comprar-una-propiedad-que-lugar-ocupa-buenos-aires\\\/#primaryimage\"},\"thumbnailUrl\":\"https:\\\/\\\/vocesdelacomuna15.com.ar\\\/wp-content\\\/uploads\\\/2021\\\/09\\\/ln2009.jpg\",\"articleSection\":[\"Ciudad\"],\"inLanguage\":\"es-AR\",\"potentialAction\":[{\"@type\":\"CommentAction\",\"name\":\"Comment\",\"target\":[\"https:\\\/\\\/vocesdelacomuna15.com.ar\\\/press\\\/entre-las-ciudades-mas-caras-de-la-region-para-comprar-una-propiedad-que-lugar-ocupa-buenos-aires\\\/#respond\"]}]},{\"@type\":\"WebPage\",\"@id\":\"https:\\\/\\\/vocesdelacomuna15.com.ar\\\/press\\\/entre-las-ciudades-mas-caras-de-la-region-para-comprar-una-propiedad-que-lugar-ocupa-buenos-aires\\\/\",\"url\":\"https:\\\/\\\/vocesdelacomuna15.com.ar\\\/press\\\/entre-las-ciudades-mas-caras-de-la-region-para-comprar-una-propiedad-que-lugar-ocupa-buenos-aires\\\/\",\"name\":\"Entre las ciudades m\u00e1s caras de la regi\u00f3n para comprar una propiedad, \u00bfqu\u00e9 lugar ocupa Buenos Aires? - Voces de la Comuna 15\",\"isPartOf\":{\"@id\":\"https:\\\/\\\/vocesdelacomuna15.com.ar\\\/press\\\/#website\"},\"primaryImageOfPage\":{\"@id\":\"https:\\\/\\\/vocesdelacomuna15.com.ar\\\/press\\\/entre-las-ciudades-mas-caras-de-la-region-para-comprar-una-propiedad-que-lugar-ocupa-buenos-aires\\\/#primaryimage\"},\"image\":{\"@id\":\"https:\\\/\\\/vocesdelacomuna15.com.ar\\\/press\\\/entre-las-ciudades-mas-caras-de-la-region-para-comprar-una-propiedad-que-lugar-ocupa-buenos-aires\\\/#primaryimage\"},\"thumbnailUrl\":\"https:\\\/\\\/vocesdelacomuna15.com.ar\\\/wp-content\\\/uploads\\\/2021\\\/09\\\/ln2009.jpg\",\"datePublished\":\"2021-09-27T13:26:33+00:00\",\"description\":\"Voces de la Comuna 15\",\"breadcrumb\":{\"@id\":\"https:\\\/\\\/vocesdelacomuna15.com.ar\\\/press\\\/entre-las-ciudades-mas-caras-de-la-region-para-comprar-una-propiedad-que-lugar-ocupa-buenos-aires\\\/#breadcrumb\"},\"inLanguage\":\"es-AR\",\"potentialAction\":[{\"@type\":\"ReadAction\",\"target\":[\"https:\\\/\\\/vocesdelacomuna15.com.ar\\\/press\\\/entre-las-ciudades-mas-caras-de-la-region-para-comprar-una-propiedad-que-lugar-ocupa-buenos-aires\\\/\"]}]},{\"@type\":\"ImageObject\",\"inLanguage\":\"es-AR\",\"@id\":\"https:\\\/\\\/vocesdelacomuna15.com.ar\\\/press\\\/entre-las-ciudades-mas-caras-de-la-region-para-comprar-una-propiedad-que-lugar-ocupa-buenos-aires\\\/#primaryimage\",\"url\":\"https:\\\/\\\/vocesdelacomuna15.com.ar\\\/wp-content\\\/uploads\\\/2021\\\/09\\\/ln2009.jpg\",\"contentUrl\":\"https:\\\/\\\/vocesdelacomuna15.com.ar\\\/wp-content\\\/uploads\\\/2021\\\/09\\\/ln2009.jpg\",\"width\":879,\"height\":586},{\"@type\":\"BreadcrumbList\",\"@id\":\"https:\\\/\\\/vocesdelacomuna15.com.ar\\\/press\\\/entre-las-ciudades-mas-caras-de-la-region-para-comprar-una-propiedad-que-lugar-ocupa-buenos-aires\\\/#breadcrumb\",\"itemListElement\":[{\"@type\":\"ListItem\",\"position\":1,\"name\":\"Inicio\",\"item\":\"https:\\\/\\\/vocesdelacomuna15.com.ar\\\/press\\\/\"},{\"@type\":\"ListItem\",\"position\":2,\"name\":\"Entre las ciudades m\u00e1s caras de la regi\u00f3n para comprar una propiedad, \u00bfqu\u00e9 lugar ocupa Buenos Aires?\"}]},{\"@type\":\"WebSite\",\"@id\":\"https:\\\/\\\/vocesdelacomuna15.com.ar\\\/press\\\/#website\",\"url\":\"https:\\\/\\\/vocesdelacomuna15.com.ar\\\/press\\\/\",\"name\":\"Voces de la Comuna 15\",\"description\":\"Sitio web de noticias\",\"publisher\":{\"@id\":\"https:\\\/\\\/vocesdelacomuna15.com.ar\\\/press\\\/#organization\"},\"potentialAction\":[{\"@type\":\"SearchAction\",\"target\":{\"@type\":\"EntryPoint\",\"urlTemplate\":\"https:\\\/\\\/vocesdelacomuna15.com.ar\\\/press\\\/?s={search_term_string}\"},\"query-input\":{\"@type\":\"PropertyValueSpecification\",\"valueRequired\":true,\"valueName\":\"search_term_string\"}}],\"inLanguage\":\"es-AR\"},{\"@type\":\"Organization\",\"@id\":\"https:\\\/\\\/vocesdelacomuna15.com.ar\\\/press\\\/#organization\",\"name\":\"Voces de la Comuna 15\",\"url\":\"https:\\\/\\\/vocesdelacomuna15.com.ar\\\/press\\\/\",\"logo\":{\"@type\":\"ImageObject\",\"inLanguage\":\"es-AR\",\"@id\":\"https:\\\/\\\/vocesdelacomuna15.com.ar\\\/press\\\/#\\\/schema\\\/logo\\\/image\\\/\",\"url\":\"https:\\\/\\\/vocesdelacomuna15.com.ar\\\/wp-content\\\/uploads\\\/2024\\\/12\\\/cropped-logo_voces.jpg\",\"contentUrl\":\"https:\\\/\\\/vocesdelacomuna15.com.ar\\\/wp-content\\\/uploads\\\/2024\\\/12\\\/cropped-logo_voces.jpg\",\"width\":512,\"height\":512,\"caption\":\"Voces de la Comuna 15\"},\"image\":{\"@id\":\"https:\\\/\\\/vocesdelacomuna15.com.ar\\\/press\\\/#\\\/schema\\\/logo\\\/image\\\/\"},\"sameAs\":[\"https:\\\/\\\/www.facebook.com\\\/VocesComuna15\\\/\",\"https:\\\/\\\/x.com\\\/vocescomuna15\"]},{\"@type\":\"Person\",\"@id\":\"https:\\\/\\\/vocesdelacomuna15.com.ar\\\/press\\\/#\\\/schema\\\/person\\\/4739e109db25d799cd3d139eeb509e43\",\"name\":\"Federico Arguto\",\"image\":{\"@type\":\"ImageObject\",\"inLanguage\":\"es-AR\",\"@id\":\"https:\\\/\\\/vocesdelacomuna15.com.ar\\\/wp-content\\\/litespeed\\\/avatar\\\/82faf979976f1bae889b8b71f8a0a7e5.jpg?ver=1777419741\",\"url\":\"https:\\\/\\\/vocesdelacomuna15.com.ar\\\/wp-content\\\/litespeed\\\/avatar\\\/82faf979976f1bae889b8b71f8a0a7e5.jpg?ver=1777419741\",\"contentUrl\":\"https:\\\/\\\/vocesdelacomuna15.com.ar\\\/wp-content\\\/litespeed\\\/avatar\\\/82faf979976f1bae889b8b71f8a0a7e5.jpg?ver=1777419741\",\"caption\":\"Federico Arguto\"},\"url\":\"https:\\\/\\\/vocesdelacomuna15.com.ar\\\/press\\\/author\\\/fede\\\/\"}]}<\/script>\n<!-- \/ Yoast SEO plugin. -->","yoast_head_json":{"title":"Entre las ciudades m\u00e1s caras de la regi\u00f3n para comprar una propiedad, \u00bfqu\u00e9 lugar ocupa Buenos Aires? - Voces de la Comuna 15","description":"Voces de la Comuna 15","robots":{"index":"index","follow":"follow","max-snippet":"max-snippet:-1","max-image-preview":"max-image-preview:large","max-video-preview":"max-video-preview:-1"},"canonical":"https:\/\/vocesdelacomuna15.com.ar\/press\/entre-las-ciudades-mas-caras-de-la-region-para-comprar-una-propiedad-que-lugar-ocupa-buenos-aires\/","og_locale":"es_ES","og_type":"article","og_title":"Entre las ciudades m\u00e1s caras de la regi\u00f3n para comprar una propiedad, \u00bfqu\u00e9 lugar ocupa Buenos Aires? - Voces de la Comuna 15","og_description":"Voces de la Comuna 15","og_url":"https:\/\/vocesdelacomuna15.com.ar\/press\/entre-las-ciudades-mas-caras-de-la-region-para-comprar-una-propiedad-que-lugar-ocupa-buenos-aires\/","og_site_name":"Voces de la Comuna 15","article_publisher":"https:\/\/www.facebook.com\/VocesComuna15\/","article_published_time":"2021-09-27T13:26:33+00:00","og_image":[{"width":879,"height":586,"url":"https:\/\/vocesdelacomuna15.com.ar\/wp-content\/uploads\/2021\/09\/ln2009.jpg","type":"image\/jpeg"}],"author":"Federico Arguto","twitter_card":"summary_large_image","twitter_creator":"@vocescomuna15","twitter_site":"@vocescomuna15","twitter_misc":{"Escrito por":"Federico Arguto","Tiempo de lectura":"3 minutos"},"schema":{"@context":"https:\/\/schema.org","@graph":[{"@type":"Article","@id":"https:\/\/vocesdelacomuna15.com.ar\/press\/entre-las-ciudades-mas-caras-de-la-region-para-comprar-una-propiedad-que-lugar-ocupa-buenos-aires\/#article","isPartOf":{"@id":"https:\/\/vocesdelacomuna15.com.ar\/press\/entre-las-ciudades-mas-caras-de-la-region-para-comprar-una-propiedad-que-lugar-ocupa-buenos-aires\/"},"author":{"name":"Federico Arguto","@id":"https:\/\/vocesdelacomuna15.com.ar\/press\/#\/schema\/person\/4739e109db25d799cd3d139eeb509e43"},"headline":"Entre las ciudades m\u00e1s caras de la regi\u00f3n para comprar una propiedad, \u00bfqu\u00e9 lugar ocupa Buenos Aires?","datePublished":"2021-09-27T13:26:33+00:00","mainEntityOfPage":{"@id":"https:\/\/vocesdelacomuna15.com.ar\/press\/entre-las-ciudades-mas-caras-de-la-region-para-comprar-una-propiedad-que-lugar-ocupa-buenos-aires\/"},"wordCount":626,"commentCount":0,"publisher":{"@id":"https:\/\/vocesdelacomuna15.com.ar\/press\/#organization"},"image":{"@id":"https:\/\/vocesdelacomuna15.com.ar\/press\/entre-las-ciudades-mas-caras-de-la-region-para-comprar-una-propiedad-que-lugar-ocupa-buenos-aires\/#primaryimage"},"thumbnailUrl":"https:\/\/vocesdelacomuna15.com.ar\/wp-content\/uploads\/2021\/09\/ln2009.jpg","articleSection":["Ciudad"],"inLanguage":"es-AR","potentialAction":[{"@type":"CommentAction","name":"Comment","target":["https:\/\/vocesdelacomuna15.com.ar\/press\/entre-las-ciudades-mas-caras-de-la-region-para-comprar-una-propiedad-que-lugar-ocupa-buenos-aires\/#respond"]}]},{"@type":"WebPage","@id":"https:\/\/vocesdelacomuna15.com.ar\/press\/entre-las-ciudades-mas-caras-de-la-region-para-comprar-una-propiedad-que-lugar-ocupa-buenos-aires\/","url":"https:\/\/vocesdelacomuna15.com.ar\/press\/entre-las-ciudades-mas-caras-de-la-region-para-comprar-una-propiedad-que-lugar-ocupa-buenos-aires\/","name":"Entre las ciudades m\u00e1s caras de la regi\u00f3n para comprar una propiedad, \u00bfqu\u00e9 lugar ocupa Buenos Aires? - Voces de la Comuna 15","isPartOf":{"@id":"https:\/\/vocesdelacomuna15.com.ar\/press\/#website"},"primaryImageOfPage":{"@id":"https:\/\/vocesdelacomuna15.com.ar\/press\/entre-las-ciudades-mas-caras-de-la-region-para-comprar-una-propiedad-que-lugar-ocupa-buenos-aires\/#primaryimage"},"image":{"@id":"https:\/\/vocesdelacomuna15.com.ar\/press\/entre-las-ciudades-mas-caras-de-la-region-para-comprar-una-propiedad-que-lugar-ocupa-buenos-aires\/#primaryimage"},"thumbnailUrl":"https:\/\/vocesdelacomuna15.com.ar\/wp-content\/uploads\/2021\/09\/ln2009.jpg","datePublished":"2021-09-27T13:26:33+00:00","description":"Voces de la Comuna 15","breadcrumb":{"@id":"https:\/\/vocesdelacomuna15.com.ar\/press\/entre-las-ciudades-mas-caras-de-la-region-para-comprar-una-propiedad-que-lugar-ocupa-buenos-aires\/#breadcrumb"},"inLanguage":"es-AR","potentialAction":[{"@type":"ReadAction","target":["https:\/\/vocesdelacomuna15.com.ar\/press\/entre-las-ciudades-mas-caras-de-la-region-para-comprar-una-propiedad-que-lugar-ocupa-buenos-aires\/"]}]},{"@type":"ImageObject","inLanguage":"es-AR","@id":"https:\/\/vocesdelacomuna15.com.ar\/press\/entre-las-ciudades-mas-caras-de-la-region-para-comprar-una-propiedad-que-lugar-ocupa-buenos-aires\/#primaryimage","url":"https:\/\/vocesdelacomuna15.com.ar\/wp-content\/uploads\/2021\/09\/ln2009.jpg","contentUrl":"https:\/\/vocesdelacomuna15.com.ar\/wp-content\/uploads\/2021\/09\/ln2009.jpg","width":879,"height":586},{"@type":"BreadcrumbList","@id":"https:\/\/vocesdelacomuna15.com.ar\/press\/entre-las-ciudades-mas-caras-de-la-region-para-comprar-una-propiedad-que-lugar-ocupa-buenos-aires\/#breadcrumb","itemListElement":[{"@type":"ListItem","position":1,"name":"Inicio","item":"https:\/\/vocesdelacomuna15.com.ar\/press\/"},{"@type":"ListItem","position":2,"name":"Entre las ciudades m\u00e1s caras de la regi\u00f3n para comprar una propiedad, \u00bfqu\u00e9 lugar ocupa Buenos Aires?"}]},{"@type":"WebSite","@id":"https:\/\/vocesdelacomuna15.com.ar\/press\/#website","url":"https:\/\/vocesdelacomuna15.com.ar\/press\/","name":"Voces de la Comuna 15","description":"Sitio web de noticias","publisher":{"@id":"https:\/\/vocesdelacomuna15.com.ar\/press\/#organization"},"potentialAction":[{"@type":"SearchAction","target":{"@type":"EntryPoint","urlTemplate":"https:\/\/vocesdelacomuna15.com.ar\/press\/?s={search_term_string}"},"query-input":{"@type":"PropertyValueSpecification","valueRequired":true,"valueName":"search_term_string"}}],"inLanguage":"es-AR"},{"@type":"Organization","@id":"https:\/\/vocesdelacomuna15.com.ar\/press\/#organization","name":"Voces de la Comuna 15","url":"https:\/\/vocesdelacomuna15.com.ar\/press\/","logo":{"@type":"ImageObject","inLanguage":"es-AR","@id":"https:\/\/vocesdelacomuna15.com.ar\/press\/#\/schema\/logo\/image\/","url":"https:\/\/vocesdelacomuna15.com.ar\/wp-content\/uploads\/2024\/12\/cropped-logo_voces.jpg","contentUrl":"https:\/\/vocesdelacomuna15.com.ar\/wp-content\/uploads\/2024\/12\/cropped-logo_voces.jpg","width":512,"height":512,"caption":"Voces de la Comuna 15"},"image":{"@id":"https:\/\/vocesdelacomuna15.com.ar\/press\/#\/schema\/logo\/image\/"},"sameAs":["https:\/\/www.facebook.com\/VocesComuna15\/","https:\/\/x.com\/vocescomuna15"]},{"@type":"Person","@id":"https:\/\/vocesdelacomuna15.com.ar\/press\/#\/schema\/person\/4739e109db25d799cd3d139eeb509e43","name":"Federico Arguto","image":{"@type":"ImageObject","inLanguage":"es-AR","@id":"https:\/\/vocesdelacomuna15.com.ar\/wp-content\/litespeed\/avatar\/82faf979976f1bae889b8b71f8a0a7e5.jpg?ver=1777419741","url":"https:\/\/vocesdelacomuna15.com.ar\/wp-content\/litespeed\/avatar\/82faf979976f1bae889b8b71f8a0a7e5.jpg?ver=1777419741","contentUrl":"https:\/\/vocesdelacomuna15.com.ar\/wp-content\/litespeed\/avatar\/82faf979976f1bae889b8b71f8a0a7e5.jpg?ver=1777419741","caption":"Federico Arguto"},"url":"https:\/\/vocesdelacomuna15.com.ar\/press\/author\/fede\/"}]}},"_links":{"self":[{"href":"https:\/\/vocesdelacomuna15.com.ar\/press\/wp-json\/wp\/v2\/posts\/54708","targetHints":{"allow":["GET"]}}],"collection":[{"href":"https:\/\/vocesdelacomuna15.com.ar\/press\/wp-json\/wp\/v2\/posts"}],"about":[{"href":"https:\/\/vocesdelacomuna15.com.ar\/press\/wp-json\/wp\/v2\/types\/post"}],"author":[{"embeddable":true,"href":"https:\/\/vocesdelacomuna15.com.ar\/press\/wp-json\/wp\/v2\/users\/2"}],"replies":[{"embeddable":true,"href":"https:\/\/vocesdelacomuna15.com.ar\/press\/wp-json\/wp\/v2\/comments?post=54708"}],"version-history":[{"count":1,"href":"https:\/\/vocesdelacomuna15.com.ar\/press\/wp-json\/wp\/v2\/posts\/54708\/revisions"}],"predecessor-version":[{"id":54710,"href":"https:\/\/vocesdelacomuna15.com.ar\/press\/wp-json\/wp\/v2\/posts\/54708\/revisions\/54710"}],"wp:featuredmedia":[{"embeddable":true,"href":"https:\/\/vocesdelacomuna15.com.ar\/press\/wp-json\/wp\/v2\/media\/54709"}],"wp:attachment":[{"href":"https:\/\/vocesdelacomuna15.com.ar\/press\/wp-json\/wp\/v2\/media?parent=54708"}],"wp:term":[{"taxonomy":"category","embeddable":true,"href":"https:\/\/vocesdelacomuna15.com.ar\/press\/wp-json\/wp\/v2\/categories?post=54708"},{"taxonomy":"post_tag","embeddable":true,"href":"https:\/\/vocesdelacomuna15.com.ar\/press\/wp-json\/wp\/v2\/tags?post=54708"}],"curies":[{"name":"wp","href":"https:\/\/api.w.org\/{rel}","templated":true}]}}