{"id":54705,"date":"2021-09-27T10:12:54","date_gmt":"2021-09-27T13:12:54","guid":{"rendered":"http:\/\/vocesdelacomuna15.com.ar\/wordpress\/?p=54705"},"modified":"2021-09-20T10:26:14","modified_gmt":"2021-09-20T13:26:14","slug":"la-ciudad-de-buenos-aires-lanza-un-programa-de-empleo-con-asistencia-economica-de-hasta-21-000-quienes-pueden-acceder-y-cuales-son-los-principales-requisitos","status":"publish","type":"post","link":"https:\/\/vocesdelacomuna15.com.ar\/press\/la-ciudad-de-buenos-aires-lanza-un-programa-de-empleo-con-asistencia-economica-de-hasta-21-000-quienes-pueden-acceder-y-cuales-son-los-principales-requisitos\/","title":{"rendered":"La Ciudad de Buenos Aires lanza un programa de empleo con asistencia econ\u00f3mica de hasta $21.000: qui\u00e9nes pueden acceder y cu\u00e1les son los principales requisitos"},"content":{"rendered":"\n<p>El gobierno porte\u00f1o puso en marcha un programa de inserci\u00f3n laboral destinado a generar puestos de trabajo en la Ciudad. Fuente: TN<\/p>\n\n\n\n<p>Link a nota original: <a href=\"https:\/\/tn.com.ar\/economia\/2021\/09\/19\/la-ciudad-de-buenos-aires-lanza-un-programa-de-empleo-con-asistencia-economica-de-hasta-21000-quienes-pueden-acceder-y-cuales-son-los-principales-requisitos\/\">https:\/\/tn.com.ar\/economia\/2021\/09\/19\/la-ciudad-de-buenos-aires-lanza-un-programa-de-empleo-con-asistencia-economica-de-hasta-21000-quienes-pueden-acceder-y-cuales-son-los-principales-requisitos\/<\/a><\/p>\n\n\n\n<p>El gobierno de la Ciudad de Buenos aires puso en marcha\nun programa de Impulso a la Inserci\u00f3n Laboral, destinado a lograr la\ncontrataci\u00f3n de desocupados porte\u00f1os y que otorga una ayuda econ\u00f3mica por\ncuatro meses de entre $9000 y $21.000 para los salarios al personal que sea\ncontratado. La iniciativa fue creada por el Ministerio de Desarrollo Econ\u00f3mico\ny Producci\u00f3n porte\u00f1o.<\/p>\n\n\n\n<p>Las empresas que pueden adherir al programa son aquellas\nque se registraron desde comienzos de a\u00f1o como entidades formadoras en el R\u00e9gimen\nde Pr\u00e1cticas de Formaci\u00f3n para el Empleo y que inserten laboralmente al menos\n20% de los practicantes. Tambi\u00e9n pueden participar los empleadores del sector\nprivado, que entre otros requisitos, no hayan efectuado despidos sin causa en\nlos \u00faltimos 6 meses en una cantidad que supere el 15% de su n\u00f3mina.<\/p>\n\n\n\n<p>Seg\u00fan si es una entidad formadora, la cantidad de\npracticantes contratados y el tama\u00f1o de la compa\u00f1\u00eda, entre otros, ser\u00e1 el monto\ntotal de la ayuda econ\u00f3mica que pagar\u00e1 la Ciudad. Esa asistencia se dar\u00e1 mediante\nuna transferencia directa a la cuenta personal y gratuita a nombre del\ntrabajador y abierta en el Banco Ciudad de Buenos Aires.<\/p>\n\n\n\n<p>Qu\u00e9 trabajadores podr\u00e1n participar al programa<\/p>\n\n\n\n<p>Los destinatarios del plan de impulso laboral porte\u00f1o son\ntrabajadores mayores de 18 a\u00f1os que inicien un relaci\u00f3n de trabajo con un\nempleador inscripto que cumplan con los siguientes requisitos:<\/p>\n\n\n\n<p>Encontrarse desempleado al momento previo de ser\nincluidos en la solicitud de adhesi\u00f3n al presente Programa.<\/p>\n\n\n\n<p>Hayan egresado de un programa de capacitaci\u00f3n aprobado en\nlos t\u00e9rminos de la Ley de Promoci\u00f3n del Empleo a trav\u00e9s de Pr\u00e1cticas Formativas\n(Ley 6393).<\/p>\n\n\n\n<p>Acrediten residencia en el \u00e1mbito de la Ciudad de Buenos\nAires, mediante la presentaci\u00f3n de documentaci\u00f3n que requiera la Unidad\nEjecutora.<\/p>\n\n\n\n<p>Qu\u00e9 empresas pueden participar del programa<\/p>\n\n\n\n<p>Las compa\u00f1\u00edas o entidades interesadas en participar del\nplan de impulso para la inserci\u00f3n laboral deben cumplir las siguientes\ncondiciones:<\/p>\n\n\n\n<p>Entidades p\u00fablicas o privadas que hayan adherido o\nadhieran el car\u00e1cter de entidad formadora: Adem\u00e1s de haber presentado un\nprograma de capacitaci\u00f3n, que haya sido aprobado por acto administrativo y que\nno presenten incumplimientos y\/o sanciones conforme lo que establece la ley de\npromoci\u00f3n del empleo, tendr\u00e1n que rellenar un formulario de adhesi\u00f3n al\nprograma de impulso.<\/p>\n\n\n\n<p>Micro, peque\u00f1as, medianas o grandes empresas del sector\nprivado:<\/p>\n\n\n\n<p>Tener domicilio legal o establecimientos en el \u00e1mbito de\nla Ciudad Aut\u00f3noma de Buenos Aires; b) no haber efectuado despidos sin causa de\nsu planta de trabajadores y trabajadoras en los 6 meses anteriores a la\nsolicitud de adhesi\u00f3n al programa, en una cantidad que no supere el 15% de su\nn\u00f3mina;<\/p>\n\n\n\n<p>No sustituir trabajadores de su planta por trabajadores\nque se incorporen a partir de la adhesi\u00f3n al presente programa;<\/p>\n\n\n\n<p>No registrar incumplimientos a las obligaciones\ncorrespondientes a los aportes y contribuciones del Sistema \u00danico de la\nSeguridad del personal a su cargo, al mes inmediato anterior a la presentaci\u00f3n de\nsolicitud de adhesi\u00f3n al programa;<\/p>\n\n\n\n<p>No encontrarse registrado en el Registro \u00danico de\nInfractores Laborales;<\/p>\n\n\n\n<p>Encontrarse inscripto en el Registro de Empleadores de la\nCiudad Aut\u00f3noma de Buenos Aires;<\/p>\n\n\n\n<p>Cumplimentar con la presentaci\u00f3n de la documentaci\u00f3n e\ninformaci\u00f3n que requiera la Unidad Ejecutora. En ambos casos y a fin de\nacreditar el inicio la relaci\u00f3n de trabajo, se deber\u00e1 acompa\u00f1ar el alta\ntemprana de la AFIP de cada trabajador.<\/p>\n\n\n\n<p>Cu\u00e1l es la asistencia econ\u00f3mica del programa de inserci\u00f3n\nlaboral porte\u00f1o<\/p>\n\n\n\n<p>El beneficio del plan lanzado consiste en otorgar una\nasistencia econ\u00f3mica mensual, dirigida de manera exclusiva a solventar de modo\nparcial y por tiempo determinado el pago de las remuneraciones de los\ntrabajadores que inicien una relaci\u00f3n de trabajo con los empleadores\ninteresados en adherir al programa, con posterioridad a su creaci\u00f3n.<\/p>\n\n\n\n<p>Ese incentivo ser\u00e1 abonado a trav\u00e9s de una transferencia\ndirecta al trabajador por el t\u00e9rmino de hasta 4 cuatro meses, \u201cquedando en\ncabeza de su empleador abonar la diferencia hasta completar su salario de\nconvenio y conforme los montos que estableci\u00f3 seg\u00fan el tipo de empresa del que\nse trate:<\/p>\n\n\n\n<p>Entidades formadoras: los montos m\u00e1ximos de la asistencia\npor 4 meses ser\u00e1n para trabajadores de jornada completa:<\/p>\n\n\n\n<p>$15.000 si la inserci\u00f3n laboral de practicantes es de\nentre 20% y 30%;<\/p>\n\n\n\n<p>$18.000 si es igual o mayor a 30%;<\/p>\n\n\n\n<p>$21.000 si la contrataci\u00f3n es mujeres mayores de 40 a\u00f1os.<\/p>\n\n\n\n<p>Para el resto de las empresas privadas que no adhieran\ncomo entidad formadora, los montos para jornada completa se fijaron en:<\/p>\n\n\n\n<p>$9000 como asignaci\u00f3n general;<\/p>\n\n\n\n<p>$13.000 para mujeres mayores de 40 a\u00f1os.<\/p>\n\n\n\n<p>Seg\u00fan se remarc\u00f3, los empleadores a los que se apruebe su\nadhesi\u00f3n al programa tendr\u00e1n la obligaci\u00f3n de:<\/p>\n\n\n\n<p>Abonar al trabajador, como m\u00ednimo, la diferencia del\nsalario que la normativa laboral establece para el puesto de trabajo\ncorrespondiente seg\u00fan su convenio colectivo;<\/p>\n\n\n\n<p>Realizar las contribuciones a la seguridad social, sobre\nel 100% del salario;<\/p>\n\n\n\n<p>Cumplir con normativa laboral vigente (alta temprana en\nAFIP\/ART);<\/p>\n\n\n\n<p>Presentar, a partir del mes siguiente de aprobaci\u00f3n de la\nasistencia econ\u00f3mica, el formulario que determine la Unidad Ejecutora, en\ncar\u00e1cter de declaraci\u00f3n jurada, informando la continuidad de los\ntrabajadores\/as por los cuales se percibe el beneficio.<\/p>\n\n\n\n<p>Caracteres: 5.302<\/p>\n\n\n\n<p>Fuente y Foto: TN<\/p>\n\n\n\n<p>Ep\u00edgrafe Foto: El programa de inserci\u00f3n laboral porte\u00f1o\nda mayores incentivos a quienes contraten mujeres de m\u00e1s de 40 a\u00f1os. (FOTO: NA\/DAMIAN\nDOPACIO)<\/p>\n<div class=\"pvc_clear\"><\/div><p id=\"pvc_stats_54705\" class=\"pvc_stats all  \" data-element-id=\"54705\" style=\"\"><i class=\"pvc-stats-icon small\" aria-hidden=\"true\"><svg aria-hidden=\"true\" focusable=\"false\" data-prefix=\"far\" data-icon=\"chart-bar\" role=\"img\" xmlns=\"http:\/\/www.w3.org\/2000\/svg\" viewBox=\"0 0 512 512\" class=\"svg-inline--fa fa-chart-bar fa-w-16 fa-2x\"><path fill=\"currentColor\" d=\"M396.8 352h22.4c6.4 0 12.8-6.4 12.8-12.8V108.8c0-6.4-6.4-12.8-12.8-12.8h-22.4c-6.4 0-12.8 6.4-12.8 12.8v230.4c0 6.4 6.4 12.8 12.8 12.8zm-192 0h22.4c6.4 0 12.8-6.4 12.8-12.8V140.8c0-6.4-6.4-12.8-12.8-12.8h-22.4c-6.4 0-12.8 6.4-12.8 12.8v198.4c0 6.4 6.4 12.8 12.8 12.8zm96 0h22.4c6.4 0 12.8-6.4 12.8-12.8V204.8c0-6.4-6.4-12.8-12.8-12.8h-22.4c-6.4 0-12.8 6.4-12.8 12.8v134.4c0 6.4 6.4 12.8 12.8 12.8zM496 400H48V80c0-8.84-7.16-16-16-16H16C7.16 64 0 71.16 0 80v336c0 17.67 14.33 32 32 32h464c8.84 0 16-7.16 16-16v-16c0-8.84-7.16-16-16-16zm-387.2-48h22.4c6.4 0 12.8-6.4 12.8-12.8v-70.4c0-6.4-6.4-12.8-12.8-12.8h-22.4c-6.4 0-12.8 6.4-12.8 12.8v70.4c0 6.4 6.4 12.8 12.8 12.8z\" class=\"\"><\/path><\/svg><\/i> <img loading=\"lazy\" decoding=\"async\" width=\"16\" height=\"16\" alt=\"Loading\" src=\"https:\/\/vocesdelacomuna15.com.ar\/wp-content\/plugins\/page-views-count\/ajax-loader-2x.gif\" border=0 \/><\/p><div class=\"pvc_clear\"><\/div>","protected":false},"excerpt":{"rendered":"<p>El gobierno porte\u00f1o puso en marcha un programa de inserci\u00f3n laboral destinado a generar puestos de trabajo en la Ciudad. Fuente: TN Link a nota original: https:\/\/tn.com.ar\/economia\/2021\/09\/19\/la-ciudad-de-buenos-aires-lanza-un-programa-de-empleo-con-asistencia-economica-de-hasta-21000-quienes-pueden-acceder-y-cuales-son-los-principales-requisitos\/ El gobierno de la Ciudad de Buenos aires puso en marcha un programa de Impulso a la Inserci\u00f3n Laboral, destinado a lograr la contrataci\u00f3n de desocupados porte\u00f1os y [&hellip;]<\/p>\n<div class=\"pvc_clear\"><\/div>\n<p id=\"pvc_stats_54705\" class=\"pvc_stats all  \" data-element-id=\"54705\" style=\"\"><i class=\"pvc-stats-icon small\" aria-hidden=\"true\"><svg aria-hidden=\"true\" focusable=\"false\" data-prefix=\"far\" data-icon=\"chart-bar\" role=\"img\" xmlns=\"http:\/\/www.w3.org\/2000\/svg\" viewBox=\"0 0 512 512\" class=\"svg-inline--fa fa-chart-bar fa-w-16 fa-2x\"><path fill=\"currentColor\" d=\"M396.8 352h22.4c6.4 0 12.8-6.4 12.8-12.8V108.8c0-6.4-6.4-12.8-12.8-12.8h-22.4c-6.4 0-12.8 6.4-12.8 12.8v230.4c0 6.4 6.4 12.8 12.8 12.8zm-192 0h22.4c6.4 0 12.8-6.4 12.8-12.8V140.8c0-6.4-6.4-12.8-12.8-12.8h-22.4c-6.4 0-12.8 6.4-12.8 12.8v198.4c0 6.4 6.4 12.8 12.8 12.8zm96 0h22.4c6.4 0 12.8-6.4 12.8-12.8V204.8c0-6.4-6.4-12.8-12.8-12.8h-22.4c-6.4 0-12.8 6.4-12.8 12.8v134.4c0 6.4 6.4 12.8 12.8 12.8zM496 400H48V80c0-8.84-7.16-16-16-16H16C7.16 64 0 71.16 0 80v336c0 17.67 14.33 32 32 32h464c8.84 0 16-7.16 16-16v-16c0-8.84-7.16-16-16-16zm-387.2-48h22.4c6.4 0 12.8-6.4 12.8-12.8v-70.4c0-6.4-6.4-12.8-12.8-12.8h-22.4c-6.4 0-12.8 6.4-12.8 12.8v70.4c0 6.4 6.4 12.8 12.8 12.8z\" class=\"\"><\/path><\/svg><\/i> <img loading=\"lazy\" decoding=\"async\" width=\"16\" height=\"16\" alt=\"Loading\" src=\"https:\/\/vocesdelacomuna15.com.ar\/wp-content\/plugins\/page-views-count\/ajax-loader-2x.gif\" border=0 \/><\/p>\n<div class=\"pvc_clear\"><\/div>\n","protected":false},"author":2,"featured_media":54706,"comment_status":"open","ping_status":"open","sticky":false,"template":"","format":"standard","meta":{"_et_pb_use_builder":"off","_et_pb_old_content":"","_et_gb_content_width":"","footnotes":""},"categories":[26],"tags":[],"class_list":["post-54705","post","type-post","status-publish","format-standard","has-post-thumbnail","hentry","category-ciudad","et-has-post-format-content","et_post_format-et-post-format-standard"],"a3_pvc":{"activated":true,"total_views":386,"today_views":0},"yoast_head":"<!-- This site is optimized with the Yoast SEO plugin v27.5 - https:\/\/yoast.com\/product\/yoast-seo-wordpress\/ -->\n<title>La Ciudad de Buenos Aires lanza un programa de empleo con asistencia econ\u00f3mica de hasta $21.000: qui\u00e9nes pueden acceder y cu\u00e1les son los principales requisitos - Voces de la Comuna 15<\/title>\n<meta name=\"description\" content=\"Voces de la Comuna 15\" \/>\n<meta name=\"robots\" content=\"index, follow, max-snippet:-1, max-image-preview:large, max-video-preview:-1\" \/>\n<link rel=\"canonical\" href=\"https:\/\/vocesdelacomuna15.com.ar\/press\/la-ciudad-de-buenos-aires-lanza-un-programa-de-empleo-con-asistencia-economica-de-hasta-21-000-quienes-pueden-acceder-y-cuales-son-los-principales-requisitos\/\" \/>\n<meta property=\"og:locale\" content=\"es_ES\" \/>\n<meta property=\"og:type\" content=\"article\" \/>\n<meta property=\"og:title\" content=\"La Ciudad de Buenos Aires lanza un programa de empleo con asistencia econ\u00f3mica de hasta $21.000: qui\u00e9nes pueden acceder y cu\u00e1les son los principales requisitos - Voces de la Comuna 15\" \/>\n<meta property=\"og:description\" content=\"Voces de la Comuna 15\" \/>\n<meta property=\"og:url\" content=\"https:\/\/vocesdelacomuna15.com.ar\/press\/la-ciudad-de-buenos-aires-lanza-un-programa-de-empleo-con-asistencia-economica-de-hasta-21-000-quienes-pueden-acceder-y-cuales-son-los-principales-requisitos\/\" \/>\n<meta property=\"og:site_name\" content=\"Voces de la Comuna 15\" \/>\n<meta property=\"article:publisher\" content=\"https:\/\/www.facebook.com\/VocesComuna15\/\" \/>\n<meta property=\"article:published_time\" content=\"2021-09-27T13:12:54+00:00\" \/>\n<meta property=\"og:image\" content=\"https:\/\/vocesdelacomuna15.com.ar\/wp-content\/uploads\/2021\/09\/tn-2009.jpg\" \/>\n\t<meta property=\"og:image:width\" content=\"1440\" \/>\n\t<meta property=\"og:image:height\" content=\"810\" \/>\n\t<meta property=\"og:image:type\" content=\"image\/jpeg\" \/>\n<meta name=\"author\" content=\"Federico Arguto\" \/>\n<meta name=\"twitter:card\" content=\"summary_large_image\" \/>\n<meta name=\"twitter:creator\" content=\"@vocescomuna15\" \/>\n<meta name=\"twitter:site\" content=\"@vocescomuna15\" \/>\n<meta name=\"twitter:label1\" content=\"Escrito por\" \/>\n\t<meta name=\"twitter:data1\" content=\"Federico Arguto\" \/>\n\t<meta name=\"twitter:label2\" content=\"Tiempo de lectura\" \/>\n\t<meta name=\"twitter:data2\" content=\"5 minutos\" \/>\n<script type=\"application\/ld+json\" class=\"yoast-schema-graph\">{\"@context\":\"https:\\\/\\\/schema.org\",\"@graph\":[{\"@type\":\"Article\",\"@id\":\"https:\\\/\\\/vocesdelacomuna15.com.ar\\\/press\\\/la-ciudad-de-buenos-aires-lanza-un-programa-de-empleo-con-asistencia-economica-de-hasta-21-000-quienes-pueden-acceder-y-cuales-son-los-principales-requisitos\\\/#article\",\"isPartOf\":{\"@id\":\"https:\\\/\\\/vocesdelacomuna15.com.ar\\\/press\\\/la-ciudad-de-buenos-aires-lanza-un-programa-de-empleo-con-asistencia-economica-de-hasta-21-000-quienes-pueden-acceder-y-cuales-son-los-principales-requisitos\\\/\"},\"author\":{\"name\":\"Federico Arguto\",\"@id\":\"https:\\\/\\\/vocesdelacomuna15.com.ar\\\/press\\\/#\\\/schema\\\/person\\\/4739e109db25d799cd3d139eeb509e43\"},\"headline\":\"La Ciudad de Buenos Aires lanza un programa de empleo con asistencia econ\u00f3mica de hasta $21.000: qui\u00e9nes pueden acceder y cu\u00e1les son los principales requisitos\",\"datePublished\":\"2021-09-27T13:12:54+00:00\",\"mainEntityOfPage\":{\"@id\":\"https:\\\/\\\/vocesdelacomuna15.com.ar\\\/press\\\/la-ciudad-de-buenos-aires-lanza-un-programa-de-empleo-con-asistencia-economica-de-hasta-21-000-quienes-pueden-acceder-y-cuales-son-los-principales-requisitos\\\/\"},\"wordCount\":1000,\"commentCount\":0,\"publisher\":{\"@id\":\"https:\\\/\\\/vocesdelacomuna15.com.ar\\\/press\\\/#organization\"},\"image\":{\"@id\":\"https:\\\/\\\/vocesdelacomuna15.com.ar\\\/press\\\/la-ciudad-de-buenos-aires-lanza-un-programa-de-empleo-con-asistencia-economica-de-hasta-21-000-quienes-pueden-acceder-y-cuales-son-los-principales-requisitos\\\/#primaryimage\"},\"thumbnailUrl\":\"https:\\\/\\\/vocesdelacomuna15.com.ar\\\/wp-content\\\/uploads\\\/2021\\\/09\\\/tn-2009.jpg\",\"articleSection\":[\"Ciudad\"],\"inLanguage\":\"es-AR\",\"potentialAction\":[{\"@type\":\"CommentAction\",\"name\":\"Comment\",\"target\":[\"https:\\\/\\\/vocesdelacomuna15.com.ar\\\/press\\\/la-ciudad-de-buenos-aires-lanza-un-programa-de-empleo-con-asistencia-economica-de-hasta-21-000-quienes-pueden-acceder-y-cuales-son-los-principales-requisitos\\\/#respond\"]}]},{\"@type\":\"WebPage\",\"@id\":\"https:\\\/\\\/vocesdelacomuna15.com.ar\\\/press\\\/la-ciudad-de-buenos-aires-lanza-un-programa-de-empleo-con-asistencia-economica-de-hasta-21-000-quienes-pueden-acceder-y-cuales-son-los-principales-requisitos\\\/\",\"url\":\"https:\\\/\\\/vocesdelacomuna15.com.ar\\\/press\\\/la-ciudad-de-buenos-aires-lanza-un-programa-de-empleo-con-asistencia-economica-de-hasta-21-000-quienes-pueden-acceder-y-cuales-son-los-principales-requisitos\\\/\",\"name\":\"La Ciudad de Buenos Aires lanza un programa de empleo con asistencia econ\u00f3mica de hasta $21.000: qui\u00e9nes pueden acceder y cu\u00e1les son los principales requisitos - Voces de la Comuna 15\",\"isPartOf\":{\"@id\":\"https:\\\/\\\/vocesdelacomuna15.com.ar\\\/press\\\/#website\"},\"primaryImageOfPage\":{\"@id\":\"https:\\\/\\\/vocesdelacomuna15.com.ar\\\/press\\\/la-ciudad-de-buenos-aires-lanza-un-programa-de-empleo-con-asistencia-economica-de-hasta-21-000-quienes-pueden-acceder-y-cuales-son-los-principales-requisitos\\\/#primaryimage\"},\"image\":{\"@id\":\"https:\\\/\\\/vocesdelacomuna15.com.ar\\\/press\\\/la-ciudad-de-buenos-aires-lanza-un-programa-de-empleo-con-asistencia-economica-de-hasta-21-000-quienes-pueden-acceder-y-cuales-son-los-principales-requisitos\\\/#primaryimage\"},\"thumbnailUrl\":\"https:\\\/\\\/vocesdelacomuna15.com.ar\\\/wp-content\\\/uploads\\\/2021\\\/09\\\/tn-2009.jpg\",\"datePublished\":\"2021-09-27T13:12:54+00:00\",\"description\":\"Voces de la Comuna 15\",\"breadcrumb\":{\"@id\":\"https:\\\/\\\/vocesdelacomuna15.com.ar\\\/press\\\/la-ciudad-de-buenos-aires-lanza-un-programa-de-empleo-con-asistencia-economica-de-hasta-21-000-quienes-pueden-acceder-y-cuales-son-los-principales-requisitos\\\/#breadcrumb\"},\"inLanguage\":\"es-AR\",\"potentialAction\":[{\"@type\":\"ReadAction\",\"target\":[\"https:\\\/\\\/vocesdelacomuna15.com.ar\\\/press\\\/la-ciudad-de-buenos-aires-lanza-un-programa-de-empleo-con-asistencia-economica-de-hasta-21-000-quienes-pueden-acceder-y-cuales-son-los-principales-requisitos\\\/\"]}]},{\"@type\":\"ImageObject\",\"inLanguage\":\"es-AR\",\"@id\":\"https:\\\/\\\/vocesdelacomuna15.com.ar\\\/press\\\/la-ciudad-de-buenos-aires-lanza-un-programa-de-empleo-con-asistencia-economica-de-hasta-21-000-quienes-pueden-acceder-y-cuales-son-los-principales-requisitos\\\/#primaryimage\",\"url\":\"https:\\\/\\\/vocesdelacomuna15.com.ar\\\/wp-content\\\/uploads\\\/2021\\\/09\\\/tn-2009.jpg\",\"contentUrl\":\"https:\\\/\\\/vocesdelacomuna15.com.ar\\\/wp-content\\\/uploads\\\/2021\\\/09\\\/tn-2009.jpg\",\"width\":1440,\"height\":810},{\"@type\":\"BreadcrumbList\",\"@id\":\"https:\\\/\\\/vocesdelacomuna15.com.ar\\\/press\\\/la-ciudad-de-buenos-aires-lanza-un-programa-de-empleo-con-asistencia-economica-de-hasta-21-000-quienes-pueden-acceder-y-cuales-son-los-principales-requisitos\\\/#breadcrumb\",\"itemListElement\":[{\"@type\":\"ListItem\",\"position\":1,\"name\":\"Inicio\",\"item\":\"https:\\\/\\\/vocesdelacomuna15.com.ar\\\/press\\\/\"},{\"@type\":\"ListItem\",\"position\":2,\"name\":\"La Ciudad de Buenos Aires lanza un programa de empleo con asistencia econ\u00f3mica de hasta $21.000: qui\u00e9nes pueden acceder y cu\u00e1les son los principales requisitos\"}]},{\"@type\":\"WebSite\",\"@id\":\"https:\\\/\\\/vocesdelacomuna15.com.ar\\\/press\\\/#website\",\"url\":\"https:\\\/\\\/vocesdelacomuna15.com.ar\\\/press\\\/\",\"name\":\"Voces de la Comuna 15\",\"description\":\"Sitio web de noticias\",\"publisher\":{\"@id\":\"https:\\\/\\\/vocesdelacomuna15.com.ar\\\/press\\\/#organization\"},\"potentialAction\":[{\"@type\":\"SearchAction\",\"target\":{\"@type\":\"EntryPoint\",\"urlTemplate\":\"https:\\\/\\\/vocesdelacomuna15.com.ar\\\/press\\\/?s={search_term_string}\"},\"query-input\":{\"@type\":\"PropertyValueSpecification\",\"valueRequired\":true,\"valueName\":\"search_term_string\"}}],\"inLanguage\":\"es-AR\"},{\"@type\":\"Organization\",\"@id\":\"https:\\\/\\\/vocesdelacomuna15.com.ar\\\/press\\\/#organization\",\"name\":\"Voces de la Comuna 15\",\"url\":\"https:\\\/\\\/vocesdelacomuna15.com.ar\\\/press\\\/\",\"logo\":{\"@type\":\"ImageObject\",\"inLanguage\":\"es-AR\",\"@id\":\"https:\\\/\\\/vocesdelacomuna15.com.ar\\\/press\\\/#\\\/schema\\\/logo\\\/image\\\/\",\"url\":\"https:\\\/\\\/vocesdelacomuna15.com.ar\\\/wp-content\\\/uploads\\\/2024\\\/12\\\/cropped-logo_voces.jpg\",\"contentUrl\":\"https:\\\/\\\/vocesdelacomuna15.com.ar\\\/wp-content\\\/uploads\\\/2024\\\/12\\\/cropped-logo_voces.jpg\",\"width\":512,\"height\":512,\"caption\":\"Voces de la Comuna 15\"},\"image\":{\"@id\":\"https:\\\/\\\/vocesdelacomuna15.com.ar\\\/press\\\/#\\\/schema\\\/logo\\\/image\\\/\"},\"sameAs\":[\"https:\\\/\\\/www.facebook.com\\\/VocesComuna15\\\/\",\"https:\\\/\\\/x.com\\\/vocescomuna15\"]},{\"@type\":\"Person\",\"@id\":\"https:\\\/\\\/vocesdelacomuna15.com.ar\\\/press\\\/#\\\/schema\\\/person\\\/4739e109db25d799cd3d139eeb509e43\",\"name\":\"Federico Arguto\",\"image\":{\"@type\":\"ImageObject\",\"inLanguage\":\"es-AR\",\"@id\":\"https:\\\/\\\/vocesdelacomuna15.com.ar\\\/wp-content\\\/litespeed\\\/avatar\\\/82faf979976f1bae889b8b71f8a0a7e5.jpg?ver=1777419741\",\"url\":\"https:\\\/\\\/vocesdelacomuna15.com.ar\\\/wp-content\\\/litespeed\\\/avatar\\\/82faf979976f1bae889b8b71f8a0a7e5.jpg?ver=1777419741\",\"contentUrl\":\"https:\\\/\\\/vocesdelacomuna15.com.ar\\\/wp-content\\\/litespeed\\\/avatar\\\/82faf979976f1bae889b8b71f8a0a7e5.jpg?ver=1777419741\",\"caption\":\"Federico Arguto\"},\"url\":\"https:\\\/\\\/vocesdelacomuna15.com.ar\\\/press\\\/author\\\/fede\\\/\"}]}<\/script>\n<!-- \/ Yoast SEO plugin. -->","yoast_head_json":{"title":"La Ciudad de Buenos Aires lanza un programa de empleo con asistencia econ\u00f3mica de hasta $21.000: qui\u00e9nes pueden acceder y cu\u00e1les son los principales requisitos - Voces de la Comuna 15","description":"Voces de la Comuna 15","robots":{"index":"index","follow":"follow","max-snippet":"max-snippet:-1","max-image-preview":"max-image-preview:large","max-video-preview":"max-video-preview:-1"},"canonical":"https:\/\/vocesdelacomuna15.com.ar\/press\/la-ciudad-de-buenos-aires-lanza-un-programa-de-empleo-con-asistencia-economica-de-hasta-21-000-quienes-pueden-acceder-y-cuales-son-los-principales-requisitos\/","og_locale":"es_ES","og_type":"article","og_title":"La Ciudad de Buenos Aires lanza un programa de empleo con asistencia econ\u00f3mica de hasta $21.000: qui\u00e9nes pueden acceder y cu\u00e1les son los principales requisitos - Voces de la Comuna 15","og_description":"Voces de la Comuna 15","og_url":"https:\/\/vocesdelacomuna15.com.ar\/press\/la-ciudad-de-buenos-aires-lanza-un-programa-de-empleo-con-asistencia-economica-de-hasta-21-000-quienes-pueden-acceder-y-cuales-son-los-principales-requisitos\/","og_site_name":"Voces de la Comuna 15","article_publisher":"https:\/\/www.facebook.com\/VocesComuna15\/","article_published_time":"2021-09-27T13:12:54+00:00","og_image":[{"width":1440,"height":810,"url":"https:\/\/vocesdelacomuna15.com.ar\/wp-content\/uploads\/2021\/09\/tn-2009.jpg","type":"image\/jpeg"}],"author":"Federico Arguto","twitter_card":"summary_large_image","twitter_creator":"@vocescomuna15","twitter_site":"@vocescomuna15","twitter_misc":{"Escrito por":"Federico Arguto","Tiempo de lectura":"5 minutos"},"schema":{"@context":"https:\/\/schema.org","@graph":[{"@type":"Article","@id":"https:\/\/vocesdelacomuna15.com.ar\/press\/la-ciudad-de-buenos-aires-lanza-un-programa-de-empleo-con-asistencia-economica-de-hasta-21-000-quienes-pueden-acceder-y-cuales-son-los-principales-requisitos\/#article","isPartOf":{"@id":"https:\/\/vocesdelacomuna15.com.ar\/press\/la-ciudad-de-buenos-aires-lanza-un-programa-de-empleo-con-asistencia-economica-de-hasta-21-000-quienes-pueden-acceder-y-cuales-son-los-principales-requisitos\/"},"author":{"name":"Federico Arguto","@id":"https:\/\/vocesdelacomuna15.com.ar\/press\/#\/schema\/person\/4739e109db25d799cd3d139eeb509e43"},"headline":"La Ciudad de Buenos Aires lanza un programa de empleo con asistencia econ\u00f3mica de hasta $21.000: qui\u00e9nes pueden acceder y cu\u00e1les son los principales requisitos","datePublished":"2021-09-27T13:12:54+00:00","mainEntityOfPage":{"@id":"https:\/\/vocesdelacomuna15.com.ar\/press\/la-ciudad-de-buenos-aires-lanza-un-programa-de-empleo-con-asistencia-economica-de-hasta-21-000-quienes-pueden-acceder-y-cuales-son-los-principales-requisitos\/"},"wordCount":1000,"commentCount":0,"publisher":{"@id":"https:\/\/vocesdelacomuna15.com.ar\/press\/#organization"},"image":{"@id":"https:\/\/vocesdelacomuna15.com.ar\/press\/la-ciudad-de-buenos-aires-lanza-un-programa-de-empleo-con-asistencia-economica-de-hasta-21-000-quienes-pueden-acceder-y-cuales-son-los-principales-requisitos\/#primaryimage"},"thumbnailUrl":"https:\/\/vocesdelacomuna15.com.ar\/wp-content\/uploads\/2021\/09\/tn-2009.jpg","articleSection":["Ciudad"],"inLanguage":"es-AR","potentialAction":[{"@type":"CommentAction","name":"Comment","target":["https:\/\/vocesdelacomuna15.com.ar\/press\/la-ciudad-de-buenos-aires-lanza-un-programa-de-empleo-con-asistencia-economica-de-hasta-21-000-quienes-pueden-acceder-y-cuales-son-los-principales-requisitos\/#respond"]}]},{"@type":"WebPage","@id":"https:\/\/vocesdelacomuna15.com.ar\/press\/la-ciudad-de-buenos-aires-lanza-un-programa-de-empleo-con-asistencia-economica-de-hasta-21-000-quienes-pueden-acceder-y-cuales-son-los-principales-requisitos\/","url":"https:\/\/vocesdelacomuna15.com.ar\/press\/la-ciudad-de-buenos-aires-lanza-un-programa-de-empleo-con-asistencia-economica-de-hasta-21-000-quienes-pueden-acceder-y-cuales-son-los-principales-requisitos\/","name":"La Ciudad de Buenos Aires lanza un programa de empleo con asistencia econ\u00f3mica de hasta $21.000: qui\u00e9nes pueden acceder y cu\u00e1les son los principales requisitos - Voces de la Comuna 15","isPartOf":{"@id":"https:\/\/vocesdelacomuna15.com.ar\/press\/#website"},"primaryImageOfPage":{"@id":"https:\/\/vocesdelacomuna15.com.ar\/press\/la-ciudad-de-buenos-aires-lanza-un-programa-de-empleo-con-asistencia-economica-de-hasta-21-000-quienes-pueden-acceder-y-cuales-son-los-principales-requisitos\/#primaryimage"},"image":{"@id":"https:\/\/vocesdelacomuna15.com.ar\/press\/la-ciudad-de-buenos-aires-lanza-un-programa-de-empleo-con-asistencia-economica-de-hasta-21-000-quienes-pueden-acceder-y-cuales-son-los-principales-requisitos\/#primaryimage"},"thumbnailUrl":"https:\/\/vocesdelacomuna15.com.ar\/wp-content\/uploads\/2021\/09\/tn-2009.jpg","datePublished":"2021-09-27T13:12:54+00:00","description":"Voces de la Comuna 15","breadcrumb":{"@id":"https:\/\/vocesdelacomuna15.com.ar\/press\/la-ciudad-de-buenos-aires-lanza-un-programa-de-empleo-con-asistencia-economica-de-hasta-21-000-quienes-pueden-acceder-y-cuales-son-los-principales-requisitos\/#breadcrumb"},"inLanguage":"es-AR","potentialAction":[{"@type":"ReadAction","target":["https:\/\/vocesdelacomuna15.com.ar\/press\/la-ciudad-de-buenos-aires-lanza-un-programa-de-empleo-con-asistencia-economica-de-hasta-21-000-quienes-pueden-acceder-y-cuales-son-los-principales-requisitos\/"]}]},{"@type":"ImageObject","inLanguage":"es-AR","@id":"https:\/\/vocesdelacomuna15.com.ar\/press\/la-ciudad-de-buenos-aires-lanza-un-programa-de-empleo-con-asistencia-economica-de-hasta-21-000-quienes-pueden-acceder-y-cuales-son-los-principales-requisitos\/#primaryimage","url":"https:\/\/vocesdelacomuna15.com.ar\/wp-content\/uploads\/2021\/09\/tn-2009.jpg","contentUrl":"https:\/\/vocesdelacomuna15.com.ar\/wp-content\/uploads\/2021\/09\/tn-2009.jpg","width":1440,"height":810},{"@type":"BreadcrumbList","@id":"https:\/\/vocesdelacomuna15.com.ar\/press\/la-ciudad-de-buenos-aires-lanza-un-programa-de-empleo-con-asistencia-economica-de-hasta-21-000-quienes-pueden-acceder-y-cuales-son-los-principales-requisitos\/#breadcrumb","itemListElement":[{"@type":"ListItem","position":1,"name":"Inicio","item":"https:\/\/vocesdelacomuna15.com.ar\/press\/"},{"@type":"ListItem","position":2,"name":"La Ciudad de Buenos Aires lanza un programa de empleo con asistencia econ\u00f3mica de hasta $21.000: qui\u00e9nes pueden acceder y cu\u00e1les son los principales requisitos"}]},{"@type":"WebSite","@id":"https:\/\/vocesdelacomuna15.com.ar\/press\/#website","url":"https:\/\/vocesdelacomuna15.com.ar\/press\/","name":"Voces de la Comuna 15","description":"Sitio web de noticias","publisher":{"@id":"https:\/\/vocesdelacomuna15.com.ar\/press\/#organization"},"potentialAction":[{"@type":"SearchAction","target":{"@type":"EntryPoint","urlTemplate":"https:\/\/vocesdelacomuna15.com.ar\/press\/?s={search_term_string}"},"query-input":{"@type":"PropertyValueSpecification","valueRequired":true,"valueName":"search_term_string"}}],"inLanguage":"es-AR"},{"@type":"Organization","@id":"https:\/\/vocesdelacomuna15.com.ar\/press\/#organization","name":"Voces de la Comuna 15","url":"https:\/\/vocesdelacomuna15.com.ar\/press\/","logo":{"@type":"ImageObject","inLanguage":"es-AR","@id":"https:\/\/vocesdelacomuna15.com.ar\/press\/#\/schema\/logo\/image\/","url":"https:\/\/vocesdelacomuna15.com.ar\/wp-content\/uploads\/2024\/12\/cropped-logo_voces.jpg","contentUrl":"https:\/\/vocesdelacomuna15.com.ar\/wp-content\/uploads\/2024\/12\/cropped-logo_voces.jpg","width":512,"height":512,"caption":"Voces de la Comuna 15"},"image":{"@id":"https:\/\/vocesdelacomuna15.com.ar\/press\/#\/schema\/logo\/image\/"},"sameAs":["https:\/\/www.facebook.com\/VocesComuna15\/","https:\/\/x.com\/vocescomuna15"]},{"@type":"Person","@id":"https:\/\/vocesdelacomuna15.com.ar\/press\/#\/schema\/person\/4739e109db25d799cd3d139eeb509e43","name":"Federico Arguto","image":{"@type":"ImageObject","inLanguage":"es-AR","@id":"https:\/\/vocesdelacomuna15.com.ar\/wp-content\/litespeed\/avatar\/82faf979976f1bae889b8b71f8a0a7e5.jpg?ver=1777419741","url":"https:\/\/vocesdelacomuna15.com.ar\/wp-content\/litespeed\/avatar\/82faf979976f1bae889b8b71f8a0a7e5.jpg?ver=1777419741","contentUrl":"https:\/\/vocesdelacomuna15.com.ar\/wp-content\/litespeed\/avatar\/82faf979976f1bae889b8b71f8a0a7e5.jpg?ver=1777419741","caption":"Federico Arguto"},"url":"https:\/\/vocesdelacomuna15.com.ar\/press\/author\/fede\/"}]}},"_links":{"self":[{"href":"https:\/\/vocesdelacomuna15.com.ar\/press\/wp-json\/wp\/v2\/posts\/54705","targetHints":{"allow":["GET"]}}],"collection":[{"href":"https:\/\/vocesdelacomuna15.com.ar\/press\/wp-json\/wp\/v2\/posts"}],"about":[{"href":"https:\/\/vocesdelacomuna15.com.ar\/press\/wp-json\/wp\/v2\/types\/post"}],"author":[{"embeddable":true,"href":"https:\/\/vocesdelacomuna15.com.ar\/press\/wp-json\/wp\/v2\/users\/2"}],"replies":[{"embeddable":true,"href":"https:\/\/vocesdelacomuna15.com.ar\/press\/wp-json\/wp\/v2\/comments?post=54705"}],"version-history":[{"count":1,"href":"https:\/\/vocesdelacomuna15.com.ar\/press\/wp-json\/wp\/v2\/posts\/54705\/revisions"}],"predecessor-version":[{"id":54707,"href":"https:\/\/vocesdelacomuna15.com.ar\/press\/wp-json\/wp\/v2\/posts\/54705\/revisions\/54707"}],"wp:featuredmedia":[{"embeddable":true,"href":"https:\/\/vocesdelacomuna15.com.ar\/press\/wp-json\/wp\/v2\/media\/54706"}],"wp:attachment":[{"href":"https:\/\/vocesdelacomuna15.com.ar\/press\/wp-json\/wp\/v2\/media?parent=54705"}],"wp:term":[{"taxonomy":"category","embeddable":true,"href":"https:\/\/vocesdelacomuna15.com.ar\/press\/wp-json\/wp\/v2\/categories?post=54705"},{"taxonomy":"post_tag","embeddable":true,"href":"https:\/\/vocesdelacomuna15.com.ar\/press\/wp-json\/wp\/v2\/tags?post=54705"}],"curies":[{"name":"wp","href":"https:\/\/api.w.org\/{rel}","templated":true}]}}