{"id":54507,"date":"2021-08-23T00:38:39","date_gmt":"2021-08-23T03:38:39","guid":{"rendered":"http:\/\/vocesdelacomuna15.com.ar\/wordpress\/?p=54507"},"modified":"2021-08-22T21:01:38","modified_gmt":"2021-08-23T00:01:38","slug":"a-un-ano-y-medio-del-cierre-el-parque-agronomia-reabrira-sus-puertas-en-septiembre","status":"publish","type":"post","link":"https:\/\/vocesdelacomuna15.com.ar\/press\/a-un-ano-y-medio-del-cierre-el-parque-agronomia-reabrira-sus-puertas-en-septiembre\/","title":{"rendered":"A un a\u00f1o y medio del cierre, el Parque Agronom\u00eda reabrir\u00e1 sus puertas en septiembre"},"content":{"rendered":"\n<p>De esta forma, la Universidad de Buenos Aires -de quien depende el predio- accede al pedido de los vecinos que antes de la pandemia concurr\u00edan all\u00ed para pasear o hacer deportes. Fuente: T\u00e9lam<\/p>\n\n\n\n<p>La Universidad de\nBuenos Aires (UBA) reabrir\u00e1 el Parque de Agronom\u00eda, cerrado desde hace un a\u00f1o y\nmedio cuando comenz\u00f3 la pandemia de coronavirus, tras el reclamo de vecinos y\nvecinas para volver a ingresar al espacio verde y recuperar un lugar ligado a\nla identidad barrial donde realizan actividades deportivas y recreativas.<br>\n<br>\nAs\u00ed lo confirmaron a T\u00e9lam las autoridades de la UBA, la casa de altos estudios\npropietaria del predio de 60 hect\u00e1reas que dispone de decenas de pabellones de\nlas facultades de Agronom\u00eda y de Veterinaria que funcionan en esos terrenos.<br>\n<br>\n&#8220;El parque va a estar abierto a toda la comunidad desde los primeros d\u00edas\nde septiembre, precisaron las fuentes de la universidad, en tanto que\nadelantaron que para la vuelta se iniciaron <strong>&#8220;tareas de\nacondicionamiento del predio&#8221;<\/strong> como &#8220;carteler\u00edas de las\nmedidas preventivas y de circulaci\u00f3n&#8221; para minimizar contagios de\nCovid-19.<br>\n<br>\n<strong>&#8220;En la actualidad, el predio est\u00e1 abierto a docentes, no docentes\ny a los alumnos que hacen actividades pr\u00e1cticas, y desde septiembre estar\u00e1\nabierto para los alumnos en general y a todo el p\u00fablico&#8221;<\/strong>,\nindicaron.<br>\n<br>\nEl cierre del lugar fue dispuesto por el Rectorado de la UBA en marzo del 2020\ncuando comenz\u00f3 el Aislamiento Social, Preventivo y Obligatorio en una medida\nque alcanz\u00f3 a todas las sedes, incluidas las de Agronom\u00eda y la de Veterinaria.<br>\n<br>\nNo obstante, a partir de la posibilidad que las universidades con sede en la\nCiudad de Buenos Aires vuelvan a tener la modalidad de presencialidad para el\ndictado de las clases, la UBA decidi\u00f3 sumarse al nuevo esquema, y levantar\u00e1 la\nclausura.<br>\n<br>\n<strong>La medida de cierre, vigente desde hace 17 meses, impact\u00f3 en la\ncomunidad de vecinos que rodea al parque<\/strong> que, durante d\u00e9cadas, utiliz\u00f3\nel espacio verde para realizar actividad f\u00edsica y recreativa, adem\u00e1s de usarlo\ncomo v\u00eda de conexi\u00f3n entre los barrios aleda\u00f1os de Agronom\u00eda, Villa del Parque,\nDevoto, Paternal, Parque Chas, Villa Pueyrred\u00f3n y Villa Ort\u00fazar.<\/p>\n\n\n\n<p>Fue entonces que los vecinos organizaron el &#8220;Movimiento Agronom\u00eda Abierta&#8221; para visibilizar el reclamo ante la UBA y al Gobierno porte\u00f1o al afirmar que los terrenos tienen la catalogaci\u00f3n de Urbanizaci\u00f3n Parque (UP) por el C\u00f3digo Urban\u00edstico, es decir, \u00e1reas destinadas a espacios verdes y parquizaci\u00f3n de uso p\u00fablico, por lo cual rechazaban el cierre.<br> <br> En ese sentido, organizaron actividades como un abrazo al parque, el tercer pulm\u00f3n verde de la Ciudad, festivales y mantuvieron reuniones con las autoridades de la Comuna 11 para reclamar por la reapertura.<br> <br> En un comunicado, manifestaron que <strong>&#8220;el parque fue cerrado totalmente para el p\u00fablico al comienzo de la pandemia en marzo de 2020, sin embargo la voluntad de la UBA de impedir el ingreso de los vecinos se evidencia desde hace a\u00f1os con los progresivos cierres de accesos al mismo&#8221;.<\/strong><br> <br> &#8220;De m\u00e1s de siete que supo haber, las entradas se redujeron a dos, incluso dos de las clausuras fueron selladas con la construcci\u00f3n de muros. Entradas que no s\u00f3lo funcionaban como acceso al parque, sino tambi\u00e9n como arterias de comunicaci\u00f3n entre los barrios&#8221;, se\u00f1alaron.<br> <br> Y propusieron la implementaci\u00f3n de &#8220;un plan de manejo conjunto que habilite a la vecindad la co-gesti\u00f3n de la Agronom\u00eda&#8221;, tal como ocurre en el Parque Avellaneda y el nuevo Parque de la Estaci\u00f3n, en el barrio de Balvanera.<br> <br> <strong>&#8220;A trav\u00e9s de ese instrumento nos proponemos que, una vez reabierta la Agronom\u00eda al p\u00fablico, no solo no pueda ser vuelta a cerrar sin consultarnos, sino que se avance en una integraci\u00f3n entre la UBA y la comunidad cumpliendo con sus responsabilidades&#8221;<\/strong>, concluyeron.<\/p>\n\n\n\n<p>Link a nota original: <a href=\"https:\/\/www.telam.com.ar\/notas\/202108\/565348-parque-agronomia-reapertura-caba.html\">https:\/\/www.telam.com.ar\/notas\/202108\/565348-parque-agronomia-reapertura-caba.html<\/a><\/p>\n\n\n\n<p>Foto: T\u00e9lam<\/p>\n\n\n\n<p>Caracteres: 3.550<\/p>\n<div class=\"pvc_clear\"><\/div><p id=\"pvc_stats_54507\" class=\"pvc_stats all  \" data-element-id=\"54507\" style=\"\"><i class=\"pvc-stats-icon small\" aria-hidden=\"true\"><svg aria-hidden=\"true\" focusable=\"false\" data-prefix=\"far\" data-icon=\"chart-bar\" role=\"img\" xmlns=\"http:\/\/www.w3.org\/2000\/svg\" viewBox=\"0 0 512 512\" class=\"svg-inline--fa fa-chart-bar fa-w-16 fa-2x\"><path fill=\"currentColor\" d=\"M396.8 352h22.4c6.4 0 12.8-6.4 12.8-12.8V108.8c0-6.4-6.4-12.8-12.8-12.8h-22.4c-6.4 0-12.8 6.4-12.8 12.8v230.4c0 6.4 6.4 12.8 12.8 12.8zm-192 0h22.4c6.4 0 12.8-6.4 12.8-12.8V140.8c0-6.4-6.4-12.8-12.8-12.8h-22.4c-6.4 0-12.8 6.4-12.8 12.8v198.4c0 6.4 6.4 12.8 12.8 12.8zm96 0h22.4c6.4 0 12.8-6.4 12.8-12.8V204.8c0-6.4-6.4-12.8-12.8-12.8h-22.4c-6.4 0-12.8 6.4-12.8 12.8v134.4c0 6.4 6.4 12.8 12.8 12.8zM496 400H48V80c0-8.84-7.16-16-16-16H16C7.16 64 0 71.16 0 80v336c0 17.67 14.33 32 32 32h464c8.84 0 16-7.16 16-16v-16c0-8.84-7.16-16-16-16zm-387.2-48h22.4c6.4 0 12.8-6.4 12.8-12.8v-70.4c0-6.4-6.4-12.8-12.8-12.8h-22.4c-6.4 0-12.8 6.4-12.8 12.8v70.4c0 6.4 6.4 12.8 12.8 12.8z\" class=\"\"><\/path><\/svg><\/i> <img loading=\"lazy\" decoding=\"async\" width=\"16\" height=\"16\" alt=\"Loading\" src=\"https:\/\/vocesdelacomuna15.com.ar\/wp-content\/plugins\/page-views-count\/ajax-loader-2x.gif\" border=0 \/><\/p><div class=\"pvc_clear\"><\/div>","protected":false},"excerpt":{"rendered":"<p>De esta forma, la Universidad de Buenos Aires -de quien depende el predio- accede al pedido de los vecinos que antes de la pandemia concurr\u00edan all\u00ed para pasear o hacer deportes. Fuente: T\u00e9lam La Universidad de Buenos Aires (UBA) reabrir\u00e1 el Parque de Agronom\u00eda, cerrado desde hace un a\u00f1o y medio cuando comenz\u00f3 la pandemia [&hellip;]<\/p>\n<div class=\"pvc_clear\"><\/div>\n<p id=\"pvc_stats_54507\" class=\"pvc_stats all  \" data-element-id=\"54507\" style=\"\"><i class=\"pvc-stats-icon small\" aria-hidden=\"true\"><svg aria-hidden=\"true\" focusable=\"false\" data-prefix=\"far\" data-icon=\"chart-bar\" role=\"img\" xmlns=\"http:\/\/www.w3.org\/2000\/svg\" viewBox=\"0 0 512 512\" class=\"svg-inline--fa fa-chart-bar fa-w-16 fa-2x\"><path fill=\"currentColor\" d=\"M396.8 352h22.4c6.4 0 12.8-6.4 12.8-12.8V108.8c0-6.4-6.4-12.8-12.8-12.8h-22.4c-6.4 0-12.8 6.4-12.8 12.8v230.4c0 6.4 6.4 12.8 12.8 12.8zm-192 0h22.4c6.4 0 12.8-6.4 12.8-12.8V140.8c0-6.4-6.4-12.8-12.8-12.8h-22.4c-6.4 0-12.8 6.4-12.8 12.8v198.4c0 6.4 6.4 12.8 12.8 12.8zm96 0h22.4c6.4 0 12.8-6.4 12.8-12.8V204.8c0-6.4-6.4-12.8-12.8-12.8h-22.4c-6.4 0-12.8 6.4-12.8 12.8v134.4c0 6.4 6.4 12.8 12.8 12.8zM496 400H48V80c0-8.84-7.16-16-16-16H16C7.16 64 0 71.16 0 80v336c0 17.67 14.33 32 32 32h464c8.84 0 16-7.16 16-16v-16c0-8.84-7.16-16-16-16zm-387.2-48h22.4c6.4 0 12.8-6.4 12.8-12.8v-70.4c0-6.4-6.4-12.8-12.8-12.8h-22.4c-6.4 0-12.8 6.4-12.8 12.8v70.4c0 6.4 6.4 12.8 12.8 12.8z\" class=\"\"><\/path><\/svg><\/i> <img loading=\"lazy\" decoding=\"async\" width=\"16\" height=\"16\" alt=\"Loading\" src=\"https:\/\/vocesdelacomuna15.com.ar\/wp-content\/plugins\/page-views-count\/ajax-loader-2x.gif\" border=0 \/><\/p>\n<div class=\"pvc_clear\"><\/div>\n","protected":false},"author":2,"featured_media":54508,"comment_status":"open","ping_status":"open","sticky":false,"template":"","format":"standard","meta":{"_et_pb_use_builder":"off","_et_pb_old_content":"","_et_gb_content_width":"","footnotes":""},"categories":[6,8],"tags":[],"class_list":["post-54507","post","type-post","status-publish","format-standard","has-post-thumbnail","hentry","category-agro","category-sociedad","et-has-post-format-content","et_post_format-et-post-format-standard"],"a3_pvc":{"activated":true,"total_views":301,"today_views":0},"yoast_head":"<!-- This site is optimized with the Yoast SEO plugin v27.5 - https:\/\/yoast.com\/product\/yoast-seo-wordpress\/ -->\n<title>A un a\u00f1o y medio del cierre, el Parque Agronom\u00eda reabrir\u00e1 sus puertas en septiembre - Voces de la Comuna 15<\/title>\n<meta name=\"description\" content=\"Voces de la Comuna 15\" \/>\n<meta name=\"robots\" content=\"index, follow, max-snippet:-1, max-image-preview:large, max-video-preview:-1\" \/>\n<link rel=\"canonical\" href=\"https:\/\/vocesdelacomuna15.com.ar\/press\/a-un-ano-y-medio-del-cierre-el-parque-agronomia-reabrira-sus-puertas-en-septiembre\/\" \/>\n<meta property=\"og:locale\" content=\"es_ES\" \/>\n<meta property=\"og:type\" content=\"article\" \/>\n<meta property=\"og:title\" content=\"A un a\u00f1o y medio del cierre, el Parque Agronom\u00eda reabrir\u00e1 sus puertas en septiembre - Voces de la Comuna 15\" \/>\n<meta property=\"og:description\" content=\"Voces de la Comuna 15\" \/>\n<meta property=\"og:url\" content=\"https:\/\/vocesdelacomuna15.com.ar\/press\/a-un-ano-y-medio-del-cierre-el-parque-agronomia-reabrira-sus-puertas-en-septiembre\/\" \/>\n<meta property=\"og:site_name\" content=\"Voces de la Comuna 15\" \/>\n<meta property=\"article:publisher\" content=\"https:\/\/www.facebook.com\/VocesComuna15\/\" \/>\n<meta property=\"article:published_time\" content=\"2021-08-23T03:38:39+00:00\" \/>\n<meta property=\"og:image\" content=\"https:\/\/vocesdelacomuna15.com.ar\/wp-content\/uploads\/2021\/08\/FOTO-TELAM.jpg\" \/>\n\t<meta property=\"og:image:width\" content=\"1004\" \/>\n\t<meta property=\"og:image:height\" content=\"669\" \/>\n\t<meta property=\"og:image:type\" content=\"image\/jpeg\" \/>\n<meta name=\"author\" content=\"Federico Arguto\" \/>\n<meta name=\"twitter:card\" content=\"summary_large_image\" \/>\n<meta name=\"twitter:creator\" content=\"@vocescomuna15\" \/>\n<meta name=\"twitter:site\" content=\"@vocescomuna15\" \/>\n<meta name=\"twitter:label1\" content=\"Escrito por\" \/>\n\t<meta name=\"twitter:data1\" content=\"Federico Arguto\" \/>\n\t<meta name=\"twitter:label2\" content=\"Tiempo de lectura\" \/>\n\t<meta name=\"twitter:data2\" content=\"3 minutos\" \/>\n<script type=\"application\/ld+json\" class=\"yoast-schema-graph\">{\"@context\":\"https:\\\/\\\/schema.org\",\"@graph\":[{\"@type\":\"Article\",\"@id\":\"https:\\\/\\\/vocesdelacomuna15.com.ar\\\/press\\\/a-un-ano-y-medio-del-cierre-el-parque-agronomia-reabrira-sus-puertas-en-septiembre\\\/#article\",\"isPartOf\":{\"@id\":\"https:\\\/\\\/vocesdelacomuna15.com.ar\\\/press\\\/a-un-ano-y-medio-del-cierre-el-parque-agronomia-reabrira-sus-puertas-en-septiembre\\\/\"},\"author\":{\"name\":\"Federico Arguto\",\"@id\":\"https:\\\/\\\/vocesdelacomuna15.com.ar\\\/press\\\/#\\\/schema\\\/person\\\/4739e109db25d799cd3d139eeb509e43\"},\"headline\":\"A un a\u00f1o y medio del cierre, el Parque Agronom\u00eda reabrir\u00e1 sus puertas en septiembre\",\"datePublished\":\"2021-08-23T03:38:39+00:00\",\"mainEntityOfPage\":{\"@id\":\"https:\\\/\\\/vocesdelacomuna15.com.ar\\\/press\\\/a-un-ano-y-medio-del-cierre-el-parque-agronomia-reabrira-sus-puertas-en-septiembre\\\/\"},\"wordCount\":690,\"commentCount\":0,\"publisher\":{\"@id\":\"https:\\\/\\\/vocesdelacomuna15.com.ar\\\/press\\\/#organization\"},\"image\":{\"@id\":\"https:\\\/\\\/vocesdelacomuna15.com.ar\\\/press\\\/a-un-ano-y-medio-del-cierre-el-parque-agronomia-reabrira-sus-puertas-en-septiembre\\\/#primaryimage\"},\"thumbnailUrl\":\"https:\\\/\\\/vocesdelacomuna15.com.ar\\\/wp-content\\\/uploads\\\/2021\\\/08\\\/FOTO-TELAM.jpg\",\"articleSection\":[\"Agronom\u00eda\",\"Sociedad\"],\"inLanguage\":\"es-AR\",\"potentialAction\":[{\"@type\":\"CommentAction\",\"name\":\"Comment\",\"target\":[\"https:\\\/\\\/vocesdelacomuna15.com.ar\\\/press\\\/a-un-ano-y-medio-del-cierre-el-parque-agronomia-reabrira-sus-puertas-en-septiembre\\\/#respond\"]}]},{\"@type\":\"WebPage\",\"@id\":\"https:\\\/\\\/vocesdelacomuna15.com.ar\\\/press\\\/a-un-ano-y-medio-del-cierre-el-parque-agronomia-reabrira-sus-puertas-en-septiembre\\\/\",\"url\":\"https:\\\/\\\/vocesdelacomuna15.com.ar\\\/press\\\/a-un-ano-y-medio-del-cierre-el-parque-agronomia-reabrira-sus-puertas-en-septiembre\\\/\",\"name\":\"A un a\u00f1o y medio del cierre, el Parque Agronom\u00eda reabrir\u00e1 sus puertas en septiembre - Voces de la Comuna 15\",\"isPartOf\":{\"@id\":\"https:\\\/\\\/vocesdelacomuna15.com.ar\\\/press\\\/#website\"},\"primaryImageOfPage\":{\"@id\":\"https:\\\/\\\/vocesdelacomuna15.com.ar\\\/press\\\/a-un-ano-y-medio-del-cierre-el-parque-agronomia-reabrira-sus-puertas-en-septiembre\\\/#primaryimage\"},\"image\":{\"@id\":\"https:\\\/\\\/vocesdelacomuna15.com.ar\\\/press\\\/a-un-ano-y-medio-del-cierre-el-parque-agronomia-reabrira-sus-puertas-en-septiembre\\\/#primaryimage\"},\"thumbnailUrl\":\"https:\\\/\\\/vocesdelacomuna15.com.ar\\\/wp-content\\\/uploads\\\/2021\\\/08\\\/FOTO-TELAM.jpg\",\"datePublished\":\"2021-08-23T03:38:39+00:00\",\"description\":\"Voces de la Comuna 15\",\"breadcrumb\":{\"@id\":\"https:\\\/\\\/vocesdelacomuna15.com.ar\\\/press\\\/a-un-ano-y-medio-del-cierre-el-parque-agronomia-reabrira-sus-puertas-en-septiembre\\\/#breadcrumb\"},\"inLanguage\":\"es-AR\",\"potentialAction\":[{\"@type\":\"ReadAction\",\"target\":[\"https:\\\/\\\/vocesdelacomuna15.com.ar\\\/press\\\/a-un-ano-y-medio-del-cierre-el-parque-agronomia-reabrira-sus-puertas-en-septiembre\\\/\"]}]},{\"@type\":\"ImageObject\",\"inLanguage\":\"es-AR\",\"@id\":\"https:\\\/\\\/vocesdelacomuna15.com.ar\\\/press\\\/a-un-ano-y-medio-del-cierre-el-parque-agronomia-reabrira-sus-puertas-en-septiembre\\\/#primaryimage\",\"url\":\"https:\\\/\\\/vocesdelacomuna15.com.ar\\\/wp-content\\\/uploads\\\/2021\\\/08\\\/FOTO-TELAM.jpg\",\"contentUrl\":\"https:\\\/\\\/vocesdelacomuna15.com.ar\\\/wp-content\\\/uploads\\\/2021\\\/08\\\/FOTO-TELAM.jpg\",\"width\":1004,\"height\":669},{\"@type\":\"BreadcrumbList\",\"@id\":\"https:\\\/\\\/vocesdelacomuna15.com.ar\\\/press\\\/a-un-ano-y-medio-del-cierre-el-parque-agronomia-reabrira-sus-puertas-en-septiembre\\\/#breadcrumb\",\"itemListElement\":[{\"@type\":\"ListItem\",\"position\":1,\"name\":\"Inicio\",\"item\":\"https:\\\/\\\/vocesdelacomuna15.com.ar\\\/press\\\/\"},{\"@type\":\"ListItem\",\"position\":2,\"name\":\"A un a\u00f1o y medio del cierre, el Parque Agronom\u00eda reabrir\u00e1 sus puertas en septiembre\"}]},{\"@type\":\"WebSite\",\"@id\":\"https:\\\/\\\/vocesdelacomuna15.com.ar\\\/press\\\/#website\",\"url\":\"https:\\\/\\\/vocesdelacomuna15.com.ar\\\/press\\\/\",\"name\":\"Voces de la Comuna 15\",\"description\":\"Sitio web de noticias\",\"publisher\":{\"@id\":\"https:\\\/\\\/vocesdelacomuna15.com.ar\\\/press\\\/#organization\"},\"potentialAction\":[{\"@type\":\"SearchAction\",\"target\":{\"@type\":\"EntryPoint\",\"urlTemplate\":\"https:\\\/\\\/vocesdelacomuna15.com.ar\\\/press\\\/?s={search_term_string}\"},\"query-input\":{\"@type\":\"PropertyValueSpecification\",\"valueRequired\":true,\"valueName\":\"search_term_string\"}}],\"inLanguage\":\"es-AR\"},{\"@type\":\"Organization\",\"@id\":\"https:\\\/\\\/vocesdelacomuna15.com.ar\\\/press\\\/#organization\",\"name\":\"Voces de la Comuna 15\",\"url\":\"https:\\\/\\\/vocesdelacomuna15.com.ar\\\/press\\\/\",\"logo\":{\"@type\":\"ImageObject\",\"inLanguage\":\"es-AR\",\"@id\":\"https:\\\/\\\/vocesdelacomuna15.com.ar\\\/press\\\/#\\\/schema\\\/logo\\\/image\\\/\",\"url\":\"https:\\\/\\\/vocesdelacomuna15.com.ar\\\/wp-content\\\/uploads\\\/2024\\\/12\\\/cropped-logo_voces.jpg\",\"contentUrl\":\"https:\\\/\\\/vocesdelacomuna15.com.ar\\\/wp-content\\\/uploads\\\/2024\\\/12\\\/cropped-logo_voces.jpg\",\"width\":512,\"height\":512,\"caption\":\"Voces de la Comuna 15\"},\"image\":{\"@id\":\"https:\\\/\\\/vocesdelacomuna15.com.ar\\\/press\\\/#\\\/schema\\\/logo\\\/image\\\/\"},\"sameAs\":[\"https:\\\/\\\/www.facebook.com\\\/VocesComuna15\\\/\",\"https:\\\/\\\/x.com\\\/vocescomuna15\"]},{\"@type\":\"Person\",\"@id\":\"https:\\\/\\\/vocesdelacomuna15.com.ar\\\/press\\\/#\\\/schema\\\/person\\\/4739e109db25d799cd3d139eeb509e43\",\"name\":\"Federico Arguto\",\"image\":{\"@type\":\"ImageObject\",\"inLanguage\":\"es-AR\",\"@id\":\"https:\\\/\\\/vocesdelacomuna15.com.ar\\\/wp-content\\\/litespeed\\\/avatar\\\/82faf979976f1bae889b8b71f8a0a7e5.jpg?ver=1777419741\",\"url\":\"https:\\\/\\\/vocesdelacomuna15.com.ar\\\/wp-content\\\/litespeed\\\/avatar\\\/82faf979976f1bae889b8b71f8a0a7e5.jpg?ver=1777419741\",\"contentUrl\":\"https:\\\/\\\/vocesdelacomuna15.com.ar\\\/wp-content\\\/litespeed\\\/avatar\\\/82faf979976f1bae889b8b71f8a0a7e5.jpg?ver=1777419741\",\"caption\":\"Federico Arguto\"},\"url\":\"https:\\\/\\\/vocesdelacomuna15.com.ar\\\/press\\\/author\\\/fede\\\/\"}]}<\/script>\n<!-- \/ Yoast SEO plugin. -->","yoast_head_json":{"title":"A un a\u00f1o y medio del cierre, el Parque Agronom\u00eda reabrir\u00e1 sus puertas en septiembre - Voces de la Comuna 15","description":"Voces de la Comuna 15","robots":{"index":"index","follow":"follow","max-snippet":"max-snippet:-1","max-image-preview":"max-image-preview:large","max-video-preview":"max-video-preview:-1"},"canonical":"https:\/\/vocesdelacomuna15.com.ar\/press\/a-un-ano-y-medio-del-cierre-el-parque-agronomia-reabrira-sus-puertas-en-septiembre\/","og_locale":"es_ES","og_type":"article","og_title":"A un a\u00f1o y medio del cierre, el Parque Agronom\u00eda reabrir\u00e1 sus puertas en septiembre - Voces de la Comuna 15","og_description":"Voces de la Comuna 15","og_url":"https:\/\/vocesdelacomuna15.com.ar\/press\/a-un-ano-y-medio-del-cierre-el-parque-agronomia-reabrira-sus-puertas-en-septiembre\/","og_site_name":"Voces de la Comuna 15","article_publisher":"https:\/\/www.facebook.com\/VocesComuna15\/","article_published_time":"2021-08-23T03:38:39+00:00","og_image":[{"width":1004,"height":669,"url":"https:\/\/vocesdelacomuna15.com.ar\/wp-content\/uploads\/2021\/08\/FOTO-TELAM.jpg","type":"image\/jpeg"}],"author":"Federico Arguto","twitter_card":"summary_large_image","twitter_creator":"@vocescomuna15","twitter_site":"@vocescomuna15","twitter_misc":{"Escrito por":"Federico Arguto","Tiempo de lectura":"3 minutos"},"schema":{"@context":"https:\/\/schema.org","@graph":[{"@type":"Article","@id":"https:\/\/vocesdelacomuna15.com.ar\/press\/a-un-ano-y-medio-del-cierre-el-parque-agronomia-reabrira-sus-puertas-en-septiembre\/#article","isPartOf":{"@id":"https:\/\/vocesdelacomuna15.com.ar\/press\/a-un-ano-y-medio-del-cierre-el-parque-agronomia-reabrira-sus-puertas-en-septiembre\/"},"author":{"name":"Federico Arguto","@id":"https:\/\/vocesdelacomuna15.com.ar\/press\/#\/schema\/person\/4739e109db25d799cd3d139eeb509e43"},"headline":"A un a\u00f1o y medio del cierre, el Parque Agronom\u00eda reabrir\u00e1 sus puertas en septiembre","datePublished":"2021-08-23T03:38:39+00:00","mainEntityOfPage":{"@id":"https:\/\/vocesdelacomuna15.com.ar\/press\/a-un-ano-y-medio-del-cierre-el-parque-agronomia-reabrira-sus-puertas-en-septiembre\/"},"wordCount":690,"commentCount":0,"publisher":{"@id":"https:\/\/vocesdelacomuna15.com.ar\/press\/#organization"},"image":{"@id":"https:\/\/vocesdelacomuna15.com.ar\/press\/a-un-ano-y-medio-del-cierre-el-parque-agronomia-reabrira-sus-puertas-en-septiembre\/#primaryimage"},"thumbnailUrl":"https:\/\/vocesdelacomuna15.com.ar\/wp-content\/uploads\/2021\/08\/FOTO-TELAM.jpg","articleSection":["Agronom\u00eda","Sociedad"],"inLanguage":"es-AR","potentialAction":[{"@type":"CommentAction","name":"Comment","target":["https:\/\/vocesdelacomuna15.com.ar\/press\/a-un-ano-y-medio-del-cierre-el-parque-agronomia-reabrira-sus-puertas-en-septiembre\/#respond"]}]},{"@type":"WebPage","@id":"https:\/\/vocesdelacomuna15.com.ar\/press\/a-un-ano-y-medio-del-cierre-el-parque-agronomia-reabrira-sus-puertas-en-septiembre\/","url":"https:\/\/vocesdelacomuna15.com.ar\/press\/a-un-ano-y-medio-del-cierre-el-parque-agronomia-reabrira-sus-puertas-en-septiembre\/","name":"A un a\u00f1o y medio del cierre, el Parque Agronom\u00eda reabrir\u00e1 sus puertas en septiembre - Voces de la Comuna 15","isPartOf":{"@id":"https:\/\/vocesdelacomuna15.com.ar\/press\/#website"},"primaryImageOfPage":{"@id":"https:\/\/vocesdelacomuna15.com.ar\/press\/a-un-ano-y-medio-del-cierre-el-parque-agronomia-reabrira-sus-puertas-en-septiembre\/#primaryimage"},"image":{"@id":"https:\/\/vocesdelacomuna15.com.ar\/press\/a-un-ano-y-medio-del-cierre-el-parque-agronomia-reabrira-sus-puertas-en-septiembre\/#primaryimage"},"thumbnailUrl":"https:\/\/vocesdelacomuna15.com.ar\/wp-content\/uploads\/2021\/08\/FOTO-TELAM.jpg","datePublished":"2021-08-23T03:38:39+00:00","description":"Voces de la Comuna 15","breadcrumb":{"@id":"https:\/\/vocesdelacomuna15.com.ar\/press\/a-un-ano-y-medio-del-cierre-el-parque-agronomia-reabrira-sus-puertas-en-septiembre\/#breadcrumb"},"inLanguage":"es-AR","potentialAction":[{"@type":"ReadAction","target":["https:\/\/vocesdelacomuna15.com.ar\/press\/a-un-ano-y-medio-del-cierre-el-parque-agronomia-reabrira-sus-puertas-en-septiembre\/"]}]},{"@type":"ImageObject","inLanguage":"es-AR","@id":"https:\/\/vocesdelacomuna15.com.ar\/press\/a-un-ano-y-medio-del-cierre-el-parque-agronomia-reabrira-sus-puertas-en-septiembre\/#primaryimage","url":"https:\/\/vocesdelacomuna15.com.ar\/wp-content\/uploads\/2021\/08\/FOTO-TELAM.jpg","contentUrl":"https:\/\/vocesdelacomuna15.com.ar\/wp-content\/uploads\/2021\/08\/FOTO-TELAM.jpg","width":1004,"height":669},{"@type":"BreadcrumbList","@id":"https:\/\/vocesdelacomuna15.com.ar\/press\/a-un-ano-y-medio-del-cierre-el-parque-agronomia-reabrira-sus-puertas-en-septiembre\/#breadcrumb","itemListElement":[{"@type":"ListItem","position":1,"name":"Inicio","item":"https:\/\/vocesdelacomuna15.com.ar\/press\/"},{"@type":"ListItem","position":2,"name":"A un a\u00f1o y medio del cierre, el Parque Agronom\u00eda reabrir\u00e1 sus puertas en septiembre"}]},{"@type":"WebSite","@id":"https:\/\/vocesdelacomuna15.com.ar\/press\/#website","url":"https:\/\/vocesdelacomuna15.com.ar\/press\/","name":"Voces de la Comuna 15","description":"Sitio web de noticias","publisher":{"@id":"https:\/\/vocesdelacomuna15.com.ar\/press\/#organization"},"potentialAction":[{"@type":"SearchAction","target":{"@type":"EntryPoint","urlTemplate":"https:\/\/vocesdelacomuna15.com.ar\/press\/?s={search_term_string}"},"query-input":{"@type":"PropertyValueSpecification","valueRequired":true,"valueName":"search_term_string"}}],"inLanguage":"es-AR"},{"@type":"Organization","@id":"https:\/\/vocesdelacomuna15.com.ar\/press\/#organization","name":"Voces de la Comuna 15","url":"https:\/\/vocesdelacomuna15.com.ar\/press\/","logo":{"@type":"ImageObject","inLanguage":"es-AR","@id":"https:\/\/vocesdelacomuna15.com.ar\/press\/#\/schema\/logo\/image\/","url":"https:\/\/vocesdelacomuna15.com.ar\/wp-content\/uploads\/2024\/12\/cropped-logo_voces.jpg","contentUrl":"https:\/\/vocesdelacomuna15.com.ar\/wp-content\/uploads\/2024\/12\/cropped-logo_voces.jpg","width":512,"height":512,"caption":"Voces de la Comuna 15"},"image":{"@id":"https:\/\/vocesdelacomuna15.com.ar\/press\/#\/schema\/logo\/image\/"},"sameAs":["https:\/\/www.facebook.com\/VocesComuna15\/","https:\/\/x.com\/vocescomuna15"]},{"@type":"Person","@id":"https:\/\/vocesdelacomuna15.com.ar\/press\/#\/schema\/person\/4739e109db25d799cd3d139eeb509e43","name":"Federico Arguto","image":{"@type":"ImageObject","inLanguage":"es-AR","@id":"https:\/\/vocesdelacomuna15.com.ar\/wp-content\/litespeed\/avatar\/82faf979976f1bae889b8b71f8a0a7e5.jpg?ver=1777419741","url":"https:\/\/vocesdelacomuna15.com.ar\/wp-content\/litespeed\/avatar\/82faf979976f1bae889b8b71f8a0a7e5.jpg?ver=1777419741","contentUrl":"https:\/\/vocesdelacomuna15.com.ar\/wp-content\/litespeed\/avatar\/82faf979976f1bae889b8b71f8a0a7e5.jpg?ver=1777419741","caption":"Federico Arguto"},"url":"https:\/\/vocesdelacomuna15.com.ar\/press\/author\/fede\/"}]}},"_links":{"self":[{"href":"https:\/\/vocesdelacomuna15.com.ar\/press\/wp-json\/wp\/v2\/posts\/54507","targetHints":{"allow":["GET"]}}],"collection":[{"href":"https:\/\/vocesdelacomuna15.com.ar\/press\/wp-json\/wp\/v2\/posts"}],"about":[{"href":"https:\/\/vocesdelacomuna15.com.ar\/press\/wp-json\/wp\/v2\/types\/post"}],"author":[{"embeddable":true,"href":"https:\/\/vocesdelacomuna15.com.ar\/press\/wp-json\/wp\/v2\/users\/2"}],"replies":[{"embeddable":true,"href":"https:\/\/vocesdelacomuna15.com.ar\/press\/wp-json\/wp\/v2\/comments?post=54507"}],"version-history":[{"count":2,"href":"https:\/\/vocesdelacomuna15.com.ar\/press\/wp-json\/wp\/v2\/posts\/54507\/revisions"}],"predecessor-version":[{"id":54512,"href":"https:\/\/vocesdelacomuna15.com.ar\/press\/wp-json\/wp\/v2\/posts\/54507\/revisions\/54512"}],"wp:featuredmedia":[{"embeddable":true,"href":"https:\/\/vocesdelacomuna15.com.ar\/press\/wp-json\/wp\/v2\/media\/54508"}],"wp:attachment":[{"href":"https:\/\/vocesdelacomuna15.com.ar\/press\/wp-json\/wp\/v2\/media?parent=54507"}],"wp:term":[{"taxonomy":"category","embeddable":true,"href":"https:\/\/vocesdelacomuna15.com.ar\/press\/wp-json\/wp\/v2\/categories?post=54507"},{"taxonomy":"post_tag","embeddable":true,"href":"https:\/\/vocesdelacomuna15.com.ar\/press\/wp-json\/wp\/v2\/tags?post=54507"}],"curies":[{"name":"wp","href":"https:\/\/api.w.org\/{rel}","templated":true}]}}