{"id":54503,"date":"2021-08-19T10:00:18","date_gmt":"2021-08-19T13:00:18","guid":{"rendered":"http:\/\/vocesdelacomuna15.com.ar\/wordpress\/?p=54503"},"modified":"2021-08-19T13:22:12","modified_gmt":"2021-08-19T16:22:12","slug":"inspecciones-en-belgrano-y-chacarita-dos-detenidos-seis-clausuras-y-mas-de-200-celulares-y-accesorios-secuestrados","status":"publish","type":"post","link":"https:\/\/vocesdelacomuna15.com.ar\/press\/inspecciones-en-belgrano-y-chacarita-dos-detenidos-seis-clausuras-y-mas-de-200-celulares-y-accesorios-secuestrados\/","title":{"rendered":"Inspecciones en Belgrano y Chacarita: dos detenidos, seis clausuras y m\u00e1s de 200 celulares y accesorios secuestrados"},"content":{"rendered":"\n<p>La Polic\u00eda de la Ciudad detuvo en las \u00faltimas horas a dos hombres extranjeros y secuestr\u00f3 m\u00e1s de 200 tel\u00e9fonos celulares y accesorios ilegales, en el marco de una serie de inspecciones que se hicieron en locales ubicados en los barrios de Belgrano y Chacarita, de los cuales seis de ellos terminaron clausurados por la Agencia Gubernamental de Control (AGC). Fuente: Ministerio de Justicia y Seguridad CABA<\/p>\n\n\n\n<p>Los procedimientos fueron encabezados por efectivos de la\nDivisi\u00f3n Conductas Inform\u00e1ticas Il\u00edcitas de la Superintendencia de Tecnolog\u00eda\nInform\u00e1tica de la&nbsp;Polic\u00eda de la Ciudad&nbsp;junto a la AGC y la Direcci\u00f3n\nGeneral de Coordinaci\u00f3n Operativa, dependiente de la Subsecretar\u00eda de Seguridad\nCiudadana.<\/p>\n\n\n\n<p>Los operativos que se dieron en\nel barrio de Belgrano fueron en seis locales ubicados sobre la avenida Cabildo\nal 2300.<\/p>\n\n\n\n<p>En los mismos, se procedi\u00f3 a la\ndetenci\u00f3n de uno de los encargados, ya que en su comercio se encontraron tres\ncelulares que figuraban denunciados como robados ante el Ente Nacional de\nComunicaciones (ENACOM) y, adem\u00e1s, la AGC clausur\u00f3 el lugar por Infracci\u00f3n a la\nLey 6.009.<\/p>\n\n\n\n<p>Durante estas inspecciones, se\nsecuestraron en total 152 tel\u00e9fonos celulares, 3 de ellos por denuncias de robo\ny los restantes por falta de documentaci\u00f3n. A su vez, se incautaron 68 m\u00f3dulos\ny 4 bater\u00edas.<\/p>\n\n\n\n<p>De los seis comercios\ninspeccionados, cinco fueron clausurados.<\/p>\n\n\n\n<p>Por otra parte, durante los\nprocedimientos de la avenida Corrientes al 6100 en el barrio de Chacarita, se\nconcret\u00f3 la detenci\u00f3n de un hombre de nacionalidad colombiana, ya que en el\nlocal de su responsabilidad se encontraron ocho dispositivos denunciados como\nrobados ante el ENACOM.<\/p>\n\n\n\n<p>Tambi\u00e9n, se secuestraron 68\naparatos sin documentaci\u00f3n y 165 partes de tel\u00e9fonos usados como carcasas,\nm\u00f3dulos y bater\u00edas. Ante esta situaci\u00f3n, la AGC clausur\u00f3 el lugar.<\/p>\n\n\n\n<p>En todos los casos intervino el\nJuzgado Nacional en lo Criminal y Correccional N\u00famero 2, a cargo del doctor\nSebasti\u00e1n Ramos y ante la Secretar\u00eda 4 del doctor Murano, que orden\u00f3 el\nsecuestro del material y la imputaci\u00f3n de los dos detenidos por infracci\u00f3n a\nlas Leyes 25.891 (Servicios de Comunicaciones M\u00f3viles) y 25.886 (Ley Blumberg).<\/p>\n\n\n\n<p>Cabe destacar que se solicit\u00f3\nla participaci\u00f3n de la Divisi\u00f3n An\u00e1lisis de Inteligencia Inform\u00e1tica de\nla&nbsp;Polic\u00eda de la Ciudad&nbsp;que trabaj\u00f3 de nexo con el ENACOM para\nconstatar si los dispositivos figuraban como robados.&nbsp;<\/p>\n\n\n\n<p>Fuente y Foto (Local de celulares clausurado en Av.\nCabildo): Ministerio de Justicia y Seguridad CABA<\/p>\n<div class=\"pvc_clear\"><\/div><p id=\"pvc_stats_54503\" class=\"pvc_stats all  \" data-element-id=\"54503\" style=\"\"><i class=\"pvc-stats-icon small\" aria-hidden=\"true\"><svg aria-hidden=\"true\" focusable=\"false\" data-prefix=\"far\" data-icon=\"chart-bar\" role=\"img\" xmlns=\"http:\/\/www.w3.org\/2000\/svg\" viewBox=\"0 0 512 512\" class=\"svg-inline--fa fa-chart-bar fa-w-16 fa-2x\"><path fill=\"currentColor\" d=\"M396.8 352h22.4c6.4 0 12.8-6.4 12.8-12.8V108.8c0-6.4-6.4-12.8-12.8-12.8h-22.4c-6.4 0-12.8 6.4-12.8 12.8v230.4c0 6.4 6.4 12.8 12.8 12.8zm-192 0h22.4c6.4 0 12.8-6.4 12.8-12.8V140.8c0-6.4-6.4-12.8-12.8-12.8h-22.4c-6.4 0-12.8 6.4-12.8 12.8v198.4c0 6.4 6.4 12.8 12.8 12.8zm96 0h22.4c6.4 0 12.8-6.4 12.8-12.8V204.8c0-6.4-6.4-12.8-12.8-12.8h-22.4c-6.4 0-12.8 6.4-12.8 12.8v134.4c0 6.4 6.4 12.8 12.8 12.8zM496 400H48V80c0-8.84-7.16-16-16-16H16C7.16 64 0 71.16 0 80v336c0 17.67 14.33 32 32 32h464c8.84 0 16-7.16 16-16v-16c0-8.84-7.16-16-16-16zm-387.2-48h22.4c6.4 0 12.8-6.4 12.8-12.8v-70.4c0-6.4-6.4-12.8-12.8-12.8h-22.4c-6.4 0-12.8 6.4-12.8 12.8v70.4c0 6.4 6.4 12.8 12.8 12.8z\" class=\"\"><\/path><\/svg><\/i> <img loading=\"lazy\" decoding=\"async\" width=\"16\" height=\"16\" alt=\"Loading\" src=\"https:\/\/vocesdelacomuna15.com.ar\/wp-content\/plugins\/page-views-count\/ajax-loader-2x.gif\" border=0 \/><\/p><div class=\"pvc_clear\"><\/div>","protected":false},"excerpt":{"rendered":"<p>La Polic\u00eda de la Ciudad detuvo en las \u00faltimas horas a dos hombres extranjeros y secuestr\u00f3 m\u00e1s de 200 tel\u00e9fonos celulares y accesorios ilegales, en el marco de una serie de inspecciones que se hicieron en locales ubicados en los barrios de Belgrano y Chacarita, de los cuales seis de ellos terminaron clausurados por la [&hellip;]<\/p>\n<div class=\"pvc_clear\"><\/div>\n<p id=\"pvc_stats_54503\" class=\"pvc_stats all  \" data-element-id=\"54503\" style=\"\"><i class=\"pvc-stats-icon small\" aria-hidden=\"true\"><svg aria-hidden=\"true\" focusable=\"false\" data-prefix=\"far\" data-icon=\"chart-bar\" role=\"img\" xmlns=\"http:\/\/www.w3.org\/2000\/svg\" viewBox=\"0 0 512 512\" class=\"svg-inline--fa fa-chart-bar fa-w-16 fa-2x\"><path fill=\"currentColor\" d=\"M396.8 352h22.4c6.4 0 12.8-6.4 12.8-12.8V108.8c0-6.4-6.4-12.8-12.8-12.8h-22.4c-6.4 0-12.8 6.4-12.8 12.8v230.4c0 6.4 6.4 12.8 12.8 12.8zm-192 0h22.4c6.4 0 12.8-6.4 12.8-12.8V140.8c0-6.4-6.4-12.8-12.8-12.8h-22.4c-6.4 0-12.8 6.4-12.8 12.8v198.4c0 6.4 6.4 12.8 12.8 12.8zm96 0h22.4c6.4 0 12.8-6.4 12.8-12.8V204.8c0-6.4-6.4-12.8-12.8-12.8h-22.4c-6.4 0-12.8 6.4-12.8 12.8v134.4c0 6.4 6.4 12.8 12.8 12.8zM496 400H48V80c0-8.84-7.16-16-16-16H16C7.16 64 0 71.16 0 80v336c0 17.67 14.33 32 32 32h464c8.84 0 16-7.16 16-16v-16c0-8.84-7.16-16-16-16zm-387.2-48h22.4c6.4 0 12.8-6.4 12.8-12.8v-70.4c0-6.4-6.4-12.8-12.8-12.8h-22.4c-6.4 0-12.8 6.4-12.8 12.8v70.4c0 6.4 6.4 12.8 12.8 12.8z\" class=\"\"><\/path><\/svg><\/i> <img loading=\"lazy\" decoding=\"async\" width=\"16\" height=\"16\" alt=\"Loading\" src=\"https:\/\/vocesdelacomuna15.com.ar\/wp-content\/plugins\/page-views-count\/ajax-loader-2x.gif\" border=0 \/><\/p>\n<div class=\"pvc_clear\"><\/div>\n","protected":false},"author":2,"featured_media":54504,"comment_status":"open","ping_status":"open","sticky":false,"template":"","format":"standard","meta":{"_et_pb_use_builder":"off","_et_pb_old_content":"","_et_gb_content_width":"","footnotes":""},"categories":[28],"tags":[],"class_list":["post-54503","post","type-post","status-publish","format-standard","has-post-thumbnail","hentry","category-policial","et-has-post-format-content","et_post_format-et-post-format-standard"],"a3_pvc":{"activated":true,"total_views":236,"today_views":0},"yoast_head":"<!-- This site is optimized with the Yoast SEO plugin v27.5 - https:\/\/yoast.com\/product\/yoast-seo-wordpress\/ -->\n<title>Inspecciones en Belgrano y Chacarita: dos detenidos, seis clausuras y m\u00e1s de 200 celulares y accesorios secuestrados - Voces de la Comuna 15<\/title>\n<meta name=\"description\" content=\"Voces de la Comuna 15\" \/>\n<meta name=\"robots\" content=\"index, follow, max-snippet:-1, max-image-preview:large, max-video-preview:-1\" \/>\n<link rel=\"canonical\" href=\"https:\/\/vocesdelacomuna15.com.ar\/press\/inspecciones-en-belgrano-y-chacarita-dos-detenidos-seis-clausuras-y-mas-de-200-celulares-y-accesorios-secuestrados\/\" \/>\n<meta property=\"og:locale\" content=\"es_ES\" \/>\n<meta property=\"og:type\" content=\"article\" \/>\n<meta property=\"og:title\" content=\"Inspecciones en Belgrano y Chacarita: dos detenidos, seis clausuras y m\u00e1s de 200 celulares y accesorios secuestrados - Voces de la Comuna 15\" \/>\n<meta property=\"og:description\" content=\"Voces de la Comuna 15\" \/>\n<meta property=\"og:url\" content=\"https:\/\/vocesdelacomuna15.com.ar\/press\/inspecciones-en-belgrano-y-chacarita-dos-detenidos-seis-clausuras-y-mas-de-200-celulares-y-accesorios-secuestrados\/\" \/>\n<meta property=\"og:site_name\" content=\"Voces de la Comuna 15\" \/>\n<meta property=\"article:publisher\" content=\"https:\/\/www.facebook.com\/VocesComuna15\/\" \/>\n<meta property=\"article:published_time\" content=\"2021-08-19T13:00:18+00:00\" \/>\n<meta property=\"article:modified_time\" content=\"2021-08-19T16:22:12+00:00\" \/>\n<meta property=\"og:image\" content=\"https:\/\/vocesdelacomuna15.com.ar\/wp-content\/uploads\/2021\/08\/poli-190821.jpg\" \/>\n\t<meta property=\"og:image:width\" content=\"6000\" \/>\n\t<meta property=\"og:image:height\" content=\"4000\" \/>\n\t<meta property=\"og:image:type\" content=\"image\/jpeg\" \/>\n<meta name=\"author\" content=\"Federico Arguto\" \/>\n<meta name=\"twitter:card\" content=\"summary_large_image\" \/>\n<meta name=\"twitter:creator\" content=\"@vocescomuna15\" \/>\n<meta name=\"twitter:site\" content=\"@vocescomuna15\" \/>\n<meta name=\"twitter:label1\" content=\"Escrito por\" \/>\n\t<meta name=\"twitter:data1\" content=\"Federico Arguto\" \/>\n\t<meta name=\"twitter:label2\" content=\"Tiempo de lectura\" \/>\n\t<meta name=\"twitter:data2\" content=\"2 minutos\" \/>\n<script type=\"application\/ld+json\" class=\"yoast-schema-graph\">{\"@context\":\"https:\\\/\\\/schema.org\",\"@graph\":[{\"@type\":\"Article\",\"@id\":\"https:\\\/\\\/vocesdelacomuna15.com.ar\\\/press\\\/inspecciones-en-belgrano-y-chacarita-dos-detenidos-seis-clausuras-y-mas-de-200-celulares-y-accesorios-secuestrados\\\/#article\",\"isPartOf\":{\"@id\":\"https:\\\/\\\/vocesdelacomuna15.com.ar\\\/press\\\/inspecciones-en-belgrano-y-chacarita-dos-detenidos-seis-clausuras-y-mas-de-200-celulares-y-accesorios-secuestrados\\\/\"},\"author\":{\"name\":\"Federico Arguto\",\"@id\":\"https:\\\/\\\/vocesdelacomuna15.com.ar\\\/press\\\/#\\\/schema\\\/person\\\/4739e109db25d799cd3d139eeb509e43\"},\"headline\":\"Inspecciones en Belgrano y Chacarita: dos detenidos, seis clausuras y m\u00e1s de 200 celulares y accesorios secuestrados\",\"datePublished\":\"2021-08-19T13:00:18+00:00\",\"dateModified\":\"2021-08-19T16:22:12+00:00\",\"mainEntityOfPage\":{\"@id\":\"https:\\\/\\\/vocesdelacomuna15.com.ar\\\/press\\\/inspecciones-en-belgrano-y-chacarita-dos-detenidos-seis-clausuras-y-mas-de-200-celulares-y-accesorios-secuestrados\\\/\"},\"wordCount\":442,\"commentCount\":0,\"publisher\":{\"@id\":\"https:\\\/\\\/vocesdelacomuna15.com.ar\\\/press\\\/#organization\"},\"image\":{\"@id\":\"https:\\\/\\\/vocesdelacomuna15.com.ar\\\/press\\\/inspecciones-en-belgrano-y-chacarita-dos-detenidos-seis-clausuras-y-mas-de-200-celulares-y-accesorios-secuestrados\\\/#primaryimage\"},\"thumbnailUrl\":\"https:\\\/\\\/vocesdelacomuna15.com.ar\\\/wp-content\\\/uploads\\\/2021\\\/08\\\/poli-190821.jpg\",\"articleSection\":[\"Policial\"],\"inLanguage\":\"es-AR\",\"potentialAction\":[{\"@type\":\"CommentAction\",\"name\":\"Comment\",\"target\":[\"https:\\\/\\\/vocesdelacomuna15.com.ar\\\/press\\\/inspecciones-en-belgrano-y-chacarita-dos-detenidos-seis-clausuras-y-mas-de-200-celulares-y-accesorios-secuestrados\\\/#respond\"]}]},{\"@type\":\"WebPage\",\"@id\":\"https:\\\/\\\/vocesdelacomuna15.com.ar\\\/press\\\/inspecciones-en-belgrano-y-chacarita-dos-detenidos-seis-clausuras-y-mas-de-200-celulares-y-accesorios-secuestrados\\\/\",\"url\":\"https:\\\/\\\/vocesdelacomuna15.com.ar\\\/press\\\/inspecciones-en-belgrano-y-chacarita-dos-detenidos-seis-clausuras-y-mas-de-200-celulares-y-accesorios-secuestrados\\\/\",\"name\":\"Inspecciones en Belgrano y Chacarita: dos detenidos, seis clausuras y m\u00e1s de 200 celulares y accesorios secuestrados - Voces de la Comuna 15\",\"isPartOf\":{\"@id\":\"https:\\\/\\\/vocesdelacomuna15.com.ar\\\/press\\\/#website\"},\"primaryImageOfPage\":{\"@id\":\"https:\\\/\\\/vocesdelacomuna15.com.ar\\\/press\\\/inspecciones-en-belgrano-y-chacarita-dos-detenidos-seis-clausuras-y-mas-de-200-celulares-y-accesorios-secuestrados\\\/#primaryimage\"},\"image\":{\"@id\":\"https:\\\/\\\/vocesdelacomuna15.com.ar\\\/press\\\/inspecciones-en-belgrano-y-chacarita-dos-detenidos-seis-clausuras-y-mas-de-200-celulares-y-accesorios-secuestrados\\\/#primaryimage\"},\"thumbnailUrl\":\"https:\\\/\\\/vocesdelacomuna15.com.ar\\\/wp-content\\\/uploads\\\/2021\\\/08\\\/poli-190821.jpg\",\"datePublished\":\"2021-08-19T13:00:18+00:00\",\"dateModified\":\"2021-08-19T16:22:12+00:00\",\"description\":\"Voces de la Comuna 15\",\"breadcrumb\":{\"@id\":\"https:\\\/\\\/vocesdelacomuna15.com.ar\\\/press\\\/inspecciones-en-belgrano-y-chacarita-dos-detenidos-seis-clausuras-y-mas-de-200-celulares-y-accesorios-secuestrados\\\/#breadcrumb\"},\"inLanguage\":\"es-AR\",\"potentialAction\":[{\"@type\":\"ReadAction\",\"target\":[\"https:\\\/\\\/vocesdelacomuna15.com.ar\\\/press\\\/inspecciones-en-belgrano-y-chacarita-dos-detenidos-seis-clausuras-y-mas-de-200-celulares-y-accesorios-secuestrados\\\/\"]}]},{\"@type\":\"ImageObject\",\"inLanguage\":\"es-AR\",\"@id\":\"https:\\\/\\\/vocesdelacomuna15.com.ar\\\/press\\\/inspecciones-en-belgrano-y-chacarita-dos-detenidos-seis-clausuras-y-mas-de-200-celulares-y-accesorios-secuestrados\\\/#primaryimage\",\"url\":\"https:\\\/\\\/vocesdelacomuna15.com.ar\\\/wp-content\\\/uploads\\\/2021\\\/08\\\/poli-190821.jpg\",\"contentUrl\":\"https:\\\/\\\/vocesdelacomuna15.com.ar\\\/wp-content\\\/uploads\\\/2021\\\/08\\\/poli-190821.jpg\",\"width\":6000,\"height\":4000},{\"@type\":\"BreadcrumbList\",\"@id\":\"https:\\\/\\\/vocesdelacomuna15.com.ar\\\/press\\\/inspecciones-en-belgrano-y-chacarita-dos-detenidos-seis-clausuras-y-mas-de-200-celulares-y-accesorios-secuestrados\\\/#breadcrumb\",\"itemListElement\":[{\"@type\":\"ListItem\",\"position\":1,\"name\":\"Inicio\",\"item\":\"https:\\\/\\\/vocesdelacomuna15.com.ar\\\/press\\\/\"},{\"@type\":\"ListItem\",\"position\":2,\"name\":\"Inspecciones en Belgrano y Chacarita: dos detenidos, seis clausuras y m\u00e1s de 200 celulares y accesorios secuestrados\"}]},{\"@type\":\"WebSite\",\"@id\":\"https:\\\/\\\/vocesdelacomuna15.com.ar\\\/press\\\/#website\",\"url\":\"https:\\\/\\\/vocesdelacomuna15.com.ar\\\/press\\\/\",\"name\":\"Voces de la Comuna 15\",\"description\":\"Sitio web de noticias\",\"publisher\":{\"@id\":\"https:\\\/\\\/vocesdelacomuna15.com.ar\\\/press\\\/#organization\"},\"potentialAction\":[{\"@type\":\"SearchAction\",\"target\":{\"@type\":\"EntryPoint\",\"urlTemplate\":\"https:\\\/\\\/vocesdelacomuna15.com.ar\\\/press\\\/?s={search_term_string}\"},\"query-input\":{\"@type\":\"PropertyValueSpecification\",\"valueRequired\":true,\"valueName\":\"search_term_string\"}}],\"inLanguage\":\"es-AR\"},{\"@type\":\"Organization\",\"@id\":\"https:\\\/\\\/vocesdelacomuna15.com.ar\\\/press\\\/#organization\",\"name\":\"Voces de la Comuna 15\",\"url\":\"https:\\\/\\\/vocesdelacomuna15.com.ar\\\/press\\\/\",\"logo\":{\"@type\":\"ImageObject\",\"inLanguage\":\"es-AR\",\"@id\":\"https:\\\/\\\/vocesdelacomuna15.com.ar\\\/press\\\/#\\\/schema\\\/logo\\\/image\\\/\",\"url\":\"https:\\\/\\\/vocesdelacomuna15.com.ar\\\/wp-content\\\/uploads\\\/2024\\\/12\\\/cropped-logo_voces.jpg\",\"contentUrl\":\"https:\\\/\\\/vocesdelacomuna15.com.ar\\\/wp-content\\\/uploads\\\/2024\\\/12\\\/cropped-logo_voces.jpg\",\"width\":512,\"height\":512,\"caption\":\"Voces de la Comuna 15\"},\"image\":{\"@id\":\"https:\\\/\\\/vocesdelacomuna15.com.ar\\\/press\\\/#\\\/schema\\\/logo\\\/image\\\/\"},\"sameAs\":[\"https:\\\/\\\/www.facebook.com\\\/VocesComuna15\\\/\",\"https:\\\/\\\/x.com\\\/vocescomuna15\"]},{\"@type\":\"Person\",\"@id\":\"https:\\\/\\\/vocesdelacomuna15.com.ar\\\/press\\\/#\\\/schema\\\/person\\\/4739e109db25d799cd3d139eeb509e43\",\"name\":\"Federico Arguto\",\"image\":{\"@type\":\"ImageObject\",\"inLanguage\":\"es-AR\",\"@id\":\"https:\\\/\\\/vocesdelacomuna15.com.ar\\\/wp-content\\\/litespeed\\\/avatar\\\/82faf979976f1bae889b8b71f8a0a7e5.jpg?ver=1777419741\",\"url\":\"https:\\\/\\\/vocesdelacomuna15.com.ar\\\/wp-content\\\/litespeed\\\/avatar\\\/82faf979976f1bae889b8b71f8a0a7e5.jpg?ver=1777419741\",\"contentUrl\":\"https:\\\/\\\/vocesdelacomuna15.com.ar\\\/wp-content\\\/litespeed\\\/avatar\\\/82faf979976f1bae889b8b71f8a0a7e5.jpg?ver=1777419741\",\"caption\":\"Federico Arguto\"},\"url\":\"https:\\\/\\\/vocesdelacomuna15.com.ar\\\/press\\\/author\\\/fede\\\/\"}]}<\/script>\n<!-- \/ Yoast SEO plugin. -->","yoast_head_json":{"title":"Inspecciones en Belgrano y Chacarita: dos detenidos, seis clausuras y m\u00e1s de 200 celulares y accesorios secuestrados - Voces de la Comuna 15","description":"Voces de la Comuna 15","robots":{"index":"index","follow":"follow","max-snippet":"max-snippet:-1","max-image-preview":"max-image-preview:large","max-video-preview":"max-video-preview:-1"},"canonical":"https:\/\/vocesdelacomuna15.com.ar\/press\/inspecciones-en-belgrano-y-chacarita-dos-detenidos-seis-clausuras-y-mas-de-200-celulares-y-accesorios-secuestrados\/","og_locale":"es_ES","og_type":"article","og_title":"Inspecciones en Belgrano y Chacarita: dos detenidos, seis clausuras y m\u00e1s de 200 celulares y accesorios secuestrados - Voces de la Comuna 15","og_description":"Voces de la Comuna 15","og_url":"https:\/\/vocesdelacomuna15.com.ar\/press\/inspecciones-en-belgrano-y-chacarita-dos-detenidos-seis-clausuras-y-mas-de-200-celulares-y-accesorios-secuestrados\/","og_site_name":"Voces de la Comuna 15","article_publisher":"https:\/\/www.facebook.com\/VocesComuna15\/","article_published_time":"2021-08-19T13:00:18+00:00","article_modified_time":"2021-08-19T16:22:12+00:00","og_image":[{"width":6000,"height":4000,"url":"https:\/\/vocesdelacomuna15.com.ar\/wp-content\/uploads\/2021\/08\/poli-190821.jpg","type":"image\/jpeg"}],"author":"Federico Arguto","twitter_card":"summary_large_image","twitter_creator":"@vocescomuna15","twitter_site":"@vocescomuna15","twitter_misc":{"Escrito por":"Federico Arguto","Tiempo de lectura":"2 minutos"},"schema":{"@context":"https:\/\/schema.org","@graph":[{"@type":"Article","@id":"https:\/\/vocesdelacomuna15.com.ar\/press\/inspecciones-en-belgrano-y-chacarita-dos-detenidos-seis-clausuras-y-mas-de-200-celulares-y-accesorios-secuestrados\/#article","isPartOf":{"@id":"https:\/\/vocesdelacomuna15.com.ar\/press\/inspecciones-en-belgrano-y-chacarita-dos-detenidos-seis-clausuras-y-mas-de-200-celulares-y-accesorios-secuestrados\/"},"author":{"name":"Federico Arguto","@id":"https:\/\/vocesdelacomuna15.com.ar\/press\/#\/schema\/person\/4739e109db25d799cd3d139eeb509e43"},"headline":"Inspecciones en Belgrano y Chacarita: dos detenidos, seis clausuras y m\u00e1s de 200 celulares y accesorios secuestrados","datePublished":"2021-08-19T13:00:18+00:00","dateModified":"2021-08-19T16:22:12+00:00","mainEntityOfPage":{"@id":"https:\/\/vocesdelacomuna15.com.ar\/press\/inspecciones-en-belgrano-y-chacarita-dos-detenidos-seis-clausuras-y-mas-de-200-celulares-y-accesorios-secuestrados\/"},"wordCount":442,"commentCount":0,"publisher":{"@id":"https:\/\/vocesdelacomuna15.com.ar\/press\/#organization"},"image":{"@id":"https:\/\/vocesdelacomuna15.com.ar\/press\/inspecciones-en-belgrano-y-chacarita-dos-detenidos-seis-clausuras-y-mas-de-200-celulares-y-accesorios-secuestrados\/#primaryimage"},"thumbnailUrl":"https:\/\/vocesdelacomuna15.com.ar\/wp-content\/uploads\/2021\/08\/poli-190821.jpg","articleSection":["Policial"],"inLanguage":"es-AR","potentialAction":[{"@type":"CommentAction","name":"Comment","target":["https:\/\/vocesdelacomuna15.com.ar\/press\/inspecciones-en-belgrano-y-chacarita-dos-detenidos-seis-clausuras-y-mas-de-200-celulares-y-accesorios-secuestrados\/#respond"]}]},{"@type":"WebPage","@id":"https:\/\/vocesdelacomuna15.com.ar\/press\/inspecciones-en-belgrano-y-chacarita-dos-detenidos-seis-clausuras-y-mas-de-200-celulares-y-accesorios-secuestrados\/","url":"https:\/\/vocesdelacomuna15.com.ar\/press\/inspecciones-en-belgrano-y-chacarita-dos-detenidos-seis-clausuras-y-mas-de-200-celulares-y-accesorios-secuestrados\/","name":"Inspecciones en Belgrano y Chacarita: dos detenidos, seis clausuras y m\u00e1s de 200 celulares y accesorios secuestrados - Voces de la Comuna 15","isPartOf":{"@id":"https:\/\/vocesdelacomuna15.com.ar\/press\/#website"},"primaryImageOfPage":{"@id":"https:\/\/vocesdelacomuna15.com.ar\/press\/inspecciones-en-belgrano-y-chacarita-dos-detenidos-seis-clausuras-y-mas-de-200-celulares-y-accesorios-secuestrados\/#primaryimage"},"image":{"@id":"https:\/\/vocesdelacomuna15.com.ar\/press\/inspecciones-en-belgrano-y-chacarita-dos-detenidos-seis-clausuras-y-mas-de-200-celulares-y-accesorios-secuestrados\/#primaryimage"},"thumbnailUrl":"https:\/\/vocesdelacomuna15.com.ar\/wp-content\/uploads\/2021\/08\/poli-190821.jpg","datePublished":"2021-08-19T13:00:18+00:00","dateModified":"2021-08-19T16:22:12+00:00","description":"Voces de la Comuna 15","breadcrumb":{"@id":"https:\/\/vocesdelacomuna15.com.ar\/press\/inspecciones-en-belgrano-y-chacarita-dos-detenidos-seis-clausuras-y-mas-de-200-celulares-y-accesorios-secuestrados\/#breadcrumb"},"inLanguage":"es-AR","potentialAction":[{"@type":"ReadAction","target":["https:\/\/vocesdelacomuna15.com.ar\/press\/inspecciones-en-belgrano-y-chacarita-dos-detenidos-seis-clausuras-y-mas-de-200-celulares-y-accesorios-secuestrados\/"]}]},{"@type":"ImageObject","inLanguage":"es-AR","@id":"https:\/\/vocesdelacomuna15.com.ar\/press\/inspecciones-en-belgrano-y-chacarita-dos-detenidos-seis-clausuras-y-mas-de-200-celulares-y-accesorios-secuestrados\/#primaryimage","url":"https:\/\/vocesdelacomuna15.com.ar\/wp-content\/uploads\/2021\/08\/poli-190821.jpg","contentUrl":"https:\/\/vocesdelacomuna15.com.ar\/wp-content\/uploads\/2021\/08\/poli-190821.jpg","width":6000,"height":4000},{"@type":"BreadcrumbList","@id":"https:\/\/vocesdelacomuna15.com.ar\/press\/inspecciones-en-belgrano-y-chacarita-dos-detenidos-seis-clausuras-y-mas-de-200-celulares-y-accesorios-secuestrados\/#breadcrumb","itemListElement":[{"@type":"ListItem","position":1,"name":"Inicio","item":"https:\/\/vocesdelacomuna15.com.ar\/press\/"},{"@type":"ListItem","position":2,"name":"Inspecciones en Belgrano y Chacarita: dos detenidos, seis clausuras y m\u00e1s de 200 celulares y accesorios secuestrados"}]},{"@type":"WebSite","@id":"https:\/\/vocesdelacomuna15.com.ar\/press\/#website","url":"https:\/\/vocesdelacomuna15.com.ar\/press\/","name":"Voces de la Comuna 15","description":"Sitio web de noticias","publisher":{"@id":"https:\/\/vocesdelacomuna15.com.ar\/press\/#organization"},"potentialAction":[{"@type":"SearchAction","target":{"@type":"EntryPoint","urlTemplate":"https:\/\/vocesdelacomuna15.com.ar\/press\/?s={search_term_string}"},"query-input":{"@type":"PropertyValueSpecification","valueRequired":true,"valueName":"search_term_string"}}],"inLanguage":"es-AR"},{"@type":"Organization","@id":"https:\/\/vocesdelacomuna15.com.ar\/press\/#organization","name":"Voces de la Comuna 15","url":"https:\/\/vocesdelacomuna15.com.ar\/press\/","logo":{"@type":"ImageObject","inLanguage":"es-AR","@id":"https:\/\/vocesdelacomuna15.com.ar\/press\/#\/schema\/logo\/image\/","url":"https:\/\/vocesdelacomuna15.com.ar\/wp-content\/uploads\/2024\/12\/cropped-logo_voces.jpg","contentUrl":"https:\/\/vocesdelacomuna15.com.ar\/wp-content\/uploads\/2024\/12\/cropped-logo_voces.jpg","width":512,"height":512,"caption":"Voces de la Comuna 15"},"image":{"@id":"https:\/\/vocesdelacomuna15.com.ar\/press\/#\/schema\/logo\/image\/"},"sameAs":["https:\/\/www.facebook.com\/VocesComuna15\/","https:\/\/x.com\/vocescomuna15"]},{"@type":"Person","@id":"https:\/\/vocesdelacomuna15.com.ar\/press\/#\/schema\/person\/4739e109db25d799cd3d139eeb509e43","name":"Federico Arguto","image":{"@type":"ImageObject","inLanguage":"es-AR","@id":"https:\/\/vocesdelacomuna15.com.ar\/wp-content\/litespeed\/avatar\/82faf979976f1bae889b8b71f8a0a7e5.jpg?ver=1777419741","url":"https:\/\/vocesdelacomuna15.com.ar\/wp-content\/litespeed\/avatar\/82faf979976f1bae889b8b71f8a0a7e5.jpg?ver=1777419741","contentUrl":"https:\/\/vocesdelacomuna15.com.ar\/wp-content\/litespeed\/avatar\/82faf979976f1bae889b8b71f8a0a7e5.jpg?ver=1777419741","caption":"Federico Arguto"},"url":"https:\/\/vocesdelacomuna15.com.ar\/press\/author\/fede\/"}]}},"_links":{"self":[{"href":"https:\/\/vocesdelacomuna15.com.ar\/press\/wp-json\/wp\/v2\/posts\/54503","targetHints":{"allow":["GET"]}}],"collection":[{"href":"https:\/\/vocesdelacomuna15.com.ar\/press\/wp-json\/wp\/v2\/posts"}],"about":[{"href":"https:\/\/vocesdelacomuna15.com.ar\/press\/wp-json\/wp\/v2\/types\/post"}],"author":[{"embeddable":true,"href":"https:\/\/vocesdelacomuna15.com.ar\/press\/wp-json\/wp\/v2\/users\/2"}],"replies":[{"embeddable":true,"href":"https:\/\/vocesdelacomuna15.com.ar\/press\/wp-json\/wp\/v2\/comments?post=54503"}],"version-history":[{"count":1,"href":"https:\/\/vocesdelacomuna15.com.ar\/press\/wp-json\/wp\/v2\/posts\/54503\/revisions"}],"predecessor-version":[{"id":54505,"href":"https:\/\/vocesdelacomuna15.com.ar\/press\/wp-json\/wp\/v2\/posts\/54503\/revisions\/54505"}],"wp:featuredmedia":[{"embeddable":true,"href":"https:\/\/vocesdelacomuna15.com.ar\/press\/wp-json\/wp\/v2\/media\/54504"}],"wp:attachment":[{"href":"https:\/\/vocesdelacomuna15.com.ar\/press\/wp-json\/wp\/v2\/media?parent=54503"}],"wp:term":[{"taxonomy":"category","embeddable":true,"href":"https:\/\/vocesdelacomuna15.com.ar\/press\/wp-json\/wp\/v2\/categories?post=54503"},{"taxonomy":"post_tag","embeddable":true,"href":"https:\/\/vocesdelacomuna15.com.ar\/press\/wp-json\/wp\/v2\/tags?post=54503"}],"curies":[{"name":"wp","href":"https:\/\/api.w.org\/{rel}","templated":true}]}}