{"id":54487,"date":"2021-08-18T22:27:02","date_gmt":"2021-08-19T01:27:02","guid":{"rendered":"http:\/\/vocesdelacomuna15.com.ar\/wordpress\/?p=54487"},"modified":"2021-08-19T18:31:44","modified_gmt":"2021-08-19T21:31:44","slug":"el-bicho-de-racha-gano-por-el-torneo-local-y-paso-a-cuartos-en-la-copa-argentina","status":"publish","type":"post","link":"https:\/\/vocesdelacomuna15.com.ar\/press\/el-bicho-de-racha-gano-por-el-torneo-local-y-paso-a-cuartos-en-la-copa-argentina\/","title":{"rendered":"El \u201cbicho\u201d de racha: gan\u00f3 por el torneo local y pas\u00f3 a Cuartos en la Copa Argentina"},"content":{"rendered":"\n<p>El s\u00e1bado venci\u00f3 2-0 a Banfield en La Paternal &nbsp;por el torneo de Primera y esta tarde le gan\u00f3 3-2 a Gimnasia de la Plata en el estadio Florencio Sola por la Copa Argentina, avanzando a cuartos de final de esta competici\u00f3n, donde se medir\u00e1 ante San Telmo<\/p>\n\n\n\n<p>Argentinos\nJuniors est\u00e1 pasando por un gran momento, logrando posicionarse bien en las dos\ncompetencias que est\u00e1 disputando. En la tarde del s\u00e1bado 14 en el Diego Armando\nMaradona logr\u00f3 un importante triunfo ante Banfield por 2 a 0. Si bien el \u201cbicho\u201d\ncomenz\u00f3 sufriendo, en un inicio donde Lucas Chaves fue figura, tapando un\ncabezazo de Luciano Lollo y un remate desde afuera del \u00e1rea Giuliano Galoppo ;\nluego consigui\u00f3 revertir la situaci\u00f3n y dominar el partido para lograr los\ngoles y la victoria.<\/p>\n\n\n\n<p>El primer tanto llegar\u00eda a los 52 minutos, despu\u00e9s de un corner desde la derecha que conect\u00f3 Nicol\u00e1s Reniero de cabeza. El segundo ser\u00eda a los 62 y lo marc\u00f3 Gabriel Carabajal de penal, despu\u00e9s de una infracci\u00f3n a Gabriel Florent\u00edn, que entr\u00f3 gambeteando. A los 69 minutos se fue expulsado Alexis Sosa en Banfield por un manotazo a Reniero y del mismo modo recibir\u00eda la roja Javier Cabrera para el \u201cbicho\u201d ya en tiempo de descuento. <\/p>\n\n\n\n<figure class=\"wp-block-image\"><img loading=\"lazy\" decoding=\"async\" width=\"1024\" height=\"683\" src=\"http:\/\/vocesdelacomuna15.com.ar\/wordpress\/wp-content\/uploads\/2021\/08\/reniero1808-1024x683.jpg\" alt=\"\" class=\"wp-image-54489\" srcset=\"https:\/\/vocesdelacomuna15.com.ar\/wp-content\/uploads\/2021\/08\/reniero1808-1024x683.jpg 1024w, https:\/\/vocesdelacomuna15.com.ar\/wp-content\/uploads\/2021\/08\/reniero1808-300x200.jpg 300w, https:\/\/vocesdelacomuna15.com.ar\/wp-content\/uploads\/2021\/08\/reniero1808-768x512.jpg 768w, https:\/\/vocesdelacomuna15.com.ar\/wp-content\/uploads\/2021\/08\/reniero1808-1080x720.jpg 1080w, https:\/\/vocesdelacomuna15.com.ar\/wp-content\/uploads\/2021\/08\/reniero1808-600x400.jpg 600w, https:\/\/vocesdelacomuna15.com.ar\/wp-content\/uploads\/2021\/08\/reniero1808.jpg 2048w\" sizes=\"(max-width: 1024px) 100vw, 1024px\" \/><figcaption>Reniero festeja el primer gol de Argentinos ante Banfield<\/figcaption><\/figure>\n\n\n\n<p>Argentinos form\u00f3 con Chaves; Kevin Mac Allister, Torr\u00e9n, Villalba; Romero, Moyano, Kalinski, El\u00edas G\u00f3mez; Carabajal; Hauche y Reniero. Ingresaron a los 45 minutos Cabrera por Romero y Florent\u00edn por Kalinski, a los 63 Quintana por Torr\u00e9n, a los 71 Jonathan G\u00f3mez por Carabajal y a los 75 Ovando por Hauche. As\u00ed el equipo de Gabriel Milito qued\u00f3 11\u00ba en la tabla, con 9 puntos en 6 jugados (2 victorias, 3 empates y 1 derrota).&nbsp; El l\u00edder es Independiente con 14 unidades. En la pr\u00f3xima fecha, la 7ma, Argentinos visitar\u00e1 a San Lorenzo el domingo a las 18 horas.<\/p>\n\n\n\n<p>Resumen del Partido (Fuente: Liga Profesional de F\u00fatbol de la AFA- YouTube): <\/p>\n\n\n\n<figure class=\"wp-block-embed-youtube wp-block-embed is-type-video is-provider-youtube wp-embed-aspect-16-9 wp-has-aspect-ratio\"><div class=\"wp-block-embed__wrapper\">\n<iframe loading=\"lazy\" title=\"#TorneoSocios | Fecha 6 | resumen de Argentinos - Banfield\" width=\"1080\" height=\"608\" src=\"https:\/\/www.youtube.com\/embed\/ncPJu3MyFO8?feature=oembed\" frameborder=\"0\" allow=\"accelerometer; autoplay; clipboard-write; encrypted-media; gyroscope; picture-in-picture\" allowfullscreen><\/iframe>\n<\/div><\/figure>\n\n\n\n<p>Conferencia de prensa (Fuente: Prensa AAAJ- YouTube):<\/p>\n\n\n\n<figure class=\"wp-block-embed-youtube wp-block-embed is-type-video is-provider-youtube wp-embed-aspect-16-9 wp-has-aspect-ratio\"><div class=\"wp-block-embed__wrapper\">\n<iframe loading=\"lazy\" title=\"Conferencia de Prensa - Gabriel Milito vs. Banfield\" width=\"1080\" height=\"608\" src=\"https:\/\/www.youtube.com\/embed\/Fexl7-Jhy5I?feature=oembed\" frameborder=\"0\" allow=\"accelerometer; autoplay; clipboard-write; encrypted-media; gyroscope; picture-in-picture\" allowfullscreen><\/iframe>\n<\/div><\/figure>\n\n\n\n<p>Por otra parte, el 16 de agosto, la Asociaci\u00f3n Atl\u00e9tica Argentinos Juniors cumpli\u00f3 117 a\u00f1os y hubo festejos \u2013con protocolo por COVID-19 incluido- en los distintos predios del club.<\/p>\n\n\n\n<figure class=\"wp-block-image\"><img loading=\"lazy\" decoding=\"async\" width=\"1024\" height=\"683\" src=\"http:\/\/vocesdelacomuna15.com.ar\/wordpress\/wp-content\/uploads\/2021\/08\/acto117-1024x683.jpg\" alt=\"\" class=\"wp-image-54491\" srcset=\"https:\/\/vocesdelacomuna15.com.ar\/wp-content\/uploads\/2021\/08\/acto117-1024x683.jpg 1024w, https:\/\/vocesdelacomuna15.com.ar\/wp-content\/uploads\/2021\/08\/acto117-300x200.jpg 300w, https:\/\/vocesdelacomuna15.com.ar\/wp-content\/uploads\/2021\/08\/acto117-768x512.jpg 768w, https:\/\/vocesdelacomuna15.com.ar\/wp-content\/uploads\/2021\/08\/acto117-1080x720.jpg 1080w, https:\/\/vocesdelacomuna15.com.ar\/wp-content\/uploads\/2021\/08\/acto117-600x400.jpg 600w\" sizes=\"(max-width: 1024px) 100vw, 1024px\" \/><figcaption>Cristian Malaspina, presidente del club, dando un discurso en el acto de cumplea\u00f1os<\/figcaption><\/figure>\n\n\n\n<p>Esta tarde, Argentinos estir\u00f3 su racha ganadora, venciendo en cancha de Banfield por 3 a 2 a Gimnasia de La Plata por los octavos de final de la Copa Argentina, pasando a cuartos de final, donde enfrentar\u00e1 a San Telmo, equipo con el que el \u201cbicho\u201d se midi\u00f3 en partidos amistosos luego de la \u00faltima pretemporada. En un entretenido partido, el \u201clobo\u201d comenz\u00f3 ganando a los 30 minutos con tanto de Eric Ram\u00edrez, que conect\u00f3 un centro desde la banda derecha de Alexis Dom\u00ednguez. A los 39 minutos se ir\u00eda correctamente expulsado por doble amarilla Francisco Gerometta y ah\u00ed cambiar\u00eda el partido. En la segunda etapa el \u201cbicho\u201d fue claramente el dominador del encuentro. A los 61 minutos llegaba el empate: Gabriel Carabajal de penal, despu\u00e9s de la infracci\u00f3n de Johan Carbonero a Gabriel Hauche.<\/p>\n\n\n\n<figure class=\"wp-block-image\"><img loading=\"lazy\" decoding=\"async\" width=\"1024\" height=\"683\" src=\"http:\/\/vocesdelacomuna15.com.ar\/wordpress\/wp-content\/uploads\/2021\/08\/carabajal1808-1024x683.jpg\" alt=\"\" class=\"wp-image-54490\" srcset=\"https:\/\/vocesdelacomuna15.com.ar\/wp-content\/uploads\/2021\/08\/carabajal1808-1024x683.jpg 1024w, https:\/\/vocesdelacomuna15.com.ar\/wp-content\/uploads\/2021\/08\/carabajal1808-300x200.jpg 300w, https:\/\/vocesdelacomuna15.com.ar\/wp-content\/uploads\/2021\/08\/carabajal1808-768x512.jpg 768w, https:\/\/vocesdelacomuna15.com.ar\/wp-content\/uploads\/2021\/08\/carabajal1808-1080x720.jpg 1080w, https:\/\/vocesdelacomuna15.com.ar\/wp-content\/uploads\/2021\/08\/carabajal1808-600x400.jpg 600w, https:\/\/vocesdelacomuna15.com.ar\/wp-content\/uploads\/2021\/08\/carabajal1808.jpg 2048w\" sizes=\"(max-width: 1024px) 100vw, 1024px\" \/><figcaption>Carabajal empata de penal ante Gimnasia<\/figcaption><\/figure>\n\n\n\n<p> A los 67 tras centro desde la izquierda del mismo Hauche despu\u00e9s de una gran jugada de Franco Moyano, llegaba el segundo, gracias a que Nicol\u00e1s Reniero conect\u00f3 el env\u00edo con un frentazo al suelo, bien esquinado. A los 77 aumentaba el equipo de La Paternal: fue Germ\u00e1n Guiffrey en contra despu\u00e9s de un pase de Hauche al intentar rechazar, pasando el rechado por encima del arquero Rodrigo Rey. A los 90 minutos descontaba el \u201cPulga\u201d Luis Miguel Rodr\u00edguez de penal (injustamente cobrado), marcando su primer gol en el \u201clobo\u201d. El ex Col\u00f3n la clav\u00f3 en un \u00e1ngulo y se dio una particularidad: el \u201cPulga\u201d fue eliminado en esta Copa Argentina dos veces por Argentinos Juniors: primero con Col\u00f3n (derrota 1-0) y luego en esta ocasi\u00f3n con Gimnasia.<\/p>\n\n\n\n<figure class=\"wp-block-image\"><img loading=\"lazy\" decoding=\"async\" width=\"1024\" height=\"683\" src=\"http:\/\/vocesdelacomuna15.com.ar\/wordpress\/wp-content\/uploads\/2021\/08\/reniero-1808-1024x683.jpg\" alt=\"\" class=\"wp-image-54488\" srcset=\"https:\/\/vocesdelacomuna15.com.ar\/wp-content\/uploads\/2021\/08\/reniero-1808-1024x683.jpg 1024w, https:\/\/vocesdelacomuna15.com.ar\/wp-content\/uploads\/2021\/08\/reniero-1808-300x200.jpg 300w, https:\/\/vocesdelacomuna15.com.ar\/wp-content\/uploads\/2021\/08\/reniero-1808-768x512.jpg 768w, https:\/\/vocesdelacomuna15.com.ar\/wp-content\/uploads\/2021\/08\/reniero-1808-1080x720.jpg 1080w, https:\/\/vocesdelacomuna15.com.ar\/wp-content\/uploads\/2021\/08\/reniero-1808-600x400.jpg 600w, https:\/\/vocesdelacomuna15.com.ar\/wp-content\/uploads\/2021\/08\/reniero-1808.jpg 2048w\" sizes=\"(max-width: 1024px) 100vw, 1024px\" \/><figcaption>Reniero celebra su gol ante Gimnasia<\/figcaption><\/figure>\n\n\n\n<p>Los dirigidos por Gabriel Milito formaron en esta ocasi\u00f3n con: Chaves; Kevin Mac Allister, Torr\u00e9n, Villalba; Cabrera, Moyano, Florent\u00edn, El\u00edas G\u00f3mez; Carabajal; Hauche y Reniero. A los 52 minutos ingres\u00f3 Ovando por El\u00edas G\u00f3mez, a los 70 Jonathan G\u00f3mez por Carabajal, a los 81 Coronel por Hauche y a los 82 Quintana por Florent\u00edn y Romero por Reniero. La figura del partido fue \u201cel demonio\u201d Hauche, que particip\u00f3 en los tres goles del \u201cbicho\u201d.<\/p>\n\n\n\n<p>Resumen del partido (Fuente: El Templo GG- YouTube):<\/p>\n\n\n\n<figure class=\"wp-block-embed-youtube wp-block-embed is-type-video is-provider-youtube wp-embed-aspect-16-9 wp-has-aspect-ratio\"><div class=\"wp-block-embed__wrapper\">\n<iframe loading=\"lazy\" title=\"COPA ARGENTINA 2020\/2021 | Octavos De Final | GIMNASIA 2 - 3 ARGENTINOS JUNIORS\" width=\"1080\" height=\"608\" src=\"https:\/\/www.youtube.com\/embed\/dPsPEGZ2dt0?feature=oembed\" frameborder=\"0\" allow=\"accelerometer; autoplay; clipboard-write; encrypted-media; gyroscope; picture-in-picture\" allowfullscreen><\/iframe>\n<\/div><\/figure>\n\n\n\n<p>Conferencia de Prensa (Fuente: Prensa AAAJ- YouTube): <\/p>\n\n\n\n<figure class=\"wp-block-embed-youtube wp-block-embed is-type-video is-provider-youtube wp-embed-aspect-16-9 wp-has-aspect-ratio\"><div class=\"wp-block-embed__wrapper\">\n<iframe loading=\"lazy\" title=\"COPA ARGENTINA \/ Conferencia de Prensa - Gabriel Milito vs. Gimnasia\" width=\"1080\" height=\"608\" src=\"https:\/\/www.youtube.com\/embed\/riLE_gtHpgk?feature=oembed\" frameborder=\"0\" allow=\"accelerometer; autoplay; clipboard-write; encrypted-media; gyroscope; picture-in-picture\" allowfullscreen><\/iframe>\n<\/div><\/figure>\n\n\n\n<p>NUEVA DERROTA DE ATLANTA EN LA PRIMERA NACIONAL<\/p>\n\n\n\n<p>Jugando muy mal el \u201cbohemio\u201d volvi\u00f3 a perder. Fue ayer a la noche por 3-0 ante San Mart\u00edn de Tucum\u00e1n en La Ciudadela. Los goles del \u201cciruja\u201d los marcaron Ramiro Fern\u00e1ndez en contra a los 25 minutos, Lucas Cano a los 31 y Marcelo Estigarribia a los 68. Atlanta qued\u00f3 9\u00ba en la Zona A con 26 puntos y 6 victorias, 8 empates y 6 derrotas. El l\u00edder es Almirante Brown con 39 unidades. El \u00faltimo de los clasificados al reducido por el segundo ascenso es Quilmes, con 33 puntos. La Zona B sigue liderada por G\u00fcemes de Santiago del Estero, con 37 unidades. En la pr\u00f3xima fecha, la 22, el \u201cbohemio\u201d recibir\u00e1 en Villa Crespo a Belgrano de C\u00f3rdoba. Ser\u00e1 el martes 24 de agosto a las 15.05 horas.<\/p>\n\n\n\n<figure class=\"wp-block-image\"><img loading=\"lazy\" decoding=\"async\" width=\"665\" height=\"300\" src=\"http:\/\/vocesdelacomuna15.com.ar\/wordpress\/wp-content\/uploads\/2021\/08\/sm-atlanta-mundo-ascenso.jpg\" alt=\"\" class=\"wp-image-54492\" srcset=\"https:\/\/vocesdelacomuna15.com.ar\/wp-content\/uploads\/2021\/08\/sm-atlanta-mundo-ascenso.jpg 665w, https:\/\/vocesdelacomuna15.com.ar\/wp-content\/uploads\/2021\/08\/sm-atlanta-mundo-ascenso-300x135.jpg 300w, https:\/\/vocesdelacomuna15.com.ar\/wp-content\/uploads\/2021\/08\/sm-atlanta-mundo-ascenso-600x271.jpg 600w\" sizes=\"(max-width: 665px) 100vw, 665px\" \/><figcaption>Derrota del &#8220;bohemio&#8221; en Tucum\u00e1n<\/figcaption><\/figure>\n\n\n\n<p>Resumen del partido (Fuente: Amado Ascenso- You Tube):<\/p>\n\n\n\n<figure class=\"wp-block-embed-youtube wp-block-embed is-type-video is-provider-youtube wp-embed-aspect-16-9 wp-has-aspect-ratio\"><div class=\"wp-block-embed__wrapper\">\n<iframe loading=\"lazy\" title=\"SAN MART\u00cdN (T) 3-0 ATLANTA || Primera Nacional || GOLES\" width=\"1080\" height=\"608\" src=\"https:\/\/www.youtube.com\/embed\/OV7DHjD0BuA?feature=oembed\" frameborder=\"0\" allow=\"accelerometer; autoplay; clipboard-write; encrypted-media; gyroscope; picture-in-picture\" allowfullscreen><\/iframe>\n<\/div><\/figure>\n\n\n\n<p>DURO TRASPI\u00c9 DE\nCOMUNICACIONES EN LA B METRO<\/p>\n\n\n\n<p>Por la fecha 5 del Clausura, los \u201ccarteros\u201d de Agronom\u00eda se comieron una goleada hist\u00f3rica, fue 6 a 0 ante Sacachispas en Villa Soldati. Los goles del \u201clila\u201d fueron marcados por Ingratti a los 3 minutos, Lupi (triplete con goles a los 8, a los 33 y a los 61), Banegas en contra a los 39 y Sombra a los 52. \u201cComu\u201d qued\u00f3 8\u00ba en la tabla con 6 puntos y el l\u00edder es Flandria con 13. En la acumulada de los dos torneos, los de Agronom\u00eda tienen 27 puntos y est\u00e1n a 4 de J.J. Urquiza, \u00faltimo de los clasificados al reducido con 31 puntos. Por la pr\u00f3xima jornada, los \u201ccarteros\u201d recibir\u00e1n en el Alfredo Ramos justamente a J.J. Urquiza el domingo 22 de agosto a las 15 horas.<\/p>\n\n\n\n<figure class=\"wp-block-image\"><img loading=\"lazy\" decoding=\"async\" width=\"1024\" height=\"738\" src=\"http:\/\/vocesdelacomuna15.com.ar\/wordpress\/wp-content\/uploads\/2021\/08\/comusaca1808-1024x738.jpg\" alt=\"\" class=\"wp-image-54493\" srcset=\"https:\/\/vocesdelacomuna15.com.ar\/wp-content\/uploads\/2021\/08\/comusaca1808-1024x738.jpg 1024w, https:\/\/vocesdelacomuna15.com.ar\/wp-content\/uploads\/2021\/08\/comusaca1808-300x216.jpg 300w, https:\/\/vocesdelacomuna15.com.ar\/wp-content\/uploads\/2021\/08\/comusaca1808-768x553.jpg 768w, https:\/\/vocesdelacomuna15.com.ar\/wp-content\/uploads\/2021\/08\/comusaca1808-1080x778.jpg 1080w, https:\/\/vocesdelacomuna15.com.ar\/wp-content\/uploads\/2021\/08\/comusaca1808-600x432.jpg 600w, https:\/\/vocesdelacomuna15.com.ar\/wp-content\/uploads\/2021\/08\/comusaca1808.jpg 1102w\" sizes=\"(max-width: 1024px) 100vw, 1024px\" \/><figcaption>Formaci\u00f3n inicial de Comunicaciones ante Sacachispas<\/figcaption><\/figure>\n\n\n\n<p>Resumen del partido (Fuente: Amado Ascenso- You Tube):<\/p>\n\n\n\n<figure class=\"wp-block-embed-youtube wp-block-embed is-type-video is-provider-youtube wp-embed-aspect-16-9 wp-has-aspect-ratio\"><div class=\"wp-block-embed__wrapper\">\n<iframe loading=\"lazy\" title=\"SACACHISPAS 6-0 COMUNICACIONES || Primera B || GOLES\" width=\"1080\" height=\"608\" src=\"https:\/\/www.youtube.com\/embed\/QCiMSjL-J48?start=2&#038;feature=oembed\" frameborder=\"0\" allow=\"accelerometer; autoplay; clipboard-write; encrypted-media; gyroscope; picture-in-picture\" allowfullscreen><\/iframe>\n<\/div><\/figure>\n\n\n\n<p>Fotos Argentinos:\nPrensa AAAJ<\/p>\n\n\n\n<p>Foto Atlanta:\nMundo Ascenso<\/p>\n\n\n\n<p>Foto\nComunicaciones: Prensa Comu<\/p>\n\n\n\n<p><br>\nCaracteres: 5.486<\/p>\n<div class=\"pvc_clear\"><\/div><p id=\"pvc_stats_54487\" class=\"pvc_stats all  \" data-element-id=\"54487\" style=\"\"><i class=\"pvc-stats-icon small\" aria-hidden=\"true\"><svg aria-hidden=\"true\" focusable=\"false\" data-prefix=\"far\" data-icon=\"chart-bar\" role=\"img\" xmlns=\"http:\/\/www.w3.org\/2000\/svg\" viewBox=\"0 0 512 512\" class=\"svg-inline--fa fa-chart-bar fa-w-16 fa-2x\"><path fill=\"currentColor\" d=\"M396.8 352h22.4c6.4 0 12.8-6.4 12.8-12.8V108.8c0-6.4-6.4-12.8-12.8-12.8h-22.4c-6.4 0-12.8 6.4-12.8 12.8v230.4c0 6.4 6.4 12.8 12.8 12.8zm-192 0h22.4c6.4 0 12.8-6.4 12.8-12.8V140.8c0-6.4-6.4-12.8-12.8-12.8h-22.4c-6.4 0-12.8 6.4-12.8 12.8v198.4c0 6.4 6.4 12.8 12.8 12.8zm96 0h22.4c6.4 0 12.8-6.4 12.8-12.8V204.8c0-6.4-6.4-12.8-12.8-12.8h-22.4c-6.4 0-12.8 6.4-12.8 12.8v134.4c0 6.4 6.4 12.8 12.8 12.8zM496 400H48V80c0-8.84-7.16-16-16-16H16C7.16 64 0 71.16 0 80v336c0 17.67 14.33 32 32 32h464c8.84 0 16-7.16 16-16v-16c0-8.84-7.16-16-16-16zm-387.2-48h22.4c6.4 0 12.8-6.4 12.8-12.8v-70.4c0-6.4-6.4-12.8-12.8-12.8h-22.4c-6.4 0-12.8 6.4-12.8 12.8v70.4c0 6.4 6.4 12.8 12.8 12.8z\" class=\"\"><\/path><\/svg><\/i> <img loading=\"lazy\" decoding=\"async\" width=\"16\" height=\"16\" alt=\"Loading\" src=\"https:\/\/vocesdelacomuna15.com.ar\/wp-content\/plugins\/page-views-count\/ajax-loader-2x.gif\" border=0 \/><\/p><div class=\"pvc_clear\"><\/div>","protected":false},"excerpt":{"rendered":"<p>El s\u00e1bado venci\u00f3 2-0 a Banfield en La Paternal &nbsp;por el torneo de Primera y esta tarde le gan\u00f3 3-2 a Gimnasia de la Plata en el estadio Florencio Sola por la Copa Argentina, avanzando a cuartos de final de esta competici\u00f3n, donde se medir\u00e1 ante San Telmo Argentinos Juniors est\u00e1 pasando por un gran [&hellip;]<\/p>\n<div class=\"pvc_clear\"><\/div>\n<p id=\"pvc_stats_54487\" class=\"pvc_stats all  \" data-element-id=\"54487\" style=\"\"><i class=\"pvc-stats-icon small\" aria-hidden=\"true\"><svg aria-hidden=\"true\" focusable=\"false\" data-prefix=\"far\" data-icon=\"chart-bar\" role=\"img\" xmlns=\"http:\/\/www.w3.org\/2000\/svg\" viewBox=\"0 0 512 512\" class=\"svg-inline--fa fa-chart-bar fa-w-16 fa-2x\"><path fill=\"currentColor\" d=\"M396.8 352h22.4c6.4 0 12.8-6.4 12.8-12.8V108.8c0-6.4-6.4-12.8-12.8-12.8h-22.4c-6.4 0-12.8 6.4-12.8 12.8v230.4c0 6.4 6.4 12.8 12.8 12.8zm-192 0h22.4c6.4 0 12.8-6.4 12.8-12.8V140.8c0-6.4-6.4-12.8-12.8-12.8h-22.4c-6.4 0-12.8 6.4-12.8 12.8v198.4c0 6.4 6.4 12.8 12.8 12.8zm96 0h22.4c6.4 0 12.8-6.4 12.8-12.8V204.8c0-6.4-6.4-12.8-12.8-12.8h-22.4c-6.4 0-12.8 6.4-12.8 12.8v134.4c0 6.4 6.4 12.8 12.8 12.8zM496 400H48V80c0-8.84-7.16-16-16-16H16C7.16 64 0 71.16 0 80v336c0 17.67 14.33 32 32 32h464c8.84 0 16-7.16 16-16v-16c0-8.84-7.16-16-16-16zm-387.2-48h22.4c6.4 0 12.8-6.4 12.8-12.8v-70.4c0-6.4-6.4-12.8-12.8-12.8h-22.4c-6.4 0-12.8 6.4-12.8 12.8v70.4c0 6.4 6.4 12.8 12.8 12.8z\" class=\"\"><\/path><\/svg><\/i> <img loading=\"lazy\" decoding=\"async\" width=\"16\" height=\"16\" alt=\"Loading\" src=\"https:\/\/vocesdelacomuna15.com.ar\/wp-content\/plugins\/page-views-count\/ajax-loader-2x.gif\" border=0 \/><\/p>\n<div class=\"pvc_clear\"><\/div>\n","protected":false},"author":2,"featured_media":54496,"comment_status":"open","ping_status":"open","sticky":false,"template":"","format":"standard","meta":{"_et_pb_use_builder":"off","_et_pb_old_content":"","_et_gb_content_width":"","footnotes":""},"categories":[6,27,29,32],"tags":[],"class_list":["post-54487","post","type-post","status-publish","format-standard","has-post-thumbnail","hentry","category-agro","category-deportes","category-lapa","category-vcre","et-has-post-format-content","et_post_format-et-post-format-standard"],"a3_pvc":{"activated":true,"total_views":274,"today_views":0},"yoast_head":"<!-- This site is optimized with the Yoast SEO plugin v27.5 - https:\/\/yoast.com\/product\/yoast-seo-wordpress\/ -->\n<title>El \u201cbicho\u201d de racha: gan\u00f3 por el torneo local y pas\u00f3 a Cuartos en la Copa Argentina - Voces de la Comuna 15<\/title>\n<meta name=\"description\" content=\"Voces de la Comuna 15\" \/>\n<meta name=\"robots\" content=\"index, follow, max-snippet:-1, max-image-preview:large, max-video-preview:-1\" \/>\n<link rel=\"canonical\" href=\"https:\/\/vocesdelacomuna15.com.ar\/press\/el-bicho-de-racha-gano-por-el-torneo-local-y-paso-a-cuartos-en-la-copa-argentina\/\" \/>\n<meta property=\"og:locale\" content=\"es_ES\" \/>\n<meta property=\"og:type\" content=\"article\" \/>\n<meta property=\"og:title\" content=\"El \u201cbicho\u201d de racha: gan\u00f3 por el torneo local y pas\u00f3 a Cuartos en la Copa Argentina - Voces de la Comuna 15\" \/>\n<meta property=\"og:description\" content=\"Voces de la Comuna 15\" \/>\n<meta property=\"og:url\" content=\"https:\/\/vocesdelacomuna15.com.ar\/press\/el-bicho-de-racha-gano-por-el-torneo-local-y-paso-a-cuartos-en-la-copa-argentina\/\" \/>\n<meta property=\"og:site_name\" content=\"Voces de la Comuna 15\" \/>\n<meta property=\"article:publisher\" content=\"https:\/\/www.facebook.com\/VocesComuna15\/\" \/>\n<meta property=\"article:published_time\" content=\"2021-08-19T01:27:02+00:00\" \/>\n<meta property=\"article:modified_time\" content=\"2021-08-19T21:31:44+00:00\" \/>\n<meta property=\"og:image\" content=\"https:\/\/vocesdelacomuna15.com.ar\/wp-content\/uploads\/2021\/08\/cheque-arg-rec.png\" \/>\n\t<meta property=\"og:image:width\" content=\"814\" \/>\n\t<meta property=\"og:image:height\" content=\"611\" \/>\n\t<meta property=\"og:image:type\" content=\"image\/png\" \/>\n<meta name=\"author\" content=\"Federico Arguto\" \/>\n<meta name=\"twitter:card\" content=\"summary_large_image\" \/>\n<meta name=\"twitter:creator\" content=\"@vocescomuna15\" \/>\n<meta name=\"twitter:site\" content=\"@vocescomuna15\" \/>\n<meta name=\"twitter:label1\" content=\"Escrito por\" \/>\n\t<meta name=\"twitter:data1\" content=\"Federico Arguto\" \/>\n\t<meta name=\"twitter:label2\" content=\"Tiempo de lectura\" \/>\n\t<meta name=\"twitter:data2\" content=\"6 minutos\" \/>\n<script type=\"application\/ld+json\" class=\"yoast-schema-graph\">{\"@context\":\"https:\\\/\\\/schema.org\",\"@graph\":[{\"@type\":\"Article\",\"@id\":\"https:\\\/\\\/vocesdelacomuna15.com.ar\\\/press\\\/el-bicho-de-racha-gano-por-el-torneo-local-y-paso-a-cuartos-en-la-copa-argentina\\\/#article\",\"isPartOf\":{\"@id\":\"https:\\\/\\\/vocesdelacomuna15.com.ar\\\/press\\\/el-bicho-de-racha-gano-por-el-torneo-local-y-paso-a-cuartos-en-la-copa-argentina\\\/\"},\"author\":{\"name\":\"Federico Arguto\",\"@id\":\"https:\\\/\\\/vocesdelacomuna15.com.ar\\\/press\\\/#\\\/schema\\\/person\\\/4739e109db25d799cd3d139eeb509e43\"},\"headline\":\"El \u201cbicho\u201d de racha: gan\u00f3 por el torneo local y pas\u00f3 a Cuartos en la Copa Argentina\",\"datePublished\":\"2021-08-19T01:27:02+00:00\",\"dateModified\":\"2021-08-19T21:31:44+00:00\",\"mainEntityOfPage\":{\"@id\":\"https:\\\/\\\/vocesdelacomuna15.com.ar\\\/press\\\/el-bicho-de-racha-gano-por-el-torneo-local-y-paso-a-cuartos-en-la-copa-argentina\\\/\"},\"wordCount\":1132,\"commentCount\":0,\"publisher\":{\"@id\":\"https:\\\/\\\/vocesdelacomuna15.com.ar\\\/press\\\/#organization\"},\"image\":{\"@id\":\"https:\\\/\\\/vocesdelacomuna15.com.ar\\\/press\\\/el-bicho-de-racha-gano-por-el-torneo-local-y-paso-a-cuartos-en-la-copa-argentina\\\/#primaryimage\"},\"thumbnailUrl\":\"https:\\\/\\\/vocesdelacomuna15.com.ar\\\/wp-content\\\/uploads\\\/2021\\\/08\\\/cheque-arg-rec.png\",\"articleSection\":[\"Agronom\u00eda\",\"Deportes\",\"La Paternal\",\"Villa Crespo\"],\"inLanguage\":\"es-AR\",\"potentialAction\":[{\"@type\":\"CommentAction\",\"name\":\"Comment\",\"target\":[\"https:\\\/\\\/vocesdelacomuna15.com.ar\\\/press\\\/el-bicho-de-racha-gano-por-el-torneo-local-y-paso-a-cuartos-en-la-copa-argentina\\\/#respond\"]}]},{\"@type\":\"WebPage\",\"@id\":\"https:\\\/\\\/vocesdelacomuna15.com.ar\\\/press\\\/el-bicho-de-racha-gano-por-el-torneo-local-y-paso-a-cuartos-en-la-copa-argentina\\\/\",\"url\":\"https:\\\/\\\/vocesdelacomuna15.com.ar\\\/press\\\/el-bicho-de-racha-gano-por-el-torneo-local-y-paso-a-cuartos-en-la-copa-argentina\\\/\",\"name\":\"El \u201cbicho\u201d de racha: gan\u00f3 por el torneo local y pas\u00f3 a Cuartos en la Copa Argentina - Voces de la Comuna 15\",\"isPartOf\":{\"@id\":\"https:\\\/\\\/vocesdelacomuna15.com.ar\\\/press\\\/#website\"},\"primaryImageOfPage\":{\"@id\":\"https:\\\/\\\/vocesdelacomuna15.com.ar\\\/press\\\/el-bicho-de-racha-gano-por-el-torneo-local-y-paso-a-cuartos-en-la-copa-argentina\\\/#primaryimage\"},\"image\":{\"@id\":\"https:\\\/\\\/vocesdelacomuna15.com.ar\\\/press\\\/el-bicho-de-racha-gano-por-el-torneo-local-y-paso-a-cuartos-en-la-copa-argentina\\\/#primaryimage\"},\"thumbnailUrl\":\"https:\\\/\\\/vocesdelacomuna15.com.ar\\\/wp-content\\\/uploads\\\/2021\\\/08\\\/cheque-arg-rec.png\",\"datePublished\":\"2021-08-19T01:27:02+00:00\",\"dateModified\":\"2021-08-19T21:31:44+00:00\",\"description\":\"Voces de la Comuna 15\",\"breadcrumb\":{\"@id\":\"https:\\\/\\\/vocesdelacomuna15.com.ar\\\/press\\\/el-bicho-de-racha-gano-por-el-torneo-local-y-paso-a-cuartos-en-la-copa-argentina\\\/#breadcrumb\"},\"inLanguage\":\"es-AR\",\"potentialAction\":[{\"@type\":\"ReadAction\",\"target\":[\"https:\\\/\\\/vocesdelacomuna15.com.ar\\\/press\\\/el-bicho-de-racha-gano-por-el-torneo-local-y-paso-a-cuartos-en-la-copa-argentina\\\/\"]}]},{\"@type\":\"ImageObject\",\"inLanguage\":\"es-AR\",\"@id\":\"https:\\\/\\\/vocesdelacomuna15.com.ar\\\/press\\\/el-bicho-de-racha-gano-por-el-torneo-local-y-paso-a-cuartos-en-la-copa-argentina\\\/#primaryimage\",\"url\":\"https:\\\/\\\/vocesdelacomuna15.com.ar\\\/wp-content\\\/uploads\\\/2021\\\/08\\\/cheque-arg-rec.png\",\"contentUrl\":\"https:\\\/\\\/vocesdelacomuna15.com.ar\\\/wp-content\\\/uploads\\\/2021\\\/08\\\/cheque-arg-rec.png\",\"width\":814,\"height\":611},{\"@type\":\"BreadcrumbList\",\"@id\":\"https:\\\/\\\/vocesdelacomuna15.com.ar\\\/press\\\/el-bicho-de-racha-gano-por-el-torneo-local-y-paso-a-cuartos-en-la-copa-argentina\\\/#breadcrumb\",\"itemListElement\":[{\"@type\":\"ListItem\",\"position\":1,\"name\":\"Inicio\",\"item\":\"https:\\\/\\\/vocesdelacomuna15.com.ar\\\/press\\\/\"},{\"@type\":\"ListItem\",\"position\":2,\"name\":\"El \u201cbicho\u201d de racha: gan\u00f3 por el torneo local y pas\u00f3 a Cuartos en la Copa Argentina\"}]},{\"@type\":\"WebSite\",\"@id\":\"https:\\\/\\\/vocesdelacomuna15.com.ar\\\/press\\\/#website\",\"url\":\"https:\\\/\\\/vocesdelacomuna15.com.ar\\\/press\\\/\",\"name\":\"Voces de la Comuna 15\",\"description\":\"Sitio web de noticias\",\"publisher\":{\"@id\":\"https:\\\/\\\/vocesdelacomuna15.com.ar\\\/press\\\/#organization\"},\"potentialAction\":[{\"@type\":\"SearchAction\",\"target\":{\"@type\":\"EntryPoint\",\"urlTemplate\":\"https:\\\/\\\/vocesdelacomuna15.com.ar\\\/press\\\/?s={search_term_string}\"},\"query-input\":{\"@type\":\"PropertyValueSpecification\",\"valueRequired\":true,\"valueName\":\"search_term_string\"}}],\"inLanguage\":\"es-AR\"},{\"@type\":\"Organization\",\"@id\":\"https:\\\/\\\/vocesdelacomuna15.com.ar\\\/press\\\/#organization\",\"name\":\"Voces de la Comuna 15\",\"url\":\"https:\\\/\\\/vocesdelacomuna15.com.ar\\\/press\\\/\",\"logo\":{\"@type\":\"ImageObject\",\"inLanguage\":\"es-AR\",\"@id\":\"https:\\\/\\\/vocesdelacomuna15.com.ar\\\/press\\\/#\\\/schema\\\/logo\\\/image\\\/\",\"url\":\"https:\\\/\\\/vocesdelacomuna15.com.ar\\\/wp-content\\\/uploads\\\/2024\\\/12\\\/cropped-logo_voces.jpg\",\"contentUrl\":\"https:\\\/\\\/vocesdelacomuna15.com.ar\\\/wp-content\\\/uploads\\\/2024\\\/12\\\/cropped-logo_voces.jpg\",\"width\":512,\"height\":512,\"caption\":\"Voces de la Comuna 15\"},\"image\":{\"@id\":\"https:\\\/\\\/vocesdelacomuna15.com.ar\\\/press\\\/#\\\/schema\\\/logo\\\/image\\\/\"},\"sameAs\":[\"https:\\\/\\\/www.facebook.com\\\/VocesComuna15\\\/\",\"https:\\\/\\\/x.com\\\/vocescomuna15\"]},{\"@type\":\"Person\",\"@id\":\"https:\\\/\\\/vocesdelacomuna15.com.ar\\\/press\\\/#\\\/schema\\\/person\\\/4739e109db25d799cd3d139eeb509e43\",\"name\":\"Federico Arguto\",\"image\":{\"@type\":\"ImageObject\",\"inLanguage\":\"es-AR\",\"@id\":\"https:\\\/\\\/vocesdelacomuna15.com.ar\\\/wp-content\\\/litespeed\\\/avatar\\\/82faf979976f1bae889b8b71f8a0a7e5.jpg?ver=1777419741\",\"url\":\"https:\\\/\\\/vocesdelacomuna15.com.ar\\\/wp-content\\\/litespeed\\\/avatar\\\/82faf979976f1bae889b8b71f8a0a7e5.jpg?ver=1777419741\",\"contentUrl\":\"https:\\\/\\\/vocesdelacomuna15.com.ar\\\/wp-content\\\/litespeed\\\/avatar\\\/82faf979976f1bae889b8b71f8a0a7e5.jpg?ver=1777419741\",\"caption\":\"Federico Arguto\"},\"url\":\"https:\\\/\\\/vocesdelacomuna15.com.ar\\\/press\\\/author\\\/fede\\\/\"}]}<\/script>\n<!-- \/ Yoast SEO plugin. -->","yoast_head_json":{"title":"El \u201cbicho\u201d de racha: gan\u00f3 por el torneo local y pas\u00f3 a Cuartos en la Copa Argentina - Voces de la Comuna 15","description":"Voces de la Comuna 15","robots":{"index":"index","follow":"follow","max-snippet":"max-snippet:-1","max-image-preview":"max-image-preview:large","max-video-preview":"max-video-preview:-1"},"canonical":"https:\/\/vocesdelacomuna15.com.ar\/press\/el-bicho-de-racha-gano-por-el-torneo-local-y-paso-a-cuartos-en-la-copa-argentina\/","og_locale":"es_ES","og_type":"article","og_title":"El \u201cbicho\u201d de racha: gan\u00f3 por el torneo local y pas\u00f3 a Cuartos en la Copa Argentina - Voces de la Comuna 15","og_description":"Voces de la Comuna 15","og_url":"https:\/\/vocesdelacomuna15.com.ar\/press\/el-bicho-de-racha-gano-por-el-torneo-local-y-paso-a-cuartos-en-la-copa-argentina\/","og_site_name":"Voces de la Comuna 15","article_publisher":"https:\/\/www.facebook.com\/VocesComuna15\/","article_published_time":"2021-08-19T01:27:02+00:00","article_modified_time":"2021-08-19T21:31:44+00:00","og_image":[{"width":814,"height":611,"url":"https:\/\/vocesdelacomuna15.com.ar\/wp-content\/uploads\/2021\/08\/cheque-arg-rec.png","type":"image\/png"}],"author":"Federico Arguto","twitter_card":"summary_large_image","twitter_creator":"@vocescomuna15","twitter_site":"@vocescomuna15","twitter_misc":{"Escrito por":"Federico Arguto","Tiempo de lectura":"6 minutos"},"schema":{"@context":"https:\/\/schema.org","@graph":[{"@type":"Article","@id":"https:\/\/vocesdelacomuna15.com.ar\/press\/el-bicho-de-racha-gano-por-el-torneo-local-y-paso-a-cuartos-en-la-copa-argentina\/#article","isPartOf":{"@id":"https:\/\/vocesdelacomuna15.com.ar\/press\/el-bicho-de-racha-gano-por-el-torneo-local-y-paso-a-cuartos-en-la-copa-argentina\/"},"author":{"name":"Federico Arguto","@id":"https:\/\/vocesdelacomuna15.com.ar\/press\/#\/schema\/person\/4739e109db25d799cd3d139eeb509e43"},"headline":"El \u201cbicho\u201d de racha: gan\u00f3 por el torneo local y pas\u00f3 a Cuartos en la Copa Argentina","datePublished":"2021-08-19T01:27:02+00:00","dateModified":"2021-08-19T21:31:44+00:00","mainEntityOfPage":{"@id":"https:\/\/vocesdelacomuna15.com.ar\/press\/el-bicho-de-racha-gano-por-el-torneo-local-y-paso-a-cuartos-en-la-copa-argentina\/"},"wordCount":1132,"commentCount":0,"publisher":{"@id":"https:\/\/vocesdelacomuna15.com.ar\/press\/#organization"},"image":{"@id":"https:\/\/vocesdelacomuna15.com.ar\/press\/el-bicho-de-racha-gano-por-el-torneo-local-y-paso-a-cuartos-en-la-copa-argentina\/#primaryimage"},"thumbnailUrl":"https:\/\/vocesdelacomuna15.com.ar\/wp-content\/uploads\/2021\/08\/cheque-arg-rec.png","articleSection":["Agronom\u00eda","Deportes","La Paternal","Villa Crespo"],"inLanguage":"es-AR","potentialAction":[{"@type":"CommentAction","name":"Comment","target":["https:\/\/vocesdelacomuna15.com.ar\/press\/el-bicho-de-racha-gano-por-el-torneo-local-y-paso-a-cuartos-en-la-copa-argentina\/#respond"]}]},{"@type":"WebPage","@id":"https:\/\/vocesdelacomuna15.com.ar\/press\/el-bicho-de-racha-gano-por-el-torneo-local-y-paso-a-cuartos-en-la-copa-argentina\/","url":"https:\/\/vocesdelacomuna15.com.ar\/press\/el-bicho-de-racha-gano-por-el-torneo-local-y-paso-a-cuartos-en-la-copa-argentina\/","name":"El \u201cbicho\u201d de racha: gan\u00f3 por el torneo local y pas\u00f3 a Cuartos en la Copa Argentina - Voces de la Comuna 15","isPartOf":{"@id":"https:\/\/vocesdelacomuna15.com.ar\/press\/#website"},"primaryImageOfPage":{"@id":"https:\/\/vocesdelacomuna15.com.ar\/press\/el-bicho-de-racha-gano-por-el-torneo-local-y-paso-a-cuartos-en-la-copa-argentina\/#primaryimage"},"image":{"@id":"https:\/\/vocesdelacomuna15.com.ar\/press\/el-bicho-de-racha-gano-por-el-torneo-local-y-paso-a-cuartos-en-la-copa-argentina\/#primaryimage"},"thumbnailUrl":"https:\/\/vocesdelacomuna15.com.ar\/wp-content\/uploads\/2021\/08\/cheque-arg-rec.png","datePublished":"2021-08-19T01:27:02+00:00","dateModified":"2021-08-19T21:31:44+00:00","description":"Voces de la Comuna 15","breadcrumb":{"@id":"https:\/\/vocesdelacomuna15.com.ar\/press\/el-bicho-de-racha-gano-por-el-torneo-local-y-paso-a-cuartos-en-la-copa-argentina\/#breadcrumb"},"inLanguage":"es-AR","potentialAction":[{"@type":"ReadAction","target":["https:\/\/vocesdelacomuna15.com.ar\/press\/el-bicho-de-racha-gano-por-el-torneo-local-y-paso-a-cuartos-en-la-copa-argentina\/"]}]},{"@type":"ImageObject","inLanguage":"es-AR","@id":"https:\/\/vocesdelacomuna15.com.ar\/press\/el-bicho-de-racha-gano-por-el-torneo-local-y-paso-a-cuartos-en-la-copa-argentina\/#primaryimage","url":"https:\/\/vocesdelacomuna15.com.ar\/wp-content\/uploads\/2021\/08\/cheque-arg-rec.png","contentUrl":"https:\/\/vocesdelacomuna15.com.ar\/wp-content\/uploads\/2021\/08\/cheque-arg-rec.png","width":814,"height":611},{"@type":"BreadcrumbList","@id":"https:\/\/vocesdelacomuna15.com.ar\/press\/el-bicho-de-racha-gano-por-el-torneo-local-y-paso-a-cuartos-en-la-copa-argentina\/#breadcrumb","itemListElement":[{"@type":"ListItem","position":1,"name":"Inicio","item":"https:\/\/vocesdelacomuna15.com.ar\/press\/"},{"@type":"ListItem","position":2,"name":"El \u201cbicho\u201d de racha: gan\u00f3 por el torneo local y pas\u00f3 a Cuartos en la Copa Argentina"}]},{"@type":"WebSite","@id":"https:\/\/vocesdelacomuna15.com.ar\/press\/#website","url":"https:\/\/vocesdelacomuna15.com.ar\/press\/","name":"Voces de la Comuna 15","description":"Sitio web de noticias","publisher":{"@id":"https:\/\/vocesdelacomuna15.com.ar\/press\/#organization"},"potentialAction":[{"@type":"SearchAction","target":{"@type":"EntryPoint","urlTemplate":"https:\/\/vocesdelacomuna15.com.ar\/press\/?s={search_term_string}"},"query-input":{"@type":"PropertyValueSpecification","valueRequired":true,"valueName":"search_term_string"}}],"inLanguage":"es-AR"},{"@type":"Organization","@id":"https:\/\/vocesdelacomuna15.com.ar\/press\/#organization","name":"Voces de la Comuna 15","url":"https:\/\/vocesdelacomuna15.com.ar\/press\/","logo":{"@type":"ImageObject","inLanguage":"es-AR","@id":"https:\/\/vocesdelacomuna15.com.ar\/press\/#\/schema\/logo\/image\/","url":"https:\/\/vocesdelacomuna15.com.ar\/wp-content\/uploads\/2024\/12\/cropped-logo_voces.jpg","contentUrl":"https:\/\/vocesdelacomuna15.com.ar\/wp-content\/uploads\/2024\/12\/cropped-logo_voces.jpg","width":512,"height":512,"caption":"Voces de la Comuna 15"},"image":{"@id":"https:\/\/vocesdelacomuna15.com.ar\/press\/#\/schema\/logo\/image\/"},"sameAs":["https:\/\/www.facebook.com\/VocesComuna15\/","https:\/\/x.com\/vocescomuna15"]},{"@type":"Person","@id":"https:\/\/vocesdelacomuna15.com.ar\/press\/#\/schema\/person\/4739e109db25d799cd3d139eeb509e43","name":"Federico Arguto","image":{"@type":"ImageObject","inLanguage":"es-AR","@id":"https:\/\/vocesdelacomuna15.com.ar\/wp-content\/litespeed\/avatar\/82faf979976f1bae889b8b71f8a0a7e5.jpg?ver=1777419741","url":"https:\/\/vocesdelacomuna15.com.ar\/wp-content\/litespeed\/avatar\/82faf979976f1bae889b8b71f8a0a7e5.jpg?ver=1777419741","contentUrl":"https:\/\/vocesdelacomuna15.com.ar\/wp-content\/litespeed\/avatar\/82faf979976f1bae889b8b71f8a0a7e5.jpg?ver=1777419741","caption":"Federico Arguto"},"url":"https:\/\/vocesdelacomuna15.com.ar\/press\/author\/fede\/"}]}},"_links":{"self":[{"href":"https:\/\/vocesdelacomuna15.com.ar\/press\/wp-json\/wp\/v2\/posts\/54487","targetHints":{"allow":["GET"]}}],"collection":[{"href":"https:\/\/vocesdelacomuna15.com.ar\/press\/wp-json\/wp\/v2\/posts"}],"about":[{"href":"https:\/\/vocesdelacomuna15.com.ar\/press\/wp-json\/wp\/v2\/types\/post"}],"author":[{"embeddable":true,"href":"https:\/\/vocesdelacomuna15.com.ar\/press\/wp-json\/wp\/v2\/users\/2"}],"replies":[{"embeddable":true,"href":"https:\/\/vocesdelacomuna15.com.ar\/press\/wp-json\/wp\/v2\/comments?post=54487"}],"version-history":[{"count":4,"href":"https:\/\/vocesdelacomuna15.com.ar\/press\/wp-json\/wp\/v2\/posts\/54487\/revisions"}],"predecessor-version":[{"id":54506,"href":"https:\/\/vocesdelacomuna15.com.ar\/press\/wp-json\/wp\/v2\/posts\/54487\/revisions\/54506"}],"wp:featuredmedia":[{"embeddable":true,"href":"https:\/\/vocesdelacomuna15.com.ar\/press\/wp-json\/wp\/v2\/media\/54496"}],"wp:attachment":[{"href":"https:\/\/vocesdelacomuna15.com.ar\/press\/wp-json\/wp\/v2\/media?parent=54487"}],"wp:term":[{"taxonomy":"category","embeddable":true,"href":"https:\/\/vocesdelacomuna15.com.ar\/press\/wp-json\/wp\/v2\/categories?post=54487"},{"taxonomy":"post_tag","embeddable":true,"href":"https:\/\/vocesdelacomuna15.com.ar\/press\/wp-json\/wp\/v2\/tags?post=54487"}],"curies":[{"name":"wp","href":"https:\/\/api.w.org\/{rel}","templated":true}]}}