{"id":54447,"date":"2021-08-23T08:27:59","date_gmt":"2021-08-23T11:27:59","guid":{"rendered":"http:\/\/vocesdelacomuna15.com.ar\/wordpress\/?p=54447"},"modified":"2021-08-23T09:10:53","modified_gmt":"2021-08-23T12:10:53","slug":"como-son-los-creditos-a-tasa-cero-para-monotributistas","status":"publish","type":"post","link":"https:\/\/vocesdelacomuna15.com.ar\/press\/como-son-los-creditos-a-tasa-cero-para-monotributistas\/","title":{"rendered":"C\u00f3mo son los cr\u00e9ditos a tasa cero para monotributistas"},"content":{"rendered":"\n<p>Los cr\u00e9ditos disponible ser\u00e1n de hasta $150.000 para m\u00e1s de 1 mill\u00f3n de monotributistas de todo el pa\u00eds, garantizados por el Ministerio de Desarrollo Productivo y se tramitar\u00e1n a trav\u00e9s de la p\u00e1gina web de la AFIP. Fuente: T\u00e9lam<\/p>\n\n\n\n<p>La l\u00ednea de <strong>cr\u00e9ditos a tasa cero<\/strong> que el Gobierno nacional relanz\u00f3 este mi\u00e9rcoles (por el 11 de agosto) estar\u00e1 <strong>disponible desde fines de agosto<\/strong> para m\u00e1s de un <strong>mill\u00f3n de monotributistas<\/strong>, que podr\u00e1n solicitar un monto de hasta $150.000, seg\u00fan su categor\u00eda, y devolverlo en un plazo de un a\u00f1o con seis meses de gracia.<br> <br> As\u00ed se anunci\u00f3 en Casa de Gobierno luego de la reuni\u00f3n de gabinete econ\u00f3mico que fue encabezada por el presidente <strong>Alberto Fern\u00e1ndez<\/strong>, en la que se decidi\u00f3 retomar esta l\u00ednea de cr\u00e9ditos que en 2020, en medio de la pandemia, beneficio a alrededor de 500.000 monotributistas.<br> <br> Los pr\u00e9stamos se acreditar\u00e1n en un solo desembolso en la tarjeta de cr\u00e9dito de cada monotributista, el que contar\u00e1 con <strong>6 meses de gracia<\/strong> y deber\u00e1 realizar la devoluci\u00f3n en <strong>12 cuotas sin intereses.<\/strong><br> <br> La posibilidad de solicitar un cr\u00e9dito a tasa cero estar\u00e1 habilitada a partir de <strong>fines de agosto a trav\u00e9s de la web de la AFIP<\/strong>, y en esa instancia el sistema informar\u00e1 el monto m\u00e1ximo del cr\u00e9dito que depende de categor\u00eda de monotributo al 30 de junio.<br> <br> Es decir, que de acuerdo a la facturaci\u00f3n declarada por el trabajador monotributista podr\u00e1 solicitar un cr\u00e9dito de hasta <strong>$90.000<\/strong> para los de la Categor\u00eda A, de hasta <strong>$120.000 <\/strong>para los de la categor\u00eda B y de hasta $150.000 para el resto.<\/p>\n\n\n\n<p>Paso a paso\nc\u00f3mo acceder<\/p>\n\n\n\n<p><br>\nEn la web de AFIP, a la que se deber\u00e1 ingresar con clave fiscal y elegir el\nservicio \u201c<strong>Cr\u00e9dito Tasa Cero<\/strong>\u201d, se visualizar\u00e1 si el contribuyente\ncalifica para solicitarlo y el monto del cr\u00e9dito que le corresponde de acuerdo\na su categor\u00eda.<br>\n<br>\nAh\u00ed deber\u00e1 seleccionar la entidad financiera donde est\u00e1 emitida su tarjeta de\ncr\u00e9dito para finalizar el tr\u00e1mite.<br>\n<br>\nQuienes hayan accedido a un Cr\u00e9dito a Tasa Cero el a\u00f1o pasado podr\u00e1n tramitar\nun nuevo pr\u00e9stamo en 2021, y en el caso de que el solicitante se encuentre en\nsituaci\u00f3n de mora, la entidad financiera destinar\u00e1 una parte del nuevo cr\u00e9dito\na cancelar el saldo adeudado del pr\u00e9stamo anterior.<\/p>\n\n\n\n<p>Requisitos<\/p>\n\n\n\n<p><br>\nEntre los requisitos a cumplir se detall\u00f3 que el solicitante deber\u00e1 estar <strong>adherido\nal monotributo<\/strong> y no percibir un ingreso en relaci\u00f3n de dependencia, ni\njubilaci\u00f3n, y <strong>no prestar servicios al sector p\u00fablico<\/strong>, es decir, cuando\nal menos el 70 % de su facturaci\u00f3n fue emitida a favor de jurisdicciones o\nentidades del sector p\u00fablico.<br>\n<br>\nEl beneficiario no debe estar en situaci\u00f3n 3, 4, 5 o 6 en la central de\ndeudores del Banco Central, y no podr\u00e1 acceder al mercado libre de cambio ni\nconcertar operaciones de venta en el pa\u00eds de t\u00edtulos con liquidaci\u00f3n en moneda\nextranjera.<br>\n<br>\nTampoco podr\u00e1 ingresar en procesos de canjes de t\u00edtulos valores por otros\nactivos externos o transferencias de los mismos a entidades depositarias del\nexterior.<\/p>\n\n\n\n<p>Fuente y Foto: T\u00e9lam<\/p>\n\n\n\n<p>Caracteres: 2.682<\/p>\n\n\n\n<p>Link a nota original: https:\/\/www.telam.com.ar\/notas\/202108\/564782-como-son-los-creditos-a-tasa-cero-para-monotributistas.html<\/p>\n<div class=\"pvc_clear\"><\/div><p id=\"pvc_stats_54447\" class=\"pvc_stats all  \" data-element-id=\"54447\" style=\"\"><i class=\"pvc-stats-icon small\" aria-hidden=\"true\"><svg aria-hidden=\"true\" focusable=\"false\" data-prefix=\"far\" data-icon=\"chart-bar\" role=\"img\" xmlns=\"http:\/\/www.w3.org\/2000\/svg\" viewBox=\"0 0 512 512\" class=\"svg-inline--fa fa-chart-bar fa-w-16 fa-2x\"><path fill=\"currentColor\" d=\"M396.8 352h22.4c6.4 0 12.8-6.4 12.8-12.8V108.8c0-6.4-6.4-12.8-12.8-12.8h-22.4c-6.4 0-12.8 6.4-12.8 12.8v230.4c0 6.4 6.4 12.8 12.8 12.8zm-192 0h22.4c6.4 0 12.8-6.4 12.8-12.8V140.8c0-6.4-6.4-12.8-12.8-12.8h-22.4c-6.4 0-12.8 6.4-12.8 12.8v198.4c0 6.4 6.4 12.8 12.8 12.8zm96 0h22.4c6.4 0 12.8-6.4 12.8-12.8V204.8c0-6.4-6.4-12.8-12.8-12.8h-22.4c-6.4 0-12.8 6.4-12.8 12.8v134.4c0 6.4 6.4 12.8 12.8 12.8zM496 400H48V80c0-8.84-7.16-16-16-16H16C7.16 64 0 71.16 0 80v336c0 17.67 14.33 32 32 32h464c8.84 0 16-7.16 16-16v-16c0-8.84-7.16-16-16-16zm-387.2-48h22.4c6.4 0 12.8-6.4 12.8-12.8v-70.4c0-6.4-6.4-12.8-12.8-12.8h-22.4c-6.4 0-12.8 6.4-12.8 12.8v70.4c0 6.4 6.4 12.8 12.8 12.8z\" class=\"\"><\/path><\/svg><\/i> <img loading=\"lazy\" decoding=\"async\" width=\"16\" height=\"16\" alt=\"Loading\" src=\"https:\/\/vocesdelacomuna15.com.ar\/wp-content\/plugins\/page-views-count\/ajax-loader-2x.gif\" border=0 \/><\/p><div class=\"pvc_clear\"><\/div>","protected":false},"excerpt":{"rendered":"<p>Los cr\u00e9ditos disponible ser\u00e1n de hasta $150.000 para m\u00e1s de 1 mill\u00f3n de monotributistas de todo el pa\u00eds, garantizados por el Ministerio de Desarrollo Productivo y se tramitar\u00e1n a trav\u00e9s de la p\u00e1gina web de la AFIP. Fuente: T\u00e9lam La l\u00ednea de cr\u00e9ditos a tasa cero que el Gobierno nacional relanz\u00f3 este mi\u00e9rcoles (por el [&hellip;]<\/p>\n<div class=\"pvc_clear\"><\/div>\n<p id=\"pvc_stats_54447\" class=\"pvc_stats all  \" data-element-id=\"54447\" style=\"\"><i class=\"pvc-stats-icon small\" aria-hidden=\"true\"><svg aria-hidden=\"true\" focusable=\"false\" data-prefix=\"far\" data-icon=\"chart-bar\" role=\"img\" xmlns=\"http:\/\/www.w3.org\/2000\/svg\" viewBox=\"0 0 512 512\" class=\"svg-inline--fa fa-chart-bar fa-w-16 fa-2x\"><path fill=\"currentColor\" d=\"M396.8 352h22.4c6.4 0 12.8-6.4 12.8-12.8V108.8c0-6.4-6.4-12.8-12.8-12.8h-22.4c-6.4 0-12.8 6.4-12.8 12.8v230.4c0 6.4 6.4 12.8 12.8 12.8zm-192 0h22.4c6.4 0 12.8-6.4 12.8-12.8V140.8c0-6.4-6.4-12.8-12.8-12.8h-22.4c-6.4 0-12.8 6.4-12.8 12.8v198.4c0 6.4 6.4 12.8 12.8 12.8zm96 0h22.4c6.4 0 12.8-6.4 12.8-12.8V204.8c0-6.4-6.4-12.8-12.8-12.8h-22.4c-6.4 0-12.8 6.4-12.8 12.8v134.4c0 6.4 6.4 12.8 12.8 12.8zM496 400H48V80c0-8.84-7.16-16-16-16H16C7.16 64 0 71.16 0 80v336c0 17.67 14.33 32 32 32h464c8.84 0 16-7.16 16-16v-16c0-8.84-7.16-16-16-16zm-387.2-48h22.4c6.4 0 12.8-6.4 12.8-12.8v-70.4c0-6.4-6.4-12.8-12.8-12.8h-22.4c-6.4 0-12.8 6.4-12.8 12.8v70.4c0 6.4 6.4 12.8 12.8 12.8z\" class=\"\"><\/path><\/svg><\/i> <img loading=\"lazy\" decoding=\"async\" width=\"16\" height=\"16\" alt=\"Loading\" src=\"https:\/\/vocesdelacomuna15.com.ar\/wp-content\/plugins\/page-views-count\/ajax-loader-2x.gif\" border=0 \/><\/p>\n<div class=\"pvc_clear\"><\/div>\n","protected":false},"author":2,"featured_media":54448,"comment_status":"open","ping_status":"open","sticky":false,"template":"","format":"standard","meta":{"_et_pb_use_builder":"off","_et_pb_old_content":"","_et_gb_content_width":"","footnotes":""},"categories":[8],"tags":[],"class_list":["post-54447","post","type-post","status-publish","format-standard","has-post-thumbnail","hentry","category-sociedad","et-has-post-format-content","et_post_format-et-post-format-standard"],"a3_pvc":{"activated":true,"total_views":218,"today_views":0},"yoast_head":"<!-- This site is optimized with the Yoast SEO plugin v27.5 - https:\/\/yoast.com\/product\/yoast-seo-wordpress\/ -->\n<title>C\u00f3mo son los cr\u00e9ditos a tasa cero para monotributistas - Voces de la Comuna 15<\/title>\n<meta name=\"description\" content=\"Voces de la Comuna 15\" \/>\n<meta name=\"robots\" content=\"index, follow, max-snippet:-1, max-image-preview:large, max-video-preview:-1\" \/>\n<link rel=\"canonical\" href=\"https:\/\/vocesdelacomuna15.com.ar\/press\/como-son-los-creditos-a-tasa-cero-para-monotributistas\/\" \/>\n<meta property=\"og:locale\" content=\"es_ES\" \/>\n<meta property=\"og:type\" content=\"article\" \/>\n<meta property=\"og:title\" content=\"C\u00f3mo son los cr\u00e9ditos a tasa cero para monotributistas - Voces de la Comuna 15\" \/>\n<meta property=\"og:description\" content=\"Voces de la Comuna 15\" \/>\n<meta property=\"og:url\" content=\"https:\/\/vocesdelacomuna15.com.ar\/press\/como-son-los-creditos-a-tasa-cero-para-monotributistas\/\" \/>\n<meta property=\"og:site_name\" content=\"Voces de la Comuna 15\" \/>\n<meta property=\"article:publisher\" content=\"https:\/\/www.facebook.com\/VocesComuna15\/\" \/>\n<meta property=\"article:published_time\" content=\"2021-08-23T11:27:59+00:00\" \/>\n<meta property=\"article:modified_time\" content=\"2021-08-23T12:10:53+00:00\" \/>\n<meta property=\"og:image\" content=\"https:\/\/vocesdelacomuna15.com.ar\/wp-content\/uploads\/2021\/08\/telam1208.jpg\" \/>\n\t<meta property=\"og:image:width\" content=\"1004\" \/>\n\t<meta property=\"og:image:height\" content=\"565\" \/>\n\t<meta property=\"og:image:type\" content=\"image\/jpeg\" \/>\n<meta name=\"author\" content=\"Federico Arguto\" \/>\n<meta name=\"twitter:card\" content=\"summary_large_image\" \/>\n<meta name=\"twitter:creator\" content=\"@vocescomuna15\" \/>\n<meta name=\"twitter:site\" content=\"@vocescomuna15\" \/>\n<meta name=\"twitter:label1\" content=\"Escrito por\" \/>\n\t<meta name=\"twitter:data1\" content=\"Federico Arguto\" \/>\n\t<meta name=\"twitter:label2\" content=\"Tiempo de lectura\" \/>\n\t<meta name=\"twitter:data2\" content=\"3 minutos\" \/>\n<script type=\"application\/ld+json\" class=\"yoast-schema-graph\">{\"@context\":\"https:\\\/\\\/schema.org\",\"@graph\":[{\"@type\":\"Article\",\"@id\":\"https:\\\/\\\/vocesdelacomuna15.com.ar\\\/press\\\/como-son-los-creditos-a-tasa-cero-para-monotributistas\\\/#article\",\"isPartOf\":{\"@id\":\"https:\\\/\\\/vocesdelacomuna15.com.ar\\\/press\\\/como-son-los-creditos-a-tasa-cero-para-monotributistas\\\/\"},\"author\":{\"name\":\"Federico Arguto\",\"@id\":\"https:\\\/\\\/vocesdelacomuna15.com.ar\\\/press\\\/#\\\/schema\\\/person\\\/4739e109db25d799cd3d139eeb509e43\"},\"headline\":\"C\u00f3mo son los cr\u00e9ditos a tasa cero para monotributistas\",\"datePublished\":\"2021-08-23T11:27:59+00:00\",\"dateModified\":\"2021-08-23T12:10:53+00:00\",\"mainEntityOfPage\":{\"@id\":\"https:\\\/\\\/vocesdelacomuna15.com.ar\\\/press\\\/como-son-los-creditos-a-tasa-cero-para-monotributistas\\\/\"},\"wordCount\":571,\"commentCount\":0,\"publisher\":{\"@id\":\"https:\\\/\\\/vocesdelacomuna15.com.ar\\\/press\\\/#organization\"},\"image\":{\"@id\":\"https:\\\/\\\/vocesdelacomuna15.com.ar\\\/press\\\/como-son-los-creditos-a-tasa-cero-para-monotributistas\\\/#primaryimage\"},\"thumbnailUrl\":\"https:\\\/\\\/vocesdelacomuna15.com.ar\\\/wp-content\\\/uploads\\\/2021\\\/08\\\/telam1208.jpg\",\"articleSection\":[\"Sociedad\"],\"inLanguage\":\"es-AR\",\"potentialAction\":[{\"@type\":\"CommentAction\",\"name\":\"Comment\",\"target\":[\"https:\\\/\\\/vocesdelacomuna15.com.ar\\\/press\\\/como-son-los-creditos-a-tasa-cero-para-monotributistas\\\/#respond\"]}]},{\"@type\":\"WebPage\",\"@id\":\"https:\\\/\\\/vocesdelacomuna15.com.ar\\\/press\\\/como-son-los-creditos-a-tasa-cero-para-monotributistas\\\/\",\"url\":\"https:\\\/\\\/vocesdelacomuna15.com.ar\\\/press\\\/como-son-los-creditos-a-tasa-cero-para-monotributistas\\\/\",\"name\":\"C\u00f3mo son los cr\u00e9ditos a tasa cero para monotributistas - Voces de la Comuna 15\",\"isPartOf\":{\"@id\":\"https:\\\/\\\/vocesdelacomuna15.com.ar\\\/press\\\/#website\"},\"primaryImageOfPage\":{\"@id\":\"https:\\\/\\\/vocesdelacomuna15.com.ar\\\/press\\\/como-son-los-creditos-a-tasa-cero-para-monotributistas\\\/#primaryimage\"},\"image\":{\"@id\":\"https:\\\/\\\/vocesdelacomuna15.com.ar\\\/press\\\/como-son-los-creditos-a-tasa-cero-para-monotributistas\\\/#primaryimage\"},\"thumbnailUrl\":\"https:\\\/\\\/vocesdelacomuna15.com.ar\\\/wp-content\\\/uploads\\\/2021\\\/08\\\/telam1208.jpg\",\"datePublished\":\"2021-08-23T11:27:59+00:00\",\"dateModified\":\"2021-08-23T12:10:53+00:00\",\"description\":\"Voces de la Comuna 15\",\"breadcrumb\":{\"@id\":\"https:\\\/\\\/vocesdelacomuna15.com.ar\\\/press\\\/como-son-los-creditos-a-tasa-cero-para-monotributistas\\\/#breadcrumb\"},\"inLanguage\":\"es-AR\",\"potentialAction\":[{\"@type\":\"ReadAction\",\"target\":[\"https:\\\/\\\/vocesdelacomuna15.com.ar\\\/press\\\/como-son-los-creditos-a-tasa-cero-para-monotributistas\\\/\"]}]},{\"@type\":\"ImageObject\",\"inLanguage\":\"es-AR\",\"@id\":\"https:\\\/\\\/vocesdelacomuna15.com.ar\\\/press\\\/como-son-los-creditos-a-tasa-cero-para-monotributistas\\\/#primaryimage\",\"url\":\"https:\\\/\\\/vocesdelacomuna15.com.ar\\\/wp-content\\\/uploads\\\/2021\\\/08\\\/telam1208.jpg\",\"contentUrl\":\"https:\\\/\\\/vocesdelacomuna15.com.ar\\\/wp-content\\\/uploads\\\/2021\\\/08\\\/telam1208.jpg\",\"width\":1004,\"height\":565},{\"@type\":\"BreadcrumbList\",\"@id\":\"https:\\\/\\\/vocesdelacomuna15.com.ar\\\/press\\\/como-son-los-creditos-a-tasa-cero-para-monotributistas\\\/#breadcrumb\",\"itemListElement\":[{\"@type\":\"ListItem\",\"position\":1,\"name\":\"Inicio\",\"item\":\"https:\\\/\\\/vocesdelacomuna15.com.ar\\\/press\\\/\"},{\"@type\":\"ListItem\",\"position\":2,\"name\":\"C\u00f3mo son los cr\u00e9ditos a tasa cero para monotributistas\"}]},{\"@type\":\"WebSite\",\"@id\":\"https:\\\/\\\/vocesdelacomuna15.com.ar\\\/press\\\/#website\",\"url\":\"https:\\\/\\\/vocesdelacomuna15.com.ar\\\/press\\\/\",\"name\":\"Voces de la Comuna 15\",\"description\":\"Sitio web de noticias\",\"publisher\":{\"@id\":\"https:\\\/\\\/vocesdelacomuna15.com.ar\\\/press\\\/#organization\"},\"potentialAction\":[{\"@type\":\"SearchAction\",\"target\":{\"@type\":\"EntryPoint\",\"urlTemplate\":\"https:\\\/\\\/vocesdelacomuna15.com.ar\\\/press\\\/?s={search_term_string}\"},\"query-input\":{\"@type\":\"PropertyValueSpecification\",\"valueRequired\":true,\"valueName\":\"search_term_string\"}}],\"inLanguage\":\"es-AR\"},{\"@type\":\"Organization\",\"@id\":\"https:\\\/\\\/vocesdelacomuna15.com.ar\\\/press\\\/#organization\",\"name\":\"Voces de la Comuna 15\",\"url\":\"https:\\\/\\\/vocesdelacomuna15.com.ar\\\/press\\\/\",\"logo\":{\"@type\":\"ImageObject\",\"inLanguage\":\"es-AR\",\"@id\":\"https:\\\/\\\/vocesdelacomuna15.com.ar\\\/press\\\/#\\\/schema\\\/logo\\\/image\\\/\",\"url\":\"https:\\\/\\\/vocesdelacomuna15.com.ar\\\/wp-content\\\/uploads\\\/2024\\\/12\\\/cropped-logo_voces.jpg\",\"contentUrl\":\"https:\\\/\\\/vocesdelacomuna15.com.ar\\\/wp-content\\\/uploads\\\/2024\\\/12\\\/cropped-logo_voces.jpg\",\"width\":512,\"height\":512,\"caption\":\"Voces de la Comuna 15\"},\"image\":{\"@id\":\"https:\\\/\\\/vocesdelacomuna15.com.ar\\\/press\\\/#\\\/schema\\\/logo\\\/image\\\/\"},\"sameAs\":[\"https:\\\/\\\/www.facebook.com\\\/VocesComuna15\\\/\",\"https:\\\/\\\/x.com\\\/vocescomuna15\"]},{\"@type\":\"Person\",\"@id\":\"https:\\\/\\\/vocesdelacomuna15.com.ar\\\/press\\\/#\\\/schema\\\/person\\\/4739e109db25d799cd3d139eeb509e43\",\"name\":\"Federico Arguto\",\"image\":{\"@type\":\"ImageObject\",\"inLanguage\":\"es-AR\",\"@id\":\"https:\\\/\\\/vocesdelacomuna15.com.ar\\\/wp-content\\\/litespeed\\\/avatar\\\/82faf979976f1bae889b8b71f8a0a7e5.jpg?ver=1777419741\",\"url\":\"https:\\\/\\\/vocesdelacomuna15.com.ar\\\/wp-content\\\/litespeed\\\/avatar\\\/82faf979976f1bae889b8b71f8a0a7e5.jpg?ver=1777419741\",\"contentUrl\":\"https:\\\/\\\/vocesdelacomuna15.com.ar\\\/wp-content\\\/litespeed\\\/avatar\\\/82faf979976f1bae889b8b71f8a0a7e5.jpg?ver=1777419741\",\"caption\":\"Federico Arguto\"},\"url\":\"https:\\\/\\\/vocesdelacomuna15.com.ar\\\/press\\\/author\\\/fede\\\/\"}]}<\/script>\n<!-- \/ Yoast SEO plugin. -->","yoast_head_json":{"title":"C\u00f3mo son los cr\u00e9ditos a tasa cero para monotributistas - Voces de la Comuna 15","description":"Voces de la Comuna 15","robots":{"index":"index","follow":"follow","max-snippet":"max-snippet:-1","max-image-preview":"max-image-preview:large","max-video-preview":"max-video-preview:-1"},"canonical":"https:\/\/vocesdelacomuna15.com.ar\/press\/como-son-los-creditos-a-tasa-cero-para-monotributistas\/","og_locale":"es_ES","og_type":"article","og_title":"C\u00f3mo son los cr\u00e9ditos a tasa cero para monotributistas - Voces de la Comuna 15","og_description":"Voces de la Comuna 15","og_url":"https:\/\/vocesdelacomuna15.com.ar\/press\/como-son-los-creditos-a-tasa-cero-para-monotributistas\/","og_site_name":"Voces de la Comuna 15","article_publisher":"https:\/\/www.facebook.com\/VocesComuna15\/","article_published_time":"2021-08-23T11:27:59+00:00","article_modified_time":"2021-08-23T12:10:53+00:00","og_image":[{"width":1004,"height":565,"url":"https:\/\/vocesdelacomuna15.com.ar\/wp-content\/uploads\/2021\/08\/telam1208.jpg","type":"image\/jpeg"}],"author":"Federico Arguto","twitter_card":"summary_large_image","twitter_creator":"@vocescomuna15","twitter_site":"@vocescomuna15","twitter_misc":{"Escrito por":"Federico Arguto","Tiempo de lectura":"3 minutos"},"schema":{"@context":"https:\/\/schema.org","@graph":[{"@type":"Article","@id":"https:\/\/vocesdelacomuna15.com.ar\/press\/como-son-los-creditos-a-tasa-cero-para-monotributistas\/#article","isPartOf":{"@id":"https:\/\/vocesdelacomuna15.com.ar\/press\/como-son-los-creditos-a-tasa-cero-para-monotributistas\/"},"author":{"name":"Federico Arguto","@id":"https:\/\/vocesdelacomuna15.com.ar\/press\/#\/schema\/person\/4739e109db25d799cd3d139eeb509e43"},"headline":"C\u00f3mo son los cr\u00e9ditos a tasa cero para monotributistas","datePublished":"2021-08-23T11:27:59+00:00","dateModified":"2021-08-23T12:10:53+00:00","mainEntityOfPage":{"@id":"https:\/\/vocesdelacomuna15.com.ar\/press\/como-son-los-creditos-a-tasa-cero-para-monotributistas\/"},"wordCount":571,"commentCount":0,"publisher":{"@id":"https:\/\/vocesdelacomuna15.com.ar\/press\/#organization"},"image":{"@id":"https:\/\/vocesdelacomuna15.com.ar\/press\/como-son-los-creditos-a-tasa-cero-para-monotributistas\/#primaryimage"},"thumbnailUrl":"https:\/\/vocesdelacomuna15.com.ar\/wp-content\/uploads\/2021\/08\/telam1208.jpg","articleSection":["Sociedad"],"inLanguage":"es-AR","potentialAction":[{"@type":"CommentAction","name":"Comment","target":["https:\/\/vocesdelacomuna15.com.ar\/press\/como-son-los-creditos-a-tasa-cero-para-monotributistas\/#respond"]}]},{"@type":"WebPage","@id":"https:\/\/vocesdelacomuna15.com.ar\/press\/como-son-los-creditos-a-tasa-cero-para-monotributistas\/","url":"https:\/\/vocesdelacomuna15.com.ar\/press\/como-son-los-creditos-a-tasa-cero-para-monotributistas\/","name":"C\u00f3mo son los cr\u00e9ditos a tasa cero para monotributistas - Voces de la Comuna 15","isPartOf":{"@id":"https:\/\/vocesdelacomuna15.com.ar\/press\/#website"},"primaryImageOfPage":{"@id":"https:\/\/vocesdelacomuna15.com.ar\/press\/como-son-los-creditos-a-tasa-cero-para-monotributistas\/#primaryimage"},"image":{"@id":"https:\/\/vocesdelacomuna15.com.ar\/press\/como-son-los-creditos-a-tasa-cero-para-monotributistas\/#primaryimage"},"thumbnailUrl":"https:\/\/vocesdelacomuna15.com.ar\/wp-content\/uploads\/2021\/08\/telam1208.jpg","datePublished":"2021-08-23T11:27:59+00:00","dateModified":"2021-08-23T12:10:53+00:00","description":"Voces de la Comuna 15","breadcrumb":{"@id":"https:\/\/vocesdelacomuna15.com.ar\/press\/como-son-los-creditos-a-tasa-cero-para-monotributistas\/#breadcrumb"},"inLanguage":"es-AR","potentialAction":[{"@type":"ReadAction","target":["https:\/\/vocesdelacomuna15.com.ar\/press\/como-son-los-creditos-a-tasa-cero-para-monotributistas\/"]}]},{"@type":"ImageObject","inLanguage":"es-AR","@id":"https:\/\/vocesdelacomuna15.com.ar\/press\/como-son-los-creditos-a-tasa-cero-para-monotributistas\/#primaryimage","url":"https:\/\/vocesdelacomuna15.com.ar\/wp-content\/uploads\/2021\/08\/telam1208.jpg","contentUrl":"https:\/\/vocesdelacomuna15.com.ar\/wp-content\/uploads\/2021\/08\/telam1208.jpg","width":1004,"height":565},{"@type":"BreadcrumbList","@id":"https:\/\/vocesdelacomuna15.com.ar\/press\/como-son-los-creditos-a-tasa-cero-para-monotributistas\/#breadcrumb","itemListElement":[{"@type":"ListItem","position":1,"name":"Inicio","item":"https:\/\/vocesdelacomuna15.com.ar\/press\/"},{"@type":"ListItem","position":2,"name":"C\u00f3mo son los cr\u00e9ditos a tasa cero para monotributistas"}]},{"@type":"WebSite","@id":"https:\/\/vocesdelacomuna15.com.ar\/press\/#website","url":"https:\/\/vocesdelacomuna15.com.ar\/press\/","name":"Voces de la Comuna 15","description":"Sitio web de noticias","publisher":{"@id":"https:\/\/vocesdelacomuna15.com.ar\/press\/#organization"},"potentialAction":[{"@type":"SearchAction","target":{"@type":"EntryPoint","urlTemplate":"https:\/\/vocesdelacomuna15.com.ar\/press\/?s={search_term_string}"},"query-input":{"@type":"PropertyValueSpecification","valueRequired":true,"valueName":"search_term_string"}}],"inLanguage":"es-AR"},{"@type":"Organization","@id":"https:\/\/vocesdelacomuna15.com.ar\/press\/#organization","name":"Voces de la Comuna 15","url":"https:\/\/vocesdelacomuna15.com.ar\/press\/","logo":{"@type":"ImageObject","inLanguage":"es-AR","@id":"https:\/\/vocesdelacomuna15.com.ar\/press\/#\/schema\/logo\/image\/","url":"https:\/\/vocesdelacomuna15.com.ar\/wp-content\/uploads\/2024\/12\/cropped-logo_voces.jpg","contentUrl":"https:\/\/vocesdelacomuna15.com.ar\/wp-content\/uploads\/2024\/12\/cropped-logo_voces.jpg","width":512,"height":512,"caption":"Voces de la Comuna 15"},"image":{"@id":"https:\/\/vocesdelacomuna15.com.ar\/press\/#\/schema\/logo\/image\/"},"sameAs":["https:\/\/www.facebook.com\/VocesComuna15\/","https:\/\/x.com\/vocescomuna15"]},{"@type":"Person","@id":"https:\/\/vocesdelacomuna15.com.ar\/press\/#\/schema\/person\/4739e109db25d799cd3d139eeb509e43","name":"Federico Arguto","image":{"@type":"ImageObject","inLanguage":"es-AR","@id":"https:\/\/vocesdelacomuna15.com.ar\/wp-content\/litespeed\/avatar\/82faf979976f1bae889b8b71f8a0a7e5.jpg?ver=1777419741","url":"https:\/\/vocesdelacomuna15.com.ar\/wp-content\/litespeed\/avatar\/82faf979976f1bae889b8b71f8a0a7e5.jpg?ver=1777419741","contentUrl":"https:\/\/vocesdelacomuna15.com.ar\/wp-content\/litespeed\/avatar\/82faf979976f1bae889b8b71f8a0a7e5.jpg?ver=1777419741","caption":"Federico Arguto"},"url":"https:\/\/vocesdelacomuna15.com.ar\/press\/author\/fede\/"}]}},"_links":{"self":[{"href":"https:\/\/vocesdelacomuna15.com.ar\/press\/wp-json\/wp\/v2\/posts\/54447","targetHints":{"allow":["GET"]}}],"collection":[{"href":"https:\/\/vocesdelacomuna15.com.ar\/press\/wp-json\/wp\/v2\/posts"}],"about":[{"href":"https:\/\/vocesdelacomuna15.com.ar\/press\/wp-json\/wp\/v2\/types\/post"}],"author":[{"embeddable":true,"href":"https:\/\/vocesdelacomuna15.com.ar\/press\/wp-json\/wp\/v2\/users\/2"}],"replies":[{"embeddable":true,"href":"https:\/\/vocesdelacomuna15.com.ar\/press\/wp-json\/wp\/v2\/comments?post=54447"}],"version-history":[{"count":1,"href":"https:\/\/vocesdelacomuna15.com.ar\/press\/wp-json\/wp\/v2\/posts\/54447\/revisions"}],"predecessor-version":[{"id":54449,"href":"https:\/\/vocesdelacomuna15.com.ar\/press\/wp-json\/wp\/v2\/posts\/54447\/revisions\/54449"}],"wp:featuredmedia":[{"embeddable":true,"href":"https:\/\/vocesdelacomuna15.com.ar\/press\/wp-json\/wp\/v2\/media\/54448"}],"wp:attachment":[{"href":"https:\/\/vocesdelacomuna15.com.ar\/press\/wp-json\/wp\/v2\/media?parent=54447"}],"wp:term":[{"taxonomy":"category","embeddable":true,"href":"https:\/\/vocesdelacomuna15.com.ar\/press\/wp-json\/wp\/v2\/categories?post=54447"},{"taxonomy":"post_tag","embeddable":true,"href":"https:\/\/vocesdelacomuna15.com.ar\/press\/wp-json\/wp\/v2\/tags?post=54447"}],"curies":[{"name":"wp","href":"https:\/\/api.w.org\/{rel}","templated":true}]}}