{"id":54433,"date":"2021-08-17T23:59:12","date_gmt":"2021-08-18T02:59:12","guid":{"rendered":"http:\/\/vocesdelacomuna15.com.ar\/wordpress\/?p=54433"},"modified":"2021-08-19T11:55:20","modified_gmt":"2021-08-19T14:55:20","slug":"matias-kulfas-explico-por-que-en-argentina-es-imposible-plantear-la-reduccion-de-la-jornada-laboral","status":"publish","type":"post","link":"https:\/\/vocesdelacomuna15.com.ar\/press\/matias-kulfas-explico-por-que-en-argentina-es-imposible-plantear-la-reduccion-de-la-jornada-laboral\/","title":{"rendered":"Mat\u00edas Kulfas explic\u00f3 por qu\u00e9 en Argentina \u201ces imposible\u201d plantear la reducci\u00f3n de la jornada laboral"},"content":{"rendered":"\n<p>La posici\u00f3n del Gobierno: El ministro de Desarrollo Productivo le baj\u00f3 las expectativas al debate que se realiza en todo el mundo. Fuente: Clar\u00edn (Publicada el 10 de agosto)<\/p>\n\n\n\n<p>El ministro de Desarrollo Productivo,&nbsp;<a href=\"https:\/\/www.clarin.com\/tema\/matias-kulfas.html\" target=\"_blank\" rel=\"noreferrer noopener\">Mat\u00edas Kulfas<\/a>, explic\u00f3\neste martes (por el 10 de agosto) el motivo por el cual cree que es\n&#8220;imposible&#8221; plantear la&nbsp;<strong>reducci\u00f3n de\nla jornada laboral<\/strong>&nbsp;en Argentina y le baj\u00f3 el tono a&nbsp;<a href=\"https:\/\/www.clarin.com\/opinion\/reduccion-jornada-laboral-debate-impostergable_0_mnCGyIzKb.html\" target=\"_blank\" rel=\"noreferrer noopener\">un debate que se instal\u00f3&nbsp;<\/a>en todo\nel mundo.<\/p>\n\n\n\n<p>&#8220;Hay que ser cuidadosos con ese tema porque en los\npa\u00edses donde ha habido avances en este sentido&nbsp;son pa\u00edses desarrollados y\nen general han incorporado un esquema de&nbsp;<strong>reducci\u00f3n\nproporcional del salario<\/strong>, porque estamos hablando de pa\u00edses\ndonde el mercado laboral est\u00e1 muy desarrollado&#8221;, dijo el funcionario en\ndi\u00e1logo con&nbsp;<em>Futurock<\/em>.<\/p>\n\n\n\n<p>En su explicaci\u00f3n, Kulfas remarc\u00f3 que en esos pa\u00edses\n&#8220;los salarios son buenos, entonces hay un planteo de que trabajen un\npoquito menos para que puedan trabajar todos y al mismo tiempo haya una vida\nm\u00e1s pl\u00e1cida donde haya m\u00e1s horas para el ocio y el esparcimiento&#8221;.<\/p>\n\n\n\n<p>Teniendo en cuenta que esa &#8220;no es la realidad que\nest\u00e1 viviendo&#8221; el pa\u00eds, con una crisis de ingresos en la que se pelea para\nque no est\u00e9n por debajo de la inflaci\u00f3n, &#8220;<strong>es imposible\nplantear una reducci\u00f3n de la jornada laboral con reducci\u00f3n del ingreso<\/strong>&#8220;.<\/p>\n\n\n\n<p>&#8220;Hay que ser cuidadosos, me parece que hoy la agenda\nque tenemos en Argentina es la de la recuperaci\u00f3n del trabajo que ven\u00eda muy\ngolpeado y estamos en una recuperaci\u00f3n muy importante&#8221;, remarc\u00f3.<\/p>\n\n\n\n<p>Adem\u00e1s, ante el cuestionamiento sobre la alta cantidad de\nhoras que se trabaja en el pa\u00eds, Kulfas asegur\u00f3 que &#8220;la jornada laboral en\nArgentina es una jornada est\u00e1ndar&#8221; y que no ve &#8220;que sea una jornada\nm\u00e1s larga que en otros pa\u00edses&#8221;.<\/p>\n\n\n\n<p>Y apunt\u00f3 que desde el Gobierno pusieron en la mesa una\nalternativa que tiene que ver con las&nbsp;<strong>horas extra<\/strong>:\n&#8220;Les planteamos a las empresas que preferimos que se incorpore m\u00e1s\npersonal antes que se implementen horas extras&#8221;.<\/p>\n\n\n\n<p>En los \u00faltimos d\u00edas, el oficialismo&nbsp;<strong>present\u00f3 en Diputados dos proyectos\nde ley&nbsp;<\/strong>que proponen una reducci\u00f3n de la jornada laboral\ncomo una manera de mejorar la productividad y las condiciones de trabajo que,\nadem\u00e1s, genere mayor cantidad de puestos.<\/p>\n\n\n\n<p>El Gobierno prometi\u00f3 analizar las iniciativas pero\nadvirti\u00f3 lo mismo que este martes (por el 10 de agosto) dijo Kulfas,\nque&nbsp;en otros pa\u00edses implic\u00f3 reducciones salariales.<\/p>\n\n\n\n<p>El primer proyecto es del diputado de origen sindical&nbsp;<a href=\"https:\/\/www.clarin.com\/tema\/hugo-yasky.html\" target=\"_blank\" rel=\"noreferrer noopener\">Hugo Yasky<\/a>, que\nsostiene que &#8220;<strong>la duraci\u00f3n del trabajo\nno podr\u00e1 exceder de ocho horas diarias o cuarenta horas semanales<\/strong>&#8221; y\ntiene en cuenta que Argentina, seg\u00fan la mirada del pol\u00edtico, se encuentra\ndentro del grupo de pa\u00edses latinoamericanos con jornada de trabajo m\u00e1s extensa,\nque ronda entre las 46 y las 48 horas de trabajo semanal.<\/p>\n\n\n\n<p>La segunda iniciativa fue presentada por la diputada y\ndirigente del gremio La Bancaria,&nbsp;<strong>Claudia\nOrmaechea,&nbsp;<\/strong>y su proyecto indica que &#8220;la duraci\u00f3n del\ntrabajo&nbsp;<strong>no podr\u00e1 exceder de seis horas\ndiarias o treinta y seis semanales<\/strong>&#8220;. Tambi\u00e9n\nrefiere que &#8220;la jornada de trabajo nocturno no podr\u00e1 exceder de cinco\nhoras y quince&#8221;.<\/p>\n\n\n\n<p>C\u00f3mo fue el experimento que termin\u00f3 en \u00e9xito en\nIslandia&nbsp;&nbsp;<\/p>\n\n\n\n<p>El debate sobre la reducci\u00f3n de la jornada laboral se dio\nen varios pa\u00edses del mundo y en algunos de ellos ya se implementaron pruebas.\nEn&nbsp;<a href=\"https:\/\/www.clarin.com\/tema\/islandia.html\" target=\"_blank\" rel=\"noreferrer noopener\">Islandia<\/a>, por\nejemplo,&nbsp;<a href=\"https:\/\/www.clarin.com\/viste\/semana-laboral-4-dias-exito-islandia-hace-vez-fuerte_0_e_H5l17XJ.html\" target=\"_blank\" rel=\"noreferrer noopener\">un experimento con\nsemanas de trabajo de 4 horas diarias<\/a>&nbsp;termin\u00f3 con\nun alza de productividad y una fuerte reducci\u00f3n del estr\u00e9s.<\/p>\n\n\n\n<p>Seg\u00fan se explic\u00f3 en la BBC, el experimento fue realizado\nde 2015 a 2019 y a los trabajadores&nbsp;<strong>se les pag\u00f3\nlo mismo por trabajar menos horas<\/strong>. Pero no fue el\nprimer pa\u00eds que prob\u00f3 con esta iniciativa que cada vez m\u00e1s r\u00e1pido gana peso en\ndistintos lugares del mundo.<\/p>\n\n\n\n<p><a href=\"https:\/\/www.clarin.com\/tema\/espana.html\" target=\"_blank\" rel=\"noreferrer noopener\">Espa\u00f1a<\/a>&nbsp;y&nbsp;<a href=\"https:\/\/www.clarin.com\/tema\/nueva-zelanda.html\" target=\"_blank\" rel=\"noreferrer noopener\">Nueva Zelanda<\/a>, tambi\u00e9n\nest\u00e1n llevando adelante testeos similares, anteriormente se lo prob\u00f3 en&nbsp;<a href=\"https:\/\/www.clarin.com\/tema\/japon.html\" target=\"_blank\" rel=\"noreferrer noopener\">Jap\u00f3n&nbsp;<\/a>y en&nbsp;<a href=\"https:\/\/www.clarin.com\/tema\/chile.html\" target=\"_blank\" rel=\"noreferrer noopener\">Chile&nbsp;<\/a>recientemente\ncomenz\u00f3 a debatirse la idea. Un proyecto que de alguna forma ya est\u00e1 instalado\nen varias empresas y sectores con el concepto del &#8220;flex Friday&#8221;, que\npropone un trabajo m\u00e1s distendido en el \u00faltimo d\u00eda de la semana con tareas\ndistintas o un horario reducido.<\/p>\n\n\n\n<p>En Islandia, de acuerdo al informe del medio brit\u00e1nico,\nel piloto se realiz\u00f3 en el Ayuntamiento de la capital, Reykjavik, y en puestos\ndel gobierno nacional, y cont\u00f3 con la participaci\u00f3n de unos 2.500 trabajadores,&nbsp;<strong>cerca del 1% de la poblaci\u00f3n activa\ndel pa\u00eds<\/strong>.<\/p>\n\n\n\n<p>El cambio medido en horas&nbsp;<strong>redujo las semanas de 40 horas a\nunas 35 o 36<\/strong>, seg\u00fan indicaron desde el laboratorio de ideas\nbrit\u00e1nico Autonomy y de la Asociaci\u00f3n Islandesa por una Democracia Sostenible\n(Alda).<\/p>\n\n\n\n<p>De esta manera los sindicatos&nbsp;<strong>debieron negociar nuevos acuerdos de\ntrabajo<\/strong>, y ahora el 86% de la fuerza laboral islandesa se\nencuentra ante la posibilidad de dar el gran salto hacia una nueva forma de\ntrabajar.<\/p>\n\n\n\n<p>&#8220;Este estudio muestra que el mayor experimento del\nmundo de reducci\u00f3n de la jornada laboral en el sector p\u00fablico fue, de acuerdo a\ntodos los par\u00e1metros, un rotundo \u00e9xito&#8221;, afirm\u00f3 Will Stronge, director de\ninvestigaci\u00f3n de Autonomy. &#8220;Demuestra que el sector p\u00fablico est\u00e1 listo\npara ser pionero en reducci\u00f3n de semanas laborales y que otros gobiernos pueden\naprender algunas lecciones&#8221;.<\/p>\n\n\n\n<p><em>AFG<\/em><\/p>\n\n\n\n<p>Foto: Clar\u00edn (El ministro\nde Desarrollo Productivo, Mat\u00edas Kulfas, desalent\u00f3 la reducci\u00f3n de la jornada\nlaboral. Foto: Andres D&#8217;El\u00eda)<\/p>\n\n\n\n<p>Caracteres: 4.939<\/p>\n\n\n\n<p>Link a nota\noriginal: https:\/\/www.clarin.com\/economia\/matias-kulfas-explico-argentina-imposible-plantear-reduccion-jornada-laboral_0_JeDWbcnJv.html<\/p>\n\n\n\n<p> <\/p>\n\n\n\n<p><\/p>\n<div class=\"pvc_clear\"><\/div><p id=\"pvc_stats_54433\" class=\"pvc_stats all  \" data-element-id=\"54433\" style=\"\"><i class=\"pvc-stats-icon small\" aria-hidden=\"true\"><svg aria-hidden=\"true\" focusable=\"false\" data-prefix=\"far\" data-icon=\"chart-bar\" role=\"img\" xmlns=\"http:\/\/www.w3.org\/2000\/svg\" viewBox=\"0 0 512 512\" class=\"svg-inline--fa fa-chart-bar fa-w-16 fa-2x\"><path fill=\"currentColor\" d=\"M396.8 352h22.4c6.4 0 12.8-6.4 12.8-12.8V108.8c0-6.4-6.4-12.8-12.8-12.8h-22.4c-6.4 0-12.8 6.4-12.8 12.8v230.4c0 6.4 6.4 12.8 12.8 12.8zm-192 0h22.4c6.4 0 12.8-6.4 12.8-12.8V140.8c0-6.4-6.4-12.8-12.8-12.8h-22.4c-6.4 0-12.8 6.4-12.8 12.8v198.4c0 6.4 6.4 12.8 12.8 12.8zm96 0h22.4c6.4 0 12.8-6.4 12.8-12.8V204.8c0-6.4-6.4-12.8-12.8-12.8h-22.4c-6.4 0-12.8 6.4-12.8 12.8v134.4c0 6.4 6.4 12.8 12.8 12.8zM496 400H48V80c0-8.84-7.16-16-16-16H16C7.16 64 0 71.16 0 80v336c0 17.67 14.33 32 32 32h464c8.84 0 16-7.16 16-16v-16c0-8.84-7.16-16-16-16zm-387.2-48h22.4c6.4 0 12.8-6.4 12.8-12.8v-70.4c0-6.4-6.4-12.8-12.8-12.8h-22.4c-6.4 0-12.8 6.4-12.8 12.8v70.4c0 6.4 6.4 12.8 12.8 12.8z\" class=\"\"><\/path><\/svg><\/i> <img loading=\"lazy\" decoding=\"async\" width=\"16\" height=\"16\" alt=\"Loading\" src=\"https:\/\/vocesdelacomuna15.com.ar\/wp-content\/plugins\/page-views-count\/ajax-loader-2x.gif\" border=0 \/><\/p><div class=\"pvc_clear\"><\/div>","protected":false},"excerpt":{"rendered":"<p>La posici\u00f3n del Gobierno: El ministro de Desarrollo Productivo le baj\u00f3 las expectativas al debate que se realiza en todo el mundo. Fuente: Clar\u00edn (Publicada el 10 de agosto) El ministro de Desarrollo Productivo,&nbsp;Mat\u00edas Kulfas, explic\u00f3 este martes (por el 10 de agosto) el motivo por el cual cree que es &#8220;imposible&#8221; plantear la&nbsp;reducci\u00f3n de [&hellip;]<\/p>\n<div class=\"pvc_clear\"><\/div>\n<p id=\"pvc_stats_54433\" class=\"pvc_stats all  \" data-element-id=\"54433\" style=\"\"><i class=\"pvc-stats-icon small\" aria-hidden=\"true\"><svg aria-hidden=\"true\" focusable=\"false\" data-prefix=\"far\" data-icon=\"chart-bar\" role=\"img\" xmlns=\"http:\/\/www.w3.org\/2000\/svg\" viewBox=\"0 0 512 512\" class=\"svg-inline--fa fa-chart-bar fa-w-16 fa-2x\"><path fill=\"currentColor\" d=\"M396.8 352h22.4c6.4 0 12.8-6.4 12.8-12.8V108.8c0-6.4-6.4-12.8-12.8-12.8h-22.4c-6.4 0-12.8 6.4-12.8 12.8v230.4c0 6.4 6.4 12.8 12.8 12.8zm-192 0h22.4c6.4 0 12.8-6.4 12.8-12.8V140.8c0-6.4-6.4-12.8-12.8-12.8h-22.4c-6.4 0-12.8 6.4-12.8 12.8v198.4c0 6.4 6.4 12.8 12.8 12.8zm96 0h22.4c6.4 0 12.8-6.4 12.8-12.8V204.8c0-6.4-6.4-12.8-12.8-12.8h-22.4c-6.4 0-12.8 6.4-12.8 12.8v134.4c0 6.4 6.4 12.8 12.8 12.8zM496 400H48V80c0-8.84-7.16-16-16-16H16C7.16 64 0 71.16 0 80v336c0 17.67 14.33 32 32 32h464c8.84 0 16-7.16 16-16v-16c0-8.84-7.16-16-16-16zm-387.2-48h22.4c6.4 0 12.8-6.4 12.8-12.8v-70.4c0-6.4-6.4-12.8-12.8-12.8h-22.4c-6.4 0-12.8 6.4-12.8 12.8v70.4c0 6.4 6.4 12.8 12.8 12.8z\" class=\"\"><\/path><\/svg><\/i> <img loading=\"lazy\" decoding=\"async\" width=\"16\" height=\"16\" alt=\"Loading\" src=\"https:\/\/vocesdelacomuna15.com.ar\/wp-content\/plugins\/page-views-count\/ajax-loader-2x.gif\" border=0 \/><\/p>\n<div class=\"pvc_clear\"><\/div>\n","protected":false},"author":2,"featured_media":54434,"comment_status":"open","ping_status":"open","sticky":false,"template":"","format":"standard","meta":{"_et_pb_use_builder":"off","_et_pb_old_content":"","_et_gb_content_width":"","footnotes":""},"categories":[31],"tags":[],"class_list":["post-54433","post","type-post","status-publish","format-standard","has-post-thumbnail","hentry","category-politica","et-has-post-format-content","et_post_format-et-post-format-standard"],"a3_pvc":{"activated":true,"total_views":261,"today_views":0},"yoast_head":"<!-- This site is optimized with the Yoast SEO plugin v27.5 - https:\/\/yoast.com\/product\/yoast-seo-wordpress\/ -->\n<title>Mat\u00edas Kulfas explic\u00f3 por qu\u00e9 en Argentina \u201ces imposible\u201d plantear la reducci\u00f3n de la jornada laboral - Voces de la Comuna 15<\/title>\n<meta name=\"description\" content=\"Voces de la Comuna 15\" \/>\n<meta name=\"robots\" content=\"index, follow, max-snippet:-1, max-image-preview:large, max-video-preview:-1\" \/>\n<link rel=\"canonical\" href=\"https:\/\/vocesdelacomuna15.com.ar\/press\/matias-kulfas-explico-por-que-en-argentina-es-imposible-plantear-la-reduccion-de-la-jornada-laboral\/\" \/>\n<meta property=\"og:locale\" content=\"es_ES\" \/>\n<meta property=\"og:type\" content=\"article\" \/>\n<meta property=\"og:title\" content=\"Mat\u00edas Kulfas explic\u00f3 por qu\u00e9 en Argentina \u201ces imposible\u201d plantear la reducci\u00f3n de la jornada laboral - Voces de la Comuna 15\" \/>\n<meta property=\"og:description\" content=\"Voces de la Comuna 15\" \/>\n<meta property=\"og:url\" content=\"https:\/\/vocesdelacomuna15.com.ar\/press\/matias-kulfas-explico-por-que-en-argentina-es-imposible-plantear-la-reduccion-de-la-jornada-laboral\/\" \/>\n<meta property=\"og:site_name\" content=\"Voces de la Comuna 15\" \/>\n<meta property=\"article:publisher\" content=\"https:\/\/www.facebook.com\/VocesComuna15\/\" \/>\n<meta property=\"article:published_time\" content=\"2021-08-18T02:59:12+00:00\" \/>\n<meta property=\"article:modified_time\" content=\"2021-08-19T14:55:20+00:00\" \/>\n<meta property=\"og:image\" content=\"https:\/\/vocesdelacomuna15.com.ar\/wp-content\/uploads\/2021\/08\/kulfas-1008.jpg\" \/>\n\t<meta property=\"og:image:width\" content=\"1256\" \/>\n\t<meta property=\"og:image:height\" content=\"620\" \/>\n\t<meta property=\"og:image:type\" content=\"image\/jpeg\" \/>\n<meta name=\"author\" content=\"Federico Arguto\" \/>\n<meta name=\"twitter:card\" content=\"summary_large_image\" \/>\n<meta name=\"twitter:creator\" content=\"@vocescomuna15\" \/>\n<meta name=\"twitter:site\" content=\"@vocescomuna15\" \/>\n<meta name=\"twitter:label1\" content=\"Escrito por\" \/>\n\t<meta name=\"twitter:data1\" content=\"Federico Arguto\" \/>\n\t<meta name=\"twitter:label2\" content=\"Tiempo de lectura\" \/>\n\t<meta name=\"twitter:data2\" content=\"5 minutos\" \/>\n<script type=\"application\/ld+json\" class=\"yoast-schema-graph\">{\"@context\":\"https:\\\/\\\/schema.org\",\"@graph\":[{\"@type\":\"Article\",\"@id\":\"https:\\\/\\\/vocesdelacomuna15.com.ar\\\/press\\\/matias-kulfas-explico-por-que-en-argentina-es-imposible-plantear-la-reduccion-de-la-jornada-laboral\\\/#article\",\"isPartOf\":{\"@id\":\"https:\\\/\\\/vocesdelacomuna15.com.ar\\\/press\\\/matias-kulfas-explico-por-que-en-argentina-es-imposible-plantear-la-reduccion-de-la-jornada-laboral\\\/\"},\"author\":{\"name\":\"Federico Arguto\",\"@id\":\"https:\\\/\\\/vocesdelacomuna15.com.ar\\\/press\\\/#\\\/schema\\\/person\\\/4739e109db25d799cd3d139eeb509e43\"},\"headline\":\"Mat\u00edas Kulfas explic\u00f3 por qu\u00e9 en Argentina \u201ces imposible\u201d plantear la reducci\u00f3n de la jornada laboral\",\"datePublished\":\"2021-08-18T02:59:12+00:00\",\"dateModified\":\"2021-08-19T14:55:20+00:00\",\"mainEntityOfPage\":{\"@id\":\"https:\\\/\\\/vocesdelacomuna15.com.ar\\\/press\\\/matias-kulfas-explico-por-que-en-argentina-es-imposible-plantear-la-reduccion-de-la-jornada-laboral\\\/\"},\"wordCount\":1012,\"commentCount\":0,\"publisher\":{\"@id\":\"https:\\\/\\\/vocesdelacomuna15.com.ar\\\/press\\\/#organization\"},\"image\":{\"@id\":\"https:\\\/\\\/vocesdelacomuna15.com.ar\\\/press\\\/matias-kulfas-explico-por-que-en-argentina-es-imposible-plantear-la-reduccion-de-la-jornada-laboral\\\/#primaryimage\"},\"thumbnailUrl\":\"https:\\\/\\\/vocesdelacomuna15.com.ar\\\/wp-content\\\/uploads\\\/2021\\\/08\\\/kulfas-1008.jpg\",\"articleSection\":[\"Pol\u00edtica\"],\"inLanguage\":\"es-AR\",\"potentialAction\":[{\"@type\":\"CommentAction\",\"name\":\"Comment\",\"target\":[\"https:\\\/\\\/vocesdelacomuna15.com.ar\\\/press\\\/matias-kulfas-explico-por-que-en-argentina-es-imposible-plantear-la-reduccion-de-la-jornada-laboral\\\/#respond\"]}]},{\"@type\":\"WebPage\",\"@id\":\"https:\\\/\\\/vocesdelacomuna15.com.ar\\\/press\\\/matias-kulfas-explico-por-que-en-argentina-es-imposible-plantear-la-reduccion-de-la-jornada-laboral\\\/\",\"url\":\"https:\\\/\\\/vocesdelacomuna15.com.ar\\\/press\\\/matias-kulfas-explico-por-que-en-argentina-es-imposible-plantear-la-reduccion-de-la-jornada-laboral\\\/\",\"name\":\"Mat\u00edas Kulfas explic\u00f3 por qu\u00e9 en Argentina \u201ces imposible\u201d plantear la reducci\u00f3n de la jornada laboral - Voces de la Comuna 15\",\"isPartOf\":{\"@id\":\"https:\\\/\\\/vocesdelacomuna15.com.ar\\\/press\\\/#website\"},\"primaryImageOfPage\":{\"@id\":\"https:\\\/\\\/vocesdelacomuna15.com.ar\\\/press\\\/matias-kulfas-explico-por-que-en-argentina-es-imposible-plantear-la-reduccion-de-la-jornada-laboral\\\/#primaryimage\"},\"image\":{\"@id\":\"https:\\\/\\\/vocesdelacomuna15.com.ar\\\/press\\\/matias-kulfas-explico-por-que-en-argentina-es-imposible-plantear-la-reduccion-de-la-jornada-laboral\\\/#primaryimage\"},\"thumbnailUrl\":\"https:\\\/\\\/vocesdelacomuna15.com.ar\\\/wp-content\\\/uploads\\\/2021\\\/08\\\/kulfas-1008.jpg\",\"datePublished\":\"2021-08-18T02:59:12+00:00\",\"dateModified\":\"2021-08-19T14:55:20+00:00\",\"description\":\"Voces de la Comuna 15\",\"breadcrumb\":{\"@id\":\"https:\\\/\\\/vocesdelacomuna15.com.ar\\\/press\\\/matias-kulfas-explico-por-que-en-argentina-es-imposible-plantear-la-reduccion-de-la-jornada-laboral\\\/#breadcrumb\"},\"inLanguage\":\"es-AR\",\"potentialAction\":[{\"@type\":\"ReadAction\",\"target\":[\"https:\\\/\\\/vocesdelacomuna15.com.ar\\\/press\\\/matias-kulfas-explico-por-que-en-argentina-es-imposible-plantear-la-reduccion-de-la-jornada-laboral\\\/\"]}]},{\"@type\":\"ImageObject\",\"inLanguage\":\"es-AR\",\"@id\":\"https:\\\/\\\/vocesdelacomuna15.com.ar\\\/press\\\/matias-kulfas-explico-por-que-en-argentina-es-imposible-plantear-la-reduccion-de-la-jornada-laboral\\\/#primaryimage\",\"url\":\"https:\\\/\\\/vocesdelacomuna15.com.ar\\\/wp-content\\\/uploads\\\/2021\\\/08\\\/kulfas-1008.jpg\",\"contentUrl\":\"https:\\\/\\\/vocesdelacomuna15.com.ar\\\/wp-content\\\/uploads\\\/2021\\\/08\\\/kulfas-1008.jpg\",\"width\":1256,\"height\":620},{\"@type\":\"BreadcrumbList\",\"@id\":\"https:\\\/\\\/vocesdelacomuna15.com.ar\\\/press\\\/matias-kulfas-explico-por-que-en-argentina-es-imposible-plantear-la-reduccion-de-la-jornada-laboral\\\/#breadcrumb\",\"itemListElement\":[{\"@type\":\"ListItem\",\"position\":1,\"name\":\"Inicio\",\"item\":\"https:\\\/\\\/vocesdelacomuna15.com.ar\\\/press\\\/\"},{\"@type\":\"ListItem\",\"position\":2,\"name\":\"Mat\u00edas Kulfas explic\u00f3 por qu\u00e9 en Argentina \u201ces imposible\u201d plantear la reducci\u00f3n de la jornada laboral\"}]},{\"@type\":\"WebSite\",\"@id\":\"https:\\\/\\\/vocesdelacomuna15.com.ar\\\/press\\\/#website\",\"url\":\"https:\\\/\\\/vocesdelacomuna15.com.ar\\\/press\\\/\",\"name\":\"Voces de la Comuna 15\",\"description\":\"Sitio web de noticias\",\"publisher\":{\"@id\":\"https:\\\/\\\/vocesdelacomuna15.com.ar\\\/press\\\/#organization\"},\"potentialAction\":[{\"@type\":\"SearchAction\",\"target\":{\"@type\":\"EntryPoint\",\"urlTemplate\":\"https:\\\/\\\/vocesdelacomuna15.com.ar\\\/press\\\/?s={search_term_string}\"},\"query-input\":{\"@type\":\"PropertyValueSpecification\",\"valueRequired\":true,\"valueName\":\"search_term_string\"}}],\"inLanguage\":\"es-AR\"},{\"@type\":\"Organization\",\"@id\":\"https:\\\/\\\/vocesdelacomuna15.com.ar\\\/press\\\/#organization\",\"name\":\"Voces de la Comuna 15\",\"url\":\"https:\\\/\\\/vocesdelacomuna15.com.ar\\\/press\\\/\",\"logo\":{\"@type\":\"ImageObject\",\"inLanguage\":\"es-AR\",\"@id\":\"https:\\\/\\\/vocesdelacomuna15.com.ar\\\/press\\\/#\\\/schema\\\/logo\\\/image\\\/\",\"url\":\"https:\\\/\\\/vocesdelacomuna15.com.ar\\\/wp-content\\\/uploads\\\/2024\\\/12\\\/cropped-logo_voces.jpg\",\"contentUrl\":\"https:\\\/\\\/vocesdelacomuna15.com.ar\\\/wp-content\\\/uploads\\\/2024\\\/12\\\/cropped-logo_voces.jpg\",\"width\":512,\"height\":512,\"caption\":\"Voces de la Comuna 15\"},\"image\":{\"@id\":\"https:\\\/\\\/vocesdelacomuna15.com.ar\\\/press\\\/#\\\/schema\\\/logo\\\/image\\\/\"},\"sameAs\":[\"https:\\\/\\\/www.facebook.com\\\/VocesComuna15\\\/\",\"https:\\\/\\\/x.com\\\/vocescomuna15\"]},{\"@type\":\"Person\",\"@id\":\"https:\\\/\\\/vocesdelacomuna15.com.ar\\\/press\\\/#\\\/schema\\\/person\\\/4739e109db25d799cd3d139eeb509e43\",\"name\":\"Federico Arguto\",\"image\":{\"@type\":\"ImageObject\",\"inLanguage\":\"es-AR\",\"@id\":\"https:\\\/\\\/vocesdelacomuna15.com.ar\\\/wp-content\\\/litespeed\\\/avatar\\\/82faf979976f1bae889b8b71f8a0a7e5.jpg?ver=1777419741\",\"url\":\"https:\\\/\\\/vocesdelacomuna15.com.ar\\\/wp-content\\\/litespeed\\\/avatar\\\/82faf979976f1bae889b8b71f8a0a7e5.jpg?ver=1777419741\",\"contentUrl\":\"https:\\\/\\\/vocesdelacomuna15.com.ar\\\/wp-content\\\/litespeed\\\/avatar\\\/82faf979976f1bae889b8b71f8a0a7e5.jpg?ver=1777419741\",\"caption\":\"Federico Arguto\"},\"url\":\"https:\\\/\\\/vocesdelacomuna15.com.ar\\\/press\\\/author\\\/fede\\\/\"}]}<\/script>\n<!-- \/ Yoast SEO plugin. -->","yoast_head_json":{"title":"Mat\u00edas Kulfas explic\u00f3 por qu\u00e9 en Argentina \u201ces imposible\u201d plantear la reducci\u00f3n de la jornada laboral - Voces de la Comuna 15","description":"Voces de la Comuna 15","robots":{"index":"index","follow":"follow","max-snippet":"max-snippet:-1","max-image-preview":"max-image-preview:large","max-video-preview":"max-video-preview:-1"},"canonical":"https:\/\/vocesdelacomuna15.com.ar\/press\/matias-kulfas-explico-por-que-en-argentina-es-imposible-plantear-la-reduccion-de-la-jornada-laboral\/","og_locale":"es_ES","og_type":"article","og_title":"Mat\u00edas Kulfas explic\u00f3 por qu\u00e9 en Argentina \u201ces imposible\u201d plantear la reducci\u00f3n de la jornada laboral - Voces de la Comuna 15","og_description":"Voces de la Comuna 15","og_url":"https:\/\/vocesdelacomuna15.com.ar\/press\/matias-kulfas-explico-por-que-en-argentina-es-imposible-plantear-la-reduccion-de-la-jornada-laboral\/","og_site_name":"Voces de la Comuna 15","article_publisher":"https:\/\/www.facebook.com\/VocesComuna15\/","article_published_time":"2021-08-18T02:59:12+00:00","article_modified_time":"2021-08-19T14:55:20+00:00","og_image":[{"width":1256,"height":620,"url":"https:\/\/vocesdelacomuna15.com.ar\/wp-content\/uploads\/2021\/08\/kulfas-1008.jpg","type":"image\/jpeg"}],"author":"Federico Arguto","twitter_card":"summary_large_image","twitter_creator":"@vocescomuna15","twitter_site":"@vocescomuna15","twitter_misc":{"Escrito por":"Federico Arguto","Tiempo de lectura":"5 minutos"},"schema":{"@context":"https:\/\/schema.org","@graph":[{"@type":"Article","@id":"https:\/\/vocesdelacomuna15.com.ar\/press\/matias-kulfas-explico-por-que-en-argentina-es-imposible-plantear-la-reduccion-de-la-jornada-laboral\/#article","isPartOf":{"@id":"https:\/\/vocesdelacomuna15.com.ar\/press\/matias-kulfas-explico-por-que-en-argentina-es-imposible-plantear-la-reduccion-de-la-jornada-laboral\/"},"author":{"name":"Federico Arguto","@id":"https:\/\/vocesdelacomuna15.com.ar\/press\/#\/schema\/person\/4739e109db25d799cd3d139eeb509e43"},"headline":"Mat\u00edas Kulfas explic\u00f3 por qu\u00e9 en Argentina \u201ces imposible\u201d plantear la reducci\u00f3n de la jornada laboral","datePublished":"2021-08-18T02:59:12+00:00","dateModified":"2021-08-19T14:55:20+00:00","mainEntityOfPage":{"@id":"https:\/\/vocesdelacomuna15.com.ar\/press\/matias-kulfas-explico-por-que-en-argentina-es-imposible-plantear-la-reduccion-de-la-jornada-laboral\/"},"wordCount":1012,"commentCount":0,"publisher":{"@id":"https:\/\/vocesdelacomuna15.com.ar\/press\/#organization"},"image":{"@id":"https:\/\/vocesdelacomuna15.com.ar\/press\/matias-kulfas-explico-por-que-en-argentina-es-imposible-plantear-la-reduccion-de-la-jornada-laboral\/#primaryimage"},"thumbnailUrl":"https:\/\/vocesdelacomuna15.com.ar\/wp-content\/uploads\/2021\/08\/kulfas-1008.jpg","articleSection":["Pol\u00edtica"],"inLanguage":"es-AR","potentialAction":[{"@type":"CommentAction","name":"Comment","target":["https:\/\/vocesdelacomuna15.com.ar\/press\/matias-kulfas-explico-por-que-en-argentina-es-imposible-plantear-la-reduccion-de-la-jornada-laboral\/#respond"]}]},{"@type":"WebPage","@id":"https:\/\/vocesdelacomuna15.com.ar\/press\/matias-kulfas-explico-por-que-en-argentina-es-imposible-plantear-la-reduccion-de-la-jornada-laboral\/","url":"https:\/\/vocesdelacomuna15.com.ar\/press\/matias-kulfas-explico-por-que-en-argentina-es-imposible-plantear-la-reduccion-de-la-jornada-laboral\/","name":"Mat\u00edas Kulfas explic\u00f3 por qu\u00e9 en Argentina \u201ces imposible\u201d plantear la reducci\u00f3n de la jornada laboral - Voces de la Comuna 15","isPartOf":{"@id":"https:\/\/vocesdelacomuna15.com.ar\/press\/#website"},"primaryImageOfPage":{"@id":"https:\/\/vocesdelacomuna15.com.ar\/press\/matias-kulfas-explico-por-que-en-argentina-es-imposible-plantear-la-reduccion-de-la-jornada-laboral\/#primaryimage"},"image":{"@id":"https:\/\/vocesdelacomuna15.com.ar\/press\/matias-kulfas-explico-por-que-en-argentina-es-imposible-plantear-la-reduccion-de-la-jornada-laboral\/#primaryimage"},"thumbnailUrl":"https:\/\/vocesdelacomuna15.com.ar\/wp-content\/uploads\/2021\/08\/kulfas-1008.jpg","datePublished":"2021-08-18T02:59:12+00:00","dateModified":"2021-08-19T14:55:20+00:00","description":"Voces de la Comuna 15","breadcrumb":{"@id":"https:\/\/vocesdelacomuna15.com.ar\/press\/matias-kulfas-explico-por-que-en-argentina-es-imposible-plantear-la-reduccion-de-la-jornada-laboral\/#breadcrumb"},"inLanguage":"es-AR","potentialAction":[{"@type":"ReadAction","target":["https:\/\/vocesdelacomuna15.com.ar\/press\/matias-kulfas-explico-por-que-en-argentina-es-imposible-plantear-la-reduccion-de-la-jornada-laboral\/"]}]},{"@type":"ImageObject","inLanguage":"es-AR","@id":"https:\/\/vocesdelacomuna15.com.ar\/press\/matias-kulfas-explico-por-que-en-argentina-es-imposible-plantear-la-reduccion-de-la-jornada-laboral\/#primaryimage","url":"https:\/\/vocesdelacomuna15.com.ar\/wp-content\/uploads\/2021\/08\/kulfas-1008.jpg","contentUrl":"https:\/\/vocesdelacomuna15.com.ar\/wp-content\/uploads\/2021\/08\/kulfas-1008.jpg","width":1256,"height":620},{"@type":"BreadcrumbList","@id":"https:\/\/vocesdelacomuna15.com.ar\/press\/matias-kulfas-explico-por-que-en-argentina-es-imposible-plantear-la-reduccion-de-la-jornada-laboral\/#breadcrumb","itemListElement":[{"@type":"ListItem","position":1,"name":"Inicio","item":"https:\/\/vocesdelacomuna15.com.ar\/press\/"},{"@type":"ListItem","position":2,"name":"Mat\u00edas Kulfas explic\u00f3 por qu\u00e9 en Argentina \u201ces imposible\u201d plantear la reducci\u00f3n de la jornada laboral"}]},{"@type":"WebSite","@id":"https:\/\/vocesdelacomuna15.com.ar\/press\/#website","url":"https:\/\/vocesdelacomuna15.com.ar\/press\/","name":"Voces de la Comuna 15","description":"Sitio web de noticias","publisher":{"@id":"https:\/\/vocesdelacomuna15.com.ar\/press\/#organization"},"potentialAction":[{"@type":"SearchAction","target":{"@type":"EntryPoint","urlTemplate":"https:\/\/vocesdelacomuna15.com.ar\/press\/?s={search_term_string}"},"query-input":{"@type":"PropertyValueSpecification","valueRequired":true,"valueName":"search_term_string"}}],"inLanguage":"es-AR"},{"@type":"Organization","@id":"https:\/\/vocesdelacomuna15.com.ar\/press\/#organization","name":"Voces de la Comuna 15","url":"https:\/\/vocesdelacomuna15.com.ar\/press\/","logo":{"@type":"ImageObject","inLanguage":"es-AR","@id":"https:\/\/vocesdelacomuna15.com.ar\/press\/#\/schema\/logo\/image\/","url":"https:\/\/vocesdelacomuna15.com.ar\/wp-content\/uploads\/2024\/12\/cropped-logo_voces.jpg","contentUrl":"https:\/\/vocesdelacomuna15.com.ar\/wp-content\/uploads\/2024\/12\/cropped-logo_voces.jpg","width":512,"height":512,"caption":"Voces de la Comuna 15"},"image":{"@id":"https:\/\/vocesdelacomuna15.com.ar\/press\/#\/schema\/logo\/image\/"},"sameAs":["https:\/\/www.facebook.com\/VocesComuna15\/","https:\/\/x.com\/vocescomuna15"]},{"@type":"Person","@id":"https:\/\/vocesdelacomuna15.com.ar\/press\/#\/schema\/person\/4739e109db25d799cd3d139eeb509e43","name":"Federico Arguto","image":{"@type":"ImageObject","inLanguage":"es-AR","@id":"https:\/\/vocesdelacomuna15.com.ar\/wp-content\/litespeed\/avatar\/82faf979976f1bae889b8b71f8a0a7e5.jpg?ver=1777419741","url":"https:\/\/vocesdelacomuna15.com.ar\/wp-content\/litespeed\/avatar\/82faf979976f1bae889b8b71f8a0a7e5.jpg?ver=1777419741","contentUrl":"https:\/\/vocesdelacomuna15.com.ar\/wp-content\/litespeed\/avatar\/82faf979976f1bae889b8b71f8a0a7e5.jpg?ver=1777419741","caption":"Federico Arguto"},"url":"https:\/\/vocesdelacomuna15.com.ar\/press\/author\/fede\/"}]}},"_links":{"self":[{"href":"https:\/\/vocesdelacomuna15.com.ar\/press\/wp-json\/wp\/v2\/posts\/54433","targetHints":{"allow":["GET"]}}],"collection":[{"href":"https:\/\/vocesdelacomuna15.com.ar\/press\/wp-json\/wp\/v2\/posts"}],"about":[{"href":"https:\/\/vocesdelacomuna15.com.ar\/press\/wp-json\/wp\/v2\/types\/post"}],"author":[{"embeddable":true,"href":"https:\/\/vocesdelacomuna15.com.ar\/press\/wp-json\/wp\/v2\/users\/2"}],"replies":[{"embeddable":true,"href":"https:\/\/vocesdelacomuna15.com.ar\/press\/wp-json\/wp\/v2\/comments?post=54433"}],"version-history":[{"count":1,"href":"https:\/\/vocesdelacomuna15.com.ar\/press\/wp-json\/wp\/v2\/posts\/54433\/revisions"}],"predecessor-version":[{"id":54435,"href":"https:\/\/vocesdelacomuna15.com.ar\/press\/wp-json\/wp\/v2\/posts\/54433\/revisions\/54435"}],"wp:featuredmedia":[{"embeddable":true,"href":"https:\/\/vocesdelacomuna15.com.ar\/press\/wp-json\/wp\/v2\/media\/54434"}],"wp:attachment":[{"href":"https:\/\/vocesdelacomuna15.com.ar\/press\/wp-json\/wp\/v2\/media?parent=54433"}],"wp:term":[{"taxonomy":"category","embeddable":true,"href":"https:\/\/vocesdelacomuna15.com.ar\/press\/wp-json\/wp\/v2\/categories?post=54433"},{"taxonomy":"post_tag","embeddable":true,"href":"https:\/\/vocesdelacomuna15.com.ar\/press\/wp-json\/wp\/v2\/tags?post=54433"}],"curies":[{"name":"wp","href":"https:\/\/api.w.org\/{rel}","templated":true}]}}