{"id":54369,"date":"2021-07-27T18:16:38","date_gmt":"2021-07-27T21:16:38","guid":{"rendered":"http:\/\/vocesdelacomuna15.com.ar\/wordpress\/?p=54369"},"modified":"2021-07-27T18:21:10","modified_gmt":"2021-07-27T21:21:10","slug":"agonico-triunfo-de-argentinos-ante-newells-en-la-paternal","status":"publish","type":"post","link":"https:\/\/vocesdelacomuna15.com.ar\/press\/agonico-triunfo-de-argentinos-ante-newells-en-la-paternal\/","title":{"rendered":"Ag\u00f3nico triunfo de Argentinos ante Newell\u00b4s en La Paternal"},"content":{"rendered":"\n<p>Fue 1-0 con tanto de Lucas Villalba a los 87 minutos<\/p>\n\n\n\n<p>Tras la eliminaci\u00f3n ante River por la Copa Libertadores de la semana pasada, los \u201cbichos\u201d colorados sacaron pecho en las dif\u00edciles y lograron volver anoche al triunfo en el Diego Armando Maradona. Fue ag\u00f3nicamente ante Newell\u00b4s \u2013que qued\u00f3 con uno menos a los 45 minutos por expulsi\u00f3n de Jonathan Cristaldo- con gol de Lucas Villalba de arremetida a los 87 minutos.<\/p>\n\n\n\n<figure class=\"wp-block-image\"><img loading=\"lazy\" decoding=\"async\" width=\"1024\" height=\"683\" src=\"http:\/\/vocesdelacomuna15.com.ar\/wordpress\/wp-content\/uploads\/2021\/07\/villalba2707-1024x683.jpg\" alt=\"\" class=\"wp-image-54370\" srcset=\"https:\/\/vocesdelacomuna15.com.ar\/wp-content\/uploads\/2021\/07\/villalba2707-1024x683.jpg 1024w, https:\/\/vocesdelacomuna15.com.ar\/wp-content\/uploads\/2021\/07\/villalba2707-300x200.jpg 300w, https:\/\/vocesdelacomuna15.com.ar\/wp-content\/uploads\/2021\/07\/villalba2707-768x512.jpg 768w, https:\/\/vocesdelacomuna15.com.ar\/wp-content\/uploads\/2021\/07\/villalba2707-1080x720.jpg 1080w, https:\/\/vocesdelacomuna15.com.ar\/wp-content\/uploads\/2021\/07\/villalba2707-600x400.jpg 600w, https:\/\/vocesdelacomuna15.com.ar\/wp-content\/uploads\/2021\/07\/villalba2707.jpg 2048w\" sizes=\"(max-width: 1024px) 100vw, 1024px\" \/><\/figure>\n\n\n\n<p>Despu\u00e9s de un\nprimer tiempo algo chato y con pocas llegadas, el partido cambiar\u00eda a partir de\nlos 45 minutos, cuando fue expulsado el \u201cChurry\u201d Cristaldo por un planchazo\nimprudente al disputar un bal\u00f3n con Kevin Mac Allister. A partir de all\u00ed,\nArgentinos se tornar\u00eda dominador del partido, aunque con m\u00e1s empuje que juego.\nGabriel Milito realiz\u00f3 5 cambios ofensivos entre los 60 y los 73 minutos que\ninclinaron la cancha y con un Newell\u00b4s tirado atr\u00e1s, el \u201cbicho\u201d peloteaba a su\nrival pero no pod\u00eda concretar. Las llegadas fueron m\u00e1s bien centros, cuyas\ndefiniciones pasaron cerca, ya sea en la primera jugada o en el rebote o no\npudieron conectarse. La m\u00e1s clara fue un rebote que le qued\u00f3 a Mat\u00edas Romero en\nla segunda etapa, que estando muy cerca del arco, defini\u00f3 con un zurdazo que\npas\u00f3 por encima del travesa\u00f1o. &nbsp;As\u00ed fue\ncomo llegar\u00eda el gol: despu\u00e9s de un c\u00f3rner desde la derecha que pein\u00f3 Torr\u00e9n,\nVillalba conect\u00f3 entrando por el segundo palo, pero su remate fue tapado por el\narquero que dio rebote y tras ello, tir\u00e1ndose al piso al disputar la pelota con\ndos defensores rivales, el ex Aldosivi logr\u00f3 abrir el marcador.<\/p>\n\n\n\n<p>Pocos minutos\ndespu\u00e9s, Nicol\u00e1s Reniero err\u00f3 un gol incre\u00edble que hubiera liquidado el partido.\nEl ex Racing intercept\u00f3 una mala salida de Jer\u00f3nimo Cacciabue, luego de eso\neludi\u00f3 al arquero y quedando solo contra el arco la tir\u00f3 por encima del\ntravesa\u00f1o cuando Alan Aguerre hab\u00eda quedado tirado en el piso y Cacciabue\nvolv\u00eda para tapar pero a\u00fan estaba lejos. Tras cart\u00f3n, Aguerre sac\u00f3 del arco y despu\u00e9s\nde la disputa de la pelota, qued\u00f3 un delantero de la \u201clepra\u201d solo contra el\narco de Lucas Chaves, pero la jugada fue anulada por offside. El fallo fue muy\nprotestado por los rosarinos, que aseguraban que un defensor de Argentinos\nhab\u00eda peinado la pelota para atr\u00e1s. Fue finalmente triunfo para Argentinos, que\ntiene una victoria y un empate en el campeonato y visitar\u00e1 a Arsenal este\njueves a las 16.30 por la tercera jornada del torneo de Primera.<\/p>\n\n\n\n<p>Argentinos Juniors form\u00f3 con Chaves; Kevin Mac Allister, Torr\u00e9n, Villalba; Sandoval, Mat\u00edas Romero, Moyano, El\u00edas G\u00f3mez; Hauche, \u00c1valos y Florent\u00edn. Ingresaron para el equipo dirigido por Gabriel Milito, a los 60 minutos Reniero por Hauche, Cabrera por Romero y Carabajal por Sandoval y a los 73 Luciano G\u00f3mez por Mac Allister y Jonathan G\u00f3mez por Moyano.<\/p>\n\n\n\n<p>Resumen del partido: (LPF- YouTube)<\/p>\n\n\n\n<figure class=\"wp-block-embed-youtube wp-block-embed is-type-video is-provider-youtube wp-embed-aspect-16-9 wp-has-aspect-ratio\"><div class=\"wp-block-embed__wrapper\">\n<iframe loading=\"lazy\" title=\"#TorneoSocios | Fecha 2 | resumen de Argentinos - Newells\" width=\"1080\" height=\"608\" src=\"https:\/\/www.youtube.com\/embed\/kUuHcdsNmQQ?start=186&#038;feature=oembed\" frameborder=\"0\" allow=\"accelerometer; autoplay; clipboard-write; encrypted-media; gyroscope; picture-in-picture\" allowfullscreen><\/iframe>\n<\/div><\/figure>\n\n\n\n<p>Conferencia de Prensa (Prensa AAAJ- You Tube): <\/p>\n\n\n\n<figure class=\"wp-block-embed-youtube wp-block-embed is-type-video is-provider-youtube wp-embed-aspect-16-9 wp-has-aspect-ratio\"><div class=\"wp-block-embed__wrapper\">\n<iframe loading=\"lazy\" title=\"Conferencia de Prensa - Gabriel Milito vs. Newell&#039;s\" width=\"1080\" height=\"608\" src=\"https:\/\/www.youtube.com\/embed\/Onme-yDaB9E?feature=oembed\" frameborder=\"0\" allow=\"accelerometer; autoplay; clipboard-write; encrypted-media; gyroscope; picture-in-picture\" allowfullscreen><\/iframe>\n<\/div><\/figure>\n\n\n\n<p>DERROTA DE ATLANTA EN EL CL\u00c1SICO CON CHACARITA<\/p>\n\n\n\n<p>Ayer por la tarde en el Le\u00f3n Kolbowsky, Atlanta cay\u00f3 en el cl\u00e1sico ante Chacarita por 3 a 0 con tantos de Mazur a los 51 minutos, Nieto a los 77 y Perales en contra a los 83. El \u201cbohemio\u201d sigue en ca\u00edda libre y ya suma 8 partidos sin poder ganar. Los dirigidos por Walter Erviti quedaron 6\u00ba en la tabla con 26 puntos y 6 victorias, 8 empates y 3 derrotas. El nuevo l\u00edder de la Zona A de la Primera Nacional es Almirante Brown con 32 unidades, seguido por Gimnasia de Mendoza con 30, Tigre y San Mart\u00edn de Tucum\u00e1n con 29 y Quilmes con 28. El puntero y los \u201ccerveceros\u201d fueron los \u00fanicos del pelot\u00f3n de arriba que ganaron en esta jornada. En la pr\u00f3xima Atlanta visitar\u00e1 a Nueva Chicago, que est\u00e1 \u00faltimo. En la Zona B el l\u00edder sigue siendo G\u00fcemes de Santiago del Estero con 34 puntos, seguido por Barracas Central con 31 y por Defensores de Belgrano y Brown de Adrogu\u00e9 con 37. Los ganadores de cada zona jugar\u00e1n la final por el primer ascenso a Primera mientras que entre el 2\u00ba y el 4\u00ba clasificar\u00e1n al reducido por el segundo ascenso.  Por otra parte, el domingo hubo elecciones en Atlanta y gan\u00f3 Gabriel Greco, quien fue reelecto Presidente. <\/p>\n\n\n\n<p>Atlanta contra Chacarita par\u00f3 a Tello; Luque, P\u00e9rez, Perales, Fern\u00e1ndez; Ram\u00edrez, Bol\u00edvar, Dramisino; Solari, Colombini y Pedrozo. Ingresaron a los 56 minutos Mart\u00ednez por Dramisino y los 74 Taborda por Luque y L\u00f3pez por Fern\u00e1ndez.<\/p>\n\n\n\n<figure class=\"wp-block-image\"><img loading=\"lazy\" decoding=\"async\" width=\"1024\" height=\"682\" src=\"http:\/\/vocesdelacomuna15.com.ar\/wordpress\/wp-content\/uploads\/2021\/07\/atlanta-chaca-2707-1024x682.jpg\" alt=\"\" class=\"wp-image-54372\" srcset=\"https:\/\/vocesdelacomuna15.com.ar\/wp-content\/uploads\/2021\/07\/atlanta-chaca-2707-1024x682.jpg 1024w, https:\/\/vocesdelacomuna15.com.ar\/wp-content\/uploads\/2021\/07\/atlanta-chaca-2707-300x200.jpg 300w, https:\/\/vocesdelacomuna15.com.ar\/wp-content\/uploads\/2021\/07\/atlanta-chaca-2707-768x511.jpg 768w, https:\/\/vocesdelacomuna15.com.ar\/wp-content\/uploads\/2021\/07\/atlanta-chaca-2707-1080x719.jpg 1080w, https:\/\/vocesdelacomuna15.com.ar\/wp-content\/uploads\/2021\/07\/atlanta-chaca-2707-600x399.jpg 600w, https:\/\/vocesdelacomuna15.com.ar\/wp-content\/uploads\/2021\/07\/atlanta-chaca-2707.jpg 1600w\" sizes=\"(max-width: 1024px) 100vw, 1024px\" \/><\/figure>\n\n\n\n<p>Resumen del partido (Amado Ascenso- You Tube): <\/p>\n\n\n\n<figure class=\"wp-block-embed-youtube wp-block-embed is-type-video is-provider-youtube wp-embed-aspect-16-9 wp-has-aspect-ratio\"><div class=\"wp-block-embed__wrapper\">\n<iframe loading=\"lazy\" title=\"ATLANTA 0-3 CHACARITA || Primera Nacional || GOLES\" width=\"1080\" height=\"608\" src=\"https:\/\/www.youtube.com\/embed\/mVunVNCvnPo?feature=oembed\" frameborder=\"0\" allow=\"accelerometer; autoplay; clipboard-write; encrypted-media; gyroscope; picture-in-picture\" allowfullscreen><\/iframe>\n<\/div><\/figure>\n\n\n\n<p>DERROTA DE\nCOMUNICACIONES EN LA B METRO<\/p>\n\n\n\n<p>Por la segunda fecha del Torneo Clausura de la B Metro, el s\u00e1bado pasado Comunicaciones cay\u00f3 2-1 ante Flandria en Agronom\u00eda. Los visitantes marcaron a los 11 minutos por medio de Gordillo y a los 45 a trav\u00e9s de Iba\u00f1ez. A los 90 descont\u00f3 Zagert para los \u201ccarteros\u201d, que por la fecha 3 visitar\u00e1n el pr\u00f3ximo s\u00e1bado a las 15 a Ca\u00f1uelas.<\/p>\n\n\n\n<figure class=\"wp-block-image\"><img loading=\"lazy\" decoding=\"async\" width=\"742\" height=\"1024\" src=\"http:\/\/vocesdelacomuna15.com.ar\/wordpress\/wp-content\/uploads\/2021\/07\/zagert2707-742x1024.jpg\" alt=\"\" class=\"wp-image-54373\" srcset=\"https:\/\/vocesdelacomuna15.com.ar\/wp-content\/uploads\/2021\/07\/zagert2707-742x1024.jpg 742w, https:\/\/vocesdelacomuna15.com.ar\/wp-content\/uploads\/2021\/07\/zagert2707-218x300.jpg 218w, https:\/\/vocesdelacomuna15.com.ar\/wp-content\/uploads\/2021\/07\/zagert2707-768x1059.jpg 768w, https:\/\/vocesdelacomuna15.com.ar\/wp-content\/uploads\/2021\/07\/zagert2707-600x828.jpg 600w, https:\/\/vocesdelacomuna15.com.ar\/wp-content\/uploads\/2021\/07\/zagert2707.jpg 783w\" sizes=\"(max-width: 742px) 100vw, 742px\" \/><\/figure>\n\n\n\n<p>Caracteres: 4.604<\/p>\n\n\n\n<p>Fotos Argentinos: Prensa AAAJ<\/p>\n\n\n\n<p>Fotos Atlanta: Atlanta\nOficial<\/p>\n\n\n\n<p>Fotos\nComunicaciones: Prensa Comu<\/p>\n<div class=\"pvc_clear\"><\/div><p id=\"pvc_stats_54369\" class=\"pvc_stats all  \" data-element-id=\"54369\" style=\"\"><i class=\"pvc-stats-icon small\" aria-hidden=\"true\"><svg aria-hidden=\"true\" focusable=\"false\" data-prefix=\"far\" data-icon=\"chart-bar\" role=\"img\" xmlns=\"http:\/\/www.w3.org\/2000\/svg\" viewBox=\"0 0 512 512\" class=\"svg-inline--fa fa-chart-bar fa-w-16 fa-2x\"><path fill=\"currentColor\" d=\"M396.8 352h22.4c6.4 0 12.8-6.4 12.8-12.8V108.8c0-6.4-6.4-12.8-12.8-12.8h-22.4c-6.4 0-12.8 6.4-12.8 12.8v230.4c0 6.4 6.4 12.8 12.8 12.8zm-192 0h22.4c6.4 0 12.8-6.4 12.8-12.8V140.8c0-6.4-6.4-12.8-12.8-12.8h-22.4c-6.4 0-12.8 6.4-12.8 12.8v198.4c0 6.4 6.4 12.8 12.8 12.8zm96 0h22.4c6.4 0 12.8-6.4 12.8-12.8V204.8c0-6.4-6.4-12.8-12.8-12.8h-22.4c-6.4 0-12.8 6.4-12.8 12.8v134.4c0 6.4 6.4 12.8 12.8 12.8zM496 400H48V80c0-8.84-7.16-16-16-16H16C7.16 64 0 71.16 0 80v336c0 17.67 14.33 32 32 32h464c8.84 0 16-7.16 16-16v-16c0-8.84-7.16-16-16-16zm-387.2-48h22.4c6.4 0 12.8-6.4 12.8-12.8v-70.4c0-6.4-6.4-12.8-12.8-12.8h-22.4c-6.4 0-12.8 6.4-12.8 12.8v70.4c0 6.4 6.4 12.8 12.8 12.8z\" class=\"\"><\/path><\/svg><\/i> <img loading=\"lazy\" decoding=\"async\" width=\"16\" height=\"16\" alt=\"Loading\" src=\"https:\/\/vocesdelacomuna15.com.ar\/wp-content\/plugins\/page-views-count\/ajax-loader-2x.gif\" border=0 \/><\/p><div class=\"pvc_clear\"><\/div>","protected":false},"excerpt":{"rendered":"<p>Fue 1-0 con tanto de Lucas Villalba a los 87 minutos Tras la eliminaci\u00f3n ante River por la Copa Libertadores de la semana pasada, los \u201cbichos\u201d colorados sacaron pecho en las dif\u00edciles y lograron volver anoche al triunfo en el Diego Armando Maradona. Fue ag\u00f3nicamente ante Newell\u00b4s \u2013que qued\u00f3 con uno menos a los 45 [&hellip;]<\/p>\n<div class=\"pvc_clear\"><\/div>\n<p id=\"pvc_stats_54369\" class=\"pvc_stats all  \" data-element-id=\"54369\" style=\"\"><i class=\"pvc-stats-icon small\" aria-hidden=\"true\"><svg aria-hidden=\"true\" focusable=\"false\" data-prefix=\"far\" data-icon=\"chart-bar\" role=\"img\" xmlns=\"http:\/\/www.w3.org\/2000\/svg\" viewBox=\"0 0 512 512\" class=\"svg-inline--fa fa-chart-bar fa-w-16 fa-2x\"><path fill=\"currentColor\" d=\"M396.8 352h22.4c6.4 0 12.8-6.4 12.8-12.8V108.8c0-6.4-6.4-12.8-12.8-12.8h-22.4c-6.4 0-12.8 6.4-12.8 12.8v230.4c0 6.4 6.4 12.8 12.8 12.8zm-192 0h22.4c6.4 0 12.8-6.4 12.8-12.8V140.8c0-6.4-6.4-12.8-12.8-12.8h-22.4c-6.4 0-12.8 6.4-12.8 12.8v198.4c0 6.4 6.4 12.8 12.8 12.8zm96 0h22.4c6.4 0 12.8-6.4 12.8-12.8V204.8c0-6.4-6.4-12.8-12.8-12.8h-22.4c-6.4 0-12.8 6.4-12.8 12.8v134.4c0 6.4 6.4 12.8 12.8 12.8zM496 400H48V80c0-8.84-7.16-16-16-16H16C7.16 64 0 71.16 0 80v336c0 17.67 14.33 32 32 32h464c8.84 0 16-7.16 16-16v-16c0-8.84-7.16-16-16-16zm-387.2-48h22.4c6.4 0 12.8-6.4 12.8-12.8v-70.4c0-6.4-6.4-12.8-12.8-12.8h-22.4c-6.4 0-12.8 6.4-12.8 12.8v70.4c0 6.4 6.4 12.8 12.8 12.8z\" class=\"\"><\/path><\/svg><\/i> <img loading=\"lazy\" decoding=\"async\" width=\"16\" height=\"16\" alt=\"Loading\" src=\"https:\/\/vocesdelacomuna15.com.ar\/wp-content\/plugins\/page-views-count\/ajax-loader-2x.gif\" border=0 \/><\/p>\n<div class=\"pvc_clear\"><\/div>\n","protected":false},"author":2,"featured_media":54376,"comment_status":"open","ping_status":"open","sticky":false,"template":"","format":"standard","meta":{"_et_pb_use_builder":"off","_et_pb_old_content":"","_et_gb_content_width":"","footnotes":""},"categories":[27,29],"tags":[],"class_list":["post-54369","post","type-post","status-publish","format-standard","has-post-thumbnail","hentry","category-deportes","category-lapa","et-has-post-format-content","et_post_format-et-post-format-standard"],"a3_pvc":{"activated":true,"total_views":242,"today_views":0},"yoast_head":"<!-- This site is optimized with the Yoast SEO plugin v27.5 - https:\/\/yoast.com\/product\/yoast-seo-wordpress\/ -->\n<title>Ag\u00f3nico triunfo de Argentinos ante Newell\u00b4s en La Paternal - Voces de la Comuna 15<\/title>\n<meta name=\"description\" content=\"Voces de la Comuna 15\" \/>\n<meta name=\"robots\" content=\"index, follow, max-snippet:-1, max-image-preview:large, max-video-preview:-1\" \/>\n<link rel=\"canonical\" href=\"https:\/\/vocesdelacomuna15.com.ar\/press\/agonico-triunfo-de-argentinos-ante-newells-en-la-paternal\/\" \/>\n<meta property=\"og:locale\" content=\"es_ES\" \/>\n<meta property=\"og:type\" content=\"article\" \/>\n<meta property=\"og:title\" content=\"Ag\u00f3nico triunfo de Argentinos ante Newell\u00b4s en La Paternal - Voces de la Comuna 15\" \/>\n<meta property=\"og:description\" content=\"Voces de la Comuna 15\" \/>\n<meta property=\"og:url\" content=\"https:\/\/vocesdelacomuna15.com.ar\/press\/agonico-triunfo-de-argentinos-ante-newells-en-la-paternal\/\" \/>\n<meta property=\"og:site_name\" content=\"Voces de la Comuna 15\" \/>\n<meta property=\"article:publisher\" content=\"https:\/\/www.facebook.com\/VocesComuna15\/\" \/>\n<meta property=\"article:published_time\" content=\"2021-07-27T21:16:38+00:00\" \/>\n<meta property=\"article:modified_time\" content=\"2021-07-27T21:21:10+00:00\" \/>\n<meta property=\"og:image\" content=\"https:\/\/vocesdelacomuna15.com.ar\/wp-content\/uploads\/2021\/07\/festejorec2707.png\" \/>\n\t<meta property=\"og:image:width\" content=\"923\" \/>\n\t<meta property=\"og:image:height\" content=\"616\" \/>\n\t<meta property=\"og:image:type\" content=\"image\/png\" \/>\n<meta name=\"author\" content=\"Federico Arguto\" \/>\n<meta name=\"twitter:card\" content=\"summary_large_image\" \/>\n<meta name=\"twitter:creator\" content=\"@vocescomuna15\" \/>\n<meta name=\"twitter:site\" content=\"@vocescomuna15\" \/>\n<meta name=\"twitter:label1\" content=\"Escrito por\" \/>\n\t<meta name=\"twitter:data1\" content=\"Federico Arguto\" \/>\n\t<meta name=\"twitter:label2\" content=\"Tiempo de lectura\" \/>\n\t<meta name=\"twitter:data2\" content=\"4 minutos\" \/>\n<script type=\"application\/ld+json\" class=\"yoast-schema-graph\">{\"@context\":\"https:\\\/\\\/schema.org\",\"@graph\":[{\"@type\":\"Article\",\"@id\":\"https:\\\/\\\/vocesdelacomuna15.com.ar\\\/press\\\/agonico-triunfo-de-argentinos-ante-newells-en-la-paternal\\\/#article\",\"isPartOf\":{\"@id\":\"https:\\\/\\\/vocesdelacomuna15.com.ar\\\/press\\\/agonico-triunfo-de-argentinos-ante-newells-en-la-paternal\\\/\"},\"author\":{\"name\":\"Federico Arguto\",\"@id\":\"https:\\\/\\\/vocesdelacomuna15.com.ar\\\/press\\\/#\\\/schema\\\/person\\\/4739e109db25d799cd3d139eeb509e43\"},\"headline\":\"Ag\u00f3nico triunfo de Argentinos ante Newell\u00b4s en La Paternal\",\"datePublished\":\"2021-07-27T21:16:38+00:00\",\"dateModified\":\"2021-07-27T21:21:10+00:00\",\"mainEntityOfPage\":{\"@id\":\"https:\\\/\\\/vocesdelacomuna15.com.ar\\\/press\\\/agonico-triunfo-de-argentinos-ante-newells-en-la-paternal\\\/\"},\"wordCount\":902,\"commentCount\":0,\"publisher\":{\"@id\":\"https:\\\/\\\/vocesdelacomuna15.com.ar\\\/press\\\/#organization\"},\"image\":{\"@id\":\"https:\\\/\\\/vocesdelacomuna15.com.ar\\\/press\\\/agonico-triunfo-de-argentinos-ante-newells-en-la-paternal\\\/#primaryimage\"},\"thumbnailUrl\":\"https:\\\/\\\/vocesdelacomuna15.com.ar\\\/wp-content\\\/uploads\\\/2021\\\/07\\\/festejorec2707.png\",\"articleSection\":[\"Deportes\",\"La Paternal\"],\"inLanguage\":\"es-AR\",\"potentialAction\":[{\"@type\":\"CommentAction\",\"name\":\"Comment\",\"target\":[\"https:\\\/\\\/vocesdelacomuna15.com.ar\\\/press\\\/agonico-triunfo-de-argentinos-ante-newells-en-la-paternal\\\/#respond\"]}]},{\"@type\":\"WebPage\",\"@id\":\"https:\\\/\\\/vocesdelacomuna15.com.ar\\\/press\\\/agonico-triunfo-de-argentinos-ante-newells-en-la-paternal\\\/\",\"url\":\"https:\\\/\\\/vocesdelacomuna15.com.ar\\\/press\\\/agonico-triunfo-de-argentinos-ante-newells-en-la-paternal\\\/\",\"name\":\"Ag\u00f3nico triunfo de Argentinos ante Newell\u00b4s en La Paternal - Voces de la Comuna 15\",\"isPartOf\":{\"@id\":\"https:\\\/\\\/vocesdelacomuna15.com.ar\\\/press\\\/#website\"},\"primaryImageOfPage\":{\"@id\":\"https:\\\/\\\/vocesdelacomuna15.com.ar\\\/press\\\/agonico-triunfo-de-argentinos-ante-newells-en-la-paternal\\\/#primaryimage\"},\"image\":{\"@id\":\"https:\\\/\\\/vocesdelacomuna15.com.ar\\\/press\\\/agonico-triunfo-de-argentinos-ante-newells-en-la-paternal\\\/#primaryimage\"},\"thumbnailUrl\":\"https:\\\/\\\/vocesdelacomuna15.com.ar\\\/wp-content\\\/uploads\\\/2021\\\/07\\\/festejorec2707.png\",\"datePublished\":\"2021-07-27T21:16:38+00:00\",\"dateModified\":\"2021-07-27T21:21:10+00:00\",\"description\":\"Voces de la Comuna 15\",\"breadcrumb\":{\"@id\":\"https:\\\/\\\/vocesdelacomuna15.com.ar\\\/press\\\/agonico-triunfo-de-argentinos-ante-newells-en-la-paternal\\\/#breadcrumb\"},\"inLanguage\":\"es-AR\",\"potentialAction\":[{\"@type\":\"ReadAction\",\"target\":[\"https:\\\/\\\/vocesdelacomuna15.com.ar\\\/press\\\/agonico-triunfo-de-argentinos-ante-newells-en-la-paternal\\\/\"]}]},{\"@type\":\"ImageObject\",\"inLanguage\":\"es-AR\",\"@id\":\"https:\\\/\\\/vocesdelacomuna15.com.ar\\\/press\\\/agonico-triunfo-de-argentinos-ante-newells-en-la-paternal\\\/#primaryimage\",\"url\":\"https:\\\/\\\/vocesdelacomuna15.com.ar\\\/wp-content\\\/uploads\\\/2021\\\/07\\\/festejorec2707.png\",\"contentUrl\":\"https:\\\/\\\/vocesdelacomuna15.com.ar\\\/wp-content\\\/uploads\\\/2021\\\/07\\\/festejorec2707.png\",\"width\":923,\"height\":616},{\"@type\":\"BreadcrumbList\",\"@id\":\"https:\\\/\\\/vocesdelacomuna15.com.ar\\\/press\\\/agonico-triunfo-de-argentinos-ante-newells-en-la-paternal\\\/#breadcrumb\",\"itemListElement\":[{\"@type\":\"ListItem\",\"position\":1,\"name\":\"Inicio\",\"item\":\"https:\\\/\\\/vocesdelacomuna15.com.ar\\\/press\\\/\"},{\"@type\":\"ListItem\",\"position\":2,\"name\":\"Ag\u00f3nico triunfo de Argentinos ante Newell\u00b4s en La Paternal\"}]},{\"@type\":\"WebSite\",\"@id\":\"https:\\\/\\\/vocesdelacomuna15.com.ar\\\/press\\\/#website\",\"url\":\"https:\\\/\\\/vocesdelacomuna15.com.ar\\\/press\\\/\",\"name\":\"Voces de la Comuna 15\",\"description\":\"Sitio web de noticias\",\"publisher\":{\"@id\":\"https:\\\/\\\/vocesdelacomuna15.com.ar\\\/press\\\/#organization\"},\"potentialAction\":[{\"@type\":\"SearchAction\",\"target\":{\"@type\":\"EntryPoint\",\"urlTemplate\":\"https:\\\/\\\/vocesdelacomuna15.com.ar\\\/press\\\/?s={search_term_string}\"},\"query-input\":{\"@type\":\"PropertyValueSpecification\",\"valueRequired\":true,\"valueName\":\"search_term_string\"}}],\"inLanguage\":\"es-AR\"},{\"@type\":\"Organization\",\"@id\":\"https:\\\/\\\/vocesdelacomuna15.com.ar\\\/press\\\/#organization\",\"name\":\"Voces de la Comuna 15\",\"url\":\"https:\\\/\\\/vocesdelacomuna15.com.ar\\\/press\\\/\",\"logo\":{\"@type\":\"ImageObject\",\"inLanguage\":\"es-AR\",\"@id\":\"https:\\\/\\\/vocesdelacomuna15.com.ar\\\/press\\\/#\\\/schema\\\/logo\\\/image\\\/\",\"url\":\"https:\\\/\\\/vocesdelacomuna15.com.ar\\\/wp-content\\\/uploads\\\/2024\\\/12\\\/cropped-logo_voces.jpg\",\"contentUrl\":\"https:\\\/\\\/vocesdelacomuna15.com.ar\\\/wp-content\\\/uploads\\\/2024\\\/12\\\/cropped-logo_voces.jpg\",\"width\":512,\"height\":512,\"caption\":\"Voces de la Comuna 15\"},\"image\":{\"@id\":\"https:\\\/\\\/vocesdelacomuna15.com.ar\\\/press\\\/#\\\/schema\\\/logo\\\/image\\\/\"},\"sameAs\":[\"https:\\\/\\\/www.facebook.com\\\/VocesComuna15\\\/\",\"https:\\\/\\\/x.com\\\/vocescomuna15\"]},{\"@type\":\"Person\",\"@id\":\"https:\\\/\\\/vocesdelacomuna15.com.ar\\\/press\\\/#\\\/schema\\\/person\\\/4739e109db25d799cd3d139eeb509e43\",\"name\":\"Federico Arguto\",\"image\":{\"@type\":\"ImageObject\",\"inLanguage\":\"es-AR\",\"@id\":\"https:\\\/\\\/vocesdelacomuna15.com.ar\\\/wp-content\\\/litespeed\\\/avatar\\\/82faf979976f1bae889b8b71f8a0a7e5.jpg?ver=1777419741\",\"url\":\"https:\\\/\\\/vocesdelacomuna15.com.ar\\\/wp-content\\\/litespeed\\\/avatar\\\/82faf979976f1bae889b8b71f8a0a7e5.jpg?ver=1777419741\",\"contentUrl\":\"https:\\\/\\\/vocesdelacomuna15.com.ar\\\/wp-content\\\/litespeed\\\/avatar\\\/82faf979976f1bae889b8b71f8a0a7e5.jpg?ver=1777419741\",\"caption\":\"Federico Arguto\"},\"url\":\"https:\\\/\\\/vocesdelacomuna15.com.ar\\\/press\\\/author\\\/fede\\\/\"}]}<\/script>\n<!-- \/ Yoast SEO plugin. -->","yoast_head_json":{"title":"Ag\u00f3nico triunfo de Argentinos ante Newell\u00b4s en La Paternal - Voces de la Comuna 15","description":"Voces de la Comuna 15","robots":{"index":"index","follow":"follow","max-snippet":"max-snippet:-1","max-image-preview":"max-image-preview:large","max-video-preview":"max-video-preview:-1"},"canonical":"https:\/\/vocesdelacomuna15.com.ar\/press\/agonico-triunfo-de-argentinos-ante-newells-en-la-paternal\/","og_locale":"es_ES","og_type":"article","og_title":"Ag\u00f3nico triunfo de Argentinos ante Newell\u00b4s en La Paternal - Voces de la Comuna 15","og_description":"Voces de la Comuna 15","og_url":"https:\/\/vocesdelacomuna15.com.ar\/press\/agonico-triunfo-de-argentinos-ante-newells-en-la-paternal\/","og_site_name":"Voces de la Comuna 15","article_publisher":"https:\/\/www.facebook.com\/VocesComuna15\/","article_published_time":"2021-07-27T21:16:38+00:00","article_modified_time":"2021-07-27T21:21:10+00:00","og_image":[{"width":923,"height":616,"url":"https:\/\/vocesdelacomuna15.com.ar\/wp-content\/uploads\/2021\/07\/festejorec2707.png","type":"image\/png"}],"author":"Federico Arguto","twitter_card":"summary_large_image","twitter_creator":"@vocescomuna15","twitter_site":"@vocescomuna15","twitter_misc":{"Escrito por":"Federico Arguto","Tiempo de lectura":"4 minutos"},"schema":{"@context":"https:\/\/schema.org","@graph":[{"@type":"Article","@id":"https:\/\/vocesdelacomuna15.com.ar\/press\/agonico-triunfo-de-argentinos-ante-newells-en-la-paternal\/#article","isPartOf":{"@id":"https:\/\/vocesdelacomuna15.com.ar\/press\/agonico-triunfo-de-argentinos-ante-newells-en-la-paternal\/"},"author":{"name":"Federico Arguto","@id":"https:\/\/vocesdelacomuna15.com.ar\/press\/#\/schema\/person\/4739e109db25d799cd3d139eeb509e43"},"headline":"Ag\u00f3nico triunfo de Argentinos ante Newell\u00b4s en La Paternal","datePublished":"2021-07-27T21:16:38+00:00","dateModified":"2021-07-27T21:21:10+00:00","mainEntityOfPage":{"@id":"https:\/\/vocesdelacomuna15.com.ar\/press\/agonico-triunfo-de-argentinos-ante-newells-en-la-paternal\/"},"wordCount":902,"commentCount":0,"publisher":{"@id":"https:\/\/vocesdelacomuna15.com.ar\/press\/#organization"},"image":{"@id":"https:\/\/vocesdelacomuna15.com.ar\/press\/agonico-triunfo-de-argentinos-ante-newells-en-la-paternal\/#primaryimage"},"thumbnailUrl":"https:\/\/vocesdelacomuna15.com.ar\/wp-content\/uploads\/2021\/07\/festejorec2707.png","articleSection":["Deportes","La Paternal"],"inLanguage":"es-AR","potentialAction":[{"@type":"CommentAction","name":"Comment","target":["https:\/\/vocesdelacomuna15.com.ar\/press\/agonico-triunfo-de-argentinos-ante-newells-en-la-paternal\/#respond"]}]},{"@type":"WebPage","@id":"https:\/\/vocesdelacomuna15.com.ar\/press\/agonico-triunfo-de-argentinos-ante-newells-en-la-paternal\/","url":"https:\/\/vocesdelacomuna15.com.ar\/press\/agonico-triunfo-de-argentinos-ante-newells-en-la-paternal\/","name":"Ag\u00f3nico triunfo de Argentinos ante Newell\u00b4s en La Paternal - Voces de la Comuna 15","isPartOf":{"@id":"https:\/\/vocesdelacomuna15.com.ar\/press\/#website"},"primaryImageOfPage":{"@id":"https:\/\/vocesdelacomuna15.com.ar\/press\/agonico-triunfo-de-argentinos-ante-newells-en-la-paternal\/#primaryimage"},"image":{"@id":"https:\/\/vocesdelacomuna15.com.ar\/press\/agonico-triunfo-de-argentinos-ante-newells-en-la-paternal\/#primaryimage"},"thumbnailUrl":"https:\/\/vocesdelacomuna15.com.ar\/wp-content\/uploads\/2021\/07\/festejorec2707.png","datePublished":"2021-07-27T21:16:38+00:00","dateModified":"2021-07-27T21:21:10+00:00","description":"Voces de la Comuna 15","breadcrumb":{"@id":"https:\/\/vocesdelacomuna15.com.ar\/press\/agonico-triunfo-de-argentinos-ante-newells-en-la-paternal\/#breadcrumb"},"inLanguage":"es-AR","potentialAction":[{"@type":"ReadAction","target":["https:\/\/vocesdelacomuna15.com.ar\/press\/agonico-triunfo-de-argentinos-ante-newells-en-la-paternal\/"]}]},{"@type":"ImageObject","inLanguage":"es-AR","@id":"https:\/\/vocesdelacomuna15.com.ar\/press\/agonico-triunfo-de-argentinos-ante-newells-en-la-paternal\/#primaryimage","url":"https:\/\/vocesdelacomuna15.com.ar\/wp-content\/uploads\/2021\/07\/festejorec2707.png","contentUrl":"https:\/\/vocesdelacomuna15.com.ar\/wp-content\/uploads\/2021\/07\/festejorec2707.png","width":923,"height":616},{"@type":"BreadcrumbList","@id":"https:\/\/vocesdelacomuna15.com.ar\/press\/agonico-triunfo-de-argentinos-ante-newells-en-la-paternal\/#breadcrumb","itemListElement":[{"@type":"ListItem","position":1,"name":"Inicio","item":"https:\/\/vocesdelacomuna15.com.ar\/press\/"},{"@type":"ListItem","position":2,"name":"Ag\u00f3nico triunfo de Argentinos ante Newell\u00b4s en La Paternal"}]},{"@type":"WebSite","@id":"https:\/\/vocesdelacomuna15.com.ar\/press\/#website","url":"https:\/\/vocesdelacomuna15.com.ar\/press\/","name":"Voces de la Comuna 15","description":"Sitio web de noticias","publisher":{"@id":"https:\/\/vocesdelacomuna15.com.ar\/press\/#organization"},"potentialAction":[{"@type":"SearchAction","target":{"@type":"EntryPoint","urlTemplate":"https:\/\/vocesdelacomuna15.com.ar\/press\/?s={search_term_string}"},"query-input":{"@type":"PropertyValueSpecification","valueRequired":true,"valueName":"search_term_string"}}],"inLanguage":"es-AR"},{"@type":"Organization","@id":"https:\/\/vocesdelacomuna15.com.ar\/press\/#organization","name":"Voces de la Comuna 15","url":"https:\/\/vocesdelacomuna15.com.ar\/press\/","logo":{"@type":"ImageObject","inLanguage":"es-AR","@id":"https:\/\/vocesdelacomuna15.com.ar\/press\/#\/schema\/logo\/image\/","url":"https:\/\/vocesdelacomuna15.com.ar\/wp-content\/uploads\/2024\/12\/cropped-logo_voces.jpg","contentUrl":"https:\/\/vocesdelacomuna15.com.ar\/wp-content\/uploads\/2024\/12\/cropped-logo_voces.jpg","width":512,"height":512,"caption":"Voces de la Comuna 15"},"image":{"@id":"https:\/\/vocesdelacomuna15.com.ar\/press\/#\/schema\/logo\/image\/"},"sameAs":["https:\/\/www.facebook.com\/VocesComuna15\/","https:\/\/x.com\/vocescomuna15"]},{"@type":"Person","@id":"https:\/\/vocesdelacomuna15.com.ar\/press\/#\/schema\/person\/4739e109db25d799cd3d139eeb509e43","name":"Federico Arguto","image":{"@type":"ImageObject","inLanguage":"es-AR","@id":"https:\/\/vocesdelacomuna15.com.ar\/wp-content\/litespeed\/avatar\/82faf979976f1bae889b8b71f8a0a7e5.jpg?ver=1777419741","url":"https:\/\/vocesdelacomuna15.com.ar\/wp-content\/litespeed\/avatar\/82faf979976f1bae889b8b71f8a0a7e5.jpg?ver=1777419741","contentUrl":"https:\/\/vocesdelacomuna15.com.ar\/wp-content\/litespeed\/avatar\/82faf979976f1bae889b8b71f8a0a7e5.jpg?ver=1777419741","caption":"Federico Arguto"},"url":"https:\/\/vocesdelacomuna15.com.ar\/press\/author\/fede\/"}]}},"_links":{"self":[{"href":"https:\/\/vocesdelacomuna15.com.ar\/press\/wp-json\/wp\/v2\/posts\/54369","targetHints":{"allow":["GET"]}}],"collection":[{"href":"https:\/\/vocesdelacomuna15.com.ar\/press\/wp-json\/wp\/v2\/posts"}],"about":[{"href":"https:\/\/vocesdelacomuna15.com.ar\/press\/wp-json\/wp\/v2\/types\/post"}],"author":[{"embeddable":true,"href":"https:\/\/vocesdelacomuna15.com.ar\/press\/wp-json\/wp\/v2\/users\/2"}],"replies":[{"embeddable":true,"href":"https:\/\/vocesdelacomuna15.com.ar\/press\/wp-json\/wp\/v2\/comments?post=54369"}],"version-history":[{"count":3,"href":"https:\/\/vocesdelacomuna15.com.ar\/press\/wp-json\/wp\/v2\/posts\/54369\/revisions"}],"predecessor-version":[{"id":54377,"href":"https:\/\/vocesdelacomuna15.com.ar\/press\/wp-json\/wp\/v2\/posts\/54369\/revisions\/54377"}],"wp:featuredmedia":[{"embeddable":true,"href":"https:\/\/vocesdelacomuna15.com.ar\/press\/wp-json\/wp\/v2\/media\/54376"}],"wp:attachment":[{"href":"https:\/\/vocesdelacomuna15.com.ar\/press\/wp-json\/wp\/v2\/media?parent=54369"}],"wp:term":[{"taxonomy":"category","embeddable":true,"href":"https:\/\/vocesdelacomuna15.com.ar\/press\/wp-json\/wp\/v2\/categories?post=54369"},{"taxonomy":"post_tag","embeddable":true,"href":"https:\/\/vocesdelacomuna15.com.ar\/press\/wp-json\/wp\/v2\/tags?post=54369"}],"curies":[{"name":"wp","href":"https:\/\/api.w.org\/{rel}","templated":true}]}}