{"id":54366,"date":"2021-07-26T00:36:39","date_gmt":"2021-07-26T03:36:39","guid":{"rendered":"http:\/\/vocesdelacomuna15.com.ar\/wordpress\/?p=54366"},"modified":"2021-07-26T00:36:44","modified_gmt":"2021-07-26T03:36:44","slug":"vacuna-de-moderna-argentina-empezara-a-aplicarla-en-adolescentes","status":"publish","type":"post","link":"https:\/\/vocesdelacomuna15.com.ar\/press\/vacuna-de-moderna-argentina-empezara-a-aplicarla-en-adolescentes\/","title":{"rendered":"Vacuna de Moderna: Argentina empezar\u00e1 a aplicarla en adolescentes"},"content":{"rendered":"\n<p>La autorizaci\u00f3n de la EMA era esperada por el gobierno argentino, que piensa utilizar las 3,5 millones de dosis donadas por Estados Unidos en chicos de entre 12 y 17 a\u00f1os.\u00a0Carla Vizzotti anticip\u00f3 que el martes se discutir\u00e1 en el\u00a0Consejo Federal de Salud la estrategia de vacunaci\u00f3n para los adolescentes. Fuente: P\u00e1gina 12 (Publicada el 23 de julio)<\/p>\n\n\n\n<p><strong>La Agencia Europea de Medicamentos (EMA)<\/strong>&nbsp;aprob\u00f3\nla utilizaci\u00f3n de la&nbsp;<strong>vacuna\ncontra el coronavirus de Moderna para los j\u00f3venes de entre 12 y 17 a\u00f1os.&nbsp;<\/strong>Esa\naprobaci\u00f3n o la de la FDA estadounidense eran esperadas por el gobierno\nargentino para<a href=\"https:\/\/www.pagina12.com.ar\/355278-llegaron-3-500-000-vacunas-de-moderna-donadas-por-estados-un\">&nbsp;avanzar en\nla aplicaci\u00f3n en adolescentes.<\/a>&nbsp;La ministra de Salud, Carla\nVizzotti, precis\u00f3 que el martes&nbsp;se definir\u00e1 en el Consejo Federal de Salud\n(COFESA) cu\u00e1ndo y c\u00f3mo se comenzar\u00e1 a vacunar a menores de 18 a\u00f1os.<\/p>\n\n\n\n<p>&#8220;El\nComit\u00e9 de Medicamentos para Uso Humano (CHMP) de la EMA recomend\u00f3 conceder una\nextensi\u00f3n a la vacuna Covid-19 Spikevax (anteriormente conocida como Covid-19\nVaccine Moderna) para incluir su uso entre los menores de 12 a 17 a\u00f1os&#8221;,\nanunci\u00f3 el regulador europeo en un comunicado. Se trata del segundo f\u00e1rmaco\ndespu\u00e9s de Pfizer autorizado para los adolescentes en los 27 pa\u00edses de la Uni\u00f3n\nEuropea (UE).<\/p>\n\n\n\n<p><strong>La Argentina recibi\u00f3 recientemente una donaci\u00f3n de\nvacunas de&nbsp;<\/strong><strong><a href=\"https:\/\/www.pagina12.com.ar\/354172-vacunas-de-moderna-en-que-consiste-el-acuerdo-y-como-se-usar\">Moderna&nbsp;<\/a><\/strong><strong>de\nparte del gobierno de Estados Unidos.&nbsp;<\/strong>Son 3,5 millones\nde dosis que est\u00e1n almacenadas en el centro log\u00edstico de Andreani.<\/p>\n\n\n\n<p>El\nMinisterio de Salud inform\u00f3 que&nbsp;<strong>la autorizaci\u00f3n en Europa &#8220;posibilita el comienzo en Argentina de\nla vacunaci\u00f3n para j\u00f3venes, adolescentes y ni\u00f1o\/as con factores de riesgo&#8221;.<\/strong><\/p>\n\n\n\n<p>&#8220;El\npr\u00f3ximo martes, en reuni\u00f3n del COFESA, los ministros de Salud de todo el pa\u00eds\ndefinir\u00e1n los grupos y la estrategia de implementaci\u00f3n y formalizar\u00e1n el inicio\nde la vacunaci\u00f3n para este grupo priorizado en todo el pa\u00eds&#8221;, agregaron\ndesde la cartera sanitaria.<strong>&nbsp;Se\nestima que hay unos&nbsp;900.00 adolescentes de entre 12 y 17 a\u00f1os con\ncomorbilidades en el pa\u00eds.<\/strong><\/p>\n\n\n\n<p>La palabra de Carla\nVizzotti<\/p>\n\n\n\n<p>La\nministra de Salud, Carla Vizzotti, hab\u00eda anticipado antes de la aprobaci\u00f3n de\nla EMA que&nbsp;<strong>la semana\npr\u00f3xima podr\u00eda tener luz verde la vacunaci\u00f3n pedi\u00e1trica contra el coronavirus\npara adolescentes<\/strong>&nbsp;con comorbilidades.<\/p>\n\n\n\n<p><strong>La definici\u00f3n de\ncu\u00e1ndo comenzar\u00e1 a vacunarse a menores de 18 a\u00f1os estar\u00e1 en manos del Consejo\nFederal de Salud<\/strong>, que el pr\u00f3ximo martes se reunir\u00e1 para analizar este\nasunto sobre la base de las recomendaciones de organismos internacionales.<\/p>\n\n\n\n<p>Vizzotti\nse refiri\u00f3 a la demanda p\u00fablica de un grupo de familias con chicos y chicas\nmenores de 18 a\u00f1os que tienen enfermedades que podr\u00edan agravar el cuadro de\ncoronavirus ante un posible contagio. Ante el reclamo por el almacenamiento de\nlas 3.5 millones de dosis de Moderna, explic\u00f3: &#8220;Estados Unidos nos avis\u00f3\nque las ten\u00edamos disponibles y que si no la recog\u00edamos nosotros las iba a\nbuscar otro (pa\u00eds). Por eso las tenemos.&nbsp;<strong>No es que las tenemos sin usar porque nos gusta tenerlas,\nsino porque decidimos esa estrategia&#8221;<\/strong>.<\/p>\n\n\n\n<p><strong>\u201cEste es un\nmotivo por el cual los 3,5 millones de vacunas donadas por Estados Unidos est\u00e1n\nesperando\u201d<\/strong>&nbsp;a\nser utilizadas, indic\u00f3 la titular de la cartera sanitaria, a la vez que sali\u00f3 a\ndespejar cualquier otra especulaci\u00f3n al respecto de la reserva de esas vacunas.<\/p>\n\n\n\n<p>Las claves de la vacuna\nde Moderna<\/p>\n\n\n\n<p>La\nvacuna de Moderna,&nbsp;<strong>desarrollada\ncon tecnolog\u00eda de ARN mensajero<\/strong>, se administra&nbsp;<strong>en dos dosis&nbsp;<\/strong>y, seg\u00fan la la Organizaci\u00f3n Mundial\nde la Salud (OMS),&nbsp;<strong>puede\nconservarse a una temperatura de entre 2 \u00b0C y 8 \u00b0C durante 30 d\u00edas.<\/strong><\/p>\n\n\n\n<p><strong>Demostr\u00f3 una\neficacia del 94,1% contra la Covid-19 sintom\u00e1tica<\/strong>, present\u00f3\nbuenos resultados en poblaci\u00f3n adolescente y gener\u00f3 t\u00edtulos neutralizantes\ncontra las nuevas variantes del virus en las personas inmunizadas, seg\u00fan\nensayos cl\u00ednicos.<\/p>\n\n\n\n<p>El\n25 de mayo, Moderna anunci\u00f3 que su vacuna contra el coronavirus&nbsp;<strong>es &#8220;altamente\nefectiva&#8221; en adolescentes de entre 12 y 17 a\u00f1os, de acuerdo a los\nresultados completos del ensayo cl\u00ednico TeenCOVE<\/strong>. En ese estudio\nparticiparon m\u00e1s de 3.700 adolescentes de entre 12 y 17 a\u00f1os en Estados Unidos,\nde los cuales dos tercios recibieron la vacuna y un tercio placebo.<br>\n<br>\n&#8220;Tras dos dosis, ning\u00fan caso de Covid-19 se observ\u00f3 en el grupo vacunado\n(&#8230;) contra cuatro casos en el grupo placebo, lo que resulta en una\nefectividad de la vacuna de 100% 14 d\u00edas despu\u00e9s de la segunda dosis&#8221;,\nsostuvo Moderna en su comunicado.<br>\n<br>\nLa empresa tambi\u00e9n inici\u00f3 un estudio en 6.750 ni\u00f1os de 6 meses a 11 a\u00f1os\n(KidCOVE) cuyos resultados todav\u00eda no present\u00f3.<\/p>\n\n\n\n<p>Foto:\nAFP<\/p>\n\n\n\n<p>Caracteres: 4.078<\/p>\n<div class=\"pvc_clear\"><\/div><p id=\"pvc_stats_54366\" class=\"pvc_stats all  \" data-element-id=\"54366\" style=\"\"><i class=\"pvc-stats-icon small\" aria-hidden=\"true\"><svg aria-hidden=\"true\" focusable=\"false\" data-prefix=\"far\" data-icon=\"chart-bar\" role=\"img\" xmlns=\"http:\/\/www.w3.org\/2000\/svg\" viewBox=\"0 0 512 512\" class=\"svg-inline--fa fa-chart-bar fa-w-16 fa-2x\"><path fill=\"currentColor\" d=\"M396.8 352h22.4c6.4 0 12.8-6.4 12.8-12.8V108.8c0-6.4-6.4-12.8-12.8-12.8h-22.4c-6.4 0-12.8 6.4-12.8 12.8v230.4c0 6.4 6.4 12.8 12.8 12.8zm-192 0h22.4c6.4 0 12.8-6.4 12.8-12.8V140.8c0-6.4-6.4-12.8-12.8-12.8h-22.4c-6.4 0-12.8 6.4-12.8 12.8v198.4c0 6.4 6.4 12.8 12.8 12.8zm96 0h22.4c6.4 0 12.8-6.4 12.8-12.8V204.8c0-6.4-6.4-12.8-12.8-12.8h-22.4c-6.4 0-12.8 6.4-12.8 12.8v134.4c0 6.4 6.4 12.8 12.8 12.8zM496 400H48V80c0-8.84-7.16-16-16-16H16C7.16 64 0 71.16 0 80v336c0 17.67 14.33 32 32 32h464c8.84 0 16-7.16 16-16v-16c0-8.84-7.16-16-16-16zm-387.2-48h22.4c6.4 0 12.8-6.4 12.8-12.8v-70.4c0-6.4-6.4-12.8-12.8-12.8h-22.4c-6.4 0-12.8 6.4-12.8 12.8v70.4c0 6.4 6.4 12.8 12.8 12.8z\" class=\"\"><\/path><\/svg><\/i> <img loading=\"lazy\" decoding=\"async\" width=\"16\" height=\"16\" alt=\"Loading\" src=\"https:\/\/vocesdelacomuna15.com.ar\/wp-content\/plugins\/page-views-count\/ajax-loader-2x.gif\" border=0 \/><\/p><div class=\"pvc_clear\"><\/div>","protected":false},"excerpt":{"rendered":"<p>La autorizaci\u00f3n de la EMA era esperada por el gobierno argentino, que piensa utilizar las 3,5 millones de dosis donadas por Estados Unidos en chicos de entre 12 y 17 a\u00f1os.\u00a0Carla Vizzotti anticip\u00f3 que el martes se discutir\u00e1 en el\u00a0Consejo Federal de Salud la estrategia de vacunaci\u00f3n para los adolescentes. Fuente: P\u00e1gina 12 (Publicada el [&hellip;]<\/p>\n<div class=\"pvc_clear\"><\/div>\n<p id=\"pvc_stats_54366\" class=\"pvc_stats all  \" data-element-id=\"54366\" style=\"\"><i class=\"pvc-stats-icon small\" aria-hidden=\"true\"><svg aria-hidden=\"true\" focusable=\"false\" data-prefix=\"far\" data-icon=\"chart-bar\" role=\"img\" xmlns=\"http:\/\/www.w3.org\/2000\/svg\" viewBox=\"0 0 512 512\" class=\"svg-inline--fa fa-chart-bar fa-w-16 fa-2x\"><path fill=\"currentColor\" d=\"M396.8 352h22.4c6.4 0 12.8-6.4 12.8-12.8V108.8c0-6.4-6.4-12.8-12.8-12.8h-22.4c-6.4 0-12.8 6.4-12.8 12.8v230.4c0 6.4 6.4 12.8 12.8 12.8zm-192 0h22.4c6.4 0 12.8-6.4 12.8-12.8V140.8c0-6.4-6.4-12.8-12.8-12.8h-22.4c-6.4 0-12.8 6.4-12.8 12.8v198.4c0 6.4 6.4 12.8 12.8 12.8zm96 0h22.4c6.4 0 12.8-6.4 12.8-12.8V204.8c0-6.4-6.4-12.8-12.8-12.8h-22.4c-6.4 0-12.8 6.4-12.8 12.8v134.4c0 6.4 6.4 12.8 12.8 12.8zM496 400H48V80c0-8.84-7.16-16-16-16H16C7.16 64 0 71.16 0 80v336c0 17.67 14.33 32 32 32h464c8.84 0 16-7.16 16-16v-16c0-8.84-7.16-16-16-16zm-387.2-48h22.4c6.4 0 12.8-6.4 12.8-12.8v-70.4c0-6.4-6.4-12.8-12.8-12.8h-22.4c-6.4 0-12.8 6.4-12.8 12.8v70.4c0 6.4 6.4 12.8 12.8 12.8z\" class=\"\"><\/path><\/svg><\/i> <img loading=\"lazy\" decoding=\"async\" width=\"16\" height=\"16\" alt=\"Loading\" src=\"https:\/\/vocesdelacomuna15.com.ar\/wp-content\/plugins\/page-views-count\/ajax-loader-2x.gif\" border=0 \/><\/p>\n<div class=\"pvc_clear\"><\/div>\n","protected":false},"author":2,"featured_media":54367,"comment_status":"open","ping_status":"open","sticky":false,"template":"","format":"standard","meta":{"_et_pb_use_builder":"off","_et_pb_old_content":"","_et_gb_content_width":"","footnotes":""},"categories":[8],"tags":[],"class_list":["post-54366","post","type-post","status-publish","format-standard","has-post-thumbnail","hentry","category-sociedad","et-has-post-format-content","et_post_format-et-post-format-standard"],"a3_pvc":{"activated":true,"total_views":308,"today_views":0},"yoast_head":"<!-- This site is optimized with the Yoast SEO plugin v27.5 - https:\/\/yoast.com\/product\/yoast-seo-wordpress\/ -->\n<title>Vacuna de Moderna: Argentina empezar\u00e1 a aplicarla en adolescentes - Voces de la Comuna 15<\/title>\n<meta name=\"description\" content=\"Voces de la Comuna 15\" \/>\n<meta name=\"robots\" content=\"index, follow, max-snippet:-1, max-image-preview:large, max-video-preview:-1\" \/>\n<link rel=\"canonical\" href=\"https:\/\/vocesdelacomuna15.com.ar\/press\/vacuna-de-moderna-argentina-empezara-a-aplicarla-en-adolescentes\/\" \/>\n<meta property=\"og:locale\" content=\"es_ES\" \/>\n<meta property=\"og:type\" content=\"article\" \/>\n<meta property=\"og:title\" content=\"Vacuna de Moderna: Argentina empezar\u00e1 a aplicarla en adolescentes - Voces de la Comuna 15\" \/>\n<meta property=\"og:description\" content=\"Voces de la Comuna 15\" \/>\n<meta property=\"og:url\" content=\"https:\/\/vocesdelacomuna15.com.ar\/press\/vacuna-de-moderna-argentina-empezara-a-aplicarla-en-adolescentes\/\" \/>\n<meta property=\"og:site_name\" content=\"Voces de la Comuna 15\" \/>\n<meta property=\"article:publisher\" content=\"https:\/\/www.facebook.com\/VocesComuna15\/\" \/>\n<meta property=\"article:published_time\" content=\"2021-07-26T03:36:39+00:00\" \/>\n<meta property=\"article:modified_time\" content=\"2021-07-26T03:36:44+00:00\" \/>\n<meta property=\"og:image\" content=\"https:\/\/vocesdelacomuna15.com.ar\/wp-content\/uploads\/2021\/07\/moderna2607.jpeg\" \/>\n\t<meta property=\"og:image:width\" content=\"960\" \/>\n\t<meta property=\"og:image:height\" content=\"640\" \/>\n\t<meta property=\"og:image:type\" content=\"image\/jpeg\" \/>\n<meta name=\"author\" content=\"Federico Arguto\" \/>\n<meta name=\"twitter:card\" content=\"summary_large_image\" \/>\n<meta name=\"twitter:creator\" content=\"@vocescomuna15\" \/>\n<meta name=\"twitter:site\" content=\"@vocescomuna15\" \/>\n<meta name=\"twitter:label1\" content=\"Escrito por\" \/>\n\t<meta name=\"twitter:data1\" content=\"Federico Arguto\" \/>\n\t<meta name=\"twitter:label2\" content=\"Tiempo de lectura\" \/>\n\t<meta name=\"twitter:data2\" content=\"4 minutos\" \/>\n<script type=\"application\/ld+json\" class=\"yoast-schema-graph\">{\"@context\":\"https:\\\/\\\/schema.org\",\"@graph\":[{\"@type\":\"Article\",\"@id\":\"https:\\\/\\\/vocesdelacomuna15.com.ar\\\/press\\\/vacuna-de-moderna-argentina-empezara-a-aplicarla-en-adolescentes\\\/#article\",\"isPartOf\":{\"@id\":\"https:\\\/\\\/vocesdelacomuna15.com.ar\\\/press\\\/vacuna-de-moderna-argentina-empezara-a-aplicarla-en-adolescentes\\\/\"},\"author\":{\"name\":\"Federico Arguto\",\"@id\":\"https:\\\/\\\/vocesdelacomuna15.com.ar\\\/press\\\/#\\\/schema\\\/person\\\/4739e109db25d799cd3d139eeb509e43\"},\"headline\":\"Vacuna de Moderna: Argentina empezar\u00e1 a aplicarla en adolescentes\",\"datePublished\":\"2021-07-26T03:36:39+00:00\",\"dateModified\":\"2021-07-26T03:36:44+00:00\",\"mainEntityOfPage\":{\"@id\":\"https:\\\/\\\/vocesdelacomuna15.com.ar\\\/press\\\/vacuna-de-moderna-argentina-empezara-a-aplicarla-en-adolescentes\\\/\"},\"wordCount\":814,\"commentCount\":0,\"publisher\":{\"@id\":\"https:\\\/\\\/vocesdelacomuna15.com.ar\\\/press\\\/#organization\"},\"image\":{\"@id\":\"https:\\\/\\\/vocesdelacomuna15.com.ar\\\/press\\\/vacuna-de-moderna-argentina-empezara-a-aplicarla-en-adolescentes\\\/#primaryimage\"},\"thumbnailUrl\":\"https:\\\/\\\/vocesdelacomuna15.com.ar\\\/wp-content\\\/uploads\\\/2021\\\/07\\\/moderna2607.jpeg\",\"articleSection\":[\"Sociedad\"],\"inLanguage\":\"es-AR\",\"potentialAction\":[{\"@type\":\"CommentAction\",\"name\":\"Comment\",\"target\":[\"https:\\\/\\\/vocesdelacomuna15.com.ar\\\/press\\\/vacuna-de-moderna-argentina-empezara-a-aplicarla-en-adolescentes\\\/#respond\"]}]},{\"@type\":\"WebPage\",\"@id\":\"https:\\\/\\\/vocesdelacomuna15.com.ar\\\/press\\\/vacuna-de-moderna-argentina-empezara-a-aplicarla-en-adolescentes\\\/\",\"url\":\"https:\\\/\\\/vocesdelacomuna15.com.ar\\\/press\\\/vacuna-de-moderna-argentina-empezara-a-aplicarla-en-adolescentes\\\/\",\"name\":\"Vacuna de Moderna: Argentina empezar\u00e1 a aplicarla en adolescentes - Voces de la Comuna 15\",\"isPartOf\":{\"@id\":\"https:\\\/\\\/vocesdelacomuna15.com.ar\\\/press\\\/#website\"},\"primaryImageOfPage\":{\"@id\":\"https:\\\/\\\/vocesdelacomuna15.com.ar\\\/press\\\/vacuna-de-moderna-argentina-empezara-a-aplicarla-en-adolescentes\\\/#primaryimage\"},\"image\":{\"@id\":\"https:\\\/\\\/vocesdelacomuna15.com.ar\\\/press\\\/vacuna-de-moderna-argentina-empezara-a-aplicarla-en-adolescentes\\\/#primaryimage\"},\"thumbnailUrl\":\"https:\\\/\\\/vocesdelacomuna15.com.ar\\\/wp-content\\\/uploads\\\/2021\\\/07\\\/moderna2607.jpeg\",\"datePublished\":\"2021-07-26T03:36:39+00:00\",\"dateModified\":\"2021-07-26T03:36:44+00:00\",\"description\":\"Voces de la Comuna 15\",\"breadcrumb\":{\"@id\":\"https:\\\/\\\/vocesdelacomuna15.com.ar\\\/press\\\/vacuna-de-moderna-argentina-empezara-a-aplicarla-en-adolescentes\\\/#breadcrumb\"},\"inLanguage\":\"es-AR\",\"potentialAction\":[{\"@type\":\"ReadAction\",\"target\":[\"https:\\\/\\\/vocesdelacomuna15.com.ar\\\/press\\\/vacuna-de-moderna-argentina-empezara-a-aplicarla-en-adolescentes\\\/\"]}]},{\"@type\":\"ImageObject\",\"inLanguage\":\"es-AR\",\"@id\":\"https:\\\/\\\/vocesdelacomuna15.com.ar\\\/press\\\/vacuna-de-moderna-argentina-empezara-a-aplicarla-en-adolescentes\\\/#primaryimage\",\"url\":\"https:\\\/\\\/vocesdelacomuna15.com.ar\\\/wp-content\\\/uploads\\\/2021\\\/07\\\/moderna2607.jpeg\",\"contentUrl\":\"https:\\\/\\\/vocesdelacomuna15.com.ar\\\/wp-content\\\/uploads\\\/2021\\\/07\\\/moderna2607.jpeg\",\"width\":960,\"height\":640},{\"@type\":\"BreadcrumbList\",\"@id\":\"https:\\\/\\\/vocesdelacomuna15.com.ar\\\/press\\\/vacuna-de-moderna-argentina-empezara-a-aplicarla-en-adolescentes\\\/#breadcrumb\",\"itemListElement\":[{\"@type\":\"ListItem\",\"position\":1,\"name\":\"Inicio\",\"item\":\"https:\\\/\\\/vocesdelacomuna15.com.ar\\\/press\\\/\"},{\"@type\":\"ListItem\",\"position\":2,\"name\":\"Vacuna de Moderna: Argentina empezar\u00e1 a aplicarla en adolescentes\"}]},{\"@type\":\"WebSite\",\"@id\":\"https:\\\/\\\/vocesdelacomuna15.com.ar\\\/press\\\/#website\",\"url\":\"https:\\\/\\\/vocesdelacomuna15.com.ar\\\/press\\\/\",\"name\":\"Voces de la Comuna 15\",\"description\":\"Sitio web de noticias\",\"publisher\":{\"@id\":\"https:\\\/\\\/vocesdelacomuna15.com.ar\\\/press\\\/#organization\"},\"potentialAction\":[{\"@type\":\"SearchAction\",\"target\":{\"@type\":\"EntryPoint\",\"urlTemplate\":\"https:\\\/\\\/vocesdelacomuna15.com.ar\\\/press\\\/?s={search_term_string}\"},\"query-input\":{\"@type\":\"PropertyValueSpecification\",\"valueRequired\":true,\"valueName\":\"search_term_string\"}}],\"inLanguage\":\"es-AR\"},{\"@type\":\"Organization\",\"@id\":\"https:\\\/\\\/vocesdelacomuna15.com.ar\\\/press\\\/#organization\",\"name\":\"Voces de la Comuna 15\",\"url\":\"https:\\\/\\\/vocesdelacomuna15.com.ar\\\/press\\\/\",\"logo\":{\"@type\":\"ImageObject\",\"inLanguage\":\"es-AR\",\"@id\":\"https:\\\/\\\/vocesdelacomuna15.com.ar\\\/press\\\/#\\\/schema\\\/logo\\\/image\\\/\",\"url\":\"https:\\\/\\\/vocesdelacomuna15.com.ar\\\/wp-content\\\/uploads\\\/2024\\\/12\\\/cropped-logo_voces.jpg\",\"contentUrl\":\"https:\\\/\\\/vocesdelacomuna15.com.ar\\\/wp-content\\\/uploads\\\/2024\\\/12\\\/cropped-logo_voces.jpg\",\"width\":512,\"height\":512,\"caption\":\"Voces de la Comuna 15\"},\"image\":{\"@id\":\"https:\\\/\\\/vocesdelacomuna15.com.ar\\\/press\\\/#\\\/schema\\\/logo\\\/image\\\/\"},\"sameAs\":[\"https:\\\/\\\/www.facebook.com\\\/VocesComuna15\\\/\",\"https:\\\/\\\/x.com\\\/vocescomuna15\"]},{\"@type\":\"Person\",\"@id\":\"https:\\\/\\\/vocesdelacomuna15.com.ar\\\/press\\\/#\\\/schema\\\/person\\\/4739e109db25d799cd3d139eeb509e43\",\"name\":\"Federico Arguto\",\"image\":{\"@type\":\"ImageObject\",\"inLanguage\":\"es-AR\",\"@id\":\"https:\\\/\\\/vocesdelacomuna15.com.ar\\\/wp-content\\\/litespeed\\\/avatar\\\/82faf979976f1bae889b8b71f8a0a7e5.jpg?ver=1777419741\",\"url\":\"https:\\\/\\\/vocesdelacomuna15.com.ar\\\/wp-content\\\/litespeed\\\/avatar\\\/82faf979976f1bae889b8b71f8a0a7e5.jpg?ver=1777419741\",\"contentUrl\":\"https:\\\/\\\/vocesdelacomuna15.com.ar\\\/wp-content\\\/litespeed\\\/avatar\\\/82faf979976f1bae889b8b71f8a0a7e5.jpg?ver=1777419741\",\"caption\":\"Federico Arguto\"},\"url\":\"https:\\\/\\\/vocesdelacomuna15.com.ar\\\/press\\\/author\\\/fede\\\/\"}]}<\/script>\n<!-- \/ Yoast SEO plugin. -->","yoast_head_json":{"title":"Vacuna de Moderna: Argentina empezar\u00e1 a aplicarla en adolescentes - Voces de la Comuna 15","description":"Voces de la Comuna 15","robots":{"index":"index","follow":"follow","max-snippet":"max-snippet:-1","max-image-preview":"max-image-preview:large","max-video-preview":"max-video-preview:-1"},"canonical":"https:\/\/vocesdelacomuna15.com.ar\/press\/vacuna-de-moderna-argentina-empezara-a-aplicarla-en-adolescentes\/","og_locale":"es_ES","og_type":"article","og_title":"Vacuna de Moderna: Argentina empezar\u00e1 a aplicarla en adolescentes - Voces de la Comuna 15","og_description":"Voces de la Comuna 15","og_url":"https:\/\/vocesdelacomuna15.com.ar\/press\/vacuna-de-moderna-argentina-empezara-a-aplicarla-en-adolescentes\/","og_site_name":"Voces de la Comuna 15","article_publisher":"https:\/\/www.facebook.com\/VocesComuna15\/","article_published_time":"2021-07-26T03:36:39+00:00","article_modified_time":"2021-07-26T03:36:44+00:00","og_image":[{"width":960,"height":640,"url":"https:\/\/vocesdelacomuna15.com.ar\/wp-content\/uploads\/2021\/07\/moderna2607.jpeg","type":"image\/jpeg"}],"author":"Federico Arguto","twitter_card":"summary_large_image","twitter_creator":"@vocescomuna15","twitter_site":"@vocescomuna15","twitter_misc":{"Escrito por":"Federico Arguto","Tiempo de lectura":"4 minutos"},"schema":{"@context":"https:\/\/schema.org","@graph":[{"@type":"Article","@id":"https:\/\/vocesdelacomuna15.com.ar\/press\/vacuna-de-moderna-argentina-empezara-a-aplicarla-en-adolescentes\/#article","isPartOf":{"@id":"https:\/\/vocesdelacomuna15.com.ar\/press\/vacuna-de-moderna-argentina-empezara-a-aplicarla-en-adolescentes\/"},"author":{"name":"Federico Arguto","@id":"https:\/\/vocesdelacomuna15.com.ar\/press\/#\/schema\/person\/4739e109db25d799cd3d139eeb509e43"},"headline":"Vacuna de Moderna: Argentina empezar\u00e1 a aplicarla en adolescentes","datePublished":"2021-07-26T03:36:39+00:00","dateModified":"2021-07-26T03:36:44+00:00","mainEntityOfPage":{"@id":"https:\/\/vocesdelacomuna15.com.ar\/press\/vacuna-de-moderna-argentina-empezara-a-aplicarla-en-adolescentes\/"},"wordCount":814,"commentCount":0,"publisher":{"@id":"https:\/\/vocesdelacomuna15.com.ar\/press\/#organization"},"image":{"@id":"https:\/\/vocesdelacomuna15.com.ar\/press\/vacuna-de-moderna-argentina-empezara-a-aplicarla-en-adolescentes\/#primaryimage"},"thumbnailUrl":"https:\/\/vocesdelacomuna15.com.ar\/wp-content\/uploads\/2021\/07\/moderna2607.jpeg","articleSection":["Sociedad"],"inLanguage":"es-AR","potentialAction":[{"@type":"CommentAction","name":"Comment","target":["https:\/\/vocesdelacomuna15.com.ar\/press\/vacuna-de-moderna-argentina-empezara-a-aplicarla-en-adolescentes\/#respond"]}]},{"@type":"WebPage","@id":"https:\/\/vocesdelacomuna15.com.ar\/press\/vacuna-de-moderna-argentina-empezara-a-aplicarla-en-adolescentes\/","url":"https:\/\/vocesdelacomuna15.com.ar\/press\/vacuna-de-moderna-argentina-empezara-a-aplicarla-en-adolescentes\/","name":"Vacuna de Moderna: Argentina empezar\u00e1 a aplicarla en adolescentes - Voces de la Comuna 15","isPartOf":{"@id":"https:\/\/vocesdelacomuna15.com.ar\/press\/#website"},"primaryImageOfPage":{"@id":"https:\/\/vocesdelacomuna15.com.ar\/press\/vacuna-de-moderna-argentina-empezara-a-aplicarla-en-adolescentes\/#primaryimage"},"image":{"@id":"https:\/\/vocesdelacomuna15.com.ar\/press\/vacuna-de-moderna-argentina-empezara-a-aplicarla-en-adolescentes\/#primaryimage"},"thumbnailUrl":"https:\/\/vocesdelacomuna15.com.ar\/wp-content\/uploads\/2021\/07\/moderna2607.jpeg","datePublished":"2021-07-26T03:36:39+00:00","dateModified":"2021-07-26T03:36:44+00:00","description":"Voces de la Comuna 15","breadcrumb":{"@id":"https:\/\/vocesdelacomuna15.com.ar\/press\/vacuna-de-moderna-argentina-empezara-a-aplicarla-en-adolescentes\/#breadcrumb"},"inLanguage":"es-AR","potentialAction":[{"@type":"ReadAction","target":["https:\/\/vocesdelacomuna15.com.ar\/press\/vacuna-de-moderna-argentina-empezara-a-aplicarla-en-adolescentes\/"]}]},{"@type":"ImageObject","inLanguage":"es-AR","@id":"https:\/\/vocesdelacomuna15.com.ar\/press\/vacuna-de-moderna-argentina-empezara-a-aplicarla-en-adolescentes\/#primaryimage","url":"https:\/\/vocesdelacomuna15.com.ar\/wp-content\/uploads\/2021\/07\/moderna2607.jpeg","contentUrl":"https:\/\/vocesdelacomuna15.com.ar\/wp-content\/uploads\/2021\/07\/moderna2607.jpeg","width":960,"height":640},{"@type":"BreadcrumbList","@id":"https:\/\/vocesdelacomuna15.com.ar\/press\/vacuna-de-moderna-argentina-empezara-a-aplicarla-en-adolescentes\/#breadcrumb","itemListElement":[{"@type":"ListItem","position":1,"name":"Inicio","item":"https:\/\/vocesdelacomuna15.com.ar\/press\/"},{"@type":"ListItem","position":2,"name":"Vacuna de Moderna: Argentina empezar\u00e1 a aplicarla en adolescentes"}]},{"@type":"WebSite","@id":"https:\/\/vocesdelacomuna15.com.ar\/press\/#website","url":"https:\/\/vocesdelacomuna15.com.ar\/press\/","name":"Voces de la Comuna 15","description":"Sitio web de noticias","publisher":{"@id":"https:\/\/vocesdelacomuna15.com.ar\/press\/#organization"},"potentialAction":[{"@type":"SearchAction","target":{"@type":"EntryPoint","urlTemplate":"https:\/\/vocesdelacomuna15.com.ar\/press\/?s={search_term_string}"},"query-input":{"@type":"PropertyValueSpecification","valueRequired":true,"valueName":"search_term_string"}}],"inLanguage":"es-AR"},{"@type":"Organization","@id":"https:\/\/vocesdelacomuna15.com.ar\/press\/#organization","name":"Voces de la Comuna 15","url":"https:\/\/vocesdelacomuna15.com.ar\/press\/","logo":{"@type":"ImageObject","inLanguage":"es-AR","@id":"https:\/\/vocesdelacomuna15.com.ar\/press\/#\/schema\/logo\/image\/","url":"https:\/\/vocesdelacomuna15.com.ar\/wp-content\/uploads\/2024\/12\/cropped-logo_voces.jpg","contentUrl":"https:\/\/vocesdelacomuna15.com.ar\/wp-content\/uploads\/2024\/12\/cropped-logo_voces.jpg","width":512,"height":512,"caption":"Voces de la Comuna 15"},"image":{"@id":"https:\/\/vocesdelacomuna15.com.ar\/press\/#\/schema\/logo\/image\/"},"sameAs":["https:\/\/www.facebook.com\/VocesComuna15\/","https:\/\/x.com\/vocescomuna15"]},{"@type":"Person","@id":"https:\/\/vocesdelacomuna15.com.ar\/press\/#\/schema\/person\/4739e109db25d799cd3d139eeb509e43","name":"Federico Arguto","image":{"@type":"ImageObject","inLanguage":"es-AR","@id":"https:\/\/vocesdelacomuna15.com.ar\/wp-content\/litespeed\/avatar\/82faf979976f1bae889b8b71f8a0a7e5.jpg?ver=1777419741","url":"https:\/\/vocesdelacomuna15.com.ar\/wp-content\/litespeed\/avatar\/82faf979976f1bae889b8b71f8a0a7e5.jpg?ver=1777419741","contentUrl":"https:\/\/vocesdelacomuna15.com.ar\/wp-content\/litespeed\/avatar\/82faf979976f1bae889b8b71f8a0a7e5.jpg?ver=1777419741","caption":"Federico Arguto"},"url":"https:\/\/vocesdelacomuna15.com.ar\/press\/author\/fede\/"}]}},"_links":{"self":[{"href":"https:\/\/vocesdelacomuna15.com.ar\/press\/wp-json\/wp\/v2\/posts\/54366","targetHints":{"allow":["GET"]}}],"collection":[{"href":"https:\/\/vocesdelacomuna15.com.ar\/press\/wp-json\/wp\/v2\/posts"}],"about":[{"href":"https:\/\/vocesdelacomuna15.com.ar\/press\/wp-json\/wp\/v2\/types\/post"}],"author":[{"embeddable":true,"href":"https:\/\/vocesdelacomuna15.com.ar\/press\/wp-json\/wp\/v2\/users\/2"}],"replies":[{"embeddable":true,"href":"https:\/\/vocesdelacomuna15.com.ar\/press\/wp-json\/wp\/v2\/comments?post=54366"}],"version-history":[{"count":1,"href":"https:\/\/vocesdelacomuna15.com.ar\/press\/wp-json\/wp\/v2\/posts\/54366\/revisions"}],"predecessor-version":[{"id":54368,"href":"https:\/\/vocesdelacomuna15.com.ar\/press\/wp-json\/wp\/v2\/posts\/54366\/revisions\/54368"}],"wp:featuredmedia":[{"embeddable":true,"href":"https:\/\/vocesdelacomuna15.com.ar\/press\/wp-json\/wp\/v2\/media\/54367"}],"wp:attachment":[{"href":"https:\/\/vocesdelacomuna15.com.ar\/press\/wp-json\/wp\/v2\/media?parent=54366"}],"wp:term":[{"taxonomy":"category","embeddable":true,"href":"https:\/\/vocesdelacomuna15.com.ar\/press\/wp-json\/wp\/v2\/categories?post=54366"},{"taxonomy":"post_tag","embeddable":true,"href":"https:\/\/vocesdelacomuna15.com.ar\/press\/wp-json\/wp\/v2\/tags?post=54366"}],"curies":[{"name":"wp","href":"https:\/\/api.w.org\/{rel}","templated":true}]}}