{"id":54363,"date":"2021-07-26T00:28:05","date_gmt":"2021-07-26T03:28:05","guid":{"rendered":"http:\/\/vocesdelacomuna15.com.ar\/wordpress\/?p=54363"},"modified":"2021-07-26T00:28:12","modified_gmt":"2021-07-26T03:28:12","slug":"murio-el-cantautor-del-rock-argentino-palo-pandolfo-a-los-56-anos","status":"publish","type":"post","link":"https:\/\/vocesdelacomuna15.com.ar\/press\/murio-el-cantautor-del-rock-argentino-palo-pandolfo-a-los-56-anos\/","title":{"rendered":"Muri\u00f3 el cantautor del rock argentino Palo Pandolfo, a los 56 a\u00f1os"},"content":{"rendered":"\n<p>Seg\u00fan trascendi\u00f3, el m\u00fasico se desvaneci\u00f3 en la calle, en el barrio de Villa Crespo; lider\u00f3 bandas como Don Cornelio y la Zona y Los Visitantes, y con la llegada del nuevo siglo inici\u00f3 su carrera solista. Fuente: La Naci\u00f3n (Publicada el 22 de julio)<\/p>\n\n\n\n<p>Poes\u00eda y desenfreno. O poes\u00eda en desenfreno. Oscuridad y\nluminosa belleza. Todo eso hab\u00eda en la m\u00fasica de&nbsp;<strong>Palo Pandolfo<\/strong>. Cenizas y diamantes, pasi\u00f3n. Post punk de juventud y una\nreflexi\u00f3n calma en muchos de los versos que, ac\u00fasticos y guitarreros, sonaban\nes estos \u00faltimos a\u00f1os de madurez. Todo eso hab\u00eda en las canciones de Pandolfo,\nque&nbsp;<strong>este jueves por la tarde se desplom\u00f3 en la\nvereda de unas de las avenidas del centro geogr\u00e1fico de Buenos Aires, y dijo\nadi\u00f3s<\/strong>. Muri\u00f3 Palo, a los&nbsp;<strong>56 a\u00f1os<\/strong>. Se habr\u00e1 ido a cantar aquellos versos que desde hoy son\neternos.<\/p>\n\n\n\n<p>\u201cParado aqu\u00ed escucho las voces, son cantos de gloria.\nSonidos secos. Son r\u00edos huecos. Controlan mi memoria. Cenizas y diamantes;\ncenizas y diamantes. Doblando aqu\u00ed, confundo los colores, son resplandores\ndivinos. Densa oscuridad, fuego m\u00e1s velocidad. La tumba del camino\u201d.<\/p>\n\n\n\n<p>Cualquiera que estuviera al tanto de su presente habr\u00eda\ndicho que no era su momento.&nbsp;Ven\u00eda\nde dar shows peque\u00f1os, en la medida en que la pandemia se lo permit\u00eda. Estaba\npreparando un nuevo disco. Acababa de publicar una canci\u00f3n, seguramente como\nanticipo de esa producci\u00f3n que ten\u00eda entre manos. \u201cTu amor\u201d, se llama, y fue grabada con la\ncolaboraci\u00f3n del cantante Santiago Motorizado. Es una pieza luminosa que\ncontrasta con la noticia del diario de hoy. Por eso volver\u00e1n a decir: no era su\nmomento.<\/p>\n\n\n\n<p>\u201cEs una transmigraci\u00f3n, un cambio de estado del alma.\nRepresenta la muerte de algo y el renacimiento, un viaje hacia otro estad\u00edo\u201d,\ndec\u00eda Pandolfo semanas atr\u00e1s sobre la flamante canci\u00f3n que acababa de estrenar.\nEsas frases hoy no se pueden despegar de la noticia de su partida.<\/p>\n\n\n\n<p>Un artista inquieto<\/p>\n\n\n\n<p>El curr\u00edculum musical de Pandolfo dir\u00e1 que sus primeros\npasos con la m\u00fasica fueron en 1978, con una banda que integr\u00f3 en el colegio\nsecundario, el Sempiterno. La travesura adolescente se prolong\u00f3 hasta 1983. Un a\u00f1o\ndespu\u00e9s naci\u00f3 Don Cornelio y la Zona, proyecto que dur\u00f3 apenas un lustro, pero\nque se convirti\u00f3 en una banda de culto de la escena post punk porte\u00f1a. En\ncanciones como \u201cElla vendr\u00e1\u201d, \u201cCenizas y diamantes\u201d, \u201cTazas de t\u00e9 chino\u201d y \u201cEl\nrosario en el muro\u201d, todas del \u00e1lbum debut de la banda (producido por Andr\u00e9s\nCalamaro), se pueden encontrar las pistas del peso espec\u00edfico de aquel proyecto\ny de su relevancia, en un recorrido por la historia del rock, aunque en su\ntiempo, mediados de los ochenta, fuera el placer de un reducido gueto.<\/p>\n\n\n\n<p>En los noventa Palo dio vuelta la p\u00e1gina y fund\u00f3 Los\nVisitantes, grupo con el que public\u00f3 cinco discos con un campo est\u00e9tico musical\nm\u00e1s amplio y l\u00edricas (por momentos) menos oscuras.&nbsp;Palo\nnunca sali\u00f3 del rock, pero se lo llev\u00f3 consigo hacia otros lenguajes.\nCon la llegada del nuevo siglo experiment\u00f3 con distintos g\u00e9neros y sociedades\nart\u00edsticas.<\/p>\n\n\n\n<p>Su debut en solitario fue&nbsp;<em>A trav\u00e9s de los sue\u00f1os<\/em>&nbsp;(2001)\ncon el que da un paso m\u00e1s en su viaje a la canci\u00f3n de autor, m\u00e1s all\u00e1 de las\nbarreras impuestas por g\u00e9neros y lenguajes. El sendero que hizo en solitario lo\naproxim\u00f3 a geograf\u00edas del tango y del folklore argentino, durante las dos\n\u00faltimas d\u00e9cadas. Incluso lo ha hecho para despuntar el vicio de versionar\ncanciones, en el disco&nbsp;<em>Antojo<\/em>, con temas de Mano negra,\nLuis Alberto Spinetta, David Bowie, Radiohead, Andr\u00e9s Calamaro y un cl\u00e1sico\ntanguero de Homero Exp\u00f3sito.<\/p>\n\n\n\n<p>Con<em>&nbsp;Ritual criollo<\/em>&nbsp;(2008) dio una vuelta m\u00e1s de\ntuerca a su opci\u00f3n por la variedad de g\u00e9neros. Como en la mayor\u00eda de sus discos\nanteriores, hay muchos invitados. De hecho, si bien Pandolfo ejercit\u00f3 el f\u00e9rreo\noficio de escritor de canciones que produce en solitario, siempre g\u00e9nero\nproyecto desde distintos colectivos de trabajo, ya sea por la cantidad de\nsolistas que participaron en sus discos como por la necesidad (o el simple\ndeseo) de ponerle nombre a los grupos de m\u00fasicos que lo acompa\u00f1aron en sus\naventuras: La Fuerza Suave, La Hermandad.<\/p>\n\n\n\n<p>Ya en la \u00faltima d\u00e9cada public\u00f3 discos como<em>&nbsp;Esto es un abrazo<\/em>, con un link al rock de sus comienzos, y a\u00f1os despu\u00e9s&nbsp;<em>Transformaci\u00f3n<\/em>. \u201cAlma partida\u201d, el primer adelanto que dio en diciembre\npasado del disco que estaba preparando, se puede resumir en una guitarra, en\nuna canci\u00f3n popular de amplio espectro y, tambi\u00e9n, en esos procedimientos\ndeclamativos que Palo supo construir en casi cuatro d\u00e9cadas de carrera.<\/p>\n\n\n\n<p>A finales de 2020, en di\u00e1logo con&nbsp;<strong>LA NACION<\/strong>, dec\u00eda: \u201cEste disco que estoy preparando\nes como atravesar un r\u00edo pisando piedras. Hago un salto desde&nbsp;<em>Ritual Criollo<\/em>&nbsp;hasta el presente, retomo esa\nl\u00ednea. Lo que siempre es igual es la honestidad absoluta. Los temas m\u00e1s\nrevulsivos y violentos de<em>&nbsp;Patria o muerte<\/em>&nbsp;(Don Cornelio y la Zona) o&nbsp;<em>Salud universal<\/em>&nbsp;(Los Visitantes) los hice con la\nmisma guitarra criolla con la que compongo ahora\u201d.<\/p>\n\n\n\n<p>No era el momento para dejar una obra inconclusa. Pero\neso es lo que dicen las noticias de hoy (por el jueves 22 de julio). Seg\u00fan\ninformaci\u00f3n de la Comisar\u00eda Vecinal 6, un transe\u00fante que caminaba por la\nAvenida D\u00edaz V\u00e9lez al 5200 lo habr\u00eda visto caer al piso y perder el\nconocimiento. Luego de que fuera trasladado al Hospital Durand se confirm\u00f3 su\nfallecimiento a las 15.25 de este jueves (por el 22 de julio) y se instruy\u00f3 la\ninvestigaci\u00f3n de la causa de la muerte.<\/p>\n\n\n\n<p>Caracteres: 5.097<\/p>\n\n\n\n<p>Fuente y Foto: La Naci\u00f3n<\/p>\n<div class=\"pvc_clear\"><\/div><p id=\"pvc_stats_54363\" class=\"pvc_stats all  \" data-element-id=\"54363\" style=\"\"><i class=\"pvc-stats-icon small\" aria-hidden=\"true\"><svg aria-hidden=\"true\" focusable=\"false\" data-prefix=\"far\" data-icon=\"chart-bar\" role=\"img\" xmlns=\"http:\/\/www.w3.org\/2000\/svg\" viewBox=\"0 0 512 512\" class=\"svg-inline--fa fa-chart-bar fa-w-16 fa-2x\"><path fill=\"currentColor\" d=\"M396.8 352h22.4c6.4 0 12.8-6.4 12.8-12.8V108.8c0-6.4-6.4-12.8-12.8-12.8h-22.4c-6.4 0-12.8 6.4-12.8 12.8v230.4c0 6.4 6.4 12.8 12.8 12.8zm-192 0h22.4c6.4 0 12.8-6.4 12.8-12.8V140.8c0-6.4-6.4-12.8-12.8-12.8h-22.4c-6.4 0-12.8 6.4-12.8 12.8v198.4c0 6.4 6.4 12.8 12.8 12.8zm96 0h22.4c6.4 0 12.8-6.4 12.8-12.8V204.8c0-6.4-6.4-12.8-12.8-12.8h-22.4c-6.4 0-12.8 6.4-12.8 12.8v134.4c0 6.4 6.4 12.8 12.8 12.8zM496 400H48V80c0-8.84-7.16-16-16-16H16C7.16 64 0 71.16 0 80v336c0 17.67 14.33 32 32 32h464c8.84 0 16-7.16 16-16v-16c0-8.84-7.16-16-16-16zm-387.2-48h22.4c6.4 0 12.8-6.4 12.8-12.8v-70.4c0-6.4-6.4-12.8-12.8-12.8h-22.4c-6.4 0-12.8 6.4-12.8 12.8v70.4c0 6.4 6.4 12.8 12.8 12.8z\" class=\"\"><\/path><\/svg><\/i> <img loading=\"lazy\" decoding=\"async\" width=\"16\" height=\"16\" alt=\"Loading\" src=\"https:\/\/vocesdelacomuna15.com.ar\/wp-content\/plugins\/page-views-count\/ajax-loader-2x.gif\" border=0 \/><\/p><div class=\"pvc_clear\"><\/div>","protected":false},"excerpt":{"rendered":"<p>Seg\u00fan trascendi\u00f3, el m\u00fasico se desvaneci\u00f3 en la calle, en el barrio de Villa Crespo; lider\u00f3 bandas como Don Cornelio y la Zona y Los Visitantes, y con la llegada del nuevo siglo inici\u00f3 su carrera solista. Fuente: La Naci\u00f3n (Publicada el 22 de julio) Poes\u00eda y desenfreno. O poes\u00eda en desenfreno. Oscuridad y luminosa [&hellip;]<\/p>\n<div class=\"pvc_clear\"><\/div>\n<p id=\"pvc_stats_54363\" class=\"pvc_stats all  \" data-element-id=\"54363\" style=\"\"><i class=\"pvc-stats-icon small\" aria-hidden=\"true\"><svg aria-hidden=\"true\" focusable=\"false\" data-prefix=\"far\" data-icon=\"chart-bar\" role=\"img\" xmlns=\"http:\/\/www.w3.org\/2000\/svg\" viewBox=\"0 0 512 512\" class=\"svg-inline--fa fa-chart-bar fa-w-16 fa-2x\"><path fill=\"currentColor\" d=\"M396.8 352h22.4c6.4 0 12.8-6.4 12.8-12.8V108.8c0-6.4-6.4-12.8-12.8-12.8h-22.4c-6.4 0-12.8 6.4-12.8 12.8v230.4c0 6.4 6.4 12.8 12.8 12.8zm-192 0h22.4c6.4 0 12.8-6.4 12.8-12.8V140.8c0-6.4-6.4-12.8-12.8-12.8h-22.4c-6.4 0-12.8 6.4-12.8 12.8v198.4c0 6.4 6.4 12.8 12.8 12.8zm96 0h22.4c6.4 0 12.8-6.4 12.8-12.8V204.8c0-6.4-6.4-12.8-12.8-12.8h-22.4c-6.4 0-12.8 6.4-12.8 12.8v134.4c0 6.4 6.4 12.8 12.8 12.8zM496 400H48V80c0-8.84-7.16-16-16-16H16C7.16 64 0 71.16 0 80v336c0 17.67 14.33 32 32 32h464c8.84 0 16-7.16 16-16v-16c0-8.84-7.16-16-16-16zm-387.2-48h22.4c6.4 0 12.8-6.4 12.8-12.8v-70.4c0-6.4-6.4-12.8-12.8-12.8h-22.4c-6.4 0-12.8 6.4-12.8 12.8v70.4c0 6.4 6.4 12.8 12.8 12.8z\" class=\"\"><\/path><\/svg><\/i> <img loading=\"lazy\" decoding=\"async\" width=\"16\" height=\"16\" alt=\"Loading\" src=\"https:\/\/vocesdelacomuna15.com.ar\/wp-content\/plugins\/page-views-count\/ajax-loader-2x.gif\" border=0 \/><\/p>\n<div class=\"pvc_clear\"><\/div>\n","protected":false},"author":2,"featured_media":54364,"comment_status":"open","ping_status":"open","sticky":false,"template":"","format":"standard","meta":{"_et_pb_use_builder":"off","_et_pb_old_content":"","_et_gb_content_width":"","footnotes":""},"categories":[24,32],"tags":[],"class_list":["post-54363","post","type-post","status-publish","format-standard","has-post-thumbnail","hentry","category-cultura","category-vcre","et-has-post-format-content","et_post_format-et-post-format-standard"],"a3_pvc":{"activated":true,"total_views":318,"today_views":0},"yoast_head":"<!-- This site is optimized with the Yoast SEO plugin v27.5 - https:\/\/yoast.com\/product\/yoast-seo-wordpress\/ -->\n<title>Muri\u00f3 el cantautor del rock argentino Palo Pandolfo, a los 56 a\u00f1os - Voces de la Comuna 15<\/title>\n<meta name=\"description\" content=\"Voces de la Comuna 15\" \/>\n<meta name=\"robots\" content=\"index, follow, max-snippet:-1, max-image-preview:large, max-video-preview:-1\" \/>\n<link rel=\"canonical\" href=\"https:\/\/vocesdelacomuna15.com.ar\/press\/murio-el-cantautor-del-rock-argentino-palo-pandolfo-a-los-56-anos\/\" \/>\n<meta property=\"og:locale\" content=\"es_ES\" \/>\n<meta property=\"og:type\" content=\"article\" \/>\n<meta property=\"og:title\" content=\"Muri\u00f3 el cantautor del rock argentino Palo Pandolfo, a los 56 a\u00f1os - Voces de la Comuna 15\" \/>\n<meta property=\"og:description\" content=\"Voces de la Comuna 15\" \/>\n<meta property=\"og:url\" content=\"https:\/\/vocesdelacomuna15.com.ar\/press\/murio-el-cantautor-del-rock-argentino-palo-pandolfo-a-los-56-anos\/\" \/>\n<meta property=\"og:site_name\" content=\"Voces de la Comuna 15\" \/>\n<meta property=\"article:publisher\" content=\"https:\/\/www.facebook.com\/VocesComuna15\/\" \/>\n<meta property=\"article:published_time\" content=\"2021-07-26T03:28:05+00:00\" \/>\n<meta property=\"article:modified_time\" content=\"2021-07-26T03:28:12+00:00\" \/>\n<meta property=\"og:image\" content=\"https:\/\/vocesdelacomuna15.com.ar\/wp-content\/uploads\/2021\/07\/palo2607.jpg\" \/>\n\t<meta property=\"og:image:width\" content=\"879\" \/>\n\t<meta property=\"og:image:height\" content=\"586\" \/>\n\t<meta property=\"og:image:type\" content=\"image\/jpeg\" \/>\n<meta name=\"author\" content=\"Federico Arguto\" \/>\n<meta name=\"twitter:card\" content=\"summary_large_image\" \/>\n<meta name=\"twitter:creator\" content=\"@vocescomuna15\" \/>\n<meta name=\"twitter:site\" content=\"@vocescomuna15\" \/>\n<meta name=\"twitter:label1\" content=\"Escrito por\" \/>\n\t<meta name=\"twitter:data1\" content=\"Federico Arguto\" \/>\n\t<meta name=\"twitter:label2\" content=\"Tiempo de lectura\" \/>\n\t<meta name=\"twitter:data2\" content=\"5 minutos\" \/>\n<script type=\"application\/ld+json\" class=\"yoast-schema-graph\">{\"@context\":\"https:\\\/\\\/schema.org\",\"@graph\":[{\"@type\":\"Article\",\"@id\":\"https:\\\/\\\/vocesdelacomuna15.com.ar\\\/press\\\/murio-el-cantautor-del-rock-argentino-palo-pandolfo-a-los-56-anos\\\/#article\",\"isPartOf\":{\"@id\":\"https:\\\/\\\/vocesdelacomuna15.com.ar\\\/press\\\/murio-el-cantautor-del-rock-argentino-palo-pandolfo-a-los-56-anos\\\/\"},\"author\":{\"name\":\"Federico Arguto\",\"@id\":\"https:\\\/\\\/vocesdelacomuna15.com.ar\\\/press\\\/#\\\/schema\\\/person\\\/4739e109db25d799cd3d139eeb509e43\"},\"headline\":\"Muri\u00f3 el cantautor del rock argentino Palo Pandolfo, a los 56 a\u00f1os\",\"datePublished\":\"2021-07-26T03:28:05+00:00\",\"dateModified\":\"2021-07-26T03:28:12+00:00\",\"mainEntityOfPage\":{\"@id\":\"https:\\\/\\\/vocesdelacomuna15.com.ar\\\/press\\\/murio-el-cantautor-del-rock-argentino-palo-pandolfo-a-los-56-anos\\\/\"},\"wordCount\":1033,\"commentCount\":0,\"publisher\":{\"@id\":\"https:\\\/\\\/vocesdelacomuna15.com.ar\\\/press\\\/#organization\"},\"image\":{\"@id\":\"https:\\\/\\\/vocesdelacomuna15.com.ar\\\/press\\\/murio-el-cantautor-del-rock-argentino-palo-pandolfo-a-los-56-anos\\\/#primaryimage\"},\"thumbnailUrl\":\"https:\\\/\\\/vocesdelacomuna15.com.ar\\\/wp-content\\\/uploads\\\/2021\\\/07\\\/palo2607.jpg\",\"articleSection\":[\"Cultura\",\"Villa Crespo\"],\"inLanguage\":\"es-AR\",\"potentialAction\":[{\"@type\":\"CommentAction\",\"name\":\"Comment\",\"target\":[\"https:\\\/\\\/vocesdelacomuna15.com.ar\\\/press\\\/murio-el-cantautor-del-rock-argentino-palo-pandolfo-a-los-56-anos\\\/#respond\"]}]},{\"@type\":\"WebPage\",\"@id\":\"https:\\\/\\\/vocesdelacomuna15.com.ar\\\/press\\\/murio-el-cantautor-del-rock-argentino-palo-pandolfo-a-los-56-anos\\\/\",\"url\":\"https:\\\/\\\/vocesdelacomuna15.com.ar\\\/press\\\/murio-el-cantautor-del-rock-argentino-palo-pandolfo-a-los-56-anos\\\/\",\"name\":\"Muri\u00f3 el cantautor del rock argentino Palo Pandolfo, a los 56 a\u00f1os - Voces de la Comuna 15\",\"isPartOf\":{\"@id\":\"https:\\\/\\\/vocesdelacomuna15.com.ar\\\/press\\\/#website\"},\"primaryImageOfPage\":{\"@id\":\"https:\\\/\\\/vocesdelacomuna15.com.ar\\\/press\\\/murio-el-cantautor-del-rock-argentino-palo-pandolfo-a-los-56-anos\\\/#primaryimage\"},\"image\":{\"@id\":\"https:\\\/\\\/vocesdelacomuna15.com.ar\\\/press\\\/murio-el-cantautor-del-rock-argentino-palo-pandolfo-a-los-56-anos\\\/#primaryimage\"},\"thumbnailUrl\":\"https:\\\/\\\/vocesdelacomuna15.com.ar\\\/wp-content\\\/uploads\\\/2021\\\/07\\\/palo2607.jpg\",\"datePublished\":\"2021-07-26T03:28:05+00:00\",\"dateModified\":\"2021-07-26T03:28:12+00:00\",\"description\":\"Voces de la Comuna 15\",\"breadcrumb\":{\"@id\":\"https:\\\/\\\/vocesdelacomuna15.com.ar\\\/press\\\/murio-el-cantautor-del-rock-argentino-palo-pandolfo-a-los-56-anos\\\/#breadcrumb\"},\"inLanguage\":\"es-AR\",\"potentialAction\":[{\"@type\":\"ReadAction\",\"target\":[\"https:\\\/\\\/vocesdelacomuna15.com.ar\\\/press\\\/murio-el-cantautor-del-rock-argentino-palo-pandolfo-a-los-56-anos\\\/\"]}]},{\"@type\":\"ImageObject\",\"inLanguage\":\"es-AR\",\"@id\":\"https:\\\/\\\/vocesdelacomuna15.com.ar\\\/press\\\/murio-el-cantautor-del-rock-argentino-palo-pandolfo-a-los-56-anos\\\/#primaryimage\",\"url\":\"https:\\\/\\\/vocesdelacomuna15.com.ar\\\/wp-content\\\/uploads\\\/2021\\\/07\\\/palo2607.jpg\",\"contentUrl\":\"https:\\\/\\\/vocesdelacomuna15.com.ar\\\/wp-content\\\/uploads\\\/2021\\\/07\\\/palo2607.jpg\",\"width\":879,\"height\":586},{\"@type\":\"BreadcrumbList\",\"@id\":\"https:\\\/\\\/vocesdelacomuna15.com.ar\\\/press\\\/murio-el-cantautor-del-rock-argentino-palo-pandolfo-a-los-56-anos\\\/#breadcrumb\",\"itemListElement\":[{\"@type\":\"ListItem\",\"position\":1,\"name\":\"Inicio\",\"item\":\"https:\\\/\\\/vocesdelacomuna15.com.ar\\\/press\\\/\"},{\"@type\":\"ListItem\",\"position\":2,\"name\":\"Muri\u00f3 el cantautor del rock argentino Palo Pandolfo, a los 56 a\u00f1os\"}]},{\"@type\":\"WebSite\",\"@id\":\"https:\\\/\\\/vocesdelacomuna15.com.ar\\\/press\\\/#website\",\"url\":\"https:\\\/\\\/vocesdelacomuna15.com.ar\\\/press\\\/\",\"name\":\"Voces de la Comuna 15\",\"description\":\"Sitio web de noticias\",\"publisher\":{\"@id\":\"https:\\\/\\\/vocesdelacomuna15.com.ar\\\/press\\\/#organization\"},\"potentialAction\":[{\"@type\":\"SearchAction\",\"target\":{\"@type\":\"EntryPoint\",\"urlTemplate\":\"https:\\\/\\\/vocesdelacomuna15.com.ar\\\/press\\\/?s={search_term_string}\"},\"query-input\":{\"@type\":\"PropertyValueSpecification\",\"valueRequired\":true,\"valueName\":\"search_term_string\"}}],\"inLanguage\":\"es-AR\"},{\"@type\":\"Organization\",\"@id\":\"https:\\\/\\\/vocesdelacomuna15.com.ar\\\/press\\\/#organization\",\"name\":\"Voces de la Comuna 15\",\"url\":\"https:\\\/\\\/vocesdelacomuna15.com.ar\\\/press\\\/\",\"logo\":{\"@type\":\"ImageObject\",\"inLanguage\":\"es-AR\",\"@id\":\"https:\\\/\\\/vocesdelacomuna15.com.ar\\\/press\\\/#\\\/schema\\\/logo\\\/image\\\/\",\"url\":\"https:\\\/\\\/vocesdelacomuna15.com.ar\\\/wp-content\\\/uploads\\\/2024\\\/12\\\/cropped-logo_voces.jpg\",\"contentUrl\":\"https:\\\/\\\/vocesdelacomuna15.com.ar\\\/wp-content\\\/uploads\\\/2024\\\/12\\\/cropped-logo_voces.jpg\",\"width\":512,\"height\":512,\"caption\":\"Voces de la Comuna 15\"},\"image\":{\"@id\":\"https:\\\/\\\/vocesdelacomuna15.com.ar\\\/press\\\/#\\\/schema\\\/logo\\\/image\\\/\"},\"sameAs\":[\"https:\\\/\\\/www.facebook.com\\\/VocesComuna15\\\/\",\"https:\\\/\\\/x.com\\\/vocescomuna15\"]},{\"@type\":\"Person\",\"@id\":\"https:\\\/\\\/vocesdelacomuna15.com.ar\\\/press\\\/#\\\/schema\\\/person\\\/4739e109db25d799cd3d139eeb509e43\",\"name\":\"Federico Arguto\",\"image\":{\"@type\":\"ImageObject\",\"inLanguage\":\"es-AR\",\"@id\":\"https:\\\/\\\/vocesdelacomuna15.com.ar\\\/wp-content\\\/litespeed\\\/avatar\\\/82faf979976f1bae889b8b71f8a0a7e5.jpg?ver=1777419741\",\"url\":\"https:\\\/\\\/vocesdelacomuna15.com.ar\\\/wp-content\\\/litespeed\\\/avatar\\\/82faf979976f1bae889b8b71f8a0a7e5.jpg?ver=1777419741\",\"contentUrl\":\"https:\\\/\\\/vocesdelacomuna15.com.ar\\\/wp-content\\\/litespeed\\\/avatar\\\/82faf979976f1bae889b8b71f8a0a7e5.jpg?ver=1777419741\",\"caption\":\"Federico Arguto\"},\"url\":\"https:\\\/\\\/vocesdelacomuna15.com.ar\\\/press\\\/author\\\/fede\\\/\"}]}<\/script>\n<!-- \/ Yoast SEO plugin. -->","yoast_head_json":{"title":"Muri\u00f3 el cantautor del rock argentino Palo Pandolfo, a los 56 a\u00f1os - Voces de la Comuna 15","description":"Voces de la Comuna 15","robots":{"index":"index","follow":"follow","max-snippet":"max-snippet:-1","max-image-preview":"max-image-preview:large","max-video-preview":"max-video-preview:-1"},"canonical":"https:\/\/vocesdelacomuna15.com.ar\/press\/murio-el-cantautor-del-rock-argentino-palo-pandolfo-a-los-56-anos\/","og_locale":"es_ES","og_type":"article","og_title":"Muri\u00f3 el cantautor del rock argentino Palo Pandolfo, a los 56 a\u00f1os - Voces de la Comuna 15","og_description":"Voces de la Comuna 15","og_url":"https:\/\/vocesdelacomuna15.com.ar\/press\/murio-el-cantautor-del-rock-argentino-palo-pandolfo-a-los-56-anos\/","og_site_name":"Voces de la Comuna 15","article_publisher":"https:\/\/www.facebook.com\/VocesComuna15\/","article_published_time":"2021-07-26T03:28:05+00:00","article_modified_time":"2021-07-26T03:28:12+00:00","og_image":[{"width":879,"height":586,"url":"https:\/\/vocesdelacomuna15.com.ar\/wp-content\/uploads\/2021\/07\/palo2607.jpg","type":"image\/jpeg"}],"author":"Federico Arguto","twitter_card":"summary_large_image","twitter_creator":"@vocescomuna15","twitter_site":"@vocescomuna15","twitter_misc":{"Escrito por":"Federico Arguto","Tiempo de lectura":"5 minutos"},"schema":{"@context":"https:\/\/schema.org","@graph":[{"@type":"Article","@id":"https:\/\/vocesdelacomuna15.com.ar\/press\/murio-el-cantautor-del-rock-argentino-palo-pandolfo-a-los-56-anos\/#article","isPartOf":{"@id":"https:\/\/vocesdelacomuna15.com.ar\/press\/murio-el-cantautor-del-rock-argentino-palo-pandolfo-a-los-56-anos\/"},"author":{"name":"Federico Arguto","@id":"https:\/\/vocesdelacomuna15.com.ar\/press\/#\/schema\/person\/4739e109db25d799cd3d139eeb509e43"},"headline":"Muri\u00f3 el cantautor del rock argentino Palo Pandolfo, a los 56 a\u00f1os","datePublished":"2021-07-26T03:28:05+00:00","dateModified":"2021-07-26T03:28:12+00:00","mainEntityOfPage":{"@id":"https:\/\/vocesdelacomuna15.com.ar\/press\/murio-el-cantautor-del-rock-argentino-palo-pandolfo-a-los-56-anos\/"},"wordCount":1033,"commentCount":0,"publisher":{"@id":"https:\/\/vocesdelacomuna15.com.ar\/press\/#organization"},"image":{"@id":"https:\/\/vocesdelacomuna15.com.ar\/press\/murio-el-cantautor-del-rock-argentino-palo-pandolfo-a-los-56-anos\/#primaryimage"},"thumbnailUrl":"https:\/\/vocesdelacomuna15.com.ar\/wp-content\/uploads\/2021\/07\/palo2607.jpg","articleSection":["Cultura","Villa Crespo"],"inLanguage":"es-AR","potentialAction":[{"@type":"CommentAction","name":"Comment","target":["https:\/\/vocesdelacomuna15.com.ar\/press\/murio-el-cantautor-del-rock-argentino-palo-pandolfo-a-los-56-anos\/#respond"]}]},{"@type":"WebPage","@id":"https:\/\/vocesdelacomuna15.com.ar\/press\/murio-el-cantautor-del-rock-argentino-palo-pandolfo-a-los-56-anos\/","url":"https:\/\/vocesdelacomuna15.com.ar\/press\/murio-el-cantautor-del-rock-argentino-palo-pandolfo-a-los-56-anos\/","name":"Muri\u00f3 el cantautor del rock argentino Palo Pandolfo, a los 56 a\u00f1os - Voces de la Comuna 15","isPartOf":{"@id":"https:\/\/vocesdelacomuna15.com.ar\/press\/#website"},"primaryImageOfPage":{"@id":"https:\/\/vocesdelacomuna15.com.ar\/press\/murio-el-cantautor-del-rock-argentino-palo-pandolfo-a-los-56-anos\/#primaryimage"},"image":{"@id":"https:\/\/vocesdelacomuna15.com.ar\/press\/murio-el-cantautor-del-rock-argentino-palo-pandolfo-a-los-56-anos\/#primaryimage"},"thumbnailUrl":"https:\/\/vocesdelacomuna15.com.ar\/wp-content\/uploads\/2021\/07\/palo2607.jpg","datePublished":"2021-07-26T03:28:05+00:00","dateModified":"2021-07-26T03:28:12+00:00","description":"Voces de la Comuna 15","breadcrumb":{"@id":"https:\/\/vocesdelacomuna15.com.ar\/press\/murio-el-cantautor-del-rock-argentino-palo-pandolfo-a-los-56-anos\/#breadcrumb"},"inLanguage":"es-AR","potentialAction":[{"@type":"ReadAction","target":["https:\/\/vocesdelacomuna15.com.ar\/press\/murio-el-cantautor-del-rock-argentino-palo-pandolfo-a-los-56-anos\/"]}]},{"@type":"ImageObject","inLanguage":"es-AR","@id":"https:\/\/vocesdelacomuna15.com.ar\/press\/murio-el-cantautor-del-rock-argentino-palo-pandolfo-a-los-56-anos\/#primaryimage","url":"https:\/\/vocesdelacomuna15.com.ar\/wp-content\/uploads\/2021\/07\/palo2607.jpg","contentUrl":"https:\/\/vocesdelacomuna15.com.ar\/wp-content\/uploads\/2021\/07\/palo2607.jpg","width":879,"height":586},{"@type":"BreadcrumbList","@id":"https:\/\/vocesdelacomuna15.com.ar\/press\/murio-el-cantautor-del-rock-argentino-palo-pandolfo-a-los-56-anos\/#breadcrumb","itemListElement":[{"@type":"ListItem","position":1,"name":"Inicio","item":"https:\/\/vocesdelacomuna15.com.ar\/press\/"},{"@type":"ListItem","position":2,"name":"Muri\u00f3 el cantautor del rock argentino Palo Pandolfo, a los 56 a\u00f1os"}]},{"@type":"WebSite","@id":"https:\/\/vocesdelacomuna15.com.ar\/press\/#website","url":"https:\/\/vocesdelacomuna15.com.ar\/press\/","name":"Voces de la Comuna 15","description":"Sitio web de noticias","publisher":{"@id":"https:\/\/vocesdelacomuna15.com.ar\/press\/#organization"},"potentialAction":[{"@type":"SearchAction","target":{"@type":"EntryPoint","urlTemplate":"https:\/\/vocesdelacomuna15.com.ar\/press\/?s={search_term_string}"},"query-input":{"@type":"PropertyValueSpecification","valueRequired":true,"valueName":"search_term_string"}}],"inLanguage":"es-AR"},{"@type":"Organization","@id":"https:\/\/vocesdelacomuna15.com.ar\/press\/#organization","name":"Voces de la Comuna 15","url":"https:\/\/vocesdelacomuna15.com.ar\/press\/","logo":{"@type":"ImageObject","inLanguage":"es-AR","@id":"https:\/\/vocesdelacomuna15.com.ar\/press\/#\/schema\/logo\/image\/","url":"https:\/\/vocesdelacomuna15.com.ar\/wp-content\/uploads\/2024\/12\/cropped-logo_voces.jpg","contentUrl":"https:\/\/vocesdelacomuna15.com.ar\/wp-content\/uploads\/2024\/12\/cropped-logo_voces.jpg","width":512,"height":512,"caption":"Voces de la Comuna 15"},"image":{"@id":"https:\/\/vocesdelacomuna15.com.ar\/press\/#\/schema\/logo\/image\/"},"sameAs":["https:\/\/www.facebook.com\/VocesComuna15\/","https:\/\/x.com\/vocescomuna15"]},{"@type":"Person","@id":"https:\/\/vocesdelacomuna15.com.ar\/press\/#\/schema\/person\/4739e109db25d799cd3d139eeb509e43","name":"Federico Arguto","image":{"@type":"ImageObject","inLanguage":"es-AR","@id":"https:\/\/vocesdelacomuna15.com.ar\/wp-content\/litespeed\/avatar\/82faf979976f1bae889b8b71f8a0a7e5.jpg?ver=1777419741","url":"https:\/\/vocesdelacomuna15.com.ar\/wp-content\/litespeed\/avatar\/82faf979976f1bae889b8b71f8a0a7e5.jpg?ver=1777419741","contentUrl":"https:\/\/vocesdelacomuna15.com.ar\/wp-content\/litespeed\/avatar\/82faf979976f1bae889b8b71f8a0a7e5.jpg?ver=1777419741","caption":"Federico Arguto"},"url":"https:\/\/vocesdelacomuna15.com.ar\/press\/author\/fede\/"}]}},"_links":{"self":[{"href":"https:\/\/vocesdelacomuna15.com.ar\/press\/wp-json\/wp\/v2\/posts\/54363","targetHints":{"allow":["GET"]}}],"collection":[{"href":"https:\/\/vocesdelacomuna15.com.ar\/press\/wp-json\/wp\/v2\/posts"}],"about":[{"href":"https:\/\/vocesdelacomuna15.com.ar\/press\/wp-json\/wp\/v2\/types\/post"}],"author":[{"embeddable":true,"href":"https:\/\/vocesdelacomuna15.com.ar\/press\/wp-json\/wp\/v2\/users\/2"}],"replies":[{"embeddable":true,"href":"https:\/\/vocesdelacomuna15.com.ar\/press\/wp-json\/wp\/v2\/comments?post=54363"}],"version-history":[{"count":1,"href":"https:\/\/vocesdelacomuna15.com.ar\/press\/wp-json\/wp\/v2\/posts\/54363\/revisions"}],"predecessor-version":[{"id":54365,"href":"https:\/\/vocesdelacomuna15.com.ar\/press\/wp-json\/wp\/v2\/posts\/54363\/revisions\/54365"}],"wp:featuredmedia":[{"embeddable":true,"href":"https:\/\/vocesdelacomuna15.com.ar\/press\/wp-json\/wp\/v2\/media\/54364"}],"wp:attachment":[{"href":"https:\/\/vocesdelacomuna15.com.ar\/press\/wp-json\/wp\/v2\/media?parent=54363"}],"wp:term":[{"taxonomy":"category","embeddable":true,"href":"https:\/\/vocesdelacomuna15.com.ar\/press\/wp-json\/wp\/v2\/categories?post=54363"},{"taxonomy":"post_tag","embeddable":true,"href":"https:\/\/vocesdelacomuna15.com.ar\/press\/wp-json\/wp\/v2\/tags?post=54363"}],"curies":[{"name":"wp","href":"https:\/\/api.w.org\/{rel}","templated":true}]}}