{"id":54349,"date":"2021-07-22T14:18:59","date_gmt":"2021-07-22T17:18:59","guid":{"rendered":"http:\/\/vocesdelacomuna15.com.ar\/wordpress\/?p=54349"},"modified":"2021-07-22T14:31:44","modified_gmt":"2021-07-22T17:31:44","slug":"argentinos-no-pudo-con-river-y-quedo-eliminado-de-la-copa-libertadores","status":"publish","type":"post","link":"https:\/\/vocesdelacomuna15.com.ar\/press\/argentinos-no-pudo-con-river-y-quedo-eliminado-de-la-copa-libertadores\/","title":{"rendered":"Argentinos no pudo con River y qued\u00f3 eliminado de la Copa Libertadores"},"content":{"rendered":"\n<p>Superado por el rival en lo futbol\u00edstico, perdi\u00f3 2-0 en el Diego Armando Maradona<\/p>\n\n\n\n<p>El \u201cbicho\u201d de La Paternal sufri\u00f3 la jerarqu\u00eda del River de Marcelo Gallardo\ny no pudo estar a la altura de las expectativas que hab\u00eda en el equipo despu\u00e9s\nde una gran primera ronda y de un buen partido de ida, en el que hab\u00eda mostrado\nparidad con su rival en el empate 1-1 en el Monumental.<\/p>\n\n\n\n<p>Fue una mala noche de los de Gabriel Milito y tambi\u00e9n una muy buena de los \u201cmillonarios\u201d, que tuvieron sus pilares en las dos \u00e1reas, con Franco Armani y Braian Romero \u2013autor de los dos tantos- y en el mediocampo con Enzo P\u00e9rez y Bruno Zuculini. El \u201cbicho\u201d no logr\u00f3 imponer su juego, ya que los de Gallardo neutralizaron las subidas por las bandas de Jonathan Sandoval y El\u00edas G\u00f3mez, que hab\u00edan sido claves en el partido anterior. Fue m\u00e1s que nada pelotazo a \u00c1valos y a disputar la segunda jugada. No obstante, Argentinos tuvo sus chances, que no logr\u00f3 aprovechar, dando tambi\u00e9n m\u00e9ritos al trabajo realizado por Armani. <\/p>\n\n\n\n<figure class=\"wp-block-image\"><img loading=\"lazy\" decoding=\"async\" width=\"773\" height=\"380\" src=\"http:\/\/vocesdelacomuna15.com.ar\/wordpress\/wp-content\/uploads\/2021\/07\/avalos220721.jpg\" alt=\"\" class=\"wp-image-54352\" srcset=\"https:\/\/vocesdelacomuna15.com.ar\/wp-content\/uploads\/2021\/07\/avalos220721.jpg 773w, https:\/\/vocesdelacomuna15.com.ar\/wp-content\/uploads\/2021\/07\/avalos220721-300x147.jpg 300w, https:\/\/vocesdelacomuna15.com.ar\/wp-content\/uploads\/2021\/07\/avalos220721-768x378.jpg 768w, https:\/\/vocesdelacomuna15.com.ar\/wp-content\/uploads\/2021\/07\/avalos220721-600x295.jpg 600w\" sizes=\"(max-width: 773px) 100vw, 773px\" \/><figcaption>Gabriel \u00c1valos disputando el bal\u00f3n, en una noche en que no le lleg\u00f3 la pelota de forma clara<\/figcaption><\/figure>\n\n\n\n<p>En los primeros 30 minutos el partido estuvo parejo, hasta que a los 34\nlleg\u00f3 el primer gol de River. Despu\u00e9s de un pase largo, Braian Romero choc\u00f3 con\nKevin Mac Allister (en una jugada en que quiz\u00e1s hubo infracci\u00f3n del de River\naunque no fue reclamada) y el rebote qued\u00f3 para Mat\u00edas Su\u00e1rez, que habilit\u00f3 al\nex Argentinos, que favorecido por un resbal\u00f3n de Carlos Quintana, qued\u00f3 solo\nfrente al arco con la pelota picando y fusil\u00f3 a Lucas Chaves con un derechazo\nque se clav\u00f3 en un \u00e1ngulo. Romero fue cuestionado por muchos por haber gritado\nel gol. Antes del primer tiempo, el \u201cbicho\u201d tuvo su chance m\u00e1s clara para\nempatarlo, cuando tras el rebote de un tiro libre, Mac Allister habilit\u00f3 a\nGabriel Hauche, que defini\u00f3 cruzado a un costado, terminando la jugada con una\nbuena tapada de Armani.<\/p>\n\n\n\n<p>Para el segundo tiempo, Gabriel Milito meti\u00f3 mano en el equipo, sacando a\nJavier Cabrera y poniendo a Gabriel Florent\u00edn. Sin embargo, nada funcionar\u00eda y\na los 53, despu\u00e9s de un robo de H\u00e9ctor Mart\u00ednez, Su\u00e1rez desde la banda derecha habilit\u00f3\notra vez a Brian Romero, que con un Lucas Chaves ya jugado, defini\u00f3 tir\u00e1ndose\nal piso para concretar el 2-0 definitivo. Llegar\u00edan m\u00e1s cambios en el \u201cbicho\u201d\npero River sigui\u00f3 dominando el encuentro y hasta meti\u00f3 un gol m\u00e1s, bien anulado\npor el VAR por mano de Carrascal, autor del tanto no v\u00e1lido. Sobre el final,\nMac Allister \u2013quiz\u00e1s el mejor del local en la deslucida noche del \u201cbicho\u201d- casi\ndescuenta con un cabezazo, otra vez bien tapado por Armani. <\/p>\n\n\n\n<p>As\u00ed, el \u201cbicho\u201d se despidi\u00f3 del certamen y si bien su campa\u00f1a es para\ndestacar, se cerr\u00f3 con un flojo partido en el que el rival hizo valer su nivel\ny su experiencia. River, \u00fanico argentino que pudo pasar a Cuartos de Final,\nenfrentar\u00e1 en esa instancia a Atl\u00e9tico Mineiro, vencedor de Boca en una\npol\u00e9mica serie. Argentinos enfrentar\u00e1 el pr\u00f3ximo lunes a las 20.15 en La\nPaternal ante Newell\u00b4s por el torneo local, ya con la mente puesta al cien por\nciento en esta competici\u00f3n.<\/p>\n\n\n\n<p>S\u00edntesis: Argentinos\nJuniors 0-River Plate 2 (B. Romero 34\u2019, 53\u2019)<\/p>\n\n\n\n<p>Argentinos Juniors:\n12-Chaves; 4-Mac Allister, 2-Torr\u00e9n, 16-Quintana; 15-Sandoval, 11-J. G\u00f3mez,\n17-Moyano, 24-E. G\u00f3mez; 27-Hauche, 9-\u00c1valos, 7-Cabrera. DT: G. Milito.<\/p>\n\n\n\n<p>Suplentes: 20-Lanzillota;\n29-Di Cesare, 30-Minissale; 8-Kalinski, 19-L. G\u00f3mez, 26-M. Romero; 25-Coronel.<\/p>\n\n\n\n<p>River Plate:\n1-Armani; 29-Montiel, 17-D\u00edaz, 6-Mart\u00ednez, 3-Angileri; 11-de la Cruz,\n5-Zuculini, 24-P\u00e9rez, 10-Carrascal; 19-B. Romero, 7-Su\u00e1rez. DT: M. Gallardo.<\/p>\n\n\n\n<p>Suplentes:\n25-Bologna; 2-Rojas, 16-Vigo, 20-Casco, 22-Pinola; 5-Zuculini; 27-Fontana,\n30-Rollheiser.<\/p>\n\n\n\n<p>Cambios: 45\u2019\n10-Florent\u00edn x Cabrera (AAAJ), 63\u2019 45-Carabajal x J. G\u00f3mez y 32-Reniero x\nHauche (AAAJ), 69\u2019 22-Villalba x Quintana (AAAJ), 26-Paradela x Carrascal y\n8-Palavecino x de la Cruz (CARP), 81\u2019 18-Sosa x Sandoval (AAAJ) y 9-\u00c1lvarez x\nSu\u00e1rez (CARP), 89\u2019 15-Girotti x B. Romero y 13-Fern\u00e1ndez x Zuculini (CARP).<\/p>\n\n\n\n<p>Amonestados: 3\u2019\nMontiel (CARP), 5\u2019 Torr\u00e9n (AAAJ), 23\u2019 P\u00e9rez (CARP), 38\u2019 Zuculini (CARP), 56\u2019\nMac Allister (AAAJ), 71\u2019 \u00c1valos (AAAJ), 73\u2019 Villalba (AAAJ), 78\u2019 Sandoval\n(AAAJ), 80\u2019 E. G\u00f3mez (AAAJ).<\/p>\n\n\n\n<p>Estadio: Diego\nArmando Maradona.<\/p>\n\n\n\n<p>\u00c1rbitro: Eber Aquino (PAR)<\/p>\n\n\n\n<p>Resumen del partido:<\/p>\n\n\n\n<figure class=\"wp-block-embed-youtube wp-block-embed is-type-video is-provider-youtube wp-embed-aspect-16-9 wp-has-aspect-ratio\"><div class=\"wp-block-embed__wrapper\">\n<iframe loading=\"lazy\" title=\"Argentinos Jrs vs. River Plate [0-2] | RESUMEN | Octavos de Final | Vuelta | CONMEBOL Libertadores\" width=\"1080\" height=\"608\" src=\"https:\/\/www.youtube.com\/embed\/9ret6iKvxh0?start=26&#038;feature=oembed\" frameborder=\"0\" allow=\"accelerometer; autoplay; clipboard-write; encrypted-media; gyroscope; picture-in-picture\" allowfullscreen><\/iframe>\n<\/div><\/figure>\n\n\n\n<p>Conferencia de Prensa:<\/p>\n\n\n\n<figure class=\"wp-block-embed-youtube wp-block-embed is-type-video is-provider-youtube wp-embed-aspect-16-9 wp-has-aspect-ratio\"><div class=\"wp-block-embed__wrapper\">\n<iframe loading=\"lazy\" title=\"LIBERTADORES \/ Conferencia de prensa: Kevin Mac Allister y Gabriel Milito vs. River (VUELTA)\" width=\"1080\" height=\"608\" src=\"https:\/\/www.youtube.com\/embed\/uCVGSHA3x_w?feature=oembed\" frameborder=\"0\" allow=\"accelerometer; autoplay; clipboard-write; encrypted-media; gyroscope; picture-in-picture\" allowfullscreen><\/iframe>\n<\/div><\/figure>\n\n\n\n<p>Fotos: Prensa AAAJ<\/p>\n<div class=\"pvc_clear\"><\/div><p id=\"pvc_stats_54349\" class=\"pvc_stats all  \" data-element-id=\"54349\" style=\"\"><i class=\"pvc-stats-icon small\" aria-hidden=\"true\"><svg aria-hidden=\"true\" focusable=\"false\" data-prefix=\"far\" data-icon=\"chart-bar\" role=\"img\" xmlns=\"http:\/\/www.w3.org\/2000\/svg\" viewBox=\"0 0 512 512\" class=\"svg-inline--fa fa-chart-bar fa-w-16 fa-2x\"><path fill=\"currentColor\" d=\"M396.8 352h22.4c6.4 0 12.8-6.4 12.8-12.8V108.8c0-6.4-6.4-12.8-12.8-12.8h-22.4c-6.4 0-12.8 6.4-12.8 12.8v230.4c0 6.4 6.4 12.8 12.8 12.8zm-192 0h22.4c6.4 0 12.8-6.4 12.8-12.8V140.8c0-6.4-6.4-12.8-12.8-12.8h-22.4c-6.4 0-12.8 6.4-12.8 12.8v198.4c0 6.4 6.4 12.8 12.8 12.8zm96 0h22.4c6.4 0 12.8-6.4 12.8-12.8V204.8c0-6.4-6.4-12.8-12.8-12.8h-22.4c-6.4 0-12.8 6.4-12.8 12.8v134.4c0 6.4 6.4 12.8 12.8 12.8zM496 400H48V80c0-8.84-7.16-16-16-16H16C7.16 64 0 71.16 0 80v336c0 17.67 14.33 32 32 32h464c8.84 0 16-7.16 16-16v-16c0-8.84-7.16-16-16-16zm-387.2-48h22.4c6.4 0 12.8-6.4 12.8-12.8v-70.4c0-6.4-6.4-12.8-12.8-12.8h-22.4c-6.4 0-12.8 6.4-12.8 12.8v70.4c0 6.4 6.4 12.8 12.8 12.8z\" class=\"\"><\/path><\/svg><\/i> <img loading=\"lazy\" decoding=\"async\" width=\"16\" height=\"16\" alt=\"Loading\" src=\"https:\/\/vocesdelacomuna15.com.ar\/wp-content\/plugins\/page-views-count\/ajax-loader-2x.gif\" border=0 \/><\/p><div class=\"pvc_clear\"><\/div>","protected":false},"excerpt":{"rendered":"<p>Superado por el rival en lo futbol\u00edstico, perdi\u00f3 2-0 en el Diego Armando Maradona El \u201cbicho\u201d de La Paternal sufri\u00f3 la jerarqu\u00eda del River de Marcelo Gallardo y no pudo estar a la altura de las expectativas que hab\u00eda en el equipo despu\u00e9s de una gran primera ronda y de un buen partido de ida, [&hellip;]<\/p>\n<div class=\"pvc_clear\"><\/div>\n<p id=\"pvc_stats_54349\" class=\"pvc_stats all  \" data-element-id=\"54349\" style=\"\"><i class=\"pvc-stats-icon small\" aria-hidden=\"true\"><svg aria-hidden=\"true\" focusable=\"false\" data-prefix=\"far\" data-icon=\"chart-bar\" role=\"img\" xmlns=\"http:\/\/www.w3.org\/2000\/svg\" viewBox=\"0 0 512 512\" class=\"svg-inline--fa fa-chart-bar fa-w-16 fa-2x\"><path fill=\"currentColor\" d=\"M396.8 352h22.4c6.4 0 12.8-6.4 12.8-12.8V108.8c0-6.4-6.4-12.8-12.8-12.8h-22.4c-6.4 0-12.8 6.4-12.8 12.8v230.4c0 6.4 6.4 12.8 12.8 12.8zm-192 0h22.4c6.4 0 12.8-6.4 12.8-12.8V140.8c0-6.4-6.4-12.8-12.8-12.8h-22.4c-6.4 0-12.8 6.4-12.8 12.8v198.4c0 6.4 6.4 12.8 12.8 12.8zm96 0h22.4c6.4 0 12.8-6.4 12.8-12.8V204.8c0-6.4-6.4-12.8-12.8-12.8h-22.4c-6.4 0-12.8 6.4-12.8 12.8v134.4c0 6.4 6.4 12.8 12.8 12.8zM496 400H48V80c0-8.84-7.16-16-16-16H16C7.16 64 0 71.16 0 80v336c0 17.67 14.33 32 32 32h464c8.84 0 16-7.16 16-16v-16c0-8.84-7.16-16-16-16zm-387.2-48h22.4c6.4 0 12.8-6.4 12.8-12.8v-70.4c0-6.4-6.4-12.8-12.8-12.8h-22.4c-6.4 0-12.8 6.4-12.8 12.8v70.4c0 6.4 6.4 12.8 12.8 12.8z\" class=\"\"><\/path><\/svg><\/i> <img loading=\"lazy\" decoding=\"async\" width=\"16\" height=\"16\" alt=\"Loading\" src=\"https:\/\/vocesdelacomuna15.com.ar\/wp-content\/plugins\/page-views-count\/ajax-loader-2x.gif\" border=0 \/><\/p>\n<div class=\"pvc_clear\"><\/div>\n","protected":false},"author":2,"featured_media":54354,"comment_status":"open","ping_status":"open","sticky":false,"template":"","format":"standard","meta":{"_et_pb_use_builder":"off","_et_pb_old_content":"","_et_gb_content_width":"","footnotes":""},"categories":[27,29],"tags":[],"class_list":["post-54349","post","type-post","status-publish","format-standard","has-post-thumbnail","hentry","category-deportes","category-lapa","et-has-post-format-content","et_post_format-et-post-format-standard"],"a3_pvc":{"activated":true,"total_views":271,"today_views":0},"yoast_head":"<!-- This site is optimized with the Yoast SEO plugin v27.5 - https:\/\/yoast.com\/product\/yoast-seo-wordpress\/ -->\n<title>Argentinos no pudo con River y qued\u00f3 eliminado de la Copa Libertadores - Voces de la Comuna 15<\/title>\n<meta name=\"description\" content=\"Voces de la Comuna 15\" \/>\n<meta name=\"robots\" content=\"index, follow, max-snippet:-1, max-image-preview:large, max-video-preview:-1\" \/>\n<link rel=\"canonical\" href=\"https:\/\/vocesdelacomuna15.com.ar\/press\/argentinos-no-pudo-con-river-y-quedo-eliminado-de-la-copa-libertadores\/\" \/>\n<meta property=\"og:locale\" content=\"es_ES\" \/>\n<meta property=\"og:type\" content=\"article\" \/>\n<meta property=\"og:title\" content=\"Argentinos no pudo con River y qued\u00f3 eliminado de la Copa Libertadores - Voces de la Comuna 15\" \/>\n<meta property=\"og:description\" content=\"Voces de la Comuna 15\" \/>\n<meta property=\"og:url\" content=\"https:\/\/vocesdelacomuna15.com.ar\/press\/argentinos-no-pudo-con-river-y-quedo-eliminado-de-la-copa-libertadores\/\" \/>\n<meta property=\"og:site_name\" content=\"Voces de la Comuna 15\" \/>\n<meta property=\"article:publisher\" content=\"https:\/\/www.facebook.com\/VocesComuna15\/\" \/>\n<meta property=\"article:published_time\" content=\"2021-07-22T17:18:59+00:00\" \/>\n<meta property=\"article:modified_time\" content=\"2021-07-22T17:31:44+00:00\" \/>\n<meta property=\"og:image\" content=\"https:\/\/vocesdelacomuna15.com.ar\/wp-content\/uploads\/2021\/07\/armanired.png\" \/>\n\t<meta property=\"og:image:width\" content=\"889\" \/>\n\t<meta property=\"og:image:height\" content=\"614\" \/>\n\t<meta property=\"og:image:type\" content=\"image\/png\" \/>\n<meta name=\"author\" content=\"Federico Arguto\" \/>\n<meta name=\"twitter:card\" content=\"summary_large_image\" \/>\n<meta name=\"twitter:creator\" content=\"@vocescomuna15\" \/>\n<meta name=\"twitter:site\" content=\"@vocescomuna15\" \/>\n<meta name=\"twitter:label1\" content=\"Escrito por\" \/>\n\t<meta name=\"twitter:data1\" content=\"Federico Arguto\" \/>\n\t<meta name=\"twitter:label2\" content=\"Tiempo de lectura\" \/>\n\t<meta name=\"twitter:data2\" content=\"4 minutos\" \/>\n<script type=\"application\/ld+json\" class=\"yoast-schema-graph\">{\"@context\":\"https:\\\/\\\/schema.org\",\"@graph\":[{\"@type\":\"Article\",\"@id\":\"https:\\\/\\\/vocesdelacomuna15.com.ar\\\/press\\\/argentinos-no-pudo-con-river-y-quedo-eliminado-de-la-copa-libertadores\\\/#article\",\"isPartOf\":{\"@id\":\"https:\\\/\\\/vocesdelacomuna15.com.ar\\\/press\\\/argentinos-no-pudo-con-river-y-quedo-eliminado-de-la-copa-libertadores\\\/\"},\"author\":{\"name\":\"Federico Arguto\",\"@id\":\"https:\\\/\\\/vocesdelacomuna15.com.ar\\\/press\\\/#\\\/schema\\\/person\\\/4739e109db25d799cd3d139eeb509e43\"},\"headline\":\"Argentinos no pudo con River y qued\u00f3 eliminado de la Copa Libertadores\",\"datePublished\":\"2021-07-22T17:18:59+00:00\",\"dateModified\":\"2021-07-22T17:31:44+00:00\",\"mainEntityOfPage\":{\"@id\":\"https:\\\/\\\/vocesdelacomuna15.com.ar\\\/press\\\/argentinos-no-pudo-con-river-y-quedo-eliminado-de-la-copa-libertadores\\\/\"},\"wordCount\":782,\"commentCount\":0,\"publisher\":{\"@id\":\"https:\\\/\\\/vocesdelacomuna15.com.ar\\\/press\\\/#organization\"},\"image\":{\"@id\":\"https:\\\/\\\/vocesdelacomuna15.com.ar\\\/press\\\/argentinos-no-pudo-con-river-y-quedo-eliminado-de-la-copa-libertadores\\\/#primaryimage\"},\"thumbnailUrl\":\"https:\\\/\\\/vocesdelacomuna15.com.ar\\\/wp-content\\\/uploads\\\/2021\\\/07\\\/armanired.png\",\"articleSection\":[\"Deportes\",\"La Paternal\"],\"inLanguage\":\"es-AR\",\"potentialAction\":[{\"@type\":\"CommentAction\",\"name\":\"Comment\",\"target\":[\"https:\\\/\\\/vocesdelacomuna15.com.ar\\\/press\\\/argentinos-no-pudo-con-river-y-quedo-eliminado-de-la-copa-libertadores\\\/#respond\"]}]},{\"@type\":\"WebPage\",\"@id\":\"https:\\\/\\\/vocesdelacomuna15.com.ar\\\/press\\\/argentinos-no-pudo-con-river-y-quedo-eliminado-de-la-copa-libertadores\\\/\",\"url\":\"https:\\\/\\\/vocesdelacomuna15.com.ar\\\/press\\\/argentinos-no-pudo-con-river-y-quedo-eliminado-de-la-copa-libertadores\\\/\",\"name\":\"Argentinos no pudo con River y qued\u00f3 eliminado de la Copa Libertadores - Voces de la Comuna 15\",\"isPartOf\":{\"@id\":\"https:\\\/\\\/vocesdelacomuna15.com.ar\\\/press\\\/#website\"},\"primaryImageOfPage\":{\"@id\":\"https:\\\/\\\/vocesdelacomuna15.com.ar\\\/press\\\/argentinos-no-pudo-con-river-y-quedo-eliminado-de-la-copa-libertadores\\\/#primaryimage\"},\"image\":{\"@id\":\"https:\\\/\\\/vocesdelacomuna15.com.ar\\\/press\\\/argentinos-no-pudo-con-river-y-quedo-eliminado-de-la-copa-libertadores\\\/#primaryimage\"},\"thumbnailUrl\":\"https:\\\/\\\/vocesdelacomuna15.com.ar\\\/wp-content\\\/uploads\\\/2021\\\/07\\\/armanired.png\",\"datePublished\":\"2021-07-22T17:18:59+00:00\",\"dateModified\":\"2021-07-22T17:31:44+00:00\",\"description\":\"Voces de la Comuna 15\",\"breadcrumb\":{\"@id\":\"https:\\\/\\\/vocesdelacomuna15.com.ar\\\/press\\\/argentinos-no-pudo-con-river-y-quedo-eliminado-de-la-copa-libertadores\\\/#breadcrumb\"},\"inLanguage\":\"es-AR\",\"potentialAction\":[{\"@type\":\"ReadAction\",\"target\":[\"https:\\\/\\\/vocesdelacomuna15.com.ar\\\/press\\\/argentinos-no-pudo-con-river-y-quedo-eliminado-de-la-copa-libertadores\\\/\"]}]},{\"@type\":\"ImageObject\",\"inLanguage\":\"es-AR\",\"@id\":\"https:\\\/\\\/vocesdelacomuna15.com.ar\\\/press\\\/argentinos-no-pudo-con-river-y-quedo-eliminado-de-la-copa-libertadores\\\/#primaryimage\",\"url\":\"https:\\\/\\\/vocesdelacomuna15.com.ar\\\/wp-content\\\/uploads\\\/2021\\\/07\\\/armanired.png\",\"contentUrl\":\"https:\\\/\\\/vocesdelacomuna15.com.ar\\\/wp-content\\\/uploads\\\/2021\\\/07\\\/armanired.png\",\"width\":889,\"height\":614},{\"@type\":\"BreadcrumbList\",\"@id\":\"https:\\\/\\\/vocesdelacomuna15.com.ar\\\/press\\\/argentinos-no-pudo-con-river-y-quedo-eliminado-de-la-copa-libertadores\\\/#breadcrumb\",\"itemListElement\":[{\"@type\":\"ListItem\",\"position\":1,\"name\":\"Inicio\",\"item\":\"https:\\\/\\\/vocesdelacomuna15.com.ar\\\/press\\\/\"},{\"@type\":\"ListItem\",\"position\":2,\"name\":\"Argentinos no pudo con River y qued\u00f3 eliminado de la Copa Libertadores\"}]},{\"@type\":\"WebSite\",\"@id\":\"https:\\\/\\\/vocesdelacomuna15.com.ar\\\/press\\\/#website\",\"url\":\"https:\\\/\\\/vocesdelacomuna15.com.ar\\\/press\\\/\",\"name\":\"Voces de la Comuna 15\",\"description\":\"Sitio web de noticias\",\"publisher\":{\"@id\":\"https:\\\/\\\/vocesdelacomuna15.com.ar\\\/press\\\/#organization\"},\"potentialAction\":[{\"@type\":\"SearchAction\",\"target\":{\"@type\":\"EntryPoint\",\"urlTemplate\":\"https:\\\/\\\/vocesdelacomuna15.com.ar\\\/press\\\/?s={search_term_string}\"},\"query-input\":{\"@type\":\"PropertyValueSpecification\",\"valueRequired\":true,\"valueName\":\"search_term_string\"}}],\"inLanguage\":\"es-AR\"},{\"@type\":\"Organization\",\"@id\":\"https:\\\/\\\/vocesdelacomuna15.com.ar\\\/press\\\/#organization\",\"name\":\"Voces de la Comuna 15\",\"url\":\"https:\\\/\\\/vocesdelacomuna15.com.ar\\\/press\\\/\",\"logo\":{\"@type\":\"ImageObject\",\"inLanguage\":\"es-AR\",\"@id\":\"https:\\\/\\\/vocesdelacomuna15.com.ar\\\/press\\\/#\\\/schema\\\/logo\\\/image\\\/\",\"url\":\"https:\\\/\\\/vocesdelacomuna15.com.ar\\\/wp-content\\\/uploads\\\/2024\\\/12\\\/cropped-logo_voces.jpg\",\"contentUrl\":\"https:\\\/\\\/vocesdelacomuna15.com.ar\\\/wp-content\\\/uploads\\\/2024\\\/12\\\/cropped-logo_voces.jpg\",\"width\":512,\"height\":512,\"caption\":\"Voces de la Comuna 15\"},\"image\":{\"@id\":\"https:\\\/\\\/vocesdelacomuna15.com.ar\\\/press\\\/#\\\/schema\\\/logo\\\/image\\\/\"},\"sameAs\":[\"https:\\\/\\\/www.facebook.com\\\/VocesComuna15\\\/\",\"https:\\\/\\\/x.com\\\/vocescomuna15\"]},{\"@type\":\"Person\",\"@id\":\"https:\\\/\\\/vocesdelacomuna15.com.ar\\\/press\\\/#\\\/schema\\\/person\\\/4739e109db25d799cd3d139eeb509e43\",\"name\":\"Federico Arguto\",\"image\":{\"@type\":\"ImageObject\",\"inLanguage\":\"es-AR\",\"@id\":\"https:\\\/\\\/vocesdelacomuna15.com.ar\\\/wp-content\\\/litespeed\\\/avatar\\\/82faf979976f1bae889b8b71f8a0a7e5.jpg?ver=1777419741\",\"url\":\"https:\\\/\\\/vocesdelacomuna15.com.ar\\\/wp-content\\\/litespeed\\\/avatar\\\/82faf979976f1bae889b8b71f8a0a7e5.jpg?ver=1777419741\",\"contentUrl\":\"https:\\\/\\\/vocesdelacomuna15.com.ar\\\/wp-content\\\/litespeed\\\/avatar\\\/82faf979976f1bae889b8b71f8a0a7e5.jpg?ver=1777419741\",\"caption\":\"Federico Arguto\"},\"url\":\"https:\\\/\\\/vocesdelacomuna15.com.ar\\\/press\\\/author\\\/fede\\\/\"}]}<\/script>\n<!-- \/ Yoast SEO plugin. -->","yoast_head_json":{"title":"Argentinos no pudo con River y qued\u00f3 eliminado de la Copa Libertadores - Voces de la Comuna 15","description":"Voces de la Comuna 15","robots":{"index":"index","follow":"follow","max-snippet":"max-snippet:-1","max-image-preview":"max-image-preview:large","max-video-preview":"max-video-preview:-1"},"canonical":"https:\/\/vocesdelacomuna15.com.ar\/press\/argentinos-no-pudo-con-river-y-quedo-eliminado-de-la-copa-libertadores\/","og_locale":"es_ES","og_type":"article","og_title":"Argentinos no pudo con River y qued\u00f3 eliminado de la Copa Libertadores - Voces de la Comuna 15","og_description":"Voces de la Comuna 15","og_url":"https:\/\/vocesdelacomuna15.com.ar\/press\/argentinos-no-pudo-con-river-y-quedo-eliminado-de-la-copa-libertadores\/","og_site_name":"Voces de la Comuna 15","article_publisher":"https:\/\/www.facebook.com\/VocesComuna15\/","article_published_time":"2021-07-22T17:18:59+00:00","article_modified_time":"2021-07-22T17:31:44+00:00","og_image":[{"width":889,"height":614,"url":"https:\/\/vocesdelacomuna15.com.ar\/wp-content\/uploads\/2021\/07\/armanired.png","type":"image\/png"}],"author":"Federico Arguto","twitter_card":"summary_large_image","twitter_creator":"@vocescomuna15","twitter_site":"@vocescomuna15","twitter_misc":{"Escrito por":"Federico Arguto","Tiempo de lectura":"4 minutos"},"schema":{"@context":"https:\/\/schema.org","@graph":[{"@type":"Article","@id":"https:\/\/vocesdelacomuna15.com.ar\/press\/argentinos-no-pudo-con-river-y-quedo-eliminado-de-la-copa-libertadores\/#article","isPartOf":{"@id":"https:\/\/vocesdelacomuna15.com.ar\/press\/argentinos-no-pudo-con-river-y-quedo-eliminado-de-la-copa-libertadores\/"},"author":{"name":"Federico Arguto","@id":"https:\/\/vocesdelacomuna15.com.ar\/press\/#\/schema\/person\/4739e109db25d799cd3d139eeb509e43"},"headline":"Argentinos no pudo con River y qued\u00f3 eliminado de la Copa Libertadores","datePublished":"2021-07-22T17:18:59+00:00","dateModified":"2021-07-22T17:31:44+00:00","mainEntityOfPage":{"@id":"https:\/\/vocesdelacomuna15.com.ar\/press\/argentinos-no-pudo-con-river-y-quedo-eliminado-de-la-copa-libertadores\/"},"wordCount":782,"commentCount":0,"publisher":{"@id":"https:\/\/vocesdelacomuna15.com.ar\/press\/#organization"},"image":{"@id":"https:\/\/vocesdelacomuna15.com.ar\/press\/argentinos-no-pudo-con-river-y-quedo-eliminado-de-la-copa-libertadores\/#primaryimage"},"thumbnailUrl":"https:\/\/vocesdelacomuna15.com.ar\/wp-content\/uploads\/2021\/07\/armanired.png","articleSection":["Deportes","La Paternal"],"inLanguage":"es-AR","potentialAction":[{"@type":"CommentAction","name":"Comment","target":["https:\/\/vocesdelacomuna15.com.ar\/press\/argentinos-no-pudo-con-river-y-quedo-eliminado-de-la-copa-libertadores\/#respond"]}]},{"@type":"WebPage","@id":"https:\/\/vocesdelacomuna15.com.ar\/press\/argentinos-no-pudo-con-river-y-quedo-eliminado-de-la-copa-libertadores\/","url":"https:\/\/vocesdelacomuna15.com.ar\/press\/argentinos-no-pudo-con-river-y-quedo-eliminado-de-la-copa-libertadores\/","name":"Argentinos no pudo con River y qued\u00f3 eliminado de la Copa Libertadores - Voces de la Comuna 15","isPartOf":{"@id":"https:\/\/vocesdelacomuna15.com.ar\/press\/#website"},"primaryImageOfPage":{"@id":"https:\/\/vocesdelacomuna15.com.ar\/press\/argentinos-no-pudo-con-river-y-quedo-eliminado-de-la-copa-libertadores\/#primaryimage"},"image":{"@id":"https:\/\/vocesdelacomuna15.com.ar\/press\/argentinos-no-pudo-con-river-y-quedo-eliminado-de-la-copa-libertadores\/#primaryimage"},"thumbnailUrl":"https:\/\/vocesdelacomuna15.com.ar\/wp-content\/uploads\/2021\/07\/armanired.png","datePublished":"2021-07-22T17:18:59+00:00","dateModified":"2021-07-22T17:31:44+00:00","description":"Voces de la Comuna 15","breadcrumb":{"@id":"https:\/\/vocesdelacomuna15.com.ar\/press\/argentinos-no-pudo-con-river-y-quedo-eliminado-de-la-copa-libertadores\/#breadcrumb"},"inLanguage":"es-AR","potentialAction":[{"@type":"ReadAction","target":["https:\/\/vocesdelacomuna15.com.ar\/press\/argentinos-no-pudo-con-river-y-quedo-eliminado-de-la-copa-libertadores\/"]}]},{"@type":"ImageObject","inLanguage":"es-AR","@id":"https:\/\/vocesdelacomuna15.com.ar\/press\/argentinos-no-pudo-con-river-y-quedo-eliminado-de-la-copa-libertadores\/#primaryimage","url":"https:\/\/vocesdelacomuna15.com.ar\/wp-content\/uploads\/2021\/07\/armanired.png","contentUrl":"https:\/\/vocesdelacomuna15.com.ar\/wp-content\/uploads\/2021\/07\/armanired.png","width":889,"height":614},{"@type":"BreadcrumbList","@id":"https:\/\/vocesdelacomuna15.com.ar\/press\/argentinos-no-pudo-con-river-y-quedo-eliminado-de-la-copa-libertadores\/#breadcrumb","itemListElement":[{"@type":"ListItem","position":1,"name":"Inicio","item":"https:\/\/vocesdelacomuna15.com.ar\/press\/"},{"@type":"ListItem","position":2,"name":"Argentinos no pudo con River y qued\u00f3 eliminado de la Copa Libertadores"}]},{"@type":"WebSite","@id":"https:\/\/vocesdelacomuna15.com.ar\/press\/#website","url":"https:\/\/vocesdelacomuna15.com.ar\/press\/","name":"Voces de la Comuna 15","description":"Sitio web de noticias","publisher":{"@id":"https:\/\/vocesdelacomuna15.com.ar\/press\/#organization"},"potentialAction":[{"@type":"SearchAction","target":{"@type":"EntryPoint","urlTemplate":"https:\/\/vocesdelacomuna15.com.ar\/press\/?s={search_term_string}"},"query-input":{"@type":"PropertyValueSpecification","valueRequired":true,"valueName":"search_term_string"}}],"inLanguage":"es-AR"},{"@type":"Organization","@id":"https:\/\/vocesdelacomuna15.com.ar\/press\/#organization","name":"Voces de la Comuna 15","url":"https:\/\/vocesdelacomuna15.com.ar\/press\/","logo":{"@type":"ImageObject","inLanguage":"es-AR","@id":"https:\/\/vocesdelacomuna15.com.ar\/press\/#\/schema\/logo\/image\/","url":"https:\/\/vocesdelacomuna15.com.ar\/wp-content\/uploads\/2024\/12\/cropped-logo_voces.jpg","contentUrl":"https:\/\/vocesdelacomuna15.com.ar\/wp-content\/uploads\/2024\/12\/cropped-logo_voces.jpg","width":512,"height":512,"caption":"Voces de la Comuna 15"},"image":{"@id":"https:\/\/vocesdelacomuna15.com.ar\/press\/#\/schema\/logo\/image\/"},"sameAs":["https:\/\/www.facebook.com\/VocesComuna15\/","https:\/\/x.com\/vocescomuna15"]},{"@type":"Person","@id":"https:\/\/vocesdelacomuna15.com.ar\/press\/#\/schema\/person\/4739e109db25d799cd3d139eeb509e43","name":"Federico Arguto","image":{"@type":"ImageObject","inLanguage":"es-AR","@id":"https:\/\/vocesdelacomuna15.com.ar\/wp-content\/litespeed\/avatar\/82faf979976f1bae889b8b71f8a0a7e5.jpg?ver=1777419741","url":"https:\/\/vocesdelacomuna15.com.ar\/wp-content\/litespeed\/avatar\/82faf979976f1bae889b8b71f8a0a7e5.jpg?ver=1777419741","contentUrl":"https:\/\/vocesdelacomuna15.com.ar\/wp-content\/litespeed\/avatar\/82faf979976f1bae889b8b71f8a0a7e5.jpg?ver=1777419741","caption":"Federico Arguto"},"url":"https:\/\/vocesdelacomuna15.com.ar\/press\/author\/fede\/"}]}},"_links":{"self":[{"href":"https:\/\/vocesdelacomuna15.com.ar\/press\/wp-json\/wp\/v2\/posts\/54349","targetHints":{"allow":["GET"]}}],"collection":[{"href":"https:\/\/vocesdelacomuna15.com.ar\/press\/wp-json\/wp\/v2\/posts"}],"about":[{"href":"https:\/\/vocesdelacomuna15.com.ar\/press\/wp-json\/wp\/v2\/types\/post"}],"author":[{"embeddable":true,"href":"https:\/\/vocesdelacomuna15.com.ar\/press\/wp-json\/wp\/v2\/users\/2"}],"replies":[{"embeddable":true,"href":"https:\/\/vocesdelacomuna15.com.ar\/press\/wp-json\/wp\/v2\/comments?post=54349"}],"version-history":[{"count":2,"href":"https:\/\/vocesdelacomuna15.com.ar\/press\/wp-json\/wp\/v2\/posts\/54349\/revisions"}],"predecessor-version":[{"id":54355,"href":"https:\/\/vocesdelacomuna15.com.ar\/press\/wp-json\/wp\/v2\/posts\/54349\/revisions\/54355"}],"wp:featuredmedia":[{"embeddable":true,"href":"https:\/\/vocesdelacomuna15.com.ar\/press\/wp-json\/wp\/v2\/media\/54354"}],"wp:attachment":[{"href":"https:\/\/vocesdelacomuna15.com.ar\/press\/wp-json\/wp\/v2\/media?parent=54349"}],"wp:term":[{"taxonomy":"category","embeddable":true,"href":"https:\/\/vocesdelacomuna15.com.ar\/press\/wp-json\/wp\/v2\/categories?post=54349"},{"taxonomy":"post_tag","embeddable":true,"href":"https:\/\/vocesdelacomuna15.com.ar\/press\/wp-json\/wp\/v2\/tags?post=54349"}],"curies":[{"name":"wp","href":"https:\/\/api.w.org\/{rel}","templated":true}]}}