{"id":54342,"date":"2021-07-19T15:09:34","date_gmt":"2021-07-19T18:09:34","guid":{"rendered":"http:\/\/vocesdelacomuna15.com.ar\/wordpress\/?p=54342"},"modified":"2021-07-19T15:09:40","modified_gmt":"2021-07-19T18:09:40","slug":"desbaratan-dos-fiestas-clandestinas-en-villa-crespo-y-clausuran-bares-en-palermo-tras-inspecciones","status":"publish","type":"post","link":"https:\/\/vocesdelacomuna15.com.ar\/press\/desbaratan-dos-fiestas-clandestinas-en-villa-crespo-y-clausuran-bares-en-palermo-tras-inspecciones\/","title":{"rendered":"Desbaratan dos fiestas clandestinas en Villa Crespo y clausuran bares en Palermo tras inspecciones"},"content":{"rendered":"\n<p>La Polic\u00eda de la Ciudad, la Agencia Gubernamental de Control (AGC) y el Cuerpo de Investigaciones Judiciales (CIJ) realizaron varios procedimientos conjuntos este fin de semana en los que se desarticul\u00f3 una fiesta clandestina en un outlet de zapatillas con 80 personas y una reuni\u00f3n con 23 participantes en un edificio de Villa Crespo, adem\u00e1s de la clausura de bares en Palermo por irregularidades. Fuente: Ministerio de Justicia y Seguridad CABA<\/p>\n\n\n\n<p>En uno de los operativos la Polic\u00eda de la Ciudad\ndesbarat\u00f3 la \u201cclandestina del outlet\u201d, una fiesta con 80 personas que se estaba\ndesarrollando en el interior de un local de venta de zapatillas en el barrio porte\u00f1o\nde Villa Crespo, el cual estaba ambientado como un sal\u00f3n de fiestas.<\/p>\n\n\n\n<p>En este\ncaso, el procedimiento se realiz\u00f3 a las 2 de la madrugada cuando efectivos de\nla Comisar\u00eda Vecinal 15B se desplazaron hasta el comercio ubicado en la esquina\nde Vera y Malabia, el cual ten\u00eda una persiana ciega y la puerta abierta con\nvarias personas en su interior.<\/p>\n\n\n\n<p>Cuando el personal arrib\u00f3 se entrevist\u00f3 con el encargado\ndel lugar y procedi\u00f3 a desalojar a los participantes que estaban dentro,\ncontabiliz\u00e1ndose un total de 80 personas.<\/p>\n\n\n\n<p>Por otra parte, tambi\u00e9n en Villa Crespo, personal de la\nmisma dependencia se traslad\u00f3 en horas de la madrugada hasta un edificio\nubicado en Thames al 700, donde se hallaban congregadas en la puerta un grupo\nde personas que estaban esperando para ingresar a uno de los departamentos\ndonde se realizaba una reuni\u00f3n clandestina.<\/p>\n\n\n\n<p>Ante esta situaci\u00f3n, se identific\u00f3 a las personas que\nestaban en el hall del edificio y se determin\u00f3 que la fiesta se desarrollaba en\nun departamento del tercer piso, desde donde se escuchaba m\u00fasica fuerte y de la\nque participaban 23 personas.<\/p>\n\n\n\n<p>En ambas causas intervino la Fiscal\u00eda Penal,\nContravencional y de Faltas N\u00ba4, a cargo del doctor Mauro Andr\u00e9sTereszko, que\ndispuso la detenci\u00f3n del encargado del outlet, de 27 a\u00f1os, y orden\u00f3 el\nsecuestro de mobiliario, parlantes y equipos de m\u00fasica, como as\u00ed tambi\u00e9n la\ndetenci\u00f3n del propietario del inmueble donde se realizaba la reuni\u00f3n, por\ninfracci\u00f3n a los art\u00edculos 205 y 239 del C\u00f3digo Penal.<\/p>\n\n\n\n<p>Finalmente, en el marco de distintos operativos\npreventivos, efectivos de la Divisi\u00f3n Operaciones Especiales Requeridas por el\nMinisterio P\u00fablico, personal de la Divisi\u00f3n Canes y de la Divisi\u00f3n\nInvestigaciones Delictivas de la Polic\u00eda de la Ciudad realizaron inspecciones\nen dos bares de Palermo que ya hab\u00edan sido clausurados hace un mes por\nirregularidades.<\/p>\n\n\n\n<p>En conjunto con personal del CIJ, la AGC, la Agencia de\nProtecci\u00f3n Ambiental y la Unidad Operativa de Fiscalizaci\u00f3n Integral se llev\u00f3\nadelante primero un operativo en un bar ubicado en Niceto Vega al 5400, donde\nhab\u00eda exceso de concurrentes y se aprehendi\u00f3 a una mujer de 40 a\u00f1os.<\/p>\n\n\n\n<p>En este sentido, el lugar fue clausurado por la AGC y por\ninstrucci\u00f3n de la Fiscal\u00eda a cargo del doctor Tereszko se labraron actuaciones\npor ruidos molestos, adem\u00e1s del secuestro del mobiliario ubicado en la vereda.<\/p>\n\n\n\n<p>El segundo procedimiento en bares, que cont\u00f3 con la intervenci\u00f3n de la misma fiscal\u00eda, se efectu\u00f3 tambi\u00e9n en horas de la madrugada en un local situado en Niceto Vega al 5500, el cual tambi\u00e9n fue clausurado por irregularidades.<\/p>\n\n\n\n<figure class=\"wp-block-embed-youtube wp-block-embed is-type-video is-provider-youtube wp-embed-aspect-16-9 wp-has-aspect-ratio\"><div class=\"wp-block-embed__wrapper\">\n<iframe loading=\"lazy\" title=\"Desbaratan fiestas clandestinas en Villa Crespo y realizan operativos en bares\" width=\"1080\" height=\"608\" src=\"https:\/\/www.youtube.com\/embed\/4jXFY9d_BhE?feature=oembed\" frameborder=\"0\" allow=\"accelerometer; autoplay; clipboard-write; encrypted-media; gyroscope; picture-in-picture\" allowfullscreen><\/iframe>\n<\/div><\/figure>\n\n\n\n<p>Fuente, Foto y Video: Ministerio de Justicia y Seguridad CABA<\/p>\n<div class=\"pvc_clear\"><\/div><p id=\"pvc_stats_54342\" class=\"pvc_stats all  \" data-element-id=\"54342\" style=\"\"><i class=\"pvc-stats-icon small\" aria-hidden=\"true\"><svg aria-hidden=\"true\" focusable=\"false\" data-prefix=\"far\" data-icon=\"chart-bar\" role=\"img\" xmlns=\"http:\/\/www.w3.org\/2000\/svg\" viewBox=\"0 0 512 512\" class=\"svg-inline--fa fa-chart-bar fa-w-16 fa-2x\"><path fill=\"currentColor\" d=\"M396.8 352h22.4c6.4 0 12.8-6.4 12.8-12.8V108.8c0-6.4-6.4-12.8-12.8-12.8h-22.4c-6.4 0-12.8 6.4-12.8 12.8v230.4c0 6.4 6.4 12.8 12.8 12.8zm-192 0h22.4c6.4 0 12.8-6.4 12.8-12.8V140.8c0-6.4-6.4-12.8-12.8-12.8h-22.4c-6.4 0-12.8 6.4-12.8 12.8v198.4c0 6.4 6.4 12.8 12.8 12.8zm96 0h22.4c6.4 0 12.8-6.4 12.8-12.8V204.8c0-6.4-6.4-12.8-12.8-12.8h-22.4c-6.4 0-12.8 6.4-12.8 12.8v134.4c0 6.4 6.4 12.8 12.8 12.8zM496 400H48V80c0-8.84-7.16-16-16-16H16C7.16 64 0 71.16 0 80v336c0 17.67 14.33 32 32 32h464c8.84 0 16-7.16 16-16v-16c0-8.84-7.16-16-16-16zm-387.2-48h22.4c6.4 0 12.8-6.4 12.8-12.8v-70.4c0-6.4-6.4-12.8-12.8-12.8h-22.4c-6.4 0-12.8 6.4-12.8 12.8v70.4c0 6.4 6.4 12.8 12.8 12.8z\" class=\"\"><\/path><\/svg><\/i> <img loading=\"lazy\" decoding=\"async\" width=\"16\" height=\"16\" alt=\"Loading\" src=\"https:\/\/vocesdelacomuna15.com.ar\/wp-content\/plugins\/page-views-count\/ajax-loader-2x.gif\" border=0 \/><\/p><div class=\"pvc_clear\"><\/div>","protected":false},"excerpt":{"rendered":"<p>La Polic\u00eda de la Ciudad, la Agencia Gubernamental de Control (AGC) y el Cuerpo de Investigaciones Judiciales (CIJ) realizaron varios procedimientos conjuntos este fin de semana en los que se desarticul\u00f3 una fiesta clandestina en un outlet de zapatillas con 80 personas y una reuni\u00f3n con 23 participantes en un edificio de Villa Crespo, adem\u00e1s [&hellip;]<\/p>\n<div class=\"pvc_clear\"><\/div>\n<p id=\"pvc_stats_54342\" class=\"pvc_stats all  \" data-element-id=\"54342\" style=\"\"><i class=\"pvc-stats-icon small\" aria-hidden=\"true\"><svg aria-hidden=\"true\" focusable=\"false\" data-prefix=\"far\" data-icon=\"chart-bar\" role=\"img\" xmlns=\"http:\/\/www.w3.org\/2000\/svg\" viewBox=\"0 0 512 512\" class=\"svg-inline--fa fa-chart-bar fa-w-16 fa-2x\"><path fill=\"currentColor\" d=\"M396.8 352h22.4c6.4 0 12.8-6.4 12.8-12.8V108.8c0-6.4-6.4-12.8-12.8-12.8h-22.4c-6.4 0-12.8 6.4-12.8 12.8v230.4c0 6.4 6.4 12.8 12.8 12.8zm-192 0h22.4c6.4 0 12.8-6.4 12.8-12.8V140.8c0-6.4-6.4-12.8-12.8-12.8h-22.4c-6.4 0-12.8 6.4-12.8 12.8v198.4c0 6.4 6.4 12.8 12.8 12.8zm96 0h22.4c6.4 0 12.8-6.4 12.8-12.8V204.8c0-6.4-6.4-12.8-12.8-12.8h-22.4c-6.4 0-12.8 6.4-12.8 12.8v134.4c0 6.4 6.4 12.8 12.8 12.8zM496 400H48V80c0-8.84-7.16-16-16-16H16C7.16 64 0 71.16 0 80v336c0 17.67 14.33 32 32 32h464c8.84 0 16-7.16 16-16v-16c0-8.84-7.16-16-16-16zm-387.2-48h22.4c6.4 0 12.8-6.4 12.8-12.8v-70.4c0-6.4-6.4-12.8-12.8-12.8h-22.4c-6.4 0-12.8 6.4-12.8 12.8v70.4c0 6.4 6.4 12.8 12.8 12.8z\" class=\"\"><\/path><\/svg><\/i> <img loading=\"lazy\" decoding=\"async\" width=\"16\" height=\"16\" alt=\"Loading\" src=\"https:\/\/vocesdelacomuna15.com.ar\/wp-content\/plugins\/page-views-count\/ajax-loader-2x.gif\" border=0 \/><\/p>\n<div class=\"pvc_clear\"><\/div>\n","protected":false},"author":2,"featured_media":54343,"comment_status":"open","ping_status":"open","sticky":false,"template":"","format":"standard","meta":{"_et_pb_use_builder":"off","_et_pb_old_content":"","_et_gb_content_width":"","footnotes":""},"categories":[28,32],"tags":[],"class_list":["post-54342","post","type-post","status-publish","format-standard","has-post-thumbnail","hentry","category-policial","category-vcre","et-has-post-format-content","et_post_format-et-post-format-standard"],"a3_pvc":{"activated":true,"total_views":261,"today_views":0},"yoast_head":"<!-- This site is optimized with the Yoast SEO plugin v27.5 - https:\/\/yoast.com\/product\/yoast-seo-wordpress\/ -->\n<title>Desbaratan dos fiestas clandestinas en Villa Crespo y clausuran bares en Palermo tras inspecciones - Voces de la Comuna 15<\/title>\n<meta name=\"description\" content=\"Voces de la Comuna 15\" \/>\n<meta name=\"robots\" content=\"index, follow, max-snippet:-1, max-image-preview:large, max-video-preview:-1\" \/>\n<link rel=\"canonical\" href=\"https:\/\/vocesdelacomuna15.com.ar\/press\/desbaratan-dos-fiestas-clandestinas-en-villa-crespo-y-clausuran-bares-en-palermo-tras-inspecciones\/\" \/>\n<meta property=\"og:locale\" content=\"es_ES\" \/>\n<meta property=\"og:type\" content=\"article\" \/>\n<meta property=\"og:title\" content=\"Desbaratan dos fiestas clandestinas en Villa Crespo y clausuran bares en Palermo tras inspecciones - Voces de la Comuna 15\" \/>\n<meta property=\"og:description\" content=\"Voces de la Comuna 15\" \/>\n<meta property=\"og:url\" content=\"https:\/\/vocesdelacomuna15.com.ar\/press\/desbaratan-dos-fiestas-clandestinas-en-villa-crespo-y-clausuran-bares-en-palermo-tras-inspecciones\/\" \/>\n<meta property=\"og:site_name\" content=\"Voces de la Comuna 15\" \/>\n<meta property=\"article:publisher\" content=\"https:\/\/www.facebook.com\/VocesComuna15\/\" \/>\n<meta property=\"article:published_time\" content=\"2021-07-19T18:09:34+00:00\" \/>\n<meta property=\"article:modified_time\" content=\"2021-07-19T18:09:40+00:00\" \/>\n<meta property=\"og:image\" content=\"https:\/\/vocesdelacomuna15.com.ar\/wp-content\/uploads\/2021\/07\/poli1907.jpg\" \/>\n\t<meta property=\"og:image:width\" content=\"1280\" \/>\n\t<meta property=\"og:image:height\" content=\"605\" \/>\n\t<meta property=\"og:image:type\" content=\"image\/jpeg\" \/>\n<meta name=\"author\" content=\"Federico Arguto\" \/>\n<meta name=\"twitter:card\" content=\"summary_large_image\" \/>\n<meta name=\"twitter:creator\" content=\"@vocescomuna15\" \/>\n<meta name=\"twitter:site\" content=\"@vocescomuna15\" \/>\n<meta name=\"twitter:label1\" content=\"Escrito por\" \/>\n\t<meta name=\"twitter:data1\" content=\"Federico Arguto\" \/>\n\t<meta name=\"twitter:label2\" content=\"Tiempo de lectura\" \/>\n\t<meta name=\"twitter:data2\" content=\"3 minutos\" \/>\n<script type=\"application\/ld+json\" class=\"yoast-schema-graph\">{\"@context\":\"https:\\\/\\\/schema.org\",\"@graph\":[{\"@type\":\"Article\",\"@id\":\"https:\\\/\\\/vocesdelacomuna15.com.ar\\\/press\\\/desbaratan-dos-fiestas-clandestinas-en-villa-crespo-y-clausuran-bares-en-palermo-tras-inspecciones\\\/#article\",\"isPartOf\":{\"@id\":\"https:\\\/\\\/vocesdelacomuna15.com.ar\\\/press\\\/desbaratan-dos-fiestas-clandestinas-en-villa-crespo-y-clausuran-bares-en-palermo-tras-inspecciones\\\/\"},\"author\":{\"name\":\"Federico Arguto\",\"@id\":\"https:\\\/\\\/vocesdelacomuna15.com.ar\\\/press\\\/#\\\/schema\\\/person\\\/4739e109db25d799cd3d139eeb509e43\"},\"headline\":\"Desbaratan dos fiestas clandestinas en Villa Crespo y clausuran bares en Palermo tras inspecciones\",\"datePublished\":\"2021-07-19T18:09:34+00:00\",\"dateModified\":\"2021-07-19T18:09:40+00:00\",\"mainEntityOfPage\":{\"@id\":\"https:\\\/\\\/vocesdelacomuna15.com.ar\\\/press\\\/desbaratan-dos-fiestas-clandestinas-en-villa-crespo-y-clausuran-bares-en-palermo-tras-inspecciones\\\/\"},\"wordCount\":595,\"commentCount\":0,\"publisher\":{\"@id\":\"https:\\\/\\\/vocesdelacomuna15.com.ar\\\/press\\\/#organization\"},\"image\":{\"@id\":\"https:\\\/\\\/vocesdelacomuna15.com.ar\\\/press\\\/desbaratan-dos-fiestas-clandestinas-en-villa-crespo-y-clausuran-bares-en-palermo-tras-inspecciones\\\/#primaryimage\"},\"thumbnailUrl\":\"https:\\\/\\\/vocesdelacomuna15.com.ar\\\/wp-content\\\/uploads\\\/2021\\\/07\\\/poli1907.jpg\",\"articleSection\":[\"Policial\",\"Villa Crespo\"],\"inLanguage\":\"es-AR\",\"potentialAction\":[{\"@type\":\"CommentAction\",\"name\":\"Comment\",\"target\":[\"https:\\\/\\\/vocesdelacomuna15.com.ar\\\/press\\\/desbaratan-dos-fiestas-clandestinas-en-villa-crespo-y-clausuran-bares-en-palermo-tras-inspecciones\\\/#respond\"]}]},{\"@type\":\"WebPage\",\"@id\":\"https:\\\/\\\/vocesdelacomuna15.com.ar\\\/press\\\/desbaratan-dos-fiestas-clandestinas-en-villa-crespo-y-clausuran-bares-en-palermo-tras-inspecciones\\\/\",\"url\":\"https:\\\/\\\/vocesdelacomuna15.com.ar\\\/press\\\/desbaratan-dos-fiestas-clandestinas-en-villa-crespo-y-clausuran-bares-en-palermo-tras-inspecciones\\\/\",\"name\":\"Desbaratan dos fiestas clandestinas en Villa Crespo y clausuran bares en Palermo tras inspecciones - Voces de la Comuna 15\",\"isPartOf\":{\"@id\":\"https:\\\/\\\/vocesdelacomuna15.com.ar\\\/press\\\/#website\"},\"primaryImageOfPage\":{\"@id\":\"https:\\\/\\\/vocesdelacomuna15.com.ar\\\/press\\\/desbaratan-dos-fiestas-clandestinas-en-villa-crespo-y-clausuran-bares-en-palermo-tras-inspecciones\\\/#primaryimage\"},\"image\":{\"@id\":\"https:\\\/\\\/vocesdelacomuna15.com.ar\\\/press\\\/desbaratan-dos-fiestas-clandestinas-en-villa-crespo-y-clausuran-bares-en-palermo-tras-inspecciones\\\/#primaryimage\"},\"thumbnailUrl\":\"https:\\\/\\\/vocesdelacomuna15.com.ar\\\/wp-content\\\/uploads\\\/2021\\\/07\\\/poli1907.jpg\",\"datePublished\":\"2021-07-19T18:09:34+00:00\",\"dateModified\":\"2021-07-19T18:09:40+00:00\",\"description\":\"Voces de la Comuna 15\",\"breadcrumb\":{\"@id\":\"https:\\\/\\\/vocesdelacomuna15.com.ar\\\/press\\\/desbaratan-dos-fiestas-clandestinas-en-villa-crespo-y-clausuran-bares-en-palermo-tras-inspecciones\\\/#breadcrumb\"},\"inLanguage\":\"es-AR\",\"potentialAction\":[{\"@type\":\"ReadAction\",\"target\":[\"https:\\\/\\\/vocesdelacomuna15.com.ar\\\/press\\\/desbaratan-dos-fiestas-clandestinas-en-villa-crespo-y-clausuran-bares-en-palermo-tras-inspecciones\\\/\"]}]},{\"@type\":\"ImageObject\",\"inLanguage\":\"es-AR\",\"@id\":\"https:\\\/\\\/vocesdelacomuna15.com.ar\\\/press\\\/desbaratan-dos-fiestas-clandestinas-en-villa-crespo-y-clausuran-bares-en-palermo-tras-inspecciones\\\/#primaryimage\",\"url\":\"https:\\\/\\\/vocesdelacomuna15.com.ar\\\/wp-content\\\/uploads\\\/2021\\\/07\\\/poli1907.jpg\",\"contentUrl\":\"https:\\\/\\\/vocesdelacomuna15.com.ar\\\/wp-content\\\/uploads\\\/2021\\\/07\\\/poli1907.jpg\",\"width\":1280,\"height\":605},{\"@type\":\"BreadcrumbList\",\"@id\":\"https:\\\/\\\/vocesdelacomuna15.com.ar\\\/press\\\/desbaratan-dos-fiestas-clandestinas-en-villa-crespo-y-clausuran-bares-en-palermo-tras-inspecciones\\\/#breadcrumb\",\"itemListElement\":[{\"@type\":\"ListItem\",\"position\":1,\"name\":\"Inicio\",\"item\":\"https:\\\/\\\/vocesdelacomuna15.com.ar\\\/press\\\/\"},{\"@type\":\"ListItem\",\"position\":2,\"name\":\"Desbaratan dos fiestas clandestinas en Villa Crespo y clausuran bares en Palermo tras inspecciones\"}]},{\"@type\":\"WebSite\",\"@id\":\"https:\\\/\\\/vocesdelacomuna15.com.ar\\\/press\\\/#website\",\"url\":\"https:\\\/\\\/vocesdelacomuna15.com.ar\\\/press\\\/\",\"name\":\"Voces de la Comuna 15\",\"description\":\"Sitio web de noticias\",\"publisher\":{\"@id\":\"https:\\\/\\\/vocesdelacomuna15.com.ar\\\/press\\\/#organization\"},\"potentialAction\":[{\"@type\":\"SearchAction\",\"target\":{\"@type\":\"EntryPoint\",\"urlTemplate\":\"https:\\\/\\\/vocesdelacomuna15.com.ar\\\/press\\\/?s={search_term_string}\"},\"query-input\":{\"@type\":\"PropertyValueSpecification\",\"valueRequired\":true,\"valueName\":\"search_term_string\"}}],\"inLanguage\":\"es-AR\"},{\"@type\":\"Organization\",\"@id\":\"https:\\\/\\\/vocesdelacomuna15.com.ar\\\/press\\\/#organization\",\"name\":\"Voces de la Comuna 15\",\"url\":\"https:\\\/\\\/vocesdelacomuna15.com.ar\\\/press\\\/\",\"logo\":{\"@type\":\"ImageObject\",\"inLanguage\":\"es-AR\",\"@id\":\"https:\\\/\\\/vocesdelacomuna15.com.ar\\\/press\\\/#\\\/schema\\\/logo\\\/image\\\/\",\"url\":\"https:\\\/\\\/vocesdelacomuna15.com.ar\\\/wp-content\\\/uploads\\\/2024\\\/12\\\/cropped-logo_voces.jpg\",\"contentUrl\":\"https:\\\/\\\/vocesdelacomuna15.com.ar\\\/wp-content\\\/uploads\\\/2024\\\/12\\\/cropped-logo_voces.jpg\",\"width\":512,\"height\":512,\"caption\":\"Voces de la Comuna 15\"},\"image\":{\"@id\":\"https:\\\/\\\/vocesdelacomuna15.com.ar\\\/press\\\/#\\\/schema\\\/logo\\\/image\\\/\"},\"sameAs\":[\"https:\\\/\\\/www.facebook.com\\\/VocesComuna15\\\/\",\"https:\\\/\\\/x.com\\\/vocescomuna15\"]},{\"@type\":\"Person\",\"@id\":\"https:\\\/\\\/vocesdelacomuna15.com.ar\\\/press\\\/#\\\/schema\\\/person\\\/4739e109db25d799cd3d139eeb509e43\",\"name\":\"Federico Arguto\",\"image\":{\"@type\":\"ImageObject\",\"inLanguage\":\"es-AR\",\"@id\":\"https:\\\/\\\/vocesdelacomuna15.com.ar\\\/wp-content\\\/litespeed\\\/avatar\\\/82faf979976f1bae889b8b71f8a0a7e5.jpg?ver=1777419741\",\"url\":\"https:\\\/\\\/vocesdelacomuna15.com.ar\\\/wp-content\\\/litespeed\\\/avatar\\\/82faf979976f1bae889b8b71f8a0a7e5.jpg?ver=1777419741\",\"contentUrl\":\"https:\\\/\\\/vocesdelacomuna15.com.ar\\\/wp-content\\\/litespeed\\\/avatar\\\/82faf979976f1bae889b8b71f8a0a7e5.jpg?ver=1777419741\",\"caption\":\"Federico Arguto\"},\"url\":\"https:\\\/\\\/vocesdelacomuna15.com.ar\\\/press\\\/author\\\/fede\\\/\"}]}<\/script>\n<!-- \/ Yoast SEO plugin. -->","yoast_head_json":{"title":"Desbaratan dos fiestas clandestinas en Villa Crespo y clausuran bares en Palermo tras inspecciones - Voces de la Comuna 15","description":"Voces de la Comuna 15","robots":{"index":"index","follow":"follow","max-snippet":"max-snippet:-1","max-image-preview":"max-image-preview:large","max-video-preview":"max-video-preview:-1"},"canonical":"https:\/\/vocesdelacomuna15.com.ar\/press\/desbaratan-dos-fiestas-clandestinas-en-villa-crespo-y-clausuran-bares-en-palermo-tras-inspecciones\/","og_locale":"es_ES","og_type":"article","og_title":"Desbaratan dos fiestas clandestinas en Villa Crespo y clausuran bares en Palermo tras inspecciones - Voces de la Comuna 15","og_description":"Voces de la Comuna 15","og_url":"https:\/\/vocesdelacomuna15.com.ar\/press\/desbaratan-dos-fiestas-clandestinas-en-villa-crespo-y-clausuran-bares-en-palermo-tras-inspecciones\/","og_site_name":"Voces de la Comuna 15","article_publisher":"https:\/\/www.facebook.com\/VocesComuna15\/","article_published_time":"2021-07-19T18:09:34+00:00","article_modified_time":"2021-07-19T18:09:40+00:00","og_image":[{"width":1280,"height":605,"url":"https:\/\/vocesdelacomuna15.com.ar\/wp-content\/uploads\/2021\/07\/poli1907.jpg","type":"image\/jpeg"}],"author":"Federico Arguto","twitter_card":"summary_large_image","twitter_creator":"@vocescomuna15","twitter_site":"@vocescomuna15","twitter_misc":{"Escrito por":"Federico Arguto","Tiempo de lectura":"3 minutos"},"schema":{"@context":"https:\/\/schema.org","@graph":[{"@type":"Article","@id":"https:\/\/vocesdelacomuna15.com.ar\/press\/desbaratan-dos-fiestas-clandestinas-en-villa-crespo-y-clausuran-bares-en-palermo-tras-inspecciones\/#article","isPartOf":{"@id":"https:\/\/vocesdelacomuna15.com.ar\/press\/desbaratan-dos-fiestas-clandestinas-en-villa-crespo-y-clausuran-bares-en-palermo-tras-inspecciones\/"},"author":{"name":"Federico Arguto","@id":"https:\/\/vocesdelacomuna15.com.ar\/press\/#\/schema\/person\/4739e109db25d799cd3d139eeb509e43"},"headline":"Desbaratan dos fiestas clandestinas en Villa Crespo y clausuran bares en Palermo tras inspecciones","datePublished":"2021-07-19T18:09:34+00:00","dateModified":"2021-07-19T18:09:40+00:00","mainEntityOfPage":{"@id":"https:\/\/vocesdelacomuna15.com.ar\/press\/desbaratan-dos-fiestas-clandestinas-en-villa-crespo-y-clausuran-bares-en-palermo-tras-inspecciones\/"},"wordCount":595,"commentCount":0,"publisher":{"@id":"https:\/\/vocesdelacomuna15.com.ar\/press\/#organization"},"image":{"@id":"https:\/\/vocesdelacomuna15.com.ar\/press\/desbaratan-dos-fiestas-clandestinas-en-villa-crespo-y-clausuran-bares-en-palermo-tras-inspecciones\/#primaryimage"},"thumbnailUrl":"https:\/\/vocesdelacomuna15.com.ar\/wp-content\/uploads\/2021\/07\/poli1907.jpg","articleSection":["Policial","Villa Crespo"],"inLanguage":"es-AR","potentialAction":[{"@type":"CommentAction","name":"Comment","target":["https:\/\/vocesdelacomuna15.com.ar\/press\/desbaratan-dos-fiestas-clandestinas-en-villa-crespo-y-clausuran-bares-en-palermo-tras-inspecciones\/#respond"]}]},{"@type":"WebPage","@id":"https:\/\/vocesdelacomuna15.com.ar\/press\/desbaratan-dos-fiestas-clandestinas-en-villa-crespo-y-clausuran-bares-en-palermo-tras-inspecciones\/","url":"https:\/\/vocesdelacomuna15.com.ar\/press\/desbaratan-dos-fiestas-clandestinas-en-villa-crespo-y-clausuran-bares-en-palermo-tras-inspecciones\/","name":"Desbaratan dos fiestas clandestinas en Villa Crespo y clausuran bares en Palermo tras inspecciones - Voces de la Comuna 15","isPartOf":{"@id":"https:\/\/vocesdelacomuna15.com.ar\/press\/#website"},"primaryImageOfPage":{"@id":"https:\/\/vocesdelacomuna15.com.ar\/press\/desbaratan-dos-fiestas-clandestinas-en-villa-crespo-y-clausuran-bares-en-palermo-tras-inspecciones\/#primaryimage"},"image":{"@id":"https:\/\/vocesdelacomuna15.com.ar\/press\/desbaratan-dos-fiestas-clandestinas-en-villa-crespo-y-clausuran-bares-en-palermo-tras-inspecciones\/#primaryimage"},"thumbnailUrl":"https:\/\/vocesdelacomuna15.com.ar\/wp-content\/uploads\/2021\/07\/poli1907.jpg","datePublished":"2021-07-19T18:09:34+00:00","dateModified":"2021-07-19T18:09:40+00:00","description":"Voces de la Comuna 15","breadcrumb":{"@id":"https:\/\/vocesdelacomuna15.com.ar\/press\/desbaratan-dos-fiestas-clandestinas-en-villa-crespo-y-clausuran-bares-en-palermo-tras-inspecciones\/#breadcrumb"},"inLanguage":"es-AR","potentialAction":[{"@type":"ReadAction","target":["https:\/\/vocesdelacomuna15.com.ar\/press\/desbaratan-dos-fiestas-clandestinas-en-villa-crespo-y-clausuran-bares-en-palermo-tras-inspecciones\/"]}]},{"@type":"ImageObject","inLanguage":"es-AR","@id":"https:\/\/vocesdelacomuna15.com.ar\/press\/desbaratan-dos-fiestas-clandestinas-en-villa-crespo-y-clausuran-bares-en-palermo-tras-inspecciones\/#primaryimage","url":"https:\/\/vocesdelacomuna15.com.ar\/wp-content\/uploads\/2021\/07\/poli1907.jpg","contentUrl":"https:\/\/vocesdelacomuna15.com.ar\/wp-content\/uploads\/2021\/07\/poli1907.jpg","width":1280,"height":605},{"@type":"BreadcrumbList","@id":"https:\/\/vocesdelacomuna15.com.ar\/press\/desbaratan-dos-fiestas-clandestinas-en-villa-crespo-y-clausuran-bares-en-palermo-tras-inspecciones\/#breadcrumb","itemListElement":[{"@type":"ListItem","position":1,"name":"Inicio","item":"https:\/\/vocesdelacomuna15.com.ar\/press\/"},{"@type":"ListItem","position":2,"name":"Desbaratan dos fiestas clandestinas en Villa Crespo y clausuran bares en Palermo tras inspecciones"}]},{"@type":"WebSite","@id":"https:\/\/vocesdelacomuna15.com.ar\/press\/#website","url":"https:\/\/vocesdelacomuna15.com.ar\/press\/","name":"Voces de la Comuna 15","description":"Sitio web de noticias","publisher":{"@id":"https:\/\/vocesdelacomuna15.com.ar\/press\/#organization"},"potentialAction":[{"@type":"SearchAction","target":{"@type":"EntryPoint","urlTemplate":"https:\/\/vocesdelacomuna15.com.ar\/press\/?s={search_term_string}"},"query-input":{"@type":"PropertyValueSpecification","valueRequired":true,"valueName":"search_term_string"}}],"inLanguage":"es-AR"},{"@type":"Organization","@id":"https:\/\/vocesdelacomuna15.com.ar\/press\/#organization","name":"Voces de la Comuna 15","url":"https:\/\/vocesdelacomuna15.com.ar\/press\/","logo":{"@type":"ImageObject","inLanguage":"es-AR","@id":"https:\/\/vocesdelacomuna15.com.ar\/press\/#\/schema\/logo\/image\/","url":"https:\/\/vocesdelacomuna15.com.ar\/wp-content\/uploads\/2024\/12\/cropped-logo_voces.jpg","contentUrl":"https:\/\/vocesdelacomuna15.com.ar\/wp-content\/uploads\/2024\/12\/cropped-logo_voces.jpg","width":512,"height":512,"caption":"Voces de la Comuna 15"},"image":{"@id":"https:\/\/vocesdelacomuna15.com.ar\/press\/#\/schema\/logo\/image\/"},"sameAs":["https:\/\/www.facebook.com\/VocesComuna15\/","https:\/\/x.com\/vocescomuna15"]},{"@type":"Person","@id":"https:\/\/vocesdelacomuna15.com.ar\/press\/#\/schema\/person\/4739e109db25d799cd3d139eeb509e43","name":"Federico Arguto","image":{"@type":"ImageObject","inLanguage":"es-AR","@id":"https:\/\/vocesdelacomuna15.com.ar\/wp-content\/litespeed\/avatar\/82faf979976f1bae889b8b71f8a0a7e5.jpg?ver=1777419741","url":"https:\/\/vocesdelacomuna15.com.ar\/wp-content\/litespeed\/avatar\/82faf979976f1bae889b8b71f8a0a7e5.jpg?ver=1777419741","contentUrl":"https:\/\/vocesdelacomuna15.com.ar\/wp-content\/litespeed\/avatar\/82faf979976f1bae889b8b71f8a0a7e5.jpg?ver=1777419741","caption":"Federico Arguto"},"url":"https:\/\/vocesdelacomuna15.com.ar\/press\/author\/fede\/"}]}},"_links":{"self":[{"href":"https:\/\/vocesdelacomuna15.com.ar\/press\/wp-json\/wp\/v2\/posts\/54342","targetHints":{"allow":["GET"]}}],"collection":[{"href":"https:\/\/vocesdelacomuna15.com.ar\/press\/wp-json\/wp\/v2\/posts"}],"about":[{"href":"https:\/\/vocesdelacomuna15.com.ar\/press\/wp-json\/wp\/v2\/types\/post"}],"author":[{"embeddable":true,"href":"https:\/\/vocesdelacomuna15.com.ar\/press\/wp-json\/wp\/v2\/users\/2"}],"replies":[{"embeddable":true,"href":"https:\/\/vocesdelacomuna15.com.ar\/press\/wp-json\/wp\/v2\/comments?post=54342"}],"version-history":[{"count":1,"href":"https:\/\/vocesdelacomuna15.com.ar\/press\/wp-json\/wp\/v2\/posts\/54342\/revisions"}],"predecessor-version":[{"id":54344,"href":"https:\/\/vocesdelacomuna15.com.ar\/press\/wp-json\/wp\/v2\/posts\/54342\/revisions\/54344"}],"wp:featuredmedia":[{"embeddable":true,"href":"https:\/\/vocesdelacomuna15.com.ar\/press\/wp-json\/wp\/v2\/media\/54343"}],"wp:attachment":[{"href":"https:\/\/vocesdelacomuna15.com.ar\/press\/wp-json\/wp\/v2\/media?parent=54342"}],"wp:term":[{"taxonomy":"category","embeddable":true,"href":"https:\/\/vocesdelacomuna15.com.ar\/press\/wp-json\/wp\/v2\/categories?post=54342"},{"taxonomy":"post_tag","embeddable":true,"href":"https:\/\/vocesdelacomuna15.com.ar\/press\/wp-json\/wp\/v2\/tags?post=54342"}],"curies":[{"name":"wp","href":"https:\/\/api.w.org\/{rel}","templated":true}]}}