{"id":54329,"date":"2021-07-15T21:14:52","date_gmt":"2021-07-16T00:14:52","guid":{"rendered":"http:\/\/vocesdelacomuna15.com.ar\/wordpress\/?p=54329"},"modified":"2021-07-15T21:16:44","modified_gmt":"2021-07-16T00:16:44","slug":"mas-de-7-800-autopartes-ilegales-incautadas-en-local-y-deposito-de-chacarita","status":"publish","type":"post","link":"https:\/\/vocesdelacomuna15.com.ar\/press\/mas-de-7-800-autopartes-ilegales-incautadas-en-local-y-deposito-de-chacarita\/","title":{"rendered":"M\u00e1s de 7.800 autopartes ilegales incautadas en local y dep\u00f3sito de Chacarita"},"content":{"rendered":"\n<p>La Polic\u00eda de la Ciudad secuestr\u00f3 en las \u00faltimas horas m\u00e1s de 7.800 autopartes ilegales, en especial de rodados de alta gama, que se ofrec\u00edan en un local de repuestos del barrio de Chacarita y que contaba con un dep\u00f3sito lindero. Fuente: Ministerio de Justicia y Seguridad CABA<\/p>\n\n\n\n<p>Personal de la Divisi\u00f3n Sustracci\u00f3n de Automotores,\ndependiente del Departamento Delitos Contra la Propiedad de la <strong>Polic\u00eda de la Ciudad<\/strong>, encabez\u00f3 un\nprocedimiento de manera conjunta con la Fiscal\u00eda Penal,\nContravencional y de Faltas N\u00famero 6, a cargo del doctor Federico Jorge\nTaramelli,&nbsp;personal de la Subsecretar\u00eda de Seguridad\nCiudadana, del Programa de Lucha Contra la Comercializaci\u00f3n de Autopartes\nIlegales, y el Cuerpo de Investigaciones Judiciales,&nbsp;sobre un negocio\nubicado en la avenida Warnes al 1500, en el cual, despu\u00e9s de tareas\ninvestigativas, se comprob\u00f3 que se comercializaban piezas ilegales provenientes\nde veh\u00edculos robados.&nbsp;<\/p>\n\n\n\n<p>En consecuencia, el Juzgado Penal Contravencional y de\nFaltas N\u00famero 27, a cargo de la doctora Mar\u00eda Carolina De Paoli, dict\u00f3 la orden\nde allanamiento para la propiedad.<\/p>\n\n\n\n<p>Al ingresar al local, se identific\u00f3 al responsable, un\nhombre argentino de 43 a\u00f1os, y se observ\u00f3 gran cantidad de autopartes que no\nten\u00edan su homologaci\u00f3n para ser vendidas.<\/p>\n\n\n\n<p>Adem\u00e1s, se verific\u00f3 que el negocio comunicaba con un\ngalp\u00f3n lindante, donde se hallaron autopartes usadas pertenencientes a\nveh\u00edculos de alta gama, estando todas en infracci\u00f3n a la Ley 25.761 por carecer\nde las obleas del RUDAC (Registro \u00danico de Desarmaderos y Actividades Conexas).<\/p>\n\n\n\n<p>De esta manera, se incautaron todas las piezas:&nbsp;457\ncomputadoras de automotor, 232 amortiguadores, 94 radiadores, 256 puertas, 28\ncajas de velocidades, 89 guardabarros, 91 tapas de ba\u00fal, 253 tapas de cilindro,\n1.732 pistones, 137 compresores de aire acondicionado, 53 mordazas de freno,\n459 cig\u00fce\u00f1ales, 58 paragolpes, 11 neum\u00e1ticos armados completos, 355 comandos e\ninstrumentales de tablero, 163 comando de luces, 7 butacas, 326 motores de\narranque, 287 alternadores, 546 fusileras, 241 tapas de v\u00e1lvulas, 2 tubos de\nGNC, 231 cuerpos de acelerador, 212 capots, 25 volantes con airbag, 147\ninstalaciones el\u00e9ctricas completas, 79 servos de freno, 1 techo convertible de\nlona, 328 \u00f3pticas, 231 faros traseros, 241 \u00e1rboles de levas, 153 distribuidores\nel\u00e9ctricos, 39 colectores de escape, 74 frentes de parrilla, 212 espejos\nretrovisores y 37 cardanes, haciendo un total de 7.887 autopartes.<\/p>\n\n\n\n<p>Efectuada la consulta con la Fiscal\u00eda Penal,\nContravencional y de Faltas N\u00famero 6, a cargo del doctor Federico Jorge\nTaramelli, se aval\u00f3 lo actuado, se imput\u00f3 al responsable del local por el\ndelito de desarmado de automotores y venta de autopartes ilegales, y se\nclausur\u00f3 el comercio.<\/p>\n\n\n\n<p>Sobre los repuestos secuestrados, fueron trasladados a la playa judicial de la calle Ferr\u00e9 al 2800.<\/p>\n\n\n\n<figure class=\"wp-block-embed-youtube wp-block-embed is-type-video is-provider-youtube wp-embed-aspect-16-9 wp-has-aspect-ratio\"><div class=\"wp-block-embed__wrapper\">\n<iframe loading=\"lazy\" title=\"OPERATIVO POR AUTOPARTES\" width=\"1080\" height=\"608\" src=\"https:\/\/www.youtube.com\/embed\/Ese3lB-PEyM?feature=oembed\" frameborder=\"0\" allow=\"accelerometer; autoplay; clipboard-write; encrypted-media; gyroscope; picture-in-picture\" allowfullscreen><\/iframe>\n<\/div><\/figure>\n\n\n\n<p>Fuente y Foto: Ministerio de Justicia y Seguridad CABA<\/p>\n<div class=\"pvc_clear\"><\/div><p id=\"pvc_stats_54329\" class=\"pvc_stats all  \" data-element-id=\"54329\" style=\"\"><i class=\"pvc-stats-icon small\" aria-hidden=\"true\"><svg aria-hidden=\"true\" focusable=\"false\" data-prefix=\"far\" data-icon=\"chart-bar\" role=\"img\" xmlns=\"http:\/\/www.w3.org\/2000\/svg\" viewBox=\"0 0 512 512\" class=\"svg-inline--fa fa-chart-bar fa-w-16 fa-2x\"><path fill=\"currentColor\" d=\"M396.8 352h22.4c6.4 0 12.8-6.4 12.8-12.8V108.8c0-6.4-6.4-12.8-12.8-12.8h-22.4c-6.4 0-12.8 6.4-12.8 12.8v230.4c0 6.4 6.4 12.8 12.8 12.8zm-192 0h22.4c6.4 0 12.8-6.4 12.8-12.8V140.8c0-6.4-6.4-12.8-12.8-12.8h-22.4c-6.4 0-12.8 6.4-12.8 12.8v198.4c0 6.4 6.4 12.8 12.8 12.8zm96 0h22.4c6.4 0 12.8-6.4 12.8-12.8V204.8c0-6.4-6.4-12.8-12.8-12.8h-22.4c-6.4 0-12.8 6.4-12.8 12.8v134.4c0 6.4 6.4 12.8 12.8 12.8zM496 400H48V80c0-8.84-7.16-16-16-16H16C7.16 64 0 71.16 0 80v336c0 17.67 14.33 32 32 32h464c8.84 0 16-7.16 16-16v-16c0-8.84-7.16-16-16-16zm-387.2-48h22.4c6.4 0 12.8-6.4 12.8-12.8v-70.4c0-6.4-6.4-12.8-12.8-12.8h-22.4c-6.4 0-12.8 6.4-12.8 12.8v70.4c0 6.4 6.4 12.8 12.8 12.8z\" class=\"\"><\/path><\/svg><\/i> <img loading=\"lazy\" decoding=\"async\" width=\"16\" height=\"16\" alt=\"Loading\" src=\"https:\/\/vocesdelacomuna15.com.ar\/wp-content\/plugins\/page-views-count\/ajax-loader-2x.gif\" border=0 \/><\/p><div class=\"pvc_clear\"><\/div>","protected":false},"excerpt":{"rendered":"<p>La Polic\u00eda de la Ciudad secuestr\u00f3 en las \u00faltimas horas m\u00e1s de 7.800 autopartes ilegales, en especial de rodados de alta gama, que se ofrec\u00edan en un local de repuestos del barrio de Chacarita y que contaba con un dep\u00f3sito lindero. Fuente: Ministerio de Justicia y Seguridad CABA Personal de la Divisi\u00f3n Sustracci\u00f3n de Automotores, [&hellip;]<\/p>\n<div class=\"pvc_clear\"><\/div>\n<p id=\"pvc_stats_54329\" class=\"pvc_stats all  \" data-element-id=\"54329\" style=\"\"><i class=\"pvc-stats-icon small\" aria-hidden=\"true\"><svg aria-hidden=\"true\" focusable=\"false\" data-prefix=\"far\" data-icon=\"chart-bar\" role=\"img\" xmlns=\"http:\/\/www.w3.org\/2000\/svg\" viewBox=\"0 0 512 512\" class=\"svg-inline--fa fa-chart-bar fa-w-16 fa-2x\"><path fill=\"currentColor\" d=\"M396.8 352h22.4c6.4 0 12.8-6.4 12.8-12.8V108.8c0-6.4-6.4-12.8-12.8-12.8h-22.4c-6.4 0-12.8 6.4-12.8 12.8v230.4c0 6.4 6.4 12.8 12.8 12.8zm-192 0h22.4c6.4 0 12.8-6.4 12.8-12.8V140.8c0-6.4-6.4-12.8-12.8-12.8h-22.4c-6.4 0-12.8 6.4-12.8 12.8v198.4c0 6.4 6.4 12.8 12.8 12.8zm96 0h22.4c6.4 0 12.8-6.4 12.8-12.8V204.8c0-6.4-6.4-12.8-12.8-12.8h-22.4c-6.4 0-12.8 6.4-12.8 12.8v134.4c0 6.4 6.4 12.8 12.8 12.8zM496 400H48V80c0-8.84-7.16-16-16-16H16C7.16 64 0 71.16 0 80v336c0 17.67 14.33 32 32 32h464c8.84 0 16-7.16 16-16v-16c0-8.84-7.16-16-16-16zm-387.2-48h22.4c6.4 0 12.8-6.4 12.8-12.8v-70.4c0-6.4-6.4-12.8-12.8-12.8h-22.4c-6.4 0-12.8 6.4-12.8 12.8v70.4c0 6.4 6.4 12.8 12.8 12.8z\" class=\"\"><\/path><\/svg><\/i> <img loading=\"lazy\" decoding=\"async\" width=\"16\" height=\"16\" alt=\"Loading\" src=\"https:\/\/vocesdelacomuna15.com.ar\/wp-content\/plugins\/page-views-count\/ajax-loader-2x.gif\" border=0 \/><\/p>\n<div class=\"pvc_clear\"><\/div>\n","protected":false},"author":2,"featured_media":54330,"comment_status":"open","ping_status":"open","sticky":false,"template":"","format":"standard","meta":{"_et_pb_use_builder":"off","_et_pb_old_content":"","_et_gb_content_width":"","footnotes":""},"categories":[23,28],"tags":[],"class_list":["post-54329","post","type-post","status-publish","format-standard","has-post-thumbnail","hentry","category-chacarita","category-policial","et-has-post-format-content","et_post_format-et-post-format-standard"],"a3_pvc":{"activated":true,"total_views":236,"today_views":0},"yoast_head":"<!-- This site is optimized with the Yoast SEO plugin v27.5 - https:\/\/yoast.com\/product\/yoast-seo-wordpress\/ -->\n<title>M\u00e1s de 7.800 autopartes ilegales incautadas en local y dep\u00f3sito de Chacarita - Voces de la Comuna 15<\/title>\n<meta name=\"description\" content=\"Voces de la Comuna 15\" \/>\n<meta name=\"robots\" content=\"index, follow, max-snippet:-1, max-image-preview:large, max-video-preview:-1\" \/>\n<link rel=\"canonical\" href=\"https:\/\/vocesdelacomuna15.com.ar\/press\/mas-de-7-800-autopartes-ilegales-incautadas-en-local-y-deposito-de-chacarita\/\" \/>\n<meta property=\"og:locale\" content=\"es_ES\" \/>\n<meta property=\"og:type\" content=\"article\" \/>\n<meta property=\"og:title\" content=\"M\u00e1s de 7.800 autopartes ilegales incautadas en local y dep\u00f3sito de Chacarita - Voces de la Comuna 15\" \/>\n<meta property=\"og:description\" content=\"Voces de la Comuna 15\" \/>\n<meta property=\"og:url\" content=\"https:\/\/vocesdelacomuna15.com.ar\/press\/mas-de-7-800-autopartes-ilegales-incautadas-en-local-y-deposito-de-chacarita\/\" \/>\n<meta property=\"og:site_name\" content=\"Voces de la Comuna 15\" \/>\n<meta property=\"article:publisher\" content=\"https:\/\/www.facebook.com\/VocesComuna15\/\" \/>\n<meta property=\"article:published_time\" content=\"2021-07-16T00:14:52+00:00\" \/>\n<meta property=\"article:modified_time\" content=\"2021-07-16T00:16:44+00:00\" \/>\n<meta property=\"og:image\" content=\"https:\/\/vocesdelacomuna15.com.ar\/wp-content\/uploads\/2021\/07\/poli1507.jpg\" \/>\n\t<meta property=\"og:image:width\" content=\"1600\" \/>\n\t<meta property=\"og:image:height\" content=\"899\" \/>\n\t<meta property=\"og:image:type\" content=\"image\/jpeg\" \/>\n<meta name=\"author\" content=\"Federico Arguto\" \/>\n<meta name=\"twitter:card\" content=\"summary_large_image\" \/>\n<meta name=\"twitter:creator\" content=\"@vocescomuna15\" \/>\n<meta name=\"twitter:site\" content=\"@vocescomuna15\" \/>\n<meta name=\"twitter:label1\" content=\"Escrito por\" \/>\n\t<meta name=\"twitter:data1\" content=\"Federico Arguto\" \/>\n\t<meta name=\"twitter:label2\" content=\"Tiempo de lectura\" \/>\n\t<meta name=\"twitter:data2\" content=\"2 minutos\" \/>\n<script type=\"application\/ld+json\" class=\"yoast-schema-graph\">{\"@context\":\"https:\\\/\\\/schema.org\",\"@graph\":[{\"@type\":\"Article\",\"@id\":\"https:\\\/\\\/vocesdelacomuna15.com.ar\\\/press\\\/mas-de-7-800-autopartes-ilegales-incautadas-en-local-y-deposito-de-chacarita\\\/#article\",\"isPartOf\":{\"@id\":\"https:\\\/\\\/vocesdelacomuna15.com.ar\\\/press\\\/mas-de-7-800-autopartes-ilegales-incautadas-en-local-y-deposito-de-chacarita\\\/\"},\"author\":{\"name\":\"Federico Arguto\",\"@id\":\"https:\\\/\\\/vocesdelacomuna15.com.ar\\\/press\\\/#\\\/schema\\\/person\\\/4739e109db25d799cd3d139eeb509e43\"},\"headline\":\"M\u00e1s de 7.800 autopartes ilegales incautadas en local y dep\u00f3sito de Chacarita\",\"datePublished\":\"2021-07-16T00:14:52+00:00\",\"dateModified\":\"2021-07-16T00:16:44+00:00\",\"mainEntityOfPage\":{\"@id\":\"https:\\\/\\\/vocesdelacomuna15.com.ar\\\/press\\\/mas-de-7-800-autopartes-ilegales-incautadas-en-local-y-deposito-de-chacarita\\\/\"},\"wordCount\":464,\"commentCount\":0,\"publisher\":{\"@id\":\"https:\\\/\\\/vocesdelacomuna15.com.ar\\\/press\\\/#organization\"},\"image\":{\"@id\":\"https:\\\/\\\/vocesdelacomuna15.com.ar\\\/press\\\/mas-de-7-800-autopartes-ilegales-incautadas-en-local-y-deposito-de-chacarita\\\/#primaryimage\"},\"thumbnailUrl\":\"https:\\\/\\\/vocesdelacomuna15.com.ar\\\/wp-content\\\/uploads\\\/2021\\\/07\\\/poli1507.jpg\",\"articleSection\":[\"Chacarita\",\"Policial\"],\"inLanguage\":\"es-AR\",\"potentialAction\":[{\"@type\":\"CommentAction\",\"name\":\"Comment\",\"target\":[\"https:\\\/\\\/vocesdelacomuna15.com.ar\\\/press\\\/mas-de-7-800-autopartes-ilegales-incautadas-en-local-y-deposito-de-chacarita\\\/#respond\"]}]},{\"@type\":\"WebPage\",\"@id\":\"https:\\\/\\\/vocesdelacomuna15.com.ar\\\/press\\\/mas-de-7-800-autopartes-ilegales-incautadas-en-local-y-deposito-de-chacarita\\\/\",\"url\":\"https:\\\/\\\/vocesdelacomuna15.com.ar\\\/press\\\/mas-de-7-800-autopartes-ilegales-incautadas-en-local-y-deposito-de-chacarita\\\/\",\"name\":\"M\u00e1s de 7.800 autopartes ilegales incautadas en local y dep\u00f3sito de Chacarita - Voces de la Comuna 15\",\"isPartOf\":{\"@id\":\"https:\\\/\\\/vocesdelacomuna15.com.ar\\\/press\\\/#website\"},\"primaryImageOfPage\":{\"@id\":\"https:\\\/\\\/vocesdelacomuna15.com.ar\\\/press\\\/mas-de-7-800-autopartes-ilegales-incautadas-en-local-y-deposito-de-chacarita\\\/#primaryimage\"},\"image\":{\"@id\":\"https:\\\/\\\/vocesdelacomuna15.com.ar\\\/press\\\/mas-de-7-800-autopartes-ilegales-incautadas-en-local-y-deposito-de-chacarita\\\/#primaryimage\"},\"thumbnailUrl\":\"https:\\\/\\\/vocesdelacomuna15.com.ar\\\/wp-content\\\/uploads\\\/2021\\\/07\\\/poli1507.jpg\",\"datePublished\":\"2021-07-16T00:14:52+00:00\",\"dateModified\":\"2021-07-16T00:16:44+00:00\",\"description\":\"Voces de la Comuna 15\",\"breadcrumb\":{\"@id\":\"https:\\\/\\\/vocesdelacomuna15.com.ar\\\/press\\\/mas-de-7-800-autopartes-ilegales-incautadas-en-local-y-deposito-de-chacarita\\\/#breadcrumb\"},\"inLanguage\":\"es-AR\",\"potentialAction\":[{\"@type\":\"ReadAction\",\"target\":[\"https:\\\/\\\/vocesdelacomuna15.com.ar\\\/press\\\/mas-de-7-800-autopartes-ilegales-incautadas-en-local-y-deposito-de-chacarita\\\/\"]}]},{\"@type\":\"ImageObject\",\"inLanguage\":\"es-AR\",\"@id\":\"https:\\\/\\\/vocesdelacomuna15.com.ar\\\/press\\\/mas-de-7-800-autopartes-ilegales-incautadas-en-local-y-deposito-de-chacarita\\\/#primaryimage\",\"url\":\"https:\\\/\\\/vocesdelacomuna15.com.ar\\\/wp-content\\\/uploads\\\/2021\\\/07\\\/poli1507.jpg\",\"contentUrl\":\"https:\\\/\\\/vocesdelacomuna15.com.ar\\\/wp-content\\\/uploads\\\/2021\\\/07\\\/poli1507.jpg\",\"width\":1600,\"height\":899},{\"@type\":\"BreadcrumbList\",\"@id\":\"https:\\\/\\\/vocesdelacomuna15.com.ar\\\/press\\\/mas-de-7-800-autopartes-ilegales-incautadas-en-local-y-deposito-de-chacarita\\\/#breadcrumb\",\"itemListElement\":[{\"@type\":\"ListItem\",\"position\":1,\"name\":\"Inicio\",\"item\":\"https:\\\/\\\/vocesdelacomuna15.com.ar\\\/press\\\/\"},{\"@type\":\"ListItem\",\"position\":2,\"name\":\"M\u00e1s de 7.800 autopartes ilegales incautadas en local y dep\u00f3sito de Chacarita\"}]},{\"@type\":\"WebSite\",\"@id\":\"https:\\\/\\\/vocesdelacomuna15.com.ar\\\/press\\\/#website\",\"url\":\"https:\\\/\\\/vocesdelacomuna15.com.ar\\\/press\\\/\",\"name\":\"Voces de la Comuna 15\",\"description\":\"Sitio web de noticias\",\"publisher\":{\"@id\":\"https:\\\/\\\/vocesdelacomuna15.com.ar\\\/press\\\/#organization\"},\"potentialAction\":[{\"@type\":\"SearchAction\",\"target\":{\"@type\":\"EntryPoint\",\"urlTemplate\":\"https:\\\/\\\/vocesdelacomuna15.com.ar\\\/press\\\/?s={search_term_string}\"},\"query-input\":{\"@type\":\"PropertyValueSpecification\",\"valueRequired\":true,\"valueName\":\"search_term_string\"}}],\"inLanguage\":\"es-AR\"},{\"@type\":\"Organization\",\"@id\":\"https:\\\/\\\/vocesdelacomuna15.com.ar\\\/press\\\/#organization\",\"name\":\"Voces de la Comuna 15\",\"url\":\"https:\\\/\\\/vocesdelacomuna15.com.ar\\\/press\\\/\",\"logo\":{\"@type\":\"ImageObject\",\"inLanguage\":\"es-AR\",\"@id\":\"https:\\\/\\\/vocesdelacomuna15.com.ar\\\/press\\\/#\\\/schema\\\/logo\\\/image\\\/\",\"url\":\"https:\\\/\\\/vocesdelacomuna15.com.ar\\\/wp-content\\\/uploads\\\/2024\\\/12\\\/cropped-logo_voces.jpg\",\"contentUrl\":\"https:\\\/\\\/vocesdelacomuna15.com.ar\\\/wp-content\\\/uploads\\\/2024\\\/12\\\/cropped-logo_voces.jpg\",\"width\":512,\"height\":512,\"caption\":\"Voces de la Comuna 15\"},\"image\":{\"@id\":\"https:\\\/\\\/vocesdelacomuna15.com.ar\\\/press\\\/#\\\/schema\\\/logo\\\/image\\\/\"},\"sameAs\":[\"https:\\\/\\\/www.facebook.com\\\/VocesComuna15\\\/\",\"https:\\\/\\\/x.com\\\/vocescomuna15\"]},{\"@type\":\"Person\",\"@id\":\"https:\\\/\\\/vocesdelacomuna15.com.ar\\\/press\\\/#\\\/schema\\\/person\\\/4739e109db25d799cd3d139eeb509e43\",\"name\":\"Federico Arguto\",\"image\":{\"@type\":\"ImageObject\",\"inLanguage\":\"es-AR\",\"@id\":\"https:\\\/\\\/vocesdelacomuna15.com.ar\\\/wp-content\\\/litespeed\\\/avatar\\\/82faf979976f1bae889b8b71f8a0a7e5.jpg?ver=1777419741\",\"url\":\"https:\\\/\\\/vocesdelacomuna15.com.ar\\\/wp-content\\\/litespeed\\\/avatar\\\/82faf979976f1bae889b8b71f8a0a7e5.jpg?ver=1777419741\",\"contentUrl\":\"https:\\\/\\\/vocesdelacomuna15.com.ar\\\/wp-content\\\/litespeed\\\/avatar\\\/82faf979976f1bae889b8b71f8a0a7e5.jpg?ver=1777419741\",\"caption\":\"Federico Arguto\"},\"url\":\"https:\\\/\\\/vocesdelacomuna15.com.ar\\\/press\\\/author\\\/fede\\\/\"}]}<\/script>\n<!-- \/ Yoast SEO plugin. -->","yoast_head_json":{"title":"M\u00e1s de 7.800 autopartes ilegales incautadas en local y dep\u00f3sito de Chacarita - Voces de la Comuna 15","description":"Voces de la Comuna 15","robots":{"index":"index","follow":"follow","max-snippet":"max-snippet:-1","max-image-preview":"max-image-preview:large","max-video-preview":"max-video-preview:-1"},"canonical":"https:\/\/vocesdelacomuna15.com.ar\/press\/mas-de-7-800-autopartes-ilegales-incautadas-en-local-y-deposito-de-chacarita\/","og_locale":"es_ES","og_type":"article","og_title":"M\u00e1s de 7.800 autopartes ilegales incautadas en local y dep\u00f3sito de Chacarita - Voces de la Comuna 15","og_description":"Voces de la Comuna 15","og_url":"https:\/\/vocesdelacomuna15.com.ar\/press\/mas-de-7-800-autopartes-ilegales-incautadas-en-local-y-deposito-de-chacarita\/","og_site_name":"Voces de la Comuna 15","article_publisher":"https:\/\/www.facebook.com\/VocesComuna15\/","article_published_time":"2021-07-16T00:14:52+00:00","article_modified_time":"2021-07-16T00:16:44+00:00","og_image":[{"width":1600,"height":899,"url":"https:\/\/vocesdelacomuna15.com.ar\/wp-content\/uploads\/2021\/07\/poli1507.jpg","type":"image\/jpeg"}],"author":"Federico Arguto","twitter_card":"summary_large_image","twitter_creator":"@vocescomuna15","twitter_site":"@vocescomuna15","twitter_misc":{"Escrito por":"Federico Arguto","Tiempo de lectura":"2 minutos"},"schema":{"@context":"https:\/\/schema.org","@graph":[{"@type":"Article","@id":"https:\/\/vocesdelacomuna15.com.ar\/press\/mas-de-7-800-autopartes-ilegales-incautadas-en-local-y-deposito-de-chacarita\/#article","isPartOf":{"@id":"https:\/\/vocesdelacomuna15.com.ar\/press\/mas-de-7-800-autopartes-ilegales-incautadas-en-local-y-deposito-de-chacarita\/"},"author":{"name":"Federico Arguto","@id":"https:\/\/vocesdelacomuna15.com.ar\/press\/#\/schema\/person\/4739e109db25d799cd3d139eeb509e43"},"headline":"M\u00e1s de 7.800 autopartes ilegales incautadas en local y dep\u00f3sito de Chacarita","datePublished":"2021-07-16T00:14:52+00:00","dateModified":"2021-07-16T00:16:44+00:00","mainEntityOfPage":{"@id":"https:\/\/vocesdelacomuna15.com.ar\/press\/mas-de-7-800-autopartes-ilegales-incautadas-en-local-y-deposito-de-chacarita\/"},"wordCount":464,"commentCount":0,"publisher":{"@id":"https:\/\/vocesdelacomuna15.com.ar\/press\/#organization"},"image":{"@id":"https:\/\/vocesdelacomuna15.com.ar\/press\/mas-de-7-800-autopartes-ilegales-incautadas-en-local-y-deposito-de-chacarita\/#primaryimage"},"thumbnailUrl":"https:\/\/vocesdelacomuna15.com.ar\/wp-content\/uploads\/2021\/07\/poli1507.jpg","articleSection":["Chacarita","Policial"],"inLanguage":"es-AR","potentialAction":[{"@type":"CommentAction","name":"Comment","target":["https:\/\/vocesdelacomuna15.com.ar\/press\/mas-de-7-800-autopartes-ilegales-incautadas-en-local-y-deposito-de-chacarita\/#respond"]}]},{"@type":"WebPage","@id":"https:\/\/vocesdelacomuna15.com.ar\/press\/mas-de-7-800-autopartes-ilegales-incautadas-en-local-y-deposito-de-chacarita\/","url":"https:\/\/vocesdelacomuna15.com.ar\/press\/mas-de-7-800-autopartes-ilegales-incautadas-en-local-y-deposito-de-chacarita\/","name":"M\u00e1s de 7.800 autopartes ilegales incautadas en local y dep\u00f3sito de Chacarita - Voces de la Comuna 15","isPartOf":{"@id":"https:\/\/vocesdelacomuna15.com.ar\/press\/#website"},"primaryImageOfPage":{"@id":"https:\/\/vocesdelacomuna15.com.ar\/press\/mas-de-7-800-autopartes-ilegales-incautadas-en-local-y-deposito-de-chacarita\/#primaryimage"},"image":{"@id":"https:\/\/vocesdelacomuna15.com.ar\/press\/mas-de-7-800-autopartes-ilegales-incautadas-en-local-y-deposito-de-chacarita\/#primaryimage"},"thumbnailUrl":"https:\/\/vocesdelacomuna15.com.ar\/wp-content\/uploads\/2021\/07\/poli1507.jpg","datePublished":"2021-07-16T00:14:52+00:00","dateModified":"2021-07-16T00:16:44+00:00","description":"Voces de la Comuna 15","breadcrumb":{"@id":"https:\/\/vocesdelacomuna15.com.ar\/press\/mas-de-7-800-autopartes-ilegales-incautadas-en-local-y-deposito-de-chacarita\/#breadcrumb"},"inLanguage":"es-AR","potentialAction":[{"@type":"ReadAction","target":["https:\/\/vocesdelacomuna15.com.ar\/press\/mas-de-7-800-autopartes-ilegales-incautadas-en-local-y-deposito-de-chacarita\/"]}]},{"@type":"ImageObject","inLanguage":"es-AR","@id":"https:\/\/vocesdelacomuna15.com.ar\/press\/mas-de-7-800-autopartes-ilegales-incautadas-en-local-y-deposito-de-chacarita\/#primaryimage","url":"https:\/\/vocesdelacomuna15.com.ar\/wp-content\/uploads\/2021\/07\/poli1507.jpg","contentUrl":"https:\/\/vocesdelacomuna15.com.ar\/wp-content\/uploads\/2021\/07\/poli1507.jpg","width":1600,"height":899},{"@type":"BreadcrumbList","@id":"https:\/\/vocesdelacomuna15.com.ar\/press\/mas-de-7-800-autopartes-ilegales-incautadas-en-local-y-deposito-de-chacarita\/#breadcrumb","itemListElement":[{"@type":"ListItem","position":1,"name":"Inicio","item":"https:\/\/vocesdelacomuna15.com.ar\/press\/"},{"@type":"ListItem","position":2,"name":"M\u00e1s de 7.800 autopartes ilegales incautadas en local y dep\u00f3sito de Chacarita"}]},{"@type":"WebSite","@id":"https:\/\/vocesdelacomuna15.com.ar\/press\/#website","url":"https:\/\/vocesdelacomuna15.com.ar\/press\/","name":"Voces de la Comuna 15","description":"Sitio web de noticias","publisher":{"@id":"https:\/\/vocesdelacomuna15.com.ar\/press\/#organization"},"potentialAction":[{"@type":"SearchAction","target":{"@type":"EntryPoint","urlTemplate":"https:\/\/vocesdelacomuna15.com.ar\/press\/?s={search_term_string}"},"query-input":{"@type":"PropertyValueSpecification","valueRequired":true,"valueName":"search_term_string"}}],"inLanguage":"es-AR"},{"@type":"Organization","@id":"https:\/\/vocesdelacomuna15.com.ar\/press\/#organization","name":"Voces de la Comuna 15","url":"https:\/\/vocesdelacomuna15.com.ar\/press\/","logo":{"@type":"ImageObject","inLanguage":"es-AR","@id":"https:\/\/vocesdelacomuna15.com.ar\/press\/#\/schema\/logo\/image\/","url":"https:\/\/vocesdelacomuna15.com.ar\/wp-content\/uploads\/2024\/12\/cropped-logo_voces.jpg","contentUrl":"https:\/\/vocesdelacomuna15.com.ar\/wp-content\/uploads\/2024\/12\/cropped-logo_voces.jpg","width":512,"height":512,"caption":"Voces de la Comuna 15"},"image":{"@id":"https:\/\/vocesdelacomuna15.com.ar\/press\/#\/schema\/logo\/image\/"},"sameAs":["https:\/\/www.facebook.com\/VocesComuna15\/","https:\/\/x.com\/vocescomuna15"]},{"@type":"Person","@id":"https:\/\/vocesdelacomuna15.com.ar\/press\/#\/schema\/person\/4739e109db25d799cd3d139eeb509e43","name":"Federico Arguto","image":{"@type":"ImageObject","inLanguage":"es-AR","@id":"https:\/\/vocesdelacomuna15.com.ar\/wp-content\/litespeed\/avatar\/82faf979976f1bae889b8b71f8a0a7e5.jpg?ver=1777419741","url":"https:\/\/vocesdelacomuna15.com.ar\/wp-content\/litespeed\/avatar\/82faf979976f1bae889b8b71f8a0a7e5.jpg?ver=1777419741","contentUrl":"https:\/\/vocesdelacomuna15.com.ar\/wp-content\/litespeed\/avatar\/82faf979976f1bae889b8b71f8a0a7e5.jpg?ver=1777419741","caption":"Federico Arguto"},"url":"https:\/\/vocesdelacomuna15.com.ar\/press\/author\/fede\/"}]}},"_links":{"self":[{"href":"https:\/\/vocesdelacomuna15.com.ar\/press\/wp-json\/wp\/v2\/posts\/54329","targetHints":{"allow":["GET"]}}],"collection":[{"href":"https:\/\/vocesdelacomuna15.com.ar\/press\/wp-json\/wp\/v2\/posts"}],"about":[{"href":"https:\/\/vocesdelacomuna15.com.ar\/press\/wp-json\/wp\/v2\/types\/post"}],"author":[{"embeddable":true,"href":"https:\/\/vocesdelacomuna15.com.ar\/press\/wp-json\/wp\/v2\/users\/2"}],"replies":[{"embeddable":true,"href":"https:\/\/vocesdelacomuna15.com.ar\/press\/wp-json\/wp\/v2\/comments?post=54329"}],"version-history":[{"count":2,"href":"https:\/\/vocesdelacomuna15.com.ar\/press\/wp-json\/wp\/v2\/posts\/54329\/revisions"}],"predecessor-version":[{"id":54332,"href":"https:\/\/vocesdelacomuna15.com.ar\/press\/wp-json\/wp\/v2\/posts\/54329\/revisions\/54332"}],"wp:featuredmedia":[{"embeddable":true,"href":"https:\/\/vocesdelacomuna15.com.ar\/press\/wp-json\/wp\/v2\/media\/54330"}],"wp:attachment":[{"href":"https:\/\/vocesdelacomuna15.com.ar\/press\/wp-json\/wp\/v2\/media?parent=54329"}],"wp:term":[{"taxonomy":"category","embeddable":true,"href":"https:\/\/vocesdelacomuna15.com.ar\/press\/wp-json\/wp\/v2\/categories?post=54329"},{"taxonomy":"post_tag","embeddable":true,"href":"https:\/\/vocesdelacomuna15.com.ar\/press\/wp-json\/wp\/v2\/tags?post=54329"}],"curies":[{"name":"wp","href":"https:\/\/api.w.org\/{rel}","templated":true}]}}