{"id":54325,"date":"2021-07-15T13:01:42","date_gmt":"2021-07-15T16:01:42","guid":{"rendered":"http:\/\/vocesdelacomuna15.com.ar\/wordpress\/?p=54325"},"modified":"2021-07-15T13:01:54","modified_gmt":"2021-07-15T16:01:54","slug":"copa-libertadores-valioso-empate-de-argentinos-ante-river-en-el-monumental","status":"publish","type":"post","link":"https:\/\/vocesdelacomuna15.com.ar\/press\/copa-libertadores-valioso-empate-de-argentinos-ante-river-en-el-monumental\/","title":{"rendered":"Copa Libertadores: Valioso empate de Argentinos ante River en el Monumental"},"content":{"rendered":"\n<p>El \u201cbicho\u201d definir\u00e1 la serie de Octavos de Final el pr\u00f3ximo mi\u00e9rcoles por la noche en el Autocr\u00e9dito Diego Armando Maradona y el gol de visitante puede ser decisivo en la definici\u00f3n. Fue igualdad 1-1 y Hauche marc\u00f3 para los de La Paternal<\/p>\n\n\n\n<p>La serie qued\u00f3 abierta despu\u00e9s del empate de anoche\nen el Monumental, aunque Argentinos Juniors fue el conjunto que se llev\u00f3 una\nsonrisa. Despu\u00e9s de un mes y medio el primer equipo masculino del \u201cbicho\u201d\nvolvi\u00f3 a las competencias oficiales demostrando estar a la altura.<\/p>\n\n\n\n<p>Tras un comienzo con buen manejo de pelota en\nArgentinos, luego River se adue\u00f1\u00f3 del bal\u00f3n y comenz\u00f3 a generar varias\nsituaciones de gol. Fue as\u00ed que el tanto que abri\u00f3 el marcador lleg\u00f3 a los 10\nminutos por medio de Mat\u00edas Su\u00e1rez, que empuj\u00f3 con el arco vaci\u00f3 un centro\ndesde la derecha de Braian Romero, despu\u00e9s de un pase en profundidad de Paulo\nD\u00edaz al ex Argentinos que debutaba en River. Romero se la llev\u00f3 para delante de\ncabeza superando a Kevin Mac Allister y centr\u00f3 para el gol de Su\u00e1rez, que poco\ndespu\u00e9s desperdici\u00f3 un mano a mano ante Lucas Chaves, que tap\u00f3 de gran manera\ncon los pies.<\/p>\n\n\n\n<p>Cerca de la media hora de juego, el millonario baj\u00f3\nla intensidad y Argentinos emparej\u00f3 las cosas, despu\u00e9s de unos 20 minutos de\nzozobra. Fueron claves las trepadas de El\u00edas G\u00f3mez por la banda izquierda, que\ncorri\u00f3 todo el partido.&nbsp; As\u00ed lleg\u00f3 el gol\ndel \u201cbicho\u201d, despu\u00e9s de un lateral en ataque del rosarino, que recibi\u00f3 la\ndevoluci\u00f3n y centr\u00f3 al \u00e1rea cambiando de frente para Jonathan Sandoval que le\ngan\u00f3 de cabeza a Milton Casco dando un pase al medio para Gabriel Hauche, que\nsolo cabece\u00f3 hacia abajo a un costado venciendo a Franco Armani. As\u00ed el \u201cdemonio\u201d\nse reivindic\u00f3 de su expulsi\u00f3n infantil ante la Universidad Cat\u00f3lica y cumpli\u00f3\ncon una de las m\u00e1ximas del f\u00fatbol: \u201cdos cabezazos en el \u00e1rea terminan en gol\u201d.<\/p>\n\n\n\n<p>La segunda etapa tuvo menos llegadas que la primera\ny el partido fue m\u00e1s f\u00edsico y menos atractivo. El campo estaba pesado y\nencharcado mientras lloviznaba y Argentinos cort\u00f3 mucho el juego, gan\u00e1ndose\ncuatro tarjetas amarillas, que se sumaron a la de Hauche en el primer tiempo. Las\naproximaciones a los arcos no fueron tan claras y el partido termin\u00f3 en un justo\nempate. El balance para los de La Paternal es positivo dado el rival y\nconsiderando que se marc\u00f3 de visitante. El pr\u00f3ximo mi\u00e9rcoles a las 21.30 ser\u00e1\nla revancha en el Autocr\u00e9dito Diego Armando Maradona y Argentinos buscar\u00e1 la haza\u00f1a\ny el pase a los cuartos de final de la Copa Libertadores, cosa que podr\u00e1 darse\ncon un empate sin goles, un triunfo o un empate 1-1 y ganando en los penales.<\/p>\n\n\n\n<p><strong>S\u00edntesis<\/strong>:&nbsp;River Plate 1\n(Su\u00e1rez 9\u2019)-Argentinos Juniors 1 (Hauche 40\u2019).<\/p>\n\n\n\n<p>River\nPlate: 1-Armani; 29-Montiel, 17-D\u00edaz, 6-Mart\u00ednez, 20-Casco; 11-de la Cruz,\n24-P\u00e9rez, 11-Palavecino; 9-\u00c1lvarez, 19-B. Romero, 7-Su\u00e1rez. DT: M. Gallardo.<\/p>\n\n\n\n<p>Suplentes:\n25-Bologna; 2-Rojas, 16-Vigo, 22-Pinola; 5-Zuculini; 27-Fontana, 30-Rollheiser.<\/p>\n\n\n\n<p>Argentinos\nJuniors: 12-Chaves; 4-Mac Allister, 2-Torr\u00e9n, 16-Quintana; 15-Sandoval, 11-J.\nG\u00f3mez, 17-Moyano, 24-E. G\u00f3mez; 27-Hauche, 9-\u00c1valos, 10-Florent\u00edn. DT: G.\nMilito.<\/p>\n\n\n\n<p>Suplentes:\n20-Lanzillota; 22-Villalba, 29-Di Cesare, 30-Minissale; 18-Sosa, 19-G\u00f3mez,\n26-M. Romero, 45-Carabajal.<\/p>\n\n\n\n<p>Cambios:\n60\u2019 13-Fern\u00e1ndez x Palavecino, 10-Carrascal x Su\u00e1rez y 3-Angileri x Casco\n(CARP), 68\u2019 32-Reniero x \u00c1valos, 25-Coronel x Hauche (AAAJ) y 15-Girotti x B.\nRomero (AAAJ), 73\u2019 7-Cabrera x Florent\u00edn (AAAJ), 80\u2019 26-Paradela x de la Cruz\n(CARP), 87\u2019 8-Kalinski x J. G\u00f3mez (AAAJ).<\/p>\n\n\n\n<p>Amonestados:\n35\u2019 P\u00e9rez (CARP), 42\u2019 Hauche (AAAJ), 49\u2019 Quintana (AAAJ), 68\u2019 Florent\u00edn (AAAJ),\n75\u2019 Mac Allister (AAAJ), 77\u2019 Coronel (AAAJ), 83\u2019 Girotti (CARP).<\/p>\n\n\n\n<p>\u00c1rbitro:\nBruno Arleu de Ara\u00fajo (BRA).<\/p>\n\n\n\n<p>Estadio:\nMonumental Antonio Vespucio Liberti.<\/p>\n\n\n\n<p>Foto:\nPrensa AAAJ<\/p>\n\n\n\n<p>Resumen del partido:<\/p>\n\n\n\n<figure class=\"wp-block-embed-youtube wp-block-embed is-type-video is-provider-youtube wp-embed-aspect-16-9 wp-has-aspect-ratio\"><div class=\"wp-block-embed__wrapper\">\n<iframe loading=\"lazy\" title=\"River Plate vs. Argentinos Juniors [1-1] | RESUMEN | Octavos de Final | CONMEBOL Libertadores 2021\" width=\"1080\" height=\"608\" src=\"https:\/\/www.youtube.com\/embed\/c4ijugLvlns?feature=oembed\" frameborder=\"0\" allow=\"accelerometer; autoplay; clipboard-write; encrypted-media; gyroscope; picture-in-picture\" allowfullscreen><\/iframe>\n<\/div><\/figure>\n\n\n\n<p>Conferencia de Prensa:<\/p>\n\n\n\n<figure class=\"wp-block-embed-youtube wp-block-embed is-type-video is-provider-youtube wp-embed-aspect-16-9 wp-has-aspect-ratio\"><div class=\"wp-block-embed__wrapper\">\n<iframe loading=\"lazy\" title=\"LIBERTADORES \/ Conferencia de prensa: Gabriel Hauche y Gabriel Milito vs. River (IDA)\" width=\"1080\" height=\"608\" src=\"https:\/\/www.youtube.com\/embed\/IzJ1lI3tiwc?feature=oembed\" frameborder=\"0\" allow=\"accelerometer; autoplay; clipboard-write; encrypted-media; gyroscope; picture-in-picture\" allowfullscreen><\/iframe>\n<\/div><\/figure>\n\n\n\n<p><\/p>\n<div class=\"pvc_clear\"><\/div><p id=\"pvc_stats_54325\" class=\"pvc_stats all  \" data-element-id=\"54325\" style=\"\"><i class=\"pvc-stats-icon small\" aria-hidden=\"true\"><svg aria-hidden=\"true\" focusable=\"false\" data-prefix=\"far\" data-icon=\"chart-bar\" role=\"img\" xmlns=\"http:\/\/www.w3.org\/2000\/svg\" viewBox=\"0 0 512 512\" class=\"svg-inline--fa fa-chart-bar fa-w-16 fa-2x\"><path fill=\"currentColor\" d=\"M396.8 352h22.4c6.4 0 12.8-6.4 12.8-12.8V108.8c0-6.4-6.4-12.8-12.8-12.8h-22.4c-6.4 0-12.8 6.4-12.8 12.8v230.4c0 6.4 6.4 12.8 12.8 12.8zm-192 0h22.4c6.4 0 12.8-6.4 12.8-12.8V140.8c0-6.4-6.4-12.8-12.8-12.8h-22.4c-6.4 0-12.8 6.4-12.8 12.8v198.4c0 6.4 6.4 12.8 12.8 12.8zm96 0h22.4c6.4 0 12.8-6.4 12.8-12.8V204.8c0-6.4-6.4-12.8-12.8-12.8h-22.4c-6.4 0-12.8 6.4-12.8 12.8v134.4c0 6.4 6.4 12.8 12.8 12.8zM496 400H48V80c0-8.84-7.16-16-16-16H16C7.16 64 0 71.16 0 80v336c0 17.67 14.33 32 32 32h464c8.84 0 16-7.16 16-16v-16c0-8.84-7.16-16-16-16zm-387.2-48h22.4c6.4 0 12.8-6.4 12.8-12.8v-70.4c0-6.4-6.4-12.8-12.8-12.8h-22.4c-6.4 0-12.8 6.4-12.8 12.8v70.4c0 6.4 6.4 12.8 12.8 12.8z\" class=\"\"><\/path><\/svg><\/i> <img loading=\"lazy\" decoding=\"async\" width=\"16\" height=\"16\" alt=\"Loading\" src=\"https:\/\/vocesdelacomuna15.com.ar\/wp-content\/plugins\/page-views-count\/ajax-loader-2x.gif\" border=0 \/><\/p><div class=\"pvc_clear\"><\/div>","protected":false},"excerpt":{"rendered":"<p>El \u201cbicho\u201d definir\u00e1 la serie de Octavos de Final el pr\u00f3ximo mi\u00e9rcoles por la noche en el Autocr\u00e9dito Diego Armando Maradona y el gol de visitante puede ser decisivo en la definici\u00f3n. Fue igualdad 1-1 y Hauche marc\u00f3 para los de La Paternal La serie qued\u00f3 abierta despu\u00e9s del empate de anoche en el Monumental, [&hellip;]<\/p>\n<div class=\"pvc_clear\"><\/div>\n<p id=\"pvc_stats_54325\" class=\"pvc_stats all  \" data-element-id=\"54325\" style=\"\"><i class=\"pvc-stats-icon small\" aria-hidden=\"true\"><svg aria-hidden=\"true\" focusable=\"false\" data-prefix=\"far\" data-icon=\"chart-bar\" role=\"img\" xmlns=\"http:\/\/www.w3.org\/2000\/svg\" viewBox=\"0 0 512 512\" class=\"svg-inline--fa fa-chart-bar fa-w-16 fa-2x\"><path fill=\"currentColor\" d=\"M396.8 352h22.4c6.4 0 12.8-6.4 12.8-12.8V108.8c0-6.4-6.4-12.8-12.8-12.8h-22.4c-6.4 0-12.8 6.4-12.8 12.8v230.4c0 6.4 6.4 12.8 12.8 12.8zm-192 0h22.4c6.4 0 12.8-6.4 12.8-12.8V140.8c0-6.4-6.4-12.8-12.8-12.8h-22.4c-6.4 0-12.8 6.4-12.8 12.8v198.4c0 6.4 6.4 12.8 12.8 12.8zm96 0h22.4c6.4 0 12.8-6.4 12.8-12.8V204.8c0-6.4-6.4-12.8-12.8-12.8h-22.4c-6.4 0-12.8 6.4-12.8 12.8v134.4c0 6.4 6.4 12.8 12.8 12.8zM496 400H48V80c0-8.84-7.16-16-16-16H16C7.16 64 0 71.16 0 80v336c0 17.67 14.33 32 32 32h464c8.84 0 16-7.16 16-16v-16c0-8.84-7.16-16-16-16zm-387.2-48h22.4c6.4 0 12.8-6.4 12.8-12.8v-70.4c0-6.4-6.4-12.8-12.8-12.8h-22.4c-6.4 0-12.8 6.4-12.8 12.8v70.4c0 6.4 6.4 12.8 12.8 12.8z\" class=\"\"><\/path><\/svg><\/i> <img loading=\"lazy\" decoding=\"async\" width=\"16\" height=\"16\" alt=\"Loading\" src=\"https:\/\/vocesdelacomuna15.com.ar\/wp-content\/plugins\/page-views-count\/ajax-loader-2x.gif\" border=0 \/><\/p>\n<div class=\"pvc_clear\"><\/div>\n","protected":false},"author":2,"featured_media":54326,"comment_status":"open","ping_status":"open","sticky":false,"template":"","format":"standard","meta":{"_et_pb_use_builder":"off","_et_pb_old_content":"","_et_gb_content_width":"","footnotes":""},"categories":[27,29],"tags":[],"class_list":["post-54325","post","type-post","status-publish","format-standard","has-post-thumbnail","hentry","category-deportes","category-lapa","et-has-post-format-content","et_post_format-et-post-format-standard"],"a3_pvc":{"activated":true,"total_views":189,"today_views":0},"yoast_head":"<!-- This site is optimized with the Yoast SEO plugin v27.5 - https:\/\/yoast.com\/product\/yoast-seo-wordpress\/ -->\n<title>Copa Libertadores: Valioso empate de Argentinos ante River en el Monumental - Voces de la Comuna 15<\/title>\n<meta name=\"description\" content=\"Voces de la Comuna 15\" \/>\n<meta name=\"robots\" content=\"index, follow, max-snippet:-1, max-image-preview:large, max-video-preview:-1\" \/>\n<link rel=\"canonical\" href=\"https:\/\/vocesdelacomuna15.com.ar\/press\/copa-libertadores-valioso-empate-de-argentinos-ante-river-en-el-monumental\/\" \/>\n<meta property=\"og:locale\" content=\"es_ES\" \/>\n<meta property=\"og:type\" content=\"article\" \/>\n<meta property=\"og:title\" content=\"Copa Libertadores: Valioso empate de Argentinos ante River en el Monumental - Voces de la Comuna 15\" \/>\n<meta property=\"og:description\" content=\"Voces de la Comuna 15\" \/>\n<meta property=\"og:url\" content=\"https:\/\/vocesdelacomuna15.com.ar\/press\/copa-libertadores-valioso-empate-de-argentinos-ante-river-en-el-monumental\/\" \/>\n<meta property=\"og:site_name\" content=\"Voces de la Comuna 15\" \/>\n<meta property=\"article:publisher\" content=\"https:\/\/www.facebook.com\/VocesComuna15\/\" \/>\n<meta property=\"article:published_time\" content=\"2021-07-15T16:01:42+00:00\" \/>\n<meta property=\"article:modified_time\" content=\"2021-07-15T16:01:54+00:00\" \/>\n<meta property=\"og:image\" content=\"https:\/\/vocesdelacomuna15.com.ar\/wp-content\/uploads\/2021\/07\/hauche1507.jpg\" \/>\n\t<meta property=\"og:image:width\" content=\"1134\" \/>\n\t<meta property=\"og:image:height\" content=\"756\" \/>\n\t<meta property=\"og:image:type\" content=\"image\/jpeg\" \/>\n<meta name=\"author\" content=\"Federico Arguto\" \/>\n<meta name=\"twitter:card\" content=\"summary_large_image\" \/>\n<meta name=\"twitter:creator\" content=\"@vocescomuna15\" \/>\n<meta name=\"twitter:site\" content=\"@vocescomuna15\" \/>\n<meta name=\"twitter:label1\" content=\"Escrito por\" \/>\n\t<meta name=\"twitter:data1\" content=\"Federico Arguto\" \/>\n\t<meta name=\"twitter:label2\" content=\"Tiempo de lectura\" \/>\n\t<meta name=\"twitter:data2\" content=\"3 minutos\" \/>\n<script type=\"application\/ld+json\" class=\"yoast-schema-graph\">{\"@context\":\"https:\\\/\\\/schema.org\",\"@graph\":[{\"@type\":\"Article\",\"@id\":\"https:\\\/\\\/vocesdelacomuna15.com.ar\\\/press\\\/copa-libertadores-valioso-empate-de-argentinos-ante-river-en-el-monumental\\\/#article\",\"isPartOf\":{\"@id\":\"https:\\\/\\\/vocesdelacomuna15.com.ar\\\/press\\\/copa-libertadores-valioso-empate-de-argentinos-ante-river-en-el-monumental\\\/\"},\"author\":{\"name\":\"Federico Arguto\",\"@id\":\"https:\\\/\\\/vocesdelacomuna15.com.ar\\\/press\\\/#\\\/schema\\\/person\\\/4739e109db25d799cd3d139eeb509e43\"},\"headline\":\"Copa Libertadores: Valioso empate de Argentinos ante River en el Monumental\",\"datePublished\":\"2021-07-15T16:01:42+00:00\",\"dateModified\":\"2021-07-15T16:01:54+00:00\",\"mainEntityOfPage\":{\"@id\":\"https:\\\/\\\/vocesdelacomuna15.com.ar\\\/press\\\/copa-libertadores-valioso-empate-de-argentinos-ante-river-en-el-monumental\\\/\"},\"wordCount\":677,\"commentCount\":0,\"publisher\":{\"@id\":\"https:\\\/\\\/vocesdelacomuna15.com.ar\\\/press\\\/#organization\"},\"image\":{\"@id\":\"https:\\\/\\\/vocesdelacomuna15.com.ar\\\/press\\\/copa-libertadores-valioso-empate-de-argentinos-ante-river-en-el-monumental\\\/#primaryimage\"},\"thumbnailUrl\":\"https:\\\/\\\/vocesdelacomuna15.com.ar\\\/wp-content\\\/uploads\\\/2021\\\/07\\\/hauche1507.jpg\",\"articleSection\":[\"Deportes\",\"La Paternal\"],\"inLanguage\":\"es-AR\",\"potentialAction\":[{\"@type\":\"CommentAction\",\"name\":\"Comment\",\"target\":[\"https:\\\/\\\/vocesdelacomuna15.com.ar\\\/press\\\/copa-libertadores-valioso-empate-de-argentinos-ante-river-en-el-monumental\\\/#respond\"]}]},{\"@type\":\"WebPage\",\"@id\":\"https:\\\/\\\/vocesdelacomuna15.com.ar\\\/press\\\/copa-libertadores-valioso-empate-de-argentinos-ante-river-en-el-monumental\\\/\",\"url\":\"https:\\\/\\\/vocesdelacomuna15.com.ar\\\/press\\\/copa-libertadores-valioso-empate-de-argentinos-ante-river-en-el-monumental\\\/\",\"name\":\"Copa Libertadores: Valioso empate de Argentinos ante River en el Monumental - Voces de la Comuna 15\",\"isPartOf\":{\"@id\":\"https:\\\/\\\/vocesdelacomuna15.com.ar\\\/press\\\/#website\"},\"primaryImageOfPage\":{\"@id\":\"https:\\\/\\\/vocesdelacomuna15.com.ar\\\/press\\\/copa-libertadores-valioso-empate-de-argentinos-ante-river-en-el-monumental\\\/#primaryimage\"},\"image\":{\"@id\":\"https:\\\/\\\/vocesdelacomuna15.com.ar\\\/press\\\/copa-libertadores-valioso-empate-de-argentinos-ante-river-en-el-monumental\\\/#primaryimage\"},\"thumbnailUrl\":\"https:\\\/\\\/vocesdelacomuna15.com.ar\\\/wp-content\\\/uploads\\\/2021\\\/07\\\/hauche1507.jpg\",\"datePublished\":\"2021-07-15T16:01:42+00:00\",\"dateModified\":\"2021-07-15T16:01:54+00:00\",\"description\":\"Voces de la Comuna 15\",\"breadcrumb\":{\"@id\":\"https:\\\/\\\/vocesdelacomuna15.com.ar\\\/press\\\/copa-libertadores-valioso-empate-de-argentinos-ante-river-en-el-monumental\\\/#breadcrumb\"},\"inLanguage\":\"es-AR\",\"potentialAction\":[{\"@type\":\"ReadAction\",\"target\":[\"https:\\\/\\\/vocesdelacomuna15.com.ar\\\/press\\\/copa-libertadores-valioso-empate-de-argentinos-ante-river-en-el-monumental\\\/\"]}]},{\"@type\":\"ImageObject\",\"inLanguage\":\"es-AR\",\"@id\":\"https:\\\/\\\/vocesdelacomuna15.com.ar\\\/press\\\/copa-libertadores-valioso-empate-de-argentinos-ante-river-en-el-monumental\\\/#primaryimage\",\"url\":\"https:\\\/\\\/vocesdelacomuna15.com.ar\\\/wp-content\\\/uploads\\\/2021\\\/07\\\/hauche1507.jpg\",\"contentUrl\":\"https:\\\/\\\/vocesdelacomuna15.com.ar\\\/wp-content\\\/uploads\\\/2021\\\/07\\\/hauche1507.jpg\",\"width\":1134,\"height\":756},{\"@type\":\"BreadcrumbList\",\"@id\":\"https:\\\/\\\/vocesdelacomuna15.com.ar\\\/press\\\/copa-libertadores-valioso-empate-de-argentinos-ante-river-en-el-monumental\\\/#breadcrumb\",\"itemListElement\":[{\"@type\":\"ListItem\",\"position\":1,\"name\":\"Inicio\",\"item\":\"https:\\\/\\\/vocesdelacomuna15.com.ar\\\/press\\\/\"},{\"@type\":\"ListItem\",\"position\":2,\"name\":\"Copa Libertadores: Valioso empate de Argentinos ante River en el Monumental\"}]},{\"@type\":\"WebSite\",\"@id\":\"https:\\\/\\\/vocesdelacomuna15.com.ar\\\/press\\\/#website\",\"url\":\"https:\\\/\\\/vocesdelacomuna15.com.ar\\\/press\\\/\",\"name\":\"Voces de la Comuna 15\",\"description\":\"Sitio web de noticias\",\"publisher\":{\"@id\":\"https:\\\/\\\/vocesdelacomuna15.com.ar\\\/press\\\/#organization\"},\"potentialAction\":[{\"@type\":\"SearchAction\",\"target\":{\"@type\":\"EntryPoint\",\"urlTemplate\":\"https:\\\/\\\/vocesdelacomuna15.com.ar\\\/press\\\/?s={search_term_string}\"},\"query-input\":{\"@type\":\"PropertyValueSpecification\",\"valueRequired\":true,\"valueName\":\"search_term_string\"}}],\"inLanguage\":\"es-AR\"},{\"@type\":\"Organization\",\"@id\":\"https:\\\/\\\/vocesdelacomuna15.com.ar\\\/press\\\/#organization\",\"name\":\"Voces de la Comuna 15\",\"url\":\"https:\\\/\\\/vocesdelacomuna15.com.ar\\\/press\\\/\",\"logo\":{\"@type\":\"ImageObject\",\"inLanguage\":\"es-AR\",\"@id\":\"https:\\\/\\\/vocesdelacomuna15.com.ar\\\/press\\\/#\\\/schema\\\/logo\\\/image\\\/\",\"url\":\"https:\\\/\\\/vocesdelacomuna15.com.ar\\\/wp-content\\\/uploads\\\/2024\\\/12\\\/cropped-logo_voces.jpg\",\"contentUrl\":\"https:\\\/\\\/vocesdelacomuna15.com.ar\\\/wp-content\\\/uploads\\\/2024\\\/12\\\/cropped-logo_voces.jpg\",\"width\":512,\"height\":512,\"caption\":\"Voces de la Comuna 15\"},\"image\":{\"@id\":\"https:\\\/\\\/vocesdelacomuna15.com.ar\\\/press\\\/#\\\/schema\\\/logo\\\/image\\\/\"},\"sameAs\":[\"https:\\\/\\\/www.facebook.com\\\/VocesComuna15\\\/\",\"https:\\\/\\\/x.com\\\/vocescomuna15\"]},{\"@type\":\"Person\",\"@id\":\"https:\\\/\\\/vocesdelacomuna15.com.ar\\\/press\\\/#\\\/schema\\\/person\\\/4739e109db25d799cd3d139eeb509e43\",\"name\":\"Federico Arguto\",\"image\":{\"@type\":\"ImageObject\",\"inLanguage\":\"es-AR\",\"@id\":\"https:\\\/\\\/vocesdelacomuna15.com.ar\\\/wp-content\\\/litespeed\\\/avatar\\\/82faf979976f1bae889b8b71f8a0a7e5.jpg?ver=1777419741\",\"url\":\"https:\\\/\\\/vocesdelacomuna15.com.ar\\\/wp-content\\\/litespeed\\\/avatar\\\/82faf979976f1bae889b8b71f8a0a7e5.jpg?ver=1777419741\",\"contentUrl\":\"https:\\\/\\\/vocesdelacomuna15.com.ar\\\/wp-content\\\/litespeed\\\/avatar\\\/82faf979976f1bae889b8b71f8a0a7e5.jpg?ver=1777419741\",\"caption\":\"Federico Arguto\"},\"url\":\"https:\\\/\\\/vocesdelacomuna15.com.ar\\\/press\\\/author\\\/fede\\\/\"}]}<\/script>\n<!-- \/ Yoast SEO plugin. -->","yoast_head_json":{"title":"Copa Libertadores: Valioso empate de Argentinos ante River en el Monumental - Voces de la Comuna 15","description":"Voces de la Comuna 15","robots":{"index":"index","follow":"follow","max-snippet":"max-snippet:-1","max-image-preview":"max-image-preview:large","max-video-preview":"max-video-preview:-1"},"canonical":"https:\/\/vocesdelacomuna15.com.ar\/press\/copa-libertadores-valioso-empate-de-argentinos-ante-river-en-el-monumental\/","og_locale":"es_ES","og_type":"article","og_title":"Copa Libertadores: Valioso empate de Argentinos ante River en el Monumental - Voces de la Comuna 15","og_description":"Voces de la Comuna 15","og_url":"https:\/\/vocesdelacomuna15.com.ar\/press\/copa-libertadores-valioso-empate-de-argentinos-ante-river-en-el-monumental\/","og_site_name":"Voces de la Comuna 15","article_publisher":"https:\/\/www.facebook.com\/VocesComuna15\/","article_published_time":"2021-07-15T16:01:42+00:00","article_modified_time":"2021-07-15T16:01:54+00:00","og_image":[{"width":1134,"height":756,"url":"https:\/\/vocesdelacomuna15.com.ar\/wp-content\/uploads\/2021\/07\/hauche1507.jpg","type":"image\/jpeg"}],"author":"Federico Arguto","twitter_card":"summary_large_image","twitter_creator":"@vocescomuna15","twitter_site":"@vocescomuna15","twitter_misc":{"Escrito por":"Federico Arguto","Tiempo de lectura":"3 minutos"},"schema":{"@context":"https:\/\/schema.org","@graph":[{"@type":"Article","@id":"https:\/\/vocesdelacomuna15.com.ar\/press\/copa-libertadores-valioso-empate-de-argentinos-ante-river-en-el-monumental\/#article","isPartOf":{"@id":"https:\/\/vocesdelacomuna15.com.ar\/press\/copa-libertadores-valioso-empate-de-argentinos-ante-river-en-el-monumental\/"},"author":{"name":"Federico Arguto","@id":"https:\/\/vocesdelacomuna15.com.ar\/press\/#\/schema\/person\/4739e109db25d799cd3d139eeb509e43"},"headline":"Copa Libertadores: Valioso empate de Argentinos ante River en el Monumental","datePublished":"2021-07-15T16:01:42+00:00","dateModified":"2021-07-15T16:01:54+00:00","mainEntityOfPage":{"@id":"https:\/\/vocesdelacomuna15.com.ar\/press\/copa-libertadores-valioso-empate-de-argentinos-ante-river-en-el-monumental\/"},"wordCount":677,"commentCount":0,"publisher":{"@id":"https:\/\/vocesdelacomuna15.com.ar\/press\/#organization"},"image":{"@id":"https:\/\/vocesdelacomuna15.com.ar\/press\/copa-libertadores-valioso-empate-de-argentinos-ante-river-en-el-monumental\/#primaryimage"},"thumbnailUrl":"https:\/\/vocesdelacomuna15.com.ar\/wp-content\/uploads\/2021\/07\/hauche1507.jpg","articleSection":["Deportes","La Paternal"],"inLanguage":"es-AR","potentialAction":[{"@type":"CommentAction","name":"Comment","target":["https:\/\/vocesdelacomuna15.com.ar\/press\/copa-libertadores-valioso-empate-de-argentinos-ante-river-en-el-monumental\/#respond"]}]},{"@type":"WebPage","@id":"https:\/\/vocesdelacomuna15.com.ar\/press\/copa-libertadores-valioso-empate-de-argentinos-ante-river-en-el-monumental\/","url":"https:\/\/vocesdelacomuna15.com.ar\/press\/copa-libertadores-valioso-empate-de-argentinos-ante-river-en-el-monumental\/","name":"Copa Libertadores: Valioso empate de Argentinos ante River en el Monumental - Voces de la Comuna 15","isPartOf":{"@id":"https:\/\/vocesdelacomuna15.com.ar\/press\/#website"},"primaryImageOfPage":{"@id":"https:\/\/vocesdelacomuna15.com.ar\/press\/copa-libertadores-valioso-empate-de-argentinos-ante-river-en-el-monumental\/#primaryimage"},"image":{"@id":"https:\/\/vocesdelacomuna15.com.ar\/press\/copa-libertadores-valioso-empate-de-argentinos-ante-river-en-el-monumental\/#primaryimage"},"thumbnailUrl":"https:\/\/vocesdelacomuna15.com.ar\/wp-content\/uploads\/2021\/07\/hauche1507.jpg","datePublished":"2021-07-15T16:01:42+00:00","dateModified":"2021-07-15T16:01:54+00:00","description":"Voces de la Comuna 15","breadcrumb":{"@id":"https:\/\/vocesdelacomuna15.com.ar\/press\/copa-libertadores-valioso-empate-de-argentinos-ante-river-en-el-monumental\/#breadcrumb"},"inLanguage":"es-AR","potentialAction":[{"@type":"ReadAction","target":["https:\/\/vocesdelacomuna15.com.ar\/press\/copa-libertadores-valioso-empate-de-argentinos-ante-river-en-el-monumental\/"]}]},{"@type":"ImageObject","inLanguage":"es-AR","@id":"https:\/\/vocesdelacomuna15.com.ar\/press\/copa-libertadores-valioso-empate-de-argentinos-ante-river-en-el-monumental\/#primaryimage","url":"https:\/\/vocesdelacomuna15.com.ar\/wp-content\/uploads\/2021\/07\/hauche1507.jpg","contentUrl":"https:\/\/vocesdelacomuna15.com.ar\/wp-content\/uploads\/2021\/07\/hauche1507.jpg","width":1134,"height":756},{"@type":"BreadcrumbList","@id":"https:\/\/vocesdelacomuna15.com.ar\/press\/copa-libertadores-valioso-empate-de-argentinos-ante-river-en-el-monumental\/#breadcrumb","itemListElement":[{"@type":"ListItem","position":1,"name":"Inicio","item":"https:\/\/vocesdelacomuna15.com.ar\/press\/"},{"@type":"ListItem","position":2,"name":"Copa Libertadores: Valioso empate de Argentinos ante River en el Monumental"}]},{"@type":"WebSite","@id":"https:\/\/vocesdelacomuna15.com.ar\/press\/#website","url":"https:\/\/vocesdelacomuna15.com.ar\/press\/","name":"Voces de la Comuna 15","description":"Sitio web de noticias","publisher":{"@id":"https:\/\/vocesdelacomuna15.com.ar\/press\/#organization"},"potentialAction":[{"@type":"SearchAction","target":{"@type":"EntryPoint","urlTemplate":"https:\/\/vocesdelacomuna15.com.ar\/press\/?s={search_term_string}"},"query-input":{"@type":"PropertyValueSpecification","valueRequired":true,"valueName":"search_term_string"}}],"inLanguage":"es-AR"},{"@type":"Organization","@id":"https:\/\/vocesdelacomuna15.com.ar\/press\/#organization","name":"Voces de la Comuna 15","url":"https:\/\/vocesdelacomuna15.com.ar\/press\/","logo":{"@type":"ImageObject","inLanguage":"es-AR","@id":"https:\/\/vocesdelacomuna15.com.ar\/press\/#\/schema\/logo\/image\/","url":"https:\/\/vocesdelacomuna15.com.ar\/wp-content\/uploads\/2024\/12\/cropped-logo_voces.jpg","contentUrl":"https:\/\/vocesdelacomuna15.com.ar\/wp-content\/uploads\/2024\/12\/cropped-logo_voces.jpg","width":512,"height":512,"caption":"Voces de la Comuna 15"},"image":{"@id":"https:\/\/vocesdelacomuna15.com.ar\/press\/#\/schema\/logo\/image\/"},"sameAs":["https:\/\/www.facebook.com\/VocesComuna15\/","https:\/\/x.com\/vocescomuna15"]},{"@type":"Person","@id":"https:\/\/vocesdelacomuna15.com.ar\/press\/#\/schema\/person\/4739e109db25d799cd3d139eeb509e43","name":"Federico Arguto","image":{"@type":"ImageObject","inLanguage":"es-AR","@id":"https:\/\/vocesdelacomuna15.com.ar\/wp-content\/litespeed\/avatar\/82faf979976f1bae889b8b71f8a0a7e5.jpg?ver=1777419741","url":"https:\/\/vocesdelacomuna15.com.ar\/wp-content\/litespeed\/avatar\/82faf979976f1bae889b8b71f8a0a7e5.jpg?ver=1777419741","contentUrl":"https:\/\/vocesdelacomuna15.com.ar\/wp-content\/litespeed\/avatar\/82faf979976f1bae889b8b71f8a0a7e5.jpg?ver=1777419741","caption":"Federico Arguto"},"url":"https:\/\/vocesdelacomuna15.com.ar\/press\/author\/fede\/"}]}},"_links":{"self":[{"href":"https:\/\/vocesdelacomuna15.com.ar\/press\/wp-json\/wp\/v2\/posts\/54325","targetHints":{"allow":["GET"]}}],"collection":[{"href":"https:\/\/vocesdelacomuna15.com.ar\/press\/wp-json\/wp\/v2\/posts"}],"about":[{"href":"https:\/\/vocesdelacomuna15.com.ar\/press\/wp-json\/wp\/v2\/types\/post"}],"author":[{"embeddable":true,"href":"https:\/\/vocesdelacomuna15.com.ar\/press\/wp-json\/wp\/v2\/users\/2"}],"replies":[{"embeddable":true,"href":"https:\/\/vocesdelacomuna15.com.ar\/press\/wp-json\/wp\/v2\/comments?post=54325"}],"version-history":[{"count":1,"href":"https:\/\/vocesdelacomuna15.com.ar\/press\/wp-json\/wp\/v2\/posts\/54325\/revisions"}],"predecessor-version":[{"id":54327,"href":"https:\/\/vocesdelacomuna15.com.ar\/press\/wp-json\/wp\/v2\/posts\/54325\/revisions\/54327"}],"wp:featuredmedia":[{"embeddable":true,"href":"https:\/\/vocesdelacomuna15.com.ar\/press\/wp-json\/wp\/v2\/media\/54326"}],"wp:attachment":[{"href":"https:\/\/vocesdelacomuna15.com.ar\/press\/wp-json\/wp\/v2\/media?parent=54325"}],"wp:term":[{"taxonomy":"category","embeddable":true,"href":"https:\/\/vocesdelacomuna15.com.ar\/press\/wp-json\/wp\/v2\/categories?post=54325"},{"taxonomy":"post_tag","embeddable":true,"href":"https:\/\/vocesdelacomuna15.com.ar\/press\/wp-json\/wp\/v2\/tags?post=54325"}],"curies":[{"name":"wp","href":"https:\/\/api.w.org\/{rel}","templated":true}]}}