{"id":54322,"date":"2021-07-19T00:01:27","date_gmt":"2021-07-19T03:01:27","guid":{"rendered":"http:\/\/vocesdelacomuna15.com.ar\/wordpress\/?p=54322"},"modified":"2021-07-19T00:06:07","modified_gmt":"2021-07-19T03:06:07","slug":"juego-de-bancas-lo-que-arriesga-cada-fuerza-en-la-ciudad","status":"publish","type":"post","link":"https:\/\/vocesdelacomuna15.com.ar\/press\/juego-de-bancas-lo-que-arriesga-cada-fuerza-en-la-ciudad\/","title":{"rendered":"Juego de bancas, lo que arriesga cada fuerza en la Ciudad"},"content":{"rendered":"\n<p>Al igual que ocurre en cada una de las elecciones, la Legislatura porte\u00f1a renovar\u00e1 la mitad de su cuerpo, por lo que tanto el oficialismo como la oposici\u00f3n podr\u00edan perder a sus principales figuras. En este informe Parlamentario detalla todos los nombres, bloque por bloque. Fuente: Parlamentario.com<\/p>\n\n\n\n<p>A pesar de la emergencia por la\npandemia del Covid-19, la actividad pol\u00edtica sigue su curso y este a\u00f1o estar\u00e1\nfuertemente signado por las elecciones de medio t\u00e9rmino, en la que la ciudadan\u00eda\nelegir\u00e1 a sus diputados, senadores y legisladores. Es por ello que la\nLegislatura de la Ciudad Aut\u00f3noma de Buenos Aires ya comienza a pensar en el\nrecambio de 30 de sus bancas y los diversos espacios comenzaron a perfilar la\nque ser\u00e1 su estrategia electoral.<\/p>\n\n\n\n<p>Sin lugar a dudas, la fuerza que\nm\u00e1s bancas pone en juego en estos comicios es Vamos Juntos (VJ): 14\nlegisladores tendr\u00e1n la posibilidad de renovar su puesto y otros tres\ncumplimentar\u00e1n dos mandatos consecutivos, entre las cuales se encuentran varias\nfiguras importantes para el oficialismo porte\u00f1o.<\/p>\n\n\n\n<p>Es que el vicepresidente primero\nde la Legislatura porte\u00f1a y soldado de <strong>Diego Santilli<\/strong>, <strong>Agust\u00edn\nForchieri<\/strong> (VJ) y la presidenta de la Comisi\u00f3n de Tr\u00e1nsito y\nTransporte, <strong>Cristina Garc\u00eda<\/strong> (VJ), cumplieron con los dos\nmandatos y no podr\u00e1n ser reelegidos. De este modo, el oficialismo porte\u00f1o se\ndespide de tres de sus caballitos de batalla, aunque ya comenzaron a forjarse\notros nuevos que \u2013en caso de renovar- prometen dar pelea.<\/p>\n\n\n\n<p>Otra de las grandes figuras que\nperdi\u00f3 el oficialismo este a\u00f1o es la de <strong>Victoria Rold\u00e1n M\u00e9nde<\/strong>z,\nquien supo ser presidenta de la Comisi\u00f3n de Planeamiento Urbano, y que renunci\u00f3\na su banca hace pocas semanas y que fue reemplazada por <strong>Mar\u00eda Celeste\nPe\u00f1<\/strong>a, quien ocupa el cargo hasta el pr\u00f3ximo diciembre cuando se\ntermine el mandato.<\/p>\n\n\n\n<p>En tanto quienes s\u00ed tienen la\nposibilidad de participar en estos nuevos comicios son el presidente de la\nComisi\u00f3n de Asuntos Constitucionales y hombre de confianza de <strong>Elisa\nCarri\u00f3<\/strong>, <strong>Hern\u00e1n Reyes<\/strong> (VJ); el presidente de la\nComisi\u00f3n de Presupuesto y vicepresidente primero del Pro Capital, <strong>Claudio\nRomero<\/strong> (VJ); el presidente de la Comisi\u00f3n de Educaci\u00f3n, <strong>Gonzalo\nStaface <\/strong>(VJ); y los diputados <strong>Claudio Cingolani<\/strong>, <strong>Paola\nMichielotto<\/strong>, <strong>Mar\u00eda Sol M\u00e9ndez<\/strong>, <strong>Guillermo\nSuarez<\/strong>, <strong>Gast\u00f3n Blanchetiere<\/strong>, <strong>Mar\u00eda Luisa\nGonz\u00e1lez Estevarena<\/strong>, <strong>Guillermo Gonz\u00e1lez Heredia<\/strong>, <strong>Rodrigo\nMor\u00e1n<\/strong> \u2013quien asumi\u00f3 su banca en la sesi\u00f3n ordinaria de este jueves,\ncuando renunci\u00f3 <strong>H\u00e9ctor Apreda<\/strong>\u2013 y<strong> Cecilia Ferrero<\/strong>\n(VJ).<\/p>\n\n\n\n<p>De esta manera, la inminente salida\nde Forchieri despierta las inc\u00f3gnitas acerca de qui\u00e9n podr\u00eda tomar su lugar el\npr\u00f3ximo a\u00f1o: si el oficialismo sigue la tradici\u00f3n que viene aplicando en los\n\u00faltimos a\u00f1os (tal y como ocurri\u00f3 con <strong>Carmen Polledo<\/strong> y <strong>Francisco\nQuintana<\/strong>, o este \u00faltimo y Forchieri), quien deber\u00eda ser nombrado es el\njefe de bloque, <strong>Diego Garc\u00eda Vilas<\/strong> (VJ); aunque Romero, si\nfuese reelecto, tambi\u00e9n cuenta con posibilidades de convertirse en el\nvicepresidente primero de la Casa.<\/p>\n\n\n\n<p>El bloque Uni\u00f3n C\u00edvica Radical \u2013\nEvoluci\u00f3n (UCR-Ev), principal aliado de Vamos Juntos, tambi\u00e9n pone cuatro de\nsus bancas en juego, dos con posibilidad de renovaci\u00f3n y las otras dos\nrestantes corresponden a legisladores que cumplir\u00e1n ocho a\u00f1os en el puesto.<\/p>\n\n\n\n<p>En primera instancia, quienes\npodr\u00edan participar de las elecciones son <strong>Leandro Halper\u00edn<\/strong>\n\u2013quien asumi\u00f3 su banca en reemplazo de <strong>D\u00e9bora P\u00e9rez Volpin<\/strong>,\nque falleci\u00f3 unos d\u00edas despu\u00e9s de haber prestado juramento- y <strong>Ariel\n\u00c1lvarez<\/strong> Palma (UCR-Ev). Asimismo la bancada perder\u00e1 a dos de sus\nfiguras m\u00e1s importantes: la presidenta de bloque, <strong>Mar\u00eda In\u00e9s Gorbea<\/strong>\n(UCR-Ev), y <strong>Juan Francisco Nosigli<\/strong>a (UCR-Ev).<\/p>\n\n\n\n<p>El Partido Socialista, uno de los\nnuevos aliados de Vamos Juntos, tambi\u00e9n pondr\u00e1 en riesgo una de sus dos bancas:\nen este caso es la que corresponde a<strong> Hern\u00e1n Arce<\/strong> (PS), que no\npodr\u00e1 renovar dado a que tuvo dos mandatos consecutivos.<\/p>\n\n\n\n<p>Por otra parte el Frente de Todos\n(FdT) planea lograr una performance electoral a la de 2019 que le permiti\u00f3\nobtuvo once bancas, siete m\u00e1s de las que esperaba retener. Aunque en esta\nocasi\u00f3n arriesga muchas sillas menos, un total de cinco: tres de diputados que\ntienen la posibilidad de ser reelegidos y de otras dos que ya no cuentan con\nesa posibilidad.<\/p>\n\n\n\n<p>Entre los primeros se encuentra\nla presidenta de la Comisi\u00f3n de Derechos Humanos y nieta recuperada, <strong>Victoria\nMontenegro <\/strong>(FdT), y los legisladores <strong>Leandro Santoro<\/strong>\ny <strong>Santiago Roberto<\/strong> (FdT). Mientras que la vicepresidenta\nsegunda de la Legislatura de la Ciudad, <strong>Mar\u00eda Rosa Mui\u00f1os<\/strong>\n(FdT), y la vicepresidenta de la Comisi\u00f3n de Educaci\u00f3n, <strong>Lorena Pokoik <\/strong>(FdT),\nculminar\u00e1n su segundo mandato, por lo que el FdT perder\u00e1 a dos de sus figuras\nm\u00e1s combativas en el recinto de sesiones.<\/p>\n\n\n\n<p>Y si bien a\u00fan faltan varios meses\npara que se lleven a cabo las elecciones, el peronismo y el resto de los\nespacios que conforman el FdT comenzaron a analizar su estrategia para \u201cganar\nen la Ciudad\u201d. Es por ello que hace unas pocas semanas el ministro de Turismo y\nDeportes de la Naci\u00f3n, <strong>Mat\u00edas Lammens<\/strong>, se reuni\u00f3 con varias\nfiguras para tal fin, entre ellas, el secretario general de la CGT, <strong>H\u00e9ctor\nDaer<\/strong>; el subsecretario de Articulaci\u00f3n Federal de la Seguridad de la\nNaci\u00f3n, <strong>Gabriel Fuks<\/strong>; el presidente de la SIGEN, <strong>Carlos\nMonter<\/strong>o; y el ministro de Trabajo de la Naci\u00f3n, <strong>Claudio Moroni<\/strong>.<\/p>\n\n\n\n<p>Asimismo varios bloques peque\u00f1os\no monobloques de la Legislatura porte\u00f1a tambi\u00e9n pondr\u00e1n en juego su\nrepresentaci\u00f3n en la Casa. En este caso <strong>Sergio Abrevaya<\/strong> (GEN),\n<strong>Marta Mart\u00ednez<\/strong> (AyL), <strong>Mercedes De Mendieta<\/strong>\n\u2013quien asumi\u00f3 en lugar de<strong> Myriam Bregman<\/strong> (PTS)- y <strong>Pablo\nAlmeida<\/strong> (FIT) tendr\u00e1n la posibilidad de aplicar por un nuevo\nmandato.&nbsp; No obstante es probable que estos dos \u00faltimos no sean quienes\ncontin\u00faen en el cargo \u2013en el caso de ser electos-, dado a que la izquierda\ntiene un acuerdo partidario de recambio cada dos a\u00f1os.<\/p>\n\n\n\n<p>Por otro lado, quienes tienen a\u00fan\ndos a\u00f1os m\u00e1s de continuidad en sus bancas son los diputados <strong>Daniel Del\nSol<\/strong>, C<strong>arolina Estebarena<\/strong>, <strong>Diego Garc\u00eda Vilas,<\/strong>\n<strong>Natalia Fidel<\/strong>, <strong>Mercedes de las Casas<\/strong>, <strong>Ana\nMar\u00eda Bou P\u00e9rez<\/strong>, <strong>Facundo Del Gaiso<\/strong>, <strong>Esteban\nGarrido<\/strong>, <strong>Mat\u00edas L\u00f3pez<\/strong>, <strong>Luc\u00eda Romano<\/strong>,\n<strong>Gimena Villafruela <\/strong>(VJ), <strong>Diego Weck<\/strong>, <strong>Manuela\nThourte<\/strong>, <strong>Marcelo Guouman<\/strong>, <strong>Patricia Vischi<\/strong>,\n<strong>Mart\u00edn Ocampo<\/strong> (UCR-Ev), <strong>Roy Cortina<\/strong> (PS), <strong>Claudio\nFerre\u00f1o,<\/strong> <strong>Claudia Neira<\/strong>, <strong>Javier Andrade<\/strong>,\n<strong>Mat\u00edas Barroetave\u00f1a<\/strong>, <strong>Mar\u00eda Bielli<\/strong>, <strong>Luc\u00eda\nC\u00e1mpora<\/strong>,<strong> Ofelia Fern\u00e1ndez<\/strong>,<strong> Laura Velasco<\/strong>,\n<strong>Claudio Morresi,<\/strong> <strong>Cecilia Segura Rattagan<\/strong>, <strong>Manuel\nSoc\u00edas <\/strong>(FdT), <strong>Amanda Mart\u00edn<\/strong> \u2013que asumi\u00f3 en lugar de <strong>Alejandrina\nBarry<\/strong>-(FIT) y <strong>Eugenio Casielles<\/strong> (CF).<\/p>\n\n\n\n<p>Fuente y Foto: Parlamentario.com<\/p>\n\n\n\n<p>Caracteres: 6.175<\/p>\n<div class=\"pvc_clear\"><\/div><p id=\"pvc_stats_54322\" class=\"pvc_stats all  \" data-element-id=\"54322\" style=\"\"><i class=\"pvc-stats-icon small\" aria-hidden=\"true\"><svg aria-hidden=\"true\" focusable=\"false\" data-prefix=\"far\" data-icon=\"chart-bar\" role=\"img\" xmlns=\"http:\/\/www.w3.org\/2000\/svg\" viewBox=\"0 0 512 512\" class=\"svg-inline--fa fa-chart-bar fa-w-16 fa-2x\"><path fill=\"currentColor\" d=\"M396.8 352h22.4c6.4 0 12.8-6.4 12.8-12.8V108.8c0-6.4-6.4-12.8-12.8-12.8h-22.4c-6.4 0-12.8 6.4-12.8 12.8v230.4c0 6.4 6.4 12.8 12.8 12.8zm-192 0h22.4c6.4 0 12.8-6.4 12.8-12.8V140.8c0-6.4-6.4-12.8-12.8-12.8h-22.4c-6.4 0-12.8 6.4-12.8 12.8v198.4c0 6.4 6.4 12.8 12.8 12.8zm96 0h22.4c6.4 0 12.8-6.4 12.8-12.8V204.8c0-6.4-6.4-12.8-12.8-12.8h-22.4c-6.4 0-12.8 6.4-12.8 12.8v134.4c0 6.4 6.4 12.8 12.8 12.8zM496 400H48V80c0-8.84-7.16-16-16-16H16C7.16 64 0 71.16 0 80v336c0 17.67 14.33 32 32 32h464c8.84 0 16-7.16 16-16v-16c0-8.84-7.16-16-16-16zm-387.2-48h22.4c6.4 0 12.8-6.4 12.8-12.8v-70.4c0-6.4-6.4-12.8-12.8-12.8h-22.4c-6.4 0-12.8 6.4-12.8 12.8v70.4c0 6.4 6.4 12.8 12.8 12.8z\" class=\"\"><\/path><\/svg><\/i> <img loading=\"lazy\" decoding=\"async\" width=\"16\" height=\"16\" alt=\"Loading\" src=\"https:\/\/vocesdelacomuna15.com.ar\/wp-content\/plugins\/page-views-count\/ajax-loader-2x.gif\" border=0 \/><\/p><div class=\"pvc_clear\"><\/div>","protected":false},"excerpt":{"rendered":"<p>Al igual que ocurre en cada una de las elecciones, la Legislatura porte\u00f1a renovar\u00e1 la mitad de su cuerpo, por lo que tanto el oficialismo como la oposici\u00f3n podr\u00edan perder a sus principales figuras. En este informe Parlamentario detalla todos los nombres, bloque por bloque. Fuente: Parlamentario.com A pesar de la emergencia por la pandemia [&hellip;]<\/p>\n<div class=\"pvc_clear\"><\/div>\n<p id=\"pvc_stats_54322\" class=\"pvc_stats all  \" data-element-id=\"54322\" style=\"\"><i class=\"pvc-stats-icon small\" aria-hidden=\"true\"><svg aria-hidden=\"true\" focusable=\"false\" data-prefix=\"far\" data-icon=\"chart-bar\" role=\"img\" xmlns=\"http:\/\/www.w3.org\/2000\/svg\" viewBox=\"0 0 512 512\" class=\"svg-inline--fa fa-chart-bar fa-w-16 fa-2x\"><path fill=\"currentColor\" d=\"M396.8 352h22.4c6.4 0 12.8-6.4 12.8-12.8V108.8c0-6.4-6.4-12.8-12.8-12.8h-22.4c-6.4 0-12.8 6.4-12.8 12.8v230.4c0 6.4 6.4 12.8 12.8 12.8zm-192 0h22.4c6.4 0 12.8-6.4 12.8-12.8V140.8c0-6.4-6.4-12.8-12.8-12.8h-22.4c-6.4 0-12.8 6.4-12.8 12.8v198.4c0 6.4 6.4 12.8 12.8 12.8zm96 0h22.4c6.4 0 12.8-6.4 12.8-12.8V204.8c0-6.4-6.4-12.8-12.8-12.8h-22.4c-6.4 0-12.8 6.4-12.8 12.8v134.4c0 6.4 6.4 12.8 12.8 12.8zM496 400H48V80c0-8.84-7.16-16-16-16H16C7.16 64 0 71.16 0 80v336c0 17.67 14.33 32 32 32h464c8.84 0 16-7.16 16-16v-16c0-8.84-7.16-16-16-16zm-387.2-48h22.4c6.4 0 12.8-6.4 12.8-12.8v-70.4c0-6.4-6.4-12.8-12.8-12.8h-22.4c-6.4 0-12.8 6.4-12.8 12.8v70.4c0 6.4 6.4 12.8 12.8 12.8z\" class=\"\"><\/path><\/svg><\/i> <img loading=\"lazy\" decoding=\"async\" width=\"16\" height=\"16\" alt=\"Loading\" src=\"https:\/\/vocesdelacomuna15.com.ar\/wp-content\/plugins\/page-views-count\/ajax-loader-2x.gif\" border=0 \/><\/p>\n<div class=\"pvc_clear\"><\/div>\n","protected":false},"author":2,"featured_media":54323,"comment_status":"open","ping_status":"open","sticky":false,"template":"","format":"standard","meta":{"_et_pb_use_builder":"off","_et_pb_old_content":"","_et_gb_content_width":"","footnotes":""},"categories":[26],"tags":[],"class_list":["post-54322","post","type-post","status-publish","format-standard","has-post-thumbnail","hentry","category-ciudad","et-has-post-format-content","et_post_format-et-post-format-standard"],"a3_pvc":{"activated":true,"total_views":254,"today_views":0},"yoast_head":"<!-- This site is optimized with the Yoast SEO plugin v27.5 - https:\/\/yoast.com\/product\/yoast-seo-wordpress\/ -->\n<title>Juego de bancas, lo que arriesga cada fuerza en la Ciudad - Voces de la Comuna 15<\/title>\n<meta name=\"description\" content=\"Voces de la Comuna 15\" \/>\n<meta name=\"robots\" content=\"index, follow, max-snippet:-1, max-image-preview:large, max-video-preview:-1\" \/>\n<link rel=\"canonical\" href=\"https:\/\/vocesdelacomuna15.com.ar\/press\/juego-de-bancas-lo-que-arriesga-cada-fuerza-en-la-ciudad\/\" \/>\n<meta property=\"og:locale\" content=\"es_ES\" \/>\n<meta property=\"og:type\" content=\"article\" \/>\n<meta property=\"og:title\" content=\"Juego de bancas, lo que arriesga cada fuerza en la Ciudad - Voces de la Comuna 15\" \/>\n<meta property=\"og:description\" content=\"Voces de la Comuna 15\" \/>\n<meta property=\"og:url\" content=\"https:\/\/vocesdelacomuna15.com.ar\/press\/juego-de-bancas-lo-que-arriesga-cada-fuerza-en-la-ciudad\/\" \/>\n<meta property=\"og:site_name\" content=\"Voces de la Comuna 15\" \/>\n<meta property=\"article:publisher\" content=\"https:\/\/www.facebook.com\/VocesComuna15\/\" \/>\n<meta property=\"article:published_time\" content=\"2021-07-19T03:01:27+00:00\" \/>\n<meta property=\"article:modified_time\" content=\"2021-07-19T03:06:07+00:00\" \/>\n<meta property=\"og:image\" content=\"https:\/\/vocesdelacomuna15.com.ar\/wp-content\/uploads\/2021\/07\/Legislatura-porte\u00f1a.jpg\" \/>\n\t<meta property=\"og:image:width\" content=\"1200\" \/>\n\t<meta property=\"og:image:height\" content=\"800\" \/>\n\t<meta property=\"og:image:type\" content=\"image\/jpeg\" \/>\n<meta name=\"author\" content=\"Federico Arguto\" \/>\n<meta name=\"twitter:card\" content=\"summary_large_image\" \/>\n<meta name=\"twitter:creator\" content=\"@vocescomuna15\" \/>\n<meta name=\"twitter:site\" content=\"@vocescomuna15\" \/>\n<meta name=\"twitter:label1\" content=\"Escrito por\" \/>\n\t<meta name=\"twitter:data1\" content=\"Federico Arguto\" \/>\n\t<meta name=\"twitter:label2\" content=\"Tiempo de lectura\" \/>\n\t<meta name=\"twitter:data2\" content=\"6 minutos\" \/>\n<script type=\"application\/ld+json\" class=\"yoast-schema-graph\">{\"@context\":\"https:\\\/\\\/schema.org\",\"@graph\":[{\"@type\":\"Article\",\"@id\":\"https:\\\/\\\/vocesdelacomuna15.com.ar\\\/press\\\/juego-de-bancas-lo-que-arriesga-cada-fuerza-en-la-ciudad\\\/#article\",\"isPartOf\":{\"@id\":\"https:\\\/\\\/vocesdelacomuna15.com.ar\\\/press\\\/juego-de-bancas-lo-que-arriesga-cada-fuerza-en-la-ciudad\\\/\"},\"author\":{\"name\":\"Federico Arguto\",\"@id\":\"https:\\\/\\\/vocesdelacomuna15.com.ar\\\/press\\\/#\\\/schema\\\/person\\\/4739e109db25d799cd3d139eeb509e43\"},\"headline\":\"Juego de bancas, lo que arriesga cada fuerza en la Ciudad\",\"datePublished\":\"2021-07-19T03:01:27+00:00\",\"dateModified\":\"2021-07-19T03:06:07+00:00\",\"mainEntityOfPage\":{\"@id\":\"https:\\\/\\\/vocesdelacomuna15.com.ar\\\/press\\\/juego-de-bancas-lo-que-arriesga-cada-fuerza-en-la-ciudad\\\/\"},\"wordCount\":1179,\"commentCount\":1,\"publisher\":{\"@id\":\"https:\\\/\\\/vocesdelacomuna15.com.ar\\\/press\\\/#organization\"},\"image\":{\"@id\":\"https:\\\/\\\/vocesdelacomuna15.com.ar\\\/press\\\/juego-de-bancas-lo-que-arriesga-cada-fuerza-en-la-ciudad\\\/#primaryimage\"},\"thumbnailUrl\":\"https:\\\/\\\/vocesdelacomuna15.com.ar\\\/wp-content\\\/uploads\\\/2021\\\/07\\\/Legislatura-porte\u00f1a.jpg\",\"articleSection\":[\"Ciudad\"],\"inLanguage\":\"es-AR\",\"potentialAction\":[{\"@type\":\"CommentAction\",\"name\":\"Comment\",\"target\":[\"https:\\\/\\\/vocesdelacomuna15.com.ar\\\/press\\\/juego-de-bancas-lo-que-arriesga-cada-fuerza-en-la-ciudad\\\/#respond\"]}]},{\"@type\":\"WebPage\",\"@id\":\"https:\\\/\\\/vocesdelacomuna15.com.ar\\\/press\\\/juego-de-bancas-lo-que-arriesga-cada-fuerza-en-la-ciudad\\\/\",\"url\":\"https:\\\/\\\/vocesdelacomuna15.com.ar\\\/press\\\/juego-de-bancas-lo-que-arriesga-cada-fuerza-en-la-ciudad\\\/\",\"name\":\"Juego de bancas, lo que arriesga cada fuerza en la Ciudad - Voces de la Comuna 15\",\"isPartOf\":{\"@id\":\"https:\\\/\\\/vocesdelacomuna15.com.ar\\\/press\\\/#website\"},\"primaryImageOfPage\":{\"@id\":\"https:\\\/\\\/vocesdelacomuna15.com.ar\\\/press\\\/juego-de-bancas-lo-que-arriesga-cada-fuerza-en-la-ciudad\\\/#primaryimage\"},\"image\":{\"@id\":\"https:\\\/\\\/vocesdelacomuna15.com.ar\\\/press\\\/juego-de-bancas-lo-que-arriesga-cada-fuerza-en-la-ciudad\\\/#primaryimage\"},\"thumbnailUrl\":\"https:\\\/\\\/vocesdelacomuna15.com.ar\\\/wp-content\\\/uploads\\\/2021\\\/07\\\/Legislatura-porte\u00f1a.jpg\",\"datePublished\":\"2021-07-19T03:01:27+00:00\",\"dateModified\":\"2021-07-19T03:06:07+00:00\",\"description\":\"Voces de la Comuna 15\",\"breadcrumb\":{\"@id\":\"https:\\\/\\\/vocesdelacomuna15.com.ar\\\/press\\\/juego-de-bancas-lo-que-arriesga-cada-fuerza-en-la-ciudad\\\/#breadcrumb\"},\"inLanguage\":\"es-AR\",\"potentialAction\":[{\"@type\":\"ReadAction\",\"target\":[\"https:\\\/\\\/vocesdelacomuna15.com.ar\\\/press\\\/juego-de-bancas-lo-que-arriesga-cada-fuerza-en-la-ciudad\\\/\"]}]},{\"@type\":\"ImageObject\",\"inLanguage\":\"es-AR\",\"@id\":\"https:\\\/\\\/vocesdelacomuna15.com.ar\\\/press\\\/juego-de-bancas-lo-que-arriesga-cada-fuerza-en-la-ciudad\\\/#primaryimage\",\"url\":\"https:\\\/\\\/vocesdelacomuna15.com.ar\\\/wp-content\\\/uploads\\\/2021\\\/07\\\/Legislatura-porte\u00f1a.jpg\",\"contentUrl\":\"https:\\\/\\\/vocesdelacomuna15.com.ar\\\/wp-content\\\/uploads\\\/2021\\\/07\\\/Legislatura-porte\u00f1a.jpg\",\"width\":1200,\"height\":800},{\"@type\":\"BreadcrumbList\",\"@id\":\"https:\\\/\\\/vocesdelacomuna15.com.ar\\\/press\\\/juego-de-bancas-lo-que-arriesga-cada-fuerza-en-la-ciudad\\\/#breadcrumb\",\"itemListElement\":[{\"@type\":\"ListItem\",\"position\":1,\"name\":\"Inicio\",\"item\":\"https:\\\/\\\/vocesdelacomuna15.com.ar\\\/press\\\/\"},{\"@type\":\"ListItem\",\"position\":2,\"name\":\"Juego de bancas, lo que arriesga cada fuerza en la Ciudad\"}]},{\"@type\":\"WebSite\",\"@id\":\"https:\\\/\\\/vocesdelacomuna15.com.ar\\\/press\\\/#website\",\"url\":\"https:\\\/\\\/vocesdelacomuna15.com.ar\\\/press\\\/\",\"name\":\"Voces de la Comuna 15\",\"description\":\"Sitio web de noticias\",\"publisher\":{\"@id\":\"https:\\\/\\\/vocesdelacomuna15.com.ar\\\/press\\\/#organization\"},\"potentialAction\":[{\"@type\":\"SearchAction\",\"target\":{\"@type\":\"EntryPoint\",\"urlTemplate\":\"https:\\\/\\\/vocesdelacomuna15.com.ar\\\/press\\\/?s={search_term_string}\"},\"query-input\":{\"@type\":\"PropertyValueSpecification\",\"valueRequired\":true,\"valueName\":\"search_term_string\"}}],\"inLanguage\":\"es-AR\"},{\"@type\":\"Organization\",\"@id\":\"https:\\\/\\\/vocesdelacomuna15.com.ar\\\/press\\\/#organization\",\"name\":\"Voces de la Comuna 15\",\"url\":\"https:\\\/\\\/vocesdelacomuna15.com.ar\\\/press\\\/\",\"logo\":{\"@type\":\"ImageObject\",\"inLanguage\":\"es-AR\",\"@id\":\"https:\\\/\\\/vocesdelacomuna15.com.ar\\\/press\\\/#\\\/schema\\\/logo\\\/image\\\/\",\"url\":\"https:\\\/\\\/vocesdelacomuna15.com.ar\\\/wp-content\\\/uploads\\\/2024\\\/12\\\/cropped-logo_voces.jpg\",\"contentUrl\":\"https:\\\/\\\/vocesdelacomuna15.com.ar\\\/wp-content\\\/uploads\\\/2024\\\/12\\\/cropped-logo_voces.jpg\",\"width\":512,\"height\":512,\"caption\":\"Voces de la Comuna 15\"},\"image\":{\"@id\":\"https:\\\/\\\/vocesdelacomuna15.com.ar\\\/press\\\/#\\\/schema\\\/logo\\\/image\\\/\"},\"sameAs\":[\"https:\\\/\\\/www.facebook.com\\\/VocesComuna15\\\/\",\"https:\\\/\\\/x.com\\\/vocescomuna15\"]},{\"@type\":\"Person\",\"@id\":\"https:\\\/\\\/vocesdelacomuna15.com.ar\\\/press\\\/#\\\/schema\\\/person\\\/4739e109db25d799cd3d139eeb509e43\",\"name\":\"Federico Arguto\",\"image\":{\"@type\":\"ImageObject\",\"inLanguage\":\"es-AR\",\"@id\":\"https:\\\/\\\/vocesdelacomuna15.com.ar\\\/wp-content\\\/litespeed\\\/avatar\\\/82faf979976f1bae889b8b71f8a0a7e5.jpg?ver=1777419741\",\"url\":\"https:\\\/\\\/vocesdelacomuna15.com.ar\\\/wp-content\\\/litespeed\\\/avatar\\\/82faf979976f1bae889b8b71f8a0a7e5.jpg?ver=1777419741\",\"contentUrl\":\"https:\\\/\\\/vocesdelacomuna15.com.ar\\\/wp-content\\\/litespeed\\\/avatar\\\/82faf979976f1bae889b8b71f8a0a7e5.jpg?ver=1777419741\",\"caption\":\"Federico Arguto\"},\"url\":\"https:\\\/\\\/vocesdelacomuna15.com.ar\\\/press\\\/author\\\/fede\\\/\"}]}<\/script>\n<!-- \/ Yoast SEO plugin. -->","yoast_head_json":{"title":"Juego de bancas, lo que arriesga cada fuerza en la Ciudad - Voces de la Comuna 15","description":"Voces de la Comuna 15","robots":{"index":"index","follow":"follow","max-snippet":"max-snippet:-1","max-image-preview":"max-image-preview:large","max-video-preview":"max-video-preview:-1"},"canonical":"https:\/\/vocesdelacomuna15.com.ar\/press\/juego-de-bancas-lo-que-arriesga-cada-fuerza-en-la-ciudad\/","og_locale":"es_ES","og_type":"article","og_title":"Juego de bancas, lo que arriesga cada fuerza en la Ciudad - Voces de la Comuna 15","og_description":"Voces de la Comuna 15","og_url":"https:\/\/vocesdelacomuna15.com.ar\/press\/juego-de-bancas-lo-que-arriesga-cada-fuerza-en-la-ciudad\/","og_site_name":"Voces de la Comuna 15","article_publisher":"https:\/\/www.facebook.com\/VocesComuna15\/","article_published_time":"2021-07-19T03:01:27+00:00","article_modified_time":"2021-07-19T03:06:07+00:00","og_image":[{"width":1200,"height":800,"url":"https:\/\/vocesdelacomuna15.com.ar\/wp-content\/uploads\/2021\/07\/Legislatura-porte\u00f1a.jpg","type":"image\/jpeg"}],"author":"Federico Arguto","twitter_card":"summary_large_image","twitter_creator":"@vocescomuna15","twitter_site":"@vocescomuna15","twitter_misc":{"Escrito por":"Federico Arguto","Tiempo de lectura":"6 minutos"},"schema":{"@context":"https:\/\/schema.org","@graph":[{"@type":"Article","@id":"https:\/\/vocesdelacomuna15.com.ar\/press\/juego-de-bancas-lo-que-arriesga-cada-fuerza-en-la-ciudad\/#article","isPartOf":{"@id":"https:\/\/vocesdelacomuna15.com.ar\/press\/juego-de-bancas-lo-que-arriesga-cada-fuerza-en-la-ciudad\/"},"author":{"name":"Federico Arguto","@id":"https:\/\/vocesdelacomuna15.com.ar\/press\/#\/schema\/person\/4739e109db25d799cd3d139eeb509e43"},"headline":"Juego de bancas, lo que arriesga cada fuerza en la Ciudad","datePublished":"2021-07-19T03:01:27+00:00","dateModified":"2021-07-19T03:06:07+00:00","mainEntityOfPage":{"@id":"https:\/\/vocesdelacomuna15.com.ar\/press\/juego-de-bancas-lo-que-arriesga-cada-fuerza-en-la-ciudad\/"},"wordCount":1179,"commentCount":1,"publisher":{"@id":"https:\/\/vocesdelacomuna15.com.ar\/press\/#organization"},"image":{"@id":"https:\/\/vocesdelacomuna15.com.ar\/press\/juego-de-bancas-lo-que-arriesga-cada-fuerza-en-la-ciudad\/#primaryimage"},"thumbnailUrl":"https:\/\/vocesdelacomuna15.com.ar\/wp-content\/uploads\/2021\/07\/Legislatura-porte\u00f1a.jpg","articleSection":["Ciudad"],"inLanguage":"es-AR","potentialAction":[{"@type":"CommentAction","name":"Comment","target":["https:\/\/vocesdelacomuna15.com.ar\/press\/juego-de-bancas-lo-que-arriesga-cada-fuerza-en-la-ciudad\/#respond"]}]},{"@type":"WebPage","@id":"https:\/\/vocesdelacomuna15.com.ar\/press\/juego-de-bancas-lo-que-arriesga-cada-fuerza-en-la-ciudad\/","url":"https:\/\/vocesdelacomuna15.com.ar\/press\/juego-de-bancas-lo-que-arriesga-cada-fuerza-en-la-ciudad\/","name":"Juego de bancas, lo que arriesga cada fuerza en la Ciudad - Voces de la Comuna 15","isPartOf":{"@id":"https:\/\/vocesdelacomuna15.com.ar\/press\/#website"},"primaryImageOfPage":{"@id":"https:\/\/vocesdelacomuna15.com.ar\/press\/juego-de-bancas-lo-que-arriesga-cada-fuerza-en-la-ciudad\/#primaryimage"},"image":{"@id":"https:\/\/vocesdelacomuna15.com.ar\/press\/juego-de-bancas-lo-que-arriesga-cada-fuerza-en-la-ciudad\/#primaryimage"},"thumbnailUrl":"https:\/\/vocesdelacomuna15.com.ar\/wp-content\/uploads\/2021\/07\/Legislatura-porte\u00f1a.jpg","datePublished":"2021-07-19T03:01:27+00:00","dateModified":"2021-07-19T03:06:07+00:00","description":"Voces de la Comuna 15","breadcrumb":{"@id":"https:\/\/vocesdelacomuna15.com.ar\/press\/juego-de-bancas-lo-que-arriesga-cada-fuerza-en-la-ciudad\/#breadcrumb"},"inLanguage":"es-AR","potentialAction":[{"@type":"ReadAction","target":["https:\/\/vocesdelacomuna15.com.ar\/press\/juego-de-bancas-lo-que-arriesga-cada-fuerza-en-la-ciudad\/"]}]},{"@type":"ImageObject","inLanguage":"es-AR","@id":"https:\/\/vocesdelacomuna15.com.ar\/press\/juego-de-bancas-lo-que-arriesga-cada-fuerza-en-la-ciudad\/#primaryimage","url":"https:\/\/vocesdelacomuna15.com.ar\/wp-content\/uploads\/2021\/07\/Legislatura-porte\u00f1a.jpg","contentUrl":"https:\/\/vocesdelacomuna15.com.ar\/wp-content\/uploads\/2021\/07\/Legislatura-porte\u00f1a.jpg","width":1200,"height":800},{"@type":"BreadcrumbList","@id":"https:\/\/vocesdelacomuna15.com.ar\/press\/juego-de-bancas-lo-que-arriesga-cada-fuerza-en-la-ciudad\/#breadcrumb","itemListElement":[{"@type":"ListItem","position":1,"name":"Inicio","item":"https:\/\/vocesdelacomuna15.com.ar\/press\/"},{"@type":"ListItem","position":2,"name":"Juego de bancas, lo que arriesga cada fuerza en la Ciudad"}]},{"@type":"WebSite","@id":"https:\/\/vocesdelacomuna15.com.ar\/press\/#website","url":"https:\/\/vocesdelacomuna15.com.ar\/press\/","name":"Voces de la Comuna 15","description":"Sitio web de noticias","publisher":{"@id":"https:\/\/vocesdelacomuna15.com.ar\/press\/#organization"},"potentialAction":[{"@type":"SearchAction","target":{"@type":"EntryPoint","urlTemplate":"https:\/\/vocesdelacomuna15.com.ar\/press\/?s={search_term_string}"},"query-input":{"@type":"PropertyValueSpecification","valueRequired":true,"valueName":"search_term_string"}}],"inLanguage":"es-AR"},{"@type":"Organization","@id":"https:\/\/vocesdelacomuna15.com.ar\/press\/#organization","name":"Voces de la Comuna 15","url":"https:\/\/vocesdelacomuna15.com.ar\/press\/","logo":{"@type":"ImageObject","inLanguage":"es-AR","@id":"https:\/\/vocesdelacomuna15.com.ar\/press\/#\/schema\/logo\/image\/","url":"https:\/\/vocesdelacomuna15.com.ar\/wp-content\/uploads\/2024\/12\/cropped-logo_voces.jpg","contentUrl":"https:\/\/vocesdelacomuna15.com.ar\/wp-content\/uploads\/2024\/12\/cropped-logo_voces.jpg","width":512,"height":512,"caption":"Voces de la Comuna 15"},"image":{"@id":"https:\/\/vocesdelacomuna15.com.ar\/press\/#\/schema\/logo\/image\/"},"sameAs":["https:\/\/www.facebook.com\/VocesComuna15\/","https:\/\/x.com\/vocescomuna15"]},{"@type":"Person","@id":"https:\/\/vocesdelacomuna15.com.ar\/press\/#\/schema\/person\/4739e109db25d799cd3d139eeb509e43","name":"Federico Arguto","image":{"@type":"ImageObject","inLanguage":"es-AR","@id":"https:\/\/vocesdelacomuna15.com.ar\/wp-content\/litespeed\/avatar\/82faf979976f1bae889b8b71f8a0a7e5.jpg?ver=1777419741","url":"https:\/\/vocesdelacomuna15.com.ar\/wp-content\/litespeed\/avatar\/82faf979976f1bae889b8b71f8a0a7e5.jpg?ver=1777419741","contentUrl":"https:\/\/vocesdelacomuna15.com.ar\/wp-content\/litespeed\/avatar\/82faf979976f1bae889b8b71f8a0a7e5.jpg?ver=1777419741","caption":"Federico Arguto"},"url":"https:\/\/vocesdelacomuna15.com.ar\/press\/author\/fede\/"}]}},"_links":{"self":[{"href":"https:\/\/vocesdelacomuna15.com.ar\/press\/wp-json\/wp\/v2\/posts\/54322","targetHints":{"allow":["GET"]}}],"collection":[{"href":"https:\/\/vocesdelacomuna15.com.ar\/press\/wp-json\/wp\/v2\/posts"}],"about":[{"href":"https:\/\/vocesdelacomuna15.com.ar\/press\/wp-json\/wp\/v2\/types\/post"}],"author":[{"embeddable":true,"href":"https:\/\/vocesdelacomuna15.com.ar\/press\/wp-json\/wp\/v2\/users\/2"}],"replies":[{"embeddable":true,"href":"https:\/\/vocesdelacomuna15.com.ar\/press\/wp-json\/wp\/v2\/comments?post=54322"}],"version-history":[{"count":1,"href":"https:\/\/vocesdelacomuna15.com.ar\/press\/wp-json\/wp\/v2\/posts\/54322\/revisions"}],"predecessor-version":[{"id":54324,"href":"https:\/\/vocesdelacomuna15.com.ar\/press\/wp-json\/wp\/v2\/posts\/54322\/revisions\/54324"}],"wp:featuredmedia":[{"embeddable":true,"href":"https:\/\/vocesdelacomuna15.com.ar\/press\/wp-json\/wp\/v2\/media\/54323"}],"wp:attachment":[{"href":"https:\/\/vocesdelacomuna15.com.ar\/press\/wp-json\/wp\/v2\/media?parent=54322"}],"wp:term":[{"taxonomy":"category","embeddable":true,"href":"https:\/\/vocesdelacomuna15.com.ar\/press\/wp-json\/wp\/v2\/categories?post=54322"},{"taxonomy":"post_tag","embeddable":true,"href":"https:\/\/vocesdelacomuna15.com.ar\/press\/wp-json\/wp\/v2\/tags?post=54322"}],"curies":[{"name":"wp","href":"https:\/\/api.w.org\/{rel}","templated":true}]}}