{"id":54318,"date":"2021-07-19T00:01:54","date_gmt":"2021-07-19T03:01:54","guid":{"rendered":"http:\/\/vocesdelacomuna15.com.ar\/wordpress\/?p=54318"},"modified":"2021-07-19T00:05:19","modified_gmt":"2021-07-19T03:05:19","slug":"no-era-cesion-el-gobierno-porteno-pago-16-millones-de-pesos-al-movistar-arena-por-el-vacunatorio","status":"publish","type":"post","link":"https:\/\/vocesdelacomuna15.com.ar\/press\/no-era-cesion-el-gobierno-porteno-pago-16-millones-de-pesos-al-movistar-arena-por-el-vacunatorio\/","title":{"rendered":"No era &#8220;cesi\u00f3n&#8221;: el Gobierno porte\u00f1o pag\u00f3 16 millones de pesos al Movistar Arena por el vacunatorio"},"content":{"rendered":"\n<p> Fuente: ip.digital <\/p>\n\n\n\n<p><strong>El Movistar Arena&nbsp;<\/strong>es el estadio ubicado en\nel barrio de&nbsp;Villa Crespo que<strong> actualmente funciona como\nvacunatorio y centro de testeo de COVID-19,<\/strong> despu\u00e9s de que <strong>el\nGobierno porte\u00f1o informara que la instituci\u00f3n hab\u00eda <\/strong><em><strong>cedido<\/strong><\/em><strong>&nbsp;el\nespacio.<\/strong> Ahora sali\u00f3 a la luz que<strong> la gesti\u00f3n de Horacio\nRodr\u00edguez Larreta en realidad pag\u00f3 m\u00e1s de 16 millones de pesos <\/strong>bajo el\nconcepto de &#8220;servicios complementarios de seguridad y operaci\u00f3n&#8221;, en\nun contrato que es poco claro.&nbsp;<\/p>\n\n\n\n<p>El 16 de abril, el gobierno de la Ciudad de Buenos Aires (GCBA)\u00a0anunci\u00f3 la inauguraci\u00f3n del centro con <a rel=\"noreferrer noopener\" href=\"https:\/\/www.buenosaires.gob.ar\/laciudad\/noticias\/la-ciudad-abre-dos-nuevos-centros-de-testeo-en-villa-crespo-y-parque-chacabuco\" target=\"_blank\">un comunicado<\/a> que manifestaba: &#8220;Movistar Arena tiene el agrado de informar que<em><strong>\u00a0cedi\u00f3<\/strong><\/em> al Gobierno de la Ciudad de Buenos Aires sectores de su estadio, ubicado en Villa Crespo,\u00a0<strong>para ser usados como centro de testeo<\/strong>&#8220;.\u00a0Sin embargo, <strong>dos resoluciones de la Secretar\u00eda de Transporte y Obras P\u00fablicas finalmente mostraron\u00a0que\u00a0se efectuaron\u00a0dos pagos millonarios\u00a0a la empresa<\/strong>,\u00a0uno el 31 de mayo por 6.766.251 de pesos y el segundo en julio por 9.849.169 de pesos.<\/p>\n\n\n\n<p><strong>Mat\u00edas Barroetave\u00f1a, legislador porte\u00f1o del Frente de&nbsp;Todos (FdT)<\/strong>, se\u00f1al\u00f3 que es de p\u00fablico conocimiento el servicio que brinda este estadio est\u00e1 <strong>fuertemente vinculado al grupo La Naci\u00f3n y AEG Worldwide, y que por eso mismo el oficialismo porte\u00f1o decidi\u00f3 atribuirle ciertos beneficios en tanto su habilitaci\u00f3n<\/strong>, puesta en funcionamiento <strong>hasta una exenci\u00f3n impositiva durante 30 a\u00f1os.<\/strong> &#8220;Por eso nos pareci\u00f3 un buen gesto, una buena medida para retribuir algo a la Ciudad. Pero nos sorprendimos much\u00edsimo cuando vimos las contrataciones&#8221;, declar\u00f3.<\/p>\n\n\n\n<p>\u00bfPor qu\u00e9 se le\npag\u00f3&nbsp;al Movistar Arena?<\/p>\n\n\n\n<p><strong>El GCBA<\/strong>&nbsp;<strong>pact\u00f3 un comodato con la entidad del megaestadio<\/strong>, es decir, un contrato que estipula <strong>el pr\u00e9stamo gratuito<\/strong>&nbsp;de alg\u00fan inmueble, siempre que la otra parte contraiga la obligaci\u00f3n de restituirlo al t\u00e9rmino de lo pactado. El contrato por el que se est\u00e1 pagando &#8220;servicios complementarios&#8221; al comodato fue firmado el pasado 3 de junio, un mes y medio luego de la apertura del centro. <strong>&#8220;Esto (el comodato) se anunci\u00f3 en abril y en junio empezamos a ver adendas millonarias por el cual se le empieza a pagar al Movistar Arena por &#8216;servicios de seguridad e higiene&#8217;<\/strong>, coment\u00f3 Barroetave\u00f1a.<\/p>\n\n\n\n<p>El grupo de legisladores\ndel FdT envi\u00f3 un pedido de informes por el que se solicitar\u00e1 que se brinden\ndatos sobre los procedimientos de selecci\u00f3n de aquellos que brindan esos\nservicios fuera de t\u00e9rminos, ya que se explica que&nbsp;&#8220;<strong>no se\nobserva publicaci\u00f3n alguna en ning\u00fan medio respecto de la contrataci\u00f3n\nrealizada<\/strong>&#8220;.<\/p>\n\n\n\n<p>Caracteres: 2.487<\/p>\n\n\n\n<p>Fuente:\nip.digital<\/p>\n<div class=\"pvc_clear\"><\/div><p id=\"pvc_stats_54318\" class=\"pvc_stats all  \" data-element-id=\"54318\" style=\"\"><i class=\"pvc-stats-icon small\" aria-hidden=\"true\"><svg aria-hidden=\"true\" focusable=\"false\" data-prefix=\"far\" data-icon=\"chart-bar\" role=\"img\" xmlns=\"http:\/\/www.w3.org\/2000\/svg\" viewBox=\"0 0 512 512\" class=\"svg-inline--fa fa-chart-bar fa-w-16 fa-2x\"><path fill=\"currentColor\" d=\"M396.8 352h22.4c6.4 0 12.8-6.4 12.8-12.8V108.8c0-6.4-6.4-12.8-12.8-12.8h-22.4c-6.4 0-12.8 6.4-12.8 12.8v230.4c0 6.4 6.4 12.8 12.8 12.8zm-192 0h22.4c6.4 0 12.8-6.4 12.8-12.8V140.8c0-6.4-6.4-12.8-12.8-12.8h-22.4c-6.4 0-12.8 6.4-12.8 12.8v198.4c0 6.4 6.4 12.8 12.8 12.8zm96 0h22.4c6.4 0 12.8-6.4 12.8-12.8V204.8c0-6.4-6.4-12.8-12.8-12.8h-22.4c-6.4 0-12.8 6.4-12.8 12.8v134.4c0 6.4 6.4 12.8 12.8 12.8zM496 400H48V80c0-8.84-7.16-16-16-16H16C7.16 64 0 71.16 0 80v336c0 17.67 14.33 32 32 32h464c8.84 0 16-7.16 16-16v-16c0-8.84-7.16-16-16-16zm-387.2-48h22.4c6.4 0 12.8-6.4 12.8-12.8v-70.4c0-6.4-6.4-12.8-12.8-12.8h-22.4c-6.4 0-12.8 6.4-12.8 12.8v70.4c0 6.4 6.4 12.8 12.8 12.8z\" class=\"\"><\/path><\/svg><\/i> <img loading=\"lazy\" decoding=\"async\" width=\"16\" height=\"16\" alt=\"Loading\" src=\"https:\/\/vocesdelacomuna15.com.ar\/wp-content\/plugins\/page-views-count\/ajax-loader-2x.gif\" border=0 \/><\/p><div class=\"pvc_clear\"><\/div>","protected":false},"excerpt":{"rendered":"<p>Fuente: ip.digital El Movistar Arena&nbsp;es el estadio ubicado en el barrio de&nbsp;Villa Crespo que actualmente funciona como vacunatorio y centro de testeo de COVID-19, despu\u00e9s de que el Gobierno porte\u00f1o informara que la instituci\u00f3n hab\u00eda cedido&nbsp;el espacio. Ahora sali\u00f3 a la luz que la gesti\u00f3n de Horacio Rodr\u00edguez Larreta en realidad pag\u00f3 m\u00e1s de 16 [&hellip;]<\/p>\n<div class=\"pvc_clear\"><\/div>\n<p id=\"pvc_stats_54318\" class=\"pvc_stats all  \" data-element-id=\"54318\" style=\"\"><i class=\"pvc-stats-icon small\" aria-hidden=\"true\"><svg aria-hidden=\"true\" focusable=\"false\" data-prefix=\"far\" data-icon=\"chart-bar\" role=\"img\" xmlns=\"http:\/\/www.w3.org\/2000\/svg\" viewBox=\"0 0 512 512\" class=\"svg-inline--fa fa-chart-bar fa-w-16 fa-2x\"><path fill=\"currentColor\" d=\"M396.8 352h22.4c6.4 0 12.8-6.4 12.8-12.8V108.8c0-6.4-6.4-12.8-12.8-12.8h-22.4c-6.4 0-12.8 6.4-12.8 12.8v230.4c0 6.4 6.4 12.8 12.8 12.8zm-192 0h22.4c6.4 0 12.8-6.4 12.8-12.8V140.8c0-6.4-6.4-12.8-12.8-12.8h-22.4c-6.4 0-12.8 6.4-12.8 12.8v198.4c0 6.4 6.4 12.8 12.8 12.8zm96 0h22.4c6.4 0 12.8-6.4 12.8-12.8V204.8c0-6.4-6.4-12.8-12.8-12.8h-22.4c-6.4 0-12.8 6.4-12.8 12.8v134.4c0 6.4 6.4 12.8 12.8 12.8zM496 400H48V80c0-8.84-7.16-16-16-16H16C7.16 64 0 71.16 0 80v336c0 17.67 14.33 32 32 32h464c8.84 0 16-7.16 16-16v-16c0-8.84-7.16-16-16-16zm-387.2-48h22.4c6.4 0 12.8-6.4 12.8-12.8v-70.4c0-6.4-6.4-12.8-12.8-12.8h-22.4c-6.4 0-12.8 6.4-12.8 12.8v70.4c0 6.4 6.4 12.8 12.8 12.8z\" class=\"\"><\/path><\/svg><\/i> <img loading=\"lazy\" decoding=\"async\" width=\"16\" height=\"16\" alt=\"Loading\" src=\"https:\/\/vocesdelacomuna15.com.ar\/wp-content\/plugins\/page-views-count\/ajax-loader-2x.gif\" border=0 \/><\/p>\n<div class=\"pvc_clear\"><\/div>\n","protected":false},"author":2,"featured_media":54319,"comment_status":"open","ping_status":"open","sticky":false,"template":"","format":"standard","meta":{"_et_pb_use_builder":"off","_et_pb_old_content":"","_et_gb_content_width":"","footnotes":""},"categories":[8,32],"tags":[],"class_list":["post-54318","post","type-post","status-publish","format-standard","has-post-thumbnail","hentry","category-sociedad","category-vcre","et-has-post-format-content","et_post_format-et-post-format-standard"],"a3_pvc":{"activated":true,"total_views":300,"today_views":0},"yoast_head":"<!-- This site is optimized with the Yoast SEO plugin v27.5 - https:\/\/yoast.com\/product\/yoast-seo-wordpress\/ -->\n<title>No era &quot;cesi\u00f3n&quot;: el Gobierno porte\u00f1o pag\u00f3 16 millones de pesos al Movistar Arena por el vacunatorio - Voces de la Comuna 15<\/title>\n<meta name=\"description\" content=\"Voces de la Comuna 15\" \/>\n<meta name=\"robots\" content=\"index, follow, max-snippet:-1, max-image-preview:large, max-video-preview:-1\" \/>\n<link rel=\"canonical\" href=\"https:\/\/vocesdelacomuna15.com.ar\/press\/no-era-cesion-el-gobierno-porteno-pago-16-millones-de-pesos-al-movistar-arena-por-el-vacunatorio\/\" \/>\n<meta property=\"og:locale\" content=\"es_ES\" \/>\n<meta property=\"og:type\" content=\"article\" \/>\n<meta property=\"og:title\" content=\"No era &quot;cesi\u00f3n&quot;: el Gobierno porte\u00f1o pag\u00f3 16 millones de pesos al Movistar Arena por el vacunatorio - Voces de la Comuna 15\" \/>\n<meta property=\"og:description\" content=\"Voces de la Comuna 15\" \/>\n<meta property=\"og:url\" content=\"https:\/\/vocesdelacomuna15.com.ar\/press\/no-era-cesion-el-gobierno-porteno-pago-16-millones-de-pesos-al-movistar-arena-por-el-vacunatorio\/\" \/>\n<meta property=\"og:site_name\" content=\"Voces de la Comuna 15\" \/>\n<meta property=\"article:publisher\" content=\"https:\/\/www.facebook.com\/VocesComuna15\/\" \/>\n<meta property=\"article:published_time\" content=\"2021-07-19T03:01:54+00:00\" \/>\n<meta property=\"article:modified_time\" content=\"2021-07-19T03:05:19+00:00\" \/>\n<meta property=\"og:image\" content=\"https:\/\/vocesdelacomuna15.com.ar\/wp-content\/uploads\/2021\/07\/movarena1207.jpg\" \/>\n\t<meta property=\"og:image:width\" content=\"1280\" \/>\n\t<meta property=\"og:image:height\" content=\"720\" \/>\n\t<meta property=\"og:image:type\" content=\"image\/jpeg\" \/>\n<meta name=\"author\" content=\"Federico Arguto\" \/>\n<meta name=\"twitter:card\" content=\"summary_large_image\" \/>\n<meta name=\"twitter:creator\" content=\"@vocescomuna15\" \/>\n<meta name=\"twitter:site\" content=\"@vocescomuna15\" \/>\n<meta name=\"twitter:label1\" content=\"Escrito por\" \/>\n\t<meta name=\"twitter:data1\" content=\"Federico Arguto\" \/>\n\t<meta name=\"twitter:label2\" content=\"Tiempo de lectura\" \/>\n\t<meta name=\"twitter:data2\" content=\"2 minutos\" \/>\n<script type=\"application\/ld+json\" class=\"yoast-schema-graph\">{\"@context\":\"https:\\\/\\\/schema.org\",\"@graph\":[{\"@type\":\"Article\",\"@id\":\"https:\\\/\\\/vocesdelacomuna15.com.ar\\\/press\\\/no-era-cesion-el-gobierno-porteno-pago-16-millones-de-pesos-al-movistar-arena-por-el-vacunatorio\\\/#article\",\"isPartOf\":{\"@id\":\"https:\\\/\\\/vocesdelacomuna15.com.ar\\\/press\\\/no-era-cesion-el-gobierno-porteno-pago-16-millones-de-pesos-al-movistar-arena-por-el-vacunatorio\\\/\"},\"author\":{\"name\":\"Federico Arguto\",\"@id\":\"https:\\\/\\\/vocesdelacomuna15.com.ar\\\/press\\\/#\\\/schema\\\/person\\\/4739e109db25d799cd3d139eeb509e43\"},\"headline\":\"No era &#8220;cesi\u00f3n&#8221;: el Gobierno porte\u00f1o pag\u00f3 16 millones de pesos al Movistar Arena por el vacunatorio\",\"datePublished\":\"2021-07-19T03:01:54+00:00\",\"dateModified\":\"2021-07-19T03:05:19+00:00\",\"mainEntityOfPage\":{\"@id\":\"https:\\\/\\\/vocesdelacomuna15.com.ar\\\/press\\\/no-era-cesion-el-gobierno-porteno-pago-16-millones-de-pesos-al-movistar-arena-por-el-vacunatorio\\\/\"},\"wordCount\":473,\"commentCount\":0,\"publisher\":{\"@id\":\"https:\\\/\\\/vocesdelacomuna15.com.ar\\\/press\\\/#organization\"},\"image\":{\"@id\":\"https:\\\/\\\/vocesdelacomuna15.com.ar\\\/press\\\/no-era-cesion-el-gobierno-porteno-pago-16-millones-de-pesos-al-movistar-arena-por-el-vacunatorio\\\/#primaryimage\"},\"thumbnailUrl\":\"https:\\\/\\\/vocesdelacomuna15.com.ar\\\/wp-content\\\/uploads\\\/2021\\\/07\\\/movarena1207.jpg\",\"articleSection\":[\"Sociedad\",\"Villa Crespo\"],\"inLanguage\":\"es-AR\",\"potentialAction\":[{\"@type\":\"CommentAction\",\"name\":\"Comment\",\"target\":[\"https:\\\/\\\/vocesdelacomuna15.com.ar\\\/press\\\/no-era-cesion-el-gobierno-porteno-pago-16-millones-de-pesos-al-movistar-arena-por-el-vacunatorio\\\/#respond\"]}]},{\"@type\":\"WebPage\",\"@id\":\"https:\\\/\\\/vocesdelacomuna15.com.ar\\\/press\\\/no-era-cesion-el-gobierno-porteno-pago-16-millones-de-pesos-al-movistar-arena-por-el-vacunatorio\\\/\",\"url\":\"https:\\\/\\\/vocesdelacomuna15.com.ar\\\/press\\\/no-era-cesion-el-gobierno-porteno-pago-16-millones-de-pesos-al-movistar-arena-por-el-vacunatorio\\\/\",\"name\":\"No era \\\"cesi\u00f3n\\\": el Gobierno porte\u00f1o pag\u00f3 16 millones de pesos al Movistar Arena por el vacunatorio - Voces de la Comuna 15\",\"isPartOf\":{\"@id\":\"https:\\\/\\\/vocesdelacomuna15.com.ar\\\/press\\\/#website\"},\"primaryImageOfPage\":{\"@id\":\"https:\\\/\\\/vocesdelacomuna15.com.ar\\\/press\\\/no-era-cesion-el-gobierno-porteno-pago-16-millones-de-pesos-al-movistar-arena-por-el-vacunatorio\\\/#primaryimage\"},\"image\":{\"@id\":\"https:\\\/\\\/vocesdelacomuna15.com.ar\\\/press\\\/no-era-cesion-el-gobierno-porteno-pago-16-millones-de-pesos-al-movistar-arena-por-el-vacunatorio\\\/#primaryimage\"},\"thumbnailUrl\":\"https:\\\/\\\/vocesdelacomuna15.com.ar\\\/wp-content\\\/uploads\\\/2021\\\/07\\\/movarena1207.jpg\",\"datePublished\":\"2021-07-19T03:01:54+00:00\",\"dateModified\":\"2021-07-19T03:05:19+00:00\",\"description\":\"Voces de la Comuna 15\",\"breadcrumb\":{\"@id\":\"https:\\\/\\\/vocesdelacomuna15.com.ar\\\/press\\\/no-era-cesion-el-gobierno-porteno-pago-16-millones-de-pesos-al-movistar-arena-por-el-vacunatorio\\\/#breadcrumb\"},\"inLanguage\":\"es-AR\",\"potentialAction\":[{\"@type\":\"ReadAction\",\"target\":[\"https:\\\/\\\/vocesdelacomuna15.com.ar\\\/press\\\/no-era-cesion-el-gobierno-porteno-pago-16-millones-de-pesos-al-movistar-arena-por-el-vacunatorio\\\/\"]}]},{\"@type\":\"ImageObject\",\"inLanguage\":\"es-AR\",\"@id\":\"https:\\\/\\\/vocesdelacomuna15.com.ar\\\/press\\\/no-era-cesion-el-gobierno-porteno-pago-16-millones-de-pesos-al-movistar-arena-por-el-vacunatorio\\\/#primaryimage\",\"url\":\"https:\\\/\\\/vocesdelacomuna15.com.ar\\\/wp-content\\\/uploads\\\/2021\\\/07\\\/movarena1207.jpg\",\"contentUrl\":\"https:\\\/\\\/vocesdelacomuna15.com.ar\\\/wp-content\\\/uploads\\\/2021\\\/07\\\/movarena1207.jpg\",\"width\":1280,\"height\":720},{\"@type\":\"BreadcrumbList\",\"@id\":\"https:\\\/\\\/vocesdelacomuna15.com.ar\\\/press\\\/no-era-cesion-el-gobierno-porteno-pago-16-millones-de-pesos-al-movistar-arena-por-el-vacunatorio\\\/#breadcrumb\",\"itemListElement\":[{\"@type\":\"ListItem\",\"position\":1,\"name\":\"Inicio\",\"item\":\"https:\\\/\\\/vocesdelacomuna15.com.ar\\\/press\\\/\"},{\"@type\":\"ListItem\",\"position\":2,\"name\":\"No era &#8220;cesi\u00f3n&#8221;: el Gobierno porte\u00f1o pag\u00f3 16 millones de pesos al Movistar Arena por el vacunatorio\"}]},{\"@type\":\"WebSite\",\"@id\":\"https:\\\/\\\/vocesdelacomuna15.com.ar\\\/press\\\/#website\",\"url\":\"https:\\\/\\\/vocesdelacomuna15.com.ar\\\/press\\\/\",\"name\":\"Voces de la Comuna 15\",\"description\":\"Sitio web de noticias\",\"publisher\":{\"@id\":\"https:\\\/\\\/vocesdelacomuna15.com.ar\\\/press\\\/#organization\"},\"potentialAction\":[{\"@type\":\"SearchAction\",\"target\":{\"@type\":\"EntryPoint\",\"urlTemplate\":\"https:\\\/\\\/vocesdelacomuna15.com.ar\\\/press\\\/?s={search_term_string}\"},\"query-input\":{\"@type\":\"PropertyValueSpecification\",\"valueRequired\":true,\"valueName\":\"search_term_string\"}}],\"inLanguage\":\"es-AR\"},{\"@type\":\"Organization\",\"@id\":\"https:\\\/\\\/vocesdelacomuna15.com.ar\\\/press\\\/#organization\",\"name\":\"Voces de la Comuna 15\",\"url\":\"https:\\\/\\\/vocesdelacomuna15.com.ar\\\/press\\\/\",\"logo\":{\"@type\":\"ImageObject\",\"inLanguage\":\"es-AR\",\"@id\":\"https:\\\/\\\/vocesdelacomuna15.com.ar\\\/press\\\/#\\\/schema\\\/logo\\\/image\\\/\",\"url\":\"https:\\\/\\\/vocesdelacomuna15.com.ar\\\/wp-content\\\/uploads\\\/2024\\\/12\\\/cropped-logo_voces.jpg\",\"contentUrl\":\"https:\\\/\\\/vocesdelacomuna15.com.ar\\\/wp-content\\\/uploads\\\/2024\\\/12\\\/cropped-logo_voces.jpg\",\"width\":512,\"height\":512,\"caption\":\"Voces de la Comuna 15\"},\"image\":{\"@id\":\"https:\\\/\\\/vocesdelacomuna15.com.ar\\\/press\\\/#\\\/schema\\\/logo\\\/image\\\/\"},\"sameAs\":[\"https:\\\/\\\/www.facebook.com\\\/VocesComuna15\\\/\",\"https:\\\/\\\/x.com\\\/vocescomuna15\"]},{\"@type\":\"Person\",\"@id\":\"https:\\\/\\\/vocesdelacomuna15.com.ar\\\/press\\\/#\\\/schema\\\/person\\\/4739e109db25d799cd3d139eeb509e43\",\"name\":\"Federico Arguto\",\"image\":{\"@type\":\"ImageObject\",\"inLanguage\":\"es-AR\",\"@id\":\"https:\\\/\\\/vocesdelacomuna15.com.ar\\\/wp-content\\\/litespeed\\\/avatar\\\/82faf979976f1bae889b8b71f8a0a7e5.jpg?ver=1777419741\",\"url\":\"https:\\\/\\\/vocesdelacomuna15.com.ar\\\/wp-content\\\/litespeed\\\/avatar\\\/82faf979976f1bae889b8b71f8a0a7e5.jpg?ver=1777419741\",\"contentUrl\":\"https:\\\/\\\/vocesdelacomuna15.com.ar\\\/wp-content\\\/litespeed\\\/avatar\\\/82faf979976f1bae889b8b71f8a0a7e5.jpg?ver=1777419741\",\"caption\":\"Federico Arguto\"},\"url\":\"https:\\\/\\\/vocesdelacomuna15.com.ar\\\/press\\\/author\\\/fede\\\/\"}]}<\/script>\n<!-- \/ Yoast SEO plugin. -->","yoast_head_json":{"title":"No era \"cesi\u00f3n\": el Gobierno porte\u00f1o pag\u00f3 16 millones de pesos al Movistar Arena por el vacunatorio - Voces de la Comuna 15","description":"Voces de la Comuna 15","robots":{"index":"index","follow":"follow","max-snippet":"max-snippet:-1","max-image-preview":"max-image-preview:large","max-video-preview":"max-video-preview:-1"},"canonical":"https:\/\/vocesdelacomuna15.com.ar\/press\/no-era-cesion-el-gobierno-porteno-pago-16-millones-de-pesos-al-movistar-arena-por-el-vacunatorio\/","og_locale":"es_ES","og_type":"article","og_title":"No era \"cesi\u00f3n\": el Gobierno porte\u00f1o pag\u00f3 16 millones de pesos al Movistar Arena por el vacunatorio - Voces de la Comuna 15","og_description":"Voces de la Comuna 15","og_url":"https:\/\/vocesdelacomuna15.com.ar\/press\/no-era-cesion-el-gobierno-porteno-pago-16-millones-de-pesos-al-movistar-arena-por-el-vacunatorio\/","og_site_name":"Voces de la Comuna 15","article_publisher":"https:\/\/www.facebook.com\/VocesComuna15\/","article_published_time":"2021-07-19T03:01:54+00:00","article_modified_time":"2021-07-19T03:05:19+00:00","og_image":[{"width":1280,"height":720,"url":"https:\/\/vocesdelacomuna15.com.ar\/wp-content\/uploads\/2021\/07\/movarena1207.jpg","type":"image\/jpeg"}],"author":"Federico Arguto","twitter_card":"summary_large_image","twitter_creator":"@vocescomuna15","twitter_site":"@vocescomuna15","twitter_misc":{"Escrito por":"Federico Arguto","Tiempo de lectura":"2 minutos"},"schema":{"@context":"https:\/\/schema.org","@graph":[{"@type":"Article","@id":"https:\/\/vocesdelacomuna15.com.ar\/press\/no-era-cesion-el-gobierno-porteno-pago-16-millones-de-pesos-al-movistar-arena-por-el-vacunatorio\/#article","isPartOf":{"@id":"https:\/\/vocesdelacomuna15.com.ar\/press\/no-era-cesion-el-gobierno-porteno-pago-16-millones-de-pesos-al-movistar-arena-por-el-vacunatorio\/"},"author":{"name":"Federico Arguto","@id":"https:\/\/vocesdelacomuna15.com.ar\/press\/#\/schema\/person\/4739e109db25d799cd3d139eeb509e43"},"headline":"No era &#8220;cesi\u00f3n&#8221;: el Gobierno porte\u00f1o pag\u00f3 16 millones de pesos al Movistar Arena por el vacunatorio","datePublished":"2021-07-19T03:01:54+00:00","dateModified":"2021-07-19T03:05:19+00:00","mainEntityOfPage":{"@id":"https:\/\/vocesdelacomuna15.com.ar\/press\/no-era-cesion-el-gobierno-porteno-pago-16-millones-de-pesos-al-movistar-arena-por-el-vacunatorio\/"},"wordCount":473,"commentCount":0,"publisher":{"@id":"https:\/\/vocesdelacomuna15.com.ar\/press\/#organization"},"image":{"@id":"https:\/\/vocesdelacomuna15.com.ar\/press\/no-era-cesion-el-gobierno-porteno-pago-16-millones-de-pesos-al-movistar-arena-por-el-vacunatorio\/#primaryimage"},"thumbnailUrl":"https:\/\/vocesdelacomuna15.com.ar\/wp-content\/uploads\/2021\/07\/movarena1207.jpg","articleSection":["Sociedad","Villa Crespo"],"inLanguage":"es-AR","potentialAction":[{"@type":"CommentAction","name":"Comment","target":["https:\/\/vocesdelacomuna15.com.ar\/press\/no-era-cesion-el-gobierno-porteno-pago-16-millones-de-pesos-al-movistar-arena-por-el-vacunatorio\/#respond"]}]},{"@type":"WebPage","@id":"https:\/\/vocesdelacomuna15.com.ar\/press\/no-era-cesion-el-gobierno-porteno-pago-16-millones-de-pesos-al-movistar-arena-por-el-vacunatorio\/","url":"https:\/\/vocesdelacomuna15.com.ar\/press\/no-era-cesion-el-gobierno-porteno-pago-16-millones-de-pesos-al-movistar-arena-por-el-vacunatorio\/","name":"No era \"cesi\u00f3n\": el Gobierno porte\u00f1o pag\u00f3 16 millones de pesos al Movistar Arena por el vacunatorio - Voces de la Comuna 15","isPartOf":{"@id":"https:\/\/vocesdelacomuna15.com.ar\/press\/#website"},"primaryImageOfPage":{"@id":"https:\/\/vocesdelacomuna15.com.ar\/press\/no-era-cesion-el-gobierno-porteno-pago-16-millones-de-pesos-al-movistar-arena-por-el-vacunatorio\/#primaryimage"},"image":{"@id":"https:\/\/vocesdelacomuna15.com.ar\/press\/no-era-cesion-el-gobierno-porteno-pago-16-millones-de-pesos-al-movistar-arena-por-el-vacunatorio\/#primaryimage"},"thumbnailUrl":"https:\/\/vocesdelacomuna15.com.ar\/wp-content\/uploads\/2021\/07\/movarena1207.jpg","datePublished":"2021-07-19T03:01:54+00:00","dateModified":"2021-07-19T03:05:19+00:00","description":"Voces de la Comuna 15","breadcrumb":{"@id":"https:\/\/vocesdelacomuna15.com.ar\/press\/no-era-cesion-el-gobierno-porteno-pago-16-millones-de-pesos-al-movistar-arena-por-el-vacunatorio\/#breadcrumb"},"inLanguage":"es-AR","potentialAction":[{"@type":"ReadAction","target":["https:\/\/vocesdelacomuna15.com.ar\/press\/no-era-cesion-el-gobierno-porteno-pago-16-millones-de-pesos-al-movistar-arena-por-el-vacunatorio\/"]}]},{"@type":"ImageObject","inLanguage":"es-AR","@id":"https:\/\/vocesdelacomuna15.com.ar\/press\/no-era-cesion-el-gobierno-porteno-pago-16-millones-de-pesos-al-movistar-arena-por-el-vacunatorio\/#primaryimage","url":"https:\/\/vocesdelacomuna15.com.ar\/wp-content\/uploads\/2021\/07\/movarena1207.jpg","contentUrl":"https:\/\/vocesdelacomuna15.com.ar\/wp-content\/uploads\/2021\/07\/movarena1207.jpg","width":1280,"height":720},{"@type":"BreadcrumbList","@id":"https:\/\/vocesdelacomuna15.com.ar\/press\/no-era-cesion-el-gobierno-porteno-pago-16-millones-de-pesos-al-movistar-arena-por-el-vacunatorio\/#breadcrumb","itemListElement":[{"@type":"ListItem","position":1,"name":"Inicio","item":"https:\/\/vocesdelacomuna15.com.ar\/press\/"},{"@type":"ListItem","position":2,"name":"No era &#8220;cesi\u00f3n&#8221;: el Gobierno porte\u00f1o pag\u00f3 16 millones de pesos al Movistar Arena por el vacunatorio"}]},{"@type":"WebSite","@id":"https:\/\/vocesdelacomuna15.com.ar\/press\/#website","url":"https:\/\/vocesdelacomuna15.com.ar\/press\/","name":"Voces de la Comuna 15","description":"Sitio web de noticias","publisher":{"@id":"https:\/\/vocesdelacomuna15.com.ar\/press\/#organization"},"potentialAction":[{"@type":"SearchAction","target":{"@type":"EntryPoint","urlTemplate":"https:\/\/vocesdelacomuna15.com.ar\/press\/?s={search_term_string}"},"query-input":{"@type":"PropertyValueSpecification","valueRequired":true,"valueName":"search_term_string"}}],"inLanguage":"es-AR"},{"@type":"Organization","@id":"https:\/\/vocesdelacomuna15.com.ar\/press\/#organization","name":"Voces de la Comuna 15","url":"https:\/\/vocesdelacomuna15.com.ar\/press\/","logo":{"@type":"ImageObject","inLanguage":"es-AR","@id":"https:\/\/vocesdelacomuna15.com.ar\/press\/#\/schema\/logo\/image\/","url":"https:\/\/vocesdelacomuna15.com.ar\/wp-content\/uploads\/2024\/12\/cropped-logo_voces.jpg","contentUrl":"https:\/\/vocesdelacomuna15.com.ar\/wp-content\/uploads\/2024\/12\/cropped-logo_voces.jpg","width":512,"height":512,"caption":"Voces de la Comuna 15"},"image":{"@id":"https:\/\/vocesdelacomuna15.com.ar\/press\/#\/schema\/logo\/image\/"},"sameAs":["https:\/\/www.facebook.com\/VocesComuna15\/","https:\/\/x.com\/vocescomuna15"]},{"@type":"Person","@id":"https:\/\/vocesdelacomuna15.com.ar\/press\/#\/schema\/person\/4739e109db25d799cd3d139eeb509e43","name":"Federico Arguto","image":{"@type":"ImageObject","inLanguage":"es-AR","@id":"https:\/\/vocesdelacomuna15.com.ar\/wp-content\/litespeed\/avatar\/82faf979976f1bae889b8b71f8a0a7e5.jpg?ver=1777419741","url":"https:\/\/vocesdelacomuna15.com.ar\/wp-content\/litespeed\/avatar\/82faf979976f1bae889b8b71f8a0a7e5.jpg?ver=1777419741","contentUrl":"https:\/\/vocesdelacomuna15.com.ar\/wp-content\/litespeed\/avatar\/82faf979976f1bae889b8b71f8a0a7e5.jpg?ver=1777419741","caption":"Federico Arguto"},"url":"https:\/\/vocesdelacomuna15.com.ar\/press\/author\/fede\/"}]}},"_links":{"self":[{"href":"https:\/\/vocesdelacomuna15.com.ar\/press\/wp-json\/wp\/v2\/posts\/54318","targetHints":{"allow":["GET"]}}],"collection":[{"href":"https:\/\/vocesdelacomuna15.com.ar\/press\/wp-json\/wp\/v2\/posts"}],"about":[{"href":"https:\/\/vocesdelacomuna15.com.ar\/press\/wp-json\/wp\/v2\/types\/post"}],"author":[{"embeddable":true,"href":"https:\/\/vocesdelacomuna15.com.ar\/press\/wp-json\/wp\/v2\/users\/2"}],"replies":[{"embeddable":true,"href":"https:\/\/vocesdelacomuna15.com.ar\/press\/wp-json\/wp\/v2\/comments?post=54318"}],"version-history":[{"count":4,"href":"https:\/\/vocesdelacomuna15.com.ar\/press\/wp-json\/wp\/v2\/posts\/54318\/revisions"}],"predecessor-version":[{"id":54341,"href":"https:\/\/vocesdelacomuna15.com.ar\/press\/wp-json\/wp\/v2\/posts\/54318\/revisions\/54341"}],"wp:featuredmedia":[{"embeddable":true,"href":"https:\/\/vocesdelacomuna15.com.ar\/press\/wp-json\/wp\/v2\/media\/54319"}],"wp:attachment":[{"href":"https:\/\/vocesdelacomuna15.com.ar\/press\/wp-json\/wp\/v2\/media?parent=54318"}],"wp:term":[{"taxonomy":"category","embeddable":true,"href":"https:\/\/vocesdelacomuna15.com.ar\/press\/wp-json\/wp\/v2\/categories?post=54318"},{"taxonomy":"post_tag","embeddable":true,"href":"https:\/\/vocesdelacomuna15.com.ar\/press\/wp-json\/wp\/v2\/tags?post=54318"}],"curies":[{"name":"wp","href":"https:\/\/api.w.org\/{rel}","templated":true}]}}