{"id":54306,"date":"2021-07-12T07:00:55","date_gmt":"2021-07-12T10:00:55","guid":{"rendered":"http:\/\/vocesdelacomuna15.com.ar\/wordpress\/?p=54306"},"modified":"2021-07-12T15:03:12","modified_gmt":"2021-07-12T18:03:12","slug":"empate-sin-goles-de-atlanta-ante-mitre-de-santiago-del-estero","status":"publish","type":"post","link":"https:\/\/vocesdelacomuna15.com.ar\/press\/empate-sin-goles-de-atlanta-ante-mitre-de-santiago-del-estero\/","title":{"rendered":"Empate sin goles de Atlanta ante Mitre de Santiago del Estero"},"content":{"rendered":"\n<p>El \u201cbohemio\u201d no pudo ganar en Villa Crespo<\/p>\n\n\n\n<p>Atlanta estir\u00f3 su mala racha y ya lleva 7 fechas sin conocer la victoria (la \u00faltima hab\u00eda sido el 9 de mayo ante Temperley por 3-0 antes de la suspensi\u00f3n del f\u00fatbol por las restricciones por COVID-19). Sin embargo, los dirigidos por Walter Erviti siguen prendidos arriba en la tabla por su buen arranque de torneo.<\/p>\n\n\n\n<p>Tras un deslucido encuentro, con pocas llegadas, disputado el s\u00e1bado en el Le\u00f3n Kolbowski, con este empate Atlanta qued\u00f3 4\u00ba en la tabla solo a 2 puntos del l\u00edder de la Zona A de la Primera Nacional, que es Tigre con 28 unidades. Qued\u00f3 segundo Gimnasia de Mendoza con 27 y tercero San Mart\u00edn de Tucum\u00e1n con 26 (igual que el \u201cbohemio\u201d), que si hoy gana su partido ante Quilmes se convertir\u00e1 en el nuevo puntero del grupo. Los de Villa Crespo pese al empate se vieron beneficiados por las ca\u00eddas de Tigre ante Almirante Brown y Gimnasia de Mendoza ante Temperley. As\u00ed termin\u00f3 la primera ronda para Atlanta ya que en la siguiente jornada tendr\u00e1 fecha libre y en la otra recibir\u00e1 a Chacarita en el cl\u00e1sico, ya por la segunda ronda del torneo.<\/p>\n\n\n\n<p><strong>Ficha del partido:<\/strong><\/p>\n\n\n\n<p><strong>Atlanta 0<\/strong>: D.Tello; <strong>L.Flores<\/strong>, Alan P\u00e9rez,\nPerales, Mart\u00edn Garc\u00eda y Ramiro Fern\u00e1ndez (ST G.Ram\u00edrez); F.Bisanz (ST 17\u2019\nL.R\u00edos), Casazza (ST S.Solari) y Ochoa Gim\u00e9nez; Colombini y Pedrozo (ST\nCuenca). DT: Walter Erviti. No ingresaron: Capdevilla, M.L\u00f3pez, Bol\u00edvar,\nDramisino y J.Bisanz.<\/p>\n\n\n\n<p><strong>Mitre (Sgo del Estero) 0<\/strong>: Ledesma; Corda, Goitea, Tapia y Voboril;\n<strong>Narese<\/strong>,\nAlesandrini, Basualdo (ST 15\u2019 Tifner) y Sayavedra; F.Ju\u00e1rez y C\u00e9rica (ST 21\u2019\nDonato). DT: Julio D\u00edaz. No ingresaron: Nadal, Zamponi, T.Galv\u00e1n, Marchi,\nJ.Torres, Toloza y Mendoza.<\/p>\n\n\n\n<p><strong>Amonestados<\/strong>: Alesandroni y Corda (Mitre)<\/p>\n\n\n\n<p><strong>Arbitro<\/strong>: Pablo Echavarr\u00eda.<\/p>\n\n\n\n<p>ARGENTINOS SE PREPARA PARA EL\nDUELO ANTE RIVER POR LIBERTADORES<\/p>\n\n\n\n<p>Argentinos Juniors sigue entrenando en el renovado predio del CEFFA (Centro de Entrenamiento y Formaci\u00f3n del F\u00fatbol Profesional) prepar\u00e1ndose para lo que ser\u00e1 el duelo ante River Plate por los Octavos de Final de la Copa Libertadores, a disputarse este mi\u00e9rcoles a las 21.30 en el Monumental, con revancha el otro mi\u00e9rcoles 21 de julio a las 21.30 en La Paternal. En el torneo local, en tanto, el debut del \u201cbicho\u201d ser\u00e1 el domingo 18 de julio a las 20.15 visitando a Independiente en Avellaneda. En la siguiente fecha, Argentinos recibir\u00e1 a Newell\u00b4s en el Autocr\u00e9dito Diego Armando Maradona.<\/p>\n\n\n\n<figure class=\"wp-block-image\"><img loading=\"lazy\" decoding=\"async\" width=\"1024\" height=\"682\" src=\"http:\/\/vocesdelacomuna15.com.ar\/wordpress\/wp-content\/uploads\/2021\/07\/argentinos-entrenamiento-1024x682.jpg\" alt=\"\" class=\"wp-image-54308\" srcset=\"https:\/\/vocesdelacomuna15.com.ar\/wp-content\/uploads\/2021\/07\/argentinos-entrenamiento-1024x682.jpg 1024w, https:\/\/vocesdelacomuna15.com.ar\/wp-content\/uploads\/2021\/07\/argentinos-entrenamiento-300x200.jpg 300w, https:\/\/vocesdelacomuna15.com.ar\/wp-content\/uploads\/2021\/07\/argentinos-entrenamiento-768x512.jpg 768w, https:\/\/vocesdelacomuna15.com.ar\/wp-content\/uploads\/2021\/07\/argentinos-entrenamiento-1080x720.jpg 1080w, https:\/\/vocesdelacomuna15.com.ar\/wp-content\/uploads\/2021\/07\/argentinos-entrenamiento-600x400.jpg 600w, https:\/\/vocesdelacomuna15.com.ar\/wp-content\/uploads\/2021\/07\/argentinos-entrenamiento.jpg 1280w\" sizes=\"(max-width: 1024px) 100vw, 1024px\" \/><\/figure>\n\n\n\n<p>DERROTA DE COMUNICACIONES Y FIN DEL\nAPERTURA EN LA B METRO<\/p>\n\n\n\n<p>Los \u201ccarteros\u201d de Agronom\u00eda cayeron por la Fecha 17 de la B Metro el pasado s\u00e1bado por 2 a 0 ante San Miguel como visitantes. As\u00ed \u201cComu\u201d finaliz\u00f3 en el 9\u00ba puesto de la tabla con 21 unidades (6 victorias, 3 empates y 7 derrotas) y Colegiales se adjudic\u00f3 el Apertura con 31 puntos tras su triunfo como visitante 3-1 ante Sacachispas. En el Clausura, Comunicaciones debutar\u00e1 ante Merlo como visitante este s\u00e1bado 17 de julio. En la siguiente fecha los dirigidos por Jorge Vivaldo recibir\u00e1n a Flandria en Agronom\u00eda.<\/p>\n\n\n\n<figure class=\"wp-block-image\"><img loading=\"lazy\" decoding=\"async\" width=\"1024\" height=\"662\" src=\"http:\/\/vocesdelacomuna15.com.ar\/wordpress\/wp-content\/uploads\/2021\/07\/sm-vs-comu-1024x662.jpg\" alt=\"\" class=\"wp-image-54309\" srcset=\"https:\/\/vocesdelacomuna15.com.ar\/wp-content\/uploads\/2021\/07\/sm-vs-comu-1024x662.jpg 1024w, https:\/\/vocesdelacomuna15.com.ar\/wp-content\/uploads\/2021\/07\/sm-vs-comu-300x194.jpg 300w, https:\/\/vocesdelacomuna15.com.ar\/wp-content\/uploads\/2021\/07\/sm-vs-comu-768x497.jpg 768w, https:\/\/vocesdelacomuna15.com.ar\/wp-content\/uploads\/2021\/07\/sm-vs-comu-1080x699.jpg 1080w, https:\/\/vocesdelacomuna15.com.ar\/wp-content\/uploads\/2021\/07\/sm-vs-comu-600x388.jpg 600w, https:\/\/vocesdelacomuna15.com.ar\/wp-content\/uploads\/2021\/07\/sm-vs-comu.jpg 1280w\" sizes=\"(max-width: 1024px) 100vw, 1024px\" \/><\/figure>\n\n\n\n<p>Caracteres: 2.894<\/p>\n\n\n\n<p>Foto Portada: Atlanta Oficial\n(Por Federico Imas)<\/p>\n\n\n\n<p>Foto Argentinos: Prensa AAAJ<\/p>\n\n\n\n<p>Foto Comunicaciones: Prensa Comu<\/p>\n<div class=\"pvc_clear\"><\/div><p id=\"pvc_stats_54306\" class=\"pvc_stats all  \" data-element-id=\"54306\" style=\"\"><i class=\"pvc-stats-icon small\" aria-hidden=\"true\"><svg aria-hidden=\"true\" focusable=\"false\" data-prefix=\"far\" data-icon=\"chart-bar\" role=\"img\" xmlns=\"http:\/\/www.w3.org\/2000\/svg\" viewBox=\"0 0 512 512\" class=\"svg-inline--fa fa-chart-bar fa-w-16 fa-2x\"><path fill=\"currentColor\" d=\"M396.8 352h22.4c6.4 0 12.8-6.4 12.8-12.8V108.8c0-6.4-6.4-12.8-12.8-12.8h-22.4c-6.4 0-12.8 6.4-12.8 12.8v230.4c0 6.4 6.4 12.8 12.8 12.8zm-192 0h22.4c6.4 0 12.8-6.4 12.8-12.8V140.8c0-6.4-6.4-12.8-12.8-12.8h-22.4c-6.4 0-12.8 6.4-12.8 12.8v198.4c0 6.4 6.4 12.8 12.8 12.8zm96 0h22.4c6.4 0 12.8-6.4 12.8-12.8V204.8c0-6.4-6.4-12.8-12.8-12.8h-22.4c-6.4 0-12.8 6.4-12.8 12.8v134.4c0 6.4 6.4 12.8 12.8 12.8zM496 400H48V80c0-8.84-7.16-16-16-16H16C7.16 64 0 71.16 0 80v336c0 17.67 14.33 32 32 32h464c8.84 0 16-7.16 16-16v-16c0-8.84-7.16-16-16-16zm-387.2-48h22.4c6.4 0 12.8-6.4 12.8-12.8v-70.4c0-6.4-6.4-12.8-12.8-12.8h-22.4c-6.4 0-12.8 6.4-12.8 12.8v70.4c0 6.4 6.4 12.8 12.8 12.8z\" class=\"\"><\/path><\/svg><\/i> <img loading=\"lazy\" decoding=\"async\" width=\"16\" height=\"16\" alt=\"Loading\" src=\"https:\/\/vocesdelacomuna15.com.ar\/wp-content\/plugins\/page-views-count\/ajax-loader-2x.gif\" border=0 \/><\/p><div class=\"pvc_clear\"><\/div>","protected":false},"excerpt":{"rendered":"<p>El \u201cbohemio\u201d no pudo ganar en Villa Crespo Atlanta estir\u00f3 su mala racha y ya lleva 7 fechas sin conocer la victoria (la \u00faltima hab\u00eda sido el 9 de mayo ante Temperley por 3-0 antes de la suspensi\u00f3n del f\u00fatbol por las restricciones por COVID-19). Sin embargo, los dirigidos por Walter Erviti siguen prendidos arriba [&hellip;]<\/p>\n<div class=\"pvc_clear\"><\/div>\n<p id=\"pvc_stats_54306\" class=\"pvc_stats all  \" data-element-id=\"54306\" style=\"\"><i class=\"pvc-stats-icon small\" aria-hidden=\"true\"><svg aria-hidden=\"true\" focusable=\"false\" data-prefix=\"far\" data-icon=\"chart-bar\" role=\"img\" xmlns=\"http:\/\/www.w3.org\/2000\/svg\" viewBox=\"0 0 512 512\" class=\"svg-inline--fa fa-chart-bar fa-w-16 fa-2x\"><path fill=\"currentColor\" d=\"M396.8 352h22.4c6.4 0 12.8-6.4 12.8-12.8V108.8c0-6.4-6.4-12.8-12.8-12.8h-22.4c-6.4 0-12.8 6.4-12.8 12.8v230.4c0 6.4 6.4 12.8 12.8 12.8zm-192 0h22.4c6.4 0 12.8-6.4 12.8-12.8V140.8c0-6.4-6.4-12.8-12.8-12.8h-22.4c-6.4 0-12.8 6.4-12.8 12.8v198.4c0 6.4 6.4 12.8 12.8 12.8zm96 0h22.4c6.4 0 12.8-6.4 12.8-12.8V204.8c0-6.4-6.4-12.8-12.8-12.8h-22.4c-6.4 0-12.8 6.4-12.8 12.8v134.4c0 6.4 6.4 12.8 12.8 12.8zM496 400H48V80c0-8.84-7.16-16-16-16H16C7.16 64 0 71.16 0 80v336c0 17.67 14.33 32 32 32h464c8.84 0 16-7.16 16-16v-16c0-8.84-7.16-16-16-16zm-387.2-48h22.4c6.4 0 12.8-6.4 12.8-12.8v-70.4c0-6.4-6.4-12.8-12.8-12.8h-22.4c-6.4 0-12.8 6.4-12.8 12.8v70.4c0 6.4 6.4 12.8 12.8 12.8z\" class=\"\"><\/path><\/svg><\/i> <img loading=\"lazy\" decoding=\"async\" width=\"16\" height=\"16\" alt=\"Loading\" src=\"https:\/\/vocesdelacomuna15.com.ar\/wp-content\/plugins\/page-views-count\/ajax-loader-2x.gif\" border=0 \/><\/p>\n<div class=\"pvc_clear\"><\/div>\n","protected":false},"author":2,"featured_media":54307,"comment_status":"open","ping_status":"open","sticky":false,"template":"","format":"standard","meta":{"_et_pb_use_builder":"off","_et_pb_old_content":"","_et_gb_content_width":"","footnotes":""},"categories":[6,27,29,32],"tags":[],"class_list":["post-54306","post","type-post","status-publish","format-standard","has-post-thumbnail","hentry","category-agro","category-deportes","category-lapa","category-vcre","et-has-post-format-content","et_post_format-et-post-format-standard"],"a3_pvc":{"activated":true,"total_views":237,"today_views":0},"yoast_head":"<!-- This site is optimized with the Yoast SEO plugin v27.5 - https:\/\/yoast.com\/product\/yoast-seo-wordpress\/ -->\n<title>Empate sin goles de Atlanta ante Mitre de Santiago del Estero - Voces de la Comuna 15<\/title>\n<meta name=\"description\" content=\"Voces de la Comuna 15\" \/>\n<meta name=\"robots\" content=\"index, follow, max-snippet:-1, max-image-preview:large, max-video-preview:-1\" \/>\n<link rel=\"canonical\" href=\"https:\/\/vocesdelacomuna15.com.ar\/press\/empate-sin-goles-de-atlanta-ante-mitre-de-santiago-del-estero\/\" \/>\n<meta property=\"og:locale\" content=\"es_ES\" \/>\n<meta property=\"og:type\" content=\"article\" \/>\n<meta property=\"og:title\" content=\"Empate sin goles de Atlanta ante Mitre de Santiago del Estero - Voces de la Comuna 15\" \/>\n<meta property=\"og:description\" content=\"Voces de la Comuna 15\" \/>\n<meta property=\"og:url\" content=\"https:\/\/vocesdelacomuna15.com.ar\/press\/empate-sin-goles-de-atlanta-ante-mitre-de-santiago-del-estero\/\" \/>\n<meta property=\"og:site_name\" content=\"Voces de la Comuna 15\" \/>\n<meta property=\"article:publisher\" content=\"https:\/\/www.facebook.com\/VocesComuna15\/\" \/>\n<meta property=\"article:published_time\" content=\"2021-07-12T10:00:55+00:00\" \/>\n<meta property=\"article:modified_time\" content=\"2021-07-12T18:03:12+00:00\" \/>\n<meta property=\"og:image\" content=\"https:\/\/vocesdelacomuna15.com.ar\/wp-content\/uploads\/2021\/07\/atlanta-mitre.jpg\" \/>\n\t<meta property=\"og:image:width\" content=\"1536\" \/>\n\t<meta property=\"og:image:height\" content=\"1024\" \/>\n\t<meta property=\"og:image:type\" content=\"image\/jpeg\" \/>\n<meta name=\"author\" content=\"Federico Arguto\" \/>\n<meta name=\"twitter:card\" content=\"summary_large_image\" \/>\n<meta name=\"twitter:creator\" content=\"@vocescomuna15\" \/>\n<meta name=\"twitter:site\" content=\"@vocescomuna15\" \/>\n<meta name=\"twitter:label1\" content=\"Escrito por\" \/>\n\t<meta name=\"twitter:data1\" content=\"Federico Arguto\" \/>\n\t<meta name=\"twitter:label2\" content=\"Tiempo de lectura\" \/>\n\t<meta name=\"twitter:data2\" content=\"3 minutos\" \/>\n<script type=\"application\/ld+json\" class=\"yoast-schema-graph\">{\"@context\":\"https:\\\/\\\/schema.org\",\"@graph\":[{\"@type\":\"Article\",\"@id\":\"https:\\\/\\\/vocesdelacomuna15.com.ar\\\/press\\\/empate-sin-goles-de-atlanta-ante-mitre-de-santiago-del-estero\\\/#article\",\"isPartOf\":{\"@id\":\"https:\\\/\\\/vocesdelacomuna15.com.ar\\\/press\\\/empate-sin-goles-de-atlanta-ante-mitre-de-santiago-del-estero\\\/\"},\"author\":{\"name\":\"Federico Arguto\",\"@id\":\"https:\\\/\\\/vocesdelacomuna15.com.ar\\\/press\\\/#\\\/schema\\\/person\\\/4739e109db25d799cd3d139eeb509e43\"},\"headline\":\"Empate sin goles de Atlanta ante Mitre de Santiago del Estero\",\"datePublished\":\"2021-07-12T10:00:55+00:00\",\"dateModified\":\"2021-07-12T18:03:12+00:00\",\"mainEntityOfPage\":{\"@id\":\"https:\\\/\\\/vocesdelacomuna15.com.ar\\\/press\\\/empate-sin-goles-de-atlanta-ante-mitre-de-santiago-del-estero\\\/\"},\"wordCount\":545,\"commentCount\":0,\"publisher\":{\"@id\":\"https:\\\/\\\/vocesdelacomuna15.com.ar\\\/press\\\/#organization\"},\"image\":{\"@id\":\"https:\\\/\\\/vocesdelacomuna15.com.ar\\\/press\\\/empate-sin-goles-de-atlanta-ante-mitre-de-santiago-del-estero\\\/#primaryimage\"},\"thumbnailUrl\":\"https:\\\/\\\/vocesdelacomuna15.com.ar\\\/wp-content\\\/uploads\\\/2021\\\/07\\\/atlanta-mitre.jpg\",\"articleSection\":[\"Agronom\u00eda\",\"Deportes\",\"La Paternal\",\"Villa Crespo\"],\"inLanguage\":\"es-AR\",\"potentialAction\":[{\"@type\":\"CommentAction\",\"name\":\"Comment\",\"target\":[\"https:\\\/\\\/vocesdelacomuna15.com.ar\\\/press\\\/empate-sin-goles-de-atlanta-ante-mitre-de-santiago-del-estero\\\/#respond\"]}]},{\"@type\":\"WebPage\",\"@id\":\"https:\\\/\\\/vocesdelacomuna15.com.ar\\\/press\\\/empate-sin-goles-de-atlanta-ante-mitre-de-santiago-del-estero\\\/\",\"url\":\"https:\\\/\\\/vocesdelacomuna15.com.ar\\\/press\\\/empate-sin-goles-de-atlanta-ante-mitre-de-santiago-del-estero\\\/\",\"name\":\"Empate sin goles de Atlanta ante Mitre de Santiago del Estero - Voces de la Comuna 15\",\"isPartOf\":{\"@id\":\"https:\\\/\\\/vocesdelacomuna15.com.ar\\\/press\\\/#website\"},\"primaryImageOfPage\":{\"@id\":\"https:\\\/\\\/vocesdelacomuna15.com.ar\\\/press\\\/empate-sin-goles-de-atlanta-ante-mitre-de-santiago-del-estero\\\/#primaryimage\"},\"image\":{\"@id\":\"https:\\\/\\\/vocesdelacomuna15.com.ar\\\/press\\\/empate-sin-goles-de-atlanta-ante-mitre-de-santiago-del-estero\\\/#primaryimage\"},\"thumbnailUrl\":\"https:\\\/\\\/vocesdelacomuna15.com.ar\\\/wp-content\\\/uploads\\\/2021\\\/07\\\/atlanta-mitre.jpg\",\"datePublished\":\"2021-07-12T10:00:55+00:00\",\"dateModified\":\"2021-07-12T18:03:12+00:00\",\"description\":\"Voces de la Comuna 15\",\"breadcrumb\":{\"@id\":\"https:\\\/\\\/vocesdelacomuna15.com.ar\\\/press\\\/empate-sin-goles-de-atlanta-ante-mitre-de-santiago-del-estero\\\/#breadcrumb\"},\"inLanguage\":\"es-AR\",\"potentialAction\":[{\"@type\":\"ReadAction\",\"target\":[\"https:\\\/\\\/vocesdelacomuna15.com.ar\\\/press\\\/empate-sin-goles-de-atlanta-ante-mitre-de-santiago-del-estero\\\/\"]}]},{\"@type\":\"ImageObject\",\"inLanguage\":\"es-AR\",\"@id\":\"https:\\\/\\\/vocesdelacomuna15.com.ar\\\/press\\\/empate-sin-goles-de-atlanta-ante-mitre-de-santiago-del-estero\\\/#primaryimage\",\"url\":\"https:\\\/\\\/vocesdelacomuna15.com.ar\\\/wp-content\\\/uploads\\\/2021\\\/07\\\/atlanta-mitre.jpg\",\"contentUrl\":\"https:\\\/\\\/vocesdelacomuna15.com.ar\\\/wp-content\\\/uploads\\\/2021\\\/07\\\/atlanta-mitre.jpg\",\"width\":1536,\"height\":1024},{\"@type\":\"BreadcrumbList\",\"@id\":\"https:\\\/\\\/vocesdelacomuna15.com.ar\\\/press\\\/empate-sin-goles-de-atlanta-ante-mitre-de-santiago-del-estero\\\/#breadcrumb\",\"itemListElement\":[{\"@type\":\"ListItem\",\"position\":1,\"name\":\"Inicio\",\"item\":\"https:\\\/\\\/vocesdelacomuna15.com.ar\\\/press\\\/\"},{\"@type\":\"ListItem\",\"position\":2,\"name\":\"Empate sin goles de Atlanta ante Mitre de Santiago del Estero\"}]},{\"@type\":\"WebSite\",\"@id\":\"https:\\\/\\\/vocesdelacomuna15.com.ar\\\/press\\\/#website\",\"url\":\"https:\\\/\\\/vocesdelacomuna15.com.ar\\\/press\\\/\",\"name\":\"Voces de la Comuna 15\",\"description\":\"Sitio web de noticias\",\"publisher\":{\"@id\":\"https:\\\/\\\/vocesdelacomuna15.com.ar\\\/press\\\/#organization\"},\"potentialAction\":[{\"@type\":\"SearchAction\",\"target\":{\"@type\":\"EntryPoint\",\"urlTemplate\":\"https:\\\/\\\/vocesdelacomuna15.com.ar\\\/press\\\/?s={search_term_string}\"},\"query-input\":{\"@type\":\"PropertyValueSpecification\",\"valueRequired\":true,\"valueName\":\"search_term_string\"}}],\"inLanguage\":\"es-AR\"},{\"@type\":\"Organization\",\"@id\":\"https:\\\/\\\/vocesdelacomuna15.com.ar\\\/press\\\/#organization\",\"name\":\"Voces de la Comuna 15\",\"url\":\"https:\\\/\\\/vocesdelacomuna15.com.ar\\\/press\\\/\",\"logo\":{\"@type\":\"ImageObject\",\"inLanguage\":\"es-AR\",\"@id\":\"https:\\\/\\\/vocesdelacomuna15.com.ar\\\/press\\\/#\\\/schema\\\/logo\\\/image\\\/\",\"url\":\"https:\\\/\\\/vocesdelacomuna15.com.ar\\\/wp-content\\\/uploads\\\/2024\\\/12\\\/cropped-logo_voces.jpg\",\"contentUrl\":\"https:\\\/\\\/vocesdelacomuna15.com.ar\\\/wp-content\\\/uploads\\\/2024\\\/12\\\/cropped-logo_voces.jpg\",\"width\":512,\"height\":512,\"caption\":\"Voces de la Comuna 15\"},\"image\":{\"@id\":\"https:\\\/\\\/vocesdelacomuna15.com.ar\\\/press\\\/#\\\/schema\\\/logo\\\/image\\\/\"},\"sameAs\":[\"https:\\\/\\\/www.facebook.com\\\/VocesComuna15\\\/\",\"https:\\\/\\\/x.com\\\/vocescomuna15\"]},{\"@type\":\"Person\",\"@id\":\"https:\\\/\\\/vocesdelacomuna15.com.ar\\\/press\\\/#\\\/schema\\\/person\\\/4739e109db25d799cd3d139eeb509e43\",\"name\":\"Federico Arguto\",\"image\":{\"@type\":\"ImageObject\",\"inLanguage\":\"es-AR\",\"@id\":\"https:\\\/\\\/vocesdelacomuna15.com.ar\\\/wp-content\\\/litespeed\\\/avatar\\\/82faf979976f1bae889b8b71f8a0a7e5.jpg?ver=1777419741\",\"url\":\"https:\\\/\\\/vocesdelacomuna15.com.ar\\\/wp-content\\\/litespeed\\\/avatar\\\/82faf979976f1bae889b8b71f8a0a7e5.jpg?ver=1777419741\",\"contentUrl\":\"https:\\\/\\\/vocesdelacomuna15.com.ar\\\/wp-content\\\/litespeed\\\/avatar\\\/82faf979976f1bae889b8b71f8a0a7e5.jpg?ver=1777419741\",\"caption\":\"Federico Arguto\"},\"url\":\"https:\\\/\\\/vocesdelacomuna15.com.ar\\\/press\\\/author\\\/fede\\\/\"}]}<\/script>\n<!-- \/ Yoast SEO plugin. -->","yoast_head_json":{"title":"Empate sin goles de Atlanta ante Mitre de Santiago del Estero - Voces de la Comuna 15","description":"Voces de la Comuna 15","robots":{"index":"index","follow":"follow","max-snippet":"max-snippet:-1","max-image-preview":"max-image-preview:large","max-video-preview":"max-video-preview:-1"},"canonical":"https:\/\/vocesdelacomuna15.com.ar\/press\/empate-sin-goles-de-atlanta-ante-mitre-de-santiago-del-estero\/","og_locale":"es_ES","og_type":"article","og_title":"Empate sin goles de Atlanta ante Mitre de Santiago del Estero - Voces de la Comuna 15","og_description":"Voces de la Comuna 15","og_url":"https:\/\/vocesdelacomuna15.com.ar\/press\/empate-sin-goles-de-atlanta-ante-mitre-de-santiago-del-estero\/","og_site_name":"Voces de la Comuna 15","article_publisher":"https:\/\/www.facebook.com\/VocesComuna15\/","article_published_time":"2021-07-12T10:00:55+00:00","article_modified_time":"2021-07-12T18:03:12+00:00","og_image":[{"width":1536,"height":1024,"url":"https:\/\/vocesdelacomuna15.com.ar\/wp-content\/uploads\/2021\/07\/atlanta-mitre.jpg","type":"image\/jpeg"}],"author":"Federico Arguto","twitter_card":"summary_large_image","twitter_creator":"@vocescomuna15","twitter_site":"@vocescomuna15","twitter_misc":{"Escrito por":"Federico Arguto","Tiempo de lectura":"3 minutos"},"schema":{"@context":"https:\/\/schema.org","@graph":[{"@type":"Article","@id":"https:\/\/vocesdelacomuna15.com.ar\/press\/empate-sin-goles-de-atlanta-ante-mitre-de-santiago-del-estero\/#article","isPartOf":{"@id":"https:\/\/vocesdelacomuna15.com.ar\/press\/empate-sin-goles-de-atlanta-ante-mitre-de-santiago-del-estero\/"},"author":{"name":"Federico Arguto","@id":"https:\/\/vocesdelacomuna15.com.ar\/press\/#\/schema\/person\/4739e109db25d799cd3d139eeb509e43"},"headline":"Empate sin goles de Atlanta ante Mitre de Santiago del Estero","datePublished":"2021-07-12T10:00:55+00:00","dateModified":"2021-07-12T18:03:12+00:00","mainEntityOfPage":{"@id":"https:\/\/vocesdelacomuna15.com.ar\/press\/empate-sin-goles-de-atlanta-ante-mitre-de-santiago-del-estero\/"},"wordCount":545,"commentCount":0,"publisher":{"@id":"https:\/\/vocesdelacomuna15.com.ar\/press\/#organization"},"image":{"@id":"https:\/\/vocesdelacomuna15.com.ar\/press\/empate-sin-goles-de-atlanta-ante-mitre-de-santiago-del-estero\/#primaryimage"},"thumbnailUrl":"https:\/\/vocesdelacomuna15.com.ar\/wp-content\/uploads\/2021\/07\/atlanta-mitre.jpg","articleSection":["Agronom\u00eda","Deportes","La Paternal","Villa Crespo"],"inLanguage":"es-AR","potentialAction":[{"@type":"CommentAction","name":"Comment","target":["https:\/\/vocesdelacomuna15.com.ar\/press\/empate-sin-goles-de-atlanta-ante-mitre-de-santiago-del-estero\/#respond"]}]},{"@type":"WebPage","@id":"https:\/\/vocesdelacomuna15.com.ar\/press\/empate-sin-goles-de-atlanta-ante-mitre-de-santiago-del-estero\/","url":"https:\/\/vocesdelacomuna15.com.ar\/press\/empate-sin-goles-de-atlanta-ante-mitre-de-santiago-del-estero\/","name":"Empate sin goles de Atlanta ante Mitre de Santiago del Estero - Voces de la Comuna 15","isPartOf":{"@id":"https:\/\/vocesdelacomuna15.com.ar\/press\/#website"},"primaryImageOfPage":{"@id":"https:\/\/vocesdelacomuna15.com.ar\/press\/empate-sin-goles-de-atlanta-ante-mitre-de-santiago-del-estero\/#primaryimage"},"image":{"@id":"https:\/\/vocesdelacomuna15.com.ar\/press\/empate-sin-goles-de-atlanta-ante-mitre-de-santiago-del-estero\/#primaryimage"},"thumbnailUrl":"https:\/\/vocesdelacomuna15.com.ar\/wp-content\/uploads\/2021\/07\/atlanta-mitre.jpg","datePublished":"2021-07-12T10:00:55+00:00","dateModified":"2021-07-12T18:03:12+00:00","description":"Voces de la Comuna 15","breadcrumb":{"@id":"https:\/\/vocesdelacomuna15.com.ar\/press\/empate-sin-goles-de-atlanta-ante-mitre-de-santiago-del-estero\/#breadcrumb"},"inLanguage":"es-AR","potentialAction":[{"@type":"ReadAction","target":["https:\/\/vocesdelacomuna15.com.ar\/press\/empate-sin-goles-de-atlanta-ante-mitre-de-santiago-del-estero\/"]}]},{"@type":"ImageObject","inLanguage":"es-AR","@id":"https:\/\/vocesdelacomuna15.com.ar\/press\/empate-sin-goles-de-atlanta-ante-mitre-de-santiago-del-estero\/#primaryimage","url":"https:\/\/vocesdelacomuna15.com.ar\/wp-content\/uploads\/2021\/07\/atlanta-mitre.jpg","contentUrl":"https:\/\/vocesdelacomuna15.com.ar\/wp-content\/uploads\/2021\/07\/atlanta-mitre.jpg","width":1536,"height":1024},{"@type":"BreadcrumbList","@id":"https:\/\/vocesdelacomuna15.com.ar\/press\/empate-sin-goles-de-atlanta-ante-mitre-de-santiago-del-estero\/#breadcrumb","itemListElement":[{"@type":"ListItem","position":1,"name":"Inicio","item":"https:\/\/vocesdelacomuna15.com.ar\/press\/"},{"@type":"ListItem","position":2,"name":"Empate sin goles de Atlanta ante Mitre de Santiago del Estero"}]},{"@type":"WebSite","@id":"https:\/\/vocesdelacomuna15.com.ar\/press\/#website","url":"https:\/\/vocesdelacomuna15.com.ar\/press\/","name":"Voces de la Comuna 15","description":"Sitio web de noticias","publisher":{"@id":"https:\/\/vocesdelacomuna15.com.ar\/press\/#organization"},"potentialAction":[{"@type":"SearchAction","target":{"@type":"EntryPoint","urlTemplate":"https:\/\/vocesdelacomuna15.com.ar\/press\/?s={search_term_string}"},"query-input":{"@type":"PropertyValueSpecification","valueRequired":true,"valueName":"search_term_string"}}],"inLanguage":"es-AR"},{"@type":"Organization","@id":"https:\/\/vocesdelacomuna15.com.ar\/press\/#organization","name":"Voces de la Comuna 15","url":"https:\/\/vocesdelacomuna15.com.ar\/press\/","logo":{"@type":"ImageObject","inLanguage":"es-AR","@id":"https:\/\/vocesdelacomuna15.com.ar\/press\/#\/schema\/logo\/image\/","url":"https:\/\/vocesdelacomuna15.com.ar\/wp-content\/uploads\/2024\/12\/cropped-logo_voces.jpg","contentUrl":"https:\/\/vocesdelacomuna15.com.ar\/wp-content\/uploads\/2024\/12\/cropped-logo_voces.jpg","width":512,"height":512,"caption":"Voces de la Comuna 15"},"image":{"@id":"https:\/\/vocesdelacomuna15.com.ar\/press\/#\/schema\/logo\/image\/"},"sameAs":["https:\/\/www.facebook.com\/VocesComuna15\/","https:\/\/x.com\/vocescomuna15"]},{"@type":"Person","@id":"https:\/\/vocesdelacomuna15.com.ar\/press\/#\/schema\/person\/4739e109db25d799cd3d139eeb509e43","name":"Federico Arguto","image":{"@type":"ImageObject","inLanguage":"es-AR","@id":"https:\/\/vocesdelacomuna15.com.ar\/wp-content\/litespeed\/avatar\/82faf979976f1bae889b8b71f8a0a7e5.jpg?ver=1777419741","url":"https:\/\/vocesdelacomuna15.com.ar\/wp-content\/litespeed\/avatar\/82faf979976f1bae889b8b71f8a0a7e5.jpg?ver=1777419741","contentUrl":"https:\/\/vocesdelacomuna15.com.ar\/wp-content\/litespeed\/avatar\/82faf979976f1bae889b8b71f8a0a7e5.jpg?ver=1777419741","caption":"Federico Arguto"},"url":"https:\/\/vocesdelacomuna15.com.ar\/press\/author\/fede\/"}]}},"_links":{"self":[{"href":"https:\/\/vocesdelacomuna15.com.ar\/press\/wp-json\/wp\/v2\/posts\/54306","targetHints":{"allow":["GET"]}}],"collection":[{"href":"https:\/\/vocesdelacomuna15.com.ar\/press\/wp-json\/wp\/v2\/posts"}],"about":[{"href":"https:\/\/vocesdelacomuna15.com.ar\/press\/wp-json\/wp\/v2\/types\/post"}],"author":[{"embeddable":true,"href":"https:\/\/vocesdelacomuna15.com.ar\/press\/wp-json\/wp\/v2\/users\/2"}],"replies":[{"embeddable":true,"href":"https:\/\/vocesdelacomuna15.com.ar\/press\/wp-json\/wp\/v2\/comments?post=54306"}],"version-history":[{"count":1,"href":"https:\/\/vocesdelacomuna15.com.ar\/press\/wp-json\/wp\/v2\/posts\/54306\/revisions"}],"predecessor-version":[{"id":54310,"href":"https:\/\/vocesdelacomuna15.com.ar\/press\/wp-json\/wp\/v2\/posts\/54306\/revisions\/54310"}],"wp:featuredmedia":[{"embeddable":true,"href":"https:\/\/vocesdelacomuna15.com.ar\/press\/wp-json\/wp\/v2\/media\/54307"}],"wp:attachment":[{"href":"https:\/\/vocesdelacomuna15.com.ar\/press\/wp-json\/wp\/v2\/media?parent=54306"}],"wp:term":[{"taxonomy":"category","embeddable":true,"href":"https:\/\/vocesdelacomuna15.com.ar\/press\/wp-json\/wp\/v2\/categories?post=54306"},{"taxonomy":"post_tag","embeddable":true,"href":"https:\/\/vocesdelacomuna15.com.ar\/press\/wp-json\/wp\/v2\/tags?post=54306"}],"curies":[{"name":"wp","href":"https:\/\/api.w.org\/{rel}","templated":true}]}}