{"id":54302,"date":"2021-07-12T02:10:11","date_gmt":"2021-07-12T05:10:11","guid":{"rendered":"http:\/\/vocesdelacomuna15.com.ar\/wordpress\/?p=54302"},"modified":"2021-07-12T14:12:26","modified_gmt":"2021-07-12T17:12:26","slug":"fauba-celebramos-el-bicentenario-de-la-uba-con-una-jornada-sobre-el-cuidado-del-planeta-y-la-orientacion-vocacional","status":"publish","type":"post","link":"https:\/\/vocesdelacomuna15.com.ar\/press\/fauba-celebramos-el-bicentenario-de-la-uba-con-una-jornada-sobre-el-cuidado-del-planeta-y-la-orientacion-vocacional\/","title":{"rendered":"FAUBA: Celebramos el Bicentenario de la UBA con una Jornada sobre el cuidado del planeta y la orientaci\u00f3n vocacional"},"content":{"rendered":"\n<h5 class=\"wp-block-heading\">En un evento que tuvo participantes de todo el pa\u00eds, con charlas tem\u00e1ticas y de orientaci\u00f3n vocacional, junto a un concurso para escuelas secundarias, el compromiso por el cuidado del planeta se hizo presente. Organizado por la FAUBA y la DOE (SRICC -SOU). \u00a0Fuente: Agro.uba.ar (Publicada el 2 de julio)<\/h5>\n\n\n\n<p>En el marco de las\ncelebraciones por el Bicentenario de la UBA, la Jornada \u201cCuidemos el Planeta.\nFormando protagonistas para un futuro mejor\u201d reuni\u00f3 a especialistas de la\nFacultad de Agronom\u00eda de la UBA (FAUBA) que presentaron tem\u00e1ticas y desaf\u00edos\npara el cuidado del ambiente, junto con propuestas de orientaci\u00f3n vocacional\ndel equipo profesional de la Direcci\u00f3n de Orientaci\u00f3n al Estudiante (DOE) para\nreflexionar sobre lugar que los intereses y la informaci\u00f3n en la construcci\u00f3n\nde proyectos de estudio y de trabajo.<\/p>\n\n\n\n<p>La apertura del\nevento estuvo a cargo de las autoridades. El Rector Prof. Dr. Alberto Barbieri,\nresalt\u00f3 la importancia de que las nuevas generaciones tengan claro cu\u00e1l es el\nsentido, el compromiso y la capacitaci\u00f3n que se requieren para el cuidado de\nnuestro entorno, recordando a su vez, que nuestra Universidad cuenta con un\nPrograma Interdisciplinario de Educaci\u00f3n Ambiental. Justamente, la Decana de la\nFacultad de Agronom\u00eda, Dra. Ing. Agr. Marcela Gally, invit\u00f3 a que esta Jornada,\nadem\u00e1s de concientizar a los\/as j\u00f3venes sobre las problem\u00e1ticas ambientales y\nlas estrategias para contribuir a mitigarlas, les permita ampliar su\nconocimiento acerca de carreras que incluyen estos aportes. A su vez, la\nSecretaria de Relaciones Institucionales, Cultura y Comunicaci\u00f3n, Lic. Paula\nQuattrocchi, destac\u00f3 que los intereses personales vinculados al cuidado\nambiental, se pueden relacionar con el rol social, invitando a pensar que los\nestudios superiores y las profesiones&nbsp; pueden ser una forma de aportar a\nla sociedad.<\/p>\n\n\n\n<p>Presentadas a\ntrav\u00e9s de una conducci\u00f3n din\u00e1mica, docentes, investigadores\/as y estudiantes de\nla FAUBA brindaron tres charlas sobre distintos ejes tem\u00e1ticos. En primer\nlugar, se abord\u00f3 la incidencia de las actividades humanas que influyen en el\naumento de las temperaturas con el consecuente calentamiento global y cambio\nclim\u00e1tico. Luego se dieron a conocer investigaciones y experiencias con\nmicroalgas para la obtenci\u00f3n de agua de calidad en el marco de propuestas de\neconom\u00eda circular. Por \u00faltimo, profesionales y estudiantes de la carrera de\nCiencias Ambientales, dieron a conocer sus experiencias e intereses vinculados\na la gesti\u00f3n de residuos s\u00f3lidos urbanos y las acciones de transferencia que se\nrealizan desde la FAUBA a la comunidad.<\/p>\n\n\n\n<p>En las charlas\nTiempos de Orientar Proyectos, a cargo de psic\u00f3logas orientadoras integrantes\nde la Direcci\u00f3n de Orientaci\u00f3n al Estudiante, se retomaron aspectos\nrelacionados a la posibilidad de poner en juego los intereses personales, en\neste caso acerca del cuidado del ambiente, en proyectos educativos y laborales\nfuturos. A su vez, se se\u00f1al\u00f3 la importancia de identificar y analizar la\ninformaci\u00f3n que se necesita para emprender estos proyectos en el marco de la\nelecci\u00f3n de una carrera. Cabe destacar que durante el desarrollo del evento,\nfuncion\u00f3 el Stand Virtual de Orientaci\u00f3n a trav\u00e9s del CHAT de la DOE, atendido\npor su equipo de psic\u00f3logos\/as orientadores\/as.<\/p>\n\n\n\n<p>Finalmente, el cierre del evento\nfue de la mano de sus protagonistas. El compromiso y la creatividad de\nestudiantes de las escuelas secundarias de todo el pa\u00eds se hizo presente a\ntrav\u00e9s de diferentes piezas que participaron del Concurso \u201cCuidemos el\nPlaneta\u201d. Tanto la divisi\u00f3n ganadora, como las menciones especiales y todos los\ngrupos que participaron, demostraron la importancia de tomar protagonismo en\nexperiencias y pr\u00e1cticas de concientizaci\u00f3n referidas a la protecci\u00f3n\nambiental. Todas las piezas est\u00e1n disponibles para su visualizaci\u00f3n en el canal\n\u201cCuidemos el Planeta\u201d.<\/p>\n\n\n\n<p>Este evento fue organizado por la\nFacultad de Agronom\u00eda y la Secretar\u00eda de Relaciones Institucionales, Cultura y\nComunicaci\u00f3n, mediante la Direcci\u00f3n de Orientaci\u00f3n al Estudiante de la\nSubsecretar\u00eda de Orientaci\u00f3n Universitaria. Esto refleja el trabajo mancomunado\nentre ambas \u00e1reas, dentro de otras acciones llevadas a cabo, tendiendo puentes\nentre la UBA y la comunidad en general para seguir avanzando en la construcci\u00f3n\nde un futuro mejor para nuestro planeta, y la formaci\u00f3n de profesionales con\nconciencia social y ambiental.<\/p>\n\n\n\n<p>Reviv\u00ed todo lo que pas\u00f3 en: <a href=\"https:\/\/www.youtube.com\/watch?v=RLG9pnLR1QM\">Jornadas\n&#8220;Cuidemos el Planeta. Formando protagonista para un futuro mejor\u201d<\/a><br>\nPara m\u00e1s informaci\u00f3n:<br>\nInstagram DOE: <a href=\"https:\/\/www.instagram.com\/doeuba\/?hl=es-la\">@doeuba<\/a><br>\nChat en l\u00ednea DOE: <a href=\"https:\/\/www.uba.ar\/academicos\/doe\/banners.php?id=30\">https:\/\/www.uba.ar\/academicos\/doe<\/a><br>\nFacultad de Agronom\u00eda: <a href=\"https:\/\/www.instagram.com\/fauba_oficial\/?hl=es-la\">@fauba_oficial<\/a> <a href=\"https:\/\/www.agro.uba.ar\/noticias\/actualidad-news\/@fauba_vinculacion\">@fauba_vinculacion<\/a><\/p>\n\n\n\n<p><em><strong>*Nota elaborada por Equipo\nde la Direcci\u00f3n de Orientaci\u00f3n al Estudiante (DOE), Subsecretar\u00eda de\nOrientaci\u00f3n Universitaria &#8211; Secretar\u00eda de Relaciones Institucionales, Cultura y\nComunicaci\u00f3n del Rectorado de la Universidad de Buenos Aires.<\/strong><\/em><\/p>\n\n\n\n<p>Caracteres: 4.556<\/p>\n\n\n\n<p>Fuente y Foto:\nAgro.uba.ar<\/p>\n<div class=\"pvc_clear\"><\/div><p id=\"pvc_stats_54302\" class=\"pvc_stats all  \" data-element-id=\"54302\" style=\"\"><i class=\"pvc-stats-icon small\" aria-hidden=\"true\"><svg aria-hidden=\"true\" focusable=\"false\" data-prefix=\"far\" data-icon=\"chart-bar\" role=\"img\" xmlns=\"http:\/\/www.w3.org\/2000\/svg\" viewBox=\"0 0 512 512\" class=\"svg-inline--fa fa-chart-bar fa-w-16 fa-2x\"><path fill=\"currentColor\" d=\"M396.8 352h22.4c6.4 0 12.8-6.4 12.8-12.8V108.8c0-6.4-6.4-12.8-12.8-12.8h-22.4c-6.4 0-12.8 6.4-12.8 12.8v230.4c0 6.4 6.4 12.8 12.8 12.8zm-192 0h22.4c6.4 0 12.8-6.4 12.8-12.8V140.8c0-6.4-6.4-12.8-12.8-12.8h-22.4c-6.4 0-12.8 6.4-12.8 12.8v198.4c0 6.4 6.4 12.8 12.8 12.8zm96 0h22.4c6.4 0 12.8-6.4 12.8-12.8V204.8c0-6.4-6.4-12.8-12.8-12.8h-22.4c-6.4 0-12.8 6.4-12.8 12.8v134.4c0 6.4 6.4 12.8 12.8 12.8zM496 400H48V80c0-8.84-7.16-16-16-16H16C7.16 64 0 71.16 0 80v336c0 17.67 14.33 32 32 32h464c8.84 0 16-7.16 16-16v-16c0-8.84-7.16-16-16-16zm-387.2-48h22.4c6.4 0 12.8-6.4 12.8-12.8v-70.4c0-6.4-6.4-12.8-12.8-12.8h-22.4c-6.4 0-12.8 6.4-12.8 12.8v70.4c0 6.4 6.4 12.8 12.8 12.8z\" class=\"\"><\/path><\/svg><\/i> <img loading=\"lazy\" decoding=\"async\" width=\"16\" height=\"16\" alt=\"Loading\" src=\"https:\/\/vocesdelacomuna15.com.ar\/wp-content\/plugins\/page-views-count\/ajax-loader-2x.gif\" border=0 \/><\/p><div class=\"pvc_clear\"><\/div>","protected":false},"excerpt":{"rendered":"<p>En un evento que tuvo participantes de todo el pa\u00eds, con charlas tem\u00e1ticas y de orientaci\u00f3n vocacional, junto a un concurso para escuelas secundarias, el compromiso por el cuidado del planeta se hizo presente. Organizado por la FAUBA y la DOE (SRICC -SOU). \u00a0Fuente: Agro.uba.ar (Publicada el 2 de julio) En el marco de las [&hellip;]<\/p>\n<div class=\"pvc_clear\"><\/div>\n<p id=\"pvc_stats_54302\" class=\"pvc_stats all  \" data-element-id=\"54302\" style=\"\"><i class=\"pvc-stats-icon small\" aria-hidden=\"true\"><svg aria-hidden=\"true\" focusable=\"false\" data-prefix=\"far\" data-icon=\"chart-bar\" role=\"img\" xmlns=\"http:\/\/www.w3.org\/2000\/svg\" viewBox=\"0 0 512 512\" class=\"svg-inline--fa fa-chart-bar fa-w-16 fa-2x\"><path fill=\"currentColor\" d=\"M396.8 352h22.4c6.4 0 12.8-6.4 12.8-12.8V108.8c0-6.4-6.4-12.8-12.8-12.8h-22.4c-6.4 0-12.8 6.4-12.8 12.8v230.4c0 6.4 6.4 12.8 12.8 12.8zm-192 0h22.4c6.4 0 12.8-6.4 12.8-12.8V140.8c0-6.4-6.4-12.8-12.8-12.8h-22.4c-6.4 0-12.8 6.4-12.8 12.8v198.4c0 6.4 6.4 12.8 12.8 12.8zm96 0h22.4c6.4 0 12.8-6.4 12.8-12.8V204.8c0-6.4-6.4-12.8-12.8-12.8h-22.4c-6.4 0-12.8 6.4-12.8 12.8v134.4c0 6.4 6.4 12.8 12.8 12.8zM496 400H48V80c0-8.84-7.16-16-16-16H16C7.16 64 0 71.16 0 80v336c0 17.67 14.33 32 32 32h464c8.84 0 16-7.16 16-16v-16c0-8.84-7.16-16-16-16zm-387.2-48h22.4c6.4 0 12.8-6.4 12.8-12.8v-70.4c0-6.4-6.4-12.8-12.8-12.8h-22.4c-6.4 0-12.8 6.4-12.8 12.8v70.4c0 6.4 6.4 12.8 12.8 12.8z\" class=\"\"><\/path><\/svg><\/i> <img loading=\"lazy\" decoding=\"async\" width=\"16\" height=\"16\" alt=\"Loading\" src=\"https:\/\/vocesdelacomuna15.com.ar\/wp-content\/plugins\/page-views-count\/ajax-loader-2x.gif\" border=0 \/><\/p>\n<div class=\"pvc_clear\"><\/div>\n","protected":false},"author":2,"featured_media":54303,"comment_status":"open","ping_status":"open","sticky":false,"template":"","format":"standard","meta":{"_et_pb_use_builder":"off","_et_pb_old_content":"","_et_gb_content_width":"","footnotes":""},"categories":[6,8],"tags":[],"class_list":["post-54302","post","type-post","status-publish","format-standard","has-post-thumbnail","hentry","category-agro","category-sociedad","et-has-post-format-content","et_post_format-et-post-format-standard"],"a3_pvc":{"activated":true,"total_views":180,"today_views":0},"yoast_head":"<!-- This site is optimized with the Yoast SEO plugin v27.5 - https:\/\/yoast.com\/product\/yoast-seo-wordpress\/ -->\n<title>FAUBA: Celebramos el Bicentenario de la UBA con una Jornada sobre el cuidado del planeta y la orientaci\u00f3n vocacional - Voces de la Comuna 15<\/title>\n<meta name=\"description\" content=\"Voces de la Comuna 15\" \/>\n<meta name=\"robots\" content=\"index, follow, max-snippet:-1, max-image-preview:large, max-video-preview:-1\" \/>\n<link rel=\"canonical\" href=\"https:\/\/vocesdelacomuna15.com.ar\/press\/fauba-celebramos-el-bicentenario-de-la-uba-con-una-jornada-sobre-el-cuidado-del-planeta-y-la-orientacion-vocacional\/\" \/>\n<meta property=\"og:locale\" content=\"es_ES\" \/>\n<meta property=\"og:type\" content=\"article\" \/>\n<meta property=\"og:title\" content=\"FAUBA: Celebramos el Bicentenario de la UBA con una Jornada sobre el cuidado del planeta y la orientaci\u00f3n vocacional - Voces de la Comuna 15\" \/>\n<meta property=\"og:description\" content=\"Voces de la Comuna 15\" \/>\n<meta property=\"og:url\" content=\"https:\/\/vocesdelacomuna15.com.ar\/press\/fauba-celebramos-el-bicentenario-de-la-uba-con-una-jornada-sobre-el-cuidado-del-planeta-y-la-orientacion-vocacional\/\" \/>\n<meta property=\"og:site_name\" content=\"Voces de la Comuna 15\" \/>\n<meta property=\"article:publisher\" content=\"https:\/\/www.facebook.com\/VocesComuna15\/\" \/>\n<meta property=\"article:published_time\" content=\"2021-07-12T05:10:11+00:00\" \/>\n<meta property=\"article:modified_time\" content=\"2021-07-12T17:12:26+00:00\" \/>\n<meta property=\"og:image\" content=\"https:\/\/vocesdelacomuna15.com.ar\/wp-content\/uploads\/2021\/07\/captura-de-pantalla-2021-07-02-a-las-10.00.37.png\" \/>\n\t<meta property=\"og:image:width\" content=\"1439\" \/>\n\t<meta property=\"og:image:height\" content=\"784\" \/>\n\t<meta property=\"og:image:type\" content=\"image\/png\" \/>\n<meta name=\"author\" content=\"Federico Arguto\" \/>\n<meta name=\"twitter:card\" content=\"summary_large_image\" \/>\n<meta name=\"twitter:creator\" content=\"@vocescomuna15\" \/>\n<meta name=\"twitter:site\" content=\"@vocescomuna15\" \/>\n<meta name=\"twitter:label1\" content=\"Escrito por\" \/>\n\t<meta name=\"twitter:data1\" content=\"Federico Arguto\" \/>\n\t<meta name=\"twitter:label2\" content=\"Tiempo de lectura\" \/>\n\t<meta name=\"twitter:data2\" content=\"4 minutos\" \/>\n<script type=\"application\/ld+json\" class=\"yoast-schema-graph\">{\"@context\":\"https:\\\/\\\/schema.org\",\"@graph\":[{\"@type\":\"Article\",\"@id\":\"https:\\\/\\\/vocesdelacomuna15.com.ar\\\/press\\\/fauba-celebramos-el-bicentenario-de-la-uba-con-una-jornada-sobre-el-cuidado-del-planeta-y-la-orientacion-vocacional\\\/#article\",\"isPartOf\":{\"@id\":\"https:\\\/\\\/vocesdelacomuna15.com.ar\\\/press\\\/fauba-celebramos-el-bicentenario-de-la-uba-con-una-jornada-sobre-el-cuidado-del-planeta-y-la-orientacion-vocacional\\\/\"},\"author\":{\"name\":\"Federico Arguto\",\"@id\":\"https:\\\/\\\/vocesdelacomuna15.com.ar\\\/press\\\/#\\\/schema\\\/person\\\/4739e109db25d799cd3d139eeb509e43\"},\"headline\":\"FAUBA: Celebramos el Bicentenario de la UBA con una Jornada sobre el cuidado del planeta y la orientaci\u00f3n vocacional\",\"datePublished\":\"2021-07-12T05:10:11+00:00\",\"dateModified\":\"2021-07-12T17:12:26+00:00\",\"mainEntityOfPage\":{\"@id\":\"https:\\\/\\\/vocesdelacomuna15.com.ar\\\/press\\\/fauba-celebramos-el-bicentenario-de-la-uba-con-una-jornada-sobre-el-cuidado-del-planeta-y-la-orientacion-vocacional\\\/\"},\"wordCount\":839,\"commentCount\":0,\"publisher\":{\"@id\":\"https:\\\/\\\/vocesdelacomuna15.com.ar\\\/press\\\/#organization\"},\"image\":{\"@id\":\"https:\\\/\\\/vocesdelacomuna15.com.ar\\\/press\\\/fauba-celebramos-el-bicentenario-de-la-uba-con-una-jornada-sobre-el-cuidado-del-planeta-y-la-orientacion-vocacional\\\/#primaryimage\"},\"thumbnailUrl\":\"https:\\\/\\\/vocesdelacomuna15.com.ar\\\/wp-content\\\/uploads\\\/2021\\\/07\\\/captura-de-pantalla-2021-07-02-a-las-10.00.37.png\",\"articleSection\":[\"Agronom\u00eda\",\"Sociedad\"],\"inLanguage\":\"es-AR\",\"potentialAction\":[{\"@type\":\"CommentAction\",\"name\":\"Comment\",\"target\":[\"https:\\\/\\\/vocesdelacomuna15.com.ar\\\/press\\\/fauba-celebramos-el-bicentenario-de-la-uba-con-una-jornada-sobre-el-cuidado-del-planeta-y-la-orientacion-vocacional\\\/#respond\"]}]},{\"@type\":\"WebPage\",\"@id\":\"https:\\\/\\\/vocesdelacomuna15.com.ar\\\/press\\\/fauba-celebramos-el-bicentenario-de-la-uba-con-una-jornada-sobre-el-cuidado-del-planeta-y-la-orientacion-vocacional\\\/\",\"url\":\"https:\\\/\\\/vocesdelacomuna15.com.ar\\\/press\\\/fauba-celebramos-el-bicentenario-de-la-uba-con-una-jornada-sobre-el-cuidado-del-planeta-y-la-orientacion-vocacional\\\/\",\"name\":\"FAUBA: Celebramos el Bicentenario de la UBA con una Jornada sobre el cuidado del planeta y la orientaci\u00f3n vocacional - Voces de la Comuna 15\",\"isPartOf\":{\"@id\":\"https:\\\/\\\/vocesdelacomuna15.com.ar\\\/press\\\/#website\"},\"primaryImageOfPage\":{\"@id\":\"https:\\\/\\\/vocesdelacomuna15.com.ar\\\/press\\\/fauba-celebramos-el-bicentenario-de-la-uba-con-una-jornada-sobre-el-cuidado-del-planeta-y-la-orientacion-vocacional\\\/#primaryimage\"},\"image\":{\"@id\":\"https:\\\/\\\/vocesdelacomuna15.com.ar\\\/press\\\/fauba-celebramos-el-bicentenario-de-la-uba-con-una-jornada-sobre-el-cuidado-del-planeta-y-la-orientacion-vocacional\\\/#primaryimage\"},\"thumbnailUrl\":\"https:\\\/\\\/vocesdelacomuna15.com.ar\\\/wp-content\\\/uploads\\\/2021\\\/07\\\/captura-de-pantalla-2021-07-02-a-las-10.00.37.png\",\"datePublished\":\"2021-07-12T05:10:11+00:00\",\"dateModified\":\"2021-07-12T17:12:26+00:00\",\"description\":\"Voces de la Comuna 15\",\"breadcrumb\":{\"@id\":\"https:\\\/\\\/vocesdelacomuna15.com.ar\\\/press\\\/fauba-celebramos-el-bicentenario-de-la-uba-con-una-jornada-sobre-el-cuidado-del-planeta-y-la-orientacion-vocacional\\\/#breadcrumb\"},\"inLanguage\":\"es-AR\",\"potentialAction\":[{\"@type\":\"ReadAction\",\"target\":[\"https:\\\/\\\/vocesdelacomuna15.com.ar\\\/press\\\/fauba-celebramos-el-bicentenario-de-la-uba-con-una-jornada-sobre-el-cuidado-del-planeta-y-la-orientacion-vocacional\\\/\"]}]},{\"@type\":\"ImageObject\",\"inLanguage\":\"es-AR\",\"@id\":\"https:\\\/\\\/vocesdelacomuna15.com.ar\\\/press\\\/fauba-celebramos-el-bicentenario-de-la-uba-con-una-jornada-sobre-el-cuidado-del-planeta-y-la-orientacion-vocacional\\\/#primaryimage\",\"url\":\"https:\\\/\\\/vocesdelacomuna15.com.ar\\\/wp-content\\\/uploads\\\/2021\\\/07\\\/captura-de-pantalla-2021-07-02-a-las-10.00.37.png\",\"contentUrl\":\"https:\\\/\\\/vocesdelacomuna15.com.ar\\\/wp-content\\\/uploads\\\/2021\\\/07\\\/captura-de-pantalla-2021-07-02-a-las-10.00.37.png\",\"width\":1439,\"height\":784},{\"@type\":\"BreadcrumbList\",\"@id\":\"https:\\\/\\\/vocesdelacomuna15.com.ar\\\/press\\\/fauba-celebramos-el-bicentenario-de-la-uba-con-una-jornada-sobre-el-cuidado-del-planeta-y-la-orientacion-vocacional\\\/#breadcrumb\",\"itemListElement\":[{\"@type\":\"ListItem\",\"position\":1,\"name\":\"Inicio\",\"item\":\"https:\\\/\\\/vocesdelacomuna15.com.ar\\\/press\\\/\"},{\"@type\":\"ListItem\",\"position\":2,\"name\":\"FAUBA: Celebramos el Bicentenario de la UBA con una Jornada sobre el cuidado del planeta y la orientaci\u00f3n vocacional\"}]},{\"@type\":\"WebSite\",\"@id\":\"https:\\\/\\\/vocesdelacomuna15.com.ar\\\/press\\\/#website\",\"url\":\"https:\\\/\\\/vocesdelacomuna15.com.ar\\\/press\\\/\",\"name\":\"Voces de la Comuna 15\",\"description\":\"Sitio web de noticias\",\"publisher\":{\"@id\":\"https:\\\/\\\/vocesdelacomuna15.com.ar\\\/press\\\/#organization\"},\"potentialAction\":[{\"@type\":\"SearchAction\",\"target\":{\"@type\":\"EntryPoint\",\"urlTemplate\":\"https:\\\/\\\/vocesdelacomuna15.com.ar\\\/press\\\/?s={search_term_string}\"},\"query-input\":{\"@type\":\"PropertyValueSpecification\",\"valueRequired\":true,\"valueName\":\"search_term_string\"}}],\"inLanguage\":\"es-AR\"},{\"@type\":\"Organization\",\"@id\":\"https:\\\/\\\/vocesdelacomuna15.com.ar\\\/press\\\/#organization\",\"name\":\"Voces de la Comuna 15\",\"url\":\"https:\\\/\\\/vocesdelacomuna15.com.ar\\\/press\\\/\",\"logo\":{\"@type\":\"ImageObject\",\"inLanguage\":\"es-AR\",\"@id\":\"https:\\\/\\\/vocesdelacomuna15.com.ar\\\/press\\\/#\\\/schema\\\/logo\\\/image\\\/\",\"url\":\"https:\\\/\\\/vocesdelacomuna15.com.ar\\\/wp-content\\\/uploads\\\/2024\\\/12\\\/cropped-logo_voces.jpg\",\"contentUrl\":\"https:\\\/\\\/vocesdelacomuna15.com.ar\\\/wp-content\\\/uploads\\\/2024\\\/12\\\/cropped-logo_voces.jpg\",\"width\":512,\"height\":512,\"caption\":\"Voces de la Comuna 15\"},\"image\":{\"@id\":\"https:\\\/\\\/vocesdelacomuna15.com.ar\\\/press\\\/#\\\/schema\\\/logo\\\/image\\\/\"},\"sameAs\":[\"https:\\\/\\\/www.facebook.com\\\/VocesComuna15\\\/\",\"https:\\\/\\\/x.com\\\/vocescomuna15\"]},{\"@type\":\"Person\",\"@id\":\"https:\\\/\\\/vocesdelacomuna15.com.ar\\\/press\\\/#\\\/schema\\\/person\\\/4739e109db25d799cd3d139eeb509e43\",\"name\":\"Federico Arguto\",\"image\":{\"@type\":\"ImageObject\",\"inLanguage\":\"es-AR\",\"@id\":\"https:\\\/\\\/vocesdelacomuna15.com.ar\\\/wp-content\\\/litespeed\\\/avatar\\\/82faf979976f1bae889b8b71f8a0a7e5.jpg?ver=1777419741\",\"url\":\"https:\\\/\\\/vocesdelacomuna15.com.ar\\\/wp-content\\\/litespeed\\\/avatar\\\/82faf979976f1bae889b8b71f8a0a7e5.jpg?ver=1777419741\",\"contentUrl\":\"https:\\\/\\\/vocesdelacomuna15.com.ar\\\/wp-content\\\/litespeed\\\/avatar\\\/82faf979976f1bae889b8b71f8a0a7e5.jpg?ver=1777419741\",\"caption\":\"Federico Arguto\"},\"url\":\"https:\\\/\\\/vocesdelacomuna15.com.ar\\\/press\\\/author\\\/fede\\\/\"}]}<\/script>\n<!-- \/ Yoast SEO plugin. -->","yoast_head_json":{"title":"FAUBA: Celebramos el Bicentenario de la UBA con una Jornada sobre el cuidado del planeta y la orientaci\u00f3n vocacional - Voces de la Comuna 15","description":"Voces de la Comuna 15","robots":{"index":"index","follow":"follow","max-snippet":"max-snippet:-1","max-image-preview":"max-image-preview:large","max-video-preview":"max-video-preview:-1"},"canonical":"https:\/\/vocesdelacomuna15.com.ar\/press\/fauba-celebramos-el-bicentenario-de-la-uba-con-una-jornada-sobre-el-cuidado-del-planeta-y-la-orientacion-vocacional\/","og_locale":"es_ES","og_type":"article","og_title":"FAUBA: Celebramos el Bicentenario de la UBA con una Jornada sobre el cuidado del planeta y la orientaci\u00f3n vocacional - Voces de la Comuna 15","og_description":"Voces de la Comuna 15","og_url":"https:\/\/vocesdelacomuna15.com.ar\/press\/fauba-celebramos-el-bicentenario-de-la-uba-con-una-jornada-sobre-el-cuidado-del-planeta-y-la-orientacion-vocacional\/","og_site_name":"Voces de la Comuna 15","article_publisher":"https:\/\/www.facebook.com\/VocesComuna15\/","article_published_time":"2021-07-12T05:10:11+00:00","article_modified_time":"2021-07-12T17:12:26+00:00","og_image":[{"width":1439,"height":784,"url":"https:\/\/vocesdelacomuna15.com.ar\/wp-content\/uploads\/2021\/07\/captura-de-pantalla-2021-07-02-a-las-10.00.37.png","type":"image\/png"}],"author":"Federico Arguto","twitter_card":"summary_large_image","twitter_creator":"@vocescomuna15","twitter_site":"@vocescomuna15","twitter_misc":{"Escrito por":"Federico Arguto","Tiempo de lectura":"4 minutos"},"schema":{"@context":"https:\/\/schema.org","@graph":[{"@type":"Article","@id":"https:\/\/vocesdelacomuna15.com.ar\/press\/fauba-celebramos-el-bicentenario-de-la-uba-con-una-jornada-sobre-el-cuidado-del-planeta-y-la-orientacion-vocacional\/#article","isPartOf":{"@id":"https:\/\/vocesdelacomuna15.com.ar\/press\/fauba-celebramos-el-bicentenario-de-la-uba-con-una-jornada-sobre-el-cuidado-del-planeta-y-la-orientacion-vocacional\/"},"author":{"name":"Federico Arguto","@id":"https:\/\/vocesdelacomuna15.com.ar\/press\/#\/schema\/person\/4739e109db25d799cd3d139eeb509e43"},"headline":"FAUBA: Celebramos el Bicentenario de la UBA con una Jornada sobre el cuidado del planeta y la orientaci\u00f3n vocacional","datePublished":"2021-07-12T05:10:11+00:00","dateModified":"2021-07-12T17:12:26+00:00","mainEntityOfPage":{"@id":"https:\/\/vocesdelacomuna15.com.ar\/press\/fauba-celebramos-el-bicentenario-de-la-uba-con-una-jornada-sobre-el-cuidado-del-planeta-y-la-orientacion-vocacional\/"},"wordCount":839,"commentCount":0,"publisher":{"@id":"https:\/\/vocesdelacomuna15.com.ar\/press\/#organization"},"image":{"@id":"https:\/\/vocesdelacomuna15.com.ar\/press\/fauba-celebramos-el-bicentenario-de-la-uba-con-una-jornada-sobre-el-cuidado-del-planeta-y-la-orientacion-vocacional\/#primaryimage"},"thumbnailUrl":"https:\/\/vocesdelacomuna15.com.ar\/wp-content\/uploads\/2021\/07\/captura-de-pantalla-2021-07-02-a-las-10.00.37.png","articleSection":["Agronom\u00eda","Sociedad"],"inLanguage":"es-AR","potentialAction":[{"@type":"CommentAction","name":"Comment","target":["https:\/\/vocesdelacomuna15.com.ar\/press\/fauba-celebramos-el-bicentenario-de-la-uba-con-una-jornada-sobre-el-cuidado-del-planeta-y-la-orientacion-vocacional\/#respond"]}]},{"@type":"WebPage","@id":"https:\/\/vocesdelacomuna15.com.ar\/press\/fauba-celebramos-el-bicentenario-de-la-uba-con-una-jornada-sobre-el-cuidado-del-planeta-y-la-orientacion-vocacional\/","url":"https:\/\/vocesdelacomuna15.com.ar\/press\/fauba-celebramos-el-bicentenario-de-la-uba-con-una-jornada-sobre-el-cuidado-del-planeta-y-la-orientacion-vocacional\/","name":"FAUBA: Celebramos el Bicentenario de la UBA con una Jornada sobre el cuidado del planeta y la orientaci\u00f3n vocacional - Voces de la Comuna 15","isPartOf":{"@id":"https:\/\/vocesdelacomuna15.com.ar\/press\/#website"},"primaryImageOfPage":{"@id":"https:\/\/vocesdelacomuna15.com.ar\/press\/fauba-celebramos-el-bicentenario-de-la-uba-con-una-jornada-sobre-el-cuidado-del-planeta-y-la-orientacion-vocacional\/#primaryimage"},"image":{"@id":"https:\/\/vocesdelacomuna15.com.ar\/press\/fauba-celebramos-el-bicentenario-de-la-uba-con-una-jornada-sobre-el-cuidado-del-planeta-y-la-orientacion-vocacional\/#primaryimage"},"thumbnailUrl":"https:\/\/vocesdelacomuna15.com.ar\/wp-content\/uploads\/2021\/07\/captura-de-pantalla-2021-07-02-a-las-10.00.37.png","datePublished":"2021-07-12T05:10:11+00:00","dateModified":"2021-07-12T17:12:26+00:00","description":"Voces de la Comuna 15","breadcrumb":{"@id":"https:\/\/vocesdelacomuna15.com.ar\/press\/fauba-celebramos-el-bicentenario-de-la-uba-con-una-jornada-sobre-el-cuidado-del-planeta-y-la-orientacion-vocacional\/#breadcrumb"},"inLanguage":"es-AR","potentialAction":[{"@type":"ReadAction","target":["https:\/\/vocesdelacomuna15.com.ar\/press\/fauba-celebramos-el-bicentenario-de-la-uba-con-una-jornada-sobre-el-cuidado-del-planeta-y-la-orientacion-vocacional\/"]}]},{"@type":"ImageObject","inLanguage":"es-AR","@id":"https:\/\/vocesdelacomuna15.com.ar\/press\/fauba-celebramos-el-bicentenario-de-la-uba-con-una-jornada-sobre-el-cuidado-del-planeta-y-la-orientacion-vocacional\/#primaryimage","url":"https:\/\/vocesdelacomuna15.com.ar\/wp-content\/uploads\/2021\/07\/captura-de-pantalla-2021-07-02-a-las-10.00.37.png","contentUrl":"https:\/\/vocesdelacomuna15.com.ar\/wp-content\/uploads\/2021\/07\/captura-de-pantalla-2021-07-02-a-las-10.00.37.png","width":1439,"height":784},{"@type":"BreadcrumbList","@id":"https:\/\/vocesdelacomuna15.com.ar\/press\/fauba-celebramos-el-bicentenario-de-la-uba-con-una-jornada-sobre-el-cuidado-del-planeta-y-la-orientacion-vocacional\/#breadcrumb","itemListElement":[{"@type":"ListItem","position":1,"name":"Inicio","item":"https:\/\/vocesdelacomuna15.com.ar\/press\/"},{"@type":"ListItem","position":2,"name":"FAUBA: Celebramos el Bicentenario de la UBA con una Jornada sobre el cuidado del planeta y la orientaci\u00f3n vocacional"}]},{"@type":"WebSite","@id":"https:\/\/vocesdelacomuna15.com.ar\/press\/#website","url":"https:\/\/vocesdelacomuna15.com.ar\/press\/","name":"Voces de la Comuna 15","description":"Sitio web de noticias","publisher":{"@id":"https:\/\/vocesdelacomuna15.com.ar\/press\/#organization"},"potentialAction":[{"@type":"SearchAction","target":{"@type":"EntryPoint","urlTemplate":"https:\/\/vocesdelacomuna15.com.ar\/press\/?s={search_term_string}"},"query-input":{"@type":"PropertyValueSpecification","valueRequired":true,"valueName":"search_term_string"}}],"inLanguage":"es-AR"},{"@type":"Organization","@id":"https:\/\/vocesdelacomuna15.com.ar\/press\/#organization","name":"Voces de la Comuna 15","url":"https:\/\/vocesdelacomuna15.com.ar\/press\/","logo":{"@type":"ImageObject","inLanguage":"es-AR","@id":"https:\/\/vocesdelacomuna15.com.ar\/press\/#\/schema\/logo\/image\/","url":"https:\/\/vocesdelacomuna15.com.ar\/wp-content\/uploads\/2024\/12\/cropped-logo_voces.jpg","contentUrl":"https:\/\/vocesdelacomuna15.com.ar\/wp-content\/uploads\/2024\/12\/cropped-logo_voces.jpg","width":512,"height":512,"caption":"Voces de la Comuna 15"},"image":{"@id":"https:\/\/vocesdelacomuna15.com.ar\/press\/#\/schema\/logo\/image\/"},"sameAs":["https:\/\/www.facebook.com\/VocesComuna15\/","https:\/\/x.com\/vocescomuna15"]},{"@type":"Person","@id":"https:\/\/vocesdelacomuna15.com.ar\/press\/#\/schema\/person\/4739e109db25d799cd3d139eeb509e43","name":"Federico Arguto","image":{"@type":"ImageObject","inLanguage":"es-AR","@id":"https:\/\/vocesdelacomuna15.com.ar\/wp-content\/litespeed\/avatar\/82faf979976f1bae889b8b71f8a0a7e5.jpg?ver=1777419741","url":"https:\/\/vocesdelacomuna15.com.ar\/wp-content\/litespeed\/avatar\/82faf979976f1bae889b8b71f8a0a7e5.jpg?ver=1777419741","contentUrl":"https:\/\/vocesdelacomuna15.com.ar\/wp-content\/litespeed\/avatar\/82faf979976f1bae889b8b71f8a0a7e5.jpg?ver=1777419741","caption":"Federico Arguto"},"url":"https:\/\/vocesdelacomuna15.com.ar\/press\/author\/fede\/"}]}},"_links":{"self":[{"href":"https:\/\/vocesdelacomuna15.com.ar\/press\/wp-json\/wp\/v2\/posts\/54302","targetHints":{"allow":["GET"]}}],"collection":[{"href":"https:\/\/vocesdelacomuna15.com.ar\/press\/wp-json\/wp\/v2\/posts"}],"about":[{"href":"https:\/\/vocesdelacomuna15.com.ar\/press\/wp-json\/wp\/v2\/types\/post"}],"author":[{"embeddable":true,"href":"https:\/\/vocesdelacomuna15.com.ar\/press\/wp-json\/wp\/v2\/users\/2"}],"replies":[{"embeddable":true,"href":"https:\/\/vocesdelacomuna15.com.ar\/press\/wp-json\/wp\/v2\/comments?post=54302"}],"version-history":[{"count":1,"href":"https:\/\/vocesdelacomuna15.com.ar\/press\/wp-json\/wp\/v2\/posts\/54302\/revisions"}],"predecessor-version":[{"id":54304,"href":"https:\/\/vocesdelacomuna15.com.ar\/press\/wp-json\/wp\/v2\/posts\/54302\/revisions\/54304"}],"wp:featuredmedia":[{"embeddable":true,"href":"https:\/\/vocesdelacomuna15.com.ar\/press\/wp-json\/wp\/v2\/media\/54303"}],"wp:attachment":[{"href":"https:\/\/vocesdelacomuna15.com.ar\/press\/wp-json\/wp\/v2\/media?parent=54302"}],"wp:term":[{"taxonomy":"category","embeddable":true,"href":"https:\/\/vocesdelacomuna15.com.ar\/press\/wp-json\/wp\/v2\/categories?post=54302"},{"taxonomy":"post_tag","embeddable":true,"href":"https:\/\/vocesdelacomuna15.com.ar\/press\/wp-json\/wp\/v2\/tags?post=54302"}],"curies":[{"name":"wp","href":"https:\/\/api.w.org\/{rel}","templated":true}]}}