{"id":54297,"date":"2021-07-12T11:56:52","date_gmt":"2021-07-12T14:56:52","guid":{"rendered":"http:\/\/vocesdelacomuna15.com.ar\/wordpress\/?p=54297"},"modified":"2021-07-12T11:59:01","modified_gmt":"2021-07-12T14:59:01","slug":"vuelven-a-estar-operativas-15-estaciones-de-subte","status":"publish","type":"post","link":"https:\/\/vocesdelacomuna15.com.ar\/press\/vuelven-a-estar-operativas-15-estaciones-de-subte\/","title":{"rendered":"Vuelven a estar operativas 15 estaciones de Subte"},"content":{"rendered":"\n<p>La reapertura ser\u00e1 en dos etapas: desde este lunes 12 de julio reabrieron 10 estaciones, mientras que el jueves 15 de julio se sumar\u00e1n otras 5. Es para mejorar la fluidez en la operaci\u00f3n y circulaci\u00f3n y ofrecer un mejor servicio a los usuarios. En total, el jueves quedar\u00e1n operativas 69 de las 90 estaciones de la red. Tambi\u00e9n reabrir\u00e1 Plaza de Mayo, cabecera de la L\u00ednea A, luego de su puesta en valor. Fuente: Buenosaires.gob.ar<\/p>\n\n\n\n<p>A partir de esta semana\nreabrir\u00e1n 15 estaciones de Subte en dos etapas, con el objetivo de lograr una\nmayor fluidez en la circulaci\u00f3n y operaci\u00f3n, y seguir acercando el subte a las\npersonas que deben salir de sus casas a trabajar y estudiar. De esta manera\nquedar\u00e1n operativas 69 de las 90 estaciones de la red.<\/p>\n\n\n\n<p>Este <strong>lunes 12 de julio<\/strong> volvieron a estar\noperativas <strong>diez estaciones<\/strong>, entre las que se encuentra la\nestaci\u00f3n Plaza de Mayo, que reabrir\u00e1 luego de su puesta en valor. Ser\u00e1n: Acoyte\ny Plaza de Mayo (L\u00ednea A); Callao, Carlos Gardel y Dorrego (L\u00ednea B); Lavalle\n(L\u00ednea C); Callao y Palermo (L\u00ednea D); y Boedo y Medalla Milagrosa (L\u00ednea E).<\/p>\n\n\n\n<p>El <strong>jueves 15<\/strong> se sumar\u00e1n <strong>otras\ncinco<\/strong>: Loria y Carabobo (L\u00ednea A), San Mart\u00edn (L\u00ednea C), Jos\u00e9 M.\nMoreno (L\u00ednea E) y Venezuela (L\u00ednea H).<\/p>\n\n\n\n<p>Si bien el Subte sigue siendo para uso exclusivo de trabajadores y\ntrabajadoras esenciales, docentes y alumnos, la reapertura responde a una\nmejora en la operaci\u00f3n en vista de las nuevas necesidades de los usuarios que,\nactualmente, representan aproximadamente un 20% del total de pasajeros en\nrelaci\u00f3n con el a\u00f1o 2019.<\/p>\n\n\n\n<p>Desde el comienzo de la pandemia, constantemente se analizan las\nvariaciones de la demanda y en base a eso se definen, junto a las autoridades\ndel Ministerio de Salud, las medidas necesarias para brindar un mejor servicio.\nDe esta manera, a lo largo de la pandemia se han ido abriendo estaciones y\najustando la oferta de trenes. Las medidas adoptadas buscan mantener el control\ndel aforo en el ingreso de los usuarios en las estaciones m\u00e1s concurridas y\ngarantizar que se cumplan las condiciones establecidas (15 personas paradas por\ncoche).<\/p>\n\n\n\n<p>Al mismo tiempo, siguen vigentes todos los protocolos para combatir la\npropagaci\u00f3n del Covid-19 y cuidar a los usuarios, trabajadores y contratistas\nde la red. As\u00ed, se contin\u00faa con el refuerzo en la limpieza y desinfecci\u00f3n de\nestaciones, formaciones y superficies de alto contacto, se colocaron\ndispensadores de alcohol en gel en todas las estaciones y se sum\u00f3 se\u00f1alizaci\u00f3n\npara cumplir con las medidas de distanciamiento entre usuarios. Adem\u00e1s, se\nopera con esquemas de horario especial para proteger a los trabajadores.<\/p>\n\n\n\n<p>Adem\u00e1s, en las estaciones abiertas se contin\u00faa implementando el control de\naforo, con foco en aquellas de mayor tr\u00e1nsito, con un equipo destinado a\ncontrolar el ingreso de pasajeros y evitar concentraciones en andenes y\nformaciones.<\/p>\n\n\n\n<h3 class=\"wp-block-heading\">A partir de este lunes\n12 de julio, las estaciones abiertas ser\u00e1n:<\/h3>\n\n\n\n<ul class=\"wp-block-list\"><li>L\u00ednea A: Plaza de Mayo, Per\u00fa, Lima, Congreso, Plaza Miserere, Castro Barros, Acoyte, Primera Junta, Puan, San Jos\u00e9 de Flores y San Pedrito. <\/li><li>L\u00ednea B: Leandro N. Alem, Carlos Pellegrini, Uruguay, Callao, Pueyrred\u00f3n, Carlos Gardel, Medrano, \u00c1ngel Gallardo, Malabia, Dorrego, Federico Lacroze, De los Incas y Juan Manuel de Rosas. <\/li><li>L\u00ednea C: Constituci\u00f3n, Independencia, Av. de Mayo, Diagonal Norte, Lavalle y Retiro. <\/li><li>L\u00ednea D: Catedral, 9 de Julio, Tribunales, Callao, Facultad de Medicina, Pueyrred\u00f3n, Bulnes, Plaza Italia, Palermo, Ministro Carranza, Olleros, Juramento y Congreso de Tucum\u00e1n. <\/li><li>L\u00ednea E: Retiro, Correo Central, Bol\u00edvar, Independencia, Entre R\u00edos, Jujuy, General Urquiza, Boedo, Av. La Plata, Emilio Mitre, Medalla Milagrosa y Plaza de los Virreyes. <\/li><li>L\u00ednea H: Hospitales, Parque Patricios, Caseros, Humberto 1\u00ba, Once, Corrientes, Santa Fe, Las Heras y Facultad de Derecho. <\/li><\/ul>\n\n\n\n<h3 class=\"wp-block-heading\">A partir del jueves 15,\nlas estaciones abiertas ser\u00e1n:<\/h3>\n\n\n\n<ul class=\"wp-block-list\"><li>L\u00ednea A: Plaza de Mayo, Per\u00fa, Lima, Congreso, Plaza Miserere, Loria, Castro Barros, Acoyte, Primera Junta, Puan, Carabobo, San Jos\u00e9 de Flores y San Pedrito. <\/li><li>L\u00ednea B: Leandro N. Alem, Carlos Pellegrini, Uruguay, Callao, Pueyrred\u00f3n, Carlos Gardel, Medrano, \u00c1ngel Gallardo, Malabia, Dorrego, Federico Lacroze, De los Incas y Juan Manuel de Rosas. <\/li><li>L\u00ednea C: Constituci\u00f3n, Independencia, Av. de Mayo, Diagonal Norte, Lavalle, San Mart\u00edn y Retiro. <\/li><li>L\u00ednea D: Catedral, 9 de Julio, Tribunales, Callao, Facultad de Medicina, Pueyrred\u00f3n, Bulnes, Plaza Italia, Palermo, Ministro Carranza, Olleros, Juramento y Congreso de Tucum\u00e1n. <\/li><li>L\u00ednea E: Retiro, Correo Central, Bol\u00edvar, Independencia, Entre R\u00edos, Jujuy, General Urquiza, Boedo, Av. La Plata, Jos\u00e9 M. Moreno, Emilio Mitre, Medalla Milagrosa y Plaza de los Virreyes. <\/li><li>L\u00ednea H: Hospitales, Parque Patricios, Caseros, Humberto 1\u00ba, Venezuela, Once, Corrientes, Santa Fe, Las Heras y Facultad de Derecho. <\/li><\/ul>\n\n\n\n<figure class=\"wp-block-image\"><img loading=\"lazy\" decoding=\"async\" width=\"1024\" height=\"762\" src=\"http:\/\/vocesdelacomuna15.com.ar\/wordpress\/wp-content\/uploads\/2021\/07\/estaciones_abiertas_jueves_15_de_julio-1024x762.jpeg\" alt=\"\" class=\"wp-image-54299\" srcset=\"https:\/\/vocesdelacomuna15.com.ar\/wp-content\/uploads\/2021\/07\/estaciones_abiertas_jueves_15_de_julio-1024x762.jpeg 1024w, https:\/\/vocesdelacomuna15.com.ar\/wp-content\/uploads\/2021\/07\/estaciones_abiertas_jueves_15_de_julio-300x223.jpeg 300w, https:\/\/vocesdelacomuna15.com.ar\/wp-content\/uploads\/2021\/07\/estaciones_abiertas_jueves_15_de_julio-768x571.jpeg 768w, https:\/\/vocesdelacomuna15.com.ar\/wp-content\/uploads\/2021\/07\/estaciones_abiertas_jueves_15_de_julio-1080x803.jpeg 1080w, https:\/\/vocesdelacomuna15.com.ar\/wp-content\/uploads\/2021\/07\/estaciones_abiertas_jueves_15_de_julio-600x446.jpeg 600w, https:\/\/vocesdelacomuna15.com.ar\/wp-content\/uploads\/2021\/07\/estaciones_abiertas_jueves_15_de_julio.jpeg 1280w\" sizes=\"(max-width: 1024px) 100vw, 1024px\" \/><\/figure>\n\n\n\n<p>Caracteres: 4.356<\/p>\n\n\n\n<p>Fuente y Foto: Buenosaires.gob.ar<\/p>\n<div class=\"pvc_clear\"><\/div><p id=\"pvc_stats_54297\" class=\"pvc_stats all  \" data-element-id=\"54297\" style=\"\"><i class=\"pvc-stats-icon small\" aria-hidden=\"true\"><svg aria-hidden=\"true\" focusable=\"false\" data-prefix=\"far\" data-icon=\"chart-bar\" role=\"img\" xmlns=\"http:\/\/www.w3.org\/2000\/svg\" viewBox=\"0 0 512 512\" class=\"svg-inline--fa fa-chart-bar fa-w-16 fa-2x\"><path fill=\"currentColor\" d=\"M396.8 352h22.4c6.4 0 12.8-6.4 12.8-12.8V108.8c0-6.4-6.4-12.8-12.8-12.8h-22.4c-6.4 0-12.8 6.4-12.8 12.8v230.4c0 6.4 6.4 12.8 12.8 12.8zm-192 0h22.4c6.4 0 12.8-6.4 12.8-12.8V140.8c0-6.4-6.4-12.8-12.8-12.8h-22.4c-6.4 0-12.8 6.4-12.8 12.8v198.4c0 6.4 6.4 12.8 12.8 12.8zm96 0h22.4c6.4 0 12.8-6.4 12.8-12.8V204.8c0-6.4-6.4-12.8-12.8-12.8h-22.4c-6.4 0-12.8 6.4-12.8 12.8v134.4c0 6.4 6.4 12.8 12.8 12.8zM496 400H48V80c0-8.84-7.16-16-16-16H16C7.16 64 0 71.16 0 80v336c0 17.67 14.33 32 32 32h464c8.84 0 16-7.16 16-16v-16c0-8.84-7.16-16-16-16zm-387.2-48h22.4c6.4 0 12.8-6.4 12.8-12.8v-70.4c0-6.4-6.4-12.8-12.8-12.8h-22.4c-6.4 0-12.8 6.4-12.8 12.8v70.4c0 6.4 6.4 12.8 12.8 12.8z\" class=\"\"><\/path><\/svg><\/i> <img loading=\"lazy\" decoding=\"async\" width=\"16\" height=\"16\" alt=\"Loading\" src=\"https:\/\/vocesdelacomuna15.com.ar\/wp-content\/plugins\/page-views-count\/ajax-loader-2x.gif\" border=0 \/><\/p><div class=\"pvc_clear\"><\/div>","protected":false},"excerpt":{"rendered":"<p>La reapertura ser\u00e1 en dos etapas: desde este lunes 12 de julio reabrieron 10 estaciones, mientras que el jueves 15 de julio se sumar\u00e1n otras 5. Es para mejorar la fluidez en la operaci\u00f3n y circulaci\u00f3n y ofrecer un mejor servicio a los usuarios. En total, el jueves quedar\u00e1n operativas 69 de las 90 estaciones [&hellip;]<\/p>\n<div class=\"pvc_clear\"><\/div>\n<p id=\"pvc_stats_54297\" class=\"pvc_stats all  \" data-element-id=\"54297\" style=\"\"><i class=\"pvc-stats-icon small\" aria-hidden=\"true\"><svg aria-hidden=\"true\" focusable=\"false\" data-prefix=\"far\" data-icon=\"chart-bar\" role=\"img\" xmlns=\"http:\/\/www.w3.org\/2000\/svg\" viewBox=\"0 0 512 512\" class=\"svg-inline--fa fa-chart-bar fa-w-16 fa-2x\"><path fill=\"currentColor\" d=\"M396.8 352h22.4c6.4 0 12.8-6.4 12.8-12.8V108.8c0-6.4-6.4-12.8-12.8-12.8h-22.4c-6.4 0-12.8 6.4-12.8 12.8v230.4c0 6.4 6.4 12.8 12.8 12.8zm-192 0h22.4c6.4 0 12.8-6.4 12.8-12.8V140.8c0-6.4-6.4-12.8-12.8-12.8h-22.4c-6.4 0-12.8 6.4-12.8 12.8v198.4c0 6.4 6.4 12.8 12.8 12.8zm96 0h22.4c6.4 0 12.8-6.4 12.8-12.8V204.8c0-6.4-6.4-12.8-12.8-12.8h-22.4c-6.4 0-12.8 6.4-12.8 12.8v134.4c0 6.4 6.4 12.8 12.8 12.8zM496 400H48V80c0-8.84-7.16-16-16-16H16C7.16 64 0 71.16 0 80v336c0 17.67 14.33 32 32 32h464c8.84 0 16-7.16 16-16v-16c0-8.84-7.16-16-16-16zm-387.2-48h22.4c6.4 0 12.8-6.4 12.8-12.8v-70.4c0-6.4-6.4-12.8-12.8-12.8h-22.4c-6.4 0-12.8 6.4-12.8 12.8v70.4c0 6.4 6.4 12.8 12.8 12.8z\" class=\"\"><\/path><\/svg><\/i> <img loading=\"lazy\" decoding=\"async\" width=\"16\" height=\"16\" alt=\"Loading\" src=\"https:\/\/vocesdelacomuna15.com.ar\/wp-content\/plugins\/page-views-count\/ajax-loader-2x.gif\" border=0 \/><\/p>\n<div class=\"pvc_clear\"><\/div>\n","protected":false},"author":2,"featured_media":54301,"comment_status":"open","ping_status":"open","sticky":false,"template":"","format":"standard","meta":{"_et_pb_use_builder":"off","_et_pb_old_content":"","_et_gb_content_width":"","footnotes":""},"categories":[23,30,32],"tags":[],"class_list":["post-54297","post","type-post","status-publish","format-standard","has-post-thumbnail","hentry","category-chacarita","category-pchas","category-vcre","et-has-post-format-content","et_post_format-et-post-format-standard"],"a3_pvc":{"activated":true,"total_views":413,"today_views":0},"yoast_head":"<!-- This site is optimized with the Yoast SEO plugin v27.5 - https:\/\/yoast.com\/product\/yoast-seo-wordpress\/ -->\n<title>Vuelven a estar operativas 15 estaciones de Subte - Voces de la Comuna 15<\/title>\n<meta name=\"description\" content=\"Voces de la Comuna 15\" \/>\n<meta name=\"robots\" content=\"index, follow, max-snippet:-1, max-image-preview:large, max-video-preview:-1\" \/>\n<link rel=\"canonical\" href=\"https:\/\/vocesdelacomuna15.com.ar\/press\/vuelven-a-estar-operativas-15-estaciones-de-subte\/\" \/>\n<meta property=\"og:locale\" content=\"es_ES\" \/>\n<meta property=\"og:type\" content=\"article\" \/>\n<meta property=\"og:title\" content=\"Vuelven a estar operativas 15 estaciones de Subte - Voces de la Comuna 15\" \/>\n<meta property=\"og:description\" content=\"Voces de la Comuna 15\" \/>\n<meta property=\"og:url\" content=\"https:\/\/vocesdelacomuna15.com.ar\/press\/vuelven-a-estar-operativas-15-estaciones-de-subte\/\" \/>\n<meta property=\"og:site_name\" content=\"Voces de la Comuna 15\" \/>\n<meta property=\"article:publisher\" content=\"https:\/\/www.facebook.com\/VocesComuna15\/\" \/>\n<meta property=\"article:published_time\" content=\"2021-07-12T14:56:52+00:00\" \/>\n<meta property=\"article:modified_time\" content=\"2021-07-12T14:59:01+00:00\" \/>\n<meta property=\"og:image\" content=\"https:\/\/vocesdelacomuna15.com.ar\/wp-content\/uploads\/2021\/07\/120721.png\" \/>\n\t<meta property=\"og:image:width\" content=\"832\" \/>\n\t<meta property=\"og:image:height\" content=\"623\" \/>\n\t<meta property=\"og:image:type\" content=\"image\/png\" \/>\n<meta name=\"author\" content=\"Federico Arguto\" \/>\n<meta name=\"twitter:card\" content=\"summary_large_image\" \/>\n<meta name=\"twitter:creator\" content=\"@vocescomuna15\" \/>\n<meta name=\"twitter:site\" content=\"@vocescomuna15\" \/>\n<meta name=\"twitter:label1\" content=\"Escrito por\" \/>\n\t<meta name=\"twitter:data1\" content=\"Federico Arguto\" \/>\n\t<meta name=\"twitter:label2\" content=\"Tiempo de lectura\" \/>\n\t<meta name=\"twitter:data2\" content=\"4 minutos\" \/>\n<script type=\"application\/ld+json\" class=\"yoast-schema-graph\">{\"@context\":\"https:\\\/\\\/schema.org\",\"@graph\":[{\"@type\":\"Article\",\"@id\":\"https:\\\/\\\/vocesdelacomuna15.com.ar\\\/press\\\/vuelven-a-estar-operativas-15-estaciones-de-subte\\\/#article\",\"isPartOf\":{\"@id\":\"https:\\\/\\\/vocesdelacomuna15.com.ar\\\/press\\\/vuelven-a-estar-operativas-15-estaciones-de-subte\\\/\"},\"author\":{\"name\":\"Federico Arguto\",\"@id\":\"https:\\\/\\\/vocesdelacomuna15.com.ar\\\/press\\\/#\\\/schema\\\/person\\\/4739e109db25d799cd3d139eeb509e43\"},\"headline\":\"Vuelven a estar operativas 15 estaciones de Subte\",\"datePublished\":\"2021-07-12T14:56:52+00:00\",\"dateModified\":\"2021-07-12T14:59:01+00:00\",\"mainEntityOfPage\":{\"@id\":\"https:\\\/\\\/vocesdelacomuna15.com.ar\\\/press\\\/vuelven-a-estar-operativas-15-estaciones-de-subte\\\/\"},\"wordCount\":821,\"commentCount\":0,\"publisher\":{\"@id\":\"https:\\\/\\\/vocesdelacomuna15.com.ar\\\/press\\\/#organization\"},\"image\":{\"@id\":\"https:\\\/\\\/vocesdelacomuna15.com.ar\\\/press\\\/vuelven-a-estar-operativas-15-estaciones-de-subte\\\/#primaryimage\"},\"thumbnailUrl\":\"https:\\\/\\\/vocesdelacomuna15.com.ar\\\/wp-content\\\/uploads\\\/2021\\\/07\\\/120721.png\",\"articleSection\":[\"Chacarita\",\"Parque chas\",\"Villa Crespo\"],\"inLanguage\":\"es-AR\",\"potentialAction\":[{\"@type\":\"CommentAction\",\"name\":\"Comment\",\"target\":[\"https:\\\/\\\/vocesdelacomuna15.com.ar\\\/press\\\/vuelven-a-estar-operativas-15-estaciones-de-subte\\\/#respond\"]}]},{\"@type\":\"WebPage\",\"@id\":\"https:\\\/\\\/vocesdelacomuna15.com.ar\\\/press\\\/vuelven-a-estar-operativas-15-estaciones-de-subte\\\/\",\"url\":\"https:\\\/\\\/vocesdelacomuna15.com.ar\\\/press\\\/vuelven-a-estar-operativas-15-estaciones-de-subte\\\/\",\"name\":\"Vuelven a estar operativas 15 estaciones de Subte - Voces de la Comuna 15\",\"isPartOf\":{\"@id\":\"https:\\\/\\\/vocesdelacomuna15.com.ar\\\/press\\\/#website\"},\"primaryImageOfPage\":{\"@id\":\"https:\\\/\\\/vocesdelacomuna15.com.ar\\\/press\\\/vuelven-a-estar-operativas-15-estaciones-de-subte\\\/#primaryimage\"},\"image\":{\"@id\":\"https:\\\/\\\/vocesdelacomuna15.com.ar\\\/press\\\/vuelven-a-estar-operativas-15-estaciones-de-subte\\\/#primaryimage\"},\"thumbnailUrl\":\"https:\\\/\\\/vocesdelacomuna15.com.ar\\\/wp-content\\\/uploads\\\/2021\\\/07\\\/120721.png\",\"datePublished\":\"2021-07-12T14:56:52+00:00\",\"dateModified\":\"2021-07-12T14:59:01+00:00\",\"description\":\"Voces de la Comuna 15\",\"breadcrumb\":{\"@id\":\"https:\\\/\\\/vocesdelacomuna15.com.ar\\\/press\\\/vuelven-a-estar-operativas-15-estaciones-de-subte\\\/#breadcrumb\"},\"inLanguage\":\"es-AR\",\"potentialAction\":[{\"@type\":\"ReadAction\",\"target\":[\"https:\\\/\\\/vocesdelacomuna15.com.ar\\\/press\\\/vuelven-a-estar-operativas-15-estaciones-de-subte\\\/\"]}]},{\"@type\":\"ImageObject\",\"inLanguage\":\"es-AR\",\"@id\":\"https:\\\/\\\/vocesdelacomuna15.com.ar\\\/press\\\/vuelven-a-estar-operativas-15-estaciones-de-subte\\\/#primaryimage\",\"url\":\"https:\\\/\\\/vocesdelacomuna15.com.ar\\\/wp-content\\\/uploads\\\/2021\\\/07\\\/120721.png\",\"contentUrl\":\"https:\\\/\\\/vocesdelacomuna15.com.ar\\\/wp-content\\\/uploads\\\/2021\\\/07\\\/120721.png\",\"width\":832,\"height\":623},{\"@type\":\"BreadcrumbList\",\"@id\":\"https:\\\/\\\/vocesdelacomuna15.com.ar\\\/press\\\/vuelven-a-estar-operativas-15-estaciones-de-subte\\\/#breadcrumb\",\"itemListElement\":[{\"@type\":\"ListItem\",\"position\":1,\"name\":\"Inicio\",\"item\":\"https:\\\/\\\/vocesdelacomuna15.com.ar\\\/press\\\/\"},{\"@type\":\"ListItem\",\"position\":2,\"name\":\"Vuelven a estar operativas 15 estaciones de Subte\"}]},{\"@type\":\"WebSite\",\"@id\":\"https:\\\/\\\/vocesdelacomuna15.com.ar\\\/press\\\/#website\",\"url\":\"https:\\\/\\\/vocesdelacomuna15.com.ar\\\/press\\\/\",\"name\":\"Voces de la Comuna 15\",\"description\":\"Sitio web de noticias\",\"publisher\":{\"@id\":\"https:\\\/\\\/vocesdelacomuna15.com.ar\\\/press\\\/#organization\"},\"potentialAction\":[{\"@type\":\"SearchAction\",\"target\":{\"@type\":\"EntryPoint\",\"urlTemplate\":\"https:\\\/\\\/vocesdelacomuna15.com.ar\\\/press\\\/?s={search_term_string}\"},\"query-input\":{\"@type\":\"PropertyValueSpecification\",\"valueRequired\":true,\"valueName\":\"search_term_string\"}}],\"inLanguage\":\"es-AR\"},{\"@type\":\"Organization\",\"@id\":\"https:\\\/\\\/vocesdelacomuna15.com.ar\\\/press\\\/#organization\",\"name\":\"Voces de la Comuna 15\",\"url\":\"https:\\\/\\\/vocesdelacomuna15.com.ar\\\/press\\\/\",\"logo\":{\"@type\":\"ImageObject\",\"inLanguage\":\"es-AR\",\"@id\":\"https:\\\/\\\/vocesdelacomuna15.com.ar\\\/press\\\/#\\\/schema\\\/logo\\\/image\\\/\",\"url\":\"https:\\\/\\\/vocesdelacomuna15.com.ar\\\/wp-content\\\/uploads\\\/2024\\\/12\\\/cropped-logo_voces.jpg\",\"contentUrl\":\"https:\\\/\\\/vocesdelacomuna15.com.ar\\\/wp-content\\\/uploads\\\/2024\\\/12\\\/cropped-logo_voces.jpg\",\"width\":512,\"height\":512,\"caption\":\"Voces de la Comuna 15\"},\"image\":{\"@id\":\"https:\\\/\\\/vocesdelacomuna15.com.ar\\\/press\\\/#\\\/schema\\\/logo\\\/image\\\/\"},\"sameAs\":[\"https:\\\/\\\/www.facebook.com\\\/VocesComuna15\\\/\",\"https:\\\/\\\/x.com\\\/vocescomuna15\"]},{\"@type\":\"Person\",\"@id\":\"https:\\\/\\\/vocesdelacomuna15.com.ar\\\/press\\\/#\\\/schema\\\/person\\\/4739e109db25d799cd3d139eeb509e43\",\"name\":\"Federico Arguto\",\"image\":{\"@type\":\"ImageObject\",\"inLanguage\":\"es-AR\",\"@id\":\"https:\\\/\\\/vocesdelacomuna15.com.ar\\\/wp-content\\\/litespeed\\\/avatar\\\/82faf979976f1bae889b8b71f8a0a7e5.jpg?ver=1777419741\",\"url\":\"https:\\\/\\\/vocesdelacomuna15.com.ar\\\/wp-content\\\/litespeed\\\/avatar\\\/82faf979976f1bae889b8b71f8a0a7e5.jpg?ver=1777419741\",\"contentUrl\":\"https:\\\/\\\/vocesdelacomuna15.com.ar\\\/wp-content\\\/litespeed\\\/avatar\\\/82faf979976f1bae889b8b71f8a0a7e5.jpg?ver=1777419741\",\"caption\":\"Federico Arguto\"},\"url\":\"https:\\\/\\\/vocesdelacomuna15.com.ar\\\/press\\\/author\\\/fede\\\/\"}]}<\/script>\n<!-- \/ Yoast SEO plugin. -->","yoast_head_json":{"title":"Vuelven a estar operativas 15 estaciones de Subte - Voces de la Comuna 15","description":"Voces de la Comuna 15","robots":{"index":"index","follow":"follow","max-snippet":"max-snippet:-1","max-image-preview":"max-image-preview:large","max-video-preview":"max-video-preview:-1"},"canonical":"https:\/\/vocesdelacomuna15.com.ar\/press\/vuelven-a-estar-operativas-15-estaciones-de-subte\/","og_locale":"es_ES","og_type":"article","og_title":"Vuelven a estar operativas 15 estaciones de Subte - Voces de la Comuna 15","og_description":"Voces de la Comuna 15","og_url":"https:\/\/vocesdelacomuna15.com.ar\/press\/vuelven-a-estar-operativas-15-estaciones-de-subte\/","og_site_name":"Voces de la Comuna 15","article_publisher":"https:\/\/www.facebook.com\/VocesComuna15\/","article_published_time":"2021-07-12T14:56:52+00:00","article_modified_time":"2021-07-12T14:59:01+00:00","og_image":[{"width":832,"height":623,"url":"https:\/\/vocesdelacomuna15.com.ar\/wp-content\/uploads\/2021\/07\/120721.png","type":"image\/png"}],"author":"Federico Arguto","twitter_card":"summary_large_image","twitter_creator":"@vocescomuna15","twitter_site":"@vocescomuna15","twitter_misc":{"Escrito por":"Federico Arguto","Tiempo de lectura":"4 minutos"},"schema":{"@context":"https:\/\/schema.org","@graph":[{"@type":"Article","@id":"https:\/\/vocesdelacomuna15.com.ar\/press\/vuelven-a-estar-operativas-15-estaciones-de-subte\/#article","isPartOf":{"@id":"https:\/\/vocesdelacomuna15.com.ar\/press\/vuelven-a-estar-operativas-15-estaciones-de-subte\/"},"author":{"name":"Federico Arguto","@id":"https:\/\/vocesdelacomuna15.com.ar\/press\/#\/schema\/person\/4739e109db25d799cd3d139eeb509e43"},"headline":"Vuelven a estar operativas 15 estaciones de Subte","datePublished":"2021-07-12T14:56:52+00:00","dateModified":"2021-07-12T14:59:01+00:00","mainEntityOfPage":{"@id":"https:\/\/vocesdelacomuna15.com.ar\/press\/vuelven-a-estar-operativas-15-estaciones-de-subte\/"},"wordCount":821,"commentCount":0,"publisher":{"@id":"https:\/\/vocesdelacomuna15.com.ar\/press\/#organization"},"image":{"@id":"https:\/\/vocesdelacomuna15.com.ar\/press\/vuelven-a-estar-operativas-15-estaciones-de-subte\/#primaryimage"},"thumbnailUrl":"https:\/\/vocesdelacomuna15.com.ar\/wp-content\/uploads\/2021\/07\/120721.png","articleSection":["Chacarita","Parque chas","Villa Crespo"],"inLanguage":"es-AR","potentialAction":[{"@type":"CommentAction","name":"Comment","target":["https:\/\/vocesdelacomuna15.com.ar\/press\/vuelven-a-estar-operativas-15-estaciones-de-subte\/#respond"]}]},{"@type":"WebPage","@id":"https:\/\/vocesdelacomuna15.com.ar\/press\/vuelven-a-estar-operativas-15-estaciones-de-subte\/","url":"https:\/\/vocesdelacomuna15.com.ar\/press\/vuelven-a-estar-operativas-15-estaciones-de-subte\/","name":"Vuelven a estar operativas 15 estaciones de Subte - Voces de la Comuna 15","isPartOf":{"@id":"https:\/\/vocesdelacomuna15.com.ar\/press\/#website"},"primaryImageOfPage":{"@id":"https:\/\/vocesdelacomuna15.com.ar\/press\/vuelven-a-estar-operativas-15-estaciones-de-subte\/#primaryimage"},"image":{"@id":"https:\/\/vocesdelacomuna15.com.ar\/press\/vuelven-a-estar-operativas-15-estaciones-de-subte\/#primaryimage"},"thumbnailUrl":"https:\/\/vocesdelacomuna15.com.ar\/wp-content\/uploads\/2021\/07\/120721.png","datePublished":"2021-07-12T14:56:52+00:00","dateModified":"2021-07-12T14:59:01+00:00","description":"Voces de la Comuna 15","breadcrumb":{"@id":"https:\/\/vocesdelacomuna15.com.ar\/press\/vuelven-a-estar-operativas-15-estaciones-de-subte\/#breadcrumb"},"inLanguage":"es-AR","potentialAction":[{"@type":"ReadAction","target":["https:\/\/vocesdelacomuna15.com.ar\/press\/vuelven-a-estar-operativas-15-estaciones-de-subte\/"]}]},{"@type":"ImageObject","inLanguage":"es-AR","@id":"https:\/\/vocesdelacomuna15.com.ar\/press\/vuelven-a-estar-operativas-15-estaciones-de-subte\/#primaryimage","url":"https:\/\/vocesdelacomuna15.com.ar\/wp-content\/uploads\/2021\/07\/120721.png","contentUrl":"https:\/\/vocesdelacomuna15.com.ar\/wp-content\/uploads\/2021\/07\/120721.png","width":832,"height":623},{"@type":"BreadcrumbList","@id":"https:\/\/vocesdelacomuna15.com.ar\/press\/vuelven-a-estar-operativas-15-estaciones-de-subte\/#breadcrumb","itemListElement":[{"@type":"ListItem","position":1,"name":"Inicio","item":"https:\/\/vocesdelacomuna15.com.ar\/press\/"},{"@type":"ListItem","position":2,"name":"Vuelven a estar operativas 15 estaciones de Subte"}]},{"@type":"WebSite","@id":"https:\/\/vocesdelacomuna15.com.ar\/press\/#website","url":"https:\/\/vocesdelacomuna15.com.ar\/press\/","name":"Voces de la Comuna 15","description":"Sitio web de noticias","publisher":{"@id":"https:\/\/vocesdelacomuna15.com.ar\/press\/#organization"},"potentialAction":[{"@type":"SearchAction","target":{"@type":"EntryPoint","urlTemplate":"https:\/\/vocesdelacomuna15.com.ar\/press\/?s={search_term_string}"},"query-input":{"@type":"PropertyValueSpecification","valueRequired":true,"valueName":"search_term_string"}}],"inLanguage":"es-AR"},{"@type":"Organization","@id":"https:\/\/vocesdelacomuna15.com.ar\/press\/#organization","name":"Voces de la Comuna 15","url":"https:\/\/vocesdelacomuna15.com.ar\/press\/","logo":{"@type":"ImageObject","inLanguage":"es-AR","@id":"https:\/\/vocesdelacomuna15.com.ar\/press\/#\/schema\/logo\/image\/","url":"https:\/\/vocesdelacomuna15.com.ar\/wp-content\/uploads\/2024\/12\/cropped-logo_voces.jpg","contentUrl":"https:\/\/vocesdelacomuna15.com.ar\/wp-content\/uploads\/2024\/12\/cropped-logo_voces.jpg","width":512,"height":512,"caption":"Voces de la Comuna 15"},"image":{"@id":"https:\/\/vocesdelacomuna15.com.ar\/press\/#\/schema\/logo\/image\/"},"sameAs":["https:\/\/www.facebook.com\/VocesComuna15\/","https:\/\/x.com\/vocescomuna15"]},{"@type":"Person","@id":"https:\/\/vocesdelacomuna15.com.ar\/press\/#\/schema\/person\/4739e109db25d799cd3d139eeb509e43","name":"Federico Arguto","image":{"@type":"ImageObject","inLanguage":"es-AR","@id":"https:\/\/vocesdelacomuna15.com.ar\/wp-content\/litespeed\/avatar\/82faf979976f1bae889b8b71f8a0a7e5.jpg?ver=1777419741","url":"https:\/\/vocesdelacomuna15.com.ar\/wp-content\/litespeed\/avatar\/82faf979976f1bae889b8b71f8a0a7e5.jpg?ver=1777419741","contentUrl":"https:\/\/vocesdelacomuna15.com.ar\/wp-content\/litespeed\/avatar\/82faf979976f1bae889b8b71f8a0a7e5.jpg?ver=1777419741","caption":"Federico Arguto"},"url":"https:\/\/vocesdelacomuna15.com.ar\/press\/author\/fede\/"}]}},"_links":{"self":[{"href":"https:\/\/vocesdelacomuna15.com.ar\/press\/wp-json\/wp\/v2\/posts\/54297","targetHints":{"allow":["GET"]}}],"collection":[{"href":"https:\/\/vocesdelacomuna15.com.ar\/press\/wp-json\/wp\/v2\/posts"}],"about":[{"href":"https:\/\/vocesdelacomuna15.com.ar\/press\/wp-json\/wp\/v2\/types\/post"}],"author":[{"embeddable":true,"href":"https:\/\/vocesdelacomuna15.com.ar\/press\/wp-json\/wp\/v2\/users\/2"}],"replies":[{"embeddable":true,"href":"https:\/\/vocesdelacomuna15.com.ar\/press\/wp-json\/wp\/v2\/comments?post=54297"}],"version-history":[{"count":1,"href":"https:\/\/vocesdelacomuna15.com.ar\/press\/wp-json\/wp\/v2\/posts\/54297\/revisions"}],"predecessor-version":[{"id":54300,"href":"https:\/\/vocesdelacomuna15.com.ar\/press\/wp-json\/wp\/v2\/posts\/54297\/revisions\/54300"}],"wp:featuredmedia":[{"embeddable":true,"href":"https:\/\/vocesdelacomuna15.com.ar\/press\/wp-json\/wp\/v2\/media\/54301"}],"wp:attachment":[{"href":"https:\/\/vocesdelacomuna15.com.ar\/press\/wp-json\/wp\/v2\/media?parent=54297"}],"wp:term":[{"taxonomy":"category","embeddable":true,"href":"https:\/\/vocesdelacomuna15.com.ar\/press\/wp-json\/wp\/v2\/categories?post=54297"},{"taxonomy":"post_tag","embeddable":true,"href":"https:\/\/vocesdelacomuna15.com.ar\/press\/wp-json\/wp\/v2\/tags?post=54297"}],"curies":[{"name":"wp","href":"https:\/\/api.w.org\/{rel}","templated":true}]}}