{"id":54286,"date":"2021-07-06T15:13:03","date_gmt":"2021-07-06T18:13:03","guid":{"rendered":"http:\/\/vocesdelacomuna15.com.ar\/wordpress\/?p=54286"},"modified":"2021-07-06T15:13:12","modified_gmt":"2021-07-06T18:13:12","slug":"se-realizo-un-festival-por-la-apertura-del-parque-agronomia","status":"publish","type":"post","link":"https:\/\/vocesdelacomuna15.com.ar\/press\/se-realizo-un-festival-por-la-apertura-del-parque-agronomia\/","title":{"rendered":"Se realiz\u00f3 un festival por la apertura del Parque Agronom\u00eda"},"content":{"rendered":"\n<p>El domingo 4 de julio se realiz\u00f3 un festival y un abrazo simb\u00f3lico al Parque Agronom\u00eda. Hubo m\u00fasica en vivo, radio abierta, junta de firmas y donaciones para barrios populares. Participaron organizaciones sociales y vecinales. Fuente: Br\u00fajula Barrial (Por Mateo Missio)<\/p>\n\n\n\n<p>Desde hace 15 meses el acceso al\nParque Agronom\u00eda est\u00e1 prohibido para el p\u00fablico. El port\u00f3n de entrada de Av.\nSan Mart\u00edn y Nogoy\u00e1, est\u00e1 cerrado y custodiado por polic\u00edas. En Zamudio y\nTinogasta, otra entrada, levantaron un muro de m\u00e1s de 3 metros de alto. La\npuerta de Constituyentes y Beir\u00f3, est\u00e1 bloqueada con candado y cadenas.<\/p>\n\n\n\n<p>Ante esta situaci\u00f3n, y con la urgencia de habitar\nespacios al aire libre, decenas de personas agrupadas en el colectivo Agrono de\nTodxs, convocaron a un festival el domingo 4 de julio. Con el apoyo de la\norganizaci\u00f3n Barrios de Pie, se llev\u00f3 adelante una radio abierta y un recital\nac\u00fastico; junta de firmas y de donaciones para barrios populares de la zona.<\/p>\n\n\n\n<p>El\nevento tuvo lugar en la esquina de Zamudio y Tinogasta, donde la gesti\u00f3n de la\nFacultad de Agronom\u00eda de la UBA, cuya decana es Marcela Edith Gally, levant\u00f3 el\nmuro de m\u00e1s de 3 metros de alto. Una vez finalizado el acto, las personas que\nquedaban caminaron, cantando y aplaudiendo, hasta la entrada de Av. San Martin\ny Zamudio para abrazar simb\u00f3licamente al parque y reclamar por su reapertura.<\/p>\n\n\n\n<p>Las autoridades de la Facultad\ncontin\u00faan sin escuchar el reclamo de la comunidad. Gracias a la iniciativa del\ncolectivo Agrono de Todxs, el conflicto se trat\u00f3 en la legislatura porte\u00f1a y\nfue aprobada una declaraci\u00f3n que incita al jefe de Gobierno de CABA, Horacio\nRodriguez Larreta, a que interceda ante la Facultad para abrir las puertas del\nespacio verde.<\/p>\n\n\n\n<p>Teniendo en cuenta que en CABA existe un d\u00e9ficit de\nespacios verdes, habiendo 6 m2 promedio por habitante, cuando la Organizaci\u00f3n\nMundial de la Salud recomienda que el m\u00ednimo sea entre 10 y 15m, nos parece\nimportante que la Legislatura intervenga en pos de buscar la apertura al\np\u00fablico de uno los pulmones verdes de la Ciudad.<\/p>\n\n\n\n<p>Entendemos el contexto de pandemia en el que son necesarios protocolos para garantizar la seguridad sanitaria del parque, es por ello que de haber buena voluntad entre las partes podr\u00edan realizarse los mismos para que los vecinos y vecinas de la Comuna 15, puedan utilizarlo en un contexto donde los parques se tornan sumamente necesarios e importantes para mitigar los efectos de la pandemia\u201d.<\/p>\n\n\n\n<figure class=\"wp-block-image\"><img loading=\"lazy\" decoding=\"async\" width=\"982\" height=\"542\" src=\"http:\/\/vocesdelacomuna15.com.ar\/wordpress\/wp-content\/uploads\/2021\/07\/agro-2.jpg\" alt=\"\" class=\"wp-image-54289\" srcset=\"https:\/\/vocesdelacomuna15.com.ar\/wp-content\/uploads\/2021\/07\/agro-2.jpg 982w, https:\/\/vocesdelacomuna15.com.ar\/wp-content\/uploads\/2021\/07\/agro-2-300x166.jpg 300w, https:\/\/vocesdelacomuna15.com.ar\/wp-content\/uploads\/2021\/07\/agro-2-768x424.jpg 768w, https:\/\/vocesdelacomuna15.com.ar\/wp-content\/uploads\/2021\/07\/agro-2-600x331.jpg 600w\" sizes=\"(max-width: 982px) 100vw, 982px\" \/><figcaption> <em>Frente al muro levantado por la Facultad de Agronom\u00eda de la UBA que evita el ingreso del p\u00fablico al parque y la conexi\u00f3n del barrio con la a la Av. Constituyentes<\/em> <\/figcaption><\/figure>\n\n\n\n<p>El parque hoy llamado \u201cAgronom\u00eda\u201d y coloquialmente \u201cla\nagrono\u201d alguna vez fue el \u201cParque del Oeste\u201d y ocup\u00f3 185 hect\u00e1reas. Figura en\nlos mapas de la Ciudad desde 1887 y a partir de 1901 ocup\u00f3 30 hect\u00e1reas para\neducaci\u00f3n agron\u00f3mica, que actualmente es la Facultad de Agronom\u00eda y Veterinaria\nde la Universidad de Buenos Aires. Aunque el Parque Agronom\u00eda s\u00f3lo conten\u00eda a\nla Facultad en una parte de su extensi\u00f3n, a lo largo de los a\u00f1os se vio\nrecortado por distintas concesiones. Hoy en d\u00eda, la Universidad de Buenos Aires\ntiene total autoridad sobre el predio, a pesar de que legalmente es de uso\np\u00fablico, seg\u00fan su categor\u00eda dentro del C\u00f3digo Urban\u00edstico de la Ciudad\n(zonificaci\u00f3n Urbanizaci\u00f3n Parque).<\/p>\n\n\n\n<p>\u201cQue el predio Agronom\u00eda permanezca cerrado viola el\nC\u00f3digo Urban\u00edstico que establece la apertura y uso p\u00fablico de los parques de la\nciudad y, por otra parte, est\u00e1n violando la Constituci\u00f3n porte\u00f1a y el Plan\nUrbano Ambiental que pauta que no se pueden disminuir los espacios verdes de la\nciudad\u201c, declar\u00f3 Jonatan Baldiviezo, abogado ambientalista y fundador del\nObservatorio del Derecho a la Ciudad.<\/p>\n\n\n\n<p>Desde Agronom\u00eda Abierta destacan que los cierres de la\nAgronom\u00eda comenzaron mucho antes que la pandemia, con concesiones como al\nHospital Torn\u00fa, al Club Comunicaciones o al cementerio de Chacarita. Pero\nespecialmente hace dos a\u00f1os, los accesos al Parque comenzaron a limitarse m\u00e1s\nque nunca: \u201cEl cierre progresivo lo fuimos naturalizando en los barrios. Como\ncuando hicieron los m\u00f3dulos del CBC o cuando cerraron la entrada de la calle\nZamudio. D\u00e9cada tras d\u00e9cada, cada vez hab\u00eda menos espacio porque la Facultad\niba abriendo materias, talleres y con esa excusa iban restando espacio\np\u00fablico\u201d.<\/p>\n\n\n\n<p>Aunque se encuentre cerrada a la comunidad, seg\u00fan los informes de la misma Facultad durante la pandemia, nunca se interrumpieron las clases y en 2020 se dictaron 356 asignaturas de todas las carreras de grado y tecnicaturas con un total de 720 comisiones. Por ahora, s\u00f3lo una parte peque\u00f1a de la comunidad acad\u00e9mica ingresa a la facultad, m\u00e1s concretamente, personas que est\u00e1n haciendo investigaciones en alguna c\u00e1tedra o campo experimental, amparados por el \u201cProtocolo de Seguridad e Higiene emergencia sanitaria para el retorno de las actividades acad\u00e9micas pr\u00e1cticas de la UBA Pandemia COVID 19\u201d dictado por el Rectorado de la UBA en Diciembre de 2020.<\/p>\n\n\n\n<p>Pero el parque es importante para la comunidad entera y\nespecialmente para la aleda\u00f1a al predio. Beto, un vecino integrante del\nColectivo Barrio Rawson, se\u00f1al\u00f3 la importancia en conectividad que tiene la\nAgronom\u00eda: \u201cEl barrio vive en relaci\u00f3n directa con el parque, porque nosotros\nten\u00edamos salida a Av. Constituyentes y Av. Beir\u00f3 por ah\u00ed, dos arterias\nprincipales de la ciudad que nos comunican con otros barrios, hospitales,\nescuelas, transportes, trabajos y dem\u00e1s actividades. Todos los que nos mudamos\nac\u00e1 llegamos a un barrio que ten\u00eda esa conectividad y ahora est\u00e1 cortada.\nAdem\u00e1s del espacio verde que es muy importante, nos cerraron las puertas del\nbarrio\u201d.<\/p>\n\n\n\n<p>Caracteres:\n5.175<\/p>\n\n\n\n<p>Fuente y Foto:\nBr\u00fajula Barrial<\/p>\n<div class=\"pvc_clear\"><\/div><p id=\"pvc_stats_54286\" class=\"pvc_stats all  \" data-element-id=\"54286\" style=\"\"><i class=\"pvc-stats-icon small\" aria-hidden=\"true\"><svg aria-hidden=\"true\" focusable=\"false\" data-prefix=\"far\" data-icon=\"chart-bar\" role=\"img\" xmlns=\"http:\/\/www.w3.org\/2000\/svg\" viewBox=\"0 0 512 512\" class=\"svg-inline--fa fa-chart-bar fa-w-16 fa-2x\"><path fill=\"currentColor\" d=\"M396.8 352h22.4c6.4 0 12.8-6.4 12.8-12.8V108.8c0-6.4-6.4-12.8-12.8-12.8h-22.4c-6.4 0-12.8 6.4-12.8 12.8v230.4c0 6.4 6.4 12.8 12.8 12.8zm-192 0h22.4c6.4 0 12.8-6.4 12.8-12.8V140.8c0-6.4-6.4-12.8-12.8-12.8h-22.4c-6.4 0-12.8 6.4-12.8 12.8v198.4c0 6.4 6.4 12.8 12.8 12.8zm96 0h22.4c6.4 0 12.8-6.4 12.8-12.8V204.8c0-6.4-6.4-12.8-12.8-12.8h-22.4c-6.4 0-12.8 6.4-12.8 12.8v134.4c0 6.4 6.4 12.8 12.8 12.8zM496 400H48V80c0-8.84-7.16-16-16-16H16C7.16 64 0 71.16 0 80v336c0 17.67 14.33 32 32 32h464c8.84 0 16-7.16 16-16v-16c0-8.84-7.16-16-16-16zm-387.2-48h22.4c6.4 0 12.8-6.4 12.8-12.8v-70.4c0-6.4-6.4-12.8-12.8-12.8h-22.4c-6.4 0-12.8 6.4-12.8 12.8v70.4c0 6.4 6.4 12.8 12.8 12.8z\" class=\"\"><\/path><\/svg><\/i> <img loading=\"lazy\" decoding=\"async\" width=\"16\" height=\"16\" alt=\"Loading\" src=\"https:\/\/vocesdelacomuna15.com.ar\/wp-content\/plugins\/page-views-count\/ajax-loader-2x.gif\" border=0 \/><\/p><div class=\"pvc_clear\"><\/div>","protected":false},"excerpt":{"rendered":"<p>El domingo 4 de julio se realiz\u00f3 un festival y un abrazo simb\u00f3lico al Parque Agronom\u00eda. Hubo m\u00fasica en vivo, radio abierta, junta de firmas y donaciones para barrios populares. Participaron organizaciones sociales y vecinales. Fuente: Br\u00fajula Barrial (Por Mateo Missio) Desde hace 15 meses el acceso al Parque Agronom\u00eda est\u00e1 prohibido para el p\u00fablico. [&hellip;]<\/p>\n<div class=\"pvc_clear\"><\/div>\n<p id=\"pvc_stats_54286\" class=\"pvc_stats all  \" data-element-id=\"54286\" style=\"\"><i class=\"pvc-stats-icon small\" aria-hidden=\"true\"><svg aria-hidden=\"true\" focusable=\"false\" data-prefix=\"far\" data-icon=\"chart-bar\" role=\"img\" xmlns=\"http:\/\/www.w3.org\/2000\/svg\" viewBox=\"0 0 512 512\" class=\"svg-inline--fa fa-chart-bar fa-w-16 fa-2x\"><path fill=\"currentColor\" d=\"M396.8 352h22.4c6.4 0 12.8-6.4 12.8-12.8V108.8c0-6.4-6.4-12.8-12.8-12.8h-22.4c-6.4 0-12.8 6.4-12.8 12.8v230.4c0 6.4 6.4 12.8 12.8 12.8zm-192 0h22.4c6.4 0 12.8-6.4 12.8-12.8V140.8c0-6.4-6.4-12.8-12.8-12.8h-22.4c-6.4 0-12.8 6.4-12.8 12.8v198.4c0 6.4 6.4 12.8 12.8 12.8zm96 0h22.4c6.4 0 12.8-6.4 12.8-12.8V204.8c0-6.4-6.4-12.8-12.8-12.8h-22.4c-6.4 0-12.8 6.4-12.8 12.8v134.4c0 6.4 6.4 12.8 12.8 12.8zM496 400H48V80c0-8.84-7.16-16-16-16H16C7.16 64 0 71.16 0 80v336c0 17.67 14.33 32 32 32h464c8.84 0 16-7.16 16-16v-16c0-8.84-7.16-16-16-16zm-387.2-48h22.4c6.4 0 12.8-6.4 12.8-12.8v-70.4c0-6.4-6.4-12.8-12.8-12.8h-22.4c-6.4 0-12.8 6.4-12.8 12.8v70.4c0 6.4 6.4 12.8 12.8 12.8z\" class=\"\"><\/path><\/svg><\/i> <img loading=\"lazy\" decoding=\"async\" width=\"16\" height=\"16\" alt=\"Loading\" src=\"https:\/\/vocesdelacomuna15.com.ar\/wp-content\/plugins\/page-views-count\/ajax-loader-2x.gif\" border=0 \/><\/p>\n<div class=\"pvc_clear\"><\/div>\n","protected":false},"author":2,"featured_media":54288,"comment_status":"open","ping_status":"open","sticky":false,"template":"","format":"standard","meta":{"_et_pb_use_builder":"off","_et_pb_old_content":"","_et_gb_content_width":"","footnotes":""},"categories":[6,8],"tags":[],"class_list":["post-54286","post","type-post","status-publish","format-standard","has-post-thumbnail","hentry","category-agro","category-sociedad","et-has-post-format-content","et_post_format-et-post-format-standard"],"a3_pvc":{"activated":true,"total_views":332,"today_views":0},"yoast_head":"<!-- This site is optimized with the Yoast SEO plugin v27.5 - https:\/\/yoast.com\/product\/yoast-seo-wordpress\/ -->\n<title>Se realiz\u00f3 un festival por la apertura del Parque Agronom\u00eda - Voces de la Comuna 15<\/title>\n<meta name=\"description\" content=\"Voces de la Comuna 15\" \/>\n<meta name=\"robots\" content=\"index, follow, max-snippet:-1, max-image-preview:large, max-video-preview:-1\" \/>\n<link rel=\"canonical\" href=\"https:\/\/vocesdelacomuna15.com.ar\/press\/se-realizo-un-festival-por-la-apertura-del-parque-agronomia\/\" \/>\n<meta property=\"og:locale\" content=\"es_ES\" \/>\n<meta property=\"og:type\" content=\"article\" \/>\n<meta property=\"og:title\" content=\"Se realiz\u00f3 un festival por la apertura del Parque Agronom\u00eda - Voces de la Comuna 15\" \/>\n<meta property=\"og:description\" content=\"Voces de la Comuna 15\" \/>\n<meta property=\"og:url\" content=\"https:\/\/vocesdelacomuna15.com.ar\/press\/se-realizo-un-festival-por-la-apertura-del-parque-agronomia\/\" \/>\n<meta property=\"og:site_name\" content=\"Voces de la Comuna 15\" \/>\n<meta property=\"article:publisher\" content=\"https:\/\/www.facebook.com\/VocesComuna15\/\" \/>\n<meta property=\"article:published_time\" content=\"2021-07-06T18:13:03+00:00\" \/>\n<meta property=\"article:modified_time\" content=\"2021-07-06T18:13:12+00:00\" \/>\n<meta property=\"og:image\" content=\"https:\/\/vocesdelacomuna15.com.ar\/wp-content\/uploads\/2021\/07\/agro1.jpg\" \/>\n\t<meta property=\"og:image:width\" content=\"1024\" \/>\n\t<meta property=\"og:image:height\" content=\"768\" \/>\n\t<meta property=\"og:image:type\" content=\"image\/jpeg\" \/>\n<meta name=\"author\" content=\"Federico Arguto\" \/>\n<meta name=\"twitter:card\" content=\"summary_large_image\" \/>\n<meta name=\"twitter:creator\" content=\"@vocescomuna15\" \/>\n<meta name=\"twitter:site\" content=\"@vocescomuna15\" \/>\n<meta name=\"twitter:label1\" content=\"Escrito por\" \/>\n\t<meta name=\"twitter:data1\" content=\"Federico Arguto\" \/>\n\t<meta name=\"twitter:label2\" content=\"Tiempo de lectura\" \/>\n\t<meta name=\"twitter:data2\" content=\"5 minutos\" \/>\n<script type=\"application\/ld+json\" class=\"yoast-schema-graph\">{\"@context\":\"https:\\\/\\\/schema.org\",\"@graph\":[{\"@type\":\"Article\",\"@id\":\"https:\\\/\\\/vocesdelacomuna15.com.ar\\\/press\\\/se-realizo-un-festival-por-la-apertura-del-parque-agronomia\\\/#article\",\"isPartOf\":{\"@id\":\"https:\\\/\\\/vocesdelacomuna15.com.ar\\\/press\\\/se-realizo-un-festival-por-la-apertura-del-parque-agronomia\\\/\"},\"author\":{\"name\":\"Federico Arguto\",\"@id\":\"https:\\\/\\\/vocesdelacomuna15.com.ar\\\/press\\\/#\\\/schema\\\/person\\\/4739e109db25d799cd3d139eeb509e43\"},\"headline\":\"Se realiz\u00f3 un festival por la apertura del Parque Agronom\u00eda\",\"datePublished\":\"2021-07-06T18:13:03+00:00\",\"dateModified\":\"2021-07-06T18:13:12+00:00\",\"mainEntityOfPage\":{\"@id\":\"https:\\\/\\\/vocesdelacomuna15.com.ar\\\/press\\\/se-realizo-un-festival-por-la-apertura-del-parque-agronomia\\\/\"},\"wordCount\":1009,\"commentCount\":0,\"publisher\":{\"@id\":\"https:\\\/\\\/vocesdelacomuna15.com.ar\\\/press\\\/#organization\"},\"image\":{\"@id\":\"https:\\\/\\\/vocesdelacomuna15.com.ar\\\/press\\\/se-realizo-un-festival-por-la-apertura-del-parque-agronomia\\\/#primaryimage\"},\"thumbnailUrl\":\"https:\\\/\\\/vocesdelacomuna15.com.ar\\\/wp-content\\\/uploads\\\/2021\\\/07\\\/agro1.jpg\",\"articleSection\":[\"Agronom\u00eda\",\"Sociedad\"],\"inLanguage\":\"es-AR\",\"potentialAction\":[{\"@type\":\"CommentAction\",\"name\":\"Comment\",\"target\":[\"https:\\\/\\\/vocesdelacomuna15.com.ar\\\/press\\\/se-realizo-un-festival-por-la-apertura-del-parque-agronomia\\\/#respond\"]}]},{\"@type\":\"WebPage\",\"@id\":\"https:\\\/\\\/vocesdelacomuna15.com.ar\\\/press\\\/se-realizo-un-festival-por-la-apertura-del-parque-agronomia\\\/\",\"url\":\"https:\\\/\\\/vocesdelacomuna15.com.ar\\\/press\\\/se-realizo-un-festival-por-la-apertura-del-parque-agronomia\\\/\",\"name\":\"Se realiz\u00f3 un festival por la apertura del Parque Agronom\u00eda - Voces de la Comuna 15\",\"isPartOf\":{\"@id\":\"https:\\\/\\\/vocesdelacomuna15.com.ar\\\/press\\\/#website\"},\"primaryImageOfPage\":{\"@id\":\"https:\\\/\\\/vocesdelacomuna15.com.ar\\\/press\\\/se-realizo-un-festival-por-la-apertura-del-parque-agronomia\\\/#primaryimage\"},\"image\":{\"@id\":\"https:\\\/\\\/vocesdelacomuna15.com.ar\\\/press\\\/se-realizo-un-festival-por-la-apertura-del-parque-agronomia\\\/#primaryimage\"},\"thumbnailUrl\":\"https:\\\/\\\/vocesdelacomuna15.com.ar\\\/wp-content\\\/uploads\\\/2021\\\/07\\\/agro1.jpg\",\"datePublished\":\"2021-07-06T18:13:03+00:00\",\"dateModified\":\"2021-07-06T18:13:12+00:00\",\"description\":\"Voces de la Comuna 15\",\"breadcrumb\":{\"@id\":\"https:\\\/\\\/vocesdelacomuna15.com.ar\\\/press\\\/se-realizo-un-festival-por-la-apertura-del-parque-agronomia\\\/#breadcrumb\"},\"inLanguage\":\"es-AR\",\"potentialAction\":[{\"@type\":\"ReadAction\",\"target\":[\"https:\\\/\\\/vocesdelacomuna15.com.ar\\\/press\\\/se-realizo-un-festival-por-la-apertura-del-parque-agronomia\\\/\"]}]},{\"@type\":\"ImageObject\",\"inLanguage\":\"es-AR\",\"@id\":\"https:\\\/\\\/vocesdelacomuna15.com.ar\\\/press\\\/se-realizo-un-festival-por-la-apertura-del-parque-agronomia\\\/#primaryimage\",\"url\":\"https:\\\/\\\/vocesdelacomuna15.com.ar\\\/wp-content\\\/uploads\\\/2021\\\/07\\\/agro1.jpg\",\"contentUrl\":\"https:\\\/\\\/vocesdelacomuna15.com.ar\\\/wp-content\\\/uploads\\\/2021\\\/07\\\/agro1.jpg\",\"width\":1024,\"height\":768},{\"@type\":\"BreadcrumbList\",\"@id\":\"https:\\\/\\\/vocesdelacomuna15.com.ar\\\/press\\\/se-realizo-un-festival-por-la-apertura-del-parque-agronomia\\\/#breadcrumb\",\"itemListElement\":[{\"@type\":\"ListItem\",\"position\":1,\"name\":\"Inicio\",\"item\":\"https:\\\/\\\/vocesdelacomuna15.com.ar\\\/press\\\/\"},{\"@type\":\"ListItem\",\"position\":2,\"name\":\"Se realiz\u00f3 un festival por la apertura del Parque Agronom\u00eda\"}]},{\"@type\":\"WebSite\",\"@id\":\"https:\\\/\\\/vocesdelacomuna15.com.ar\\\/press\\\/#website\",\"url\":\"https:\\\/\\\/vocesdelacomuna15.com.ar\\\/press\\\/\",\"name\":\"Voces de la Comuna 15\",\"description\":\"Sitio web de noticias\",\"publisher\":{\"@id\":\"https:\\\/\\\/vocesdelacomuna15.com.ar\\\/press\\\/#organization\"},\"potentialAction\":[{\"@type\":\"SearchAction\",\"target\":{\"@type\":\"EntryPoint\",\"urlTemplate\":\"https:\\\/\\\/vocesdelacomuna15.com.ar\\\/press\\\/?s={search_term_string}\"},\"query-input\":{\"@type\":\"PropertyValueSpecification\",\"valueRequired\":true,\"valueName\":\"search_term_string\"}}],\"inLanguage\":\"es-AR\"},{\"@type\":\"Organization\",\"@id\":\"https:\\\/\\\/vocesdelacomuna15.com.ar\\\/press\\\/#organization\",\"name\":\"Voces de la Comuna 15\",\"url\":\"https:\\\/\\\/vocesdelacomuna15.com.ar\\\/press\\\/\",\"logo\":{\"@type\":\"ImageObject\",\"inLanguage\":\"es-AR\",\"@id\":\"https:\\\/\\\/vocesdelacomuna15.com.ar\\\/press\\\/#\\\/schema\\\/logo\\\/image\\\/\",\"url\":\"https:\\\/\\\/vocesdelacomuna15.com.ar\\\/wp-content\\\/uploads\\\/2024\\\/12\\\/cropped-logo_voces.jpg\",\"contentUrl\":\"https:\\\/\\\/vocesdelacomuna15.com.ar\\\/wp-content\\\/uploads\\\/2024\\\/12\\\/cropped-logo_voces.jpg\",\"width\":512,\"height\":512,\"caption\":\"Voces de la Comuna 15\"},\"image\":{\"@id\":\"https:\\\/\\\/vocesdelacomuna15.com.ar\\\/press\\\/#\\\/schema\\\/logo\\\/image\\\/\"},\"sameAs\":[\"https:\\\/\\\/www.facebook.com\\\/VocesComuna15\\\/\",\"https:\\\/\\\/x.com\\\/vocescomuna15\"]},{\"@type\":\"Person\",\"@id\":\"https:\\\/\\\/vocesdelacomuna15.com.ar\\\/press\\\/#\\\/schema\\\/person\\\/4739e109db25d799cd3d139eeb509e43\",\"name\":\"Federico Arguto\",\"image\":{\"@type\":\"ImageObject\",\"inLanguage\":\"es-AR\",\"@id\":\"https:\\\/\\\/vocesdelacomuna15.com.ar\\\/wp-content\\\/litespeed\\\/avatar\\\/82faf979976f1bae889b8b71f8a0a7e5.jpg?ver=1777419741\",\"url\":\"https:\\\/\\\/vocesdelacomuna15.com.ar\\\/wp-content\\\/litespeed\\\/avatar\\\/82faf979976f1bae889b8b71f8a0a7e5.jpg?ver=1777419741\",\"contentUrl\":\"https:\\\/\\\/vocesdelacomuna15.com.ar\\\/wp-content\\\/litespeed\\\/avatar\\\/82faf979976f1bae889b8b71f8a0a7e5.jpg?ver=1777419741\",\"caption\":\"Federico Arguto\"},\"url\":\"https:\\\/\\\/vocesdelacomuna15.com.ar\\\/press\\\/author\\\/fede\\\/\"}]}<\/script>\n<!-- \/ Yoast SEO plugin. -->","yoast_head_json":{"title":"Se realiz\u00f3 un festival por la apertura del Parque Agronom\u00eda - Voces de la Comuna 15","description":"Voces de la Comuna 15","robots":{"index":"index","follow":"follow","max-snippet":"max-snippet:-1","max-image-preview":"max-image-preview:large","max-video-preview":"max-video-preview:-1"},"canonical":"https:\/\/vocesdelacomuna15.com.ar\/press\/se-realizo-un-festival-por-la-apertura-del-parque-agronomia\/","og_locale":"es_ES","og_type":"article","og_title":"Se realiz\u00f3 un festival por la apertura del Parque Agronom\u00eda - Voces de la Comuna 15","og_description":"Voces de la Comuna 15","og_url":"https:\/\/vocesdelacomuna15.com.ar\/press\/se-realizo-un-festival-por-la-apertura-del-parque-agronomia\/","og_site_name":"Voces de la Comuna 15","article_publisher":"https:\/\/www.facebook.com\/VocesComuna15\/","article_published_time":"2021-07-06T18:13:03+00:00","article_modified_time":"2021-07-06T18:13:12+00:00","og_image":[{"width":1024,"height":768,"url":"https:\/\/vocesdelacomuna15.com.ar\/wp-content\/uploads\/2021\/07\/agro1.jpg","type":"image\/jpeg"}],"author":"Federico Arguto","twitter_card":"summary_large_image","twitter_creator":"@vocescomuna15","twitter_site":"@vocescomuna15","twitter_misc":{"Escrito por":"Federico Arguto","Tiempo de lectura":"5 minutos"},"schema":{"@context":"https:\/\/schema.org","@graph":[{"@type":"Article","@id":"https:\/\/vocesdelacomuna15.com.ar\/press\/se-realizo-un-festival-por-la-apertura-del-parque-agronomia\/#article","isPartOf":{"@id":"https:\/\/vocesdelacomuna15.com.ar\/press\/se-realizo-un-festival-por-la-apertura-del-parque-agronomia\/"},"author":{"name":"Federico Arguto","@id":"https:\/\/vocesdelacomuna15.com.ar\/press\/#\/schema\/person\/4739e109db25d799cd3d139eeb509e43"},"headline":"Se realiz\u00f3 un festival por la apertura del Parque Agronom\u00eda","datePublished":"2021-07-06T18:13:03+00:00","dateModified":"2021-07-06T18:13:12+00:00","mainEntityOfPage":{"@id":"https:\/\/vocesdelacomuna15.com.ar\/press\/se-realizo-un-festival-por-la-apertura-del-parque-agronomia\/"},"wordCount":1009,"commentCount":0,"publisher":{"@id":"https:\/\/vocesdelacomuna15.com.ar\/press\/#organization"},"image":{"@id":"https:\/\/vocesdelacomuna15.com.ar\/press\/se-realizo-un-festival-por-la-apertura-del-parque-agronomia\/#primaryimage"},"thumbnailUrl":"https:\/\/vocesdelacomuna15.com.ar\/wp-content\/uploads\/2021\/07\/agro1.jpg","articleSection":["Agronom\u00eda","Sociedad"],"inLanguage":"es-AR","potentialAction":[{"@type":"CommentAction","name":"Comment","target":["https:\/\/vocesdelacomuna15.com.ar\/press\/se-realizo-un-festival-por-la-apertura-del-parque-agronomia\/#respond"]}]},{"@type":"WebPage","@id":"https:\/\/vocesdelacomuna15.com.ar\/press\/se-realizo-un-festival-por-la-apertura-del-parque-agronomia\/","url":"https:\/\/vocesdelacomuna15.com.ar\/press\/se-realizo-un-festival-por-la-apertura-del-parque-agronomia\/","name":"Se realiz\u00f3 un festival por la apertura del Parque Agronom\u00eda - Voces de la Comuna 15","isPartOf":{"@id":"https:\/\/vocesdelacomuna15.com.ar\/press\/#website"},"primaryImageOfPage":{"@id":"https:\/\/vocesdelacomuna15.com.ar\/press\/se-realizo-un-festival-por-la-apertura-del-parque-agronomia\/#primaryimage"},"image":{"@id":"https:\/\/vocesdelacomuna15.com.ar\/press\/se-realizo-un-festival-por-la-apertura-del-parque-agronomia\/#primaryimage"},"thumbnailUrl":"https:\/\/vocesdelacomuna15.com.ar\/wp-content\/uploads\/2021\/07\/agro1.jpg","datePublished":"2021-07-06T18:13:03+00:00","dateModified":"2021-07-06T18:13:12+00:00","description":"Voces de la Comuna 15","breadcrumb":{"@id":"https:\/\/vocesdelacomuna15.com.ar\/press\/se-realizo-un-festival-por-la-apertura-del-parque-agronomia\/#breadcrumb"},"inLanguage":"es-AR","potentialAction":[{"@type":"ReadAction","target":["https:\/\/vocesdelacomuna15.com.ar\/press\/se-realizo-un-festival-por-la-apertura-del-parque-agronomia\/"]}]},{"@type":"ImageObject","inLanguage":"es-AR","@id":"https:\/\/vocesdelacomuna15.com.ar\/press\/se-realizo-un-festival-por-la-apertura-del-parque-agronomia\/#primaryimage","url":"https:\/\/vocesdelacomuna15.com.ar\/wp-content\/uploads\/2021\/07\/agro1.jpg","contentUrl":"https:\/\/vocesdelacomuna15.com.ar\/wp-content\/uploads\/2021\/07\/agro1.jpg","width":1024,"height":768},{"@type":"BreadcrumbList","@id":"https:\/\/vocesdelacomuna15.com.ar\/press\/se-realizo-un-festival-por-la-apertura-del-parque-agronomia\/#breadcrumb","itemListElement":[{"@type":"ListItem","position":1,"name":"Inicio","item":"https:\/\/vocesdelacomuna15.com.ar\/press\/"},{"@type":"ListItem","position":2,"name":"Se realiz\u00f3 un festival por la apertura del Parque Agronom\u00eda"}]},{"@type":"WebSite","@id":"https:\/\/vocesdelacomuna15.com.ar\/press\/#website","url":"https:\/\/vocesdelacomuna15.com.ar\/press\/","name":"Voces de la Comuna 15","description":"Sitio web de noticias","publisher":{"@id":"https:\/\/vocesdelacomuna15.com.ar\/press\/#organization"},"potentialAction":[{"@type":"SearchAction","target":{"@type":"EntryPoint","urlTemplate":"https:\/\/vocesdelacomuna15.com.ar\/press\/?s={search_term_string}"},"query-input":{"@type":"PropertyValueSpecification","valueRequired":true,"valueName":"search_term_string"}}],"inLanguage":"es-AR"},{"@type":"Organization","@id":"https:\/\/vocesdelacomuna15.com.ar\/press\/#organization","name":"Voces de la Comuna 15","url":"https:\/\/vocesdelacomuna15.com.ar\/press\/","logo":{"@type":"ImageObject","inLanguage":"es-AR","@id":"https:\/\/vocesdelacomuna15.com.ar\/press\/#\/schema\/logo\/image\/","url":"https:\/\/vocesdelacomuna15.com.ar\/wp-content\/uploads\/2024\/12\/cropped-logo_voces.jpg","contentUrl":"https:\/\/vocesdelacomuna15.com.ar\/wp-content\/uploads\/2024\/12\/cropped-logo_voces.jpg","width":512,"height":512,"caption":"Voces de la Comuna 15"},"image":{"@id":"https:\/\/vocesdelacomuna15.com.ar\/press\/#\/schema\/logo\/image\/"},"sameAs":["https:\/\/www.facebook.com\/VocesComuna15\/","https:\/\/x.com\/vocescomuna15"]},{"@type":"Person","@id":"https:\/\/vocesdelacomuna15.com.ar\/press\/#\/schema\/person\/4739e109db25d799cd3d139eeb509e43","name":"Federico Arguto","image":{"@type":"ImageObject","inLanguage":"es-AR","@id":"https:\/\/vocesdelacomuna15.com.ar\/wp-content\/litespeed\/avatar\/82faf979976f1bae889b8b71f8a0a7e5.jpg?ver=1777419741","url":"https:\/\/vocesdelacomuna15.com.ar\/wp-content\/litespeed\/avatar\/82faf979976f1bae889b8b71f8a0a7e5.jpg?ver=1777419741","contentUrl":"https:\/\/vocesdelacomuna15.com.ar\/wp-content\/litespeed\/avatar\/82faf979976f1bae889b8b71f8a0a7e5.jpg?ver=1777419741","caption":"Federico Arguto"},"url":"https:\/\/vocesdelacomuna15.com.ar\/press\/author\/fede\/"}]}},"_links":{"self":[{"href":"https:\/\/vocesdelacomuna15.com.ar\/press\/wp-json\/wp\/v2\/posts\/54286","targetHints":{"allow":["GET"]}}],"collection":[{"href":"https:\/\/vocesdelacomuna15.com.ar\/press\/wp-json\/wp\/v2\/posts"}],"about":[{"href":"https:\/\/vocesdelacomuna15.com.ar\/press\/wp-json\/wp\/v2\/types\/post"}],"author":[{"embeddable":true,"href":"https:\/\/vocesdelacomuna15.com.ar\/press\/wp-json\/wp\/v2\/users\/2"}],"replies":[{"embeddable":true,"href":"https:\/\/vocesdelacomuna15.com.ar\/press\/wp-json\/wp\/v2\/comments?post=54286"}],"version-history":[{"count":1,"href":"https:\/\/vocesdelacomuna15.com.ar\/press\/wp-json\/wp\/v2\/posts\/54286\/revisions"}],"predecessor-version":[{"id":54290,"href":"https:\/\/vocesdelacomuna15.com.ar\/press\/wp-json\/wp\/v2\/posts\/54286\/revisions\/54290"}],"wp:featuredmedia":[{"embeddable":true,"href":"https:\/\/vocesdelacomuna15.com.ar\/press\/wp-json\/wp\/v2\/media\/54288"}],"wp:attachment":[{"href":"https:\/\/vocesdelacomuna15.com.ar\/press\/wp-json\/wp\/v2\/media?parent=54286"}],"wp:term":[{"taxonomy":"category","embeddable":true,"href":"https:\/\/vocesdelacomuna15.com.ar\/press\/wp-json\/wp\/v2\/categories?post=54286"},{"taxonomy":"post_tag","embeddable":true,"href":"https:\/\/vocesdelacomuna15.com.ar\/press\/wp-json\/wp\/v2\/tags?post=54286"}],"curies":[{"name":"wp","href":"https:\/\/api.w.org\/{rel}","templated":true}]}}