{"id":54268,"date":"2021-07-05T13:33:29","date_gmt":"2021-07-05T16:33:29","guid":{"rendered":"http:\/\/vocesdelacomuna15.com.ar\/wordpress\/?p=54268"},"modified":"2021-07-05T13:33:35","modified_gmt":"2021-07-05T16:33:35","slug":"coronavirus-liberan-tumbas-en-el-cementerio-de-la-chacarita-para-una-eventual-demanda-de-espacio","status":"publish","type":"post","link":"https:\/\/vocesdelacomuna15.com.ar\/press\/coronavirus-liberan-tumbas-en-el-cementerio-de-la-chacarita-para-una-eventual-demanda-de-espacio\/","title":{"rendered":"Coronavirus: liberan tumbas en el cementerio de la Chacarita para una eventual demanda de espacio"},"content":{"rendered":"\n<p>Aunque se trata de un trabajo habitual, desde la Ciudad pretenden tener preparada la infraestructura frente a un posible rebrote de Covid-19. Fuente: La Naci\u00f3n (Publicada el 28 de junio)<\/p>\n\n\n\n<p>Las <a href=\"https:\/\/www.lanacion.com.ar\/sociedad\/dos-datos-marcan-que-podria-haber-pasado-el-peor-momento-de-la-segunda-ola-de-coronavirus-nid23062021\/\">se\u00f1ales de las \u00faltimas semanas son alentadoras<\/a>. Las aperturas o\nflexibilizaciones de actividades que manten\u00edan restricciones se suman a los\nbuenos signos en una <strong>segunda ola de coronavirus<\/strong> que podr\u00eda\ncomenzar a dejar atr\u00e1s el peor momento de la pandemia. A pesar de la tendencia\na la baja, el n\u00famero de contagiados diarios se mantiene alto y <a href=\"https:\/\/www.lanacion.com.ar\/sociedad\/es-posible-una-tercera-ola-que-impacto-tendra-la-variante-delta-en-la-argentina-segun-los-expertos-nid24062021\/\">la aparici\u00f3n de una nueva variante obliga a no relajarse<\/a>. Y sobre todo, <strong>a\nmantener la estructura sanitaria preparada para una eventual nueva ola<\/strong>.<\/p>\n\n\n\n<p>Ocurre con los\nhospitales, hoteles de aislamiento y centros de testeos, pero tambi\u00e9n con los <strong>cementerios\np\u00fablicos que receptan el 53% de los fallecidos <\/strong>de la ciudad. Recoleta,\nFlores y, principalmente, Chacarita concentran la mayor parte de la actividad\nmortuoria. La actividad se completa en otros predios de dominio privado o\ncementerios del conurbano bonaerense. En todos los casos, desde el a\u00f1o pasado\nest\u00e1n funcionando con <strong>protocolos en el manejo de los cuerpos<\/strong>,\nlas ceremonias y los funerales para reducir los riesgos de <a href=\"https:\/\/www.lanacion.com.ar\/sociedad\/en-detalle-infectados-fallecidos-coronavirus-argentina-nid2350330\/#\/\">brotes de\nCovid-19<\/a>.<\/p>\n\n\n\n<p>En Chacarita, que con 97\nhect\u00e1reas es el cementerio de mayor extensi\u00f3n de la ciudad, comenzaron <strong>trabajos\nde apertura de tumbas<\/strong> que se encuentran en la zona 2 <strong>para\nliberar al menos 400 espacios<\/strong>. Se trata de casos que ya cumplieron los\nplazos legales establecidos por ley de, al menos, siete a\u00f1os en no ser\nreclamados los cuerpos. Con las tareas, se busca que esa superficie sea\nreutilizada.<\/p>\n\n\n\n<p>Aunque la zona 2 no\ncorresponde a un sector designado para enterrar los restos de personas\nfallecidas por Covid-19 (los fallecidos por esta enfermedad se depositan en las\nzonas 10 y 14) y el procedimiento es habitual para ganar espacios, fuentes\noficiales confirmaron que <strong>las tareas se aceleraron por temor a una\ndemanda inesperada en un posible rebrote<\/strong>. La variante delta, que ya\ncircula por el pa\u00eds, y <a href=\"https:\/\/www.lanacion.com.ar\/el-mundo\/delta-plus-la-mutacion-de-la-variante-mas-contagiosa-que-alarma-a-la-india-nid22062021\/\">la mutaci\u00f3n Delta Plus, que apareci\u00f3 en la India<\/a>, generan inquietud en\nlas autoridades sanitarias argentinas y la Ciudad no es la excepci\u00f3n.<\/p>\n\n\n\n<p>\u201cM\u00e1s all\u00e1 de que no hay\ncolapso tenemos que tener cuidado y limpiar todo lo que podamos para\nprepararnos. Estamos mejor armados que el a\u00f1o pasado, mucho m\u00e1s organizados. A\nla vista <strong>se ven un mont\u00f3n de pozos abiertos <\/strong>y da una mala\nsensaci\u00f3n, pero <strong>no estamos al l\u00edmite<\/strong>\u201d, explican desde la\nCiudad.<\/p>\n\n\n\n<p>La sensaci\u00f3n de\ntranquilidad pivotea en un dato clave: el <strong>60% de los cad\u00e1veres tienen\ndestino de cremaci\u00f3n<\/strong> por decisi\u00f3n de la familia o por el protocolo\nCovid-19 de manejo de los cuerpos. Las urnas donde se depositan las cenizas\nocupan menos lugar o son retiradas por los allegados del fallecido, lo que\nposibilita una mejor atenci\u00f3n a la demanda en alza desde el a\u00f1o pasado.<\/p>\n\n\n\n<p>A pesar del repunte de\ncasos y de la mortalidad en todo el pa\u00eds, sobre todo en la segunda ola y con <strong>jornadas\nque registraron m\u00e1s de 700 muertos<\/strong>, los cementerios nunca estuvieron\ncolapsados como en otros pa\u00edses (Brasil, India o Estados Unidos, por ejemplo),\ndonde se volvi\u00f3 com\u00fan la apertura de fosas comunas. Desde el inicio de la pandemia\nse registraron <strong>92.317 fallecidos en todo el pa\u00eds,<\/strong> de los que\n46.896 fueron residentes en la provincia de Buenos Aires y 9985 en la ciudad.\nLa mortalidad, en los \u00faltimos 14 d\u00edas, baj\u00f3 un 11,5%, mientras que el n\u00famero de\ncontagios se redujo 25,8% en el mismo per\u00edodo.<\/p>\n\n\n\n<p>Seg\u00fan datos oficiales,\nen 2020, en Chacarita hubo un <strong>ingreso promedio diario de 67 fallecidos,<\/strong>\nde los que 10 correspondieron a v\u00edctimas de coronavirus. Este a\u00f1o <strong>el\npromedio cada 24 horas subi\u00f3 a 76<\/strong> y 18 por Covid-19, con picos durante\nmayo pasado de hasta 130 ingresos y 56 por coronavirus. El a\u00f1o 2019 cerr\u00f3 con una media diaria de 110 responsos.<\/p>\n\n\n\n<p>La demanda en Chacarita\ncreci\u00f3 durante la pandemia, pero <strong>el cementerio ya era el m\u00e1s requerido\nde la ciudad<\/strong>. El de Flores ya casi no tiene espacio disponible y es\nutilizado, principalmente, por vecinos de la zona, y el de Recoleta cuenta con\nla mayor disponibilidad de espacios en b\u00f3vedas o nichos privados. Adem\u00e1s, en\nChacarita funcionan <strong>18 hornos de cremaci\u00f3n<\/strong>, con 20 operarios\nque los manipulan, que pueden estar activos 18 horas al d\u00eda.<\/p>\n\n\n\n<p><strong>\u201cNo tenemos miedo a la falta de\nespacios porque hay mucha cremaci\u00f3n\u201d<\/strong>, sostienen desde el \u00e1rea que maneja\nlos cementerios p\u00fablicos. La preparaci\u00f3n para una posible tercera ola, adem\u00e1s\nde limpiar las tumbas que ya cumplieron los plazos legales, es recuperar los\nnichos que ocupados hace 30 a\u00f1os o m\u00e1s. En Chacarita, existen <strong>450.000\nnichos<\/strong> que pagan, cada uno, un arrendamiento anual de $4600. La deuda\nde la cuota puede derivar en la liberaci\u00f3n de esos espacios con previa notificaci\u00f3n\na la familia propietaria.<\/p>\n\n\n\n<p>En esos casos la familia\nrecibe una notificaci\u00f3n y se informa cu\u00e1les podr\u00edan ser los pasos por seguir.\nLas opciones son que retiren los restos para cremarlos, depositarlos en un\nosario com\u00fan o cancelar lo adeudado y continuar con la utilizaci\u00f3n del nicho.\nDe esta forma tambi\u00e9n se liberan espacios ociosos que podr\u00edan ser de utilidad.<\/p>\n\n\n\n<p>En toda su extensi\u00f3n, el\npredio cuenta con 15 secciones y aunque la informaci\u00f3n no es precisa porque los\nregistros m\u00e1s antiguos no est\u00e1n completos (Chacarita se inaugur\u00f3 en 1876 con la\nepidemia de la fiebre amarilla) en cada una de ellas <strong>se reparten unas\n1500 sepulturas <\/strong>(22.500 en total). Adem\u00e1s, hay cuatro secciones que\nsuman <strong>10.500 b\u00f3vedas <\/strong>(con capacidad para entre 18 y 20\ncuerpos) y los sitios para depositar las cenizas. Entre ellas se cuentan los\npanteones; el m\u00e1s grande tiene una capacidad de 2500 nichos y 800 urnas para\ncenizas.<\/p>\n\n\n\n<p>Utilizada dos veces\ndesde que se inaugur\u00f3, en <a href=\"https:\/\/www.lanacion.com.ar\/tema\/cromanon-tid1863\/\">el incendio del\nboliche Croma\u00f1\u00f3n<\/a>, donde murieron 194 personas, y la <a href=\"https:\/\/www.lanacion.com.ar\/tema\/tragedia-de-once-tid47924\/\">tragedia ferroviaria de Once con 51 fallecidos<\/a>, la morgue del\ncementerio tambi\u00e9n se cuenta en la infraestructura ante un eventual colapso.\nPreparada para cat\u00e1strofes, tiene una capacidad para 400 fallecidos.\nActualmente est\u00e1 casi vac\u00eda, con algunos cuerpos alojados all\u00ed por cuestiones\njudiciales a la espera de su destino final.<\/p>\n\n\n\n<p>Caracteres: 5.856<\/p>\n\n\n\n<p>Fuente y Foto: La Naci\u00f3n<\/p>\n<div class=\"pvc_clear\"><\/div><p id=\"pvc_stats_54268\" class=\"pvc_stats all  \" data-element-id=\"54268\" style=\"\"><i class=\"pvc-stats-icon small\" aria-hidden=\"true\"><svg aria-hidden=\"true\" focusable=\"false\" data-prefix=\"far\" data-icon=\"chart-bar\" role=\"img\" xmlns=\"http:\/\/www.w3.org\/2000\/svg\" viewBox=\"0 0 512 512\" class=\"svg-inline--fa fa-chart-bar fa-w-16 fa-2x\"><path fill=\"currentColor\" d=\"M396.8 352h22.4c6.4 0 12.8-6.4 12.8-12.8V108.8c0-6.4-6.4-12.8-12.8-12.8h-22.4c-6.4 0-12.8 6.4-12.8 12.8v230.4c0 6.4 6.4 12.8 12.8 12.8zm-192 0h22.4c6.4 0 12.8-6.4 12.8-12.8V140.8c0-6.4-6.4-12.8-12.8-12.8h-22.4c-6.4 0-12.8 6.4-12.8 12.8v198.4c0 6.4 6.4 12.8 12.8 12.8zm96 0h22.4c6.4 0 12.8-6.4 12.8-12.8V204.8c0-6.4-6.4-12.8-12.8-12.8h-22.4c-6.4 0-12.8 6.4-12.8 12.8v134.4c0 6.4 6.4 12.8 12.8 12.8zM496 400H48V80c0-8.84-7.16-16-16-16H16C7.16 64 0 71.16 0 80v336c0 17.67 14.33 32 32 32h464c8.84 0 16-7.16 16-16v-16c0-8.84-7.16-16-16-16zm-387.2-48h22.4c6.4 0 12.8-6.4 12.8-12.8v-70.4c0-6.4-6.4-12.8-12.8-12.8h-22.4c-6.4 0-12.8 6.4-12.8 12.8v70.4c0 6.4 6.4 12.8 12.8 12.8z\" class=\"\"><\/path><\/svg><\/i> <img loading=\"lazy\" decoding=\"async\" width=\"16\" height=\"16\" alt=\"Loading\" src=\"https:\/\/vocesdelacomuna15.com.ar\/wp-content\/plugins\/page-views-count\/ajax-loader-2x.gif\" border=0 \/><\/p><div class=\"pvc_clear\"><\/div>","protected":false},"excerpt":{"rendered":"<p>Aunque se trata de un trabajo habitual, desde la Ciudad pretenden tener preparada la infraestructura frente a un posible rebrote de Covid-19. Fuente: La Naci\u00f3n (Publicada el 28 de junio) Las se\u00f1ales de las \u00faltimas semanas son alentadoras. Las aperturas o flexibilizaciones de actividades que manten\u00edan restricciones se suman a los buenos signos en una [&hellip;]<\/p>\n<div class=\"pvc_clear\"><\/div>\n<p id=\"pvc_stats_54268\" class=\"pvc_stats all  \" data-element-id=\"54268\" style=\"\"><i class=\"pvc-stats-icon small\" aria-hidden=\"true\"><svg aria-hidden=\"true\" focusable=\"false\" data-prefix=\"far\" data-icon=\"chart-bar\" role=\"img\" xmlns=\"http:\/\/www.w3.org\/2000\/svg\" viewBox=\"0 0 512 512\" class=\"svg-inline--fa fa-chart-bar fa-w-16 fa-2x\"><path fill=\"currentColor\" d=\"M396.8 352h22.4c6.4 0 12.8-6.4 12.8-12.8V108.8c0-6.4-6.4-12.8-12.8-12.8h-22.4c-6.4 0-12.8 6.4-12.8 12.8v230.4c0 6.4 6.4 12.8 12.8 12.8zm-192 0h22.4c6.4 0 12.8-6.4 12.8-12.8V140.8c0-6.4-6.4-12.8-12.8-12.8h-22.4c-6.4 0-12.8 6.4-12.8 12.8v198.4c0 6.4 6.4 12.8 12.8 12.8zm96 0h22.4c6.4 0 12.8-6.4 12.8-12.8V204.8c0-6.4-6.4-12.8-12.8-12.8h-22.4c-6.4 0-12.8 6.4-12.8 12.8v134.4c0 6.4 6.4 12.8 12.8 12.8zM496 400H48V80c0-8.84-7.16-16-16-16H16C7.16 64 0 71.16 0 80v336c0 17.67 14.33 32 32 32h464c8.84 0 16-7.16 16-16v-16c0-8.84-7.16-16-16-16zm-387.2-48h22.4c6.4 0 12.8-6.4 12.8-12.8v-70.4c0-6.4-6.4-12.8-12.8-12.8h-22.4c-6.4 0-12.8 6.4-12.8 12.8v70.4c0 6.4 6.4 12.8 12.8 12.8z\" class=\"\"><\/path><\/svg><\/i> <img loading=\"lazy\" decoding=\"async\" width=\"16\" height=\"16\" alt=\"Loading\" src=\"https:\/\/vocesdelacomuna15.com.ar\/wp-content\/plugins\/page-views-count\/ajax-loader-2x.gif\" border=0 \/><\/p>\n<div class=\"pvc_clear\"><\/div>\n","protected":false},"author":2,"featured_media":54269,"comment_status":"open","ping_status":"open","sticky":false,"template":"","format":"standard","meta":{"_et_pb_use_builder":"off","_et_pb_old_content":"","_et_gb_content_width":"","footnotes":""},"categories":[23,8],"tags":[],"class_list":["post-54268","post","type-post","status-publish","format-standard","has-post-thumbnail","hentry","category-chacarita","category-sociedad","et-has-post-format-content","et_post_format-et-post-format-standard"],"a3_pvc":{"activated":true,"total_views":173,"today_views":0},"yoast_head":"<!-- This site is optimized with the Yoast SEO plugin v27.5 - https:\/\/yoast.com\/product\/yoast-seo-wordpress\/ -->\n<title>Coronavirus: liberan tumbas en el cementerio de la Chacarita para una eventual demanda de espacio - Voces de la Comuna 15<\/title>\n<meta name=\"description\" content=\"Voces de la Comuna 15\" \/>\n<meta name=\"robots\" content=\"index, follow, max-snippet:-1, max-image-preview:large, max-video-preview:-1\" \/>\n<link rel=\"canonical\" href=\"https:\/\/vocesdelacomuna15.com.ar\/press\/coronavirus-liberan-tumbas-en-el-cementerio-de-la-chacarita-para-una-eventual-demanda-de-espacio\/\" \/>\n<meta property=\"og:locale\" content=\"es_ES\" \/>\n<meta property=\"og:type\" content=\"article\" \/>\n<meta property=\"og:title\" content=\"Coronavirus: liberan tumbas en el cementerio de la Chacarita para una eventual demanda de espacio - Voces de la Comuna 15\" \/>\n<meta property=\"og:description\" content=\"Voces de la Comuna 15\" \/>\n<meta property=\"og:url\" content=\"https:\/\/vocesdelacomuna15.com.ar\/press\/coronavirus-liberan-tumbas-en-el-cementerio-de-la-chacarita-para-una-eventual-demanda-de-espacio\/\" \/>\n<meta property=\"og:site_name\" content=\"Voces de la Comuna 15\" \/>\n<meta property=\"article:publisher\" content=\"https:\/\/www.facebook.com\/VocesComuna15\/\" \/>\n<meta property=\"article:published_time\" content=\"2021-07-05T16:33:29+00:00\" \/>\n<meta property=\"article:modified_time\" content=\"2021-07-05T16:33:35+00:00\" \/>\n<meta property=\"og:image\" content=\"https:\/\/vocesdelacomuna15.com.ar\/wp-content\/uploads\/2021\/07\/cha050721.png\" \/>\n\t<meta property=\"og:image:width\" content=\"441\" \/>\n\t<meta property=\"og:image:height\" content=\"295\" \/>\n\t<meta property=\"og:image:type\" content=\"image\/png\" \/>\n<meta name=\"author\" content=\"Federico Arguto\" \/>\n<meta name=\"twitter:card\" content=\"summary_large_image\" \/>\n<meta name=\"twitter:creator\" content=\"@vocescomuna15\" \/>\n<meta name=\"twitter:site\" content=\"@vocescomuna15\" \/>\n<meta name=\"twitter:label1\" content=\"Escrito por\" \/>\n\t<meta name=\"twitter:data1\" content=\"Federico Arguto\" \/>\n\t<meta name=\"twitter:label2\" content=\"Tiempo de lectura\" \/>\n\t<meta name=\"twitter:data2\" content=\"5 minutos\" \/>\n<script type=\"application\/ld+json\" class=\"yoast-schema-graph\">{\"@context\":\"https:\\\/\\\/schema.org\",\"@graph\":[{\"@type\":\"Article\",\"@id\":\"https:\\\/\\\/vocesdelacomuna15.com.ar\\\/press\\\/coronavirus-liberan-tumbas-en-el-cementerio-de-la-chacarita-para-una-eventual-demanda-de-espacio\\\/#article\",\"isPartOf\":{\"@id\":\"https:\\\/\\\/vocesdelacomuna15.com.ar\\\/press\\\/coronavirus-liberan-tumbas-en-el-cementerio-de-la-chacarita-para-una-eventual-demanda-de-espacio\\\/\"},\"author\":{\"name\":\"Federico Arguto\",\"@id\":\"https:\\\/\\\/vocesdelacomuna15.com.ar\\\/press\\\/#\\\/schema\\\/person\\\/4739e109db25d799cd3d139eeb509e43\"},\"headline\":\"Coronavirus: liberan tumbas en el cementerio de la Chacarita para una eventual demanda de espacio\",\"datePublished\":\"2021-07-05T16:33:29+00:00\",\"dateModified\":\"2021-07-05T16:33:35+00:00\",\"mainEntityOfPage\":{\"@id\":\"https:\\\/\\\/vocesdelacomuna15.com.ar\\\/press\\\/coronavirus-liberan-tumbas-en-el-cementerio-de-la-chacarita-para-una-eventual-demanda-de-espacio\\\/\"},\"wordCount\":1072,\"commentCount\":0,\"publisher\":{\"@id\":\"https:\\\/\\\/vocesdelacomuna15.com.ar\\\/press\\\/#organization\"},\"image\":{\"@id\":\"https:\\\/\\\/vocesdelacomuna15.com.ar\\\/press\\\/coronavirus-liberan-tumbas-en-el-cementerio-de-la-chacarita-para-una-eventual-demanda-de-espacio\\\/#primaryimage\"},\"thumbnailUrl\":\"https:\\\/\\\/vocesdelacomuna15.com.ar\\\/wp-content\\\/uploads\\\/2021\\\/07\\\/cha050721.png\",\"articleSection\":[\"Chacarita\",\"Sociedad\"],\"inLanguage\":\"es-AR\",\"potentialAction\":[{\"@type\":\"CommentAction\",\"name\":\"Comment\",\"target\":[\"https:\\\/\\\/vocesdelacomuna15.com.ar\\\/press\\\/coronavirus-liberan-tumbas-en-el-cementerio-de-la-chacarita-para-una-eventual-demanda-de-espacio\\\/#respond\"]}]},{\"@type\":\"WebPage\",\"@id\":\"https:\\\/\\\/vocesdelacomuna15.com.ar\\\/press\\\/coronavirus-liberan-tumbas-en-el-cementerio-de-la-chacarita-para-una-eventual-demanda-de-espacio\\\/\",\"url\":\"https:\\\/\\\/vocesdelacomuna15.com.ar\\\/press\\\/coronavirus-liberan-tumbas-en-el-cementerio-de-la-chacarita-para-una-eventual-demanda-de-espacio\\\/\",\"name\":\"Coronavirus: liberan tumbas en el cementerio de la Chacarita para una eventual demanda de espacio - Voces de la Comuna 15\",\"isPartOf\":{\"@id\":\"https:\\\/\\\/vocesdelacomuna15.com.ar\\\/press\\\/#website\"},\"primaryImageOfPage\":{\"@id\":\"https:\\\/\\\/vocesdelacomuna15.com.ar\\\/press\\\/coronavirus-liberan-tumbas-en-el-cementerio-de-la-chacarita-para-una-eventual-demanda-de-espacio\\\/#primaryimage\"},\"image\":{\"@id\":\"https:\\\/\\\/vocesdelacomuna15.com.ar\\\/press\\\/coronavirus-liberan-tumbas-en-el-cementerio-de-la-chacarita-para-una-eventual-demanda-de-espacio\\\/#primaryimage\"},\"thumbnailUrl\":\"https:\\\/\\\/vocesdelacomuna15.com.ar\\\/wp-content\\\/uploads\\\/2021\\\/07\\\/cha050721.png\",\"datePublished\":\"2021-07-05T16:33:29+00:00\",\"dateModified\":\"2021-07-05T16:33:35+00:00\",\"description\":\"Voces de la Comuna 15\",\"breadcrumb\":{\"@id\":\"https:\\\/\\\/vocesdelacomuna15.com.ar\\\/press\\\/coronavirus-liberan-tumbas-en-el-cementerio-de-la-chacarita-para-una-eventual-demanda-de-espacio\\\/#breadcrumb\"},\"inLanguage\":\"es-AR\",\"potentialAction\":[{\"@type\":\"ReadAction\",\"target\":[\"https:\\\/\\\/vocesdelacomuna15.com.ar\\\/press\\\/coronavirus-liberan-tumbas-en-el-cementerio-de-la-chacarita-para-una-eventual-demanda-de-espacio\\\/\"]}]},{\"@type\":\"ImageObject\",\"inLanguage\":\"es-AR\",\"@id\":\"https:\\\/\\\/vocesdelacomuna15.com.ar\\\/press\\\/coronavirus-liberan-tumbas-en-el-cementerio-de-la-chacarita-para-una-eventual-demanda-de-espacio\\\/#primaryimage\",\"url\":\"https:\\\/\\\/vocesdelacomuna15.com.ar\\\/wp-content\\\/uploads\\\/2021\\\/07\\\/cha050721.png\",\"contentUrl\":\"https:\\\/\\\/vocesdelacomuna15.com.ar\\\/wp-content\\\/uploads\\\/2021\\\/07\\\/cha050721.png\",\"width\":441,\"height\":295},{\"@type\":\"BreadcrumbList\",\"@id\":\"https:\\\/\\\/vocesdelacomuna15.com.ar\\\/press\\\/coronavirus-liberan-tumbas-en-el-cementerio-de-la-chacarita-para-una-eventual-demanda-de-espacio\\\/#breadcrumb\",\"itemListElement\":[{\"@type\":\"ListItem\",\"position\":1,\"name\":\"Inicio\",\"item\":\"https:\\\/\\\/vocesdelacomuna15.com.ar\\\/press\\\/\"},{\"@type\":\"ListItem\",\"position\":2,\"name\":\"Coronavirus: liberan tumbas en el cementerio de la Chacarita para una eventual demanda de espacio\"}]},{\"@type\":\"WebSite\",\"@id\":\"https:\\\/\\\/vocesdelacomuna15.com.ar\\\/press\\\/#website\",\"url\":\"https:\\\/\\\/vocesdelacomuna15.com.ar\\\/press\\\/\",\"name\":\"Voces de la Comuna 15\",\"description\":\"Sitio web de noticias\",\"publisher\":{\"@id\":\"https:\\\/\\\/vocesdelacomuna15.com.ar\\\/press\\\/#organization\"},\"potentialAction\":[{\"@type\":\"SearchAction\",\"target\":{\"@type\":\"EntryPoint\",\"urlTemplate\":\"https:\\\/\\\/vocesdelacomuna15.com.ar\\\/press\\\/?s={search_term_string}\"},\"query-input\":{\"@type\":\"PropertyValueSpecification\",\"valueRequired\":true,\"valueName\":\"search_term_string\"}}],\"inLanguage\":\"es-AR\"},{\"@type\":\"Organization\",\"@id\":\"https:\\\/\\\/vocesdelacomuna15.com.ar\\\/press\\\/#organization\",\"name\":\"Voces de la Comuna 15\",\"url\":\"https:\\\/\\\/vocesdelacomuna15.com.ar\\\/press\\\/\",\"logo\":{\"@type\":\"ImageObject\",\"inLanguage\":\"es-AR\",\"@id\":\"https:\\\/\\\/vocesdelacomuna15.com.ar\\\/press\\\/#\\\/schema\\\/logo\\\/image\\\/\",\"url\":\"https:\\\/\\\/vocesdelacomuna15.com.ar\\\/wp-content\\\/uploads\\\/2024\\\/12\\\/cropped-logo_voces.jpg\",\"contentUrl\":\"https:\\\/\\\/vocesdelacomuna15.com.ar\\\/wp-content\\\/uploads\\\/2024\\\/12\\\/cropped-logo_voces.jpg\",\"width\":512,\"height\":512,\"caption\":\"Voces de la Comuna 15\"},\"image\":{\"@id\":\"https:\\\/\\\/vocesdelacomuna15.com.ar\\\/press\\\/#\\\/schema\\\/logo\\\/image\\\/\"},\"sameAs\":[\"https:\\\/\\\/www.facebook.com\\\/VocesComuna15\\\/\",\"https:\\\/\\\/x.com\\\/vocescomuna15\"]},{\"@type\":\"Person\",\"@id\":\"https:\\\/\\\/vocesdelacomuna15.com.ar\\\/press\\\/#\\\/schema\\\/person\\\/4739e109db25d799cd3d139eeb509e43\",\"name\":\"Federico Arguto\",\"image\":{\"@type\":\"ImageObject\",\"inLanguage\":\"es-AR\",\"@id\":\"https:\\\/\\\/vocesdelacomuna15.com.ar\\\/wp-content\\\/litespeed\\\/avatar\\\/82faf979976f1bae889b8b71f8a0a7e5.jpg?ver=1777419741\",\"url\":\"https:\\\/\\\/vocesdelacomuna15.com.ar\\\/wp-content\\\/litespeed\\\/avatar\\\/82faf979976f1bae889b8b71f8a0a7e5.jpg?ver=1777419741\",\"contentUrl\":\"https:\\\/\\\/vocesdelacomuna15.com.ar\\\/wp-content\\\/litespeed\\\/avatar\\\/82faf979976f1bae889b8b71f8a0a7e5.jpg?ver=1777419741\",\"caption\":\"Federico Arguto\"},\"url\":\"https:\\\/\\\/vocesdelacomuna15.com.ar\\\/press\\\/author\\\/fede\\\/\"}]}<\/script>\n<!-- \/ Yoast SEO plugin. -->","yoast_head_json":{"title":"Coronavirus: liberan tumbas en el cementerio de la Chacarita para una eventual demanda de espacio - Voces de la Comuna 15","description":"Voces de la Comuna 15","robots":{"index":"index","follow":"follow","max-snippet":"max-snippet:-1","max-image-preview":"max-image-preview:large","max-video-preview":"max-video-preview:-1"},"canonical":"https:\/\/vocesdelacomuna15.com.ar\/press\/coronavirus-liberan-tumbas-en-el-cementerio-de-la-chacarita-para-una-eventual-demanda-de-espacio\/","og_locale":"es_ES","og_type":"article","og_title":"Coronavirus: liberan tumbas en el cementerio de la Chacarita para una eventual demanda de espacio - Voces de la Comuna 15","og_description":"Voces de la Comuna 15","og_url":"https:\/\/vocesdelacomuna15.com.ar\/press\/coronavirus-liberan-tumbas-en-el-cementerio-de-la-chacarita-para-una-eventual-demanda-de-espacio\/","og_site_name":"Voces de la Comuna 15","article_publisher":"https:\/\/www.facebook.com\/VocesComuna15\/","article_published_time":"2021-07-05T16:33:29+00:00","article_modified_time":"2021-07-05T16:33:35+00:00","og_image":[{"width":441,"height":295,"url":"https:\/\/vocesdelacomuna15.com.ar\/wp-content\/uploads\/2021\/07\/cha050721.png","type":"image\/png"}],"author":"Federico Arguto","twitter_card":"summary_large_image","twitter_creator":"@vocescomuna15","twitter_site":"@vocescomuna15","twitter_misc":{"Escrito por":"Federico Arguto","Tiempo de lectura":"5 minutos"},"schema":{"@context":"https:\/\/schema.org","@graph":[{"@type":"Article","@id":"https:\/\/vocesdelacomuna15.com.ar\/press\/coronavirus-liberan-tumbas-en-el-cementerio-de-la-chacarita-para-una-eventual-demanda-de-espacio\/#article","isPartOf":{"@id":"https:\/\/vocesdelacomuna15.com.ar\/press\/coronavirus-liberan-tumbas-en-el-cementerio-de-la-chacarita-para-una-eventual-demanda-de-espacio\/"},"author":{"name":"Federico Arguto","@id":"https:\/\/vocesdelacomuna15.com.ar\/press\/#\/schema\/person\/4739e109db25d799cd3d139eeb509e43"},"headline":"Coronavirus: liberan tumbas en el cementerio de la Chacarita para una eventual demanda de espacio","datePublished":"2021-07-05T16:33:29+00:00","dateModified":"2021-07-05T16:33:35+00:00","mainEntityOfPage":{"@id":"https:\/\/vocesdelacomuna15.com.ar\/press\/coronavirus-liberan-tumbas-en-el-cementerio-de-la-chacarita-para-una-eventual-demanda-de-espacio\/"},"wordCount":1072,"commentCount":0,"publisher":{"@id":"https:\/\/vocesdelacomuna15.com.ar\/press\/#organization"},"image":{"@id":"https:\/\/vocesdelacomuna15.com.ar\/press\/coronavirus-liberan-tumbas-en-el-cementerio-de-la-chacarita-para-una-eventual-demanda-de-espacio\/#primaryimage"},"thumbnailUrl":"https:\/\/vocesdelacomuna15.com.ar\/wp-content\/uploads\/2021\/07\/cha050721.png","articleSection":["Chacarita","Sociedad"],"inLanguage":"es-AR","potentialAction":[{"@type":"CommentAction","name":"Comment","target":["https:\/\/vocesdelacomuna15.com.ar\/press\/coronavirus-liberan-tumbas-en-el-cementerio-de-la-chacarita-para-una-eventual-demanda-de-espacio\/#respond"]}]},{"@type":"WebPage","@id":"https:\/\/vocesdelacomuna15.com.ar\/press\/coronavirus-liberan-tumbas-en-el-cementerio-de-la-chacarita-para-una-eventual-demanda-de-espacio\/","url":"https:\/\/vocesdelacomuna15.com.ar\/press\/coronavirus-liberan-tumbas-en-el-cementerio-de-la-chacarita-para-una-eventual-demanda-de-espacio\/","name":"Coronavirus: liberan tumbas en el cementerio de la Chacarita para una eventual demanda de espacio - Voces de la Comuna 15","isPartOf":{"@id":"https:\/\/vocesdelacomuna15.com.ar\/press\/#website"},"primaryImageOfPage":{"@id":"https:\/\/vocesdelacomuna15.com.ar\/press\/coronavirus-liberan-tumbas-en-el-cementerio-de-la-chacarita-para-una-eventual-demanda-de-espacio\/#primaryimage"},"image":{"@id":"https:\/\/vocesdelacomuna15.com.ar\/press\/coronavirus-liberan-tumbas-en-el-cementerio-de-la-chacarita-para-una-eventual-demanda-de-espacio\/#primaryimage"},"thumbnailUrl":"https:\/\/vocesdelacomuna15.com.ar\/wp-content\/uploads\/2021\/07\/cha050721.png","datePublished":"2021-07-05T16:33:29+00:00","dateModified":"2021-07-05T16:33:35+00:00","description":"Voces de la Comuna 15","breadcrumb":{"@id":"https:\/\/vocesdelacomuna15.com.ar\/press\/coronavirus-liberan-tumbas-en-el-cementerio-de-la-chacarita-para-una-eventual-demanda-de-espacio\/#breadcrumb"},"inLanguage":"es-AR","potentialAction":[{"@type":"ReadAction","target":["https:\/\/vocesdelacomuna15.com.ar\/press\/coronavirus-liberan-tumbas-en-el-cementerio-de-la-chacarita-para-una-eventual-demanda-de-espacio\/"]}]},{"@type":"ImageObject","inLanguage":"es-AR","@id":"https:\/\/vocesdelacomuna15.com.ar\/press\/coronavirus-liberan-tumbas-en-el-cementerio-de-la-chacarita-para-una-eventual-demanda-de-espacio\/#primaryimage","url":"https:\/\/vocesdelacomuna15.com.ar\/wp-content\/uploads\/2021\/07\/cha050721.png","contentUrl":"https:\/\/vocesdelacomuna15.com.ar\/wp-content\/uploads\/2021\/07\/cha050721.png","width":441,"height":295},{"@type":"BreadcrumbList","@id":"https:\/\/vocesdelacomuna15.com.ar\/press\/coronavirus-liberan-tumbas-en-el-cementerio-de-la-chacarita-para-una-eventual-demanda-de-espacio\/#breadcrumb","itemListElement":[{"@type":"ListItem","position":1,"name":"Inicio","item":"https:\/\/vocesdelacomuna15.com.ar\/press\/"},{"@type":"ListItem","position":2,"name":"Coronavirus: liberan tumbas en el cementerio de la Chacarita para una eventual demanda de espacio"}]},{"@type":"WebSite","@id":"https:\/\/vocesdelacomuna15.com.ar\/press\/#website","url":"https:\/\/vocesdelacomuna15.com.ar\/press\/","name":"Voces de la Comuna 15","description":"Sitio web de noticias","publisher":{"@id":"https:\/\/vocesdelacomuna15.com.ar\/press\/#organization"},"potentialAction":[{"@type":"SearchAction","target":{"@type":"EntryPoint","urlTemplate":"https:\/\/vocesdelacomuna15.com.ar\/press\/?s={search_term_string}"},"query-input":{"@type":"PropertyValueSpecification","valueRequired":true,"valueName":"search_term_string"}}],"inLanguage":"es-AR"},{"@type":"Organization","@id":"https:\/\/vocesdelacomuna15.com.ar\/press\/#organization","name":"Voces de la Comuna 15","url":"https:\/\/vocesdelacomuna15.com.ar\/press\/","logo":{"@type":"ImageObject","inLanguage":"es-AR","@id":"https:\/\/vocesdelacomuna15.com.ar\/press\/#\/schema\/logo\/image\/","url":"https:\/\/vocesdelacomuna15.com.ar\/wp-content\/uploads\/2024\/12\/cropped-logo_voces.jpg","contentUrl":"https:\/\/vocesdelacomuna15.com.ar\/wp-content\/uploads\/2024\/12\/cropped-logo_voces.jpg","width":512,"height":512,"caption":"Voces de la Comuna 15"},"image":{"@id":"https:\/\/vocesdelacomuna15.com.ar\/press\/#\/schema\/logo\/image\/"},"sameAs":["https:\/\/www.facebook.com\/VocesComuna15\/","https:\/\/x.com\/vocescomuna15"]},{"@type":"Person","@id":"https:\/\/vocesdelacomuna15.com.ar\/press\/#\/schema\/person\/4739e109db25d799cd3d139eeb509e43","name":"Federico Arguto","image":{"@type":"ImageObject","inLanguage":"es-AR","@id":"https:\/\/vocesdelacomuna15.com.ar\/wp-content\/litespeed\/avatar\/82faf979976f1bae889b8b71f8a0a7e5.jpg?ver=1777419741","url":"https:\/\/vocesdelacomuna15.com.ar\/wp-content\/litespeed\/avatar\/82faf979976f1bae889b8b71f8a0a7e5.jpg?ver=1777419741","contentUrl":"https:\/\/vocesdelacomuna15.com.ar\/wp-content\/litespeed\/avatar\/82faf979976f1bae889b8b71f8a0a7e5.jpg?ver=1777419741","caption":"Federico Arguto"},"url":"https:\/\/vocesdelacomuna15.com.ar\/press\/author\/fede\/"}]}},"_links":{"self":[{"href":"https:\/\/vocesdelacomuna15.com.ar\/press\/wp-json\/wp\/v2\/posts\/54268","targetHints":{"allow":["GET"]}}],"collection":[{"href":"https:\/\/vocesdelacomuna15.com.ar\/press\/wp-json\/wp\/v2\/posts"}],"about":[{"href":"https:\/\/vocesdelacomuna15.com.ar\/press\/wp-json\/wp\/v2\/types\/post"}],"author":[{"embeddable":true,"href":"https:\/\/vocesdelacomuna15.com.ar\/press\/wp-json\/wp\/v2\/users\/2"}],"replies":[{"embeddable":true,"href":"https:\/\/vocesdelacomuna15.com.ar\/press\/wp-json\/wp\/v2\/comments?post=54268"}],"version-history":[{"count":1,"href":"https:\/\/vocesdelacomuna15.com.ar\/press\/wp-json\/wp\/v2\/posts\/54268\/revisions"}],"predecessor-version":[{"id":54270,"href":"https:\/\/vocesdelacomuna15.com.ar\/press\/wp-json\/wp\/v2\/posts\/54268\/revisions\/54270"}],"wp:featuredmedia":[{"embeddable":true,"href":"https:\/\/vocesdelacomuna15.com.ar\/press\/wp-json\/wp\/v2\/media\/54269"}],"wp:attachment":[{"href":"https:\/\/vocesdelacomuna15.com.ar\/press\/wp-json\/wp\/v2\/media?parent=54268"}],"wp:term":[{"taxonomy":"category","embeddable":true,"href":"https:\/\/vocesdelacomuna15.com.ar\/press\/wp-json\/wp\/v2\/categories?post=54268"},{"taxonomy":"post_tag","embeddable":true,"href":"https:\/\/vocesdelacomuna15.com.ar\/press\/wp-json\/wp\/v2\/tags?post=54268"}],"curies":[{"name":"wp","href":"https:\/\/api.w.org\/{rel}","templated":true}]}}