{"id":54255,"date":"2021-07-03T14:15:20","date_gmt":"2021-07-03T17:15:20","guid":{"rendered":"http:\/\/vocesdelacomuna15.com.ar\/wordpress\/?p=54255"},"modified":"2021-07-03T14:14:56","modified_gmt":"2021-07-03T17:14:56","slug":"se-realizara-un-taller-de-carpinteria-en-la-biblioteca-becciu-de-la-paternal","status":"publish","type":"post","link":"https:\/\/vocesdelacomuna15.com.ar\/press\/se-realizara-un-taller-de-carpinteria-en-la-biblioteca-becciu-de-la-paternal\/","title":{"rendered":"Se realizar\u00e1 un taller de carpinter\u00eda en la Biblioteca Becci\u00fa de La Paternal"},"content":{"rendered":"\n<p>El proyecto Conjugar Comunidad arranc\u00f3 a principios de a\u00f1o con el objetivo de promover la defensa del patrimonio cultural material e inmaterial del barrio de La Paternal creando lazos entre los vecinos y el espacio p\u00fablico. Fuente: Nueva Ciudad<\/p>\n\n\n\n<p>En estos meses se est\u00e1n llevando a cabo distintas\nactividades del <strong>proyecto Conjugar Comunidad<\/strong>, que incluyen un\ndise\u00f1o participativo de actividades, encuentros y talleres presenciales.<br>\n&nbsp;<br>\nEste s\u00e1bado, en dos horarios distintos, se realizar\u00e1 el<strong> taller de\ncarpinter\u00eda<\/strong> para armado de <strong>bancales y composteras<\/strong> de\nmanera gratuita. Durante la jornada se compartir\u00e1 con los participantes las\nt\u00e9cnicas b\u00e1sicas para armar bancales y muebles simples a partir de la\nreutilizaci\u00f3n de pallets.<br>\n&nbsp;<br>\nSe ver\u00e1n las t\u00e9cnicas de desarmado de pallets, dise\u00f1o b\u00e1sico de estructuras,\nensamblado y cuidado de la madera. Durante el taller se har\u00e1 hincapi\u00e9 en el\ncorrecto uso de herramientas para garantizar el cuidado de quienes las\nmanipulan. Adem\u00e1s ser\u00e1 un espacio para compartir saberes en relaci\u00f3n a la <strong>huerta<\/strong>\ny su correcto mantenimiento.<br>\n&nbsp;<br>\n<em>\u201cDurante esta experiencia pondremos en valor el hacer manual de cada uno de\nlos participantes promoviendo la autogesti\u00f3n para resolver necesidades\ncotidianas\u201d,<\/em> explica a <strong>Nueva Ciudad Franc Paredes<\/strong>,\ncoordinador de <strong>Conjugar Comunidad.<\/strong><br>\n&nbsp;<br>\n<em>\u201cEl taller se llama \u201cUna huerta para todos, taller de carpinter\u00eda con\npallets\u201d donde vamos a hacer bancales y composteras. Los facilitadores vamos a\nser <\/em><strong><em>Patricia Bordenave de la Asociaci\u00f3n Llant\u00e9n, Mariano Sivak\nde Micro Taller Hogare\u00f1o<\/em><\/strong><em> y yo. Previo a armar el taller\ntuvimos distintas reuniones con referentes y a partir de ah\u00ed surge la necesidad\nde aportar a la huerta que est\u00e1 surgiendo en la <\/em><strong><em>Biblioteca\nBecci\u00fa,<\/em><\/strong><em> que es un emprendimiento de vecinas y vecinos del\nbarrio junto a <\/em><strong><em>Milagros Chiara<\/em><\/strong><em> de <\/em><strong><em>Paternal\nCultura\u201d<\/em><\/strong><em>,<\/em> cuenta <strong>Franc<\/strong> que tambi\u00e9n es\ndirector del espacio cultural <strong>La Paternal Espacio Proyecto.<\/strong><br>\n&nbsp;<br>\n<em>\u201c<\/em><strong><em>Conjugar Comunidad <\/em><\/strong><em>se hace eco, de esta\nforma, en los intereses de les vecines del barrio. Adem\u00e1s, <\/em><strong><em>Nilda\nRosemberg <\/em><\/strong><em>junto a <\/em><strong><em>Crom\u00e1tico Arte<\/em><\/strong><em>\ncontin\u00faan desarrollando los bordados del taller textil con el que despu\u00e9s vamos\na seguir activando el barrio\u201d<\/em>, cierra <strong>Franc.<\/strong>&nbsp;<br>\n&nbsp;<br>\nPara participar del taller no se precisa de conocimientos previos. Este taller\nes gratuito, sin embargo, est\u00e1 dirigido a personas que se comprometan a ser\nreferentes y compartir este saber con su comunidad replicando lo aprendido.\nEstas personas contar\u00e1n con un acompa\u00f1amiento posterior al taller donde podr\u00e1n\nhacer consultas y seguir aprendiendo. Dado el contexto de la <strong>pandemia<\/strong>\nlos cupos son limitados.<br>\n&nbsp;<br>\nEl taller brindar\u00e1 las herramientas necesarias para su realizaci\u00f3n. Igualmente\nse invita a llevar martillos, barretas, serruchos, clavos, limas y dem\u00e1s\nherramientas que est\u00e9n disponibles en su entorno.<br>\n&nbsp;<br>\nLa inscripci\u00f3n se realiza en: <br>\nConsultas: paternalcultura@gmail.com<br>\n&nbsp;<br>\nLa duraci\u00f3n del taller de 3 horas, en dos turnos: a la ma\u00f1ana de 10 a 13hs, a\nla tarde de 14 a 17hs, en la <strong>Biblioteca Becci\u00fa,<\/strong> ubicada en\nPasaje Nicol\u00e1s Granada 1660, <strong>La Paternal.<\/strong><\/p>\n\n\n\n<p><strong>Caracteres: 2.806<\/strong><\/p>\n\n\n\n<p><strong>Fuente y Foto: Nueva Ciudad<\/strong><\/p>\n<div class=\"pvc_clear\"><\/div><p id=\"pvc_stats_54255\" class=\"pvc_stats all  \" data-element-id=\"54255\" style=\"\"><i class=\"pvc-stats-icon small\" aria-hidden=\"true\"><svg aria-hidden=\"true\" focusable=\"false\" data-prefix=\"far\" data-icon=\"chart-bar\" role=\"img\" xmlns=\"http:\/\/www.w3.org\/2000\/svg\" viewBox=\"0 0 512 512\" class=\"svg-inline--fa fa-chart-bar fa-w-16 fa-2x\"><path fill=\"currentColor\" d=\"M396.8 352h22.4c6.4 0 12.8-6.4 12.8-12.8V108.8c0-6.4-6.4-12.8-12.8-12.8h-22.4c-6.4 0-12.8 6.4-12.8 12.8v230.4c0 6.4 6.4 12.8 12.8 12.8zm-192 0h22.4c6.4 0 12.8-6.4 12.8-12.8V140.8c0-6.4-6.4-12.8-12.8-12.8h-22.4c-6.4 0-12.8 6.4-12.8 12.8v198.4c0 6.4 6.4 12.8 12.8 12.8zm96 0h22.4c6.4 0 12.8-6.4 12.8-12.8V204.8c0-6.4-6.4-12.8-12.8-12.8h-22.4c-6.4 0-12.8 6.4-12.8 12.8v134.4c0 6.4 6.4 12.8 12.8 12.8zM496 400H48V80c0-8.84-7.16-16-16-16H16C7.16 64 0 71.16 0 80v336c0 17.67 14.33 32 32 32h464c8.84 0 16-7.16 16-16v-16c0-8.84-7.16-16-16-16zm-387.2-48h22.4c6.4 0 12.8-6.4 12.8-12.8v-70.4c0-6.4-6.4-12.8-12.8-12.8h-22.4c-6.4 0-12.8 6.4-12.8 12.8v70.4c0 6.4 6.4 12.8 12.8 12.8z\" class=\"\"><\/path><\/svg><\/i> <img loading=\"lazy\" decoding=\"async\" width=\"16\" height=\"16\" alt=\"Loading\" src=\"https:\/\/vocesdelacomuna15.com.ar\/wp-content\/plugins\/page-views-count\/ajax-loader-2x.gif\" border=0 \/><\/p><div class=\"pvc_clear\"><\/div>","protected":false},"excerpt":{"rendered":"<p>El proyecto Conjugar Comunidad arranc\u00f3 a principios de a\u00f1o con el objetivo de promover la defensa del patrimonio cultural material e inmaterial del barrio de La Paternal creando lazos entre los vecinos y el espacio p\u00fablico. Fuente: Nueva Ciudad En estos meses se est\u00e1n llevando a cabo distintas actividades del proyecto Conjugar Comunidad, que incluyen [&hellip;]<\/p>\n<div class=\"pvc_clear\"><\/div>\n<p id=\"pvc_stats_54255\" class=\"pvc_stats all  \" data-element-id=\"54255\" style=\"\"><i class=\"pvc-stats-icon small\" aria-hidden=\"true\"><svg aria-hidden=\"true\" focusable=\"false\" data-prefix=\"far\" data-icon=\"chart-bar\" role=\"img\" xmlns=\"http:\/\/www.w3.org\/2000\/svg\" viewBox=\"0 0 512 512\" class=\"svg-inline--fa fa-chart-bar fa-w-16 fa-2x\"><path fill=\"currentColor\" d=\"M396.8 352h22.4c6.4 0 12.8-6.4 12.8-12.8V108.8c0-6.4-6.4-12.8-12.8-12.8h-22.4c-6.4 0-12.8 6.4-12.8 12.8v230.4c0 6.4 6.4 12.8 12.8 12.8zm-192 0h22.4c6.4 0 12.8-6.4 12.8-12.8V140.8c0-6.4-6.4-12.8-12.8-12.8h-22.4c-6.4 0-12.8 6.4-12.8 12.8v198.4c0 6.4 6.4 12.8 12.8 12.8zm96 0h22.4c6.4 0 12.8-6.4 12.8-12.8V204.8c0-6.4-6.4-12.8-12.8-12.8h-22.4c-6.4 0-12.8 6.4-12.8 12.8v134.4c0 6.4 6.4 12.8 12.8 12.8zM496 400H48V80c0-8.84-7.16-16-16-16H16C7.16 64 0 71.16 0 80v336c0 17.67 14.33 32 32 32h464c8.84 0 16-7.16 16-16v-16c0-8.84-7.16-16-16-16zm-387.2-48h22.4c6.4 0 12.8-6.4 12.8-12.8v-70.4c0-6.4-6.4-12.8-12.8-12.8h-22.4c-6.4 0-12.8 6.4-12.8 12.8v70.4c0 6.4 6.4 12.8 12.8 12.8z\" class=\"\"><\/path><\/svg><\/i> <img loading=\"lazy\" decoding=\"async\" width=\"16\" height=\"16\" alt=\"Loading\" src=\"https:\/\/vocesdelacomuna15.com.ar\/wp-content\/plugins\/page-views-count\/ajax-loader-2x.gif\" border=0 \/><\/p>\n<div class=\"pvc_clear\"><\/div>\n","protected":false},"author":2,"featured_media":54256,"comment_status":"open","ping_status":"open","sticky":false,"template":"","format":"standard","meta":{"_et_pb_use_builder":"off","_et_pb_old_content":"","_et_gb_content_width":"","footnotes":""},"categories":[24,29],"tags":[],"class_list":["post-54255","post","type-post","status-publish","format-standard","has-post-thumbnail","hentry","category-cultura","category-lapa","et-has-post-format-content","et_post_format-et-post-format-standard"],"a3_pvc":{"activated":true,"total_views":149,"today_views":0},"yoast_head":"<!-- This site is optimized with the Yoast SEO plugin v27.5 - https:\/\/yoast.com\/product\/yoast-seo-wordpress\/ -->\n<title>Se realizar\u00e1 un taller de carpinter\u00eda en la Biblioteca Becci\u00fa de La Paternal - Voces de la Comuna 15<\/title>\n<meta name=\"description\" content=\"Voces de la Comuna 15\" \/>\n<meta name=\"robots\" content=\"index, follow, max-snippet:-1, max-image-preview:large, max-video-preview:-1\" \/>\n<link rel=\"canonical\" href=\"https:\/\/vocesdelacomuna15.com.ar\/press\/se-realizara-un-taller-de-carpinteria-en-la-biblioteca-becciu-de-la-paternal\/\" \/>\n<meta property=\"og:locale\" content=\"es_ES\" \/>\n<meta property=\"og:type\" content=\"article\" \/>\n<meta property=\"og:title\" content=\"Se realizar\u00e1 un taller de carpinter\u00eda en la Biblioteca Becci\u00fa de La Paternal - Voces de la Comuna 15\" \/>\n<meta property=\"og:description\" content=\"Voces de la Comuna 15\" \/>\n<meta property=\"og:url\" content=\"https:\/\/vocesdelacomuna15.com.ar\/press\/se-realizara-un-taller-de-carpinteria-en-la-biblioteca-becciu-de-la-paternal\/\" \/>\n<meta property=\"og:site_name\" content=\"Voces de la Comuna 15\" \/>\n<meta property=\"article:publisher\" content=\"https:\/\/www.facebook.com\/VocesComuna15\/\" \/>\n<meta property=\"article:published_time\" content=\"2021-07-03T17:15:20+00:00\" \/>\n<meta property=\"og:image\" content=\"https:\/\/vocesdelacomuna15.com.ar\/wp-content\/uploads\/2021\/06\/nueva-ciudad-3006.jpg\" \/>\n\t<meta property=\"og:image:width\" content=\"800\" \/>\n\t<meta property=\"og:image:height\" content=\"800\" \/>\n\t<meta property=\"og:image:type\" content=\"image\/jpeg\" \/>\n<meta name=\"author\" content=\"Federico Arguto\" \/>\n<meta name=\"twitter:card\" content=\"summary_large_image\" \/>\n<meta name=\"twitter:creator\" content=\"@vocescomuna15\" \/>\n<meta name=\"twitter:site\" content=\"@vocescomuna15\" \/>\n<meta name=\"twitter:label1\" content=\"Escrito por\" \/>\n\t<meta name=\"twitter:data1\" content=\"Federico Arguto\" \/>\n\t<meta name=\"twitter:label2\" content=\"Tiempo de lectura\" \/>\n\t<meta name=\"twitter:data2\" content=\"3 minutos\" \/>\n<script type=\"application\/ld+json\" class=\"yoast-schema-graph\">{\"@context\":\"https:\\\/\\\/schema.org\",\"@graph\":[{\"@type\":\"Article\",\"@id\":\"https:\\\/\\\/vocesdelacomuna15.com.ar\\\/press\\\/se-realizara-un-taller-de-carpinteria-en-la-biblioteca-becciu-de-la-paternal\\\/#article\",\"isPartOf\":{\"@id\":\"https:\\\/\\\/vocesdelacomuna15.com.ar\\\/press\\\/se-realizara-un-taller-de-carpinteria-en-la-biblioteca-becciu-de-la-paternal\\\/\"},\"author\":{\"name\":\"Federico Arguto\",\"@id\":\"https:\\\/\\\/vocesdelacomuna15.com.ar\\\/press\\\/#\\\/schema\\\/person\\\/4739e109db25d799cd3d139eeb509e43\"},\"headline\":\"Se realizar\u00e1 un taller de carpinter\u00eda en la Biblioteca Becci\u00fa de La Paternal\",\"datePublished\":\"2021-07-03T17:15:20+00:00\",\"mainEntityOfPage\":{\"@id\":\"https:\\\/\\\/vocesdelacomuna15.com.ar\\\/press\\\/se-realizara-un-taller-de-carpinteria-en-la-biblioteca-becciu-de-la-paternal\\\/\"},\"wordCount\":532,\"commentCount\":0,\"publisher\":{\"@id\":\"https:\\\/\\\/vocesdelacomuna15.com.ar\\\/press\\\/#organization\"},\"image\":{\"@id\":\"https:\\\/\\\/vocesdelacomuna15.com.ar\\\/press\\\/se-realizara-un-taller-de-carpinteria-en-la-biblioteca-becciu-de-la-paternal\\\/#primaryimage\"},\"thumbnailUrl\":\"https:\\\/\\\/vocesdelacomuna15.com.ar\\\/wp-content\\\/uploads\\\/2021\\\/06\\\/nueva-ciudad-3006.jpg\",\"articleSection\":[\"Cultura\",\"La Paternal\"],\"inLanguage\":\"es-AR\",\"potentialAction\":[{\"@type\":\"CommentAction\",\"name\":\"Comment\",\"target\":[\"https:\\\/\\\/vocesdelacomuna15.com.ar\\\/press\\\/se-realizara-un-taller-de-carpinteria-en-la-biblioteca-becciu-de-la-paternal\\\/#respond\"]}]},{\"@type\":\"WebPage\",\"@id\":\"https:\\\/\\\/vocesdelacomuna15.com.ar\\\/press\\\/se-realizara-un-taller-de-carpinteria-en-la-biblioteca-becciu-de-la-paternal\\\/\",\"url\":\"https:\\\/\\\/vocesdelacomuna15.com.ar\\\/press\\\/se-realizara-un-taller-de-carpinteria-en-la-biblioteca-becciu-de-la-paternal\\\/\",\"name\":\"Se realizar\u00e1 un taller de carpinter\u00eda en la Biblioteca Becci\u00fa de La Paternal - Voces de la Comuna 15\",\"isPartOf\":{\"@id\":\"https:\\\/\\\/vocesdelacomuna15.com.ar\\\/press\\\/#website\"},\"primaryImageOfPage\":{\"@id\":\"https:\\\/\\\/vocesdelacomuna15.com.ar\\\/press\\\/se-realizara-un-taller-de-carpinteria-en-la-biblioteca-becciu-de-la-paternal\\\/#primaryimage\"},\"image\":{\"@id\":\"https:\\\/\\\/vocesdelacomuna15.com.ar\\\/press\\\/se-realizara-un-taller-de-carpinteria-en-la-biblioteca-becciu-de-la-paternal\\\/#primaryimage\"},\"thumbnailUrl\":\"https:\\\/\\\/vocesdelacomuna15.com.ar\\\/wp-content\\\/uploads\\\/2021\\\/06\\\/nueva-ciudad-3006.jpg\",\"datePublished\":\"2021-07-03T17:15:20+00:00\",\"description\":\"Voces de la Comuna 15\",\"breadcrumb\":{\"@id\":\"https:\\\/\\\/vocesdelacomuna15.com.ar\\\/press\\\/se-realizara-un-taller-de-carpinteria-en-la-biblioteca-becciu-de-la-paternal\\\/#breadcrumb\"},\"inLanguage\":\"es-AR\",\"potentialAction\":[{\"@type\":\"ReadAction\",\"target\":[\"https:\\\/\\\/vocesdelacomuna15.com.ar\\\/press\\\/se-realizara-un-taller-de-carpinteria-en-la-biblioteca-becciu-de-la-paternal\\\/\"]}]},{\"@type\":\"ImageObject\",\"inLanguage\":\"es-AR\",\"@id\":\"https:\\\/\\\/vocesdelacomuna15.com.ar\\\/press\\\/se-realizara-un-taller-de-carpinteria-en-la-biblioteca-becciu-de-la-paternal\\\/#primaryimage\",\"url\":\"https:\\\/\\\/vocesdelacomuna15.com.ar\\\/wp-content\\\/uploads\\\/2021\\\/06\\\/nueva-ciudad-3006.jpg\",\"contentUrl\":\"https:\\\/\\\/vocesdelacomuna15.com.ar\\\/wp-content\\\/uploads\\\/2021\\\/06\\\/nueva-ciudad-3006.jpg\",\"width\":800,\"height\":800},{\"@type\":\"BreadcrumbList\",\"@id\":\"https:\\\/\\\/vocesdelacomuna15.com.ar\\\/press\\\/se-realizara-un-taller-de-carpinteria-en-la-biblioteca-becciu-de-la-paternal\\\/#breadcrumb\",\"itemListElement\":[{\"@type\":\"ListItem\",\"position\":1,\"name\":\"Inicio\",\"item\":\"https:\\\/\\\/vocesdelacomuna15.com.ar\\\/press\\\/\"},{\"@type\":\"ListItem\",\"position\":2,\"name\":\"Se realizar\u00e1 un taller de carpinter\u00eda en la Biblioteca Becci\u00fa de La Paternal\"}]},{\"@type\":\"WebSite\",\"@id\":\"https:\\\/\\\/vocesdelacomuna15.com.ar\\\/press\\\/#website\",\"url\":\"https:\\\/\\\/vocesdelacomuna15.com.ar\\\/press\\\/\",\"name\":\"Voces de la Comuna 15\",\"description\":\"Sitio web de noticias\",\"publisher\":{\"@id\":\"https:\\\/\\\/vocesdelacomuna15.com.ar\\\/press\\\/#organization\"},\"potentialAction\":[{\"@type\":\"SearchAction\",\"target\":{\"@type\":\"EntryPoint\",\"urlTemplate\":\"https:\\\/\\\/vocesdelacomuna15.com.ar\\\/press\\\/?s={search_term_string}\"},\"query-input\":{\"@type\":\"PropertyValueSpecification\",\"valueRequired\":true,\"valueName\":\"search_term_string\"}}],\"inLanguage\":\"es-AR\"},{\"@type\":\"Organization\",\"@id\":\"https:\\\/\\\/vocesdelacomuna15.com.ar\\\/press\\\/#organization\",\"name\":\"Voces de la Comuna 15\",\"url\":\"https:\\\/\\\/vocesdelacomuna15.com.ar\\\/press\\\/\",\"logo\":{\"@type\":\"ImageObject\",\"inLanguage\":\"es-AR\",\"@id\":\"https:\\\/\\\/vocesdelacomuna15.com.ar\\\/press\\\/#\\\/schema\\\/logo\\\/image\\\/\",\"url\":\"https:\\\/\\\/vocesdelacomuna15.com.ar\\\/wp-content\\\/uploads\\\/2024\\\/12\\\/cropped-logo_voces.jpg\",\"contentUrl\":\"https:\\\/\\\/vocesdelacomuna15.com.ar\\\/wp-content\\\/uploads\\\/2024\\\/12\\\/cropped-logo_voces.jpg\",\"width\":512,\"height\":512,\"caption\":\"Voces de la Comuna 15\"},\"image\":{\"@id\":\"https:\\\/\\\/vocesdelacomuna15.com.ar\\\/press\\\/#\\\/schema\\\/logo\\\/image\\\/\"},\"sameAs\":[\"https:\\\/\\\/www.facebook.com\\\/VocesComuna15\\\/\",\"https:\\\/\\\/x.com\\\/vocescomuna15\"]},{\"@type\":\"Person\",\"@id\":\"https:\\\/\\\/vocesdelacomuna15.com.ar\\\/press\\\/#\\\/schema\\\/person\\\/4739e109db25d799cd3d139eeb509e43\",\"name\":\"Federico Arguto\",\"image\":{\"@type\":\"ImageObject\",\"inLanguage\":\"es-AR\",\"@id\":\"https:\\\/\\\/vocesdelacomuna15.com.ar\\\/wp-content\\\/litespeed\\\/avatar\\\/82faf979976f1bae889b8b71f8a0a7e5.jpg?ver=1777419741\",\"url\":\"https:\\\/\\\/vocesdelacomuna15.com.ar\\\/wp-content\\\/litespeed\\\/avatar\\\/82faf979976f1bae889b8b71f8a0a7e5.jpg?ver=1777419741\",\"contentUrl\":\"https:\\\/\\\/vocesdelacomuna15.com.ar\\\/wp-content\\\/litespeed\\\/avatar\\\/82faf979976f1bae889b8b71f8a0a7e5.jpg?ver=1777419741\",\"caption\":\"Federico Arguto\"},\"url\":\"https:\\\/\\\/vocesdelacomuna15.com.ar\\\/press\\\/author\\\/fede\\\/\"}]}<\/script>\n<!-- \/ Yoast SEO plugin. -->","yoast_head_json":{"title":"Se realizar\u00e1 un taller de carpinter\u00eda en la Biblioteca Becci\u00fa de La Paternal - Voces de la Comuna 15","description":"Voces de la Comuna 15","robots":{"index":"index","follow":"follow","max-snippet":"max-snippet:-1","max-image-preview":"max-image-preview:large","max-video-preview":"max-video-preview:-1"},"canonical":"https:\/\/vocesdelacomuna15.com.ar\/press\/se-realizara-un-taller-de-carpinteria-en-la-biblioteca-becciu-de-la-paternal\/","og_locale":"es_ES","og_type":"article","og_title":"Se realizar\u00e1 un taller de carpinter\u00eda en la Biblioteca Becci\u00fa de La Paternal - Voces de la Comuna 15","og_description":"Voces de la Comuna 15","og_url":"https:\/\/vocesdelacomuna15.com.ar\/press\/se-realizara-un-taller-de-carpinteria-en-la-biblioteca-becciu-de-la-paternal\/","og_site_name":"Voces de la Comuna 15","article_publisher":"https:\/\/www.facebook.com\/VocesComuna15\/","article_published_time":"2021-07-03T17:15:20+00:00","og_image":[{"width":800,"height":800,"url":"https:\/\/vocesdelacomuna15.com.ar\/wp-content\/uploads\/2021\/06\/nueva-ciudad-3006.jpg","type":"image\/jpeg"}],"author":"Federico Arguto","twitter_card":"summary_large_image","twitter_creator":"@vocescomuna15","twitter_site":"@vocescomuna15","twitter_misc":{"Escrito por":"Federico Arguto","Tiempo de lectura":"3 minutos"},"schema":{"@context":"https:\/\/schema.org","@graph":[{"@type":"Article","@id":"https:\/\/vocesdelacomuna15.com.ar\/press\/se-realizara-un-taller-de-carpinteria-en-la-biblioteca-becciu-de-la-paternal\/#article","isPartOf":{"@id":"https:\/\/vocesdelacomuna15.com.ar\/press\/se-realizara-un-taller-de-carpinteria-en-la-biblioteca-becciu-de-la-paternal\/"},"author":{"name":"Federico Arguto","@id":"https:\/\/vocesdelacomuna15.com.ar\/press\/#\/schema\/person\/4739e109db25d799cd3d139eeb509e43"},"headline":"Se realizar\u00e1 un taller de carpinter\u00eda en la Biblioteca Becci\u00fa de La Paternal","datePublished":"2021-07-03T17:15:20+00:00","mainEntityOfPage":{"@id":"https:\/\/vocesdelacomuna15.com.ar\/press\/se-realizara-un-taller-de-carpinteria-en-la-biblioteca-becciu-de-la-paternal\/"},"wordCount":532,"commentCount":0,"publisher":{"@id":"https:\/\/vocesdelacomuna15.com.ar\/press\/#organization"},"image":{"@id":"https:\/\/vocesdelacomuna15.com.ar\/press\/se-realizara-un-taller-de-carpinteria-en-la-biblioteca-becciu-de-la-paternal\/#primaryimage"},"thumbnailUrl":"https:\/\/vocesdelacomuna15.com.ar\/wp-content\/uploads\/2021\/06\/nueva-ciudad-3006.jpg","articleSection":["Cultura","La Paternal"],"inLanguage":"es-AR","potentialAction":[{"@type":"CommentAction","name":"Comment","target":["https:\/\/vocesdelacomuna15.com.ar\/press\/se-realizara-un-taller-de-carpinteria-en-la-biblioteca-becciu-de-la-paternal\/#respond"]}]},{"@type":"WebPage","@id":"https:\/\/vocesdelacomuna15.com.ar\/press\/se-realizara-un-taller-de-carpinteria-en-la-biblioteca-becciu-de-la-paternal\/","url":"https:\/\/vocesdelacomuna15.com.ar\/press\/se-realizara-un-taller-de-carpinteria-en-la-biblioteca-becciu-de-la-paternal\/","name":"Se realizar\u00e1 un taller de carpinter\u00eda en la Biblioteca Becci\u00fa de La Paternal - Voces de la Comuna 15","isPartOf":{"@id":"https:\/\/vocesdelacomuna15.com.ar\/press\/#website"},"primaryImageOfPage":{"@id":"https:\/\/vocesdelacomuna15.com.ar\/press\/se-realizara-un-taller-de-carpinteria-en-la-biblioteca-becciu-de-la-paternal\/#primaryimage"},"image":{"@id":"https:\/\/vocesdelacomuna15.com.ar\/press\/se-realizara-un-taller-de-carpinteria-en-la-biblioteca-becciu-de-la-paternal\/#primaryimage"},"thumbnailUrl":"https:\/\/vocesdelacomuna15.com.ar\/wp-content\/uploads\/2021\/06\/nueva-ciudad-3006.jpg","datePublished":"2021-07-03T17:15:20+00:00","description":"Voces de la Comuna 15","breadcrumb":{"@id":"https:\/\/vocesdelacomuna15.com.ar\/press\/se-realizara-un-taller-de-carpinteria-en-la-biblioteca-becciu-de-la-paternal\/#breadcrumb"},"inLanguage":"es-AR","potentialAction":[{"@type":"ReadAction","target":["https:\/\/vocesdelacomuna15.com.ar\/press\/se-realizara-un-taller-de-carpinteria-en-la-biblioteca-becciu-de-la-paternal\/"]}]},{"@type":"ImageObject","inLanguage":"es-AR","@id":"https:\/\/vocesdelacomuna15.com.ar\/press\/se-realizara-un-taller-de-carpinteria-en-la-biblioteca-becciu-de-la-paternal\/#primaryimage","url":"https:\/\/vocesdelacomuna15.com.ar\/wp-content\/uploads\/2021\/06\/nueva-ciudad-3006.jpg","contentUrl":"https:\/\/vocesdelacomuna15.com.ar\/wp-content\/uploads\/2021\/06\/nueva-ciudad-3006.jpg","width":800,"height":800},{"@type":"BreadcrumbList","@id":"https:\/\/vocesdelacomuna15.com.ar\/press\/se-realizara-un-taller-de-carpinteria-en-la-biblioteca-becciu-de-la-paternal\/#breadcrumb","itemListElement":[{"@type":"ListItem","position":1,"name":"Inicio","item":"https:\/\/vocesdelacomuna15.com.ar\/press\/"},{"@type":"ListItem","position":2,"name":"Se realizar\u00e1 un taller de carpinter\u00eda en la Biblioteca Becci\u00fa de La Paternal"}]},{"@type":"WebSite","@id":"https:\/\/vocesdelacomuna15.com.ar\/press\/#website","url":"https:\/\/vocesdelacomuna15.com.ar\/press\/","name":"Voces de la Comuna 15","description":"Sitio web de noticias","publisher":{"@id":"https:\/\/vocesdelacomuna15.com.ar\/press\/#organization"},"potentialAction":[{"@type":"SearchAction","target":{"@type":"EntryPoint","urlTemplate":"https:\/\/vocesdelacomuna15.com.ar\/press\/?s={search_term_string}"},"query-input":{"@type":"PropertyValueSpecification","valueRequired":true,"valueName":"search_term_string"}}],"inLanguage":"es-AR"},{"@type":"Organization","@id":"https:\/\/vocesdelacomuna15.com.ar\/press\/#organization","name":"Voces de la Comuna 15","url":"https:\/\/vocesdelacomuna15.com.ar\/press\/","logo":{"@type":"ImageObject","inLanguage":"es-AR","@id":"https:\/\/vocesdelacomuna15.com.ar\/press\/#\/schema\/logo\/image\/","url":"https:\/\/vocesdelacomuna15.com.ar\/wp-content\/uploads\/2024\/12\/cropped-logo_voces.jpg","contentUrl":"https:\/\/vocesdelacomuna15.com.ar\/wp-content\/uploads\/2024\/12\/cropped-logo_voces.jpg","width":512,"height":512,"caption":"Voces de la Comuna 15"},"image":{"@id":"https:\/\/vocesdelacomuna15.com.ar\/press\/#\/schema\/logo\/image\/"},"sameAs":["https:\/\/www.facebook.com\/VocesComuna15\/","https:\/\/x.com\/vocescomuna15"]},{"@type":"Person","@id":"https:\/\/vocesdelacomuna15.com.ar\/press\/#\/schema\/person\/4739e109db25d799cd3d139eeb509e43","name":"Federico Arguto","image":{"@type":"ImageObject","inLanguage":"es-AR","@id":"https:\/\/vocesdelacomuna15.com.ar\/wp-content\/litespeed\/avatar\/82faf979976f1bae889b8b71f8a0a7e5.jpg?ver=1777419741","url":"https:\/\/vocesdelacomuna15.com.ar\/wp-content\/litespeed\/avatar\/82faf979976f1bae889b8b71f8a0a7e5.jpg?ver=1777419741","contentUrl":"https:\/\/vocesdelacomuna15.com.ar\/wp-content\/litespeed\/avatar\/82faf979976f1bae889b8b71f8a0a7e5.jpg?ver=1777419741","caption":"Federico Arguto"},"url":"https:\/\/vocesdelacomuna15.com.ar\/press\/author\/fede\/"}]}},"_links":{"self":[{"href":"https:\/\/vocesdelacomuna15.com.ar\/press\/wp-json\/wp\/v2\/posts\/54255","targetHints":{"allow":["GET"]}}],"collection":[{"href":"https:\/\/vocesdelacomuna15.com.ar\/press\/wp-json\/wp\/v2\/posts"}],"about":[{"href":"https:\/\/vocesdelacomuna15.com.ar\/press\/wp-json\/wp\/v2\/types\/post"}],"author":[{"embeddable":true,"href":"https:\/\/vocesdelacomuna15.com.ar\/press\/wp-json\/wp\/v2\/users\/2"}],"replies":[{"embeddable":true,"href":"https:\/\/vocesdelacomuna15.com.ar\/press\/wp-json\/wp\/v2\/comments?post=54255"}],"version-history":[{"count":1,"href":"https:\/\/vocesdelacomuna15.com.ar\/press\/wp-json\/wp\/v2\/posts\/54255\/revisions"}],"predecessor-version":[{"id":54257,"href":"https:\/\/vocesdelacomuna15.com.ar\/press\/wp-json\/wp\/v2\/posts\/54255\/revisions\/54257"}],"wp:featuredmedia":[{"embeddable":true,"href":"https:\/\/vocesdelacomuna15.com.ar\/press\/wp-json\/wp\/v2\/media\/54256"}],"wp:attachment":[{"href":"https:\/\/vocesdelacomuna15.com.ar\/press\/wp-json\/wp\/v2\/media?parent=54255"}],"wp:term":[{"taxonomy":"category","embeddable":true,"href":"https:\/\/vocesdelacomuna15.com.ar\/press\/wp-json\/wp\/v2\/categories?post=54255"},{"taxonomy":"post_tag","embeddable":true,"href":"https:\/\/vocesdelacomuna15.com.ar\/press\/wp-json\/wp\/v2\/tags?post=54255"}],"curies":[{"name":"wp","href":"https:\/\/api.w.org\/{rel}","templated":true}]}}