{"id":54250,"date":"2021-06-29T21:03:46","date_gmt":"2021-06-30T00:03:46","guid":{"rendered":"http:\/\/vocesdelacomuna15.com.ar\/wordpress\/?p=54250"},"modified":"2021-06-29T21:03:51","modified_gmt":"2021-06-30T00:03:51","slug":"atlanta-igualo-ante-alvarado-y-no-aprovecho-la-oportunidad-para-subirse-a-la-punta","status":"publish","type":"post","link":"https:\/\/vocesdelacomuna15.com.ar\/press\/atlanta-igualo-ante-alvarado-y-no-aprovecho-la-oportunidad-para-subirse-a-la-punta\/","title":{"rendered":"Atlanta igual\u00f3 ante Alvarado y no aprovech\u00f3 la oportunidad para subirse a la punta"},"content":{"rendered":"\n<p>Fue 0-0 en Villa Crespo<\/p>\n\n\n\n<p>Esta tarde en el\nEstadio Le\u00f3n Kolbowsky, Atlanta igual\u00f3 sin goles ante Alvarado de Mar del\nPlata, en un partido trabado y con pocas situaciones de gol. El \u201cbohemio\u201d\ndesperdici\u00f3 la chance de quedar puntero en la Zona A de la Primera Nacional, en\nuna jornada en que el l\u00edder Gimnasia de Mendoza ten\u00eda fecha libre, mientras que\nel otro escolta (Tigre) hab\u00eda igualado el domingo como visitante ante Chacarita\npor 2 a 2. As\u00ed, las cosas quedaron pr\u00e1cticamente como estaban: Gimnasia de Mendoza\ncon 26 puntos, Tigre y Atlanta con 25 (el \u201cbohemio\u201d con un partido m\u00e1s que los\notros dos equipos). En la Zona B, el l\u00edder sigue siendo G\u00fcemes de Santiago del\nEstero.<\/p>\n\n\n\n<p>Faltando poco\npara que termine el partido, el arquero de Atlanta, Juan Francisco Rago, tap\u00f3\nuna pelota clave y tras ello qued\u00f3 lesionado, siendo atendido al final del\npartido. En la pr\u00f3xima fecha, los dirigidos por Walter Erviti visitar\u00e1n a\nEstudiantes de Buenos Aires.<\/p>\n\n\n\n<p>Ficha del\npartido:<\/p>\n\n\n\n<p><strong>Atlanta 0<\/strong>: Rago; Alan P\u00e9rez, Perales y Mart\u00edn Garc\u00eda; L. Flores,\nBol\u00edvar, Ochoa Gim\u00e9nez y Luque (ST 27\u2019 Riquelme); Solari, Colombini y Pedrozo.\nDT: Walter Erviti. No ingresaron: Tello, M.L\u00f3pez, Dramisino, Casazza,\nR.Fern\u00e1ndez, Taborda, F.Bisanz y C.Garc\u00eda.<\/p>\n\n\n\n<p><strong>Alvarado 0<\/strong>:<strong> <\/strong><strong>P.Fern\u00e1ndez<\/strong>;\nS.Gonz\u00e1lez, Alsina, Vitale, Irazoque y C\u00e1ceres (ST 20\u2019 Rivolta); Vidal, Navarro\ny Jaurena; Astina (ST 31\u2019 Manazza) y M\u00e9ndez (ST 31\u2019 Esp\u00edndola). DT: Gast\u00f3n\nCoyette. No ingresaron: Ruiz D\u00edaz, Varela, Banchio, Aguirrebengoa, Avila y\nL.Ram\u00edrez.<\/p>\n\n\n\n<p><strong>Goles: <\/strong>No hubo<\/p>\n\n\n\n<p><strong>Amonestado<\/strong>: L.Flores (Atl).<\/p>\n\n\n\n<p><strong>Arbitro<\/strong>: Yael Falc\u00f3n P\u00e9rez<\/p>\n\n\n\n<p>ARGENTINOS LOGR\u00d3\nNUEVAS VICTORIAS EN AMISTOSOS<\/p>\n\n\n\n<p>El \u201cbicho\u201d de La\nPaternal disput\u00f3 el s\u00e1bado pasado dos partidos amistosos en el Autocr\u00e9dito\nDiego Armando Maradona ante Sarmiento de Jun\u00edn, con dos victorias en dos\nencuentros de 70 minutos. En el primero fue victoria para Argentinos por 2-1\ncon dos tantos de Gabriel Hauche. El \u201cbicho\u201d form\u00f3 con Lanzilotta; Kevin Mac\nAllister, Torr\u00e9n, Quintana; Sandoval, Jonathan G\u00f3mez, Moyano, El\u00edas G\u00f3mez;\nFlorent\u00edn; Hauche y Coronel. En el segundo cotejo los dirigidos por Gabriel\nMilito se impusieron 1-0 con gol de Ovando. La formaci\u00f3n fue: Finocchietto;\nMinissale, Di C\u00e9sare, Vega; Cabrera, Romero, Kalinski, Villalba; Carabajal;\nDiego Sosa y Ovando.<\/p>\n\n\n\n<p>Hoy se sorte\u00f3 el fixture de la Primera Divisi\u00f3n para el pr\u00f3ximo torneo, que comenzar\u00e1 el fin de semana del 18 de julio y se conoci\u00f3 que Argentinos Juniors debutar\u00e1 como visitante ante Independiente. Ma\u00f1ana el \u201cbicho\u201d recibir\u00e1 en otro encuentro amistoso a UAI Urquiza en La Paternal.<\/p>\n\n\n\n<figure class=\"wp-block-image\"><img loading=\"lazy\" decoding=\"async\" width=\"1024\" height=\"682\" src=\"http:\/\/vocesdelacomuna15.com.ar\/wordpress\/wp-content\/uploads\/2021\/06\/hauche-vs-sarmiento-1024x682.jpg\" alt=\"\" class=\"wp-image-54252\" srcset=\"https:\/\/vocesdelacomuna15.com.ar\/wp-content\/uploads\/2021\/06\/hauche-vs-sarmiento-1024x682.jpg 1024w, https:\/\/vocesdelacomuna15.com.ar\/wp-content\/uploads\/2021\/06\/hauche-vs-sarmiento-300x200.jpg 300w, https:\/\/vocesdelacomuna15.com.ar\/wp-content\/uploads\/2021\/06\/hauche-vs-sarmiento-768x512.jpg 768w, https:\/\/vocesdelacomuna15.com.ar\/wp-content\/uploads\/2021\/06\/hauche-vs-sarmiento-1080x720.jpg 1080w, https:\/\/vocesdelacomuna15.com.ar\/wp-content\/uploads\/2021\/06\/hauche-vs-sarmiento-600x400.jpg 600w, https:\/\/vocesdelacomuna15.com.ar\/wp-content\/uploads\/2021\/06\/hauche-vs-sarmiento.jpg 1280w\" sizes=\"(max-width: 1024px) 100vw, 1024px\" \/><\/figure>\n\n\n\n<p>AG\u00d3NICO TRIUNFO\nDE COMUNICACIONES<\/p>\n\n\n\n<p>Por la B Metropolitana, \u201cComu\u201d logr\u00f3 un gran triunfo el s\u00e1bado pasado en la jornada 15, venciendo como visitante por 3 a 2 a UAI Urquiza. El \u201ccartero\u201d comenz\u00f3 ganando con tantos de Nakache a los 26 minutos y de Miraglia a los 56, pero UAI lo empatar\u00eda con goles de Prim a los 73 y de Vidal a los 81. Faltando solo 6 para el final, Acosta logr\u00f3 el 3-2 definitivo para los de Agronom\u00eda, que quedaron 9\u00ba en la tabla con 21 unidades, a 5 puntos del l\u00edder Sacachispas. En la siguiente fecha los dirigidos por Jorge Vivaldo recibir\u00e1n a Talleres de Remedios de Escalada.<\/p>\n\n\n\n<figure class=\"wp-block-image\"><img loading=\"lazy\" decoding=\"async\" width=\"1024\" height=\"905\" src=\"http:\/\/vocesdelacomuna15.com.ar\/wordpress\/wp-content\/uploads\/2021\/06\/uai-comu-1024x905.jpg\" alt=\"\" class=\"wp-image-54253\" srcset=\"https:\/\/vocesdelacomuna15.com.ar\/wp-content\/uploads\/2021\/06\/uai-comu-1024x905.jpg 1024w, https:\/\/vocesdelacomuna15.com.ar\/wp-content\/uploads\/2021\/06\/uai-comu-300x265.jpg 300w, https:\/\/vocesdelacomuna15.com.ar\/wp-content\/uploads\/2021\/06\/uai-comu-768x679.jpg 768w, https:\/\/vocesdelacomuna15.com.ar\/wp-content\/uploads\/2021\/06\/uai-comu-1080x955.jpg 1080w, https:\/\/vocesdelacomuna15.com.ar\/wp-content\/uploads\/2021\/06\/uai-comu-600x530.jpg 600w, https:\/\/vocesdelacomuna15.com.ar\/wp-content\/uploads\/2021\/06\/uai-comu.jpg 1222w\" sizes=\"(max-width: 1024px) 100vw, 1024px\" \/><\/figure>\n\n\n\n<p>Caracteres: 3.219<\/p>\n\n\n\n<p>Foto Atlanta:\nAtlanta Oficial (Por Federico Imas)<\/p>\n\n\n\n<p>Foto Argentinos:\nPrensa AAAJ<\/p>\n\n\n\n<p>Foto\nComunicaciones: Prensa Comu<\/p>\n<div class=\"pvc_clear\"><\/div><p id=\"pvc_stats_54250\" class=\"pvc_stats all  \" data-element-id=\"54250\" style=\"\"><i class=\"pvc-stats-icon small\" aria-hidden=\"true\"><svg aria-hidden=\"true\" focusable=\"false\" data-prefix=\"far\" data-icon=\"chart-bar\" role=\"img\" xmlns=\"http:\/\/www.w3.org\/2000\/svg\" viewBox=\"0 0 512 512\" class=\"svg-inline--fa fa-chart-bar fa-w-16 fa-2x\"><path fill=\"currentColor\" d=\"M396.8 352h22.4c6.4 0 12.8-6.4 12.8-12.8V108.8c0-6.4-6.4-12.8-12.8-12.8h-22.4c-6.4 0-12.8 6.4-12.8 12.8v230.4c0 6.4 6.4 12.8 12.8 12.8zm-192 0h22.4c6.4 0 12.8-6.4 12.8-12.8V140.8c0-6.4-6.4-12.8-12.8-12.8h-22.4c-6.4 0-12.8 6.4-12.8 12.8v198.4c0 6.4 6.4 12.8 12.8 12.8zm96 0h22.4c6.4 0 12.8-6.4 12.8-12.8V204.8c0-6.4-6.4-12.8-12.8-12.8h-22.4c-6.4 0-12.8 6.4-12.8 12.8v134.4c0 6.4 6.4 12.8 12.8 12.8zM496 400H48V80c0-8.84-7.16-16-16-16H16C7.16 64 0 71.16 0 80v336c0 17.67 14.33 32 32 32h464c8.84 0 16-7.16 16-16v-16c0-8.84-7.16-16-16-16zm-387.2-48h22.4c6.4 0 12.8-6.4 12.8-12.8v-70.4c0-6.4-6.4-12.8-12.8-12.8h-22.4c-6.4 0-12.8 6.4-12.8 12.8v70.4c0 6.4 6.4 12.8 12.8 12.8z\" class=\"\"><\/path><\/svg><\/i> <img loading=\"lazy\" decoding=\"async\" width=\"16\" height=\"16\" alt=\"Loading\" src=\"https:\/\/vocesdelacomuna15.com.ar\/wp-content\/plugins\/page-views-count\/ajax-loader-2x.gif\" border=0 \/><\/p><div class=\"pvc_clear\"><\/div>","protected":false},"excerpt":{"rendered":"<p>Fue 0-0 en Villa Crespo Esta tarde en el Estadio Le\u00f3n Kolbowsky, Atlanta igual\u00f3 sin goles ante Alvarado de Mar del Plata, en un partido trabado y con pocas situaciones de gol. El \u201cbohemio\u201d desperdici\u00f3 la chance de quedar puntero en la Zona A de la Primera Nacional, en una jornada en que el l\u00edder [&hellip;]<\/p>\n<div class=\"pvc_clear\"><\/div>\n<p id=\"pvc_stats_54250\" class=\"pvc_stats all  \" data-element-id=\"54250\" style=\"\"><i class=\"pvc-stats-icon small\" aria-hidden=\"true\"><svg aria-hidden=\"true\" focusable=\"false\" data-prefix=\"far\" data-icon=\"chart-bar\" role=\"img\" xmlns=\"http:\/\/www.w3.org\/2000\/svg\" viewBox=\"0 0 512 512\" class=\"svg-inline--fa fa-chart-bar fa-w-16 fa-2x\"><path fill=\"currentColor\" d=\"M396.8 352h22.4c6.4 0 12.8-6.4 12.8-12.8V108.8c0-6.4-6.4-12.8-12.8-12.8h-22.4c-6.4 0-12.8 6.4-12.8 12.8v230.4c0 6.4 6.4 12.8 12.8 12.8zm-192 0h22.4c6.4 0 12.8-6.4 12.8-12.8V140.8c0-6.4-6.4-12.8-12.8-12.8h-22.4c-6.4 0-12.8 6.4-12.8 12.8v198.4c0 6.4 6.4 12.8 12.8 12.8zm96 0h22.4c6.4 0 12.8-6.4 12.8-12.8V204.8c0-6.4-6.4-12.8-12.8-12.8h-22.4c-6.4 0-12.8 6.4-12.8 12.8v134.4c0 6.4 6.4 12.8 12.8 12.8zM496 400H48V80c0-8.84-7.16-16-16-16H16C7.16 64 0 71.16 0 80v336c0 17.67 14.33 32 32 32h464c8.84 0 16-7.16 16-16v-16c0-8.84-7.16-16-16-16zm-387.2-48h22.4c6.4 0 12.8-6.4 12.8-12.8v-70.4c0-6.4-6.4-12.8-12.8-12.8h-22.4c-6.4 0-12.8 6.4-12.8 12.8v70.4c0 6.4 6.4 12.8 12.8 12.8z\" class=\"\"><\/path><\/svg><\/i> <img loading=\"lazy\" decoding=\"async\" width=\"16\" height=\"16\" alt=\"Loading\" src=\"https:\/\/vocesdelacomuna15.com.ar\/wp-content\/plugins\/page-views-count\/ajax-loader-2x.gif\" border=0 \/><\/p>\n<div class=\"pvc_clear\"><\/div>\n","protected":false},"author":2,"featured_media":54251,"comment_status":"open","ping_status":"open","sticky":false,"template":"","format":"standard","meta":{"_et_pb_use_builder":"off","_et_pb_old_content":"","_et_gb_content_width":"","footnotes":""},"categories":[6,27,29,32],"tags":[],"class_list":["post-54250","post","type-post","status-publish","format-standard","has-post-thumbnail","hentry","category-agro","category-deportes","category-lapa","category-vcre","et-has-post-format-content","et_post_format-et-post-format-standard"],"a3_pvc":{"activated":true,"total_views":198,"today_views":0},"yoast_head":"<!-- This site is optimized with the Yoast SEO plugin v27.5 - https:\/\/yoast.com\/product\/yoast-seo-wordpress\/ -->\n<title>Atlanta igual\u00f3 ante Alvarado y no aprovech\u00f3 la oportunidad para subirse a la punta - Voces de la Comuna 15<\/title>\n<meta name=\"description\" content=\"Voces de la Comuna 15\" \/>\n<meta name=\"robots\" content=\"index, follow, max-snippet:-1, max-image-preview:large, max-video-preview:-1\" \/>\n<link rel=\"canonical\" href=\"https:\/\/vocesdelacomuna15.com.ar\/press\/atlanta-igualo-ante-alvarado-y-no-aprovecho-la-oportunidad-para-subirse-a-la-punta\/\" \/>\n<meta property=\"og:locale\" content=\"es_ES\" \/>\n<meta property=\"og:type\" content=\"article\" \/>\n<meta property=\"og:title\" content=\"Atlanta igual\u00f3 ante Alvarado y no aprovech\u00f3 la oportunidad para subirse a la punta - Voces de la Comuna 15\" \/>\n<meta property=\"og:description\" content=\"Voces de la Comuna 15\" \/>\n<meta property=\"og:url\" content=\"https:\/\/vocesdelacomuna15.com.ar\/press\/atlanta-igualo-ante-alvarado-y-no-aprovecho-la-oportunidad-para-subirse-a-la-punta\/\" \/>\n<meta property=\"og:site_name\" content=\"Voces de la Comuna 15\" \/>\n<meta property=\"article:publisher\" content=\"https:\/\/www.facebook.com\/VocesComuna15\/\" \/>\n<meta property=\"article:published_time\" content=\"2021-06-30T00:03:46+00:00\" \/>\n<meta property=\"article:modified_time\" content=\"2021-06-30T00:03:51+00:00\" \/>\n<meta property=\"og:image\" content=\"https:\/\/vocesdelacomuna15.com.ar\/wp-content\/uploads\/2021\/06\/atlanta-alvarado.jpg\" \/>\n\t<meta property=\"og:image:width\" content=\"1280\" \/>\n\t<meta property=\"og:image:height\" content=\"853\" \/>\n\t<meta property=\"og:image:type\" content=\"image\/jpeg\" \/>\n<meta name=\"author\" content=\"Federico Arguto\" \/>\n<meta name=\"twitter:card\" content=\"summary_large_image\" \/>\n<meta name=\"twitter:creator\" content=\"@vocescomuna15\" \/>\n<meta name=\"twitter:site\" content=\"@vocescomuna15\" \/>\n<meta name=\"twitter:label1\" content=\"Escrito por\" \/>\n\t<meta name=\"twitter:data1\" content=\"Federico Arguto\" \/>\n\t<meta name=\"twitter:label2\" content=\"Tiempo de lectura\" \/>\n\t<meta name=\"twitter:data2\" content=\"3 minutos\" \/>\n<script type=\"application\/ld+json\" class=\"yoast-schema-graph\">{\"@context\":\"https:\\\/\\\/schema.org\",\"@graph\":[{\"@type\":\"Article\",\"@id\":\"https:\\\/\\\/vocesdelacomuna15.com.ar\\\/press\\\/atlanta-igualo-ante-alvarado-y-no-aprovecho-la-oportunidad-para-subirse-a-la-punta\\\/#article\",\"isPartOf\":{\"@id\":\"https:\\\/\\\/vocesdelacomuna15.com.ar\\\/press\\\/atlanta-igualo-ante-alvarado-y-no-aprovecho-la-oportunidad-para-subirse-a-la-punta\\\/\"},\"author\":{\"name\":\"Federico Arguto\",\"@id\":\"https:\\\/\\\/vocesdelacomuna15.com.ar\\\/press\\\/#\\\/schema\\\/person\\\/4739e109db25d799cd3d139eeb509e43\"},\"headline\":\"Atlanta igual\u00f3 ante Alvarado y no aprovech\u00f3 la oportunidad para subirse a la punta\",\"datePublished\":\"2021-06-30T00:03:46+00:00\",\"dateModified\":\"2021-06-30T00:03:51+00:00\",\"mainEntityOfPage\":{\"@id\":\"https:\\\/\\\/vocesdelacomuna15.com.ar\\\/press\\\/atlanta-igualo-ante-alvarado-y-no-aprovecho-la-oportunidad-para-subirse-a-la-punta\\\/\"},\"wordCount\":579,\"commentCount\":0,\"publisher\":{\"@id\":\"https:\\\/\\\/vocesdelacomuna15.com.ar\\\/press\\\/#organization\"},\"image\":{\"@id\":\"https:\\\/\\\/vocesdelacomuna15.com.ar\\\/press\\\/atlanta-igualo-ante-alvarado-y-no-aprovecho-la-oportunidad-para-subirse-a-la-punta\\\/#primaryimage\"},\"thumbnailUrl\":\"https:\\\/\\\/vocesdelacomuna15.com.ar\\\/wp-content\\\/uploads\\\/2021\\\/06\\\/atlanta-alvarado.jpg\",\"articleSection\":[\"Agronom\u00eda\",\"Deportes\",\"La Paternal\",\"Villa Crespo\"],\"inLanguage\":\"es-AR\",\"potentialAction\":[{\"@type\":\"CommentAction\",\"name\":\"Comment\",\"target\":[\"https:\\\/\\\/vocesdelacomuna15.com.ar\\\/press\\\/atlanta-igualo-ante-alvarado-y-no-aprovecho-la-oportunidad-para-subirse-a-la-punta\\\/#respond\"]}]},{\"@type\":\"WebPage\",\"@id\":\"https:\\\/\\\/vocesdelacomuna15.com.ar\\\/press\\\/atlanta-igualo-ante-alvarado-y-no-aprovecho-la-oportunidad-para-subirse-a-la-punta\\\/\",\"url\":\"https:\\\/\\\/vocesdelacomuna15.com.ar\\\/press\\\/atlanta-igualo-ante-alvarado-y-no-aprovecho-la-oportunidad-para-subirse-a-la-punta\\\/\",\"name\":\"Atlanta igual\u00f3 ante Alvarado y no aprovech\u00f3 la oportunidad para subirse a la punta - Voces de la Comuna 15\",\"isPartOf\":{\"@id\":\"https:\\\/\\\/vocesdelacomuna15.com.ar\\\/press\\\/#website\"},\"primaryImageOfPage\":{\"@id\":\"https:\\\/\\\/vocesdelacomuna15.com.ar\\\/press\\\/atlanta-igualo-ante-alvarado-y-no-aprovecho-la-oportunidad-para-subirse-a-la-punta\\\/#primaryimage\"},\"image\":{\"@id\":\"https:\\\/\\\/vocesdelacomuna15.com.ar\\\/press\\\/atlanta-igualo-ante-alvarado-y-no-aprovecho-la-oportunidad-para-subirse-a-la-punta\\\/#primaryimage\"},\"thumbnailUrl\":\"https:\\\/\\\/vocesdelacomuna15.com.ar\\\/wp-content\\\/uploads\\\/2021\\\/06\\\/atlanta-alvarado.jpg\",\"datePublished\":\"2021-06-30T00:03:46+00:00\",\"dateModified\":\"2021-06-30T00:03:51+00:00\",\"description\":\"Voces de la Comuna 15\",\"breadcrumb\":{\"@id\":\"https:\\\/\\\/vocesdelacomuna15.com.ar\\\/press\\\/atlanta-igualo-ante-alvarado-y-no-aprovecho-la-oportunidad-para-subirse-a-la-punta\\\/#breadcrumb\"},\"inLanguage\":\"es-AR\",\"potentialAction\":[{\"@type\":\"ReadAction\",\"target\":[\"https:\\\/\\\/vocesdelacomuna15.com.ar\\\/press\\\/atlanta-igualo-ante-alvarado-y-no-aprovecho-la-oportunidad-para-subirse-a-la-punta\\\/\"]}]},{\"@type\":\"ImageObject\",\"inLanguage\":\"es-AR\",\"@id\":\"https:\\\/\\\/vocesdelacomuna15.com.ar\\\/press\\\/atlanta-igualo-ante-alvarado-y-no-aprovecho-la-oportunidad-para-subirse-a-la-punta\\\/#primaryimage\",\"url\":\"https:\\\/\\\/vocesdelacomuna15.com.ar\\\/wp-content\\\/uploads\\\/2021\\\/06\\\/atlanta-alvarado.jpg\",\"contentUrl\":\"https:\\\/\\\/vocesdelacomuna15.com.ar\\\/wp-content\\\/uploads\\\/2021\\\/06\\\/atlanta-alvarado.jpg\",\"width\":1280,\"height\":853},{\"@type\":\"BreadcrumbList\",\"@id\":\"https:\\\/\\\/vocesdelacomuna15.com.ar\\\/press\\\/atlanta-igualo-ante-alvarado-y-no-aprovecho-la-oportunidad-para-subirse-a-la-punta\\\/#breadcrumb\",\"itemListElement\":[{\"@type\":\"ListItem\",\"position\":1,\"name\":\"Inicio\",\"item\":\"https:\\\/\\\/vocesdelacomuna15.com.ar\\\/press\\\/\"},{\"@type\":\"ListItem\",\"position\":2,\"name\":\"Atlanta igual\u00f3 ante Alvarado y no aprovech\u00f3 la oportunidad para subirse a la punta\"}]},{\"@type\":\"WebSite\",\"@id\":\"https:\\\/\\\/vocesdelacomuna15.com.ar\\\/press\\\/#website\",\"url\":\"https:\\\/\\\/vocesdelacomuna15.com.ar\\\/press\\\/\",\"name\":\"Voces de la Comuna 15\",\"description\":\"Sitio web de noticias\",\"publisher\":{\"@id\":\"https:\\\/\\\/vocesdelacomuna15.com.ar\\\/press\\\/#organization\"},\"potentialAction\":[{\"@type\":\"SearchAction\",\"target\":{\"@type\":\"EntryPoint\",\"urlTemplate\":\"https:\\\/\\\/vocesdelacomuna15.com.ar\\\/press\\\/?s={search_term_string}\"},\"query-input\":{\"@type\":\"PropertyValueSpecification\",\"valueRequired\":true,\"valueName\":\"search_term_string\"}}],\"inLanguage\":\"es-AR\"},{\"@type\":\"Organization\",\"@id\":\"https:\\\/\\\/vocesdelacomuna15.com.ar\\\/press\\\/#organization\",\"name\":\"Voces de la Comuna 15\",\"url\":\"https:\\\/\\\/vocesdelacomuna15.com.ar\\\/press\\\/\",\"logo\":{\"@type\":\"ImageObject\",\"inLanguage\":\"es-AR\",\"@id\":\"https:\\\/\\\/vocesdelacomuna15.com.ar\\\/press\\\/#\\\/schema\\\/logo\\\/image\\\/\",\"url\":\"https:\\\/\\\/vocesdelacomuna15.com.ar\\\/wp-content\\\/uploads\\\/2024\\\/12\\\/cropped-logo_voces.jpg\",\"contentUrl\":\"https:\\\/\\\/vocesdelacomuna15.com.ar\\\/wp-content\\\/uploads\\\/2024\\\/12\\\/cropped-logo_voces.jpg\",\"width\":512,\"height\":512,\"caption\":\"Voces de la Comuna 15\"},\"image\":{\"@id\":\"https:\\\/\\\/vocesdelacomuna15.com.ar\\\/press\\\/#\\\/schema\\\/logo\\\/image\\\/\"},\"sameAs\":[\"https:\\\/\\\/www.facebook.com\\\/VocesComuna15\\\/\",\"https:\\\/\\\/x.com\\\/vocescomuna15\"]},{\"@type\":\"Person\",\"@id\":\"https:\\\/\\\/vocesdelacomuna15.com.ar\\\/press\\\/#\\\/schema\\\/person\\\/4739e109db25d799cd3d139eeb509e43\",\"name\":\"Federico Arguto\",\"image\":{\"@type\":\"ImageObject\",\"inLanguage\":\"es-AR\",\"@id\":\"https:\\\/\\\/vocesdelacomuna15.com.ar\\\/wp-content\\\/litespeed\\\/avatar\\\/82faf979976f1bae889b8b71f8a0a7e5.jpg?ver=1777419741\",\"url\":\"https:\\\/\\\/vocesdelacomuna15.com.ar\\\/wp-content\\\/litespeed\\\/avatar\\\/82faf979976f1bae889b8b71f8a0a7e5.jpg?ver=1777419741\",\"contentUrl\":\"https:\\\/\\\/vocesdelacomuna15.com.ar\\\/wp-content\\\/litespeed\\\/avatar\\\/82faf979976f1bae889b8b71f8a0a7e5.jpg?ver=1777419741\",\"caption\":\"Federico Arguto\"},\"url\":\"https:\\\/\\\/vocesdelacomuna15.com.ar\\\/press\\\/author\\\/fede\\\/\"}]}<\/script>\n<!-- \/ Yoast SEO plugin. -->","yoast_head_json":{"title":"Atlanta igual\u00f3 ante Alvarado y no aprovech\u00f3 la oportunidad para subirse a la punta - Voces de la Comuna 15","description":"Voces de la Comuna 15","robots":{"index":"index","follow":"follow","max-snippet":"max-snippet:-1","max-image-preview":"max-image-preview:large","max-video-preview":"max-video-preview:-1"},"canonical":"https:\/\/vocesdelacomuna15.com.ar\/press\/atlanta-igualo-ante-alvarado-y-no-aprovecho-la-oportunidad-para-subirse-a-la-punta\/","og_locale":"es_ES","og_type":"article","og_title":"Atlanta igual\u00f3 ante Alvarado y no aprovech\u00f3 la oportunidad para subirse a la punta - Voces de la Comuna 15","og_description":"Voces de la Comuna 15","og_url":"https:\/\/vocesdelacomuna15.com.ar\/press\/atlanta-igualo-ante-alvarado-y-no-aprovecho-la-oportunidad-para-subirse-a-la-punta\/","og_site_name":"Voces de la Comuna 15","article_publisher":"https:\/\/www.facebook.com\/VocesComuna15\/","article_published_time":"2021-06-30T00:03:46+00:00","article_modified_time":"2021-06-30T00:03:51+00:00","og_image":[{"width":1280,"height":853,"url":"https:\/\/vocesdelacomuna15.com.ar\/wp-content\/uploads\/2021\/06\/atlanta-alvarado.jpg","type":"image\/jpeg"}],"author":"Federico Arguto","twitter_card":"summary_large_image","twitter_creator":"@vocescomuna15","twitter_site":"@vocescomuna15","twitter_misc":{"Escrito por":"Federico Arguto","Tiempo de lectura":"3 minutos"},"schema":{"@context":"https:\/\/schema.org","@graph":[{"@type":"Article","@id":"https:\/\/vocesdelacomuna15.com.ar\/press\/atlanta-igualo-ante-alvarado-y-no-aprovecho-la-oportunidad-para-subirse-a-la-punta\/#article","isPartOf":{"@id":"https:\/\/vocesdelacomuna15.com.ar\/press\/atlanta-igualo-ante-alvarado-y-no-aprovecho-la-oportunidad-para-subirse-a-la-punta\/"},"author":{"name":"Federico Arguto","@id":"https:\/\/vocesdelacomuna15.com.ar\/press\/#\/schema\/person\/4739e109db25d799cd3d139eeb509e43"},"headline":"Atlanta igual\u00f3 ante Alvarado y no aprovech\u00f3 la oportunidad para subirse a la punta","datePublished":"2021-06-30T00:03:46+00:00","dateModified":"2021-06-30T00:03:51+00:00","mainEntityOfPage":{"@id":"https:\/\/vocesdelacomuna15.com.ar\/press\/atlanta-igualo-ante-alvarado-y-no-aprovecho-la-oportunidad-para-subirse-a-la-punta\/"},"wordCount":579,"commentCount":0,"publisher":{"@id":"https:\/\/vocesdelacomuna15.com.ar\/press\/#organization"},"image":{"@id":"https:\/\/vocesdelacomuna15.com.ar\/press\/atlanta-igualo-ante-alvarado-y-no-aprovecho-la-oportunidad-para-subirse-a-la-punta\/#primaryimage"},"thumbnailUrl":"https:\/\/vocesdelacomuna15.com.ar\/wp-content\/uploads\/2021\/06\/atlanta-alvarado.jpg","articleSection":["Agronom\u00eda","Deportes","La Paternal","Villa Crespo"],"inLanguage":"es-AR","potentialAction":[{"@type":"CommentAction","name":"Comment","target":["https:\/\/vocesdelacomuna15.com.ar\/press\/atlanta-igualo-ante-alvarado-y-no-aprovecho-la-oportunidad-para-subirse-a-la-punta\/#respond"]}]},{"@type":"WebPage","@id":"https:\/\/vocesdelacomuna15.com.ar\/press\/atlanta-igualo-ante-alvarado-y-no-aprovecho-la-oportunidad-para-subirse-a-la-punta\/","url":"https:\/\/vocesdelacomuna15.com.ar\/press\/atlanta-igualo-ante-alvarado-y-no-aprovecho-la-oportunidad-para-subirse-a-la-punta\/","name":"Atlanta igual\u00f3 ante Alvarado y no aprovech\u00f3 la oportunidad para subirse a la punta - Voces de la Comuna 15","isPartOf":{"@id":"https:\/\/vocesdelacomuna15.com.ar\/press\/#website"},"primaryImageOfPage":{"@id":"https:\/\/vocesdelacomuna15.com.ar\/press\/atlanta-igualo-ante-alvarado-y-no-aprovecho-la-oportunidad-para-subirse-a-la-punta\/#primaryimage"},"image":{"@id":"https:\/\/vocesdelacomuna15.com.ar\/press\/atlanta-igualo-ante-alvarado-y-no-aprovecho-la-oportunidad-para-subirse-a-la-punta\/#primaryimage"},"thumbnailUrl":"https:\/\/vocesdelacomuna15.com.ar\/wp-content\/uploads\/2021\/06\/atlanta-alvarado.jpg","datePublished":"2021-06-30T00:03:46+00:00","dateModified":"2021-06-30T00:03:51+00:00","description":"Voces de la Comuna 15","breadcrumb":{"@id":"https:\/\/vocesdelacomuna15.com.ar\/press\/atlanta-igualo-ante-alvarado-y-no-aprovecho-la-oportunidad-para-subirse-a-la-punta\/#breadcrumb"},"inLanguage":"es-AR","potentialAction":[{"@type":"ReadAction","target":["https:\/\/vocesdelacomuna15.com.ar\/press\/atlanta-igualo-ante-alvarado-y-no-aprovecho-la-oportunidad-para-subirse-a-la-punta\/"]}]},{"@type":"ImageObject","inLanguage":"es-AR","@id":"https:\/\/vocesdelacomuna15.com.ar\/press\/atlanta-igualo-ante-alvarado-y-no-aprovecho-la-oportunidad-para-subirse-a-la-punta\/#primaryimage","url":"https:\/\/vocesdelacomuna15.com.ar\/wp-content\/uploads\/2021\/06\/atlanta-alvarado.jpg","contentUrl":"https:\/\/vocesdelacomuna15.com.ar\/wp-content\/uploads\/2021\/06\/atlanta-alvarado.jpg","width":1280,"height":853},{"@type":"BreadcrumbList","@id":"https:\/\/vocesdelacomuna15.com.ar\/press\/atlanta-igualo-ante-alvarado-y-no-aprovecho-la-oportunidad-para-subirse-a-la-punta\/#breadcrumb","itemListElement":[{"@type":"ListItem","position":1,"name":"Inicio","item":"https:\/\/vocesdelacomuna15.com.ar\/press\/"},{"@type":"ListItem","position":2,"name":"Atlanta igual\u00f3 ante Alvarado y no aprovech\u00f3 la oportunidad para subirse a la punta"}]},{"@type":"WebSite","@id":"https:\/\/vocesdelacomuna15.com.ar\/press\/#website","url":"https:\/\/vocesdelacomuna15.com.ar\/press\/","name":"Voces de la Comuna 15","description":"Sitio web de noticias","publisher":{"@id":"https:\/\/vocesdelacomuna15.com.ar\/press\/#organization"},"potentialAction":[{"@type":"SearchAction","target":{"@type":"EntryPoint","urlTemplate":"https:\/\/vocesdelacomuna15.com.ar\/press\/?s={search_term_string}"},"query-input":{"@type":"PropertyValueSpecification","valueRequired":true,"valueName":"search_term_string"}}],"inLanguage":"es-AR"},{"@type":"Organization","@id":"https:\/\/vocesdelacomuna15.com.ar\/press\/#organization","name":"Voces de la Comuna 15","url":"https:\/\/vocesdelacomuna15.com.ar\/press\/","logo":{"@type":"ImageObject","inLanguage":"es-AR","@id":"https:\/\/vocesdelacomuna15.com.ar\/press\/#\/schema\/logo\/image\/","url":"https:\/\/vocesdelacomuna15.com.ar\/wp-content\/uploads\/2024\/12\/cropped-logo_voces.jpg","contentUrl":"https:\/\/vocesdelacomuna15.com.ar\/wp-content\/uploads\/2024\/12\/cropped-logo_voces.jpg","width":512,"height":512,"caption":"Voces de la Comuna 15"},"image":{"@id":"https:\/\/vocesdelacomuna15.com.ar\/press\/#\/schema\/logo\/image\/"},"sameAs":["https:\/\/www.facebook.com\/VocesComuna15\/","https:\/\/x.com\/vocescomuna15"]},{"@type":"Person","@id":"https:\/\/vocesdelacomuna15.com.ar\/press\/#\/schema\/person\/4739e109db25d799cd3d139eeb509e43","name":"Federico Arguto","image":{"@type":"ImageObject","inLanguage":"es-AR","@id":"https:\/\/vocesdelacomuna15.com.ar\/wp-content\/litespeed\/avatar\/82faf979976f1bae889b8b71f8a0a7e5.jpg?ver=1777419741","url":"https:\/\/vocesdelacomuna15.com.ar\/wp-content\/litespeed\/avatar\/82faf979976f1bae889b8b71f8a0a7e5.jpg?ver=1777419741","contentUrl":"https:\/\/vocesdelacomuna15.com.ar\/wp-content\/litespeed\/avatar\/82faf979976f1bae889b8b71f8a0a7e5.jpg?ver=1777419741","caption":"Federico Arguto"},"url":"https:\/\/vocesdelacomuna15.com.ar\/press\/author\/fede\/"}]}},"_links":{"self":[{"href":"https:\/\/vocesdelacomuna15.com.ar\/press\/wp-json\/wp\/v2\/posts\/54250","targetHints":{"allow":["GET"]}}],"collection":[{"href":"https:\/\/vocesdelacomuna15.com.ar\/press\/wp-json\/wp\/v2\/posts"}],"about":[{"href":"https:\/\/vocesdelacomuna15.com.ar\/press\/wp-json\/wp\/v2\/types\/post"}],"author":[{"embeddable":true,"href":"https:\/\/vocesdelacomuna15.com.ar\/press\/wp-json\/wp\/v2\/users\/2"}],"replies":[{"embeddable":true,"href":"https:\/\/vocesdelacomuna15.com.ar\/press\/wp-json\/wp\/v2\/comments?post=54250"}],"version-history":[{"count":1,"href":"https:\/\/vocesdelacomuna15.com.ar\/press\/wp-json\/wp\/v2\/posts\/54250\/revisions"}],"predecessor-version":[{"id":54254,"href":"https:\/\/vocesdelacomuna15.com.ar\/press\/wp-json\/wp\/v2\/posts\/54250\/revisions\/54254"}],"wp:featuredmedia":[{"embeddable":true,"href":"https:\/\/vocesdelacomuna15.com.ar\/press\/wp-json\/wp\/v2\/media\/54251"}],"wp:attachment":[{"href":"https:\/\/vocesdelacomuna15.com.ar\/press\/wp-json\/wp\/v2\/media?parent=54250"}],"wp:term":[{"taxonomy":"category","embeddable":true,"href":"https:\/\/vocesdelacomuna15.com.ar\/press\/wp-json\/wp\/v2\/categories?post=54250"},{"taxonomy":"post_tag","embeddable":true,"href":"https:\/\/vocesdelacomuna15.com.ar\/press\/wp-json\/wp\/v2\/tags?post=54250"}],"curies":[{"name":"wp","href":"https:\/\/api.w.org\/{rel}","templated":true}]}}