{"id":54237,"date":"2021-06-24T12:15:55","date_gmt":"2021-06-24T15:15:55","guid":{"rendered":"http:\/\/vocesdelacomuna15.com.ar\/wordpress\/?p=54237"},"modified":"2021-06-24T16:20:28","modified_gmt":"2021-06-24T19:20:28","slug":"la-policia-de-la-ciudad-quemo-otros-2-900-kilos-de-marihuana-y-en-el-ano-ya-destruyo-mas-de-7-900-kilos-de-droga","status":"publish","type":"post","link":"https:\/\/vocesdelacomuna15.com.ar\/press\/la-policia-de-la-ciudad-quemo-otros-2-900-kilos-de-marihuana-y-en-el-ano-ya-destruyo-mas-de-7-900-kilos-de-droga\/","title":{"rendered":"La Polic\u00eda de la Ciudad quem\u00f3 otros 2.900 kilos de marihuana y en el a\u00f1o ya destruy\u00f3 m\u00e1s de 7.900 kilos de droga"},"content":{"rendered":"\n<p>La Polic\u00eda de la Ciudad quem\u00f3 ayer 2.900 kilos de marihuana en el Cementerio de la Chacarita, en la tercera incineraci\u00f3n de droga que realiza en el a\u00f1o, sumando 7.900 kilogramos de estupefacientes destruidos.&nbsp; Fuente: Ministerio de Justicia y Seguridad CABA<\/p>\n\n\n\n<p>La actividad estuvo encabezada por el\nsubsecretario de Seguridad Ciudadana porte\u00f1o, Juan Pablo Sassano, y el\npresidente del Tribunal Oral en lo Criminal 1 de la Capital Federal, Dr. Ricardo\n\u00c1ngel Bas\u00edlico, que tuvo a cargo del proceso contra los responsables de la\ncausa.<\/p>\n\n\n\n<p>Tambi\u00e9n estuvo el jefe de la Divisi\u00f3n\nSumarios y Brigadas de Prevenci\u00f3n de la Comuna 8 de la Polic\u00eda de la Ciudad,\ncomisario Juan Ganduglia, y el secretario del Tribunal, Dr. Ignacio Lebadens.<\/p>\n\n\n\n<p>Estos 2.900 kilogramos de marihuana,\nrepartidos en 3.729 panes, fueron incautados en 2019 por esta divisi\u00f3n policial\nen el barrio de Villa Lugano.<\/p>\n\n\n\n<p>\u201cDespu\u00e9s de una investigaci\u00f3n que se ven\u00eda\nhaciendo por parte de la Polic\u00eda de la Ciudad se logra detener a los autores\nque trasladaban estos 3.729 paquetes de marihuana, que son cerca de 3 mil\nkilos, y hoy estamos dando un paso m\u00e1s, como siempre decimos: se investiga, se\ndetiene a los autores, se saca la droga de la calle, porque esto es droga que\nno llega a nuestros j\u00f3venes, y finalmente se quema, se destruye\u201d, sostuvo\nSassano.<\/p>\n\n\n\n<p>Por su parte, Bas\u00edlico refiri\u00f3 que el acto\nen el crematorio de la principal necr\u00f3polis porte\u00f1a \u201ces la etapa de culminaci\u00f3n\ndel proceso ya que las personas que han participado en el hecho se encuentran\nen su mayor\u00eda condenadas, y esto es el final de la etapa en la cual corresponde\nla destrucci\u00f3n de la droga\u201d.<\/p>\n\n\n\n<p>El magistrado resalt\u00f3 que \u201cel desempe\u00f1o de\nla Polic\u00eda de la Ciudad y el personal interviniente fue muy bueno, el\ndesarrollo de la quema ha sido muy ordenado y documentado en toda la cadena de\ncustodia, que es muy importante y que hace relevante el procedimiento\u201d.<\/p>\n\n\n\n<p>Esta es la tercera incineraci\u00f3n del a\u00f1o de\nla Polic\u00eda de la Ciudad. En la primera, se quemaron 5 toneladas de marihuana y\n9 kilogramos de coca\u00edna, en tanto que en la segunda se destruyeron 80\nkilogramos de estupefacientes.<\/p>\n\n\n\n<p>En el 2020, la fuerza porte\u00f1a quem\u00f3 m\u00e1s de 6.000 kilogramos de drogas, que fueron sacados del mercado del narcotr\u00e1fico.<\/p>\n\n\n\n<figure class=\"wp-block-embed-youtube wp-block-embed is-type-video is-provider-youtube wp-embed-aspect-16-9 wp-has-aspect-ratio\"><div class=\"wp-block-embed__wrapper\">\n<iframe loading=\"lazy\" title=\"Quema de droga\" width=\"1080\" height=\"608\" src=\"https:\/\/www.youtube.com\/embed\/g7peu_I_Zag?feature=oembed\" frameborder=\"0\" allow=\"accelerometer; autoplay; clipboard-write; encrypted-media; gyroscope; picture-in-picture\" allowfullscreen><\/iframe>\n<\/div><\/figure>\n\n\n\n<p>Fuente, Foto y Video: Ministerio de\nJusticia y Seguridad CABA<\/p>\n\n\n\n<p>Caracteres: 1.955<\/p>\n<div class=\"pvc_clear\"><\/div><p id=\"pvc_stats_54237\" class=\"pvc_stats all  \" data-element-id=\"54237\" style=\"\"><i class=\"pvc-stats-icon small\" aria-hidden=\"true\"><svg aria-hidden=\"true\" focusable=\"false\" data-prefix=\"far\" data-icon=\"chart-bar\" role=\"img\" xmlns=\"http:\/\/www.w3.org\/2000\/svg\" viewBox=\"0 0 512 512\" class=\"svg-inline--fa fa-chart-bar fa-w-16 fa-2x\"><path fill=\"currentColor\" d=\"M396.8 352h22.4c6.4 0 12.8-6.4 12.8-12.8V108.8c0-6.4-6.4-12.8-12.8-12.8h-22.4c-6.4 0-12.8 6.4-12.8 12.8v230.4c0 6.4 6.4 12.8 12.8 12.8zm-192 0h22.4c6.4 0 12.8-6.4 12.8-12.8V140.8c0-6.4-6.4-12.8-12.8-12.8h-22.4c-6.4 0-12.8 6.4-12.8 12.8v198.4c0 6.4 6.4 12.8 12.8 12.8zm96 0h22.4c6.4 0 12.8-6.4 12.8-12.8V204.8c0-6.4-6.4-12.8-12.8-12.8h-22.4c-6.4 0-12.8 6.4-12.8 12.8v134.4c0 6.4 6.4 12.8 12.8 12.8zM496 400H48V80c0-8.84-7.16-16-16-16H16C7.16 64 0 71.16 0 80v336c0 17.67 14.33 32 32 32h464c8.84 0 16-7.16 16-16v-16c0-8.84-7.16-16-16-16zm-387.2-48h22.4c6.4 0 12.8-6.4 12.8-12.8v-70.4c0-6.4-6.4-12.8-12.8-12.8h-22.4c-6.4 0-12.8 6.4-12.8 12.8v70.4c0 6.4 6.4 12.8 12.8 12.8z\" class=\"\"><\/path><\/svg><\/i> <img loading=\"lazy\" decoding=\"async\" width=\"16\" height=\"16\" alt=\"Loading\" src=\"https:\/\/vocesdelacomuna15.com.ar\/wp-content\/plugins\/page-views-count\/ajax-loader-2x.gif\" border=0 \/><\/p><div class=\"pvc_clear\"><\/div>","protected":false},"excerpt":{"rendered":"<p>La Polic\u00eda de la Ciudad quem\u00f3 ayer 2.900 kilos de marihuana en el Cementerio de la Chacarita, en la tercera incineraci\u00f3n de droga que realiza en el a\u00f1o, sumando 7.900 kilogramos de estupefacientes destruidos.&nbsp; Fuente: Ministerio de Justicia y Seguridad CABA La actividad estuvo encabezada por el subsecretario de Seguridad Ciudadana porte\u00f1o, Juan Pablo Sassano, [&hellip;]<\/p>\n<div class=\"pvc_clear\"><\/div>\n<p id=\"pvc_stats_54237\" class=\"pvc_stats all  \" data-element-id=\"54237\" style=\"\"><i class=\"pvc-stats-icon small\" aria-hidden=\"true\"><svg aria-hidden=\"true\" focusable=\"false\" data-prefix=\"far\" data-icon=\"chart-bar\" role=\"img\" xmlns=\"http:\/\/www.w3.org\/2000\/svg\" viewBox=\"0 0 512 512\" class=\"svg-inline--fa fa-chart-bar fa-w-16 fa-2x\"><path fill=\"currentColor\" d=\"M396.8 352h22.4c6.4 0 12.8-6.4 12.8-12.8V108.8c0-6.4-6.4-12.8-12.8-12.8h-22.4c-6.4 0-12.8 6.4-12.8 12.8v230.4c0 6.4 6.4 12.8 12.8 12.8zm-192 0h22.4c6.4 0 12.8-6.4 12.8-12.8V140.8c0-6.4-6.4-12.8-12.8-12.8h-22.4c-6.4 0-12.8 6.4-12.8 12.8v198.4c0 6.4 6.4 12.8 12.8 12.8zm96 0h22.4c6.4 0 12.8-6.4 12.8-12.8V204.8c0-6.4-6.4-12.8-12.8-12.8h-22.4c-6.4 0-12.8 6.4-12.8 12.8v134.4c0 6.4 6.4 12.8 12.8 12.8zM496 400H48V80c0-8.84-7.16-16-16-16H16C7.16 64 0 71.16 0 80v336c0 17.67 14.33 32 32 32h464c8.84 0 16-7.16 16-16v-16c0-8.84-7.16-16-16-16zm-387.2-48h22.4c6.4 0 12.8-6.4 12.8-12.8v-70.4c0-6.4-6.4-12.8-12.8-12.8h-22.4c-6.4 0-12.8 6.4-12.8 12.8v70.4c0 6.4 6.4 12.8 12.8 12.8z\" class=\"\"><\/path><\/svg><\/i> <img loading=\"lazy\" decoding=\"async\" width=\"16\" height=\"16\" alt=\"Loading\" src=\"https:\/\/vocesdelacomuna15.com.ar\/wp-content\/plugins\/page-views-count\/ajax-loader-2x.gif\" border=0 \/><\/p>\n<div class=\"pvc_clear\"><\/div>\n","protected":false},"author":2,"featured_media":54239,"comment_status":"open","ping_status":"open","sticky":false,"template":"","format":"standard","meta":{"_et_pb_use_builder":"off","_et_pb_old_content":"","_et_gb_content_width":"","footnotes":""},"categories":[23,28],"tags":[],"class_list":["post-54237","post","type-post","status-publish","format-standard","has-post-thumbnail","hentry","category-chacarita","category-policial","et-has-post-format-content","et_post_format-et-post-format-standard"],"a3_pvc":{"activated":true,"total_views":233,"today_views":0},"yoast_head":"<!-- This site is optimized with the Yoast SEO plugin v27.5 - https:\/\/yoast.com\/product\/yoast-seo-wordpress\/ -->\n<title>La Polic\u00eda de la Ciudad quem\u00f3 otros 2.900 kilos de marihuana y en el a\u00f1o ya destruy\u00f3 m\u00e1s de 7.900 kilos de droga - Voces de la Comuna 15<\/title>\n<meta name=\"description\" content=\"Voces de la Comuna 15\" \/>\n<meta name=\"robots\" content=\"index, follow, max-snippet:-1, max-image-preview:large, max-video-preview:-1\" \/>\n<link rel=\"canonical\" href=\"https:\/\/vocesdelacomuna15.com.ar\/press\/la-policia-de-la-ciudad-quemo-otros-2-900-kilos-de-marihuana-y-en-el-ano-ya-destruyo-mas-de-7-900-kilos-de-droga\/\" \/>\n<meta property=\"og:locale\" content=\"es_ES\" \/>\n<meta property=\"og:type\" content=\"article\" \/>\n<meta property=\"og:title\" content=\"La Polic\u00eda de la Ciudad quem\u00f3 otros 2.900 kilos de marihuana y en el a\u00f1o ya destruy\u00f3 m\u00e1s de 7.900 kilos de droga - Voces de la Comuna 15\" \/>\n<meta property=\"og:description\" content=\"Voces de la Comuna 15\" \/>\n<meta property=\"og:url\" content=\"https:\/\/vocesdelacomuna15.com.ar\/press\/la-policia-de-la-ciudad-quemo-otros-2-900-kilos-de-marihuana-y-en-el-ano-ya-destruyo-mas-de-7-900-kilos-de-droga\/\" \/>\n<meta property=\"og:site_name\" content=\"Voces de la Comuna 15\" \/>\n<meta property=\"article:publisher\" content=\"https:\/\/www.facebook.com\/VocesComuna15\/\" \/>\n<meta property=\"article:published_time\" content=\"2021-06-24T15:15:55+00:00\" \/>\n<meta property=\"article:modified_time\" content=\"2021-06-24T19:20:28+00:00\" \/>\n<meta property=\"og:image\" content=\"https:\/\/vocesdelacomuna15.com.ar\/wp-content\/uploads\/2021\/06\/poli2406.png\" \/>\n\t<meta property=\"og:image:width\" content=\"424\" \/>\n\t<meta property=\"og:image:height\" content=\"609\" \/>\n\t<meta property=\"og:image:type\" content=\"image\/png\" \/>\n<meta name=\"author\" content=\"Federico Arguto\" \/>\n<meta name=\"twitter:card\" content=\"summary_large_image\" \/>\n<meta name=\"twitter:creator\" content=\"@vocescomuna15\" \/>\n<meta name=\"twitter:site\" content=\"@vocescomuna15\" \/>\n<meta name=\"twitter:label1\" content=\"Escrito por\" \/>\n\t<meta name=\"twitter:data1\" content=\"Federico Arguto\" \/>\n\t<meta name=\"twitter:label2\" content=\"Tiempo de lectura\" \/>\n\t<meta name=\"twitter:data2\" content=\"2 minutos\" \/>\n<script type=\"application\/ld+json\" class=\"yoast-schema-graph\">{\"@context\":\"https:\\\/\\\/schema.org\",\"@graph\":[{\"@type\":\"Article\",\"@id\":\"https:\\\/\\\/vocesdelacomuna15.com.ar\\\/press\\\/la-policia-de-la-ciudad-quemo-otros-2-900-kilos-de-marihuana-y-en-el-ano-ya-destruyo-mas-de-7-900-kilos-de-droga\\\/#article\",\"isPartOf\":{\"@id\":\"https:\\\/\\\/vocesdelacomuna15.com.ar\\\/press\\\/la-policia-de-la-ciudad-quemo-otros-2-900-kilos-de-marihuana-y-en-el-ano-ya-destruyo-mas-de-7-900-kilos-de-droga\\\/\"},\"author\":{\"name\":\"Federico Arguto\",\"@id\":\"https:\\\/\\\/vocesdelacomuna15.com.ar\\\/press\\\/#\\\/schema\\\/person\\\/4739e109db25d799cd3d139eeb509e43\"},\"headline\":\"La Polic\u00eda de la Ciudad quem\u00f3 otros 2.900 kilos de marihuana y en el a\u00f1o ya destruy\u00f3 m\u00e1s de 7.900 kilos de droga\",\"datePublished\":\"2021-06-24T15:15:55+00:00\",\"dateModified\":\"2021-06-24T19:20:28+00:00\",\"mainEntityOfPage\":{\"@id\":\"https:\\\/\\\/vocesdelacomuna15.com.ar\\\/press\\\/la-policia-de-la-ciudad-quemo-otros-2-900-kilos-de-marihuana-y-en-el-ano-ya-destruyo-mas-de-7-900-kilos-de-droga\\\/\"},\"wordCount\":443,\"commentCount\":0,\"publisher\":{\"@id\":\"https:\\\/\\\/vocesdelacomuna15.com.ar\\\/press\\\/#organization\"},\"image\":{\"@id\":\"https:\\\/\\\/vocesdelacomuna15.com.ar\\\/press\\\/la-policia-de-la-ciudad-quemo-otros-2-900-kilos-de-marihuana-y-en-el-ano-ya-destruyo-mas-de-7-900-kilos-de-droga\\\/#primaryimage\"},\"thumbnailUrl\":\"https:\\\/\\\/vocesdelacomuna15.com.ar\\\/wp-content\\\/uploads\\\/2021\\\/06\\\/poli2406.png\",\"articleSection\":[\"Chacarita\",\"Policial\"],\"inLanguage\":\"es-AR\",\"potentialAction\":[{\"@type\":\"CommentAction\",\"name\":\"Comment\",\"target\":[\"https:\\\/\\\/vocesdelacomuna15.com.ar\\\/press\\\/la-policia-de-la-ciudad-quemo-otros-2-900-kilos-de-marihuana-y-en-el-ano-ya-destruyo-mas-de-7-900-kilos-de-droga\\\/#respond\"]}]},{\"@type\":\"WebPage\",\"@id\":\"https:\\\/\\\/vocesdelacomuna15.com.ar\\\/press\\\/la-policia-de-la-ciudad-quemo-otros-2-900-kilos-de-marihuana-y-en-el-ano-ya-destruyo-mas-de-7-900-kilos-de-droga\\\/\",\"url\":\"https:\\\/\\\/vocesdelacomuna15.com.ar\\\/press\\\/la-policia-de-la-ciudad-quemo-otros-2-900-kilos-de-marihuana-y-en-el-ano-ya-destruyo-mas-de-7-900-kilos-de-droga\\\/\",\"name\":\"La Polic\u00eda de la Ciudad quem\u00f3 otros 2.900 kilos de marihuana y en el a\u00f1o ya destruy\u00f3 m\u00e1s de 7.900 kilos de droga - Voces de la Comuna 15\",\"isPartOf\":{\"@id\":\"https:\\\/\\\/vocesdelacomuna15.com.ar\\\/press\\\/#website\"},\"primaryImageOfPage\":{\"@id\":\"https:\\\/\\\/vocesdelacomuna15.com.ar\\\/press\\\/la-policia-de-la-ciudad-quemo-otros-2-900-kilos-de-marihuana-y-en-el-ano-ya-destruyo-mas-de-7-900-kilos-de-droga\\\/#primaryimage\"},\"image\":{\"@id\":\"https:\\\/\\\/vocesdelacomuna15.com.ar\\\/press\\\/la-policia-de-la-ciudad-quemo-otros-2-900-kilos-de-marihuana-y-en-el-ano-ya-destruyo-mas-de-7-900-kilos-de-droga\\\/#primaryimage\"},\"thumbnailUrl\":\"https:\\\/\\\/vocesdelacomuna15.com.ar\\\/wp-content\\\/uploads\\\/2021\\\/06\\\/poli2406.png\",\"datePublished\":\"2021-06-24T15:15:55+00:00\",\"dateModified\":\"2021-06-24T19:20:28+00:00\",\"description\":\"Voces de la Comuna 15\",\"breadcrumb\":{\"@id\":\"https:\\\/\\\/vocesdelacomuna15.com.ar\\\/press\\\/la-policia-de-la-ciudad-quemo-otros-2-900-kilos-de-marihuana-y-en-el-ano-ya-destruyo-mas-de-7-900-kilos-de-droga\\\/#breadcrumb\"},\"inLanguage\":\"es-AR\",\"potentialAction\":[{\"@type\":\"ReadAction\",\"target\":[\"https:\\\/\\\/vocesdelacomuna15.com.ar\\\/press\\\/la-policia-de-la-ciudad-quemo-otros-2-900-kilos-de-marihuana-y-en-el-ano-ya-destruyo-mas-de-7-900-kilos-de-droga\\\/\"]}]},{\"@type\":\"ImageObject\",\"inLanguage\":\"es-AR\",\"@id\":\"https:\\\/\\\/vocesdelacomuna15.com.ar\\\/press\\\/la-policia-de-la-ciudad-quemo-otros-2-900-kilos-de-marihuana-y-en-el-ano-ya-destruyo-mas-de-7-900-kilos-de-droga\\\/#primaryimage\",\"url\":\"https:\\\/\\\/vocesdelacomuna15.com.ar\\\/wp-content\\\/uploads\\\/2021\\\/06\\\/poli2406.png\",\"contentUrl\":\"https:\\\/\\\/vocesdelacomuna15.com.ar\\\/wp-content\\\/uploads\\\/2021\\\/06\\\/poli2406.png\",\"width\":424,\"height\":609},{\"@type\":\"BreadcrumbList\",\"@id\":\"https:\\\/\\\/vocesdelacomuna15.com.ar\\\/press\\\/la-policia-de-la-ciudad-quemo-otros-2-900-kilos-de-marihuana-y-en-el-ano-ya-destruyo-mas-de-7-900-kilos-de-droga\\\/#breadcrumb\",\"itemListElement\":[{\"@type\":\"ListItem\",\"position\":1,\"name\":\"Inicio\",\"item\":\"https:\\\/\\\/vocesdelacomuna15.com.ar\\\/press\\\/\"},{\"@type\":\"ListItem\",\"position\":2,\"name\":\"La Polic\u00eda de la Ciudad quem\u00f3 otros 2.900 kilos de marihuana y en el a\u00f1o ya destruy\u00f3 m\u00e1s de 7.900 kilos de droga\"}]},{\"@type\":\"WebSite\",\"@id\":\"https:\\\/\\\/vocesdelacomuna15.com.ar\\\/press\\\/#website\",\"url\":\"https:\\\/\\\/vocesdelacomuna15.com.ar\\\/press\\\/\",\"name\":\"Voces de la Comuna 15\",\"description\":\"Sitio web de noticias\",\"publisher\":{\"@id\":\"https:\\\/\\\/vocesdelacomuna15.com.ar\\\/press\\\/#organization\"},\"potentialAction\":[{\"@type\":\"SearchAction\",\"target\":{\"@type\":\"EntryPoint\",\"urlTemplate\":\"https:\\\/\\\/vocesdelacomuna15.com.ar\\\/press\\\/?s={search_term_string}\"},\"query-input\":{\"@type\":\"PropertyValueSpecification\",\"valueRequired\":true,\"valueName\":\"search_term_string\"}}],\"inLanguage\":\"es-AR\"},{\"@type\":\"Organization\",\"@id\":\"https:\\\/\\\/vocesdelacomuna15.com.ar\\\/press\\\/#organization\",\"name\":\"Voces de la Comuna 15\",\"url\":\"https:\\\/\\\/vocesdelacomuna15.com.ar\\\/press\\\/\",\"logo\":{\"@type\":\"ImageObject\",\"inLanguage\":\"es-AR\",\"@id\":\"https:\\\/\\\/vocesdelacomuna15.com.ar\\\/press\\\/#\\\/schema\\\/logo\\\/image\\\/\",\"url\":\"https:\\\/\\\/vocesdelacomuna15.com.ar\\\/wp-content\\\/uploads\\\/2024\\\/12\\\/cropped-logo_voces.jpg\",\"contentUrl\":\"https:\\\/\\\/vocesdelacomuna15.com.ar\\\/wp-content\\\/uploads\\\/2024\\\/12\\\/cropped-logo_voces.jpg\",\"width\":512,\"height\":512,\"caption\":\"Voces de la Comuna 15\"},\"image\":{\"@id\":\"https:\\\/\\\/vocesdelacomuna15.com.ar\\\/press\\\/#\\\/schema\\\/logo\\\/image\\\/\"},\"sameAs\":[\"https:\\\/\\\/www.facebook.com\\\/VocesComuna15\\\/\",\"https:\\\/\\\/x.com\\\/vocescomuna15\"]},{\"@type\":\"Person\",\"@id\":\"https:\\\/\\\/vocesdelacomuna15.com.ar\\\/press\\\/#\\\/schema\\\/person\\\/4739e109db25d799cd3d139eeb509e43\",\"name\":\"Federico Arguto\",\"image\":{\"@type\":\"ImageObject\",\"inLanguage\":\"es-AR\",\"@id\":\"https:\\\/\\\/vocesdelacomuna15.com.ar\\\/wp-content\\\/litespeed\\\/avatar\\\/82faf979976f1bae889b8b71f8a0a7e5.jpg?ver=1776814847\",\"url\":\"https:\\\/\\\/vocesdelacomuna15.com.ar\\\/wp-content\\\/litespeed\\\/avatar\\\/82faf979976f1bae889b8b71f8a0a7e5.jpg?ver=1776814847\",\"contentUrl\":\"https:\\\/\\\/vocesdelacomuna15.com.ar\\\/wp-content\\\/litespeed\\\/avatar\\\/82faf979976f1bae889b8b71f8a0a7e5.jpg?ver=1776814847\",\"caption\":\"Federico Arguto\"},\"url\":\"https:\\\/\\\/vocesdelacomuna15.com.ar\\\/press\\\/author\\\/fede\\\/\"}]}<\/script>\n<!-- \/ Yoast SEO plugin. -->","yoast_head_json":{"title":"La Polic\u00eda de la Ciudad quem\u00f3 otros 2.900 kilos de marihuana y en el a\u00f1o ya destruy\u00f3 m\u00e1s de 7.900 kilos de droga - Voces de la Comuna 15","description":"Voces de la Comuna 15","robots":{"index":"index","follow":"follow","max-snippet":"max-snippet:-1","max-image-preview":"max-image-preview:large","max-video-preview":"max-video-preview:-1"},"canonical":"https:\/\/vocesdelacomuna15.com.ar\/press\/la-policia-de-la-ciudad-quemo-otros-2-900-kilos-de-marihuana-y-en-el-ano-ya-destruyo-mas-de-7-900-kilos-de-droga\/","og_locale":"es_ES","og_type":"article","og_title":"La Polic\u00eda de la Ciudad quem\u00f3 otros 2.900 kilos de marihuana y en el a\u00f1o ya destruy\u00f3 m\u00e1s de 7.900 kilos de droga - Voces de la Comuna 15","og_description":"Voces de la Comuna 15","og_url":"https:\/\/vocesdelacomuna15.com.ar\/press\/la-policia-de-la-ciudad-quemo-otros-2-900-kilos-de-marihuana-y-en-el-ano-ya-destruyo-mas-de-7-900-kilos-de-droga\/","og_site_name":"Voces de la Comuna 15","article_publisher":"https:\/\/www.facebook.com\/VocesComuna15\/","article_published_time":"2021-06-24T15:15:55+00:00","article_modified_time":"2021-06-24T19:20:28+00:00","og_image":[{"width":424,"height":609,"url":"https:\/\/vocesdelacomuna15.com.ar\/wp-content\/uploads\/2021\/06\/poli2406.png","type":"image\/png"}],"author":"Federico Arguto","twitter_card":"summary_large_image","twitter_creator":"@vocescomuna15","twitter_site":"@vocescomuna15","twitter_misc":{"Escrito por":"Federico Arguto","Tiempo de lectura":"2 minutos"},"schema":{"@context":"https:\/\/schema.org","@graph":[{"@type":"Article","@id":"https:\/\/vocesdelacomuna15.com.ar\/press\/la-policia-de-la-ciudad-quemo-otros-2-900-kilos-de-marihuana-y-en-el-ano-ya-destruyo-mas-de-7-900-kilos-de-droga\/#article","isPartOf":{"@id":"https:\/\/vocesdelacomuna15.com.ar\/press\/la-policia-de-la-ciudad-quemo-otros-2-900-kilos-de-marihuana-y-en-el-ano-ya-destruyo-mas-de-7-900-kilos-de-droga\/"},"author":{"name":"Federico Arguto","@id":"https:\/\/vocesdelacomuna15.com.ar\/press\/#\/schema\/person\/4739e109db25d799cd3d139eeb509e43"},"headline":"La Polic\u00eda de la Ciudad quem\u00f3 otros 2.900 kilos de marihuana y en el a\u00f1o ya destruy\u00f3 m\u00e1s de 7.900 kilos de droga","datePublished":"2021-06-24T15:15:55+00:00","dateModified":"2021-06-24T19:20:28+00:00","mainEntityOfPage":{"@id":"https:\/\/vocesdelacomuna15.com.ar\/press\/la-policia-de-la-ciudad-quemo-otros-2-900-kilos-de-marihuana-y-en-el-ano-ya-destruyo-mas-de-7-900-kilos-de-droga\/"},"wordCount":443,"commentCount":0,"publisher":{"@id":"https:\/\/vocesdelacomuna15.com.ar\/press\/#organization"},"image":{"@id":"https:\/\/vocesdelacomuna15.com.ar\/press\/la-policia-de-la-ciudad-quemo-otros-2-900-kilos-de-marihuana-y-en-el-ano-ya-destruyo-mas-de-7-900-kilos-de-droga\/#primaryimage"},"thumbnailUrl":"https:\/\/vocesdelacomuna15.com.ar\/wp-content\/uploads\/2021\/06\/poli2406.png","articleSection":["Chacarita","Policial"],"inLanguage":"es-AR","potentialAction":[{"@type":"CommentAction","name":"Comment","target":["https:\/\/vocesdelacomuna15.com.ar\/press\/la-policia-de-la-ciudad-quemo-otros-2-900-kilos-de-marihuana-y-en-el-ano-ya-destruyo-mas-de-7-900-kilos-de-droga\/#respond"]}]},{"@type":"WebPage","@id":"https:\/\/vocesdelacomuna15.com.ar\/press\/la-policia-de-la-ciudad-quemo-otros-2-900-kilos-de-marihuana-y-en-el-ano-ya-destruyo-mas-de-7-900-kilos-de-droga\/","url":"https:\/\/vocesdelacomuna15.com.ar\/press\/la-policia-de-la-ciudad-quemo-otros-2-900-kilos-de-marihuana-y-en-el-ano-ya-destruyo-mas-de-7-900-kilos-de-droga\/","name":"La Polic\u00eda de la Ciudad quem\u00f3 otros 2.900 kilos de marihuana y en el a\u00f1o ya destruy\u00f3 m\u00e1s de 7.900 kilos de droga - Voces de la Comuna 15","isPartOf":{"@id":"https:\/\/vocesdelacomuna15.com.ar\/press\/#website"},"primaryImageOfPage":{"@id":"https:\/\/vocesdelacomuna15.com.ar\/press\/la-policia-de-la-ciudad-quemo-otros-2-900-kilos-de-marihuana-y-en-el-ano-ya-destruyo-mas-de-7-900-kilos-de-droga\/#primaryimage"},"image":{"@id":"https:\/\/vocesdelacomuna15.com.ar\/press\/la-policia-de-la-ciudad-quemo-otros-2-900-kilos-de-marihuana-y-en-el-ano-ya-destruyo-mas-de-7-900-kilos-de-droga\/#primaryimage"},"thumbnailUrl":"https:\/\/vocesdelacomuna15.com.ar\/wp-content\/uploads\/2021\/06\/poli2406.png","datePublished":"2021-06-24T15:15:55+00:00","dateModified":"2021-06-24T19:20:28+00:00","description":"Voces de la Comuna 15","breadcrumb":{"@id":"https:\/\/vocesdelacomuna15.com.ar\/press\/la-policia-de-la-ciudad-quemo-otros-2-900-kilos-de-marihuana-y-en-el-ano-ya-destruyo-mas-de-7-900-kilos-de-droga\/#breadcrumb"},"inLanguage":"es-AR","potentialAction":[{"@type":"ReadAction","target":["https:\/\/vocesdelacomuna15.com.ar\/press\/la-policia-de-la-ciudad-quemo-otros-2-900-kilos-de-marihuana-y-en-el-ano-ya-destruyo-mas-de-7-900-kilos-de-droga\/"]}]},{"@type":"ImageObject","inLanguage":"es-AR","@id":"https:\/\/vocesdelacomuna15.com.ar\/press\/la-policia-de-la-ciudad-quemo-otros-2-900-kilos-de-marihuana-y-en-el-ano-ya-destruyo-mas-de-7-900-kilos-de-droga\/#primaryimage","url":"https:\/\/vocesdelacomuna15.com.ar\/wp-content\/uploads\/2021\/06\/poli2406.png","contentUrl":"https:\/\/vocesdelacomuna15.com.ar\/wp-content\/uploads\/2021\/06\/poli2406.png","width":424,"height":609},{"@type":"BreadcrumbList","@id":"https:\/\/vocesdelacomuna15.com.ar\/press\/la-policia-de-la-ciudad-quemo-otros-2-900-kilos-de-marihuana-y-en-el-ano-ya-destruyo-mas-de-7-900-kilos-de-droga\/#breadcrumb","itemListElement":[{"@type":"ListItem","position":1,"name":"Inicio","item":"https:\/\/vocesdelacomuna15.com.ar\/press\/"},{"@type":"ListItem","position":2,"name":"La Polic\u00eda de la Ciudad quem\u00f3 otros 2.900 kilos de marihuana y en el a\u00f1o ya destruy\u00f3 m\u00e1s de 7.900 kilos de droga"}]},{"@type":"WebSite","@id":"https:\/\/vocesdelacomuna15.com.ar\/press\/#website","url":"https:\/\/vocesdelacomuna15.com.ar\/press\/","name":"Voces de la Comuna 15","description":"Sitio web de noticias","publisher":{"@id":"https:\/\/vocesdelacomuna15.com.ar\/press\/#organization"},"potentialAction":[{"@type":"SearchAction","target":{"@type":"EntryPoint","urlTemplate":"https:\/\/vocesdelacomuna15.com.ar\/press\/?s={search_term_string}"},"query-input":{"@type":"PropertyValueSpecification","valueRequired":true,"valueName":"search_term_string"}}],"inLanguage":"es-AR"},{"@type":"Organization","@id":"https:\/\/vocesdelacomuna15.com.ar\/press\/#organization","name":"Voces de la Comuna 15","url":"https:\/\/vocesdelacomuna15.com.ar\/press\/","logo":{"@type":"ImageObject","inLanguage":"es-AR","@id":"https:\/\/vocesdelacomuna15.com.ar\/press\/#\/schema\/logo\/image\/","url":"https:\/\/vocesdelacomuna15.com.ar\/wp-content\/uploads\/2024\/12\/cropped-logo_voces.jpg","contentUrl":"https:\/\/vocesdelacomuna15.com.ar\/wp-content\/uploads\/2024\/12\/cropped-logo_voces.jpg","width":512,"height":512,"caption":"Voces de la Comuna 15"},"image":{"@id":"https:\/\/vocesdelacomuna15.com.ar\/press\/#\/schema\/logo\/image\/"},"sameAs":["https:\/\/www.facebook.com\/VocesComuna15\/","https:\/\/x.com\/vocescomuna15"]},{"@type":"Person","@id":"https:\/\/vocesdelacomuna15.com.ar\/press\/#\/schema\/person\/4739e109db25d799cd3d139eeb509e43","name":"Federico Arguto","image":{"@type":"ImageObject","inLanguage":"es-AR","@id":"https:\/\/vocesdelacomuna15.com.ar\/wp-content\/litespeed\/avatar\/82faf979976f1bae889b8b71f8a0a7e5.jpg?ver=1776814847","url":"https:\/\/vocesdelacomuna15.com.ar\/wp-content\/litespeed\/avatar\/82faf979976f1bae889b8b71f8a0a7e5.jpg?ver=1776814847","contentUrl":"https:\/\/vocesdelacomuna15.com.ar\/wp-content\/litespeed\/avatar\/82faf979976f1bae889b8b71f8a0a7e5.jpg?ver=1776814847","caption":"Federico Arguto"},"url":"https:\/\/vocesdelacomuna15.com.ar\/press\/author\/fede\/"}]}},"_links":{"self":[{"href":"https:\/\/vocesdelacomuna15.com.ar\/press\/wp-json\/wp\/v2\/posts\/54237","targetHints":{"allow":["GET"]}}],"collection":[{"href":"https:\/\/vocesdelacomuna15.com.ar\/press\/wp-json\/wp\/v2\/posts"}],"about":[{"href":"https:\/\/vocesdelacomuna15.com.ar\/press\/wp-json\/wp\/v2\/types\/post"}],"author":[{"embeddable":true,"href":"https:\/\/vocesdelacomuna15.com.ar\/press\/wp-json\/wp\/v2\/users\/2"}],"replies":[{"embeddable":true,"href":"https:\/\/vocesdelacomuna15.com.ar\/press\/wp-json\/wp\/v2\/comments?post=54237"}],"version-history":[{"count":2,"href":"https:\/\/vocesdelacomuna15.com.ar\/press\/wp-json\/wp\/v2\/posts\/54237\/revisions"}],"predecessor-version":[{"id":54241,"href":"https:\/\/vocesdelacomuna15.com.ar\/press\/wp-json\/wp\/v2\/posts\/54237\/revisions\/54241"}],"wp:featuredmedia":[{"embeddable":true,"href":"https:\/\/vocesdelacomuna15.com.ar\/press\/wp-json\/wp\/v2\/media\/54239"}],"wp:attachment":[{"href":"https:\/\/vocesdelacomuna15.com.ar\/press\/wp-json\/wp\/v2\/media?parent=54237"}],"wp:term":[{"taxonomy":"category","embeddable":true,"href":"https:\/\/vocesdelacomuna15.com.ar\/press\/wp-json\/wp\/v2\/categories?post=54237"},{"taxonomy":"post_tag","embeddable":true,"href":"https:\/\/vocesdelacomuna15.com.ar\/press\/wp-json\/wp\/v2\/tags?post=54237"}],"curies":[{"name":"wp","href":"https:\/\/api.w.org\/{rel}","templated":true}]}}