{"id":54233,"date":"2021-06-24T13:08:10","date_gmt":"2021-06-24T16:08:10","guid":{"rendered":"http:\/\/vocesdelacomuna15.com.ar\/wordpress\/?p=54233"},"modified":"2021-06-24T13:08:17","modified_gmt":"2021-06-24T16:08:17","slug":"empate-de-atlanta-con-sabor-a-victoria-ante-tigre","status":"publish","type":"post","link":"https:\/\/vocesdelacomuna15.com.ar\/press\/empate-de-atlanta-con-sabor-a-victoria-ante-tigre\/","title":{"rendered":"Empate de Atlanta con sabor a victoria ante Tigre"},"content":{"rendered":"\n<p>Tras ir perdiendo, lo igual\u00f3 Sebasti\u00e1n Riquelme con un golazo de tiro libre<\/p>\n\n\n\n<p>Ayer por la\ntarde en el D\u00eda del Futbolista, en el Jos\u00e9 Dellagiovana de Victoria, Tigre y\nAtlanta se med\u00edan en un duelo entre los dos segundos de la Zona A de la Primera\nNacional. El d\u00eda anterior Gimnasia de Mendoza hab\u00eda igualado 1 a 1 como local\nante Riestra por lo que de haber un ganador en este partido, pod\u00eda alcanzar la\npunta de la tabla.<\/p>\n\n\n\n<p>Tigre plant\u00f3\nun equipo con varios cambios y si bien Atlanta arranc\u00f3 mejor en el juego, fue\nel \u201cmatador\u201d el que se puso arriba en el marcador a los 18 minutos, despu\u00e9s de\nuna gran jugada por la banda derecha de Gonz\u00e1lez Metilli, que tir\u00f3 un centro\nfuerte que conect\u00f3 Pablo Magn\u00edn (el goleador del torneo), con algo de fortuna,\nya que pr\u00e1cticamente la pelota le rebot\u00f3 y se meti\u00f3 en el arco defendido por\nJuan Rago.<\/p>\n\n\n\n<p>En la\nsegunda etapa, Tigre pudo ampliar el marcador pero Protti desperdici\u00f3 una\nchance clara con un remate desviado y luego cuando ten\u00eda el segundo, fue\nderribado por Rago dentro del \u00e1rea al intentar esquivarlo. Fue penal y Magn\u00edn\nfue el encargado de patear. El ex Sarmiento de Jun\u00edn la pic\u00f3 y Rago sac\u00f3 el\ndisparo con los pies.<\/p>\n\n\n\n<p>Faltando\npoco m\u00e1s de 10 minutos para el final, el volante \u201cbohemio\u201d Sebasti\u00e1n Riquelme \u2013hermano\ndel famoso Rom\u00e1n que hoy cumple 43 a\u00f1os- entr\u00f3 eludiendo por la puerta del \u00e1rea\ny fue derribado. Tras ello remat\u00f3 el tiro libre y haciendo honor a su hermano,\nla clav\u00f3 en un \u00e1ngulo, desatando un gran festejo para los de Villa Crespo.<\/p>\n\n\n\n<p>Tras la\nigualdad, ambos equipos tuvieron una chance clara pero todo termin\u00f3 en un\nempate que dej\u00f3 un sabor amargo para el local y sirvi\u00f3 m\u00e1s a los dirigidos por\nWalter Erviti. En la pr\u00f3xima fecha, Atlanta recibir\u00e1 a Alvarado de Mar del\nPlata, el martes a las 15.30 horas. El puntero de la Zona A sigue siendo\nGimnasia de Mendoza con 26 puntos, mientras que Tigre y Atlanta lo siguen con\n24 unidades. El l\u00edder de la Zona B en esta categor\u00eda es G\u00fcemes de Santiago del\nEstero con 24 puntos.<\/p>\n\n\n\n<p>SINTESIS:<br>\n<br>\nTigre: Zenobio; Blondel (Compagnucci), Alarc\u00f3n, Cabrera, Prieto; Menossi,\nPrediger, Gonz\u00e1lez Mettili, Becker (Zabala); Magnin, Protti DT Mart\u00ednez<br>\n<br>\nAtlanta: Rago; Flores, P\u00e9rez, Garc\u00eda (Dramisino), Perales; Luque (L\u00f3pez),\nBol\u00edvar, Ochoa Gim\u00e9nez (Taborda), Pedroso (Riquelme), Solari (Cristian Garc\u00eda),\nColombini<br>\nDT Erviti<br>\n<br>\n\u00c1rbitro: Jorge Bali\u00f1o<br>\n<br>\nAmonestados Cabrera (T), Garc\u00eda (A) y Alarc\u00f3n (T)<\/p>\n\n\n\n<p>ARGENTINOS\nARRANC\u00d3 BIEN EN LOS AMISTOSOS:<\/p>\n\n\n\n<p>Mientras hay receso en la Primera Divisi\u00f3n, el \u201cbicho\u201d de La Paternal ya termin\u00f3 su pretemporada en el renovado CEFFA del Bajo Flores y ya disput\u00f3 sus primeros partidos amistosos con buenos resultados. El s\u00e1bado 19 de junio en el Autocr\u00e9dito Diego Armando Maradona venci\u00f3 en los dos partidos a San Telmo: el primero fue 1-0 con gol de Kevin Mac Allister de cabeza y el segundo 2-1 con dos tantos de Mateo Coronel. Ayer se midi\u00f3 con Trist\u00e1n Su\u00e1rez en el estadio 20 de Octubre y el primer partido fue empate 0-0 mientras que en el segundo los de Gabriel Milito se impusieron 2-0 con tantos de Ovando y Sosa. El arquero Lucas Chaves sufri\u00f3 un desgarro vasto interno derecho, de acuerdo al Parte M\u00e9dico informado por Argentinos Juniors en Twitter.<\/p>\n\n\n\n<figure class=\"wp-block-image\"><img loading=\"lazy\" decoding=\"async\" width=\"1024\" height=\"682\" src=\"http:\/\/vocesdelacomuna15.com.ar\/wordpress\/wp-content\/uploads\/2021\/06\/coronel2406-1024x682.jpg\" alt=\"\" class=\"wp-image-54235\" srcset=\"https:\/\/vocesdelacomuna15.com.ar\/wp-content\/uploads\/2021\/06\/coronel2406-1024x682.jpg 1024w, https:\/\/vocesdelacomuna15.com.ar\/wp-content\/uploads\/2021\/06\/coronel2406-300x200.jpg 300w, https:\/\/vocesdelacomuna15.com.ar\/wp-content\/uploads\/2021\/06\/coronel2406-768x512.jpg 768w, https:\/\/vocesdelacomuna15.com.ar\/wp-content\/uploads\/2021\/06\/coronel2406-1080x720.jpg 1080w, https:\/\/vocesdelacomuna15.com.ar\/wp-content\/uploads\/2021\/06\/coronel2406-600x400.jpg 600w, https:\/\/vocesdelacomuna15.com.ar\/wp-content\/uploads\/2021\/06\/coronel2406.jpg 1280w\" sizes=\"(max-width: 1024px) 100vw, 1024px\" \/><figcaption>Mateo Coronel marca ante San Telmo tras eludir al arquero rival<\/figcaption><\/figure>\n\n\n\n<p>FECHA LIBRE\nPARA LOS \u201cCARTEROS\u201d:<\/p>\n\n\n\n<p>En la 14\u00ba fecha de la B Metropolitana, Comunicaciones qued\u00f3 libre. Enfrentar\u00e1 por la Jornada 15 a UAI Urquiza como visitante el s\u00e1bado a las 15 horas. Los de Agronom\u00eda est\u00e1n 8vos en la tabla con 18 puntos y los punteros son Los Andes, Colegiales y J.J Urquiza, todos con 25 unidades.<br> <br> Caracteres: 3.405<\/p>\n<div class=\"pvc_clear\"><\/div><p id=\"pvc_stats_54233\" class=\"pvc_stats all  \" data-element-id=\"54233\" style=\"\"><i class=\"pvc-stats-icon small\" aria-hidden=\"true\"><svg aria-hidden=\"true\" focusable=\"false\" data-prefix=\"far\" data-icon=\"chart-bar\" role=\"img\" xmlns=\"http:\/\/www.w3.org\/2000\/svg\" viewBox=\"0 0 512 512\" class=\"svg-inline--fa fa-chart-bar fa-w-16 fa-2x\"><path fill=\"currentColor\" d=\"M396.8 352h22.4c6.4 0 12.8-6.4 12.8-12.8V108.8c0-6.4-6.4-12.8-12.8-12.8h-22.4c-6.4 0-12.8 6.4-12.8 12.8v230.4c0 6.4 6.4 12.8 12.8 12.8zm-192 0h22.4c6.4 0 12.8-6.4 12.8-12.8V140.8c0-6.4-6.4-12.8-12.8-12.8h-22.4c-6.4 0-12.8 6.4-12.8 12.8v198.4c0 6.4 6.4 12.8 12.8 12.8zm96 0h22.4c6.4 0 12.8-6.4 12.8-12.8V204.8c0-6.4-6.4-12.8-12.8-12.8h-22.4c-6.4 0-12.8 6.4-12.8 12.8v134.4c0 6.4 6.4 12.8 12.8 12.8zM496 400H48V80c0-8.84-7.16-16-16-16H16C7.16 64 0 71.16 0 80v336c0 17.67 14.33 32 32 32h464c8.84 0 16-7.16 16-16v-16c0-8.84-7.16-16-16-16zm-387.2-48h22.4c6.4 0 12.8-6.4 12.8-12.8v-70.4c0-6.4-6.4-12.8-12.8-12.8h-22.4c-6.4 0-12.8 6.4-12.8 12.8v70.4c0 6.4 6.4 12.8 12.8 12.8z\" class=\"\"><\/path><\/svg><\/i> <img loading=\"lazy\" decoding=\"async\" width=\"16\" height=\"16\" alt=\"Loading\" src=\"https:\/\/vocesdelacomuna15.com.ar\/wp-content\/plugins\/page-views-count\/ajax-loader-2x.gif\" border=0 \/><\/p><div class=\"pvc_clear\"><\/div>","protected":false},"excerpt":{"rendered":"<p>Tras ir perdiendo, lo igual\u00f3 Sebasti\u00e1n Riquelme con un golazo de tiro libre Ayer por la tarde en el D\u00eda del Futbolista, en el Jos\u00e9 Dellagiovana de Victoria, Tigre y Atlanta se med\u00edan en un duelo entre los dos segundos de la Zona A de la Primera Nacional. El d\u00eda anterior Gimnasia de Mendoza hab\u00eda [&hellip;]<\/p>\n<div class=\"pvc_clear\"><\/div>\n<p id=\"pvc_stats_54233\" class=\"pvc_stats all  \" data-element-id=\"54233\" style=\"\"><i class=\"pvc-stats-icon small\" aria-hidden=\"true\"><svg aria-hidden=\"true\" focusable=\"false\" data-prefix=\"far\" data-icon=\"chart-bar\" role=\"img\" xmlns=\"http:\/\/www.w3.org\/2000\/svg\" viewBox=\"0 0 512 512\" class=\"svg-inline--fa fa-chart-bar fa-w-16 fa-2x\"><path fill=\"currentColor\" d=\"M396.8 352h22.4c6.4 0 12.8-6.4 12.8-12.8V108.8c0-6.4-6.4-12.8-12.8-12.8h-22.4c-6.4 0-12.8 6.4-12.8 12.8v230.4c0 6.4 6.4 12.8 12.8 12.8zm-192 0h22.4c6.4 0 12.8-6.4 12.8-12.8V140.8c0-6.4-6.4-12.8-12.8-12.8h-22.4c-6.4 0-12.8 6.4-12.8 12.8v198.4c0 6.4 6.4 12.8 12.8 12.8zm96 0h22.4c6.4 0 12.8-6.4 12.8-12.8V204.8c0-6.4-6.4-12.8-12.8-12.8h-22.4c-6.4 0-12.8 6.4-12.8 12.8v134.4c0 6.4 6.4 12.8 12.8 12.8zM496 400H48V80c0-8.84-7.16-16-16-16H16C7.16 64 0 71.16 0 80v336c0 17.67 14.33 32 32 32h464c8.84 0 16-7.16 16-16v-16c0-8.84-7.16-16-16-16zm-387.2-48h22.4c6.4 0 12.8-6.4 12.8-12.8v-70.4c0-6.4-6.4-12.8-12.8-12.8h-22.4c-6.4 0-12.8 6.4-12.8 12.8v70.4c0 6.4 6.4 12.8 12.8 12.8z\" class=\"\"><\/path><\/svg><\/i> <img loading=\"lazy\" decoding=\"async\" width=\"16\" height=\"16\" alt=\"Loading\" src=\"https:\/\/vocesdelacomuna15.com.ar\/wp-content\/plugins\/page-views-count\/ajax-loader-2x.gif\" border=0 \/><\/p>\n<div class=\"pvc_clear\"><\/div>\n","protected":false},"author":2,"featured_media":54234,"comment_status":"open","ping_status":"open","sticky":false,"template":"","format":"standard","meta":{"_et_pb_use_builder":"off","_et_pb_old_content":"","_et_gb_content_width":"","footnotes":""},"categories":[6,27,29,32],"tags":[],"class_list":["post-54233","post","type-post","status-publish","format-standard","has-post-thumbnail","hentry","category-agro","category-deportes","category-lapa","category-vcre","et-has-post-format-content","et_post_format-et-post-format-standard"],"a3_pvc":{"activated":true,"total_views":212,"today_views":0},"yoast_head":"<!-- This site is optimized with the Yoast SEO plugin v27.5 - https:\/\/yoast.com\/product\/yoast-seo-wordpress\/ -->\n<title>Empate de Atlanta con sabor a victoria ante Tigre - Voces de la Comuna 15<\/title>\n<meta name=\"description\" content=\"Voces de la Comuna 15\" \/>\n<meta name=\"robots\" content=\"index, follow, max-snippet:-1, max-image-preview:large, max-video-preview:-1\" \/>\n<link rel=\"canonical\" href=\"https:\/\/vocesdelacomuna15.com.ar\/press\/empate-de-atlanta-con-sabor-a-victoria-ante-tigre\/\" \/>\n<meta property=\"og:locale\" content=\"es_ES\" \/>\n<meta property=\"og:type\" content=\"article\" \/>\n<meta property=\"og:title\" content=\"Empate de Atlanta con sabor a victoria ante Tigre - Voces de la Comuna 15\" \/>\n<meta property=\"og:description\" content=\"Voces de la Comuna 15\" \/>\n<meta property=\"og:url\" content=\"https:\/\/vocesdelacomuna15.com.ar\/press\/empate-de-atlanta-con-sabor-a-victoria-ante-tigre\/\" \/>\n<meta property=\"og:site_name\" content=\"Voces de la Comuna 15\" \/>\n<meta property=\"article:publisher\" content=\"https:\/\/www.facebook.com\/VocesComuna15\/\" \/>\n<meta property=\"article:published_time\" content=\"2021-06-24T16:08:10+00:00\" \/>\n<meta property=\"article:modified_time\" content=\"2021-06-24T16:08:17+00:00\" \/>\n<meta property=\"og:image\" content=\"https:\/\/vocesdelacomuna15.com.ar\/wp-content\/uploads\/2021\/06\/atlanta2406.jpg\" \/>\n\t<meta property=\"og:image:width\" content=\"1280\" \/>\n\t<meta property=\"og:image:height\" content=\"853\" \/>\n\t<meta property=\"og:image:type\" content=\"image\/jpeg\" \/>\n<meta name=\"author\" content=\"Federico Arguto\" \/>\n<meta name=\"twitter:card\" content=\"summary_large_image\" \/>\n<meta name=\"twitter:creator\" content=\"@vocescomuna15\" \/>\n<meta name=\"twitter:site\" content=\"@vocescomuna15\" \/>\n<meta name=\"twitter:label1\" content=\"Escrito por\" \/>\n\t<meta name=\"twitter:data1\" content=\"Federico Arguto\" \/>\n\t<meta name=\"twitter:label2\" content=\"Tiempo de lectura\" \/>\n\t<meta name=\"twitter:data2\" content=\"3 minutos\" \/>\n<script type=\"application\/ld+json\" class=\"yoast-schema-graph\">{\"@context\":\"https:\\\/\\\/schema.org\",\"@graph\":[{\"@type\":\"Article\",\"@id\":\"https:\\\/\\\/vocesdelacomuna15.com.ar\\\/press\\\/empate-de-atlanta-con-sabor-a-victoria-ante-tigre\\\/#article\",\"isPartOf\":{\"@id\":\"https:\\\/\\\/vocesdelacomuna15.com.ar\\\/press\\\/empate-de-atlanta-con-sabor-a-victoria-ante-tigre\\\/\"},\"author\":{\"name\":\"Federico Arguto\",\"@id\":\"https:\\\/\\\/vocesdelacomuna15.com.ar\\\/press\\\/#\\\/schema\\\/person\\\/4739e109db25d799cd3d139eeb509e43\"},\"headline\":\"Empate de Atlanta con sabor a victoria ante Tigre\",\"datePublished\":\"2021-06-24T16:08:10+00:00\",\"dateModified\":\"2021-06-24T16:08:17+00:00\",\"mainEntityOfPage\":{\"@id\":\"https:\\\/\\\/vocesdelacomuna15.com.ar\\\/press\\\/empate-de-atlanta-con-sabor-a-victoria-ante-tigre\\\/\"},\"wordCount\":661,\"commentCount\":0,\"publisher\":{\"@id\":\"https:\\\/\\\/vocesdelacomuna15.com.ar\\\/press\\\/#organization\"},\"image\":{\"@id\":\"https:\\\/\\\/vocesdelacomuna15.com.ar\\\/press\\\/empate-de-atlanta-con-sabor-a-victoria-ante-tigre\\\/#primaryimage\"},\"thumbnailUrl\":\"https:\\\/\\\/vocesdelacomuna15.com.ar\\\/wp-content\\\/uploads\\\/2021\\\/06\\\/atlanta2406.jpg\",\"articleSection\":[\"Agronom\u00eda\",\"Deportes\",\"La Paternal\",\"Villa Crespo\"],\"inLanguage\":\"es-AR\",\"potentialAction\":[{\"@type\":\"CommentAction\",\"name\":\"Comment\",\"target\":[\"https:\\\/\\\/vocesdelacomuna15.com.ar\\\/press\\\/empate-de-atlanta-con-sabor-a-victoria-ante-tigre\\\/#respond\"]}]},{\"@type\":\"WebPage\",\"@id\":\"https:\\\/\\\/vocesdelacomuna15.com.ar\\\/press\\\/empate-de-atlanta-con-sabor-a-victoria-ante-tigre\\\/\",\"url\":\"https:\\\/\\\/vocesdelacomuna15.com.ar\\\/press\\\/empate-de-atlanta-con-sabor-a-victoria-ante-tigre\\\/\",\"name\":\"Empate de Atlanta con sabor a victoria ante Tigre - Voces de la Comuna 15\",\"isPartOf\":{\"@id\":\"https:\\\/\\\/vocesdelacomuna15.com.ar\\\/press\\\/#website\"},\"primaryImageOfPage\":{\"@id\":\"https:\\\/\\\/vocesdelacomuna15.com.ar\\\/press\\\/empate-de-atlanta-con-sabor-a-victoria-ante-tigre\\\/#primaryimage\"},\"image\":{\"@id\":\"https:\\\/\\\/vocesdelacomuna15.com.ar\\\/press\\\/empate-de-atlanta-con-sabor-a-victoria-ante-tigre\\\/#primaryimage\"},\"thumbnailUrl\":\"https:\\\/\\\/vocesdelacomuna15.com.ar\\\/wp-content\\\/uploads\\\/2021\\\/06\\\/atlanta2406.jpg\",\"datePublished\":\"2021-06-24T16:08:10+00:00\",\"dateModified\":\"2021-06-24T16:08:17+00:00\",\"description\":\"Voces de la Comuna 15\",\"breadcrumb\":{\"@id\":\"https:\\\/\\\/vocesdelacomuna15.com.ar\\\/press\\\/empate-de-atlanta-con-sabor-a-victoria-ante-tigre\\\/#breadcrumb\"},\"inLanguage\":\"es-AR\",\"potentialAction\":[{\"@type\":\"ReadAction\",\"target\":[\"https:\\\/\\\/vocesdelacomuna15.com.ar\\\/press\\\/empate-de-atlanta-con-sabor-a-victoria-ante-tigre\\\/\"]}]},{\"@type\":\"ImageObject\",\"inLanguage\":\"es-AR\",\"@id\":\"https:\\\/\\\/vocesdelacomuna15.com.ar\\\/press\\\/empate-de-atlanta-con-sabor-a-victoria-ante-tigre\\\/#primaryimage\",\"url\":\"https:\\\/\\\/vocesdelacomuna15.com.ar\\\/wp-content\\\/uploads\\\/2021\\\/06\\\/atlanta2406.jpg\",\"contentUrl\":\"https:\\\/\\\/vocesdelacomuna15.com.ar\\\/wp-content\\\/uploads\\\/2021\\\/06\\\/atlanta2406.jpg\",\"width\":1280,\"height\":853},{\"@type\":\"BreadcrumbList\",\"@id\":\"https:\\\/\\\/vocesdelacomuna15.com.ar\\\/press\\\/empate-de-atlanta-con-sabor-a-victoria-ante-tigre\\\/#breadcrumb\",\"itemListElement\":[{\"@type\":\"ListItem\",\"position\":1,\"name\":\"Inicio\",\"item\":\"https:\\\/\\\/vocesdelacomuna15.com.ar\\\/press\\\/\"},{\"@type\":\"ListItem\",\"position\":2,\"name\":\"Empate de Atlanta con sabor a victoria ante Tigre\"}]},{\"@type\":\"WebSite\",\"@id\":\"https:\\\/\\\/vocesdelacomuna15.com.ar\\\/press\\\/#website\",\"url\":\"https:\\\/\\\/vocesdelacomuna15.com.ar\\\/press\\\/\",\"name\":\"Voces de la Comuna 15\",\"description\":\"Sitio web de noticias\",\"publisher\":{\"@id\":\"https:\\\/\\\/vocesdelacomuna15.com.ar\\\/press\\\/#organization\"},\"potentialAction\":[{\"@type\":\"SearchAction\",\"target\":{\"@type\":\"EntryPoint\",\"urlTemplate\":\"https:\\\/\\\/vocesdelacomuna15.com.ar\\\/press\\\/?s={search_term_string}\"},\"query-input\":{\"@type\":\"PropertyValueSpecification\",\"valueRequired\":true,\"valueName\":\"search_term_string\"}}],\"inLanguage\":\"es-AR\"},{\"@type\":\"Organization\",\"@id\":\"https:\\\/\\\/vocesdelacomuna15.com.ar\\\/press\\\/#organization\",\"name\":\"Voces de la Comuna 15\",\"url\":\"https:\\\/\\\/vocesdelacomuna15.com.ar\\\/press\\\/\",\"logo\":{\"@type\":\"ImageObject\",\"inLanguage\":\"es-AR\",\"@id\":\"https:\\\/\\\/vocesdelacomuna15.com.ar\\\/press\\\/#\\\/schema\\\/logo\\\/image\\\/\",\"url\":\"https:\\\/\\\/vocesdelacomuna15.com.ar\\\/wp-content\\\/uploads\\\/2024\\\/12\\\/cropped-logo_voces.jpg\",\"contentUrl\":\"https:\\\/\\\/vocesdelacomuna15.com.ar\\\/wp-content\\\/uploads\\\/2024\\\/12\\\/cropped-logo_voces.jpg\",\"width\":512,\"height\":512,\"caption\":\"Voces de la Comuna 15\"},\"image\":{\"@id\":\"https:\\\/\\\/vocesdelacomuna15.com.ar\\\/press\\\/#\\\/schema\\\/logo\\\/image\\\/\"},\"sameAs\":[\"https:\\\/\\\/www.facebook.com\\\/VocesComuna15\\\/\",\"https:\\\/\\\/x.com\\\/vocescomuna15\"]},{\"@type\":\"Person\",\"@id\":\"https:\\\/\\\/vocesdelacomuna15.com.ar\\\/press\\\/#\\\/schema\\\/person\\\/4739e109db25d799cd3d139eeb509e43\",\"name\":\"Federico Arguto\",\"image\":{\"@type\":\"ImageObject\",\"inLanguage\":\"es-AR\",\"@id\":\"https:\\\/\\\/vocesdelacomuna15.com.ar\\\/wp-content\\\/litespeed\\\/avatar\\\/82faf979976f1bae889b8b71f8a0a7e5.jpg?ver=1776814847\",\"url\":\"https:\\\/\\\/vocesdelacomuna15.com.ar\\\/wp-content\\\/litespeed\\\/avatar\\\/82faf979976f1bae889b8b71f8a0a7e5.jpg?ver=1776814847\",\"contentUrl\":\"https:\\\/\\\/vocesdelacomuna15.com.ar\\\/wp-content\\\/litespeed\\\/avatar\\\/82faf979976f1bae889b8b71f8a0a7e5.jpg?ver=1776814847\",\"caption\":\"Federico Arguto\"},\"url\":\"https:\\\/\\\/vocesdelacomuna15.com.ar\\\/press\\\/author\\\/fede\\\/\"}]}<\/script>\n<!-- \/ Yoast SEO plugin. -->","yoast_head_json":{"title":"Empate de Atlanta con sabor a victoria ante Tigre - Voces de la Comuna 15","description":"Voces de la Comuna 15","robots":{"index":"index","follow":"follow","max-snippet":"max-snippet:-1","max-image-preview":"max-image-preview:large","max-video-preview":"max-video-preview:-1"},"canonical":"https:\/\/vocesdelacomuna15.com.ar\/press\/empate-de-atlanta-con-sabor-a-victoria-ante-tigre\/","og_locale":"es_ES","og_type":"article","og_title":"Empate de Atlanta con sabor a victoria ante Tigre - Voces de la Comuna 15","og_description":"Voces de la Comuna 15","og_url":"https:\/\/vocesdelacomuna15.com.ar\/press\/empate-de-atlanta-con-sabor-a-victoria-ante-tigre\/","og_site_name":"Voces de la Comuna 15","article_publisher":"https:\/\/www.facebook.com\/VocesComuna15\/","article_published_time":"2021-06-24T16:08:10+00:00","article_modified_time":"2021-06-24T16:08:17+00:00","og_image":[{"width":1280,"height":853,"url":"https:\/\/vocesdelacomuna15.com.ar\/wp-content\/uploads\/2021\/06\/atlanta2406.jpg","type":"image\/jpeg"}],"author":"Federico Arguto","twitter_card":"summary_large_image","twitter_creator":"@vocescomuna15","twitter_site":"@vocescomuna15","twitter_misc":{"Escrito por":"Federico Arguto","Tiempo de lectura":"3 minutos"},"schema":{"@context":"https:\/\/schema.org","@graph":[{"@type":"Article","@id":"https:\/\/vocesdelacomuna15.com.ar\/press\/empate-de-atlanta-con-sabor-a-victoria-ante-tigre\/#article","isPartOf":{"@id":"https:\/\/vocesdelacomuna15.com.ar\/press\/empate-de-atlanta-con-sabor-a-victoria-ante-tigre\/"},"author":{"name":"Federico Arguto","@id":"https:\/\/vocesdelacomuna15.com.ar\/press\/#\/schema\/person\/4739e109db25d799cd3d139eeb509e43"},"headline":"Empate de Atlanta con sabor a victoria ante Tigre","datePublished":"2021-06-24T16:08:10+00:00","dateModified":"2021-06-24T16:08:17+00:00","mainEntityOfPage":{"@id":"https:\/\/vocesdelacomuna15.com.ar\/press\/empate-de-atlanta-con-sabor-a-victoria-ante-tigre\/"},"wordCount":661,"commentCount":0,"publisher":{"@id":"https:\/\/vocesdelacomuna15.com.ar\/press\/#organization"},"image":{"@id":"https:\/\/vocesdelacomuna15.com.ar\/press\/empate-de-atlanta-con-sabor-a-victoria-ante-tigre\/#primaryimage"},"thumbnailUrl":"https:\/\/vocesdelacomuna15.com.ar\/wp-content\/uploads\/2021\/06\/atlanta2406.jpg","articleSection":["Agronom\u00eda","Deportes","La Paternal","Villa Crespo"],"inLanguage":"es-AR","potentialAction":[{"@type":"CommentAction","name":"Comment","target":["https:\/\/vocesdelacomuna15.com.ar\/press\/empate-de-atlanta-con-sabor-a-victoria-ante-tigre\/#respond"]}]},{"@type":"WebPage","@id":"https:\/\/vocesdelacomuna15.com.ar\/press\/empate-de-atlanta-con-sabor-a-victoria-ante-tigre\/","url":"https:\/\/vocesdelacomuna15.com.ar\/press\/empate-de-atlanta-con-sabor-a-victoria-ante-tigre\/","name":"Empate de Atlanta con sabor a victoria ante Tigre - Voces de la Comuna 15","isPartOf":{"@id":"https:\/\/vocesdelacomuna15.com.ar\/press\/#website"},"primaryImageOfPage":{"@id":"https:\/\/vocesdelacomuna15.com.ar\/press\/empate-de-atlanta-con-sabor-a-victoria-ante-tigre\/#primaryimage"},"image":{"@id":"https:\/\/vocesdelacomuna15.com.ar\/press\/empate-de-atlanta-con-sabor-a-victoria-ante-tigre\/#primaryimage"},"thumbnailUrl":"https:\/\/vocesdelacomuna15.com.ar\/wp-content\/uploads\/2021\/06\/atlanta2406.jpg","datePublished":"2021-06-24T16:08:10+00:00","dateModified":"2021-06-24T16:08:17+00:00","description":"Voces de la Comuna 15","breadcrumb":{"@id":"https:\/\/vocesdelacomuna15.com.ar\/press\/empate-de-atlanta-con-sabor-a-victoria-ante-tigre\/#breadcrumb"},"inLanguage":"es-AR","potentialAction":[{"@type":"ReadAction","target":["https:\/\/vocesdelacomuna15.com.ar\/press\/empate-de-atlanta-con-sabor-a-victoria-ante-tigre\/"]}]},{"@type":"ImageObject","inLanguage":"es-AR","@id":"https:\/\/vocesdelacomuna15.com.ar\/press\/empate-de-atlanta-con-sabor-a-victoria-ante-tigre\/#primaryimage","url":"https:\/\/vocesdelacomuna15.com.ar\/wp-content\/uploads\/2021\/06\/atlanta2406.jpg","contentUrl":"https:\/\/vocesdelacomuna15.com.ar\/wp-content\/uploads\/2021\/06\/atlanta2406.jpg","width":1280,"height":853},{"@type":"BreadcrumbList","@id":"https:\/\/vocesdelacomuna15.com.ar\/press\/empate-de-atlanta-con-sabor-a-victoria-ante-tigre\/#breadcrumb","itemListElement":[{"@type":"ListItem","position":1,"name":"Inicio","item":"https:\/\/vocesdelacomuna15.com.ar\/press\/"},{"@type":"ListItem","position":2,"name":"Empate de Atlanta con sabor a victoria ante Tigre"}]},{"@type":"WebSite","@id":"https:\/\/vocesdelacomuna15.com.ar\/press\/#website","url":"https:\/\/vocesdelacomuna15.com.ar\/press\/","name":"Voces de la Comuna 15","description":"Sitio web de noticias","publisher":{"@id":"https:\/\/vocesdelacomuna15.com.ar\/press\/#organization"},"potentialAction":[{"@type":"SearchAction","target":{"@type":"EntryPoint","urlTemplate":"https:\/\/vocesdelacomuna15.com.ar\/press\/?s={search_term_string}"},"query-input":{"@type":"PropertyValueSpecification","valueRequired":true,"valueName":"search_term_string"}}],"inLanguage":"es-AR"},{"@type":"Organization","@id":"https:\/\/vocesdelacomuna15.com.ar\/press\/#organization","name":"Voces de la Comuna 15","url":"https:\/\/vocesdelacomuna15.com.ar\/press\/","logo":{"@type":"ImageObject","inLanguage":"es-AR","@id":"https:\/\/vocesdelacomuna15.com.ar\/press\/#\/schema\/logo\/image\/","url":"https:\/\/vocesdelacomuna15.com.ar\/wp-content\/uploads\/2024\/12\/cropped-logo_voces.jpg","contentUrl":"https:\/\/vocesdelacomuna15.com.ar\/wp-content\/uploads\/2024\/12\/cropped-logo_voces.jpg","width":512,"height":512,"caption":"Voces de la Comuna 15"},"image":{"@id":"https:\/\/vocesdelacomuna15.com.ar\/press\/#\/schema\/logo\/image\/"},"sameAs":["https:\/\/www.facebook.com\/VocesComuna15\/","https:\/\/x.com\/vocescomuna15"]},{"@type":"Person","@id":"https:\/\/vocesdelacomuna15.com.ar\/press\/#\/schema\/person\/4739e109db25d799cd3d139eeb509e43","name":"Federico Arguto","image":{"@type":"ImageObject","inLanguage":"es-AR","@id":"https:\/\/vocesdelacomuna15.com.ar\/wp-content\/litespeed\/avatar\/82faf979976f1bae889b8b71f8a0a7e5.jpg?ver=1776814847","url":"https:\/\/vocesdelacomuna15.com.ar\/wp-content\/litespeed\/avatar\/82faf979976f1bae889b8b71f8a0a7e5.jpg?ver=1776814847","contentUrl":"https:\/\/vocesdelacomuna15.com.ar\/wp-content\/litespeed\/avatar\/82faf979976f1bae889b8b71f8a0a7e5.jpg?ver=1776814847","caption":"Federico Arguto"},"url":"https:\/\/vocesdelacomuna15.com.ar\/press\/author\/fede\/"}]}},"_links":{"self":[{"href":"https:\/\/vocesdelacomuna15.com.ar\/press\/wp-json\/wp\/v2\/posts\/54233","targetHints":{"allow":["GET"]}}],"collection":[{"href":"https:\/\/vocesdelacomuna15.com.ar\/press\/wp-json\/wp\/v2\/posts"}],"about":[{"href":"https:\/\/vocesdelacomuna15.com.ar\/press\/wp-json\/wp\/v2\/types\/post"}],"author":[{"embeddable":true,"href":"https:\/\/vocesdelacomuna15.com.ar\/press\/wp-json\/wp\/v2\/users\/2"}],"replies":[{"embeddable":true,"href":"https:\/\/vocesdelacomuna15.com.ar\/press\/wp-json\/wp\/v2\/comments?post=54233"}],"version-history":[{"count":1,"href":"https:\/\/vocesdelacomuna15.com.ar\/press\/wp-json\/wp\/v2\/posts\/54233\/revisions"}],"predecessor-version":[{"id":54236,"href":"https:\/\/vocesdelacomuna15.com.ar\/press\/wp-json\/wp\/v2\/posts\/54233\/revisions\/54236"}],"wp:featuredmedia":[{"embeddable":true,"href":"https:\/\/vocesdelacomuna15.com.ar\/press\/wp-json\/wp\/v2\/media\/54234"}],"wp:attachment":[{"href":"https:\/\/vocesdelacomuna15.com.ar\/press\/wp-json\/wp\/v2\/media?parent=54233"}],"wp:term":[{"taxonomy":"category","embeddable":true,"href":"https:\/\/vocesdelacomuna15.com.ar\/press\/wp-json\/wp\/v2\/categories?post=54233"},{"taxonomy":"post_tag","embeddable":true,"href":"https:\/\/vocesdelacomuna15.com.ar\/press\/wp-json\/wp\/v2\/tags?post=54233"}],"curies":[{"name":"wp","href":"https:\/\/api.w.org\/{rel}","templated":true}]}}