{"id":54213,"date":"2021-06-21T05:15:44","date_gmt":"2021-06-21T08:15:44","guid":{"rendered":"http:\/\/vocesdelacomuna15.com.ar\/wordpress\/?p=54213"},"modified":"2021-06-21T13:03:35","modified_gmt":"2021-06-21T16:03:35","slug":"la-mejor-forma-de-buscar-propiedades-en-caba-cabaprop","status":"publish","type":"post","link":"https:\/\/vocesdelacomuna15.com.ar\/press\/la-mejor-forma-de-buscar-propiedades-en-caba-cabaprop\/","title":{"rendered":"La mejor forma de buscar propiedades en CABA: CABAPROP"},"content":{"rendered":"\n<p>CABAPROP.com.ar es el Portal inmobiliario de CUCICBA, el Colegio de los Corredores Inmobiliarios de la Ciudad Aut\u00f3noma de Buenos Aires<\/p>\n\n\n\n<p>Al ser el portal adonde solo publican los\nprofesionales matriculados (mayoritariamente con t\u00edtulo universitario) de la\nespecialidad, cuenta con el respaldo de la idoneidad de quienes los ofrecen.-<\/p>\n\n\n\n<p>En estos momentos el portal cuenta con la\noferta de Corredores Inmobiliarios Matriculados en CUCICBA, que supera el\nn\u00famero de 7000, que re\u00fane un total de 72612 propiedades, compuestas por 59763 a\nla venta, 9409 viviendas y locales en alquiler, y 3440&nbsp; alquileres temporales.-<\/p>\n\n\n\n<p>Este Portal, nacido el 3 de diciembre de\n2019, desarrollado \u00edntegramente por CUCICBA, alojado con tecnolog\u00eda de \u00faltima\ngeneraci\u00f3n en los servidores de Amazon, est\u00e1 instaur\u00e1ndose como un efectivo\nmedio de difusi\u00f3n de la oferta de propiedades de la Ciudad Aut\u00f3noma de Buenos\nAires.-<\/p>\n\n\n\n<p>CABAPROP permite a cualquier persona\ninteresada que est\u00e9 buscando propiedades, locales, oficinas, etc. acceder\nr\u00e1pidamente a miles de ofertas de toda la Ciudad Aut\u00f3noma de Buenos Aires, con\nuna moderna presentaci\u00f3n gr\u00e1fica, adaptada a tel\u00e9fonos m\u00f3viles, Tablet y PC,\nintuitiva con m\u00faltiples filtros de b\u00fasqueda, tambi\u00e9n dispone de la utilidad m\u00e1s\nusada que es la geolocalizaci\u00f3n y Street View.-<\/p>\n\n\n\n<p>\u201cCABAPROP es un gran paso para nuestro\nColegio, pero es un aporte fundamental para llevar tranquilidad a las personas\nque buscan comprar, vender o alquilar un inmueble en nuestra ciudad con la seguridad\nde saber que est\u00e1n operando con verdaderos profesionales matriculados por ley y\nque act\u00faan de manera responsable para guiarlos en uno de los momentos m\u00e1s\nimportantes de la vida de una persona: el acceso a su vivienda, negocio,\ninversi\u00f3n o proyecto\u201d comenta Armando Pepe, Presidente de CUCICBA.-<\/p>\n<div class=\"pvc_clear\"><\/div><p id=\"pvc_stats_54213\" class=\"pvc_stats all  \" data-element-id=\"54213\" style=\"\"><i class=\"pvc-stats-icon small\" aria-hidden=\"true\"><svg aria-hidden=\"true\" focusable=\"false\" data-prefix=\"far\" data-icon=\"chart-bar\" role=\"img\" xmlns=\"http:\/\/www.w3.org\/2000\/svg\" viewBox=\"0 0 512 512\" class=\"svg-inline--fa fa-chart-bar fa-w-16 fa-2x\"><path fill=\"currentColor\" d=\"M396.8 352h22.4c6.4 0 12.8-6.4 12.8-12.8V108.8c0-6.4-6.4-12.8-12.8-12.8h-22.4c-6.4 0-12.8 6.4-12.8 12.8v230.4c0 6.4 6.4 12.8 12.8 12.8zm-192 0h22.4c6.4 0 12.8-6.4 12.8-12.8V140.8c0-6.4-6.4-12.8-12.8-12.8h-22.4c-6.4 0-12.8 6.4-12.8 12.8v198.4c0 6.4 6.4 12.8 12.8 12.8zm96 0h22.4c6.4 0 12.8-6.4 12.8-12.8V204.8c0-6.4-6.4-12.8-12.8-12.8h-22.4c-6.4 0-12.8 6.4-12.8 12.8v134.4c0 6.4 6.4 12.8 12.8 12.8zM496 400H48V80c0-8.84-7.16-16-16-16H16C7.16 64 0 71.16 0 80v336c0 17.67 14.33 32 32 32h464c8.84 0 16-7.16 16-16v-16c0-8.84-7.16-16-16-16zm-387.2-48h22.4c6.4 0 12.8-6.4 12.8-12.8v-70.4c0-6.4-6.4-12.8-12.8-12.8h-22.4c-6.4 0-12.8 6.4-12.8 12.8v70.4c0 6.4 6.4 12.8 12.8 12.8z\" class=\"\"><\/path><\/svg><\/i> <img loading=\"lazy\" decoding=\"async\" width=\"16\" height=\"16\" alt=\"Loading\" src=\"https:\/\/vocesdelacomuna15.com.ar\/wp-content\/plugins\/page-views-count\/ajax-loader-2x.gif\" border=0 \/><\/p><div class=\"pvc_clear\"><\/div>","protected":false},"excerpt":{"rendered":"<p>CABAPROP.com.ar es el Portal inmobiliario de CUCICBA, el Colegio de los Corredores Inmobiliarios de la Ciudad Aut\u00f3noma de Buenos Aires Al ser el portal adonde solo publican los profesionales matriculados (mayoritariamente con t\u00edtulo universitario) de la especialidad, cuenta con el respaldo de la idoneidad de quienes los ofrecen.- En estos momentos el portal cuenta con [&hellip;]<\/p>\n<div class=\"pvc_clear\"><\/div>\n<p id=\"pvc_stats_54213\" class=\"pvc_stats all  \" data-element-id=\"54213\" style=\"\"><i class=\"pvc-stats-icon small\" aria-hidden=\"true\"><svg aria-hidden=\"true\" focusable=\"false\" data-prefix=\"far\" data-icon=\"chart-bar\" role=\"img\" xmlns=\"http:\/\/www.w3.org\/2000\/svg\" viewBox=\"0 0 512 512\" class=\"svg-inline--fa fa-chart-bar fa-w-16 fa-2x\"><path fill=\"currentColor\" d=\"M396.8 352h22.4c6.4 0 12.8-6.4 12.8-12.8V108.8c0-6.4-6.4-12.8-12.8-12.8h-22.4c-6.4 0-12.8 6.4-12.8 12.8v230.4c0 6.4 6.4 12.8 12.8 12.8zm-192 0h22.4c6.4 0 12.8-6.4 12.8-12.8V140.8c0-6.4-6.4-12.8-12.8-12.8h-22.4c-6.4 0-12.8 6.4-12.8 12.8v198.4c0 6.4 6.4 12.8 12.8 12.8zm96 0h22.4c6.4 0 12.8-6.4 12.8-12.8V204.8c0-6.4-6.4-12.8-12.8-12.8h-22.4c-6.4 0-12.8 6.4-12.8 12.8v134.4c0 6.4 6.4 12.8 12.8 12.8zM496 400H48V80c0-8.84-7.16-16-16-16H16C7.16 64 0 71.16 0 80v336c0 17.67 14.33 32 32 32h464c8.84 0 16-7.16 16-16v-16c0-8.84-7.16-16-16-16zm-387.2-48h22.4c6.4 0 12.8-6.4 12.8-12.8v-70.4c0-6.4-6.4-12.8-12.8-12.8h-22.4c-6.4 0-12.8 6.4-12.8 12.8v70.4c0 6.4 6.4 12.8 12.8 12.8z\" class=\"\"><\/path><\/svg><\/i> <img loading=\"lazy\" decoding=\"async\" width=\"16\" height=\"16\" alt=\"Loading\" src=\"https:\/\/vocesdelacomuna15.com.ar\/wp-content\/plugins\/page-views-count\/ajax-loader-2x.gif\" border=0 \/><\/p>\n<div class=\"pvc_clear\"><\/div>\n","protected":false},"author":2,"featured_media":54218,"comment_status":"open","ping_status":"open","sticky":false,"template":"","format":"standard","meta":{"_et_pb_use_builder":"off","_et_pb_old_content":"","_et_gb_content_width":"","footnotes":""},"categories":[26],"tags":[],"class_list":["post-54213","post","type-post","status-publish","format-standard","has-post-thumbnail","hentry","category-ciudad","et-has-post-format-content","et_post_format-et-post-format-standard"],"a3_pvc":{"activated":true,"total_views":255,"today_views":0},"yoast_head":"<!-- This site is optimized with the Yoast SEO plugin v27.5 - https:\/\/yoast.com\/product\/yoast-seo-wordpress\/ -->\n<title>La mejor forma de buscar propiedades en CABA: CABAPROP - Voces de la Comuna 15<\/title>\n<meta name=\"description\" content=\"Voces de la Comuna 15\" \/>\n<meta name=\"robots\" content=\"index, follow, max-snippet:-1, max-image-preview:large, max-video-preview:-1\" \/>\n<link rel=\"canonical\" href=\"https:\/\/vocesdelacomuna15.com.ar\/press\/la-mejor-forma-de-buscar-propiedades-en-caba-cabaprop\/\" \/>\n<meta property=\"og:locale\" content=\"es_ES\" \/>\n<meta property=\"og:type\" content=\"article\" \/>\n<meta property=\"og:title\" content=\"La mejor forma de buscar propiedades en CABA: CABAPROP - Voces de la Comuna 15\" \/>\n<meta property=\"og:description\" content=\"Voces de la Comuna 15\" \/>\n<meta property=\"og:url\" content=\"https:\/\/vocesdelacomuna15.com.ar\/press\/la-mejor-forma-de-buscar-propiedades-en-caba-cabaprop\/\" \/>\n<meta property=\"og:site_name\" content=\"Voces de la Comuna 15\" \/>\n<meta property=\"article:publisher\" content=\"https:\/\/www.facebook.com\/VocesComuna15\/\" \/>\n<meta property=\"article:published_time\" content=\"2021-06-21T08:15:44+00:00\" \/>\n<meta property=\"article:modified_time\" content=\"2021-06-21T16:03:35+00:00\" \/>\n<meta property=\"og:image\" content=\"https:\/\/vocesdelacomuna15.com.ar\/wp-content\/uploads\/2021\/06\/cabarec.png\" \/>\n\t<meta property=\"og:image:width\" content=\"1338\" \/>\n\t<meta property=\"og:image:height\" content=\"301\" \/>\n\t<meta property=\"og:image:type\" content=\"image\/png\" \/>\n<meta name=\"author\" content=\"Federico Arguto\" \/>\n<meta name=\"twitter:card\" content=\"summary_large_image\" \/>\n<meta name=\"twitter:creator\" content=\"@vocescomuna15\" \/>\n<meta name=\"twitter:site\" content=\"@vocescomuna15\" \/>\n<meta name=\"twitter:label1\" content=\"Escrito por\" \/>\n\t<meta name=\"twitter:data1\" content=\"Federico Arguto\" \/>\n\t<meta name=\"twitter:label2\" content=\"Tiempo de lectura\" \/>\n\t<meta name=\"twitter:data2\" content=\"1 minuto\" \/>\n<script type=\"application\/ld+json\" class=\"yoast-schema-graph\">{\"@context\":\"https:\\\/\\\/schema.org\",\"@graph\":[{\"@type\":\"Article\",\"@id\":\"https:\\\/\\\/vocesdelacomuna15.com.ar\\\/press\\\/la-mejor-forma-de-buscar-propiedades-en-caba-cabaprop\\\/#article\",\"isPartOf\":{\"@id\":\"https:\\\/\\\/vocesdelacomuna15.com.ar\\\/press\\\/la-mejor-forma-de-buscar-propiedades-en-caba-cabaprop\\\/\"},\"author\":{\"name\":\"Federico Arguto\",\"@id\":\"https:\\\/\\\/vocesdelacomuna15.com.ar\\\/press\\\/#\\\/schema\\\/person\\\/4739e109db25d799cd3d139eeb509e43\"},\"headline\":\"La mejor forma de buscar propiedades en CABA: CABAPROP\",\"datePublished\":\"2021-06-21T08:15:44+00:00\",\"dateModified\":\"2021-06-21T16:03:35+00:00\",\"mainEntityOfPage\":{\"@id\":\"https:\\\/\\\/vocesdelacomuna15.com.ar\\\/press\\\/la-mejor-forma-de-buscar-propiedades-en-caba-cabaprop\\\/\"},\"wordCount\":308,\"commentCount\":0,\"publisher\":{\"@id\":\"https:\\\/\\\/vocesdelacomuna15.com.ar\\\/press\\\/#organization\"},\"image\":{\"@id\":\"https:\\\/\\\/vocesdelacomuna15.com.ar\\\/press\\\/la-mejor-forma-de-buscar-propiedades-en-caba-cabaprop\\\/#primaryimage\"},\"thumbnailUrl\":\"https:\\\/\\\/vocesdelacomuna15.com.ar\\\/wp-content\\\/uploads\\\/2021\\\/06\\\/cabarec.png\",\"articleSection\":[\"Ciudad\"],\"inLanguage\":\"es-AR\",\"potentialAction\":[{\"@type\":\"CommentAction\",\"name\":\"Comment\",\"target\":[\"https:\\\/\\\/vocesdelacomuna15.com.ar\\\/press\\\/la-mejor-forma-de-buscar-propiedades-en-caba-cabaprop\\\/#respond\"]}]},{\"@type\":\"WebPage\",\"@id\":\"https:\\\/\\\/vocesdelacomuna15.com.ar\\\/press\\\/la-mejor-forma-de-buscar-propiedades-en-caba-cabaprop\\\/\",\"url\":\"https:\\\/\\\/vocesdelacomuna15.com.ar\\\/press\\\/la-mejor-forma-de-buscar-propiedades-en-caba-cabaprop\\\/\",\"name\":\"La mejor forma de buscar propiedades en CABA: CABAPROP - Voces de la Comuna 15\",\"isPartOf\":{\"@id\":\"https:\\\/\\\/vocesdelacomuna15.com.ar\\\/press\\\/#website\"},\"primaryImageOfPage\":{\"@id\":\"https:\\\/\\\/vocesdelacomuna15.com.ar\\\/press\\\/la-mejor-forma-de-buscar-propiedades-en-caba-cabaprop\\\/#primaryimage\"},\"image\":{\"@id\":\"https:\\\/\\\/vocesdelacomuna15.com.ar\\\/press\\\/la-mejor-forma-de-buscar-propiedades-en-caba-cabaprop\\\/#primaryimage\"},\"thumbnailUrl\":\"https:\\\/\\\/vocesdelacomuna15.com.ar\\\/wp-content\\\/uploads\\\/2021\\\/06\\\/cabarec.png\",\"datePublished\":\"2021-06-21T08:15:44+00:00\",\"dateModified\":\"2021-06-21T16:03:35+00:00\",\"description\":\"Voces de la Comuna 15\",\"breadcrumb\":{\"@id\":\"https:\\\/\\\/vocesdelacomuna15.com.ar\\\/press\\\/la-mejor-forma-de-buscar-propiedades-en-caba-cabaprop\\\/#breadcrumb\"},\"inLanguage\":\"es-AR\",\"potentialAction\":[{\"@type\":\"ReadAction\",\"target\":[\"https:\\\/\\\/vocesdelacomuna15.com.ar\\\/press\\\/la-mejor-forma-de-buscar-propiedades-en-caba-cabaprop\\\/\"]}]},{\"@type\":\"ImageObject\",\"inLanguage\":\"es-AR\",\"@id\":\"https:\\\/\\\/vocesdelacomuna15.com.ar\\\/press\\\/la-mejor-forma-de-buscar-propiedades-en-caba-cabaprop\\\/#primaryimage\",\"url\":\"https:\\\/\\\/vocesdelacomuna15.com.ar\\\/wp-content\\\/uploads\\\/2021\\\/06\\\/cabarec.png\",\"contentUrl\":\"https:\\\/\\\/vocesdelacomuna15.com.ar\\\/wp-content\\\/uploads\\\/2021\\\/06\\\/cabarec.png\",\"width\":1338,\"height\":301},{\"@type\":\"BreadcrumbList\",\"@id\":\"https:\\\/\\\/vocesdelacomuna15.com.ar\\\/press\\\/la-mejor-forma-de-buscar-propiedades-en-caba-cabaprop\\\/#breadcrumb\",\"itemListElement\":[{\"@type\":\"ListItem\",\"position\":1,\"name\":\"Inicio\",\"item\":\"https:\\\/\\\/vocesdelacomuna15.com.ar\\\/press\\\/\"},{\"@type\":\"ListItem\",\"position\":2,\"name\":\"La mejor forma de buscar propiedades en CABA: CABAPROP\"}]},{\"@type\":\"WebSite\",\"@id\":\"https:\\\/\\\/vocesdelacomuna15.com.ar\\\/press\\\/#website\",\"url\":\"https:\\\/\\\/vocesdelacomuna15.com.ar\\\/press\\\/\",\"name\":\"Voces de la Comuna 15\",\"description\":\"Sitio web de noticias\",\"publisher\":{\"@id\":\"https:\\\/\\\/vocesdelacomuna15.com.ar\\\/press\\\/#organization\"},\"potentialAction\":[{\"@type\":\"SearchAction\",\"target\":{\"@type\":\"EntryPoint\",\"urlTemplate\":\"https:\\\/\\\/vocesdelacomuna15.com.ar\\\/press\\\/?s={search_term_string}\"},\"query-input\":{\"@type\":\"PropertyValueSpecification\",\"valueRequired\":true,\"valueName\":\"search_term_string\"}}],\"inLanguage\":\"es-AR\"},{\"@type\":\"Organization\",\"@id\":\"https:\\\/\\\/vocesdelacomuna15.com.ar\\\/press\\\/#organization\",\"name\":\"Voces de la Comuna 15\",\"url\":\"https:\\\/\\\/vocesdelacomuna15.com.ar\\\/press\\\/\",\"logo\":{\"@type\":\"ImageObject\",\"inLanguage\":\"es-AR\",\"@id\":\"https:\\\/\\\/vocesdelacomuna15.com.ar\\\/press\\\/#\\\/schema\\\/logo\\\/image\\\/\",\"url\":\"https:\\\/\\\/vocesdelacomuna15.com.ar\\\/wp-content\\\/uploads\\\/2024\\\/12\\\/cropped-logo_voces.jpg\",\"contentUrl\":\"https:\\\/\\\/vocesdelacomuna15.com.ar\\\/wp-content\\\/uploads\\\/2024\\\/12\\\/cropped-logo_voces.jpg\",\"width\":512,\"height\":512,\"caption\":\"Voces de la Comuna 15\"},\"image\":{\"@id\":\"https:\\\/\\\/vocesdelacomuna15.com.ar\\\/press\\\/#\\\/schema\\\/logo\\\/image\\\/\"},\"sameAs\":[\"https:\\\/\\\/www.facebook.com\\\/VocesComuna15\\\/\",\"https:\\\/\\\/x.com\\\/vocescomuna15\"]},{\"@type\":\"Person\",\"@id\":\"https:\\\/\\\/vocesdelacomuna15.com.ar\\\/press\\\/#\\\/schema\\\/person\\\/4739e109db25d799cd3d139eeb509e43\",\"name\":\"Federico Arguto\",\"image\":{\"@type\":\"ImageObject\",\"inLanguage\":\"es-AR\",\"@id\":\"https:\\\/\\\/vocesdelacomuna15.com.ar\\\/wp-content\\\/litespeed\\\/avatar\\\/82faf979976f1bae889b8b71f8a0a7e5.jpg?ver=1776814847\",\"url\":\"https:\\\/\\\/vocesdelacomuna15.com.ar\\\/wp-content\\\/litespeed\\\/avatar\\\/82faf979976f1bae889b8b71f8a0a7e5.jpg?ver=1776814847\",\"contentUrl\":\"https:\\\/\\\/vocesdelacomuna15.com.ar\\\/wp-content\\\/litespeed\\\/avatar\\\/82faf979976f1bae889b8b71f8a0a7e5.jpg?ver=1776814847\",\"caption\":\"Federico Arguto\"},\"url\":\"https:\\\/\\\/vocesdelacomuna15.com.ar\\\/press\\\/author\\\/fede\\\/\"}]}<\/script>\n<!-- \/ Yoast SEO plugin. -->","yoast_head_json":{"title":"La mejor forma de buscar propiedades en CABA: CABAPROP - Voces de la Comuna 15","description":"Voces de la Comuna 15","robots":{"index":"index","follow":"follow","max-snippet":"max-snippet:-1","max-image-preview":"max-image-preview:large","max-video-preview":"max-video-preview:-1"},"canonical":"https:\/\/vocesdelacomuna15.com.ar\/press\/la-mejor-forma-de-buscar-propiedades-en-caba-cabaprop\/","og_locale":"es_ES","og_type":"article","og_title":"La mejor forma de buscar propiedades en CABA: CABAPROP - Voces de la Comuna 15","og_description":"Voces de la Comuna 15","og_url":"https:\/\/vocesdelacomuna15.com.ar\/press\/la-mejor-forma-de-buscar-propiedades-en-caba-cabaprop\/","og_site_name":"Voces de la Comuna 15","article_publisher":"https:\/\/www.facebook.com\/VocesComuna15\/","article_published_time":"2021-06-21T08:15:44+00:00","article_modified_time":"2021-06-21T16:03:35+00:00","og_image":[{"width":1338,"height":301,"url":"https:\/\/vocesdelacomuna15.com.ar\/wp-content\/uploads\/2021\/06\/cabarec.png","type":"image\/png"}],"author":"Federico Arguto","twitter_card":"summary_large_image","twitter_creator":"@vocescomuna15","twitter_site":"@vocescomuna15","twitter_misc":{"Escrito por":"Federico Arguto","Tiempo de lectura":"1 minuto"},"schema":{"@context":"https:\/\/schema.org","@graph":[{"@type":"Article","@id":"https:\/\/vocesdelacomuna15.com.ar\/press\/la-mejor-forma-de-buscar-propiedades-en-caba-cabaprop\/#article","isPartOf":{"@id":"https:\/\/vocesdelacomuna15.com.ar\/press\/la-mejor-forma-de-buscar-propiedades-en-caba-cabaprop\/"},"author":{"name":"Federico Arguto","@id":"https:\/\/vocesdelacomuna15.com.ar\/press\/#\/schema\/person\/4739e109db25d799cd3d139eeb509e43"},"headline":"La mejor forma de buscar propiedades en CABA: CABAPROP","datePublished":"2021-06-21T08:15:44+00:00","dateModified":"2021-06-21T16:03:35+00:00","mainEntityOfPage":{"@id":"https:\/\/vocesdelacomuna15.com.ar\/press\/la-mejor-forma-de-buscar-propiedades-en-caba-cabaprop\/"},"wordCount":308,"commentCount":0,"publisher":{"@id":"https:\/\/vocesdelacomuna15.com.ar\/press\/#organization"},"image":{"@id":"https:\/\/vocesdelacomuna15.com.ar\/press\/la-mejor-forma-de-buscar-propiedades-en-caba-cabaprop\/#primaryimage"},"thumbnailUrl":"https:\/\/vocesdelacomuna15.com.ar\/wp-content\/uploads\/2021\/06\/cabarec.png","articleSection":["Ciudad"],"inLanguage":"es-AR","potentialAction":[{"@type":"CommentAction","name":"Comment","target":["https:\/\/vocesdelacomuna15.com.ar\/press\/la-mejor-forma-de-buscar-propiedades-en-caba-cabaprop\/#respond"]}]},{"@type":"WebPage","@id":"https:\/\/vocesdelacomuna15.com.ar\/press\/la-mejor-forma-de-buscar-propiedades-en-caba-cabaprop\/","url":"https:\/\/vocesdelacomuna15.com.ar\/press\/la-mejor-forma-de-buscar-propiedades-en-caba-cabaprop\/","name":"La mejor forma de buscar propiedades en CABA: CABAPROP - Voces de la Comuna 15","isPartOf":{"@id":"https:\/\/vocesdelacomuna15.com.ar\/press\/#website"},"primaryImageOfPage":{"@id":"https:\/\/vocesdelacomuna15.com.ar\/press\/la-mejor-forma-de-buscar-propiedades-en-caba-cabaprop\/#primaryimage"},"image":{"@id":"https:\/\/vocesdelacomuna15.com.ar\/press\/la-mejor-forma-de-buscar-propiedades-en-caba-cabaprop\/#primaryimage"},"thumbnailUrl":"https:\/\/vocesdelacomuna15.com.ar\/wp-content\/uploads\/2021\/06\/cabarec.png","datePublished":"2021-06-21T08:15:44+00:00","dateModified":"2021-06-21T16:03:35+00:00","description":"Voces de la Comuna 15","breadcrumb":{"@id":"https:\/\/vocesdelacomuna15.com.ar\/press\/la-mejor-forma-de-buscar-propiedades-en-caba-cabaprop\/#breadcrumb"},"inLanguage":"es-AR","potentialAction":[{"@type":"ReadAction","target":["https:\/\/vocesdelacomuna15.com.ar\/press\/la-mejor-forma-de-buscar-propiedades-en-caba-cabaprop\/"]}]},{"@type":"ImageObject","inLanguage":"es-AR","@id":"https:\/\/vocesdelacomuna15.com.ar\/press\/la-mejor-forma-de-buscar-propiedades-en-caba-cabaprop\/#primaryimage","url":"https:\/\/vocesdelacomuna15.com.ar\/wp-content\/uploads\/2021\/06\/cabarec.png","contentUrl":"https:\/\/vocesdelacomuna15.com.ar\/wp-content\/uploads\/2021\/06\/cabarec.png","width":1338,"height":301},{"@type":"BreadcrumbList","@id":"https:\/\/vocesdelacomuna15.com.ar\/press\/la-mejor-forma-de-buscar-propiedades-en-caba-cabaprop\/#breadcrumb","itemListElement":[{"@type":"ListItem","position":1,"name":"Inicio","item":"https:\/\/vocesdelacomuna15.com.ar\/press\/"},{"@type":"ListItem","position":2,"name":"La mejor forma de buscar propiedades en CABA: CABAPROP"}]},{"@type":"WebSite","@id":"https:\/\/vocesdelacomuna15.com.ar\/press\/#website","url":"https:\/\/vocesdelacomuna15.com.ar\/press\/","name":"Voces de la Comuna 15","description":"Sitio web de noticias","publisher":{"@id":"https:\/\/vocesdelacomuna15.com.ar\/press\/#organization"},"potentialAction":[{"@type":"SearchAction","target":{"@type":"EntryPoint","urlTemplate":"https:\/\/vocesdelacomuna15.com.ar\/press\/?s={search_term_string}"},"query-input":{"@type":"PropertyValueSpecification","valueRequired":true,"valueName":"search_term_string"}}],"inLanguage":"es-AR"},{"@type":"Organization","@id":"https:\/\/vocesdelacomuna15.com.ar\/press\/#organization","name":"Voces de la Comuna 15","url":"https:\/\/vocesdelacomuna15.com.ar\/press\/","logo":{"@type":"ImageObject","inLanguage":"es-AR","@id":"https:\/\/vocesdelacomuna15.com.ar\/press\/#\/schema\/logo\/image\/","url":"https:\/\/vocesdelacomuna15.com.ar\/wp-content\/uploads\/2024\/12\/cropped-logo_voces.jpg","contentUrl":"https:\/\/vocesdelacomuna15.com.ar\/wp-content\/uploads\/2024\/12\/cropped-logo_voces.jpg","width":512,"height":512,"caption":"Voces de la Comuna 15"},"image":{"@id":"https:\/\/vocesdelacomuna15.com.ar\/press\/#\/schema\/logo\/image\/"},"sameAs":["https:\/\/www.facebook.com\/VocesComuna15\/","https:\/\/x.com\/vocescomuna15"]},{"@type":"Person","@id":"https:\/\/vocesdelacomuna15.com.ar\/press\/#\/schema\/person\/4739e109db25d799cd3d139eeb509e43","name":"Federico Arguto","image":{"@type":"ImageObject","inLanguage":"es-AR","@id":"https:\/\/vocesdelacomuna15.com.ar\/wp-content\/litespeed\/avatar\/82faf979976f1bae889b8b71f8a0a7e5.jpg?ver=1776814847","url":"https:\/\/vocesdelacomuna15.com.ar\/wp-content\/litespeed\/avatar\/82faf979976f1bae889b8b71f8a0a7e5.jpg?ver=1776814847","contentUrl":"https:\/\/vocesdelacomuna15.com.ar\/wp-content\/litespeed\/avatar\/82faf979976f1bae889b8b71f8a0a7e5.jpg?ver=1776814847","caption":"Federico Arguto"},"url":"https:\/\/vocesdelacomuna15.com.ar\/press\/author\/fede\/"}]}},"_links":{"self":[{"href":"https:\/\/vocesdelacomuna15.com.ar\/press\/wp-json\/wp\/v2\/posts\/54213","targetHints":{"allow":["GET"]}}],"collection":[{"href":"https:\/\/vocesdelacomuna15.com.ar\/press\/wp-json\/wp\/v2\/posts"}],"about":[{"href":"https:\/\/vocesdelacomuna15.com.ar\/press\/wp-json\/wp\/v2\/types\/post"}],"author":[{"embeddable":true,"href":"https:\/\/vocesdelacomuna15.com.ar\/press\/wp-json\/wp\/v2\/users\/2"}],"replies":[{"embeddable":true,"href":"https:\/\/vocesdelacomuna15.com.ar\/press\/wp-json\/wp\/v2\/comments?post=54213"}],"version-history":[{"count":1,"href":"https:\/\/vocesdelacomuna15.com.ar\/press\/wp-json\/wp\/v2\/posts\/54213\/revisions"}],"predecessor-version":[{"id":54215,"href":"https:\/\/vocesdelacomuna15.com.ar\/press\/wp-json\/wp\/v2\/posts\/54213\/revisions\/54215"}],"wp:featuredmedia":[{"embeddable":true,"href":"https:\/\/vocesdelacomuna15.com.ar\/press\/wp-json\/wp\/v2\/media\/54218"}],"wp:attachment":[{"href":"https:\/\/vocesdelacomuna15.com.ar\/press\/wp-json\/wp\/v2\/media?parent=54213"}],"wp:term":[{"taxonomy":"category","embeddable":true,"href":"https:\/\/vocesdelacomuna15.com.ar\/press\/wp-json\/wp\/v2\/categories?post=54213"},{"taxonomy":"post_tag","embeddable":true,"href":"https:\/\/vocesdelacomuna15.com.ar\/press\/wp-json\/wp\/v2\/tags?post=54213"}],"curies":[{"name":"wp","href":"https:\/\/api.w.org\/{rel}","templated":true}]}}