{"id":54204,"date":"2021-06-18T16:38:26","date_gmt":"2021-06-18T19:38:26","guid":{"rendered":"http:\/\/vocesdelacomuna15.com.ar\/wordpress\/?p=54204"},"modified":"2021-06-18T16:42:49","modified_gmt":"2021-06-18T19:42:49","slug":"argentinos-juniors-lleva-adelante-su-pretemporada-en-el-renovado-predio-del-ceffa","status":"publish","type":"post","link":"https:\/\/vocesdelacomuna15.com.ar\/press\/argentinos-juniors-lleva-adelante-su-pretemporada-en-el-renovado-predio-del-ceffa\/","title":{"rendered":"Argentinos Juniors lleva adelante su pretemporada en el renovado predio del CEFFA"},"content":{"rendered":"\n<p>Empez\u00f3 el 9 de junio. Por primera vez en su historia el &#8220;bicho&#8221; hace la pretemporada en un predio propio<\/p>\n\n\n\n<p>Mientras la Primera Divisi\u00f3n est\u00e1 en receso tras la finalizaci\u00f3n de la Copa Liga Profesional 2021, que gan\u00f3 Col\u00f3n de Santa Fe, y al tiempo que la selecci\u00f3n nacional est\u00e1 disputando la Copa Am\u00e9rica en Brasil; &nbsp;Argentinos Juniors est\u00e1 llevando a cabo la pretemporada hasta el s\u00e1bado 19 en el renovado predio del CEFFA (Centro de Entrenamiento y Formaci\u00f3n para el F\u00fatbol Amateur). Despu\u00e9s de una licencia al plantel, el martes 8 se hicieron hisopados y estudios m\u00e9dicos y el mi\u00e9rcoles 9 comenzaron los entrenamientos.<\/p>\n\n\n\n<figure class=\"wp-block-image is-resized\"><img loading=\"lazy\" decoding=\"async\" src=\"http:\/\/vocesdelacomuna15.com.ar\/wordpress\/wp-content\/uploads\/2021\/06\/ceffa2-768x1024.jpg\" alt=\"\" class=\"wp-image-54207\" width=\"576\" height=\"768\" srcset=\"https:\/\/vocesdelacomuna15.com.ar\/wp-content\/uploads\/2021\/06\/ceffa2-768x1024.jpg 768w, https:\/\/vocesdelacomuna15.com.ar\/wp-content\/uploads\/2021\/06\/ceffa2-225x300.jpg 225w, https:\/\/vocesdelacomuna15.com.ar\/wp-content\/uploads\/2021\/06\/ceffa2-600x800.jpg 600w, https:\/\/vocesdelacomuna15.com.ar\/wp-content\/uploads\/2021\/06\/ceffa2.jpg 867w\" sizes=\"(max-width: 576px) 100vw, 576px\" \/><\/figure>\n\n\n\n<p>El equipo dirigido por Gabriel Milito cont\u00f3 con la presencia de Enzo Kalinski, el primer refuerzo y de juveniles promovidos de la reserva: Mat\u00edas Godoy y Lautaro Ovando y Mat\u00edas Lugo, que firm\u00f3 su primer contrato profesional hasta fines de 2024. Tras nuevos hisopados negativos en esta semana, se confirm\u00f3 el primer amistoso de pretemporada, a disputarse ma\u00f1ana (s\u00e1bado 19) a las 9 de la ma\u00f1ana ante San Telmo en el Estadio Autocr\u00e9dito Diego Armando Maradona.<\/p>\n\n\n\n<figure class=\"wp-block-image\"><img loading=\"lazy\" decoding=\"async\" width=\"1024\" height=\"682\" src=\"http:\/\/vocesdelacomuna15.com.ar\/wordpress\/wp-content\/uploads\/2021\/06\/ceffa3-1024x682.jpg\" alt=\"\" class=\"wp-image-54208\" srcset=\"https:\/\/vocesdelacomuna15.com.ar\/wp-content\/uploads\/2021\/06\/ceffa3-1024x682.jpg 1024w, https:\/\/vocesdelacomuna15.com.ar\/wp-content\/uploads\/2021\/06\/ceffa3-300x200.jpg 300w, https:\/\/vocesdelacomuna15.com.ar\/wp-content\/uploads\/2021\/06\/ceffa3-768x512.jpg 768w, https:\/\/vocesdelacomuna15.com.ar\/wp-content\/uploads\/2021\/06\/ceffa3-1080x720.jpg 1080w, https:\/\/vocesdelacomuna15.com.ar\/wp-content\/uploads\/2021\/06\/ceffa3-600x400.jpg 600w, https:\/\/vocesdelacomuna15.com.ar\/wp-content\/uploads\/2021\/06\/ceffa3.jpg 1280w\" sizes=\"(max-width: 1024px) 100vw, 1024px\" \/><\/figure>\n\n\n\n<p>A\u00fan no hay fecha definida para el comienzo del pr\u00f3ximo torneo y de la Copa Argentina (El \u201cbicho\u201d debe disputar octavos de final ante Gimnasia de La Plata) pero s\u00ed de reanudaci\u00f3n de la Copa Libertadores. Este torneo volver\u00e1 el 13 de julio y Argentinos jugar\u00e1 como visitante ante River el 14 de ese mes, por los octavos de final de la m\u00e1xima competencia de clubes de Sudam\u00e9rica; definiendo el cruce el 21 de julio en La Paternal.<\/p>\n\n\n\n<figure class=\"wp-block-image\"><img loading=\"lazy\" decoding=\"async\" width=\"773\" height=\"380\" src=\"http:\/\/vocesdelacomuna15.com.ar\/wordpress\/wp-content\/uploads\/2021\/06\/ceffa-entrada.jpg\" alt=\"\" class=\"wp-image-54211\" srcset=\"https:\/\/vocesdelacomuna15.com.ar\/wp-content\/uploads\/2021\/06\/ceffa-entrada.jpg 773w, https:\/\/vocesdelacomuna15.com.ar\/wp-content\/uploads\/2021\/06\/ceffa-entrada-300x147.jpg 300w, https:\/\/vocesdelacomuna15.com.ar\/wp-content\/uploads\/2021\/06\/ceffa-entrada-768x378.jpg 768w, https:\/\/vocesdelacomuna15.com.ar\/wp-content\/uploads\/2021\/06\/ceffa-entrada-600x295.jpg 600w\" sizes=\"(max-width: 773px) 100vw, 773px\" \/><\/figure>\n\n\n\n<p>El predio del CEFFA, que empez\u00f3 a planificarse en 2015, cuenta hoy con 9 canchas y con un hotel con todos los servicios de 7.000 m2. Est\u00e1 ubicado en Avenida Lafuente 1937, en el Bajo Flores. Esta semana el predio fue visitado por el ex jugador del \u201cbicho\u201d Alexis Mac Allister (hoy en Brighton Hove &amp; Albion de la Premier League inglesa), que fue recibido por el presidente de Argentinos, Cristian Malaspina..<\/p>\n\n\n\n<figure class=\"wp-block-image\"><img loading=\"lazy\" decoding=\"async\" width=\"1024\" height=\"682\" src=\"http:\/\/vocesdelacomuna15.com.ar\/wordpress\/wp-content\/uploads\/2021\/06\/malaspina-y-alexis-1024x682.jpg\" alt=\"\" class=\"wp-image-54206\" srcset=\"https:\/\/vocesdelacomuna15.com.ar\/wp-content\/uploads\/2021\/06\/malaspina-y-alexis-1024x682.jpg 1024w, https:\/\/vocesdelacomuna15.com.ar\/wp-content\/uploads\/2021\/06\/malaspina-y-alexis-300x200.jpg 300w, https:\/\/vocesdelacomuna15.com.ar\/wp-content\/uploads\/2021\/06\/malaspina-y-alexis-768x512.jpg 768w, https:\/\/vocesdelacomuna15.com.ar\/wp-content\/uploads\/2021\/06\/malaspina-y-alexis-1080x720.jpg 1080w, https:\/\/vocesdelacomuna15.com.ar\/wp-content\/uploads\/2021\/06\/malaspina-y-alexis-600x400.jpg 600w, https:\/\/vocesdelacomuna15.com.ar\/wp-content\/uploads\/2021\/06\/malaspina-y-alexis.jpg 1280w\" sizes=\"(max-width: 1024px) 100vw, 1024px\" \/><\/figure>\n\n\n\n<p>El dirigente redact\u00f3 esta carta en alusi\u00f3n al complet\u00edsimo predio del club, que se public\u00f3 en la web de Argentinos Juniors y en redes sociales:<\/p>\n\n\n\n<p><strong>A la familia de Argentinos<\/strong><\/p>\n\n\n\n<p>Disfrutemos este\npresente que vivimos, no solo por los objetivos que se van cumpliendo en lo\ndeportivo, sino tambi\u00e9n por algo para m\u00ed mucho m\u00e1s importante, que es la consolidaci\u00f3n\ninstitucional, construyendo bases s\u00f3lidas que le den al club una estabilidad y\nun crecimiento sostenido en el tiempo.<\/p>\n\n\n\n<p>En estos 5 a\u00f1os de\ngesti\u00f3n hemos pasado momentos terribles y muy dif\u00edciles de superar, pero con\nmucho esfuerzo lo hemos logrado.&nbsp;<\/p>\n\n\n\n<p>Hay algo que siempre\nnos cost\u00f3 conseguir y era el hecho de darle un salto de calidad de\nentrenamiento a nuestras divisiones inferiores y al f\u00fatbol profesional. Los\njuveniles perd\u00edan el 30% de los entrenamientos al a\u00f1o por no tener superficies\nsint\u00e9ticas que les permitan entrenar los d\u00edas de lluvia y los posteriores, y el\nfutbol profesional, al no tener un lugar propio, viv\u00edamos deambulando de predio\nen predio sin poder entrenar en condiciones ideales para las exigencias\ndeportivas que tenemos en la actualidad todos los clubes de primera divisi\u00f3n.<\/p>\n\n\n\n<p>Antes de asumir en\n2015, presid\u00eda nuestra Comisi\u00f3n de Obras el Arquitecto Rub\u00e9n Orestes Fern\u00e1ndez,\nquien tuvo la tarea de dise\u00f1ar un m\u00e1ster plan para cada uno de los predios del\nclub. Hoy \u201cel arqui\u201d no est\u00e1 entre nosotros, pero sus proyectos fueron de\ninspiraci\u00f3n para que muchos a\u00f1os despu\u00e9s comenz\u00e1ramos a dise\u00f1ar la obra del hoy\nterminado Complejo de F\u00fatbol Profesional.<\/p>\n\n\n\n<p>Tambi\u00e9n quiero\ndecirles que las declaraciones constantes de Diego Maradona en relaci\u00f3n a su\nenojo con el club porque con su venta se realizaron canchas de tenis sin hacer ni\nuna cancha de f\u00fatbol retumbaban todo el tiempo en mi cabeza.<\/p>\n\n\n\n<p>A partir de 2017, en\nplena crisis econ\u00f3mica del club y estando en la B Nacional comenzamos a viajar\npor Espa\u00f1a, Italia, Inglaterra, Holanda, Alemania, Brasil y recorrimos el\npredio de AFA. Todos estos viajes no solo ayudaron a tener contacto con los\nclubes y posicionar nuestros jugadores que despu\u00e9s fueron vendidos y con ese\ndinero se pudiera pagar la deuda de casi 20 millones de d\u00f3lares que ten\u00edamos\ncuando asumimos, sino que tambi\u00e9n sirvieron para ver c\u00f3mo estaban dise\u00f1ados\nesos predios de primer mundo.<\/p>\n\n\n\n<p>Gracias a esos viajes\ny la visita al predio de la AFA, pudimos ponerle condiciones al arquitecto Juan\nPablo Radic que tuvo a cargo esta maravillosa obra. Todos los ambientes\ndeber\u00edan dar a las canchas, el vestuario local deber\u00eda tener sus accesos\nexclusivos y obligatorios a la sala m\u00e9dica, kinesiolog\u00eda, nutrici\u00f3n, sala\nh\u00fameda fr\u00eda y caliente, saunas y el gimnasio. Estos espacios son su mundo en el\npredio, sin que nada los moleste.<\/p>\n\n\n\n<p>La pandemia no nos\npermiti\u00f3 aun hacer la fiesta de inauguraci\u00f3n del predio, pero lo importante es\nque a partir del 9 de junio del 2021, Argentinos Juniors por primera vez en su\nhistoria har\u00e1 una pretemporada en un predio propio que consta de 9 canchas y un\nhotel con todos los servicios de 7000 m2.<\/p>\n\n\n\n<p>Esta obra se empez\u00f3 a\ndibujar en 2015, y la pudimos empezar a ejecutar en 2019; 2 a\u00f1os y medio\ndespu\u00e9s la estamos inaugurando. Nada es imposible.<\/p>\n\n\n\n<p>Me hubiera encantado\nhacer esta inauguraci\u00f3n teniendo presente al \u201carqui\u201d y a \u201cPelusa\u201d, uno para que\nvea que sus primeros dibujos hoy son una realidad y el otro para que sepa que\nArgentinos Juniors sald\u00f3 la deuda con \u00e9l y cumple su deseo de tener un complejo\nfutbol\u00edstico de primer nivel.&nbsp; Seguramente ambos est\u00e1n muy felices mirando\ndesde arriba como crece el club.<\/p>\n\n\n\n<p>Los pr\u00f3ximos pasos de\nla gesti\u00f3n ser\u00e1n llevar adelante el m\u00e1ster plan en el estadio y tambi\u00e9n en\nMalvinas.<\/p>\n\n\n\n<p>Como digo siempre las\nventas de jugadores hay que festejarlas, las mismas traen crecimiento\ninstitucional. Debemos seguir pensando en grande e ir en busca de nuestros\nsue\u00f1os para tener un club cada d\u00eda m\u00e1s grande. Hacer las cosas bien o mal\nrequieren siempre el mismo tiempo y esfuerzo, solamente hay que poner la\ngesti\u00f3n para ir todos los d\u00edas por algo m\u00e1s importante. No hay que relajarse.<\/p>\n\n\n\n<p>\u00a1Vamos por m\u00e1s!<\/p>\n\n\n\n<p><strong>Cristian Malaspina<\/strong><br>Presidente de Argentinos Juniors.<\/p>\n\n\n\n<p>Video del CEFFA difundido en redes sociales:<\/p>\n\n\n\n<figure class=\"wp-block-embed-youtube wp-block-embed is-type-video is-provider-youtube wp-embed-aspect-16-9 wp-has-aspect-ratio\"><div class=\"wp-block-embed__wrapper\">\n<iframe loading=\"lazy\" title=\"Centro de F\u00fatbol Profesional - Argentinos Juniors\" width=\"1080\" height=\"608\" src=\"https:\/\/www.youtube.com\/embed\/y8ZfyMoV4UI?feature=oembed\" frameborder=\"0\" allow=\"accelerometer; autoplay; clipboard-write; encrypted-media; gyroscope; picture-in-picture\" allowfullscreen><\/iframe>\n<\/div><figcaption>Redes oficiales de Argentinos Juniors: www.argentinosjuniors.com.ar www.facebook.com\/AAAJOficial www.twitter.com\/AAAJOficial www.instagram.com\/AAAJOficial <\/figcaption><\/figure>\n\n\n\n<p>Caracteres: 5.878<\/p>\n\n\n\n<p>Fotos: Prensa AAAJ y Argentinosjuniors.com.ar<\/p>\n<div class=\"pvc_clear\"><\/div><p id=\"pvc_stats_54204\" class=\"pvc_stats all  \" data-element-id=\"54204\" style=\"\"><i class=\"pvc-stats-icon small\" aria-hidden=\"true\"><svg aria-hidden=\"true\" focusable=\"false\" data-prefix=\"far\" data-icon=\"chart-bar\" role=\"img\" xmlns=\"http:\/\/www.w3.org\/2000\/svg\" viewBox=\"0 0 512 512\" class=\"svg-inline--fa fa-chart-bar fa-w-16 fa-2x\"><path fill=\"currentColor\" d=\"M396.8 352h22.4c6.4 0 12.8-6.4 12.8-12.8V108.8c0-6.4-6.4-12.8-12.8-12.8h-22.4c-6.4 0-12.8 6.4-12.8 12.8v230.4c0 6.4 6.4 12.8 12.8 12.8zm-192 0h22.4c6.4 0 12.8-6.4 12.8-12.8V140.8c0-6.4-6.4-12.8-12.8-12.8h-22.4c-6.4 0-12.8 6.4-12.8 12.8v198.4c0 6.4 6.4 12.8 12.8 12.8zm96 0h22.4c6.4 0 12.8-6.4 12.8-12.8V204.8c0-6.4-6.4-12.8-12.8-12.8h-22.4c-6.4 0-12.8 6.4-12.8 12.8v134.4c0 6.4 6.4 12.8 12.8 12.8zM496 400H48V80c0-8.84-7.16-16-16-16H16C7.16 64 0 71.16 0 80v336c0 17.67 14.33 32 32 32h464c8.84 0 16-7.16 16-16v-16c0-8.84-7.16-16-16-16zm-387.2-48h22.4c6.4 0 12.8-6.4 12.8-12.8v-70.4c0-6.4-6.4-12.8-12.8-12.8h-22.4c-6.4 0-12.8 6.4-12.8 12.8v70.4c0 6.4 6.4 12.8 12.8 12.8z\" class=\"\"><\/path><\/svg><\/i> <img loading=\"lazy\" decoding=\"async\" width=\"16\" height=\"16\" alt=\"Loading\" src=\"https:\/\/vocesdelacomuna15.com.ar\/wp-content\/plugins\/page-views-count\/ajax-loader-2x.gif\" border=0 \/><\/p><div class=\"pvc_clear\"><\/div>","protected":false},"excerpt":{"rendered":"<p>Empez\u00f3 el 9 de junio. Por primera vez en su historia el &#8220;bicho&#8221; hace la pretemporada en un predio propio Mientras la Primera Divisi\u00f3n est\u00e1 en receso tras la finalizaci\u00f3n de la Copa Liga Profesional 2021, que gan\u00f3 Col\u00f3n de Santa Fe, y al tiempo que la selecci\u00f3n nacional est\u00e1 disputando la Copa Am\u00e9rica en [&hellip;]<\/p>\n<div class=\"pvc_clear\"><\/div>\n<p id=\"pvc_stats_54204\" class=\"pvc_stats all  \" data-element-id=\"54204\" style=\"\"><i class=\"pvc-stats-icon small\" aria-hidden=\"true\"><svg aria-hidden=\"true\" focusable=\"false\" data-prefix=\"far\" data-icon=\"chart-bar\" role=\"img\" xmlns=\"http:\/\/www.w3.org\/2000\/svg\" viewBox=\"0 0 512 512\" class=\"svg-inline--fa fa-chart-bar fa-w-16 fa-2x\"><path fill=\"currentColor\" d=\"M396.8 352h22.4c6.4 0 12.8-6.4 12.8-12.8V108.8c0-6.4-6.4-12.8-12.8-12.8h-22.4c-6.4 0-12.8 6.4-12.8 12.8v230.4c0 6.4 6.4 12.8 12.8 12.8zm-192 0h22.4c6.4 0 12.8-6.4 12.8-12.8V140.8c0-6.4-6.4-12.8-12.8-12.8h-22.4c-6.4 0-12.8 6.4-12.8 12.8v198.4c0 6.4 6.4 12.8 12.8 12.8zm96 0h22.4c6.4 0 12.8-6.4 12.8-12.8V204.8c0-6.4-6.4-12.8-12.8-12.8h-22.4c-6.4 0-12.8 6.4-12.8 12.8v134.4c0 6.4 6.4 12.8 12.8 12.8zM496 400H48V80c0-8.84-7.16-16-16-16H16C7.16 64 0 71.16 0 80v336c0 17.67 14.33 32 32 32h464c8.84 0 16-7.16 16-16v-16c0-8.84-7.16-16-16-16zm-387.2-48h22.4c6.4 0 12.8-6.4 12.8-12.8v-70.4c0-6.4-6.4-12.8-12.8-12.8h-22.4c-6.4 0-12.8 6.4-12.8 12.8v70.4c0 6.4 6.4 12.8 12.8 12.8z\" class=\"\"><\/path><\/svg><\/i> <img loading=\"lazy\" decoding=\"async\" width=\"16\" height=\"16\" alt=\"Loading\" src=\"https:\/\/vocesdelacomuna15.com.ar\/wp-content\/plugins\/page-views-count\/ajax-loader-2x.gif\" border=0 \/><\/p>\n<div class=\"pvc_clear\"><\/div>\n","protected":false},"author":2,"featured_media":54205,"comment_status":"open","ping_status":"open","sticky":false,"template":"","format":"standard","meta":{"_et_pb_use_builder":"off","_et_pb_old_content":"","_et_gb_content_width":"","footnotes":""},"categories":[27,29],"tags":[],"class_list":["post-54204","post","type-post","status-publish","format-standard","has-post-thumbnail","hentry","category-deportes","category-lapa","et-has-post-format-content","et_post_format-et-post-format-standard"],"a3_pvc":{"activated":true,"total_views":703,"today_views":0},"yoast_head":"<!-- This site is optimized with the Yoast SEO plugin v27.5 - https:\/\/yoast.com\/product\/yoast-seo-wordpress\/ -->\n<title>Argentinos Juniors lleva adelante su pretemporada en el renovado predio del CEFFA - Voces de la Comuna 15<\/title>\n<meta name=\"description\" content=\"Voces de la Comuna 15\" \/>\n<meta name=\"robots\" content=\"index, follow, max-snippet:-1, max-image-preview:large, max-video-preview:-1\" \/>\n<link rel=\"canonical\" href=\"https:\/\/vocesdelacomuna15.com.ar\/press\/argentinos-juniors-lleva-adelante-su-pretemporada-en-el-renovado-predio-del-ceffa\/\" \/>\n<meta property=\"og:locale\" content=\"es_ES\" \/>\n<meta property=\"og:type\" content=\"article\" \/>\n<meta property=\"og:title\" content=\"Argentinos Juniors lleva adelante su pretemporada en el renovado predio del CEFFA - Voces de la Comuna 15\" \/>\n<meta property=\"og:description\" content=\"Voces de la Comuna 15\" \/>\n<meta property=\"og:url\" content=\"https:\/\/vocesdelacomuna15.com.ar\/press\/argentinos-juniors-lleva-adelante-su-pretemporada-en-el-renovado-predio-del-ceffa\/\" \/>\n<meta property=\"og:site_name\" content=\"Voces de la Comuna 15\" \/>\n<meta property=\"article:publisher\" content=\"https:\/\/www.facebook.com\/VocesComuna15\/\" \/>\n<meta property=\"article:published_time\" content=\"2021-06-18T19:38:26+00:00\" \/>\n<meta property=\"article:modified_time\" content=\"2021-06-18T19:42:49+00:00\" \/>\n<meta property=\"og:image\" content=\"https:\/\/vocesdelacomuna15.com.ar\/wp-content\/uploads\/2021\/06\/ceffa1.jpg\" \/>\n\t<meta property=\"og:image:width\" content=\"867\" \/>\n\t<meta property=\"og:image:height\" content=\"1156\" \/>\n\t<meta property=\"og:image:type\" content=\"image\/jpeg\" \/>\n<meta name=\"author\" content=\"Federico Arguto\" \/>\n<meta name=\"twitter:card\" content=\"summary_large_image\" \/>\n<meta name=\"twitter:creator\" content=\"@vocescomuna15\" \/>\n<meta name=\"twitter:site\" content=\"@vocescomuna15\" \/>\n<meta name=\"twitter:label1\" content=\"Escrito por\" \/>\n\t<meta name=\"twitter:data1\" content=\"Federico Arguto\" \/>\n\t<meta name=\"twitter:label2\" content=\"Tiempo de lectura\" \/>\n\t<meta name=\"twitter:data2\" content=\"6 minutos\" \/>\n<script type=\"application\/ld+json\" class=\"yoast-schema-graph\">{\"@context\":\"https:\\\/\\\/schema.org\",\"@graph\":[{\"@type\":\"Article\",\"@id\":\"https:\\\/\\\/vocesdelacomuna15.com.ar\\\/press\\\/argentinos-juniors-lleva-adelante-su-pretemporada-en-el-renovado-predio-del-ceffa\\\/#article\",\"isPartOf\":{\"@id\":\"https:\\\/\\\/vocesdelacomuna15.com.ar\\\/press\\\/argentinos-juniors-lleva-adelante-su-pretemporada-en-el-renovado-predio-del-ceffa\\\/\"},\"author\":{\"name\":\"Federico Arguto\",\"@id\":\"https:\\\/\\\/vocesdelacomuna15.com.ar\\\/press\\\/#\\\/schema\\\/person\\\/4739e109db25d799cd3d139eeb509e43\"},\"headline\":\"Argentinos Juniors lleva adelante su pretemporada en el renovado predio del CEFFA\",\"datePublished\":\"2021-06-18T19:38:26+00:00\",\"dateModified\":\"2021-06-18T19:42:49+00:00\",\"mainEntityOfPage\":{\"@id\":\"https:\\\/\\\/vocesdelacomuna15.com.ar\\\/press\\\/argentinos-juniors-lleva-adelante-su-pretemporada-en-el-renovado-predio-del-ceffa\\\/\"},\"wordCount\":1142,\"commentCount\":0,\"publisher\":{\"@id\":\"https:\\\/\\\/vocesdelacomuna15.com.ar\\\/press\\\/#organization\"},\"image\":{\"@id\":\"https:\\\/\\\/vocesdelacomuna15.com.ar\\\/press\\\/argentinos-juniors-lleva-adelante-su-pretemporada-en-el-renovado-predio-del-ceffa\\\/#primaryimage\"},\"thumbnailUrl\":\"https:\\\/\\\/vocesdelacomuna15.com.ar\\\/wp-content\\\/uploads\\\/2021\\\/06\\\/ceffa1.jpg\",\"articleSection\":[\"Deportes\",\"La Paternal\"],\"inLanguage\":\"es-AR\",\"potentialAction\":[{\"@type\":\"CommentAction\",\"name\":\"Comment\",\"target\":[\"https:\\\/\\\/vocesdelacomuna15.com.ar\\\/press\\\/argentinos-juniors-lleva-adelante-su-pretemporada-en-el-renovado-predio-del-ceffa\\\/#respond\"]}]},{\"@type\":\"WebPage\",\"@id\":\"https:\\\/\\\/vocesdelacomuna15.com.ar\\\/press\\\/argentinos-juniors-lleva-adelante-su-pretemporada-en-el-renovado-predio-del-ceffa\\\/\",\"url\":\"https:\\\/\\\/vocesdelacomuna15.com.ar\\\/press\\\/argentinos-juniors-lleva-adelante-su-pretemporada-en-el-renovado-predio-del-ceffa\\\/\",\"name\":\"Argentinos Juniors lleva adelante su pretemporada en el renovado predio del CEFFA - Voces de la Comuna 15\",\"isPartOf\":{\"@id\":\"https:\\\/\\\/vocesdelacomuna15.com.ar\\\/press\\\/#website\"},\"primaryImageOfPage\":{\"@id\":\"https:\\\/\\\/vocesdelacomuna15.com.ar\\\/press\\\/argentinos-juniors-lleva-adelante-su-pretemporada-en-el-renovado-predio-del-ceffa\\\/#primaryimage\"},\"image\":{\"@id\":\"https:\\\/\\\/vocesdelacomuna15.com.ar\\\/press\\\/argentinos-juniors-lleva-adelante-su-pretemporada-en-el-renovado-predio-del-ceffa\\\/#primaryimage\"},\"thumbnailUrl\":\"https:\\\/\\\/vocesdelacomuna15.com.ar\\\/wp-content\\\/uploads\\\/2021\\\/06\\\/ceffa1.jpg\",\"datePublished\":\"2021-06-18T19:38:26+00:00\",\"dateModified\":\"2021-06-18T19:42:49+00:00\",\"description\":\"Voces de la Comuna 15\",\"breadcrumb\":{\"@id\":\"https:\\\/\\\/vocesdelacomuna15.com.ar\\\/press\\\/argentinos-juniors-lleva-adelante-su-pretemporada-en-el-renovado-predio-del-ceffa\\\/#breadcrumb\"},\"inLanguage\":\"es-AR\",\"potentialAction\":[{\"@type\":\"ReadAction\",\"target\":[\"https:\\\/\\\/vocesdelacomuna15.com.ar\\\/press\\\/argentinos-juniors-lleva-adelante-su-pretemporada-en-el-renovado-predio-del-ceffa\\\/\"]}]},{\"@type\":\"ImageObject\",\"inLanguage\":\"es-AR\",\"@id\":\"https:\\\/\\\/vocesdelacomuna15.com.ar\\\/press\\\/argentinos-juniors-lleva-adelante-su-pretemporada-en-el-renovado-predio-del-ceffa\\\/#primaryimage\",\"url\":\"https:\\\/\\\/vocesdelacomuna15.com.ar\\\/wp-content\\\/uploads\\\/2021\\\/06\\\/ceffa1.jpg\",\"contentUrl\":\"https:\\\/\\\/vocesdelacomuna15.com.ar\\\/wp-content\\\/uploads\\\/2021\\\/06\\\/ceffa1.jpg\",\"width\":867,\"height\":1156},{\"@type\":\"BreadcrumbList\",\"@id\":\"https:\\\/\\\/vocesdelacomuna15.com.ar\\\/press\\\/argentinos-juniors-lleva-adelante-su-pretemporada-en-el-renovado-predio-del-ceffa\\\/#breadcrumb\",\"itemListElement\":[{\"@type\":\"ListItem\",\"position\":1,\"name\":\"Inicio\",\"item\":\"https:\\\/\\\/vocesdelacomuna15.com.ar\\\/press\\\/\"},{\"@type\":\"ListItem\",\"position\":2,\"name\":\"Argentinos Juniors lleva adelante su pretemporada en el renovado predio del CEFFA\"}]},{\"@type\":\"WebSite\",\"@id\":\"https:\\\/\\\/vocesdelacomuna15.com.ar\\\/press\\\/#website\",\"url\":\"https:\\\/\\\/vocesdelacomuna15.com.ar\\\/press\\\/\",\"name\":\"Voces de la Comuna 15\",\"description\":\"Sitio web de noticias\",\"publisher\":{\"@id\":\"https:\\\/\\\/vocesdelacomuna15.com.ar\\\/press\\\/#organization\"},\"potentialAction\":[{\"@type\":\"SearchAction\",\"target\":{\"@type\":\"EntryPoint\",\"urlTemplate\":\"https:\\\/\\\/vocesdelacomuna15.com.ar\\\/press\\\/?s={search_term_string}\"},\"query-input\":{\"@type\":\"PropertyValueSpecification\",\"valueRequired\":true,\"valueName\":\"search_term_string\"}}],\"inLanguage\":\"es-AR\"},{\"@type\":\"Organization\",\"@id\":\"https:\\\/\\\/vocesdelacomuna15.com.ar\\\/press\\\/#organization\",\"name\":\"Voces de la Comuna 15\",\"url\":\"https:\\\/\\\/vocesdelacomuna15.com.ar\\\/press\\\/\",\"logo\":{\"@type\":\"ImageObject\",\"inLanguage\":\"es-AR\",\"@id\":\"https:\\\/\\\/vocesdelacomuna15.com.ar\\\/press\\\/#\\\/schema\\\/logo\\\/image\\\/\",\"url\":\"https:\\\/\\\/vocesdelacomuna15.com.ar\\\/wp-content\\\/uploads\\\/2024\\\/12\\\/cropped-logo_voces.jpg\",\"contentUrl\":\"https:\\\/\\\/vocesdelacomuna15.com.ar\\\/wp-content\\\/uploads\\\/2024\\\/12\\\/cropped-logo_voces.jpg\",\"width\":512,\"height\":512,\"caption\":\"Voces de la Comuna 15\"},\"image\":{\"@id\":\"https:\\\/\\\/vocesdelacomuna15.com.ar\\\/press\\\/#\\\/schema\\\/logo\\\/image\\\/\"},\"sameAs\":[\"https:\\\/\\\/www.facebook.com\\\/VocesComuna15\\\/\",\"https:\\\/\\\/x.com\\\/vocescomuna15\"]},{\"@type\":\"Person\",\"@id\":\"https:\\\/\\\/vocesdelacomuna15.com.ar\\\/press\\\/#\\\/schema\\\/person\\\/4739e109db25d799cd3d139eeb509e43\",\"name\":\"Federico Arguto\",\"image\":{\"@type\":\"ImageObject\",\"inLanguage\":\"es-AR\",\"@id\":\"https:\\\/\\\/vocesdelacomuna15.com.ar\\\/wp-content\\\/litespeed\\\/avatar\\\/82faf979976f1bae889b8b71f8a0a7e5.jpg?ver=1776814847\",\"url\":\"https:\\\/\\\/vocesdelacomuna15.com.ar\\\/wp-content\\\/litespeed\\\/avatar\\\/82faf979976f1bae889b8b71f8a0a7e5.jpg?ver=1776814847\",\"contentUrl\":\"https:\\\/\\\/vocesdelacomuna15.com.ar\\\/wp-content\\\/litespeed\\\/avatar\\\/82faf979976f1bae889b8b71f8a0a7e5.jpg?ver=1776814847\",\"caption\":\"Federico Arguto\"},\"url\":\"https:\\\/\\\/vocesdelacomuna15.com.ar\\\/press\\\/author\\\/fede\\\/\"}]}<\/script>\n<!-- \/ Yoast SEO plugin. -->","yoast_head_json":{"title":"Argentinos Juniors lleva adelante su pretemporada en el renovado predio del CEFFA - Voces de la Comuna 15","description":"Voces de la Comuna 15","robots":{"index":"index","follow":"follow","max-snippet":"max-snippet:-1","max-image-preview":"max-image-preview:large","max-video-preview":"max-video-preview:-1"},"canonical":"https:\/\/vocesdelacomuna15.com.ar\/press\/argentinos-juniors-lleva-adelante-su-pretemporada-en-el-renovado-predio-del-ceffa\/","og_locale":"es_ES","og_type":"article","og_title":"Argentinos Juniors lleva adelante su pretemporada en el renovado predio del CEFFA - Voces de la Comuna 15","og_description":"Voces de la Comuna 15","og_url":"https:\/\/vocesdelacomuna15.com.ar\/press\/argentinos-juniors-lleva-adelante-su-pretemporada-en-el-renovado-predio-del-ceffa\/","og_site_name":"Voces de la Comuna 15","article_publisher":"https:\/\/www.facebook.com\/VocesComuna15\/","article_published_time":"2021-06-18T19:38:26+00:00","article_modified_time":"2021-06-18T19:42:49+00:00","og_image":[{"width":867,"height":1156,"url":"https:\/\/vocesdelacomuna15.com.ar\/wp-content\/uploads\/2021\/06\/ceffa1.jpg","type":"image\/jpeg"}],"author":"Federico Arguto","twitter_card":"summary_large_image","twitter_creator":"@vocescomuna15","twitter_site":"@vocescomuna15","twitter_misc":{"Escrito por":"Federico Arguto","Tiempo de lectura":"6 minutos"},"schema":{"@context":"https:\/\/schema.org","@graph":[{"@type":"Article","@id":"https:\/\/vocesdelacomuna15.com.ar\/press\/argentinos-juniors-lleva-adelante-su-pretemporada-en-el-renovado-predio-del-ceffa\/#article","isPartOf":{"@id":"https:\/\/vocesdelacomuna15.com.ar\/press\/argentinos-juniors-lleva-adelante-su-pretemporada-en-el-renovado-predio-del-ceffa\/"},"author":{"name":"Federico Arguto","@id":"https:\/\/vocesdelacomuna15.com.ar\/press\/#\/schema\/person\/4739e109db25d799cd3d139eeb509e43"},"headline":"Argentinos Juniors lleva adelante su pretemporada en el renovado predio del CEFFA","datePublished":"2021-06-18T19:38:26+00:00","dateModified":"2021-06-18T19:42:49+00:00","mainEntityOfPage":{"@id":"https:\/\/vocesdelacomuna15.com.ar\/press\/argentinos-juniors-lleva-adelante-su-pretemporada-en-el-renovado-predio-del-ceffa\/"},"wordCount":1142,"commentCount":0,"publisher":{"@id":"https:\/\/vocesdelacomuna15.com.ar\/press\/#organization"},"image":{"@id":"https:\/\/vocesdelacomuna15.com.ar\/press\/argentinos-juniors-lleva-adelante-su-pretemporada-en-el-renovado-predio-del-ceffa\/#primaryimage"},"thumbnailUrl":"https:\/\/vocesdelacomuna15.com.ar\/wp-content\/uploads\/2021\/06\/ceffa1.jpg","articleSection":["Deportes","La Paternal"],"inLanguage":"es-AR","potentialAction":[{"@type":"CommentAction","name":"Comment","target":["https:\/\/vocesdelacomuna15.com.ar\/press\/argentinos-juniors-lleva-adelante-su-pretemporada-en-el-renovado-predio-del-ceffa\/#respond"]}]},{"@type":"WebPage","@id":"https:\/\/vocesdelacomuna15.com.ar\/press\/argentinos-juniors-lleva-adelante-su-pretemporada-en-el-renovado-predio-del-ceffa\/","url":"https:\/\/vocesdelacomuna15.com.ar\/press\/argentinos-juniors-lleva-adelante-su-pretemporada-en-el-renovado-predio-del-ceffa\/","name":"Argentinos Juniors lleva adelante su pretemporada en el renovado predio del CEFFA - Voces de la Comuna 15","isPartOf":{"@id":"https:\/\/vocesdelacomuna15.com.ar\/press\/#website"},"primaryImageOfPage":{"@id":"https:\/\/vocesdelacomuna15.com.ar\/press\/argentinos-juniors-lleva-adelante-su-pretemporada-en-el-renovado-predio-del-ceffa\/#primaryimage"},"image":{"@id":"https:\/\/vocesdelacomuna15.com.ar\/press\/argentinos-juniors-lleva-adelante-su-pretemporada-en-el-renovado-predio-del-ceffa\/#primaryimage"},"thumbnailUrl":"https:\/\/vocesdelacomuna15.com.ar\/wp-content\/uploads\/2021\/06\/ceffa1.jpg","datePublished":"2021-06-18T19:38:26+00:00","dateModified":"2021-06-18T19:42:49+00:00","description":"Voces de la Comuna 15","breadcrumb":{"@id":"https:\/\/vocesdelacomuna15.com.ar\/press\/argentinos-juniors-lleva-adelante-su-pretemporada-en-el-renovado-predio-del-ceffa\/#breadcrumb"},"inLanguage":"es-AR","potentialAction":[{"@type":"ReadAction","target":["https:\/\/vocesdelacomuna15.com.ar\/press\/argentinos-juniors-lleva-adelante-su-pretemporada-en-el-renovado-predio-del-ceffa\/"]}]},{"@type":"ImageObject","inLanguage":"es-AR","@id":"https:\/\/vocesdelacomuna15.com.ar\/press\/argentinos-juniors-lleva-adelante-su-pretemporada-en-el-renovado-predio-del-ceffa\/#primaryimage","url":"https:\/\/vocesdelacomuna15.com.ar\/wp-content\/uploads\/2021\/06\/ceffa1.jpg","contentUrl":"https:\/\/vocesdelacomuna15.com.ar\/wp-content\/uploads\/2021\/06\/ceffa1.jpg","width":867,"height":1156},{"@type":"BreadcrumbList","@id":"https:\/\/vocesdelacomuna15.com.ar\/press\/argentinos-juniors-lleva-adelante-su-pretemporada-en-el-renovado-predio-del-ceffa\/#breadcrumb","itemListElement":[{"@type":"ListItem","position":1,"name":"Inicio","item":"https:\/\/vocesdelacomuna15.com.ar\/press\/"},{"@type":"ListItem","position":2,"name":"Argentinos Juniors lleva adelante su pretemporada en el renovado predio del CEFFA"}]},{"@type":"WebSite","@id":"https:\/\/vocesdelacomuna15.com.ar\/press\/#website","url":"https:\/\/vocesdelacomuna15.com.ar\/press\/","name":"Voces de la Comuna 15","description":"Sitio web de noticias","publisher":{"@id":"https:\/\/vocesdelacomuna15.com.ar\/press\/#organization"},"potentialAction":[{"@type":"SearchAction","target":{"@type":"EntryPoint","urlTemplate":"https:\/\/vocesdelacomuna15.com.ar\/press\/?s={search_term_string}"},"query-input":{"@type":"PropertyValueSpecification","valueRequired":true,"valueName":"search_term_string"}}],"inLanguage":"es-AR"},{"@type":"Organization","@id":"https:\/\/vocesdelacomuna15.com.ar\/press\/#organization","name":"Voces de la Comuna 15","url":"https:\/\/vocesdelacomuna15.com.ar\/press\/","logo":{"@type":"ImageObject","inLanguage":"es-AR","@id":"https:\/\/vocesdelacomuna15.com.ar\/press\/#\/schema\/logo\/image\/","url":"https:\/\/vocesdelacomuna15.com.ar\/wp-content\/uploads\/2024\/12\/cropped-logo_voces.jpg","contentUrl":"https:\/\/vocesdelacomuna15.com.ar\/wp-content\/uploads\/2024\/12\/cropped-logo_voces.jpg","width":512,"height":512,"caption":"Voces de la Comuna 15"},"image":{"@id":"https:\/\/vocesdelacomuna15.com.ar\/press\/#\/schema\/logo\/image\/"},"sameAs":["https:\/\/www.facebook.com\/VocesComuna15\/","https:\/\/x.com\/vocescomuna15"]},{"@type":"Person","@id":"https:\/\/vocesdelacomuna15.com.ar\/press\/#\/schema\/person\/4739e109db25d799cd3d139eeb509e43","name":"Federico Arguto","image":{"@type":"ImageObject","inLanguage":"es-AR","@id":"https:\/\/vocesdelacomuna15.com.ar\/wp-content\/litespeed\/avatar\/82faf979976f1bae889b8b71f8a0a7e5.jpg?ver=1776814847","url":"https:\/\/vocesdelacomuna15.com.ar\/wp-content\/litespeed\/avatar\/82faf979976f1bae889b8b71f8a0a7e5.jpg?ver=1776814847","contentUrl":"https:\/\/vocesdelacomuna15.com.ar\/wp-content\/litespeed\/avatar\/82faf979976f1bae889b8b71f8a0a7e5.jpg?ver=1776814847","caption":"Federico Arguto"},"url":"https:\/\/vocesdelacomuna15.com.ar\/press\/author\/fede\/"}]}},"_links":{"self":[{"href":"https:\/\/vocesdelacomuna15.com.ar\/press\/wp-json\/wp\/v2\/posts\/54204","targetHints":{"allow":["GET"]}}],"collection":[{"href":"https:\/\/vocesdelacomuna15.com.ar\/press\/wp-json\/wp\/v2\/posts"}],"about":[{"href":"https:\/\/vocesdelacomuna15.com.ar\/press\/wp-json\/wp\/v2\/types\/post"}],"author":[{"embeddable":true,"href":"https:\/\/vocesdelacomuna15.com.ar\/press\/wp-json\/wp\/v2\/users\/2"}],"replies":[{"embeddable":true,"href":"https:\/\/vocesdelacomuna15.com.ar\/press\/wp-json\/wp\/v2\/comments?post=54204"}],"version-history":[{"count":3,"href":"https:\/\/vocesdelacomuna15.com.ar\/press\/wp-json\/wp\/v2\/posts\/54204\/revisions"}],"predecessor-version":[{"id":54212,"href":"https:\/\/vocesdelacomuna15.com.ar\/press\/wp-json\/wp\/v2\/posts\/54204\/revisions\/54212"}],"wp:featuredmedia":[{"embeddable":true,"href":"https:\/\/vocesdelacomuna15.com.ar\/press\/wp-json\/wp\/v2\/media\/54205"}],"wp:attachment":[{"href":"https:\/\/vocesdelacomuna15.com.ar\/press\/wp-json\/wp\/v2\/media?parent=54204"}],"wp:term":[{"taxonomy":"category","embeddable":true,"href":"https:\/\/vocesdelacomuna15.com.ar\/press\/wp-json\/wp\/v2\/categories?post=54204"},{"taxonomy":"post_tag","embeddable":true,"href":"https:\/\/vocesdelacomuna15.com.ar\/press\/wp-json\/wp\/v2\/tags?post=54204"}],"curies":[{"name":"wp","href":"https:\/\/api.w.org\/{rel}","templated":true}]}}