{"id":54198,"date":"2021-06-17T14:29:48","date_gmt":"2021-06-17T17:29:48","guid":{"rendered":"http:\/\/vocesdelacomuna15.com.ar\/wordpress\/?p=54198"},"modified":"2021-06-18T15:53:49","modified_gmt":"2021-06-18T18:53:49","slug":"atlanta-igualo-sin-goles-ante-quilmes-y-sigue-al-acecho-del-puntero","status":"publish","type":"post","link":"https:\/\/vocesdelacomuna15.com.ar\/press\/atlanta-igualo-sin-goles-ante-quilmes-y-sigue-al-acecho-del-puntero\/","title":{"rendered":"Atlanta igual\u00f3 sin goles ante Quilmes y sigue al acecho del puntero"},"content":{"rendered":"\n<p>Fue el mi\u00e9rcoles en Villa Crespo. El l\u00edder de la Zona A de la Primera Nacional es Gimnasia de Mendoza<\/p>\n\n\n\n<p>En el estadio Le\u00f3n Kolbowsky, el mi\u00e9rcoles por la tarde Atlanta empat\u00f3 0 a 0 con Quilmes y qued\u00f3 en la tercera posici\u00f3n de la Zona A de la Primera Nacional, que lidera Gimnasia de Mendoza con 25 puntos, seguido por Tigre con 23 unidades (mismo puntaje que el \u201cbohemio\u201d que tiene peor diferencia de gol). Recordemos que en la fecha anterior, Atlanta perdi\u00f3 su invicto al caer por 1 a 0 ante Agropecuario en Carlos Casares con gol de Parnisari a los 85 minutos. En la pr\u00f3xima jornada, a disputarse el pr\u00f3ximo mi\u00e9rcoles, Atlanta visitar\u00e1 al \u201cmatador\u201d de Victoria en lo que ser\u00e1 un interesante duelo entre el segundo y el tercero. Tigre viene de caer por 4 a 2 como visitante ante Mitre de Santiago del Estero, mientras que Gimnasia de Mendoza viene de lograr un gran triunfo como visitante ante Belgrano por 1 a 0. La Zona B, en tanto, es liderada por Guemes de Santiago del Estero.<\/p>\n\n\n\n<p>Los dirigidos por\nWalter Erviti pararon esta formaci\u00f3n contra el \u201ccervecero\u201d: Rago; Flores, P\u00e9rez,\nMart\u00edn Garc\u00eda, Fern\u00e1ndez; Ram\u00edrez, Bol\u00edvar, Ochoa; Solari, Colombini y Pedrozo.\nIngresaron a los 45 minutos Luque por Fern\u00e1ndez, L\u00f3pez por Ram\u00edrez y Taborda\npor Mart\u00edn Garc\u00eda, a los 74 Cristian Garc\u00eda por Pedrozo y a los 86 Dramisino\npor Solari.<\/p>\n\n\n\n<p>DERROTA DE\nCOMUNICACIONES<\/p>\n\n\n\n<p>Por la B Metropolitana, el \u201ccartero\u201d cay\u00f3 el martes como local ante Deportivo Armenio por 1 a 0. El \u00fanico gol en la tarde en el Alfredo Ramos lo marc\u00f3 Stringa a los 83 minutos. Con este resultado \u201cComu\u201d qued\u00f3 en el 8\u00ba lugar de la tabla con 18 puntos, a 7 del l\u00edder J.J Urquiza, con 25 unidades. En la pr\u00f3xima jornada, la 14, Comunicaciones tendr\u00e1 fecha libre, mientras que enfrentar\u00e1 por la 15 a UAI Urquiza como visitante.<\/p>\n\n\n\n<figure class=\"wp-block-image is-resized\"><img loading=\"lazy\" decoding=\"async\" src=\"http:\/\/vocesdelacomuna15.com.ar\/wordpress\/wp-content\/uploads\/2021\/06\/derrotacomu1806-1024x682.jpg\" alt=\"\" class=\"wp-image-54201\" width=\"768\" height=\"512\" srcset=\"https:\/\/vocesdelacomuna15.com.ar\/wp-content\/uploads\/2021\/06\/derrotacomu1806-1024x682.jpg 1024w, https:\/\/vocesdelacomuna15.com.ar\/wp-content\/uploads\/2021\/06\/derrotacomu1806-300x200.jpg 300w, https:\/\/vocesdelacomuna15.com.ar\/wp-content\/uploads\/2021\/06\/derrotacomu1806-768x512.jpg 768w, https:\/\/vocesdelacomuna15.com.ar\/wp-content\/uploads\/2021\/06\/derrotacomu1806-1080x720.jpg 1080w, https:\/\/vocesdelacomuna15.com.ar\/wp-content\/uploads\/2021\/06\/derrotacomu1806-600x400.jpg 600w, https:\/\/vocesdelacomuna15.com.ar\/wp-content\/uploads\/2021\/06\/derrotacomu1806.jpg 1280w\" sizes=\"(max-width: 768px) 100vw, 768px\" \/><\/figure>\n\n\n\n<p>Caracteres: 1.670<\/p>\n\n\n\n<p>Foto Atlanta:\nAtlanta Oficial<\/p>\n\n\n\n<p>Foto\nComunicaciones: Prensa Comu<\/p>\n<div class=\"pvc_clear\"><\/div><p id=\"pvc_stats_54198\" class=\"pvc_stats all  \" data-element-id=\"54198\" style=\"\"><i class=\"pvc-stats-icon small\" aria-hidden=\"true\"><svg aria-hidden=\"true\" focusable=\"false\" data-prefix=\"far\" data-icon=\"chart-bar\" role=\"img\" xmlns=\"http:\/\/www.w3.org\/2000\/svg\" viewBox=\"0 0 512 512\" class=\"svg-inline--fa fa-chart-bar fa-w-16 fa-2x\"><path fill=\"currentColor\" d=\"M396.8 352h22.4c6.4 0 12.8-6.4 12.8-12.8V108.8c0-6.4-6.4-12.8-12.8-12.8h-22.4c-6.4 0-12.8 6.4-12.8 12.8v230.4c0 6.4 6.4 12.8 12.8 12.8zm-192 0h22.4c6.4 0 12.8-6.4 12.8-12.8V140.8c0-6.4-6.4-12.8-12.8-12.8h-22.4c-6.4 0-12.8 6.4-12.8 12.8v198.4c0 6.4 6.4 12.8 12.8 12.8zm96 0h22.4c6.4 0 12.8-6.4 12.8-12.8V204.8c0-6.4-6.4-12.8-12.8-12.8h-22.4c-6.4 0-12.8 6.4-12.8 12.8v134.4c0 6.4 6.4 12.8 12.8 12.8zM496 400H48V80c0-8.84-7.16-16-16-16H16C7.16 64 0 71.16 0 80v336c0 17.67 14.33 32 32 32h464c8.84 0 16-7.16 16-16v-16c0-8.84-7.16-16-16-16zm-387.2-48h22.4c6.4 0 12.8-6.4 12.8-12.8v-70.4c0-6.4-6.4-12.8-12.8-12.8h-22.4c-6.4 0-12.8 6.4-12.8 12.8v70.4c0 6.4 6.4 12.8 12.8 12.8z\" class=\"\"><\/path><\/svg><\/i> <img loading=\"lazy\" decoding=\"async\" width=\"16\" height=\"16\" alt=\"Loading\" src=\"https:\/\/vocesdelacomuna15.com.ar\/wp-content\/plugins\/page-views-count\/ajax-loader-2x.gif\" border=0 \/><\/p><div class=\"pvc_clear\"><\/div>","protected":false},"excerpt":{"rendered":"<p>Fue el mi\u00e9rcoles en Villa Crespo. El l\u00edder de la Zona A de la Primera Nacional es Gimnasia de Mendoza En el estadio Le\u00f3n Kolbowsky, el mi\u00e9rcoles por la tarde Atlanta empat\u00f3 0 a 0 con Quilmes y qued\u00f3 en la tercera posici\u00f3n de la Zona A de la Primera Nacional, que lidera Gimnasia de [&hellip;]<\/p>\n<div class=\"pvc_clear\"><\/div>\n<p id=\"pvc_stats_54198\" class=\"pvc_stats all  \" data-element-id=\"54198\" style=\"\"><i class=\"pvc-stats-icon small\" aria-hidden=\"true\"><svg aria-hidden=\"true\" focusable=\"false\" data-prefix=\"far\" data-icon=\"chart-bar\" role=\"img\" xmlns=\"http:\/\/www.w3.org\/2000\/svg\" viewBox=\"0 0 512 512\" class=\"svg-inline--fa fa-chart-bar fa-w-16 fa-2x\"><path fill=\"currentColor\" d=\"M396.8 352h22.4c6.4 0 12.8-6.4 12.8-12.8V108.8c0-6.4-6.4-12.8-12.8-12.8h-22.4c-6.4 0-12.8 6.4-12.8 12.8v230.4c0 6.4 6.4 12.8 12.8 12.8zm-192 0h22.4c6.4 0 12.8-6.4 12.8-12.8V140.8c0-6.4-6.4-12.8-12.8-12.8h-22.4c-6.4 0-12.8 6.4-12.8 12.8v198.4c0 6.4 6.4 12.8 12.8 12.8zm96 0h22.4c6.4 0 12.8-6.4 12.8-12.8V204.8c0-6.4-6.4-12.8-12.8-12.8h-22.4c-6.4 0-12.8 6.4-12.8 12.8v134.4c0 6.4 6.4 12.8 12.8 12.8zM496 400H48V80c0-8.84-7.16-16-16-16H16C7.16 64 0 71.16 0 80v336c0 17.67 14.33 32 32 32h464c8.84 0 16-7.16 16-16v-16c0-8.84-7.16-16-16-16zm-387.2-48h22.4c6.4 0 12.8-6.4 12.8-12.8v-70.4c0-6.4-6.4-12.8-12.8-12.8h-22.4c-6.4 0-12.8 6.4-12.8 12.8v70.4c0 6.4 6.4 12.8 12.8 12.8z\" class=\"\"><\/path><\/svg><\/i> <img loading=\"lazy\" decoding=\"async\" width=\"16\" height=\"16\" alt=\"Loading\" src=\"https:\/\/vocesdelacomuna15.com.ar\/wp-content\/plugins\/page-views-count\/ajax-loader-2x.gif\" border=0 \/><\/p>\n<div class=\"pvc_clear\"><\/div>\n","protected":false},"author":2,"featured_media":54199,"comment_status":"open","ping_status":"open","sticky":false,"template":"","format":"standard","meta":{"_et_pb_use_builder":"off","_et_pb_old_content":"","_et_gb_content_width":"","footnotes":""},"categories":[6,27,32],"tags":[],"class_list":["post-54198","post","type-post","status-publish","format-standard","has-post-thumbnail","hentry","category-agro","category-deportes","category-vcre","et-has-post-format-content","et_post_format-et-post-format-standard"],"a3_pvc":{"activated":true,"total_views":187,"today_views":0},"yoast_head":"<!-- This site is optimized with the Yoast SEO plugin v27.4 - https:\/\/yoast.com\/product\/yoast-seo-wordpress\/ -->\n<title>Atlanta igual\u00f3 sin goles ante Quilmes y sigue al acecho del puntero - Voces de la Comuna 15<\/title>\n<meta name=\"description\" content=\"Voces de la Comuna 15\" \/>\n<meta name=\"robots\" content=\"index, follow, max-snippet:-1, max-image-preview:large, max-video-preview:-1\" \/>\n<link rel=\"canonical\" href=\"https:\/\/vocesdelacomuna15.com.ar\/press\/atlanta-igualo-sin-goles-ante-quilmes-y-sigue-al-acecho-del-puntero\/\" \/>\n<meta property=\"og:locale\" content=\"es_ES\" \/>\n<meta property=\"og:type\" content=\"article\" \/>\n<meta property=\"og:title\" content=\"Atlanta igual\u00f3 sin goles ante Quilmes y sigue al acecho del puntero - Voces de la Comuna 15\" \/>\n<meta property=\"og:description\" content=\"Voces de la Comuna 15\" \/>\n<meta property=\"og:url\" content=\"https:\/\/vocesdelacomuna15.com.ar\/press\/atlanta-igualo-sin-goles-ante-quilmes-y-sigue-al-acecho-del-puntero\/\" \/>\n<meta property=\"og:site_name\" content=\"Voces de la Comuna 15\" \/>\n<meta property=\"article:publisher\" content=\"https:\/\/www.facebook.com\/VocesComuna15\/\" \/>\n<meta property=\"article:published_time\" content=\"2021-06-17T17:29:48+00:00\" \/>\n<meta property=\"article:modified_time\" content=\"2021-06-18T18:53:49+00:00\" \/>\n<meta property=\"og:image\" content=\"https:\/\/vocesdelacomuna15.com.ar\/wp-content\/uploads\/2021\/06\/rago1806.jpg\" \/>\n\t<meta property=\"og:image:width\" content=\"1280\" \/>\n\t<meta property=\"og:image:height\" content=\"853\" \/>\n\t<meta property=\"og:image:type\" content=\"image\/jpeg\" \/>\n<meta name=\"author\" content=\"Federico Arguto\" \/>\n<meta name=\"twitter:card\" content=\"summary_large_image\" \/>\n<meta name=\"twitter:creator\" content=\"@vocescomuna15\" \/>\n<meta name=\"twitter:site\" content=\"@vocescomuna15\" \/>\n<meta name=\"twitter:label1\" content=\"Escrito por\" \/>\n\t<meta name=\"twitter:data1\" content=\"Federico Arguto\" \/>\n\t<meta name=\"twitter:label2\" content=\"Tiempo de lectura\" \/>\n\t<meta name=\"twitter:data2\" content=\"2 minutos\" \/>\n<script type=\"application\/ld+json\" class=\"yoast-schema-graph\">{\"@context\":\"https:\\\/\\\/schema.org\",\"@graph\":[{\"@type\":\"Article\",\"@id\":\"https:\\\/\\\/vocesdelacomuna15.com.ar\\\/press\\\/atlanta-igualo-sin-goles-ante-quilmes-y-sigue-al-acecho-del-puntero\\\/#article\",\"isPartOf\":{\"@id\":\"https:\\\/\\\/vocesdelacomuna15.com.ar\\\/press\\\/atlanta-igualo-sin-goles-ante-quilmes-y-sigue-al-acecho-del-puntero\\\/\"},\"author\":{\"name\":\"Federico Arguto\",\"@id\":\"https:\\\/\\\/vocesdelacomuna15.com.ar\\\/press\\\/#\\\/schema\\\/person\\\/4739e109db25d799cd3d139eeb509e43\"},\"headline\":\"Atlanta igual\u00f3 sin goles ante Quilmes y sigue al acecho del puntero\",\"datePublished\":\"2021-06-17T17:29:48+00:00\",\"dateModified\":\"2021-06-18T18:53:49+00:00\",\"mainEntityOfPage\":{\"@id\":\"https:\\\/\\\/vocesdelacomuna15.com.ar\\\/press\\\/atlanta-igualo-sin-goles-ante-quilmes-y-sigue-al-acecho-del-puntero\\\/\"},\"wordCount\":340,\"commentCount\":0,\"publisher\":{\"@id\":\"https:\\\/\\\/vocesdelacomuna15.com.ar\\\/press\\\/#organization\"},\"image\":{\"@id\":\"https:\\\/\\\/vocesdelacomuna15.com.ar\\\/press\\\/atlanta-igualo-sin-goles-ante-quilmes-y-sigue-al-acecho-del-puntero\\\/#primaryimage\"},\"thumbnailUrl\":\"https:\\\/\\\/vocesdelacomuna15.com.ar\\\/wp-content\\\/uploads\\\/2021\\\/06\\\/rago1806.jpg\",\"articleSection\":[\"Agronom\u00eda\",\"Deportes\",\"Villa Crespo\"],\"inLanguage\":\"es-AR\",\"potentialAction\":[{\"@type\":\"CommentAction\",\"name\":\"Comment\",\"target\":[\"https:\\\/\\\/vocesdelacomuna15.com.ar\\\/press\\\/atlanta-igualo-sin-goles-ante-quilmes-y-sigue-al-acecho-del-puntero\\\/#respond\"]}]},{\"@type\":\"WebPage\",\"@id\":\"https:\\\/\\\/vocesdelacomuna15.com.ar\\\/press\\\/atlanta-igualo-sin-goles-ante-quilmes-y-sigue-al-acecho-del-puntero\\\/\",\"url\":\"https:\\\/\\\/vocesdelacomuna15.com.ar\\\/press\\\/atlanta-igualo-sin-goles-ante-quilmes-y-sigue-al-acecho-del-puntero\\\/\",\"name\":\"Atlanta igual\u00f3 sin goles ante Quilmes y sigue al acecho del puntero - Voces de la Comuna 15\",\"isPartOf\":{\"@id\":\"https:\\\/\\\/vocesdelacomuna15.com.ar\\\/press\\\/#website\"},\"primaryImageOfPage\":{\"@id\":\"https:\\\/\\\/vocesdelacomuna15.com.ar\\\/press\\\/atlanta-igualo-sin-goles-ante-quilmes-y-sigue-al-acecho-del-puntero\\\/#primaryimage\"},\"image\":{\"@id\":\"https:\\\/\\\/vocesdelacomuna15.com.ar\\\/press\\\/atlanta-igualo-sin-goles-ante-quilmes-y-sigue-al-acecho-del-puntero\\\/#primaryimage\"},\"thumbnailUrl\":\"https:\\\/\\\/vocesdelacomuna15.com.ar\\\/wp-content\\\/uploads\\\/2021\\\/06\\\/rago1806.jpg\",\"datePublished\":\"2021-06-17T17:29:48+00:00\",\"dateModified\":\"2021-06-18T18:53:49+00:00\",\"description\":\"Voces de la Comuna 15\",\"breadcrumb\":{\"@id\":\"https:\\\/\\\/vocesdelacomuna15.com.ar\\\/press\\\/atlanta-igualo-sin-goles-ante-quilmes-y-sigue-al-acecho-del-puntero\\\/#breadcrumb\"},\"inLanguage\":\"es-AR\",\"potentialAction\":[{\"@type\":\"ReadAction\",\"target\":[\"https:\\\/\\\/vocesdelacomuna15.com.ar\\\/press\\\/atlanta-igualo-sin-goles-ante-quilmes-y-sigue-al-acecho-del-puntero\\\/\"]}]},{\"@type\":\"ImageObject\",\"inLanguage\":\"es-AR\",\"@id\":\"https:\\\/\\\/vocesdelacomuna15.com.ar\\\/press\\\/atlanta-igualo-sin-goles-ante-quilmes-y-sigue-al-acecho-del-puntero\\\/#primaryimage\",\"url\":\"https:\\\/\\\/vocesdelacomuna15.com.ar\\\/wp-content\\\/uploads\\\/2021\\\/06\\\/rago1806.jpg\",\"contentUrl\":\"https:\\\/\\\/vocesdelacomuna15.com.ar\\\/wp-content\\\/uploads\\\/2021\\\/06\\\/rago1806.jpg\",\"width\":1280,\"height\":853},{\"@type\":\"BreadcrumbList\",\"@id\":\"https:\\\/\\\/vocesdelacomuna15.com.ar\\\/press\\\/atlanta-igualo-sin-goles-ante-quilmes-y-sigue-al-acecho-del-puntero\\\/#breadcrumb\",\"itemListElement\":[{\"@type\":\"ListItem\",\"position\":1,\"name\":\"Inicio\",\"item\":\"https:\\\/\\\/vocesdelacomuna15.com.ar\\\/press\\\/\"},{\"@type\":\"ListItem\",\"position\":2,\"name\":\"Atlanta igual\u00f3 sin goles ante Quilmes y sigue al acecho del puntero\"}]},{\"@type\":\"WebSite\",\"@id\":\"https:\\\/\\\/vocesdelacomuna15.com.ar\\\/press\\\/#website\",\"url\":\"https:\\\/\\\/vocesdelacomuna15.com.ar\\\/press\\\/\",\"name\":\"Voces de la Comuna 15\",\"description\":\"Sitio web de noticias\",\"publisher\":{\"@id\":\"https:\\\/\\\/vocesdelacomuna15.com.ar\\\/press\\\/#organization\"},\"potentialAction\":[{\"@type\":\"SearchAction\",\"target\":{\"@type\":\"EntryPoint\",\"urlTemplate\":\"https:\\\/\\\/vocesdelacomuna15.com.ar\\\/press\\\/?s={search_term_string}\"},\"query-input\":{\"@type\":\"PropertyValueSpecification\",\"valueRequired\":true,\"valueName\":\"search_term_string\"}}],\"inLanguage\":\"es-AR\"},{\"@type\":\"Organization\",\"@id\":\"https:\\\/\\\/vocesdelacomuna15.com.ar\\\/press\\\/#organization\",\"name\":\"Voces de la Comuna 15\",\"url\":\"https:\\\/\\\/vocesdelacomuna15.com.ar\\\/press\\\/\",\"logo\":{\"@type\":\"ImageObject\",\"inLanguage\":\"es-AR\",\"@id\":\"https:\\\/\\\/vocesdelacomuna15.com.ar\\\/press\\\/#\\\/schema\\\/logo\\\/image\\\/\",\"url\":\"https:\\\/\\\/vocesdelacomuna15.com.ar\\\/wp-content\\\/uploads\\\/2024\\\/12\\\/cropped-logo_voces.jpg\",\"contentUrl\":\"https:\\\/\\\/vocesdelacomuna15.com.ar\\\/wp-content\\\/uploads\\\/2024\\\/12\\\/cropped-logo_voces.jpg\",\"width\":512,\"height\":512,\"caption\":\"Voces de la Comuna 15\"},\"image\":{\"@id\":\"https:\\\/\\\/vocesdelacomuna15.com.ar\\\/press\\\/#\\\/schema\\\/logo\\\/image\\\/\"},\"sameAs\":[\"https:\\\/\\\/www.facebook.com\\\/VocesComuna15\\\/\",\"https:\\\/\\\/x.com\\\/vocescomuna15\"]},{\"@type\":\"Person\",\"@id\":\"https:\\\/\\\/vocesdelacomuna15.com.ar\\\/press\\\/#\\\/schema\\\/person\\\/4739e109db25d799cd3d139eeb509e43\",\"name\":\"Federico Arguto\",\"image\":{\"@type\":\"ImageObject\",\"inLanguage\":\"es-AR\",\"@id\":\"https:\\\/\\\/vocesdelacomuna15.com.ar\\\/wp-content\\\/litespeed\\\/avatar\\\/82faf979976f1bae889b8b71f8a0a7e5.jpg?ver=1776814847\",\"url\":\"https:\\\/\\\/vocesdelacomuna15.com.ar\\\/wp-content\\\/litespeed\\\/avatar\\\/82faf979976f1bae889b8b71f8a0a7e5.jpg?ver=1776814847\",\"contentUrl\":\"https:\\\/\\\/vocesdelacomuna15.com.ar\\\/wp-content\\\/litespeed\\\/avatar\\\/82faf979976f1bae889b8b71f8a0a7e5.jpg?ver=1776814847\",\"caption\":\"Federico Arguto\"},\"url\":\"https:\\\/\\\/vocesdelacomuna15.com.ar\\\/press\\\/author\\\/fede\\\/\"}]}<\/script>\n<!-- \/ Yoast SEO plugin. -->","yoast_head_json":{"title":"Atlanta igual\u00f3 sin goles ante Quilmes y sigue al acecho del puntero - Voces de la Comuna 15","description":"Voces de la Comuna 15","robots":{"index":"index","follow":"follow","max-snippet":"max-snippet:-1","max-image-preview":"max-image-preview:large","max-video-preview":"max-video-preview:-1"},"canonical":"https:\/\/vocesdelacomuna15.com.ar\/press\/atlanta-igualo-sin-goles-ante-quilmes-y-sigue-al-acecho-del-puntero\/","og_locale":"es_ES","og_type":"article","og_title":"Atlanta igual\u00f3 sin goles ante Quilmes y sigue al acecho del puntero - Voces de la Comuna 15","og_description":"Voces de la Comuna 15","og_url":"https:\/\/vocesdelacomuna15.com.ar\/press\/atlanta-igualo-sin-goles-ante-quilmes-y-sigue-al-acecho-del-puntero\/","og_site_name":"Voces de la Comuna 15","article_publisher":"https:\/\/www.facebook.com\/VocesComuna15\/","article_published_time":"2021-06-17T17:29:48+00:00","article_modified_time":"2021-06-18T18:53:49+00:00","og_image":[{"width":1280,"height":853,"url":"https:\/\/vocesdelacomuna15.com.ar\/wp-content\/uploads\/2021\/06\/rago1806.jpg","type":"image\/jpeg"}],"author":"Federico Arguto","twitter_card":"summary_large_image","twitter_creator":"@vocescomuna15","twitter_site":"@vocescomuna15","twitter_misc":{"Escrito por":"Federico Arguto","Tiempo de lectura":"2 minutos"},"schema":{"@context":"https:\/\/schema.org","@graph":[{"@type":"Article","@id":"https:\/\/vocesdelacomuna15.com.ar\/press\/atlanta-igualo-sin-goles-ante-quilmes-y-sigue-al-acecho-del-puntero\/#article","isPartOf":{"@id":"https:\/\/vocesdelacomuna15.com.ar\/press\/atlanta-igualo-sin-goles-ante-quilmes-y-sigue-al-acecho-del-puntero\/"},"author":{"name":"Federico Arguto","@id":"https:\/\/vocesdelacomuna15.com.ar\/press\/#\/schema\/person\/4739e109db25d799cd3d139eeb509e43"},"headline":"Atlanta igual\u00f3 sin goles ante Quilmes y sigue al acecho del puntero","datePublished":"2021-06-17T17:29:48+00:00","dateModified":"2021-06-18T18:53:49+00:00","mainEntityOfPage":{"@id":"https:\/\/vocesdelacomuna15.com.ar\/press\/atlanta-igualo-sin-goles-ante-quilmes-y-sigue-al-acecho-del-puntero\/"},"wordCount":340,"commentCount":0,"publisher":{"@id":"https:\/\/vocesdelacomuna15.com.ar\/press\/#organization"},"image":{"@id":"https:\/\/vocesdelacomuna15.com.ar\/press\/atlanta-igualo-sin-goles-ante-quilmes-y-sigue-al-acecho-del-puntero\/#primaryimage"},"thumbnailUrl":"https:\/\/vocesdelacomuna15.com.ar\/wp-content\/uploads\/2021\/06\/rago1806.jpg","articleSection":["Agronom\u00eda","Deportes","Villa Crespo"],"inLanguage":"es-AR","potentialAction":[{"@type":"CommentAction","name":"Comment","target":["https:\/\/vocesdelacomuna15.com.ar\/press\/atlanta-igualo-sin-goles-ante-quilmes-y-sigue-al-acecho-del-puntero\/#respond"]}]},{"@type":"WebPage","@id":"https:\/\/vocesdelacomuna15.com.ar\/press\/atlanta-igualo-sin-goles-ante-quilmes-y-sigue-al-acecho-del-puntero\/","url":"https:\/\/vocesdelacomuna15.com.ar\/press\/atlanta-igualo-sin-goles-ante-quilmes-y-sigue-al-acecho-del-puntero\/","name":"Atlanta igual\u00f3 sin goles ante Quilmes y sigue al acecho del puntero - Voces de la Comuna 15","isPartOf":{"@id":"https:\/\/vocesdelacomuna15.com.ar\/press\/#website"},"primaryImageOfPage":{"@id":"https:\/\/vocesdelacomuna15.com.ar\/press\/atlanta-igualo-sin-goles-ante-quilmes-y-sigue-al-acecho-del-puntero\/#primaryimage"},"image":{"@id":"https:\/\/vocesdelacomuna15.com.ar\/press\/atlanta-igualo-sin-goles-ante-quilmes-y-sigue-al-acecho-del-puntero\/#primaryimage"},"thumbnailUrl":"https:\/\/vocesdelacomuna15.com.ar\/wp-content\/uploads\/2021\/06\/rago1806.jpg","datePublished":"2021-06-17T17:29:48+00:00","dateModified":"2021-06-18T18:53:49+00:00","description":"Voces de la Comuna 15","breadcrumb":{"@id":"https:\/\/vocesdelacomuna15.com.ar\/press\/atlanta-igualo-sin-goles-ante-quilmes-y-sigue-al-acecho-del-puntero\/#breadcrumb"},"inLanguage":"es-AR","potentialAction":[{"@type":"ReadAction","target":["https:\/\/vocesdelacomuna15.com.ar\/press\/atlanta-igualo-sin-goles-ante-quilmes-y-sigue-al-acecho-del-puntero\/"]}]},{"@type":"ImageObject","inLanguage":"es-AR","@id":"https:\/\/vocesdelacomuna15.com.ar\/press\/atlanta-igualo-sin-goles-ante-quilmes-y-sigue-al-acecho-del-puntero\/#primaryimage","url":"https:\/\/vocesdelacomuna15.com.ar\/wp-content\/uploads\/2021\/06\/rago1806.jpg","contentUrl":"https:\/\/vocesdelacomuna15.com.ar\/wp-content\/uploads\/2021\/06\/rago1806.jpg","width":1280,"height":853},{"@type":"BreadcrumbList","@id":"https:\/\/vocesdelacomuna15.com.ar\/press\/atlanta-igualo-sin-goles-ante-quilmes-y-sigue-al-acecho-del-puntero\/#breadcrumb","itemListElement":[{"@type":"ListItem","position":1,"name":"Inicio","item":"https:\/\/vocesdelacomuna15.com.ar\/press\/"},{"@type":"ListItem","position":2,"name":"Atlanta igual\u00f3 sin goles ante Quilmes y sigue al acecho del puntero"}]},{"@type":"WebSite","@id":"https:\/\/vocesdelacomuna15.com.ar\/press\/#website","url":"https:\/\/vocesdelacomuna15.com.ar\/press\/","name":"Voces de la Comuna 15","description":"Sitio web de noticias","publisher":{"@id":"https:\/\/vocesdelacomuna15.com.ar\/press\/#organization"},"potentialAction":[{"@type":"SearchAction","target":{"@type":"EntryPoint","urlTemplate":"https:\/\/vocesdelacomuna15.com.ar\/press\/?s={search_term_string}"},"query-input":{"@type":"PropertyValueSpecification","valueRequired":true,"valueName":"search_term_string"}}],"inLanguage":"es-AR"},{"@type":"Organization","@id":"https:\/\/vocesdelacomuna15.com.ar\/press\/#organization","name":"Voces de la Comuna 15","url":"https:\/\/vocesdelacomuna15.com.ar\/press\/","logo":{"@type":"ImageObject","inLanguage":"es-AR","@id":"https:\/\/vocesdelacomuna15.com.ar\/press\/#\/schema\/logo\/image\/","url":"https:\/\/vocesdelacomuna15.com.ar\/wp-content\/uploads\/2024\/12\/cropped-logo_voces.jpg","contentUrl":"https:\/\/vocesdelacomuna15.com.ar\/wp-content\/uploads\/2024\/12\/cropped-logo_voces.jpg","width":512,"height":512,"caption":"Voces de la Comuna 15"},"image":{"@id":"https:\/\/vocesdelacomuna15.com.ar\/press\/#\/schema\/logo\/image\/"},"sameAs":["https:\/\/www.facebook.com\/VocesComuna15\/","https:\/\/x.com\/vocescomuna15"]},{"@type":"Person","@id":"https:\/\/vocesdelacomuna15.com.ar\/press\/#\/schema\/person\/4739e109db25d799cd3d139eeb509e43","name":"Federico Arguto","image":{"@type":"ImageObject","inLanguage":"es-AR","@id":"https:\/\/vocesdelacomuna15.com.ar\/wp-content\/litespeed\/avatar\/82faf979976f1bae889b8b71f8a0a7e5.jpg?ver=1776814847","url":"https:\/\/vocesdelacomuna15.com.ar\/wp-content\/litespeed\/avatar\/82faf979976f1bae889b8b71f8a0a7e5.jpg?ver=1776814847","contentUrl":"https:\/\/vocesdelacomuna15.com.ar\/wp-content\/litespeed\/avatar\/82faf979976f1bae889b8b71f8a0a7e5.jpg?ver=1776814847","caption":"Federico Arguto"},"url":"https:\/\/vocesdelacomuna15.com.ar\/press\/author\/fede\/"}]}},"_links":{"self":[{"href":"https:\/\/vocesdelacomuna15.com.ar\/press\/wp-json\/wp\/v2\/posts\/54198","targetHints":{"allow":["GET"]}}],"collection":[{"href":"https:\/\/vocesdelacomuna15.com.ar\/press\/wp-json\/wp\/v2\/posts"}],"about":[{"href":"https:\/\/vocesdelacomuna15.com.ar\/press\/wp-json\/wp\/v2\/types\/post"}],"author":[{"embeddable":true,"href":"https:\/\/vocesdelacomuna15.com.ar\/press\/wp-json\/wp\/v2\/users\/2"}],"replies":[{"embeddable":true,"href":"https:\/\/vocesdelacomuna15.com.ar\/press\/wp-json\/wp\/v2\/comments?post=54198"}],"version-history":[{"count":3,"href":"https:\/\/vocesdelacomuna15.com.ar\/press\/wp-json\/wp\/v2\/posts\/54198\/revisions"}],"predecessor-version":[{"id":54203,"href":"https:\/\/vocesdelacomuna15.com.ar\/press\/wp-json\/wp\/v2\/posts\/54198\/revisions\/54203"}],"wp:featuredmedia":[{"embeddable":true,"href":"https:\/\/vocesdelacomuna15.com.ar\/press\/wp-json\/wp\/v2\/media\/54199"}],"wp:attachment":[{"href":"https:\/\/vocesdelacomuna15.com.ar\/press\/wp-json\/wp\/v2\/media?parent=54198"}],"wp:term":[{"taxonomy":"category","embeddable":true,"href":"https:\/\/vocesdelacomuna15.com.ar\/press\/wp-json\/wp\/v2\/categories?post=54198"},{"taxonomy":"post_tag","embeddable":true,"href":"https:\/\/vocesdelacomuna15.com.ar\/press\/wp-json\/wp\/v2\/tags?post=54198"}],"curies":[{"name":"wp","href":"https:\/\/api.w.org\/{rel}","templated":true}]}}