{"id":54188,"date":"2021-06-18T11:54:26","date_gmt":"2021-06-18T14:54:26","guid":{"rendered":"http:\/\/vocesdelacomuna15.com.ar\/wordpress\/?p=54188"},"modified":"2021-06-18T12:03:11","modified_gmt":"2021-06-18T15:03:11","slug":"la-legislatura-portena-aprobo-un-proyecto-para-avanzar-en-la-reapertura-del-parque-agronomia","status":"publish","type":"post","link":"https:\/\/vocesdelacomuna15.com.ar\/press\/la-legislatura-portena-aprobo-un-proyecto-para-avanzar-en-la-reapertura-del-parque-agronomia\/","title":{"rendered":"La Legislatura porte\u00f1a aprob\u00f3 un proyecto para avanzar en la reapertura del Parque Agronom\u00eda"},"content":{"rendered":"\n<p> Fuente: Somos Barrios de Pie <\/p>\n\n\n\n<p>La Legislatura porte\u00f1a aprob\u00f3 el jueves 17 un proyecto presentado por la diputada Laura Velasco para que el Gobierno de la Ciudad y la Universidad de Buenos Aires lleguen a un acuerdo que permita la reapertura al uso p\u00fablico del Parque Agronom\u00eda. \u201cCreemos que es fundamental que exista una mesa de di\u00e1logo en la que ambas partes puedan avanzar para que lo antes posible porte\u00f1os y porte\u00f1as podamos contar, nuevamente, con este espacio verde y p\u00fablico tan importante y necesario, sobre todo en este contexto de pandemia\u201d, manifest\u00f3 la autora de la iniciativa.<br> \u00a0<br> El predio est\u00e1 catalogado como Urbanizaci\u00f3n Parque (UP) por el C\u00f3digo Urban\u00edstico de la Ciudad, es decir, \u00e1reas destinadas a espacios verdes y parquizaci\u00f3n de uso p\u00fablico, por lo que el Gobierno porte\u00f1o debe interceder para su apertura.<br> \u00a0<br> Para Velasco, \u201ces fundamental que se llegue a un acuerdo, no s\u00f3lo por la importancia de este pulm\u00f3n verde desde el punto de vista ambiental sino tambi\u00e9n de salud p\u00fablica. Hoy los lugares cerrados son donde m\u00e1s posibilidades tenemos de contagiarnos, por eso parques y plazas adquieren una funcionalidad e importancia mayor, al ser donde se pueden realizar actividades recreativas y deportivas y encuentros sociales\u201d.<br> \u00a0<br> La iniciativa surge a partir del reclamo y la movilizaci\u00f3n del Movimiento \u201cAgronom\u00eda Abierta\u201d, un grupo de vecinos y vecinas que decidieron organizarse con el objetivo de pedir la reapertura.<br> \u00a0<br> \u201cCreemos que con la escasez de espacios verdes p\u00fablicos \u00a0que sufre la Ciudad de Buenos Aires \u2013un promedio de 6m2 por habitante, cuando el m\u00ednimo recomendado por la OMS es de entre 10 y 15 m2\/hab.- no podemos darnos el lujo de privar a la ciudadan\u00eda del disfrute de este parque; mucho menos en pandemia. Garantizando el cumplimiento de los protocolos para evitar contagios, como en cualquier otro espacio verde p\u00fablico de la ciudad, es posible abrirlo para que contribuya al buen vivir de quienes habitan sus alrededores\u201d, finaliz\u00f3 la legisladora.<\/p>\n\n\n\n<p>Caracteres: 1.958<\/p>\n<div class=\"pvc_clear\"><\/div><p id=\"pvc_stats_54188\" class=\"pvc_stats all  \" data-element-id=\"54188\" style=\"\"><i class=\"pvc-stats-icon small\" aria-hidden=\"true\"><svg aria-hidden=\"true\" focusable=\"false\" data-prefix=\"far\" data-icon=\"chart-bar\" role=\"img\" xmlns=\"http:\/\/www.w3.org\/2000\/svg\" viewBox=\"0 0 512 512\" class=\"svg-inline--fa fa-chart-bar fa-w-16 fa-2x\"><path fill=\"currentColor\" d=\"M396.8 352h22.4c6.4 0 12.8-6.4 12.8-12.8V108.8c0-6.4-6.4-12.8-12.8-12.8h-22.4c-6.4 0-12.8 6.4-12.8 12.8v230.4c0 6.4 6.4 12.8 12.8 12.8zm-192 0h22.4c6.4 0 12.8-6.4 12.8-12.8V140.8c0-6.4-6.4-12.8-12.8-12.8h-22.4c-6.4 0-12.8 6.4-12.8 12.8v198.4c0 6.4 6.4 12.8 12.8 12.8zm96 0h22.4c6.4 0 12.8-6.4 12.8-12.8V204.8c0-6.4-6.4-12.8-12.8-12.8h-22.4c-6.4 0-12.8 6.4-12.8 12.8v134.4c0 6.4 6.4 12.8 12.8 12.8zM496 400H48V80c0-8.84-7.16-16-16-16H16C7.16 64 0 71.16 0 80v336c0 17.67 14.33 32 32 32h464c8.84 0 16-7.16 16-16v-16c0-8.84-7.16-16-16-16zm-387.2-48h22.4c6.4 0 12.8-6.4 12.8-12.8v-70.4c0-6.4-6.4-12.8-12.8-12.8h-22.4c-6.4 0-12.8 6.4-12.8 12.8v70.4c0 6.4 6.4 12.8 12.8 12.8z\" class=\"\"><\/path><\/svg><\/i> <img loading=\"lazy\" decoding=\"async\" width=\"16\" height=\"16\" alt=\"Loading\" src=\"https:\/\/vocesdelacomuna15.com.ar\/wp-content\/plugins\/page-views-count\/ajax-loader-2x.gif\" border=0 \/><\/p><div class=\"pvc_clear\"><\/div>","protected":false},"excerpt":{"rendered":"<p>Fuente: Somos Barrios de Pie La Legislatura porte\u00f1a aprob\u00f3 el jueves 17 un proyecto presentado por la diputada Laura Velasco para que el Gobierno de la Ciudad y la Universidad de Buenos Aires lleguen a un acuerdo que permita la reapertura al uso p\u00fablico del Parque Agronom\u00eda. \u201cCreemos que es fundamental que exista una mesa [&hellip;]<\/p>\n<div class=\"pvc_clear\"><\/div>\n<p id=\"pvc_stats_54188\" class=\"pvc_stats all  \" data-element-id=\"54188\" style=\"\"><i class=\"pvc-stats-icon small\" aria-hidden=\"true\"><svg aria-hidden=\"true\" focusable=\"false\" data-prefix=\"far\" data-icon=\"chart-bar\" role=\"img\" xmlns=\"http:\/\/www.w3.org\/2000\/svg\" viewBox=\"0 0 512 512\" class=\"svg-inline--fa fa-chart-bar fa-w-16 fa-2x\"><path fill=\"currentColor\" d=\"M396.8 352h22.4c6.4 0 12.8-6.4 12.8-12.8V108.8c0-6.4-6.4-12.8-12.8-12.8h-22.4c-6.4 0-12.8 6.4-12.8 12.8v230.4c0 6.4 6.4 12.8 12.8 12.8zm-192 0h22.4c6.4 0 12.8-6.4 12.8-12.8V140.8c0-6.4-6.4-12.8-12.8-12.8h-22.4c-6.4 0-12.8 6.4-12.8 12.8v198.4c0 6.4 6.4 12.8 12.8 12.8zm96 0h22.4c6.4 0 12.8-6.4 12.8-12.8V204.8c0-6.4-6.4-12.8-12.8-12.8h-22.4c-6.4 0-12.8 6.4-12.8 12.8v134.4c0 6.4 6.4 12.8 12.8 12.8zM496 400H48V80c0-8.84-7.16-16-16-16H16C7.16 64 0 71.16 0 80v336c0 17.67 14.33 32 32 32h464c8.84 0 16-7.16 16-16v-16c0-8.84-7.16-16-16-16zm-387.2-48h22.4c6.4 0 12.8-6.4 12.8-12.8v-70.4c0-6.4-6.4-12.8-12.8-12.8h-22.4c-6.4 0-12.8 6.4-12.8 12.8v70.4c0 6.4 6.4 12.8 12.8 12.8z\" class=\"\"><\/path><\/svg><\/i> <img loading=\"lazy\" decoding=\"async\" width=\"16\" height=\"16\" alt=\"Loading\" src=\"https:\/\/vocesdelacomuna15.com.ar\/wp-content\/plugins\/page-views-count\/ajax-loader-2x.gif\" border=0 \/><\/p>\n<div class=\"pvc_clear\"><\/div>\n","protected":false},"author":2,"featured_media":54190,"comment_status":"open","ping_status":"open","sticky":false,"template":"","format":"standard","meta":{"_et_pb_use_builder":"off","_et_pb_old_content":"","_et_gb_content_width":"","footnotes":""},"categories":[6,8],"tags":[],"class_list":["post-54188","post","type-post","status-publish","format-standard","has-post-thumbnail","hentry","category-agro","category-sociedad","et-has-post-format-content","et_post_format-et-post-format-standard"],"a3_pvc":{"activated":true,"total_views":296,"today_views":0},"yoast_head":"<!-- This site is optimized with the Yoast SEO plugin v27.5 - https:\/\/yoast.com\/product\/yoast-seo-wordpress\/ -->\n<title>La Legislatura porte\u00f1a aprob\u00f3 un proyecto para avanzar en la reapertura del Parque Agronom\u00eda - Voces de la Comuna 15<\/title>\n<meta name=\"description\" content=\"Voces de la Comuna 15\" \/>\n<meta name=\"robots\" content=\"index, follow, max-snippet:-1, max-image-preview:large, max-video-preview:-1\" \/>\n<link rel=\"canonical\" href=\"https:\/\/vocesdelacomuna15.com.ar\/press\/la-legislatura-portena-aprobo-un-proyecto-para-avanzar-en-la-reapertura-del-parque-agronomia\/\" \/>\n<meta property=\"og:locale\" content=\"es_ES\" \/>\n<meta property=\"og:type\" content=\"article\" \/>\n<meta property=\"og:title\" content=\"La Legislatura porte\u00f1a aprob\u00f3 un proyecto para avanzar en la reapertura del Parque Agronom\u00eda - Voces de la Comuna 15\" \/>\n<meta property=\"og:description\" content=\"Voces de la Comuna 15\" \/>\n<meta property=\"og:url\" content=\"https:\/\/vocesdelacomuna15.com.ar\/press\/la-legislatura-portena-aprobo-un-proyecto-para-avanzar-en-la-reapertura-del-parque-agronomia\/\" \/>\n<meta property=\"og:site_name\" content=\"Voces de la Comuna 15\" \/>\n<meta property=\"article:publisher\" content=\"https:\/\/www.facebook.com\/VocesComuna15\/\" \/>\n<meta property=\"article:published_time\" content=\"2021-06-18T14:54:26+00:00\" \/>\n<meta property=\"article:modified_time\" content=\"2021-06-18T15:03:11+00:00\" \/>\n<meta property=\"og:image\" content=\"https:\/\/vocesdelacomuna15.com.ar\/wp-content\/uploads\/2021\/06\/agro2080421.png\" \/>\n\t<meta property=\"og:image:width\" content=\"1116\" \/>\n\t<meta property=\"og:image:height\" content=\"629\" \/>\n\t<meta property=\"og:image:type\" content=\"image\/png\" \/>\n<meta name=\"author\" content=\"Federico Arguto\" \/>\n<meta name=\"twitter:card\" content=\"summary_large_image\" \/>\n<meta name=\"twitter:creator\" content=\"@vocescomuna15\" \/>\n<meta name=\"twitter:site\" content=\"@vocescomuna15\" \/>\n<meta name=\"twitter:label1\" content=\"Escrito por\" \/>\n\t<meta name=\"twitter:data1\" content=\"Federico Arguto\" \/>\n\t<meta name=\"twitter:label2\" content=\"Tiempo de lectura\" \/>\n\t<meta name=\"twitter:data2\" content=\"2 minutos\" \/>\n<script type=\"application\/ld+json\" class=\"yoast-schema-graph\">{\"@context\":\"https:\\\/\\\/schema.org\",\"@graph\":[{\"@type\":\"Article\",\"@id\":\"https:\\\/\\\/vocesdelacomuna15.com.ar\\\/press\\\/la-legislatura-portena-aprobo-un-proyecto-para-avanzar-en-la-reapertura-del-parque-agronomia\\\/#article\",\"isPartOf\":{\"@id\":\"https:\\\/\\\/vocesdelacomuna15.com.ar\\\/press\\\/la-legislatura-portena-aprobo-un-proyecto-para-avanzar-en-la-reapertura-del-parque-agronomia\\\/\"},\"author\":{\"name\":\"Federico Arguto\",\"@id\":\"https:\\\/\\\/vocesdelacomuna15.com.ar\\\/press\\\/#\\\/schema\\\/person\\\/4739e109db25d799cd3d139eeb509e43\"},\"headline\":\"La Legislatura porte\u00f1a aprob\u00f3 un proyecto para avanzar en la reapertura del Parque Agronom\u00eda\",\"datePublished\":\"2021-06-18T14:54:26+00:00\",\"dateModified\":\"2021-06-18T15:03:11+00:00\",\"mainEntityOfPage\":{\"@id\":\"https:\\\/\\\/vocesdelacomuna15.com.ar\\\/press\\\/la-legislatura-portena-aprobo-un-proyecto-para-avanzar-en-la-reapertura-del-parque-agronomia\\\/\"},\"wordCount\":362,\"commentCount\":0,\"publisher\":{\"@id\":\"https:\\\/\\\/vocesdelacomuna15.com.ar\\\/press\\\/#organization\"},\"image\":{\"@id\":\"https:\\\/\\\/vocesdelacomuna15.com.ar\\\/press\\\/la-legislatura-portena-aprobo-un-proyecto-para-avanzar-en-la-reapertura-del-parque-agronomia\\\/#primaryimage\"},\"thumbnailUrl\":\"https:\\\/\\\/vocesdelacomuna15.com.ar\\\/wp-content\\\/uploads\\\/2021\\\/06\\\/agro2080421.png\",\"articleSection\":[\"Agronom\u00eda\",\"Sociedad\"],\"inLanguage\":\"es-AR\",\"potentialAction\":[{\"@type\":\"CommentAction\",\"name\":\"Comment\",\"target\":[\"https:\\\/\\\/vocesdelacomuna15.com.ar\\\/press\\\/la-legislatura-portena-aprobo-un-proyecto-para-avanzar-en-la-reapertura-del-parque-agronomia\\\/#respond\"]}]},{\"@type\":\"WebPage\",\"@id\":\"https:\\\/\\\/vocesdelacomuna15.com.ar\\\/press\\\/la-legislatura-portena-aprobo-un-proyecto-para-avanzar-en-la-reapertura-del-parque-agronomia\\\/\",\"url\":\"https:\\\/\\\/vocesdelacomuna15.com.ar\\\/press\\\/la-legislatura-portena-aprobo-un-proyecto-para-avanzar-en-la-reapertura-del-parque-agronomia\\\/\",\"name\":\"La Legislatura porte\u00f1a aprob\u00f3 un proyecto para avanzar en la reapertura del Parque Agronom\u00eda - Voces de la Comuna 15\",\"isPartOf\":{\"@id\":\"https:\\\/\\\/vocesdelacomuna15.com.ar\\\/press\\\/#website\"},\"primaryImageOfPage\":{\"@id\":\"https:\\\/\\\/vocesdelacomuna15.com.ar\\\/press\\\/la-legislatura-portena-aprobo-un-proyecto-para-avanzar-en-la-reapertura-del-parque-agronomia\\\/#primaryimage\"},\"image\":{\"@id\":\"https:\\\/\\\/vocesdelacomuna15.com.ar\\\/press\\\/la-legislatura-portena-aprobo-un-proyecto-para-avanzar-en-la-reapertura-del-parque-agronomia\\\/#primaryimage\"},\"thumbnailUrl\":\"https:\\\/\\\/vocesdelacomuna15.com.ar\\\/wp-content\\\/uploads\\\/2021\\\/06\\\/agro2080421.png\",\"datePublished\":\"2021-06-18T14:54:26+00:00\",\"dateModified\":\"2021-06-18T15:03:11+00:00\",\"description\":\"Voces de la Comuna 15\",\"breadcrumb\":{\"@id\":\"https:\\\/\\\/vocesdelacomuna15.com.ar\\\/press\\\/la-legislatura-portena-aprobo-un-proyecto-para-avanzar-en-la-reapertura-del-parque-agronomia\\\/#breadcrumb\"},\"inLanguage\":\"es-AR\",\"potentialAction\":[{\"@type\":\"ReadAction\",\"target\":[\"https:\\\/\\\/vocesdelacomuna15.com.ar\\\/press\\\/la-legislatura-portena-aprobo-un-proyecto-para-avanzar-en-la-reapertura-del-parque-agronomia\\\/\"]}]},{\"@type\":\"ImageObject\",\"inLanguage\":\"es-AR\",\"@id\":\"https:\\\/\\\/vocesdelacomuna15.com.ar\\\/press\\\/la-legislatura-portena-aprobo-un-proyecto-para-avanzar-en-la-reapertura-del-parque-agronomia\\\/#primaryimage\",\"url\":\"https:\\\/\\\/vocesdelacomuna15.com.ar\\\/wp-content\\\/uploads\\\/2021\\\/06\\\/agro2080421.png\",\"contentUrl\":\"https:\\\/\\\/vocesdelacomuna15.com.ar\\\/wp-content\\\/uploads\\\/2021\\\/06\\\/agro2080421.png\",\"width\":1116,\"height\":629},{\"@type\":\"BreadcrumbList\",\"@id\":\"https:\\\/\\\/vocesdelacomuna15.com.ar\\\/press\\\/la-legislatura-portena-aprobo-un-proyecto-para-avanzar-en-la-reapertura-del-parque-agronomia\\\/#breadcrumb\",\"itemListElement\":[{\"@type\":\"ListItem\",\"position\":1,\"name\":\"Inicio\",\"item\":\"https:\\\/\\\/vocesdelacomuna15.com.ar\\\/press\\\/\"},{\"@type\":\"ListItem\",\"position\":2,\"name\":\"La Legislatura porte\u00f1a aprob\u00f3 un proyecto para avanzar en la reapertura del Parque Agronom\u00eda\"}]},{\"@type\":\"WebSite\",\"@id\":\"https:\\\/\\\/vocesdelacomuna15.com.ar\\\/press\\\/#website\",\"url\":\"https:\\\/\\\/vocesdelacomuna15.com.ar\\\/press\\\/\",\"name\":\"Voces de la Comuna 15\",\"description\":\"Sitio web de noticias\",\"publisher\":{\"@id\":\"https:\\\/\\\/vocesdelacomuna15.com.ar\\\/press\\\/#organization\"},\"potentialAction\":[{\"@type\":\"SearchAction\",\"target\":{\"@type\":\"EntryPoint\",\"urlTemplate\":\"https:\\\/\\\/vocesdelacomuna15.com.ar\\\/press\\\/?s={search_term_string}\"},\"query-input\":{\"@type\":\"PropertyValueSpecification\",\"valueRequired\":true,\"valueName\":\"search_term_string\"}}],\"inLanguage\":\"es-AR\"},{\"@type\":\"Organization\",\"@id\":\"https:\\\/\\\/vocesdelacomuna15.com.ar\\\/press\\\/#organization\",\"name\":\"Voces de la Comuna 15\",\"url\":\"https:\\\/\\\/vocesdelacomuna15.com.ar\\\/press\\\/\",\"logo\":{\"@type\":\"ImageObject\",\"inLanguage\":\"es-AR\",\"@id\":\"https:\\\/\\\/vocesdelacomuna15.com.ar\\\/press\\\/#\\\/schema\\\/logo\\\/image\\\/\",\"url\":\"https:\\\/\\\/vocesdelacomuna15.com.ar\\\/wp-content\\\/uploads\\\/2024\\\/12\\\/cropped-logo_voces.jpg\",\"contentUrl\":\"https:\\\/\\\/vocesdelacomuna15.com.ar\\\/wp-content\\\/uploads\\\/2024\\\/12\\\/cropped-logo_voces.jpg\",\"width\":512,\"height\":512,\"caption\":\"Voces de la Comuna 15\"},\"image\":{\"@id\":\"https:\\\/\\\/vocesdelacomuna15.com.ar\\\/press\\\/#\\\/schema\\\/logo\\\/image\\\/\"},\"sameAs\":[\"https:\\\/\\\/www.facebook.com\\\/VocesComuna15\\\/\",\"https:\\\/\\\/x.com\\\/vocescomuna15\"]},{\"@type\":\"Person\",\"@id\":\"https:\\\/\\\/vocesdelacomuna15.com.ar\\\/press\\\/#\\\/schema\\\/person\\\/4739e109db25d799cd3d139eeb509e43\",\"name\":\"Federico Arguto\",\"image\":{\"@type\":\"ImageObject\",\"inLanguage\":\"es-AR\",\"@id\":\"https:\\\/\\\/vocesdelacomuna15.com.ar\\\/wp-content\\\/litespeed\\\/avatar\\\/82faf979976f1bae889b8b71f8a0a7e5.jpg?ver=1776814847\",\"url\":\"https:\\\/\\\/vocesdelacomuna15.com.ar\\\/wp-content\\\/litespeed\\\/avatar\\\/82faf979976f1bae889b8b71f8a0a7e5.jpg?ver=1776814847\",\"contentUrl\":\"https:\\\/\\\/vocesdelacomuna15.com.ar\\\/wp-content\\\/litespeed\\\/avatar\\\/82faf979976f1bae889b8b71f8a0a7e5.jpg?ver=1776814847\",\"caption\":\"Federico Arguto\"},\"url\":\"https:\\\/\\\/vocesdelacomuna15.com.ar\\\/press\\\/author\\\/fede\\\/\"}]}<\/script>\n<!-- \/ Yoast SEO plugin. -->","yoast_head_json":{"title":"La Legislatura porte\u00f1a aprob\u00f3 un proyecto para avanzar en la reapertura del Parque Agronom\u00eda - Voces de la Comuna 15","description":"Voces de la Comuna 15","robots":{"index":"index","follow":"follow","max-snippet":"max-snippet:-1","max-image-preview":"max-image-preview:large","max-video-preview":"max-video-preview:-1"},"canonical":"https:\/\/vocesdelacomuna15.com.ar\/press\/la-legislatura-portena-aprobo-un-proyecto-para-avanzar-en-la-reapertura-del-parque-agronomia\/","og_locale":"es_ES","og_type":"article","og_title":"La Legislatura porte\u00f1a aprob\u00f3 un proyecto para avanzar en la reapertura del Parque Agronom\u00eda - Voces de la Comuna 15","og_description":"Voces de la Comuna 15","og_url":"https:\/\/vocesdelacomuna15.com.ar\/press\/la-legislatura-portena-aprobo-un-proyecto-para-avanzar-en-la-reapertura-del-parque-agronomia\/","og_site_name":"Voces de la Comuna 15","article_publisher":"https:\/\/www.facebook.com\/VocesComuna15\/","article_published_time":"2021-06-18T14:54:26+00:00","article_modified_time":"2021-06-18T15:03:11+00:00","og_image":[{"width":1116,"height":629,"url":"https:\/\/vocesdelacomuna15.com.ar\/wp-content\/uploads\/2021\/06\/agro2080421.png","type":"image\/png"}],"author":"Federico Arguto","twitter_card":"summary_large_image","twitter_creator":"@vocescomuna15","twitter_site":"@vocescomuna15","twitter_misc":{"Escrito por":"Federico Arguto","Tiempo de lectura":"2 minutos"},"schema":{"@context":"https:\/\/schema.org","@graph":[{"@type":"Article","@id":"https:\/\/vocesdelacomuna15.com.ar\/press\/la-legislatura-portena-aprobo-un-proyecto-para-avanzar-en-la-reapertura-del-parque-agronomia\/#article","isPartOf":{"@id":"https:\/\/vocesdelacomuna15.com.ar\/press\/la-legislatura-portena-aprobo-un-proyecto-para-avanzar-en-la-reapertura-del-parque-agronomia\/"},"author":{"name":"Federico Arguto","@id":"https:\/\/vocesdelacomuna15.com.ar\/press\/#\/schema\/person\/4739e109db25d799cd3d139eeb509e43"},"headline":"La Legislatura porte\u00f1a aprob\u00f3 un proyecto para avanzar en la reapertura del Parque Agronom\u00eda","datePublished":"2021-06-18T14:54:26+00:00","dateModified":"2021-06-18T15:03:11+00:00","mainEntityOfPage":{"@id":"https:\/\/vocesdelacomuna15.com.ar\/press\/la-legislatura-portena-aprobo-un-proyecto-para-avanzar-en-la-reapertura-del-parque-agronomia\/"},"wordCount":362,"commentCount":0,"publisher":{"@id":"https:\/\/vocesdelacomuna15.com.ar\/press\/#organization"},"image":{"@id":"https:\/\/vocesdelacomuna15.com.ar\/press\/la-legislatura-portena-aprobo-un-proyecto-para-avanzar-en-la-reapertura-del-parque-agronomia\/#primaryimage"},"thumbnailUrl":"https:\/\/vocesdelacomuna15.com.ar\/wp-content\/uploads\/2021\/06\/agro2080421.png","articleSection":["Agronom\u00eda","Sociedad"],"inLanguage":"es-AR","potentialAction":[{"@type":"CommentAction","name":"Comment","target":["https:\/\/vocesdelacomuna15.com.ar\/press\/la-legislatura-portena-aprobo-un-proyecto-para-avanzar-en-la-reapertura-del-parque-agronomia\/#respond"]}]},{"@type":"WebPage","@id":"https:\/\/vocesdelacomuna15.com.ar\/press\/la-legislatura-portena-aprobo-un-proyecto-para-avanzar-en-la-reapertura-del-parque-agronomia\/","url":"https:\/\/vocesdelacomuna15.com.ar\/press\/la-legislatura-portena-aprobo-un-proyecto-para-avanzar-en-la-reapertura-del-parque-agronomia\/","name":"La Legislatura porte\u00f1a aprob\u00f3 un proyecto para avanzar en la reapertura del Parque Agronom\u00eda - Voces de la Comuna 15","isPartOf":{"@id":"https:\/\/vocesdelacomuna15.com.ar\/press\/#website"},"primaryImageOfPage":{"@id":"https:\/\/vocesdelacomuna15.com.ar\/press\/la-legislatura-portena-aprobo-un-proyecto-para-avanzar-en-la-reapertura-del-parque-agronomia\/#primaryimage"},"image":{"@id":"https:\/\/vocesdelacomuna15.com.ar\/press\/la-legislatura-portena-aprobo-un-proyecto-para-avanzar-en-la-reapertura-del-parque-agronomia\/#primaryimage"},"thumbnailUrl":"https:\/\/vocesdelacomuna15.com.ar\/wp-content\/uploads\/2021\/06\/agro2080421.png","datePublished":"2021-06-18T14:54:26+00:00","dateModified":"2021-06-18T15:03:11+00:00","description":"Voces de la Comuna 15","breadcrumb":{"@id":"https:\/\/vocesdelacomuna15.com.ar\/press\/la-legislatura-portena-aprobo-un-proyecto-para-avanzar-en-la-reapertura-del-parque-agronomia\/#breadcrumb"},"inLanguage":"es-AR","potentialAction":[{"@type":"ReadAction","target":["https:\/\/vocesdelacomuna15.com.ar\/press\/la-legislatura-portena-aprobo-un-proyecto-para-avanzar-en-la-reapertura-del-parque-agronomia\/"]}]},{"@type":"ImageObject","inLanguage":"es-AR","@id":"https:\/\/vocesdelacomuna15.com.ar\/press\/la-legislatura-portena-aprobo-un-proyecto-para-avanzar-en-la-reapertura-del-parque-agronomia\/#primaryimage","url":"https:\/\/vocesdelacomuna15.com.ar\/wp-content\/uploads\/2021\/06\/agro2080421.png","contentUrl":"https:\/\/vocesdelacomuna15.com.ar\/wp-content\/uploads\/2021\/06\/agro2080421.png","width":1116,"height":629},{"@type":"BreadcrumbList","@id":"https:\/\/vocesdelacomuna15.com.ar\/press\/la-legislatura-portena-aprobo-un-proyecto-para-avanzar-en-la-reapertura-del-parque-agronomia\/#breadcrumb","itemListElement":[{"@type":"ListItem","position":1,"name":"Inicio","item":"https:\/\/vocesdelacomuna15.com.ar\/press\/"},{"@type":"ListItem","position":2,"name":"La Legislatura porte\u00f1a aprob\u00f3 un proyecto para avanzar en la reapertura del Parque Agronom\u00eda"}]},{"@type":"WebSite","@id":"https:\/\/vocesdelacomuna15.com.ar\/press\/#website","url":"https:\/\/vocesdelacomuna15.com.ar\/press\/","name":"Voces de la Comuna 15","description":"Sitio web de noticias","publisher":{"@id":"https:\/\/vocesdelacomuna15.com.ar\/press\/#organization"},"potentialAction":[{"@type":"SearchAction","target":{"@type":"EntryPoint","urlTemplate":"https:\/\/vocesdelacomuna15.com.ar\/press\/?s={search_term_string}"},"query-input":{"@type":"PropertyValueSpecification","valueRequired":true,"valueName":"search_term_string"}}],"inLanguage":"es-AR"},{"@type":"Organization","@id":"https:\/\/vocesdelacomuna15.com.ar\/press\/#organization","name":"Voces de la Comuna 15","url":"https:\/\/vocesdelacomuna15.com.ar\/press\/","logo":{"@type":"ImageObject","inLanguage":"es-AR","@id":"https:\/\/vocesdelacomuna15.com.ar\/press\/#\/schema\/logo\/image\/","url":"https:\/\/vocesdelacomuna15.com.ar\/wp-content\/uploads\/2024\/12\/cropped-logo_voces.jpg","contentUrl":"https:\/\/vocesdelacomuna15.com.ar\/wp-content\/uploads\/2024\/12\/cropped-logo_voces.jpg","width":512,"height":512,"caption":"Voces de la Comuna 15"},"image":{"@id":"https:\/\/vocesdelacomuna15.com.ar\/press\/#\/schema\/logo\/image\/"},"sameAs":["https:\/\/www.facebook.com\/VocesComuna15\/","https:\/\/x.com\/vocescomuna15"]},{"@type":"Person","@id":"https:\/\/vocesdelacomuna15.com.ar\/press\/#\/schema\/person\/4739e109db25d799cd3d139eeb509e43","name":"Federico Arguto","image":{"@type":"ImageObject","inLanguage":"es-AR","@id":"https:\/\/vocesdelacomuna15.com.ar\/wp-content\/litespeed\/avatar\/82faf979976f1bae889b8b71f8a0a7e5.jpg?ver=1776814847","url":"https:\/\/vocesdelacomuna15.com.ar\/wp-content\/litespeed\/avatar\/82faf979976f1bae889b8b71f8a0a7e5.jpg?ver=1776814847","contentUrl":"https:\/\/vocesdelacomuna15.com.ar\/wp-content\/litespeed\/avatar\/82faf979976f1bae889b8b71f8a0a7e5.jpg?ver=1776814847","caption":"Federico Arguto"},"url":"https:\/\/vocesdelacomuna15.com.ar\/press\/author\/fede\/"}]}},"_links":{"self":[{"href":"https:\/\/vocesdelacomuna15.com.ar\/press\/wp-json\/wp\/v2\/posts\/54188","targetHints":{"allow":["GET"]}}],"collection":[{"href":"https:\/\/vocesdelacomuna15.com.ar\/press\/wp-json\/wp\/v2\/posts"}],"about":[{"href":"https:\/\/vocesdelacomuna15.com.ar\/press\/wp-json\/wp\/v2\/types\/post"}],"author":[{"embeddable":true,"href":"https:\/\/vocesdelacomuna15.com.ar\/press\/wp-json\/wp\/v2\/users\/2"}],"replies":[{"embeddable":true,"href":"https:\/\/vocesdelacomuna15.com.ar\/press\/wp-json\/wp\/v2\/comments?post=54188"}],"version-history":[{"count":2,"href":"https:\/\/vocesdelacomuna15.com.ar\/press\/wp-json\/wp\/v2\/posts\/54188\/revisions"}],"predecessor-version":[{"id":54191,"href":"https:\/\/vocesdelacomuna15.com.ar\/press\/wp-json\/wp\/v2\/posts\/54188\/revisions\/54191"}],"wp:featuredmedia":[{"embeddable":true,"href":"https:\/\/vocesdelacomuna15.com.ar\/press\/wp-json\/wp\/v2\/media\/54190"}],"wp:attachment":[{"href":"https:\/\/vocesdelacomuna15.com.ar\/press\/wp-json\/wp\/v2\/media?parent=54188"}],"wp:term":[{"taxonomy":"category","embeddable":true,"href":"https:\/\/vocesdelacomuna15.com.ar\/press\/wp-json\/wp\/v2\/categories?post=54188"},{"taxonomy":"post_tag","embeddable":true,"href":"https:\/\/vocesdelacomuna15.com.ar\/press\/wp-json\/wp\/v2\/tags?post=54188"}],"curies":[{"name":"wp","href":"https:\/\/api.w.org\/{rel}","templated":true}]}}