{"id":54185,"date":"2021-06-17T23:46:43","date_gmt":"2021-06-18T02:46:43","guid":{"rendered":"http:\/\/vocesdelacomuna15.com.ar\/wordpress\/?p=54185"},"modified":"2021-06-18T11:49:54","modified_gmt":"2021-06-18T14:49:54","slug":"golpe-al-mercado-ilegal-de-autopartes-mas-de-3-700-piezas-incautadas-en-11-allanamientos","status":"publish","type":"post","link":"https:\/\/vocesdelacomuna15.com.ar\/press\/golpe-al-mercado-ilegal-de-autopartes-mas-de-3-700-piezas-incautadas-en-11-allanamientos\/","title":{"rendered":"Golpe al mercado ilegal de autopartes: m\u00e1s de 3.700 piezas incautadas en 11 allanamientos"},"content":{"rendered":"\n<p>La Polic\u00eda de la Ciudad secuestr\u00f3 m\u00e1s de 3.700 autopartes de procedencia il\u00edcita en once allanamientos realizados en locales y domicilios particulares que funcionaban como centros de acopio y comercializaci\u00f3n. Fuente: Ministerio de Justicia y Seguridad\u00a0 CABA<\/p>\n\n\n\n<p>Despu\u00e9s de un trabajo de m\u00e1s de nueve meses, la Divisi\u00f3n\nSustracci\u00f3n de Automotores, dependiente del Departamento Delitos Contra la\nPropiedad de la <strong>Polic\u00eda de la Ciudad<\/strong>,\npudo llegar a estas propiedades, donde se ofrec\u00edan piezas que anteriormente\nhab\u00edan sido sustra\u00eddas.<\/p>\n\n\n\n<p>Los procedimientos tuvieron la cooperaci\u00f3n de personal\ndel Programa de Lucha contra la Comercializaci\u00f3n de Autopartes Ilegales,\ndependiente de la Subsecretar\u00eda de Seguridad Ciudadana y resultaron dos\npersonas detenidas y seis imputadas.<\/p>\n\n\n\n<p>&#8220;Estamos d\u00e1ndole otro golpe duro a las mafias, en\neste caso de venta de autopartes, que cometen un doble delito. El primero es el\nque vos sufr\u00eds, con el robo de una rueda, una llanta u otra parte de tu auto,\npero el segundo es al que se lo venden, minti\u00e9ndole que es algo nuevo.\nEntonces, hay otra persona damnificada. Estos delincuentes ya no est\u00e1n en la\ncalle, est\u00e1n presos donde tienen que estar&#8221;, remarc\u00f3 el vicejefe de\nGobierno porte\u00f1o a cargo del Ministerio de Justicia y Seguridad, Diego\nSantilli, durante la presentaci\u00f3n que se hizo en un dep\u00f3sito judicial de Villa\nSoldati.<\/p>\n\n\n\n<p>Santilli agradeci\u00f3 el trabajo en conjunto entre la <strong>Polic\u00eda\nde la Ciudad<\/strong> y la Justicia y sostuvo: &#8220;Tienen que entender\naquellos delincuentes que si cometen un delito los vamos a ir a buscar para\nterminar con el da\u00f1o que les est\u00e1n haciendo a cada uno de los vecinos&#8221;.<\/p>\n\n\n\n<p>El vicejefe de Gobierno tambi\u00e9n elogi\u00f3 la tarea que\nrealiza la Fundaci\u00f3n Garrahan, donde va destinado el dinero de la compactaci\u00f3n\nde autopartes ilegales: &#8220;Ya pudimos poner a disposici\u00f3n de ellos m\u00e1s de 13\nmillones de pesos&#8221;.<\/p>\n\n\n\n<p>&#8220;Para nosotros es un orgullo este tipo de\nprocedimientos y se ha dado un golpe important\u00edsimo en la baja de lo que es el\nrobo automotor. Quiero destacar el trabajo desde la Secretar\u00eda de Seguridad y\nla Divisi\u00f3n Sustracci\u00f3n de Automotores, que no s\u00f3lo est\u00e1n en la calle haciendo\nprevenci\u00f3n sino que tambi\u00e9n esto surge de un ciberpatrullaje con el que se pudieron\ndetectar ventas de autopartes. Esto es pegarle a la econom\u00eda del delito&#8221;,\nexpres\u00f3 el secretario de Justicia y Seguridad, Marcelo D&#8217;Alessandro.<\/p>\n\n\n\n<p>El fiscal general adjunto Javier Mart\u00edn L\u00f3pez Zavaleta,\nen representaci\u00f3n del Ministerio P\u00fablico Fiscal de la Ciudad, asegur\u00f3 que\n&#8220;cuando el Poder Judicial y las fuerzas policiales trabajan de manera\ncoordinada no hay organizaci\u00f3n criminal que pueda enfrentarse, y este es el\nejemplo de ello&#8221;.<\/p>\n\n\n\n<p>Participaron tambi\u00e9n de la presentaci\u00f3n, el secretario de\nSeguridad Ciudadana, Juan Pablo Sassano, el titular de la Direcci\u00f3n Anticrimen\nde la <strong>Polic\u00eda de la Ciudad,<\/strong> comisario inspector Miguel \u00c1ngel\nFornaro, y representantes de la Fundaci\u00f3n Garrahan.<\/p>\n\n\n\n<p><strong>PROCEDIMIENTOS<\/strong><\/p>\n\n\n\n<p>En total, fueron detenidos dos hombres y quedaron imputadas\nseis personas por infracci\u00f3n a la Ley 25.761 (comercializaci\u00f3n y\/o acopio de\nautopartes ilegales).<\/p>\n\n\n\n<p>Como primer paso, el Juzgado Criminal y Correccional\nN\u00famero 42 dict\u00f3 nueve \u00f3rdenes de allanar comercios y domicilios en Ciudad de\nBuenos Aires y San Miguel, donde se mov\u00eda una organizaci\u00f3n dedicada a robar en\ngeneral ruedas de veh\u00edculos estacionados en la v\u00eda p\u00fablica.<\/p>\n\n\n\n<p>Los procedimientos se hicieron en tres gomer\u00edas, un\ndep\u00f3sito de cubiertas y llantas y tres viviendas particulares, donde se\nhallaron neum\u00e1ticos, herramientas y accesorios de procedencia ilegal.<\/p>\n\n\n\n<p>Se incautaron 1.712 llantas, 923 cubiertas, 24 ruedas\narmadas, tuercas de seguridad, 8 llaves cruz y palancas saca tuercas, tres\nnotebooks, tres tel\u00e9fonos celulares y documentaci\u00f3n relacionada con la compra y\nventa de neum\u00e1ticos.&nbsp;A un valor de mercado, se estima que todo los\nsecuestrado asciende a 23 millones de pesos.<\/p>\n\n\n\n<p>Los integrantes de la banda delictiva robaban neum\u00e1ticos\nde veh\u00edculos estacionados en la v\u00eda p\u00fablica y luego se los entregaban a due\u00f1os\nde gomer\u00edas para que sean ofrecidos a clientes a un costo menor que el\noriginal.&nbsp;Con las llantas, el mecanismo era derivarlas a un taller de\nreparaci\u00f3n y despu\u00e9s se colocaban a la venta en diferentes locales.<\/p>\n\n\n\n<p>Siguiendo la misma l\u00ednea de investigaci\u00f3n, miembros de la\nDivisi\u00f3n Sustracci\u00f3n de Automotores determin\u00f3 que en un taller mec\u00e1nico,\nubicado en Mu\u00f1ecas al 900, en el barrio de Villa Crespo, en el llamado Corredor\nWarnes, se habr\u00edan acopiado autopartes para ser vendidas ilegalmente como\nrepuestos.<\/p>\n\n\n\n<p>Ante ello, la Fiscal\u00eda en lo Penal, Contravencional y de\nFaltas N\u00famero 5, a cargo del doctor Miguel \u00c1ngel Ram\u00f3n Kessler, solicit\u00f3 el\nallanamiento, al que hizo lugar el Juzgado 20 del mismo fuero, a cargo de la\ndoctora Mar\u00eda Luisa Escrich.<\/p>\n\n\n\n<p>En este operativo fueron secuestrados: 15 cig\u00fce\u00f1ales, 20\namortiguadores, 30 \u00f3pticas, 3 paragolpes, 5 guardabarros, 3 capots, 3 portones\ntraseros, 24 cubiertas, 17 tapas de cilindros, 42 espejos el\u00e9ctricos, 14\nllantas, 8 ruedas completas y 1 block de motos, trat\u00e1ndose de piezas usadas sin\nsu correspondiente respaldo legal.<\/p>\n\n\n\n<p>En el \u00faltimo caso, los oficiales llegaron a un taller del\nbarrio de Caballito, en la calle Tres Arroyos al 1400, que ten\u00eda conexi\u00f3n\noculta con un amplio galp\u00f3n lindero.<\/p>\n\n\n\n<p>Entre el casi millar de piezas secuestradas, hab\u00eda 416\nparagolpes, 72 puertas, 31 portones traseros, 64 capots y tapas de ba\u00fal, 128\nguardabarros, 75 \u00f3pticas, 47 faros traseros, tres techos solares, un techo\ncompleto, 24 radiadores, 3 cajas de velocidad, 7 tapas de cilindro, 25 torretas\ncon amortiguador y un eje trasero.<\/p>\n\n\n\n<p>Adem\u00e1s, los efectivos hallaron un capot grabado con un\ndominio con pedido de secuestro activo de fecha 27 de septiembre del a\u00f1o\npasado, otras dos autopartes de carrocer\u00eda con RVA (Registro de Verificaci\u00f3n de\nAutopartes) erradicado o suprimido, una puerta con orificio de bala y un\nveh\u00edculo dado de baja en proceso de desarme.<\/p>\n\n\n\n<p>Intervino en este \u00faltimo allanamiento la Fiscal\u00eda en lo\nPenal, Contravencional y de Faltas 24, a cargo del doctor Rodrigo Manuel Pagano\nMata.<\/p>\n\n\n\n<p><strong>AUTOPARTES ESTADISTICAS<\/strong><\/p>\n\n\n\n<p>&#8211; Durante el a\u00f1o 2020, en plena pandemia, el secuestro de\nautopartes aument\u00f3 un 65 por ciento con respecto al a\u00f1o 2019.<\/p>\n\n\n\n<p>&#8211; As\u00ed, mientras que el total de autopartes secuestradas\nen 2020 fue de 312.474, el total de autopartes secuestradas en 2019 fue de\n190.004.<\/p>\n\n\n\n<p>&#8211; En lo que respecto al 2021, en el per\u00edodo de enero a\nmayo, el aumento de secuestro de autopartes fue del 128 por ciento.<\/p>\n\n\n\n<p>&#8211; Mientras que entre enero y mayo de 2021, se\nsecuestraron 29.439 autopartes, en el mismo per\u00edodo de 2020 fueron 12.923.<\/p>\n\n\n\n<p>Caracteres: 6.254<\/p>\n\n\n\n<p>Fuente: Ministerio de Justicia y Seguridad CABA<\/p>\n<div class=\"pvc_clear\"><\/div><p id=\"pvc_stats_54185\" class=\"pvc_stats all  \" data-element-id=\"54185\" style=\"\"><i class=\"pvc-stats-icon small\" aria-hidden=\"true\"><svg aria-hidden=\"true\" focusable=\"false\" data-prefix=\"far\" data-icon=\"chart-bar\" role=\"img\" xmlns=\"http:\/\/www.w3.org\/2000\/svg\" viewBox=\"0 0 512 512\" class=\"svg-inline--fa fa-chart-bar fa-w-16 fa-2x\"><path fill=\"currentColor\" d=\"M396.8 352h22.4c6.4 0 12.8-6.4 12.8-12.8V108.8c0-6.4-6.4-12.8-12.8-12.8h-22.4c-6.4 0-12.8 6.4-12.8 12.8v230.4c0 6.4 6.4 12.8 12.8 12.8zm-192 0h22.4c6.4 0 12.8-6.4 12.8-12.8V140.8c0-6.4-6.4-12.8-12.8-12.8h-22.4c-6.4 0-12.8 6.4-12.8 12.8v198.4c0 6.4 6.4 12.8 12.8 12.8zm96 0h22.4c6.4 0 12.8-6.4 12.8-12.8V204.8c0-6.4-6.4-12.8-12.8-12.8h-22.4c-6.4 0-12.8 6.4-12.8 12.8v134.4c0 6.4 6.4 12.8 12.8 12.8zM496 400H48V80c0-8.84-7.16-16-16-16H16C7.16 64 0 71.16 0 80v336c0 17.67 14.33 32 32 32h464c8.84 0 16-7.16 16-16v-16c0-8.84-7.16-16-16-16zm-387.2-48h22.4c6.4 0 12.8-6.4 12.8-12.8v-70.4c0-6.4-6.4-12.8-12.8-12.8h-22.4c-6.4 0-12.8 6.4-12.8 12.8v70.4c0 6.4 6.4 12.8 12.8 12.8z\" class=\"\"><\/path><\/svg><\/i> <img loading=\"lazy\" decoding=\"async\" width=\"16\" height=\"16\" alt=\"Loading\" src=\"https:\/\/vocesdelacomuna15.com.ar\/wp-content\/plugins\/page-views-count\/ajax-loader-2x.gif\" border=0 \/><\/p><div class=\"pvc_clear\"><\/div>","protected":false},"excerpt":{"rendered":"<p>La Polic\u00eda de la Ciudad secuestr\u00f3 m\u00e1s de 3.700 autopartes de procedencia il\u00edcita en once allanamientos realizados en locales y domicilios particulares que funcionaban como centros de acopio y comercializaci\u00f3n. Fuente: Ministerio de Justicia y Seguridad\u00a0 CABA Despu\u00e9s de un trabajo de m\u00e1s de nueve meses, la Divisi\u00f3n Sustracci\u00f3n de Automotores, dependiente del Departamento Delitos [&hellip;]<\/p>\n<div class=\"pvc_clear\"><\/div>\n<p id=\"pvc_stats_54185\" class=\"pvc_stats all  \" data-element-id=\"54185\" style=\"\"><i class=\"pvc-stats-icon small\" aria-hidden=\"true\"><svg aria-hidden=\"true\" focusable=\"false\" data-prefix=\"far\" data-icon=\"chart-bar\" role=\"img\" xmlns=\"http:\/\/www.w3.org\/2000\/svg\" viewBox=\"0 0 512 512\" class=\"svg-inline--fa fa-chart-bar fa-w-16 fa-2x\"><path fill=\"currentColor\" d=\"M396.8 352h22.4c6.4 0 12.8-6.4 12.8-12.8V108.8c0-6.4-6.4-12.8-12.8-12.8h-22.4c-6.4 0-12.8 6.4-12.8 12.8v230.4c0 6.4 6.4 12.8 12.8 12.8zm-192 0h22.4c6.4 0 12.8-6.4 12.8-12.8V140.8c0-6.4-6.4-12.8-12.8-12.8h-22.4c-6.4 0-12.8 6.4-12.8 12.8v198.4c0 6.4 6.4 12.8 12.8 12.8zm96 0h22.4c6.4 0 12.8-6.4 12.8-12.8V204.8c0-6.4-6.4-12.8-12.8-12.8h-22.4c-6.4 0-12.8 6.4-12.8 12.8v134.4c0 6.4 6.4 12.8 12.8 12.8zM496 400H48V80c0-8.84-7.16-16-16-16H16C7.16 64 0 71.16 0 80v336c0 17.67 14.33 32 32 32h464c8.84 0 16-7.16 16-16v-16c0-8.84-7.16-16-16-16zm-387.2-48h22.4c6.4 0 12.8-6.4 12.8-12.8v-70.4c0-6.4-6.4-12.8-12.8-12.8h-22.4c-6.4 0-12.8 6.4-12.8 12.8v70.4c0 6.4 6.4 12.8 12.8 12.8z\" class=\"\"><\/path><\/svg><\/i> <img loading=\"lazy\" decoding=\"async\" width=\"16\" height=\"16\" alt=\"Loading\" src=\"https:\/\/vocesdelacomuna15.com.ar\/wp-content\/plugins\/page-views-count\/ajax-loader-2x.gif\" border=0 \/><\/p>\n<div class=\"pvc_clear\"><\/div>\n","protected":false},"author":2,"featured_media":54186,"comment_status":"open","ping_status":"open","sticky":false,"template":"","format":"standard","meta":{"_et_pb_use_builder":"off","_et_pb_old_content":"","_et_gb_content_width":"","footnotes":""},"categories":[28,32],"tags":[],"class_list":["post-54185","post","type-post","status-publish","format-standard","has-post-thumbnail","hentry","category-policial","category-vcre","et-has-post-format-content","et_post_format-et-post-format-standard"],"a3_pvc":{"activated":true,"total_views":195,"today_views":0},"yoast_head":"<!-- This site is optimized with the Yoast SEO plugin v27.5 - https:\/\/yoast.com\/product\/yoast-seo-wordpress\/ -->\n<title>Golpe al mercado ilegal de autopartes: m\u00e1s de 3.700 piezas incautadas en 11 allanamientos - Voces de la Comuna 15<\/title>\n<meta name=\"description\" content=\"Voces de la Comuna 15\" \/>\n<meta name=\"robots\" content=\"index, follow, max-snippet:-1, max-image-preview:large, max-video-preview:-1\" \/>\n<link rel=\"canonical\" href=\"https:\/\/vocesdelacomuna15.com.ar\/press\/golpe-al-mercado-ilegal-de-autopartes-mas-de-3-700-piezas-incautadas-en-11-allanamientos\/\" \/>\n<meta property=\"og:locale\" content=\"es_ES\" \/>\n<meta property=\"og:type\" content=\"article\" \/>\n<meta property=\"og:title\" content=\"Golpe al mercado ilegal de autopartes: m\u00e1s de 3.700 piezas incautadas en 11 allanamientos - Voces de la Comuna 15\" \/>\n<meta property=\"og:description\" content=\"Voces de la Comuna 15\" \/>\n<meta property=\"og:url\" content=\"https:\/\/vocesdelacomuna15.com.ar\/press\/golpe-al-mercado-ilegal-de-autopartes-mas-de-3-700-piezas-incautadas-en-11-allanamientos\/\" \/>\n<meta property=\"og:site_name\" content=\"Voces de la Comuna 15\" \/>\n<meta property=\"article:publisher\" content=\"https:\/\/www.facebook.com\/VocesComuna15\/\" \/>\n<meta property=\"article:published_time\" content=\"2021-06-18T02:46:43+00:00\" \/>\n<meta property=\"article:modified_time\" content=\"2021-06-18T14:49:54+00:00\" \/>\n<meta property=\"og:image\" content=\"https:\/\/vocesdelacomuna15.com.ar\/wp-content\/uploads\/2021\/06\/poli1806.jpg\" \/>\n\t<meta property=\"og:image:width\" content=\"1620\" \/>\n\t<meta property=\"og:image:height\" content=\"1005\" \/>\n\t<meta property=\"og:image:type\" content=\"image\/jpeg\" \/>\n<meta name=\"author\" content=\"Federico Arguto\" \/>\n<meta name=\"twitter:card\" content=\"summary_large_image\" \/>\n<meta name=\"twitter:creator\" content=\"@vocescomuna15\" \/>\n<meta name=\"twitter:site\" content=\"@vocescomuna15\" \/>\n<meta name=\"twitter:label1\" content=\"Escrito por\" \/>\n\t<meta name=\"twitter:data1\" content=\"Federico Arguto\" \/>\n\t<meta name=\"twitter:label2\" content=\"Tiempo de lectura\" \/>\n\t<meta name=\"twitter:data2\" content=\"6 minutos\" \/>\n<script type=\"application\/ld+json\" class=\"yoast-schema-graph\">{\"@context\":\"https:\\\/\\\/schema.org\",\"@graph\":[{\"@type\":\"Article\",\"@id\":\"https:\\\/\\\/vocesdelacomuna15.com.ar\\\/press\\\/golpe-al-mercado-ilegal-de-autopartes-mas-de-3-700-piezas-incautadas-en-11-allanamientos\\\/#article\",\"isPartOf\":{\"@id\":\"https:\\\/\\\/vocesdelacomuna15.com.ar\\\/press\\\/golpe-al-mercado-ilegal-de-autopartes-mas-de-3-700-piezas-incautadas-en-11-allanamientos\\\/\"},\"author\":{\"name\":\"Federico Arguto\",\"@id\":\"https:\\\/\\\/vocesdelacomuna15.com.ar\\\/press\\\/#\\\/schema\\\/person\\\/4739e109db25d799cd3d139eeb509e43\"},\"headline\":\"Golpe al mercado ilegal de autopartes: m\u00e1s de 3.700 piezas incautadas en 11 allanamientos\",\"datePublished\":\"2021-06-18T02:46:43+00:00\",\"dateModified\":\"2021-06-18T14:49:54+00:00\",\"mainEntityOfPage\":{\"@id\":\"https:\\\/\\\/vocesdelacomuna15.com.ar\\\/press\\\/golpe-al-mercado-ilegal-de-autopartes-mas-de-3-700-piezas-incautadas-en-11-allanamientos\\\/\"},\"wordCount\":1131,\"commentCount\":0,\"publisher\":{\"@id\":\"https:\\\/\\\/vocesdelacomuna15.com.ar\\\/press\\\/#organization\"},\"image\":{\"@id\":\"https:\\\/\\\/vocesdelacomuna15.com.ar\\\/press\\\/golpe-al-mercado-ilegal-de-autopartes-mas-de-3-700-piezas-incautadas-en-11-allanamientos\\\/#primaryimage\"},\"thumbnailUrl\":\"https:\\\/\\\/vocesdelacomuna15.com.ar\\\/wp-content\\\/uploads\\\/2021\\\/06\\\/poli1806.jpg\",\"articleSection\":[\"Policial\",\"Villa Crespo\"],\"inLanguage\":\"es-AR\",\"potentialAction\":[{\"@type\":\"CommentAction\",\"name\":\"Comment\",\"target\":[\"https:\\\/\\\/vocesdelacomuna15.com.ar\\\/press\\\/golpe-al-mercado-ilegal-de-autopartes-mas-de-3-700-piezas-incautadas-en-11-allanamientos\\\/#respond\"]}]},{\"@type\":\"WebPage\",\"@id\":\"https:\\\/\\\/vocesdelacomuna15.com.ar\\\/press\\\/golpe-al-mercado-ilegal-de-autopartes-mas-de-3-700-piezas-incautadas-en-11-allanamientos\\\/\",\"url\":\"https:\\\/\\\/vocesdelacomuna15.com.ar\\\/press\\\/golpe-al-mercado-ilegal-de-autopartes-mas-de-3-700-piezas-incautadas-en-11-allanamientos\\\/\",\"name\":\"Golpe al mercado ilegal de autopartes: m\u00e1s de 3.700 piezas incautadas en 11 allanamientos - Voces de la Comuna 15\",\"isPartOf\":{\"@id\":\"https:\\\/\\\/vocesdelacomuna15.com.ar\\\/press\\\/#website\"},\"primaryImageOfPage\":{\"@id\":\"https:\\\/\\\/vocesdelacomuna15.com.ar\\\/press\\\/golpe-al-mercado-ilegal-de-autopartes-mas-de-3-700-piezas-incautadas-en-11-allanamientos\\\/#primaryimage\"},\"image\":{\"@id\":\"https:\\\/\\\/vocesdelacomuna15.com.ar\\\/press\\\/golpe-al-mercado-ilegal-de-autopartes-mas-de-3-700-piezas-incautadas-en-11-allanamientos\\\/#primaryimage\"},\"thumbnailUrl\":\"https:\\\/\\\/vocesdelacomuna15.com.ar\\\/wp-content\\\/uploads\\\/2021\\\/06\\\/poli1806.jpg\",\"datePublished\":\"2021-06-18T02:46:43+00:00\",\"dateModified\":\"2021-06-18T14:49:54+00:00\",\"description\":\"Voces de la Comuna 15\",\"breadcrumb\":{\"@id\":\"https:\\\/\\\/vocesdelacomuna15.com.ar\\\/press\\\/golpe-al-mercado-ilegal-de-autopartes-mas-de-3-700-piezas-incautadas-en-11-allanamientos\\\/#breadcrumb\"},\"inLanguage\":\"es-AR\",\"potentialAction\":[{\"@type\":\"ReadAction\",\"target\":[\"https:\\\/\\\/vocesdelacomuna15.com.ar\\\/press\\\/golpe-al-mercado-ilegal-de-autopartes-mas-de-3-700-piezas-incautadas-en-11-allanamientos\\\/\"]}]},{\"@type\":\"ImageObject\",\"inLanguage\":\"es-AR\",\"@id\":\"https:\\\/\\\/vocesdelacomuna15.com.ar\\\/press\\\/golpe-al-mercado-ilegal-de-autopartes-mas-de-3-700-piezas-incautadas-en-11-allanamientos\\\/#primaryimage\",\"url\":\"https:\\\/\\\/vocesdelacomuna15.com.ar\\\/wp-content\\\/uploads\\\/2021\\\/06\\\/poli1806.jpg\",\"contentUrl\":\"https:\\\/\\\/vocesdelacomuna15.com.ar\\\/wp-content\\\/uploads\\\/2021\\\/06\\\/poli1806.jpg\",\"width\":1620,\"height\":1005},{\"@type\":\"BreadcrumbList\",\"@id\":\"https:\\\/\\\/vocesdelacomuna15.com.ar\\\/press\\\/golpe-al-mercado-ilegal-de-autopartes-mas-de-3-700-piezas-incautadas-en-11-allanamientos\\\/#breadcrumb\",\"itemListElement\":[{\"@type\":\"ListItem\",\"position\":1,\"name\":\"Inicio\",\"item\":\"https:\\\/\\\/vocesdelacomuna15.com.ar\\\/press\\\/\"},{\"@type\":\"ListItem\",\"position\":2,\"name\":\"Golpe al mercado ilegal de autopartes: m\u00e1s de 3.700 piezas incautadas en 11 allanamientos\"}]},{\"@type\":\"WebSite\",\"@id\":\"https:\\\/\\\/vocesdelacomuna15.com.ar\\\/press\\\/#website\",\"url\":\"https:\\\/\\\/vocesdelacomuna15.com.ar\\\/press\\\/\",\"name\":\"Voces de la Comuna 15\",\"description\":\"Sitio web de noticias\",\"publisher\":{\"@id\":\"https:\\\/\\\/vocesdelacomuna15.com.ar\\\/press\\\/#organization\"},\"potentialAction\":[{\"@type\":\"SearchAction\",\"target\":{\"@type\":\"EntryPoint\",\"urlTemplate\":\"https:\\\/\\\/vocesdelacomuna15.com.ar\\\/press\\\/?s={search_term_string}\"},\"query-input\":{\"@type\":\"PropertyValueSpecification\",\"valueRequired\":true,\"valueName\":\"search_term_string\"}}],\"inLanguage\":\"es-AR\"},{\"@type\":\"Organization\",\"@id\":\"https:\\\/\\\/vocesdelacomuna15.com.ar\\\/press\\\/#organization\",\"name\":\"Voces de la Comuna 15\",\"url\":\"https:\\\/\\\/vocesdelacomuna15.com.ar\\\/press\\\/\",\"logo\":{\"@type\":\"ImageObject\",\"inLanguage\":\"es-AR\",\"@id\":\"https:\\\/\\\/vocesdelacomuna15.com.ar\\\/press\\\/#\\\/schema\\\/logo\\\/image\\\/\",\"url\":\"https:\\\/\\\/vocesdelacomuna15.com.ar\\\/wp-content\\\/uploads\\\/2024\\\/12\\\/cropped-logo_voces.jpg\",\"contentUrl\":\"https:\\\/\\\/vocesdelacomuna15.com.ar\\\/wp-content\\\/uploads\\\/2024\\\/12\\\/cropped-logo_voces.jpg\",\"width\":512,\"height\":512,\"caption\":\"Voces de la Comuna 15\"},\"image\":{\"@id\":\"https:\\\/\\\/vocesdelacomuna15.com.ar\\\/press\\\/#\\\/schema\\\/logo\\\/image\\\/\"},\"sameAs\":[\"https:\\\/\\\/www.facebook.com\\\/VocesComuna15\\\/\",\"https:\\\/\\\/x.com\\\/vocescomuna15\"]},{\"@type\":\"Person\",\"@id\":\"https:\\\/\\\/vocesdelacomuna15.com.ar\\\/press\\\/#\\\/schema\\\/person\\\/4739e109db25d799cd3d139eeb509e43\",\"name\":\"Federico Arguto\",\"image\":{\"@type\":\"ImageObject\",\"inLanguage\":\"es-AR\",\"@id\":\"https:\\\/\\\/vocesdelacomuna15.com.ar\\\/wp-content\\\/litespeed\\\/avatar\\\/82faf979976f1bae889b8b71f8a0a7e5.jpg?ver=1776814847\",\"url\":\"https:\\\/\\\/vocesdelacomuna15.com.ar\\\/wp-content\\\/litespeed\\\/avatar\\\/82faf979976f1bae889b8b71f8a0a7e5.jpg?ver=1776814847\",\"contentUrl\":\"https:\\\/\\\/vocesdelacomuna15.com.ar\\\/wp-content\\\/litespeed\\\/avatar\\\/82faf979976f1bae889b8b71f8a0a7e5.jpg?ver=1776814847\",\"caption\":\"Federico Arguto\"},\"url\":\"https:\\\/\\\/vocesdelacomuna15.com.ar\\\/press\\\/author\\\/fede\\\/\"}]}<\/script>\n<!-- \/ Yoast SEO plugin. -->","yoast_head_json":{"title":"Golpe al mercado ilegal de autopartes: m\u00e1s de 3.700 piezas incautadas en 11 allanamientos - Voces de la Comuna 15","description":"Voces de la Comuna 15","robots":{"index":"index","follow":"follow","max-snippet":"max-snippet:-1","max-image-preview":"max-image-preview:large","max-video-preview":"max-video-preview:-1"},"canonical":"https:\/\/vocesdelacomuna15.com.ar\/press\/golpe-al-mercado-ilegal-de-autopartes-mas-de-3-700-piezas-incautadas-en-11-allanamientos\/","og_locale":"es_ES","og_type":"article","og_title":"Golpe al mercado ilegal de autopartes: m\u00e1s de 3.700 piezas incautadas en 11 allanamientos - Voces de la Comuna 15","og_description":"Voces de la Comuna 15","og_url":"https:\/\/vocesdelacomuna15.com.ar\/press\/golpe-al-mercado-ilegal-de-autopartes-mas-de-3-700-piezas-incautadas-en-11-allanamientos\/","og_site_name":"Voces de la Comuna 15","article_publisher":"https:\/\/www.facebook.com\/VocesComuna15\/","article_published_time":"2021-06-18T02:46:43+00:00","article_modified_time":"2021-06-18T14:49:54+00:00","og_image":[{"width":1620,"height":1005,"url":"https:\/\/vocesdelacomuna15.com.ar\/wp-content\/uploads\/2021\/06\/poli1806.jpg","type":"image\/jpeg"}],"author":"Federico Arguto","twitter_card":"summary_large_image","twitter_creator":"@vocescomuna15","twitter_site":"@vocescomuna15","twitter_misc":{"Escrito por":"Federico Arguto","Tiempo de lectura":"6 minutos"},"schema":{"@context":"https:\/\/schema.org","@graph":[{"@type":"Article","@id":"https:\/\/vocesdelacomuna15.com.ar\/press\/golpe-al-mercado-ilegal-de-autopartes-mas-de-3-700-piezas-incautadas-en-11-allanamientos\/#article","isPartOf":{"@id":"https:\/\/vocesdelacomuna15.com.ar\/press\/golpe-al-mercado-ilegal-de-autopartes-mas-de-3-700-piezas-incautadas-en-11-allanamientos\/"},"author":{"name":"Federico Arguto","@id":"https:\/\/vocesdelacomuna15.com.ar\/press\/#\/schema\/person\/4739e109db25d799cd3d139eeb509e43"},"headline":"Golpe al mercado ilegal de autopartes: m\u00e1s de 3.700 piezas incautadas en 11 allanamientos","datePublished":"2021-06-18T02:46:43+00:00","dateModified":"2021-06-18T14:49:54+00:00","mainEntityOfPage":{"@id":"https:\/\/vocesdelacomuna15.com.ar\/press\/golpe-al-mercado-ilegal-de-autopartes-mas-de-3-700-piezas-incautadas-en-11-allanamientos\/"},"wordCount":1131,"commentCount":0,"publisher":{"@id":"https:\/\/vocesdelacomuna15.com.ar\/press\/#organization"},"image":{"@id":"https:\/\/vocesdelacomuna15.com.ar\/press\/golpe-al-mercado-ilegal-de-autopartes-mas-de-3-700-piezas-incautadas-en-11-allanamientos\/#primaryimage"},"thumbnailUrl":"https:\/\/vocesdelacomuna15.com.ar\/wp-content\/uploads\/2021\/06\/poli1806.jpg","articleSection":["Policial","Villa Crespo"],"inLanguage":"es-AR","potentialAction":[{"@type":"CommentAction","name":"Comment","target":["https:\/\/vocesdelacomuna15.com.ar\/press\/golpe-al-mercado-ilegal-de-autopartes-mas-de-3-700-piezas-incautadas-en-11-allanamientos\/#respond"]}]},{"@type":"WebPage","@id":"https:\/\/vocesdelacomuna15.com.ar\/press\/golpe-al-mercado-ilegal-de-autopartes-mas-de-3-700-piezas-incautadas-en-11-allanamientos\/","url":"https:\/\/vocesdelacomuna15.com.ar\/press\/golpe-al-mercado-ilegal-de-autopartes-mas-de-3-700-piezas-incautadas-en-11-allanamientos\/","name":"Golpe al mercado ilegal de autopartes: m\u00e1s de 3.700 piezas incautadas en 11 allanamientos - Voces de la Comuna 15","isPartOf":{"@id":"https:\/\/vocesdelacomuna15.com.ar\/press\/#website"},"primaryImageOfPage":{"@id":"https:\/\/vocesdelacomuna15.com.ar\/press\/golpe-al-mercado-ilegal-de-autopartes-mas-de-3-700-piezas-incautadas-en-11-allanamientos\/#primaryimage"},"image":{"@id":"https:\/\/vocesdelacomuna15.com.ar\/press\/golpe-al-mercado-ilegal-de-autopartes-mas-de-3-700-piezas-incautadas-en-11-allanamientos\/#primaryimage"},"thumbnailUrl":"https:\/\/vocesdelacomuna15.com.ar\/wp-content\/uploads\/2021\/06\/poli1806.jpg","datePublished":"2021-06-18T02:46:43+00:00","dateModified":"2021-06-18T14:49:54+00:00","description":"Voces de la Comuna 15","breadcrumb":{"@id":"https:\/\/vocesdelacomuna15.com.ar\/press\/golpe-al-mercado-ilegal-de-autopartes-mas-de-3-700-piezas-incautadas-en-11-allanamientos\/#breadcrumb"},"inLanguage":"es-AR","potentialAction":[{"@type":"ReadAction","target":["https:\/\/vocesdelacomuna15.com.ar\/press\/golpe-al-mercado-ilegal-de-autopartes-mas-de-3-700-piezas-incautadas-en-11-allanamientos\/"]}]},{"@type":"ImageObject","inLanguage":"es-AR","@id":"https:\/\/vocesdelacomuna15.com.ar\/press\/golpe-al-mercado-ilegal-de-autopartes-mas-de-3-700-piezas-incautadas-en-11-allanamientos\/#primaryimage","url":"https:\/\/vocesdelacomuna15.com.ar\/wp-content\/uploads\/2021\/06\/poli1806.jpg","contentUrl":"https:\/\/vocesdelacomuna15.com.ar\/wp-content\/uploads\/2021\/06\/poli1806.jpg","width":1620,"height":1005},{"@type":"BreadcrumbList","@id":"https:\/\/vocesdelacomuna15.com.ar\/press\/golpe-al-mercado-ilegal-de-autopartes-mas-de-3-700-piezas-incautadas-en-11-allanamientos\/#breadcrumb","itemListElement":[{"@type":"ListItem","position":1,"name":"Inicio","item":"https:\/\/vocesdelacomuna15.com.ar\/press\/"},{"@type":"ListItem","position":2,"name":"Golpe al mercado ilegal de autopartes: m\u00e1s de 3.700 piezas incautadas en 11 allanamientos"}]},{"@type":"WebSite","@id":"https:\/\/vocesdelacomuna15.com.ar\/press\/#website","url":"https:\/\/vocesdelacomuna15.com.ar\/press\/","name":"Voces de la Comuna 15","description":"Sitio web de noticias","publisher":{"@id":"https:\/\/vocesdelacomuna15.com.ar\/press\/#organization"},"potentialAction":[{"@type":"SearchAction","target":{"@type":"EntryPoint","urlTemplate":"https:\/\/vocesdelacomuna15.com.ar\/press\/?s={search_term_string}"},"query-input":{"@type":"PropertyValueSpecification","valueRequired":true,"valueName":"search_term_string"}}],"inLanguage":"es-AR"},{"@type":"Organization","@id":"https:\/\/vocesdelacomuna15.com.ar\/press\/#organization","name":"Voces de la Comuna 15","url":"https:\/\/vocesdelacomuna15.com.ar\/press\/","logo":{"@type":"ImageObject","inLanguage":"es-AR","@id":"https:\/\/vocesdelacomuna15.com.ar\/press\/#\/schema\/logo\/image\/","url":"https:\/\/vocesdelacomuna15.com.ar\/wp-content\/uploads\/2024\/12\/cropped-logo_voces.jpg","contentUrl":"https:\/\/vocesdelacomuna15.com.ar\/wp-content\/uploads\/2024\/12\/cropped-logo_voces.jpg","width":512,"height":512,"caption":"Voces de la Comuna 15"},"image":{"@id":"https:\/\/vocesdelacomuna15.com.ar\/press\/#\/schema\/logo\/image\/"},"sameAs":["https:\/\/www.facebook.com\/VocesComuna15\/","https:\/\/x.com\/vocescomuna15"]},{"@type":"Person","@id":"https:\/\/vocesdelacomuna15.com.ar\/press\/#\/schema\/person\/4739e109db25d799cd3d139eeb509e43","name":"Federico Arguto","image":{"@type":"ImageObject","inLanguage":"es-AR","@id":"https:\/\/vocesdelacomuna15.com.ar\/wp-content\/litespeed\/avatar\/82faf979976f1bae889b8b71f8a0a7e5.jpg?ver=1776814847","url":"https:\/\/vocesdelacomuna15.com.ar\/wp-content\/litespeed\/avatar\/82faf979976f1bae889b8b71f8a0a7e5.jpg?ver=1776814847","contentUrl":"https:\/\/vocesdelacomuna15.com.ar\/wp-content\/litespeed\/avatar\/82faf979976f1bae889b8b71f8a0a7e5.jpg?ver=1776814847","caption":"Federico Arguto"},"url":"https:\/\/vocesdelacomuna15.com.ar\/press\/author\/fede\/"}]}},"_links":{"self":[{"href":"https:\/\/vocesdelacomuna15.com.ar\/press\/wp-json\/wp\/v2\/posts\/54185","targetHints":{"allow":["GET"]}}],"collection":[{"href":"https:\/\/vocesdelacomuna15.com.ar\/press\/wp-json\/wp\/v2\/posts"}],"about":[{"href":"https:\/\/vocesdelacomuna15.com.ar\/press\/wp-json\/wp\/v2\/types\/post"}],"author":[{"embeddable":true,"href":"https:\/\/vocesdelacomuna15.com.ar\/press\/wp-json\/wp\/v2\/users\/2"}],"replies":[{"embeddable":true,"href":"https:\/\/vocesdelacomuna15.com.ar\/press\/wp-json\/wp\/v2\/comments?post=54185"}],"version-history":[{"count":1,"href":"https:\/\/vocesdelacomuna15.com.ar\/press\/wp-json\/wp\/v2\/posts\/54185\/revisions"}],"predecessor-version":[{"id":54187,"href":"https:\/\/vocesdelacomuna15.com.ar\/press\/wp-json\/wp\/v2\/posts\/54185\/revisions\/54187"}],"wp:featuredmedia":[{"embeddable":true,"href":"https:\/\/vocesdelacomuna15.com.ar\/press\/wp-json\/wp\/v2\/media\/54186"}],"wp:attachment":[{"href":"https:\/\/vocesdelacomuna15.com.ar\/press\/wp-json\/wp\/v2\/media?parent=54185"}],"wp:term":[{"taxonomy":"category","embeddable":true,"href":"https:\/\/vocesdelacomuna15.com.ar\/press\/wp-json\/wp\/v2\/categories?post=54185"},{"taxonomy":"post_tag","embeddable":true,"href":"https:\/\/vocesdelacomuna15.com.ar\/press\/wp-json\/wp\/v2\/tags?post=54185"}],"curies":[{"name":"wp","href":"https:\/\/api.w.org\/{rel}","templated":true}]}}