{"id":52041,"date":"2020-01-06T12:15:25","date_gmt":"2020-01-06T15:15:25","guid":{"rendered":"http:\/\/vocesdelacomuna15.com.ar\/wordpress\/?p=52041"},"modified":"2021-06-13T15:34:16","modified_gmt":"2021-06-13T18:34:16","slug":"comunicado-de-prensa-vecinos-contra-el-megaestadio-movistar-arena-del-diario-la-nacion","status":"publish","type":"post","link":"https:\/\/vocesdelacomuna15.com.ar\/press\/comunicado-de-prensa-vecinos-contra-el-megaestadio-movistar-arena-del-diario-la-nacion\/","title":{"rendered":"Comunicado de Prensa: Vecinos contra el Megaestadio Movistar Arena del Diario La Naci\u00f3n"},"content":{"rendered":"\n<h4 class=\"wp-block-heading\">En febrero vuelven los recitales y vuelven los cortes<\/h4>\n\n\n\n<p>Desde abril de 2018, los Vecinos Autoconvocados contra el Megaestadio  MOVISTAR ARENA en Villa Crespo denunciamos reiteradamente, a trav\u00e9s de  comunicados de prensa, de entrevistas en diarios, radio y televisi\u00f3n,  que el Gobierno de la Ciudad es c\u00f3mplice en la construcci\u00f3n de este  emprendimiento propiedad del diario La Naci\u00f3n y la multinacional AEG  Worldwide. Este megaestadio de m\u00e1s de 25 mil metros cuadrados, con  capacidad para 16.000 personas \u2013dos veces el Luna Park-, en el que se  realizar\u00e1n m\u00e1s de 120 shows por a\u00f1o, se construy\u00f3 en tierras p\u00fablicas  cedidas por la Legislatura porte\u00f1a al Club Atlanta que, a su vez, lo  cedi\u00f3 en comodato al diario La Naci\u00f3n. Avalado por el Ejecutivo de Horacio Rodriguez Larreta, este MEGAESTADIO  est\u00e1 exento de pagar impuestos de ABL durante cuarenta a\u00f1os, mientras  para el resto de los habitantes de CABA este impuesto se incrementar\u00e1 al  ritmo de la inflaci\u00f3n.  Los vecinos autoconvocados seguimos exigiendo al Gobierno de la Ciudad  respuestas a nuestros reclamos para que podamos volver a vivir con  tranquilidad. El d\u00eda 21 de noviembre pasado concurrimos a una reuni\u00f3n con el  subsecretario de Vinculaci\u00f3n Ciudadana, Juan Pablo Arenaza, a quien le  dejamos un listado de los problemas m\u00e1s acuciantes que soportamos entre  tres y cuatro veces por semana, cada vez que hay un recital.  Entre  ellos,  los ruidos que se originan a la entrada y salida de los  recitales; la contaminaci\u00f3n lum\u00ednica permanente, que proviene de los  carteles del Megaestadio; el uso de meg\u00e1fonos para orientar el ingreso y  egreso de p\u00fablico; los cortes de calle que impiden el transito de  quienes viven en la zona; el caos de estacionamiento; la proliferaci\u00f3n  de trapitos amparados por la polic\u00eda; la situaci\u00f3n de los vecinos con  dificultades de movilidad (enjaulados en sus casas los d\u00edas de recital,  debido a que por los cortes de calle y las vallas ni ellos pueden salir  ni sus familiares llegar a buscarlos con un auto particular o un taxi);  la exigencia que se nos hace a los vecinos de mostrar nuestro DNI para  llegar a nuestros domicilios; la debacle econ\u00f3mica que todo esto  representa   para los comerciantes de la zona. Hasta la fecha no hemos  tenido respuesta, a pesar que en dicha reuni\u00f3n se comprometi\u00f3 a darla  antes de fin de a\u00f1o. Cuando lo llamamos en la \u00faltima semana de diciembre  para pedirle respuesta, no dijo, a trav\u00e9s de un asistente, que hab\u00edamos  acordado volver a hablar en la primera quincena de enero. Lo cual es  falso.  Asimismo, mantuvimos reuniones con el legislador Juan Manuel Vald\u00e9s, del  Frente de Todos, quien se mostr\u00f3 muy interesado en nuestra situaci\u00f3n, y  manifest\u00f3 que pondr\u00e1 esta problem\u00e1tica en conocimiento del bloque que  integra. A todos los trastornos que trae el Megaestadio se suman, ahora, las  vibraciones que se producen con cada recital, que hacen que tanto los  vecinos que viven muy cerca como los que est\u00e1n m\u00e1s alejados, por ejemplo  en Padilla y Thames, reporten movimientos oscilatorios en sus viviendas  (que pueden percibirse a simple vista, en ventiladores, cuadros,  tenders y puertas de placares que se sacuden como pose\u00eddos por una  fuerza sobrenatural), que no s\u00f3lo impiden el descanso y cualquier  actividad (provocan n\u00e1useas y mareos en muchas personas) sino que  terminar\u00e1n afectando severamente la estructura de los edificios. En el mes de febrero volveremos a la legislatura, a seguir hablando con  legisladores y solicitar que levanten el proyecto de ley que presentamos  los vecinos para que el Megaestadio s\u00f3lo se use para eventos  deportivos,  y para reclamar que esta empresa PAGUE EL ABL COMO LO  PAGAMOS TODOS.  Tambi\u00e9n mantendremos reuniones con los comuneros de la Comuna 15, para  pedirles que apoyen nuestro reclamo o se pronuncien al respecto.  Las vecinas y vecinos no vamos a bajar los brazos hasta que este  monstruo creado por el Diario la Naci\u00f3n y la multinacional AEG, en  acuerdo con los directivos del Club Atlanta y la complicidad del  Gobierno de la Ciudad, deje de arruinarle a la vida a miles de personas.   Seguiremos accionando ante las autoridades para lograr nuestro objetivo,  y mantendremos informada a la comunidad y a los medios de comunicaci\u00f3n  acerca de las acciones que desarrollaremos en este mes de enero (cuando  el megaestadio permanecer\u00e1 cerrado con el fin de \u201cterminar la obra\u201d), en  el que estaremos, entre otras cosas, volanteando los fines de semana. Pero no s\u00f3lo no nos detenemos sino que decimos: EN FEBRERO VUELVEN LOS RECITALES Y VUELVEN LOS CORTES Facebook: NO AL MEGAESTADIO EN VILLA CRESPO Twitter: @NoalVilla Instagram: @noalmegaestadioarena  e-mail: villacrespocontraelestadio@gmail.com  Contactos:   Leila:       15 3 641 7291 Luis:        15 5 709 2692 Gustavo: 15 6 180 0310 Ingrid:      15 5 494 0643 Laura:      15 5 697 2643 Fecha: 27 de diciembre de 2019 Caracteres: 4.440 <\/p>\n<div class=\"pvc_clear\"><\/div><p id=\"pvc_stats_52041\" class=\"pvc_stats all  \" data-element-id=\"52041\" style=\"\"><i class=\"pvc-stats-icon small\" aria-hidden=\"true\"><svg aria-hidden=\"true\" focusable=\"false\" data-prefix=\"far\" data-icon=\"chart-bar\" role=\"img\" xmlns=\"http:\/\/www.w3.org\/2000\/svg\" viewBox=\"0 0 512 512\" class=\"svg-inline--fa fa-chart-bar fa-w-16 fa-2x\"><path fill=\"currentColor\" d=\"M396.8 352h22.4c6.4 0 12.8-6.4 12.8-12.8V108.8c0-6.4-6.4-12.8-12.8-12.8h-22.4c-6.4 0-12.8 6.4-12.8 12.8v230.4c0 6.4 6.4 12.8 12.8 12.8zm-192 0h22.4c6.4 0 12.8-6.4 12.8-12.8V140.8c0-6.4-6.4-12.8-12.8-12.8h-22.4c-6.4 0-12.8 6.4-12.8 12.8v198.4c0 6.4 6.4 12.8 12.8 12.8zm96 0h22.4c6.4 0 12.8-6.4 12.8-12.8V204.8c0-6.4-6.4-12.8-12.8-12.8h-22.4c-6.4 0-12.8 6.4-12.8 12.8v134.4c0 6.4 6.4 12.8 12.8 12.8zM496 400H48V80c0-8.84-7.16-16-16-16H16C7.16 64 0 71.16 0 80v336c0 17.67 14.33 32 32 32h464c8.84 0 16-7.16 16-16v-16c0-8.84-7.16-16-16-16zm-387.2-48h22.4c6.4 0 12.8-6.4 12.8-12.8v-70.4c0-6.4-6.4-12.8-12.8-12.8h-22.4c-6.4 0-12.8 6.4-12.8 12.8v70.4c0 6.4 6.4 12.8 12.8 12.8z\" class=\"\"><\/path><\/svg><\/i> <img loading=\"lazy\" decoding=\"async\" width=\"16\" height=\"16\" alt=\"Loading\" src=\"https:\/\/vocesdelacomuna15.com.ar\/wp-content\/plugins\/page-views-count\/ajax-loader-2x.gif\" border=0 \/><\/p><div class=\"pvc_clear\"><\/div>","protected":false},"excerpt":{"rendered":"<p>En febrero vuelven los recitales y vuelven los cortes Desde abril de 2018, los Vecinos Autoconvocados contra el Megaestadio MOVISTAR ARENA en Villa Crespo denunciamos reiteradamente, a trav\u00e9s de comunicados de prensa, de entrevistas en diarios, radio y televisi\u00f3n, que el Gobierno de la Ciudad es c\u00f3mplice en la construcci\u00f3n de este emprendimiento propiedad del [&hellip;]<\/p>\n<div class=\"pvc_clear\"><\/div>\n<p id=\"pvc_stats_52041\" class=\"pvc_stats all  \" data-element-id=\"52041\" style=\"\"><i class=\"pvc-stats-icon small\" aria-hidden=\"true\"><svg aria-hidden=\"true\" focusable=\"false\" data-prefix=\"far\" data-icon=\"chart-bar\" role=\"img\" xmlns=\"http:\/\/www.w3.org\/2000\/svg\" viewBox=\"0 0 512 512\" class=\"svg-inline--fa fa-chart-bar fa-w-16 fa-2x\"><path fill=\"currentColor\" d=\"M396.8 352h22.4c6.4 0 12.8-6.4 12.8-12.8V108.8c0-6.4-6.4-12.8-12.8-12.8h-22.4c-6.4 0-12.8 6.4-12.8 12.8v230.4c0 6.4 6.4 12.8 12.8 12.8zm-192 0h22.4c6.4 0 12.8-6.4 12.8-12.8V140.8c0-6.4-6.4-12.8-12.8-12.8h-22.4c-6.4 0-12.8 6.4-12.8 12.8v198.4c0 6.4 6.4 12.8 12.8 12.8zm96 0h22.4c6.4 0 12.8-6.4 12.8-12.8V204.8c0-6.4-6.4-12.8-12.8-12.8h-22.4c-6.4 0-12.8 6.4-12.8 12.8v134.4c0 6.4 6.4 12.8 12.8 12.8zM496 400H48V80c0-8.84-7.16-16-16-16H16C7.16 64 0 71.16 0 80v336c0 17.67 14.33 32 32 32h464c8.84 0 16-7.16 16-16v-16c0-8.84-7.16-16-16-16zm-387.2-48h22.4c6.4 0 12.8-6.4 12.8-12.8v-70.4c0-6.4-6.4-12.8-12.8-12.8h-22.4c-6.4 0-12.8 6.4-12.8 12.8v70.4c0 6.4 6.4 12.8 12.8 12.8z\" class=\"\"><\/path><\/svg><\/i> <img loading=\"lazy\" decoding=\"async\" width=\"16\" height=\"16\" alt=\"Loading\" src=\"https:\/\/vocesdelacomuna15.com.ar\/wp-content\/plugins\/page-views-count\/ajax-loader-2x.gif\" border=0 \/><\/p>\n<div class=\"pvc_clear\"><\/div>\n","protected":false},"author":2,"featured_media":54100,"comment_status":"open","ping_status":"open","sticky":false,"template":"","format":"standard","meta":{"_et_pb_use_builder":"off","_et_pb_old_content":"","_et_gb_content_width":"","footnotes":""},"categories":[8,32],"tags":[],"class_list":["post-52041","post","type-post","status-publish","format-standard","has-post-thumbnail","hentry","category-sociedad","category-vcre","et-has-post-format-content","et_post_format-et-post-format-standard"],"a3_pvc":{"activated":true,"total_views":231,"today_views":0},"yoast_head":"<!-- This site is optimized with the Yoast SEO plugin v27.5 - https:\/\/yoast.com\/product\/yoast-seo-wordpress\/ -->\n<title>Comunicado de Prensa: Vecinos contra el Megaestadio Movistar Arena del Diario La Naci\u00f3n - Voces de la Comuna 15<\/title>\n<meta name=\"description\" content=\"Voces de la Comuna 15\" \/>\n<meta name=\"robots\" content=\"index, follow, max-snippet:-1, max-image-preview:large, max-video-preview:-1\" \/>\n<link rel=\"canonical\" href=\"https:\/\/vocesdelacomuna15.com.ar\/press\/comunicado-de-prensa-vecinos-contra-el-megaestadio-movistar-arena-del-diario-la-nacion\/\" \/>\n<meta property=\"og:locale\" content=\"es_ES\" \/>\n<meta property=\"og:type\" content=\"article\" \/>\n<meta property=\"og:title\" content=\"Comunicado de Prensa: Vecinos contra el Megaestadio Movistar Arena del Diario La Naci\u00f3n - Voces de la Comuna 15\" \/>\n<meta property=\"og:description\" content=\"Voces de la Comuna 15\" \/>\n<meta property=\"og:url\" content=\"https:\/\/vocesdelacomuna15.com.ar\/press\/comunicado-de-prensa-vecinos-contra-el-megaestadio-movistar-arena-del-diario-la-nacion\/\" \/>\n<meta property=\"og:site_name\" content=\"Voces de la Comuna 15\" \/>\n<meta property=\"article:publisher\" content=\"https:\/\/www.facebook.com\/VocesComuna15\/\" \/>\n<meta property=\"article:published_time\" content=\"2020-01-06T15:15:25+00:00\" \/>\n<meta property=\"article:modified_time\" content=\"2021-06-13T18:34:16+00:00\" \/>\n<meta property=\"og:image\" content=\"https:\/\/vocesdelacomuna15.com.ar\/wp-content\/uploads\/2019\/07\/megaarena1006.png\" \/>\n\t<meta property=\"og:image:width\" content=\"661\" \/>\n\t<meta property=\"og:image:height\" content=\"597\" \/>\n\t<meta property=\"og:image:type\" content=\"image\/png\" \/>\n<meta name=\"author\" content=\"Federico Arguto\" \/>\n<meta name=\"twitter:card\" content=\"summary_large_image\" \/>\n<meta name=\"twitter:creator\" content=\"@vocescomuna15\" \/>\n<meta name=\"twitter:site\" content=\"@vocescomuna15\" \/>\n<meta name=\"twitter:label1\" content=\"Escrito por\" \/>\n\t<meta name=\"twitter:data1\" content=\"Federico Arguto\" \/>\n\t<meta name=\"twitter:label2\" content=\"Tiempo de lectura\" \/>\n\t<meta name=\"twitter:data2\" content=\"4 minutos\" \/>\n<script type=\"application\/ld+json\" class=\"yoast-schema-graph\">{\"@context\":\"https:\\\/\\\/schema.org\",\"@graph\":[{\"@type\":\"Article\",\"@id\":\"https:\\\/\\\/vocesdelacomuna15.com.ar\\\/press\\\/comunicado-de-prensa-vecinos-contra-el-megaestadio-movistar-arena-del-diario-la-nacion\\\/#article\",\"isPartOf\":{\"@id\":\"https:\\\/\\\/vocesdelacomuna15.com.ar\\\/press\\\/comunicado-de-prensa-vecinos-contra-el-megaestadio-movistar-arena-del-diario-la-nacion\\\/\"},\"author\":{\"name\":\"Federico Arguto\",\"@id\":\"https:\\\/\\\/vocesdelacomuna15.com.ar\\\/press\\\/#\\\/schema\\\/person\\\/4739e109db25d799cd3d139eeb509e43\"},\"headline\":\"Comunicado de Prensa: Vecinos contra el Megaestadio Movistar Arena del Diario La Naci\u00f3n\",\"datePublished\":\"2020-01-06T15:15:25+00:00\",\"dateModified\":\"2021-06-13T18:34:16+00:00\",\"mainEntityOfPage\":{\"@id\":\"https:\\\/\\\/vocesdelacomuna15.com.ar\\\/press\\\/comunicado-de-prensa-vecinos-contra-el-megaestadio-movistar-arena-del-diario-la-nacion\\\/\"},\"wordCount\":822,\"commentCount\":0,\"publisher\":{\"@id\":\"https:\\\/\\\/vocesdelacomuna15.com.ar\\\/press\\\/#organization\"},\"image\":{\"@id\":\"https:\\\/\\\/vocesdelacomuna15.com.ar\\\/press\\\/comunicado-de-prensa-vecinos-contra-el-megaestadio-movistar-arena-del-diario-la-nacion\\\/#primaryimage\"},\"thumbnailUrl\":\"https:\\\/\\\/vocesdelacomuna15.com.ar\\\/wp-content\\\/uploads\\\/2019\\\/07\\\/megaarena1006.png\",\"articleSection\":[\"Sociedad\",\"Villa Crespo\"],\"inLanguage\":\"es-AR\",\"potentialAction\":[{\"@type\":\"CommentAction\",\"name\":\"Comment\",\"target\":[\"https:\\\/\\\/vocesdelacomuna15.com.ar\\\/press\\\/comunicado-de-prensa-vecinos-contra-el-megaestadio-movistar-arena-del-diario-la-nacion\\\/#respond\"]}]},{\"@type\":\"WebPage\",\"@id\":\"https:\\\/\\\/vocesdelacomuna15.com.ar\\\/press\\\/comunicado-de-prensa-vecinos-contra-el-megaestadio-movistar-arena-del-diario-la-nacion\\\/\",\"url\":\"https:\\\/\\\/vocesdelacomuna15.com.ar\\\/press\\\/comunicado-de-prensa-vecinos-contra-el-megaestadio-movistar-arena-del-diario-la-nacion\\\/\",\"name\":\"Comunicado de Prensa: Vecinos contra el Megaestadio Movistar Arena del Diario La Naci\u00f3n - Voces de la Comuna 15\",\"isPartOf\":{\"@id\":\"https:\\\/\\\/vocesdelacomuna15.com.ar\\\/press\\\/#website\"},\"primaryImageOfPage\":{\"@id\":\"https:\\\/\\\/vocesdelacomuna15.com.ar\\\/press\\\/comunicado-de-prensa-vecinos-contra-el-megaestadio-movistar-arena-del-diario-la-nacion\\\/#primaryimage\"},\"image\":{\"@id\":\"https:\\\/\\\/vocesdelacomuna15.com.ar\\\/press\\\/comunicado-de-prensa-vecinos-contra-el-megaestadio-movistar-arena-del-diario-la-nacion\\\/#primaryimage\"},\"thumbnailUrl\":\"https:\\\/\\\/vocesdelacomuna15.com.ar\\\/wp-content\\\/uploads\\\/2019\\\/07\\\/megaarena1006.png\",\"datePublished\":\"2020-01-06T15:15:25+00:00\",\"dateModified\":\"2021-06-13T18:34:16+00:00\",\"description\":\"Voces de la Comuna 15\",\"breadcrumb\":{\"@id\":\"https:\\\/\\\/vocesdelacomuna15.com.ar\\\/press\\\/comunicado-de-prensa-vecinos-contra-el-megaestadio-movistar-arena-del-diario-la-nacion\\\/#breadcrumb\"},\"inLanguage\":\"es-AR\",\"potentialAction\":[{\"@type\":\"ReadAction\",\"target\":[\"https:\\\/\\\/vocesdelacomuna15.com.ar\\\/press\\\/comunicado-de-prensa-vecinos-contra-el-megaestadio-movistar-arena-del-diario-la-nacion\\\/\"]}]},{\"@type\":\"ImageObject\",\"inLanguage\":\"es-AR\",\"@id\":\"https:\\\/\\\/vocesdelacomuna15.com.ar\\\/press\\\/comunicado-de-prensa-vecinos-contra-el-megaestadio-movistar-arena-del-diario-la-nacion\\\/#primaryimage\",\"url\":\"https:\\\/\\\/vocesdelacomuna15.com.ar\\\/wp-content\\\/uploads\\\/2019\\\/07\\\/megaarena1006.png\",\"contentUrl\":\"https:\\\/\\\/vocesdelacomuna15.com.ar\\\/wp-content\\\/uploads\\\/2019\\\/07\\\/megaarena1006.png\",\"width\":661,\"height\":597},{\"@type\":\"BreadcrumbList\",\"@id\":\"https:\\\/\\\/vocesdelacomuna15.com.ar\\\/press\\\/comunicado-de-prensa-vecinos-contra-el-megaestadio-movistar-arena-del-diario-la-nacion\\\/#breadcrumb\",\"itemListElement\":[{\"@type\":\"ListItem\",\"position\":1,\"name\":\"Inicio\",\"item\":\"https:\\\/\\\/vocesdelacomuna15.com.ar\\\/press\\\/\"},{\"@type\":\"ListItem\",\"position\":2,\"name\":\"Comunicado de Prensa: Vecinos contra el Megaestadio Movistar Arena del Diario La Naci\u00f3n\"}]},{\"@type\":\"WebSite\",\"@id\":\"https:\\\/\\\/vocesdelacomuna15.com.ar\\\/press\\\/#website\",\"url\":\"https:\\\/\\\/vocesdelacomuna15.com.ar\\\/press\\\/\",\"name\":\"Voces de la Comuna 15\",\"description\":\"Sitio web de noticias\",\"publisher\":{\"@id\":\"https:\\\/\\\/vocesdelacomuna15.com.ar\\\/press\\\/#organization\"},\"potentialAction\":[{\"@type\":\"SearchAction\",\"target\":{\"@type\":\"EntryPoint\",\"urlTemplate\":\"https:\\\/\\\/vocesdelacomuna15.com.ar\\\/press\\\/?s={search_term_string}\"},\"query-input\":{\"@type\":\"PropertyValueSpecification\",\"valueRequired\":true,\"valueName\":\"search_term_string\"}}],\"inLanguage\":\"es-AR\"},{\"@type\":\"Organization\",\"@id\":\"https:\\\/\\\/vocesdelacomuna15.com.ar\\\/press\\\/#organization\",\"name\":\"Voces de la Comuna 15\",\"url\":\"https:\\\/\\\/vocesdelacomuna15.com.ar\\\/press\\\/\",\"logo\":{\"@type\":\"ImageObject\",\"inLanguage\":\"es-AR\",\"@id\":\"https:\\\/\\\/vocesdelacomuna15.com.ar\\\/press\\\/#\\\/schema\\\/logo\\\/image\\\/\",\"url\":\"https:\\\/\\\/vocesdelacomuna15.com.ar\\\/wp-content\\\/uploads\\\/2024\\\/12\\\/cropped-logo_voces.jpg\",\"contentUrl\":\"https:\\\/\\\/vocesdelacomuna15.com.ar\\\/wp-content\\\/uploads\\\/2024\\\/12\\\/cropped-logo_voces.jpg\",\"width\":512,\"height\":512,\"caption\":\"Voces de la Comuna 15\"},\"image\":{\"@id\":\"https:\\\/\\\/vocesdelacomuna15.com.ar\\\/press\\\/#\\\/schema\\\/logo\\\/image\\\/\"},\"sameAs\":[\"https:\\\/\\\/www.facebook.com\\\/VocesComuna15\\\/\",\"https:\\\/\\\/x.com\\\/vocescomuna15\"]},{\"@type\":\"Person\",\"@id\":\"https:\\\/\\\/vocesdelacomuna15.com.ar\\\/press\\\/#\\\/schema\\\/person\\\/4739e109db25d799cd3d139eeb509e43\",\"name\":\"Federico Arguto\",\"image\":{\"@type\":\"ImageObject\",\"inLanguage\":\"es-AR\",\"@id\":\"https:\\\/\\\/vocesdelacomuna15.com.ar\\\/wp-content\\\/litespeed\\\/avatar\\\/82faf979976f1bae889b8b71f8a0a7e5.jpg?ver=1777419741\",\"url\":\"https:\\\/\\\/vocesdelacomuna15.com.ar\\\/wp-content\\\/litespeed\\\/avatar\\\/82faf979976f1bae889b8b71f8a0a7e5.jpg?ver=1777419741\",\"contentUrl\":\"https:\\\/\\\/vocesdelacomuna15.com.ar\\\/wp-content\\\/litespeed\\\/avatar\\\/82faf979976f1bae889b8b71f8a0a7e5.jpg?ver=1777419741\",\"caption\":\"Federico Arguto\"},\"url\":\"https:\\\/\\\/vocesdelacomuna15.com.ar\\\/press\\\/author\\\/fede\\\/\"}]}<\/script>\n<!-- \/ Yoast SEO plugin. -->","yoast_head_json":{"title":"Comunicado de Prensa: Vecinos contra el Megaestadio Movistar Arena del Diario La Naci\u00f3n - Voces de la Comuna 15","description":"Voces de la Comuna 15","robots":{"index":"index","follow":"follow","max-snippet":"max-snippet:-1","max-image-preview":"max-image-preview:large","max-video-preview":"max-video-preview:-1"},"canonical":"https:\/\/vocesdelacomuna15.com.ar\/press\/comunicado-de-prensa-vecinos-contra-el-megaestadio-movistar-arena-del-diario-la-nacion\/","og_locale":"es_ES","og_type":"article","og_title":"Comunicado de Prensa: Vecinos contra el Megaestadio Movistar Arena del Diario La Naci\u00f3n - Voces de la Comuna 15","og_description":"Voces de la Comuna 15","og_url":"https:\/\/vocesdelacomuna15.com.ar\/press\/comunicado-de-prensa-vecinos-contra-el-megaestadio-movistar-arena-del-diario-la-nacion\/","og_site_name":"Voces de la Comuna 15","article_publisher":"https:\/\/www.facebook.com\/VocesComuna15\/","article_published_time":"2020-01-06T15:15:25+00:00","article_modified_time":"2021-06-13T18:34:16+00:00","og_image":[{"width":661,"height":597,"url":"https:\/\/vocesdelacomuna15.com.ar\/wp-content\/uploads\/2019\/07\/megaarena1006.png","type":"image\/png"}],"author":"Federico Arguto","twitter_card":"summary_large_image","twitter_creator":"@vocescomuna15","twitter_site":"@vocescomuna15","twitter_misc":{"Escrito por":"Federico Arguto","Tiempo de lectura":"4 minutos"},"schema":{"@context":"https:\/\/schema.org","@graph":[{"@type":"Article","@id":"https:\/\/vocesdelacomuna15.com.ar\/press\/comunicado-de-prensa-vecinos-contra-el-megaestadio-movistar-arena-del-diario-la-nacion\/#article","isPartOf":{"@id":"https:\/\/vocesdelacomuna15.com.ar\/press\/comunicado-de-prensa-vecinos-contra-el-megaestadio-movistar-arena-del-diario-la-nacion\/"},"author":{"name":"Federico Arguto","@id":"https:\/\/vocesdelacomuna15.com.ar\/press\/#\/schema\/person\/4739e109db25d799cd3d139eeb509e43"},"headline":"Comunicado de Prensa: Vecinos contra el Megaestadio Movistar Arena del Diario La Naci\u00f3n","datePublished":"2020-01-06T15:15:25+00:00","dateModified":"2021-06-13T18:34:16+00:00","mainEntityOfPage":{"@id":"https:\/\/vocesdelacomuna15.com.ar\/press\/comunicado-de-prensa-vecinos-contra-el-megaestadio-movistar-arena-del-diario-la-nacion\/"},"wordCount":822,"commentCount":0,"publisher":{"@id":"https:\/\/vocesdelacomuna15.com.ar\/press\/#organization"},"image":{"@id":"https:\/\/vocesdelacomuna15.com.ar\/press\/comunicado-de-prensa-vecinos-contra-el-megaestadio-movistar-arena-del-diario-la-nacion\/#primaryimage"},"thumbnailUrl":"https:\/\/vocesdelacomuna15.com.ar\/wp-content\/uploads\/2019\/07\/megaarena1006.png","articleSection":["Sociedad","Villa Crespo"],"inLanguage":"es-AR","potentialAction":[{"@type":"CommentAction","name":"Comment","target":["https:\/\/vocesdelacomuna15.com.ar\/press\/comunicado-de-prensa-vecinos-contra-el-megaestadio-movistar-arena-del-diario-la-nacion\/#respond"]}]},{"@type":"WebPage","@id":"https:\/\/vocesdelacomuna15.com.ar\/press\/comunicado-de-prensa-vecinos-contra-el-megaestadio-movistar-arena-del-diario-la-nacion\/","url":"https:\/\/vocesdelacomuna15.com.ar\/press\/comunicado-de-prensa-vecinos-contra-el-megaestadio-movistar-arena-del-diario-la-nacion\/","name":"Comunicado de Prensa: Vecinos contra el Megaestadio Movistar Arena del Diario La Naci\u00f3n - Voces de la Comuna 15","isPartOf":{"@id":"https:\/\/vocesdelacomuna15.com.ar\/press\/#website"},"primaryImageOfPage":{"@id":"https:\/\/vocesdelacomuna15.com.ar\/press\/comunicado-de-prensa-vecinos-contra-el-megaestadio-movistar-arena-del-diario-la-nacion\/#primaryimage"},"image":{"@id":"https:\/\/vocesdelacomuna15.com.ar\/press\/comunicado-de-prensa-vecinos-contra-el-megaestadio-movistar-arena-del-diario-la-nacion\/#primaryimage"},"thumbnailUrl":"https:\/\/vocesdelacomuna15.com.ar\/wp-content\/uploads\/2019\/07\/megaarena1006.png","datePublished":"2020-01-06T15:15:25+00:00","dateModified":"2021-06-13T18:34:16+00:00","description":"Voces de la Comuna 15","breadcrumb":{"@id":"https:\/\/vocesdelacomuna15.com.ar\/press\/comunicado-de-prensa-vecinos-contra-el-megaestadio-movistar-arena-del-diario-la-nacion\/#breadcrumb"},"inLanguage":"es-AR","potentialAction":[{"@type":"ReadAction","target":["https:\/\/vocesdelacomuna15.com.ar\/press\/comunicado-de-prensa-vecinos-contra-el-megaestadio-movistar-arena-del-diario-la-nacion\/"]}]},{"@type":"ImageObject","inLanguage":"es-AR","@id":"https:\/\/vocesdelacomuna15.com.ar\/press\/comunicado-de-prensa-vecinos-contra-el-megaestadio-movistar-arena-del-diario-la-nacion\/#primaryimage","url":"https:\/\/vocesdelacomuna15.com.ar\/wp-content\/uploads\/2019\/07\/megaarena1006.png","contentUrl":"https:\/\/vocesdelacomuna15.com.ar\/wp-content\/uploads\/2019\/07\/megaarena1006.png","width":661,"height":597},{"@type":"BreadcrumbList","@id":"https:\/\/vocesdelacomuna15.com.ar\/press\/comunicado-de-prensa-vecinos-contra-el-megaestadio-movistar-arena-del-diario-la-nacion\/#breadcrumb","itemListElement":[{"@type":"ListItem","position":1,"name":"Inicio","item":"https:\/\/vocesdelacomuna15.com.ar\/press\/"},{"@type":"ListItem","position":2,"name":"Comunicado de Prensa: Vecinos contra el Megaestadio Movistar Arena del Diario La Naci\u00f3n"}]},{"@type":"WebSite","@id":"https:\/\/vocesdelacomuna15.com.ar\/press\/#website","url":"https:\/\/vocesdelacomuna15.com.ar\/press\/","name":"Voces de la Comuna 15","description":"Sitio web de noticias","publisher":{"@id":"https:\/\/vocesdelacomuna15.com.ar\/press\/#organization"},"potentialAction":[{"@type":"SearchAction","target":{"@type":"EntryPoint","urlTemplate":"https:\/\/vocesdelacomuna15.com.ar\/press\/?s={search_term_string}"},"query-input":{"@type":"PropertyValueSpecification","valueRequired":true,"valueName":"search_term_string"}}],"inLanguage":"es-AR"},{"@type":"Organization","@id":"https:\/\/vocesdelacomuna15.com.ar\/press\/#organization","name":"Voces de la Comuna 15","url":"https:\/\/vocesdelacomuna15.com.ar\/press\/","logo":{"@type":"ImageObject","inLanguage":"es-AR","@id":"https:\/\/vocesdelacomuna15.com.ar\/press\/#\/schema\/logo\/image\/","url":"https:\/\/vocesdelacomuna15.com.ar\/wp-content\/uploads\/2024\/12\/cropped-logo_voces.jpg","contentUrl":"https:\/\/vocesdelacomuna15.com.ar\/wp-content\/uploads\/2024\/12\/cropped-logo_voces.jpg","width":512,"height":512,"caption":"Voces de la Comuna 15"},"image":{"@id":"https:\/\/vocesdelacomuna15.com.ar\/press\/#\/schema\/logo\/image\/"},"sameAs":["https:\/\/www.facebook.com\/VocesComuna15\/","https:\/\/x.com\/vocescomuna15"]},{"@type":"Person","@id":"https:\/\/vocesdelacomuna15.com.ar\/press\/#\/schema\/person\/4739e109db25d799cd3d139eeb509e43","name":"Federico Arguto","image":{"@type":"ImageObject","inLanguage":"es-AR","@id":"https:\/\/vocesdelacomuna15.com.ar\/wp-content\/litespeed\/avatar\/82faf979976f1bae889b8b71f8a0a7e5.jpg?ver=1777419741","url":"https:\/\/vocesdelacomuna15.com.ar\/wp-content\/litespeed\/avatar\/82faf979976f1bae889b8b71f8a0a7e5.jpg?ver=1777419741","contentUrl":"https:\/\/vocesdelacomuna15.com.ar\/wp-content\/litespeed\/avatar\/82faf979976f1bae889b8b71f8a0a7e5.jpg?ver=1777419741","caption":"Federico Arguto"},"url":"https:\/\/vocesdelacomuna15.com.ar\/press\/author\/fede\/"}]}},"_links":{"self":[{"href":"https:\/\/vocesdelacomuna15.com.ar\/press\/wp-json\/wp\/v2\/posts\/52041","targetHints":{"allow":["GET"]}}],"collection":[{"href":"https:\/\/vocesdelacomuna15.com.ar\/press\/wp-json\/wp\/v2\/posts"}],"about":[{"href":"https:\/\/vocesdelacomuna15.com.ar\/press\/wp-json\/wp\/v2\/types\/post"}],"author":[{"embeddable":true,"href":"https:\/\/vocesdelacomuna15.com.ar\/press\/wp-json\/wp\/v2\/users\/2"}],"replies":[{"embeddable":true,"href":"https:\/\/vocesdelacomuna15.com.ar\/press\/wp-json\/wp\/v2\/comments?post=52041"}],"version-history":[{"count":1,"href":"https:\/\/vocesdelacomuna15.com.ar\/press\/wp-json\/wp\/v2\/posts\/52041\/revisions"}],"predecessor-version":[{"id":52043,"href":"https:\/\/vocesdelacomuna15.com.ar\/press\/wp-json\/wp\/v2\/posts\/52041\/revisions\/52043"}],"wp:featuredmedia":[{"embeddable":true,"href":"https:\/\/vocesdelacomuna15.com.ar\/press\/wp-json\/wp\/v2\/media\/54100"}],"wp:attachment":[{"href":"https:\/\/vocesdelacomuna15.com.ar\/press\/wp-json\/wp\/v2\/media?parent=52041"}],"wp:term":[{"taxonomy":"category","embeddable":true,"href":"https:\/\/vocesdelacomuna15.com.ar\/press\/wp-json\/wp\/v2\/categories?post=52041"},{"taxonomy":"post_tag","embeddable":true,"href":"https:\/\/vocesdelacomuna15.com.ar\/press\/wp-json\/wp\/v2\/tags?post=52041"}],"curies":[{"name":"wp","href":"https:\/\/api.w.org\/{rel}","templated":true}]}}