{"id":52033,"date":"2020-01-27T12:06:51","date_gmt":"2020-01-27T15:06:51","guid":{"rendered":"http:\/\/vocesdelacomuna15.com.ar\/wordpress\/?p=52033"},"modified":"2020-05-02T12:08:42","modified_gmt":"2020-05-02T15:08:42","slug":"charla-en-el-centro-cultural-resurgimiento-a-35-anos-del-primer-titulo-de-argentinos-juniors","status":"publish","type":"post","link":"https:\/\/vocesdelacomuna15.com.ar\/press\/charla-en-el-centro-cultural-resurgimiento-a-35-anos-del-primer-titulo-de-argentinos-juniors\/","title":{"rendered":"Charla en el Centro Cultural Resurgimiento a 35 a\u00f1os del primer t\u00edtulo de Argentinos Juniors"},"content":{"rendered":"\n<h4 class=\"wp-block-heading\">El 23 de diciembre de 1984 el \u201cbicho\u201d ganaba el Metropolitano \u00b484.  El encuentro fue parte del ciclo \u201cBotines sucios y libros abiertos\u201d, que  organiza Marcelo Cardozo<\/h4>\n\n\n\n<p>\nEn la noche del \u00faltimo 23 de diciembre, el Centro Cultural Resurgimiento\n (Artigas 2262, Villa del Parque) fue sede de una charla del ciclo \n\u201cBotines sucios y libros abiertos\u201d, que organiza Marcelo \u201cPato\u201d Cardozo,\n ex jugador (volante por derecha) de Argentinos Juniors \u2013donde hizo \ninferiores- y fan\u00e1tico de la literatura futbolera (admirador de los \nuruguayos Eduardo Galeano y Mario Benedetti, de Osvaldo Soriano, Juan \nGelman, Roberto Fontanarrosa y Eduardo Sacheri), que tambi\u00e9n pas\u00f3 por \nlas ligas de Israel, Ecuador y Espa\u00f1a. Esta charla, a 35 a\u00f1os del primer\n t\u00edtulo oficial de Argentinos Juniors (Metropolitano 1984) junt\u00f3 a ex \njugadores que participaron de esa gesta como Sergio \u201cChecho\u201d Batista, \nEnrique Vidall\u00e9 y Miguel \u00c1ngel Lemme, hinchas (algunos de ellos \nvitalicios como Lito Tujschinaider o Adolfo Melnik), periodistas \npartidarios (Javier Roimiser, Ariel Melnik, Dar\u00edo Vaccarini) y vecinos \n(ser\u00edan cerca de 100 entre todos) que se acercaron a disfrutar de esta \ncharla llena de recuerdos y emociones. En el evento estuvo presente \ntambi\u00e9n el cantante de tangos y ex inferiores de Argentinos Juniors \n(tambi\u00e9n amigo personal de Cardozo y vecino de Parque Chas) Hern\u00e1n \n\u201cCucuza\u201d Castiello, quien en diciembre se dio el gusto que cantarle el \ntango \u201cEl sue\u00f1o del pibe\u201d a Diego Maradona en la cancha de Argentinos, \nen medio de un partido a beneficio del fallecido periodista deportivo \nSergio Gendler.\nMarcelo Cardozo fue compa\u00f1ero en inferiores del \u201cbicho\u201d de Diego Cagna, \nFernando C\u00e1ceres, Silvio Rudman y Carlos Netto, estando en el club hasta\n los 22 a\u00f1os \u2013habiendo debutado en Primera- hasta que pas\u00f3 al Macabi \nYavne de Israel, luego a la filial del Atl\u00e9tico Madrid, al Llorca en la \n4\u00b0 divisi\u00f3n y al Melilla en la 3\u00b0 divisi\u00f3n, despu\u00e9s por T\u00e9cnico \nUniversitario de Ecuador y finalmente en El Porvenir, en el ascenso \nargentino. \n\u201cCreemos que la cultura del f\u00fatbol le pertenece al pueblo, y no al \nnegocio grande que se mont\u00f3 despu\u00e9s\u201d, es una de sus frases de cabecera; \npor ello, sin traicionar sus ideales, hace estas charlas con entrada a \nla gorra, dada la situaci\u00f3n econ\u00f3mica del pa\u00eds, para que puedan ser \naccesibles para todos.\nEn esta charla, que comenz\u00f3 a las 20 horas del pasado 23 de diciembre, \nse juntaron a tres ex jugadores del \u201cbicho\u201d que estuvieron presentes en \nla \u201cetapa de oro\u201d del club (1984-1986), cuando Argentinos Juniors gan\u00f3 \ncuatro de sus cinco t\u00edtulos: el Metropolitano 1984, el Nacional 1985, la\n Copa Libertadores 1985 y la Copa Interamericana 1986. El restante fue \nel Clausura 2010, con Claudio Borghi como director t\u00e9cnico. Los \njugadores que asistieron a la charla en Resurgimiento fueron el \nmediocampista Sergio \u201cChecho\u201d Batista \u2013quien fue tambi\u00e9n campe\u00f3n con la \nselecci\u00f3n argentina en el mundial de M\u00e9xico 1986-, el defensor Miguel \n\u00c1ngel Lemme y el arquero Enrique Vidall\u00e9. En un comienzo los tres ex \nfutbolistas contaron an\u00e9cdotas e historias de esa etapa gloriosa del \n\u201cTif\u00f3n de Boyac\u00e1\u201d y luego respondieron algunas preguntas de los \npresentes. Tambi\u00e9n tuvieron la palabra el historiador de Argentinos \nJuniors Javier Roimisier y Ariel Melnik, quien tiene un programa de \nradio partidario en Fm Flores 90.7 (Argentinos Para Todos). Adem\u00e1s \n\u201cCucuza\u201d Castiello cant\u00f3 \u201cEl sue\u00f1o del pibe\u201d ante los presentes y se \nsorte\u00f3 uno de los libros de Roimiser, mientras se exhib\u00eda una r\u00e9plica de\n la Copa Libertadores que el \u201cbicho\u201d supo ganar en 1985.\n\nAlgunas de las declaraciones de los oradores de la noche fueron las \nsiguientes:\n\n.SERGIO BATISTA: \u201cEl grupo humano que se conform\u00f3 en ese momento nos \nllev\u00f3 a jugar la Intercontinental. Estoy muy agradecido por la \ninvitaci\u00f3n. Yo nac\u00ed en Argentinos Juniors, creo que \u00c1ngel Labruna \n(falleci\u00f3 en 1983 mientras era el DT del \u201cbicho\u201d) fue quien nos cambi\u00f3 \nla mentalidad a todos. En el \u00b484 trajeron 5 o 6 de los jugadores \ngrandes, luego en el \u00b485 dijeron que hab\u00eda que traer algunos mayores m\u00e1s\n para unirse a los j\u00f3venes. Estoy desde los 12 en Argentinos y siempre \ntuvimos la misma filosof\u00eda de juego, con Labruna, Saporiti y el \u201cPiojo\u201d \nYudica fue la misma filosof\u00eda y creo que las elecciones de esos t\u00e9cnicos\n fueron muy buenas. Era un equipo que jugaba bien de verdad y daba gusto\n verlo, por eso se arrimaban de todos lados a vernos. Nuestro grupo era \nmuy fuerte. Lo de la Libertadores fue algo muy grande y conforme estoy \ncon lo de la final en Jap\u00f3n, ellos ten\u00edan 6 o 7 jugadores de la \nselecci\u00f3n italiana m\u00e1s Platin\u00ed y Laudrup. Cre\u00edan que nos goleaban y se \nencontraron con otra cosa. S\u00ed nos reprochamos que nos empatan faltando 7\n minutos por no tirar la pelota afuera o cubrirnos. Era un equipo que \niba para adelante siempre y no se colgaba del travesa\u00f1o. Pero era \nnuestra filosof\u00eda, no sab\u00edamos hacer otra cosa, por eso lleg\u00e1bamos ah\u00ed, \nen Brasil, como locales. Despu\u00e9s con el diario del lunes uno piensa por \nqu\u00e9 no hicimos otra cosa pero fue as\u00ed\u201d.\n\n. MIGUEL \u00c1NGEL LEMME \u201cLa m\u00edstica de este equipo la empez\u00f3 Labruna, yo \nestaba en Estudiantes. Tuve una reuni\u00f3n y me dijeron que se iba a armar \nun equipo para mantener la categor\u00eda y al segundo a\u00f1o para pelear todos \nlos campeonatos, con J.J L\u00f3pez, Comisso, Morete. Me dijeron que sab\u00edan \narmar grupos y fue as\u00ed. Yo ven\u00eda de un Estudiantes que dec\u00edan que jugaba\n mal pero jugaba bien porque estaban Ponce, Trobbiani y Sabella. Me \nadapt\u00e9 al f\u00fatbol de Argentinos de pelota al piso que es lo que hoy hacen\n los equipos europeos que nosotros lo hac\u00edamos ac\u00e1 en el \u00b484 o el \u00b485. \nSalir jugando, los relevos, hace 35 a\u00f1os lo hac\u00edamos. Yo viv\u00eda en San \nMart\u00edn en ese momento y nos ven\u00edan a ver hinchas de Boca, de River, de \nChacarita, porque les gustaba como jug\u00e1bamos. Vidall\u00e9 era el t\u00e9cnico \ndentro de la cancha aparte de un gran arquero, eso se fue dando partido \ntras partido. Platin\u00ed reconoci\u00f3 que fue la mejor final que jug\u00f3 y que el\n mejor jugador que vio fue el \u201cBichi\u201d Borghi. Eso me qued\u00f3 grabado de la\n conferencia de prensa. Pero fue un orgullo estar en Jap\u00f3n y defender la\n camiseta de Argentinos Juniors\u201d.\n\nENRIQUE VIDALL\u00c9: \u201cEn el \u00b484 Argentinos le gan\u00f3 la pulseada a River y me \ntrajo. Hab\u00eda un grupo espectacular y gente muy valiosa. Los mayores nos \nconoc\u00edamos de haber jugado juntos o en contra y nos encontramos con otro\n grupo de jugadores m\u00e1s j\u00f3venes que nosotros de muy buen nivel y se dio \ntodo bien. Ac\u00e1 no hab\u00eda figuras. Cuando les dec\u00edamos a Saporiti o Yudica\n que quer\u00edamos probar algo distinto lo aceptaban. Con el tiempo uno se \nsiente orgulloso de haber integrado uno de los mejores equipos del \nf\u00fatbol argentino, con eso te ten\u00e9s que conformar. La final en Jap\u00f3n por \n10 a\u00f1os no la vi porque ten\u00eda una calentura. Y es cierto lo que dice el \n\u201cChecho\u201d. Pero as\u00ed se dio, era un equipo que iba al frente. Todo se fue \ndando de forma natural tras ganar el primer campeonato, nos dimos cuenta\n de que se pod\u00eda seguir avanzando, no es que nos hubi\u00e9ramos fijado un \nobjetivo de antemano. Y as\u00ed terminamos ganando la Libertadores y jugando\n esa gran final en Jap\u00f3n\u201d. Los hinchas le recordaron a Vidall\u00e9 los \npenales claves que ataj\u00f3 en la Libertadores a Claudio Marangoni de \nIndependiente y a Anthony De \u00c1vila, del Am\u00e9rica de Cali en la final.\n\n. HERN\u00c1N \u201cCUCUZA\u201d CASTIELLO: \u201cLo \u00fanico que so\u00f1aba en mi vida era \ncantarle un tango a Diego y puntualmente \u201cEl sue\u00f1o del pibe\u201d. As\u00ed y \ntodo, nunca me imagin\u00e9 que iba a ser en la cancha de Argentinos. Fue \nsue\u00f1o tras sue\u00f1o, as\u00ed que no me queda m\u00e1s nada y lo digo contento, no de\n pesimista\u201d.\n\n.ARIEL MELNIK: \u201cHace 16 a\u00f1os hacemos una audici\u00f3n partidaria con mucho \namor. Lo \u00fanico que nos mueve es hacer algo por Argentinos Juniors. Yo \nnac\u00ed en el \u00b472 y empec\u00e9 a ir a la cancha a los 4 a\u00f1os cuando jugaba \nDiego en el \u00b476. Era un tema decir en el colegio que \u00e9ramos de \nArgentinos Juniors\u2026nos dec\u00edan\u2026\u201dAh si todos somos de Argentina, pero \u00bfde \nque cuadro sos?\u201d o \u201cAh, ah\u00ed juega Maradona\u201d. Y ten\u00edamos que decir: \u201cNo, \nde Argentinos Juniors\u201d. Ustedes (a los ex jugadores) nos pusieron en el \nmapa del f\u00fatbol mundial y se los tenemos que agradecer\u201d. Tras sus \ndeclaraciones, Melnik ley\u00f3 un cuento que escribi\u00f3 sobre el 23 de \ndiciembre del \u00b484, cuando \u00e9l ten\u00eda 12 a\u00f1os y Argentinos sali\u00f3 campe\u00f3n \ntras vencer a Temperley 1 a 0 en cancha de Ferro, partido al que asisti\u00f3\n con su pap\u00e1 y particip\u00f3 de la invasi\u00f3n al campo de juego cuando \nfaltaban 4 minutos para terminar el partido\u201d.\n\n.JAVIER ROIMISIER: \u201cEsta gente es responsable de que este club sea lo \ngrande que es. Este equipo, que dej\u00f3 todo en la cancha e hizo que este \nclub sea reconocido en todo el mundo. Todav\u00eda lloramos despu\u00e9s de 35 \na\u00f1os al verlos jugar, esta gente daba la vida por la camiseta y es \nemocionante. La final en Jap\u00f3n fue para nosotros una daga en el coraz\u00f3n \npero el orgullo no nos lo quita nadie\u201d.\n\nPasadas las 22 horas concluy\u00f3 este emotivo encuentro, recordando a este \nhist\u00f3rico equipo del f\u00fatbol argentino que supo enamorar al arco total \ndel f\u00fatbolero. Y antes de las fiestas se pidi\u00f3 por un Argentinos \nnuevamente campe\u00f3n en 2020, celebrando tambi\u00e9n el buen presente del \nclub.\nCaracteres: 8.852\n\n<\/p>\n<div class=\"pvc_clear\"><\/div><p id=\"pvc_stats_52033\" class=\"pvc_stats all  \" data-element-id=\"52033\" style=\"\"><i class=\"pvc-stats-icon small\" aria-hidden=\"true\"><svg aria-hidden=\"true\" focusable=\"false\" data-prefix=\"far\" data-icon=\"chart-bar\" role=\"img\" xmlns=\"http:\/\/www.w3.org\/2000\/svg\" viewBox=\"0 0 512 512\" class=\"svg-inline--fa fa-chart-bar fa-w-16 fa-2x\"><path fill=\"currentColor\" d=\"M396.8 352h22.4c6.4 0 12.8-6.4 12.8-12.8V108.8c0-6.4-6.4-12.8-12.8-12.8h-22.4c-6.4 0-12.8 6.4-12.8 12.8v230.4c0 6.4 6.4 12.8 12.8 12.8zm-192 0h22.4c6.4 0 12.8-6.4 12.8-12.8V140.8c0-6.4-6.4-12.8-12.8-12.8h-22.4c-6.4 0-12.8 6.4-12.8 12.8v198.4c0 6.4 6.4 12.8 12.8 12.8zm96 0h22.4c6.4 0 12.8-6.4 12.8-12.8V204.8c0-6.4-6.4-12.8-12.8-12.8h-22.4c-6.4 0-12.8 6.4-12.8 12.8v134.4c0 6.4 6.4 12.8 12.8 12.8zM496 400H48V80c0-8.84-7.16-16-16-16H16C7.16 64 0 71.16 0 80v336c0 17.67 14.33 32 32 32h464c8.84 0 16-7.16 16-16v-16c0-8.84-7.16-16-16-16zm-387.2-48h22.4c6.4 0 12.8-6.4 12.8-12.8v-70.4c0-6.4-6.4-12.8-12.8-12.8h-22.4c-6.4 0-12.8 6.4-12.8 12.8v70.4c0 6.4 6.4 12.8 12.8 12.8z\" class=\"\"><\/path><\/svg><\/i> <img loading=\"lazy\" decoding=\"async\" width=\"16\" height=\"16\" alt=\"Loading\" src=\"https:\/\/vocesdelacomuna15.com.ar\/wp-content\/plugins\/page-views-count\/ajax-loader-2x.gif\" border=0 \/><\/p><div class=\"pvc_clear\"><\/div>","protected":false},"excerpt":{"rendered":"<p>El 23 de diciembre de 1984 el \u201cbicho\u201d ganaba el Metropolitano \u00b484. El encuentro fue parte del ciclo \u201cBotines sucios y libros abiertos\u201d, que organiza Marcelo Cardozo En la noche del \u00faltimo 23 de diciembre, el Centro Cultural Resurgimiento (Artigas 2262, Villa del Parque) fue sede de una charla del ciclo \u201cBotines sucios y libros [&hellip;]<\/p>\n<div class=\"pvc_clear\"><\/div>\n<p id=\"pvc_stats_52033\" class=\"pvc_stats all  \" data-element-id=\"52033\" style=\"\"><i class=\"pvc-stats-icon small\" aria-hidden=\"true\"><svg aria-hidden=\"true\" focusable=\"false\" data-prefix=\"far\" data-icon=\"chart-bar\" role=\"img\" xmlns=\"http:\/\/www.w3.org\/2000\/svg\" viewBox=\"0 0 512 512\" class=\"svg-inline--fa fa-chart-bar fa-w-16 fa-2x\"><path fill=\"currentColor\" d=\"M396.8 352h22.4c6.4 0 12.8-6.4 12.8-12.8V108.8c0-6.4-6.4-12.8-12.8-12.8h-22.4c-6.4 0-12.8 6.4-12.8 12.8v230.4c0 6.4 6.4 12.8 12.8 12.8zm-192 0h22.4c6.4 0 12.8-6.4 12.8-12.8V140.8c0-6.4-6.4-12.8-12.8-12.8h-22.4c-6.4 0-12.8 6.4-12.8 12.8v198.4c0 6.4 6.4 12.8 12.8 12.8zm96 0h22.4c6.4 0 12.8-6.4 12.8-12.8V204.8c0-6.4-6.4-12.8-12.8-12.8h-22.4c-6.4 0-12.8 6.4-12.8 12.8v134.4c0 6.4 6.4 12.8 12.8 12.8zM496 400H48V80c0-8.84-7.16-16-16-16H16C7.16 64 0 71.16 0 80v336c0 17.67 14.33 32 32 32h464c8.84 0 16-7.16 16-16v-16c0-8.84-7.16-16-16-16zm-387.2-48h22.4c6.4 0 12.8-6.4 12.8-12.8v-70.4c0-6.4-6.4-12.8-12.8-12.8h-22.4c-6.4 0-12.8 6.4-12.8 12.8v70.4c0 6.4 6.4 12.8 12.8 12.8z\" class=\"\"><\/path><\/svg><\/i> <img loading=\"lazy\" decoding=\"async\" width=\"16\" height=\"16\" alt=\"Loading\" src=\"https:\/\/vocesdelacomuna15.com.ar\/wp-content\/plugins\/page-views-count\/ajax-loader-2x.gif\" border=0 \/><\/p>\n<div class=\"pvc_clear\"><\/div>\n","protected":false},"author":2,"featured_media":52034,"comment_status":"open","ping_status":"open","sticky":false,"template":"","format":"standard","meta":{"_et_pb_use_builder":"off","_et_pb_old_content":"","_et_gb_content_width":"","footnotes":""},"categories":[27,29],"tags":[],"class_list":["post-52033","post","type-post","status-publish","format-standard","has-post-thumbnail","hentry","category-deportes","category-lapa","et-has-post-format-content","et_post_format-et-post-format-standard"],"a3_pvc":{"activated":true,"total_views":215,"today_views":0},"yoast_head":"<!-- This site is optimized with the Yoast SEO plugin v27.5 - https:\/\/yoast.com\/product\/yoast-seo-wordpress\/ -->\n<title>Charla en el Centro Cultural Resurgimiento a 35 a\u00f1os del primer t\u00edtulo de Argentinos Juniors - Voces de la Comuna 15<\/title>\n<meta name=\"description\" content=\"Voces de la Comuna 15\" \/>\n<meta name=\"robots\" content=\"index, follow, max-snippet:-1, max-image-preview:large, max-video-preview:-1\" \/>\n<link rel=\"canonical\" href=\"https:\/\/vocesdelacomuna15.com.ar\/press\/charla-en-el-centro-cultural-resurgimiento-a-35-anos-del-primer-titulo-de-argentinos-juniors\/\" \/>\n<meta property=\"og:locale\" content=\"es_ES\" \/>\n<meta property=\"og:type\" content=\"article\" \/>\n<meta property=\"og:title\" content=\"Charla en el Centro Cultural Resurgimiento a 35 a\u00f1os del primer t\u00edtulo de Argentinos Juniors - Voces de la Comuna 15\" \/>\n<meta property=\"og:description\" content=\"Voces de la Comuna 15\" \/>\n<meta property=\"og:url\" content=\"https:\/\/vocesdelacomuna15.com.ar\/press\/charla-en-el-centro-cultural-resurgimiento-a-35-anos-del-primer-titulo-de-argentinos-juniors\/\" \/>\n<meta property=\"og:site_name\" content=\"Voces de la Comuna 15\" \/>\n<meta property=\"article:publisher\" content=\"https:\/\/www.facebook.com\/VocesComuna15\/\" \/>\n<meta property=\"article:published_time\" content=\"2020-01-27T15:06:51+00:00\" \/>\n<meta property=\"article:modified_time\" content=\"2020-05-02T15:08:42+00:00\" \/>\n<meta property=\"og:image\" content=\"https:\/\/vocesdelacomuna15.com.ar\/wp-content\/uploads\/2020\/05\/resurg02012020.png\" \/>\n\t<meta property=\"og:image:width\" content=\"646\" \/>\n\t<meta property=\"og:image:height\" content=\"373\" \/>\n\t<meta property=\"og:image:type\" content=\"image\/png\" \/>\n<meta name=\"author\" content=\"Federico Arguto\" \/>\n<meta name=\"twitter:card\" content=\"summary_large_image\" \/>\n<meta name=\"twitter:creator\" content=\"@vocescomuna15\" \/>\n<meta name=\"twitter:site\" content=\"@vocescomuna15\" \/>\n<meta name=\"twitter:label1\" content=\"Escrito por\" \/>\n\t<meta name=\"twitter:data1\" content=\"Federico Arguto\" \/>\n\t<meta name=\"twitter:label2\" content=\"Tiempo de lectura\" \/>\n\t<meta name=\"twitter:data2\" content=\"8 minutos\" \/>\n<script type=\"application\/ld+json\" class=\"yoast-schema-graph\">{\"@context\":\"https:\\\/\\\/schema.org\",\"@graph\":[{\"@type\":\"Article\",\"@id\":\"https:\\\/\\\/vocesdelacomuna15.com.ar\\\/press\\\/charla-en-el-centro-cultural-resurgimiento-a-35-anos-del-primer-titulo-de-argentinos-juniors\\\/#article\",\"isPartOf\":{\"@id\":\"https:\\\/\\\/vocesdelacomuna15.com.ar\\\/press\\\/charla-en-el-centro-cultural-resurgimiento-a-35-anos-del-primer-titulo-de-argentinos-juniors\\\/\"},\"author\":{\"name\":\"Federico Arguto\",\"@id\":\"https:\\\/\\\/vocesdelacomuna15.com.ar\\\/press\\\/#\\\/schema\\\/person\\\/4739e109db25d799cd3d139eeb509e43\"},\"headline\":\"Charla en el Centro Cultural Resurgimiento a 35 a\u00f1os del primer t\u00edtulo de Argentinos Juniors\",\"datePublished\":\"2020-01-27T15:06:51+00:00\",\"dateModified\":\"2020-05-02T15:08:42+00:00\",\"mainEntityOfPage\":{\"@id\":\"https:\\\/\\\/vocesdelacomuna15.com.ar\\\/press\\\/charla-en-el-centro-cultural-resurgimiento-a-35-anos-del-primer-titulo-de-argentinos-juniors\\\/\"},\"wordCount\":1657,\"commentCount\":0,\"publisher\":{\"@id\":\"https:\\\/\\\/vocesdelacomuna15.com.ar\\\/press\\\/#organization\"},\"image\":{\"@id\":\"https:\\\/\\\/vocesdelacomuna15.com.ar\\\/press\\\/charla-en-el-centro-cultural-resurgimiento-a-35-anos-del-primer-titulo-de-argentinos-juniors\\\/#primaryimage\"},\"thumbnailUrl\":\"https:\\\/\\\/vocesdelacomuna15.com.ar\\\/wp-content\\\/uploads\\\/2020\\\/05\\\/resurg02012020.png\",\"articleSection\":[\"Deportes\",\"La Paternal\"],\"inLanguage\":\"es-AR\",\"potentialAction\":[{\"@type\":\"CommentAction\",\"name\":\"Comment\",\"target\":[\"https:\\\/\\\/vocesdelacomuna15.com.ar\\\/press\\\/charla-en-el-centro-cultural-resurgimiento-a-35-anos-del-primer-titulo-de-argentinos-juniors\\\/#respond\"]}]},{\"@type\":\"WebPage\",\"@id\":\"https:\\\/\\\/vocesdelacomuna15.com.ar\\\/press\\\/charla-en-el-centro-cultural-resurgimiento-a-35-anos-del-primer-titulo-de-argentinos-juniors\\\/\",\"url\":\"https:\\\/\\\/vocesdelacomuna15.com.ar\\\/press\\\/charla-en-el-centro-cultural-resurgimiento-a-35-anos-del-primer-titulo-de-argentinos-juniors\\\/\",\"name\":\"Charla en el Centro Cultural Resurgimiento a 35 a\u00f1os del primer t\u00edtulo de Argentinos Juniors - Voces de la Comuna 15\",\"isPartOf\":{\"@id\":\"https:\\\/\\\/vocesdelacomuna15.com.ar\\\/press\\\/#website\"},\"primaryImageOfPage\":{\"@id\":\"https:\\\/\\\/vocesdelacomuna15.com.ar\\\/press\\\/charla-en-el-centro-cultural-resurgimiento-a-35-anos-del-primer-titulo-de-argentinos-juniors\\\/#primaryimage\"},\"image\":{\"@id\":\"https:\\\/\\\/vocesdelacomuna15.com.ar\\\/press\\\/charla-en-el-centro-cultural-resurgimiento-a-35-anos-del-primer-titulo-de-argentinos-juniors\\\/#primaryimage\"},\"thumbnailUrl\":\"https:\\\/\\\/vocesdelacomuna15.com.ar\\\/wp-content\\\/uploads\\\/2020\\\/05\\\/resurg02012020.png\",\"datePublished\":\"2020-01-27T15:06:51+00:00\",\"dateModified\":\"2020-05-02T15:08:42+00:00\",\"description\":\"Voces de la Comuna 15\",\"breadcrumb\":{\"@id\":\"https:\\\/\\\/vocesdelacomuna15.com.ar\\\/press\\\/charla-en-el-centro-cultural-resurgimiento-a-35-anos-del-primer-titulo-de-argentinos-juniors\\\/#breadcrumb\"},\"inLanguage\":\"es-AR\",\"potentialAction\":[{\"@type\":\"ReadAction\",\"target\":[\"https:\\\/\\\/vocesdelacomuna15.com.ar\\\/press\\\/charla-en-el-centro-cultural-resurgimiento-a-35-anos-del-primer-titulo-de-argentinos-juniors\\\/\"]}]},{\"@type\":\"ImageObject\",\"inLanguage\":\"es-AR\",\"@id\":\"https:\\\/\\\/vocesdelacomuna15.com.ar\\\/press\\\/charla-en-el-centro-cultural-resurgimiento-a-35-anos-del-primer-titulo-de-argentinos-juniors\\\/#primaryimage\",\"url\":\"https:\\\/\\\/vocesdelacomuna15.com.ar\\\/wp-content\\\/uploads\\\/2020\\\/05\\\/resurg02012020.png\",\"contentUrl\":\"https:\\\/\\\/vocesdelacomuna15.com.ar\\\/wp-content\\\/uploads\\\/2020\\\/05\\\/resurg02012020.png\",\"width\":646,\"height\":373},{\"@type\":\"BreadcrumbList\",\"@id\":\"https:\\\/\\\/vocesdelacomuna15.com.ar\\\/press\\\/charla-en-el-centro-cultural-resurgimiento-a-35-anos-del-primer-titulo-de-argentinos-juniors\\\/#breadcrumb\",\"itemListElement\":[{\"@type\":\"ListItem\",\"position\":1,\"name\":\"Inicio\",\"item\":\"https:\\\/\\\/vocesdelacomuna15.com.ar\\\/press\\\/\"},{\"@type\":\"ListItem\",\"position\":2,\"name\":\"Charla en el Centro Cultural Resurgimiento a 35 a\u00f1os del primer t\u00edtulo de Argentinos Juniors\"}]},{\"@type\":\"WebSite\",\"@id\":\"https:\\\/\\\/vocesdelacomuna15.com.ar\\\/press\\\/#website\",\"url\":\"https:\\\/\\\/vocesdelacomuna15.com.ar\\\/press\\\/\",\"name\":\"Voces de la Comuna 15\",\"description\":\"Sitio web de noticias\",\"publisher\":{\"@id\":\"https:\\\/\\\/vocesdelacomuna15.com.ar\\\/press\\\/#organization\"},\"potentialAction\":[{\"@type\":\"SearchAction\",\"target\":{\"@type\":\"EntryPoint\",\"urlTemplate\":\"https:\\\/\\\/vocesdelacomuna15.com.ar\\\/press\\\/?s={search_term_string}\"},\"query-input\":{\"@type\":\"PropertyValueSpecification\",\"valueRequired\":true,\"valueName\":\"search_term_string\"}}],\"inLanguage\":\"es-AR\"},{\"@type\":\"Organization\",\"@id\":\"https:\\\/\\\/vocesdelacomuna15.com.ar\\\/press\\\/#organization\",\"name\":\"Voces de la Comuna 15\",\"url\":\"https:\\\/\\\/vocesdelacomuna15.com.ar\\\/press\\\/\",\"logo\":{\"@type\":\"ImageObject\",\"inLanguage\":\"es-AR\",\"@id\":\"https:\\\/\\\/vocesdelacomuna15.com.ar\\\/press\\\/#\\\/schema\\\/logo\\\/image\\\/\",\"url\":\"https:\\\/\\\/vocesdelacomuna15.com.ar\\\/wp-content\\\/uploads\\\/2024\\\/12\\\/cropped-logo_voces.jpg\",\"contentUrl\":\"https:\\\/\\\/vocesdelacomuna15.com.ar\\\/wp-content\\\/uploads\\\/2024\\\/12\\\/cropped-logo_voces.jpg\",\"width\":512,\"height\":512,\"caption\":\"Voces de la Comuna 15\"},\"image\":{\"@id\":\"https:\\\/\\\/vocesdelacomuna15.com.ar\\\/press\\\/#\\\/schema\\\/logo\\\/image\\\/\"},\"sameAs\":[\"https:\\\/\\\/www.facebook.com\\\/VocesComuna15\\\/\",\"https:\\\/\\\/x.com\\\/vocescomuna15\"]},{\"@type\":\"Person\",\"@id\":\"https:\\\/\\\/vocesdelacomuna15.com.ar\\\/press\\\/#\\\/schema\\\/person\\\/4739e109db25d799cd3d139eeb509e43\",\"name\":\"Federico Arguto\",\"image\":{\"@type\":\"ImageObject\",\"inLanguage\":\"es-AR\",\"@id\":\"https:\\\/\\\/vocesdelacomuna15.com.ar\\\/wp-content\\\/litespeed\\\/avatar\\\/82faf979976f1bae889b8b71f8a0a7e5.jpg?ver=1777419741\",\"url\":\"https:\\\/\\\/vocesdelacomuna15.com.ar\\\/wp-content\\\/litespeed\\\/avatar\\\/82faf979976f1bae889b8b71f8a0a7e5.jpg?ver=1777419741\",\"contentUrl\":\"https:\\\/\\\/vocesdelacomuna15.com.ar\\\/wp-content\\\/litespeed\\\/avatar\\\/82faf979976f1bae889b8b71f8a0a7e5.jpg?ver=1777419741\",\"caption\":\"Federico Arguto\"},\"url\":\"https:\\\/\\\/vocesdelacomuna15.com.ar\\\/press\\\/author\\\/fede\\\/\"}]}<\/script>\n<!-- \/ Yoast SEO plugin. -->","yoast_head_json":{"title":"Charla en el Centro Cultural Resurgimiento a 35 a\u00f1os del primer t\u00edtulo de Argentinos Juniors - Voces de la Comuna 15","description":"Voces de la Comuna 15","robots":{"index":"index","follow":"follow","max-snippet":"max-snippet:-1","max-image-preview":"max-image-preview:large","max-video-preview":"max-video-preview:-1"},"canonical":"https:\/\/vocesdelacomuna15.com.ar\/press\/charla-en-el-centro-cultural-resurgimiento-a-35-anos-del-primer-titulo-de-argentinos-juniors\/","og_locale":"es_ES","og_type":"article","og_title":"Charla en el Centro Cultural Resurgimiento a 35 a\u00f1os del primer t\u00edtulo de Argentinos Juniors - Voces de la Comuna 15","og_description":"Voces de la Comuna 15","og_url":"https:\/\/vocesdelacomuna15.com.ar\/press\/charla-en-el-centro-cultural-resurgimiento-a-35-anos-del-primer-titulo-de-argentinos-juniors\/","og_site_name":"Voces de la Comuna 15","article_publisher":"https:\/\/www.facebook.com\/VocesComuna15\/","article_published_time":"2020-01-27T15:06:51+00:00","article_modified_time":"2020-05-02T15:08:42+00:00","og_image":[{"width":646,"height":373,"url":"https:\/\/vocesdelacomuna15.com.ar\/wp-content\/uploads\/2020\/05\/resurg02012020.png","type":"image\/png"}],"author":"Federico Arguto","twitter_card":"summary_large_image","twitter_creator":"@vocescomuna15","twitter_site":"@vocescomuna15","twitter_misc":{"Escrito por":"Federico Arguto","Tiempo de lectura":"8 minutos"},"schema":{"@context":"https:\/\/schema.org","@graph":[{"@type":"Article","@id":"https:\/\/vocesdelacomuna15.com.ar\/press\/charla-en-el-centro-cultural-resurgimiento-a-35-anos-del-primer-titulo-de-argentinos-juniors\/#article","isPartOf":{"@id":"https:\/\/vocesdelacomuna15.com.ar\/press\/charla-en-el-centro-cultural-resurgimiento-a-35-anos-del-primer-titulo-de-argentinos-juniors\/"},"author":{"name":"Federico Arguto","@id":"https:\/\/vocesdelacomuna15.com.ar\/press\/#\/schema\/person\/4739e109db25d799cd3d139eeb509e43"},"headline":"Charla en el Centro Cultural Resurgimiento a 35 a\u00f1os del primer t\u00edtulo de Argentinos Juniors","datePublished":"2020-01-27T15:06:51+00:00","dateModified":"2020-05-02T15:08:42+00:00","mainEntityOfPage":{"@id":"https:\/\/vocesdelacomuna15.com.ar\/press\/charla-en-el-centro-cultural-resurgimiento-a-35-anos-del-primer-titulo-de-argentinos-juniors\/"},"wordCount":1657,"commentCount":0,"publisher":{"@id":"https:\/\/vocesdelacomuna15.com.ar\/press\/#organization"},"image":{"@id":"https:\/\/vocesdelacomuna15.com.ar\/press\/charla-en-el-centro-cultural-resurgimiento-a-35-anos-del-primer-titulo-de-argentinos-juniors\/#primaryimage"},"thumbnailUrl":"https:\/\/vocesdelacomuna15.com.ar\/wp-content\/uploads\/2020\/05\/resurg02012020.png","articleSection":["Deportes","La Paternal"],"inLanguage":"es-AR","potentialAction":[{"@type":"CommentAction","name":"Comment","target":["https:\/\/vocesdelacomuna15.com.ar\/press\/charla-en-el-centro-cultural-resurgimiento-a-35-anos-del-primer-titulo-de-argentinos-juniors\/#respond"]}]},{"@type":"WebPage","@id":"https:\/\/vocesdelacomuna15.com.ar\/press\/charla-en-el-centro-cultural-resurgimiento-a-35-anos-del-primer-titulo-de-argentinos-juniors\/","url":"https:\/\/vocesdelacomuna15.com.ar\/press\/charla-en-el-centro-cultural-resurgimiento-a-35-anos-del-primer-titulo-de-argentinos-juniors\/","name":"Charla en el Centro Cultural Resurgimiento a 35 a\u00f1os del primer t\u00edtulo de Argentinos Juniors - Voces de la Comuna 15","isPartOf":{"@id":"https:\/\/vocesdelacomuna15.com.ar\/press\/#website"},"primaryImageOfPage":{"@id":"https:\/\/vocesdelacomuna15.com.ar\/press\/charla-en-el-centro-cultural-resurgimiento-a-35-anos-del-primer-titulo-de-argentinos-juniors\/#primaryimage"},"image":{"@id":"https:\/\/vocesdelacomuna15.com.ar\/press\/charla-en-el-centro-cultural-resurgimiento-a-35-anos-del-primer-titulo-de-argentinos-juniors\/#primaryimage"},"thumbnailUrl":"https:\/\/vocesdelacomuna15.com.ar\/wp-content\/uploads\/2020\/05\/resurg02012020.png","datePublished":"2020-01-27T15:06:51+00:00","dateModified":"2020-05-02T15:08:42+00:00","description":"Voces de la Comuna 15","breadcrumb":{"@id":"https:\/\/vocesdelacomuna15.com.ar\/press\/charla-en-el-centro-cultural-resurgimiento-a-35-anos-del-primer-titulo-de-argentinos-juniors\/#breadcrumb"},"inLanguage":"es-AR","potentialAction":[{"@type":"ReadAction","target":["https:\/\/vocesdelacomuna15.com.ar\/press\/charla-en-el-centro-cultural-resurgimiento-a-35-anos-del-primer-titulo-de-argentinos-juniors\/"]}]},{"@type":"ImageObject","inLanguage":"es-AR","@id":"https:\/\/vocesdelacomuna15.com.ar\/press\/charla-en-el-centro-cultural-resurgimiento-a-35-anos-del-primer-titulo-de-argentinos-juniors\/#primaryimage","url":"https:\/\/vocesdelacomuna15.com.ar\/wp-content\/uploads\/2020\/05\/resurg02012020.png","contentUrl":"https:\/\/vocesdelacomuna15.com.ar\/wp-content\/uploads\/2020\/05\/resurg02012020.png","width":646,"height":373},{"@type":"BreadcrumbList","@id":"https:\/\/vocesdelacomuna15.com.ar\/press\/charla-en-el-centro-cultural-resurgimiento-a-35-anos-del-primer-titulo-de-argentinos-juniors\/#breadcrumb","itemListElement":[{"@type":"ListItem","position":1,"name":"Inicio","item":"https:\/\/vocesdelacomuna15.com.ar\/press\/"},{"@type":"ListItem","position":2,"name":"Charla en el Centro Cultural Resurgimiento a 35 a\u00f1os del primer t\u00edtulo de Argentinos Juniors"}]},{"@type":"WebSite","@id":"https:\/\/vocesdelacomuna15.com.ar\/press\/#website","url":"https:\/\/vocesdelacomuna15.com.ar\/press\/","name":"Voces de la Comuna 15","description":"Sitio web de noticias","publisher":{"@id":"https:\/\/vocesdelacomuna15.com.ar\/press\/#organization"},"potentialAction":[{"@type":"SearchAction","target":{"@type":"EntryPoint","urlTemplate":"https:\/\/vocesdelacomuna15.com.ar\/press\/?s={search_term_string}"},"query-input":{"@type":"PropertyValueSpecification","valueRequired":true,"valueName":"search_term_string"}}],"inLanguage":"es-AR"},{"@type":"Organization","@id":"https:\/\/vocesdelacomuna15.com.ar\/press\/#organization","name":"Voces de la Comuna 15","url":"https:\/\/vocesdelacomuna15.com.ar\/press\/","logo":{"@type":"ImageObject","inLanguage":"es-AR","@id":"https:\/\/vocesdelacomuna15.com.ar\/press\/#\/schema\/logo\/image\/","url":"https:\/\/vocesdelacomuna15.com.ar\/wp-content\/uploads\/2024\/12\/cropped-logo_voces.jpg","contentUrl":"https:\/\/vocesdelacomuna15.com.ar\/wp-content\/uploads\/2024\/12\/cropped-logo_voces.jpg","width":512,"height":512,"caption":"Voces de la Comuna 15"},"image":{"@id":"https:\/\/vocesdelacomuna15.com.ar\/press\/#\/schema\/logo\/image\/"},"sameAs":["https:\/\/www.facebook.com\/VocesComuna15\/","https:\/\/x.com\/vocescomuna15"]},{"@type":"Person","@id":"https:\/\/vocesdelacomuna15.com.ar\/press\/#\/schema\/person\/4739e109db25d799cd3d139eeb509e43","name":"Federico Arguto","image":{"@type":"ImageObject","inLanguage":"es-AR","@id":"https:\/\/vocesdelacomuna15.com.ar\/wp-content\/litespeed\/avatar\/82faf979976f1bae889b8b71f8a0a7e5.jpg?ver=1777419741","url":"https:\/\/vocesdelacomuna15.com.ar\/wp-content\/litespeed\/avatar\/82faf979976f1bae889b8b71f8a0a7e5.jpg?ver=1777419741","contentUrl":"https:\/\/vocesdelacomuna15.com.ar\/wp-content\/litespeed\/avatar\/82faf979976f1bae889b8b71f8a0a7e5.jpg?ver=1777419741","caption":"Federico Arguto"},"url":"https:\/\/vocesdelacomuna15.com.ar\/press\/author\/fede\/"}]}},"_links":{"self":[{"href":"https:\/\/vocesdelacomuna15.com.ar\/press\/wp-json\/wp\/v2\/posts\/52033","targetHints":{"allow":["GET"]}}],"collection":[{"href":"https:\/\/vocesdelacomuna15.com.ar\/press\/wp-json\/wp\/v2\/posts"}],"about":[{"href":"https:\/\/vocesdelacomuna15.com.ar\/press\/wp-json\/wp\/v2\/types\/post"}],"author":[{"embeddable":true,"href":"https:\/\/vocesdelacomuna15.com.ar\/press\/wp-json\/wp\/v2\/users\/2"}],"replies":[{"embeddable":true,"href":"https:\/\/vocesdelacomuna15.com.ar\/press\/wp-json\/wp\/v2\/comments?post=52033"}],"version-history":[{"count":1,"href":"https:\/\/vocesdelacomuna15.com.ar\/press\/wp-json\/wp\/v2\/posts\/52033\/revisions"}],"predecessor-version":[{"id":52035,"href":"https:\/\/vocesdelacomuna15.com.ar\/press\/wp-json\/wp\/v2\/posts\/52033\/revisions\/52035"}],"wp:featuredmedia":[{"embeddable":true,"href":"https:\/\/vocesdelacomuna15.com.ar\/press\/wp-json\/wp\/v2\/media\/52034"}],"wp:attachment":[{"href":"https:\/\/vocesdelacomuna15.com.ar\/press\/wp-json\/wp\/v2\/media?parent=52033"}],"wp:term":[{"taxonomy":"category","embeddable":true,"href":"https:\/\/vocesdelacomuna15.com.ar\/press\/wp-json\/wp\/v2\/categories?post=52033"},{"taxonomy":"post_tag","embeddable":true,"href":"https:\/\/vocesdelacomuna15.com.ar\/press\/wp-json\/wp\/v2\/tags?post=52033"}],"curies":[{"name":"wp","href":"https:\/\/api.w.org\/{rel}","templated":true}]}}