{"id":52030,"date":"2020-01-20T12:04:33","date_gmt":"2020-01-20T15:04:33","guid":{"rendered":"http:\/\/vocesdelacomuna15.com.ar\/wordpress\/?p=52030"},"modified":"2020-05-02T12:06:31","modified_gmt":"2020-05-02T15:06:31","slug":"diego-santilli-visito-la-paternal-para-charlar-con-vecinos","status":"publish","type":"post","link":"https:\/\/vocesdelacomuna15.com.ar\/press\/diego-santilli-visito-la-paternal-para-charlar-con-vecinos\/","title":{"rendered":"Diego Santilli visit\u00f3 La Paternal para charlar con vecinos"},"content":{"rendered":"\n<h4 class=\"wp-block-heading\">El Vicejefe de Gobierno porte\u00f1o mantuvo una reuni\u00f3n con habitantes  del barrio el viernes 3 de enero en la pizzer\u00eda \u201cTorino Norte\u201d para  interiorizarse de sus problemas y reclamos. Estuvo acompa\u00f1ado por el  nuevo Presidente de la Comuna 15, Mart\u00edn Garcilazo<\/h4>\n\n\n\n<p>\nEn la cl\u00e1sica esquina del cruce de las avenidas San Mart\u00edn y Juan B. \nJusto, barrio de La Paternal, en sus l\u00edmites con Villa Crespo, Villa \nGeneral Mitre y Caballito; m\u00e1s precisamente en la pizzer\u00eda \u201cTorino \nNorte\u201d \u2013otro s\u00edmbolo de esta zona- el Vicejefe de Gobierno de la Ciudad \nAut\u00f3noma de Buenos Aires, Diego Santilli, mantuvo una reuni\u00f3n con \nvecinos y vecinas de La Paternal el viernes 3 de enero por la ma\u00f1ana con\n el fin de conocer los problemas vecinales y plantear posibles \nsoluciones. Estuvo acompa\u00f1ado por Mart\u00edn Garcilazo, el flamante \nPresidente de la Comuna 15, tambi\u00e9n de la fuerza pol\u00edtica Juntos por el \nCambio. En un principio, se le plante\u00f3 al segundo de Horacio Rodr\u00edguez \nLarreta el tema del estacionamiento. Santilli opin\u00f3 al respecto: \u201cTodas \nlas grandes urbes del mundo laburan para el transporte p\u00fablico, que es \nlo que tenemos que hacer\u201d, a\u00f1adiendo que: \u201cHay un tema de educaci\u00f3n, la \ngente quiere dejar el auto en cualquier lugar\u201d. Detall\u00f3 adem\u00e1s que: \u201cLa \nciudad tiene 250.000 lugares de estacionamiento p\u00fablico gratuito pero \nhay 1.551.000 autos y todos los a\u00f1os hay m\u00e1s, todos los a\u00f1os entran en \nel parque 60.000 como m\u00ednimo, cuando hay un buen a\u00f1o como fue el a\u00f1o \npasado entran 80.000 o 90.000, y no hay m\u00e1s veredas\u201d.  Afirm\u00f3 que no \nexisten soluciones m\u00e1gicas y opin\u00f3 que se podr\u00eda ayudar favoreciendo la \nzonificaci\u00f3n, sacando leyes que permitan hacer una playa debajo de una \nplaza o tambi\u00e9n en el bajo viaducto San Mart\u00edn dando lugares en \nconcesi\u00f3n para estacionamiento. Algunos vecinos plantearon tambi\u00e9n el \nproblema de los autos abandonados y \u201csemi abandonados\u201d (son los que los \ndue\u00f1os los corren de su lugar de estacionamiento a unos pocos metros \npara que no queden en el mismo sitio y no se los lleve la gr\u00faa) en la \nzona del puente de la Avenida San Mart\u00edn. El presidente de la Biblioteca\n Popular Juan Mar\u00eda Becci\u00fa, Norberto Zanzi, dijo que tambi\u00e9n hay autos \n\u201csemi abandonados\u201d en el pasaje Granada, cerca de la biblioteca.\nPosteriormente surgi\u00f3 el tema de la seguridad, cuando uno de los \npresentes mencion\u00f3 un robo en su comercio en la zona en uno de los \n\u00faltimos d\u00edas de diciembre. Santilli dijo al respecto: \u201cYo estuve ac\u00e1 \nrecorriendo con los comerciantes y hab\u00eda una banda barreteadora que \nsal\u00eda de La Carbonilla y los agarramos a los tipos; eso fue en \nseptiembre, por ah\u00ed volvieron a salir y est\u00e1n con el mismo modus \noperandi\u201d. El vicejefe de gobierno porte\u00f1o le pidi\u00f3 los datos al \ncomerciante y dijo tambi\u00e9n que ir\u00eda a hablar con el comisario de la \ncomisar\u00eda en que hizo la denuncia. Otra vecina reclam\u00f3 por inseguridad \nen el pasaje Bernardo de Le\u00f3n, en los d\u00edas de partido de Argentinos \nJuniors, ya que seg\u00fan dijo, la Polic\u00eda est\u00e1 cerca del estadio y los \nalrededores \u201cson zona liberada\u201d. Santilli dijo al respecto: \u201cMir\u00e1 que \ntenemos record de presencia de polic\u00edas en calle. Sabemos d\u00f3nde est\u00e1n y \nqu\u00e9 est\u00e1n haciendo todos los polic\u00edas, todos los patrulleros, todas las \nmotos y todas las bicicletas; eso no pasaba antes. Puede ser, cuando hay\n un partido, que desplacen polic\u00eda; puede ser que tengan que hacer alg\u00fan\n movimiento, pero nosotros tenemos hoy monitoreado el 100% de la Polic\u00eda\n de la Ciudad y repartidos muy proporcionalmente\u201d. Luego explic\u00f3 que por\n la noche se reduce la dotaci\u00f3n policial y lo mismo el fin de semana, \npero que esto sigue una l\u00f3gica, ya que hay menos gente en la ciudad en \nesos momentos. Se\u00f1al\u00f3 adem\u00e1s que: \u201cM\u00e1s del 80% del robo es diurno, \nporque durante el d\u00eda hay seis millones de personas y los chorros no son\n bobos, a la una de la ma\u00f1ana no hay tipos saliendo con Rolex, es la \nminor\u00eda la que sale y entonces el chorro tiene menos presa, es como ir a\n pescar, vos vas donde hay muchos peces, no donde hay pocos\u201d. Hizo \nreferencia a las c\u00e1maras de seguridad en la Ciudad diciendo que: \u201cHoy \ntenemos el 50% de las cuadras de la ciudad monitoreado, vamos a poner \n10.000 c\u00e1maras m\u00e1s y vamos a ir al 80% de las cuadras monitoreadas\u201d. \nCon respeto a la pregunta de un vecino que le consult\u00f3 a Santilli, en su\n opini\u00f3n, que habr\u00eda que mejorar en La Paternal, el funcionario dijo: \u201cA\n La Paternal le falta desarrollo, va a ayudar mucho el viaducto del San \nMart\u00edn, eso le va a traer un potencial de crecimiento mejor. Necesitamos\n arreglar el tema de La Carbonilla, nos tenemos que meter ah\u00ed de lleno, y\n despu\u00e9s lo que necesita es que venga el sector privado; ahora, con el \nviaducto San Mart\u00edn, tiene que empezar a andar mucho mejor\u201d.\nA continuaci\u00f3n algunos vecinos se refirieron a problemas de tr\u00e1nsito. \nUno de ellos plante\u00f3 la eliminaci\u00f3n del puente de la Avenida San Mart\u00edn \npara hacer un tr\u00e1nsito m\u00e1s fluido, lo que no tuvo en general buena \nrecepci\u00f3n por los otros vecinos de la reuni\u00f3n y tampoco le pareci\u00f3 buena\n idea a Santilli, que aparte se\u00f1al\u00f3 que \u201cser\u00eda algo costoso\u201d. La \ndirectora de una escuela de la zona all\u00ed presente pidi\u00f3 la incorporaci\u00f3n\n de lomos de burro para bajar la velocidad. \u201c\u00bfSab\u00e9s cu\u00e1l es el problema \nque tenemos con el lomo de burro? El que viene r\u00e1pido termina incrustado\n dentro de la escuela, o de la casa de un vecino, o se le monta arriba \nde una mam\u00e1\u201d, respondi\u00f3 Santilli. Otra vecina se quej\u00f3 por un sem\u00e1foro \npara ciegos en Fragata Sarmiento y Juan B. Justo que \u201cno para de hacer \nruido las 24 horas\u201d. Dijo no estar en contra del sem\u00e1foro en s\u00ed pero \npidi\u00f3 si se pod\u00eda hacer algo por el ruido y Santilli respondi\u00f3 que iban a\n revisarlo.\nEl mencionado vecino y presidente de la Biblioteca Becci\u00fa, Norberto \nZanzi, nos envi\u00f3 un mail con un escrito que le present\u00f3 a Santilli \nplanteando distintos temas y detallando las respuestas que le dio el \nfuncionario en la reuni\u00f3n:\n\n1) Cine Teatro Taricco \u2013 100 a\u00f1os (1.920 \u2013 2020).  Los vecinos \nreclamamos su reapertura en forma ininterrumpida desde hace 25 a\u00f1os.\nEs un Hito hist\u00f3rico y cultural de La Paternal, est\u00e1 en la memoria del \npueblo.\nConsultar proyecto 945-P-2019. La propiedad est\u00e1 en venta. Solicitamos \nuna urgente reuni\u00f3n con el Ministro de Cultura porte\u00f1o (Enrique \nAvogadro) para definir su situaci\u00f3n.\n\nRESPUESTA: Le dir\u00e1 al Ministro que tenga una reuni\u00f3n con nosotros.\n\n2) Plaza en Cucha Cucha 2450.  Anunciada en campa\u00f1a con cartel en el \nfrente que as\u00ed lo indica. La Paternal es un barrio sin lazas, esta mini \nplaza ser\u00eda la primera.\nSolicitamos un r\u00e1pido inicio de su construcci\u00f3n.\n\nRESPUESTA: No sab\u00eda del tema, va a averiguar.\n\n3) Estaci\u00f3n La Paternal, funcionaba desde 1905.  No se termin\u00f3, hace \na\u00f1os que los vecinos no podemos tomar el tren en nuestra estaci\u00f3n porque\n no se termin\u00f3 la obra.\nLa Av. Warnes tiene una mano inhabilitada y peligrosa porque dejaron \nenormes construcciones sobre la calle. Solicitamos la inmediata \ninauguraci\u00f3n de la estaci\u00f3n y retiro de las estructuras abandonadas.\n\nRESPUESTA: El gobierno contrat\u00f3 a los sub-contratistas para que \nterminaran la obra. Est\u00e1 proyectado que la estaci\u00f3n La Paternal estar\u00e1 a\n fines de marzo y la de Villa Crespo para junio.\n\n4) Vieja estaci\u00f3n (1905).  Es un edificio hist\u00f3rico y de muchos \nrecuerdos para los vecinos que han destruido parcialmente. La Biblioteca\n Popular Becci\u00fa, present\u00f3 un proyecto para realizar ah\u00ed un caf\u00e9 \nliterario, biblioteca, museo ferroviario, etc.\n\nRESPUESTA: Conversar\u00e1 con el Ministro Avogadro sobre el tema.\n5) Bajo Viaducto. Solicitamos no iniciar ninguna acci\u00f3n hasta que no se \nconsens\u00fae con los vecinos que se va a realizar en cada cuadra. Queremos \nmucho verde, polideportivo, CeSAC, pocos comercios.\n\nRESPUESTA: Ya fue licitado, se pondr\u00e1n varias de esas instalaciones pero\n no\nconoce el proyecto.\n\nZanzi detall\u00f3 adem\u00e1s que Santilli recibi\u00f3 su escrito y tom\u00f3 sus datos.\n\nCaracteres: 7.450\n\n<\/p>\n<div class=\"pvc_clear\"><\/div><p id=\"pvc_stats_52030\" class=\"pvc_stats all  \" data-element-id=\"52030\" style=\"\"><i class=\"pvc-stats-icon small\" aria-hidden=\"true\"><svg aria-hidden=\"true\" focusable=\"false\" data-prefix=\"far\" data-icon=\"chart-bar\" role=\"img\" xmlns=\"http:\/\/www.w3.org\/2000\/svg\" viewBox=\"0 0 512 512\" class=\"svg-inline--fa fa-chart-bar fa-w-16 fa-2x\"><path fill=\"currentColor\" d=\"M396.8 352h22.4c6.4 0 12.8-6.4 12.8-12.8V108.8c0-6.4-6.4-12.8-12.8-12.8h-22.4c-6.4 0-12.8 6.4-12.8 12.8v230.4c0 6.4 6.4 12.8 12.8 12.8zm-192 0h22.4c6.4 0 12.8-6.4 12.8-12.8V140.8c0-6.4-6.4-12.8-12.8-12.8h-22.4c-6.4 0-12.8 6.4-12.8 12.8v198.4c0 6.4 6.4 12.8 12.8 12.8zm96 0h22.4c6.4 0 12.8-6.4 12.8-12.8V204.8c0-6.4-6.4-12.8-12.8-12.8h-22.4c-6.4 0-12.8 6.4-12.8 12.8v134.4c0 6.4 6.4 12.8 12.8 12.8zM496 400H48V80c0-8.84-7.16-16-16-16H16C7.16 64 0 71.16 0 80v336c0 17.67 14.33 32 32 32h464c8.84 0 16-7.16 16-16v-16c0-8.84-7.16-16-16-16zm-387.2-48h22.4c6.4 0 12.8-6.4 12.8-12.8v-70.4c0-6.4-6.4-12.8-12.8-12.8h-22.4c-6.4 0-12.8 6.4-12.8 12.8v70.4c0 6.4 6.4 12.8 12.8 12.8z\" class=\"\"><\/path><\/svg><\/i> <img loading=\"lazy\" decoding=\"async\" width=\"16\" height=\"16\" alt=\"Loading\" src=\"https:\/\/vocesdelacomuna15.com.ar\/wp-content\/plugins\/page-views-count\/ajax-loader-2x.gif\" border=0 \/><\/p><div class=\"pvc_clear\"><\/div>","protected":false},"excerpt":{"rendered":"<p>El Vicejefe de Gobierno porte\u00f1o mantuvo una reuni\u00f3n con habitantes del barrio el viernes 3 de enero en la pizzer\u00eda \u201cTorino Norte\u201d para interiorizarse de sus problemas y reclamos. Estuvo acompa\u00f1ado por el nuevo Presidente de la Comuna 15, Mart\u00edn Garcilazo En la cl\u00e1sica esquina del cruce de las avenidas San Mart\u00edn y Juan B. [&hellip;]<\/p>\n<div class=\"pvc_clear\"><\/div>\n<p id=\"pvc_stats_52030\" class=\"pvc_stats all  \" data-element-id=\"52030\" style=\"\"><i class=\"pvc-stats-icon small\" aria-hidden=\"true\"><svg aria-hidden=\"true\" focusable=\"false\" data-prefix=\"far\" data-icon=\"chart-bar\" role=\"img\" xmlns=\"http:\/\/www.w3.org\/2000\/svg\" viewBox=\"0 0 512 512\" class=\"svg-inline--fa fa-chart-bar fa-w-16 fa-2x\"><path fill=\"currentColor\" d=\"M396.8 352h22.4c6.4 0 12.8-6.4 12.8-12.8V108.8c0-6.4-6.4-12.8-12.8-12.8h-22.4c-6.4 0-12.8 6.4-12.8 12.8v230.4c0 6.4 6.4 12.8 12.8 12.8zm-192 0h22.4c6.4 0 12.8-6.4 12.8-12.8V140.8c0-6.4-6.4-12.8-12.8-12.8h-22.4c-6.4 0-12.8 6.4-12.8 12.8v198.4c0 6.4 6.4 12.8 12.8 12.8zm96 0h22.4c6.4 0 12.8-6.4 12.8-12.8V204.8c0-6.4-6.4-12.8-12.8-12.8h-22.4c-6.4 0-12.8 6.4-12.8 12.8v134.4c0 6.4 6.4 12.8 12.8 12.8zM496 400H48V80c0-8.84-7.16-16-16-16H16C7.16 64 0 71.16 0 80v336c0 17.67 14.33 32 32 32h464c8.84 0 16-7.16 16-16v-16c0-8.84-7.16-16-16-16zm-387.2-48h22.4c6.4 0 12.8-6.4 12.8-12.8v-70.4c0-6.4-6.4-12.8-12.8-12.8h-22.4c-6.4 0-12.8 6.4-12.8 12.8v70.4c0 6.4 6.4 12.8 12.8 12.8z\" class=\"\"><\/path><\/svg><\/i> <img loading=\"lazy\" decoding=\"async\" width=\"16\" height=\"16\" alt=\"Loading\" src=\"https:\/\/vocesdelacomuna15.com.ar\/wp-content\/plugins\/page-views-count\/ajax-loader-2x.gif\" border=0 \/><\/p>\n<div class=\"pvc_clear\"><\/div>\n","protected":false},"author":2,"featured_media":52031,"comment_status":"open","ping_status":"open","sticky":false,"template":"","format":"standard","meta":{"_et_pb_use_builder":"off","_et_pb_old_content":"","_et_gb_content_width":"","footnotes":""},"categories":[29,31],"tags":[],"class_list":["post-52030","post","type-post","status-publish","format-standard","has-post-thumbnail","hentry","category-lapa","category-politica","et-has-post-format-content","et_post_format-et-post-format-standard"],"a3_pvc":{"activated":true,"total_views":242,"today_views":0},"yoast_head":"<!-- This site is optimized with the Yoast SEO plugin v27.5 - https:\/\/yoast.com\/product\/yoast-seo-wordpress\/ -->\n<title>Diego Santilli visit\u00f3 La Paternal para charlar con vecinos - Voces de la Comuna 15<\/title>\n<meta name=\"description\" content=\"Voces de la Comuna 15\" \/>\n<meta name=\"robots\" content=\"index, follow, max-snippet:-1, max-image-preview:large, max-video-preview:-1\" \/>\n<link rel=\"canonical\" href=\"https:\/\/vocesdelacomuna15.com.ar\/press\/diego-santilli-visito-la-paternal-para-charlar-con-vecinos\/\" \/>\n<meta property=\"og:locale\" content=\"es_ES\" \/>\n<meta property=\"og:type\" content=\"article\" \/>\n<meta property=\"og:title\" content=\"Diego Santilli visit\u00f3 La Paternal para charlar con vecinos - Voces de la Comuna 15\" \/>\n<meta property=\"og:description\" content=\"Voces de la Comuna 15\" \/>\n<meta property=\"og:url\" content=\"https:\/\/vocesdelacomuna15.com.ar\/press\/diego-santilli-visito-la-paternal-para-charlar-con-vecinos\/\" \/>\n<meta property=\"og:site_name\" content=\"Voces de la Comuna 15\" \/>\n<meta property=\"article:publisher\" content=\"https:\/\/www.facebook.com\/VocesComuna15\/\" \/>\n<meta property=\"article:published_time\" content=\"2020-01-20T15:04:33+00:00\" \/>\n<meta property=\"article:modified_time\" content=\"2020-05-02T15:06:31+00:00\" \/>\n<meta property=\"og:image\" content=\"https:\/\/vocesdelacomuna15.com.ar\/wp-content\/uploads\/2020\/05\/santilli06012020.png\" \/>\n\t<meta property=\"og:image:width\" content=\"816\" \/>\n\t<meta property=\"og:image:height\" content=\"812\" \/>\n\t<meta property=\"og:image:type\" content=\"image\/png\" \/>\n<meta name=\"author\" content=\"Federico Arguto\" \/>\n<meta name=\"twitter:card\" content=\"summary_large_image\" \/>\n<meta name=\"twitter:creator\" content=\"@vocescomuna15\" \/>\n<meta name=\"twitter:site\" content=\"@vocescomuna15\" \/>\n<meta name=\"twitter:label1\" content=\"Escrito por\" \/>\n\t<meta name=\"twitter:data1\" content=\"Federico Arguto\" \/>\n\t<meta name=\"twitter:label2\" content=\"Tiempo de lectura\" \/>\n\t<meta name=\"twitter:data2\" content=\"7 minutos\" \/>\n<script type=\"application\/ld+json\" class=\"yoast-schema-graph\">{\"@context\":\"https:\\\/\\\/schema.org\",\"@graph\":[{\"@type\":\"Article\",\"@id\":\"https:\\\/\\\/vocesdelacomuna15.com.ar\\\/press\\\/diego-santilli-visito-la-paternal-para-charlar-con-vecinos\\\/#article\",\"isPartOf\":{\"@id\":\"https:\\\/\\\/vocesdelacomuna15.com.ar\\\/press\\\/diego-santilli-visito-la-paternal-para-charlar-con-vecinos\\\/\"},\"author\":{\"name\":\"Federico Arguto\",\"@id\":\"https:\\\/\\\/vocesdelacomuna15.com.ar\\\/press\\\/#\\\/schema\\\/person\\\/4739e109db25d799cd3d139eeb509e43\"},\"headline\":\"Diego Santilli visit\u00f3 La Paternal para charlar con vecinos\",\"datePublished\":\"2020-01-20T15:04:33+00:00\",\"dateModified\":\"2020-05-02T15:06:31+00:00\",\"mainEntityOfPage\":{\"@id\":\"https:\\\/\\\/vocesdelacomuna15.com.ar\\\/press\\\/diego-santilli-visito-la-paternal-para-charlar-con-vecinos\\\/\"},\"wordCount\":1428,\"commentCount\":0,\"publisher\":{\"@id\":\"https:\\\/\\\/vocesdelacomuna15.com.ar\\\/press\\\/#organization\"},\"image\":{\"@id\":\"https:\\\/\\\/vocesdelacomuna15.com.ar\\\/press\\\/diego-santilli-visito-la-paternal-para-charlar-con-vecinos\\\/#primaryimage\"},\"thumbnailUrl\":\"https:\\\/\\\/vocesdelacomuna15.com.ar\\\/wp-content\\\/uploads\\\/2020\\\/05\\\/santilli06012020.png\",\"articleSection\":[\"La Paternal\",\"Pol\u00edtica\"],\"inLanguage\":\"es-AR\",\"potentialAction\":[{\"@type\":\"CommentAction\",\"name\":\"Comment\",\"target\":[\"https:\\\/\\\/vocesdelacomuna15.com.ar\\\/press\\\/diego-santilli-visito-la-paternal-para-charlar-con-vecinos\\\/#respond\"]}]},{\"@type\":\"WebPage\",\"@id\":\"https:\\\/\\\/vocesdelacomuna15.com.ar\\\/press\\\/diego-santilli-visito-la-paternal-para-charlar-con-vecinos\\\/\",\"url\":\"https:\\\/\\\/vocesdelacomuna15.com.ar\\\/press\\\/diego-santilli-visito-la-paternal-para-charlar-con-vecinos\\\/\",\"name\":\"Diego Santilli visit\u00f3 La Paternal para charlar con vecinos - Voces de la Comuna 15\",\"isPartOf\":{\"@id\":\"https:\\\/\\\/vocesdelacomuna15.com.ar\\\/press\\\/#website\"},\"primaryImageOfPage\":{\"@id\":\"https:\\\/\\\/vocesdelacomuna15.com.ar\\\/press\\\/diego-santilli-visito-la-paternal-para-charlar-con-vecinos\\\/#primaryimage\"},\"image\":{\"@id\":\"https:\\\/\\\/vocesdelacomuna15.com.ar\\\/press\\\/diego-santilli-visito-la-paternal-para-charlar-con-vecinos\\\/#primaryimage\"},\"thumbnailUrl\":\"https:\\\/\\\/vocesdelacomuna15.com.ar\\\/wp-content\\\/uploads\\\/2020\\\/05\\\/santilli06012020.png\",\"datePublished\":\"2020-01-20T15:04:33+00:00\",\"dateModified\":\"2020-05-02T15:06:31+00:00\",\"description\":\"Voces de la Comuna 15\",\"breadcrumb\":{\"@id\":\"https:\\\/\\\/vocesdelacomuna15.com.ar\\\/press\\\/diego-santilli-visito-la-paternal-para-charlar-con-vecinos\\\/#breadcrumb\"},\"inLanguage\":\"es-AR\",\"potentialAction\":[{\"@type\":\"ReadAction\",\"target\":[\"https:\\\/\\\/vocesdelacomuna15.com.ar\\\/press\\\/diego-santilli-visito-la-paternal-para-charlar-con-vecinos\\\/\"]}]},{\"@type\":\"ImageObject\",\"inLanguage\":\"es-AR\",\"@id\":\"https:\\\/\\\/vocesdelacomuna15.com.ar\\\/press\\\/diego-santilli-visito-la-paternal-para-charlar-con-vecinos\\\/#primaryimage\",\"url\":\"https:\\\/\\\/vocesdelacomuna15.com.ar\\\/wp-content\\\/uploads\\\/2020\\\/05\\\/santilli06012020.png\",\"contentUrl\":\"https:\\\/\\\/vocesdelacomuna15.com.ar\\\/wp-content\\\/uploads\\\/2020\\\/05\\\/santilli06012020.png\",\"width\":816,\"height\":812},{\"@type\":\"BreadcrumbList\",\"@id\":\"https:\\\/\\\/vocesdelacomuna15.com.ar\\\/press\\\/diego-santilli-visito-la-paternal-para-charlar-con-vecinos\\\/#breadcrumb\",\"itemListElement\":[{\"@type\":\"ListItem\",\"position\":1,\"name\":\"Inicio\",\"item\":\"https:\\\/\\\/vocesdelacomuna15.com.ar\\\/press\\\/\"},{\"@type\":\"ListItem\",\"position\":2,\"name\":\"Diego Santilli visit\u00f3 La Paternal para charlar con vecinos\"}]},{\"@type\":\"WebSite\",\"@id\":\"https:\\\/\\\/vocesdelacomuna15.com.ar\\\/press\\\/#website\",\"url\":\"https:\\\/\\\/vocesdelacomuna15.com.ar\\\/press\\\/\",\"name\":\"Voces de la Comuna 15\",\"description\":\"Sitio web de noticias\",\"publisher\":{\"@id\":\"https:\\\/\\\/vocesdelacomuna15.com.ar\\\/press\\\/#organization\"},\"potentialAction\":[{\"@type\":\"SearchAction\",\"target\":{\"@type\":\"EntryPoint\",\"urlTemplate\":\"https:\\\/\\\/vocesdelacomuna15.com.ar\\\/press\\\/?s={search_term_string}\"},\"query-input\":{\"@type\":\"PropertyValueSpecification\",\"valueRequired\":true,\"valueName\":\"search_term_string\"}}],\"inLanguage\":\"es-AR\"},{\"@type\":\"Organization\",\"@id\":\"https:\\\/\\\/vocesdelacomuna15.com.ar\\\/press\\\/#organization\",\"name\":\"Voces de la Comuna 15\",\"url\":\"https:\\\/\\\/vocesdelacomuna15.com.ar\\\/press\\\/\",\"logo\":{\"@type\":\"ImageObject\",\"inLanguage\":\"es-AR\",\"@id\":\"https:\\\/\\\/vocesdelacomuna15.com.ar\\\/press\\\/#\\\/schema\\\/logo\\\/image\\\/\",\"url\":\"https:\\\/\\\/vocesdelacomuna15.com.ar\\\/wp-content\\\/uploads\\\/2024\\\/12\\\/cropped-logo_voces.jpg\",\"contentUrl\":\"https:\\\/\\\/vocesdelacomuna15.com.ar\\\/wp-content\\\/uploads\\\/2024\\\/12\\\/cropped-logo_voces.jpg\",\"width\":512,\"height\":512,\"caption\":\"Voces de la Comuna 15\"},\"image\":{\"@id\":\"https:\\\/\\\/vocesdelacomuna15.com.ar\\\/press\\\/#\\\/schema\\\/logo\\\/image\\\/\"},\"sameAs\":[\"https:\\\/\\\/www.facebook.com\\\/VocesComuna15\\\/\",\"https:\\\/\\\/x.com\\\/vocescomuna15\"]},{\"@type\":\"Person\",\"@id\":\"https:\\\/\\\/vocesdelacomuna15.com.ar\\\/press\\\/#\\\/schema\\\/person\\\/4739e109db25d799cd3d139eeb509e43\",\"name\":\"Federico Arguto\",\"image\":{\"@type\":\"ImageObject\",\"inLanguage\":\"es-AR\",\"@id\":\"https:\\\/\\\/vocesdelacomuna15.com.ar\\\/wp-content\\\/litespeed\\\/avatar\\\/82faf979976f1bae889b8b71f8a0a7e5.jpg?ver=1777419741\",\"url\":\"https:\\\/\\\/vocesdelacomuna15.com.ar\\\/wp-content\\\/litespeed\\\/avatar\\\/82faf979976f1bae889b8b71f8a0a7e5.jpg?ver=1777419741\",\"contentUrl\":\"https:\\\/\\\/vocesdelacomuna15.com.ar\\\/wp-content\\\/litespeed\\\/avatar\\\/82faf979976f1bae889b8b71f8a0a7e5.jpg?ver=1777419741\",\"caption\":\"Federico Arguto\"},\"url\":\"https:\\\/\\\/vocesdelacomuna15.com.ar\\\/press\\\/author\\\/fede\\\/\"}]}<\/script>\n<!-- \/ Yoast SEO plugin. -->","yoast_head_json":{"title":"Diego Santilli visit\u00f3 La Paternal para charlar con vecinos - Voces de la Comuna 15","description":"Voces de la Comuna 15","robots":{"index":"index","follow":"follow","max-snippet":"max-snippet:-1","max-image-preview":"max-image-preview:large","max-video-preview":"max-video-preview:-1"},"canonical":"https:\/\/vocesdelacomuna15.com.ar\/press\/diego-santilli-visito-la-paternal-para-charlar-con-vecinos\/","og_locale":"es_ES","og_type":"article","og_title":"Diego Santilli visit\u00f3 La Paternal para charlar con vecinos - Voces de la Comuna 15","og_description":"Voces de la Comuna 15","og_url":"https:\/\/vocesdelacomuna15.com.ar\/press\/diego-santilli-visito-la-paternal-para-charlar-con-vecinos\/","og_site_name":"Voces de la Comuna 15","article_publisher":"https:\/\/www.facebook.com\/VocesComuna15\/","article_published_time":"2020-01-20T15:04:33+00:00","article_modified_time":"2020-05-02T15:06:31+00:00","og_image":[{"width":816,"height":812,"url":"https:\/\/vocesdelacomuna15.com.ar\/wp-content\/uploads\/2020\/05\/santilli06012020.png","type":"image\/png"}],"author":"Federico Arguto","twitter_card":"summary_large_image","twitter_creator":"@vocescomuna15","twitter_site":"@vocescomuna15","twitter_misc":{"Escrito por":"Federico Arguto","Tiempo de lectura":"7 minutos"},"schema":{"@context":"https:\/\/schema.org","@graph":[{"@type":"Article","@id":"https:\/\/vocesdelacomuna15.com.ar\/press\/diego-santilli-visito-la-paternal-para-charlar-con-vecinos\/#article","isPartOf":{"@id":"https:\/\/vocesdelacomuna15.com.ar\/press\/diego-santilli-visito-la-paternal-para-charlar-con-vecinos\/"},"author":{"name":"Federico Arguto","@id":"https:\/\/vocesdelacomuna15.com.ar\/press\/#\/schema\/person\/4739e109db25d799cd3d139eeb509e43"},"headline":"Diego Santilli visit\u00f3 La Paternal para charlar con vecinos","datePublished":"2020-01-20T15:04:33+00:00","dateModified":"2020-05-02T15:06:31+00:00","mainEntityOfPage":{"@id":"https:\/\/vocesdelacomuna15.com.ar\/press\/diego-santilli-visito-la-paternal-para-charlar-con-vecinos\/"},"wordCount":1428,"commentCount":0,"publisher":{"@id":"https:\/\/vocesdelacomuna15.com.ar\/press\/#organization"},"image":{"@id":"https:\/\/vocesdelacomuna15.com.ar\/press\/diego-santilli-visito-la-paternal-para-charlar-con-vecinos\/#primaryimage"},"thumbnailUrl":"https:\/\/vocesdelacomuna15.com.ar\/wp-content\/uploads\/2020\/05\/santilli06012020.png","articleSection":["La Paternal","Pol\u00edtica"],"inLanguage":"es-AR","potentialAction":[{"@type":"CommentAction","name":"Comment","target":["https:\/\/vocesdelacomuna15.com.ar\/press\/diego-santilli-visito-la-paternal-para-charlar-con-vecinos\/#respond"]}]},{"@type":"WebPage","@id":"https:\/\/vocesdelacomuna15.com.ar\/press\/diego-santilli-visito-la-paternal-para-charlar-con-vecinos\/","url":"https:\/\/vocesdelacomuna15.com.ar\/press\/diego-santilli-visito-la-paternal-para-charlar-con-vecinos\/","name":"Diego Santilli visit\u00f3 La Paternal para charlar con vecinos - Voces de la Comuna 15","isPartOf":{"@id":"https:\/\/vocesdelacomuna15.com.ar\/press\/#website"},"primaryImageOfPage":{"@id":"https:\/\/vocesdelacomuna15.com.ar\/press\/diego-santilli-visito-la-paternal-para-charlar-con-vecinos\/#primaryimage"},"image":{"@id":"https:\/\/vocesdelacomuna15.com.ar\/press\/diego-santilli-visito-la-paternal-para-charlar-con-vecinos\/#primaryimage"},"thumbnailUrl":"https:\/\/vocesdelacomuna15.com.ar\/wp-content\/uploads\/2020\/05\/santilli06012020.png","datePublished":"2020-01-20T15:04:33+00:00","dateModified":"2020-05-02T15:06:31+00:00","description":"Voces de la Comuna 15","breadcrumb":{"@id":"https:\/\/vocesdelacomuna15.com.ar\/press\/diego-santilli-visito-la-paternal-para-charlar-con-vecinos\/#breadcrumb"},"inLanguage":"es-AR","potentialAction":[{"@type":"ReadAction","target":["https:\/\/vocesdelacomuna15.com.ar\/press\/diego-santilli-visito-la-paternal-para-charlar-con-vecinos\/"]}]},{"@type":"ImageObject","inLanguage":"es-AR","@id":"https:\/\/vocesdelacomuna15.com.ar\/press\/diego-santilli-visito-la-paternal-para-charlar-con-vecinos\/#primaryimage","url":"https:\/\/vocesdelacomuna15.com.ar\/wp-content\/uploads\/2020\/05\/santilli06012020.png","contentUrl":"https:\/\/vocesdelacomuna15.com.ar\/wp-content\/uploads\/2020\/05\/santilli06012020.png","width":816,"height":812},{"@type":"BreadcrumbList","@id":"https:\/\/vocesdelacomuna15.com.ar\/press\/diego-santilli-visito-la-paternal-para-charlar-con-vecinos\/#breadcrumb","itemListElement":[{"@type":"ListItem","position":1,"name":"Inicio","item":"https:\/\/vocesdelacomuna15.com.ar\/press\/"},{"@type":"ListItem","position":2,"name":"Diego Santilli visit\u00f3 La Paternal para charlar con vecinos"}]},{"@type":"WebSite","@id":"https:\/\/vocesdelacomuna15.com.ar\/press\/#website","url":"https:\/\/vocesdelacomuna15.com.ar\/press\/","name":"Voces de la Comuna 15","description":"Sitio web de noticias","publisher":{"@id":"https:\/\/vocesdelacomuna15.com.ar\/press\/#organization"},"potentialAction":[{"@type":"SearchAction","target":{"@type":"EntryPoint","urlTemplate":"https:\/\/vocesdelacomuna15.com.ar\/press\/?s={search_term_string}"},"query-input":{"@type":"PropertyValueSpecification","valueRequired":true,"valueName":"search_term_string"}}],"inLanguage":"es-AR"},{"@type":"Organization","@id":"https:\/\/vocesdelacomuna15.com.ar\/press\/#organization","name":"Voces de la Comuna 15","url":"https:\/\/vocesdelacomuna15.com.ar\/press\/","logo":{"@type":"ImageObject","inLanguage":"es-AR","@id":"https:\/\/vocesdelacomuna15.com.ar\/press\/#\/schema\/logo\/image\/","url":"https:\/\/vocesdelacomuna15.com.ar\/wp-content\/uploads\/2024\/12\/cropped-logo_voces.jpg","contentUrl":"https:\/\/vocesdelacomuna15.com.ar\/wp-content\/uploads\/2024\/12\/cropped-logo_voces.jpg","width":512,"height":512,"caption":"Voces de la Comuna 15"},"image":{"@id":"https:\/\/vocesdelacomuna15.com.ar\/press\/#\/schema\/logo\/image\/"},"sameAs":["https:\/\/www.facebook.com\/VocesComuna15\/","https:\/\/x.com\/vocescomuna15"]},{"@type":"Person","@id":"https:\/\/vocesdelacomuna15.com.ar\/press\/#\/schema\/person\/4739e109db25d799cd3d139eeb509e43","name":"Federico Arguto","image":{"@type":"ImageObject","inLanguage":"es-AR","@id":"https:\/\/vocesdelacomuna15.com.ar\/wp-content\/litespeed\/avatar\/82faf979976f1bae889b8b71f8a0a7e5.jpg?ver=1777419741","url":"https:\/\/vocesdelacomuna15.com.ar\/wp-content\/litespeed\/avatar\/82faf979976f1bae889b8b71f8a0a7e5.jpg?ver=1777419741","contentUrl":"https:\/\/vocesdelacomuna15.com.ar\/wp-content\/litespeed\/avatar\/82faf979976f1bae889b8b71f8a0a7e5.jpg?ver=1777419741","caption":"Federico Arguto"},"url":"https:\/\/vocesdelacomuna15.com.ar\/press\/author\/fede\/"}]}},"_links":{"self":[{"href":"https:\/\/vocesdelacomuna15.com.ar\/press\/wp-json\/wp\/v2\/posts\/52030","targetHints":{"allow":["GET"]}}],"collection":[{"href":"https:\/\/vocesdelacomuna15.com.ar\/press\/wp-json\/wp\/v2\/posts"}],"about":[{"href":"https:\/\/vocesdelacomuna15.com.ar\/press\/wp-json\/wp\/v2\/types\/post"}],"author":[{"embeddable":true,"href":"https:\/\/vocesdelacomuna15.com.ar\/press\/wp-json\/wp\/v2\/users\/2"}],"replies":[{"embeddable":true,"href":"https:\/\/vocesdelacomuna15.com.ar\/press\/wp-json\/wp\/v2\/comments?post=52030"}],"version-history":[{"count":1,"href":"https:\/\/vocesdelacomuna15.com.ar\/press\/wp-json\/wp\/v2\/posts\/52030\/revisions"}],"predecessor-version":[{"id":52032,"href":"https:\/\/vocesdelacomuna15.com.ar\/press\/wp-json\/wp\/v2\/posts\/52030\/revisions\/52032"}],"wp:featuredmedia":[{"embeddable":true,"href":"https:\/\/vocesdelacomuna15.com.ar\/press\/wp-json\/wp\/v2\/media\/52031"}],"wp:attachment":[{"href":"https:\/\/vocesdelacomuna15.com.ar\/press\/wp-json\/wp\/v2\/media?parent=52030"}],"wp:term":[{"taxonomy":"category","embeddable":true,"href":"https:\/\/vocesdelacomuna15.com.ar\/press\/wp-json\/wp\/v2\/categories?post=52030"},{"taxonomy":"post_tag","embeddable":true,"href":"https:\/\/vocesdelacomuna15.com.ar\/press\/wp-json\/wp\/v2\/tags?post=52030"}],"curies":[{"name":"wp","href":"https:\/\/api.w.org\/{rel}","templated":true}]}}