{"id":52024,"date":"2020-01-27T11:54:41","date_gmt":"2020-01-27T14:54:41","guid":{"rendered":"http:\/\/vocesdelacomuna15.com.ar\/wordpress\/?p=52024"},"modified":"2020-05-02T11:56:28","modified_gmt":"2020-05-02T14:56:28","slug":"prorrogan-la-concesion-del-subte-a-metrovias-hasta-que-finalice-la-nueva-licitacion","status":"publish","type":"post","link":"https:\/\/vocesdelacomuna15.com.ar\/press\/prorrogan-la-concesion-del-subte-a-metrovias-hasta-que-finalice-la-nueva-licitacion\/","title":{"rendered":"Prorrogan la concesi\u00f3n del Subte a Metrov\u00edas hasta que finalice la nueva licitaci\u00f3n"},"content":{"rendered":"\n<h4 class=\"wp-block-heading\">Fuente: Diario Z (Publicada el 31 de diciembre de 2019)<\/h4>\n\n\n\n<p>Este martes 31 de diciembre de 2019 se venc\u00eda la \u00faltima pr\u00f3rroga de \nla concesi\u00f3n del Subte de Buenos Aires a la empresa Metrov\u00edas, que tiene\n la operatoria del servicio desde el 1 de enero de 1994 y que \nformalmente venci\u00f3 a fines de 2017. Como el proceso de licitaci\u00f3n para \ndefinir qui\u00e9n controlar\u00e1 las seis l\u00edneas a\u00fan no finaliza (la actual \noperaria es una de las dos firmas que compite), el directorio Sbase, la \nsociedad del Estado que administra el subterr\u00e1neo porte\u00f1o, extendi\u00f3 por \ntiempo indeterminado la potestad del control al actual operador. \nLa nueva licitaci\u00f3n, que ser\u00e1 por 12 a\u00f1os con la posibilidad de \nextenderlo por tres, se encuentra en pleno proceso. Quedaron en la recta\n final dos  grupos empresarios. Como se dijo, uno est\u00e1 liderado por el \nactual operador, Metrovias, del Grupo Roggio, y el otro por la compa\u00f1\u00eda \nfrancesa Keolis, asociada con la firma Helport, parte del Grupo Am\u00e9rica,\n propiedad de Eduardo Eurnekian.   \nEl pasado lunes 23 de diciembre se difundieron los resultados del \npuntaje de las ofertas t\u00e9cnicas. El Comit\u00e9 Evaluador armado por Sbase le\n dio a la firma francesa 907,5 puntos y a la compa\u00f1\u00eda del Grupo Roggio \n891,9. \nEl procedimiento prev\u00e9 la posibilidad de impugnaciones a los \nevaluaciones del Comit\u00e9, por lo que no hay una fecha precisa en la que \nse pueda asegurar que se brindar\u00e1 el resultado definitivo. \nEste proceso no est\u00e1 libre de tensiones con los trabajadores del subte. \nHace una semana, los Metrodelegados advirtieron que la propuesta del \nconsorcio liderado por los franceses inclu\u00eda precarizaci\u00f3n y eliminaci\u00f3n\n de puestos de trabajo. \u201cSabemos que la empresa Keolis, para sumar m\u00e1s \npuntos, est\u00e1 proponiendo sacar de la l\u00ednea H a los guardas, a los \nconductores y al personal de boleter\u00edas\u201d, le hab\u00eda dicho en ese momento a\n Diario Z N\u00e9stor Segovia, delegado de la L\u00ednea C y secretario adjunto de\n Metrodelegados.\nSegovia hab\u00eda explicado que esa l\u00ednea (H) tiene la posibilidad \nautomatizar casi todo el servicio porque los trenes son nuevos y pueden \nmanejarse con piloto autom\u00e1tico. \nEl gremialista hab\u00eda remarcado que por la informaci\u00f3n que el sindicato \nhab\u00eda recabado, Keolis pretend\u00eda \u201cno reconocer las condiciones de \ninsalubridad de nuestro trabajo y por lo tanto no respetar la jornada de\n seis horas para llevarla a una de ocho\u201d. \u201cEso implicar\u00eda dejar un \nmont\u00f3n de compa\u00f1eros en la calle, ya que a la propuesta de automatizar \ntareas habr\u00eda que sumarle que con una jornada de ocho horas el d\u00eda se \ncubrir\u00eda con tres turnos y ahora son cuatro\u201d. \nPor ahora, qui\u00e9n ser\u00e1 el futuro operador del subte  sigue siendo una \ninc\u00f3gnita. \n\nFuente: Diario Z\n\nFoto: \u00c1mbito\n\nCaracteres: 2.565<\/p>\n<div class=\"pvc_clear\"><\/div><p id=\"pvc_stats_52024\" class=\"pvc_stats all  \" data-element-id=\"52024\" style=\"\"><i class=\"pvc-stats-icon small\" aria-hidden=\"true\"><svg aria-hidden=\"true\" focusable=\"false\" data-prefix=\"far\" data-icon=\"chart-bar\" role=\"img\" xmlns=\"http:\/\/www.w3.org\/2000\/svg\" viewBox=\"0 0 512 512\" class=\"svg-inline--fa fa-chart-bar fa-w-16 fa-2x\"><path fill=\"currentColor\" d=\"M396.8 352h22.4c6.4 0 12.8-6.4 12.8-12.8V108.8c0-6.4-6.4-12.8-12.8-12.8h-22.4c-6.4 0-12.8 6.4-12.8 12.8v230.4c0 6.4 6.4 12.8 12.8 12.8zm-192 0h22.4c6.4 0 12.8-6.4 12.8-12.8V140.8c0-6.4-6.4-12.8-12.8-12.8h-22.4c-6.4 0-12.8 6.4-12.8 12.8v198.4c0 6.4 6.4 12.8 12.8 12.8zm96 0h22.4c6.4 0 12.8-6.4 12.8-12.8V204.8c0-6.4-6.4-12.8-12.8-12.8h-22.4c-6.4 0-12.8 6.4-12.8 12.8v134.4c0 6.4 6.4 12.8 12.8 12.8zM496 400H48V80c0-8.84-7.16-16-16-16H16C7.16 64 0 71.16 0 80v336c0 17.67 14.33 32 32 32h464c8.84 0 16-7.16 16-16v-16c0-8.84-7.16-16-16-16zm-387.2-48h22.4c6.4 0 12.8-6.4 12.8-12.8v-70.4c0-6.4-6.4-12.8-12.8-12.8h-22.4c-6.4 0-12.8 6.4-12.8 12.8v70.4c0 6.4 6.4 12.8 12.8 12.8z\" class=\"\"><\/path><\/svg><\/i> <img loading=\"lazy\" decoding=\"async\" width=\"16\" height=\"16\" alt=\"Loading\" src=\"https:\/\/vocesdelacomuna15.com.ar\/wp-content\/plugins\/page-views-count\/ajax-loader-2x.gif\" border=0 \/><\/p><div class=\"pvc_clear\"><\/div>","protected":false},"excerpt":{"rendered":"<p>Fuente: Diario Z (Publicada el 31 de diciembre de 2019) Este martes 31 de diciembre de 2019 se venc\u00eda la \u00faltima pr\u00f3rroga de la concesi\u00f3n del Subte de Buenos Aires a la empresa Metrov\u00edas, que tiene la operatoria del servicio desde el 1 de enero de 1994 y que formalmente venci\u00f3 a fines de 2017. [&hellip;]<\/p>\n<div class=\"pvc_clear\"><\/div>\n<p id=\"pvc_stats_52024\" class=\"pvc_stats all  \" data-element-id=\"52024\" style=\"\"><i class=\"pvc-stats-icon small\" aria-hidden=\"true\"><svg aria-hidden=\"true\" focusable=\"false\" data-prefix=\"far\" data-icon=\"chart-bar\" role=\"img\" xmlns=\"http:\/\/www.w3.org\/2000\/svg\" viewBox=\"0 0 512 512\" class=\"svg-inline--fa fa-chart-bar fa-w-16 fa-2x\"><path fill=\"currentColor\" d=\"M396.8 352h22.4c6.4 0 12.8-6.4 12.8-12.8V108.8c0-6.4-6.4-12.8-12.8-12.8h-22.4c-6.4 0-12.8 6.4-12.8 12.8v230.4c0 6.4 6.4 12.8 12.8 12.8zm-192 0h22.4c6.4 0 12.8-6.4 12.8-12.8V140.8c0-6.4-6.4-12.8-12.8-12.8h-22.4c-6.4 0-12.8 6.4-12.8 12.8v198.4c0 6.4 6.4 12.8 12.8 12.8zm96 0h22.4c6.4 0 12.8-6.4 12.8-12.8V204.8c0-6.4-6.4-12.8-12.8-12.8h-22.4c-6.4 0-12.8 6.4-12.8 12.8v134.4c0 6.4 6.4 12.8 12.8 12.8zM496 400H48V80c0-8.84-7.16-16-16-16H16C7.16 64 0 71.16 0 80v336c0 17.67 14.33 32 32 32h464c8.84 0 16-7.16 16-16v-16c0-8.84-7.16-16-16-16zm-387.2-48h22.4c6.4 0 12.8-6.4 12.8-12.8v-70.4c0-6.4-6.4-12.8-12.8-12.8h-22.4c-6.4 0-12.8 6.4-12.8 12.8v70.4c0 6.4 6.4 12.8 12.8 12.8z\" class=\"\"><\/path><\/svg><\/i> <img loading=\"lazy\" decoding=\"async\" width=\"16\" height=\"16\" alt=\"Loading\" src=\"https:\/\/vocesdelacomuna15.com.ar\/wp-content\/plugins\/page-views-count\/ajax-loader-2x.gif\" border=0 \/><\/p>\n<div class=\"pvc_clear\"><\/div>\n","protected":false},"author":2,"featured_media":52025,"comment_status":"open","ping_status":"open","sticky":false,"template":"","format":"standard","meta":{"_et_pb_use_builder":"off","_et_pb_old_content":"","_et_gb_content_width":"","footnotes":""},"categories":[23,26],"tags":[],"class_list":["post-52024","post","type-post","status-publish","format-standard","has-post-thumbnail","hentry","category-chacarita","category-ciudad","et-has-post-format-content","et_post_format-et-post-format-standard"],"a3_pvc":{"activated":true,"total_views":358,"today_views":0},"yoast_head":"<!-- This site is optimized with the Yoast SEO plugin v27.5 - https:\/\/yoast.com\/product\/yoast-seo-wordpress\/ -->\n<title>Prorrogan la concesi\u00f3n del Subte a Metrov\u00edas hasta que finalice la nueva licitaci\u00f3n - Voces de la Comuna 15<\/title>\n<meta name=\"description\" content=\"Voces de la Comuna 15\" \/>\n<meta name=\"robots\" content=\"index, follow, max-snippet:-1, max-image-preview:large, max-video-preview:-1\" \/>\n<link rel=\"canonical\" href=\"https:\/\/vocesdelacomuna15.com.ar\/press\/prorrogan-la-concesion-del-subte-a-metrovias-hasta-que-finalice-la-nueva-licitacion\/\" \/>\n<meta property=\"og:locale\" content=\"es_ES\" \/>\n<meta property=\"og:type\" content=\"article\" \/>\n<meta property=\"og:title\" content=\"Prorrogan la concesi\u00f3n del Subte a Metrov\u00edas hasta que finalice la nueva licitaci\u00f3n - Voces de la Comuna 15\" \/>\n<meta property=\"og:description\" content=\"Voces de la Comuna 15\" \/>\n<meta property=\"og:url\" content=\"https:\/\/vocesdelacomuna15.com.ar\/press\/prorrogan-la-concesion-del-subte-a-metrovias-hasta-que-finalice-la-nueva-licitacion\/\" \/>\n<meta property=\"og:site_name\" content=\"Voces de la Comuna 15\" \/>\n<meta property=\"article:publisher\" content=\"https:\/\/www.facebook.com\/VocesComuna15\/\" \/>\n<meta property=\"article:published_time\" content=\"2020-01-27T14:54:41+00:00\" \/>\n<meta property=\"article:modified_time\" content=\"2020-05-02T14:56:28+00:00\" \/>\n<meta property=\"og:image\" content=\"https:\/\/vocesdelacomuna15.com.ar\/wp-content\/uploads\/2020\/05\/subte-19112019-1.jpg\" \/>\n\t<meta property=\"og:image:width\" content=\"730\" \/>\n\t<meta property=\"og:image:height\" content=\"410\" \/>\n\t<meta property=\"og:image:type\" content=\"image\/jpeg\" \/>\n<meta name=\"author\" content=\"Federico Arguto\" \/>\n<meta name=\"twitter:card\" content=\"summary_large_image\" \/>\n<meta name=\"twitter:creator\" content=\"@vocescomuna15\" \/>\n<meta name=\"twitter:site\" content=\"@vocescomuna15\" \/>\n<meta name=\"twitter:label1\" content=\"Escrito por\" \/>\n\t<meta name=\"twitter:data1\" content=\"Federico Arguto\" \/>\n\t<meta name=\"twitter:label2\" content=\"Tiempo de lectura\" \/>\n\t<meta name=\"twitter:data2\" content=\"2 minutos\" \/>\n<script type=\"application\/ld+json\" class=\"yoast-schema-graph\">{\"@context\":\"https:\\\/\\\/schema.org\",\"@graph\":[{\"@type\":\"Article\",\"@id\":\"https:\\\/\\\/vocesdelacomuna15.com.ar\\\/press\\\/prorrogan-la-concesion-del-subte-a-metrovias-hasta-que-finalice-la-nueva-licitacion\\\/#article\",\"isPartOf\":{\"@id\":\"https:\\\/\\\/vocesdelacomuna15.com.ar\\\/press\\\/prorrogan-la-concesion-del-subte-a-metrovias-hasta-que-finalice-la-nueva-licitacion\\\/\"},\"author\":{\"name\":\"Federico Arguto\",\"@id\":\"https:\\\/\\\/vocesdelacomuna15.com.ar\\\/press\\\/#\\\/schema\\\/person\\\/4739e109db25d799cd3d139eeb509e43\"},\"headline\":\"Prorrogan la concesi\u00f3n del Subte a Metrov\u00edas hasta que finalice la nueva licitaci\u00f3n\",\"datePublished\":\"2020-01-27T14:54:41+00:00\",\"dateModified\":\"2020-05-02T14:56:28+00:00\",\"mainEntityOfPage\":{\"@id\":\"https:\\\/\\\/vocesdelacomuna15.com.ar\\\/press\\\/prorrogan-la-concesion-del-subte-a-metrovias-hasta-que-finalice-la-nueva-licitacion\\\/\"},\"wordCount\":490,\"commentCount\":0,\"publisher\":{\"@id\":\"https:\\\/\\\/vocesdelacomuna15.com.ar\\\/press\\\/#organization\"},\"image\":{\"@id\":\"https:\\\/\\\/vocesdelacomuna15.com.ar\\\/press\\\/prorrogan-la-concesion-del-subte-a-metrovias-hasta-que-finalice-la-nueva-licitacion\\\/#primaryimage\"},\"thumbnailUrl\":\"https:\\\/\\\/vocesdelacomuna15.com.ar\\\/wp-content\\\/uploads\\\/2020\\\/05\\\/subte-19112019-1.jpg\",\"articleSection\":[\"Chacarita\",\"Ciudad\"],\"inLanguage\":\"es-AR\",\"potentialAction\":[{\"@type\":\"CommentAction\",\"name\":\"Comment\",\"target\":[\"https:\\\/\\\/vocesdelacomuna15.com.ar\\\/press\\\/prorrogan-la-concesion-del-subte-a-metrovias-hasta-que-finalice-la-nueva-licitacion\\\/#respond\"]}]},{\"@type\":\"WebPage\",\"@id\":\"https:\\\/\\\/vocesdelacomuna15.com.ar\\\/press\\\/prorrogan-la-concesion-del-subte-a-metrovias-hasta-que-finalice-la-nueva-licitacion\\\/\",\"url\":\"https:\\\/\\\/vocesdelacomuna15.com.ar\\\/press\\\/prorrogan-la-concesion-del-subte-a-metrovias-hasta-que-finalice-la-nueva-licitacion\\\/\",\"name\":\"Prorrogan la concesi\u00f3n del Subte a Metrov\u00edas hasta que finalice la nueva licitaci\u00f3n - Voces de la Comuna 15\",\"isPartOf\":{\"@id\":\"https:\\\/\\\/vocesdelacomuna15.com.ar\\\/press\\\/#website\"},\"primaryImageOfPage\":{\"@id\":\"https:\\\/\\\/vocesdelacomuna15.com.ar\\\/press\\\/prorrogan-la-concesion-del-subte-a-metrovias-hasta-que-finalice-la-nueva-licitacion\\\/#primaryimage\"},\"image\":{\"@id\":\"https:\\\/\\\/vocesdelacomuna15.com.ar\\\/press\\\/prorrogan-la-concesion-del-subte-a-metrovias-hasta-que-finalice-la-nueva-licitacion\\\/#primaryimage\"},\"thumbnailUrl\":\"https:\\\/\\\/vocesdelacomuna15.com.ar\\\/wp-content\\\/uploads\\\/2020\\\/05\\\/subte-19112019-1.jpg\",\"datePublished\":\"2020-01-27T14:54:41+00:00\",\"dateModified\":\"2020-05-02T14:56:28+00:00\",\"description\":\"Voces de la Comuna 15\",\"breadcrumb\":{\"@id\":\"https:\\\/\\\/vocesdelacomuna15.com.ar\\\/press\\\/prorrogan-la-concesion-del-subte-a-metrovias-hasta-que-finalice-la-nueva-licitacion\\\/#breadcrumb\"},\"inLanguage\":\"es-AR\",\"potentialAction\":[{\"@type\":\"ReadAction\",\"target\":[\"https:\\\/\\\/vocesdelacomuna15.com.ar\\\/press\\\/prorrogan-la-concesion-del-subte-a-metrovias-hasta-que-finalice-la-nueva-licitacion\\\/\"]}]},{\"@type\":\"ImageObject\",\"inLanguage\":\"es-AR\",\"@id\":\"https:\\\/\\\/vocesdelacomuna15.com.ar\\\/press\\\/prorrogan-la-concesion-del-subte-a-metrovias-hasta-que-finalice-la-nueva-licitacion\\\/#primaryimage\",\"url\":\"https:\\\/\\\/vocesdelacomuna15.com.ar\\\/wp-content\\\/uploads\\\/2020\\\/05\\\/subte-19112019-1.jpg\",\"contentUrl\":\"https:\\\/\\\/vocesdelacomuna15.com.ar\\\/wp-content\\\/uploads\\\/2020\\\/05\\\/subte-19112019-1.jpg\",\"width\":730,\"height\":410},{\"@type\":\"BreadcrumbList\",\"@id\":\"https:\\\/\\\/vocesdelacomuna15.com.ar\\\/press\\\/prorrogan-la-concesion-del-subte-a-metrovias-hasta-que-finalice-la-nueva-licitacion\\\/#breadcrumb\",\"itemListElement\":[{\"@type\":\"ListItem\",\"position\":1,\"name\":\"Inicio\",\"item\":\"https:\\\/\\\/vocesdelacomuna15.com.ar\\\/press\\\/\"},{\"@type\":\"ListItem\",\"position\":2,\"name\":\"Prorrogan la concesi\u00f3n del Subte a Metrov\u00edas hasta que finalice la nueva licitaci\u00f3n\"}]},{\"@type\":\"WebSite\",\"@id\":\"https:\\\/\\\/vocesdelacomuna15.com.ar\\\/press\\\/#website\",\"url\":\"https:\\\/\\\/vocesdelacomuna15.com.ar\\\/press\\\/\",\"name\":\"Voces de la Comuna 15\",\"description\":\"Sitio web de noticias\",\"publisher\":{\"@id\":\"https:\\\/\\\/vocesdelacomuna15.com.ar\\\/press\\\/#organization\"},\"potentialAction\":[{\"@type\":\"SearchAction\",\"target\":{\"@type\":\"EntryPoint\",\"urlTemplate\":\"https:\\\/\\\/vocesdelacomuna15.com.ar\\\/press\\\/?s={search_term_string}\"},\"query-input\":{\"@type\":\"PropertyValueSpecification\",\"valueRequired\":true,\"valueName\":\"search_term_string\"}}],\"inLanguage\":\"es-AR\"},{\"@type\":\"Organization\",\"@id\":\"https:\\\/\\\/vocesdelacomuna15.com.ar\\\/press\\\/#organization\",\"name\":\"Voces de la Comuna 15\",\"url\":\"https:\\\/\\\/vocesdelacomuna15.com.ar\\\/press\\\/\",\"logo\":{\"@type\":\"ImageObject\",\"inLanguage\":\"es-AR\",\"@id\":\"https:\\\/\\\/vocesdelacomuna15.com.ar\\\/press\\\/#\\\/schema\\\/logo\\\/image\\\/\",\"url\":\"https:\\\/\\\/vocesdelacomuna15.com.ar\\\/wp-content\\\/uploads\\\/2024\\\/12\\\/cropped-logo_voces.jpg\",\"contentUrl\":\"https:\\\/\\\/vocesdelacomuna15.com.ar\\\/wp-content\\\/uploads\\\/2024\\\/12\\\/cropped-logo_voces.jpg\",\"width\":512,\"height\":512,\"caption\":\"Voces de la Comuna 15\"},\"image\":{\"@id\":\"https:\\\/\\\/vocesdelacomuna15.com.ar\\\/press\\\/#\\\/schema\\\/logo\\\/image\\\/\"},\"sameAs\":[\"https:\\\/\\\/www.facebook.com\\\/VocesComuna15\\\/\",\"https:\\\/\\\/x.com\\\/vocescomuna15\"]},{\"@type\":\"Person\",\"@id\":\"https:\\\/\\\/vocesdelacomuna15.com.ar\\\/press\\\/#\\\/schema\\\/person\\\/4739e109db25d799cd3d139eeb509e43\",\"name\":\"Federico Arguto\",\"image\":{\"@type\":\"ImageObject\",\"inLanguage\":\"es-AR\",\"@id\":\"https:\\\/\\\/vocesdelacomuna15.com.ar\\\/wp-content\\\/litespeed\\\/avatar\\\/82faf979976f1bae889b8b71f8a0a7e5.jpg?ver=1777419741\",\"url\":\"https:\\\/\\\/vocesdelacomuna15.com.ar\\\/wp-content\\\/litespeed\\\/avatar\\\/82faf979976f1bae889b8b71f8a0a7e5.jpg?ver=1777419741\",\"contentUrl\":\"https:\\\/\\\/vocesdelacomuna15.com.ar\\\/wp-content\\\/litespeed\\\/avatar\\\/82faf979976f1bae889b8b71f8a0a7e5.jpg?ver=1777419741\",\"caption\":\"Federico Arguto\"},\"url\":\"https:\\\/\\\/vocesdelacomuna15.com.ar\\\/press\\\/author\\\/fede\\\/\"}]}<\/script>\n<!-- \/ Yoast SEO plugin. -->","yoast_head_json":{"title":"Prorrogan la concesi\u00f3n del Subte a Metrov\u00edas hasta que finalice la nueva licitaci\u00f3n - Voces de la Comuna 15","description":"Voces de la Comuna 15","robots":{"index":"index","follow":"follow","max-snippet":"max-snippet:-1","max-image-preview":"max-image-preview:large","max-video-preview":"max-video-preview:-1"},"canonical":"https:\/\/vocesdelacomuna15.com.ar\/press\/prorrogan-la-concesion-del-subte-a-metrovias-hasta-que-finalice-la-nueva-licitacion\/","og_locale":"es_ES","og_type":"article","og_title":"Prorrogan la concesi\u00f3n del Subte a Metrov\u00edas hasta que finalice la nueva licitaci\u00f3n - Voces de la Comuna 15","og_description":"Voces de la Comuna 15","og_url":"https:\/\/vocesdelacomuna15.com.ar\/press\/prorrogan-la-concesion-del-subte-a-metrovias-hasta-que-finalice-la-nueva-licitacion\/","og_site_name":"Voces de la Comuna 15","article_publisher":"https:\/\/www.facebook.com\/VocesComuna15\/","article_published_time":"2020-01-27T14:54:41+00:00","article_modified_time":"2020-05-02T14:56:28+00:00","og_image":[{"width":730,"height":410,"url":"https:\/\/vocesdelacomuna15.com.ar\/wp-content\/uploads\/2020\/05\/subte-19112019-1.jpg","type":"image\/jpeg"}],"author":"Federico Arguto","twitter_card":"summary_large_image","twitter_creator":"@vocescomuna15","twitter_site":"@vocescomuna15","twitter_misc":{"Escrito por":"Federico Arguto","Tiempo de lectura":"2 minutos"},"schema":{"@context":"https:\/\/schema.org","@graph":[{"@type":"Article","@id":"https:\/\/vocesdelacomuna15.com.ar\/press\/prorrogan-la-concesion-del-subte-a-metrovias-hasta-que-finalice-la-nueva-licitacion\/#article","isPartOf":{"@id":"https:\/\/vocesdelacomuna15.com.ar\/press\/prorrogan-la-concesion-del-subte-a-metrovias-hasta-que-finalice-la-nueva-licitacion\/"},"author":{"name":"Federico Arguto","@id":"https:\/\/vocesdelacomuna15.com.ar\/press\/#\/schema\/person\/4739e109db25d799cd3d139eeb509e43"},"headline":"Prorrogan la concesi\u00f3n del Subte a Metrov\u00edas hasta que finalice la nueva licitaci\u00f3n","datePublished":"2020-01-27T14:54:41+00:00","dateModified":"2020-05-02T14:56:28+00:00","mainEntityOfPage":{"@id":"https:\/\/vocesdelacomuna15.com.ar\/press\/prorrogan-la-concesion-del-subte-a-metrovias-hasta-que-finalice-la-nueva-licitacion\/"},"wordCount":490,"commentCount":0,"publisher":{"@id":"https:\/\/vocesdelacomuna15.com.ar\/press\/#organization"},"image":{"@id":"https:\/\/vocesdelacomuna15.com.ar\/press\/prorrogan-la-concesion-del-subte-a-metrovias-hasta-que-finalice-la-nueva-licitacion\/#primaryimage"},"thumbnailUrl":"https:\/\/vocesdelacomuna15.com.ar\/wp-content\/uploads\/2020\/05\/subte-19112019-1.jpg","articleSection":["Chacarita","Ciudad"],"inLanguage":"es-AR","potentialAction":[{"@type":"CommentAction","name":"Comment","target":["https:\/\/vocesdelacomuna15.com.ar\/press\/prorrogan-la-concesion-del-subte-a-metrovias-hasta-que-finalice-la-nueva-licitacion\/#respond"]}]},{"@type":"WebPage","@id":"https:\/\/vocesdelacomuna15.com.ar\/press\/prorrogan-la-concesion-del-subte-a-metrovias-hasta-que-finalice-la-nueva-licitacion\/","url":"https:\/\/vocesdelacomuna15.com.ar\/press\/prorrogan-la-concesion-del-subte-a-metrovias-hasta-que-finalice-la-nueva-licitacion\/","name":"Prorrogan la concesi\u00f3n del Subte a Metrov\u00edas hasta que finalice la nueva licitaci\u00f3n - Voces de la Comuna 15","isPartOf":{"@id":"https:\/\/vocesdelacomuna15.com.ar\/press\/#website"},"primaryImageOfPage":{"@id":"https:\/\/vocesdelacomuna15.com.ar\/press\/prorrogan-la-concesion-del-subte-a-metrovias-hasta-que-finalice-la-nueva-licitacion\/#primaryimage"},"image":{"@id":"https:\/\/vocesdelacomuna15.com.ar\/press\/prorrogan-la-concesion-del-subte-a-metrovias-hasta-que-finalice-la-nueva-licitacion\/#primaryimage"},"thumbnailUrl":"https:\/\/vocesdelacomuna15.com.ar\/wp-content\/uploads\/2020\/05\/subte-19112019-1.jpg","datePublished":"2020-01-27T14:54:41+00:00","dateModified":"2020-05-02T14:56:28+00:00","description":"Voces de la Comuna 15","breadcrumb":{"@id":"https:\/\/vocesdelacomuna15.com.ar\/press\/prorrogan-la-concesion-del-subte-a-metrovias-hasta-que-finalice-la-nueva-licitacion\/#breadcrumb"},"inLanguage":"es-AR","potentialAction":[{"@type":"ReadAction","target":["https:\/\/vocesdelacomuna15.com.ar\/press\/prorrogan-la-concesion-del-subte-a-metrovias-hasta-que-finalice-la-nueva-licitacion\/"]}]},{"@type":"ImageObject","inLanguage":"es-AR","@id":"https:\/\/vocesdelacomuna15.com.ar\/press\/prorrogan-la-concesion-del-subte-a-metrovias-hasta-que-finalice-la-nueva-licitacion\/#primaryimage","url":"https:\/\/vocesdelacomuna15.com.ar\/wp-content\/uploads\/2020\/05\/subte-19112019-1.jpg","contentUrl":"https:\/\/vocesdelacomuna15.com.ar\/wp-content\/uploads\/2020\/05\/subte-19112019-1.jpg","width":730,"height":410},{"@type":"BreadcrumbList","@id":"https:\/\/vocesdelacomuna15.com.ar\/press\/prorrogan-la-concesion-del-subte-a-metrovias-hasta-que-finalice-la-nueva-licitacion\/#breadcrumb","itemListElement":[{"@type":"ListItem","position":1,"name":"Inicio","item":"https:\/\/vocesdelacomuna15.com.ar\/press\/"},{"@type":"ListItem","position":2,"name":"Prorrogan la concesi\u00f3n del Subte a Metrov\u00edas hasta que finalice la nueva licitaci\u00f3n"}]},{"@type":"WebSite","@id":"https:\/\/vocesdelacomuna15.com.ar\/press\/#website","url":"https:\/\/vocesdelacomuna15.com.ar\/press\/","name":"Voces de la Comuna 15","description":"Sitio web de noticias","publisher":{"@id":"https:\/\/vocesdelacomuna15.com.ar\/press\/#organization"},"potentialAction":[{"@type":"SearchAction","target":{"@type":"EntryPoint","urlTemplate":"https:\/\/vocesdelacomuna15.com.ar\/press\/?s={search_term_string}"},"query-input":{"@type":"PropertyValueSpecification","valueRequired":true,"valueName":"search_term_string"}}],"inLanguage":"es-AR"},{"@type":"Organization","@id":"https:\/\/vocesdelacomuna15.com.ar\/press\/#organization","name":"Voces de la Comuna 15","url":"https:\/\/vocesdelacomuna15.com.ar\/press\/","logo":{"@type":"ImageObject","inLanguage":"es-AR","@id":"https:\/\/vocesdelacomuna15.com.ar\/press\/#\/schema\/logo\/image\/","url":"https:\/\/vocesdelacomuna15.com.ar\/wp-content\/uploads\/2024\/12\/cropped-logo_voces.jpg","contentUrl":"https:\/\/vocesdelacomuna15.com.ar\/wp-content\/uploads\/2024\/12\/cropped-logo_voces.jpg","width":512,"height":512,"caption":"Voces de la Comuna 15"},"image":{"@id":"https:\/\/vocesdelacomuna15.com.ar\/press\/#\/schema\/logo\/image\/"},"sameAs":["https:\/\/www.facebook.com\/VocesComuna15\/","https:\/\/x.com\/vocescomuna15"]},{"@type":"Person","@id":"https:\/\/vocesdelacomuna15.com.ar\/press\/#\/schema\/person\/4739e109db25d799cd3d139eeb509e43","name":"Federico Arguto","image":{"@type":"ImageObject","inLanguage":"es-AR","@id":"https:\/\/vocesdelacomuna15.com.ar\/wp-content\/litespeed\/avatar\/82faf979976f1bae889b8b71f8a0a7e5.jpg?ver=1777419741","url":"https:\/\/vocesdelacomuna15.com.ar\/wp-content\/litespeed\/avatar\/82faf979976f1bae889b8b71f8a0a7e5.jpg?ver=1777419741","contentUrl":"https:\/\/vocesdelacomuna15.com.ar\/wp-content\/litespeed\/avatar\/82faf979976f1bae889b8b71f8a0a7e5.jpg?ver=1777419741","caption":"Federico Arguto"},"url":"https:\/\/vocesdelacomuna15.com.ar\/press\/author\/fede\/"}]}},"_links":{"self":[{"href":"https:\/\/vocesdelacomuna15.com.ar\/press\/wp-json\/wp\/v2\/posts\/52024","targetHints":{"allow":["GET"]}}],"collection":[{"href":"https:\/\/vocesdelacomuna15.com.ar\/press\/wp-json\/wp\/v2\/posts"}],"about":[{"href":"https:\/\/vocesdelacomuna15.com.ar\/press\/wp-json\/wp\/v2\/types\/post"}],"author":[{"embeddable":true,"href":"https:\/\/vocesdelacomuna15.com.ar\/press\/wp-json\/wp\/v2\/users\/2"}],"replies":[{"embeddable":true,"href":"https:\/\/vocesdelacomuna15.com.ar\/press\/wp-json\/wp\/v2\/comments?post=52024"}],"version-history":[{"count":1,"href":"https:\/\/vocesdelacomuna15.com.ar\/press\/wp-json\/wp\/v2\/posts\/52024\/revisions"}],"predecessor-version":[{"id":52026,"href":"https:\/\/vocesdelacomuna15.com.ar\/press\/wp-json\/wp\/v2\/posts\/52024\/revisions\/52026"}],"wp:featuredmedia":[{"embeddable":true,"href":"https:\/\/vocesdelacomuna15.com.ar\/press\/wp-json\/wp\/v2\/media\/52025"}],"wp:attachment":[{"href":"https:\/\/vocesdelacomuna15.com.ar\/press\/wp-json\/wp\/v2\/media?parent=52024"}],"wp:term":[{"taxonomy":"category","embeddable":true,"href":"https:\/\/vocesdelacomuna15.com.ar\/press\/wp-json\/wp\/v2\/categories?post=52024"},{"taxonomy":"post_tag","embeddable":true,"href":"https:\/\/vocesdelacomuna15.com.ar\/press\/wp-json\/wp\/v2\/tags?post=52024"}],"curies":[{"name":"wp","href":"https:\/\/api.w.org\/{rel}","templated":true}]}}