{"id":52018,"date":"2020-01-16T11:51:20","date_gmt":"2020-01-16T14:51:20","guid":{"rendered":"http:\/\/vocesdelacomuna15.com.ar\/wordpress\/?p=52018"},"modified":"2020-05-02T11:52:51","modified_gmt":"2020-05-02T14:52:51","slug":"santilli-y-larreta-presentaron-la-actualizacion-del-mapa-del-delito","status":"publish","type":"post","link":"https:\/\/vocesdelacomuna15.com.ar\/press\/santilli-y-larreta-presentaron-la-actualizacion-del-mapa-del-delito\/","title":{"rendered":"Santilli y Larreta presentaron la actualizaci\u00f3n del Mapa del Delito"},"content":{"rendered":"\n<h4 class=\"wp-block-heading\">El titular del Ministerio de Seguridad y el alcalde local aseguraron  que \u201clos delitos siguen bajando en la Ciudad\u201d y resaltaron que los  robos por parte de motochorros se redujeron en un 17% a lo largo del a\u00f1o  pasado. Fuente: Parlamentario.com<\/h4>\n\n\n\n<p>\nEl presidente de la Legislatura y titular del Ministerio de Seguridad, \nDiego Santilli, present\u00f3 este jueves junto al jefe de Gobierno porte\u00f1o, \nHoracio Rodr\u00edguez Larreta, la nueva actualizaci\u00f3n del Mapa del Delito y \nresaltaron que durante el a\u00f1o pasado se logr\u00f3 reducir la cantidad de \nrobos y homicidios en la Ciudad.\nEn la presentaci\u00f3n del informe tambi\u00e9n estuvo presente el jefe de \nGabinete, Felipe Miguel, y el secretario de Justicia y Seguridad \nporte\u00f1o, Marcelo D Alessandro.\nEn ese sentido, Santilli asegur\u00f3 que \u201clas cifras nos muestran que el \nrobo por motochorros baj\u00f3 un 17% en 2019, los homicidios y robos en \ngeneral tambi\u00e9n bajaron\u201d y consider\u00f3 que \u201cestos resultados son \nalentadores porque significa que estamos mejorando la seguridad de los \nvecinos\u201d, aunque aclar\u00f3 que \u201ctodav\u00eda queda mucho por hacer porque el \ndelito migra y cambia constantemente\u201d.\n\u201cEl Mapa del Delito es parte de una pol\u00edtica integral de seguridad mucho\n m\u00e1s amplia, que adem\u00e1s tiene m\u00e1s polic\u00edas, mejor capacitaci\u00f3n de la \nfuerza, nuevos Centros de Monitoreo, c\u00e1maras y el Sistema de \nReconocimiento Facial\u201d, indic\u00f3 y resalt\u00f3 que \u201ccada una de estas medidas \nnos permiten seguir construyendo la Ciudad que tanto queremos y a que \ntodos vivamos m\u00e1s seguros\u201d.\nAl mismo tiempo que Rodr\u00edguez Larreta afirm\u00f3 que \u201cmientras haya un \nvecino de la Ciudad que sufra un robo o una situaci\u00f3n violenta, no vamos\n a parar\u201d e insisti\u00f3 en que \u201cel Mapa del Delito nos muestra que los \ndelitos siguen bajando y que vamos por el camino correcto\u201d.\n\u201cLas estad\u00edsticas nos indican que en la Ciudad el robo de autos baj\u00f3 un \n49%; los homicidios bajaron un 28%; el robo de motochorros baj\u00f3 un 17 %;\n y los robos en general bajaron un 12%\u201d, destac\u00f3 y a\u00f1adi\u00f3 que gracias a \nesta herramienta la Polic\u00eda de la Ciudad \u201cpuede distribuir mejor todos \nsus recursos y definir d\u00f3nde se necesitan m\u00e1s c\u00e1maras, m\u00e1s patrulleros o\n m\u00e1s agentes\u201d.\nAdem\u00e1s, insisti\u00f3 en que \u201clas denuncias son muy importantes, porque nos \nsirven para seguir mejorando la seguridad; cada vez que un vecino \ndenuncia, adem\u00e1s de recibir la asistencia y contenci\u00f3n que necesita, \ncolabora a darle forma a este mapa\u201d.\nPor su parte, Miguel subray\u00f3 que \u201cgracias a esta herramienta analizamos \ntodo lo que pasa en la Ciudad y podemos mejorar la seguridad; los \nresultados nos demuestran que los delitos siguen bajando, una gran \nnoticia para todos\u201d.\nMientras que D Alessandro explic\u00f3 que \u201clos resultados muestran que el \ndelito por motochorros, que es una de las principales preocupaciones de \nlos vecinos, baj\u00f3 un 17%; los homicidios, el robo de autos y robos en \ngeneral tambi\u00e9n bajaron\u201d y consider\u00f3 que \u201cir mejorando la seguridad en \nla Ciudad fue posible gracias al trabajo que viene realizando la Polic\u00eda\n de la Ciudad y con el Mapa del Delito planificamos mejores estrategias \npara la seguridad porque nos indica a qu\u00e9 hora y en qu\u00e9 barrio actu\u00f3 un \ndelincuente\u201d.\n\u201cVamos a seguir dando una pelea incansable contra la inseguridad y vamos\n a seguir usando toda la tecnolog\u00eda, sumando agentes, capacitando mejor a\n la Polic\u00eda de la Ciudad y as\u00ed cuidar a los vecinos\u201d, concluy\u00f3.\n\nFuente: Parlamentario.com Foto: Gentileza de Diego Santilli (Publicada \nen Parlamentario.com)\n\n<\/p>\n<div class=\"pvc_clear\"><\/div><p id=\"pvc_stats_52018\" class=\"pvc_stats all  \" data-element-id=\"52018\" style=\"\"><i class=\"pvc-stats-icon small\" aria-hidden=\"true\"><svg aria-hidden=\"true\" focusable=\"false\" data-prefix=\"far\" data-icon=\"chart-bar\" role=\"img\" xmlns=\"http:\/\/www.w3.org\/2000\/svg\" viewBox=\"0 0 512 512\" class=\"svg-inline--fa fa-chart-bar fa-w-16 fa-2x\"><path fill=\"currentColor\" d=\"M396.8 352h22.4c6.4 0 12.8-6.4 12.8-12.8V108.8c0-6.4-6.4-12.8-12.8-12.8h-22.4c-6.4 0-12.8 6.4-12.8 12.8v230.4c0 6.4 6.4 12.8 12.8 12.8zm-192 0h22.4c6.4 0 12.8-6.4 12.8-12.8V140.8c0-6.4-6.4-12.8-12.8-12.8h-22.4c-6.4 0-12.8 6.4-12.8 12.8v198.4c0 6.4 6.4 12.8 12.8 12.8zm96 0h22.4c6.4 0 12.8-6.4 12.8-12.8V204.8c0-6.4-6.4-12.8-12.8-12.8h-22.4c-6.4 0-12.8 6.4-12.8 12.8v134.4c0 6.4 6.4 12.8 12.8 12.8zM496 400H48V80c0-8.84-7.16-16-16-16H16C7.16 64 0 71.16 0 80v336c0 17.67 14.33 32 32 32h464c8.84 0 16-7.16 16-16v-16c0-8.84-7.16-16-16-16zm-387.2-48h22.4c6.4 0 12.8-6.4 12.8-12.8v-70.4c0-6.4-6.4-12.8-12.8-12.8h-22.4c-6.4 0-12.8 6.4-12.8 12.8v70.4c0 6.4 6.4 12.8 12.8 12.8z\" class=\"\"><\/path><\/svg><\/i> <img loading=\"lazy\" decoding=\"async\" width=\"16\" height=\"16\" alt=\"Loading\" src=\"https:\/\/vocesdelacomuna15.com.ar\/wp-content\/plugins\/page-views-count\/ajax-loader-2x.gif\" border=0 \/><\/p><div class=\"pvc_clear\"><\/div>","protected":false},"excerpt":{"rendered":"<p>El titular del Ministerio de Seguridad y el alcalde local aseguraron que \u201clos delitos siguen bajando en la Ciudad\u201d y resaltaron que los robos por parte de motochorros se redujeron en un 17% a lo largo del a\u00f1o pasado. Fuente: Parlamentario.com El presidente de la Legislatura y titular del Ministerio de Seguridad, Diego Santilli, present\u00f3 [&hellip;]<\/p>\n<div class=\"pvc_clear\"><\/div>\n<p id=\"pvc_stats_52018\" class=\"pvc_stats all  \" data-element-id=\"52018\" style=\"\"><i class=\"pvc-stats-icon small\" aria-hidden=\"true\"><svg aria-hidden=\"true\" focusable=\"false\" data-prefix=\"far\" data-icon=\"chart-bar\" role=\"img\" xmlns=\"http:\/\/www.w3.org\/2000\/svg\" viewBox=\"0 0 512 512\" class=\"svg-inline--fa fa-chart-bar fa-w-16 fa-2x\"><path fill=\"currentColor\" d=\"M396.8 352h22.4c6.4 0 12.8-6.4 12.8-12.8V108.8c0-6.4-6.4-12.8-12.8-12.8h-22.4c-6.4 0-12.8 6.4-12.8 12.8v230.4c0 6.4 6.4 12.8 12.8 12.8zm-192 0h22.4c6.4 0 12.8-6.4 12.8-12.8V140.8c0-6.4-6.4-12.8-12.8-12.8h-22.4c-6.4 0-12.8 6.4-12.8 12.8v198.4c0 6.4 6.4 12.8 12.8 12.8zm96 0h22.4c6.4 0 12.8-6.4 12.8-12.8V204.8c0-6.4-6.4-12.8-12.8-12.8h-22.4c-6.4 0-12.8 6.4-12.8 12.8v134.4c0 6.4 6.4 12.8 12.8 12.8zM496 400H48V80c0-8.84-7.16-16-16-16H16C7.16 64 0 71.16 0 80v336c0 17.67 14.33 32 32 32h464c8.84 0 16-7.16 16-16v-16c0-8.84-7.16-16-16-16zm-387.2-48h22.4c6.4 0 12.8-6.4 12.8-12.8v-70.4c0-6.4-6.4-12.8-12.8-12.8h-22.4c-6.4 0-12.8 6.4-12.8 12.8v70.4c0 6.4 6.4 12.8 12.8 12.8z\" class=\"\"><\/path><\/svg><\/i> <img loading=\"lazy\" decoding=\"async\" width=\"16\" height=\"16\" alt=\"Loading\" src=\"https:\/\/vocesdelacomuna15.com.ar\/wp-content\/plugins\/page-views-count\/ajax-loader-2x.gif\" border=0 \/><\/p>\n<div class=\"pvc_clear\"><\/div>\n","protected":false},"author":2,"featured_media":52019,"comment_status":"open","ping_status":"open","sticky":false,"template":"","format":"standard","meta":{"_et_pb_use_builder":"off","_et_pb_old_content":"","_et_gb_content_width":"","footnotes":""},"categories":[23,28],"tags":[],"class_list":["post-52018","post","type-post","status-publish","format-standard","has-post-thumbnail","hentry","category-chacarita","category-policial","et-has-post-format-content","et_post_format-et-post-format-standard"],"a3_pvc":{"activated":true,"total_views":186,"today_views":0},"yoast_head":"<!-- This site is optimized with the Yoast SEO plugin v27.5 - https:\/\/yoast.com\/product\/yoast-seo-wordpress\/ -->\n<title>Santilli y Larreta presentaron la actualizaci\u00f3n del Mapa del Delito - Voces de la Comuna 15<\/title>\n<meta name=\"description\" content=\"Voces de la Comuna 15\" \/>\n<meta name=\"robots\" content=\"index, follow, max-snippet:-1, max-image-preview:large, max-video-preview:-1\" \/>\n<link rel=\"canonical\" href=\"https:\/\/vocesdelacomuna15.com.ar\/press\/santilli-y-larreta-presentaron-la-actualizacion-del-mapa-del-delito\/\" \/>\n<meta property=\"og:locale\" content=\"es_ES\" \/>\n<meta property=\"og:type\" content=\"article\" \/>\n<meta property=\"og:title\" content=\"Santilli y Larreta presentaron la actualizaci\u00f3n del Mapa del Delito - Voces de la Comuna 15\" \/>\n<meta property=\"og:description\" content=\"Voces de la Comuna 15\" \/>\n<meta property=\"og:url\" content=\"https:\/\/vocesdelacomuna15.com.ar\/press\/santilli-y-larreta-presentaron-la-actualizacion-del-mapa-del-delito\/\" \/>\n<meta property=\"og:site_name\" content=\"Voces de la Comuna 15\" \/>\n<meta property=\"article:publisher\" content=\"https:\/\/www.facebook.com\/VocesComuna15\/\" \/>\n<meta property=\"article:published_time\" content=\"2020-01-16T14:51:20+00:00\" \/>\n<meta property=\"article:modified_time\" content=\"2020-05-02T14:52:51+00:00\" \/>\n<meta property=\"og:image\" content=\"https:\/\/vocesdelacomuna15.com.ar\/wp-content\/uploads\/2020\/05\/mapadelito-16012020.png\" \/>\n\t<meta property=\"og:image:width\" content=\"659\" \/>\n\t<meta property=\"og:image:height\" content=\"407\" \/>\n\t<meta property=\"og:image:type\" content=\"image\/png\" \/>\n<meta name=\"author\" content=\"Federico Arguto\" \/>\n<meta name=\"twitter:card\" content=\"summary_large_image\" \/>\n<meta name=\"twitter:creator\" content=\"@vocescomuna15\" \/>\n<meta name=\"twitter:site\" content=\"@vocescomuna15\" \/>\n<meta name=\"twitter:label1\" content=\"Escrito por\" \/>\n\t<meta name=\"twitter:data1\" content=\"Federico Arguto\" \/>\n\t<meta name=\"twitter:label2\" content=\"Tiempo de lectura\" \/>\n\t<meta name=\"twitter:data2\" content=\"3 minutos\" \/>\n<script type=\"application\/ld+json\" class=\"yoast-schema-graph\">{\"@context\":\"https:\\\/\\\/schema.org\",\"@graph\":[{\"@type\":\"Article\",\"@id\":\"https:\\\/\\\/vocesdelacomuna15.com.ar\\\/press\\\/santilli-y-larreta-presentaron-la-actualizacion-del-mapa-del-delito\\\/#article\",\"isPartOf\":{\"@id\":\"https:\\\/\\\/vocesdelacomuna15.com.ar\\\/press\\\/santilli-y-larreta-presentaron-la-actualizacion-del-mapa-del-delito\\\/\"},\"author\":{\"name\":\"Federico Arguto\",\"@id\":\"https:\\\/\\\/vocesdelacomuna15.com.ar\\\/press\\\/#\\\/schema\\\/person\\\/4739e109db25d799cd3d139eeb509e43\"},\"headline\":\"Santilli y Larreta presentaron la actualizaci\u00f3n del Mapa del Delito\",\"datePublished\":\"2020-01-16T14:51:20+00:00\",\"dateModified\":\"2020-05-02T14:52:51+00:00\",\"mainEntityOfPage\":{\"@id\":\"https:\\\/\\\/vocesdelacomuna15.com.ar\\\/press\\\/santilli-y-larreta-presentaron-la-actualizacion-del-mapa-del-delito\\\/\"},\"wordCount\":602,\"commentCount\":0,\"publisher\":{\"@id\":\"https:\\\/\\\/vocesdelacomuna15.com.ar\\\/press\\\/#organization\"},\"image\":{\"@id\":\"https:\\\/\\\/vocesdelacomuna15.com.ar\\\/press\\\/santilli-y-larreta-presentaron-la-actualizacion-del-mapa-del-delito\\\/#primaryimage\"},\"thumbnailUrl\":\"https:\\\/\\\/vocesdelacomuna15.com.ar\\\/wp-content\\\/uploads\\\/2020\\\/05\\\/mapadelito-16012020.png\",\"articleSection\":[\"Chacarita\",\"Policial\"],\"inLanguage\":\"es-AR\",\"potentialAction\":[{\"@type\":\"CommentAction\",\"name\":\"Comment\",\"target\":[\"https:\\\/\\\/vocesdelacomuna15.com.ar\\\/press\\\/santilli-y-larreta-presentaron-la-actualizacion-del-mapa-del-delito\\\/#respond\"]}]},{\"@type\":\"WebPage\",\"@id\":\"https:\\\/\\\/vocesdelacomuna15.com.ar\\\/press\\\/santilli-y-larreta-presentaron-la-actualizacion-del-mapa-del-delito\\\/\",\"url\":\"https:\\\/\\\/vocesdelacomuna15.com.ar\\\/press\\\/santilli-y-larreta-presentaron-la-actualizacion-del-mapa-del-delito\\\/\",\"name\":\"Santilli y Larreta presentaron la actualizaci\u00f3n del Mapa del Delito - Voces de la Comuna 15\",\"isPartOf\":{\"@id\":\"https:\\\/\\\/vocesdelacomuna15.com.ar\\\/press\\\/#website\"},\"primaryImageOfPage\":{\"@id\":\"https:\\\/\\\/vocesdelacomuna15.com.ar\\\/press\\\/santilli-y-larreta-presentaron-la-actualizacion-del-mapa-del-delito\\\/#primaryimage\"},\"image\":{\"@id\":\"https:\\\/\\\/vocesdelacomuna15.com.ar\\\/press\\\/santilli-y-larreta-presentaron-la-actualizacion-del-mapa-del-delito\\\/#primaryimage\"},\"thumbnailUrl\":\"https:\\\/\\\/vocesdelacomuna15.com.ar\\\/wp-content\\\/uploads\\\/2020\\\/05\\\/mapadelito-16012020.png\",\"datePublished\":\"2020-01-16T14:51:20+00:00\",\"dateModified\":\"2020-05-02T14:52:51+00:00\",\"description\":\"Voces de la Comuna 15\",\"breadcrumb\":{\"@id\":\"https:\\\/\\\/vocesdelacomuna15.com.ar\\\/press\\\/santilli-y-larreta-presentaron-la-actualizacion-del-mapa-del-delito\\\/#breadcrumb\"},\"inLanguage\":\"es-AR\",\"potentialAction\":[{\"@type\":\"ReadAction\",\"target\":[\"https:\\\/\\\/vocesdelacomuna15.com.ar\\\/press\\\/santilli-y-larreta-presentaron-la-actualizacion-del-mapa-del-delito\\\/\"]}]},{\"@type\":\"ImageObject\",\"inLanguage\":\"es-AR\",\"@id\":\"https:\\\/\\\/vocesdelacomuna15.com.ar\\\/press\\\/santilli-y-larreta-presentaron-la-actualizacion-del-mapa-del-delito\\\/#primaryimage\",\"url\":\"https:\\\/\\\/vocesdelacomuna15.com.ar\\\/wp-content\\\/uploads\\\/2020\\\/05\\\/mapadelito-16012020.png\",\"contentUrl\":\"https:\\\/\\\/vocesdelacomuna15.com.ar\\\/wp-content\\\/uploads\\\/2020\\\/05\\\/mapadelito-16012020.png\",\"width\":659,\"height\":407},{\"@type\":\"BreadcrumbList\",\"@id\":\"https:\\\/\\\/vocesdelacomuna15.com.ar\\\/press\\\/santilli-y-larreta-presentaron-la-actualizacion-del-mapa-del-delito\\\/#breadcrumb\",\"itemListElement\":[{\"@type\":\"ListItem\",\"position\":1,\"name\":\"Inicio\",\"item\":\"https:\\\/\\\/vocesdelacomuna15.com.ar\\\/press\\\/\"},{\"@type\":\"ListItem\",\"position\":2,\"name\":\"Santilli y Larreta presentaron la actualizaci\u00f3n del Mapa del Delito\"}]},{\"@type\":\"WebSite\",\"@id\":\"https:\\\/\\\/vocesdelacomuna15.com.ar\\\/press\\\/#website\",\"url\":\"https:\\\/\\\/vocesdelacomuna15.com.ar\\\/press\\\/\",\"name\":\"Voces de la Comuna 15\",\"description\":\"Sitio web de noticias\",\"publisher\":{\"@id\":\"https:\\\/\\\/vocesdelacomuna15.com.ar\\\/press\\\/#organization\"},\"potentialAction\":[{\"@type\":\"SearchAction\",\"target\":{\"@type\":\"EntryPoint\",\"urlTemplate\":\"https:\\\/\\\/vocesdelacomuna15.com.ar\\\/press\\\/?s={search_term_string}\"},\"query-input\":{\"@type\":\"PropertyValueSpecification\",\"valueRequired\":true,\"valueName\":\"search_term_string\"}}],\"inLanguage\":\"es-AR\"},{\"@type\":\"Organization\",\"@id\":\"https:\\\/\\\/vocesdelacomuna15.com.ar\\\/press\\\/#organization\",\"name\":\"Voces de la Comuna 15\",\"url\":\"https:\\\/\\\/vocesdelacomuna15.com.ar\\\/press\\\/\",\"logo\":{\"@type\":\"ImageObject\",\"inLanguage\":\"es-AR\",\"@id\":\"https:\\\/\\\/vocesdelacomuna15.com.ar\\\/press\\\/#\\\/schema\\\/logo\\\/image\\\/\",\"url\":\"https:\\\/\\\/vocesdelacomuna15.com.ar\\\/wp-content\\\/uploads\\\/2024\\\/12\\\/cropped-logo_voces.jpg\",\"contentUrl\":\"https:\\\/\\\/vocesdelacomuna15.com.ar\\\/wp-content\\\/uploads\\\/2024\\\/12\\\/cropped-logo_voces.jpg\",\"width\":512,\"height\":512,\"caption\":\"Voces de la Comuna 15\"},\"image\":{\"@id\":\"https:\\\/\\\/vocesdelacomuna15.com.ar\\\/press\\\/#\\\/schema\\\/logo\\\/image\\\/\"},\"sameAs\":[\"https:\\\/\\\/www.facebook.com\\\/VocesComuna15\\\/\",\"https:\\\/\\\/x.com\\\/vocescomuna15\"]},{\"@type\":\"Person\",\"@id\":\"https:\\\/\\\/vocesdelacomuna15.com.ar\\\/press\\\/#\\\/schema\\\/person\\\/4739e109db25d799cd3d139eeb509e43\",\"name\":\"Federico Arguto\",\"image\":{\"@type\":\"ImageObject\",\"inLanguage\":\"es-AR\",\"@id\":\"https:\\\/\\\/vocesdelacomuna15.com.ar\\\/wp-content\\\/litespeed\\\/avatar\\\/82faf979976f1bae889b8b71f8a0a7e5.jpg?ver=1777419741\",\"url\":\"https:\\\/\\\/vocesdelacomuna15.com.ar\\\/wp-content\\\/litespeed\\\/avatar\\\/82faf979976f1bae889b8b71f8a0a7e5.jpg?ver=1777419741\",\"contentUrl\":\"https:\\\/\\\/vocesdelacomuna15.com.ar\\\/wp-content\\\/litespeed\\\/avatar\\\/82faf979976f1bae889b8b71f8a0a7e5.jpg?ver=1777419741\",\"caption\":\"Federico Arguto\"},\"url\":\"https:\\\/\\\/vocesdelacomuna15.com.ar\\\/press\\\/author\\\/fede\\\/\"}]}<\/script>\n<!-- \/ Yoast SEO plugin. -->","yoast_head_json":{"title":"Santilli y Larreta presentaron la actualizaci\u00f3n del Mapa del Delito - Voces de la Comuna 15","description":"Voces de la Comuna 15","robots":{"index":"index","follow":"follow","max-snippet":"max-snippet:-1","max-image-preview":"max-image-preview:large","max-video-preview":"max-video-preview:-1"},"canonical":"https:\/\/vocesdelacomuna15.com.ar\/press\/santilli-y-larreta-presentaron-la-actualizacion-del-mapa-del-delito\/","og_locale":"es_ES","og_type":"article","og_title":"Santilli y Larreta presentaron la actualizaci\u00f3n del Mapa del Delito - Voces de la Comuna 15","og_description":"Voces de la Comuna 15","og_url":"https:\/\/vocesdelacomuna15.com.ar\/press\/santilli-y-larreta-presentaron-la-actualizacion-del-mapa-del-delito\/","og_site_name":"Voces de la Comuna 15","article_publisher":"https:\/\/www.facebook.com\/VocesComuna15\/","article_published_time":"2020-01-16T14:51:20+00:00","article_modified_time":"2020-05-02T14:52:51+00:00","og_image":[{"width":659,"height":407,"url":"https:\/\/vocesdelacomuna15.com.ar\/wp-content\/uploads\/2020\/05\/mapadelito-16012020.png","type":"image\/png"}],"author":"Federico Arguto","twitter_card":"summary_large_image","twitter_creator":"@vocescomuna15","twitter_site":"@vocescomuna15","twitter_misc":{"Escrito por":"Federico Arguto","Tiempo de lectura":"3 minutos"},"schema":{"@context":"https:\/\/schema.org","@graph":[{"@type":"Article","@id":"https:\/\/vocesdelacomuna15.com.ar\/press\/santilli-y-larreta-presentaron-la-actualizacion-del-mapa-del-delito\/#article","isPartOf":{"@id":"https:\/\/vocesdelacomuna15.com.ar\/press\/santilli-y-larreta-presentaron-la-actualizacion-del-mapa-del-delito\/"},"author":{"name":"Federico Arguto","@id":"https:\/\/vocesdelacomuna15.com.ar\/press\/#\/schema\/person\/4739e109db25d799cd3d139eeb509e43"},"headline":"Santilli y Larreta presentaron la actualizaci\u00f3n del Mapa del Delito","datePublished":"2020-01-16T14:51:20+00:00","dateModified":"2020-05-02T14:52:51+00:00","mainEntityOfPage":{"@id":"https:\/\/vocesdelacomuna15.com.ar\/press\/santilli-y-larreta-presentaron-la-actualizacion-del-mapa-del-delito\/"},"wordCount":602,"commentCount":0,"publisher":{"@id":"https:\/\/vocesdelacomuna15.com.ar\/press\/#organization"},"image":{"@id":"https:\/\/vocesdelacomuna15.com.ar\/press\/santilli-y-larreta-presentaron-la-actualizacion-del-mapa-del-delito\/#primaryimage"},"thumbnailUrl":"https:\/\/vocesdelacomuna15.com.ar\/wp-content\/uploads\/2020\/05\/mapadelito-16012020.png","articleSection":["Chacarita","Policial"],"inLanguage":"es-AR","potentialAction":[{"@type":"CommentAction","name":"Comment","target":["https:\/\/vocesdelacomuna15.com.ar\/press\/santilli-y-larreta-presentaron-la-actualizacion-del-mapa-del-delito\/#respond"]}]},{"@type":"WebPage","@id":"https:\/\/vocesdelacomuna15.com.ar\/press\/santilli-y-larreta-presentaron-la-actualizacion-del-mapa-del-delito\/","url":"https:\/\/vocesdelacomuna15.com.ar\/press\/santilli-y-larreta-presentaron-la-actualizacion-del-mapa-del-delito\/","name":"Santilli y Larreta presentaron la actualizaci\u00f3n del Mapa del Delito - Voces de la Comuna 15","isPartOf":{"@id":"https:\/\/vocesdelacomuna15.com.ar\/press\/#website"},"primaryImageOfPage":{"@id":"https:\/\/vocesdelacomuna15.com.ar\/press\/santilli-y-larreta-presentaron-la-actualizacion-del-mapa-del-delito\/#primaryimage"},"image":{"@id":"https:\/\/vocesdelacomuna15.com.ar\/press\/santilli-y-larreta-presentaron-la-actualizacion-del-mapa-del-delito\/#primaryimage"},"thumbnailUrl":"https:\/\/vocesdelacomuna15.com.ar\/wp-content\/uploads\/2020\/05\/mapadelito-16012020.png","datePublished":"2020-01-16T14:51:20+00:00","dateModified":"2020-05-02T14:52:51+00:00","description":"Voces de la Comuna 15","breadcrumb":{"@id":"https:\/\/vocesdelacomuna15.com.ar\/press\/santilli-y-larreta-presentaron-la-actualizacion-del-mapa-del-delito\/#breadcrumb"},"inLanguage":"es-AR","potentialAction":[{"@type":"ReadAction","target":["https:\/\/vocesdelacomuna15.com.ar\/press\/santilli-y-larreta-presentaron-la-actualizacion-del-mapa-del-delito\/"]}]},{"@type":"ImageObject","inLanguage":"es-AR","@id":"https:\/\/vocesdelacomuna15.com.ar\/press\/santilli-y-larreta-presentaron-la-actualizacion-del-mapa-del-delito\/#primaryimage","url":"https:\/\/vocesdelacomuna15.com.ar\/wp-content\/uploads\/2020\/05\/mapadelito-16012020.png","contentUrl":"https:\/\/vocesdelacomuna15.com.ar\/wp-content\/uploads\/2020\/05\/mapadelito-16012020.png","width":659,"height":407},{"@type":"BreadcrumbList","@id":"https:\/\/vocesdelacomuna15.com.ar\/press\/santilli-y-larreta-presentaron-la-actualizacion-del-mapa-del-delito\/#breadcrumb","itemListElement":[{"@type":"ListItem","position":1,"name":"Inicio","item":"https:\/\/vocesdelacomuna15.com.ar\/press\/"},{"@type":"ListItem","position":2,"name":"Santilli y Larreta presentaron la actualizaci\u00f3n del Mapa del Delito"}]},{"@type":"WebSite","@id":"https:\/\/vocesdelacomuna15.com.ar\/press\/#website","url":"https:\/\/vocesdelacomuna15.com.ar\/press\/","name":"Voces de la Comuna 15","description":"Sitio web de noticias","publisher":{"@id":"https:\/\/vocesdelacomuna15.com.ar\/press\/#organization"},"potentialAction":[{"@type":"SearchAction","target":{"@type":"EntryPoint","urlTemplate":"https:\/\/vocesdelacomuna15.com.ar\/press\/?s={search_term_string}"},"query-input":{"@type":"PropertyValueSpecification","valueRequired":true,"valueName":"search_term_string"}}],"inLanguage":"es-AR"},{"@type":"Organization","@id":"https:\/\/vocesdelacomuna15.com.ar\/press\/#organization","name":"Voces de la Comuna 15","url":"https:\/\/vocesdelacomuna15.com.ar\/press\/","logo":{"@type":"ImageObject","inLanguage":"es-AR","@id":"https:\/\/vocesdelacomuna15.com.ar\/press\/#\/schema\/logo\/image\/","url":"https:\/\/vocesdelacomuna15.com.ar\/wp-content\/uploads\/2024\/12\/cropped-logo_voces.jpg","contentUrl":"https:\/\/vocesdelacomuna15.com.ar\/wp-content\/uploads\/2024\/12\/cropped-logo_voces.jpg","width":512,"height":512,"caption":"Voces de la Comuna 15"},"image":{"@id":"https:\/\/vocesdelacomuna15.com.ar\/press\/#\/schema\/logo\/image\/"},"sameAs":["https:\/\/www.facebook.com\/VocesComuna15\/","https:\/\/x.com\/vocescomuna15"]},{"@type":"Person","@id":"https:\/\/vocesdelacomuna15.com.ar\/press\/#\/schema\/person\/4739e109db25d799cd3d139eeb509e43","name":"Federico Arguto","image":{"@type":"ImageObject","inLanguage":"es-AR","@id":"https:\/\/vocesdelacomuna15.com.ar\/wp-content\/litespeed\/avatar\/82faf979976f1bae889b8b71f8a0a7e5.jpg?ver=1777419741","url":"https:\/\/vocesdelacomuna15.com.ar\/wp-content\/litespeed\/avatar\/82faf979976f1bae889b8b71f8a0a7e5.jpg?ver=1777419741","contentUrl":"https:\/\/vocesdelacomuna15.com.ar\/wp-content\/litespeed\/avatar\/82faf979976f1bae889b8b71f8a0a7e5.jpg?ver=1777419741","caption":"Federico Arguto"},"url":"https:\/\/vocesdelacomuna15.com.ar\/press\/author\/fede\/"}]}},"_links":{"self":[{"href":"https:\/\/vocesdelacomuna15.com.ar\/press\/wp-json\/wp\/v2\/posts\/52018","targetHints":{"allow":["GET"]}}],"collection":[{"href":"https:\/\/vocesdelacomuna15.com.ar\/press\/wp-json\/wp\/v2\/posts"}],"about":[{"href":"https:\/\/vocesdelacomuna15.com.ar\/press\/wp-json\/wp\/v2\/types\/post"}],"author":[{"embeddable":true,"href":"https:\/\/vocesdelacomuna15.com.ar\/press\/wp-json\/wp\/v2\/users\/2"}],"replies":[{"embeddable":true,"href":"https:\/\/vocesdelacomuna15.com.ar\/press\/wp-json\/wp\/v2\/comments?post=52018"}],"version-history":[{"count":1,"href":"https:\/\/vocesdelacomuna15.com.ar\/press\/wp-json\/wp\/v2\/posts\/52018\/revisions"}],"predecessor-version":[{"id":52020,"href":"https:\/\/vocesdelacomuna15.com.ar\/press\/wp-json\/wp\/v2\/posts\/52018\/revisions\/52020"}],"wp:featuredmedia":[{"embeddable":true,"href":"https:\/\/vocesdelacomuna15.com.ar\/press\/wp-json\/wp\/v2\/media\/52019"}],"wp:attachment":[{"href":"https:\/\/vocesdelacomuna15.com.ar\/press\/wp-json\/wp\/v2\/media?parent=52018"}],"wp:term":[{"taxonomy":"category","embeddable":true,"href":"https:\/\/vocesdelacomuna15.com.ar\/press\/wp-json\/wp\/v2\/categories?post=52018"},{"taxonomy":"post_tag","embeddable":true,"href":"https:\/\/vocesdelacomuna15.com.ar\/press\/wp-json\/wp\/v2\/tags?post=52018"}],"curies":[{"name":"wp","href":"https:\/\/api.w.org\/{rel}","templated":true}]}}