{"id":52015,"date":"2020-01-06T11:47:46","date_gmt":"2020-01-06T14:47:46","guid":{"rendered":"http:\/\/vocesdelacomuna15.com.ar\/wordpress\/?p=52015"},"modified":"2020-05-02T11:49:51","modified_gmt":"2020-05-02T14:49:51","slug":"un-trabajador-con-cancer-y-otros-doce-afectados-que-se-sabe-hasta-ahora-del-asbesto-en-los-subtes","status":"publish","type":"post","link":"https:\/\/vocesdelacomuna15.com.ar\/press\/un-trabajador-con-cancer-y-otros-doce-afectados-que-se-sabe-hasta-ahora-del-asbesto-en-los-subtes\/","title":{"rendered":"Un trabajador con c\u00e1ncer y otros doce afectados: qu\u00e9 se sabe hasta ahora del asbesto en los subtes"},"content":{"rendered":"\n<h4 class=\"wp-block-heading\">Los trenes que conten\u00edan este material fueron comprados al Metro de  Espa\u00f1a durante la gesti\u00f3n del entonces jefe de Gobierno Mauricio Macri.  Seg\u00fan pudo saber Nueva Ciudad, de los 1209 trabajadores que se  encuentran en peligro, 709 ya fueron examinados en el hospital  Brit\u00e1nico. Fuente: Nueva Ciudad<\/h4>\n\n\n\n<p>\nHasta el momento, son al menos 37 las formaciones de de los subtes de la\n Ciudad de Buenos Aires que contienen asbesto. As\u00ed se desprendi\u00f3 semanas\n atr\u00e1s de una investigaci\u00f3n realizada por la CNN. El subte porte\u00f1o \ntiene, seg\u00fan la empresa estatal Sbase, 121 trenes en circulaci\u00f3n, de \nsiete marcas diferentes. Las primeras denuncias sobre la presencia de \neste material cancer\u00edgeno, apuntaron a los CAF 5000 que circulan en la \nL\u00ednea B. Pero otros peritajes detectaron el material prohibido en \nautopartes de cuatro de esas siete marcas: Mitsubishi, Nagoya, General \nElectric y Fiat.\nLa presencia de asbesto en otros coches y l\u00edneas adem\u00e1s de los CAF 5000 \nde la B no es una novedad. Por caso, un an\u00e1lisis del Departamento de \nGeolog\u00eda de la Universidad Nacional del Sur determin\u00f3 que hay \ncontaminaci\u00f3n en las formaciones Nagoya 300 de la L\u00ednea C, en las \nformaciones Mitsubishi de la B y tambi\u00e9n en la E.\nD\u00edas atr\u00e1s se supo, adem\u00e1s, que uno de los trece trabajadores que se \nestaba realizando estudios cl\u00ednicos y que hab\u00eda sido confirmado por \nMetrov\u00edas como afectado por asbesto, fue diagnosticado con c\u00e1ncer de \npulm\u00f3n en agosto, fue operado el mes pasado y le extrajeron un tumor \nmaligno de cuatro mil\u00edmetros. Gracias a la labor de la mesa de m\u00e9dicos \nconformada especialmente para tratar a los trabajadores expuestos a este\n cancer\u00edgeno en el subte porte\u00f1o, Daniel Fern\u00e1ndez ahora se encuentra en\n recuperaci\u00f3n luego de la intervenci\u00f3n quir\u00fargica de casi siete horas a \nla que fue sometido. \nFern\u00e1ndez trabaj\u00f3 durante diecis\u00e9is a\u00f1os en el Taller Rancagua de la \nL\u00ednea B, ubicado debajo del Parque Los Andes en el barrio de Chacarita, \ndonde manipul\u00f3 piezas con asbesto y estuvo expuesto a inhalar sus \nfibras, seg\u00fan una investigaci\u00f3n de Perfil.com. Pero el operario del \nsubte porte\u00f1o tambi\u00e9n es fumador desde hace varios a\u00f1os. Por esa raz\u00f3n, \nlos especialistas sostienen que ambos factores cancer\u00edgenos (asbesto y \ntabaco) le provocaron el tumor en el pulm\u00f3n.  \nSin embargo, para el doctor Ariel Rossi, docente de la C\u00e1tedra de \nMedicina Legal y Deontolog\u00eda de la Facultad de Medicina de la \nUniversidadad de Buenos Aires (UBA) y representante sindical de la \nAsociaci\u00f3n Gremial de Trabajadores del Subte y Premetro (AGTSyP) en la \nmesa conformada por los m\u00e9dicos que intervinieron en el caso, el tumor \nde Fern\u00e1ndez fue provocado por el asbesto y responsabiliza a Metrov\u00edas \npor la situaci\u00f3n del afectado.  Desde Metrov\u00edas, la empresa que controla\n el subte porte\u00f1o, aseguraron que Fern\u00e1ndez est\u00e1 siendo contenido por \nuna asistente social y se encuentra bajo licencia m\u00e9dica.\nNo es el \u00fanico. Este a\u00f1o, al menos otros doce trabajadores de los \ntalleres mec\u00e1nicos de la L\u00ednea B fueron diagnosticados con placas \npleurales, una afecci\u00f3n provocada por el asbesto que implica \nengrosamiento de la membrana que recubre las paredes de los pulmones. \nSeg\u00fan pudo saber Nueva Ciudad, de los 1209 trabajadores que se \nencuentran en peligro, 709 ya fueron examinados en el hospital Brit\u00e1nico\n y se auditar\u00e1n 379 de esos estudios. Adem\u00e1s, se ingres\u00f3 al Registro de \nAgentes de Riesgo a los trabajadores del Departamento V\u00edas del sector \nInstalaciones Fijas. \n\nEl hecho sali\u00f3 a la luz en febrero de 2018 y gener\u00f3 protestas de parte \nde los Metrodelegados. Reci\u00e9n meses atr\u00e1s se dio a conocer una \ndeclaraci\u00f3n del titular de Subterr\u00e1neos de Buenos Aires Sociedad del \nEstado, en la que reconoc\u00eda que en los manuales figuraba la presencia de\n este veneno, prohibido por ley, cuando compraron los coches. Ahora, el \nGobierno de la Ciudad \u2013a trav\u00e9s de la empresa Sbase\u2013  present\u00f3 una \ndemanda civil por da\u00f1os y perjuicios contra la compa\u00f1\u00eda espa\u00f1ola.  En \neste marco, 170 trabajadores se realizaron estudios.\n\nCaracteres: 3.650\n\nFuente y Foto: Nueva Ciudad\n\n<\/p>\n<div class=\"pvc_clear\"><\/div><p id=\"pvc_stats_52015\" class=\"pvc_stats all  \" data-element-id=\"52015\" style=\"\"><i class=\"pvc-stats-icon small\" aria-hidden=\"true\"><svg aria-hidden=\"true\" focusable=\"false\" data-prefix=\"far\" data-icon=\"chart-bar\" role=\"img\" xmlns=\"http:\/\/www.w3.org\/2000\/svg\" viewBox=\"0 0 512 512\" class=\"svg-inline--fa fa-chart-bar fa-w-16 fa-2x\"><path fill=\"currentColor\" d=\"M396.8 352h22.4c6.4 0 12.8-6.4 12.8-12.8V108.8c0-6.4-6.4-12.8-12.8-12.8h-22.4c-6.4 0-12.8 6.4-12.8 12.8v230.4c0 6.4 6.4 12.8 12.8 12.8zm-192 0h22.4c6.4 0 12.8-6.4 12.8-12.8V140.8c0-6.4-6.4-12.8-12.8-12.8h-22.4c-6.4 0-12.8 6.4-12.8 12.8v198.4c0 6.4 6.4 12.8 12.8 12.8zm96 0h22.4c6.4 0 12.8-6.4 12.8-12.8V204.8c0-6.4-6.4-12.8-12.8-12.8h-22.4c-6.4 0-12.8 6.4-12.8 12.8v134.4c0 6.4 6.4 12.8 12.8 12.8zM496 400H48V80c0-8.84-7.16-16-16-16H16C7.16 64 0 71.16 0 80v336c0 17.67 14.33 32 32 32h464c8.84 0 16-7.16 16-16v-16c0-8.84-7.16-16-16-16zm-387.2-48h22.4c6.4 0 12.8-6.4 12.8-12.8v-70.4c0-6.4-6.4-12.8-12.8-12.8h-22.4c-6.4 0-12.8 6.4-12.8 12.8v70.4c0 6.4 6.4 12.8 12.8 12.8z\" class=\"\"><\/path><\/svg><\/i> <img loading=\"lazy\" decoding=\"async\" width=\"16\" height=\"16\" alt=\"Loading\" src=\"https:\/\/vocesdelacomuna15.com.ar\/wp-content\/plugins\/page-views-count\/ajax-loader-2x.gif\" border=0 \/><\/p><div class=\"pvc_clear\"><\/div>","protected":false},"excerpt":{"rendered":"<p>Los trenes que conten\u00edan este material fueron comprados al Metro de Espa\u00f1a durante la gesti\u00f3n del entonces jefe de Gobierno Mauricio Macri. Seg\u00fan pudo saber Nueva Ciudad, de los 1209 trabajadores que se encuentran en peligro, 709 ya fueron examinados en el hospital Brit\u00e1nico. Fuente: Nueva Ciudad Hasta el momento, son al menos 37 las [&hellip;]<\/p>\n<div class=\"pvc_clear\"><\/div>\n<p id=\"pvc_stats_52015\" class=\"pvc_stats all  \" data-element-id=\"52015\" style=\"\"><i class=\"pvc-stats-icon small\" aria-hidden=\"true\"><svg aria-hidden=\"true\" focusable=\"false\" data-prefix=\"far\" data-icon=\"chart-bar\" role=\"img\" xmlns=\"http:\/\/www.w3.org\/2000\/svg\" viewBox=\"0 0 512 512\" class=\"svg-inline--fa fa-chart-bar fa-w-16 fa-2x\"><path fill=\"currentColor\" d=\"M396.8 352h22.4c6.4 0 12.8-6.4 12.8-12.8V108.8c0-6.4-6.4-12.8-12.8-12.8h-22.4c-6.4 0-12.8 6.4-12.8 12.8v230.4c0 6.4 6.4 12.8 12.8 12.8zm-192 0h22.4c6.4 0 12.8-6.4 12.8-12.8V140.8c0-6.4-6.4-12.8-12.8-12.8h-22.4c-6.4 0-12.8 6.4-12.8 12.8v198.4c0 6.4 6.4 12.8 12.8 12.8zm96 0h22.4c6.4 0 12.8-6.4 12.8-12.8V204.8c0-6.4-6.4-12.8-12.8-12.8h-22.4c-6.4 0-12.8 6.4-12.8 12.8v134.4c0 6.4 6.4 12.8 12.8 12.8zM496 400H48V80c0-8.84-7.16-16-16-16H16C7.16 64 0 71.16 0 80v336c0 17.67 14.33 32 32 32h464c8.84 0 16-7.16 16-16v-16c0-8.84-7.16-16-16-16zm-387.2-48h22.4c6.4 0 12.8-6.4 12.8-12.8v-70.4c0-6.4-6.4-12.8-12.8-12.8h-22.4c-6.4 0-12.8 6.4-12.8 12.8v70.4c0 6.4 6.4 12.8 12.8 12.8z\" class=\"\"><\/path><\/svg><\/i> <img loading=\"lazy\" decoding=\"async\" width=\"16\" height=\"16\" alt=\"Loading\" src=\"https:\/\/vocesdelacomuna15.com.ar\/wp-content\/plugins\/page-views-count\/ajax-loader-2x.gif\" border=0 \/><\/p>\n<div class=\"pvc_clear\"><\/div>\n","protected":false},"author":2,"featured_media":52016,"comment_status":"open","ping_status":"open","sticky":false,"template":"","format":"standard","meta":{"_et_pb_use_builder":"off","_et_pb_old_content":"","_et_gb_content_width":"","footnotes":""},"categories":[23,26],"tags":[],"class_list":["post-52015","post","type-post","status-publish","format-standard","has-post-thumbnail","hentry","category-chacarita","category-ciudad","et-has-post-format-content","et_post_format-et-post-format-standard"],"a3_pvc":{"activated":true,"total_views":222,"today_views":0},"yoast_head":"<!-- This site is optimized with the Yoast SEO plugin v27.5 - https:\/\/yoast.com\/product\/yoast-seo-wordpress\/ -->\n<title>Un trabajador con c\u00e1ncer y otros doce afectados: qu\u00e9 se sabe hasta ahora del asbesto en los subtes - Voces de la Comuna 15<\/title>\n<meta name=\"description\" content=\"Voces de la Comuna 15\" \/>\n<meta name=\"robots\" content=\"index, follow, max-snippet:-1, max-image-preview:large, max-video-preview:-1\" \/>\n<link rel=\"canonical\" href=\"https:\/\/vocesdelacomuna15.com.ar\/press\/un-trabajador-con-cancer-y-otros-doce-afectados-que-se-sabe-hasta-ahora-del-asbesto-en-los-subtes\/\" \/>\n<meta property=\"og:locale\" content=\"es_ES\" \/>\n<meta property=\"og:type\" content=\"article\" \/>\n<meta property=\"og:title\" content=\"Un trabajador con c\u00e1ncer y otros doce afectados: qu\u00e9 se sabe hasta ahora del asbesto en los subtes - Voces de la Comuna 15\" \/>\n<meta property=\"og:description\" content=\"Voces de la Comuna 15\" \/>\n<meta property=\"og:url\" content=\"https:\/\/vocesdelacomuna15.com.ar\/press\/un-trabajador-con-cancer-y-otros-doce-afectados-que-se-sabe-hasta-ahora-del-asbesto-en-los-subtes\/\" \/>\n<meta property=\"og:site_name\" content=\"Voces de la Comuna 15\" \/>\n<meta property=\"article:publisher\" content=\"https:\/\/www.facebook.com\/VocesComuna15\/\" \/>\n<meta property=\"article:published_time\" content=\"2020-01-06T14:47:46+00:00\" \/>\n<meta property=\"article:modified_time\" content=\"2020-05-02T14:49:51+00:00\" \/>\n<meta property=\"og:image\" content=\"https:\/\/vocesdelacomuna15.com.ar\/wp-content\/uploads\/2020\/05\/subte26122019.png\" \/>\n\t<meta property=\"og:image:width\" content=\"782\" \/>\n\t<meta property=\"og:image:height\" content=\"689\" \/>\n\t<meta property=\"og:image:type\" content=\"image\/png\" \/>\n<meta name=\"author\" content=\"Federico Arguto\" \/>\n<meta name=\"twitter:card\" content=\"summary_large_image\" \/>\n<meta name=\"twitter:creator\" content=\"@vocescomuna15\" \/>\n<meta name=\"twitter:site\" content=\"@vocescomuna15\" \/>\n<meta name=\"twitter:label1\" content=\"Escrito por\" \/>\n\t<meta name=\"twitter:data1\" content=\"Federico Arguto\" \/>\n\t<meta name=\"twitter:label2\" content=\"Tiempo de lectura\" \/>\n\t<meta name=\"twitter:data2\" content=\"4 minutos\" \/>\n<script type=\"application\/ld+json\" class=\"yoast-schema-graph\">{\"@context\":\"https:\\\/\\\/schema.org\",\"@graph\":[{\"@type\":\"Article\",\"@id\":\"https:\\\/\\\/vocesdelacomuna15.com.ar\\\/press\\\/un-trabajador-con-cancer-y-otros-doce-afectados-que-se-sabe-hasta-ahora-del-asbesto-en-los-subtes\\\/#article\",\"isPartOf\":{\"@id\":\"https:\\\/\\\/vocesdelacomuna15.com.ar\\\/press\\\/un-trabajador-con-cancer-y-otros-doce-afectados-que-se-sabe-hasta-ahora-del-asbesto-en-los-subtes\\\/\"},\"author\":{\"name\":\"Federico Arguto\",\"@id\":\"https:\\\/\\\/vocesdelacomuna15.com.ar\\\/press\\\/#\\\/schema\\\/person\\\/4739e109db25d799cd3d139eeb509e43\"},\"headline\":\"Un trabajador con c\u00e1ncer y otros doce afectados: qu\u00e9 se sabe hasta ahora del asbesto en los subtes\",\"datePublished\":\"2020-01-06T14:47:46+00:00\",\"dateModified\":\"2020-05-02T14:49:51+00:00\",\"mainEntityOfPage\":{\"@id\":\"https:\\\/\\\/vocesdelacomuna15.com.ar\\\/press\\\/un-trabajador-con-cancer-y-otros-doce-afectados-que-se-sabe-hasta-ahora-del-asbesto-en-los-subtes\\\/\"},\"wordCount\":737,\"commentCount\":0,\"publisher\":{\"@id\":\"https:\\\/\\\/vocesdelacomuna15.com.ar\\\/press\\\/#organization\"},\"image\":{\"@id\":\"https:\\\/\\\/vocesdelacomuna15.com.ar\\\/press\\\/un-trabajador-con-cancer-y-otros-doce-afectados-que-se-sabe-hasta-ahora-del-asbesto-en-los-subtes\\\/#primaryimage\"},\"thumbnailUrl\":\"https:\\\/\\\/vocesdelacomuna15.com.ar\\\/wp-content\\\/uploads\\\/2020\\\/05\\\/subte26122019.png\",\"articleSection\":[\"Chacarita\",\"Ciudad\"],\"inLanguage\":\"es-AR\",\"potentialAction\":[{\"@type\":\"CommentAction\",\"name\":\"Comment\",\"target\":[\"https:\\\/\\\/vocesdelacomuna15.com.ar\\\/press\\\/un-trabajador-con-cancer-y-otros-doce-afectados-que-se-sabe-hasta-ahora-del-asbesto-en-los-subtes\\\/#respond\"]}]},{\"@type\":\"WebPage\",\"@id\":\"https:\\\/\\\/vocesdelacomuna15.com.ar\\\/press\\\/un-trabajador-con-cancer-y-otros-doce-afectados-que-se-sabe-hasta-ahora-del-asbesto-en-los-subtes\\\/\",\"url\":\"https:\\\/\\\/vocesdelacomuna15.com.ar\\\/press\\\/un-trabajador-con-cancer-y-otros-doce-afectados-que-se-sabe-hasta-ahora-del-asbesto-en-los-subtes\\\/\",\"name\":\"Un trabajador con c\u00e1ncer y otros doce afectados: qu\u00e9 se sabe hasta ahora del asbesto en los subtes - Voces de la Comuna 15\",\"isPartOf\":{\"@id\":\"https:\\\/\\\/vocesdelacomuna15.com.ar\\\/press\\\/#website\"},\"primaryImageOfPage\":{\"@id\":\"https:\\\/\\\/vocesdelacomuna15.com.ar\\\/press\\\/un-trabajador-con-cancer-y-otros-doce-afectados-que-se-sabe-hasta-ahora-del-asbesto-en-los-subtes\\\/#primaryimage\"},\"image\":{\"@id\":\"https:\\\/\\\/vocesdelacomuna15.com.ar\\\/press\\\/un-trabajador-con-cancer-y-otros-doce-afectados-que-se-sabe-hasta-ahora-del-asbesto-en-los-subtes\\\/#primaryimage\"},\"thumbnailUrl\":\"https:\\\/\\\/vocesdelacomuna15.com.ar\\\/wp-content\\\/uploads\\\/2020\\\/05\\\/subte26122019.png\",\"datePublished\":\"2020-01-06T14:47:46+00:00\",\"dateModified\":\"2020-05-02T14:49:51+00:00\",\"description\":\"Voces de la Comuna 15\",\"breadcrumb\":{\"@id\":\"https:\\\/\\\/vocesdelacomuna15.com.ar\\\/press\\\/un-trabajador-con-cancer-y-otros-doce-afectados-que-se-sabe-hasta-ahora-del-asbesto-en-los-subtes\\\/#breadcrumb\"},\"inLanguage\":\"es-AR\",\"potentialAction\":[{\"@type\":\"ReadAction\",\"target\":[\"https:\\\/\\\/vocesdelacomuna15.com.ar\\\/press\\\/un-trabajador-con-cancer-y-otros-doce-afectados-que-se-sabe-hasta-ahora-del-asbesto-en-los-subtes\\\/\"]}]},{\"@type\":\"ImageObject\",\"inLanguage\":\"es-AR\",\"@id\":\"https:\\\/\\\/vocesdelacomuna15.com.ar\\\/press\\\/un-trabajador-con-cancer-y-otros-doce-afectados-que-se-sabe-hasta-ahora-del-asbesto-en-los-subtes\\\/#primaryimage\",\"url\":\"https:\\\/\\\/vocesdelacomuna15.com.ar\\\/wp-content\\\/uploads\\\/2020\\\/05\\\/subte26122019.png\",\"contentUrl\":\"https:\\\/\\\/vocesdelacomuna15.com.ar\\\/wp-content\\\/uploads\\\/2020\\\/05\\\/subte26122019.png\",\"width\":782,\"height\":689},{\"@type\":\"BreadcrumbList\",\"@id\":\"https:\\\/\\\/vocesdelacomuna15.com.ar\\\/press\\\/un-trabajador-con-cancer-y-otros-doce-afectados-que-se-sabe-hasta-ahora-del-asbesto-en-los-subtes\\\/#breadcrumb\",\"itemListElement\":[{\"@type\":\"ListItem\",\"position\":1,\"name\":\"Inicio\",\"item\":\"https:\\\/\\\/vocesdelacomuna15.com.ar\\\/press\\\/\"},{\"@type\":\"ListItem\",\"position\":2,\"name\":\"Un trabajador con c\u00e1ncer y otros doce afectados: qu\u00e9 se sabe hasta ahora del asbesto en los subtes\"}]},{\"@type\":\"WebSite\",\"@id\":\"https:\\\/\\\/vocesdelacomuna15.com.ar\\\/press\\\/#website\",\"url\":\"https:\\\/\\\/vocesdelacomuna15.com.ar\\\/press\\\/\",\"name\":\"Voces de la Comuna 15\",\"description\":\"Sitio web de noticias\",\"publisher\":{\"@id\":\"https:\\\/\\\/vocesdelacomuna15.com.ar\\\/press\\\/#organization\"},\"potentialAction\":[{\"@type\":\"SearchAction\",\"target\":{\"@type\":\"EntryPoint\",\"urlTemplate\":\"https:\\\/\\\/vocesdelacomuna15.com.ar\\\/press\\\/?s={search_term_string}\"},\"query-input\":{\"@type\":\"PropertyValueSpecification\",\"valueRequired\":true,\"valueName\":\"search_term_string\"}}],\"inLanguage\":\"es-AR\"},{\"@type\":\"Organization\",\"@id\":\"https:\\\/\\\/vocesdelacomuna15.com.ar\\\/press\\\/#organization\",\"name\":\"Voces de la Comuna 15\",\"url\":\"https:\\\/\\\/vocesdelacomuna15.com.ar\\\/press\\\/\",\"logo\":{\"@type\":\"ImageObject\",\"inLanguage\":\"es-AR\",\"@id\":\"https:\\\/\\\/vocesdelacomuna15.com.ar\\\/press\\\/#\\\/schema\\\/logo\\\/image\\\/\",\"url\":\"https:\\\/\\\/vocesdelacomuna15.com.ar\\\/wp-content\\\/uploads\\\/2024\\\/12\\\/cropped-logo_voces.jpg\",\"contentUrl\":\"https:\\\/\\\/vocesdelacomuna15.com.ar\\\/wp-content\\\/uploads\\\/2024\\\/12\\\/cropped-logo_voces.jpg\",\"width\":512,\"height\":512,\"caption\":\"Voces de la Comuna 15\"},\"image\":{\"@id\":\"https:\\\/\\\/vocesdelacomuna15.com.ar\\\/press\\\/#\\\/schema\\\/logo\\\/image\\\/\"},\"sameAs\":[\"https:\\\/\\\/www.facebook.com\\\/VocesComuna15\\\/\",\"https:\\\/\\\/x.com\\\/vocescomuna15\"]},{\"@type\":\"Person\",\"@id\":\"https:\\\/\\\/vocesdelacomuna15.com.ar\\\/press\\\/#\\\/schema\\\/person\\\/4739e109db25d799cd3d139eeb509e43\",\"name\":\"Federico Arguto\",\"image\":{\"@type\":\"ImageObject\",\"inLanguage\":\"es-AR\",\"@id\":\"https:\\\/\\\/vocesdelacomuna15.com.ar\\\/wp-content\\\/litespeed\\\/avatar\\\/82faf979976f1bae889b8b71f8a0a7e5.jpg?ver=1777419741\",\"url\":\"https:\\\/\\\/vocesdelacomuna15.com.ar\\\/wp-content\\\/litespeed\\\/avatar\\\/82faf979976f1bae889b8b71f8a0a7e5.jpg?ver=1777419741\",\"contentUrl\":\"https:\\\/\\\/vocesdelacomuna15.com.ar\\\/wp-content\\\/litespeed\\\/avatar\\\/82faf979976f1bae889b8b71f8a0a7e5.jpg?ver=1777419741\",\"caption\":\"Federico Arguto\"},\"url\":\"https:\\\/\\\/vocesdelacomuna15.com.ar\\\/press\\\/author\\\/fede\\\/\"}]}<\/script>\n<!-- \/ Yoast SEO plugin. -->","yoast_head_json":{"title":"Un trabajador con c\u00e1ncer y otros doce afectados: qu\u00e9 se sabe hasta ahora del asbesto en los subtes - Voces de la Comuna 15","description":"Voces de la Comuna 15","robots":{"index":"index","follow":"follow","max-snippet":"max-snippet:-1","max-image-preview":"max-image-preview:large","max-video-preview":"max-video-preview:-1"},"canonical":"https:\/\/vocesdelacomuna15.com.ar\/press\/un-trabajador-con-cancer-y-otros-doce-afectados-que-se-sabe-hasta-ahora-del-asbesto-en-los-subtes\/","og_locale":"es_ES","og_type":"article","og_title":"Un trabajador con c\u00e1ncer y otros doce afectados: qu\u00e9 se sabe hasta ahora del asbesto en los subtes - Voces de la Comuna 15","og_description":"Voces de la Comuna 15","og_url":"https:\/\/vocesdelacomuna15.com.ar\/press\/un-trabajador-con-cancer-y-otros-doce-afectados-que-se-sabe-hasta-ahora-del-asbesto-en-los-subtes\/","og_site_name":"Voces de la Comuna 15","article_publisher":"https:\/\/www.facebook.com\/VocesComuna15\/","article_published_time":"2020-01-06T14:47:46+00:00","article_modified_time":"2020-05-02T14:49:51+00:00","og_image":[{"width":782,"height":689,"url":"https:\/\/vocesdelacomuna15.com.ar\/wp-content\/uploads\/2020\/05\/subte26122019.png","type":"image\/png"}],"author":"Federico Arguto","twitter_card":"summary_large_image","twitter_creator":"@vocescomuna15","twitter_site":"@vocescomuna15","twitter_misc":{"Escrito por":"Federico Arguto","Tiempo de lectura":"4 minutos"},"schema":{"@context":"https:\/\/schema.org","@graph":[{"@type":"Article","@id":"https:\/\/vocesdelacomuna15.com.ar\/press\/un-trabajador-con-cancer-y-otros-doce-afectados-que-se-sabe-hasta-ahora-del-asbesto-en-los-subtes\/#article","isPartOf":{"@id":"https:\/\/vocesdelacomuna15.com.ar\/press\/un-trabajador-con-cancer-y-otros-doce-afectados-que-se-sabe-hasta-ahora-del-asbesto-en-los-subtes\/"},"author":{"name":"Federico Arguto","@id":"https:\/\/vocesdelacomuna15.com.ar\/press\/#\/schema\/person\/4739e109db25d799cd3d139eeb509e43"},"headline":"Un trabajador con c\u00e1ncer y otros doce afectados: qu\u00e9 se sabe hasta ahora del asbesto en los subtes","datePublished":"2020-01-06T14:47:46+00:00","dateModified":"2020-05-02T14:49:51+00:00","mainEntityOfPage":{"@id":"https:\/\/vocesdelacomuna15.com.ar\/press\/un-trabajador-con-cancer-y-otros-doce-afectados-que-se-sabe-hasta-ahora-del-asbesto-en-los-subtes\/"},"wordCount":737,"commentCount":0,"publisher":{"@id":"https:\/\/vocesdelacomuna15.com.ar\/press\/#organization"},"image":{"@id":"https:\/\/vocesdelacomuna15.com.ar\/press\/un-trabajador-con-cancer-y-otros-doce-afectados-que-se-sabe-hasta-ahora-del-asbesto-en-los-subtes\/#primaryimage"},"thumbnailUrl":"https:\/\/vocesdelacomuna15.com.ar\/wp-content\/uploads\/2020\/05\/subte26122019.png","articleSection":["Chacarita","Ciudad"],"inLanguage":"es-AR","potentialAction":[{"@type":"CommentAction","name":"Comment","target":["https:\/\/vocesdelacomuna15.com.ar\/press\/un-trabajador-con-cancer-y-otros-doce-afectados-que-se-sabe-hasta-ahora-del-asbesto-en-los-subtes\/#respond"]}]},{"@type":"WebPage","@id":"https:\/\/vocesdelacomuna15.com.ar\/press\/un-trabajador-con-cancer-y-otros-doce-afectados-que-se-sabe-hasta-ahora-del-asbesto-en-los-subtes\/","url":"https:\/\/vocesdelacomuna15.com.ar\/press\/un-trabajador-con-cancer-y-otros-doce-afectados-que-se-sabe-hasta-ahora-del-asbesto-en-los-subtes\/","name":"Un trabajador con c\u00e1ncer y otros doce afectados: qu\u00e9 se sabe hasta ahora del asbesto en los subtes - Voces de la Comuna 15","isPartOf":{"@id":"https:\/\/vocesdelacomuna15.com.ar\/press\/#website"},"primaryImageOfPage":{"@id":"https:\/\/vocesdelacomuna15.com.ar\/press\/un-trabajador-con-cancer-y-otros-doce-afectados-que-se-sabe-hasta-ahora-del-asbesto-en-los-subtes\/#primaryimage"},"image":{"@id":"https:\/\/vocesdelacomuna15.com.ar\/press\/un-trabajador-con-cancer-y-otros-doce-afectados-que-se-sabe-hasta-ahora-del-asbesto-en-los-subtes\/#primaryimage"},"thumbnailUrl":"https:\/\/vocesdelacomuna15.com.ar\/wp-content\/uploads\/2020\/05\/subte26122019.png","datePublished":"2020-01-06T14:47:46+00:00","dateModified":"2020-05-02T14:49:51+00:00","description":"Voces de la Comuna 15","breadcrumb":{"@id":"https:\/\/vocesdelacomuna15.com.ar\/press\/un-trabajador-con-cancer-y-otros-doce-afectados-que-se-sabe-hasta-ahora-del-asbesto-en-los-subtes\/#breadcrumb"},"inLanguage":"es-AR","potentialAction":[{"@type":"ReadAction","target":["https:\/\/vocesdelacomuna15.com.ar\/press\/un-trabajador-con-cancer-y-otros-doce-afectados-que-se-sabe-hasta-ahora-del-asbesto-en-los-subtes\/"]}]},{"@type":"ImageObject","inLanguage":"es-AR","@id":"https:\/\/vocesdelacomuna15.com.ar\/press\/un-trabajador-con-cancer-y-otros-doce-afectados-que-se-sabe-hasta-ahora-del-asbesto-en-los-subtes\/#primaryimage","url":"https:\/\/vocesdelacomuna15.com.ar\/wp-content\/uploads\/2020\/05\/subte26122019.png","contentUrl":"https:\/\/vocesdelacomuna15.com.ar\/wp-content\/uploads\/2020\/05\/subte26122019.png","width":782,"height":689},{"@type":"BreadcrumbList","@id":"https:\/\/vocesdelacomuna15.com.ar\/press\/un-trabajador-con-cancer-y-otros-doce-afectados-que-se-sabe-hasta-ahora-del-asbesto-en-los-subtes\/#breadcrumb","itemListElement":[{"@type":"ListItem","position":1,"name":"Inicio","item":"https:\/\/vocesdelacomuna15.com.ar\/press\/"},{"@type":"ListItem","position":2,"name":"Un trabajador con c\u00e1ncer y otros doce afectados: qu\u00e9 se sabe hasta ahora del asbesto en los subtes"}]},{"@type":"WebSite","@id":"https:\/\/vocesdelacomuna15.com.ar\/press\/#website","url":"https:\/\/vocesdelacomuna15.com.ar\/press\/","name":"Voces de la Comuna 15","description":"Sitio web de noticias","publisher":{"@id":"https:\/\/vocesdelacomuna15.com.ar\/press\/#organization"},"potentialAction":[{"@type":"SearchAction","target":{"@type":"EntryPoint","urlTemplate":"https:\/\/vocesdelacomuna15.com.ar\/press\/?s={search_term_string}"},"query-input":{"@type":"PropertyValueSpecification","valueRequired":true,"valueName":"search_term_string"}}],"inLanguage":"es-AR"},{"@type":"Organization","@id":"https:\/\/vocesdelacomuna15.com.ar\/press\/#organization","name":"Voces de la Comuna 15","url":"https:\/\/vocesdelacomuna15.com.ar\/press\/","logo":{"@type":"ImageObject","inLanguage":"es-AR","@id":"https:\/\/vocesdelacomuna15.com.ar\/press\/#\/schema\/logo\/image\/","url":"https:\/\/vocesdelacomuna15.com.ar\/wp-content\/uploads\/2024\/12\/cropped-logo_voces.jpg","contentUrl":"https:\/\/vocesdelacomuna15.com.ar\/wp-content\/uploads\/2024\/12\/cropped-logo_voces.jpg","width":512,"height":512,"caption":"Voces de la Comuna 15"},"image":{"@id":"https:\/\/vocesdelacomuna15.com.ar\/press\/#\/schema\/logo\/image\/"},"sameAs":["https:\/\/www.facebook.com\/VocesComuna15\/","https:\/\/x.com\/vocescomuna15"]},{"@type":"Person","@id":"https:\/\/vocesdelacomuna15.com.ar\/press\/#\/schema\/person\/4739e109db25d799cd3d139eeb509e43","name":"Federico Arguto","image":{"@type":"ImageObject","inLanguage":"es-AR","@id":"https:\/\/vocesdelacomuna15.com.ar\/wp-content\/litespeed\/avatar\/82faf979976f1bae889b8b71f8a0a7e5.jpg?ver=1777419741","url":"https:\/\/vocesdelacomuna15.com.ar\/wp-content\/litespeed\/avatar\/82faf979976f1bae889b8b71f8a0a7e5.jpg?ver=1777419741","contentUrl":"https:\/\/vocesdelacomuna15.com.ar\/wp-content\/litespeed\/avatar\/82faf979976f1bae889b8b71f8a0a7e5.jpg?ver=1777419741","caption":"Federico Arguto"},"url":"https:\/\/vocesdelacomuna15.com.ar\/press\/author\/fede\/"}]}},"_links":{"self":[{"href":"https:\/\/vocesdelacomuna15.com.ar\/press\/wp-json\/wp\/v2\/posts\/52015","targetHints":{"allow":["GET"]}}],"collection":[{"href":"https:\/\/vocesdelacomuna15.com.ar\/press\/wp-json\/wp\/v2\/posts"}],"about":[{"href":"https:\/\/vocesdelacomuna15.com.ar\/press\/wp-json\/wp\/v2\/types\/post"}],"author":[{"embeddable":true,"href":"https:\/\/vocesdelacomuna15.com.ar\/press\/wp-json\/wp\/v2\/users\/2"}],"replies":[{"embeddable":true,"href":"https:\/\/vocesdelacomuna15.com.ar\/press\/wp-json\/wp\/v2\/comments?post=52015"}],"version-history":[{"count":1,"href":"https:\/\/vocesdelacomuna15.com.ar\/press\/wp-json\/wp\/v2\/posts\/52015\/revisions"}],"predecessor-version":[{"id":52017,"href":"https:\/\/vocesdelacomuna15.com.ar\/press\/wp-json\/wp\/v2\/posts\/52015\/revisions\/52017"}],"wp:featuredmedia":[{"embeddable":true,"href":"https:\/\/vocesdelacomuna15.com.ar\/press\/wp-json\/wp\/v2\/media\/52016"}],"wp:attachment":[{"href":"https:\/\/vocesdelacomuna15.com.ar\/press\/wp-json\/wp\/v2\/media?parent=52015"}],"wp:term":[{"taxonomy":"category","embeddable":true,"href":"https:\/\/vocesdelacomuna15.com.ar\/press\/wp-json\/wp\/v2\/categories?post=52015"},{"taxonomy":"post_tag","embeddable":true,"href":"https:\/\/vocesdelacomuna15.com.ar\/press\/wp-json\/wp\/v2\/tags?post=52015"}],"curies":[{"name":"wp","href":"https:\/\/api.w.org\/{rel}","templated":true}]}}