{"id":52009,"date":"2020-01-20T11:39:59","date_gmt":"2020-01-20T14:39:59","guid":{"rendered":"http:\/\/vocesdelacomuna15.com.ar\/wordpress\/?p=52009"},"modified":"2020-05-02T11:42:26","modified_gmt":"2020-05-02T14:42:26","slug":"se-ratifico-la-sentencia-a-favor-de-los-medios-vecinales","status":"publish","type":"post","link":"https:\/\/vocesdelacomuna15.com.ar\/press\/se-ratifico-la-sentencia-a-favor-de-los-medios-vecinales\/","title":{"rendered":"Se ratific\u00f3 la sentencia a favor de los medios vecinales"},"content":{"rendered":"\n<h4 class=\"wp-block-heading\">La c\u00e1mara ratific\u00f3 la sentencia de primera instancia que hizo lugar  al amparo por la pauta publicitaria oficial porte\u00f1a y declar\u00f3 la nulidad  de la resoluci\u00f3n 813\/SSCS\/18, que alteraba la composici\u00f3n de la misma.  Fuente: La Comuna 7\/Asociaci\u00f3n de Medios Vecinales<\/h4>\n\n\n\n<p>\nEl 12 de diciembre la Sala I de la C\u00e1mara en lo CAyT, en la causa \ncaratulada \u00abSERRES, LUIS ALBERTO Y OTROS CONTRA GCBA SOBRE \u2013 AMPARO \u2013 \nOTROS\u00bb, Expte. N\u00b0 1899-2018\/0, ratific\u00f3 la sentencia de primera \ninstancia que hizo lugar a la acci\u00f3n de amparo de los medios vecinales \nque integran el registro porte\u00f1o y declar\u00f3 la nulidad de la Resoluci\u00f3n \n813\/SSCS\/18.\nM\u00e1ximo Merchensky, Subsecretario de Comunicaci\u00f3n Social, a trav\u00e9s de la \nResoluci\u00f3n N\u00b0 813\/2018, hab\u00eda rebajado un 19% el valor de la pauta \npublicitaria que corresponde a los medios vecinales de acuerdo con la \nLey N\u00b0 2587 y que tiene como objeto regular la contraprestaci\u00f3n \npublicitaria de los Medios Vecinales con el Gobierno de la Ciudad de \nBuenos Aires.\nLa sentencia expres\u00f3 que: \u201cLa resoluci\u00f3n N\u00b0 813\/2018 no se ajusta al \nbloque normativo que regula la materia (conformado por la Ley N\u00b0 2587 y \nel Decreto N\u00b0 933\/2009) incurriendo en un exceso reglamentario, en la \nmedida en que ha modificado -por un lado- el alcance dado por el \nlegislador al Art. 13 de la Ley N\u00b0 2587 y su reglamentaci\u00f3n por el \nDecreto N\u00b0 933\/2009 cuando alude al \u2018valor m\u00e1s bajo del espacio \npublicitario de toda la p\u00e1gina siete (7) del diario pago de mayor tiraje\n en la Ciudad Aut\u00f3noma de Buenos Aires\u2019 que no coincidan con un precio \npromocional o al que se le aplique un descuento de cualquier naturaleza.\n Y, por el otro, al haber establecido que los importes se calculan \nsemestralmente en lugar de mensualmente (cf. Decreto N\u00b0 933\/2009, Anexo,\n Art. 13)\u00bb.\nTampoco se ajusta la regla jur\u00eddica que dispone que \u201c\u2026 la Pauta \nInstitucional no podr\u00e1 ser inferior al mayor valor percibido\u201d (Art. 13, \nin fine, anexo del Decreto N\u00b0 933\/2009).\nLa c\u00e1mara se expidi\u00f3 bajo el argumento que la resoluci\u00f3n administrativa \ndebe necesariamente subordinarse a la ley y al decreto que la reglamenta\n y que las facultades reglamentarias asignadas a un \u00f3rgano inferior del \nPoder Ejecutivo respecto de los actos de la Legislatura y del Jefe de \nGobierno no incluyen la posibilidad de modificar el alcance de estos.\nLa acci\u00f3n de amparo colectivo fue iniciada por 58 medios vecinales con \nel patrocinio del \u00abObservatorio del Derecho a la Ciudad\u00bb y declararon \n\u00abque la disminuci\u00f3n ilegal de la pauta oficial, ahora reconocida por la \njusticia, es parte de una pol\u00edtica de persecuci\u00f3n y disciplinamiento de \nlos medios vecinales que se integra con las sanciones que el GCBA est\u00e1 \nrealizando sin sustento f\u00e1ctico y cumplir los procedimientos \nadministrativos.\u00bb\nEn la demanda iniciada el Dr. Jonatan Emanuel Baldiviezo sostuvo que la \nResoluci\u00f3n N\u00b0 813\/2018:\n1) Viola la Ley N\u00b0 2.587 que regula la contraprestaci\u00f3n publicitaria de \nlos Medios Vecinales de Comunicaci\u00f3n Social y su Decreto Reglamentario \nDecreto N\u00b0 933\/2009.\n2) Lesiona los derechos culturales reconocidos en el art. N\u00b0 32 de la \nConstituci\u00f3n de la Ciudad y en la Ley N\u00b0 2.176. La protecci\u00f3n de los \nMedios Vecinales y su sustentabilidad econ\u00f3mica garantizada por la Ley \nN\u00b0 2.587 tiene por objeto proteger tambi\u00e9n otros derechos culturales de \nlos habitantes de la Ciudad, como el derecho a la democracia cultural, \nel derecho de acceso a la diversidad y pluralidad de opiniones, el \nderecho a la protecci\u00f3n y difusi\u00f3n de la identidad pluralista y la \nhistoria de la ciudad, el derecho a la superaci\u00f3n de las barreras \ncomunicacionales, el derecho a la libertad de prensa y expresi\u00f3n en su \nfaz colectiva, etc.\n3)Los legisladores de la Ciudad quisieron otorgar certidumbre a los \nMedios Vecinales, eliminar la discrecionalidad por parte del GCBA y \ngarantizar la actualizaci\u00f3n permanente de los montos de acuerdo con las \nfluctuaciones del mercado. La Resoluci\u00f3n N\u00b0 813\/2018 destruye estos \nderechos.\n4) La Resoluci\u00f3n N\u00b0 813\/2018 constituye una violaci\u00f3n flagrante del \nprincipio de no regresividad en materia de derechos humanos al modificar\n el sistema tarifario de pautas institucionales para los Medios \nVecinales reduciendo los montos percibidos afectando la permanencia de \nla labor de cada uno de ellos y su sustentabilidad. Esto es un retroceso\n de los derechos adquiridos por los Medios Vecinales hace m\u00e1s de 10 \na\u00f1os.\nCAUSA JUDICIAL: \u00abSERRES, LUIS ALBERTO Y OTROS CONTRA GCBA SOBRE AMPARO \u2013\n OTROS\u00ab, Expte. N\u00b0 A1899-2018\/0.\nACTORES:\n1) Luis Alberto Serres, titular del medio gr\u00e1fico \u00abMi Barrio\u00bb y de la \np\u00e1gina web \u00abwww.revistamibarrio.com.ar\u00bb;         \n2) Rafael Sabini Ferreira, titular de la p\u00e1gina web \n\u00abwww.revistaelabasto.com.ar\u00bb y del medio gr\u00e1fico \u00abEl Abasto\u00bb;\n3) Fernando Javier Zuker, en representaci\u00f3n de la Cooperativa de Trabajo\n La Taba LTDA., en su calidad de actual Presidente, titular del medio \ngr\u00e1fico \u00abLa Taba\u00bb;\n4) Mario Horacio Bellocchio, titular del medio gr\u00e1fico \u00abDesde Boedo\u00bb;   \n      \n5) Pablo Dami\u00e1n Bellocchio, titular de la p\u00e1gina web \n\u00abwww.periodicodesdeboedo.com.ar\u00bb;          \n6) Miguel Eugenio Germino, titular del medio gr\u00e1fico \u00abPrimera P\u00e1gina\u00bb, \n7) Miguel \u00c1ngel Cataudella, titular del medio gr\u00e1fico \u00abTiempo de \nBelgrano\u00bb;\n8) Ricardo Daniel Nicolini, titular del medio gr\u00e1fico \u00abCosas de Barrio\u00bb y\n de la p\u00e1gina web \u00abwww.cosasdebarrio.co.ar\u00bb;\n9) Alfredo Abel Roberti, titular del medio gr\u00e1fico \u00abLa Urdimbre\u00bb y de la\n p\u00e1gina web \u00abwww.laurdimbre.com.ar\u00bb;\n10) Victoria Magdalena Medrano, titular del programa radial \u00abFabricando \nAlternativas\u00bb;\n11) M\u00f3nica Ester Rubio, titular de las p\u00e1ginas web \n\u00abwww.palermomio.com.ar\u00bb y \u00abwww.barriada.com.ar\u00bb;\n12) Carlos Alberto Cruz, titular del medio gr\u00e1fico \u00abUrbanave\u00bb;\n13) Carlos Osvaldo Davis, titular de la p\u00e1gina web \n\u00abwww.la-floresta.com.ar\u00bb;\n14) Fernando Dario Belvedere, titular de la p\u00e1gina web \n\u00abwww.parquechasweb.com.ar\u00bb; \n15) Eduardo Jorge Bergonzi, titular del medio gr\u00e1fico \u00abLa Aldea\u00bb;\n16) Gustavo Carlos Carpinella, titular de las p\u00e1ginas web \n\u00abwww.infoagronom\u00eda.com.ar\u00bb y \u00abwww.lacomuna12.com.ar\u00bb;\n17) Pablo Ernesto Rubin, titular de las p\u00e1ginas web \n\u00abwww.palermotour.com.ar\u00bb y \u00abwww.palermoonline.com.ar\u00bb;\n18) Andrea Evarista Scatturice, titular de la p\u00e1gina web \n\u00abwww.altosdelaweb.com.ar\u00bb;\n19) Carlos Alberto Gabald\u00f3n, titular del medio gr\u00e1fico \u00abVilla Crespo Mi \nBarrio\u00bb;\n20) Margarita Rosa Haverl, titular del medio gr\u00e1fico \u00abClaramente\u00bb y de \nla p\u00e1gina web \u00abwww.claramenteweb.com.ar\u00bb;\n21) Horacio Edgardo Spalletti, titular de la p\u00e1gina web \n\u00abwww.surcapitalino.com.ar\u00bb y del medio gr\u00e1fico \u00abSur Capitalino\u00bb;\n22) Claudia Alejandra Marmol, titular de las p\u00e1ginas web \n\u00abwww.barriosporte\u00f1osweb.com.ar\u00bb y \u00abwww.boedoweb.com.ar\u00bb;\n23) Mario Jos\u00e9 Bruno, titular de la p\u00e1gina web \u00abwww.nuevociclo.com.ar\u00bb y\n del medio gr\u00e1fico \u00abNuevo Ciclo\u00bb;\n24) Germ\u00e1n Norberto Maini, titular de la p\u00e1gina web \n\u00abwww.comuna13online.com.ar\u00bb;\n25) Nelson David Pereyra, titular del programa radial \u00abNuestro Barrio\u00bb;\n26) Ignacio Di Toma Mues, titular de la p\u00e1gina web \n\u00abwww.elbarriopueyrredon.com.ar\u00bb y del medio gr\u00e1fico \u00abEl Barrio Villa \nPueyrred\u00f3n\u00bb;\n27) Ver\u00f3nica Cecilia Pereyra, titular del medio gr\u00e1fico \u00abAqu\u00ed \nMataderos\u00bb;\n28) Ricardo Emilio Flores, titular del medio gr\u00e1fico \u00abTodo Paternal\u00bb;\n29) V\u00edctor Sim\u00f3n Pais, titular de la p\u00e1gina web \u00abwww.trascarton.com.ar\u00bb;\n30) Jorge Eduardo Mesturini, titular de la p\u00e1gina web \n\u00abwww.devotomagazine.com.ar\u00bb y del medio gr\u00e1fico \u00abDevoto Magazine\u00bb;\n31) Alexandra Elizabeth L\u00f3pez, titular de la p\u00e1gina web \n\u00abwww.sesionar.com.ar\u00bb;\n32) Nora Beatriz Mestre, titular del medio gr\u00e1fico \u00abL\u00ednea Oeste\u00bb  y de \nla p\u00e1gina web \u00abwww.lineaoeste.com.ar\u00bb;\n33) Graciela Elda \u00c1lvarez, titular del medio gr\u00e1fico \u00abLa Rayuela en la \nVereda\u00bb y de la p\u00e1gina web \u00abwww.larayuela.com.ar\u00bb;\n34) Esteban Ocampo, titular del programa radial \u00abArchivo de los medios\u00bb;\n35) Marina Bussio, titular del medio gr\u00e1fico \u00abCaballito Te Quiero\u00bb y de \nla p\u00e1gina web \u00abwww.horizontedecaballito.com.ar\u00bb;\n36) Mar\u00eda Rene\u00e9 P\u00e9cora, titular de las p\u00e1ginas web \n\u00abwww.periodicovas.com.ar\u00bb y \u00abwww.otrabuenosaires.com.ar\u00bb;\n37) Rafael Arnaldo G\u00f3mez, titular del medio gr\u00e1fico \u00abPeri\u00f3dico Vas\u00bb;\n38) Sebasti\u00e1n Adri\u00e1n Lescano, titular de las p\u00e1ginas web \n\u00abwww.devotohoy.com.ar\u00bb y \u00abwww.sitioshoy.com.ar\u00bb;\n39) Mar\u00eda del Carmen Rosselli, titular de la p\u00e1gina web \n\u00abwww.eneldiario.com.ar\u00bb;\n40) Leandro Ariel Baratucci, titular de la p\u00e1gina web \n\u00abwww.villadelparqueinfo.com.ar\u00bb.\nFuente y Foto: La Comuna 7\/Asociaci\u00f3n de Medios Vecinales\nCaracteres: 7.966\n\n<\/p>\n<div class=\"pvc_clear\"><\/div><p id=\"pvc_stats_52009\" class=\"pvc_stats all  \" data-element-id=\"52009\" style=\"\"><i class=\"pvc-stats-icon small\" aria-hidden=\"true\"><svg aria-hidden=\"true\" focusable=\"false\" data-prefix=\"far\" data-icon=\"chart-bar\" role=\"img\" xmlns=\"http:\/\/www.w3.org\/2000\/svg\" viewBox=\"0 0 512 512\" class=\"svg-inline--fa fa-chart-bar fa-w-16 fa-2x\"><path fill=\"currentColor\" d=\"M396.8 352h22.4c6.4 0 12.8-6.4 12.8-12.8V108.8c0-6.4-6.4-12.8-12.8-12.8h-22.4c-6.4 0-12.8 6.4-12.8 12.8v230.4c0 6.4 6.4 12.8 12.8 12.8zm-192 0h22.4c6.4 0 12.8-6.4 12.8-12.8V140.8c0-6.4-6.4-12.8-12.8-12.8h-22.4c-6.4 0-12.8 6.4-12.8 12.8v198.4c0 6.4 6.4 12.8 12.8 12.8zm96 0h22.4c6.4 0 12.8-6.4 12.8-12.8V204.8c0-6.4-6.4-12.8-12.8-12.8h-22.4c-6.4 0-12.8 6.4-12.8 12.8v134.4c0 6.4 6.4 12.8 12.8 12.8zM496 400H48V80c0-8.84-7.16-16-16-16H16C7.16 64 0 71.16 0 80v336c0 17.67 14.33 32 32 32h464c8.84 0 16-7.16 16-16v-16c0-8.84-7.16-16-16-16zm-387.2-48h22.4c6.4 0 12.8-6.4 12.8-12.8v-70.4c0-6.4-6.4-12.8-12.8-12.8h-22.4c-6.4 0-12.8 6.4-12.8 12.8v70.4c0 6.4 6.4 12.8 12.8 12.8z\" class=\"\"><\/path><\/svg><\/i> <img loading=\"lazy\" decoding=\"async\" width=\"16\" height=\"16\" alt=\"Loading\" src=\"https:\/\/vocesdelacomuna15.com.ar\/wp-content\/plugins\/page-views-count\/ajax-loader-2x.gif\" border=0 \/><\/p><div class=\"pvc_clear\"><\/div>","protected":false},"excerpt":{"rendered":"<p>La c\u00e1mara ratific\u00f3 la sentencia de primera instancia que hizo lugar al amparo por la pauta publicitaria oficial porte\u00f1a y declar\u00f3 la nulidad de la resoluci\u00f3n 813\/SSCS\/18, que alteraba la composici\u00f3n de la misma. Fuente: La Comuna 7\/Asociaci\u00f3n de Medios Vecinales El 12 de diciembre la Sala I de la C\u00e1mara en lo CAyT, en [&hellip;]<\/p>\n<div class=\"pvc_clear\"><\/div>\n<p id=\"pvc_stats_52009\" class=\"pvc_stats all  \" data-element-id=\"52009\" style=\"\"><i class=\"pvc-stats-icon small\" aria-hidden=\"true\"><svg aria-hidden=\"true\" focusable=\"false\" data-prefix=\"far\" data-icon=\"chart-bar\" role=\"img\" xmlns=\"http:\/\/www.w3.org\/2000\/svg\" viewBox=\"0 0 512 512\" class=\"svg-inline--fa fa-chart-bar fa-w-16 fa-2x\"><path fill=\"currentColor\" d=\"M396.8 352h22.4c6.4 0 12.8-6.4 12.8-12.8V108.8c0-6.4-6.4-12.8-12.8-12.8h-22.4c-6.4 0-12.8 6.4-12.8 12.8v230.4c0 6.4 6.4 12.8 12.8 12.8zm-192 0h22.4c6.4 0 12.8-6.4 12.8-12.8V140.8c0-6.4-6.4-12.8-12.8-12.8h-22.4c-6.4 0-12.8 6.4-12.8 12.8v198.4c0 6.4 6.4 12.8 12.8 12.8zm96 0h22.4c6.4 0 12.8-6.4 12.8-12.8V204.8c0-6.4-6.4-12.8-12.8-12.8h-22.4c-6.4 0-12.8 6.4-12.8 12.8v134.4c0 6.4 6.4 12.8 12.8 12.8zM496 400H48V80c0-8.84-7.16-16-16-16H16C7.16 64 0 71.16 0 80v336c0 17.67 14.33 32 32 32h464c8.84 0 16-7.16 16-16v-16c0-8.84-7.16-16-16-16zm-387.2-48h22.4c6.4 0 12.8-6.4 12.8-12.8v-70.4c0-6.4-6.4-12.8-12.8-12.8h-22.4c-6.4 0-12.8 6.4-12.8 12.8v70.4c0 6.4 6.4 12.8 12.8 12.8z\" class=\"\"><\/path><\/svg><\/i> <img loading=\"lazy\" decoding=\"async\" width=\"16\" height=\"16\" alt=\"Loading\" src=\"https:\/\/vocesdelacomuna15.com.ar\/wp-content\/plugins\/page-views-count\/ajax-loader-2x.gif\" border=0 \/><\/p>\n<div class=\"pvc_clear\"><\/div>\n","protected":false},"author":2,"featured_media":52011,"comment_status":"open","ping_status":"open","sticky":false,"template":"","format":"standard","meta":{"_et_pb_use_builder":"off","_et_pb_old_content":"","_et_gb_content_width":"","footnotes":""},"categories":[26],"tags":[],"class_list":["post-52009","post","type-post","status-publish","format-standard","has-post-thumbnail","hentry","category-ciudad","et-has-post-format-content","et_post_format-et-post-format-standard"],"a3_pvc":{"activated":true,"total_views":223,"today_views":0},"yoast_head":"<!-- This site is optimized with the Yoast SEO plugin v27.5 - https:\/\/yoast.com\/product\/yoast-seo-wordpress\/ -->\n<title>Se ratific\u00f3 la sentencia a favor de los medios vecinales - Voces de la Comuna 15<\/title>\n<meta name=\"description\" content=\"Voces de la Comuna 15\" \/>\n<meta name=\"robots\" content=\"index, follow, max-snippet:-1, max-image-preview:large, max-video-preview:-1\" \/>\n<link rel=\"canonical\" href=\"https:\/\/vocesdelacomuna15.com.ar\/press\/se-ratifico-la-sentencia-a-favor-de-los-medios-vecinales\/\" \/>\n<meta property=\"og:locale\" content=\"es_ES\" \/>\n<meta property=\"og:type\" content=\"article\" \/>\n<meta property=\"og:title\" content=\"Se ratific\u00f3 la sentencia a favor de los medios vecinales - Voces de la Comuna 15\" \/>\n<meta property=\"og:description\" content=\"Voces de la Comuna 15\" \/>\n<meta property=\"og:url\" content=\"https:\/\/vocesdelacomuna15.com.ar\/press\/se-ratifico-la-sentencia-a-favor-de-los-medios-vecinales\/\" \/>\n<meta property=\"og:site_name\" content=\"Voces de la Comuna 15\" \/>\n<meta property=\"article:publisher\" content=\"https:\/\/www.facebook.com\/VocesComuna15\/\" \/>\n<meta property=\"article:published_time\" content=\"2020-01-20T14:39:59+00:00\" \/>\n<meta property=\"article:modified_time\" content=\"2020-05-02T14:42:26+00:00\" \/>\n<meta property=\"og:image\" content=\"https:\/\/vocesdelacomuna15.com.ar\/wp-content\/uploads\/2020\/01\/medios-vecinales-30122019.jpg\" \/>\n\t<meta property=\"og:image:width\" content=\"850\" \/>\n\t<meta property=\"og:image:height\" content=\"472\" \/>\n\t<meta property=\"og:image:type\" content=\"image\/jpeg\" \/>\n<meta name=\"author\" content=\"Federico Arguto\" \/>\n<meta name=\"twitter:card\" content=\"summary_large_image\" \/>\n<meta name=\"twitter:creator\" content=\"@vocescomuna15\" \/>\n<meta name=\"twitter:site\" content=\"@vocescomuna15\" \/>\n<meta name=\"twitter:label1\" content=\"Escrito por\" \/>\n\t<meta name=\"twitter:data1\" content=\"Federico Arguto\" \/>\n\t<meta name=\"twitter:label2\" content=\"Tiempo de lectura\" \/>\n\t<meta name=\"twitter:data2\" content=\"7 minutos\" \/>\n<script type=\"application\/ld+json\" class=\"yoast-schema-graph\">{\"@context\":\"https:\\\/\\\/schema.org\",\"@graph\":[{\"@type\":\"Article\",\"@id\":\"https:\\\/\\\/vocesdelacomuna15.com.ar\\\/press\\\/se-ratifico-la-sentencia-a-favor-de-los-medios-vecinales\\\/#article\",\"isPartOf\":{\"@id\":\"https:\\\/\\\/vocesdelacomuna15.com.ar\\\/press\\\/se-ratifico-la-sentencia-a-favor-de-los-medios-vecinales\\\/\"},\"author\":{\"name\":\"Federico Arguto\",\"@id\":\"https:\\\/\\\/vocesdelacomuna15.com.ar\\\/press\\\/#\\\/schema\\\/person\\\/4739e109db25d799cd3d139eeb509e43\"},\"headline\":\"Se ratific\u00f3 la sentencia a favor de los medios vecinales\",\"datePublished\":\"2020-01-20T14:39:59+00:00\",\"dateModified\":\"2020-05-02T14:42:26+00:00\",\"mainEntityOfPage\":{\"@id\":\"https:\\\/\\\/vocesdelacomuna15.com.ar\\\/press\\\/se-ratifico-la-sentencia-a-favor-de-los-medios-vecinales\\\/\"},\"wordCount\":1404,\"commentCount\":0,\"publisher\":{\"@id\":\"https:\\\/\\\/vocesdelacomuna15.com.ar\\\/press\\\/#organization\"},\"image\":{\"@id\":\"https:\\\/\\\/vocesdelacomuna15.com.ar\\\/press\\\/se-ratifico-la-sentencia-a-favor-de-los-medios-vecinales\\\/#primaryimage\"},\"thumbnailUrl\":\"https:\\\/\\\/vocesdelacomuna15.com.ar\\\/wp-content\\\/uploads\\\/2020\\\/01\\\/medios-vecinales-30122019.jpg\",\"articleSection\":[\"Ciudad\"],\"inLanguage\":\"es-AR\",\"potentialAction\":[{\"@type\":\"CommentAction\",\"name\":\"Comment\",\"target\":[\"https:\\\/\\\/vocesdelacomuna15.com.ar\\\/press\\\/se-ratifico-la-sentencia-a-favor-de-los-medios-vecinales\\\/#respond\"]}]},{\"@type\":\"WebPage\",\"@id\":\"https:\\\/\\\/vocesdelacomuna15.com.ar\\\/press\\\/se-ratifico-la-sentencia-a-favor-de-los-medios-vecinales\\\/\",\"url\":\"https:\\\/\\\/vocesdelacomuna15.com.ar\\\/press\\\/se-ratifico-la-sentencia-a-favor-de-los-medios-vecinales\\\/\",\"name\":\"Se ratific\u00f3 la sentencia a favor de los medios vecinales - Voces de la Comuna 15\",\"isPartOf\":{\"@id\":\"https:\\\/\\\/vocesdelacomuna15.com.ar\\\/press\\\/#website\"},\"primaryImageOfPage\":{\"@id\":\"https:\\\/\\\/vocesdelacomuna15.com.ar\\\/press\\\/se-ratifico-la-sentencia-a-favor-de-los-medios-vecinales\\\/#primaryimage\"},\"image\":{\"@id\":\"https:\\\/\\\/vocesdelacomuna15.com.ar\\\/press\\\/se-ratifico-la-sentencia-a-favor-de-los-medios-vecinales\\\/#primaryimage\"},\"thumbnailUrl\":\"https:\\\/\\\/vocesdelacomuna15.com.ar\\\/wp-content\\\/uploads\\\/2020\\\/01\\\/medios-vecinales-30122019.jpg\",\"datePublished\":\"2020-01-20T14:39:59+00:00\",\"dateModified\":\"2020-05-02T14:42:26+00:00\",\"description\":\"Voces de la Comuna 15\",\"breadcrumb\":{\"@id\":\"https:\\\/\\\/vocesdelacomuna15.com.ar\\\/press\\\/se-ratifico-la-sentencia-a-favor-de-los-medios-vecinales\\\/#breadcrumb\"},\"inLanguage\":\"es-AR\",\"potentialAction\":[{\"@type\":\"ReadAction\",\"target\":[\"https:\\\/\\\/vocesdelacomuna15.com.ar\\\/press\\\/se-ratifico-la-sentencia-a-favor-de-los-medios-vecinales\\\/\"]}]},{\"@type\":\"ImageObject\",\"inLanguage\":\"es-AR\",\"@id\":\"https:\\\/\\\/vocesdelacomuna15.com.ar\\\/press\\\/se-ratifico-la-sentencia-a-favor-de-los-medios-vecinales\\\/#primaryimage\",\"url\":\"https:\\\/\\\/vocesdelacomuna15.com.ar\\\/wp-content\\\/uploads\\\/2020\\\/01\\\/medios-vecinales-30122019.jpg\",\"contentUrl\":\"https:\\\/\\\/vocesdelacomuna15.com.ar\\\/wp-content\\\/uploads\\\/2020\\\/01\\\/medios-vecinales-30122019.jpg\",\"width\":850,\"height\":472},{\"@type\":\"BreadcrumbList\",\"@id\":\"https:\\\/\\\/vocesdelacomuna15.com.ar\\\/press\\\/se-ratifico-la-sentencia-a-favor-de-los-medios-vecinales\\\/#breadcrumb\",\"itemListElement\":[{\"@type\":\"ListItem\",\"position\":1,\"name\":\"Inicio\",\"item\":\"https:\\\/\\\/vocesdelacomuna15.com.ar\\\/press\\\/\"},{\"@type\":\"ListItem\",\"position\":2,\"name\":\"Se ratific\u00f3 la sentencia a favor de los medios vecinales\"}]},{\"@type\":\"WebSite\",\"@id\":\"https:\\\/\\\/vocesdelacomuna15.com.ar\\\/press\\\/#website\",\"url\":\"https:\\\/\\\/vocesdelacomuna15.com.ar\\\/press\\\/\",\"name\":\"Voces de la Comuna 15\",\"description\":\"Sitio web de noticias\",\"publisher\":{\"@id\":\"https:\\\/\\\/vocesdelacomuna15.com.ar\\\/press\\\/#organization\"},\"potentialAction\":[{\"@type\":\"SearchAction\",\"target\":{\"@type\":\"EntryPoint\",\"urlTemplate\":\"https:\\\/\\\/vocesdelacomuna15.com.ar\\\/press\\\/?s={search_term_string}\"},\"query-input\":{\"@type\":\"PropertyValueSpecification\",\"valueRequired\":true,\"valueName\":\"search_term_string\"}}],\"inLanguage\":\"es-AR\"},{\"@type\":\"Organization\",\"@id\":\"https:\\\/\\\/vocesdelacomuna15.com.ar\\\/press\\\/#organization\",\"name\":\"Voces de la Comuna 15\",\"url\":\"https:\\\/\\\/vocesdelacomuna15.com.ar\\\/press\\\/\",\"logo\":{\"@type\":\"ImageObject\",\"inLanguage\":\"es-AR\",\"@id\":\"https:\\\/\\\/vocesdelacomuna15.com.ar\\\/press\\\/#\\\/schema\\\/logo\\\/image\\\/\",\"url\":\"https:\\\/\\\/vocesdelacomuna15.com.ar\\\/wp-content\\\/uploads\\\/2024\\\/12\\\/cropped-logo_voces.jpg\",\"contentUrl\":\"https:\\\/\\\/vocesdelacomuna15.com.ar\\\/wp-content\\\/uploads\\\/2024\\\/12\\\/cropped-logo_voces.jpg\",\"width\":512,\"height\":512,\"caption\":\"Voces de la Comuna 15\"},\"image\":{\"@id\":\"https:\\\/\\\/vocesdelacomuna15.com.ar\\\/press\\\/#\\\/schema\\\/logo\\\/image\\\/\"},\"sameAs\":[\"https:\\\/\\\/www.facebook.com\\\/VocesComuna15\\\/\",\"https:\\\/\\\/x.com\\\/vocescomuna15\"]},{\"@type\":\"Person\",\"@id\":\"https:\\\/\\\/vocesdelacomuna15.com.ar\\\/press\\\/#\\\/schema\\\/person\\\/4739e109db25d799cd3d139eeb509e43\",\"name\":\"Federico Arguto\",\"image\":{\"@type\":\"ImageObject\",\"inLanguage\":\"es-AR\",\"@id\":\"https:\\\/\\\/vocesdelacomuna15.com.ar\\\/wp-content\\\/litespeed\\\/avatar\\\/82faf979976f1bae889b8b71f8a0a7e5.jpg?ver=1777419741\",\"url\":\"https:\\\/\\\/vocesdelacomuna15.com.ar\\\/wp-content\\\/litespeed\\\/avatar\\\/82faf979976f1bae889b8b71f8a0a7e5.jpg?ver=1777419741\",\"contentUrl\":\"https:\\\/\\\/vocesdelacomuna15.com.ar\\\/wp-content\\\/litespeed\\\/avatar\\\/82faf979976f1bae889b8b71f8a0a7e5.jpg?ver=1777419741\",\"caption\":\"Federico Arguto\"},\"url\":\"https:\\\/\\\/vocesdelacomuna15.com.ar\\\/press\\\/author\\\/fede\\\/\"}]}<\/script>\n<!-- \/ Yoast SEO plugin. -->","yoast_head_json":{"title":"Se ratific\u00f3 la sentencia a favor de los medios vecinales - Voces de la Comuna 15","description":"Voces de la Comuna 15","robots":{"index":"index","follow":"follow","max-snippet":"max-snippet:-1","max-image-preview":"max-image-preview:large","max-video-preview":"max-video-preview:-1"},"canonical":"https:\/\/vocesdelacomuna15.com.ar\/press\/se-ratifico-la-sentencia-a-favor-de-los-medios-vecinales\/","og_locale":"es_ES","og_type":"article","og_title":"Se ratific\u00f3 la sentencia a favor de los medios vecinales - Voces de la Comuna 15","og_description":"Voces de la Comuna 15","og_url":"https:\/\/vocesdelacomuna15.com.ar\/press\/se-ratifico-la-sentencia-a-favor-de-los-medios-vecinales\/","og_site_name":"Voces de la Comuna 15","article_publisher":"https:\/\/www.facebook.com\/VocesComuna15\/","article_published_time":"2020-01-20T14:39:59+00:00","article_modified_time":"2020-05-02T14:42:26+00:00","og_image":[{"width":850,"height":472,"url":"https:\/\/vocesdelacomuna15.com.ar\/wp-content\/uploads\/2020\/01\/medios-vecinales-30122019.jpg","type":"image\/jpeg"}],"author":"Federico Arguto","twitter_card":"summary_large_image","twitter_creator":"@vocescomuna15","twitter_site":"@vocescomuna15","twitter_misc":{"Escrito por":"Federico Arguto","Tiempo de lectura":"7 minutos"},"schema":{"@context":"https:\/\/schema.org","@graph":[{"@type":"Article","@id":"https:\/\/vocesdelacomuna15.com.ar\/press\/se-ratifico-la-sentencia-a-favor-de-los-medios-vecinales\/#article","isPartOf":{"@id":"https:\/\/vocesdelacomuna15.com.ar\/press\/se-ratifico-la-sentencia-a-favor-de-los-medios-vecinales\/"},"author":{"name":"Federico Arguto","@id":"https:\/\/vocesdelacomuna15.com.ar\/press\/#\/schema\/person\/4739e109db25d799cd3d139eeb509e43"},"headline":"Se ratific\u00f3 la sentencia a favor de los medios vecinales","datePublished":"2020-01-20T14:39:59+00:00","dateModified":"2020-05-02T14:42:26+00:00","mainEntityOfPage":{"@id":"https:\/\/vocesdelacomuna15.com.ar\/press\/se-ratifico-la-sentencia-a-favor-de-los-medios-vecinales\/"},"wordCount":1404,"commentCount":0,"publisher":{"@id":"https:\/\/vocesdelacomuna15.com.ar\/press\/#organization"},"image":{"@id":"https:\/\/vocesdelacomuna15.com.ar\/press\/se-ratifico-la-sentencia-a-favor-de-los-medios-vecinales\/#primaryimage"},"thumbnailUrl":"https:\/\/vocesdelacomuna15.com.ar\/wp-content\/uploads\/2020\/01\/medios-vecinales-30122019.jpg","articleSection":["Ciudad"],"inLanguage":"es-AR","potentialAction":[{"@type":"CommentAction","name":"Comment","target":["https:\/\/vocesdelacomuna15.com.ar\/press\/se-ratifico-la-sentencia-a-favor-de-los-medios-vecinales\/#respond"]}]},{"@type":"WebPage","@id":"https:\/\/vocesdelacomuna15.com.ar\/press\/se-ratifico-la-sentencia-a-favor-de-los-medios-vecinales\/","url":"https:\/\/vocesdelacomuna15.com.ar\/press\/se-ratifico-la-sentencia-a-favor-de-los-medios-vecinales\/","name":"Se ratific\u00f3 la sentencia a favor de los medios vecinales - Voces de la Comuna 15","isPartOf":{"@id":"https:\/\/vocesdelacomuna15.com.ar\/press\/#website"},"primaryImageOfPage":{"@id":"https:\/\/vocesdelacomuna15.com.ar\/press\/se-ratifico-la-sentencia-a-favor-de-los-medios-vecinales\/#primaryimage"},"image":{"@id":"https:\/\/vocesdelacomuna15.com.ar\/press\/se-ratifico-la-sentencia-a-favor-de-los-medios-vecinales\/#primaryimage"},"thumbnailUrl":"https:\/\/vocesdelacomuna15.com.ar\/wp-content\/uploads\/2020\/01\/medios-vecinales-30122019.jpg","datePublished":"2020-01-20T14:39:59+00:00","dateModified":"2020-05-02T14:42:26+00:00","description":"Voces de la Comuna 15","breadcrumb":{"@id":"https:\/\/vocesdelacomuna15.com.ar\/press\/se-ratifico-la-sentencia-a-favor-de-los-medios-vecinales\/#breadcrumb"},"inLanguage":"es-AR","potentialAction":[{"@type":"ReadAction","target":["https:\/\/vocesdelacomuna15.com.ar\/press\/se-ratifico-la-sentencia-a-favor-de-los-medios-vecinales\/"]}]},{"@type":"ImageObject","inLanguage":"es-AR","@id":"https:\/\/vocesdelacomuna15.com.ar\/press\/se-ratifico-la-sentencia-a-favor-de-los-medios-vecinales\/#primaryimage","url":"https:\/\/vocesdelacomuna15.com.ar\/wp-content\/uploads\/2020\/01\/medios-vecinales-30122019.jpg","contentUrl":"https:\/\/vocesdelacomuna15.com.ar\/wp-content\/uploads\/2020\/01\/medios-vecinales-30122019.jpg","width":850,"height":472},{"@type":"BreadcrumbList","@id":"https:\/\/vocesdelacomuna15.com.ar\/press\/se-ratifico-la-sentencia-a-favor-de-los-medios-vecinales\/#breadcrumb","itemListElement":[{"@type":"ListItem","position":1,"name":"Inicio","item":"https:\/\/vocesdelacomuna15.com.ar\/press\/"},{"@type":"ListItem","position":2,"name":"Se ratific\u00f3 la sentencia a favor de los medios vecinales"}]},{"@type":"WebSite","@id":"https:\/\/vocesdelacomuna15.com.ar\/press\/#website","url":"https:\/\/vocesdelacomuna15.com.ar\/press\/","name":"Voces de la Comuna 15","description":"Sitio web de noticias","publisher":{"@id":"https:\/\/vocesdelacomuna15.com.ar\/press\/#organization"},"potentialAction":[{"@type":"SearchAction","target":{"@type":"EntryPoint","urlTemplate":"https:\/\/vocesdelacomuna15.com.ar\/press\/?s={search_term_string}"},"query-input":{"@type":"PropertyValueSpecification","valueRequired":true,"valueName":"search_term_string"}}],"inLanguage":"es-AR"},{"@type":"Organization","@id":"https:\/\/vocesdelacomuna15.com.ar\/press\/#organization","name":"Voces de la Comuna 15","url":"https:\/\/vocesdelacomuna15.com.ar\/press\/","logo":{"@type":"ImageObject","inLanguage":"es-AR","@id":"https:\/\/vocesdelacomuna15.com.ar\/press\/#\/schema\/logo\/image\/","url":"https:\/\/vocesdelacomuna15.com.ar\/wp-content\/uploads\/2024\/12\/cropped-logo_voces.jpg","contentUrl":"https:\/\/vocesdelacomuna15.com.ar\/wp-content\/uploads\/2024\/12\/cropped-logo_voces.jpg","width":512,"height":512,"caption":"Voces de la Comuna 15"},"image":{"@id":"https:\/\/vocesdelacomuna15.com.ar\/press\/#\/schema\/logo\/image\/"},"sameAs":["https:\/\/www.facebook.com\/VocesComuna15\/","https:\/\/x.com\/vocescomuna15"]},{"@type":"Person","@id":"https:\/\/vocesdelacomuna15.com.ar\/press\/#\/schema\/person\/4739e109db25d799cd3d139eeb509e43","name":"Federico Arguto","image":{"@type":"ImageObject","inLanguage":"es-AR","@id":"https:\/\/vocesdelacomuna15.com.ar\/wp-content\/litespeed\/avatar\/82faf979976f1bae889b8b71f8a0a7e5.jpg?ver=1777419741","url":"https:\/\/vocesdelacomuna15.com.ar\/wp-content\/litespeed\/avatar\/82faf979976f1bae889b8b71f8a0a7e5.jpg?ver=1777419741","contentUrl":"https:\/\/vocesdelacomuna15.com.ar\/wp-content\/litespeed\/avatar\/82faf979976f1bae889b8b71f8a0a7e5.jpg?ver=1777419741","caption":"Federico Arguto"},"url":"https:\/\/vocesdelacomuna15.com.ar\/press\/author\/fede\/"}]}},"_links":{"self":[{"href":"https:\/\/vocesdelacomuna15.com.ar\/press\/wp-json\/wp\/v2\/posts\/52009","targetHints":{"allow":["GET"]}}],"collection":[{"href":"https:\/\/vocesdelacomuna15.com.ar\/press\/wp-json\/wp\/v2\/posts"}],"about":[{"href":"https:\/\/vocesdelacomuna15.com.ar\/press\/wp-json\/wp\/v2\/types\/post"}],"author":[{"embeddable":true,"href":"https:\/\/vocesdelacomuna15.com.ar\/press\/wp-json\/wp\/v2\/users\/2"}],"replies":[{"embeddable":true,"href":"https:\/\/vocesdelacomuna15.com.ar\/press\/wp-json\/wp\/v2\/comments?post=52009"}],"version-history":[{"count":1,"href":"https:\/\/vocesdelacomuna15.com.ar\/press\/wp-json\/wp\/v2\/posts\/52009\/revisions"}],"predecessor-version":[{"id":52010,"href":"https:\/\/vocesdelacomuna15.com.ar\/press\/wp-json\/wp\/v2\/posts\/52009\/revisions\/52010"}],"wp:featuredmedia":[{"embeddable":true,"href":"https:\/\/vocesdelacomuna15.com.ar\/press\/wp-json\/wp\/v2\/media\/52011"}],"wp:attachment":[{"href":"https:\/\/vocesdelacomuna15.com.ar\/press\/wp-json\/wp\/v2\/media?parent=52009"}],"wp:term":[{"taxonomy":"category","embeddable":true,"href":"https:\/\/vocesdelacomuna15.com.ar\/press\/wp-json\/wp\/v2\/categories?post=52009"},{"taxonomy":"post_tag","embeddable":true,"href":"https:\/\/vocesdelacomuna15.com.ar\/press\/wp-json\/wp\/v2\/tags?post=52009"}],"curies":[{"name":"wp","href":"https:\/\/api.w.org\/{rel}","templated":true}]}}