{"id":52006,"date":"2020-01-13T11:36:30","date_gmt":"2020-01-13T14:36:30","guid":{"rendered":"http:\/\/vocesdelacomuna15.com.ar\/wordpress\/?p=52006"},"modified":"2020-05-02T11:38:28","modified_gmt":"2020-05-02T14:38:28","slug":"residencia-interdisciplinaria-de-sistemas-de-informacion-en-salud-de-que-se-trata-la-risis-2","status":"publish","type":"post","link":"https:\/\/vocesdelacomuna15.com.ar\/press\/residencia-interdisciplinaria-de-sistemas-de-informacion-en-salud-de-que-se-trata-la-risis-2\/","title":{"rendered":"Residencia Interdisciplinaria de Sistemas de Informaci\u00f3n en Salud. \u00bfDe qu\u00e9 se trata la RISIS?"},"content":{"rendered":"\n<h4 class=\"wp-block-heading\">Parte 1 de 2*<\/h4>\n\n\n\n<p>\nPerteneciente al sistema de residencias de CABA y dependiente de la \nDirecci\u00f3n General de Docencia, Investigaci\u00f3n y Desarrollo Profesional \ndel Ministerio de Salud, la RISIS est\u00e1 transitando su tercer a\u00f1o de \nvida. Todav\u00eda joven, en estado de construcci\u00f3n y sin ninguna camada que \nhaya completado su ciclo de formaci\u00f3n, su presentaci\u00f3n en sociedad no \nresulta una tarea sencilla.  \nVisitamos sus oficinas centrales en el barrio de Almagro en Medrano 350.\n Hablamos con su instructora y con tres residentes. Nos recibi\u00f3 Mariana \nDaus, Licenciada en Enfermer\u00eda de profesi\u00f3n, especialista en Inform\u00e1tica\n en Salud e instructora de la RISIS.        \n\n-\u00bfQue es la RISIS?\n-Es una residencia interdisciplinaria. En nuestro equipo tenemos \nm\u00e9dicas, soci\u00f3logas, psic\u00f3logas, una antrop\u00f3loga y una odont\u00f3loga. Es un\n sistema de formaci\u00f3n de posgrado, suele decirse que se gana experiencia\n haciendo. \n-Habitualmente cuando uno piensa en un residente, se imagina un m\u00e9dico \nreci\u00e9n salido de la facultad, atendiendo pacientes en un hospital. \u00bfQu\u00e9 \ncaracter\u00edsticas tiene un residente de sistemas de informaci\u00f3n en salud?\nHay un saber social instalado que suele privilegiar a la formaci\u00f3n \nm\u00e9dica por sobre el resto. Pero ac\u00e1 se trata de entender que existen \nm\u00faltiples actores en el sistema, que hay varias secciones o nichos \nespec\u00edficos y que se necesita otra clase de profesionales para salir a \nterreno y trabajar con ellas en el d\u00eda a d\u00eda. \n-\u00bfQue clase de formaci\u00f3n se adquiere en la especialidad y que aportan \ntan variadas formaciones de base?\nSe trata por ejemplo de conocer procesos hospitalarios. Detectar fallas \nen los mismos y pensar mejoras. Adicionalmente aprender a dise\u00f1arlas y \nprototipar esas ideas de mejora para finalmente poder implementarlas. En\n un escenario tan complejo, las variadas formaciones de base aportan \ndiversas miradas como para llevar a cabo estos proyectos. \n-Imagino que el \u00e1mbito de la salud p\u00fablica de CABA es m\u00e1s complejo que \notros lugares.\nEl \u00e1mbito p\u00fablico es un escenario m\u00e1s complejo que el privado porque \ntiene m\u00e1s variables en juego. Existe la pata pol\u00edtica, por ejemplo. En \nlos privados el poder de decisi\u00f3n suele estar posicionado en un solo \nlado mientras que en lo p\u00fablico suele estar repartido y el camino a \nseguir puede estar determinado por m\u00faltiples decisiones. \n-\u00bfQue consideran como sistema de informaci\u00f3n en salud?\nEn principio como sistema se considera a un conglomerado de partes que \nse interrelacionan entre s\u00ed, buscando un objetivo en com\u00fan. Por su parte\n la informaci\u00f3n es m\u00e1s que un dato: est\u00e1 enmarcado en un contexto. Los \nsistemas de informaci\u00f3n en salud tienen como objetivos por ejemplo, \nmejorar la calidad de atenci\u00f3n y la seguridad del paciente. Los sistemas\n promueven el uso del lenguaje com\u00fan y un registro electr\u00f3nico, la \ndisponibilidad de los datos. Ambos a su vez propician la continuidad del\n cuidado del paciente. \n\n-Creo que te refer\u00eds a la historia cl\u00ednica electr\u00f3nica.\nS\u00ed, pero no solo a ella. En sistemas de informaci\u00f3n existen dos grandes \ncapas: la capa cl\u00ednica y la capa administrativa. Por ejemplo, en lo que \nrefiere a los sistemas administrativos tenes aquellos que permiten una \ncorrecta facturaci\u00f3n de los servicios otorgados (por ejemplo \nidentificando la cobertura privada de aquella persona que es atendida en\n un efector p\u00fablico). Pero tambi\u00e9n ten\u00e9s los sistemas de farmacia, desde\n donde se administran la medicaci\u00f3n y los insumos. O los de laboratorio.\n Adem\u00e1s se trata de tener disponibles bases de datos como para poder \nconsumir informaci\u00f3n de ellas y tomar decisiones. Un ejemplo es la \ngesti\u00f3n de camas de internaci\u00f3n en donde la informaci\u00f3n te puede servir \ncomo para controlar y disponibilizar ese recurso.\n -Vos sos enfermera \u00bfQue te atrajo de los sistemas de informaci\u00f3n en \nsalud y cu\u00e1l dir\u00edas que es tu aporte a la interdisciplina desde tu \nprofesi\u00f3n de base?\nBuscaba una especialidad no asistencial, investigar. Soy una persona \ncuriosa y quer\u00eda algo nuevo, algo distinto. Se alinearon los planetas y \nfinalmente ingres\u00e9 a una residencia. El aporte de esta profesi\u00f3n pasa \nporque las enfermeras a diferencia de otras profesiones dentro del \nhospital, conocemos en detalle c\u00f3mo son cada uno de los pasos en lo que \nrefiere a los procesos asistenciales. \n\nVictoria Risoli es Licenciada en Psicolog\u00eda y residente de tercer a\u00f1o de\n la RISIS. Gestiona principalmente proyectos relacionados a la gesti\u00f3n \nde turnos y tiene como particularidad el conocer el proyecto de \ninformatizaci\u00f3n y haber trabajado en \u00e9l, antes de la creaci\u00f3n de la \nresidencia. \n-Hablamos de la residencia pero esta es parte de algo m\u00e1s grande. Vengo a\n esta oficina y hay mucha gente m\u00e1s all\u00e1 de los residentes. Vos conoces \neste lugar desde antes \u00bfEn qu\u00e9 modalidad estabas?\nLa UPE (se refiere a la Unidad de Proyectos Especiales: Historia Cl\u00ednica\n Electr\u00f3nica) empieza en el a\u00f1o 2016. Yo me enter\u00e9 de casualidad, porque\n a mi hermana la estaban convocando como m\u00e9dica. Me comuniqu\u00e9 con Ana \n(se refiere a Anal\u00eda Baum, directora de la unidad) y pregunt\u00e9 si \nnecesitaba psic\u00f3logos. En ese momento la idea era empezar a informatizar\n los CeSAC (Los centros de salud y acci\u00f3n comunitaria pertenecientes al \nprimer nivel de atenci\u00f3n). Era un proyecto que estaba en pa\u00f1ales y era \ncomplejo entrar a los centros porque hab\u00eda mucho descreimiento de que \nrealmente fuese a perdurar. En ese momento arrancamos con un grupo \npeque\u00f1o, \u00e9ramos como si te dijera, 6-8 implementadores.\n-\u00bfQue ser\u00eda un implementador?\nEl implementador o analista implementador es la persona que est\u00e1 en el \nterreno ayudando a los usuarios a adoptar la a herramienta. Puede ser en\n el caso de los profesionales lo que es la historia de salud integral y \npara administrativos toda la capa administrativa: turnos empadronamiento\n y dem\u00e1s. El implementador realiza las capacitaciones, el soporte activo\n y luego el soporte pasivo. Y va tratando que el usuario adopte la \nherramienta, reducir los niveles de resistencia y ayudar a que los \nniveles de autonom\u00eda sean cada vez m\u00e1s grandes, es decir que el usuario \ntermine usando la herramienta de forma aut\u00f3noma.\n-Todo esto empez\u00f3 en el 2016 y un a\u00f1o despu\u00e9s comenz\u00f3 la residencia y te\n volviste residente.\nS\u00ed, porque en diciembre de 2016 cuando estaban pensando el proyecto, me \npreguntaron si me interesaba formar parte de la residencia. Me baj\u00e9 el \nprograma, empec\u00e9 a estudiar y entr\u00e9 para la residencia en el a\u00f1o 2017. \nPrimera camada, entr\u00e9 en la etapa de readjudicaci\u00f3n.\n\n-\u00bfTu trabajo como residente hoy d\u00eda, difiere mucho en lo que era como \nimplementadora?\nEn algunos aspectos s\u00ed. De hecho al principio ten\u00eda como expectativa \npoder continuar en terreno, implementando y liderando proyectos. Pero me\n dijeron que la idea del residente no era implementar sino gestionar, \nentonces me separ\u00e9 un poco de las funciones que ten\u00eda como \nimplementadora. Sin embargo es algo que siempre recalco: la importancia \nde continuar con una pata en el terreno siempre. No tiene ning\u00fan tipo de\n sentido gestionar un proyectos si uno pierde dimensi\u00f3n de lo que pasa \nen el terreno.\n-\u00bfQu\u00e9 proyectos est\u00e1s gestionando hoy por hoy?\nLo que m\u00e1s tiempo me llevan son los de turnos, que implican toda la \nreingenier\u00eda de los procedimientos de turnos, sobre todo en hospitales \ngenerales de agudos. Esto implica dise\u00f1ar normas y procedimientos para \nestandarizar todos los procesos de la capa administrativa en relaci\u00f3n a \nsu otorgamiento y coordinar con otras \u00e1reas del gobierno (como la l\u00ednea \n147) como para ampliar su disponibilidad bajo otras modalidades de \nacceso.\nOrganizar los flujos de atenci\u00f3n puede economizar los tiempos para \nacceder a un turno. &#8211; \n-Vos sos psic\u00f3loga \u00bfQue aportar\u00eda tu profesi\u00f3n de base a esta residencia\n interdisciplinaria?\nCreo que todav\u00eda estamos en etapa de construcci\u00f3n como para poder \nresponder a esa pregunta. Por lo pronto est\u00e1 bueno abrir la pregunta y \nalojarla. Decir \u201cbueno ac\u00e1 hay un equipo que es interdisciplinario \u00bfDe \nqu\u00e9 forma podemos trabajar en conjunto? \u00bfC\u00f3mo aporta cada disciplina al \ncampo?\u201d. Son preguntas que ya se est\u00e1n trabajando. De alguna manera s\u00ed \nsiento que aportan y nos faltar\u00eda ver de qu\u00e9 manera o c\u00f3mo es esa \narticulaci\u00f3n interdisciplinaria. \n\nNicolas Vilnitzky es Licenciado en psicolog\u00eda. Ciudadano de Villa Crespo\n desde hace 34 a\u00f1os, transcurre su segundo a\u00f1o como residente de la \nRISIS. \n-Viste el movimiento del barrio y c\u00f3mo evolucion\u00f3, \u00bfEl vecino de Villa \nCrespo conoce el sistema p\u00fablico de salud?\nEl barrio en los \u00faltimos 10 a\u00f1os tuvo un avance b\u00e1rbaro, se puso de \nmoda. Pero creo que salvo gente que viva muy cerca de alg\u00fan centro de \nsalud, en general no se tiene muy presente el \u00e1mbito p\u00fablico. S\u00ed por \nejemplo el CeSAC 22 que es la liga israelita. La gente sabe d\u00f3nde es \npero no sabe qu\u00e9 es lo que se hace ah\u00ed. Les dec\u00eds \u201cel centro de salud\u201d y\n te miran raro. Si vos les dec\u00eds \u201cla salita\u201d ah\u00ed dicen \u201cay, bueno s\u00ed\u201d. \nPero si tienen alg\u00fan problema corren a alguna cl\u00ednica privada. \n\nLink a parte 2: \nhttp:\/\/www.vocesdelacomuna15.com.ar\/infoNot.php?codNot=1268\nCaracteres: 8.889\n\n\n<\/p>\n\n\n\n<p><\/p>\n<div class=\"pvc_clear\"><\/div><p id=\"pvc_stats_52006\" class=\"pvc_stats all  \" data-element-id=\"52006\" style=\"\"><i class=\"pvc-stats-icon small\" aria-hidden=\"true\"><svg aria-hidden=\"true\" focusable=\"false\" data-prefix=\"far\" data-icon=\"chart-bar\" role=\"img\" xmlns=\"http:\/\/www.w3.org\/2000\/svg\" viewBox=\"0 0 512 512\" class=\"svg-inline--fa fa-chart-bar fa-w-16 fa-2x\"><path fill=\"currentColor\" d=\"M396.8 352h22.4c6.4 0 12.8-6.4 12.8-12.8V108.8c0-6.4-6.4-12.8-12.8-12.8h-22.4c-6.4 0-12.8 6.4-12.8 12.8v230.4c0 6.4 6.4 12.8 12.8 12.8zm-192 0h22.4c6.4 0 12.8-6.4 12.8-12.8V140.8c0-6.4-6.4-12.8-12.8-12.8h-22.4c-6.4 0-12.8 6.4-12.8 12.8v198.4c0 6.4 6.4 12.8 12.8 12.8zm96 0h22.4c6.4 0 12.8-6.4 12.8-12.8V204.8c0-6.4-6.4-12.8-12.8-12.8h-22.4c-6.4 0-12.8 6.4-12.8 12.8v134.4c0 6.4 6.4 12.8 12.8 12.8zM496 400H48V80c0-8.84-7.16-16-16-16H16C7.16 64 0 71.16 0 80v336c0 17.67 14.33 32 32 32h464c8.84 0 16-7.16 16-16v-16c0-8.84-7.16-16-16-16zm-387.2-48h22.4c6.4 0 12.8-6.4 12.8-12.8v-70.4c0-6.4-6.4-12.8-12.8-12.8h-22.4c-6.4 0-12.8 6.4-12.8 12.8v70.4c0 6.4 6.4 12.8 12.8 12.8z\" class=\"\"><\/path><\/svg><\/i> <img loading=\"lazy\" decoding=\"async\" width=\"16\" height=\"16\" alt=\"Loading\" src=\"https:\/\/vocesdelacomuna15.com.ar\/wp-content\/plugins\/page-views-count\/ajax-loader-2x.gif\" border=0 \/><\/p><div class=\"pvc_clear\"><\/div>","protected":false},"excerpt":{"rendered":"<p>Parte 1 de 2* Perteneciente al sistema de residencias de CABA y dependiente de la Direcci\u00f3n General de Docencia, Investigaci\u00f3n y Desarrollo Profesional del Ministerio de Salud, la RISIS est\u00e1 transitando su tercer a\u00f1o de vida. Todav\u00eda joven, en estado de construcci\u00f3n y sin ninguna camada que haya completado su ciclo de formaci\u00f3n, su presentaci\u00f3n [&hellip;]<\/p>\n<div class=\"pvc_clear\"><\/div>\n<p id=\"pvc_stats_52006\" class=\"pvc_stats all  \" data-element-id=\"52006\" style=\"\"><i class=\"pvc-stats-icon small\" aria-hidden=\"true\"><svg aria-hidden=\"true\" focusable=\"false\" data-prefix=\"far\" data-icon=\"chart-bar\" role=\"img\" xmlns=\"http:\/\/www.w3.org\/2000\/svg\" viewBox=\"0 0 512 512\" class=\"svg-inline--fa fa-chart-bar fa-w-16 fa-2x\"><path fill=\"currentColor\" d=\"M396.8 352h22.4c6.4 0 12.8-6.4 12.8-12.8V108.8c0-6.4-6.4-12.8-12.8-12.8h-22.4c-6.4 0-12.8 6.4-12.8 12.8v230.4c0 6.4 6.4 12.8 12.8 12.8zm-192 0h22.4c6.4 0 12.8-6.4 12.8-12.8V140.8c0-6.4-6.4-12.8-12.8-12.8h-22.4c-6.4 0-12.8 6.4-12.8 12.8v198.4c0 6.4 6.4 12.8 12.8 12.8zm96 0h22.4c6.4 0 12.8-6.4 12.8-12.8V204.8c0-6.4-6.4-12.8-12.8-12.8h-22.4c-6.4 0-12.8 6.4-12.8 12.8v134.4c0 6.4 6.4 12.8 12.8 12.8zM496 400H48V80c0-8.84-7.16-16-16-16H16C7.16 64 0 71.16 0 80v336c0 17.67 14.33 32 32 32h464c8.84 0 16-7.16 16-16v-16c0-8.84-7.16-16-16-16zm-387.2-48h22.4c6.4 0 12.8-6.4 12.8-12.8v-70.4c0-6.4-6.4-12.8-12.8-12.8h-22.4c-6.4 0-12.8 6.4-12.8 12.8v70.4c0 6.4 6.4 12.8 12.8 12.8z\" class=\"\"><\/path><\/svg><\/i> <img loading=\"lazy\" decoding=\"async\" width=\"16\" height=\"16\" alt=\"Loading\" src=\"https:\/\/vocesdelacomuna15.com.ar\/wp-content\/plugins\/page-views-count\/ajax-loader-2x.gif\" border=0 \/><\/p>\n<div class=\"pvc_clear\"><\/div>\n","protected":false},"author":2,"featured_media":52007,"comment_status":"open","ping_status":"open","sticky":false,"template":"","format":"standard","meta":{"_et_pb_use_builder":"off","_et_pb_old_content":"","_et_gb_content_width":"","footnotes":""},"categories":[6,8],"tags":[],"class_list":["post-52006","post","type-post","status-publish","format-standard","has-post-thumbnail","hentry","category-agro","category-sociedad","et-has-post-format-content","et_post_format-et-post-format-standard"],"a3_pvc":{"activated":true,"total_views":329,"today_views":0},"yoast_head":"<!-- This site is optimized with the Yoast SEO plugin v27.5 - https:\/\/yoast.com\/product\/yoast-seo-wordpress\/ -->\n<title>Residencia Interdisciplinaria de Sistemas de Informaci\u00f3n en Salud. \u00bfDe qu\u00e9 se trata la RISIS? - Voces de la Comuna 15<\/title>\n<meta name=\"description\" content=\"Voces de la Comuna 15\" \/>\n<meta name=\"robots\" content=\"index, follow, max-snippet:-1, max-image-preview:large, max-video-preview:-1\" \/>\n<link rel=\"canonical\" href=\"https:\/\/vocesdelacomuna15.com.ar\/press\/residencia-interdisciplinaria-de-sistemas-de-informacion-en-salud-de-que-se-trata-la-risis-2\/\" \/>\n<meta property=\"og:locale\" content=\"es_ES\" \/>\n<meta property=\"og:type\" content=\"article\" \/>\n<meta property=\"og:title\" content=\"Residencia Interdisciplinaria de Sistemas de Informaci\u00f3n en Salud. \u00bfDe qu\u00e9 se trata la RISIS? - Voces de la Comuna 15\" \/>\n<meta property=\"og:description\" content=\"Voces de la Comuna 15\" \/>\n<meta property=\"og:url\" content=\"https:\/\/vocesdelacomuna15.com.ar\/press\/residencia-interdisciplinaria-de-sistemas-de-informacion-en-salud-de-que-se-trata-la-risis-2\/\" \/>\n<meta property=\"og:site_name\" content=\"Voces de la Comuna 15\" \/>\n<meta property=\"article:publisher\" content=\"https:\/\/www.facebook.com\/VocesComuna15\/\" \/>\n<meta property=\"article:published_time\" content=\"2020-01-13T14:36:30+00:00\" \/>\n<meta property=\"article:modified_time\" content=\"2020-05-02T14:38:28+00:00\" \/>\n<meta property=\"og:image\" content=\"https:\/\/vocesdelacomuna15.com.ar\/wp-content\/uploads\/2020\/05\/risis291220191.png\" \/>\n\t<meta property=\"og:image:width\" content=\"1011\" \/>\n\t<meta property=\"og:image:height\" content=\"446\" \/>\n\t<meta property=\"og:image:type\" content=\"image\/png\" \/>\n<meta name=\"author\" content=\"Federico Arguto\" \/>\n<meta name=\"twitter:card\" content=\"summary_large_image\" \/>\n<meta name=\"twitter:creator\" content=\"@vocescomuna15\" \/>\n<meta name=\"twitter:site\" content=\"@vocescomuna15\" \/>\n<meta name=\"twitter:label1\" content=\"Escrito por\" \/>\n\t<meta name=\"twitter:data1\" content=\"Federico Arguto\" \/>\n\t<meta name=\"twitter:label2\" content=\"Tiempo de lectura\" \/>\n\t<meta name=\"twitter:data2\" content=\"8 minutos\" \/>\n<script type=\"application\/ld+json\" class=\"yoast-schema-graph\">{\"@context\":\"https:\\\/\\\/schema.org\",\"@graph\":[{\"@type\":\"Article\",\"@id\":\"https:\\\/\\\/vocesdelacomuna15.com.ar\\\/press\\\/residencia-interdisciplinaria-de-sistemas-de-informacion-en-salud-de-que-se-trata-la-risis-2\\\/#article\",\"isPartOf\":{\"@id\":\"https:\\\/\\\/vocesdelacomuna15.com.ar\\\/press\\\/residencia-interdisciplinaria-de-sistemas-de-informacion-en-salud-de-que-se-trata-la-risis-2\\\/\"},\"author\":{\"name\":\"Federico Arguto\",\"@id\":\"https:\\\/\\\/vocesdelacomuna15.com.ar\\\/press\\\/#\\\/schema\\\/person\\\/4739e109db25d799cd3d139eeb509e43\"},\"headline\":\"Residencia Interdisciplinaria de Sistemas de Informaci\u00f3n en Salud. \u00bfDe qu\u00e9 se trata la RISIS?\",\"datePublished\":\"2020-01-13T14:36:30+00:00\",\"dateModified\":\"2020-05-02T14:38:28+00:00\",\"mainEntityOfPage\":{\"@id\":\"https:\\\/\\\/vocesdelacomuna15.com.ar\\\/press\\\/residencia-interdisciplinaria-de-sistemas-de-informacion-en-salud-de-que-se-trata-la-risis-2\\\/\"},\"wordCount\":1597,\"commentCount\":0,\"publisher\":{\"@id\":\"https:\\\/\\\/vocesdelacomuna15.com.ar\\\/press\\\/#organization\"},\"image\":{\"@id\":\"https:\\\/\\\/vocesdelacomuna15.com.ar\\\/press\\\/residencia-interdisciplinaria-de-sistemas-de-informacion-en-salud-de-que-se-trata-la-risis-2\\\/#primaryimage\"},\"thumbnailUrl\":\"https:\\\/\\\/vocesdelacomuna15.com.ar\\\/wp-content\\\/uploads\\\/2020\\\/05\\\/risis291220191.png\",\"articleSection\":[\"Agronom\u00eda\",\"Sociedad\"],\"inLanguage\":\"es-AR\",\"potentialAction\":[{\"@type\":\"CommentAction\",\"name\":\"Comment\",\"target\":[\"https:\\\/\\\/vocesdelacomuna15.com.ar\\\/press\\\/residencia-interdisciplinaria-de-sistemas-de-informacion-en-salud-de-que-se-trata-la-risis-2\\\/#respond\"]}]},{\"@type\":\"WebPage\",\"@id\":\"https:\\\/\\\/vocesdelacomuna15.com.ar\\\/press\\\/residencia-interdisciplinaria-de-sistemas-de-informacion-en-salud-de-que-se-trata-la-risis-2\\\/\",\"url\":\"https:\\\/\\\/vocesdelacomuna15.com.ar\\\/press\\\/residencia-interdisciplinaria-de-sistemas-de-informacion-en-salud-de-que-se-trata-la-risis-2\\\/\",\"name\":\"Residencia Interdisciplinaria de Sistemas de Informaci\u00f3n en Salud. \u00bfDe qu\u00e9 se trata la RISIS? - Voces de la Comuna 15\",\"isPartOf\":{\"@id\":\"https:\\\/\\\/vocesdelacomuna15.com.ar\\\/press\\\/#website\"},\"primaryImageOfPage\":{\"@id\":\"https:\\\/\\\/vocesdelacomuna15.com.ar\\\/press\\\/residencia-interdisciplinaria-de-sistemas-de-informacion-en-salud-de-que-se-trata-la-risis-2\\\/#primaryimage\"},\"image\":{\"@id\":\"https:\\\/\\\/vocesdelacomuna15.com.ar\\\/press\\\/residencia-interdisciplinaria-de-sistemas-de-informacion-en-salud-de-que-se-trata-la-risis-2\\\/#primaryimage\"},\"thumbnailUrl\":\"https:\\\/\\\/vocesdelacomuna15.com.ar\\\/wp-content\\\/uploads\\\/2020\\\/05\\\/risis291220191.png\",\"datePublished\":\"2020-01-13T14:36:30+00:00\",\"dateModified\":\"2020-05-02T14:38:28+00:00\",\"description\":\"Voces de la Comuna 15\",\"breadcrumb\":{\"@id\":\"https:\\\/\\\/vocesdelacomuna15.com.ar\\\/press\\\/residencia-interdisciplinaria-de-sistemas-de-informacion-en-salud-de-que-se-trata-la-risis-2\\\/#breadcrumb\"},\"inLanguage\":\"es-AR\",\"potentialAction\":[{\"@type\":\"ReadAction\",\"target\":[\"https:\\\/\\\/vocesdelacomuna15.com.ar\\\/press\\\/residencia-interdisciplinaria-de-sistemas-de-informacion-en-salud-de-que-se-trata-la-risis-2\\\/\"]}]},{\"@type\":\"ImageObject\",\"inLanguage\":\"es-AR\",\"@id\":\"https:\\\/\\\/vocesdelacomuna15.com.ar\\\/press\\\/residencia-interdisciplinaria-de-sistemas-de-informacion-en-salud-de-que-se-trata-la-risis-2\\\/#primaryimage\",\"url\":\"https:\\\/\\\/vocesdelacomuna15.com.ar\\\/wp-content\\\/uploads\\\/2020\\\/05\\\/risis291220191.png\",\"contentUrl\":\"https:\\\/\\\/vocesdelacomuna15.com.ar\\\/wp-content\\\/uploads\\\/2020\\\/05\\\/risis291220191.png\",\"width\":1011,\"height\":446},{\"@type\":\"BreadcrumbList\",\"@id\":\"https:\\\/\\\/vocesdelacomuna15.com.ar\\\/press\\\/residencia-interdisciplinaria-de-sistemas-de-informacion-en-salud-de-que-se-trata-la-risis-2\\\/#breadcrumb\",\"itemListElement\":[{\"@type\":\"ListItem\",\"position\":1,\"name\":\"Inicio\",\"item\":\"https:\\\/\\\/vocesdelacomuna15.com.ar\\\/press\\\/\"},{\"@type\":\"ListItem\",\"position\":2,\"name\":\"Residencia Interdisciplinaria de Sistemas de Informaci\u00f3n en Salud. \u00bfDe qu\u00e9 se trata la RISIS?\"}]},{\"@type\":\"WebSite\",\"@id\":\"https:\\\/\\\/vocesdelacomuna15.com.ar\\\/press\\\/#website\",\"url\":\"https:\\\/\\\/vocesdelacomuna15.com.ar\\\/press\\\/\",\"name\":\"Voces de la Comuna 15\",\"description\":\"Sitio web de noticias\",\"publisher\":{\"@id\":\"https:\\\/\\\/vocesdelacomuna15.com.ar\\\/press\\\/#organization\"},\"potentialAction\":[{\"@type\":\"SearchAction\",\"target\":{\"@type\":\"EntryPoint\",\"urlTemplate\":\"https:\\\/\\\/vocesdelacomuna15.com.ar\\\/press\\\/?s={search_term_string}\"},\"query-input\":{\"@type\":\"PropertyValueSpecification\",\"valueRequired\":true,\"valueName\":\"search_term_string\"}}],\"inLanguage\":\"es-AR\"},{\"@type\":\"Organization\",\"@id\":\"https:\\\/\\\/vocesdelacomuna15.com.ar\\\/press\\\/#organization\",\"name\":\"Voces de la Comuna 15\",\"url\":\"https:\\\/\\\/vocesdelacomuna15.com.ar\\\/press\\\/\",\"logo\":{\"@type\":\"ImageObject\",\"inLanguage\":\"es-AR\",\"@id\":\"https:\\\/\\\/vocesdelacomuna15.com.ar\\\/press\\\/#\\\/schema\\\/logo\\\/image\\\/\",\"url\":\"https:\\\/\\\/vocesdelacomuna15.com.ar\\\/wp-content\\\/uploads\\\/2024\\\/12\\\/cropped-logo_voces.jpg\",\"contentUrl\":\"https:\\\/\\\/vocesdelacomuna15.com.ar\\\/wp-content\\\/uploads\\\/2024\\\/12\\\/cropped-logo_voces.jpg\",\"width\":512,\"height\":512,\"caption\":\"Voces de la Comuna 15\"},\"image\":{\"@id\":\"https:\\\/\\\/vocesdelacomuna15.com.ar\\\/press\\\/#\\\/schema\\\/logo\\\/image\\\/\"},\"sameAs\":[\"https:\\\/\\\/www.facebook.com\\\/VocesComuna15\\\/\",\"https:\\\/\\\/x.com\\\/vocescomuna15\"]},{\"@type\":\"Person\",\"@id\":\"https:\\\/\\\/vocesdelacomuna15.com.ar\\\/press\\\/#\\\/schema\\\/person\\\/4739e109db25d799cd3d139eeb509e43\",\"name\":\"Federico Arguto\",\"image\":{\"@type\":\"ImageObject\",\"inLanguage\":\"es-AR\",\"@id\":\"https:\\\/\\\/vocesdelacomuna15.com.ar\\\/wp-content\\\/litespeed\\\/avatar\\\/82faf979976f1bae889b8b71f8a0a7e5.jpg?ver=1777419741\",\"url\":\"https:\\\/\\\/vocesdelacomuna15.com.ar\\\/wp-content\\\/litespeed\\\/avatar\\\/82faf979976f1bae889b8b71f8a0a7e5.jpg?ver=1777419741\",\"contentUrl\":\"https:\\\/\\\/vocesdelacomuna15.com.ar\\\/wp-content\\\/litespeed\\\/avatar\\\/82faf979976f1bae889b8b71f8a0a7e5.jpg?ver=1777419741\",\"caption\":\"Federico Arguto\"},\"url\":\"https:\\\/\\\/vocesdelacomuna15.com.ar\\\/press\\\/author\\\/fede\\\/\"}]}<\/script>\n<!-- \/ Yoast SEO plugin. -->","yoast_head_json":{"title":"Residencia Interdisciplinaria de Sistemas de Informaci\u00f3n en Salud. \u00bfDe qu\u00e9 se trata la RISIS? - Voces de la Comuna 15","description":"Voces de la Comuna 15","robots":{"index":"index","follow":"follow","max-snippet":"max-snippet:-1","max-image-preview":"max-image-preview:large","max-video-preview":"max-video-preview:-1"},"canonical":"https:\/\/vocesdelacomuna15.com.ar\/press\/residencia-interdisciplinaria-de-sistemas-de-informacion-en-salud-de-que-se-trata-la-risis-2\/","og_locale":"es_ES","og_type":"article","og_title":"Residencia Interdisciplinaria de Sistemas de Informaci\u00f3n en Salud. \u00bfDe qu\u00e9 se trata la RISIS? - Voces de la Comuna 15","og_description":"Voces de la Comuna 15","og_url":"https:\/\/vocesdelacomuna15.com.ar\/press\/residencia-interdisciplinaria-de-sistemas-de-informacion-en-salud-de-que-se-trata-la-risis-2\/","og_site_name":"Voces de la Comuna 15","article_publisher":"https:\/\/www.facebook.com\/VocesComuna15\/","article_published_time":"2020-01-13T14:36:30+00:00","article_modified_time":"2020-05-02T14:38:28+00:00","og_image":[{"width":1011,"height":446,"url":"https:\/\/vocesdelacomuna15.com.ar\/wp-content\/uploads\/2020\/05\/risis291220191.png","type":"image\/png"}],"author":"Federico Arguto","twitter_card":"summary_large_image","twitter_creator":"@vocescomuna15","twitter_site":"@vocescomuna15","twitter_misc":{"Escrito por":"Federico Arguto","Tiempo de lectura":"8 minutos"},"schema":{"@context":"https:\/\/schema.org","@graph":[{"@type":"Article","@id":"https:\/\/vocesdelacomuna15.com.ar\/press\/residencia-interdisciplinaria-de-sistemas-de-informacion-en-salud-de-que-se-trata-la-risis-2\/#article","isPartOf":{"@id":"https:\/\/vocesdelacomuna15.com.ar\/press\/residencia-interdisciplinaria-de-sistemas-de-informacion-en-salud-de-que-se-trata-la-risis-2\/"},"author":{"name":"Federico Arguto","@id":"https:\/\/vocesdelacomuna15.com.ar\/press\/#\/schema\/person\/4739e109db25d799cd3d139eeb509e43"},"headline":"Residencia Interdisciplinaria de Sistemas de Informaci\u00f3n en Salud. \u00bfDe qu\u00e9 se trata la RISIS?","datePublished":"2020-01-13T14:36:30+00:00","dateModified":"2020-05-02T14:38:28+00:00","mainEntityOfPage":{"@id":"https:\/\/vocesdelacomuna15.com.ar\/press\/residencia-interdisciplinaria-de-sistemas-de-informacion-en-salud-de-que-se-trata-la-risis-2\/"},"wordCount":1597,"commentCount":0,"publisher":{"@id":"https:\/\/vocesdelacomuna15.com.ar\/press\/#organization"},"image":{"@id":"https:\/\/vocesdelacomuna15.com.ar\/press\/residencia-interdisciplinaria-de-sistemas-de-informacion-en-salud-de-que-se-trata-la-risis-2\/#primaryimage"},"thumbnailUrl":"https:\/\/vocesdelacomuna15.com.ar\/wp-content\/uploads\/2020\/05\/risis291220191.png","articleSection":["Agronom\u00eda","Sociedad"],"inLanguage":"es-AR","potentialAction":[{"@type":"CommentAction","name":"Comment","target":["https:\/\/vocesdelacomuna15.com.ar\/press\/residencia-interdisciplinaria-de-sistemas-de-informacion-en-salud-de-que-se-trata-la-risis-2\/#respond"]}]},{"@type":"WebPage","@id":"https:\/\/vocesdelacomuna15.com.ar\/press\/residencia-interdisciplinaria-de-sistemas-de-informacion-en-salud-de-que-se-trata-la-risis-2\/","url":"https:\/\/vocesdelacomuna15.com.ar\/press\/residencia-interdisciplinaria-de-sistemas-de-informacion-en-salud-de-que-se-trata-la-risis-2\/","name":"Residencia Interdisciplinaria de Sistemas de Informaci\u00f3n en Salud. \u00bfDe qu\u00e9 se trata la RISIS? - Voces de la Comuna 15","isPartOf":{"@id":"https:\/\/vocesdelacomuna15.com.ar\/press\/#website"},"primaryImageOfPage":{"@id":"https:\/\/vocesdelacomuna15.com.ar\/press\/residencia-interdisciplinaria-de-sistemas-de-informacion-en-salud-de-que-se-trata-la-risis-2\/#primaryimage"},"image":{"@id":"https:\/\/vocesdelacomuna15.com.ar\/press\/residencia-interdisciplinaria-de-sistemas-de-informacion-en-salud-de-que-se-trata-la-risis-2\/#primaryimage"},"thumbnailUrl":"https:\/\/vocesdelacomuna15.com.ar\/wp-content\/uploads\/2020\/05\/risis291220191.png","datePublished":"2020-01-13T14:36:30+00:00","dateModified":"2020-05-02T14:38:28+00:00","description":"Voces de la Comuna 15","breadcrumb":{"@id":"https:\/\/vocesdelacomuna15.com.ar\/press\/residencia-interdisciplinaria-de-sistemas-de-informacion-en-salud-de-que-se-trata-la-risis-2\/#breadcrumb"},"inLanguage":"es-AR","potentialAction":[{"@type":"ReadAction","target":["https:\/\/vocesdelacomuna15.com.ar\/press\/residencia-interdisciplinaria-de-sistemas-de-informacion-en-salud-de-que-se-trata-la-risis-2\/"]}]},{"@type":"ImageObject","inLanguage":"es-AR","@id":"https:\/\/vocesdelacomuna15.com.ar\/press\/residencia-interdisciplinaria-de-sistemas-de-informacion-en-salud-de-que-se-trata-la-risis-2\/#primaryimage","url":"https:\/\/vocesdelacomuna15.com.ar\/wp-content\/uploads\/2020\/05\/risis291220191.png","contentUrl":"https:\/\/vocesdelacomuna15.com.ar\/wp-content\/uploads\/2020\/05\/risis291220191.png","width":1011,"height":446},{"@type":"BreadcrumbList","@id":"https:\/\/vocesdelacomuna15.com.ar\/press\/residencia-interdisciplinaria-de-sistemas-de-informacion-en-salud-de-que-se-trata-la-risis-2\/#breadcrumb","itemListElement":[{"@type":"ListItem","position":1,"name":"Inicio","item":"https:\/\/vocesdelacomuna15.com.ar\/press\/"},{"@type":"ListItem","position":2,"name":"Residencia Interdisciplinaria de Sistemas de Informaci\u00f3n en Salud. \u00bfDe qu\u00e9 se trata la RISIS?"}]},{"@type":"WebSite","@id":"https:\/\/vocesdelacomuna15.com.ar\/press\/#website","url":"https:\/\/vocesdelacomuna15.com.ar\/press\/","name":"Voces de la Comuna 15","description":"Sitio web de noticias","publisher":{"@id":"https:\/\/vocesdelacomuna15.com.ar\/press\/#organization"},"potentialAction":[{"@type":"SearchAction","target":{"@type":"EntryPoint","urlTemplate":"https:\/\/vocesdelacomuna15.com.ar\/press\/?s={search_term_string}"},"query-input":{"@type":"PropertyValueSpecification","valueRequired":true,"valueName":"search_term_string"}}],"inLanguage":"es-AR"},{"@type":"Organization","@id":"https:\/\/vocesdelacomuna15.com.ar\/press\/#organization","name":"Voces de la Comuna 15","url":"https:\/\/vocesdelacomuna15.com.ar\/press\/","logo":{"@type":"ImageObject","inLanguage":"es-AR","@id":"https:\/\/vocesdelacomuna15.com.ar\/press\/#\/schema\/logo\/image\/","url":"https:\/\/vocesdelacomuna15.com.ar\/wp-content\/uploads\/2024\/12\/cropped-logo_voces.jpg","contentUrl":"https:\/\/vocesdelacomuna15.com.ar\/wp-content\/uploads\/2024\/12\/cropped-logo_voces.jpg","width":512,"height":512,"caption":"Voces de la Comuna 15"},"image":{"@id":"https:\/\/vocesdelacomuna15.com.ar\/press\/#\/schema\/logo\/image\/"},"sameAs":["https:\/\/www.facebook.com\/VocesComuna15\/","https:\/\/x.com\/vocescomuna15"]},{"@type":"Person","@id":"https:\/\/vocesdelacomuna15.com.ar\/press\/#\/schema\/person\/4739e109db25d799cd3d139eeb509e43","name":"Federico Arguto","image":{"@type":"ImageObject","inLanguage":"es-AR","@id":"https:\/\/vocesdelacomuna15.com.ar\/wp-content\/litespeed\/avatar\/82faf979976f1bae889b8b71f8a0a7e5.jpg?ver=1777419741","url":"https:\/\/vocesdelacomuna15.com.ar\/wp-content\/litespeed\/avatar\/82faf979976f1bae889b8b71f8a0a7e5.jpg?ver=1777419741","contentUrl":"https:\/\/vocesdelacomuna15.com.ar\/wp-content\/litespeed\/avatar\/82faf979976f1bae889b8b71f8a0a7e5.jpg?ver=1777419741","caption":"Federico Arguto"},"url":"https:\/\/vocesdelacomuna15.com.ar\/press\/author\/fede\/"}]}},"_links":{"self":[{"href":"https:\/\/vocesdelacomuna15.com.ar\/press\/wp-json\/wp\/v2\/posts\/52006","targetHints":{"allow":["GET"]}}],"collection":[{"href":"https:\/\/vocesdelacomuna15.com.ar\/press\/wp-json\/wp\/v2\/posts"}],"about":[{"href":"https:\/\/vocesdelacomuna15.com.ar\/press\/wp-json\/wp\/v2\/types\/post"}],"author":[{"embeddable":true,"href":"https:\/\/vocesdelacomuna15.com.ar\/press\/wp-json\/wp\/v2\/users\/2"}],"replies":[{"embeddable":true,"href":"https:\/\/vocesdelacomuna15.com.ar\/press\/wp-json\/wp\/v2\/comments?post=52006"}],"version-history":[{"count":1,"href":"https:\/\/vocesdelacomuna15.com.ar\/press\/wp-json\/wp\/v2\/posts\/52006\/revisions"}],"predecessor-version":[{"id":52008,"href":"https:\/\/vocesdelacomuna15.com.ar\/press\/wp-json\/wp\/v2\/posts\/52006\/revisions\/52008"}],"wp:featuredmedia":[{"embeddable":true,"href":"https:\/\/vocesdelacomuna15.com.ar\/press\/wp-json\/wp\/v2\/media\/52007"}],"wp:attachment":[{"href":"https:\/\/vocesdelacomuna15.com.ar\/press\/wp-json\/wp\/v2\/media?parent=52006"}],"wp:term":[{"taxonomy":"category","embeddable":true,"href":"https:\/\/vocesdelacomuna15.com.ar\/press\/wp-json\/wp\/v2\/categories?post=52006"},{"taxonomy":"post_tag","embeddable":true,"href":"https:\/\/vocesdelacomuna15.com.ar\/press\/wp-json\/wp\/v2\/tags?post=52006"}],"curies":[{"name":"wp","href":"https:\/\/api.w.org\/{rel}","templated":true}]}}