{"id":52003,"date":"2020-01-13T07:00:29","date_gmt":"2020-01-13T10:00:29","guid":{"rendered":"http:\/\/vocesdelacomuna15.com.ar\/wordpress\/?p=52003"},"modified":"2020-05-02T11:35:46","modified_gmt":"2020-05-02T14:35:46","slug":"residencia-interdisciplinaria-de-sistemas-de-informacion-en-salud-de-que-se-trata-la-risis","status":"publish","type":"post","link":"https:\/\/vocesdelacomuna15.com.ar\/press\/residencia-interdisciplinaria-de-sistemas-de-informacion-en-salud-de-que-se-trata-la-risis\/","title":{"rendered":"Residencia Interdisciplinaria de Sistemas de Informaci\u00f3n en Salud. \u00bfDe qu\u00e9 se trata la RISIS?"},"content":{"rendered":"\n<h4 class=\"wp-block-heading\">Parte 2 de 2*<\/h4>\n\n\n\n<p>\n-\u00bfCambi\u00f3 tu perspectiva, de lo que es la atenci\u00f3n en los centros de \nsalud p\u00fablicos?\nBastante. Yo pens\u00e9 que estaban peor que lo que me encontr\u00e9. Por ejemplo,\n tard\u00e9 menos en vacunar a mi hija ac\u00e1 en el 38 que lo que tard\u00e9 en el \ncentro donde la atiende el pediatra. La gente no tiene mucha conciencia \nacerca de cu\u00e1l es el circuito de atenci\u00f3n de la salud p\u00fablica. \n-Vos est\u00e1s metido en el proyecto de laboratorio, el cual tenemos \nentendido que es uno de los que con m\u00e1s fuerza se movi\u00f3 este a\u00f1o. \n\u00bfCu\u00e1les son sus particularidades?\nJam\u00e1s se hab\u00eda puesto en pr\u00e1ctica un proyecto de tanta magnitud. El \nmismo incluye integrar un sistema de laboratorio con una historia de \nsalud integral, con diferentes sistemas de informaci\u00f3n. Tambi\u00e9n implica \nconvertir la solicitud. Ahora el m\u00e9dico la hace a trav\u00e9s de la historia.\n La solicitud viaja de manera tal que le permite a cualquier laboratorio\n entender lo que se est\u00e1 pidiendo y procesar la orden, imprimir la \netiqueta y enviar los resultados a la historia del paciente eliminando \nlos errores de carga, ya que la solicitud sale desde la historia, llega \nal laboratorio y nadie tuvo que transcribir ning\u00fan dato. La complejidad \nde los laboratorios de la ciudad es que cada hospital tiene su proveedor\n y algunas veces un hospital hasta tiene tres proveedores en su sistema \ninterno de laboratorio.\n-\u00bfCu\u00e1les ser\u00edan los beneficios que tiene esto para los usuarios que se \natienden en el sistema?\nEl beneficio principal es la disminuci\u00f3n de errores en la carga en lo \nque se llama \u201cla etapa preanalitica\u201d de laboratorio que es donde m\u00e1s \nconfusiones y problemas suele haber. El paciente no tiene que llevar la \norden a ning\u00fan lado, la orden ya est\u00e1 en el sistema. Simplemente se debe\n presentar a pedir un turno. Hablamos de la eliminaci\u00f3n del circuito en \npapel, lo que hace m\u00e1s efectivo y eficiente el proceso. Despu\u00e9s tienen \nla disponibilidad de sus estudios en su historia, lo que hace que \ncualquier m\u00e9dico que lo atienda va poder verlos y esto de \u201cme olvid\u00e9 los\n estudios en mi casa\u201d o \u201cme atend\u00ed en un servicio y me hice unos \nestudios y despu\u00e9s me fui a otro servicio y me pidieron esos mismos \nestudios\u201d no deber\u00eda estar m\u00e1s.\n-En un proyecto de estas caracter\u00edsticas hay muchos actores \ninvolucrados. \u00bfC\u00f3mo se administran lo \u00e1nimos de tanto los m\u00e9dicos que \ntienen que aprender a usar este nuevo sistema, como la gente de \nlaboratorio que tiene que fijarse lo que le mandan de la historia?\nSiempre cuando hay cambios de un procedimiento que lleva a\u00f1os, hay \nrispideces, enojos y nostalgia por los viejos sistemas. Te pueden decir \ncosas como \u201cyo esto lo hac\u00eda de taquito en el otro sistema y ahora no \nencuentro como se hace\u201d. Por eso lo principal es demostrar inter\u00e9s en la\n persona. Inter\u00e9s de que esa persona pueda utilizarlo de la mejor manera\n posible. No estamos bajando l\u00ednea, sino que estamos haciendo un cambio \njunto con la gente. Tratamos de mejorar procesos a partir de lo que \nvemos en campo. Estamos con los participantes de este cambio todo el \nd\u00eda, atentos, disponibles y preocupados porque cada vez ellos se sientan\n m\u00e1s c\u00f3modos con el sistema. Tomamos sugerencias, descubrimos \npotencialidades, etc.\n-Vos sos psic\u00f3logo. Te lo menciono por todo lo que me ven\u00eds contando en \ncuanto a manejar a la gente, sus resistencias, escucharla. \u00bfComo te suma\n a vos como psic\u00f3logo participar en una implementaci\u00f3n de laboratorio y \ncomo vos desde tus conocimientos como psic\u00f3logo aportas a la misma? \nEn el trabajo interdisciplinario los l\u00edmites entre una profesi\u00f3n y otra \nse van desdibujando as\u00ed que ten\u00e9s que aprender cosas de otros campos y a\n su vez mostrar cosas de tu campo de expertise para poder ayudar al \nproyecto. Jam\u00e1s me imagin\u00e9 estudiando sobre bioqu\u00edmica e \ninteroperabilidad cuando estaba en primer a\u00f1o de psicolog\u00eda, por \nejemplo. Asimismo, el psic\u00f3logo puede brindar una escucha que no es la \nmisma que la escucha que pueda tener un inform\u00e1tico o un m\u00e9dico. El \npsic\u00f3logo escucha lo que no se dice. As\u00ed que de repente ves que te dicen\n que s\u00ed pero el cuerpo te indica que no van a hacer un cambio. Ten\u00e9s que\n indagar qu\u00e9 es lo que est\u00e1 molestando para ver si se puede modificar o \nno. Si es una cuesti\u00f3n individual o es una cuesti\u00f3n grupal. B\u00e1sicamente \nse trata de entender a la gente y lograr llegar a un punto medio.\nMara Al\u00ed es Soci\u00f3loga y vecina del barrio de Villa Ortuzar. Otrora \nanalista implementadora en el proyecto, ahora est\u00e1 dando sus primeros \npasos como residente de la RISIS. \n-Llevas poco tiempo ac\u00e1. \u00bfC\u00f3mo te recibi\u00f3 la residencia?\nEs poco tiempo, pero es bastante intenso. Al principio era m\u00e1s tranqui: \nuna adaptaci\u00f3n para conocer a los compa\u00f1eros y las \u00e1reas de laburo de la\n UPE. De ah\u00ed en adelante nos metimos bastante de lleno en los distintos \nproyectos, laburando mucho. Siento por un lado que estoy hace poco, pero\n qu\u00e9 pas\u00f3 mucho tiempo.\n-Viv\u00eds en Villa Ortuzar. \u00bfCambi\u00f3 tu perspectiva de lo que es la salud \np\u00fablica en la ciudad?\nS\u00ed, sin duda. Los centros de salud por ejemplo eran algo que desconoc\u00eda.\n Creo que uno tiene el sentido com\u00fan m\u00e1s asociado a los grandes \nhospitales de agudos. Pero s\u00ed despu\u00e9s uno se da cuenta que el sistema de\n salud es m\u00e1s poroso. Hay centros de salud peque\u00f1os y consultorios \nparticulares que atienden a gente sin cobertura privada, por ejemplo. Y \nest\u00e1 muy vinculado con el tema de promotores de salud. M\u00e1s a\u00fan en el sur\n de la ciudad.\n-Sos soci\u00f3loga. \u00bfC\u00f3mo se conjuga tu carrea con esta residencia \ninterdisciplinaria?\nAl ser la sociolog\u00eda una disciplina heterodoxa quiz\u00e1s estamos m\u00e1s \nacostumbrados a la interdisciplina ya que nos formamos en base a otras \ndisciplinas. Hay bastante de econom\u00eda y de filosof\u00eda, por ejemplo. En \ncuanto al sistema de salud quiz\u00e1s podemos aportar una mirada m\u00e1s general\n de los actores de los procesos, de sus expectativas e identificar las \ndin\u00e1micas y las relaciones de poder que puede llegar a haber. Pero \ntambi\u00e9n est\u00e1 muy bueno lo que puede aportar la sociolog\u00eda m\u00e1s vinculado a\n macroprocesos y a nivel poblacional. La salud entiendo tiene dos patas:\n una es sobre los cuerpos y los individuos: esa ser\u00eda la pata biom\u00e9dica.\n Y la otra es el an\u00e1lisis poblacional, lo que es estrictamente macro y \nse relaciona con la epidemiolog\u00eda. \n-\u00bfQu\u00e9 diferencias encontras entre el rol que tuviste como implementadora\n y lo que haces ahora en la residencia?\nEn la implementaci\u00f3n es mucho m\u00e1s fuerte la pata territorial. Ah\u00ed conoc\u00ed\n la capilaridad del sistema. Es decir, que est\u00e1 en todos lados. En los \nbarrios, CeSACS, CMB (centros m\u00e9dicos barriales). Como residente es al \nrev\u00e9s: una visi\u00f3n en t\u00e9rminos de poblaci\u00f3n. Como implementadora conoces \nm\u00e1s de lo micro, los diversos lugares, profesiones y m\u00e1s o menos las \ndin\u00e1micas en cada efector. En la residencia tenes reuniones con jefes de\n servicios, por ejemplo. Algo m\u00e1s macro. Y ni hablar de los datos que se\n pueden sacar de ac\u00e1: informaci\u00f3n estrictamente poblacional. \n-Est\u00e1s en el proyecto de Farmacia. \u00bfCu\u00e1les son sus caracter\u00edsticas? \nEs un proyecto muy grande. El m\u00f3dulo de farmacia ya se implement\u00f3 en \natenci\u00f3n primaria y ahora estamos relevando las farmacias de los \nhospitales de agudos y los hospitales pedi\u00e1tricos para continuar por \nah\u00ed. Estamos en una etapa de relevamiento e indagaci\u00f3n en general. A \npartir de ah\u00ed la idea es dise\u00f1ar algo que pueda reflejar por un lado los\n procesos que realmente realizan y por otro lado, que pueda ayudar a \nsimplificar algunas tareas.\n-\u00bfEl usuario de farmacia ofrece mucha resistencia al sistema?\nNo hay una resistencia particular de la gente de farmacia. La \nresistencia es general y pasa con los profesionales de salud que tienen \nbastante separado en la cabeza la parte asistencial de lo que es la \nparte del registro. \u201cNo soy data entry\u201d suelen decir. Como si el \nregistro de la informaci\u00f3n fuera en paralelo de lo que es una profesi\u00f3n \nde la salud.   \n-En un sistema inform\u00e1tico de farmacia \u00bfCu\u00e1l ser\u00eda el beneficio para el \npaciente?\nPor lo que vimos hasta ahora podr\u00eda ayudar a reducir el margen de error \nen la prescripci\u00f3n. Despu\u00e9s, tener acceso a la historia de salud sobre \nel momento de la dispensa da un contexto mucho m\u00e1s completo para \nconsultar la informaci\u00f3n del paciente. Se puede ver incluso que retir\u00f3 \nantes, para ver si hay adherencia o no al tratamiento. Cosas que por lo \ngeneral se trata de hacer pero es dif\u00edcil ya que en la actualidad es \ncomplicado tener la informaci\u00f3n completa precisa y en el momento \nadecuado.\n-\u00bfQu\u00e9 le dir\u00edas a alguien que est\u00e1 pensando en empezar una residencia y \ntiene a la residencia de Sistemas de Informaci\u00f3n en Salud  dentro de sus\n opciones?\nQue venga, por supuesto. Todos bienvenides. Quiz\u00e1s por venir de \nsociolog\u00eda yo no pensaba que iba a terminar haciendo una residencia. Es \nbastante duro. Sobre todo, al principio. Es intenso. Pero est\u00e1 muy \nbueno. Y es una experiencia enriquecedora, al menos hasta ahora. Y ac\u00e1 \nparticularmente el grupo humano es de lo mejor de la residencia. \nEntonces es un lugar lindo donde estar.\nBusc\u00e1 m\u00e1s de RISIS en Fb como \u201cResidencia Interdisciplinaria de Sistemas\n de Informaci\u00f3n en Salud\u201d y en Ig y Tw como @RISISCABA\nCaracteres: 9.626\n\n<\/p>\n<div class=\"pvc_clear\"><\/div><p id=\"pvc_stats_52003\" class=\"pvc_stats all  \" data-element-id=\"52003\" style=\"\"><i class=\"pvc-stats-icon small\" aria-hidden=\"true\"><svg aria-hidden=\"true\" focusable=\"false\" data-prefix=\"far\" data-icon=\"chart-bar\" role=\"img\" xmlns=\"http:\/\/www.w3.org\/2000\/svg\" viewBox=\"0 0 512 512\" class=\"svg-inline--fa fa-chart-bar fa-w-16 fa-2x\"><path fill=\"currentColor\" d=\"M396.8 352h22.4c6.4 0 12.8-6.4 12.8-12.8V108.8c0-6.4-6.4-12.8-12.8-12.8h-22.4c-6.4 0-12.8 6.4-12.8 12.8v230.4c0 6.4 6.4 12.8 12.8 12.8zm-192 0h22.4c6.4 0 12.8-6.4 12.8-12.8V140.8c0-6.4-6.4-12.8-12.8-12.8h-22.4c-6.4 0-12.8 6.4-12.8 12.8v198.4c0 6.4 6.4 12.8 12.8 12.8zm96 0h22.4c6.4 0 12.8-6.4 12.8-12.8V204.8c0-6.4-6.4-12.8-12.8-12.8h-22.4c-6.4 0-12.8 6.4-12.8 12.8v134.4c0 6.4 6.4 12.8 12.8 12.8zM496 400H48V80c0-8.84-7.16-16-16-16H16C7.16 64 0 71.16 0 80v336c0 17.67 14.33 32 32 32h464c8.84 0 16-7.16 16-16v-16c0-8.84-7.16-16-16-16zm-387.2-48h22.4c6.4 0 12.8-6.4 12.8-12.8v-70.4c0-6.4-6.4-12.8-12.8-12.8h-22.4c-6.4 0-12.8 6.4-12.8 12.8v70.4c0 6.4 6.4 12.8 12.8 12.8z\" class=\"\"><\/path><\/svg><\/i> <img loading=\"lazy\" decoding=\"async\" width=\"16\" height=\"16\" alt=\"Loading\" src=\"https:\/\/vocesdelacomuna15.com.ar\/wp-content\/plugins\/page-views-count\/ajax-loader-2x.gif\" border=0 \/><\/p><div class=\"pvc_clear\"><\/div>","protected":false},"excerpt":{"rendered":"<p>Parte 2 de 2* -\u00bfCambi\u00f3 tu perspectiva, de lo que es la atenci\u00f3n en los centros de salud p\u00fablicos? Bastante. Yo pens\u00e9 que estaban peor que lo que me encontr\u00e9. Por ejemplo, tard\u00e9 menos en vacunar a mi hija ac\u00e1 en el 38 que lo que tard\u00e9 en el centro donde la atiende el pediatra. [&hellip;]<\/p>\n<div class=\"pvc_clear\"><\/div>\n<p id=\"pvc_stats_52003\" class=\"pvc_stats all  \" data-element-id=\"52003\" style=\"\"><i class=\"pvc-stats-icon small\" aria-hidden=\"true\"><svg aria-hidden=\"true\" focusable=\"false\" data-prefix=\"far\" data-icon=\"chart-bar\" role=\"img\" xmlns=\"http:\/\/www.w3.org\/2000\/svg\" viewBox=\"0 0 512 512\" class=\"svg-inline--fa fa-chart-bar fa-w-16 fa-2x\"><path fill=\"currentColor\" d=\"M396.8 352h22.4c6.4 0 12.8-6.4 12.8-12.8V108.8c0-6.4-6.4-12.8-12.8-12.8h-22.4c-6.4 0-12.8 6.4-12.8 12.8v230.4c0 6.4 6.4 12.8 12.8 12.8zm-192 0h22.4c6.4 0 12.8-6.4 12.8-12.8V140.8c0-6.4-6.4-12.8-12.8-12.8h-22.4c-6.4 0-12.8 6.4-12.8 12.8v198.4c0 6.4 6.4 12.8 12.8 12.8zm96 0h22.4c6.4 0 12.8-6.4 12.8-12.8V204.8c0-6.4-6.4-12.8-12.8-12.8h-22.4c-6.4 0-12.8 6.4-12.8 12.8v134.4c0 6.4 6.4 12.8 12.8 12.8zM496 400H48V80c0-8.84-7.16-16-16-16H16C7.16 64 0 71.16 0 80v336c0 17.67 14.33 32 32 32h464c8.84 0 16-7.16 16-16v-16c0-8.84-7.16-16-16-16zm-387.2-48h22.4c6.4 0 12.8-6.4 12.8-12.8v-70.4c0-6.4-6.4-12.8-12.8-12.8h-22.4c-6.4 0-12.8 6.4-12.8 12.8v70.4c0 6.4 6.4 12.8 12.8 12.8z\" class=\"\"><\/path><\/svg><\/i> <img loading=\"lazy\" decoding=\"async\" width=\"16\" height=\"16\" alt=\"Loading\" src=\"https:\/\/vocesdelacomuna15.com.ar\/wp-content\/plugins\/page-views-count\/ajax-loader-2x.gif\" border=0 \/><\/p>\n<div class=\"pvc_clear\"><\/div>\n","protected":false},"author":2,"featured_media":52004,"comment_status":"open","ping_status":"open","sticky":false,"template":"","format":"standard","meta":{"_et_pb_use_builder":"off","_et_pb_old_content":"","_et_gb_content_width":"","footnotes":""},"categories":[6,8],"tags":[],"class_list":["post-52003","post","type-post","status-publish","format-standard","has-post-thumbnail","hentry","category-agro","category-sociedad","et-has-post-format-content","et_post_format-et-post-format-standard"],"a3_pvc":{"activated":true,"total_views":319,"today_views":0},"yoast_head":"<!-- This site is optimized with the Yoast SEO plugin v27.5 - https:\/\/yoast.com\/product\/yoast-seo-wordpress\/ -->\n<title>Residencia Interdisciplinaria de Sistemas de Informaci\u00f3n en Salud. \u00bfDe qu\u00e9 se trata la RISIS? - Voces de la Comuna 15<\/title>\n<meta name=\"description\" content=\"Voces de la Comuna 15\" \/>\n<meta name=\"robots\" content=\"index, follow, max-snippet:-1, max-image-preview:large, max-video-preview:-1\" \/>\n<link rel=\"canonical\" href=\"https:\/\/vocesdelacomuna15.com.ar\/press\/residencia-interdisciplinaria-de-sistemas-de-informacion-en-salud-de-que-se-trata-la-risis\/\" \/>\n<meta property=\"og:locale\" content=\"es_ES\" \/>\n<meta property=\"og:type\" content=\"article\" \/>\n<meta property=\"og:title\" content=\"Residencia Interdisciplinaria de Sistemas de Informaci\u00f3n en Salud. \u00bfDe qu\u00e9 se trata la RISIS? - Voces de la Comuna 15\" \/>\n<meta property=\"og:description\" content=\"Voces de la Comuna 15\" \/>\n<meta property=\"og:url\" content=\"https:\/\/vocesdelacomuna15.com.ar\/press\/residencia-interdisciplinaria-de-sistemas-de-informacion-en-salud-de-que-se-trata-la-risis\/\" \/>\n<meta property=\"og:site_name\" content=\"Voces de la Comuna 15\" \/>\n<meta property=\"article:publisher\" content=\"https:\/\/www.facebook.com\/VocesComuna15\/\" \/>\n<meta property=\"article:published_time\" content=\"2020-01-13T10:00:29+00:00\" \/>\n<meta property=\"article:modified_time\" content=\"2020-05-02T14:35:46+00:00\" \/>\n<meta property=\"og:image\" content=\"https:\/\/vocesdelacomuna15.com.ar\/wp-content\/uploads\/2020\/05\/foto2risis.jpg\" \/>\n\t<meta property=\"og:image:width\" content=\"1196\" \/>\n\t<meta property=\"og:image:height\" content=\"1196\" \/>\n\t<meta property=\"og:image:type\" content=\"image\/jpeg\" \/>\n<meta name=\"author\" content=\"Federico Arguto\" \/>\n<meta name=\"twitter:card\" content=\"summary_large_image\" \/>\n<meta name=\"twitter:creator\" content=\"@vocescomuna15\" \/>\n<meta name=\"twitter:site\" content=\"@vocescomuna15\" \/>\n<meta name=\"twitter:label1\" content=\"Escrito por\" \/>\n\t<meta name=\"twitter:data1\" content=\"Federico Arguto\" \/>\n\t<meta name=\"twitter:label2\" content=\"Tiempo de lectura\" \/>\n\t<meta name=\"twitter:data2\" content=\"8 minutos\" \/>\n<script type=\"application\/ld+json\" class=\"yoast-schema-graph\">{\"@context\":\"https:\\\/\\\/schema.org\",\"@graph\":[{\"@type\":\"Article\",\"@id\":\"https:\\\/\\\/vocesdelacomuna15.com.ar\\\/press\\\/residencia-interdisciplinaria-de-sistemas-de-informacion-en-salud-de-que-se-trata-la-risis\\\/#article\",\"isPartOf\":{\"@id\":\"https:\\\/\\\/vocesdelacomuna15.com.ar\\\/press\\\/residencia-interdisciplinaria-de-sistemas-de-informacion-en-salud-de-que-se-trata-la-risis\\\/\"},\"author\":{\"name\":\"Federico Arguto\",\"@id\":\"https:\\\/\\\/vocesdelacomuna15.com.ar\\\/press\\\/#\\\/schema\\\/person\\\/4739e109db25d799cd3d139eeb509e43\"},\"headline\":\"Residencia Interdisciplinaria de Sistemas de Informaci\u00f3n en Salud. \u00bfDe qu\u00e9 se trata la RISIS?\",\"datePublished\":\"2020-01-13T10:00:29+00:00\",\"dateModified\":\"2020-05-02T14:35:46+00:00\",\"mainEntityOfPage\":{\"@id\":\"https:\\\/\\\/vocesdelacomuna15.com.ar\\\/press\\\/residencia-interdisciplinaria-de-sistemas-de-informacion-en-salud-de-que-se-trata-la-risis\\\/\"},\"wordCount\":1696,\"commentCount\":0,\"publisher\":{\"@id\":\"https:\\\/\\\/vocesdelacomuna15.com.ar\\\/press\\\/#organization\"},\"image\":{\"@id\":\"https:\\\/\\\/vocesdelacomuna15.com.ar\\\/press\\\/residencia-interdisciplinaria-de-sistemas-de-informacion-en-salud-de-que-se-trata-la-risis\\\/#primaryimage\"},\"thumbnailUrl\":\"https:\\\/\\\/vocesdelacomuna15.com.ar\\\/wp-content\\\/uploads\\\/2020\\\/05\\\/foto2risis.jpg\",\"articleSection\":[\"Agronom\u00eda\",\"Sociedad\"],\"inLanguage\":\"es-AR\",\"potentialAction\":[{\"@type\":\"CommentAction\",\"name\":\"Comment\",\"target\":[\"https:\\\/\\\/vocesdelacomuna15.com.ar\\\/press\\\/residencia-interdisciplinaria-de-sistemas-de-informacion-en-salud-de-que-se-trata-la-risis\\\/#respond\"]}]},{\"@type\":\"WebPage\",\"@id\":\"https:\\\/\\\/vocesdelacomuna15.com.ar\\\/press\\\/residencia-interdisciplinaria-de-sistemas-de-informacion-en-salud-de-que-se-trata-la-risis\\\/\",\"url\":\"https:\\\/\\\/vocesdelacomuna15.com.ar\\\/press\\\/residencia-interdisciplinaria-de-sistemas-de-informacion-en-salud-de-que-se-trata-la-risis\\\/\",\"name\":\"Residencia Interdisciplinaria de Sistemas de Informaci\u00f3n en Salud. \u00bfDe qu\u00e9 se trata la RISIS? - Voces de la Comuna 15\",\"isPartOf\":{\"@id\":\"https:\\\/\\\/vocesdelacomuna15.com.ar\\\/press\\\/#website\"},\"primaryImageOfPage\":{\"@id\":\"https:\\\/\\\/vocesdelacomuna15.com.ar\\\/press\\\/residencia-interdisciplinaria-de-sistemas-de-informacion-en-salud-de-que-se-trata-la-risis\\\/#primaryimage\"},\"image\":{\"@id\":\"https:\\\/\\\/vocesdelacomuna15.com.ar\\\/press\\\/residencia-interdisciplinaria-de-sistemas-de-informacion-en-salud-de-que-se-trata-la-risis\\\/#primaryimage\"},\"thumbnailUrl\":\"https:\\\/\\\/vocesdelacomuna15.com.ar\\\/wp-content\\\/uploads\\\/2020\\\/05\\\/foto2risis.jpg\",\"datePublished\":\"2020-01-13T10:00:29+00:00\",\"dateModified\":\"2020-05-02T14:35:46+00:00\",\"description\":\"Voces de la Comuna 15\",\"breadcrumb\":{\"@id\":\"https:\\\/\\\/vocesdelacomuna15.com.ar\\\/press\\\/residencia-interdisciplinaria-de-sistemas-de-informacion-en-salud-de-que-se-trata-la-risis\\\/#breadcrumb\"},\"inLanguage\":\"es-AR\",\"potentialAction\":[{\"@type\":\"ReadAction\",\"target\":[\"https:\\\/\\\/vocesdelacomuna15.com.ar\\\/press\\\/residencia-interdisciplinaria-de-sistemas-de-informacion-en-salud-de-que-se-trata-la-risis\\\/\"]}]},{\"@type\":\"ImageObject\",\"inLanguage\":\"es-AR\",\"@id\":\"https:\\\/\\\/vocesdelacomuna15.com.ar\\\/press\\\/residencia-interdisciplinaria-de-sistemas-de-informacion-en-salud-de-que-se-trata-la-risis\\\/#primaryimage\",\"url\":\"https:\\\/\\\/vocesdelacomuna15.com.ar\\\/wp-content\\\/uploads\\\/2020\\\/05\\\/foto2risis.jpg\",\"contentUrl\":\"https:\\\/\\\/vocesdelacomuna15.com.ar\\\/wp-content\\\/uploads\\\/2020\\\/05\\\/foto2risis.jpg\",\"width\":1196,\"height\":1196},{\"@type\":\"BreadcrumbList\",\"@id\":\"https:\\\/\\\/vocesdelacomuna15.com.ar\\\/press\\\/residencia-interdisciplinaria-de-sistemas-de-informacion-en-salud-de-que-se-trata-la-risis\\\/#breadcrumb\",\"itemListElement\":[{\"@type\":\"ListItem\",\"position\":1,\"name\":\"Inicio\",\"item\":\"https:\\\/\\\/vocesdelacomuna15.com.ar\\\/press\\\/\"},{\"@type\":\"ListItem\",\"position\":2,\"name\":\"Residencia Interdisciplinaria de Sistemas de Informaci\u00f3n en Salud. \u00bfDe qu\u00e9 se trata la RISIS?\"}]},{\"@type\":\"WebSite\",\"@id\":\"https:\\\/\\\/vocesdelacomuna15.com.ar\\\/press\\\/#website\",\"url\":\"https:\\\/\\\/vocesdelacomuna15.com.ar\\\/press\\\/\",\"name\":\"Voces de la Comuna 15\",\"description\":\"Sitio web de noticias\",\"publisher\":{\"@id\":\"https:\\\/\\\/vocesdelacomuna15.com.ar\\\/press\\\/#organization\"},\"potentialAction\":[{\"@type\":\"SearchAction\",\"target\":{\"@type\":\"EntryPoint\",\"urlTemplate\":\"https:\\\/\\\/vocesdelacomuna15.com.ar\\\/press\\\/?s={search_term_string}\"},\"query-input\":{\"@type\":\"PropertyValueSpecification\",\"valueRequired\":true,\"valueName\":\"search_term_string\"}}],\"inLanguage\":\"es-AR\"},{\"@type\":\"Organization\",\"@id\":\"https:\\\/\\\/vocesdelacomuna15.com.ar\\\/press\\\/#organization\",\"name\":\"Voces de la Comuna 15\",\"url\":\"https:\\\/\\\/vocesdelacomuna15.com.ar\\\/press\\\/\",\"logo\":{\"@type\":\"ImageObject\",\"inLanguage\":\"es-AR\",\"@id\":\"https:\\\/\\\/vocesdelacomuna15.com.ar\\\/press\\\/#\\\/schema\\\/logo\\\/image\\\/\",\"url\":\"https:\\\/\\\/vocesdelacomuna15.com.ar\\\/wp-content\\\/uploads\\\/2024\\\/12\\\/cropped-logo_voces.jpg\",\"contentUrl\":\"https:\\\/\\\/vocesdelacomuna15.com.ar\\\/wp-content\\\/uploads\\\/2024\\\/12\\\/cropped-logo_voces.jpg\",\"width\":512,\"height\":512,\"caption\":\"Voces de la Comuna 15\"},\"image\":{\"@id\":\"https:\\\/\\\/vocesdelacomuna15.com.ar\\\/press\\\/#\\\/schema\\\/logo\\\/image\\\/\"},\"sameAs\":[\"https:\\\/\\\/www.facebook.com\\\/VocesComuna15\\\/\",\"https:\\\/\\\/x.com\\\/vocescomuna15\"]},{\"@type\":\"Person\",\"@id\":\"https:\\\/\\\/vocesdelacomuna15.com.ar\\\/press\\\/#\\\/schema\\\/person\\\/4739e109db25d799cd3d139eeb509e43\",\"name\":\"Federico Arguto\",\"image\":{\"@type\":\"ImageObject\",\"inLanguage\":\"es-AR\",\"@id\":\"https:\\\/\\\/vocesdelacomuna15.com.ar\\\/wp-content\\\/litespeed\\\/avatar\\\/82faf979976f1bae889b8b71f8a0a7e5.jpg?ver=1777419741\",\"url\":\"https:\\\/\\\/vocesdelacomuna15.com.ar\\\/wp-content\\\/litespeed\\\/avatar\\\/82faf979976f1bae889b8b71f8a0a7e5.jpg?ver=1777419741\",\"contentUrl\":\"https:\\\/\\\/vocesdelacomuna15.com.ar\\\/wp-content\\\/litespeed\\\/avatar\\\/82faf979976f1bae889b8b71f8a0a7e5.jpg?ver=1777419741\",\"caption\":\"Federico Arguto\"},\"url\":\"https:\\\/\\\/vocesdelacomuna15.com.ar\\\/press\\\/author\\\/fede\\\/\"}]}<\/script>\n<!-- \/ Yoast SEO plugin. -->","yoast_head_json":{"title":"Residencia Interdisciplinaria de Sistemas de Informaci\u00f3n en Salud. \u00bfDe qu\u00e9 se trata la RISIS? - Voces de la Comuna 15","description":"Voces de la Comuna 15","robots":{"index":"index","follow":"follow","max-snippet":"max-snippet:-1","max-image-preview":"max-image-preview:large","max-video-preview":"max-video-preview:-1"},"canonical":"https:\/\/vocesdelacomuna15.com.ar\/press\/residencia-interdisciplinaria-de-sistemas-de-informacion-en-salud-de-que-se-trata-la-risis\/","og_locale":"es_ES","og_type":"article","og_title":"Residencia Interdisciplinaria de Sistemas de Informaci\u00f3n en Salud. \u00bfDe qu\u00e9 se trata la RISIS? - Voces de la Comuna 15","og_description":"Voces de la Comuna 15","og_url":"https:\/\/vocesdelacomuna15.com.ar\/press\/residencia-interdisciplinaria-de-sistemas-de-informacion-en-salud-de-que-se-trata-la-risis\/","og_site_name":"Voces de la Comuna 15","article_publisher":"https:\/\/www.facebook.com\/VocesComuna15\/","article_published_time":"2020-01-13T10:00:29+00:00","article_modified_time":"2020-05-02T14:35:46+00:00","og_image":[{"width":1196,"height":1196,"url":"https:\/\/vocesdelacomuna15.com.ar\/wp-content\/uploads\/2020\/05\/foto2risis.jpg","type":"image\/jpeg"}],"author":"Federico Arguto","twitter_card":"summary_large_image","twitter_creator":"@vocescomuna15","twitter_site":"@vocescomuna15","twitter_misc":{"Escrito por":"Federico Arguto","Tiempo de lectura":"8 minutos"},"schema":{"@context":"https:\/\/schema.org","@graph":[{"@type":"Article","@id":"https:\/\/vocesdelacomuna15.com.ar\/press\/residencia-interdisciplinaria-de-sistemas-de-informacion-en-salud-de-que-se-trata-la-risis\/#article","isPartOf":{"@id":"https:\/\/vocesdelacomuna15.com.ar\/press\/residencia-interdisciplinaria-de-sistemas-de-informacion-en-salud-de-que-se-trata-la-risis\/"},"author":{"name":"Federico Arguto","@id":"https:\/\/vocesdelacomuna15.com.ar\/press\/#\/schema\/person\/4739e109db25d799cd3d139eeb509e43"},"headline":"Residencia Interdisciplinaria de Sistemas de Informaci\u00f3n en Salud. \u00bfDe qu\u00e9 se trata la RISIS?","datePublished":"2020-01-13T10:00:29+00:00","dateModified":"2020-05-02T14:35:46+00:00","mainEntityOfPage":{"@id":"https:\/\/vocesdelacomuna15.com.ar\/press\/residencia-interdisciplinaria-de-sistemas-de-informacion-en-salud-de-que-se-trata-la-risis\/"},"wordCount":1696,"commentCount":0,"publisher":{"@id":"https:\/\/vocesdelacomuna15.com.ar\/press\/#organization"},"image":{"@id":"https:\/\/vocesdelacomuna15.com.ar\/press\/residencia-interdisciplinaria-de-sistemas-de-informacion-en-salud-de-que-se-trata-la-risis\/#primaryimage"},"thumbnailUrl":"https:\/\/vocesdelacomuna15.com.ar\/wp-content\/uploads\/2020\/05\/foto2risis.jpg","articleSection":["Agronom\u00eda","Sociedad"],"inLanguage":"es-AR","potentialAction":[{"@type":"CommentAction","name":"Comment","target":["https:\/\/vocesdelacomuna15.com.ar\/press\/residencia-interdisciplinaria-de-sistemas-de-informacion-en-salud-de-que-se-trata-la-risis\/#respond"]}]},{"@type":"WebPage","@id":"https:\/\/vocesdelacomuna15.com.ar\/press\/residencia-interdisciplinaria-de-sistemas-de-informacion-en-salud-de-que-se-trata-la-risis\/","url":"https:\/\/vocesdelacomuna15.com.ar\/press\/residencia-interdisciplinaria-de-sistemas-de-informacion-en-salud-de-que-se-trata-la-risis\/","name":"Residencia Interdisciplinaria de Sistemas de Informaci\u00f3n en Salud. \u00bfDe qu\u00e9 se trata la RISIS? - Voces de la Comuna 15","isPartOf":{"@id":"https:\/\/vocesdelacomuna15.com.ar\/press\/#website"},"primaryImageOfPage":{"@id":"https:\/\/vocesdelacomuna15.com.ar\/press\/residencia-interdisciplinaria-de-sistemas-de-informacion-en-salud-de-que-se-trata-la-risis\/#primaryimage"},"image":{"@id":"https:\/\/vocesdelacomuna15.com.ar\/press\/residencia-interdisciplinaria-de-sistemas-de-informacion-en-salud-de-que-se-trata-la-risis\/#primaryimage"},"thumbnailUrl":"https:\/\/vocesdelacomuna15.com.ar\/wp-content\/uploads\/2020\/05\/foto2risis.jpg","datePublished":"2020-01-13T10:00:29+00:00","dateModified":"2020-05-02T14:35:46+00:00","description":"Voces de la Comuna 15","breadcrumb":{"@id":"https:\/\/vocesdelacomuna15.com.ar\/press\/residencia-interdisciplinaria-de-sistemas-de-informacion-en-salud-de-que-se-trata-la-risis\/#breadcrumb"},"inLanguage":"es-AR","potentialAction":[{"@type":"ReadAction","target":["https:\/\/vocesdelacomuna15.com.ar\/press\/residencia-interdisciplinaria-de-sistemas-de-informacion-en-salud-de-que-se-trata-la-risis\/"]}]},{"@type":"ImageObject","inLanguage":"es-AR","@id":"https:\/\/vocesdelacomuna15.com.ar\/press\/residencia-interdisciplinaria-de-sistemas-de-informacion-en-salud-de-que-se-trata-la-risis\/#primaryimage","url":"https:\/\/vocesdelacomuna15.com.ar\/wp-content\/uploads\/2020\/05\/foto2risis.jpg","contentUrl":"https:\/\/vocesdelacomuna15.com.ar\/wp-content\/uploads\/2020\/05\/foto2risis.jpg","width":1196,"height":1196},{"@type":"BreadcrumbList","@id":"https:\/\/vocesdelacomuna15.com.ar\/press\/residencia-interdisciplinaria-de-sistemas-de-informacion-en-salud-de-que-se-trata-la-risis\/#breadcrumb","itemListElement":[{"@type":"ListItem","position":1,"name":"Inicio","item":"https:\/\/vocesdelacomuna15.com.ar\/press\/"},{"@type":"ListItem","position":2,"name":"Residencia Interdisciplinaria de Sistemas de Informaci\u00f3n en Salud. \u00bfDe qu\u00e9 se trata la RISIS?"}]},{"@type":"WebSite","@id":"https:\/\/vocesdelacomuna15.com.ar\/press\/#website","url":"https:\/\/vocesdelacomuna15.com.ar\/press\/","name":"Voces de la Comuna 15","description":"Sitio web de noticias","publisher":{"@id":"https:\/\/vocesdelacomuna15.com.ar\/press\/#organization"},"potentialAction":[{"@type":"SearchAction","target":{"@type":"EntryPoint","urlTemplate":"https:\/\/vocesdelacomuna15.com.ar\/press\/?s={search_term_string}"},"query-input":{"@type":"PropertyValueSpecification","valueRequired":true,"valueName":"search_term_string"}}],"inLanguage":"es-AR"},{"@type":"Organization","@id":"https:\/\/vocesdelacomuna15.com.ar\/press\/#organization","name":"Voces de la Comuna 15","url":"https:\/\/vocesdelacomuna15.com.ar\/press\/","logo":{"@type":"ImageObject","inLanguage":"es-AR","@id":"https:\/\/vocesdelacomuna15.com.ar\/press\/#\/schema\/logo\/image\/","url":"https:\/\/vocesdelacomuna15.com.ar\/wp-content\/uploads\/2024\/12\/cropped-logo_voces.jpg","contentUrl":"https:\/\/vocesdelacomuna15.com.ar\/wp-content\/uploads\/2024\/12\/cropped-logo_voces.jpg","width":512,"height":512,"caption":"Voces de la Comuna 15"},"image":{"@id":"https:\/\/vocesdelacomuna15.com.ar\/press\/#\/schema\/logo\/image\/"},"sameAs":["https:\/\/www.facebook.com\/VocesComuna15\/","https:\/\/x.com\/vocescomuna15"]},{"@type":"Person","@id":"https:\/\/vocesdelacomuna15.com.ar\/press\/#\/schema\/person\/4739e109db25d799cd3d139eeb509e43","name":"Federico Arguto","image":{"@type":"ImageObject","inLanguage":"es-AR","@id":"https:\/\/vocesdelacomuna15.com.ar\/wp-content\/litespeed\/avatar\/82faf979976f1bae889b8b71f8a0a7e5.jpg?ver=1777419741","url":"https:\/\/vocesdelacomuna15.com.ar\/wp-content\/litespeed\/avatar\/82faf979976f1bae889b8b71f8a0a7e5.jpg?ver=1777419741","contentUrl":"https:\/\/vocesdelacomuna15.com.ar\/wp-content\/litespeed\/avatar\/82faf979976f1bae889b8b71f8a0a7e5.jpg?ver=1777419741","caption":"Federico Arguto"},"url":"https:\/\/vocesdelacomuna15.com.ar\/press\/author\/fede\/"}]}},"_links":{"self":[{"href":"https:\/\/vocesdelacomuna15.com.ar\/press\/wp-json\/wp\/v2\/posts\/52003","targetHints":{"allow":["GET"]}}],"collection":[{"href":"https:\/\/vocesdelacomuna15.com.ar\/press\/wp-json\/wp\/v2\/posts"}],"about":[{"href":"https:\/\/vocesdelacomuna15.com.ar\/press\/wp-json\/wp\/v2\/types\/post"}],"author":[{"embeddable":true,"href":"https:\/\/vocesdelacomuna15.com.ar\/press\/wp-json\/wp\/v2\/users\/2"}],"replies":[{"embeddable":true,"href":"https:\/\/vocesdelacomuna15.com.ar\/press\/wp-json\/wp\/v2\/comments?post=52003"}],"version-history":[{"count":1,"href":"https:\/\/vocesdelacomuna15.com.ar\/press\/wp-json\/wp\/v2\/posts\/52003\/revisions"}],"predecessor-version":[{"id":52005,"href":"https:\/\/vocesdelacomuna15.com.ar\/press\/wp-json\/wp\/v2\/posts\/52003\/revisions\/52005"}],"wp:featuredmedia":[{"embeddable":true,"href":"https:\/\/vocesdelacomuna15.com.ar\/press\/wp-json\/wp\/v2\/media\/52004"}],"wp:attachment":[{"href":"https:\/\/vocesdelacomuna15.com.ar\/press\/wp-json\/wp\/v2\/media?parent=52003"}],"wp:term":[{"taxonomy":"category","embeddable":true,"href":"https:\/\/vocesdelacomuna15.com.ar\/press\/wp-json\/wp\/v2\/categories?post=52003"},{"taxonomy":"post_tag","embeddable":true,"href":"https:\/\/vocesdelacomuna15.com.ar\/press\/wp-json\/wp\/v2\/tags?post=52003"}],"curies":[{"name":"wp","href":"https:\/\/api.w.org\/{rel}","templated":true}]}}