{"id":51997,"date":"2020-01-20T11:25:39","date_gmt":"2020-01-20T14:25:39","guid":{"rendered":"http:\/\/vocesdelacomuna15.com.ar\/wordpress\/?p=51997"},"modified":"2020-05-02T11:27:51","modified_gmt":"2020-05-02T14:27:51","slug":"brindis-de-fin-de-ano-en-la-asociacion-de-comerciantes-de-villa-urquiza","status":"publish","type":"post","link":"https:\/\/vocesdelacomuna15.com.ar\/press\/brindis-de-fin-de-ano-en-la-asociacion-de-comerciantes-de-villa-urquiza\/","title":{"rendered":"Brindis de fin de a\u00f1o en la Asociaci\u00f3n de Comerciantes de Villa Urquiza"},"content":{"rendered":"\n<h4 class=\"wp-block-heading\">Comercios Activos  CABA, integrado entre otros por la Asociaci\u00f3n de Comerciantes,  Industriales, Profesionales y Amigos de Villa Ort\u00fazar y Parque Chas  (ACIPAVOPCH) se hizo presente el 30 de diciembre en Avenida Congreso  4977<\/h4>\n\n\n\n<p>\nEl lunes 30 de diciembre a las 19.30 hs. se realiz\u00f3 en la Asociaci\u00f3n de \nComerciantes de Villa Urquiza (ACVU), situada en Avenida Congreso 4977, \nun brindis para despedir el a\u00f1o 2019; del que participaron distintas \nasociaciones de comerciantes de la Ciudad de Buenos Aires, c\u00e1maras de \ndistintos rubros, organizaciones, pol\u00edticos y personalidades. Los \npresentes pudieron disfrutar de una picada con jam\u00f3n, queso y aceitunas y\n pernil como plato principal. Para beber hubo agua y gaseosas y helado \nde postre. No falt\u00f3 el brindis con sidra y pan dulce. Entre las \norganizaciones que participaron se destacaron: Uni\u00f3n de Kioskeros de la \nRep\u00fablica Argentina, Asociaci\u00f3n de Comerciantes de Villa Urquiza, \nMovimiento Comunero, Asociaci\u00f3n de Comerciantes de Villa Pueyrred\u00f3n, \nAsociaci\u00f3n de Comerciantes de Saavedra, Asociaci\u00f3n de Comerciantes de \nCoghlan, Asociaci\u00f3n de Comerciantes de Lugano y Riachuelo, Asociaci\u00f3n de\n Comerciantes, Industriales, Profesionales y Amigos de Villa Ort\u00fazar y \nParque Chas (con la presencia de Gustavo Garc\u00eda y Patricia Bustamante), \nAsociaci\u00f3n de Comerciantes de Chacarita, Asociaci\u00f3n de Comerciantes de \nPalermo, Asociaci\u00f3n de Comerciantes de Avenida Entre R\u00edos, la comunera \nde la Comuna 12 Karina Mur\u00faa (Frente de Todos), el responsable de la \nUnidad B\u00e1sica \u201cEl legado de N\u00e9stor y la fuerza de Cristina\u201d, la C\u00e1mara \nde Remises y Agencias de la Rep\u00fablica Argentina y Comercios Activos \nCABA. Estuvieron presentes el peri\u00f3dico \u201cVoces de la Comuna 15\u201d, el \nperi\u00f3dico \u201cClara Mente\u201d y la FM Urquiza (91.7). Adhirieron al evento la \nCTA CABA, la Multisectorial CABA, la Mesa Coordinaci\u00f3n Consejo Econ\u00f3mico\n y Social Comunal, Francisco Cafiero (Secretario Asuntos Internacionales\n del Ministerio de Defensa de la Rep\u00fablica Argentina), la Federaci\u00f3n \nIndustrial Panaderil de la Provincia de Buenos Aires, la Asociaci\u00f3n de \nComerciantes del Casco Hist\u00f3rico de la Ciudad de Buenos Aires, la \nAsociaci\u00f3n de Comerciantes de la Avenida Alberdi, Santiago Roberto \n(Legislador de CABA por el Frente de Todos), el Sindicato de \nTrabajadores del R\u00edo, el Sindicato Obrero Mar\u00edtimo, la Federaci\u00f3n de \nTrabajadores Qu\u00edmicos y Petroqu\u00edmicos, el Foro de Mujeres del Mercosur, \nla C\u00e1mara de la Moda, la Asociaci\u00f3n de Empresarios y Empresarias PYME, \nla Confederaci\u00f3n Argentina de Cooperativas de Santa Fe, la C\u00e1mara \nArgentino-Paraguaya y la C\u00e1mara Argentino-Rusa.\nHubo varios oradores en el evento, entre ellos Julio Haddad, Secretario \nGeneral de la ACVU, que declar\u00f3 a los presentes: \u201cBuenas noches a todos y\n a todas. Gracias por estar y compartir este brindis que naci\u00f3 de los \ncolegas Kioskeros y de Remises junto a la ACVU. Es un momento m\u00e1s que \nespecial para los comerciantes, los que tenemos actividad econ\u00f3mica en \nCABA. Hemos pasado realmente 4 a\u00f1os que van a quedar en la historia para\n todos nosotros, por el cierre de comercios, de industria, de fuentes de\n trabajo para muchos argentinos y argentinas. Desde la ACVU hemos dado \nuna batalla entregando todo lo que pudimos, hemos participado en \nprogramas de TV contando la realidad de lo que ocurr\u00eda, dando notas a \ndiferentes diarios, dando resistencia y hemos llegado al final, estamos \nfelices de que ese neoliberalismo tan cruel haya terminado en nuestra \nArgentina. Estamos confiados en esta nueva etapa de la Argentina, hay \nesperanza para recuperar todo el tejido social del pa\u00eds, hay que ser \nparte de la reconstrucci\u00f3n. Quiero que disfruten de esta noche, fue \nhecho humildemente pero con much\u00edsimo coraz\u00f3n y pasi\u00f3n. Les agradezco a \ntodos por la convocatoria\u201d. El evento culmin\u00f3 pasadas las 22 hs. en \nmedio del brindis con sidra y pan dulce para despedir el 2019 y recibir \ncon esperanzas el a\u00f1o 2020.\n\nCaracteres: 3.636\n\n<\/p>\n<div class=\"pvc_clear\"><\/div><p id=\"pvc_stats_51997\" class=\"pvc_stats all  \" data-element-id=\"51997\" style=\"\"><i class=\"pvc-stats-icon small\" aria-hidden=\"true\"><svg aria-hidden=\"true\" focusable=\"false\" data-prefix=\"far\" data-icon=\"chart-bar\" role=\"img\" xmlns=\"http:\/\/www.w3.org\/2000\/svg\" viewBox=\"0 0 512 512\" class=\"svg-inline--fa fa-chart-bar fa-w-16 fa-2x\"><path fill=\"currentColor\" d=\"M396.8 352h22.4c6.4 0 12.8-6.4 12.8-12.8V108.8c0-6.4-6.4-12.8-12.8-12.8h-22.4c-6.4 0-12.8 6.4-12.8 12.8v230.4c0 6.4 6.4 12.8 12.8 12.8zm-192 0h22.4c6.4 0 12.8-6.4 12.8-12.8V140.8c0-6.4-6.4-12.8-12.8-12.8h-22.4c-6.4 0-12.8 6.4-12.8 12.8v198.4c0 6.4 6.4 12.8 12.8 12.8zm96 0h22.4c6.4 0 12.8-6.4 12.8-12.8V204.8c0-6.4-6.4-12.8-12.8-12.8h-22.4c-6.4 0-12.8 6.4-12.8 12.8v134.4c0 6.4 6.4 12.8 12.8 12.8zM496 400H48V80c0-8.84-7.16-16-16-16H16C7.16 64 0 71.16 0 80v336c0 17.67 14.33 32 32 32h464c8.84 0 16-7.16 16-16v-16c0-8.84-7.16-16-16-16zm-387.2-48h22.4c6.4 0 12.8-6.4 12.8-12.8v-70.4c0-6.4-6.4-12.8-12.8-12.8h-22.4c-6.4 0-12.8 6.4-12.8 12.8v70.4c0 6.4 6.4 12.8 12.8 12.8z\" class=\"\"><\/path><\/svg><\/i> <img loading=\"lazy\" decoding=\"async\" width=\"16\" height=\"16\" alt=\"Loading\" src=\"https:\/\/vocesdelacomuna15.com.ar\/wp-content\/plugins\/page-views-count\/ajax-loader-2x.gif\" border=0 \/><\/p><div class=\"pvc_clear\"><\/div>","protected":false},"excerpt":{"rendered":"<p>Comercios Activos CABA, integrado entre otros por la Asociaci\u00f3n de Comerciantes, Industriales, Profesionales y Amigos de Villa Ort\u00fazar y Parque Chas (ACIPAVOPCH) se hizo presente el 30 de diciembre en Avenida Congreso 4977 El lunes 30 de diciembre a las 19.30 hs. se realiz\u00f3 en la Asociaci\u00f3n de Comerciantes de Villa Urquiza (ACVU), situada en [&hellip;]<\/p>\n<div class=\"pvc_clear\"><\/div>\n<p id=\"pvc_stats_51997\" class=\"pvc_stats all  \" data-element-id=\"51997\" style=\"\"><i class=\"pvc-stats-icon small\" aria-hidden=\"true\"><svg aria-hidden=\"true\" focusable=\"false\" data-prefix=\"far\" data-icon=\"chart-bar\" role=\"img\" xmlns=\"http:\/\/www.w3.org\/2000\/svg\" viewBox=\"0 0 512 512\" class=\"svg-inline--fa fa-chart-bar fa-w-16 fa-2x\"><path fill=\"currentColor\" d=\"M396.8 352h22.4c6.4 0 12.8-6.4 12.8-12.8V108.8c0-6.4-6.4-12.8-12.8-12.8h-22.4c-6.4 0-12.8 6.4-12.8 12.8v230.4c0 6.4 6.4 12.8 12.8 12.8zm-192 0h22.4c6.4 0 12.8-6.4 12.8-12.8V140.8c0-6.4-6.4-12.8-12.8-12.8h-22.4c-6.4 0-12.8 6.4-12.8 12.8v198.4c0 6.4 6.4 12.8 12.8 12.8zm96 0h22.4c6.4 0 12.8-6.4 12.8-12.8V204.8c0-6.4-6.4-12.8-12.8-12.8h-22.4c-6.4 0-12.8 6.4-12.8 12.8v134.4c0 6.4 6.4 12.8 12.8 12.8zM496 400H48V80c0-8.84-7.16-16-16-16H16C7.16 64 0 71.16 0 80v336c0 17.67 14.33 32 32 32h464c8.84 0 16-7.16 16-16v-16c0-8.84-7.16-16-16-16zm-387.2-48h22.4c6.4 0 12.8-6.4 12.8-12.8v-70.4c0-6.4-6.4-12.8-12.8-12.8h-22.4c-6.4 0-12.8 6.4-12.8 12.8v70.4c0 6.4 6.4 12.8 12.8 12.8z\" class=\"\"><\/path><\/svg><\/i> <img loading=\"lazy\" decoding=\"async\" width=\"16\" height=\"16\" alt=\"Loading\" src=\"https:\/\/vocesdelacomuna15.com.ar\/wp-content\/plugins\/page-views-count\/ajax-loader-2x.gif\" border=0 \/><\/p>\n<div class=\"pvc_clear\"><\/div>\n","protected":false},"author":2,"featured_media":51999,"comment_status":"open","ping_status":"open","sticky":false,"template":"","format":"standard","meta":{"_et_pb_use_builder":"off","_et_pb_old_content":"","_et_gb_content_width":"","footnotes":""},"categories":[30,8,33],"tags":[],"class_list":["post-51997","post","type-post","status-publish","format-standard","has-post-thumbnail","hentry","category-pchas","category-sociedad","category-vort","et-has-post-format-content","et_post_format-et-post-format-standard"],"a3_pvc":{"activated":true,"total_views":320,"today_views":1},"yoast_head":"<!-- This site is optimized with the Yoast SEO plugin v27.5 - https:\/\/yoast.com\/product\/yoast-seo-wordpress\/ -->\n<title>Brindis de fin de a\u00f1o en la Asociaci\u00f3n de Comerciantes de Villa Urquiza - Voces de la Comuna 15<\/title>\n<meta name=\"description\" content=\"Voces de la Comuna 15\" \/>\n<meta name=\"robots\" content=\"index, follow, max-snippet:-1, max-image-preview:large, max-video-preview:-1\" \/>\n<link rel=\"canonical\" href=\"https:\/\/vocesdelacomuna15.com.ar\/press\/brindis-de-fin-de-ano-en-la-asociacion-de-comerciantes-de-villa-urquiza\/\" \/>\n<meta property=\"og:locale\" content=\"es_ES\" \/>\n<meta property=\"og:type\" content=\"article\" \/>\n<meta property=\"og:title\" content=\"Brindis de fin de a\u00f1o en la Asociaci\u00f3n de Comerciantes de Villa Urquiza - Voces de la Comuna 15\" \/>\n<meta property=\"og:description\" content=\"Voces de la Comuna 15\" \/>\n<meta property=\"og:url\" content=\"https:\/\/vocesdelacomuna15.com.ar\/press\/brindis-de-fin-de-ano-en-la-asociacion-de-comerciantes-de-villa-urquiza\/\" \/>\n<meta property=\"og:site_name\" content=\"Voces de la Comuna 15\" \/>\n<meta property=\"article:publisher\" content=\"https:\/\/www.facebook.com\/VocesComuna15\/\" \/>\n<meta property=\"article:published_time\" content=\"2020-01-20T14:25:39+00:00\" \/>\n<meta property=\"article:modified_time\" content=\"2020-05-02T14:27:51+00:00\" \/>\n<meta property=\"og:image\" content=\"https:\/\/vocesdelacomuna15.com.ar\/wp-content\/uploads\/2020\/01\/comact03012020.png\" \/>\n\t<meta property=\"og:image:width\" content=\"1091\" \/>\n\t<meta property=\"og:image:height\" content=\"669\" \/>\n\t<meta property=\"og:image:type\" content=\"image\/png\" \/>\n<meta name=\"author\" content=\"Federico Arguto\" \/>\n<meta name=\"twitter:card\" content=\"summary_large_image\" \/>\n<meta name=\"twitter:creator\" content=\"@vocescomuna15\" \/>\n<meta name=\"twitter:site\" content=\"@vocescomuna15\" \/>\n<meta name=\"twitter:label1\" content=\"Escrito por\" \/>\n\t<meta name=\"twitter:data1\" content=\"Federico Arguto\" \/>\n\t<meta name=\"twitter:label2\" content=\"Tiempo de lectura\" \/>\n\t<meta name=\"twitter:data2\" content=\"3 minutos\" \/>\n<script type=\"application\/ld+json\" class=\"yoast-schema-graph\">{\"@context\":\"https:\\\/\\\/schema.org\",\"@graph\":[{\"@type\":\"Article\",\"@id\":\"https:\\\/\\\/vocesdelacomuna15.com.ar\\\/press\\\/brindis-de-fin-de-ano-en-la-asociacion-de-comerciantes-de-villa-urquiza\\\/#article\",\"isPartOf\":{\"@id\":\"https:\\\/\\\/vocesdelacomuna15.com.ar\\\/press\\\/brindis-de-fin-de-ano-en-la-asociacion-de-comerciantes-de-villa-urquiza\\\/\"},\"author\":{\"name\":\"Federico Arguto\",\"@id\":\"https:\\\/\\\/vocesdelacomuna15.com.ar\\\/press\\\/#\\\/schema\\\/person\\\/4739e109db25d799cd3d139eeb509e43\"},\"headline\":\"Brindis de fin de a\u00f1o en la Asociaci\u00f3n de Comerciantes de Villa Urquiza\",\"datePublished\":\"2020-01-20T14:25:39+00:00\",\"dateModified\":\"2020-05-02T14:27:51+00:00\",\"mainEntityOfPage\":{\"@id\":\"https:\\\/\\\/vocesdelacomuna15.com.ar\\\/press\\\/brindis-de-fin-de-ano-en-la-asociacion-de-comerciantes-de-villa-urquiza\\\/\"},\"wordCount\":663,\"commentCount\":0,\"publisher\":{\"@id\":\"https:\\\/\\\/vocesdelacomuna15.com.ar\\\/press\\\/#organization\"},\"image\":{\"@id\":\"https:\\\/\\\/vocesdelacomuna15.com.ar\\\/press\\\/brindis-de-fin-de-ano-en-la-asociacion-de-comerciantes-de-villa-urquiza\\\/#primaryimage\"},\"thumbnailUrl\":\"https:\\\/\\\/vocesdelacomuna15.com.ar\\\/wp-content\\\/uploads\\\/2020\\\/01\\\/comact03012020.png\",\"articleSection\":[\"Parque chas\",\"Sociedad\",\"Villa Ort\u00fazar\"],\"inLanguage\":\"es-AR\",\"potentialAction\":[{\"@type\":\"CommentAction\",\"name\":\"Comment\",\"target\":[\"https:\\\/\\\/vocesdelacomuna15.com.ar\\\/press\\\/brindis-de-fin-de-ano-en-la-asociacion-de-comerciantes-de-villa-urquiza\\\/#respond\"]}]},{\"@type\":\"WebPage\",\"@id\":\"https:\\\/\\\/vocesdelacomuna15.com.ar\\\/press\\\/brindis-de-fin-de-ano-en-la-asociacion-de-comerciantes-de-villa-urquiza\\\/\",\"url\":\"https:\\\/\\\/vocesdelacomuna15.com.ar\\\/press\\\/brindis-de-fin-de-ano-en-la-asociacion-de-comerciantes-de-villa-urquiza\\\/\",\"name\":\"Brindis de fin de a\u00f1o en la Asociaci\u00f3n de Comerciantes de Villa Urquiza - Voces de la Comuna 15\",\"isPartOf\":{\"@id\":\"https:\\\/\\\/vocesdelacomuna15.com.ar\\\/press\\\/#website\"},\"primaryImageOfPage\":{\"@id\":\"https:\\\/\\\/vocesdelacomuna15.com.ar\\\/press\\\/brindis-de-fin-de-ano-en-la-asociacion-de-comerciantes-de-villa-urquiza\\\/#primaryimage\"},\"image\":{\"@id\":\"https:\\\/\\\/vocesdelacomuna15.com.ar\\\/press\\\/brindis-de-fin-de-ano-en-la-asociacion-de-comerciantes-de-villa-urquiza\\\/#primaryimage\"},\"thumbnailUrl\":\"https:\\\/\\\/vocesdelacomuna15.com.ar\\\/wp-content\\\/uploads\\\/2020\\\/01\\\/comact03012020.png\",\"datePublished\":\"2020-01-20T14:25:39+00:00\",\"dateModified\":\"2020-05-02T14:27:51+00:00\",\"description\":\"Voces de la Comuna 15\",\"breadcrumb\":{\"@id\":\"https:\\\/\\\/vocesdelacomuna15.com.ar\\\/press\\\/brindis-de-fin-de-ano-en-la-asociacion-de-comerciantes-de-villa-urquiza\\\/#breadcrumb\"},\"inLanguage\":\"es-AR\",\"potentialAction\":[{\"@type\":\"ReadAction\",\"target\":[\"https:\\\/\\\/vocesdelacomuna15.com.ar\\\/press\\\/brindis-de-fin-de-ano-en-la-asociacion-de-comerciantes-de-villa-urquiza\\\/\"]}]},{\"@type\":\"ImageObject\",\"inLanguage\":\"es-AR\",\"@id\":\"https:\\\/\\\/vocesdelacomuna15.com.ar\\\/press\\\/brindis-de-fin-de-ano-en-la-asociacion-de-comerciantes-de-villa-urquiza\\\/#primaryimage\",\"url\":\"https:\\\/\\\/vocesdelacomuna15.com.ar\\\/wp-content\\\/uploads\\\/2020\\\/01\\\/comact03012020.png\",\"contentUrl\":\"https:\\\/\\\/vocesdelacomuna15.com.ar\\\/wp-content\\\/uploads\\\/2020\\\/01\\\/comact03012020.png\",\"width\":1091,\"height\":669},{\"@type\":\"BreadcrumbList\",\"@id\":\"https:\\\/\\\/vocesdelacomuna15.com.ar\\\/press\\\/brindis-de-fin-de-ano-en-la-asociacion-de-comerciantes-de-villa-urquiza\\\/#breadcrumb\",\"itemListElement\":[{\"@type\":\"ListItem\",\"position\":1,\"name\":\"Inicio\",\"item\":\"https:\\\/\\\/vocesdelacomuna15.com.ar\\\/press\\\/\"},{\"@type\":\"ListItem\",\"position\":2,\"name\":\"Brindis de fin de a\u00f1o en la Asociaci\u00f3n de Comerciantes de Villa Urquiza\"}]},{\"@type\":\"WebSite\",\"@id\":\"https:\\\/\\\/vocesdelacomuna15.com.ar\\\/press\\\/#website\",\"url\":\"https:\\\/\\\/vocesdelacomuna15.com.ar\\\/press\\\/\",\"name\":\"Voces de la Comuna 15\",\"description\":\"Sitio web de noticias\",\"publisher\":{\"@id\":\"https:\\\/\\\/vocesdelacomuna15.com.ar\\\/press\\\/#organization\"},\"potentialAction\":[{\"@type\":\"SearchAction\",\"target\":{\"@type\":\"EntryPoint\",\"urlTemplate\":\"https:\\\/\\\/vocesdelacomuna15.com.ar\\\/press\\\/?s={search_term_string}\"},\"query-input\":{\"@type\":\"PropertyValueSpecification\",\"valueRequired\":true,\"valueName\":\"search_term_string\"}}],\"inLanguage\":\"es-AR\"},{\"@type\":\"Organization\",\"@id\":\"https:\\\/\\\/vocesdelacomuna15.com.ar\\\/press\\\/#organization\",\"name\":\"Voces de la Comuna 15\",\"url\":\"https:\\\/\\\/vocesdelacomuna15.com.ar\\\/press\\\/\",\"logo\":{\"@type\":\"ImageObject\",\"inLanguage\":\"es-AR\",\"@id\":\"https:\\\/\\\/vocesdelacomuna15.com.ar\\\/press\\\/#\\\/schema\\\/logo\\\/image\\\/\",\"url\":\"https:\\\/\\\/vocesdelacomuna15.com.ar\\\/wp-content\\\/uploads\\\/2024\\\/12\\\/cropped-logo_voces.jpg\",\"contentUrl\":\"https:\\\/\\\/vocesdelacomuna15.com.ar\\\/wp-content\\\/uploads\\\/2024\\\/12\\\/cropped-logo_voces.jpg\",\"width\":512,\"height\":512,\"caption\":\"Voces de la Comuna 15\"},\"image\":{\"@id\":\"https:\\\/\\\/vocesdelacomuna15.com.ar\\\/press\\\/#\\\/schema\\\/logo\\\/image\\\/\"},\"sameAs\":[\"https:\\\/\\\/www.facebook.com\\\/VocesComuna15\\\/\",\"https:\\\/\\\/x.com\\\/vocescomuna15\"]},{\"@type\":\"Person\",\"@id\":\"https:\\\/\\\/vocesdelacomuna15.com.ar\\\/press\\\/#\\\/schema\\\/person\\\/4739e109db25d799cd3d139eeb509e43\",\"name\":\"Federico Arguto\",\"image\":{\"@type\":\"ImageObject\",\"inLanguage\":\"es-AR\",\"@id\":\"https:\\\/\\\/vocesdelacomuna15.com.ar\\\/wp-content\\\/litespeed\\\/avatar\\\/82faf979976f1bae889b8b71f8a0a7e5.jpg?ver=1777419741\",\"url\":\"https:\\\/\\\/vocesdelacomuna15.com.ar\\\/wp-content\\\/litespeed\\\/avatar\\\/82faf979976f1bae889b8b71f8a0a7e5.jpg?ver=1777419741\",\"contentUrl\":\"https:\\\/\\\/vocesdelacomuna15.com.ar\\\/wp-content\\\/litespeed\\\/avatar\\\/82faf979976f1bae889b8b71f8a0a7e5.jpg?ver=1777419741\",\"caption\":\"Federico Arguto\"},\"url\":\"https:\\\/\\\/vocesdelacomuna15.com.ar\\\/press\\\/author\\\/fede\\\/\"}]}<\/script>\n<!-- \/ Yoast SEO plugin. -->","yoast_head_json":{"title":"Brindis de fin de a\u00f1o en la Asociaci\u00f3n de Comerciantes de Villa Urquiza - Voces de la Comuna 15","description":"Voces de la Comuna 15","robots":{"index":"index","follow":"follow","max-snippet":"max-snippet:-1","max-image-preview":"max-image-preview:large","max-video-preview":"max-video-preview:-1"},"canonical":"https:\/\/vocesdelacomuna15.com.ar\/press\/brindis-de-fin-de-ano-en-la-asociacion-de-comerciantes-de-villa-urquiza\/","og_locale":"es_ES","og_type":"article","og_title":"Brindis de fin de a\u00f1o en la Asociaci\u00f3n de Comerciantes de Villa Urquiza - Voces de la Comuna 15","og_description":"Voces de la Comuna 15","og_url":"https:\/\/vocesdelacomuna15.com.ar\/press\/brindis-de-fin-de-ano-en-la-asociacion-de-comerciantes-de-villa-urquiza\/","og_site_name":"Voces de la Comuna 15","article_publisher":"https:\/\/www.facebook.com\/VocesComuna15\/","article_published_time":"2020-01-20T14:25:39+00:00","article_modified_time":"2020-05-02T14:27:51+00:00","og_image":[{"width":1091,"height":669,"url":"https:\/\/vocesdelacomuna15.com.ar\/wp-content\/uploads\/2020\/01\/comact03012020.png","type":"image\/png"}],"author":"Federico Arguto","twitter_card":"summary_large_image","twitter_creator":"@vocescomuna15","twitter_site":"@vocescomuna15","twitter_misc":{"Escrito por":"Federico Arguto","Tiempo de lectura":"3 minutos"},"schema":{"@context":"https:\/\/schema.org","@graph":[{"@type":"Article","@id":"https:\/\/vocesdelacomuna15.com.ar\/press\/brindis-de-fin-de-ano-en-la-asociacion-de-comerciantes-de-villa-urquiza\/#article","isPartOf":{"@id":"https:\/\/vocesdelacomuna15.com.ar\/press\/brindis-de-fin-de-ano-en-la-asociacion-de-comerciantes-de-villa-urquiza\/"},"author":{"name":"Federico Arguto","@id":"https:\/\/vocesdelacomuna15.com.ar\/press\/#\/schema\/person\/4739e109db25d799cd3d139eeb509e43"},"headline":"Brindis de fin de a\u00f1o en la Asociaci\u00f3n de Comerciantes de Villa Urquiza","datePublished":"2020-01-20T14:25:39+00:00","dateModified":"2020-05-02T14:27:51+00:00","mainEntityOfPage":{"@id":"https:\/\/vocesdelacomuna15.com.ar\/press\/brindis-de-fin-de-ano-en-la-asociacion-de-comerciantes-de-villa-urquiza\/"},"wordCount":663,"commentCount":0,"publisher":{"@id":"https:\/\/vocesdelacomuna15.com.ar\/press\/#organization"},"image":{"@id":"https:\/\/vocesdelacomuna15.com.ar\/press\/brindis-de-fin-de-ano-en-la-asociacion-de-comerciantes-de-villa-urquiza\/#primaryimage"},"thumbnailUrl":"https:\/\/vocesdelacomuna15.com.ar\/wp-content\/uploads\/2020\/01\/comact03012020.png","articleSection":["Parque chas","Sociedad","Villa Ort\u00fazar"],"inLanguage":"es-AR","potentialAction":[{"@type":"CommentAction","name":"Comment","target":["https:\/\/vocesdelacomuna15.com.ar\/press\/brindis-de-fin-de-ano-en-la-asociacion-de-comerciantes-de-villa-urquiza\/#respond"]}]},{"@type":"WebPage","@id":"https:\/\/vocesdelacomuna15.com.ar\/press\/brindis-de-fin-de-ano-en-la-asociacion-de-comerciantes-de-villa-urquiza\/","url":"https:\/\/vocesdelacomuna15.com.ar\/press\/brindis-de-fin-de-ano-en-la-asociacion-de-comerciantes-de-villa-urquiza\/","name":"Brindis de fin de a\u00f1o en la Asociaci\u00f3n de Comerciantes de Villa Urquiza - Voces de la Comuna 15","isPartOf":{"@id":"https:\/\/vocesdelacomuna15.com.ar\/press\/#website"},"primaryImageOfPage":{"@id":"https:\/\/vocesdelacomuna15.com.ar\/press\/brindis-de-fin-de-ano-en-la-asociacion-de-comerciantes-de-villa-urquiza\/#primaryimage"},"image":{"@id":"https:\/\/vocesdelacomuna15.com.ar\/press\/brindis-de-fin-de-ano-en-la-asociacion-de-comerciantes-de-villa-urquiza\/#primaryimage"},"thumbnailUrl":"https:\/\/vocesdelacomuna15.com.ar\/wp-content\/uploads\/2020\/01\/comact03012020.png","datePublished":"2020-01-20T14:25:39+00:00","dateModified":"2020-05-02T14:27:51+00:00","description":"Voces de la Comuna 15","breadcrumb":{"@id":"https:\/\/vocesdelacomuna15.com.ar\/press\/brindis-de-fin-de-ano-en-la-asociacion-de-comerciantes-de-villa-urquiza\/#breadcrumb"},"inLanguage":"es-AR","potentialAction":[{"@type":"ReadAction","target":["https:\/\/vocesdelacomuna15.com.ar\/press\/brindis-de-fin-de-ano-en-la-asociacion-de-comerciantes-de-villa-urquiza\/"]}]},{"@type":"ImageObject","inLanguage":"es-AR","@id":"https:\/\/vocesdelacomuna15.com.ar\/press\/brindis-de-fin-de-ano-en-la-asociacion-de-comerciantes-de-villa-urquiza\/#primaryimage","url":"https:\/\/vocesdelacomuna15.com.ar\/wp-content\/uploads\/2020\/01\/comact03012020.png","contentUrl":"https:\/\/vocesdelacomuna15.com.ar\/wp-content\/uploads\/2020\/01\/comact03012020.png","width":1091,"height":669},{"@type":"BreadcrumbList","@id":"https:\/\/vocesdelacomuna15.com.ar\/press\/brindis-de-fin-de-ano-en-la-asociacion-de-comerciantes-de-villa-urquiza\/#breadcrumb","itemListElement":[{"@type":"ListItem","position":1,"name":"Inicio","item":"https:\/\/vocesdelacomuna15.com.ar\/press\/"},{"@type":"ListItem","position":2,"name":"Brindis de fin de a\u00f1o en la Asociaci\u00f3n de Comerciantes de Villa Urquiza"}]},{"@type":"WebSite","@id":"https:\/\/vocesdelacomuna15.com.ar\/press\/#website","url":"https:\/\/vocesdelacomuna15.com.ar\/press\/","name":"Voces de la Comuna 15","description":"Sitio web de noticias","publisher":{"@id":"https:\/\/vocesdelacomuna15.com.ar\/press\/#organization"},"potentialAction":[{"@type":"SearchAction","target":{"@type":"EntryPoint","urlTemplate":"https:\/\/vocesdelacomuna15.com.ar\/press\/?s={search_term_string}"},"query-input":{"@type":"PropertyValueSpecification","valueRequired":true,"valueName":"search_term_string"}}],"inLanguage":"es-AR"},{"@type":"Organization","@id":"https:\/\/vocesdelacomuna15.com.ar\/press\/#organization","name":"Voces de la Comuna 15","url":"https:\/\/vocesdelacomuna15.com.ar\/press\/","logo":{"@type":"ImageObject","inLanguage":"es-AR","@id":"https:\/\/vocesdelacomuna15.com.ar\/press\/#\/schema\/logo\/image\/","url":"https:\/\/vocesdelacomuna15.com.ar\/wp-content\/uploads\/2024\/12\/cropped-logo_voces.jpg","contentUrl":"https:\/\/vocesdelacomuna15.com.ar\/wp-content\/uploads\/2024\/12\/cropped-logo_voces.jpg","width":512,"height":512,"caption":"Voces de la Comuna 15"},"image":{"@id":"https:\/\/vocesdelacomuna15.com.ar\/press\/#\/schema\/logo\/image\/"},"sameAs":["https:\/\/www.facebook.com\/VocesComuna15\/","https:\/\/x.com\/vocescomuna15"]},{"@type":"Person","@id":"https:\/\/vocesdelacomuna15.com.ar\/press\/#\/schema\/person\/4739e109db25d799cd3d139eeb509e43","name":"Federico Arguto","image":{"@type":"ImageObject","inLanguage":"es-AR","@id":"https:\/\/vocesdelacomuna15.com.ar\/wp-content\/litespeed\/avatar\/82faf979976f1bae889b8b71f8a0a7e5.jpg?ver=1777419741","url":"https:\/\/vocesdelacomuna15.com.ar\/wp-content\/litespeed\/avatar\/82faf979976f1bae889b8b71f8a0a7e5.jpg?ver=1777419741","contentUrl":"https:\/\/vocesdelacomuna15.com.ar\/wp-content\/litespeed\/avatar\/82faf979976f1bae889b8b71f8a0a7e5.jpg?ver=1777419741","caption":"Federico Arguto"},"url":"https:\/\/vocesdelacomuna15.com.ar\/press\/author\/fede\/"}]}},"_links":{"self":[{"href":"https:\/\/vocesdelacomuna15.com.ar\/press\/wp-json\/wp\/v2\/posts\/51997","targetHints":{"allow":["GET"]}}],"collection":[{"href":"https:\/\/vocesdelacomuna15.com.ar\/press\/wp-json\/wp\/v2\/posts"}],"about":[{"href":"https:\/\/vocesdelacomuna15.com.ar\/press\/wp-json\/wp\/v2\/types\/post"}],"author":[{"embeddable":true,"href":"https:\/\/vocesdelacomuna15.com.ar\/press\/wp-json\/wp\/v2\/users\/2"}],"replies":[{"embeddable":true,"href":"https:\/\/vocesdelacomuna15.com.ar\/press\/wp-json\/wp\/v2\/comments?post=51997"}],"version-history":[{"count":1,"href":"https:\/\/vocesdelacomuna15.com.ar\/press\/wp-json\/wp\/v2\/posts\/51997\/revisions"}],"predecessor-version":[{"id":51998,"href":"https:\/\/vocesdelacomuna15.com.ar\/press\/wp-json\/wp\/v2\/posts\/51997\/revisions\/51998"}],"wp:featuredmedia":[{"embeddable":true,"href":"https:\/\/vocesdelacomuna15.com.ar\/press\/wp-json\/wp\/v2\/media\/51999"}],"wp:attachment":[{"href":"https:\/\/vocesdelacomuna15.com.ar\/press\/wp-json\/wp\/v2\/media?parent=51997"}],"wp:term":[{"taxonomy":"category","embeddable":true,"href":"https:\/\/vocesdelacomuna15.com.ar\/press\/wp-json\/wp\/v2\/categories?post=51997"},{"taxonomy":"post_tag","embeddable":true,"href":"https:\/\/vocesdelacomuna15.com.ar\/press\/wp-json\/wp\/v2\/tags?post=51997"}],"curies":[{"name":"wp","href":"https:\/\/api.w.org\/{rel}","templated":true}]}}