{"id":51994,"date":"2020-01-13T11:23:52","date_gmt":"2020-01-13T14:23:52","guid":{"rendered":"http:\/\/vocesdelacomuna15.com.ar\/wordpress\/?p=51994"},"modified":"2020-05-02T11:25:23","modified_gmt":"2020-05-02T14:25:23","slug":"vuelve-vamos-las-plazas-con-mas-de-720-actividades-para-disfrutar-del-verano","status":"publish","type":"post","link":"https:\/\/vocesdelacomuna15.com.ar\/press\/vuelve-vamos-las-plazas-con-mas-de-720-actividades-para-disfrutar-del-verano\/","title":{"rendered":"Vuelve \u201cVamos las Plazas\u201d, con m\u00e1s de 720 actividades para disfrutar del verano"},"content":{"rendered":"\n<h4 class=\"wp-block-heading\">Hasta el 1 de marzo se realizar\u00e1n shows de teatro, m\u00fasica en vivo,  animaciones, espect\u00e1culos circenses y unipersonales para todas las  edades en las plazas porte\u00f1as. Fuente: Buenos Aires Ciudad<\/h4>\n\n\n\n<p>Burbujas gigantes de brillo tornasolado y trajes de colores \nfosforescentes. El sonido de los instrumentos musicales mezclados con \nlas risas y las exclamaciones de asombro de los m\u00e1s chicos. T\u00edteres, \nclown, teatro. Las plazas y los parques porte\u00f1os vuelven a llenarse de \nmagia hasta el 1 de marzo con una nueva edici\u00f3n de Vamos las plazas . El\n programa de la Ciudad que lleva a los espacios verdes porte\u00f1os m\u00e1s de \n30 actividades diarias para el disfrute de los vecinos.\n\u201cEsta es una linda iniciativa para compartir las tardes del fin de \nsemana en familia en los parques y plazas de la Ciudad, que son un punto\n de encuentro durante todo el a\u00f1o y en el verano todav\u00eda m\u00e1s\u201d afirm\u00f3 \nFelipe Miguel, jefe de Gabinete porte\u00f1o.\nEl programa, pensado para todas las edades, se podr\u00e1 disfrutar los \nviernes, s\u00e1bados y domingos en dos horarios a las 17.30 y a las 19.30 en\n forma simult\u00e1nea en las plazas seleccionadas. En total, el programa \ncuenta con 720 shows o actividades .\n\u201cSeguimos trabajando para ofrecer cada d\u00eda m\u00e1s y mejores espacios verdes\n para el disfrute de los porte\u00f1os y los visitantes de la Ciudad\u201d, afirm\u00f3\n Facundo Carrillo, secretario de Atenci\u00f3n Ciudadana y Gesti\u00f3n Comunal y \ncoment\u00f3 \u201cLa edici\u00f3n 2019 tuvo una gran participaci\u00f3n por lo que \nesperamos para este 2020 una afluencia a\u00fan mayor de familias\u201d.\nDesde el sur con Plaza Sudam\u00e9rica en Villa Lugano hasta extremo norte de\n Buenos Aires con el Parque Saavedra, y desde el este con la Plaza \nRosario Vera Pe\u00f1aloza en San Telmo hasta el oeste con la Plaza de \nIsadora en Liniers, treinta espacios porte\u00f1os van a recibir a aquellos \nque quieran vivir una experiencia de verano diferente a cuadras de su \ncasa .\n\u201cLa propuesta de Vamos las Plazas se suma a otras tantas que tenemos \npara aprovechar la Ciudad al m\u00e1ximo en los meses de calor: durante la \nsemana los Parques y Polideportivos de la Ciudad se llenan de chicos en \nlas Colonias de Vacaciones; afirm\u00f3 Felipe Miguel y continu\u00f3: \u201ctenemos el\n cl\u00e1sico BA Playa en el Parque de los Ni\u00f1os e Indoamericano; y, el mes \nque viene, vamos a celebrar el Carnaval Porte\u00f1o con funciones, talleres y\n encuentros en centro culturales, teatros y plazas.\nEsta es la tercera edici\u00f3n de Vamos las plazas. El programa ya tuvo sus \nversiones de verano y de invierno durante el a\u00f1o pasado. En la edici\u00f3n \ndel verano 2019, m\u00e1s de 73 mil vecinos participaron de las diferentes \npropuestas de la Ciudad.\n\u201cVamos las plazas busca incentivar al vecino a redescubrir los espacios \nverdes de su barrio y conectar desde otro lugar con ellos a partir de \nactividades variadas y divertidas para todas las edades. Como en las \nediciones anteriores, queremos ver las sonrisas de miles de chicos \ncautivados con la magia de las plazas y parques de la Ciudad \u201d, explic\u00f3 \nCarrillo.\nEntre las actividades se destaca Filomena Clementina , viajera del aire.\n Una obra de teatro inclusiva realizada \u00edntegramente en lengua de se\u00f1as y\n con audio en simult\u00e1neo. Basada en cuatro cuentos del pedagogo y \nescritor italiano Gianni Rodari, la obra que \u201cse puede ver, escuchar y \nsentir\u201d recrea mundos \u201cimposibles\u201d con una modalidad creativa.\nEl tr\u00edo compuesto de guitarra, contrabajo y percusi\u00f3n Cien volando \nllevar\u00e1 al aire libre porte\u00f1o un espect\u00e1culo musical con reversiones de \ncl\u00e1sicos infantiles y nuevas canciones que, a partir de una aproximaci\u00f3n\n l\u00fadica, exploran tem\u00e1ticas como la naturaleza y la identidad.\nBoom Chapadama , una experiencia colectiva de percusi\u00f3n urbana, es otra \nde las propuestas m\u00e1s llamativas. El grupo busca despertar los sentidos y\n cuestionar el rol tradicional del espectador despertando a trav\u00e9s del \nritmo sus \u201crecuerdos tribales\u201d. Con la idea de concientizar sobre la \nreutilizaci\u00f3n y revaloraci\u00f3n del objeto desechado, realizan el montaje \nde sus shows con materiales reciclados.\nCon m\u00e1s de diez a\u00f1os juntos, el grupo formado por docentes Anda Calabaza\n explorar\u00e1 con temas propios y covers de artistas como Miguel Abuelo y \nRingo Starr g\u00e9neros musicales que van desde el reggae a la electr\u00f3nica \npara invitar a grandes y chicos a reir, jugar y bailar.\n\u201cEste verano al igual que el a\u00f1o pasado las plazas se llenar\u00e1n de \nactividades para que vecinos y turistas puedan ser una vez m\u00e1s \nprotagonistas de la cultura. El espacio p\u00fablico ser\u00e1 escenario de \nm\u00faltiples propuestas para que toda la familia disfrute de un verano a \npleno\u201d, concluy\u00f3 Enrique Avogadro, ministro de Cultura de la Ciudad.\n\nPara ver la programaci\u00f3n completa consultar la web oficial: \nhttps:\/\/www.buenosaires.gob.ar\/atencionygestionciudadana\/noticias\/vuelve-vamos-las-plazas-con-mas-de-720-actividades-para-disfrutar\n\nNota: En la Comuna 15 las actividades se desarrollar\u00e1n en las plazas 25 \nde Agosto (14 de Julio y Charlone- Villa Ort\u00fazar) y Domingo Fidel \nSarmiento (G\u00e1ndara y Gamarra- Parque Chas). <\/p>\n<div class=\"pvc_clear\"><\/div><p id=\"pvc_stats_51994\" class=\"pvc_stats all  \" data-element-id=\"51994\" style=\"\"><i class=\"pvc-stats-icon small\" aria-hidden=\"true\"><svg aria-hidden=\"true\" focusable=\"false\" data-prefix=\"far\" data-icon=\"chart-bar\" role=\"img\" xmlns=\"http:\/\/www.w3.org\/2000\/svg\" viewBox=\"0 0 512 512\" class=\"svg-inline--fa fa-chart-bar fa-w-16 fa-2x\"><path fill=\"currentColor\" d=\"M396.8 352h22.4c6.4 0 12.8-6.4 12.8-12.8V108.8c0-6.4-6.4-12.8-12.8-12.8h-22.4c-6.4 0-12.8 6.4-12.8 12.8v230.4c0 6.4 6.4 12.8 12.8 12.8zm-192 0h22.4c6.4 0 12.8-6.4 12.8-12.8V140.8c0-6.4-6.4-12.8-12.8-12.8h-22.4c-6.4 0-12.8 6.4-12.8 12.8v198.4c0 6.4 6.4 12.8 12.8 12.8zm96 0h22.4c6.4 0 12.8-6.4 12.8-12.8V204.8c0-6.4-6.4-12.8-12.8-12.8h-22.4c-6.4 0-12.8 6.4-12.8 12.8v134.4c0 6.4 6.4 12.8 12.8 12.8zM496 400H48V80c0-8.84-7.16-16-16-16H16C7.16 64 0 71.16 0 80v336c0 17.67 14.33 32 32 32h464c8.84 0 16-7.16 16-16v-16c0-8.84-7.16-16-16-16zm-387.2-48h22.4c6.4 0 12.8-6.4 12.8-12.8v-70.4c0-6.4-6.4-12.8-12.8-12.8h-22.4c-6.4 0-12.8 6.4-12.8 12.8v70.4c0 6.4 6.4 12.8 12.8 12.8z\" class=\"\"><\/path><\/svg><\/i> <img loading=\"lazy\" decoding=\"async\" width=\"16\" height=\"16\" alt=\"Loading\" src=\"https:\/\/vocesdelacomuna15.com.ar\/wp-content\/plugins\/page-views-count\/ajax-loader-2x.gif\" border=0 \/><\/p><div class=\"pvc_clear\"><\/div>","protected":false},"excerpt":{"rendered":"<p>Hasta el 1 de marzo se realizar\u00e1n shows de teatro, m\u00fasica en vivo, animaciones, espect\u00e1culos circenses y unipersonales para todas las edades en las plazas porte\u00f1as. Fuente: Buenos Aires Ciudad Burbujas gigantes de brillo tornasolado y trajes de colores fosforescentes. El sonido de los instrumentos musicales mezclados con las risas y las exclamaciones de asombro [&hellip;]<\/p>\n<div class=\"pvc_clear\"><\/div>\n<p id=\"pvc_stats_51994\" class=\"pvc_stats all  \" data-element-id=\"51994\" style=\"\"><i class=\"pvc-stats-icon small\" aria-hidden=\"true\"><svg aria-hidden=\"true\" focusable=\"false\" data-prefix=\"far\" data-icon=\"chart-bar\" role=\"img\" xmlns=\"http:\/\/www.w3.org\/2000\/svg\" viewBox=\"0 0 512 512\" class=\"svg-inline--fa fa-chart-bar fa-w-16 fa-2x\"><path fill=\"currentColor\" d=\"M396.8 352h22.4c6.4 0 12.8-6.4 12.8-12.8V108.8c0-6.4-6.4-12.8-12.8-12.8h-22.4c-6.4 0-12.8 6.4-12.8 12.8v230.4c0 6.4 6.4 12.8 12.8 12.8zm-192 0h22.4c6.4 0 12.8-6.4 12.8-12.8V140.8c0-6.4-6.4-12.8-12.8-12.8h-22.4c-6.4 0-12.8 6.4-12.8 12.8v198.4c0 6.4 6.4 12.8 12.8 12.8zm96 0h22.4c6.4 0 12.8-6.4 12.8-12.8V204.8c0-6.4-6.4-12.8-12.8-12.8h-22.4c-6.4 0-12.8 6.4-12.8 12.8v134.4c0 6.4 6.4 12.8 12.8 12.8zM496 400H48V80c0-8.84-7.16-16-16-16H16C7.16 64 0 71.16 0 80v336c0 17.67 14.33 32 32 32h464c8.84 0 16-7.16 16-16v-16c0-8.84-7.16-16-16-16zm-387.2-48h22.4c6.4 0 12.8-6.4 12.8-12.8v-70.4c0-6.4-6.4-12.8-12.8-12.8h-22.4c-6.4 0-12.8 6.4-12.8 12.8v70.4c0 6.4 6.4 12.8 12.8 12.8z\" class=\"\"><\/path><\/svg><\/i> <img loading=\"lazy\" decoding=\"async\" width=\"16\" height=\"16\" alt=\"Loading\" src=\"https:\/\/vocesdelacomuna15.com.ar\/wp-content\/plugins\/page-views-count\/ajax-loader-2x.gif\" border=0 \/><\/p>\n<div class=\"pvc_clear\"><\/div>\n","protected":false},"author":2,"featured_media":51995,"comment_status":"open","ping_status":"open","sticky":false,"template":"","format":"standard","meta":{"_et_pb_use_builder":"off","_et_pb_old_content":"","_et_gb_content_width":"","footnotes":""},"categories":[26,30,33],"tags":[],"class_list":["post-51994","post","type-post","status-publish","format-standard","has-post-thumbnail","hentry","category-ciudad","category-pchas","category-vort","et-has-post-format-content","et_post_format-et-post-format-standard"],"a3_pvc":{"activated":true,"total_views":237,"today_views":0},"yoast_head":"<!-- This site is optimized with the Yoast SEO plugin v27.5 - https:\/\/yoast.com\/product\/yoast-seo-wordpress\/ -->\n<title>Vuelve \u201cVamos las Plazas\u201d, con m\u00e1s de 720 actividades para disfrutar del verano - Voces de la Comuna 15<\/title>\n<meta name=\"description\" content=\"Voces de la Comuna 15\" \/>\n<meta name=\"robots\" content=\"index, follow, max-snippet:-1, max-image-preview:large, max-video-preview:-1\" \/>\n<link rel=\"canonical\" href=\"https:\/\/vocesdelacomuna15.com.ar\/press\/vuelve-vamos-las-plazas-con-mas-de-720-actividades-para-disfrutar-del-verano\/\" \/>\n<meta property=\"og:locale\" content=\"es_ES\" \/>\n<meta property=\"og:type\" content=\"article\" \/>\n<meta property=\"og:title\" content=\"Vuelve \u201cVamos las Plazas\u201d, con m\u00e1s de 720 actividades para disfrutar del verano - Voces de la Comuna 15\" \/>\n<meta property=\"og:description\" content=\"Voces de la Comuna 15\" \/>\n<meta property=\"og:url\" content=\"https:\/\/vocesdelacomuna15.com.ar\/press\/vuelve-vamos-las-plazas-con-mas-de-720-actividades-para-disfrutar-del-verano\/\" \/>\n<meta property=\"og:site_name\" content=\"Voces de la Comuna 15\" \/>\n<meta property=\"article:publisher\" content=\"https:\/\/www.facebook.com\/VocesComuna15\/\" \/>\n<meta property=\"article:published_time\" content=\"2020-01-13T14:23:52+00:00\" \/>\n<meta property=\"article:modified_time\" content=\"2020-05-02T14:25:23+00:00\" \/>\n<meta property=\"og:image\" content=\"https:\/\/vocesdelacomuna15.com.ar\/wp-content\/uploads\/2020\/05\/comunas-13012020.png\" \/>\n\t<meta property=\"og:image:width\" content=\"970\" \/>\n\t<meta property=\"og:image:height\" content=\"720\" \/>\n\t<meta property=\"og:image:type\" content=\"image\/png\" \/>\n<meta name=\"author\" content=\"Federico Arguto\" \/>\n<meta name=\"twitter:card\" content=\"summary_large_image\" \/>\n<meta name=\"twitter:creator\" content=\"@vocescomuna15\" \/>\n<meta name=\"twitter:site\" content=\"@vocescomuna15\" \/>\n<meta name=\"twitter:label1\" content=\"Escrito por\" \/>\n\t<meta name=\"twitter:data1\" content=\"Federico Arguto\" \/>\n\t<meta name=\"twitter:label2\" content=\"Tiempo de lectura\" \/>\n\t<meta name=\"twitter:data2\" content=\"4 minutos\" \/>\n<script type=\"application\/ld+json\" class=\"yoast-schema-graph\">{\"@context\":\"https:\\\/\\\/schema.org\",\"@graph\":[{\"@type\":\"Article\",\"@id\":\"https:\\\/\\\/vocesdelacomuna15.com.ar\\\/press\\\/vuelve-vamos-las-plazas-con-mas-de-720-actividades-para-disfrutar-del-verano\\\/#article\",\"isPartOf\":{\"@id\":\"https:\\\/\\\/vocesdelacomuna15.com.ar\\\/press\\\/vuelve-vamos-las-plazas-con-mas-de-720-actividades-para-disfrutar-del-verano\\\/\"},\"author\":{\"name\":\"Federico Arguto\",\"@id\":\"https:\\\/\\\/vocesdelacomuna15.com.ar\\\/press\\\/#\\\/schema\\\/person\\\/4739e109db25d799cd3d139eeb509e43\"},\"headline\":\"Vuelve \u201cVamos las Plazas\u201d, con m\u00e1s de 720 actividades para disfrutar del verano\",\"datePublished\":\"2020-01-13T14:23:52+00:00\",\"dateModified\":\"2020-05-02T14:25:23+00:00\",\"mainEntityOfPage\":{\"@id\":\"https:\\\/\\\/vocesdelacomuna15.com.ar\\\/press\\\/vuelve-vamos-las-plazas-con-mas-de-720-actividades-para-disfrutar-del-verano\\\/\"},\"wordCount\":869,\"commentCount\":0,\"publisher\":{\"@id\":\"https:\\\/\\\/vocesdelacomuna15.com.ar\\\/press\\\/#organization\"},\"image\":{\"@id\":\"https:\\\/\\\/vocesdelacomuna15.com.ar\\\/press\\\/vuelve-vamos-las-plazas-con-mas-de-720-actividades-para-disfrutar-del-verano\\\/#primaryimage\"},\"thumbnailUrl\":\"https:\\\/\\\/vocesdelacomuna15.com.ar\\\/wp-content\\\/uploads\\\/2020\\\/05\\\/comunas-13012020.png\",\"articleSection\":[\"Ciudad\",\"Parque chas\",\"Villa Ort\u00fazar\"],\"inLanguage\":\"es-AR\",\"potentialAction\":[{\"@type\":\"CommentAction\",\"name\":\"Comment\",\"target\":[\"https:\\\/\\\/vocesdelacomuna15.com.ar\\\/press\\\/vuelve-vamos-las-plazas-con-mas-de-720-actividades-para-disfrutar-del-verano\\\/#respond\"]}]},{\"@type\":\"WebPage\",\"@id\":\"https:\\\/\\\/vocesdelacomuna15.com.ar\\\/press\\\/vuelve-vamos-las-plazas-con-mas-de-720-actividades-para-disfrutar-del-verano\\\/\",\"url\":\"https:\\\/\\\/vocesdelacomuna15.com.ar\\\/press\\\/vuelve-vamos-las-plazas-con-mas-de-720-actividades-para-disfrutar-del-verano\\\/\",\"name\":\"Vuelve \u201cVamos las Plazas\u201d, con m\u00e1s de 720 actividades para disfrutar del verano - Voces de la Comuna 15\",\"isPartOf\":{\"@id\":\"https:\\\/\\\/vocesdelacomuna15.com.ar\\\/press\\\/#website\"},\"primaryImageOfPage\":{\"@id\":\"https:\\\/\\\/vocesdelacomuna15.com.ar\\\/press\\\/vuelve-vamos-las-plazas-con-mas-de-720-actividades-para-disfrutar-del-verano\\\/#primaryimage\"},\"image\":{\"@id\":\"https:\\\/\\\/vocesdelacomuna15.com.ar\\\/press\\\/vuelve-vamos-las-plazas-con-mas-de-720-actividades-para-disfrutar-del-verano\\\/#primaryimage\"},\"thumbnailUrl\":\"https:\\\/\\\/vocesdelacomuna15.com.ar\\\/wp-content\\\/uploads\\\/2020\\\/05\\\/comunas-13012020.png\",\"datePublished\":\"2020-01-13T14:23:52+00:00\",\"dateModified\":\"2020-05-02T14:25:23+00:00\",\"description\":\"Voces de la Comuna 15\",\"breadcrumb\":{\"@id\":\"https:\\\/\\\/vocesdelacomuna15.com.ar\\\/press\\\/vuelve-vamos-las-plazas-con-mas-de-720-actividades-para-disfrutar-del-verano\\\/#breadcrumb\"},\"inLanguage\":\"es-AR\",\"potentialAction\":[{\"@type\":\"ReadAction\",\"target\":[\"https:\\\/\\\/vocesdelacomuna15.com.ar\\\/press\\\/vuelve-vamos-las-plazas-con-mas-de-720-actividades-para-disfrutar-del-verano\\\/\"]}]},{\"@type\":\"ImageObject\",\"inLanguage\":\"es-AR\",\"@id\":\"https:\\\/\\\/vocesdelacomuna15.com.ar\\\/press\\\/vuelve-vamos-las-plazas-con-mas-de-720-actividades-para-disfrutar-del-verano\\\/#primaryimage\",\"url\":\"https:\\\/\\\/vocesdelacomuna15.com.ar\\\/wp-content\\\/uploads\\\/2020\\\/05\\\/comunas-13012020.png\",\"contentUrl\":\"https:\\\/\\\/vocesdelacomuna15.com.ar\\\/wp-content\\\/uploads\\\/2020\\\/05\\\/comunas-13012020.png\",\"width\":970,\"height\":720},{\"@type\":\"BreadcrumbList\",\"@id\":\"https:\\\/\\\/vocesdelacomuna15.com.ar\\\/press\\\/vuelve-vamos-las-plazas-con-mas-de-720-actividades-para-disfrutar-del-verano\\\/#breadcrumb\",\"itemListElement\":[{\"@type\":\"ListItem\",\"position\":1,\"name\":\"Inicio\",\"item\":\"https:\\\/\\\/vocesdelacomuna15.com.ar\\\/press\\\/\"},{\"@type\":\"ListItem\",\"position\":2,\"name\":\"Vuelve \u201cVamos las Plazas\u201d, con m\u00e1s de 720 actividades para disfrutar del verano\"}]},{\"@type\":\"WebSite\",\"@id\":\"https:\\\/\\\/vocesdelacomuna15.com.ar\\\/press\\\/#website\",\"url\":\"https:\\\/\\\/vocesdelacomuna15.com.ar\\\/press\\\/\",\"name\":\"Voces de la Comuna 15\",\"description\":\"Sitio web de noticias\",\"publisher\":{\"@id\":\"https:\\\/\\\/vocesdelacomuna15.com.ar\\\/press\\\/#organization\"},\"potentialAction\":[{\"@type\":\"SearchAction\",\"target\":{\"@type\":\"EntryPoint\",\"urlTemplate\":\"https:\\\/\\\/vocesdelacomuna15.com.ar\\\/press\\\/?s={search_term_string}\"},\"query-input\":{\"@type\":\"PropertyValueSpecification\",\"valueRequired\":true,\"valueName\":\"search_term_string\"}}],\"inLanguage\":\"es-AR\"},{\"@type\":\"Organization\",\"@id\":\"https:\\\/\\\/vocesdelacomuna15.com.ar\\\/press\\\/#organization\",\"name\":\"Voces de la Comuna 15\",\"url\":\"https:\\\/\\\/vocesdelacomuna15.com.ar\\\/press\\\/\",\"logo\":{\"@type\":\"ImageObject\",\"inLanguage\":\"es-AR\",\"@id\":\"https:\\\/\\\/vocesdelacomuna15.com.ar\\\/press\\\/#\\\/schema\\\/logo\\\/image\\\/\",\"url\":\"https:\\\/\\\/vocesdelacomuna15.com.ar\\\/wp-content\\\/uploads\\\/2024\\\/12\\\/cropped-logo_voces.jpg\",\"contentUrl\":\"https:\\\/\\\/vocesdelacomuna15.com.ar\\\/wp-content\\\/uploads\\\/2024\\\/12\\\/cropped-logo_voces.jpg\",\"width\":512,\"height\":512,\"caption\":\"Voces de la Comuna 15\"},\"image\":{\"@id\":\"https:\\\/\\\/vocesdelacomuna15.com.ar\\\/press\\\/#\\\/schema\\\/logo\\\/image\\\/\"},\"sameAs\":[\"https:\\\/\\\/www.facebook.com\\\/VocesComuna15\\\/\",\"https:\\\/\\\/x.com\\\/vocescomuna15\"]},{\"@type\":\"Person\",\"@id\":\"https:\\\/\\\/vocesdelacomuna15.com.ar\\\/press\\\/#\\\/schema\\\/person\\\/4739e109db25d799cd3d139eeb509e43\",\"name\":\"Federico Arguto\",\"image\":{\"@type\":\"ImageObject\",\"inLanguage\":\"es-AR\",\"@id\":\"https:\\\/\\\/vocesdelacomuna15.com.ar\\\/wp-content\\\/litespeed\\\/avatar\\\/82faf979976f1bae889b8b71f8a0a7e5.jpg?ver=1777419741\",\"url\":\"https:\\\/\\\/vocesdelacomuna15.com.ar\\\/wp-content\\\/litespeed\\\/avatar\\\/82faf979976f1bae889b8b71f8a0a7e5.jpg?ver=1777419741\",\"contentUrl\":\"https:\\\/\\\/vocesdelacomuna15.com.ar\\\/wp-content\\\/litespeed\\\/avatar\\\/82faf979976f1bae889b8b71f8a0a7e5.jpg?ver=1777419741\",\"caption\":\"Federico Arguto\"},\"url\":\"https:\\\/\\\/vocesdelacomuna15.com.ar\\\/press\\\/author\\\/fede\\\/\"}]}<\/script>\n<!-- \/ Yoast SEO plugin. -->","yoast_head_json":{"title":"Vuelve \u201cVamos las Plazas\u201d, con m\u00e1s de 720 actividades para disfrutar del verano - Voces de la Comuna 15","description":"Voces de la Comuna 15","robots":{"index":"index","follow":"follow","max-snippet":"max-snippet:-1","max-image-preview":"max-image-preview:large","max-video-preview":"max-video-preview:-1"},"canonical":"https:\/\/vocesdelacomuna15.com.ar\/press\/vuelve-vamos-las-plazas-con-mas-de-720-actividades-para-disfrutar-del-verano\/","og_locale":"es_ES","og_type":"article","og_title":"Vuelve \u201cVamos las Plazas\u201d, con m\u00e1s de 720 actividades para disfrutar del verano - Voces de la Comuna 15","og_description":"Voces de la Comuna 15","og_url":"https:\/\/vocesdelacomuna15.com.ar\/press\/vuelve-vamos-las-plazas-con-mas-de-720-actividades-para-disfrutar-del-verano\/","og_site_name":"Voces de la Comuna 15","article_publisher":"https:\/\/www.facebook.com\/VocesComuna15\/","article_published_time":"2020-01-13T14:23:52+00:00","article_modified_time":"2020-05-02T14:25:23+00:00","og_image":[{"width":970,"height":720,"url":"https:\/\/vocesdelacomuna15.com.ar\/wp-content\/uploads\/2020\/05\/comunas-13012020.png","type":"image\/png"}],"author":"Federico Arguto","twitter_card":"summary_large_image","twitter_creator":"@vocescomuna15","twitter_site":"@vocescomuna15","twitter_misc":{"Escrito por":"Federico Arguto","Tiempo de lectura":"4 minutos"},"schema":{"@context":"https:\/\/schema.org","@graph":[{"@type":"Article","@id":"https:\/\/vocesdelacomuna15.com.ar\/press\/vuelve-vamos-las-plazas-con-mas-de-720-actividades-para-disfrutar-del-verano\/#article","isPartOf":{"@id":"https:\/\/vocesdelacomuna15.com.ar\/press\/vuelve-vamos-las-plazas-con-mas-de-720-actividades-para-disfrutar-del-verano\/"},"author":{"name":"Federico Arguto","@id":"https:\/\/vocesdelacomuna15.com.ar\/press\/#\/schema\/person\/4739e109db25d799cd3d139eeb509e43"},"headline":"Vuelve \u201cVamos las Plazas\u201d, con m\u00e1s de 720 actividades para disfrutar del verano","datePublished":"2020-01-13T14:23:52+00:00","dateModified":"2020-05-02T14:25:23+00:00","mainEntityOfPage":{"@id":"https:\/\/vocesdelacomuna15.com.ar\/press\/vuelve-vamos-las-plazas-con-mas-de-720-actividades-para-disfrutar-del-verano\/"},"wordCount":869,"commentCount":0,"publisher":{"@id":"https:\/\/vocesdelacomuna15.com.ar\/press\/#organization"},"image":{"@id":"https:\/\/vocesdelacomuna15.com.ar\/press\/vuelve-vamos-las-plazas-con-mas-de-720-actividades-para-disfrutar-del-verano\/#primaryimage"},"thumbnailUrl":"https:\/\/vocesdelacomuna15.com.ar\/wp-content\/uploads\/2020\/05\/comunas-13012020.png","articleSection":["Ciudad","Parque chas","Villa Ort\u00fazar"],"inLanguage":"es-AR","potentialAction":[{"@type":"CommentAction","name":"Comment","target":["https:\/\/vocesdelacomuna15.com.ar\/press\/vuelve-vamos-las-plazas-con-mas-de-720-actividades-para-disfrutar-del-verano\/#respond"]}]},{"@type":"WebPage","@id":"https:\/\/vocesdelacomuna15.com.ar\/press\/vuelve-vamos-las-plazas-con-mas-de-720-actividades-para-disfrutar-del-verano\/","url":"https:\/\/vocesdelacomuna15.com.ar\/press\/vuelve-vamos-las-plazas-con-mas-de-720-actividades-para-disfrutar-del-verano\/","name":"Vuelve \u201cVamos las Plazas\u201d, con m\u00e1s de 720 actividades para disfrutar del verano - Voces de la Comuna 15","isPartOf":{"@id":"https:\/\/vocesdelacomuna15.com.ar\/press\/#website"},"primaryImageOfPage":{"@id":"https:\/\/vocesdelacomuna15.com.ar\/press\/vuelve-vamos-las-plazas-con-mas-de-720-actividades-para-disfrutar-del-verano\/#primaryimage"},"image":{"@id":"https:\/\/vocesdelacomuna15.com.ar\/press\/vuelve-vamos-las-plazas-con-mas-de-720-actividades-para-disfrutar-del-verano\/#primaryimage"},"thumbnailUrl":"https:\/\/vocesdelacomuna15.com.ar\/wp-content\/uploads\/2020\/05\/comunas-13012020.png","datePublished":"2020-01-13T14:23:52+00:00","dateModified":"2020-05-02T14:25:23+00:00","description":"Voces de la Comuna 15","breadcrumb":{"@id":"https:\/\/vocesdelacomuna15.com.ar\/press\/vuelve-vamos-las-plazas-con-mas-de-720-actividades-para-disfrutar-del-verano\/#breadcrumb"},"inLanguage":"es-AR","potentialAction":[{"@type":"ReadAction","target":["https:\/\/vocesdelacomuna15.com.ar\/press\/vuelve-vamos-las-plazas-con-mas-de-720-actividades-para-disfrutar-del-verano\/"]}]},{"@type":"ImageObject","inLanguage":"es-AR","@id":"https:\/\/vocesdelacomuna15.com.ar\/press\/vuelve-vamos-las-plazas-con-mas-de-720-actividades-para-disfrutar-del-verano\/#primaryimage","url":"https:\/\/vocesdelacomuna15.com.ar\/wp-content\/uploads\/2020\/05\/comunas-13012020.png","contentUrl":"https:\/\/vocesdelacomuna15.com.ar\/wp-content\/uploads\/2020\/05\/comunas-13012020.png","width":970,"height":720},{"@type":"BreadcrumbList","@id":"https:\/\/vocesdelacomuna15.com.ar\/press\/vuelve-vamos-las-plazas-con-mas-de-720-actividades-para-disfrutar-del-verano\/#breadcrumb","itemListElement":[{"@type":"ListItem","position":1,"name":"Inicio","item":"https:\/\/vocesdelacomuna15.com.ar\/press\/"},{"@type":"ListItem","position":2,"name":"Vuelve \u201cVamos las Plazas\u201d, con m\u00e1s de 720 actividades para disfrutar del verano"}]},{"@type":"WebSite","@id":"https:\/\/vocesdelacomuna15.com.ar\/press\/#website","url":"https:\/\/vocesdelacomuna15.com.ar\/press\/","name":"Voces de la Comuna 15","description":"Sitio web de noticias","publisher":{"@id":"https:\/\/vocesdelacomuna15.com.ar\/press\/#organization"},"potentialAction":[{"@type":"SearchAction","target":{"@type":"EntryPoint","urlTemplate":"https:\/\/vocesdelacomuna15.com.ar\/press\/?s={search_term_string}"},"query-input":{"@type":"PropertyValueSpecification","valueRequired":true,"valueName":"search_term_string"}}],"inLanguage":"es-AR"},{"@type":"Organization","@id":"https:\/\/vocesdelacomuna15.com.ar\/press\/#organization","name":"Voces de la Comuna 15","url":"https:\/\/vocesdelacomuna15.com.ar\/press\/","logo":{"@type":"ImageObject","inLanguage":"es-AR","@id":"https:\/\/vocesdelacomuna15.com.ar\/press\/#\/schema\/logo\/image\/","url":"https:\/\/vocesdelacomuna15.com.ar\/wp-content\/uploads\/2024\/12\/cropped-logo_voces.jpg","contentUrl":"https:\/\/vocesdelacomuna15.com.ar\/wp-content\/uploads\/2024\/12\/cropped-logo_voces.jpg","width":512,"height":512,"caption":"Voces de la Comuna 15"},"image":{"@id":"https:\/\/vocesdelacomuna15.com.ar\/press\/#\/schema\/logo\/image\/"},"sameAs":["https:\/\/www.facebook.com\/VocesComuna15\/","https:\/\/x.com\/vocescomuna15"]},{"@type":"Person","@id":"https:\/\/vocesdelacomuna15.com.ar\/press\/#\/schema\/person\/4739e109db25d799cd3d139eeb509e43","name":"Federico Arguto","image":{"@type":"ImageObject","inLanguage":"es-AR","@id":"https:\/\/vocesdelacomuna15.com.ar\/wp-content\/litespeed\/avatar\/82faf979976f1bae889b8b71f8a0a7e5.jpg?ver=1777419741","url":"https:\/\/vocesdelacomuna15.com.ar\/wp-content\/litespeed\/avatar\/82faf979976f1bae889b8b71f8a0a7e5.jpg?ver=1777419741","contentUrl":"https:\/\/vocesdelacomuna15.com.ar\/wp-content\/litespeed\/avatar\/82faf979976f1bae889b8b71f8a0a7e5.jpg?ver=1777419741","caption":"Federico Arguto"},"url":"https:\/\/vocesdelacomuna15.com.ar\/press\/author\/fede\/"}]}},"_links":{"self":[{"href":"https:\/\/vocesdelacomuna15.com.ar\/press\/wp-json\/wp\/v2\/posts\/51994","targetHints":{"allow":["GET"]}}],"collection":[{"href":"https:\/\/vocesdelacomuna15.com.ar\/press\/wp-json\/wp\/v2\/posts"}],"about":[{"href":"https:\/\/vocesdelacomuna15.com.ar\/press\/wp-json\/wp\/v2\/types\/post"}],"author":[{"embeddable":true,"href":"https:\/\/vocesdelacomuna15.com.ar\/press\/wp-json\/wp\/v2\/users\/2"}],"replies":[{"embeddable":true,"href":"https:\/\/vocesdelacomuna15.com.ar\/press\/wp-json\/wp\/v2\/comments?post=51994"}],"version-history":[{"count":1,"href":"https:\/\/vocesdelacomuna15.com.ar\/press\/wp-json\/wp\/v2\/posts\/51994\/revisions"}],"predecessor-version":[{"id":51996,"href":"https:\/\/vocesdelacomuna15.com.ar\/press\/wp-json\/wp\/v2\/posts\/51994\/revisions\/51996"}],"wp:featuredmedia":[{"embeddable":true,"href":"https:\/\/vocesdelacomuna15.com.ar\/press\/wp-json\/wp\/v2\/media\/51995"}],"wp:attachment":[{"href":"https:\/\/vocesdelacomuna15.com.ar\/press\/wp-json\/wp\/v2\/media?parent=51994"}],"wp:term":[{"taxonomy":"category","embeddable":true,"href":"https:\/\/vocesdelacomuna15.com.ar\/press\/wp-json\/wp\/v2\/categories?post=51994"},{"taxonomy":"post_tag","embeddable":true,"href":"https:\/\/vocesdelacomuna15.com.ar\/press\/wp-json\/wp\/v2\/tags?post=51994"}],"curies":[{"name":"wp","href":"https:\/\/api.w.org\/{rel}","templated":true}]}}