{"id":51991,"date":"2020-01-06T11:21:12","date_gmt":"2020-01-06T14:21:12","guid":{"rendered":"http:\/\/vocesdelacomuna15.com.ar\/wordpress\/?p=51991"},"modified":"2020-05-02T11:23:27","modified_gmt":"2020-05-02T14:23:27","slug":"buenos-aires-playa-2020-llega-una-nueva-edicion-para-toda-la-familia","status":"publish","type":"post","link":"https:\/\/vocesdelacomuna15.com.ar\/press\/buenos-aires-playa-2020-llega-una-nueva-edicion-para-toda-la-familia\/","title":{"rendered":"Buenos Aires Playa 2020: llega una nueva edici\u00f3n para toda la familia"},"content":{"rendered":"\n<h4 class=\"wp-block-heading\">Se desarrollar\u00e1 desde el viernes 10 de enero hasta el domingo 1 de  marzo en las dos playas urbanas de la Ciudad: Parque de los Ni\u00f1os y  Parque Indoamericano. Todas las actividades son gratuitas<\/h4>\n\n\n\n<p>\nComo todos los a\u00f1os, Buenos Aires Playa les propone a los vecinos \ndisfrutar de manera gratuita de actividades con arena, agua y \nentretenimiento junto a toda la familia sin salir de Buenos Aires.\nAl igual que en las grandes capitales del mundo como Paris, Roma, Tokio o\n Berl\u00edn, la Ciudad cuenta con dos playas urbanas: una en el Parque de \nlos Ni\u00f1os (zona Norte) y la otra en el Parque Indoamericano (zona Sur). \nAmbas cuentan con sombrillas, reposeras, duchas, juegos con agua, juegos\n inflables, canchas de f\u00fatbol y de v\u00f3ley playero, bandas en vivo, \nespect\u00e1culos y sectores de lectura, entre otras atracciones.\nBuenos Aires Playa es la primera playa urbana de Latinoam\u00e9rica y, desde \nsu primera edici\u00f3n en 2009, ya disfrutaron de ella m\u00e1s de 5.000.000 \npersonas. La edici\u00f3n de este 2020 se llevar\u00e1 a cabo desde el viernes 10 \nde enero hasta el domingo 1\u00b0 de marzo.\nTanto el acceso a las playas como el uso de las instalaciones y la \nparticipaci\u00f3n en las actividades que se desarrollar\u00e1n en los parques son\n totalmente gratuitos.\nInstalaciones\nParque de los Ni\u00f1os: Avenida General Paz y Avenida Cantilo (colectora), \nNu\u00f1ez, Comuna 13.\nParque Indoamericano: Avenida Casta\u00f1ares y Avenida Escalada, Villa \nSoldati, Comuna 8.\n\u2022  Dimensiones: el Parque de los Ni\u00f1os tiene 27 hect\u00e1reas, mientras que \nel Parque Indoamericano, 5. \n\u2022  Ambos cuentan con espacios de arena con sombrillas y reposeras, ba\u00f1os\n qu\u00edmicos, bebederos para tomar agua y duchas para que los vecinos se \nrefresquen. \n\u2022  No est\u00e1 permitido ba\u00f1arse en los espejos de agua ubicados en el \nParque de los Ni\u00f1os. \n\u2022  Tambi\u00e9n estar\u00e1n instaladas las Estaciones Saludables, para seguir \ncuidando y promocionando la salud de quienes los visiten. \n\u2022  Para el desarrollo de los servicios de gastronom\u00eda, el Gobierno \nporte\u00f1o le cede la iniciativa en el Parque de los Ni\u00f1os a COAS, \norganizaci\u00f3n que destina lo recaudado en beneficio de los hospitales \np\u00fablicos de la Ciudad, y en el Parque Indoamericano a la Fundaci\u00f3n \nMargarita Barrientos, que destina lo recaudado al Comedor Los Piletones \nde Villa Soldati.\n\nFormas de acceso\nPara garantizar un mejor acceso a ambos parques, el Gobierno porte\u00f1o \nacord\u00f3 con determinadas l\u00edneas de colectivos la extensi\u00f3n de sus \nservicios.\nParque de los Ni\u00f1os: l\u00ednea 28 (Ramal Puente Saavedra \u2013 Ciudad \nUniversitaria).\nParque Indoamericano: l\u00edneas 5, 7, 36, 46, 47, 50, 56, 86, 91, 101, 114,\n 141,143,150, 193 cuyas principales zonas que vinculan son Retiro, \nConstituci\u00f3n, Plaza de Mayo, Plaza Miserere, Pompeya, Puente La Noria y \nLiniers.\nSi los vecinos van en bici tendr\u00e1n un estacionamiento para dejarla y \ndisfrutar de todas las actividades. Se sugiere llevar candado. Para ver \nc\u00f3mo llegar se recomienda consultar la red de ciclov\u00edas en Ecobici.\nQuienes vayan con auto pueden estacionar dentro del Parque de los Ni\u00f1os.\n La capacidad de estacionamiento en este parque es limitada, y una vez \ncolmada solo se permitir\u00e1 el acceso peatonal o en bicicleta. En tanto, \nel Parque Indoamericano no cuenta con estacionamiento propio, por lo \ncual quienes vayan en auto podr\u00e1n estacionarlo en las adyacencias.\nActividades\nTodas las actividades de Buenos Aires Playa son gratuitas. En el caso \nque se requieran libros, pelotas, juegos de mesa o raquetas, los vecinos\n deber\u00e1n dejar su DNI, el cual se les retornar\u00e1 una vez devuelto el \nejemplar. Todos los d\u00edas, los vecinos podr\u00e1n disfrutar de:\nActividades deportivas: habr\u00e1 coordinadores de deportes en cada parque; \nclases de gimnasia; canchas de voley playero; cancha de f\u00fatbol; canchas \nde f\u00fatbol tenis, entre muchas otras actividades. \nSectores de lectura: las familias podr\u00e1n tener acceso a libros (m\u00e1s de \n500 t\u00edtulos) y habr\u00e1 actividades de lectura para los m\u00e1s chicos, \nnarraci\u00f3n oral, un recorrido por distintas historias con m\u00fasica en vivo.\n Un lugar para promover el conocimiento de distintos lenguajes. \nPista de carreras de auto a pedal para los m\u00e1s chicos. \nEducaci\u00f3n vial con actividades l\u00fadicas y did\u00e1cticas que nos ense\u00f1ar\u00e1 \nc\u00f3mo transitar la Ciudad de una manera sustentable y segura. Tambi\u00e9n \nhabr\u00e1 clases para aprender a andar en bici para grandes y chicos. \nTalleres de huerta, ciencia, expresi\u00f3n corporal, reciclaje, serigraf\u00eda, \nescritura creativa, circo y de percusi\u00f3n. \nPara los m\u00e1s chicos habr\u00e1 tambi\u00e9n juegos inflables y juegos en la arena.\n \nJuegos con agua en la playa del sur del Parque Indoamericano y en la \nplaya del norte en Parque de los Ni\u00f1os, para que todos puedan disfrutar y\n refrescarse. \nAjedrez: clases y torneos gratuitos para toda la familia. \nMesas de ping pong y metegol para todas las edades. \nJuegos gigantes: damas, domin\u00f3, jenga, palotes chinos, ajedrez, \ntangramas. \nLos parques cuentan con distintos sectores especialmente dise\u00f1ados para \nlos m\u00e1s chicos, como la Escuelita de Arena y \u00e1reas para pintar y \ndibujar. \nHay tambi\u00e9n un sector exclusivo para ni\u00f1os de 1 a 5 a\u00f1os, acondicionado \ncon sombra y juegos acordes a su edad.\nEspect\u00e1culos\nClases de hip-hop, zumba, rock y coreos de pel\u00edculas. \nShows infantiles y para toda la familia, bandas de m\u00fasica, humor, \nteatro, m\u00fasica y clown. \nShows participativos de danza. \nArtistas itinerantes con distintas actividades art\u00edsticas y juegos. \nSeguridad\nSe ha desarrollado un plan integral para que los vecinos de la Ciudad \npuedan disfrutar tranquilamente de Buenos Aires Playa. \nHabr\u00e1 controles de alcoholemia y de tr\u00e1nsito en los accesos a los \nparques. \nDentro habr\u00e1 efectivos de seguridad para resguardar a las personas y sus\n bienes.\nRestricciones\nLos menores deber\u00e1n estar acompa\u00f1ados en todo momento por personas \nadultas. \nNo se permite el ingreso de alcohol ni de sustancias t\u00f3xicas. \nNo se permite ingresar en los espejos de agua. \n\nFuente y Foto: Buenos Aires Ciudad\n\n<\/p>\n<div class=\"pvc_clear\"><\/div><p id=\"pvc_stats_51991\" class=\"pvc_stats all  \" data-element-id=\"51991\" style=\"\"><i class=\"pvc-stats-icon small\" aria-hidden=\"true\"><svg aria-hidden=\"true\" focusable=\"false\" data-prefix=\"far\" data-icon=\"chart-bar\" role=\"img\" xmlns=\"http:\/\/www.w3.org\/2000\/svg\" viewBox=\"0 0 512 512\" class=\"svg-inline--fa fa-chart-bar fa-w-16 fa-2x\"><path fill=\"currentColor\" d=\"M396.8 352h22.4c6.4 0 12.8-6.4 12.8-12.8V108.8c0-6.4-6.4-12.8-12.8-12.8h-22.4c-6.4 0-12.8 6.4-12.8 12.8v230.4c0 6.4 6.4 12.8 12.8 12.8zm-192 0h22.4c6.4 0 12.8-6.4 12.8-12.8V140.8c0-6.4-6.4-12.8-12.8-12.8h-22.4c-6.4 0-12.8 6.4-12.8 12.8v198.4c0 6.4 6.4 12.8 12.8 12.8zm96 0h22.4c6.4 0 12.8-6.4 12.8-12.8V204.8c0-6.4-6.4-12.8-12.8-12.8h-22.4c-6.4 0-12.8 6.4-12.8 12.8v134.4c0 6.4 6.4 12.8 12.8 12.8zM496 400H48V80c0-8.84-7.16-16-16-16H16C7.16 64 0 71.16 0 80v336c0 17.67 14.33 32 32 32h464c8.84 0 16-7.16 16-16v-16c0-8.84-7.16-16-16-16zm-387.2-48h22.4c6.4 0 12.8-6.4 12.8-12.8v-70.4c0-6.4-6.4-12.8-12.8-12.8h-22.4c-6.4 0-12.8 6.4-12.8 12.8v70.4c0 6.4 6.4 12.8 12.8 12.8z\" class=\"\"><\/path><\/svg><\/i> <img loading=\"lazy\" decoding=\"async\" width=\"16\" height=\"16\" alt=\"Loading\" src=\"https:\/\/vocesdelacomuna15.com.ar\/wp-content\/plugins\/page-views-count\/ajax-loader-2x.gif\" border=0 \/><\/p><div class=\"pvc_clear\"><\/div>","protected":false},"excerpt":{"rendered":"<p>Se desarrollar\u00e1 desde el viernes 10 de enero hasta el domingo 1 de marzo en las dos playas urbanas de la Ciudad: Parque de los Ni\u00f1os y Parque Indoamericano. Todas las actividades son gratuitas Como todos los a\u00f1os, Buenos Aires Playa les propone a los vecinos disfrutar de manera gratuita de actividades con arena, agua [&hellip;]<\/p>\n<div class=\"pvc_clear\"><\/div>\n<p id=\"pvc_stats_51991\" class=\"pvc_stats all  \" data-element-id=\"51991\" style=\"\"><i class=\"pvc-stats-icon small\" aria-hidden=\"true\"><svg aria-hidden=\"true\" focusable=\"false\" data-prefix=\"far\" data-icon=\"chart-bar\" role=\"img\" xmlns=\"http:\/\/www.w3.org\/2000\/svg\" viewBox=\"0 0 512 512\" class=\"svg-inline--fa fa-chart-bar fa-w-16 fa-2x\"><path fill=\"currentColor\" d=\"M396.8 352h22.4c6.4 0 12.8-6.4 12.8-12.8V108.8c0-6.4-6.4-12.8-12.8-12.8h-22.4c-6.4 0-12.8 6.4-12.8 12.8v230.4c0 6.4 6.4 12.8 12.8 12.8zm-192 0h22.4c6.4 0 12.8-6.4 12.8-12.8V140.8c0-6.4-6.4-12.8-12.8-12.8h-22.4c-6.4 0-12.8 6.4-12.8 12.8v198.4c0 6.4 6.4 12.8 12.8 12.8zm96 0h22.4c6.4 0 12.8-6.4 12.8-12.8V204.8c0-6.4-6.4-12.8-12.8-12.8h-22.4c-6.4 0-12.8 6.4-12.8 12.8v134.4c0 6.4 6.4 12.8 12.8 12.8zM496 400H48V80c0-8.84-7.16-16-16-16H16C7.16 64 0 71.16 0 80v336c0 17.67 14.33 32 32 32h464c8.84 0 16-7.16 16-16v-16c0-8.84-7.16-16-16-16zm-387.2-48h22.4c6.4 0 12.8-6.4 12.8-12.8v-70.4c0-6.4-6.4-12.8-12.8-12.8h-22.4c-6.4 0-12.8 6.4-12.8 12.8v70.4c0 6.4 6.4 12.8 12.8 12.8z\" class=\"\"><\/path><\/svg><\/i> <img loading=\"lazy\" decoding=\"async\" width=\"16\" height=\"16\" alt=\"Loading\" src=\"https:\/\/vocesdelacomuna15.com.ar\/wp-content\/plugins\/page-views-count\/ajax-loader-2x.gif\" border=0 \/><\/p>\n<div class=\"pvc_clear\"><\/div>\n","protected":false},"author":2,"featured_media":51992,"comment_status":"open","ping_status":"open","sticky":false,"template":"","format":"standard","meta":{"_et_pb_use_builder":"off","_et_pb_old_content":"","_et_gb_content_width":"","footnotes":""},"categories":[26],"tags":[],"class_list":["post-51991","post","type-post","status-publish","format-standard","has-post-thumbnail","hentry","category-ciudad","et-has-post-format-content","et_post_format-et-post-format-standard"],"a3_pvc":{"activated":true,"total_views":188,"today_views":0},"yoast_head":"<!-- This site is optimized with the Yoast SEO plugin v27.5 - https:\/\/yoast.com\/product\/yoast-seo-wordpress\/ -->\n<title>Buenos Aires Playa 2020: llega una nueva edici\u00f3n para toda la familia - Voces de la Comuna 15<\/title>\n<meta name=\"description\" content=\"Voces de la Comuna 15\" \/>\n<meta name=\"robots\" content=\"index, follow, max-snippet:-1, max-image-preview:large, max-video-preview:-1\" \/>\n<link rel=\"canonical\" href=\"https:\/\/vocesdelacomuna15.com.ar\/press\/buenos-aires-playa-2020-llega-una-nueva-edicion-para-toda-la-familia\/\" \/>\n<meta property=\"og:locale\" content=\"es_ES\" \/>\n<meta property=\"og:type\" content=\"article\" \/>\n<meta property=\"og:title\" content=\"Buenos Aires Playa 2020: llega una nueva edici\u00f3n para toda la familia - Voces de la Comuna 15\" \/>\n<meta property=\"og:description\" content=\"Voces de la Comuna 15\" \/>\n<meta property=\"og:url\" content=\"https:\/\/vocesdelacomuna15.com.ar\/press\/buenos-aires-playa-2020-llega-una-nueva-edicion-para-toda-la-familia\/\" \/>\n<meta property=\"og:site_name\" content=\"Voces de la Comuna 15\" \/>\n<meta property=\"article:publisher\" content=\"https:\/\/www.facebook.com\/VocesComuna15\/\" \/>\n<meta property=\"article:published_time\" content=\"2020-01-06T14:21:12+00:00\" \/>\n<meta property=\"article:modified_time\" content=\"2020-05-02T14:23:27+00:00\" \/>\n<meta property=\"og:image\" content=\"https:\/\/vocesdelacomuna15.com.ar\/wp-content\/uploads\/2020\/05\/bsasciudad06012020.png\" \/>\n\t<meta property=\"og:image:width\" content=\"1121\" \/>\n\t<meta property=\"og:image:height\" content=\"555\" \/>\n\t<meta property=\"og:image:type\" content=\"image\/png\" \/>\n<meta name=\"author\" content=\"Federico Arguto\" \/>\n<meta name=\"twitter:card\" content=\"summary_large_image\" \/>\n<meta name=\"twitter:creator\" content=\"@vocescomuna15\" \/>\n<meta name=\"twitter:site\" content=\"@vocescomuna15\" \/>\n<meta name=\"twitter:label1\" content=\"Escrito por\" \/>\n\t<meta name=\"twitter:data1\" content=\"Federico Arguto\" \/>\n\t<meta name=\"twitter:label2\" content=\"Tiempo de lectura\" \/>\n\t<meta name=\"twitter:data2\" content=\"5 minutos\" \/>\n<script type=\"application\/ld+json\" class=\"yoast-schema-graph\">{\"@context\":\"https:\\\/\\\/schema.org\",\"@graph\":[{\"@type\":\"Article\",\"@id\":\"https:\\\/\\\/vocesdelacomuna15.com.ar\\\/press\\\/buenos-aires-playa-2020-llega-una-nueva-edicion-para-toda-la-familia\\\/#article\",\"isPartOf\":{\"@id\":\"https:\\\/\\\/vocesdelacomuna15.com.ar\\\/press\\\/buenos-aires-playa-2020-llega-una-nueva-edicion-para-toda-la-familia\\\/\"},\"author\":{\"name\":\"Federico Arguto\",\"@id\":\"https:\\\/\\\/vocesdelacomuna15.com.ar\\\/press\\\/#\\\/schema\\\/person\\\/4739e109db25d799cd3d139eeb509e43\"},\"headline\":\"Buenos Aires Playa 2020: llega una nueva edici\u00f3n para toda la familia\",\"datePublished\":\"2020-01-06T14:21:12+00:00\",\"dateModified\":\"2020-05-02T14:23:27+00:00\",\"mainEntityOfPage\":{\"@id\":\"https:\\\/\\\/vocesdelacomuna15.com.ar\\\/press\\\/buenos-aires-playa-2020-llega-una-nueva-edicion-para-toda-la-familia\\\/\"},\"wordCount\":1001,\"commentCount\":0,\"publisher\":{\"@id\":\"https:\\\/\\\/vocesdelacomuna15.com.ar\\\/press\\\/#organization\"},\"image\":{\"@id\":\"https:\\\/\\\/vocesdelacomuna15.com.ar\\\/press\\\/buenos-aires-playa-2020-llega-una-nueva-edicion-para-toda-la-familia\\\/#primaryimage\"},\"thumbnailUrl\":\"https:\\\/\\\/vocesdelacomuna15.com.ar\\\/wp-content\\\/uploads\\\/2020\\\/05\\\/bsasciudad06012020.png\",\"articleSection\":[\"Ciudad\"],\"inLanguage\":\"es-AR\",\"potentialAction\":[{\"@type\":\"CommentAction\",\"name\":\"Comment\",\"target\":[\"https:\\\/\\\/vocesdelacomuna15.com.ar\\\/press\\\/buenos-aires-playa-2020-llega-una-nueva-edicion-para-toda-la-familia\\\/#respond\"]}]},{\"@type\":\"WebPage\",\"@id\":\"https:\\\/\\\/vocesdelacomuna15.com.ar\\\/press\\\/buenos-aires-playa-2020-llega-una-nueva-edicion-para-toda-la-familia\\\/\",\"url\":\"https:\\\/\\\/vocesdelacomuna15.com.ar\\\/press\\\/buenos-aires-playa-2020-llega-una-nueva-edicion-para-toda-la-familia\\\/\",\"name\":\"Buenos Aires Playa 2020: llega una nueva edici\u00f3n para toda la familia - Voces de la Comuna 15\",\"isPartOf\":{\"@id\":\"https:\\\/\\\/vocesdelacomuna15.com.ar\\\/press\\\/#website\"},\"primaryImageOfPage\":{\"@id\":\"https:\\\/\\\/vocesdelacomuna15.com.ar\\\/press\\\/buenos-aires-playa-2020-llega-una-nueva-edicion-para-toda-la-familia\\\/#primaryimage\"},\"image\":{\"@id\":\"https:\\\/\\\/vocesdelacomuna15.com.ar\\\/press\\\/buenos-aires-playa-2020-llega-una-nueva-edicion-para-toda-la-familia\\\/#primaryimage\"},\"thumbnailUrl\":\"https:\\\/\\\/vocesdelacomuna15.com.ar\\\/wp-content\\\/uploads\\\/2020\\\/05\\\/bsasciudad06012020.png\",\"datePublished\":\"2020-01-06T14:21:12+00:00\",\"dateModified\":\"2020-05-02T14:23:27+00:00\",\"description\":\"Voces de la Comuna 15\",\"breadcrumb\":{\"@id\":\"https:\\\/\\\/vocesdelacomuna15.com.ar\\\/press\\\/buenos-aires-playa-2020-llega-una-nueva-edicion-para-toda-la-familia\\\/#breadcrumb\"},\"inLanguage\":\"es-AR\",\"potentialAction\":[{\"@type\":\"ReadAction\",\"target\":[\"https:\\\/\\\/vocesdelacomuna15.com.ar\\\/press\\\/buenos-aires-playa-2020-llega-una-nueva-edicion-para-toda-la-familia\\\/\"]}]},{\"@type\":\"ImageObject\",\"inLanguage\":\"es-AR\",\"@id\":\"https:\\\/\\\/vocesdelacomuna15.com.ar\\\/press\\\/buenos-aires-playa-2020-llega-una-nueva-edicion-para-toda-la-familia\\\/#primaryimage\",\"url\":\"https:\\\/\\\/vocesdelacomuna15.com.ar\\\/wp-content\\\/uploads\\\/2020\\\/05\\\/bsasciudad06012020.png\",\"contentUrl\":\"https:\\\/\\\/vocesdelacomuna15.com.ar\\\/wp-content\\\/uploads\\\/2020\\\/05\\\/bsasciudad06012020.png\",\"width\":1121,\"height\":555},{\"@type\":\"BreadcrumbList\",\"@id\":\"https:\\\/\\\/vocesdelacomuna15.com.ar\\\/press\\\/buenos-aires-playa-2020-llega-una-nueva-edicion-para-toda-la-familia\\\/#breadcrumb\",\"itemListElement\":[{\"@type\":\"ListItem\",\"position\":1,\"name\":\"Inicio\",\"item\":\"https:\\\/\\\/vocesdelacomuna15.com.ar\\\/press\\\/\"},{\"@type\":\"ListItem\",\"position\":2,\"name\":\"Buenos Aires Playa 2020: llega una nueva edici\u00f3n para toda la familia\"}]},{\"@type\":\"WebSite\",\"@id\":\"https:\\\/\\\/vocesdelacomuna15.com.ar\\\/press\\\/#website\",\"url\":\"https:\\\/\\\/vocesdelacomuna15.com.ar\\\/press\\\/\",\"name\":\"Voces de la Comuna 15\",\"description\":\"Sitio web de noticias\",\"publisher\":{\"@id\":\"https:\\\/\\\/vocesdelacomuna15.com.ar\\\/press\\\/#organization\"},\"potentialAction\":[{\"@type\":\"SearchAction\",\"target\":{\"@type\":\"EntryPoint\",\"urlTemplate\":\"https:\\\/\\\/vocesdelacomuna15.com.ar\\\/press\\\/?s={search_term_string}\"},\"query-input\":{\"@type\":\"PropertyValueSpecification\",\"valueRequired\":true,\"valueName\":\"search_term_string\"}}],\"inLanguage\":\"es-AR\"},{\"@type\":\"Organization\",\"@id\":\"https:\\\/\\\/vocesdelacomuna15.com.ar\\\/press\\\/#organization\",\"name\":\"Voces de la Comuna 15\",\"url\":\"https:\\\/\\\/vocesdelacomuna15.com.ar\\\/press\\\/\",\"logo\":{\"@type\":\"ImageObject\",\"inLanguage\":\"es-AR\",\"@id\":\"https:\\\/\\\/vocesdelacomuna15.com.ar\\\/press\\\/#\\\/schema\\\/logo\\\/image\\\/\",\"url\":\"https:\\\/\\\/vocesdelacomuna15.com.ar\\\/wp-content\\\/uploads\\\/2024\\\/12\\\/cropped-logo_voces.jpg\",\"contentUrl\":\"https:\\\/\\\/vocesdelacomuna15.com.ar\\\/wp-content\\\/uploads\\\/2024\\\/12\\\/cropped-logo_voces.jpg\",\"width\":512,\"height\":512,\"caption\":\"Voces de la Comuna 15\"},\"image\":{\"@id\":\"https:\\\/\\\/vocesdelacomuna15.com.ar\\\/press\\\/#\\\/schema\\\/logo\\\/image\\\/\"},\"sameAs\":[\"https:\\\/\\\/www.facebook.com\\\/VocesComuna15\\\/\",\"https:\\\/\\\/x.com\\\/vocescomuna15\"]},{\"@type\":\"Person\",\"@id\":\"https:\\\/\\\/vocesdelacomuna15.com.ar\\\/press\\\/#\\\/schema\\\/person\\\/4739e109db25d799cd3d139eeb509e43\",\"name\":\"Federico Arguto\",\"image\":{\"@type\":\"ImageObject\",\"inLanguage\":\"es-AR\",\"@id\":\"https:\\\/\\\/vocesdelacomuna15.com.ar\\\/wp-content\\\/litespeed\\\/avatar\\\/82faf979976f1bae889b8b71f8a0a7e5.jpg?ver=1777419741\",\"url\":\"https:\\\/\\\/vocesdelacomuna15.com.ar\\\/wp-content\\\/litespeed\\\/avatar\\\/82faf979976f1bae889b8b71f8a0a7e5.jpg?ver=1777419741\",\"contentUrl\":\"https:\\\/\\\/vocesdelacomuna15.com.ar\\\/wp-content\\\/litespeed\\\/avatar\\\/82faf979976f1bae889b8b71f8a0a7e5.jpg?ver=1777419741\",\"caption\":\"Federico Arguto\"},\"url\":\"https:\\\/\\\/vocesdelacomuna15.com.ar\\\/press\\\/author\\\/fede\\\/\"}]}<\/script>\n<!-- \/ Yoast SEO plugin. -->","yoast_head_json":{"title":"Buenos Aires Playa 2020: llega una nueva edici\u00f3n para toda la familia - Voces de la Comuna 15","description":"Voces de la Comuna 15","robots":{"index":"index","follow":"follow","max-snippet":"max-snippet:-1","max-image-preview":"max-image-preview:large","max-video-preview":"max-video-preview:-1"},"canonical":"https:\/\/vocesdelacomuna15.com.ar\/press\/buenos-aires-playa-2020-llega-una-nueva-edicion-para-toda-la-familia\/","og_locale":"es_ES","og_type":"article","og_title":"Buenos Aires Playa 2020: llega una nueva edici\u00f3n para toda la familia - Voces de la Comuna 15","og_description":"Voces de la Comuna 15","og_url":"https:\/\/vocesdelacomuna15.com.ar\/press\/buenos-aires-playa-2020-llega-una-nueva-edicion-para-toda-la-familia\/","og_site_name":"Voces de la Comuna 15","article_publisher":"https:\/\/www.facebook.com\/VocesComuna15\/","article_published_time":"2020-01-06T14:21:12+00:00","article_modified_time":"2020-05-02T14:23:27+00:00","og_image":[{"width":1121,"height":555,"url":"https:\/\/vocesdelacomuna15.com.ar\/wp-content\/uploads\/2020\/05\/bsasciudad06012020.png","type":"image\/png"}],"author":"Federico Arguto","twitter_card":"summary_large_image","twitter_creator":"@vocescomuna15","twitter_site":"@vocescomuna15","twitter_misc":{"Escrito por":"Federico Arguto","Tiempo de lectura":"5 minutos"},"schema":{"@context":"https:\/\/schema.org","@graph":[{"@type":"Article","@id":"https:\/\/vocesdelacomuna15.com.ar\/press\/buenos-aires-playa-2020-llega-una-nueva-edicion-para-toda-la-familia\/#article","isPartOf":{"@id":"https:\/\/vocesdelacomuna15.com.ar\/press\/buenos-aires-playa-2020-llega-una-nueva-edicion-para-toda-la-familia\/"},"author":{"name":"Federico Arguto","@id":"https:\/\/vocesdelacomuna15.com.ar\/press\/#\/schema\/person\/4739e109db25d799cd3d139eeb509e43"},"headline":"Buenos Aires Playa 2020: llega una nueva edici\u00f3n para toda la familia","datePublished":"2020-01-06T14:21:12+00:00","dateModified":"2020-05-02T14:23:27+00:00","mainEntityOfPage":{"@id":"https:\/\/vocesdelacomuna15.com.ar\/press\/buenos-aires-playa-2020-llega-una-nueva-edicion-para-toda-la-familia\/"},"wordCount":1001,"commentCount":0,"publisher":{"@id":"https:\/\/vocesdelacomuna15.com.ar\/press\/#organization"},"image":{"@id":"https:\/\/vocesdelacomuna15.com.ar\/press\/buenos-aires-playa-2020-llega-una-nueva-edicion-para-toda-la-familia\/#primaryimage"},"thumbnailUrl":"https:\/\/vocesdelacomuna15.com.ar\/wp-content\/uploads\/2020\/05\/bsasciudad06012020.png","articleSection":["Ciudad"],"inLanguage":"es-AR","potentialAction":[{"@type":"CommentAction","name":"Comment","target":["https:\/\/vocesdelacomuna15.com.ar\/press\/buenos-aires-playa-2020-llega-una-nueva-edicion-para-toda-la-familia\/#respond"]}]},{"@type":"WebPage","@id":"https:\/\/vocesdelacomuna15.com.ar\/press\/buenos-aires-playa-2020-llega-una-nueva-edicion-para-toda-la-familia\/","url":"https:\/\/vocesdelacomuna15.com.ar\/press\/buenos-aires-playa-2020-llega-una-nueva-edicion-para-toda-la-familia\/","name":"Buenos Aires Playa 2020: llega una nueva edici\u00f3n para toda la familia - Voces de la Comuna 15","isPartOf":{"@id":"https:\/\/vocesdelacomuna15.com.ar\/press\/#website"},"primaryImageOfPage":{"@id":"https:\/\/vocesdelacomuna15.com.ar\/press\/buenos-aires-playa-2020-llega-una-nueva-edicion-para-toda-la-familia\/#primaryimage"},"image":{"@id":"https:\/\/vocesdelacomuna15.com.ar\/press\/buenos-aires-playa-2020-llega-una-nueva-edicion-para-toda-la-familia\/#primaryimage"},"thumbnailUrl":"https:\/\/vocesdelacomuna15.com.ar\/wp-content\/uploads\/2020\/05\/bsasciudad06012020.png","datePublished":"2020-01-06T14:21:12+00:00","dateModified":"2020-05-02T14:23:27+00:00","description":"Voces de la Comuna 15","breadcrumb":{"@id":"https:\/\/vocesdelacomuna15.com.ar\/press\/buenos-aires-playa-2020-llega-una-nueva-edicion-para-toda-la-familia\/#breadcrumb"},"inLanguage":"es-AR","potentialAction":[{"@type":"ReadAction","target":["https:\/\/vocesdelacomuna15.com.ar\/press\/buenos-aires-playa-2020-llega-una-nueva-edicion-para-toda-la-familia\/"]}]},{"@type":"ImageObject","inLanguage":"es-AR","@id":"https:\/\/vocesdelacomuna15.com.ar\/press\/buenos-aires-playa-2020-llega-una-nueva-edicion-para-toda-la-familia\/#primaryimage","url":"https:\/\/vocesdelacomuna15.com.ar\/wp-content\/uploads\/2020\/05\/bsasciudad06012020.png","contentUrl":"https:\/\/vocesdelacomuna15.com.ar\/wp-content\/uploads\/2020\/05\/bsasciudad06012020.png","width":1121,"height":555},{"@type":"BreadcrumbList","@id":"https:\/\/vocesdelacomuna15.com.ar\/press\/buenos-aires-playa-2020-llega-una-nueva-edicion-para-toda-la-familia\/#breadcrumb","itemListElement":[{"@type":"ListItem","position":1,"name":"Inicio","item":"https:\/\/vocesdelacomuna15.com.ar\/press\/"},{"@type":"ListItem","position":2,"name":"Buenos Aires Playa 2020: llega una nueva edici\u00f3n para toda la familia"}]},{"@type":"WebSite","@id":"https:\/\/vocesdelacomuna15.com.ar\/press\/#website","url":"https:\/\/vocesdelacomuna15.com.ar\/press\/","name":"Voces de la Comuna 15","description":"Sitio web de noticias","publisher":{"@id":"https:\/\/vocesdelacomuna15.com.ar\/press\/#organization"},"potentialAction":[{"@type":"SearchAction","target":{"@type":"EntryPoint","urlTemplate":"https:\/\/vocesdelacomuna15.com.ar\/press\/?s={search_term_string}"},"query-input":{"@type":"PropertyValueSpecification","valueRequired":true,"valueName":"search_term_string"}}],"inLanguage":"es-AR"},{"@type":"Organization","@id":"https:\/\/vocesdelacomuna15.com.ar\/press\/#organization","name":"Voces de la Comuna 15","url":"https:\/\/vocesdelacomuna15.com.ar\/press\/","logo":{"@type":"ImageObject","inLanguage":"es-AR","@id":"https:\/\/vocesdelacomuna15.com.ar\/press\/#\/schema\/logo\/image\/","url":"https:\/\/vocesdelacomuna15.com.ar\/wp-content\/uploads\/2024\/12\/cropped-logo_voces.jpg","contentUrl":"https:\/\/vocesdelacomuna15.com.ar\/wp-content\/uploads\/2024\/12\/cropped-logo_voces.jpg","width":512,"height":512,"caption":"Voces de la Comuna 15"},"image":{"@id":"https:\/\/vocesdelacomuna15.com.ar\/press\/#\/schema\/logo\/image\/"},"sameAs":["https:\/\/www.facebook.com\/VocesComuna15\/","https:\/\/x.com\/vocescomuna15"]},{"@type":"Person","@id":"https:\/\/vocesdelacomuna15.com.ar\/press\/#\/schema\/person\/4739e109db25d799cd3d139eeb509e43","name":"Federico Arguto","image":{"@type":"ImageObject","inLanguage":"es-AR","@id":"https:\/\/vocesdelacomuna15.com.ar\/wp-content\/litespeed\/avatar\/82faf979976f1bae889b8b71f8a0a7e5.jpg?ver=1777419741","url":"https:\/\/vocesdelacomuna15.com.ar\/wp-content\/litespeed\/avatar\/82faf979976f1bae889b8b71f8a0a7e5.jpg?ver=1777419741","contentUrl":"https:\/\/vocesdelacomuna15.com.ar\/wp-content\/litespeed\/avatar\/82faf979976f1bae889b8b71f8a0a7e5.jpg?ver=1777419741","caption":"Federico Arguto"},"url":"https:\/\/vocesdelacomuna15.com.ar\/press\/author\/fede\/"}]}},"_links":{"self":[{"href":"https:\/\/vocesdelacomuna15.com.ar\/press\/wp-json\/wp\/v2\/posts\/51991","targetHints":{"allow":["GET"]}}],"collection":[{"href":"https:\/\/vocesdelacomuna15.com.ar\/press\/wp-json\/wp\/v2\/posts"}],"about":[{"href":"https:\/\/vocesdelacomuna15.com.ar\/press\/wp-json\/wp\/v2\/types\/post"}],"author":[{"embeddable":true,"href":"https:\/\/vocesdelacomuna15.com.ar\/press\/wp-json\/wp\/v2\/users\/2"}],"replies":[{"embeddable":true,"href":"https:\/\/vocesdelacomuna15.com.ar\/press\/wp-json\/wp\/v2\/comments?post=51991"}],"version-history":[{"count":1,"href":"https:\/\/vocesdelacomuna15.com.ar\/press\/wp-json\/wp\/v2\/posts\/51991\/revisions"}],"predecessor-version":[{"id":51993,"href":"https:\/\/vocesdelacomuna15.com.ar\/press\/wp-json\/wp\/v2\/posts\/51991\/revisions\/51993"}],"wp:featuredmedia":[{"embeddable":true,"href":"https:\/\/vocesdelacomuna15.com.ar\/press\/wp-json\/wp\/v2\/media\/51992"}],"wp:attachment":[{"href":"https:\/\/vocesdelacomuna15.com.ar\/press\/wp-json\/wp\/v2\/media?parent=51991"}],"wp:term":[{"taxonomy":"category","embeddable":true,"href":"https:\/\/vocesdelacomuna15.com.ar\/press\/wp-json\/wp\/v2\/categories?post=51991"},{"taxonomy":"post_tag","embeddable":true,"href":"https:\/\/vocesdelacomuna15.com.ar\/press\/wp-json\/wp\/v2\/tags?post=51991"}],"curies":[{"name":"wp","href":"https:\/\/api.w.org\/{rel}","templated":true}]}}