{"id":51941,"date":"2019-12-30T07:00:23","date_gmt":"2019-12-30T10:00:23","guid":{"rendered":"http:\/\/vocesdelacomuna15.com.ar\/wordpress\/?p=51941"},"modified":"2020-05-02T10:36:37","modified_gmt":"2020-05-02T13:36:37","slug":"bajoviaducto-san-martin-ya-se-adjudicaron-espacios-en-los-barrios-de-palermo-y-chacarita","status":"publish","type":"post","link":"https:\/\/vocesdelacomuna15.com.ar\/press\/bajoviaducto-san-martin-ya-se-adjudicaron-espacios-en-los-barrios-de-palermo-y-chacarita\/","title":{"rendered":"Bajoviaducto San Mart\u00edn: ya se adjudicaron espacios en los barrios de Palermo y Chacarita"},"content":{"rendered":"\n<h4 class=\"wp-block-heading\">Fuente: La Naci\u00f3n (Por Valeria Musse)<\/h4>\n\n\n\n<p>Con el ferrocarril San Mart\u00edn circulando en altura a lo largo de cinco kil\u00f3metros, desde Palermo hasta La Paternal, se habilitaron espacios por debajo del viaducto que permiten integrar los barrios, sin fronteras entre ellos. Tal como se hizo en la l\u00ednea Mitre, meses atr\u00e1s se llam\u00f3 a licitaci\u00f3n para dar en concesi\u00f3n, durante 30 a\u00f1os, esos lugares hoy vac\u00edos. Una empresa se qued\u00f3 con dos de las cinco zonas en que fue dividido todo el terreno y otra sociedad an\u00f3nima se har\u00e1 cargo de otro de los predios. Por ahora, quedan vacantes dos tramos. El denominado &#8220;Espacio Corrientes-C\u00f3rdoba&#8221;, con una superficie aproximada de 11.495 m2, y la &#8220;Playa ferroviaria Palermo&#8221; (de unos 9000 m2) fueron adjudicados a la firma Directos Pac\u00edfico S.A. En tanto, el sector identificado como &#8220;Espacio Warnes&#8221; (8529 m2) qued\u00f3 a manos de la compa\u00f1\u00eda Espacios Estrella S.A. Por ahora, los restantes dos tramos ofrecidos del bajoviaducto, &#8220;Espacio Bajo Estaci\u00f3n Villa Crespo&#8221; y &#8220;Espacio Newbery-Dorrego&#8221;, no contaron con ofertas admisibles de acuerdo a los pliegos de la licitaci\u00f3n, seg\u00fan pudo saber La Nacion. La Agencia de Administraci\u00f3n de Bienes del Estado (AABE) fue el organismo a cargo de llamar a licitaci\u00f3n para dar en concesi\u00f3n de uso, por un plazo de tres d\u00e9cadas, los terrenos ubicados por debajo de la nueva estructura de hormig\u00f3n por la que, desde hace m\u00e1s de cinco meses, transita el ferrocarril San Mart\u00edn. Se presentaron en total tres oferentes, pero uno de ellos no se adjudic\u00f3 ning\u00fan tramo. Con la elevaci\u00f3n de las v\u00edas a lo largo de cinco kil\u00f3metros, se eliminaron once barreras y se abrieron otras tantas calles. Se gener\u00f3 entre los barrios una mayor conexi\u00f3n que fue bien recibida, en general, por los vecinos de esas zonas. Pero lo que le preocupaba a los habitantes era el destino de esas tierras que quedaban por debajo de la imponente estructura. Una inquietud similar se hab\u00eda generado entre los vecinos de los barrios de Palermo, Belgrano y N\u00fa\u00f1ez con el viaducto del ferrocarril Mitre. Para ambos bajoviaductos, la ciudad organiz\u00f3 entonces mesas participativas para que los vecinos opinaran sobre el destino que les gustar\u00eda que cada predio tuviera. El deseo por m\u00e1s cantidad de espacios p\u00fablicos siempre se destac\u00f3 entre los habitantes. De acuerdo a los lineamientos generales propuestos por los funcionarios, y seg\u00fan las caracter\u00edsticas de los terrenos, se preve\u00eda que en los alrededores de la estaci\u00f3n Paternal se creara un parque lineal a lo largo de la avenida Warnes, por ejemplo. Y la zona de Villa Crespo y Palermo podr\u00eda estar m\u00e1s asociada a actividades gastron\u00f3micas y comerciales. Fuente y Foto: La Naci\u00f3n (Publicada el 19 de Diciembre) Link: https:\/\/www.lanacion.com.ar\/buenos-aires\/parte-del-bajoviaducto-san-martin-fue-adjudicado-nid2316880 Caracteres: 2.724<br><\/p>\n<div class=\"pvc_clear\"><\/div><p id=\"pvc_stats_51941\" class=\"pvc_stats all  \" data-element-id=\"51941\" style=\"\"><i class=\"pvc-stats-icon small\" aria-hidden=\"true\"><svg aria-hidden=\"true\" focusable=\"false\" data-prefix=\"far\" data-icon=\"chart-bar\" role=\"img\" xmlns=\"http:\/\/www.w3.org\/2000\/svg\" viewBox=\"0 0 512 512\" class=\"svg-inline--fa fa-chart-bar fa-w-16 fa-2x\"><path fill=\"currentColor\" d=\"M396.8 352h22.4c6.4 0 12.8-6.4 12.8-12.8V108.8c0-6.4-6.4-12.8-12.8-12.8h-22.4c-6.4 0-12.8 6.4-12.8 12.8v230.4c0 6.4 6.4 12.8 12.8 12.8zm-192 0h22.4c6.4 0 12.8-6.4 12.8-12.8V140.8c0-6.4-6.4-12.8-12.8-12.8h-22.4c-6.4 0-12.8 6.4-12.8 12.8v198.4c0 6.4 6.4 12.8 12.8 12.8zm96 0h22.4c6.4 0 12.8-6.4 12.8-12.8V204.8c0-6.4-6.4-12.8-12.8-12.8h-22.4c-6.4 0-12.8 6.4-12.8 12.8v134.4c0 6.4 6.4 12.8 12.8 12.8zM496 400H48V80c0-8.84-7.16-16-16-16H16C7.16 64 0 71.16 0 80v336c0 17.67 14.33 32 32 32h464c8.84 0 16-7.16 16-16v-16c0-8.84-7.16-16-16-16zm-387.2-48h22.4c6.4 0 12.8-6.4 12.8-12.8v-70.4c0-6.4-6.4-12.8-12.8-12.8h-22.4c-6.4 0-12.8 6.4-12.8 12.8v70.4c0 6.4 6.4 12.8 12.8 12.8z\" class=\"\"><\/path><\/svg><\/i> <img loading=\"lazy\" decoding=\"async\" width=\"16\" height=\"16\" alt=\"Loading\" src=\"https:\/\/vocesdelacomuna15.com.ar\/wp-content\/plugins\/page-views-count\/ajax-loader-2x.gif\" border=0 \/><\/p><div class=\"pvc_clear\"><\/div>","protected":false},"excerpt":{"rendered":"<p>Fuente: La Naci\u00f3n (Por Valeria Musse) Con el ferrocarril San Mart\u00edn circulando en altura a lo largo de cinco kil\u00f3metros, desde Palermo hasta La Paternal, se habilitaron espacios por debajo del viaducto que permiten integrar los barrios, sin fronteras entre ellos. Tal como se hizo en la l\u00ednea Mitre, meses atr\u00e1s se llam\u00f3 a licitaci\u00f3n [&hellip;]<\/p>\n<div class=\"pvc_clear\"><\/div>\n<p id=\"pvc_stats_51941\" class=\"pvc_stats all  \" data-element-id=\"51941\" style=\"\"><i class=\"pvc-stats-icon small\" aria-hidden=\"true\"><svg aria-hidden=\"true\" focusable=\"false\" data-prefix=\"far\" data-icon=\"chart-bar\" role=\"img\" xmlns=\"http:\/\/www.w3.org\/2000\/svg\" viewBox=\"0 0 512 512\" class=\"svg-inline--fa fa-chart-bar fa-w-16 fa-2x\"><path fill=\"currentColor\" d=\"M396.8 352h22.4c6.4 0 12.8-6.4 12.8-12.8V108.8c0-6.4-6.4-12.8-12.8-12.8h-22.4c-6.4 0-12.8 6.4-12.8 12.8v230.4c0 6.4 6.4 12.8 12.8 12.8zm-192 0h22.4c6.4 0 12.8-6.4 12.8-12.8V140.8c0-6.4-6.4-12.8-12.8-12.8h-22.4c-6.4 0-12.8 6.4-12.8 12.8v198.4c0 6.4 6.4 12.8 12.8 12.8zm96 0h22.4c6.4 0 12.8-6.4 12.8-12.8V204.8c0-6.4-6.4-12.8-12.8-12.8h-22.4c-6.4 0-12.8 6.4-12.8 12.8v134.4c0 6.4 6.4 12.8 12.8 12.8zM496 400H48V80c0-8.84-7.16-16-16-16H16C7.16 64 0 71.16 0 80v336c0 17.67 14.33 32 32 32h464c8.84 0 16-7.16 16-16v-16c0-8.84-7.16-16-16-16zm-387.2-48h22.4c6.4 0 12.8-6.4 12.8-12.8v-70.4c0-6.4-6.4-12.8-12.8-12.8h-22.4c-6.4 0-12.8 6.4-12.8 12.8v70.4c0 6.4 6.4 12.8 12.8 12.8z\" class=\"\"><\/path><\/svg><\/i> <img loading=\"lazy\" decoding=\"async\" width=\"16\" height=\"16\" alt=\"Loading\" src=\"https:\/\/vocesdelacomuna15.com.ar\/wp-content\/plugins\/page-views-count\/ajax-loader-2x.gif\" border=0 \/><\/p>\n<div class=\"pvc_clear\"><\/div>\n","protected":false},"author":2,"featured_media":51943,"comment_status":"open","ping_status":"open","sticky":false,"template":"","format":"standard","meta":{"_et_pb_use_builder":"off","_et_pb_old_content":"","_et_gb_content_width":"","footnotes":""},"categories":[26],"tags":[],"class_list":["post-51941","post","type-post","status-publish","format-standard","has-post-thumbnail","hentry","category-ciudad","et-has-post-format-content","et_post_format-et-post-format-standard"],"a3_pvc":{"activated":true,"total_views":177,"today_views":0},"yoast_head":"<!-- This site is optimized with the Yoast SEO plugin v27.5 - https:\/\/yoast.com\/product\/yoast-seo-wordpress\/ -->\n<title>Bajoviaducto San Mart\u00edn: ya se adjudicaron espacios en los barrios de Palermo y Chacarita - Voces de la Comuna 15<\/title>\n<meta name=\"description\" content=\"Voces de la Comuna 15\" \/>\n<meta name=\"robots\" content=\"index, follow, max-snippet:-1, max-image-preview:large, max-video-preview:-1\" \/>\n<link rel=\"canonical\" href=\"https:\/\/vocesdelacomuna15.com.ar\/press\/bajoviaducto-san-martin-ya-se-adjudicaron-espacios-en-los-barrios-de-palermo-y-chacarita\/\" \/>\n<meta property=\"og:locale\" content=\"es_ES\" \/>\n<meta property=\"og:type\" content=\"article\" \/>\n<meta property=\"og:title\" content=\"Bajoviaducto San Mart\u00edn: ya se adjudicaron espacios en los barrios de Palermo y Chacarita - Voces de la Comuna 15\" \/>\n<meta property=\"og:description\" content=\"Voces de la Comuna 15\" \/>\n<meta property=\"og:url\" content=\"https:\/\/vocesdelacomuna15.com.ar\/press\/bajoviaducto-san-martin-ya-se-adjudicaron-espacios-en-los-barrios-de-palermo-y-chacarita\/\" \/>\n<meta property=\"og:site_name\" content=\"Voces de la Comuna 15\" \/>\n<meta property=\"article:publisher\" content=\"https:\/\/www.facebook.com\/VocesComuna15\/\" \/>\n<meta property=\"article:published_time\" content=\"2019-12-30T10:00:23+00:00\" \/>\n<meta property=\"article:modified_time\" content=\"2020-05-02T13:36:37+00:00\" \/>\n<meta property=\"og:image\" content=\"https:\/\/vocesdelacomuna15.com.ar\/wp-content\/uploads\/2020\/05\/foto-gcba-30122019.jpg\" \/>\n\t<meta property=\"og:image:width\" content=\"1033\" \/>\n\t<meta property=\"og:image:height\" content=\"688\" \/>\n\t<meta property=\"og:image:type\" content=\"image\/jpeg\" \/>\n<meta name=\"author\" content=\"Federico Arguto\" \/>\n<meta name=\"twitter:card\" content=\"summary_large_image\" \/>\n<meta name=\"twitter:creator\" content=\"@vocescomuna15\" \/>\n<meta name=\"twitter:site\" content=\"@vocescomuna15\" \/>\n<meta name=\"twitter:label1\" content=\"Escrito por\" \/>\n\t<meta name=\"twitter:data1\" content=\"Federico Arguto\" \/>\n\t<meta name=\"twitter:label2\" content=\"Tiempo de lectura\" \/>\n\t<meta name=\"twitter:data2\" content=\"2 minutos\" \/>\n<script type=\"application\/ld+json\" class=\"yoast-schema-graph\">{\"@context\":\"https:\\\/\\\/schema.org\",\"@graph\":[{\"@type\":\"Article\",\"@id\":\"https:\\\/\\\/vocesdelacomuna15.com.ar\\\/press\\\/bajoviaducto-san-martin-ya-se-adjudicaron-espacios-en-los-barrios-de-palermo-y-chacarita\\\/#article\",\"isPartOf\":{\"@id\":\"https:\\\/\\\/vocesdelacomuna15.com.ar\\\/press\\\/bajoviaducto-san-martin-ya-se-adjudicaron-espacios-en-los-barrios-de-palermo-y-chacarita\\\/\"},\"author\":{\"name\":\"Federico Arguto\",\"@id\":\"https:\\\/\\\/vocesdelacomuna15.com.ar\\\/press\\\/#\\\/schema\\\/person\\\/4739e109db25d799cd3d139eeb509e43\"},\"headline\":\"Bajoviaducto San Mart\u00edn: ya se adjudicaron espacios en los barrios de Palermo y Chacarita\",\"datePublished\":\"2019-12-30T10:00:23+00:00\",\"dateModified\":\"2020-05-02T13:36:37+00:00\",\"mainEntityOfPage\":{\"@id\":\"https:\\\/\\\/vocesdelacomuna15.com.ar\\\/press\\\/bajoviaducto-san-martin-ya-se-adjudicaron-espacios-en-los-barrios-de-palermo-y-chacarita\\\/\"},\"wordCount\":508,\"commentCount\":0,\"publisher\":{\"@id\":\"https:\\\/\\\/vocesdelacomuna15.com.ar\\\/press\\\/#organization\"},\"image\":{\"@id\":\"https:\\\/\\\/vocesdelacomuna15.com.ar\\\/press\\\/bajoviaducto-san-martin-ya-se-adjudicaron-espacios-en-los-barrios-de-palermo-y-chacarita\\\/#primaryimage\"},\"thumbnailUrl\":\"https:\\\/\\\/vocesdelacomuna15.com.ar\\\/wp-content\\\/uploads\\\/2020\\\/05\\\/foto-gcba-30122019.jpg\",\"articleSection\":[\"Ciudad\"],\"inLanguage\":\"es-AR\",\"potentialAction\":[{\"@type\":\"CommentAction\",\"name\":\"Comment\",\"target\":[\"https:\\\/\\\/vocesdelacomuna15.com.ar\\\/press\\\/bajoviaducto-san-martin-ya-se-adjudicaron-espacios-en-los-barrios-de-palermo-y-chacarita\\\/#respond\"]}]},{\"@type\":\"WebPage\",\"@id\":\"https:\\\/\\\/vocesdelacomuna15.com.ar\\\/press\\\/bajoviaducto-san-martin-ya-se-adjudicaron-espacios-en-los-barrios-de-palermo-y-chacarita\\\/\",\"url\":\"https:\\\/\\\/vocesdelacomuna15.com.ar\\\/press\\\/bajoviaducto-san-martin-ya-se-adjudicaron-espacios-en-los-barrios-de-palermo-y-chacarita\\\/\",\"name\":\"Bajoviaducto San Mart\u00edn: ya se adjudicaron espacios en los barrios de Palermo y Chacarita - Voces de la Comuna 15\",\"isPartOf\":{\"@id\":\"https:\\\/\\\/vocesdelacomuna15.com.ar\\\/press\\\/#website\"},\"primaryImageOfPage\":{\"@id\":\"https:\\\/\\\/vocesdelacomuna15.com.ar\\\/press\\\/bajoviaducto-san-martin-ya-se-adjudicaron-espacios-en-los-barrios-de-palermo-y-chacarita\\\/#primaryimage\"},\"image\":{\"@id\":\"https:\\\/\\\/vocesdelacomuna15.com.ar\\\/press\\\/bajoviaducto-san-martin-ya-se-adjudicaron-espacios-en-los-barrios-de-palermo-y-chacarita\\\/#primaryimage\"},\"thumbnailUrl\":\"https:\\\/\\\/vocesdelacomuna15.com.ar\\\/wp-content\\\/uploads\\\/2020\\\/05\\\/foto-gcba-30122019.jpg\",\"datePublished\":\"2019-12-30T10:00:23+00:00\",\"dateModified\":\"2020-05-02T13:36:37+00:00\",\"description\":\"Voces de la Comuna 15\",\"breadcrumb\":{\"@id\":\"https:\\\/\\\/vocesdelacomuna15.com.ar\\\/press\\\/bajoviaducto-san-martin-ya-se-adjudicaron-espacios-en-los-barrios-de-palermo-y-chacarita\\\/#breadcrumb\"},\"inLanguage\":\"es-AR\",\"potentialAction\":[{\"@type\":\"ReadAction\",\"target\":[\"https:\\\/\\\/vocesdelacomuna15.com.ar\\\/press\\\/bajoviaducto-san-martin-ya-se-adjudicaron-espacios-en-los-barrios-de-palermo-y-chacarita\\\/\"]}]},{\"@type\":\"ImageObject\",\"inLanguage\":\"es-AR\",\"@id\":\"https:\\\/\\\/vocesdelacomuna15.com.ar\\\/press\\\/bajoviaducto-san-martin-ya-se-adjudicaron-espacios-en-los-barrios-de-palermo-y-chacarita\\\/#primaryimage\",\"url\":\"https:\\\/\\\/vocesdelacomuna15.com.ar\\\/wp-content\\\/uploads\\\/2020\\\/05\\\/foto-gcba-30122019.jpg\",\"contentUrl\":\"https:\\\/\\\/vocesdelacomuna15.com.ar\\\/wp-content\\\/uploads\\\/2020\\\/05\\\/foto-gcba-30122019.jpg\",\"width\":1033,\"height\":688},{\"@type\":\"BreadcrumbList\",\"@id\":\"https:\\\/\\\/vocesdelacomuna15.com.ar\\\/press\\\/bajoviaducto-san-martin-ya-se-adjudicaron-espacios-en-los-barrios-de-palermo-y-chacarita\\\/#breadcrumb\",\"itemListElement\":[{\"@type\":\"ListItem\",\"position\":1,\"name\":\"Inicio\",\"item\":\"https:\\\/\\\/vocesdelacomuna15.com.ar\\\/press\\\/\"},{\"@type\":\"ListItem\",\"position\":2,\"name\":\"Bajoviaducto San Mart\u00edn: ya se adjudicaron espacios en los barrios de Palermo y Chacarita\"}]},{\"@type\":\"WebSite\",\"@id\":\"https:\\\/\\\/vocesdelacomuna15.com.ar\\\/press\\\/#website\",\"url\":\"https:\\\/\\\/vocesdelacomuna15.com.ar\\\/press\\\/\",\"name\":\"Voces de la Comuna 15\",\"description\":\"Sitio web de noticias\",\"publisher\":{\"@id\":\"https:\\\/\\\/vocesdelacomuna15.com.ar\\\/press\\\/#organization\"},\"potentialAction\":[{\"@type\":\"SearchAction\",\"target\":{\"@type\":\"EntryPoint\",\"urlTemplate\":\"https:\\\/\\\/vocesdelacomuna15.com.ar\\\/press\\\/?s={search_term_string}\"},\"query-input\":{\"@type\":\"PropertyValueSpecification\",\"valueRequired\":true,\"valueName\":\"search_term_string\"}}],\"inLanguage\":\"es-AR\"},{\"@type\":\"Organization\",\"@id\":\"https:\\\/\\\/vocesdelacomuna15.com.ar\\\/press\\\/#organization\",\"name\":\"Voces de la Comuna 15\",\"url\":\"https:\\\/\\\/vocesdelacomuna15.com.ar\\\/press\\\/\",\"logo\":{\"@type\":\"ImageObject\",\"inLanguage\":\"es-AR\",\"@id\":\"https:\\\/\\\/vocesdelacomuna15.com.ar\\\/press\\\/#\\\/schema\\\/logo\\\/image\\\/\",\"url\":\"https:\\\/\\\/vocesdelacomuna15.com.ar\\\/wp-content\\\/uploads\\\/2024\\\/12\\\/cropped-logo_voces.jpg\",\"contentUrl\":\"https:\\\/\\\/vocesdelacomuna15.com.ar\\\/wp-content\\\/uploads\\\/2024\\\/12\\\/cropped-logo_voces.jpg\",\"width\":512,\"height\":512,\"caption\":\"Voces de la Comuna 15\"},\"image\":{\"@id\":\"https:\\\/\\\/vocesdelacomuna15.com.ar\\\/press\\\/#\\\/schema\\\/logo\\\/image\\\/\"},\"sameAs\":[\"https:\\\/\\\/www.facebook.com\\\/VocesComuna15\\\/\",\"https:\\\/\\\/x.com\\\/vocescomuna15\"]},{\"@type\":\"Person\",\"@id\":\"https:\\\/\\\/vocesdelacomuna15.com.ar\\\/press\\\/#\\\/schema\\\/person\\\/4739e109db25d799cd3d139eeb509e43\",\"name\":\"Federico Arguto\",\"image\":{\"@type\":\"ImageObject\",\"inLanguage\":\"es-AR\",\"@id\":\"https:\\\/\\\/vocesdelacomuna15.com.ar\\\/wp-content\\\/litespeed\\\/avatar\\\/82faf979976f1bae889b8b71f8a0a7e5.jpg?ver=1777419741\",\"url\":\"https:\\\/\\\/vocesdelacomuna15.com.ar\\\/wp-content\\\/litespeed\\\/avatar\\\/82faf979976f1bae889b8b71f8a0a7e5.jpg?ver=1777419741\",\"contentUrl\":\"https:\\\/\\\/vocesdelacomuna15.com.ar\\\/wp-content\\\/litespeed\\\/avatar\\\/82faf979976f1bae889b8b71f8a0a7e5.jpg?ver=1777419741\",\"caption\":\"Federico Arguto\"},\"url\":\"https:\\\/\\\/vocesdelacomuna15.com.ar\\\/press\\\/author\\\/fede\\\/\"}]}<\/script>\n<!-- \/ Yoast SEO plugin. -->","yoast_head_json":{"title":"Bajoviaducto San Mart\u00edn: ya se adjudicaron espacios en los barrios de Palermo y Chacarita - Voces de la Comuna 15","description":"Voces de la Comuna 15","robots":{"index":"index","follow":"follow","max-snippet":"max-snippet:-1","max-image-preview":"max-image-preview:large","max-video-preview":"max-video-preview:-1"},"canonical":"https:\/\/vocesdelacomuna15.com.ar\/press\/bajoviaducto-san-martin-ya-se-adjudicaron-espacios-en-los-barrios-de-palermo-y-chacarita\/","og_locale":"es_ES","og_type":"article","og_title":"Bajoviaducto San Mart\u00edn: ya se adjudicaron espacios en los barrios de Palermo y Chacarita - Voces de la Comuna 15","og_description":"Voces de la Comuna 15","og_url":"https:\/\/vocesdelacomuna15.com.ar\/press\/bajoviaducto-san-martin-ya-se-adjudicaron-espacios-en-los-barrios-de-palermo-y-chacarita\/","og_site_name":"Voces de la Comuna 15","article_publisher":"https:\/\/www.facebook.com\/VocesComuna15\/","article_published_time":"2019-12-30T10:00:23+00:00","article_modified_time":"2020-05-02T13:36:37+00:00","og_image":[{"width":1033,"height":688,"url":"https:\/\/vocesdelacomuna15.com.ar\/wp-content\/uploads\/2020\/05\/foto-gcba-30122019.jpg","type":"image\/jpeg"}],"author":"Federico Arguto","twitter_card":"summary_large_image","twitter_creator":"@vocescomuna15","twitter_site":"@vocescomuna15","twitter_misc":{"Escrito por":"Federico Arguto","Tiempo de lectura":"2 minutos"},"schema":{"@context":"https:\/\/schema.org","@graph":[{"@type":"Article","@id":"https:\/\/vocesdelacomuna15.com.ar\/press\/bajoviaducto-san-martin-ya-se-adjudicaron-espacios-en-los-barrios-de-palermo-y-chacarita\/#article","isPartOf":{"@id":"https:\/\/vocesdelacomuna15.com.ar\/press\/bajoviaducto-san-martin-ya-se-adjudicaron-espacios-en-los-barrios-de-palermo-y-chacarita\/"},"author":{"name":"Federico Arguto","@id":"https:\/\/vocesdelacomuna15.com.ar\/press\/#\/schema\/person\/4739e109db25d799cd3d139eeb509e43"},"headline":"Bajoviaducto San Mart\u00edn: ya se adjudicaron espacios en los barrios de Palermo y Chacarita","datePublished":"2019-12-30T10:00:23+00:00","dateModified":"2020-05-02T13:36:37+00:00","mainEntityOfPage":{"@id":"https:\/\/vocesdelacomuna15.com.ar\/press\/bajoviaducto-san-martin-ya-se-adjudicaron-espacios-en-los-barrios-de-palermo-y-chacarita\/"},"wordCount":508,"commentCount":0,"publisher":{"@id":"https:\/\/vocesdelacomuna15.com.ar\/press\/#organization"},"image":{"@id":"https:\/\/vocesdelacomuna15.com.ar\/press\/bajoviaducto-san-martin-ya-se-adjudicaron-espacios-en-los-barrios-de-palermo-y-chacarita\/#primaryimage"},"thumbnailUrl":"https:\/\/vocesdelacomuna15.com.ar\/wp-content\/uploads\/2020\/05\/foto-gcba-30122019.jpg","articleSection":["Ciudad"],"inLanguage":"es-AR","potentialAction":[{"@type":"CommentAction","name":"Comment","target":["https:\/\/vocesdelacomuna15.com.ar\/press\/bajoviaducto-san-martin-ya-se-adjudicaron-espacios-en-los-barrios-de-palermo-y-chacarita\/#respond"]}]},{"@type":"WebPage","@id":"https:\/\/vocesdelacomuna15.com.ar\/press\/bajoviaducto-san-martin-ya-se-adjudicaron-espacios-en-los-barrios-de-palermo-y-chacarita\/","url":"https:\/\/vocesdelacomuna15.com.ar\/press\/bajoviaducto-san-martin-ya-se-adjudicaron-espacios-en-los-barrios-de-palermo-y-chacarita\/","name":"Bajoviaducto San Mart\u00edn: ya se adjudicaron espacios en los barrios de Palermo y Chacarita - Voces de la Comuna 15","isPartOf":{"@id":"https:\/\/vocesdelacomuna15.com.ar\/press\/#website"},"primaryImageOfPage":{"@id":"https:\/\/vocesdelacomuna15.com.ar\/press\/bajoviaducto-san-martin-ya-se-adjudicaron-espacios-en-los-barrios-de-palermo-y-chacarita\/#primaryimage"},"image":{"@id":"https:\/\/vocesdelacomuna15.com.ar\/press\/bajoviaducto-san-martin-ya-se-adjudicaron-espacios-en-los-barrios-de-palermo-y-chacarita\/#primaryimage"},"thumbnailUrl":"https:\/\/vocesdelacomuna15.com.ar\/wp-content\/uploads\/2020\/05\/foto-gcba-30122019.jpg","datePublished":"2019-12-30T10:00:23+00:00","dateModified":"2020-05-02T13:36:37+00:00","description":"Voces de la Comuna 15","breadcrumb":{"@id":"https:\/\/vocesdelacomuna15.com.ar\/press\/bajoviaducto-san-martin-ya-se-adjudicaron-espacios-en-los-barrios-de-palermo-y-chacarita\/#breadcrumb"},"inLanguage":"es-AR","potentialAction":[{"@type":"ReadAction","target":["https:\/\/vocesdelacomuna15.com.ar\/press\/bajoviaducto-san-martin-ya-se-adjudicaron-espacios-en-los-barrios-de-palermo-y-chacarita\/"]}]},{"@type":"ImageObject","inLanguage":"es-AR","@id":"https:\/\/vocesdelacomuna15.com.ar\/press\/bajoviaducto-san-martin-ya-se-adjudicaron-espacios-en-los-barrios-de-palermo-y-chacarita\/#primaryimage","url":"https:\/\/vocesdelacomuna15.com.ar\/wp-content\/uploads\/2020\/05\/foto-gcba-30122019.jpg","contentUrl":"https:\/\/vocesdelacomuna15.com.ar\/wp-content\/uploads\/2020\/05\/foto-gcba-30122019.jpg","width":1033,"height":688},{"@type":"BreadcrumbList","@id":"https:\/\/vocesdelacomuna15.com.ar\/press\/bajoviaducto-san-martin-ya-se-adjudicaron-espacios-en-los-barrios-de-palermo-y-chacarita\/#breadcrumb","itemListElement":[{"@type":"ListItem","position":1,"name":"Inicio","item":"https:\/\/vocesdelacomuna15.com.ar\/press\/"},{"@type":"ListItem","position":2,"name":"Bajoviaducto San Mart\u00edn: ya se adjudicaron espacios en los barrios de Palermo y Chacarita"}]},{"@type":"WebSite","@id":"https:\/\/vocesdelacomuna15.com.ar\/press\/#website","url":"https:\/\/vocesdelacomuna15.com.ar\/press\/","name":"Voces de la Comuna 15","description":"Sitio web de noticias","publisher":{"@id":"https:\/\/vocesdelacomuna15.com.ar\/press\/#organization"},"potentialAction":[{"@type":"SearchAction","target":{"@type":"EntryPoint","urlTemplate":"https:\/\/vocesdelacomuna15.com.ar\/press\/?s={search_term_string}"},"query-input":{"@type":"PropertyValueSpecification","valueRequired":true,"valueName":"search_term_string"}}],"inLanguage":"es-AR"},{"@type":"Organization","@id":"https:\/\/vocesdelacomuna15.com.ar\/press\/#organization","name":"Voces de la Comuna 15","url":"https:\/\/vocesdelacomuna15.com.ar\/press\/","logo":{"@type":"ImageObject","inLanguage":"es-AR","@id":"https:\/\/vocesdelacomuna15.com.ar\/press\/#\/schema\/logo\/image\/","url":"https:\/\/vocesdelacomuna15.com.ar\/wp-content\/uploads\/2024\/12\/cropped-logo_voces.jpg","contentUrl":"https:\/\/vocesdelacomuna15.com.ar\/wp-content\/uploads\/2024\/12\/cropped-logo_voces.jpg","width":512,"height":512,"caption":"Voces de la Comuna 15"},"image":{"@id":"https:\/\/vocesdelacomuna15.com.ar\/press\/#\/schema\/logo\/image\/"},"sameAs":["https:\/\/www.facebook.com\/VocesComuna15\/","https:\/\/x.com\/vocescomuna15"]},{"@type":"Person","@id":"https:\/\/vocesdelacomuna15.com.ar\/press\/#\/schema\/person\/4739e109db25d799cd3d139eeb509e43","name":"Federico Arguto","image":{"@type":"ImageObject","inLanguage":"es-AR","@id":"https:\/\/vocesdelacomuna15.com.ar\/wp-content\/litespeed\/avatar\/82faf979976f1bae889b8b71f8a0a7e5.jpg?ver=1777419741","url":"https:\/\/vocesdelacomuna15.com.ar\/wp-content\/litespeed\/avatar\/82faf979976f1bae889b8b71f8a0a7e5.jpg?ver=1777419741","contentUrl":"https:\/\/vocesdelacomuna15.com.ar\/wp-content\/litespeed\/avatar\/82faf979976f1bae889b8b71f8a0a7e5.jpg?ver=1777419741","caption":"Federico Arguto"},"url":"https:\/\/vocesdelacomuna15.com.ar\/press\/author\/fede\/"}]}},"_links":{"self":[{"href":"https:\/\/vocesdelacomuna15.com.ar\/press\/wp-json\/wp\/v2\/posts\/51941","targetHints":{"allow":["GET"]}}],"collection":[{"href":"https:\/\/vocesdelacomuna15.com.ar\/press\/wp-json\/wp\/v2\/posts"}],"about":[{"href":"https:\/\/vocesdelacomuna15.com.ar\/press\/wp-json\/wp\/v2\/types\/post"}],"author":[{"embeddable":true,"href":"https:\/\/vocesdelacomuna15.com.ar\/press\/wp-json\/wp\/v2\/users\/2"}],"replies":[{"embeddable":true,"href":"https:\/\/vocesdelacomuna15.com.ar\/press\/wp-json\/wp\/v2\/comments?post=51941"}],"version-history":[{"count":1,"href":"https:\/\/vocesdelacomuna15.com.ar\/press\/wp-json\/wp\/v2\/posts\/51941\/revisions"}],"predecessor-version":[{"id":51945,"href":"https:\/\/vocesdelacomuna15.com.ar\/press\/wp-json\/wp\/v2\/posts\/51941\/revisions\/51945"}],"wp:featuredmedia":[{"embeddable":true,"href":"https:\/\/vocesdelacomuna15.com.ar\/press\/wp-json\/wp\/v2\/media\/51943"}],"wp:attachment":[{"href":"https:\/\/vocesdelacomuna15.com.ar\/press\/wp-json\/wp\/v2\/media?parent=51941"}],"wp:term":[{"taxonomy":"category","embeddable":true,"href":"https:\/\/vocesdelacomuna15.com.ar\/press\/wp-json\/wp\/v2\/categories?post=51941"},{"taxonomy":"post_tag","embeddable":true,"href":"https:\/\/vocesdelacomuna15.com.ar\/press\/wp-json\/wp\/v2\/tags?post=51941"}],"curies":[{"name":"wp","href":"https:\/\/api.w.org\/{rel}","templated":true}]}}