{"id":51933,"date":"2019-12-30T15:00:33","date_gmt":"2019-12-30T18:00:33","guid":{"rendered":"http:\/\/vocesdelacomuna15.com.ar\/wordpress\/?p=51933"},"modified":"2020-05-02T10:34:09","modified_gmt":"2020-05-02T13:34:09","slug":"vecinos-de-las-comunas-15-y-14-pidieron-por-espacios-publicos-en-el-bajo-viaducto-san-martin","status":"publish","type":"post","link":"https:\/\/vocesdelacomuna15.com.ar\/press\/vecinos-de-las-comunas-15-y-14-pidieron-por-espacios-publicos-en-el-bajo-viaducto-san-martin\/","title":{"rendered":"Vecinos de las comunas 15 y 14 pidieron por espacios p\u00fablicos en el bajo viaducto San Mart\u00edn"},"content":{"rendered":"\n<h4 class=\"wp-block-heading\">Se hizo una caminata el s\u00e1bado 21 de diciembre por la ma\u00f1ana<\/h4>\n\n\n\n<p>En coincidencia con la llegada del verano, el s\u00e1bado 21 de diciembre a partir de las 11 de la ma\u00f1ana, vecinos de las Comunas 15 y 14 realizaron distintas caminatas a lo largo de las cercan\u00edas del bajo viaducto San Mart\u00edn en los barrios de Villa Crespo\/Chacarita y Palermo respectivamente, junt\u00e1ndose cerca de las 13 horas en C\u00f3rdoba y Juan B. Justo (donde estaba el viejo Puente de la Reconquista), l\u00edmite entre las dos comunas, concluyendo la actividad con un peque\u00f1o acto. Este peri\u00f3dico estuvo presente en la caminata organizada por vecinos de la Comuna 15, que partieron desde Avenida Corrientes 6114 (Asamblea de Juan B. Justo y Corrientes, situada al lado de la Estaci\u00f3n Villa Crespo en el l\u00edmite con Chacarita), siguiendo por Dorrego y luego por Bonpland, pasando por la Sede Comunal 15, doblando en Avenida C\u00f3rdoba para terminar en esa arteria y Juan B. Justo, junt\u00e1ndose all\u00ed con los vecinos de la Comuna 14. Se pidieron espacios p\u00fablicos para la zona del bajo viaducto San Mart\u00edn, de uso comunitario. La Comisi\u00f3n de Ambiente y Espacio P\u00fablico de Consejo Consultivo Comunal de la Comuna 15 elabor\u00f3 un volante que se reparti\u00f3 a otros vecinos que se cruzaban durante la caminata que ped\u00eda este tipo de espacios en la zona en cuesti\u00f3n, titulado \u201cEn el bajo viaducto s\u00f3lo queremos espacios p\u00fablicos\u201d: .Culturales, con exposiciones temporales, actividades teatrales y art\u00edsticas, cine, danza, bibliotecas, itinerantes. .Deportivas, pr\u00e1ctica de deporte y g\u00e9nero, para distintos centros de d\u00eda y asociaciones de jubilados. .Para actividades f\u00edsicas y culturales de las escuelas. .Para ni\u00f1ez y adolescencia, con principal acento en capacidades diferentes. .Para productores y cooperativistas que realicen ferias a cielo abierto .Para las ferias de la ciudad, creando centros de cercan\u00eda de productos. .Espacios para el desarrollo de la ciencia y tecnolog\u00eda La misma comisi\u00f3n elabor\u00f3 tambi\u00e9n otro volante en el que defin\u00edan \u201cqu\u00e9 es un barrio\u201d se\u00f1alando: \u201cLes vecines de Villa Crespo, Chacarita y La Paternal nos criamos y crecimos en ellos y\/o elegimos estos barrios para vivir. Sus fisonom\u00edas fueron cambiando lentamente con el progreso, las luces, el asfalto, las torres. Pero de repente, a ra\u00edz de especulaciones pol\u00edticas y por llevar a cabo negocios muy rentables, se afecta la forma de vida de la gente y esto resulta inaceptable\u201d. Continuaba haciendo referencia a la cuestionada rezonificaci\u00f3n de la \u201cEstaci\u00f3n Villa Crespo y su entorno\u201d y a la problem\u00e1tica del Movistar Arena: \u201cHace cuatro meses nos enteramos de que las obras bajo viaducto se hab\u00edan paralizado. Quedaron cientos de pymes con deudas, dos estaciones sin construir, la de Villa Crespo y la de La Paternal, obradores y gigantescas maquinarias paralizadas, deshechos de la construcci\u00f3n. Y sus pasajeros ignorados en busca de otro medio de traslado, incomparablemente siempre menos efectivo que el tren. Sin que nadie explique c\u00f3mo sigue esto, se llama a licitaci\u00f3n para las \u00e1reas del bajo viaducto, se rezonifican las zonas adyacentes y se planea vender los terrenos. Al mismo tiempo y silenciosamente se construy\u00f3 en los terrenos cedidos al Club Atlanta por el Gobierno de la CABA un megaestadio para 16.000 espectadores: el Movistar Arena, con capitales de Arena, diario La Naci\u00f3n y Movistar, capitales obtenidos mediante cr\u00e9ditos otorgados por Banco Naci\u00f3n y Banco Ciudad y que goza de beneficios como no pago de ABL durante 40 a\u00f1os. Este megaestadio cambia totalmente con sus 3 o 4 recitales semanales las formas de vida del barrio. Desde la circulaci\u00f3n de personas y veh\u00edculos hasta la forma de entrar a las viviendas o los horarios para la compra de bebidas alcoh\u00f3licas, sin hablar de las vibraciones producidas por los conciertos. No queremos m\u00e1s que nos vendan los barrios para uso comercial, queremos espacios p\u00fablicos de uso comunitario, verdes y con participaci\u00f3n ciudadana en la toma de decisiones. \u00a1Basta de negocios!\u201d. Al final de la caminata se cant\u00f3 entre todos una canci\u00f3n, creada por los vecinos, con estilo murguero, que dec\u00eda: \u201cQueremos mirar el verde con arboledas pa\u00b4 respirar, canchitas para les pibes y v\u00eda libre pa\u00b4 corretear, llegar con nuestros pinceles, hacer murales, sumar color. Y el s\u00e1bado por la tarde jugar picados y hacer un gol. Suenen tambores pa\u00b4 que se acerque por las esquinas la poblaci\u00f3n. Suenen tambores, v\u00e9nganse pronto, cantemos todes esta canci\u00f3n. Queremos los productores tengan espacio para ofrecer sus frutas y sus verduras, cositas ricas para comer, teatro comunitario y una pantalla pa\u00b4 distrutar, pel\u00edculas en la calle que todo el barrio pueda mirar\u201d. En la caminata estuvieron presentes, aparte de miembros del Consejo Consultivo, distintas organizaciones de los barrios que componen la comuna 15, como la Asamblea de Juan B. Justo y Corrientes, Radio Asamblea (FM 94.1), Colectivo Barrial Parque Chas, el colectivo \u201cNo a las Torres en la Isla de La Paternal\u201d, socios del club \u201cLa Cultura del Barrio\u201d (Villa Crespo), Vecinos Autoconvocados de Villa Crespo contra el Megaestadio Arena, entre otros. Estuvieron presentes los tres nuevos comuneros del Frente de Todos: Leonardo Lucchese Di Leva, Jazm\u00edn Tello y Nancy Bola\u00f1o y otros referentes pol\u00edticos, como Mar\u00eda Jos\u00e9 Lubertino, Diputada Nacional (MC), ex titular del INADI y ex legisladora porte\u00f1a; quien se hizo presente junto con los vecinos de la Comuna 14, acompa\u00f1ados por otras organizaciones del barrio de Palermo. En la caminata se exhibieron muchas pancartas con consignas a favor de los espacios p\u00fablicos en la zona del bajo viaducto San Mart\u00edn, pidiendo que se tenga en cuenta la participaci\u00f3n vecinal, en contra del cemento y a favor del verde, otras con cr\u00edticas al Jefe de Gobierno porte\u00f1o Horacio Rodr\u00edguez Larreta (Juntos por el Cambio) y en contra de los negocios y la especulaci\u00f3n. Caracteres: 5.383<\/p>\n<div class=\"pvc_clear\"><\/div><p id=\"pvc_stats_51933\" class=\"pvc_stats all  \" data-element-id=\"51933\" style=\"\"><i class=\"pvc-stats-icon small\" aria-hidden=\"true\"><svg aria-hidden=\"true\" focusable=\"false\" data-prefix=\"far\" data-icon=\"chart-bar\" role=\"img\" xmlns=\"http:\/\/www.w3.org\/2000\/svg\" viewBox=\"0 0 512 512\" class=\"svg-inline--fa fa-chart-bar fa-w-16 fa-2x\"><path fill=\"currentColor\" d=\"M396.8 352h22.4c6.4 0 12.8-6.4 12.8-12.8V108.8c0-6.4-6.4-12.8-12.8-12.8h-22.4c-6.4 0-12.8 6.4-12.8 12.8v230.4c0 6.4 6.4 12.8 12.8 12.8zm-192 0h22.4c6.4 0 12.8-6.4 12.8-12.8V140.8c0-6.4-6.4-12.8-12.8-12.8h-22.4c-6.4 0-12.8 6.4-12.8 12.8v198.4c0 6.4 6.4 12.8 12.8 12.8zm96 0h22.4c6.4 0 12.8-6.4 12.8-12.8V204.8c0-6.4-6.4-12.8-12.8-12.8h-22.4c-6.4 0-12.8 6.4-12.8 12.8v134.4c0 6.4 6.4 12.8 12.8 12.8zM496 400H48V80c0-8.84-7.16-16-16-16H16C7.16 64 0 71.16 0 80v336c0 17.67 14.33 32 32 32h464c8.84 0 16-7.16 16-16v-16c0-8.84-7.16-16-16-16zm-387.2-48h22.4c6.4 0 12.8-6.4 12.8-12.8v-70.4c0-6.4-6.4-12.8-12.8-12.8h-22.4c-6.4 0-12.8 6.4-12.8 12.8v70.4c0 6.4 6.4 12.8 12.8 12.8z\" class=\"\"><\/path><\/svg><\/i> <img loading=\"lazy\" decoding=\"async\" width=\"16\" height=\"16\" alt=\"Loading\" src=\"https:\/\/vocesdelacomuna15.com.ar\/wp-content\/plugins\/page-views-count\/ajax-loader-2x.gif\" border=0 \/><\/p><div class=\"pvc_clear\"><\/div>","protected":false},"excerpt":{"rendered":"<p>Se hizo una caminata el s\u00e1bado 21 de diciembre por la ma\u00f1ana En coincidencia con la llegada del verano, el s\u00e1bado 21 de diciembre a partir de las 11 de la ma\u00f1ana, vecinos de las Comunas 15 y 14 realizaron distintas caminatas a lo largo de las cercan\u00edas del bajo viaducto San Mart\u00edn en los [&hellip;]<\/p>\n<div class=\"pvc_clear\"><\/div>\n<p id=\"pvc_stats_51933\" class=\"pvc_stats all  \" data-element-id=\"51933\" style=\"\"><i class=\"pvc-stats-icon small\" aria-hidden=\"true\"><svg aria-hidden=\"true\" focusable=\"false\" data-prefix=\"far\" data-icon=\"chart-bar\" role=\"img\" xmlns=\"http:\/\/www.w3.org\/2000\/svg\" viewBox=\"0 0 512 512\" class=\"svg-inline--fa fa-chart-bar fa-w-16 fa-2x\"><path fill=\"currentColor\" d=\"M396.8 352h22.4c6.4 0 12.8-6.4 12.8-12.8V108.8c0-6.4-6.4-12.8-12.8-12.8h-22.4c-6.4 0-12.8 6.4-12.8 12.8v230.4c0 6.4 6.4 12.8 12.8 12.8zm-192 0h22.4c6.4 0 12.8-6.4 12.8-12.8V140.8c0-6.4-6.4-12.8-12.8-12.8h-22.4c-6.4 0-12.8 6.4-12.8 12.8v198.4c0 6.4 6.4 12.8 12.8 12.8zm96 0h22.4c6.4 0 12.8-6.4 12.8-12.8V204.8c0-6.4-6.4-12.8-12.8-12.8h-22.4c-6.4 0-12.8 6.4-12.8 12.8v134.4c0 6.4 6.4 12.8 12.8 12.8zM496 400H48V80c0-8.84-7.16-16-16-16H16C7.16 64 0 71.16 0 80v336c0 17.67 14.33 32 32 32h464c8.84 0 16-7.16 16-16v-16c0-8.84-7.16-16-16-16zm-387.2-48h22.4c6.4 0 12.8-6.4 12.8-12.8v-70.4c0-6.4-6.4-12.8-12.8-12.8h-22.4c-6.4 0-12.8 6.4-12.8 12.8v70.4c0 6.4 6.4 12.8 12.8 12.8z\" class=\"\"><\/path><\/svg><\/i> <img loading=\"lazy\" decoding=\"async\" width=\"16\" height=\"16\" alt=\"Loading\" src=\"https:\/\/vocesdelacomuna15.com.ar\/wp-content\/plugins\/page-views-count\/ajax-loader-2x.gif\" border=0 \/><\/p>\n<div class=\"pvc_clear\"><\/div>\n","protected":false},"author":2,"featured_media":51935,"comment_status":"open","ping_status":"open","sticky":false,"template":"","format":"standard","meta":{"_et_pb_use_builder":"off","_et_pb_old_content":"","_et_gb_content_width":"","footnotes":""},"categories":[26],"tags":[],"class_list":["post-51933","post","type-post","status-publish","format-standard","has-post-thumbnail","hentry","category-ciudad","et-has-post-format-content","et_post_format-et-post-format-standard"],"a3_pvc":{"activated":true,"total_views":227,"today_views":0},"yoast_head":"<!-- This site is optimized with the Yoast SEO plugin v27.5 - https:\/\/yoast.com\/product\/yoast-seo-wordpress\/ -->\n<title>Vecinos de las comunas 15 y 14 pidieron por espacios p\u00fablicos en el bajo viaducto San Mart\u00edn - Voces de la Comuna 15<\/title>\n<meta name=\"description\" content=\"Voces de la Comuna 15\" \/>\n<meta name=\"robots\" content=\"index, follow, max-snippet:-1, max-image-preview:large, max-video-preview:-1\" \/>\n<link rel=\"canonical\" href=\"https:\/\/vocesdelacomuna15.com.ar\/press\/vecinos-de-las-comunas-15-y-14-pidieron-por-espacios-publicos-en-el-bajo-viaducto-san-martin\/\" \/>\n<meta property=\"og:locale\" content=\"es_ES\" \/>\n<meta property=\"og:type\" content=\"article\" \/>\n<meta property=\"og:title\" content=\"Vecinos de las comunas 15 y 14 pidieron por espacios p\u00fablicos en el bajo viaducto San Mart\u00edn - Voces de la Comuna 15\" \/>\n<meta property=\"og:description\" content=\"Voces de la Comuna 15\" \/>\n<meta property=\"og:url\" content=\"https:\/\/vocesdelacomuna15.com.ar\/press\/vecinos-de-las-comunas-15-y-14-pidieron-por-espacios-publicos-en-el-bajo-viaducto-san-martin\/\" \/>\n<meta property=\"og:site_name\" content=\"Voces de la Comuna 15\" \/>\n<meta property=\"article:publisher\" content=\"https:\/\/www.facebook.com\/VocesComuna15\/\" \/>\n<meta property=\"article:published_time\" content=\"2019-12-30T18:00:33+00:00\" \/>\n<meta property=\"article:modified_time\" content=\"2020-05-02T13:34:09+00:00\" \/>\n<meta property=\"og:image\" content=\"https:\/\/vocesdelacomuna15.com.ar\/wp-content\/uploads\/2020\/05\/bajoviad22122019.png\" \/>\n\t<meta property=\"og:image:width\" content=\"1018\" \/>\n\t<meta property=\"og:image:height\" content=\"675\" \/>\n\t<meta property=\"og:image:type\" content=\"image\/png\" \/>\n<meta name=\"author\" content=\"Federico Arguto\" \/>\n<meta name=\"twitter:card\" content=\"summary_large_image\" \/>\n<meta name=\"twitter:creator\" content=\"@vocescomuna15\" \/>\n<meta name=\"twitter:site\" content=\"@vocescomuna15\" \/>\n<meta name=\"twitter:label1\" content=\"Escrito por\" \/>\n\t<meta name=\"twitter:data1\" content=\"Federico Arguto\" \/>\n\t<meta name=\"twitter:label2\" content=\"Tiempo de lectura\" \/>\n\t<meta name=\"twitter:data2\" content=\"5 minutos\" \/>\n<script type=\"application\/ld+json\" class=\"yoast-schema-graph\">{\"@context\":\"https:\\\/\\\/schema.org\",\"@graph\":[{\"@type\":\"Article\",\"@id\":\"https:\\\/\\\/vocesdelacomuna15.com.ar\\\/press\\\/vecinos-de-las-comunas-15-y-14-pidieron-por-espacios-publicos-en-el-bajo-viaducto-san-martin\\\/#article\",\"isPartOf\":{\"@id\":\"https:\\\/\\\/vocesdelacomuna15.com.ar\\\/press\\\/vecinos-de-las-comunas-15-y-14-pidieron-por-espacios-publicos-en-el-bajo-viaducto-san-martin\\\/\"},\"author\":{\"name\":\"Federico Arguto\",\"@id\":\"https:\\\/\\\/vocesdelacomuna15.com.ar\\\/press\\\/#\\\/schema\\\/person\\\/4739e109db25d799cd3d139eeb509e43\"},\"headline\":\"Vecinos de las comunas 15 y 14 pidieron por espacios p\u00fablicos en el bajo viaducto San Mart\u00edn\",\"datePublished\":\"2019-12-30T18:00:33+00:00\",\"dateModified\":\"2020-05-02T13:34:09+00:00\",\"mainEntityOfPage\":{\"@id\":\"https:\\\/\\\/vocesdelacomuna15.com.ar\\\/press\\\/vecinos-de-las-comunas-15-y-14-pidieron-por-espacios-publicos-en-el-bajo-viaducto-san-martin\\\/\"},\"wordCount\":1021,\"commentCount\":0,\"publisher\":{\"@id\":\"https:\\\/\\\/vocesdelacomuna15.com.ar\\\/press\\\/#organization\"},\"image\":{\"@id\":\"https:\\\/\\\/vocesdelacomuna15.com.ar\\\/press\\\/vecinos-de-las-comunas-15-y-14-pidieron-por-espacios-publicos-en-el-bajo-viaducto-san-martin\\\/#primaryimage\"},\"thumbnailUrl\":\"https:\\\/\\\/vocesdelacomuna15.com.ar\\\/wp-content\\\/uploads\\\/2020\\\/05\\\/bajoviad22122019.png\",\"articleSection\":[\"Ciudad\"],\"inLanguage\":\"es-AR\",\"potentialAction\":[{\"@type\":\"CommentAction\",\"name\":\"Comment\",\"target\":[\"https:\\\/\\\/vocesdelacomuna15.com.ar\\\/press\\\/vecinos-de-las-comunas-15-y-14-pidieron-por-espacios-publicos-en-el-bajo-viaducto-san-martin\\\/#respond\"]}]},{\"@type\":\"WebPage\",\"@id\":\"https:\\\/\\\/vocesdelacomuna15.com.ar\\\/press\\\/vecinos-de-las-comunas-15-y-14-pidieron-por-espacios-publicos-en-el-bajo-viaducto-san-martin\\\/\",\"url\":\"https:\\\/\\\/vocesdelacomuna15.com.ar\\\/press\\\/vecinos-de-las-comunas-15-y-14-pidieron-por-espacios-publicos-en-el-bajo-viaducto-san-martin\\\/\",\"name\":\"Vecinos de las comunas 15 y 14 pidieron por espacios p\u00fablicos en el bajo viaducto San Mart\u00edn - Voces de la Comuna 15\",\"isPartOf\":{\"@id\":\"https:\\\/\\\/vocesdelacomuna15.com.ar\\\/press\\\/#website\"},\"primaryImageOfPage\":{\"@id\":\"https:\\\/\\\/vocesdelacomuna15.com.ar\\\/press\\\/vecinos-de-las-comunas-15-y-14-pidieron-por-espacios-publicos-en-el-bajo-viaducto-san-martin\\\/#primaryimage\"},\"image\":{\"@id\":\"https:\\\/\\\/vocesdelacomuna15.com.ar\\\/press\\\/vecinos-de-las-comunas-15-y-14-pidieron-por-espacios-publicos-en-el-bajo-viaducto-san-martin\\\/#primaryimage\"},\"thumbnailUrl\":\"https:\\\/\\\/vocesdelacomuna15.com.ar\\\/wp-content\\\/uploads\\\/2020\\\/05\\\/bajoviad22122019.png\",\"datePublished\":\"2019-12-30T18:00:33+00:00\",\"dateModified\":\"2020-05-02T13:34:09+00:00\",\"description\":\"Voces de la Comuna 15\",\"breadcrumb\":{\"@id\":\"https:\\\/\\\/vocesdelacomuna15.com.ar\\\/press\\\/vecinos-de-las-comunas-15-y-14-pidieron-por-espacios-publicos-en-el-bajo-viaducto-san-martin\\\/#breadcrumb\"},\"inLanguage\":\"es-AR\",\"potentialAction\":[{\"@type\":\"ReadAction\",\"target\":[\"https:\\\/\\\/vocesdelacomuna15.com.ar\\\/press\\\/vecinos-de-las-comunas-15-y-14-pidieron-por-espacios-publicos-en-el-bajo-viaducto-san-martin\\\/\"]}]},{\"@type\":\"ImageObject\",\"inLanguage\":\"es-AR\",\"@id\":\"https:\\\/\\\/vocesdelacomuna15.com.ar\\\/press\\\/vecinos-de-las-comunas-15-y-14-pidieron-por-espacios-publicos-en-el-bajo-viaducto-san-martin\\\/#primaryimage\",\"url\":\"https:\\\/\\\/vocesdelacomuna15.com.ar\\\/wp-content\\\/uploads\\\/2020\\\/05\\\/bajoviad22122019.png\",\"contentUrl\":\"https:\\\/\\\/vocesdelacomuna15.com.ar\\\/wp-content\\\/uploads\\\/2020\\\/05\\\/bajoviad22122019.png\",\"width\":1018,\"height\":675},{\"@type\":\"BreadcrumbList\",\"@id\":\"https:\\\/\\\/vocesdelacomuna15.com.ar\\\/press\\\/vecinos-de-las-comunas-15-y-14-pidieron-por-espacios-publicos-en-el-bajo-viaducto-san-martin\\\/#breadcrumb\",\"itemListElement\":[{\"@type\":\"ListItem\",\"position\":1,\"name\":\"Inicio\",\"item\":\"https:\\\/\\\/vocesdelacomuna15.com.ar\\\/press\\\/\"},{\"@type\":\"ListItem\",\"position\":2,\"name\":\"Vecinos de las comunas 15 y 14 pidieron por espacios p\u00fablicos en el bajo viaducto San Mart\u00edn\"}]},{\"@type\":\"WebSite\",\"@id\":\"https:\\\/\\\/vocesdelacomuna15.com.ar\\\/press\\\/#website\",\"url\":\"https:\\\/\\\/vocesdelacomuna15.com.ar\\\/press\\\/\",\"name\":\"Voces de la Comuna 15\",\"description\":\"Sitio web de noticias\",\"publisher\":{\"@id\":\"https:\\\/\\\/vocesdelacomuna15.com.ar\\\/press\\\/#organization\"},\"potentialAction\":[{\"@type\":\"SearchAction\",\"target\":{\"@type\":\"EntryPoint\",\"urlTemplate\":\"https:\\\/\\\/vocesdelacomuna15.com.ar\\\/press\\\/?s={search_term_string}\"},\"query-input\":{\"@type\":\"PropertyValueSpecification\",\"valueRequired\":true,\"valueName\":\"search_term_string\"}}],\"inLanguage\":\"es-AR\"},{\"@type\":\"Organization\",\"@id\":\"https:\\\/\\\/vocesdelacomuna15.com.ar\\\/press\\\/#organization\",\"name\":\"Voces de la Comuna 15\",\"url\":\"https:\\\/\\\/vocesdelacomuna15.com.ar\\\/press\\\/\",\"logo\":{\"@type\":\"ImageObject\",\"inLanguage\":\"es-AR\",\"@id\":\"https:\\\/\\\/vocesdelacomuna15.com.ar\\\/press\\\/#\\\/schema\\\/logo\\\/image\\\/\",\"url\":\"https:\\\/\\\/vocesdelacomuna15.com.ar\\\/wp-content\\\/uploads\\\/2024\\\/12\\\/cropped-logo_voces.jpg\",\"contentUrl\":\"https:\\\/\\\/vocesdelacomuna15.com.ar\\\/wp-content\\\/uploads\\\/2024\\\/12\\\/cropped-logo_voces.jpg\",\"width\":512,\"height\":512,\"caption\":\"Voces de la Comuna 15\"},\"image\":{\"@id\":\"https:\\\/\\\/vocesdelacomuna15.com.ar\\\/press\\\/#\\\/schema\\\/logo\\\/image\\\/\"},\"sameAs\":[\"https:\\\/\\\/www.facebook.com\\\/VocesComuna15\\\/\",\"https:\\\/\\\/x.com\\\/vocescomuna15\"]},{\"@type\":\"Person\",\"@id\":\"https:\\\/\\\/vocesdelacomuna15.com.ar\\\/press\\\/#\\\/schema\\\/person\\\/4739e109db25d799cd3d139eeb509e43\",\"name\":\"Federico Arguto\",\"image\":{\"@type\":\"ImageObject\",\"inLanguage\":\"es-AR\",\"@id\":\"https:\\\/\\\/vocesdelacomuna15.com.ar\\\/wp-content\\\/litespeed\\\/avatar\\\/82faf979976f1bae889b8b71f8a0a7e5.jpg?ver=1777419741\",\"url\":\"https:\\\/\\\/vocesdelacomuna15.com.ar\\\/wp-content\\\/litespeed\\\/avatar\\\/82faf979976f1bae889b8b71f8a0a7e5.jpg?ver=1777419741\",\"contentUrl\":\"https:\\\/\\\/vocesdelacomuna15.com.ar\\\/wp-content\\\/litespeed\\\/avatar\\\/82faf979976f1bae889b8b71f8a0a7e5.jpg?ver=1777419741\",\"caption\":\"Federico Arguto\"},\"url\":\"https:\\\/\\\/vocesdelacomuna15.com.ar\\\/press\\\/author\\\/fede\\\/\"}]}<\/script>\n<!-- \/ Yoast SEO plugin. -->","yoast_head_json":{"title":"Vecinos de las comunas 15 y 14 pidieron por espacios p\u00fablicos en el bajo viaducto San Mart\u00edn - Voces de la Comuna 15","description":"Voces de la Comuna 15","robots":{"index":"index","follow":"follow","max-snippet":"max-snippet:-1","max-image-preview":"max-image-preview:large","max-video-preview":"max-video-preview:-1"},"canonical":"https:\/\/vocesdelacomuna15.com.ar\/press\/vecinos-de-las-comunas-15-y-14-pidieron-por-espacios-publicos-en-el-bajo-viaducto-san-martin\/","og_locale":"es_ES","og_type":"article","og_title":"Vecinos de las comunas 15 y 14 pidieron por espacios p\u00fablicos en el bajo viaducto San Mart\u00edn - Voces de la Comuna 15","og_description":"Voces de la Comuna 15","og_url":"https:\/\/vocesdelacomuna15.com.ar\/press\/vecinos-de-las-comunas-15-y-14-pidieron-por-espacios-publicos-en-el-bajo-viaducto-san-martin\/","og_site_name":"Voces de la Comuna 15","article_publisher":"https:\/\/www.facebook.com\/VocesComuna15\/","article_published_time":"2019-12-30T18:00:33+00:00","article_modified_time":"2020-05-02T13:34:09+00:00","og_image":[{"width":1018,"height":675,"url":"https:\/\/vocesdelacomuna15.com.ar\/wp-content\/uploads\/2020\/05\/bajoviad22122019.png","type":"image\/png"}],"author":"Federico Arguto","twitter_card":"summary_large_image","twitter_creator":"@vocescomuna15","twitter_site":"@vocescomuna15","twitter_misc":{"Escrito por":"Federico Arguto","Tiempo de lectura":"5 minutos"},"schema":{"@context":"https:\/\/schema.org","@graph":[{"@type":"Article","@id":"https:\/\/vocesdelacomuna15.com.ar\/press\/vecinos-de-las-comunas-15-y-14-pidieron-por-espacios-publicos-en-el-bajo-viaducto-san-martin\/#article","isPartOf":{"@id":"https:\/\/vocesdelacomuna15.com.ar\/press\/vecinos-de-las-comunas-15-y-14-pidieron-por-espacios-publicos-en-el-bajo-viaducto-san-martin\/"},"author":{"name":"Federico Arguto","@id":"https:\/\/vocesdelacomuna15.com.ar\/press\/#\/schema\/person\/4739e109db25d799cd3d139eeb509e43"},"headline":"Vecinos de las comunas 15 y 14 pidieron por espacios p\u00fablicos en el bajo viaducto San Mart\u00edn","datePublished":"2019-12-30T18:00:33+00:00","dateModified":"2020-05-02T13:34:09+00:00","mainEntityOfPage":{"@id":"https:\/\/vocesdelacomuna15.com.ar\/press\/vecinos-de-las-comunas-15-y-14-pidieron-por-espacios-publicos-en-el-bajo-viaducto-san-martin\/"},"wordCount":1021,"commentCount":0,"publisher":{"@id":"https:\/\/vocesdelacomuna15.com.ar\/press\/#organization"},"image":{"@id":"https:\/\/vocesdelacomuna15.com.ar\/press\/vecinos-de-las-comunas-15-y-14-pidieron-por-espacios-publicos-en-el-bajo-viaducto-san-martin\/#primaryimage"},"thumbnailUrl":"https:\/\/vocesdelacomuna15.com.ar\/wp-content\/uploads\/2020\/05\/bajoviad22122019.png","articleSection":["Ciudad"],"inLanguage":"es-AR","potentialAction":[{"@type":"CommentAction","name":"Comment","target":["https:\/\/vocesdelacomuna15.com.ar\/press\/vecinos-de-las-comunas-15-y-14-pidieron-por-espacios-publicos-en-el-bajo-viaducto-san-martin\/#respond"]}]},{"@type":"WebPage","@id":"https:\/\/vocesdelacomuna15.com.ar\/press\/vecinos-de-las-comunas-15-y-14-pidieron-por-espacios-publicos-en-el-bajo-viaducto-san-martin\/","url":"https:\/\/vocesdelacomuna15.com.ar\/press\/vecinos-de-las-comunas-15-y-14-pidieron-por-espacios-publicos-en-el-bajo-viaducto-san-martin\/","name":"Vecinos de las comunas 15 y 14 pidieron por espacios p\u00fablicos en el bajo viaducto San Mart\u00edn - Voces de la Comuna 15","isPartOf":{"@id":"https:\/\/vocesdelacomuna15.com.ar\/press\/#website"},"primaryImageOfPage":{"@id":"https:\/\/vocesdelacomuna15.com.ar\/press\/vecinos-de-las-comunas-15-y-14-pidieron-por-espacios-publicos-en-el-bajo-viaducto-san-martin\/#primaryimage"},"image":{"@id":"https:\/\/vocesdelacomuna15.com.ar\/press\/vecinos-de-las-comunas-15-y-14-pidieron-por-espacios-publicos-en-el-bajo-viaducto-san-martin\/#primaryimage"},"thumbnailUrl":"https:\/\/vocesdelacomuna15.com.ar\/wp-content\/uploads\/2020\/05\/bajoviad22122019.png","datePublished":"2019-12-30T18:00:33+00:00","dateModified":"2020-05-02T13:34:09+00:00","description":"Voces de la Comuna 15","breadcrumb":{"@id":"https:\/\/vocesdelacomuna15.com.ar\/press\/vecinos-de-las-comunas-15-y-14-pidieron-por-espacios-publicos-en-el-bajo-viaducto-san-martin\/#breadcrumb"},"inLanguage":"es-AR","potentialAction":[{"@type":"ReadAction","target":["https:\/\/vocesdelacomuna15.com.ar\/press\/vecinos-de-las-comunas-15-y-14-pidieron-por-espacios-publicos-en-el-bajo-viaducto-san-martin\/"]}]},{"@type":"ImageObject","inLanguage":"es-AR","@id":"https:\/\/vocesdelacomuna15.com.ar\/press\/vecinos-de-las-comunas-15-y-14-pidieron-por-espacios-publicos-en-el-bajo-viaducto-san-martin\/#primaryimage","url":"https:\/\/vocesdelacomuna15.com.ar\/wp-content\/uploads\/2020\/05\/bajoviad22122019.png","contentUrl":"https:\/\/vocesdelacomuna15.com.ar\/wp-content\/uploads\/2020\/05\/bajoviad22122019.png","width":1018,"height":675},{"@type":"BreadcrumbList","@id":"https:\/\/vocesdelacomuna15.com.ar\/press\/vecinos-de-las-comunas-15-y-14-pidieron-por-espacios-publicos-en-el-bajo-viaducto-san-martin\/#breadcrumb","itemListElement":[{"@type":"ListItem","position":1,"name":"Inicio","item":"https:\/\/vocesdelacomuna15.com.ar\/press\/"},{"@type":"ListItem","position":2,"name":"Vecinos de las comunas 15 y 14 pidieron por espacios p\u00fablicos en el bajo viaducto San Mart\u00edn"}]},{"@type":"WebSite","@id":"https:\/\/vocesdelacomuna15.com.ar\/press\/#website","url":"https:\/\/vocesdelacomuna15.com.ar\/press\/","name":"Voces de la Comuna 15","description":"Sitio web de noticias","publisher":{"@id":"https:\/\/vocesdelacomuna15.com.ar\/press\/#organization"},"potentialAction":[{"@type":"SearchAction","target":{"@type":"EntryPoint","urlTemplate":"https:\/\/vocesdelacomuna15.com.ar\/press\/?s={search_term_string}"},"query-input":{"@type":"PropertyValueSpecification","valueRequired":true,"valueName":"search_term_string"}}],"inLanguage":"es-AR"},{"@type":"Organization","@id":"https:\/\/vocesdelacomuna15.com.ar\/press\/#organization","name":"Voces de la Comuna 15","url":"https:\/\/vocesdelacomuna15.com.ar\/press\/","logo":{"@type":"ImageObject","inLanguage":"es-AR","@id":"https:\/\/vocesdelacomuna15.com.ar\/press\/#\/schema\/logo\/image\/","url":"https:\/\/vocesdelacomuna15.com.ar\/wp-content\/uploads\/2024\/12\/cropped-logo_voces.jpg","contentUrl":"https:\/\/vocesdelacomuna15.com.ar\/wp-content\/uploads\/2024\/12\/cropped-logo_voces.jpg","width":512,"height":512,"caption":"Voces de la Comuna 15"},"image":{"@id":"https:\/\/vocesdelacomuna15.com.ar\/press\/#\/schema\/logo\/image\/"},"sameAs":["https:\/\/www.facebook.com\/VocesComuna15\/","https:\/\/x.com\/vocescomuna15"]},{"@type":"Person","@id":"https:\/\/vocesdelacomuna15.com.ar\/press\/#\/schema\/person\/4739e109db25d799cd3d139eeb509e43","name":"Federico Arguto","image":{"@type":"ImageObject","inLanguage":"es-AR","@id":"https:\/\/vocesdelacomuna15.com.ar\/wp-content\/litespeed\/avatar\/82faf979976f1bae889b8b71f8a0a7e5.jpg?ver=1777419741","url":"https:\/\/vocesdelacomuna15.com.ar\/wp-content\/litespeed\/avatar\/82faf979976f1bae889b8b71f8a0a7e5.jpg?ver=1777419741","contentUrl":"https:\/\/vocesdelacomuna15.com.ar\/wp-content\/litespeed\/avatar\/82faf979976f1bae889b8b71f8a0a7e5.jpg?ver=1777419741","caption":"Federico Arguto"},"url":"https:\/\/vocesdelacomuna15.com.ar\/press\/author\/fede\/"}]}},"_links":{"self":[{"href":"https:\/\/vocesdelacomuna15.com.ar\/press\/wp-json\/wp\/v2\/posts\/51933","targetHints":{"allow":["GET"]}}],"collection":[{"href":"https:\/\/vocesdelacomuna15.com.ar\/press\/wp-json\/wp\/v2\/posts"}],"about":[{"href":"https:\/\/vocesdelacomuna15.com.ar\/press\/wp-json\/wp\/v2\/types\/post"}],"author":[{"embeddable":true,"href":"https:\/\/vocesdelacomuna15.com.ar\/press\/wp-json\/wp\/v2\/users\/2"}],"replies":[{"embeddable":true,"href":"https:\/\/vocesdelacomuna15.com.ar\/press\/wp-json\/wp\/v2\/comments?post=51933"}],"version-history":[{"count":1,"href":"https:\/\/vocesdelacomuna15.com.ar\/press\/wp-json\/wp\/v2\/posts\/51933\/revisions"}],"predecessor-version":[{"id":51936,"href":"https:\/\/vocesdelacomuna15.com.ar\/press\/wp-json\/wp\/v2\/posts\/51933\/revisions\/51936"}],"wp:featuredmedia":[{"embeddable":true,"href":"https:\/\/vocesdelacomuna15.com.ar\/press\/wp-json\/wp\/v2\/media\/51935"}],"wp:attachment":[{"href":"https:\/\/vocesdelacomuna15.com.ar\/press\/wp-json\/wp\/v2\/media?parent=51933"}],"wp:term":[{"taxonomy":"category","embeddable":true,"href":"https:\/\/vocesdelacomuna15.com.ar\/press\/wp-json\/wp\/v2\/categories?post=51933"},{"taxonomy":"post_tag","embeddable":true,"href":"https:\/\/vocesdelacomuna15.com.ar\/press\/wp-json\/wp\/v2\/tags?post=51933"}],"curies":[{"name":"wp","href":"https:\/\/api.w.org\/{rel}","templated":true}]}}