{"id":51922,"date":"2019-12-23T08:30:59","date_gmt":"2019-12-23T11:30:59","guid":{"rendered":"http:\/\/vocesdelacomuna15.com.ar\/wordpress\/?p=51922"},"modified":"2020-05-02T10:30:31","modified_gmt":"2020-05-02T13:30:31","slug":"la-historia-del-tanguero-que-canto-con-diego","status":"publish","type":"post","link":"https:\/\/vocesdelacomuna15.com.ar\/press\/la-historia-del-tanguero-que-canto-con-diego\/","title":{"rendered":"La historia del tanguero que cant\u00f3 con Diego"},"content":{"rendered":"\n<h4 class=\"wp-block-heading\">Hern\u00e1n \u201cCucuza\u201d Castiello se dio el gran gusto de interpretar el Sue\u00f1o del Pibe junto a Maradona en La Paternal. \u00bfQui\u00e9n es este personaje? Entr\u00e1 y conocelo. Fuente: Ol\u00e9<\/h4>\n\n\n\n<p>Nota del 15 de Diciembre- Ol\u00e9 La Paternal se conmovi\u00f3 este \u00faltimo s\u00e1bado (por el s\u00e1bado 14 de diciembre) con la vuelta de Diego Maradona al barrio. El Diez dijo presente en un evento ben\u00e9fico (para la familia del fallecido periodista Sergio Gendler) con viejas glorias del Bicho, otros jugadores (y ex) de diversos rincones del mapa futbolero y compa\u00f1eros period\u00edsticos del recordado Gendler. Obviamente, Maradona fue la gran figura de la sentida tarde. Saludos y abrazos con todos en el estadio que lleva su nombre. En el medio de la algarab\u00eda, Pelusa tom\u00f3 el micr\u00f3fono. Despu\u00e9s de unas palabras dedicadas a los hinchas presentes y el p\u00fablico en general, un hombre de 50 a\u00f1os -vestido con la m\u00edtica camiseta azul de la Selecci\u00f3n Argentina en 1986- se le acerc\u00f3 y juntos interpretaron el Sue\u00f1o del Pibe, conocido tango que Diego se ha animado a recitar en mas de una ocasi\u00f3n. Le pusieron un mo\u00f1o a la pintoresca jornada al ritmo del dos por cuatro. Ese se\u00f1or que cant\u00f3 con Diego se llama Hern\u00e1n Cucuza Castiello. Ol\u00e9 se contact\u00f3 con \u00e9l y a continuaci\u00f3n vamos a contarte qui\u00e9n es este artista, qu\u00e9 hizo en el mundo de la redonda y hace cu\u00e1nto conoce al Diez. Castiello jug\u00f3 en el famoso club Parque e hizo Inferiores en Argentinos. Lateral derecho, categor\u00eda 1969, fue compa\u00f1ero de futbolistas de renombre como Fernando Redondo, el Negrito C\u00e1ceres y Silvio Rudman. Fue dirigido por N\u00e9stor Pekerman e incluso lleg\u00f3 a ser suplente en partidos de Primera, con Nito Veiga como DT. Despu\u00e9s de un breve periodo en Tigre, en 1992 pas\u00f3 a Aldosivi de Mar del Plata, nuevamente con Veiga. Jug\u00f3 algunos partidos, pero una dura lesi\u00f3n termin\u00f3 con su carrera con apenas 24 a\u00f1os. &#8220;A Diego lo conozco a trav\u00e9s del Turco (Maradona), yo jugaba en Argentinos Juniors en la categor\u00eda 1969 con Fernando Redondo, el Negro C\u00e1ceres, Silvio Rudman. A Diego lo ve\u00edamos varias veces, cruz\u00e1ndolo en Malvinas desde chico. Despu\u00e9s, en alg\u00fan asado en Moreno cuando sal\u00edamos campeones. Recuerdo ya en el tiempo haber ido a la casa cuando ten\u00eda 17, invitado por Lalo Maradona cuando fue el Mundial 1986. Despu\u00e9s, pas\u00f3 mucho tiempo para verlo nuevamente. Y hace poco, cuando yo cumpl\u00ed 50, me mand\u00f3 un video de cumplea\u00f1os. Fue una sorpresa, me emocion\u00f3 mucho&#8221;, cuenta un todav\u00eda emocionado Castiello, casi con la voz de un \u00f1i\u00f1o, todav\u00eda incr\u00e9dulo por lo sucedido horas atr\u00e1s. \u00bfC\u00f3mo se anim\u00f3 a cantarle a Maradona? El propio Castiello se encarga de relatar el paso a paso de ese momento, inolvidable para su vida. &#8220;A partir de su sobrino Dani (L\u00f3pez), empezamos a hablar cuando estaba dirigiendo en M\u00e9xico. Pero hac\u00eda rato no lo ve\u00eda. Siempre estaba latente la posibilidad de cantarle un tango o ir a su casa, como fui jugador de Argentinos&#8230; Ayer cuando me enter\u00e9 de la posibilidad de que fuera al homenaje a Sergio Gendler, como buen futbolero y con muchos futbolistas que fueron compa\u00f1eros m\u00edos, fui a verlo. Tuve la oportunidad de compartir el vestuario y cuando lo vi, lo abrac\u00e9. El me conoc\u00eda con pelo. Cucuzita (Cucuza es su apodo original), te agarr\u00f3 un cami\u00f3n, un tren ja, me dijo. Despu\u00e9s, el Pipa Gancedo se le acerc\u00f3 a Diego y le dijo que yo cantaba tangos. Ah\u00ed nom\u00e1s, agarr\u00e9 el micr\u00f3fono y cant\u00e9 el Sue\u00f1o del Pibe. Le di ese regalo ante la gente. Como sab\u00eda que lo conoc\u00eda al tema, compartimos el micr\u00f3fono y terminamos cantando juntos. Fue uno de los momentos m\u00e1s lindos de mi vida. Termin\u00e9 llorando&#8221;, revive con alegr\u00eda. Todav\u00eda no cae. Haber estado al lado de una leyenda como Maradona y compartir con \u00e9l su otra pasi\u00f3n fue algo \u00e9pico, imposible de igualar. Emocionado, expresa sus sensaciones con su familia y amigos: &#8220;Estaba en un estado de limbo. Cuando se me fue la emoci\u00f3n, le avis\u00e9 a mi mujer, a mi hijo, mi hermano. Son los que saben mi fanatismo por el Diego. A la par, me empezaron a llegar videos y filmaciones de todos lados por whatsapp. Mi hijo y mi mujer me preguntaban si estaba bien, c\u00f3mo me sent\u00eda porque saben mi fanatismo por Maradona. Temieron por mi salud, porque me vuelvo loco. Los amigos tambi\u00e9n felicit\u00e1ndome. Mi Facebook se llen\u00f3 de videos y comentarios&#8221;. A Castiello lo pod\u00e9s encontrar en el Bar el Faro con el Tango vuelve al Barrio. Adem\u00e1s, hace otro ciclo que se llama la Menesunda, con temas de rock traslados al tango en La Trastienda. Y el pr\u00f3ximo 8 de febrero ser\u00e1 parte del Cosqu\u00edn Rock con el show que llevan por todo el pa\u00eds con Hern\u00e1n Casciari, llamado Nostalgias. &#8220;Canto desde chico. Siempre fue una pasi\u00f3n compartida con el f\u00fatbol&#8221;, concluye Cucuza. Si quer\u00e9s volverlo a escuchar, ya sab\u00e9s d\u00f3nde hallarlo. Foto: Instagram de \u201cCucuza\u201d Castiello Caracteres: 4.493<\/p>\n<div class=\"pvc_clear\"><\/div><p id=\"pvc_stats_51922\" class=\"pvc_stats all  \" data-element-id=\"51922\" style=\"\"><i class=\"pvc-stats-icon small\" aria-hidden=\"true\"><svg aria-hidden=\"true\" focusable=\"false\" data-prefix=\"far\" data-icon=\"chart-bar\" role=\"img\" xmlns=\"http:\/\/www.w3.org\/2000\/svg\" viewBox=\"0 0 512 512\" class=\"svg-inline--fa fa-chart-bar fa-w-16 fa-2x\"><path fill=\"currentColor\" d=\"M396.8 352h22.4c6.4 0 12.8-6.4 12.8-12.8V108.8c0-6.4-6.4-12.8-12.8-12.8h-22.4c-6.4 0-12.8 6.4-12.8 12.8v230.4c0 6.4 6.4 12.8 12.8 12.8zm-192 0h22.4c6.4 0 12.8-6.4 12.8-12.8V140.8c0-6.4-6.4-12.8-12.8-12.8h-22.4c-6.4 0-12.8 6.4-12.8 12.8v198.4c0 6.4 6.4 12.8 12.8 12.8zm96 0h22.4c6.4 0 12.8-6.4 12.8-12.8V204.8c0-6.4-6.4-12.8-12.8-12.8h-22.4c-6.4 0-12.8 6.4-12.8 12.8v134.4c0 6.4 6.4 12.8 12.8 12.8zM496 400H48V80c0-8.84-7.16-16-16-16H16C7.16 64 0 71.16 0 80v336c0 17.67 14.33 32 32 32h464c8.84 0 16-7.16 16-16v-16c0-8.84-7.16-16-16-16zm-387.2-48h22.4c6.4 0 12.8-6.4 12.8-12.8v-70.4c0-6.4-6.4-12.8-12.8-12.8h-22.4c-6.4 0-12.8 6.4-12.8 12.8v70.4c0 6.4 6.4 12.8 12.8 12.8z\" class=\"\"><\/path><\/svg><\/i> <img loading=\"lazy\" decoding=\"async\" width=\"16\" height=\"16\" alt=\"Loading\" src=\"https:\/\/vocesdelacomuna15.com.ar\/wp-content\/plugins\/page-views-count\/ajax-loader-2x.gif\" border=0 \/><\/p><div class=\"pvc_clear\"><\/div>","protected":false},"excerpt":{"rendered":"<p>Hern\u00e1n \u201cCucuza\u201d Castiello se dio el gran gusto de interpretar el Sue\u00f1o del Pibe junto a Maradona en La Paternal. \u00bfQui\u00e9n es este personaje? Entr\u00e1 y conocelo. Fuente: Ol\u00e9 Nota del 15 de Diciembre- Ol\u00e9 La Paternal se conmovi\u00f3 este \u00faltimo s\u00e1bado (por el s\u00e1bado 14 de diciembre) con la vuelta de Diego Maradona al [&hellip;]<\/p>\n<div class=\"pvc_clear\"><\/div>\n<p id=\"pvc_stats_51922\" class=\"pvc_stats all  \" data-element-id=\"51922\" style=\"\"><i class=\"pvc-stats-icon small\" aria-hidden=\"true\"><svg aria-hidden=\"true\" focusable=\"false\" data-prefix=\"far\" data-icon=\"chart-bar\" role=\"img\" xmlns=\"http:\/\/www.w3.org\/2000\/svg\" viewBox=\"0 0 512 512\" class=\"svg-inline--fa fa-chart-bar fa-w-16 fa-2x\"><path fill=\"currentColor\" d=\"M396.8 352h22.4c6.4 0 12.8-6.4 12.8-12.8V108.8c0-6.4-6.4-12.8-12.8-12.8h-22.4c-6.4 0-12.8 6.4-12.8 12.8v230.4c0 6.4 6.4 12.8 12.8 12.8zm-192 0h22.4c6.4 0 12.8-6.4 12.8-12.8V140.8c0-6.4-6.4-12.8-12.8-12.8h-22.4c-6.4 0-12.8 6.4-12.8 12.8v198.4c0 6.4 6.4 12.8 12.8 12.8zm96 0h22.4c6.4 0 12.8-6.4 12.8-12.8V204.8c0-6.4-6.4-12.8-12.8-12.8h-22.4c-6.4 0-12.8 6.4-12.8 12.8v134.4c0 6.4 6.4 12.8 12.8 12.8zM496 400H48V80c0-8.84-7.16-16-16-16H16C7.16 64 0 71.16 0 80v336c0 17.67 14.33 32 32 32h464c8.84 0 16-7.16 16-16v-16c0-8.84-7.16-16-16-16zm-387.2-48h22.4c6.4 0 12.8-6.4 12.8-12.8v-70.4c0-6.4-6.4-12.8-12.8-12.8h-22.4c-6.4 0-12.8 6.4-12.8 12.8v70.4c0 6.4 6.4 12.8 12.8 12.8z\" class=\"\"><\/path><\/svg><\/i> <img loading=\"lazy\" decoding=\"async\" width=\"16\" height=\"16\" alt=\"Loading\" src=\"https:\/\/vocesdelacomuna15.com.ar\/wp-content\/plugins\/page-views-count\/ajax-loader-2x.gif\" border=0 \/><\/p>\n<div class=\"pvc_clear\"><\/div>\n","protected":false},"author":2,"featured_media":51924,"comment_status":"open","ping_status":"open","sticky":false,"template":"","format":"standard","meta":{"_et_pb_use_builder":"off","_et_pb_old_content":"","_et_gb_content_width":"","footnotes":""},"categories":[24,29],"tags":[],"class_list":["post-51922","post","type-post","status-publish","format-standard","has-post-thumbnail","hentry","category-cultura","category-lapa","et-has-post-format-content","et_post_format-et-post-format-standard"],"a3_pvc":{"activated":true,"total_views":220,"today_views":0},"yoast_head":"<!-- This site is optimized with the Yoast SEO plugin v27.5 - https:\/\/yoast.com\/product\/yoast-seo-wordpress\/ -->\n<title>La historia del tanguero que cant\u00f3 con Diego - Voces de la Comuna 15<\/title>\n<meta name=\"description\" content=\"Voces de la Comuna 15\" \/>\n<meta name=\"robots\" content=\"index, follow, max-snippet:-1, max-image-preview:large, max-video-preview:-1\" \/>\n<link rel=\"canonical\" href=\"https:\/\/vocesdelacomuna15.com.ar\/press\/la-historia-del-tanguero-que-canto-con-diego\/\" \/>\n<meta property=\"og:locale\" content=\"es_ES\" \/>\n<meta property=\"og:type\" content=\"article\" \/>\n<meta property=\"og:title\" content=\"La historia del tanguero que cant\u00f3 con Diego - Voces de la Comuna 15\" \/>\n<meta property=\"og:description\" content=\"Voces de la Comuna 15\" \/>\n<meta property=\"og:url\" content=\"https:\/\/vocesdelacomuna15.com.ar\/press\/la-historia-del-tanguero-que-canto-con-diego\/\" \/>\n<meta property=\"og:site_name\" content=\"Voces de la Comuna 15\" \/>\n<meta property=\"article:publisher\" content=\"https:\/\/www.facebook.com\/VocesComuna15\/\" \/>\n<meta property=\"article:published_time\" content=\"2019-12-23T11:30:59+00:00\" \/>\n<meta property=\"article:modified_time\" content=\"2020-05-02T13:30:31+00:00\" \/>\n<meta property=\"og:image\" content=\"https:\/\/vocesdelacomuna15.com.ar\/wp-content\/uploads\/2020\/05\/cucuzita17122019.png\" \/>\n\t<meta property=\"og:image:width\" content=\"615\" \/>\n\t<meta property=\"og:image:height\" content=\"620\" \/>\n\t<meta property=\"og:image:type\" content=\"image\/png\" \/>\n<meta name=\"author\" content=\"Federico Arguto\" \/>\n<meta name=\"twitter:card\" content=\"summary_large_image\" \/>\n<meta name=\"twitter:creator\" content=\"@vocescomuna15\" \/>\n<meta name=\"twitter:site\" content=\"@vocescomuna15\" \/>\n<meta name=\"twitter:label1\" content=\"Escrito por\" \/>\n\t<meta name=\"twitter:data1\" content=\"Federico Arguto\" \/>\n\t<meta name=\"twitter:label2\" content=\"Tiempo de lectura\" \/>\n\t<meta name=\"twitter:data2\" content=\"5 minutos\" \/>\n<script type=\"application\/ld+json\" class=\"yoast-schema-graph\">{\"@context\":\"https:\\\/\\\/schema.org\",\"@graph\":[{\"@type\":\"Article\",\"@id\":\"https:\\\/\\\/vocesdelacomuna15.com.ar\\\/press\\\/la-historia-del-tanguero-que-canto-con-diego\\\/#article\",\"isPartOf\":{\"@id\":\"https:\\\/\\\/vocesdelacomuna15.com.ar\\\/press\\\/la-historia-del-tanguero-que-canto-con-diego\\\/\"},\"author\":{\"name\":\"Federico Arguto\",\"@id\":\"https:\\\/\\\/vocesdelacomuna15.com.ar\\\/press\\\/#\\\/schema\\\/person\\\/4739e109db25d799cd3d139eeb509e43\"},\"headline\":\"La historia del tanguero que cant\u00f3 con Diego\",\"datePublished\":\"2019-12-23T11:30:59+00:00\",\"dateModified\":\"2020-05-02T13:30:31+00:00\",\"mainEntityOfPage\":{\"@id\":\"https:\\\/\\\/vocesdelacomuna15.com.ar\\\/press\\\/la-historia-del-tanguero-que-canto-con-diego\\\/\"},\"wordCount\":908,\"commentCount\":0,\"publisher\":{\"@id\":\"https:\\\/\\\/vocesdelacomuna15.com.ar\\\/press\\\/#organization\"},\"image\":{\"@id\":\"https:\\\/\\\/vocesdelacomuna15.com.ar\\\/press\\\/la-historia-del-tanguero-que-canto-con-diego\\\/#primaryimage\"},\"thumbnailUrl\":\"https:\\\/\\\/vocesdelacomuna15.com.ar\\\/wp-content\\\/uploads\\\/2020\\\/05\\\/cucuzita17122019.png\",\"articleSection\":[\"Cultura\",\"La Paternal\"],\"inLanguage\":\"es-AR\",\"potentialAction\":[{\"@type\":\"CommentAction\",\"name\":\"Comment\",\"target\":[\"https:\\\/\\\/vocesdelacomuna15.com.ar\\\/press\\\/la-historia-del-tanguero-que-canto-con-diego\\\/#respond\"]}]},{\"@type\":\"WebPage\",\"@id\":\"https:\\\/\\\/vocesdelacomuna15.com.ar\\\/press\\\/la-historia-del-tanguero-que-canto-con-diego\\\/\",\"url\":\"https:\\\/\\\/vocesdelacomuna15.com.ar\\\/press\\\/la-historia-del-tanguero-que-canto-con-diego\\\/\",\"name\":\"La historia del tanguero que cant\u00f3 con Diego - Voces de la Comuna 15\",\"isPartOf\":{\"@id\":\"https:\\\/\\\/vocesdelacomuna15.com.ar\\\/press\\\/#website\"},\"primaryImageOfPage\":{\"@id\":\"https:\\\/\\\/vocesdelacomuna15.com.ar\\\/press\\\/la-historia-del-tanguero-que-canto-con-diego\\\/#primaryimage\"},\"image\":{\"@id\":\"https:\\\/\\\/vocesdelacomuna15.com.ar\\\/press\\\/la-historia-del-tanguero-que-canto-con-diego\\\/#primaryimage\"},\"thumbnailUrl\":\"https:\\\/\\\/vocesdelacomuna15.com.ar\\\/wp-content\\\/uploads\\\/2020\\\/05\\\/cucuzita17122019.png\",\"datePublished\":\"2019-12-23T11:30:59+00:00\",\"dateModified\":\"2020-05-02T13:30:31+00:00\",\"description\":\"Voces de la Comuna 15\",\"breadcrumb\":{\"@id\":\"https:\\\/\\\/vocesdelacomuna15.com.ar\\\/press\\\/la-historia-del-tanguero-que-canto-con-diego\\\/#breadcrumb\"},\"inLanguage\":\"es-AR\",\"potentialAction\":[{\"@type\":\"ReadAction\",\"target\":[\"https:\\\/\\\/vocesdelacomuna15.com.ar\\\/press\\\/la-historia-del-tanguero-que-canto-con-diego\\\/\"]}]},{\"@type\":\"ImageObject\",\"inLanguage\":\"es-AR\",\"@id\":\"https:\\\/\\\/vocesdelacomuna15.com.ar\\\/press\\\/la-historia-del-tanguero-que-canto-con-diego\\\/#primaryimage\",\"url\":\"https:\\\/\\\/vocesdelacomuna15.com.ar\\\/wp-content\\\/uploads\\\/2020\\\/05\\\/cucuzita17122019.png\",\"contentUrl\":\"https:\\\/\\\/vocesdelacomuna15.com.ar\\\/wp-content\\\/uploads\\\/2020\\\/05\\\/cucuzita17122019.png\",\"width\":615,\"height\":620},{\"@type\":\"BreadcrumbList\",\"@id\":\"https:\\\/\\\/vocesdelacomuna15.com.ar\\\/press\\\/la-historia-del-tanguero-que-canto-con-diego\\\/#breadcrumb\",\"itemListElement\":[{\"@type\":\"ListItem\",\"position\":1,\"name\":\"Inicio\",\"item\":\"https:\\\/\\\/vocesdelacomuna15.com.ar\\\/press\\\/\"},{\"@type\":\"ListItem\",\"position\":2,\"name\":\"La historia del tanguero que cant\u00f3 con Diego\"}]},{\"@type\":\"WebSite\",\"@id\":\"https:\\\/\\\/vocesdelacomuna15.com.ar\\\/press\\\/#website\",\"url\":\"https:\\\/\\\/vocesdelacomuna15.com.ar\\\/press\\\/\",\"name\":\"Voces de la Comuna 15\",\"description\":\"Sitio web de noticias\",\"publisher\":{\"@id\":\"https:\\\/\\\/vocesdelacomuna15.com.ar\\\/press\\\/#organization\"},\"potentialAction\":[{\"@type\":\"SearchAction\",\"target\":{\"@type\":\"EntryPoint\",\"urlTemplate\":\"https:\\\/\\\/vocesdelacomuna15.com.ar\\\/press\\\/?s={search_term_string}\"},\"query-input\":{\"@type\":\"PropertyValueSpecification\",\"valueRequired\":true,\"valueName\":\"search_term_string\"}}],\"inLanguage\":\"es-AR\"},{\"@type\":\"Organization\",\"@id\":\"https:\\\/\\\/vocesdelacomuna15.com.ar\\\/press\\\/#organization\",\"name\":\"Voces de la Comuna 15\",\"url\":\"https:\\\/\\\/vocesdelacomuna15.com.ar\\\/press\\\/\",\"logo\":{\"@type\":\"ImageObject\",\"inLanguage\":\"es-AR\",\"@id\":\"https:\\\/\\\/vocesdelacomuna15.com.ar\\\/press\\\/#\\\/schema\\\/logo\\\/image\\\/\",\"url\":\"https:\\\/\\\/vocesdelacomuna15.com.ar\\\/wp-content\\\/uploads\\\/2024\\\/12\\\/cropped-logo_voces.jpg\",\"contentUrl\":\"https:\\\/\\\/vocesdelacomuna15.com.ar\\\/wp-content\\\/uploads\\\/2024\\\/12\\\/cropped-logo_voces.jpg\",\"width\":512,\"height\":512,\"caption\":\"Voces de la Comuna 15\"},\"image\":{\"@id\":\"https:\\\/\\\/vocesdelacomuna15.com.ar\\\/press\\\/#\\\/schema\\\/logo\\\/image\\\/\"},\"sameAs\":[\"https:\\\/\\\/www.facebook.com\\\/VocesComuna15\\\/\",\"https:\\\/\\\/x.com\\\/vocescomuna15\"]},{\"@type\":\"Person\",\"@id\":\"https:\\\/\\\/vocesdelacomuna15.com.ar\\\/press\\\/#\\\/schema\\\/person\\\/4739e109db25d799cd3d139eeb509e43\",\"name\":\"Federico Arguto\",\"image\":{\"@type\":\"ImageObject\",\"inLanguage\":\"es-AR\",\"@id\":\"https:\\\/\\\/vocesdelacomuna15.com.ar\\\/wp-content\\\/litespeed\\\/avatar\\\/82faf979976f1bae889b8b71f8a0a7e5.jpg?ver=1777419741\",\"url\":\"https:\\\/\\\/vocesdelacomuna15.com.ar\\\/wp-content\\\/litespeed\\\/avatar\\\/82faf979976f1bae889b8b71f8a0a7e5.jpg?ver=1777419741\",\"contentUrl\":\"https:\\\/\\\/vocesdelacomuna15.com.ar\\\/wp-content\\\/litespeed\\\/avatar\\\/82faf979976f1bae889b8b71f8a0a7e5.jpg?ver=1777419741\",\"caption\":\"Federico Arguto\"},\"url\":\"https:\\\/\\\/vocesdelacomuna15.com.ar\\\/press\\\/author\\\/fede\\\/\"}]}<\/script>\n<!-- \/ Yoast SEO plugin. -->","yoast_head_json":{"title":"La historia del tanguero que cant\u00f3 con Diego - Voces de la Comuna 15","description":"Voces de la Comuna 15","robots":{"index":"index","follow":"follow","max-snippet":"max-snippet:-1","max-image-preview":"max-image-preview:large","max-video-preview":"max-video-preview:-1"},"canonical":"https:\/\/vocesdelacomuna15.com.ar\/press\/la-historia-del-tanguero-que-canto-con-diego\/","og_locale":"es_ES","og_type":"article","og_title":"La historia del tanguero que cant\u00f3 con Diego - Voces de la Comuna 15","og_description":"Voces de la Comuna 15","og_url":"https:\/\/vocesdelacomuna15.com.ar\/press\/la-historia-del-tanguero-que-canto-con-diego\/","og_site_name":"Voces de la Comuna 15","article_publisher":"https:\/\/www.facebook.com\/VocesComuna15\/","article_published_time":"2019-12-23T11:30:59+00:00","article_modified_time":"2020-05-02T13:30:31+00:00","og_image":[{"width":615,"height":620,"url":"https:\/\/vocesdelacomuna15.com.ar\/wp-content\/uploads\/2020\/05\/cucuzita17122019.png","type":"image\/png"}],"author":"Federico Arguto","twitter_card":"summary_large_image","twitter_creator":"@vocescomuna15","twitter_site":"@vocescomuna15","twitter_misc":{"Escrito por":"Federico Arguto","Tiempo de lectura":"5 minutos"},"schema":{"@context":"https:\/\/schema.org","@graph":[{"@type":"Article","@id":"https:\/\/vocesdelacomuna15.com.ar\/press\/la-historia-del-tanguero-que-canto-con-diego\/#article","isPartOf":{"@id":"https:\/\/vocesdelacomuna15.com.ar\/press\/la-historia-del-tanguero-que-canto-con-diego\/"},"author":{"name":"Federico Arguto","@id":"https:\/\/vocesdelacomuna15.com.ar\/press\/#\/schema\/person\/4739e109db25d799cd3d139eeb509e43"},"headline":"La historia del tanguero que cant\u00f3 con Diego","datePublished":"2019-12-23T11:30:59+00:00","dateModified":"2020-05-02T13:30:31+00:00","mainEntityOfPage":{"@id":"https:\/\/vocesdelacomuna15.com.ar\/press\/la-historia-del-tanguero-que-canto-con-diego\/"},"wordCount":908,"commentCount":0,"publisher":{"@id":"https:\/\/vocesdelacomuna15.com.ar\/press\/#organization"},"image":{"@id":"https:\/\/vocesdelacomuna15.com.ar\/press\/la-historia-del-tanguero-que-canto-con-diego\/#primaryimage"},"thumbnailUrl":"https:\/\/vocesdelacomuna15.com.ar\/wp-content\/uploads\/2020\/05\/cucuzita17122019.png","articleSection":["Cultura","La Paternal"],"inLanguage":"es-AR","potentialAction":[{"@type":"CommentAction","name":"Comment","target":["https:\/\/vocesdelacomuna15.com.ar\/press\/la-historia-del-tanguero-que-canto-con-diego\/#respond"]}]},{"@type":"WebPage","@id":"https:\/\/vocesdelacomuna15.com.ar\/press\/la-historia-del-tanguero-que-canto-con-diego\/","url":"https:\/\/vocesdelacomuna15.com.ar\/press\/la-historia-del-tanguero-que-canto-con-diego\/","name":"La historia del tanguero que cant\u00f3 con Diego - Voces de la Comuna 15","isPartOf":{"@id":"https:\/\/vocesdelacomuna15.com.ar\/press\/#website"},"primaryImageOfPage":{"@id":"https:\/\/vocesdelacomuna15.com.ar\/press\/la-historia-del-tanguero-que-canto-con-diego\/#primaryimage"},"image":{"@id":"https:\/\/vocesdelacomuna15.com.ar\/press\/la-historia-del-tanguero-que-canto-con-diego\/#primaryimage"},"thumbnailUrl":"https:\/\/vocesdelacomuna15.com.ar\/wp-content\/uploads\/2020\/05\/cucuzita17122019.png","datePublished":"2019-12-23T11:30:59+00:00","dateModified":"2020-05-02T13:30:31+00:00","description":"Voces de la Comuna 15","breadcrumb":{"@id":"https:\/\/vocesdelacomuna15.com.ar\/press\/la-historia-del-tanguero-que-canto-con-diego\/#breadcrumb"},"inLanguage":"es-AR","potentialAction":[{"@type":"ReadAction","target":["https:\/\/vocesdelacomuna15.com.ar\/press\/la-historia-del-tanguero-que-canto-con-diego\/"]}]},{"@type":"ImageObject","inLanguage":"es-AR","@id":"https:\/\/vocesdelacomuna15.com.ar\/press\/la-historia-del-tanguero-que-canto-con-diego\/#primaryimage","url":"https:\/\/vocesdelacomuna15.com.ar\/wp-content\/uploads\/2020\/05\/cucuzita17122019.png","contentUrl":"https:\/\/vocesdelacomuna15.com.ar\/wp-content\/uploads\/2020\/05\/cucuzita17122019.png","width":615,"height":620},{"@type":"BreadcrumbList","@id":"https:\/\/vocesdelacomuna15.com.ar\/press\/la-historia-del-tanguero-que-canto-con-diego\/#breadcrumb","itemListElement":[{"@type":"ListItem","position":1,"name":"Inicio","item":"https:\/\/vocesdelacomuna15.com.ar\/press\/"},{"@type":"ListItem","position":2,"name":"La historia del tanguero que cant\u00f3 con Diego"}]},{"@type":"WebSite","@id":"https:\/\/vocesdelacomuna15.com.ar\/press\/#website","url":"https:\/\/vocesdelacomuna15.com.ar\/press\/","name":"Voces de la Comuna 15","description":"Sitio web de noticias","publisher":{"@id":"https:\/\/vocesdelacomuna15.com.ar\/press\/#organization"},"potentialAction":[{"@type":"SearchAction","target":{"@type":"EntryPoint","urlTemplate":"https:\/\/vocesdelacomuna15.com.ar\/press\/?s={search_term_string}"},"query-input":{"@type":"PropertyValueSpecification","valueRequired":true,"valueName":"search_term_string"}}],"inLanguage":"es-AR"},{"@type":"Organization","@id":"https:\/\/vocesdelacomuna15.com.ar\/press\/#organization","name":"Voces de la Comuna 15","url":"https:\/\/vocesdelacomuna15.com.ar\/press\/","logo":{"@type":"ImageObject","inLanguage":"es-AR","@id":"https:\/\/vocesdelacomuna15.com.ar\/press\/#\/schema\/logo\/image\/","url":"https:\/\/vocesdelacomuna15.com.ar\/wp-content\/uploads\/2024\/12\/cropped-logo_voces.jpg","contentUrl":"https:\/\/vocesdelacomuna15.com.ar\/wp-content\/uploads\/2024\/12\/cropped-logo_voces.jpg","width":512,"height":512,"caption":"Voces de la Comuna 15"},"image":{"@id":"https:\/\/vocesdelacomuna15.com.ar\/press\/#\/schema\/logo\/image\/"},"sameAs":["https:\/\/www.facebook.com\/VocesComuna15\/","https:\/\/x.com\/vocescomuna15"]},{"@type":"Person","@id":"https:\/\/vocesdelacomuna15.com.ar\/press\/#\/schema\/person\/4739e109db25d799cd3d139eeb509e43","name":"Federico Arguto","image":{"@type":"ImageObject","inLanguage":"es-AR","@id":"https:\/\/vocesdelacomuna15.com.ar\/wp-content\/litespeed\/avatar\/82faf979976f1bae889b8b71f8a0a7e5.jpg?ver=1777419741","url":"https:\/\/vocesdelacomuna15.com.ar\/wp-content\/litespeed\/avatar\/82faf979976f1bae889b8b71f8a0a7e5.jpg?ver=1777419741","contentUrl":"https:\/\/vocesdelacomuna15.com.ar\/wp-content\/litespeed\/avatar\/82faf979976f1bae889b8b71f8a0a7e5.jpg?ver=1777419741","caption":"Federico Arguto"},"url":"https:\/\/vocesdelacomuna15.com.ar\/press\/author\/fede\/"}]}},"_links":{"self":[{"href":"https:\/\/vocesdelacomuna15.com.ar\/press\/wp-json\/wp\/v2\/posts\/51922","targetHints":{"allow":["GET"]}}],"collection":[{"href":"https:\/\/vocesdelacomuna15.com.ar\/press\/wp-json\/wp\/v2\/posts"}],"about":[{"href":"https:\/\/vocesdelacomuna15.com.ar\/press\/wp-json\/wp\/v2\/types\/post"}],"author":[{"embeddable":true,"href":"https:\/\/vocesdelacomuna15.com.ar\/press\/wp-json\/wp\/v2\/users\/2"}],"replies":[{"embeddable":true,"href":"https:\/\/vocesdelacomuna15.com.ar\/press\/wp-json\/wp\/v2\/comments?post=51922"}],"version-history":[{"count":1,"href":"https:\/\/vocesdelacomuna15.com.ar\/press\/wp-json\/wp\/v2\/posts\/51922\/revisions"}],"predecessor-version":[{"id":51926,"href":"https:\/\/vocesdelacomuna15.com.ar\/press\/wp-json\/wp\/v2\/posts\/51922\/revisions\/51926"}],"wp:featuredmedia":[{"embeddable":true,"href":"https:\/\/vocesdelacomuna15.com.ar\/press\/wp-json\/wp\/v2\/media\/51924"}],"wp:attachment":[{"href":"https:\/\/vocesdelacomuna15.com.ar\/press\/wp-json\/wp\/v2\/media?parent=51922"}],"wp:term":[{"taxonomy":"category","embeddable":true,"href":"https:\/\/vocesdelacomuna15.com.ar\/press\/wp-json\/wp\/v2\/categories?post=51922"},{"taxonomy":"post_tag","embeddable":true,"href":"https:\/\/vocesdelacomuna15.com.ar\/press\/wp-json\/wp\/v2\/tags?post=51922"}],"curies":[{"name":"wp","href":"https:\/\/api.w.org\/{rel}","templated":true}]}}