{"id":51910,"date":"2019-12-16T08:30:14","date_gmt":"2019-12-16T11:30:14","guid":{"rendered":"http:\/\/vocesdelacomuna15.com.ar\/wordpress\/?p=51910"},"modified":"2020-05-02T10:23:46","modified_gmt":"2020-05-02T13:23:46","slug":"en-el-palacio-parlamentario-juraron-los-nuevos-integrantes-de-las-juntas-comunales-portenas","status":"publish","type":"post","link":"https:\/\/vocesdelacomuna15.com.ar\/press\/en-el-palacio-parlamentario-juraron-los-nuevos-integrantes-de-las-juntas-comunales-portenas\/","title":{"rendered":"En el Palacio Parlamentario juraron los nuevos integrantes de las juntas comunales porte\u00f1as"},"content":{"rendered":"\n<h4 class=\"wp-block-heading\">El 6 de diciembre ante casi 500 personas se hizo el acto en el Sal\u00f3n Dorado<\/h4>\n\n\n\n<p>Los 105 integrantes de las Juntas Comunales de cada una de las 15 Comunas conformadas por los 48 barrios de la Ciudad Aut\u00f3noma de Buenos Aires, que hab\u00edan sido electos el domingo 27 de octubre, juraron el 6 de diciembre ante casi 500 vecinos en el sal\u00f3n Dorado del Palacio Parlamentario. Estuvieron presentes Diego Santilli, presidente de la Legislatura porte\u00f1a; Agust\u00edn Forchieri, vicepresidente I; Carlos Tomada, vicepresidente II y los jefes de bloque Mar\u00eda In\u00e9s Gorbea (EV), Mariano Recalde (UC) y Mar\u00eda Rosa Mui\u00f1os (BP), entre otros diputados como Maximiliano Ferraro (VJ), tomando juramento a cada uno de los 7 miembros de las juntas comunales de las 15 comunas. En el inicio, Forchieri hizo referencia a la Ley de Comunas 1.777 (muy cuestionada por incumplirse en ciertos aspectos), sancionada en el a\u00f1o 2005, que hab\u00eda establecido las normas de organizaci\u00f3n, competencia y funcionamiento de las Comunas, de acuerdo a lo dispuesto en la Constituci\u00f3n de la Ciudad. Esta Ley entr\u00f3 en vigencia total en el a\u00f1o 2011. Las 15 juntas comunales est\u00e1n compuestas por 7 integrantes (un presidente y seis juntistas), aunque a todos se los llama \u201ccomuneros\u201d. En cada comuna el presidente es el primer candidato de la lista de comuneros que saque la mayor cantidad de votos en las elecciones. Las juntas comunales llevan ahora ya ocho a\u00f1os de gesti\u00f3n, pese a ello sus competencias no est\u00e1n definidas por completo. Por el momento, se ocupan de la planificaci\u00f3n y mantenimiento de espacios verdes y del mantenimiento urbano en sus correspondientes comunas. Aparte poseen iniciativa legislativa, decisi\u00f3n y ejecuci\u00f3n de obras p\u00fablicas de alcance local, en temas como el asfaltado. Se re\u00fanen semanalmente para definir actividades en los barrios de la comuna, debatir y avanzar sobre el mantenimiento de veredas y calles y determinar c\u00f3mo se usa el presupuesto comunal. Hacen tambi\u00e9n otras reuniones mensuales con entidades vecinales, organizaciones barriales o partidos pol\u00edticos y all\u00ed se debate aunque lo que se defina no es vinculante. Los comuneros, de acuerdo a la Ley 1.777 deben ganar el 60% del salario de un legislador porte\u00f1o. Con respecto a los fondos que manejan son los que el presupuesto les adjudica, sin tener posibilidad de endeudarse ni crear tasas ni impuestos. Este presupuesto comunal se usa para cubrir los salarios de su personal y algunos gastos, obras y contrataciones de menor envergadura. La suma puede llegar a incrementarse en caso de situaciones extraordinarias como inundaciones o problem\u00e1ticas en barrios de emergencia. A esto se lo llama \u201cplus de emergencia\u201d y debe negociarse entre los comuneros y el Gobierno de la Ciudad de Buenos Aires. La distribuci\u00f3n presupuestaria por comuna es proporcional a la poblaci\u00f3n de la misma y en el caso del Presupuesto 2019 se basa en un c\u00e1lculo en el ingreso promedio por habitante de la Encuesta Anual a Hogares del a\u00f1o 2014 llevada a cabo por la Direcci\u00f3n General de Estad\u00edstica y Censos del Ministerio de Econom\u00eda porte\u00f1o. En el caso de la Comuna 15, el presupuesto por habitante es actualmente de $560. Estos son los comuneros electos en la Comuna 15 (barrios de La Paternal, Villa Crespo, Chacarita, Agronom\u00eda, Villa Ort\u00fazar y Parque Chas), donde entraron 4 representantes de Juntos por el Cambio y 3 por el Frente de Todos: .Mart\u00edn Garcilazo (Juntos por el Cambio): Ser\u00e1 el Presidente de la Comuna 15. Vive en Villa Crespo. En 2009, con Macri como Jefe de Gobierno de CABA, empez\u00f3 a trabajar en el Gobierno de la Ciudad. Es radical desde su juventud, cuando form\u00f3 parte de la Franja Morada. Fue recientemente Director del Instituto de Vivienda de la Ciudad (IVC). .Natasha Semmartin (Juntos por el Cambio): Vecina de Villa Crespo, es Secretaria de J\u00f3venes PRO Capital en la Comuna 15 y estudiante de arquitectura. .Juan Pablo Alegre (Juntos por el Cambio): Proviene de la Coalici\u00f3n C\u00edvica ARI y es Licenciado en Ciencia Pol\u00edtica (Universidad de San Andr\u00e9s). Asesor del Legislador Hern\u00e1n Reyes. .Mar\u00eda Victoria Pujolle (Juntos por el Cambio): Trabaj\u00f3 en el Ministerio de Seguridad de la Naci\u00f3n. .Jazm\u00edn Tello (Frente de Todos): Desde adolescente es voluntaria en la Asociaci\u00f3n Civil Tierra, Techo y Trabajo, que funciona como club de barrio, centro cultural y centro de jubilados. Adem\u00e1s es t\u00e9cnica auxiliar en radiolog\u00eda y trabaja en el Ministerio P\u00fablico de Defensa. Es vecina de Chacarita y forma parte del Nuevo Espacio de Participaci\u00f3n (NEP) .Leonardo Lucchese Di Leva (Frente de Todos): Milita hace 10 a\u00f1os en La C\u00e1mpora. Es vecino de Villa Crespo, abogado y asesor de la Legisladora Paula Penacca. Tuvo una importante participaci\u00f3n en las actividades del colectivo barrial \u201cNo a las Torres en la Isla de La Paternal\u201d. .Nancy Bola\u00f1o (Frente de Todos): Al igual que Tello, proveniente del NEP, particip\u00f3 con su militancia en la urbanizaci\u00f3n del Play\u00f3n de Chacarita (Asentamiento Fraga). Es abogada y ambientalista. Caracteres: 4.877 Foto: Legislatura.gov.ar<br><\/p>\n<div class=\"pvc_clear\"><\/div><p id=\"pvc_stats_51910\" class=\"pvc_stats all  \" data-element-id=\"51910\" style=\"\"><i class=\"pvc-stats-icon small\" aria-hidden=\"true\"><svg aria-hidden=\"true\" focusable=\"false\" data-prefix=\"far\" data-icon=\"chart-bar\" role=\"img\" xmlns=\"http:\/\/www.w3.org\/2000\/svg\" viewBox=\"0 0 512 512\" class=\"svg-inline--fa fa-chart-bar fa-w-16 fa-2x\"><path fill=\"currentColor\" d=\"M396.8 352h22.4c6.4 0 12.8-6.4 12.8-12.8V108.8c0-6.4-6.4-12.8-12.8-12.8h-22.4c-6.4 0-12.8 6.4-12.8 12.8v230.4c0 6.4 6.4 12.8 12.8 12.8zm-192 0h22.4c6.4 0 12.8-6.4 12.8-12.8V140.8c0-6.4-6.4-12.8-12.8-12.8h-22.4c-6.4 0-12.8 6.4-12.8 12.8v198.4c0 6.4 6.4 12.8 12.8 12.8zm96 0h22.4c6.4 0 12.8-6.4 12.8-12.8V204.8c0-6.4-6.4-12.8-12.8-12.8h-22.4c-6.4 0-12.8 6.4-12.8 12.8v134.4c0 6.4 6.4 12.8 12.8 12.8zM496 400H48V80c0-8.84-7.16-16-16-16H16C7.16 64 0 71.16 0 80v336c0 17.67 14.33 32 32 32h464c8.84 0 16-7.16 16-16v-16c0-8.84-7.16-16-16-16zm-387.2-48h22.4c6.4 0 12.8-6.4 12.8-12.8v-70.4c0-6.4-6.4-12.8-12.8-12.8h-22.4c-6.4 0-12.8 6.4-12.8 12.8v70.4c0 6.4 6.4 12.8 12.8 12.8z\" class=\"\"><\/path><\/svg><\/i> <img loading=\"lazy\" decoding=\"async\" width=\"16\" height=\"16\" alt=\"Loading\" src=\"https:\/\/vocesdelacomuna15.com.ar\/wp-content\/plugins\/page-views-count\/ajax-loader-2x.gif\" border=0 \/><\/p><div class=\"pvc_clear\"><\/div>","protected":false},"excerpt":{"rendered":"<p>El 6 de diciembre ante casi 500 personas se hizo el acto en el Sal\u00f3n Dorado Los 105 integrantes de las Juntas Comunales de cada una de las 15 Comunas conformadas por los 48 barrios de la Ciudad Aut\u00f3noma de Buenos Aires, que hab\u00edan sido electos el domingo 27 de octubre, juraron el 6 de [&hellip;]<\/p>\n<div class=\"pvc_clear\"><\/div>\n<p id=\"pvc_stats_51910\" class=\"pvc_stats all  \" data-element-id=\"51910\" style=\"\"><i class=\"pvc-stats-icon small\" aria-hidden=\"true\"><svg aria-hidden=\"true\" focusable=\"false\" data-prefix=\"far\" data-icon=\"chart-bar\" role=\"img\" xmlns=\"http:\/\/www.w3.org\/2000\/svg\" viewBox=\"0 0 512 512\" class=\"svg-inline--fa fa-chart-bar fa-w-16 fa-2x\"><path fill=\"currentColor\" d=\"M396.8 352h22.4c6.4 0 12.8-6.4 12.8-12.8V108.8c0-6.4-6.4-12.8-12.8-12.8h-22.4c-6.4 0-12.8 6.4-12.8 12.8v230.4c0 6.4 6.4 12.8 12.8 12.8zm-192 0h22.4c6.4 0 12.8-6.4 12.8-12.8V140.8c0-6.4-6.4-12.8-12.8-12.8h-22.4c-6.4 0-12.8 6.4-12.8 12.8v198.4c0 6.4 6.4 12.8 12.8 12.8zm96 0h22.4c6.4 0 12.8-6.4 12.8-12.8V204.8c0-6.4-6.4-12.8-12.8-12.8h-22.4c-6.4 0-12.8 6.4-12.8 12.8v134.4c0 6.4 6.4 12.8 12.8 12.8zM496 400H48V80c0-8.84-7.16-16-16-16H16C7.16 64 0 71.16 0 80v336c0 17.67 14.33 32 32 32h464c8.84 0 16-7.16 16-16v-16c0-8.84-7.16-16-16-16zm-387.2-48h22.4c6.4 0 12.8-6.4 12.8-12.8v-70.4c0-6.4-6.4-12.8-12.8-12.8h-22.4c-6.4 0-12.8 6.4-12.8 12.8v70.4c0 6.4 6.4 12.8 12.8 12.8z\" class=\"\"><\/path><\/svg><\/i> <img loading=\"lazy\" decoding=\"async\" width=\"16\" height=\"16\" alt=\"Loading\" src=\"https:\/\/vocesdelacomuna15.com.ar\/wp-content\/plugins\/page-views-count\/ajax-loader-2x.gif\" border=0 \/><\/p>\n<div class=\"pvc_clear\"><\/div>\n","protected":false},"author":2,"featured_media":51911,"comment_status":"open","ping_status":"open","sticky":false,"template":"","format":"standard","meta":{"_et_pb_use_builder":"off","_et_pb_old_content":"","_et_gb_content_width":"","footnotes":""},"categories":[31],"tags":[],"class_list":["post-51910","post","type-post","status-publish","format-standard","has-post-thumbnail","hentry","category-politica","et-has-post-format-content","et_post_format-et-post-format-standard"],"a3_pvc":{"activated":true,"total_views":189,"today_views":0},"yoast_head":"<!-- This site is optimized with the Yoast SEO plugin v27.5 - https:\/\/yoast.com\/product\/yoast-seo-wordpress\/ -->\n<title>En el Palacio Parlamentario juraron los nuevos integrantes de las juntas comunales porte\u00f1as - Voces de la Comuna 15<\/title>\n<meta name=\"description\" content=\"Voces de la Comuna 15\" \/>\n<meta name=\"robots\" content=\"index, follow, max-snippet:-1, max-image-preview:large, max-video-preview:-1\" \/>\n<link rel=\"canonical\" href=\"https:\/\/vocesdelacomuna15.com.ar\/press\/en-el-palacio-parlamentario-juraron-los-nuevos-integrantes-de-las-juntas-comunales-portenas\/\" \/>\n<meta property=\"og:locale\" content=\"es_ES\" \/>\n<meta property=\"og:type\" content=\"article\" \/>\n<meta property=\"og:title\" content=\"En el Palacio Parlamentario juraron los nuevos integrantes de las juntas comunales porte\u00f1as - Voces de la Comuna 15\" \/>\n<meta property=\"og:description\" content=\"Voces de la Comuna 15\" \/>\n<meta property=\"og:url\" content=\"https:\/\/vocesdelacomuna15.com.ar\/press\/en-el-palacio-parlamentario-juraron-los-nuevos-integrantes-de-las-juntas-comunales-portenas\/\" \/>\n<meta property=\"og:site_name\" content=\"Voces de la Comuna 15\" \/>\n<meta property=\"article:publisher\" content=\"https:\/\/www.facebook.com\/VocesComuna15\/\" \/>\n<meta property=\"article:published_time\" content=\"2019-12-16T11:30:14+00:00\" \/>\n<meta property=\"article:modified_time\" content=\"2020-05-02T13:23:46+00:00\" \/>\n<meta property=\"og:image\" content=\"https:\/\/vocesdelacomuna15.com.ar\/wp-content\/uploads\/2020\/05\/legisla16122019.jpeg\" \/>\n\t<meta property=\"og:image:width\" content=\"1200\" \/>\n\t<meta property=\"og:image:height\" content=\"800\" \/>\n\t<meta property=\"og:image:type\" content=\"image\/jpeg\" \/>\n<meta name=\"author\" content=\"Federico Arguto\" \/>\n<meta name=\"twitter:card\" content=\"summary_large_image\" \/>\n<meta name=\"twitter:creator\" content=\"@vocescomuna15\" \/>\n<meta name=\"twitter:site\" content=\"@vocescomuna15\" \/>\n<meta name=\"twitter:label1\" content=\"Escrito por\" \/>\n\t<meta name=\"twitter:data1\" content=\"Federico Arguto\" \/>\n\t<meta name=\"twitter:label2\" content=\"Tiempo de lectura\" \/>\n\t<meta name=\"twitter:data2\" content=\"4 minutos\" \/>\n<script type=\"application\/ld+json\" class=\"yoast-schema-graph\">{\"@context\":\"https:\\\/\\\/schema.org\",\"@graph\":[{\"@type\":\"Article\",\"@id\":\"https:\\\/\\\/vocesdelacomuna15.com.ar\\\/press\\\/en-el-palacio-parlamentario-juraron-los-nuevos-integrantes-de-las-juntas-comunales-portenas\\\/#article\",\"isPartOf\":{\"@id\":\"https:\\\/\\\/vocesdelacomuna15.com.ar\\\/press\\\/en-el-palacio-parlamentario-juraron-los-nuevos-integrantes-de-las-juntas-comunales-portenas\\\/\"},\"author\":{\"name\":\"Federico Arguto\",\"@id\":\"https:\\\/\\\/vocesdelacomuna15.com.ar\\\/press\\\/#\\\/schema\\\/person\\\/4739e109db25d799cd3d139eeb509e43\"},\"headline\":\"En el Palacio Parlamentario juraron los nuevos integrantes de las juntas comunales porte\u00f1as\",\"datePublished\":\"2019-12-16T11:30:14+00:00\",\"dateModified\":\"2020-05-02T13:23:46+00:00\",\"mainEntityOfPage\":{\"@id\":\"https:\\\/\\\/vocesdelacomuna15.com.ar\\\/press\\\/en-el-palacio-parlamentario-juraron-los-nuevos-integrantes-de-las-juntas-comunales-portenas\\\/\"},\"wordCount\":867,\"commentCount\":0,\"publisher\":{\"@id\":\"https:\\\/\\\/vocesdelacomuna15.com.ar\\\/press\\\/#organization\"},\"image\":{\"@id\":\"https:\\\/\\\/vocesdelacomuna15.com.ar\\\/press\\\/en-el-palacio-parlamentario-juraron-los-nuevos-integrantes-de-las-juntas-comunales-portenas\\\/#primaryimage\"},\"thumbnailUrl\":\"https:\\\/\\\/vocesdelacomuna15.com.ar\\\/wp-content\\\/uploads\\\/2020\\\/05\\\/legisla16122019.jpeg\",\"articleSection\":[\"Pol\u00edtica\"],\"inLanguage\":\"es-AR\",\"potentialAction\":[{\"@type\":\"CommentAction\",\"name\":\"Comment\",\"target\":[\"https:\\\/\\\/vocesdelacomuna15.com.ar\\\/press\\\/en-el-palacio-parlamentario-juraron-los-nuevos-integrantes-de-las-juntas-comunales-portenas\\\/#respond\"]}]},{\"@type\":\"WebPage\",\"@id\":\"https:\\\/\\\/vocesdelacomuna15.com.ar\\\/press\\\/en-el-palacio-parlamentario-juraron-los-nuevos-integrantes-de-las-juntas-comunales-portenas\\\/\",\"url\":\"https:\\\/\\\/vocesdelacomuna15.com.ar\\\/press\\\/en-el-palacio-parlamentario-juraron-los-nuevos-integrantes-de-las-juntas-comunales-portenas\\\/\",\"name\":\"En el Palacio Parlamentario juraron los nuevos integrantes de las juntas comunales porte\u00f1as - Voces de la Comuna 15\",\"isPartOf\":{\"@id\":\"https:\\\/\\\/vocesdelacomuna15.com.ar\\\/press\\\/#website\"},\"primaryImageOfPage\":{\"@id\":\"https:\\\/\\\/vocesdelacomuna15.com.ar\\\/press\\\/en-el-palacio-parlamentario-juraron-los-nuevos-integrantes-de-las-juntas-comunales-portenas\\\/#primaryimage\"},\"image\":{\"@id\":\"https:\\\/\\\/vocesdelacomuna15.com.ar\\\/press\\\/en-el-palacio-parlamentario-juraron-los-nuevos-integrantes-de-las-juntas-comunales-portenas\\\/#primaryimage\"},\"thumbnailUrl\":\"https:\\\/\\\/vocesdelacomuna15.com.ar\\\/wp-content\\\/uploads\\\/2020\\\/05\\\/legisla16122019.jpeg\",\"datePublished\":\"2019-12-16T11:30:14+00:00\",\"dateModified\":\"2020-05-02T13:23:46+00:00\",\"description\":\"Voces de la Comuna 15\",\"breadcrumb\":{\"@id\":\"https:\\\/\\\/vocesdelacomuna15.com.ar\\\/press\\\/en-el-palacio-parlamentario-juraron-los-nuevos-integrantes-de-las-juntas-comunales-portenas\\\/#breadcrumb\"},\"inLanguage\":\"es-AR\",\"potentialAction\":[{\"@type\":\"ReadAction\",\"target\":[\"https:\\\/\\\/vocesdelacomuna15.com.ar\\\/press\\\/en-el-palacio-parlamentario-juraron-los-nuevos-integrantes-de-las-juntas-comunales-portenas\\\/\"]}]},{\"@type\":\"ImageObject\",\"inLanguage\":\"es-AR\",\"@id\":\"https:\\\/\\\/vocesdelacomuna15.com.ar\\\/press\\\/en-el-palacio-parlamentario-juraron-los-nuevos-integrantes-de-las-juntas-comunales-portenas\\\/#primaryimage\",\"url\":\"https:\\\/\\\/vocesdelacomuna15.com.ar\\\/wp-content\\\/uploads\\\/2020\\\/05\\\/legisla16122019.jpeg\",\"contentUrl\":\"https:\\\/\\\/vocesdelacomuna15.com.ar\\\/wp-content\\\/uploads\\\/2020\\\/05\\\/legisla16122019.jpeg\",\"width\":1200,\"height\":800},{\"@type\":\"BreadcrumbList\",\"@id\":\"https:\\\/\\\/vocesdelacomuna15.com.ar\\\/press\\\/en-el-palacio-parlamentario-juraron-los-nuevos-integrantes-de-las-juntas-comunales-portenas\\\/#breadcrumb\",\"itemListElement\":[{\"@type\":\"ListItem\",\"position\":1,\"name\":\"Inicio\",\"item\":\"https:\\\/\\\/vocesdelacomuna15.com.ar\\\/press\\\/\"},{\"@type\":\"ListItem\",\"position\":2,\"name\":\"En el Palacio Parlamentario juraron los nuevos integrantes de las juntas comunales porte\u00f1as\"}]},{\"@type\":\"WebSite\",\"@id\":\"https:\\\/\\\/vocesdelacomuna15.com.ar\\\/press\\\/#website\",\"url\":\"https:\\\/\\\/vocesdelacomuna15.com.ar\\\/press\\\/\",\"name\":\"Voces de la Comuna 15\",\"description\":\"Sitio web de noticias\",\"publisher\":{\"@id\":\"https:\\\/\\\/vocesdelacomuna15.com.ar\\\/press\\\/#organization\"},\"potentialAction\":[{\"@type\":\"SearchAction\",\"target\":{\"@type\":\"EntryPoint\",\"urlTemplate\":\"https:\\\/\\\/vocesdelacomuna15.com.ar\\\/press\\\/?s={search_term_string}\"},\"query-input\":{\"@type\":\"PropertyValueSpecification\",\"valueRequired\":true,\"valueName\":\"search_term_string\"}}],\"inLanguage\":\"es-AR\"},{\"@type\":\"Organization\",\"@id\":\"https:\\\/\\\/vocesdelacomuna15.com.ar\\\/press\\\/#organization\",\"name\":\"Voces de la Comuna 15\",\"url\":\"https:\\\/\\\/vocesdelacomuna15.com.ar\\\/press\\\/\",\"logo\":{\"@type\":\"ImageObject\",\"inLanguage\":\"es-AR\",\"@id\":\"https:\\\/\\\/vocesdelacomuna15.com.ar\\\/press\\\/#\\\/schema\\\/logo\\\/image\\\/\",\"url\":\"https:\\\/\\\/vocesdelacomuna15.com.ar\\\/wp-content\\\/uploads\\\/2024\\\/12\\\/cropped-logo_voces.jpg\",\"contentUrl\":\"https:\\\/\\\/vocesdelacomuna15.com.ar\\\/wp-content\\\/uploads\\\/2024\\\/12\\\/cropped-logo_voces.jpg\",\"width\":512,\"height\":512,\"caption\":\"Voces de la Comuna 15\"},\"image\":{\"@id\":\"https:\\\/\\\/vocesdelacomuna15.com.ar\\\/press\\\/#\\\/schema\\\/logo\\\/image\\\/\"},\"sameAs\":[\"https:\\\/\\\/www.facebook.com\\\/VocesComuna15\\\/\",\"https:\\\/\\\/x.com\\\/vocescomuna15\"]},{\"@type\":\"Person\",\"@id\":\"https:\\\/\\\/vocesdelacomuna15.com.ar\\\/press\\\/#\\\/schema\\\/person\\\/4739e109db25d799cd3d139eeb509e43\",\"name\":\"Federico Arguto\",\"image\":{\"@type\":\"ImageObject\",\"inLanguage\":\"es-AR\",\"@id\":\"https:\\\/\\\/vocesdelacomuna15.com.ar\\\/wp-content\\\/litespeed\\\/avatar\\\/82faf979976f1bae889b8b71f8a0a7e5.jpg?ver=1777419741\",\"url\":\"https:\\\/\\\/vocesdelacomuna15.com.ar\\\/wp-content\\\/litespeed\\\/avatar\\\/82faf979976f1bae889b8b71f8a0a7e5.jpg?ver=1777419741\",\"contentUrl\":\"https:\\\/\\\/vocesdelacomuna15.com.ar\\\/wp-content\\\/litespeed\\\/avatar\\\/82faf979976f1bae889b8b71f8a0a7e5.jpg?ver=1777419741\",\"caption\":\"Federico Arguto\"},\"url\":\"https:\\\/\\\/vocesdelacomuna15.com.ar\\\/press\\\/author\\\/fede\\\/\"}]}<\/script>\n<!-- \/ Yoast SEO plugin. -->","yoast_head_json":{"title":"En el Palacio Parlamentario juraron los nuevos integrantes de las juntas comunales porte\u00f1as - Voces de la Comuna 15","description":"Voces de la Comuna 15","robots":{"index":"index","follow":"follow","max-snippet":"max-snippet:-1","max-image-preview":"max-image-preview:large","max-video-preview":"max-video-preview:-1"},"canonical":"https:\/\/vocesdelacomuna15.com.ar\/press\/en-el-palacio-parlamentario-juraron-los-nuevos-integrantes-de-las-juntas-comunales-portenas\/","og_locale":"es_ES","og_type":"article","og_title":"En el Palacio Parlamentario juraron los nuevos integrantes de las juntas comunales porte\u00f1as - Voces de la Comuna 15","og_description":"Voces de la Comuna 15","og_url":"https:\/\/vocesdelacomuna15.com.ar\/press\/en-el-palacio-parlamentario-juraron-los-nuevos-integrantes-de-las-juntas-comunales-portenas\/","og_site_name":"Voces de la Comuna 15","article_publisher":"https:\/\/www.facebook.com\/VocesComuna15\/","article_published_time":"2019-12-16T11:30:14+00:00","article_modified_time":"2020-05-02T13:23:46+00:00","og_image":[{"width":1200,"height":800,"url":"https:\/\/vocesdelacomuna15.com.ar\/wp-content\/uploads\/2020\/05\/legisla16122019.jpeg","type":"image\/jpeg"}],"author":"Federico Arguto","twitter_card":"summary_large_image","twitter_creator":"@vocescomuna15","twitter_site":"@vocescomuna15","twitter_misc":{"Escrito por":"Federico Arguto","Tiempo de lectura":"4 minutos"},"schema":{"@context":"https:\/\/schema.org","@graph":[{"@type":"Article","@id":"https:\/\/vocesdelacomuna15.com.ar\/press\/en-el-palacio-parlamentario-juraron-los-nuevos-integrantes-de-las-juntas-comunales-portenas\/#article","isPartOf":{"@id":"https:\/\/vocesdelacomuna15.com.ar\/press\/en-el-palacio-parlamentario-juraron-los-nuevos-integrantes-de-las-juntas-comunales-portenas\/"},"author":{"name":"Federico Arguto","@id":"https:\/\/vocesdelacomuna15.com.ar\/press\/#\/schema\/person\/4739e109db25d799cd3d139eeb509e43"},"headline":"En el Palacio Parlamentario juraron los nuevos integrantes de las juntas comunales porte\u00f1as","datePublished":"2019-12-16T11:30:14+00:00","dateModified":"2020-05-02T13:23:46+00:00","mainEntityOfPage":{"@id":"https:\/\/vocesdelacomuna15.com.ar\/press\/en-el-palacio-parlamentario-juraron-los-nuevos-integrantes-de-las-juntas-comunales-portenas\/"},"wordCount":867,"commentCount":0,"publisher":{"@id":"https:\/\/vocesdelacomuna15.com.ar\/press\/#organization"},"image":{"@id":"https:\/\/vocesdelacomuna15.com.ar\/press\/en-el-palacio-parlamentario-juraron-los-nuevos-integrantes-de-las-juntas-comunales-portenas\/#primaryimage"},"thumbnailUrl":"https:\/\/vocesdelacomuna15.com.ar\/wp-content\/uploads\/2020\/05\/legisla16122019.jpeg","articleSection":["Pol\u00edtica"],"inLanguage":"es-AR","potentialAction":[{"@type":"CommentAction","name":"Comment","target":["https:\/\/vocesdelacomuna15.com.ar\/press\/en-el-palacio-parlamentario-juraron-los-nuevos-integrantes-de-las-juntas-comunales-portenas\/#respond"]}]},{"@type":"WebPage","@id":"https:\/\/vocesdelacomuna15.com.ar\/press\/en-el-palacio-parlamentario-juraron-los-nuevos-integrantes-de-las-juntas-comunales-portenas\/","url":"https:\/\/vocesdelacomuna15.com.ar\/press\/en-el-palacio-parlamentario-juraron-los-nuevos-integrantes-de-las-juntas-comunales-portenas\/","name":"En el Palacio Parlamentario juraron los nuevos integrantes de las juntas comunales porte\u00f1as - Voces de la Comuna 15","isPartOf":{"@id":"https:\/\/vocesdelacomuna15.com.ar\/press\/#website"},"primaryImageOfPage":{"@id":"https:\/\/vocesdelacomuna15.com.ar\/press\/en-el-palacio-parlamentario-juraron-los-nuevos-integrantes-de-las-juntas-comunales-portenas\/#primaryimage"},"image":{"@id":"https:\/\/vocesdelacomuna15.com.ar\/press\/en-el-palacio-parlamentario-juraron-los-nuevos-integrantes-de-las-juntas-comunales-portenas\/#primaryimage"},"thumbnailUrl":"https:\/\/vocesdelacomuna15.com.ar\/wp-content\/uploads\/2020\/05\/legisla16122019.jpeg","datePublished":"2019-12-16T11:30:14+00:00","dateModified":"2020-05-02T13:23:46+00:00","description":"Voces de la Comuna 15","breadcrumb":{"@id":"https:\/\/vocesdelacomuna15.com.ar\/press\/en-el-palacio-parlamentario-juraron-los-nuevos-integrantes-de-las-juntas-comunales-portenas\/#breadcrumb"},"inLanguage":"es-AR","potentialAction":[{"@type":"ReadAction","target":["https:\/\/vocesdelacomuna15.com.ar\/press\/en-el-palacio-parlamentario-juraron-los-nuevos-integrantes-de-las-juntas-comunales-portenas\/"]}]},{"@type":"ImageObject","inLanguage":"es-AR","@id":"https:\/\/vocesdelacomuna15.com.ar\/press\/en-el-palacio-parlamentario-juraron-los-nuevos-integrantes-de-las-juntas-comunales-portenas\/#primaryimage","url":"https:\/\/vocesdelacomuna15.com.ar\/wp-content\/uploads\/2020\/05\/legisla16122019.jpeg","contentUrl":"https:\/\/vocesdelacomuna15.com.ar\/wp-content\/uploads\/2020\/05\/legisla16122019.jpeg","width":1200,"height":800},{"@type":"BreadcrumbList","@id":"https:\/\/vocesdelacomuna15.com.ar\/press\/en-el-palacio-parlamentario-juraron-los-nuevos-integrantes-de-las-juntas-comunales-portenas\/#breadcrumb","itemListElement":[{"@type":"ListItem","position":1,"name":"Inicio","item":"https:\/\/vocesdelacomuna15.com.ar\/press\/"},{"@type":"ListItem","position":2,"name":"En el Palacio Parlamentario juraron los nuevos integrantes de las juntas comunales porte\u00f1as"}]},{"@type":"WebSite","@id":"https:\/\/vocesdelacomuna15.com.ar\/press\/#website","url":"https:\/\/vocesdelacomuna15.com.ar\/press\/","name":"Voces de la Comuna 15","description":"Sitio web de noticias","publisher":{"@id":"https:\/\/vocesdelacomuna15.com.ar\/press\/#organization"},"potentialAction":[{"@type":"SearchAction","target":{"@type":"EntryPoint","urlTemplate":"https:\/\/vocesdelacomuna15.com.ar\/press\/?s={search_term_string}"},"query-input":{"@type":"PropertyValueSpecification","valueRequired":true,"valueName":"search_term_string"}}],"inLanguage":"es-AR"},{"@type":"Organization","@id":"https:\/\/vocesdelacomuna15.com.ar\/press\/#organization","name":"Voces de la Comuna 15","url":"https:\/\/vocesdelacomuna15.com.ar\/press\/","logo":{"@type":"ImageObject","inLanguage":"es-AR","@id":"https:\/\/vocesdelacomuna15.com.ar\/press\/#\/schema\/logo\/image\/","url":"https:\/\/vocesdelacomuna15.com.ar\/wp-content\/uploads\/2024\/12\/cropped-logo_voces.jpg","contentUrl":"https:\/\/vocesdelacomuna15.com.ar\/wp-content\/uploads\/2024\/12\/cropped-logo_voces.jpg","width":512,"height":512,"caption":"Voces de la Comuna 15"},"image":{"@id":"https:\/\/vocesdelacomuna15.com.ar\/press\/#\/schema\/logo\/image\/"},"sameAs":["https:\/\/www.facebook.com\/VocesComuna15\/","https:\/\/x.com\/vocescomuna15"]},{"@type":"Person","@id":"https:\/\/vocesdelacomuna15.com.ar\/press\/#\/schema\/person\/4739e109db25d799cd3d139eeb509e43","name":"Federico Arguto","image":{"@type":"ImageObject","inLanguage":"es-AR","@id":"https:\/\/vocesdelacomuna15.com.ar\/wp-content\/litespeed\/avatar\/82faf979976f1bae889b8b71f8a0a7e5.jpg?ver=1777419741","url":"https:\/\/vocesdelacomuna15.com.ar\/wp-content\/litespeed\/avatar\/82faf979976f1bae889b8b71f8a0a7e5.jpg?ver=1777419741","contentUrl":"https:\/\/vocesdelacomuna15.com.ar\/wp-content\/litespeed\/avatar\/82faf979976f1bae889b8b71f8a0a7e5.jpg?ver=1777419741","caption":"Federico Arguto"},"url":"https:\/\/vocesdelacomuna15.com.ar\/press\/author\/fede\/"}]}},"_links":{"self":[{"href":"https:\/\/vocesdelacomuna15.com.ar\/press\/wp-json\/wp\/v2\/posts\/51910","targetHints":{"allow":["GET"]}}],"collection":[{"href":"https:\/\/vocesdelacomuna15.com.ar\/press\/wp-json\/wp\/v2\/posts"}],"about":[{"href":"https:\/\/vocesdelacomuna15.com.ar\/press\/wp-json\/wp\/v2\/types\/post"}],"author":[{"embeddable":true,"href":"https:\/\/vocesdelacomuna15.com.ar\/press\/wp-json\/wp\/v2\/users\/2"}],"replies":[{"embeddable":true,"href":"https:\/\/vocesdelacomuna15.com.ar\/press\/wp-json\/wp\/v2\/comments?post=51910"}],"version-history":[{"count":1,"href":"https:\/\/vocesdelacomuna15.com.ar\/press\/wp-json\/wp\/v2\/posts\/51910\/revisions"}],"predecessor-version":[{"id":51912,"href":"https:\/\/vocesdelacomuna15.com.ar\/press\/wp-json\/wp\/v2\/posts\/51910\/revisions\/51912"}],"wp:featuredmedia":[{"embeddable":true,"href":"https:\/\/vocesdelacomuna15.com.ar\/press\/wp-json\/wp\/v2\/media\/51911"}],"wp:attachment":[{"href":"https:\/\/vocesdelacomuna15.com.ar\/press\/wp-json\/wp\/v2\/media?parent=51910"}],"wp:term":[{"taxonomy":"category","embeddable":true,"href":"https:\/\/vocesdelacomuna15.com.ar\/press\/wp-json\/wp\/v2\/categories?post=51910"},{"taxonomy":"post_tag","embeddable":true,"href":"https:\/\/vocesdelacomuna15.com.ar\/press\/wp-json\/wp\/v2\/tags?post=51910"}],"curies":[{"name":"wp","href":"https:\/\/api.w.org\/{rel}","templated":true}]}}