{"id":51889,"date":"2019-12-16T08:00:06","date_gmt":"2019-12-16T11:00:06","guid":{"rendered":"http:\/\/vocesdelacomuna15.com.ar\/wordpress\/?p=51889"},"modified":"2020-05-02T10:12:37","modified_gmt":"2020-05-02T13:12:37","slug":"crean-un-dispositivo-para-remediar-aguas-contaminadas-con-arsenico","status":"publish","type":"post","link":"https:\/\/vocesdelacomuna15.com.ar\/press\/crean-un-dispositivo-para-remediar-aguas-contaminadas-con-arsenico\/","title":{"rendered":"Crean un dispositivo para remediar aguas contaminadas con ars\u00e9nico"},"content":{"rendered":"\n<h4 class=\"wp-block-heading\">Investigadores de la FAUBA fabrican biocarb\u00f3n con ca\u00f1as de descarte de una especie de bamb\u00fa nativo de la Argentina para remover ars\u00e9nico del agua. El dispositivo se denomina Guaduar y, recientemente, recibi\u00f3 el primer premio del Bootcamp UBA Emprende. Fuente: agro.uba.ar<\/h4>\n\n\n\n<p>Actualmente en la Argentina existen al menos 6,4 millones de personas que no tienen acceso al agua potable de red y, en consecuencia, consumen aguas subterr\u00e1neas (de pozo) o superficiales que contienen ars\u00e9nico en concentraciones variables, en algunos casos, muy elevadas. El ars\u00e9nico es un metaloide t\u00f3xico para la salud humana, muy extendido en el territorio argentino. El consumo prolongado de aguas contaminadas con ars\u00e9nico genera Hidroarsenicismo Cr\u00f3nico Regional End\u00e9mico (HACRE), una patolog\u00eda que involucra m\u00faltiples enfermedades que pueden ir desde lesiones en la piel (callosidades y manchas), as\u00ed como otras alteraciones cancerosas y no cancerosas. Desde las C\u00e1tedras de Bot\u00e1nica General y de Qu\u00edmica de Biomol\u00e9culas de la Facultad de Agronom\u00eda de la UBA trabajan en la investigaci\u00f3n y desarrollo de un biocarb\u00f3n obtenido a partir de desechos de ca\u00f1as de bamb\u00fa nativa de la Argentina para quitar ars\u00e9nico del agua. El proyecto denominado Guaduar, en referencia al nombre cient\u00edfico del bamb\u00fa utilizado en la fabricaci\u00f3n del biocarb\u00f3n, naci\u00f3 como trabajo de tesis de grado de la Lic. en Ciencias Ambientales Jacinta Alchouron y, en la actualidad, contin\u00faa como parte de su tesis doctoral en la Escuela para Graduados de la FAUBA. Este trabajo est\u00e1 dirigido por la Dra. en Biolog\u00eda de la UBA e Investigadora Independiente del CONICET, Andrea S. Vega, quien hace varios a\u00f1os encabeza proyectos con bamb\u00faes le\u00f1osos en la FAUBA: realiza estudios interdisciplinarios en bamb\u00faes orientados a nuevas aplicaciones en la Argentina. La codirecci\u00f3n de la investigaci\u00f3n est\u00e1 a cargo del Dr. Hugo D. Chludil. \u201cNuestro principal desaf\u00edo es acercar a las poblaciones dispersas un dispositivo simple, de f\u00e1cil manipulaci\u00f3n, econ\u00f3mico y efectivo en la remoci\u00f3n de ars\u00e9nico. De este modo podr\u00e1n consumir agua segura. Esto significa, agua con una concentraci\u00f3n de ars\u00e9nico menor a 0,01 mg\/L, tal cual recomienda la Organizaci\u00f3n Mundial de la Salud (OMS)\u201d, expres\u00f3 la Dra. Andrea Vega. En este sentido, gracias a la participaci\u00f3n del Dis. Ind. Gianpiero Bosi, dise\u00f1aron un dispositivo muy sencillo donde se coloca un filtro (semejante al saquito de cualquier infusi\u00f3n) que contiene el biocarb\u00f3n. Mediante este dispositivo y filtro es posible remediar aguas contaminadas con ars\u00e9nico, logrando hasta un 100 % de remoci\u00f3n. &#8220;El empleo del dispositivo y el filtro es muy sencillo e intuitivo para el usuario, no requiere de electricidad y utiliza el agua disponible en el lugar donde reside&#8221;, agreg\u00f3 la investigadora. Uno de los aspectos m\u00e1s destacados es el car\u00e1cter interdisciplinario del equipo de trabajo, que adem\u00e1s est\u00e1 integrado por el Ing. Agr. Juan C. Lagler (FAUBA), DI. Gianpiero Bosi (FADU), DG. Daniel Tomasello (UM) y las estudiantes de la carrera de Ciencias Ambientas (FAUBA), Mar\u00eda B. Fern\u00e1ndez, Julieta Milone y Giuliana Iacobucci. Recientemente, Jacinta Alchouron postul\u00f3 el proyecto Guaduar en la Convocatoria UBA Emprende y fue seleccionado para participar en un Bootcamp. Esta iniciativa busca acompa\u00f1ar a estudiantes y graduados recientes de la Universidad de Buenos Aires en el proceso de materializaci\u00f3n y validaci\u00f3n de un proyecto. En este programa se brinda acompa\u00f1amiento que incluye talleres, mentor\u00edas y financiamiento para la mejora del prototipo. \u201cA trav\u00e9s de este Bootcamp, durante 5 semanas asistimos a una serie de talleres y mentor\u00edas. Al mismo tiempo, nos brindaron financiamiento para desarrollar y mejorar nuestro prototipo que incluye un dispositivo formado por dos piezas y un filtro que contiene el biocarb\u00f3n de bamb\u00fa\u201d, cont\u00f3 la Dra. Vega. El 22 de noviembre en el Sal\u00f3n Arenales de la UBA se realiz\u00f3 el certamen final de la Convocatoria y Guaduar recibi\u00f3 el primer premio Bootcamp que les permitir\u00e1 mejorar el prototipado. \u201cEl premio fue un est\u00edmulo para continuar trabajando en el proyecto. Nuestro prop\u00f3sito es que llegue a las poblaciones rurales dispersas que no tienen acceso al agua potable de red. El acceso al agua potable es un derecho y su consumo redundar\u00e1 en un beneficio para la salud de los pobladores. Este reconocimiento es muestra del valor de un trabajo verdaderamente interdisciplinario\u201d, asever\u00f3 Andrea Vega. El equipo agradeci\u00f3 el valioso apoyo de UBA Emprende, especialmente al Ing. Ind. Leandro Valentini; a las autoridades de FAUBA, en particular a la secretaria de Desarrollo y Relaciones Institucionales, Dra. Carina \u00c1lvarez; y a la directora de IncUBAgro Mg. M\u00f3nica Franc\u00e9s. Caracteres: 4.431 Fuente y Foto: agro.uba.ar<\/p>\n<div class=\"pvc_clear\"><\/div><p id=\"pvc_stats_51889\" class=\"pvc_stats all  \" data-element-id=\"51889\" style=\"\"><i class=\"pvc-stats-icon small\" aria-hidden=\"true\"><svg aria-hidden=\"true\" focusable=\"false\" data-prefix=\"far\" data-icon=\"chart-bar\" role=\"img\" xmlns=\"http:\/\/www.w3.org\/2000\/svg\" viewBox=\"0 0 512 512\" class=\"svg-inline--fa fa-chart-bar fa-w-16 fa-2x\"><path fill=\"currentColor\" d=\"M396.8 352h22.4c6.4 0 12.8-6.4 12.8-12.8V108.8c0-6.4-6.4-12.8-12.8-12.8h-22.4c-6.4 0-12.8 6.4-12.8 12.8v230.4c0 6.4 6.4 12.8 12.8 12.8zm-192 0h22.4c6.4 0 12.8-6.4 12.8-12.8V140.8c0-6.4-6.4-12.8-12.8-12.8h-22.4c-6.4 0-12.8 6.4-12.8 12.8v198.4c0 6.4 6.4 12.8 12.8 12.8zm96 0h22.4c6.4 0 12.8-6.4 12.8-12.8V204.8c0-6.4-6.4-12.8-12.8-12.8h-22.4c-6.4 0-12.8 6.4-12.8 12.8v134.4c0 6.4 6.4 12.8 12.8 12.8zM496 400H48V80c0-8.84-7.16-16-16-16H16C7.16 64 0 71.16 0 80v336c0 17.67 14.33 32 32 32h464c8.84 0 16-7.16 16-16v-16c0-8.84-7.16-16-16-16zm-387.2-48h22.4c6.4 0 12.8-6.4 12.8-12.8v-70.4c0-6.4-6.4-12.8-12.8-12.8h-22.4c-6.4 0-12.8 6.4-12.8 12.8v70.4c0 6.4 6.4 12.8 12.8 12.8z\" class=\"\"><\/path><\/svg><\/i> <img loading=\"lazy\" decoding=\"async\" width=\"16\" height=\"16\" alt=\"Loading\" src=\"https:\/\/vocesdelacomuna15.com.ar\/wp-content\/plugins\/page-views-count\/ajax-loader-2x.gif\" border=0 \/><\/p><div class=\"pvc_clear\"><\/div>","protected":false},"excerpt":{"rendered":"<p>Investigadores de la FAUBA fabrican biocarb\u00f3n con ca\u00f1as de descarte de una especie de bamb\u00fa nativo de la Argentina para remover ars\u00e9nico del agua. El dispositivo se denomina Guaduar y, recientemente, recibi\u00f3 el primer premio del Bootcamp UBA Emprende. Fuente: agro.uba.ar Actualmente en la Argentina existen al menos 6,4 millones de personas que no tienen [&hellip;]<\/p>\n<div class=\"pvc_clear\"><\/div>\n<p id=\"pvc_stats_51889\" class=\"pvc_stats all  \" data-element-id=\"51889\" style=\"\"><i class=\"pvc-stats-icon small\" aria-hidden=\"true\"><svg aria-hidden=\"true\" focusable=\"false\" data-prefix=\"far\" data-icon=\"chart-bar\" role=\"img\" xmlns=\"http:\/\/www.w3.org\/2000\/svg\" viewBox=\"0 0 512 512\" class=\"svg-inline--fa fa-chart-bar fa-w-16 fa-2x\"><path fill=\"currentColor\" d=\"M396.8 352h22.4c6.4 0 12.8-6.4 12.8-12.8V108.8c0-6.4-6.4-12.8-12.8-12.8h-22.4c-6.4 0-12.8 6.4-12.8 12.8v230.4c0 6.4 6.4 12.8 12.8 12.8zm-192 0h22.4c6.4 0 12.8-6.4 12.8-12.8V140.8c0-6.4-6.4-12.8-12.8-12.8h-22.4c-6.4 0-12.8 6.4-12.8 12.8v198.4c0 6.4 6.4 12.8 12.8 12.8zm96 0h22.4c6.4 0 12.8-6.4 12.8-12.8V204.8c0-6.4-6.4-12.8-12.8-12.8h-22.4c-6.4 0-12.8 6.4-12.8 12.8v134.4c0 6.4 6.4 12.8 12.8 12.8zM496 400H48V80c0-8.84-7.16-16-16-16H16C7.16 64 0 71.16 0 80v336c0 17.67 14.33 32 32 32h464c8.84 0 16-7.16 16-16v-16c0-8.84-7.16-16-16-16zm-387.2-48h22.4c6.4 0 12.8-6.4 12.8-12.8v-70.4c0-6.4-6.4-12.8-12.8-12.8h-22.4c-6.4 0-12.8 6.4-12.8 12.8v70.4c0 6.4 6.4 12.8 12.8 12.8z\" class=\"\"><\/path><\/svg><\/i> <img loading=\"lazy\" decoding=\"async\" width=\"16\" height=\"16\" alt=\"Loading\" src=\"https:\/\/vocesdelacomuna15.com.ar\/wp-content\/plugins\/page-views-count\/ajax-loader-2x.gif\" border=0 \/><\/p>\n<div class=\"pvc_clear\"><\/div>\n","protected":false},"author":2,"featured_media":51890,"comment_status":"open","ping_status":"open","sticky":false,"template":"","format":"standard","meta":{"_et_pb_use_builder":"off","_et_pb_old_content":"","_et_gb_content_width":"","footnotes":""},"categories":[6,8],"tags":[],"class_list":["post-51889","post","type-post","status-publish","format-standard","has-post-thumbnail","hentry","category-agro","category-sociedad","et-has-post-format-content","et_post_format-et-post-format-standard"],"a3_pvc":{"activated":true,"total_views":228,"today_views":0},"yoast_head":"<!-- This site is optimized with the Yoast SEO plugin v27.5 - https:\/\/yoast.com\/product\/yoast-seo-wordpress\/ -->\n<title>Crean un dispositivo para remediar aguas contaminadas con ars\u00e9nico - Voces de la Comuna 15<\/title>\n<meta name=\"description\" content=\"Voces de la Comuna 15\" \/>\n<meta name=\"robots\" content=\"index, follow, max-snippet:-1, max-image-preview:large, max-video-preview:-1\" \/>\n<link rel=\"canonical\" href=\"https:\/\/vocesdelacomuna15.com.ar\/press\/crean-un-dispositivo-para-remediar-aguas-contaminadas-con-arsenico\/\" \/>\n<meta property=\"og:locale\" content=\"es_ES\" \/>\n<meta property=\"og:type\" content=\"article\" \/>\n<meta property=\"og:title\" content=\"Crean un dispositivo para remediar aguas contaminadas con ars\u00e9nico - Voces de la Comuna 15\" \/>\n<meta property=\"og:description\" content=\"Voces de la Comuna 15\" \/>\n<meta property=\"og:url\" content=\"https:\/\/vocesdelacomuna15.com.ar\/press\/crean-un-dispositivo-para-remediar-aguas-contaminadas-con-arsenico\/\" \/>\n<meta property=\"og:site_name\" content=\"Voces de la Comuna 15\" \/>\n<meta property=\"article:publisher\" content=\"https:\/\/www.facebook.com\/VocesComuna15\/\" \/>\n<meta property=\"article:published_time\" content=\"2019-12-16T11:00:06+00:00\" \/>\n<meta property=\"article:modified_time\" content=\"2020-05-02T13:12:37+00:00\" \/>\n<meta property=\"og:image\" content=\"https:\/\/vocesdelacomuna15.com.ar\/wp-content\/uploads\/2020\/05\/agro.uba_.ar-12122019.png\" \/>\n\t<meta property=\"og:image:width\" content=\"548\" \/>\n\t<meta property=\"og:image:height\" content=\"414\" \/>\n\t<meta property=\"og:image:type\" content=\"image\/png\" \/>\n<meta name=\"author\" content=\"Federico Arguto\" \/>\n<meta name=\"twitter:card\" content=\"summary_large_image\" \/>\n<meta name=\"twitter:creator\" content=\"@vocescomuna15\" \/>\n<meta name=\"twitter:site\" content=\"@vocescomuna15\" \/>\n<meta name=\"twitter:label1\" content=\"Escrito por\" \/>\n\t<meta name=\"twitter:data1\" content=\"Federico Arguto\" \/>\n\t<meta name=\"twitter:label2\" content=\"Tiempo de lectura\" \/>\n\t<meta name=\"twitter:data2\" content=\"4 minutos\" \/>\n<script type=\"application\/ld+json\" class=\"yoast-schema-graph\">{\"@context\":\"https:\\\/\\\/schema.org\",\"@graph\":[{\"@type\":\"Article\",\"@id\":\"https:\\\/\\\/vocesdelacomuna15.com.ar\\\/press\\\/crean-un-dispositivo-para-remediar-aguas-contaminadas-con-arsenico\\\/#article\",\"isPartOf\":{\"@id\":\"https:\\\/\\\/vocesdelacomuna15.com.ar\\\/press\\\/crean-un-dispositivo-para-remediar-aguas-contaminadas-con-arsenico\\\/\"},\"author\":{\"name\":\"Federico Arguto\",\"@id\":\"https:\\\/\\\/vocesdelacomuna15.com.ar\\\/press\\\/#\\\/schema\\\/person\\\/4739e109db25d799cd3d139eeb509e43\"},\"headline\":\"Crean un dispositivo para remediar aguas contaminadas con ars\u00e9nico\",\"datePublished\":\"2019-12-16T11:00:06+00:00\",\"dateModified\":\"2020-05-02T13:12:37+00:00\",\"mainEntityOfPage\":{\"@id\":\"https:\\\/\\\/vocesdelacomuna15.com.ar\\\/press\\\/crean-un-dispositivo-para-remediar-aguas-contaminadas-con-arsenico\\\/\"},\"wordCount\":813,\"commentCount\":0,\"publisher\":{\"@id\":\"https:\\\/\\\/vocesdelacomuna15.com.ar\\\/press\\\/#organization\"},\"image\":{\"@id\":\"https:\\\/\\\/vocesdelacomuna15.com.ar\\\/press\\\/crean-un-dispositivo-para-remediar-aguas-contaminadas-con-arsenico\\\/#primaryimage\"},\"thumbnailUrl\":\"https:\\\/\\\/vocesdelacomuna15.com.ar\\\/wp-content\\\/uploads\\\/2020\\\/05\\\/agro.uba_.ar-12122019.png\",\"articleSection\":[\"Agronom\u00eda\",\"Sociedad\"],\"inLanguage\":\"es-AR\",\"potentialAction\":[{\"@type\":\"CommentAction\",\"name\":\"Comment\",\"target\":[\"https:\\\/\\\/vocesdelacomuna15.com.ar\\\/press\\\/crean-un-dispositivo-para-remediar-aguas-contaminadas-con-arsenico\\\/#respond\"]}]},{\"@type\":\"WebPage\",\"@id\":\"https:\\\/\\\/vocesdelacomuna15.com.ar\\\/press\\\/crean-un-dispositivo-para-remediar-aguas-contaminadas-con-arsenico\\\/\",\"url\":\"https:\\\/\\\/vocesdelacomuna15.com.ar\\\/press\\\/crean-un-dispositivo-para-remediar-aguas-contaminadas-con-arsenico\\\/\",\"name\":\"Crean un dispositivo para remediar aguas contaminadas con ars\u00e9nico - Voces de la Comuna 15\",\"isPartOf\":{\"@id\":\"https:\\\/\\\/vocesdelacomuna15.com.ar\\\/press\\\/#website\"},\"primaryImageOfPage\":{\"@id\":\"https:\\\/\\\/vocesdelacomuna15.com.ar\\\/press\\\/crean-un-dispositivo-para-remediar-aguas-contaminadas-con-arsenico\\\/#primaryimage\"},\"image\":{\"@id\":\"https:\\\/\\\/vocesdelacomuna15.com.ar\\\/press\\\/crean-un-dispositivo-para-remediar-aguas-contaminadas-con-arsenico\\\/#primaryimage\"},\"thumbnailUrl\":\"https:\\\/\\\/vocesdelacomuna15.com.ar\\\/wp-content\\\/uploads\\\/2020\\\/05\\\/agro.uba_.ar-12122019.png\",\"datePublished\":\"2019-12-16T11:00:06+00:00\",\"dateModified\":\"2020-05-02T13:12:37+00:00\",\"description\":\"Voces de la Comuna 15\",\"breadcrumb\":{\"@id\":\"https:\\\/\\\/vocesdelacomuna15.com.ar\\\/press\\\/crean-un-dispositivo-para-remediar-aguas-contaminadas-con-arsenico\\\/#breadcrumb\"},\"inLanguage\":\"es-AR\",\"potentialAction\":[{\"@type\":\"ReadAction\",\"target\":[\"https:\\\/\\\/vocesdelacomuna15.com.ar\\\/press\\\/crean-un-dispositivo-para-remediar-aguas-contaminadas-con-arsenico\\\/\"]}]},{\"@type\":\"ImageObject\",\"inLanguage\":\"es-AR\",\"@id\":\"https:\\\/\\\/vocesdelacomuna15.com.ar\\\/press\\\/crean-un-dispositivo-para-remediar-aguas-contaminadas-con-arsenico\\\/#primaryimage\",\"url\":\"https:\\\/\\\/vocesdelacomuna15.com.ar\\\/wp-content\\\/uploads\\\/2020\\\/05\\\/agro.uba_.ar-12122019.png\",\"contentUrl\":\"https:\\\/\\\/vocesdelacomuna15.com.ar\\\/wp-content\\\/uploads\\\/2020\\\/05\\\/agro.uba_.ar-12122019.png\",\"width\":548,\"height\":414},{\"@type\":\"BreadcrumbList\",\"@id\":\"https:\\\/\\\/vocesdelacomuna15.com.ar\\\/press\\\/crean-un-dispositivo-para-remediar-aguas-contaminadas-con-arsenico\\\/#breadcrumb\",\"itemListElement\":[{\"@type\":\"ListItem\",\"position\":1,\"name\":\"Inicio\",\"item\":\"https:\\\/\\\/vocesdelacomuna15.com.ar\\\/press\\\/\"},{\"@type\":\"ListItem\",\"position\":2,\"name\":\"Crean un dispositivo para remediar aguas contaminadas con ars\u00e9nico\"}]},{\"@type\":\"WebSite\",\"@id\":\"https:\\\/\\\/vocesdelacomuna15.com.ar\\\/press\\\/#website\",\"url\":\"https:\\\/\\\/vocesdelacomuna15.com.ar\\\/press\\\/\",\"name\":\"Voces de la Comuna 15\",\"description\":\"Sitio web de noticias\",\"publisher\":{\"@id\":\"https:\\\/\\\/vocesdelacomuna15.com.ar\\\/press\\\/#organization\"},\"potentialAction\":[{\"@type\":\"SearchAction\",\"target\":{\"@type\":\"EntryPoint\",\"urlTemplate\":\"https:\\\/\\\/vocesdelacomuna15.com.ar\\\/press\\\/?s={search_term_string}\"},\"query-input\":{\"@type\":\"PropertyValueSpecification\",\"valueRequired\":true,\"valueName\":\"search_term_string\"}}],\"inLanguage\":\"es-AR\"},{\"@type\":\"Organization\",\"@id\":\"https:\\\/\\\/vocesdelacomuna15.com.ar\\\/press\\\/#organization\",\"name\":\"Voces de la Comuna 15\",\"url\":\"https:\\\/\\\/vocesdelacomuna15.com.ar\\\/press\\\/\",\"logo\":{\"@type\":\"ImageObject\",\"inLanguage\":\"es-AR\",\"@id\":\"https:\\\/\\\/vocesdelacomuna15.com.ar\\\/press\\\/#\\\/schema\\\/logo\\\/image\\\/\",\"url\":\"https:\\\/\\\/vocesdelacomuna15.com.ar\\\/wp-content\\\/uploads\\\/2024\\\/12\\\/cropped-logo_voces.jpg\",\"contentUrl\":\"https:\\\/\\\/vocesdelacomuna15.com.ar\\\/wp-content\\\/uploads\\\/2024\\\/12\\\/cropped-logo_voces.jpg\",\"width\":512,\"height\":512,\"caption\":\"Voces de la Comuna 15\"},\"image\":{\"@id\":\"https:\\\/\\\/vocesdelacomuna15.com.ar\\\/press\\\/#\\\/schema\\\/logo\\\/image\\\/\"},\"sameAs\":[\"https:\\\/\\\/www.facebook.com\\\/VocesComuna15\\\/\",\"https:\\\/\\\/x.com\\\/vocescomuna15\"]},{\"@type\":\"Person\",\"@id\":\"https:\\\/\\\/vocesdelacomuna15.com.ar\\\/press\\\/#\\\/schema\\\/person\\\/4739e109db25d799cd3d139eeb509e43\",\"name\":\"Federico Arguto\",\"image\":{\"@type\":\"ImageObject\",\"inLanguage\":\"es-AR\",\"@id\":\"https:\\\/\\\/vocesdelacomuna15.com.ar\\\/wp-content\\\/litespeed\\\/avatar\\\/82faf979976f1bae889b8b71f8a0a7e5.jpg?ver=1777419741\",\"url\":\"https:\\\/\\\/vocesdelacomuna15.com.ar\\\/wp-content\\\/litespeed\\\/avatar\\\/82faf979976f1bae889b8b71f8a0a7e5.jpg?ver=1777419741\",\"contentUrl\":\"https:\\\/\\\/vocesdelacomuna15.com.ar\\\/wp-content\\\/litespeed\\\/avatar\\\/82faf979976f1bae889b8b71f8a0a7e5.jpg?ver=1777419741\",\"caption\":\"Federico Arguto\"},\"url\":\"https:\\\/\\\/vocesdelacomuna15.com.ar\\\/press\\\/author\\\/fede\\\/\"}]}<\/script>\n<!-- \/ Yoast SEO plugin. -->","yoast_head_json":{"title":"Crean un dispositivo para remediar aguas contaminadas con ars\u00e9nico - Voces de la Comuna 15","description":"Voces de la Comuna 15","robots":{"index":"index","follow":"follow","max-snippet":"max-snippet:-1","max-image-preview":"max-image-preview:large","max-video-preview":"max-video-preview:-1"},"canonical":"https:\/\/vocesdelacomuna15.com.ar\/press\/crean-un-dispositivo-para-remediar-aguas-contaminadas-con-arsenico\/","og_locale":"es_ES","og_type":"article","og_title":"Crean un dispositivo para remediar aguas contaminadas con ars\u00e9nico - Voces de la Comuna 15","og_description":"Voces de la Comuna 15","og_url":"https:\/\/vocesdelacomuna15.com.ar\/press\/crean-un-dispositivo-para-remediar-aguas-contaminadas-con-arsenico\/","og_site_name":"Voces de la Comuna 15","article_publisher":"https:\/\/www.facebook.com\/VocesComuna15\/","article_published_time":"2019-12-16T11:00:06+00:00","article_modified_time":"2020-05-02T13:12:37+00:00","og_image":[{"width":548,"height":414,"url":"https:\/\/vocesdelacomuna15.com.ar\/wp-content\/uploads\/2020\/05\/agro.uba_.ar-12122019.png","type":"image\/png"}],"author":"Federico Arguto","twitter_card":"summary_large_image","twitter_creator":"@vocescomuna15","twitter_site":"@vocescomuna15","twitter_misc":{"Escrito por":"Federico Arguto","Tiempo de lectura":"4 minutos"},"schema":{"@context":"https:\/\/schema.org","@graph":[{"@type":"Article","@id":"https:\/\/vocesdelacomuna15.com.ar\/press\/crean-un-dispositivo-para-remediar-aguas-contaminadas-con-arsenico\/#article","isPartOf":{"@id":"https:\/\/vocesdelacomuna15.com.ar\/press\/crean-un-dispositivo-para-remediar-aguas-contaminadas-con-arsenico\/"},"author":{"name":"Federico Arguto","@id":"https:\/\/vocesdelacomuna15.com.ar\/press\/#\/schema\/person\/4739e109db25d799cd3d139eeb509e43"},"headline":"Crean un dispositivo para remediar aguas contaminadas con ars\u00e9nico","datePublished":"2019-12-16T11:00:06+00:00","dateModified":"2020-05-02T13:12:37+00:00","mainEntityOfPage":{"@id":"https:\/\/vocesdelacomuna15.com.ar\/press\/crean-un-dispositivo-para-remediar-aguas-contaminadas-con-arsenico\/"},"wordCount":813,"commentCount":0,"publisher":{"@id":"https:\/\/vocesdelacomuna15.com.ar\/press\/#organization"},"image":{"@id":"https:\/\/vocesdelacomuna15.com.ar\/press\/crean-un-dispositivo-para-remediar-aguas-contaminadas-con-arsenico\/#primaryimage"},"thumbnailUrl":"https:\/\/vocesdelacomuna15.com.ar\/wp-content\/uploads\/2020\/05\/agro.uba_.ar-12122019.png","articleSection":["Agronom\u00eda","Sociedad"],"inLanguage":"es-AR","potentialAction":[{"@type":"CommentAction","name":"Comment","target":["https:\/\/vocesdelacomuna15.com.ar\/press\/crean-un-dispositivo-para-remediar-aguas-contaminadas-con-arsenico\/#respond"]}]},{"@type":"WebPage","@id":"https:\/\/vocesdelacomuna15.com.ar\/press\/crean-un-dispositivo-para-remediar-aguas-contaminadas-con-arsenico\/","url":"https:\/\/vocesdelacomuna15.com.ar\/press\/crean-un-dispositivo-para-remediar-aguas-contaminadas-con-arsenico\/","name":"Crean un dispositivo para remediar aguas contaminadas con ars\u00e9nico - Voces de la Comuna 15","isPartOf":{"@id":"https:\/\/vocesdelacomuna15.com.ar\/press\/#website"},"primaryImageOfPage":{"@id":"https:\/\/vocesdelacomuna15.com.ar\/press\/crean-un-dispositivo-para-remediar-aguas-contaminadas-con-arsenico\/#primaryimage"},"image":{"@id":"https:\/\/vocesdelacomuna15.com.ar\/press\/crean-un-dispositivo-para-remediar-aguas-contaminadas-con-arsenico\/#primaryimage"},"thumbnailUrl":"https:\/\/vocesdelacomuna15.com.ar\/wp-content\/uploads\/2020\/05\/agro.uba_.ar-12122019.png","datePublished":"2019-12-16T11:00:06+00:00","dateModified":"2020-05-02T13:12:37+00:00","description":"Voces de la Comuna 15","breadcrumb":{"@id":"https:\/\/vocesdelacomuna15.com.ar\/press\/crean-un-dispositivo-para-remediar-aguas-contaminadas-con-arsenico\/#breadcrumb"},"inLanguage":"es-AR","potentialAction":[{"@type":"ReadAction","target":["https:\/\/vocesdelacomuna15.com.ar\/press\/crean-un-dispositivo-para-remediar-aguas-contaminadas-con-arsenico\/"]}]},{"@type":"ImageObject","inLanguage":"es-AR","@id":"https:\/\/vocesdelacomuna15.com.ar\/press\/crean-un-dispositivo-para-remediar-aguas-contaminadas-con-arsenico\/#primaryimage","url":"https:\/\/vocesdelacomuna15.com.ar\/wp-content\/uploads\/2020\/05\/agro.uba_.ar-12122019.png","contentUrl":"https:\/\/vocesdelacomuna15.com.ar\/wp-content\/uploads\/2020\/05\/agro.uba_.ar-12122019.png","width":548,"height":414},{"@type":"BreadcrumbList","@id":"https:\/\/vocesdelacomuna15.com.ar\/press\/crean-un-dispositivo-para-remediar-aguas-contaminadas-con-arsenico\/#breadcrumb","itemListElement":[{"@type":"ListItem","position":1,"name":"Inicio","item":"https:\/\/vocesdelacomuna15.com.ar\/press\/"},{"@type":"ListItem","position":2,"name":"Crean un dispositivo para remediar aguas contaminadas con ars\u00e9nico"}]},{"@type":"WebSite","@id":"https:\/\/vocesdelacomuna15.com.ar\/press\/#website","url":"https:\/\/vocesdelacomuna15.com.ar\/press\/","name":"Voces de la Comuna 15","description":"Sitio web de noticias","publisher":{"@id":"https:\/\/vocesdelacomuna15.com.ar\/press\/#organization"},"potentialAction":[{"@type":"SearchAction","target":{"@type":"EntryPoint","urlTemplate":"https:\/\/vocesdelacomuna15.com.ar\/press\/?s={search_term_string}"},"query-input":{"@type":"PropertyValueSpecification","valueRequired":true,"valueName":"search_term_string"}}],"inLanguage":"es-AR"},{"@type":"Organization","@id":"https:\/\/vocesdelacomuna15.com.ar\/press\/#organization","name":"Voces de la Comuna 15","url":"https:\/\/vocesdelacomuna15.com.ar\/press\/","logo":{"@type":"ImageObject","inLanguage":"es-AR","@id":"https:\/\/vocesdelacomuna15.com.ar\/press\/#\/schema\/logo\/image\/","url":"https:\/\/vocesdelacomuna15.com.ar\/wp-content\/uploads\/2024\/12\/cropped-logo_voces.jpg","contentUrl":"https:\/\/vocesdelacomuna15.com.ar\/wp-content\/uploads\/2024\/12\/cropped-logo_voces.jpg","width":512,"height":512,"caption":"Voces de la Comuna 15"},"image":{"@id":"https:\/\/vocesdelacomuna15.com.ar\/press\/#\/schema\/logo\/image\/"},"sameAs":["https:\/\/www.facebook.com\/VocesComuna15\/","https:\/\/x.com\/vocescomuna15"]},{"@type":"Person","@id":"https:\/\/vocesdelacomuna15.com.ar\/press\/#\/schema\/person\/4739e109db25d799cd3d139eeb509e43","name":"Federico Arguto","image":{"@type":"ImageObject","inLanguage":"es-AR","@id":"https:\/\/vocesdelacomuna15.com.ar\/wp-content\/litespeed\/avatar\/82faf979976f1bae889b8b71f8a0a7e5.jpg?ver=1777419741","url":"https:\/\/vocesdelacomuna15.com.ar\/wp-content\/litespeed\/avatar\/82faf979976f1bae889b8b71f8a0a7e5.jpg?ver=1777419741","contentUrl":"https:\/\/vocesdelacomuna15.com.ar\/wp-content\/litespeed\/avatar\/82faf979976f1bae889b8b71f8a0a7e5.jpg?ver=1777419741","caption":"Federico Arguto"},"url":"https:\/\/vocesdelacomuna15.com.ar\/press\/author\/fede\/"}]}},"_links":{"self":[{"href":"https:\/\/vocesdelacomuna15.com.ar\/press\/wp-json\/wp\/v2\/posts\/51889","targetHints":{"allow":["GET"]}}],"collection":[{"href":"https:\/\/vocesdelacomuna15.com.ar\/press\/wp-json\/wp\/v2\/posts"}],"about":[{"href":"https:\/\/vocesdelacomuna15.com.ar\/press\/wp-json\/wp\/v2\/types\/post"}],"author":[{"embeddable":true,"href":"https:\/\/vocesdelacomuna15.com.ar\/press\/wp-json\/wp\/v2\/users\/2"}],"replies":[{"embeddable":true,"href":"https:\/\/vocesdelacomuna15.com.ar\/press\/wp-json\/wp\/v2\/comments?post=51889"}],"version-history":[{"count":1,"href":"https:\/\/vocesdelacomuna15.com.ar\/press\/wp-json\/wp\/v2\/posts\/51889\/revisions"}],"predecessor-version":[{"id":51891,"href":"https:\/\/vocesdelacomuna15.com.ar\/press\/wp-json\/wp\/v2\/posts\/51889\/revisions\/51891"}],"wp:featuredmedia":[{"embeddable":true,"href":"https:\/\/vocesdelacomuna15.com.ar\/press\/wp-json\/wp\/v2\/media\/51890"}],"wp:attachment":[{"href":"https:\/\/vocesdelacomuna15.com.ar\/press\/wp-json\/wp\/v2\/media?parent=51889"}],"wp:term":[{"taxonomy":"category","embeddable":true,"href":"https:\/\/vocesdelacomuna15.com.ar\/press\/wp-json\/wp\/v2\/categories?post=51889"},{"taxonomy":"post_tag","embeddable":true,"href":"https:\/\/vocesdelacomuna15.com.ar\/press\/wp-json\/wp\/v2\/tags?post=51889"}],"curies":[{"name":"wp","href":"https:\/\/api.w.org\/{rel}","templated":true}]}}